{"id":149037,"date":"2020-12-01T18:21:57","date_gmt":"2020-12-01T18:21:57","guid":{"rendered":"http:\/\/candas365.es\/noticias\/?p=149037"},"modified":"2020-12-01T18:21:57","modified_gmt":"2020-12-01T18:21:57","slug":"schroder-triste-porque-coinciden-fechas-de-nba-y-seleccion","status":"publish","type":"post","link":"https:\/\/candas365.es\/noticias\/schroder-triste-porque-coinciden-fechas-de-nba-y-seleccion\/","title":{"rendered":"Schr\u00f6der \u00abtriste\u00bb porque coinciden fechas de NBA y selecci\u00f3n"},"content":{"rendered":"<figure id=\"attachment_149038\" aria-describedby=\"caption-attachment-149038\" style=\"width: 360px\" class=\"wp-caption alignleft\"><img fetchpriority=\"high\" decoding=\"async\" class=\"size-medium wp-image-149038\" src=\"https:\/\/candas365.es\/noticias\/wp-content\/uploads\/2020\/12\/Schroder-360x240.jpg\" alt=\"Schr\u00f6der\" width=\"360\" height=\"240\" srcset=\"https:\/\/candas365.es\/noticias\/wp-content\/uploads\/2020\/12\/Schroder-360x240.jpg 360w, https:\/\/candas365.es\/noticias\/wp-content\/uploads\/2020\/12\/Schroder-650x432.jpg 650w, https:\/\/candas365.es\/noticias\/wp-content\/uploads\/2020\/12\/Schroder-768x511.jpg 768w, https:\/\/candas365.es\/noticias\/wp-content\/uploads\/2020\/12\/Schroder.jpg 989w\" sizes=\"(max-width: 360px) 100vw, 360px\" \/><figcaption id=\"caption-attachment-149038\" class=\"wp-caption-text\">Foto: Swen Pf\u00f6rtner\/dpa<\/figcaption><\/figure>\n<p>Los \u00c1ngeles (EEUU), 1 dic (dpa) &#8211; Al internacional alem\u00e1n Dennis Schr\u00f6der le disgusta la perspectiva de no poder jugar con la selecci\u00f3n alemana de baloncesto el torneo clasificatorio para los Juegos Ol\u00edmpicos el pr\u00f3ximo verano boreal, seg\u00fan declar\u00f3 el lunes (hora local) en Los \u00c1ngeles.<\/p>\n<p>\u00abEs bastante duro. Todos los a\u00f1os trato de jugar en la selecci\u00f3n. Por el momento (las perspectivas) no parecen buenas. Espero que Adam Silver (comisionado de la NBA) y la FIBA (Federaci\u00f3n Internacional de Baloncesto) intenten hacer algo al respecto y yo pueda jugar\u00bb, indic\u00f3 el jugador de 27 a\u00f1os.<\/p>\n<p>\u00abPero por el momento no pinta bien. Estoy bastante triste por ello\u00bb, agreg\u00f3.<\/p>\n<p>Tras dos a\u00f1os con los Oklahoma City Thunder, Schr\u00f6der jugar\u00e1 ahora para los Los Angeles Lakers, que como actual campe\u00f3n de la liga estadounidense de baloncesto NBA se cuenta entre los candidatos al t\u00edtulo la pr\u00f3xima temporada, que comenzar\u00e1 el 22 de diciembre.<\/p>\n<p>Los playoffs de la NBA est\u00e1n programados para las semanas entre el 22 de mayo y el 22 de julio, mientras que del 29 de junio al 4 de julio tendr\u00e1 lugar en Split, Croacia, el torneo clasificatorio para las Olimpiadas.<\/p>\n<p>&nbsp;<\/p>\n","protected":false},"excerpt":{"rendered":"<p>Los \u00c1ngeles (EEUU), 1 dic (dpa) &#8211; Al internacional alem\u00e1n Dennis Schr\u00f6der le disgusta la perspectiva de no poder jugar con la selecci\u00f3n alemana de baloncesto el torneo clasificatorio para los Juegos Ol\u00edmpicos el pr\u00f3ximo verano boreal, seg\u00fan declar\u00f3 el lunes (hora local) en Los \u00c1ngeles. \u00abEs bastante duro. Todos los a\u00f1os trato de jugar<\/p>\n","protected":false},"author":1,"featured_media":149038,"comment_status":"closed","ping_status":"closed","sticky":false,"template":"","format":"standard","meta":{"footnotes":""},"categories":[319],"tags":[],"class_list":{"0":"post-149037","1":"post","2":"type-post","3":"status-publish","4":"format-standard","5":"has-post-thumbnail","7":"category-deporte"},"aioseo_notices":[],"aioseo_head":"\n\t\t<!-- All in One SEO Pro 4.9.6.2 - aioseo.com -->\n\t<meta name=\"description\" content=\"Schr\u00f6der jugar\u00e1 ahora para los Los Angeles Lakers, que como actual campe\u00f3n de la liga estadounidense de baloncesto NBA\" \/>\n\t<meta name=\"robots\" content=\"max-image-preview:large\" \/>\n\t<meta name=\"author\" content=\"Cand\u00e1s 365\"\/>\n\t<meta name=\"google-site-verification\" content=\"UA-32230408-1\" \/>\n\t<meta name=\"msvalidate.01\" content=\"354F3CDFB2DA171B47FBE9ABF1F88D5\" \/>\n\t<meta name=\"keywords\" content=\"deportes,nba,deporte\" \/>\n\t<link rel=\"canonical\" href=\"https:\/\/candas365.es\/noticias\/schroder-triste-porque-coinciden-fechas-de-nba-y-seleccion\/\" \/>\n\t<meta name=\"generator\" content=\"All in One SEO Pro (AIOSEO) 4.9.6.2\" \/>\n\t\t<meta property=\"og:locale\" content=\"es_ES\" \/>\n\t\t<meta property=\"og:site_name\" content=\"Cand\u00e1s 365\" \/>\n\t\t<meta property=\"og:type\" content=\"article\" \/>\n\t\t<meta property=\"og:title\" content=\"Schr\u00f6der \u00abtriste\u00bb porque coinciden fechas de NBA y selecci\u00f3n | Cand\u00e1s 365\" \/>\n\t\t<meta property=\"og:description\" content=\"Schr\u00f6der jugar\u00e1 ahora para los Los Angeles Lakers, que como actual campe\u00f3n de la liga estadounidense de baloncesto NBA\" \/>\n\t\t<meta property=\"og:url\" content=\"https:\/\/candas365.es\/noticias\/schroder-triste-porque-coinciden-fechas-de-nba-y-seleccion\/\" \/>\n\t\t<meta property=\"og:image\" content=\"https:\/\/candas365.es\/noticias\/wp-content\/uploads\/2020\/12\/Schroder.jpg\" \/>\n\t\t<meta property=\"og:image:secure_url\" content=\"https:\/\/candas365.es\/noticias\/wp-content\/uploads\/2020\/12\/Schroder.jpg\" \/>\n\t\t<meta property=\"og:image:width\" content=\"989\" \/>\n\t\t<meta property=\"og:image:height\" content=\"658\" \/>\n\t\t<meta property=\"article:published_time\" content=\"2020-12-01T18:21:57+00:00\" \/>\n\t\t<meta property=\"article:modified_time\" content=\"2020-12-01T18:21:57+00:00\" \/>\n\t\t<meta property=\"article:publisher\" content=\"https:\/\/www.facebook.com\/Nachofdezber\" \/>\n\t\t<meta property=\"article:author\" content=\"https:\/\/www.facebook.com\/carrenoactualidad\" \/>\n\t\t<meta name=\"twitter:card\" content=\"summary_large_image\" \/>\n\t\t<meta name=\"twitter:site\" content=\"@NabercoDigital\" \/>\n\t\t<meta name=\"twitter:title\" content=\"Schr\u00f6der \u00abtriste\u00bb porque coinciden fechas de NBA y selecci\u00f3n | Cand\u00e1s 365\" \/>\n\t\t<meta name=\"twitter:description\" content=\"Schr\u00f6der jugar\u00e1 ahora para los Los Angeles Lakers, que como actual campe\u00f3n de la liga estadounidense de baloncesto NBA\" \/>\n\t\t<meta name=\"twitter:creator\" content=\"@nbasturias\" \/>\n\t\t<meta name=\"twitter:image\" content=\"https:\/\/candas365.es\/noticias\/wp-content\/uploads\/2020\/12\/Schroder.jpg\" \/>\n\t\t<meta name=\"twitter:label1\" content=\"Escrito por\" \/>\n\t\t<meta name=\"twitter:data1\" content=\"Cand\u00e1s 365\" \/>\n\t\t<meta name=\"twitter:label2\" content=\"Tiempo de lectura estimado\" \/>\n\t\t<meta name=\"twitter:data2\" content=\"1 minuto\" \/>\n\t\t<script type=\"application\/ld+json\" class=\"aioseo-schema\">\n\t\t\t{\"@context\":\"https:\\\/\\\/schema.org\",\"@graph\":[{\"@type\":\"BreadcrumbList\",\"@id\":\"https:\\\/\\\/candas365.es\\\/noticias\\\/schroder-triste-porque-coinciden-fechas-de-nba-y-seleccion\\\/#breadcrumblist\",\"itemListElement\":[{\"@type\":\"ListItem\",\"@id\":\"https:\\\/\\\/candas365.es\\\/noticias#listItem\",\"position\":1,\"name\":\"Home\",\"item\":\"https:\\\/\\\/candas365.es\\\/noticias\",\"nextItem\":{\"@type\":\"ListItem\",\"@id\":\"https:\\\/\\\/candas365.es\\\/noticias\\\/category\\\/deporte\\\/#listItem\",\"name\":\"Deporte\"}},{\"@type\":\"ListItem\",\"@id\":\"https:\\\/\\\/candas365.es\\\/noticias\\\/category\\\/deporte\\\/#listItem\",\"position\":2,\"name\":\"Deporte\",\"item\":\"https:\\\/\\\/candas365.es\\\/noticias\\\/category\\\/deporte\\\/\",\"nextItem\":{\"@type\":\"ListItem\",\"@id\":\"https:\\\/\\\/candas365.es\\\/noticias\\\/schroder-triste-porque-coinciden-fechas-de-nba-y-seleccion\\\/#listItem\",\"name\":\"Schr\\u00f6der \\u00abtriste\\u00bb porque coinciden fechas de NBA y selecci\\u00f3n\"},\"previousItem\":{\"@type\":\"ListItem\",\"@id\":\"https:\\\/\\\/candas365.es\\\/noticias#listItem\",\"name\":\"Home\"}},{\"@type\":\"ListItem\",\"@id\":\"https:\\\/\\\/candas365.es\\\/noticias\\\/schroder-triste-porque-coinciden-fechas-de-nba-y-seleccion\\\/#listItem\",\"position\":3,\"name\":\"Schr\\u00f6der \\u00abtriste\\u00bb porque coinciden fechas de NBA y selecci\\u00f3n\",\"previousItem\":{\"@type\":\"ListItem\",\"@id\":\"https:\\\/\\\/candas365.es\\\/noticias\\\/category\\\/deporte\\\/#listItem\",\"name\":\"Deporte\"}}]},{\"@type\":\"NewsArticle\",\"@id\":\"https:\\\/\\\/candas365.es\\\/noticias\\\/schroder-triste-porque-coinciden-fechas-de-nba-y-seleccion\\\/#newsarticle\",\"name\":\"Schr\\u00f6der \\u00abtriste\\u00bb porque coinciden fechas de NBA y selecci\\u00f3n | Cand\\u00e1s 365\",\"headline\":\"Schr\\u00f6der \\u00abtriste\\u00bb porque coinciden fechas de NBA y selecci\\u00f3n\",\"author\":{\"@id\":\"https:\\\/\\\/candas365.es\\\/noticias\\\/author\\\/admin\\\/#author\"},\"publisher\":{\"@id\":\"https:\\\/\\\/candas365.es\\\/noticias\\\/#organization\"},\"image\":{\"@type\":\"ImageObject\",\"url\":\"https:\\\/\\\/candas365.es\\\/noticias\\\/wp-content\\\/uploads\\\/2020\\\/12\\\/Schroder.jpg\",\"width\":989,\"height\":658,\"caption\":\"Foto: Swen Pf\\u00f6rtner\\\/dpa\"},\"datePublished\":\"2020-12-01T18:21:57+01:00\",\"dateModified\":\"2020-12-01T18:21:57+01:00\",\"inLanguage\":\"es-ES\",\"mainEntityOfPage\":{\"@id\":\"https:\\\/\\\/candas365.es\\\/noticias\\\/schroder-triste-porque-coinciden-fechas-de-nba-y-seleccion\\\/#webpage\"},\"isPartOf\":{\"@id\":\"https:\\\/\\\/candas365.es\\\/noticias\\\/schroder-triste-porque-coinciden-fechas-de-nba-y-seleccion\\\/#webpage\"},\"articleSection\":\"Deporte\",\"dateline\":\"Publicado el diciembre 1, 2020.\"},{\"@type\":\"Organization\",\"@id\":\"https:\\\/\\\/candas365.es\\\/noticias\\\/#organization\",\"name\":\"Cand\\u00e1s 365\",\"description\":\"Cand\\u00e1s 365 es un diario digital independiente, fundado en 2012, con base en Asturias. Informamos con rigor sobre actualidad, sociedad, cultura y ocio, con una mirada local y global.\",\"url\":\"https:\\\/\\\/candas365.es\\\/noticias\\\/\",\"email\":\"info@candas365.es\",\"telephone\":\"+34652131393\",\"foundingDate\":\"2012-06-10\",\"logo\":{\"@type\":\"ImageObject\",\"url\":\"https:\\\/\\\/candas365.es\\\/noticias\\\/wp-content\\\/uploads\\\/2024\\\/09\\\/Candas-365-Redes.jpg\",\"@id\":\"https:\\\/\\\/candas365.es\\\/noticias\\\/schroder-triste-porque-coinciden-fechas-de-nba-y-seleccion\\\/#organizationLogo\",\"width\":1152,\"height\":864,\"caption\":\"Cand\\u00e1s 365 Redes\"},\"image\":{\"@id\":\"https:\\\/\\\/candas365.es\\\/noticias\\\/schroder-triste-porque-coinciden-fechas-de-nba-y-seleccion\\\/#organizationLogo\"},\"sameAs\":[\"https:\\\/\\\/www.facebook.com\\\/Nachofdezber\",\"https:\\\/\\\/x.com\\\/NabercoDigital\",\"https:\\\/\\\/www.instagram.com\\\/nachofdezber\\\/\",\"https:\\\/\\\/www.youtube.com\\\/channel\\\/UCZP-2wLEB9Rv6erhFmqVnvg\"],\"address\":{\"@id\":\"https:\\\/\\\/candas365.es\\\/noticias\\\/#postaladdress\",\"@type\":\"PostalAddress\",\"streetAddress\":\"san antonio 4, san antonio 4\",\"postalCode\":\"33430\",\"addressLocality\":\"Cand\\u00e1s\",\"addressRegion\":\"Asturias\",\"addressCountry\":\"ES\"}},{\"@type\":\"Person\",\"@id\":\"https:\\\/\\\/candas365.es\\\/noticias\\\/author\\\/admin\\\/#author\",\"url\":\"https:\\\/\\\/candas365.es\\\/noticias\\\/author\\\/admin\\\/\",\"name\":\"Cand\\u00e1s 365\",\"image\":{\"@type\":\"ImageObject\",\"@id\":\"https:\\\/\\\/candas365.es\\\/noticias\\\/schroder-triste-porque-coinciden-fechas-de-nba-y-seleccion\\\/#authorImage\",\"url\":\"https:\\\/\\\/secure.gravatar.com\\\/avatar\\\/496a8e03d0c493ede1718b7934145dbdf8d89be1036b0eec9544e1094c9de390?s=96&d=mm&r=g\",\"width\":96,\"height\":96,\"caption\":\"Cand\\u00e1s 365\"},\"sameAs\":[\"https:\\\/\\\/www.facebook.com\\\/carrenoactualidad\",\"https:\\\/\\\/twitter.com\\\/nbasturias\",\"https:\\\/\\\/www.instagram.com\\\/nachofdezber\\\/\",\"https:\\\/\\\/www.youtube.com\\\/channel\\\/UCZP-2wLEB9Rv6erhFmqVnvg\"]},{\"@type\":\"WebPage\",\"@id\":\"https:\\\/\\\/candas365.es\\\/noticias\\\/schroder-triste-porque-coinciden-fechas-de-nba-y-seleccion\\\/#webpage\",\"url\":\"https:\\\/\\\/candas365.es\\\/noticias\\\/schroder-triste-porque-coinciden-fechas-de-nba-y-seleccion\\\/\",\"name\":\"Schr\\u00f6der \\u00abtriste\\u00bb porque coinciden fechas de NBA y selecci\\u00f3n | Cand\\u00e1s 365\",\"description\":\"Schr\\u00f6der jugar\\u00e1 ahora para los Los Angeles Lakers, que como actual campe\\u00f3n de la liga estadounidense de baloncesto NBA\",\"inLanguage\":\"es-ES\",\"isPartOf\":{\"@id\":\"https:\\\/\\\/candas365.es\\\/noticias\\\/#website\"},\"breadcrumb\":{\"@id\":\"https:\\\/\\\/candas365.es\\\/noticias\\\/schroder-triste-porque-coinciden-fechas-de-nba-y-seleccion\\\/#breadcrumblist\"},\"author\":{\"@id\":\"https:\\\/\\\/candas365.es\\\/noticias\\\/author\\\/admin\\\/#author\"},\"creator\":{\"@id\":\"https:\\\/\\\/candas365.es\\\/noticias\\\/author\\\/admin\\\/#author\"},\"image\":{\"@type\":\"ImageObject\",\"url\":\"https:\\\/\\\/candas365.es\\\/noticias\\\/wp-content\\\/uploads\\\/2020\\\/12\\\/Schroder.jpg\",\"@id\":\"https:\\\/\\\/candas365.es\\\/noticias\\\/schroder-triste-porque-coinciden-fechas-de-nba-y-seleccion\\\/#mainImage\",\"width\":989,\"height\":658,\"caption\":\"Foto: Swen Pf\\u00f6rtner\\\/dpa\"},\"primaryImageOfPage\":{\"@id\":\"https:\\\/\\\/candas365.es\\\/noticias\\\/schroder-triste-porque-coinciden-fechas-de-nba-y-seleccion\\\/#mainImage\"},\"datePublished\":\"2020-12-01T18:21:57+01:00\",\"dateModified\":\"2020-12-01T18:21:57+01:00\"},{\"@type\":\"WebSite\",\"@id\":\"https:\\\/\\\/candas365.es\\\/noticias\\\/#website\",\"url\":\"https:\\\/\\\/candas365.es\\\/noticias\\\/\",\"name\":\"Cand\\u00e1s 365\",\"alternateName\":\"Cand\\u00e1s 365 Noticias\",\"description\":\"Actualidad desde Carre\\u00f1o para el mundo\",\"inLanguage\":\"es-ES\",\"publisher\":{\"@id\":\"https:\\\/\\\/candas365.es\\\/noticias\\\/#organization\"}}]}\n\t\t<\/script>\n\t\t<!-- All in One SEO Pro -->\r\n\t\t<title>Schr\u00f6der \u00abtriste\u00bb porque coinciden fechas de NBA y selecci\u00f3n | Cand\u00e1s 365<\/title>\n\n","aioseo_head_json":{"title":"Schr\u00f6der \u00abtriste\u00bb porque coinciden fechas de NBA y selecci\u00f3n | Cand\u00e1s 365","description":"Schr\u00f6der jugar\u00e1 ahora para los Los Angeles Lakers, que como actual campe\u00f3n de la liga estadounidense de baloncesto NBA","canonical_url":"https:\/\/candas365.es\/noticias\/schroder-triste-porque-coinciden-fechas-de-nba-y-seleccion\/","robots":"max-image-preview:large","keywords":"deportes,nba,deporte","webmasterTools":{"google-site-verification":"UA-32230408-1","msvalidate.01":"354F3CDFB2DA171B47FBE9ABF1F88D5","miscellaneous":""},"schema":{"@context":"https:\/\/schema.org","@graph":[{"@type":"BreadcrumbList","@id":"https:\/\/candas365.es\/noticias\/schroder-triste-porque-coinciden-fechas-de-nba-y-seleccion\/#breadcrumblist","itemListElement":[{"@type":"ListItem","@id":"https:\/\/candas365.es\/noticias#listItem","position":1,"name":"Home","item":"https:\/\/candas365.es\/noticias","nextItem":{"@type":"ListItem","@id":"https:\/\/candas365.es\/noticias\/category\/deporte\/#listItem","name":"Deporte"}},{"@type":"ListItem","@id":"https:\/\/candas365.es\/noticias\/category\/deporte\/#listItem","position":2,"name":"Deporte","item":"https:\/\/candas365.es\/noticias\/category\/deporte\/","nextItem":{"@type":"ListItem","@id":"https:\/\/candas365.es\/noticias\/schroder-triste-porque-coinciden-fechas-de-nba-y-seleccion\/#listItem","name":"Schr\u00f6der \u00abtriste\u00bb porque coinciden fechas de NBA y selecci\u00f3n"},"previousItem":{"@type":"ListItem","@id":"https:\/\/candas365.es\/noticias#listItem","name":"Home"}},{"@type":"ListItem","@id":"https:\/\/candas365.es\/noticias\/schroder-triste-porque-coinciden-fechas-de-nba-y-seleccion\/#listItem","position":3,"name":"Schr\u00f6der \u00abtriste\u00bb porque coinciden fechas de NBA y selecci\u00f3n","previousItem":{"@type":"ListItem","@id":"https:\/\/candas365.es\/noticias\/category\/deporte\/#listItem","name":"Deporte"}}]},{"@type":"NewsArticle","@id":"https:\/\/candas365.es\/noticias\/schroder-triste-porque-coinciden-fechas-de-nba-y-seleccion\/#newsarticle","name":"Schr\u00f6der \u00abtriste\u00bb porque coinciden fechas de NBA y selecci\u00f3n | Cand\u00e1s 365","headline":"Schr\u00f6der \u00abtriste\u00bb porque coinciden fechas de NBA y selecci\u00f3n","author":{"@id":"https:\/\/candas365.es\/noticias\/author\/admin\/#author"},"publisher":{"@id":"https:\/\/candas365.es\/noticias\/#organization"},"image":{"@type":"ImageObject","url":"https:\/\/candas365.es\/noticias\/wp-content\/uploads\/2020\/12\/Schroder.jpg","width":989,"height":658,"caption":"Foto: Swen Pf\u00f6rtner\/dpa"},"datePublished":"2020-12-01T18:21:57+01:00","dateModified":"2020-12-01T18:21:57+01:00","inLanguage":"es-ES","mainEntityOfPage":{"@id":"https:\/\/candas365.es\/noticias\/schroder-triste-porque-coinciden-fechas-de-nba-y-seleccion\/#webpage"},"isPartOf":{"@id":"https:\/\/candas365.es\/noticias\/schroder-triste-porque-coinciden-fechas-de-nba-y-seleccion\/#webpage"},"articleSection":"Deporte","dateline":"Publicado el diciembre 1, 2020."},{"@type":"Organization","@id":"https:\/\/candas365.es\/noticias\/#organization","name":"Cand\u00e1s 365","description":"Cand\u00e1s 365 es un diario digital independiente, fundado en 2012, con base en Asturias. Informamos con rigor sobre actualidad, sociedad, cultura y ocio, con una mirada local y global.","url":"https:\/\/candas365.es\/noticias\/","email":"info@candas365.es","telephone":"+34652131393","foundingDate":"2012-06-10","logo":{"@type":"ImageObject","url":"https:\/\/candas365.es\/noticias\/wp-content\/uploads\/2024\/09\/Candas-365-Redes.jpg","@id":"https:\/\/candas365.es\/noticias\/schroder-triste-porque-coinciden-fechas-de-nba-y-seleccion\/#organizationLogo","width":1152,"height":864,"caption":"Cand\u00e1s 365 Redes"},"image":{"@id":"https:\/\/candas365.es\/noticias\/schroder-triste-porque-coinciden-fechas-de-nba-y-seleccion\/#organizationLogo"},"sameAs":["https:\/\/www.facebook.com\/Nachofdezber","https:\/\/x.com\/NabercoDigital","https:\/\/www.instagram.com\/nachofdezber\/","https:\/\/www.youtube.com\/channel\/UCZP-2wLEB9Rv6erhFmqVnvg"],"address":{"@id":"https:\/\/candas365.es\/noticias\/#postaladdress","@type":"PostalAddress","streetAddress":"san antonio 4, san antonio 4","postalCode":"33430","addressLocality":"Cand\u00e1s","addressRegion":"Asturias","addressCountry":"ES"}},{"@type":"Person","@id":"https:\/\/candas365.es\/noticias\/author\/admin\/#author","url":"https:\/\/candas365.es\/noticias\/author\/admin\/","name":"Cand\u00e1s 365","image":{"@type":"ImageObject","@id":"https:\/\/candas365.es\/noticias\/schroder-triste-porque-coinciden-fechas-de-nba-y-seleccion\/#authorImage","url":"https:\/\/secure.gravatar.com\/avatar\/496a8e03d0c493ede1718b7934145dbdf8d89be1036b0eec9544e1094c9de390?s=96&d=mm&r=g","width":96,"height":96,"caption":"Cand\u00e1s 365"},"sameAs":["https:\/\/www.facebook.com\/carrenoactualidad","https:\/\/twitter.com\/nbasturias","https:\/\/www.instagram.com\/nachofdezber\/","https:\/\/www.youtube.com\/channel\/UCZP-2wLEB9Rv6erhFmqVnvg"]},{"@type":"WebPage","@id":"https:\/\/candas365.es\/noticias\/schroder-triste-porque-coinciden-fechas-de-nba-y-seleccion\/#webpage","url":"https:\/\/candas365.es\/noticias\/schroder-triste-porque-coinciden-fechas-de-nba-y-seleccion\/","name":"Schr\u00f6der \u00abtriste\u00bb porque coinciden fechas de NBA y selecci\u00f3n | Cand\u00e1s 365","description":"Schr\u00f6der jugar\u00e1 ahora para los Los Angeles Lakers, que como actual campe\u00f3n de la liga estadounidense de baloncesto NBA","inLanguage":"es-ES","isPartOf":{"@id":"https:\/\/candas365.es\/noticias\/#website"},"breadcrumb":{"@id":"https:\/\/candas365.es\/noticias\/schroder-triste-porque-coinciden-fechas-de-nba-y-seleccion\/#breadcrumblist"},"author":{"@id":"https:\/\/candas365.es\/noticias\/author\/admin\/#author"},"creator":{"@id":"https:\/\/candas365.es\/noticias\/author\/admin\/#author"},"image":{"@type":"ImageObject","url":"https:\/\/candas365.es\/noticias\/wp-content\/uploads\/2020\/12\/Schroder.jpg","@id":"https:\/\/candas365.es\/noticias\/schroder-triste-porque-coinciden-fechas-de-nba-y-seleccion\/#mainImage","width":989,"height":658,"caption":"Foto: Swen Pf\u00f6rtner\/dpa"},"primaryImageOfPage":{"@id":"https:\/\/candas365.es\/noticias\/schroder-triste-porque-coinciden-fechas-de-nba-y-seleccion\/#mainImage"},"datePublished":"2020-12-01T18:21:57+01:00","dateModified":"2020-12-01T18:21:57+01:00"},{"@type":"WebSite","@id":"https:\/\/candas365.es\/noticias\/#website","url":"https:\/\/candas365.es\/noticias\/","name":"Cand\u00e1s 365","alternateName":"Cand\u00e1s 365 Noticias","description":"Actualidad desde Carre\u00f1o para el mundo","inLanguage":"es-ES","publisher":{"@id":"https:\/\/candas365.es\/noticias\/#organization"}}]},"og:locale":"es_ES","og:site_name":"Cand\u00e1s 365","og:type":"article","og:title":"Schr\u00f6der \u00abtriste\u00bb porque coinciden fechas de NBA y selecci\u00f3n | Cand\u00e1s 365","og:description":"Schr\u00f6der jugar\u00e1 ahora para los Los Angeles Lakers, que como actual campe\u00f3n de la liga estadounidense de baloncesto NBA","og:url":"https:\/\/candas365.es\/noticias\/schroder-triste-porque-coinciden-fechas-de-nba-y-seleccion\/","og:image":"https:\/\/candas365.es\/noticias\/wp-content\/uploads\/2020\/12\/Schroder.jpg","og:image:secure_url":"https:\/\/candas365.es\/noticias\/wp-content\/uploads\/2020\/12\/Schroder.jpg","og:image:width":989,"og:image:height":658,"article:published_time":"2020-12-01T18:21:57+00:00","article:modified_time":"2020-12-01T18:21:57+00:00","article:publisher":"https:\/\/www.facebook.com\/Nachofdezber","article:author":"https:\/\/www.facebook.com\/carrenoactualidad","twitter:card":"summary_large_image","twitter:site":"@NabercoDigital","twitter:title":"Schr\u00f6der \u00abtriste\u00bb porque coinciden fechas de NBA y selecci\u00f3n | Cand\u00e1s 365","twitter:description":"Schr\u00f6der jugar\u00e1 ahora para los Los Angeles Lakers, que como actual campe\u00f3n de la liga estadounidense de baloncesto NBA","twitter:creator":"@nbasturias","twitter:image":"https:\/\/candas365.es\/noticias\/wp-content\/uploads\/2020\/12\/Schroder.jpg","twitter:label1":"Escrito por","twitter:data1":"Cand\u00e1s 365","twitter:label2":"Tiempo de lectura estimado","twitter:data2":"1 minuto"},"aioseo_meta_data":{"post_id":"149037","title":null,"description":"Schr\u00f6der jugar\u00e1 ahora para los Los Angeles Lakers, que como actual campe\u00f3n de la liga estadounidense de baloncesto NBA","keywords":[{"label":"Deportes","value":"Deportes"},{"label":"NBA","value":"NBA"}],"keyphrases":null,"primary_term":null,"canonical_url":"","og_title":null,"og_description":null,"og_object_type":"default","og_image_type":"default","og_image_url":null,"og_image_width":null,"og_image_height":null,"og_image_custom_url":null,"og_image_custom_fields":null,"og_video":null,"og_custom_url":null,"og_article_section":null,"og_article_tags":null,"twitter_use_og":false,"twitter_card":"default","twitter_image_type":"default","twitter_image_url":null,"twitter_image_custom_url":null,"twitter_image_custom_fields":null,"twitter_title":null,"twitter_description":null,"schema":{"blockGraphs":[],"customGraphs":[],"default":{"data":{"Article":[],"Course":[],"Dataset":[],"FAQPage":[],"Movie":[],"Person":[],"Product":[],"ProductReview":[],"Car":[],"Recipe":[],"Service":[],"SoftwareApplication":[],"WebPage":[]},"graphName":"","isEnabled":true},"graphs":[],"defaultGraph":"","defaultPostTypeGraph":""},"schema_type":null,"schema_type_options":null,"pillar_content":false,"robots_default":true,"robots_noindex":false,"robots_noarchive":false,"robots_nosnippet":false,"robots_nofollow":false,"robots_noimageindex":false,"robots_noodp":false,"robots_notranslate":false,"robots_max_snippet":null,"robots_max_videopreview":null,"robots_max_imagepreview":"large","priority":null,"frequency":null,"location":null,"local_seo":null,"seo_analyzer_scan_date":"2025-08-31 14:20:15","breadcrumb_settings":null,"limit_modified_date":false,"reviewed_by":null,"open_ai":null,"ai":null,"created":"2020-12-21 10:38:03","updated":"2025-08-31 14:20:15"},"aioseo_breadcrumb":"<div class=\"aioseo-breadcrumbs\"><span class=\"aioseo-breadcrumb\">\n\t<a href=\"https:\/\/candas365.es\/noticias\" title=\"Home\">Home<\/a>\n<\/span><span class=\"aioseo-breadcrumb-separator\">&ndash;<\/span><span class=\"aioseo-breadcrumb\">\n\t<a href=\"https:\/\/candas365.es\/noticias\/category\/deporte\/\" title=\"Deporte\">Deporte<\/a>\n<\/span><span class=\"aioseo-breadcrumb-separator\">&ndash;<\/span><span class=\"aioseo-breadcrumb\">\n\tSchr\u00f6der \u00abtriste\u00bb porque coinciden fechas de NBA y selecci\u00f3n\n<\/span><\/div>","aioseo_breadcrumb_json":[{"label":"Home","link":"https:\/\/candas365.es\/noticias"},{"label":"Deporte","link":"https:\/\/candas365.es\/noticias\/category\/deporte\/"},{"label":"Schr\u00f6der \u00abtriste\u00bb porque coinciden fechas de NBA y selecci\u00f3n","link":"https:\/\/candas365.es\/noticias\/schroder-triste-porque-coinciden-fechas-de-nba-y-seleccion\/"}],"_links":{"self":[{"href":"https:\/\/candas365.es\/noticias\/wp-json\/wp\/v2\/posts\/149037","targetHints":{"allow":["GET"]}}],"collection":[{"href":"https:\/\/candas365.es\/noticias\/wp-json\/wp\/v2\/posts"}],"about":[{"href":"https:\/\/candas365.es\/noticias\/wp-json\/wp\/v2\/types\/post"}],"author":[{"embeddable":true,"href":"https:\/\/candas365.es\/noticias\/wp-json\/wp\/v2\/users\/1"}],"replies":[{"embeddable":true,"href":"https:\/\/candas365.es\/noticias\/wp-json\/wp\/v2\/comments?post=149037"}],"version-history":[{"count":0,"href":"https:\/\/candas365.es\/noticias\/wp-json\/wp\/v2\/posts\/149037\/revisions"}],"wp:featuredmedia":[{"embeddable":true,"href":"https:\/\/candas365.es\/noticias\/wp-json\/wp\/v2\/media\/149038"}],"wp:attachment":[{"href":"https:\/\/candas365.es\/noticias\/wp-json\/wp\/v2\/media?parent=149037"}],"wp:term":[{"taxonomy":"category","embeddable":true,"href":"https:\/\/candas365.es\/noticias\/wp-json\/wp\/v2\/categories?post=149037"},{"taxonomy":"post_tag","embeddable":true,"href":"https:\/\/candas365.es\/noticias\/wp-json\/wp\/v2\/tags?post=149037"}],"curies":[{"name":"wp","href":"https:\/\/api.w.org\/{rel}","templated":true}]}}