{"id":149030,"date":"2020-12-01T17:45:10","date_gmt":"2020-12-01T17:45:10","guid":{"rendered":"http:\/\/candas365.es\/noticias\/?p=149030"},"modified":"2020-12-01T17:45:10","modified_gmt":"2020-12-01T17:45:10","slug":"alemania-paga-317-millones-por-el-cierre-anticipado-de-plantas-de-carbon","status":"publish","type":"post","link":"https:\/\/candas365.es\/noticias\/alemania-paga-317-millones-por-el-cierre-anticipado-de-plantas-de-carbon\/","title":{"rendered":"Alemania paga 317 millones por el cierre anticipado de plantas de carb\u00f3n"},"content":{"rendered":"<figure id=\"attachment_149031\" aria-describedby=\"caption-attachment-149031\" style=\"width: 360px\" class=\"wp-caption alignleft\"><img fetchpriority=\"high\" decoding=\"async\" class=\"size-medium wp-image-149031\" src=\"https:\/\/candas365.es\/noticias\/wp-content\/uploads\/2020\/12\/carbon-360x224.jpg\" alt=\"\" width=\"360\" height=\"224\" srcset=\"https:\/\/candas365.es\/noticias\/wp-content\/uploads\/2020\/12\/carbon-360x224.jpg 360w, https:\/\/candas365.es\/noticias\/wp-content\/uploads\/2020\/12\/carbon-650x404.jpg 650w, https:\/\/candas365.es\/noticias\/wp-content\/uploads\/2020\/12\/carbon-768x477.jpg 768w, https:\/\/candas365.es\/noticias\/wp-content\/uploads\/2020\/12\/carbon.jpg 1059w\" sizes=\"(max-width: 360px) 100vw, 360px\" \/><figcaption id=\"caption-attachment-149031\" class=\"wp-caption-text\">Foto: Julian Stratenschulte\/dpa<\/figcaption><\/figure>\n<p>Berl\u00edn, 1 dic (dpa) \u2013 El Gobierno alem\u00e1n pagar\u00e1 a las compa\u00f1\u00edas proveedoras de electricidad generada a partir de carb\u00f3n 317 millones de euros (379,6 millones de d\u00f3lares) por el cierre anticipado de plantas, inform\u00f3 hoy la autoridad reguladora de energ\u00eda de Alemania (Bundesnetzagentur).<\/p>\n<p>La cifra corresponde al desmantelamiento de 11 centrales el\u00e9ctricas cuyos operadores dejar\u00e1n de vender energ\u00eda generada a partir de carb\u00f3n el uno de enero de 2021.<\/p>\n<p>Alemania prev\u00e9 dejar de abastecerse de carb\u00f3n en 2038 como parte de los esfuerzos del Gobierno para combatir el cambio clim\u00e1tico.<br \/>\nActualmente, esta sustancia f\u00f3sil cubre alrededor de un tercio de las necesidades energ\u00e9ticas del pa\u00eds.<\/p>\n<p>En concreto, RWE, el principal proveedor de energ\u00eda de Alemania recibir\u00e1 compensaci\u00f3n por el desmantelamiento de dos centrales el\u00e9ctricas de carb\u00f3n en el estado occidental de Renania del Norte-Westfalia.<\/p>\n<p>Por su parte, la empresa energ\u00e9tica sueca Vattenfall, actor importante en el mercado energ\u00e9tico alem\u00e1n, tambi\u00e9n ser\u00e1 compensada por el desmantelamiento de su planta en Hamburgo.<\/p>\n<p>Previamente hab\u00edan sido negociadas fechas de cierre y cantidades de compensaci\u00f3n con los operadores de lignito RWE y Leag.<\/p>\n<p>A esta primera ronda de solicitud de primas por compensaci\u00f3n de cierre anticipado de plantas seguir\u00e1n otras.<\/p>\n<p>En el caso de la hulla, sector en el que participan varios operadores, las empresas deben pasar por un proceso de licitaci\u00f3n en el que el Gobierno concede compensaciones a aquellas que piden la menor cantidad por tonelada de di\u00f3xido de carbono producida.<\/p>\n","protected":false},"excerpt":{"rendered":"<p>Berl\u00edn, 1 dic (dpa) \u2013 El Gobierno alem\u00e1n pagar\u00e1 a las compa\u00f1\u00edas proveedoras de electricidad generada a partir de carb\u00f3n 317 millones de euros (379,6 millones de d\u00f3lares) por el cierre anticipado de plantas, inform\u00f3 hoy la autoridad reguladora de energ\u00eda de Alemania (Bundesnetzagentur). La cifra corresponde al desmantelamiento de 11 centrales el\u00e9ctricas cuyos operadores<\/p>\n","protected":false},"author":1,"featured_media":149031,"comment_status":"closed","ping_status":"closed","sticky":false,"template":"","format":"standard","meta":{"footnotes":""},"categories":[343],"tags":[],"class_list":{"0":"post-149030","1":"post","2":"type-post","3":"status-publish","4":"format-standard","5":"has-post-thumbnail","7":"category-actualidad"},"aioseo_notices":[],"aioseo_head":"\n\t\t<!-- All in One SEO Pro 4.9.6.2 - aioseo.com -->\n\t<meta name=\"description\" content=\"El Gobierno alem\u00e1n pagar\u00e1 a las compa\u00f1\u00edas proveedoras de electricidad generada a partir de carb\u00f3n 317 millones de euros\" \/>\n\t<meta name=\"robots\" content=\"max-image-preview:large\" \/>\n\t<meta name=\"author\" content=\"Cand\u00e1s 365\"\/>\n\t<meta name=\"google-site-verification\" content=\"UA-32230408-1\" \/>\n\t<meta name=\"msvalidate.01\" content=\"354F3CDFB2DA171B47FBE9ABF1F88D5\" \/>\n\t<meta name=\"keywords\" content=\"energ\u00eda,recursos naturales,medio ambiente,actualidad\" \/>\n\t<link rel=\"canonical\" href=\"https:\/\/candas365.es\/noticias\/alemania-paga-317-millones-por-el-cierre-anticipado-de-plantas-de-carbon\/\" \/>\n\t<meta name=\"generator\" content=\"All in One SEO Pro (AIOSEO) 4.9.6.2\" \/>\n\t\t<meta property=\"og:locale\" content=\"es_ES\" \/>\n\t\t<meta property=\"og:site_name\" content=\"Cand\u00e1s 365\" \/>\n\t\t<meta property=\"og:type\" content=\"article\" \/>\n\t\t<meta property=\"og:title\" content=\"Alemania paga 317 millones por el cierre anticipado de plantas de carb\u00f3n | Cand\u00e1s 365\" \/>\n\t\t<meta property=\"og:description\" content=\"El Gobierno alem\u00e1n pagar\u00e1 a las compa\u00f1\u00edas proveedoras de electricidad generada a partir de carb\u00f3n 317 millones de euros\" \/>\n\t\t<meta property=\"og:url\" content=\"https:\/\/candas365.es\/noticias\/alemania-paga-317-millones-por-el-cierre-anticipado-de-plantas-de-carbon\/\" \/>\n\t\t<meta property=\"og:image\" content=\"https:\/\/candas365.es\/noticias\/wp-content\/uploads\/2020\/12\/carbon.jpg\" \/>\n\t\t<meta property=\"og:image:secure_url\" content=\"https:\/\/candas365.es\/noticias\/wp-content\/uploads\/2020\/12\/carbon.jpg\" \/>\n\t\t<meta property=\"og:image:width\" content=\"1059\" \/>\n\t\t<meta property=\"og:image:height\" content=\"658\" \/>\n\t\t<meta property=\"article:published_time\" content=\"2020-12-01T17:45:10+00:00\" \/>\n\t\t<meta property=\"article:modified_time\" content=\"2020-12-01T17:45:10+00:00\" \/>\n\t\t<meta property=\"article:publisher\" content=\"https:\/\/www.facebook.com\/Nachofdezber\" \/>\n\t\t<meta property=\"article:author\" content=\"https:\/\/www.facebook.com\/carrenoactualidad\" \/>\n\t\t<meta name=\"twitter:card\" content=\"summary_large_image\" \/>\n\t\t<meta name=\"twitter:site\" content=\"@NabercoDigital\" \/>\n\t\t<meta name=\"twitter:title\" content=\"Alemania paga 317 millones por el cierre anticipado de plantas de carb\u00f3n | Cand\u00e1s 365\" \/>\n\t\t<meta name=\"twitter:description\" content=\"El Gobierno alem\u00e1n pagar\u00e1 a las compa\u00f1\u00edas proveedoras de electricidad generada a partir de carb\u00f3n 317 millones de euros\" \/>\n\t\t<meta name=\"twitter:creator\" content=\"@nbasturias\" \/>\n\t\t<meta name=\"twitter:image\" content=\"https:\/\/candas365.es\/noticias\/wp-content\/uploads\/2020\/12\/carbon.jpg\" \/>\n\t\t<meta name=\"twitter:label1\" content=\"Escrito por\" \/>\n\t\t<meta name=\"twitter:data1\" content=\"Cand\u00e1s 365\" \/>\n\t\t<meta name=\"twitter:label2\" content=\"Tiempo de lectura estimado\" \/>\n\t\t<meta name=\"twitter:data2\" content=\"1 minuto\" \/>\n\t\t<script type=\"application\/ld+json\" class=\"aioseo-schema\">\n\t\t\t{\"@context\":\"https:\\\/\\\/schema.org\",\"@graph\":[{\"@type\":\"BreadcrumbList\",\"@id\":\"https:\\\/\\\/candas365.es\\\/noticias\\\/alemania-paga-317-millones-por-el-cierre-anticipado-de-plantas-de-carbon\\\/#breadcrumblist\",\"itemListElement\":[{\"@type\":\"ListItem\",\"@id\":\"https:\\\/\\\/candas365.es\\\/noticias#listItem\",\"position\":1,\"name\":\"Home\",\"item\":\"https:\\\/\\\/candas365.es\\\/noticias\",\"nextItem\":{\"@type\":\"ListItem\",\"@id\":\"https:\\\/\\\/candas365.es\\\/noticias\\\/category\\\/actualidad\\\/#listItem\",\"name\":\"Actualidad\"}},{\"@type\":\"ListItem\",\"@id\":\"https:\\\/\\\/candas365.es\\\/noticias\\\/category\\\/actualidad\\\/#listItem\",\"position\":2,\"name\":\"Actualidad\",\"item\":\"https:\\\/\\\/candas365.es\\\/noticias\\\/category\\\/actualidad\\\/\",\"nextItem\":{\"@type\":\"ListItem\",\"@id\":\"https:\\\/\\\/candas365.es\\\/noticias\\\/alemania-paga-317-millones-por-el-cierre-anticipado-de-plantas-de-carbon\\\/#listItem\",\"name\":\"Alemania paga 317 millones por el cierre anticipado de plantas de carb\\u00f3n\"},\"previousItem\":{\"@type\":\"ListItem\",\"@id\":\"https:\\\/\\\/candas365.es\\\/noticias#listItem\",\"name\":\"Home\"}},{\"@type\":\"ListItem\",\"@id\":\"https:\\\/\\\/candas365.es\\\/noticias\\\/alemania-paga-317-millones-por-el-cierre-anticipado-de-plantas-de-carbon\\\/#listItem\",\"position\":3,\"name\":\"Alemania paga 317 millones por el cierre anticipado de plantas de carb\\u00f3n\",\"previousItem\":{\"@type\":\"ListItem\",\"@id\":\"https:\\\/\\\/candas365.es\\\/noticias\\\/category\\\/actualidad\\\/#listItem\",\"name\":\"Actualidad\"}}]},{\"@type\":\"NewsArticle\",\"@id\":\"https:\\\/\\\/candas365.es\\\/noticias\\\/alemania-paga-317-millones-por-el-cierre-anticipado-de-plantas-de-carbon\\\/#newsarticle\",\"name\":\"Alemania paga 317 millones por el cierre anticipado de plantas de carb\\u00f3n | Cand\\u00e1s 365\",\"headline\":\"Alemania paga 317 millones por el cierre anticipado de plantas de carb\\u00f3n\",\"author\":{\"@id\":\"https:\\\/\\\/candas365.es\\\/noticias\\\/author\\\/admin\\\/#author\"},\"publisher\":{\"@id\":\"https:\\\/\\\/candas365.es\\\/noticias\\\/#organization\"},\"image\":{\"@type\":\"ImageObject\",\"url\":\"https:\\\/\\\/candas365.es\\\/noticias\\\/wp-content\\\/uploads\\\/2020\\\/12\\\/carbon.jpg\",\"width\":1059,\"height\":658,\"caption\":\"Foto: Julian Stratenschulte\\\/dpa\"},\"datePublished\":\"2020-12-01T17:45:10+01:00\",\"dateModified\":\"2020-12-01T17:45:10+01:00\",\"inLanguage\":\"es-ES\",\"mainEntityOfPage\":{\"@id\":\"https:\\\/\\\/candas365.es\\\/noticias\\\/alemania-paga-317-millones-por-el-cierre-anticipado-de-plantas-de-carbon\\\/#webpage\"},\"isPartOf\":{\"@id\":\"https:\\\/\\\/candas365.es\\\/noticias\\\/alemania-paga-317-millones-por-el-cierre-anticipado-de-plantas-de-carbon\\\/#webpage\"},\"articleSection\":\"Actualidad\",\"dateline\":\"Publicado el diciembre 1, 2020.\"},{\"@type\":\"Organization\",\"@id\":\"https:\\\/\\\/candas365.es\\\/noticias\\\/#organization\",\"name\":\"Cand\\u00e1s 365\",\"description\":\"Cand\\u00e1s 365 es un diario digital independiente, fundado en 2012, con base en Asturias. Informamos con rigor sobre actualidad, sociedad, cultura y ocio, con una mirada local y global.\",\"url\":\"https:\\\/\\\/candas365.es\\\/noticias\\\/\",\"email\":\"info@candas365.es\",\"telephone\":\"+34652131393\",\"foundingDate\":\"2012-06-10\",\"logo\":{\"@type\":\"ImageObject\",\"url\":\"https:\\\/\\\/candas365.es\\\/noticias\\\/wp-content\\\/uploads\\\/2024\\\/09\\\/Candas-365-Redes.jpg\",\"@id\":\"https:\\\/\\\/candas365.es\\\/noticias\\\/alemania-paga-317-millones-por-el-cierre-anticipado-de-plantas-de-carbon\\\/#organizationLogo\",\"width\":1152,\"height\":864,\"caption\":\"Cand\\u00e1s 365 Redes\"},\"image\":{\"@id\":\"https:\\\/\\\/candas365.es\\\/noticias\\\/alemania-paga-317-millones-por-el-cierre-anticipado-de-plantas-de-carbon\\\/#organizationLogo\"},\"sameAs\":[\"https:\\\/\\\/www.facebook.com\\\/Nachofdezber\",\"https:\\\/\\\/x.com\\\/NabercoDigital\",\"https:\\\/\\\/www.instagram.com\\\/nachofdezber\\\/\",\"https:\\\/\\\/www.youtube.com\\\/channel\\\/UCZP-2wLEB9Rv6erhFmqVnvg\"],\"address\":{\"@id\":\"https:\\\/\\\/candas365.es\\\/noticias\\\/#postaladdress\",\"@type\":\"PostalAddress\",\"streetAddress\":\"san antonio 4, san antonio 4\",\"postalCode\":\"33430\",\"addressLocality\":\"Cand\\u00e1s\",\"addressRegion\":\"Asturias\",\"addressCountry\":\"ES\"}},{\"@type\":\"Person\",\"@id\":\"https:\\\/\\\/candas365.es\\\/noticias\\\/author\\\/admin\\\/#author\",\"url\":\"https:\\\/\\\/candas365.es\\\/noticias\\\/author\\\/admin\\\/\",\"name\":\"Cand\\u00e1s 365\",\"image\":{\"@type\":\"ImageObject\",\"@id\":\"https:\\\/\\\/candas365.es\\\/noticias\\\/alemania-paga-317-millones-por-el-cierre-anticipado-de-plantas-de-carbon\\\/#authorImage\",\"url\":\"https:\\\/\\\/secure.gravatar.com\\\/avatar\\\/496a8e03d0c493ede1718b7934145dbdf8d89be1036b0eec9544e1094c9de390?s=96&d=mm&r=g\",\"width\":96,\"height\":96,\"caption\":\"Cand\\u00e1s 365\"},\"sameAs\":[\"https:\\\/\\\/www.facebook.com\\\/carrenoactualidad\",\"https:\\\/\\\/twitter.com\\\/nbasturias\",\"https:\\\/\\\/www.instagram.com\\\/nachofdezber\\\/\",\"https:\\\/\\\/www.youtube.com\\\/channel\\\/UCZP-2wLEB9Rv6erhFmqVnvg\"]},{\"@type\":\"WebPage\",\"@id\":\"https:\\\/\\\/candas365.es\\\/noticias\\\/alemania-paga-317-millones-por-el-cierre-anticipado-de-plantas-de-carbon\\\/#webpage\",\"url\":\"https:\\\/\\\/candas365.es\\\/noticias\\\/alemania-paga-317-millones-por-el-cierre-anticipado-de-plantas-de-carbon\\\/\",\"name\":\"Alemania paga 317 millones por el cierre anticipado de plantas de carb\\u00f3n | Cand\\u00e1s 365\",\"description\":\"El Gobierno alem\\u00e1n pagar\\u00e1 a las compa\\u00f1\\u00edas proveedoras de electricidad generada a partir de carb\\u00f3n 317 millones de euros\",\"inLanguage\":\"es-ES\",\"isPartOf\":{\"@id\":\"https:\\\/\\\/candas365.es\\\/noticias\\\/#website\"},\"breadcrumb\":{\"@id\":\"https:\\\/\\\/candas365.es\\\/noticias\\\/alemania-paga-317-millones-por-el-cierre-anticipado-de-plantas-de-carbon\\\/#breadcrumblist\"},\"author\":{\"@id\":\"https:\\\/\\\/candas365.es\\\/noticias\\\/author\\\/admin\\\/#author\"},\"creator\":{\"@id\":\"https:\\\/\\\/candas365.es\\\/noticias\\\/author\\\/admin\\\/#author\"},\"image\":{\"@type\":\"ImageObject\",\"url\":\"https:\\\/\\\/candas365.es\\\/noticias\\\/wp-content\\\/uploads\\\/2020\\\/12\\\/carbon.jpg\",\"@id\":\"https:\\\/\\\/candas365.es\\\/noticias\\\/alemania-paga-317-millones-por-el-cierre-anticipado-de-plantas-de-carbon\\\/#mainImage\",\"width\":1059,\"height\":658,\"caption\":\"Foto: Julian Stratenschulte\\\/dpa\"},\"primaryImageOfPage\":{\"@id\":\"https:\\\/\\\/candas365.es\\\/noticias\\\/alemania-paga-317-millones-por-el-cierre-anticipado-de-plantas-de-carbon\\\/#mainImage\"},\"datePublished\":\"2020-12-01T17:45:10+01:00\",\"dateModified\":\"2020-12-01T17:45:10+01:00\"},{\"@type\":\"WebSite\",\"@id\":\"https:\\\/\\\/candas365.es\\\/noticias\\\/#website\",\"url\":\"https:\\\/\\\/candas365.es\\\/noticias\\\/\",\"name\":\"Cand\\u00e1s 365\",\"alternateName\":\"Cand\\u00e1s 365 Noticias\",\"description\":\"Actualidad desde Carre\\u00f1o para el mundo\",\"inLanguage\":\"es-ES\",\"publisher\":{\"@id\":\"https:\\\/\\\/candas365.es\\\/noticias\\\/#organization\"}}]}\n\t\t<\/script>\n\t\t<!-- All in One SEO Pro -->\r\n\t\t<title>Alemania paga 317 millones por el cierre anticipado de plantas de carb\u00f3n | Cand\u00e1s 365<\/title>\n\n","aioseo_head_json":{"title":"Alemania paga 317 millones por el cierre anticipado de plantas de carb\u00f3n | Cand\u00e1s 365","description":"El Gobierno alem\u00e1n pagar\u00e1 a las compa\u00f1\u00edas proveedoras de electricidad generada a partir de carb\u00f3n 317 millones de euros","canonical_url":"https:\/\/candas365.es\/noticias\/alemania-paga-317-millones-por-el-cierre-anticipado-de-plantas-de-carbon\/","robots":"max-image-preview:large","keywords":"energ\u00eda,recursos naturales,medio ambiente,actualidad","webmasterTools":{"google-site-verification":"UA-32230408-1","msvalidate.01":"354F3CDFB2DA171B47FBE9ABF1F88D5","miscellaneous":""},"schema":{"@context":"https:\/\/schema.org","@graph":[{"@type":"BreadcrumbList","@id":"https:\/\/candas365.es\/noticias\/alemania-paga-317-millones-por-el-cierre-anticipado-de-plantas-de-carbon\/#breadcrumblist","itemListElement":[{"@type":"ListItem","@id":"https:\/\/candas365.es\/noticias#listItem","position":1,"name":"Home","item":"https:\/\/candas365.es\/noticias","nextItem":{"@type":"ListItem","@id":"https:\/\/candas365.es\/noticias\/category\/actualidad\/#listItem","name":"Actualidad"}},{"@type":"ListItem","@id":"https:\/\/candas365.es\/noticias\/category\/actualidad\/#listItem","position":2,"name":"Actualidad","item":"https:\/\/candas365.es\/noticias\/category\/actualidad\/","nextItem":{"@type":"ListItem","@id":"https:\/\/candas365.es\/noticias\/alemania-paga-317-millones-por-el-cierre-anticipado-de-plantas-de-carbon\/#listItem","name":"Alemania paga 317 millones por el cierre anticipado de plantas de carb\u00f3n"},"previousItem":{"@type":"ListItem","@id":"https:\/\/candas365.es\/noticias#listItem","name":"Home"}},{"@type":"ListItem","@id":"https:\/\/candas365.es\/noticias\/alemania-paga-317-millones-por-el-cierre-anticipado-de-plantas-de-carbon\/#listItem","position":3,"name":"Alemania paga 317 millones por el cierre anticipado de plantas de carb\u00f3n","previousItem":{"@type":"ListItem","@id":"https:\/\/candas365.es\/noticias\/category\/actualidad\/#listItem","name":"Actualidad"}}]},{"@type":"NewsArticle","@id":"https:\/\/candas365.es\/noticias\/alemania-paga-317-millones-por-el-cierre-anticipado-de-plantas-de-carbon\/#newsarticle","name":"Alemania paga 317 millones por el cierre anticipado de plantas de carb\u00f3n | Cand\u00e1s 365","headline":"Alemania paga 317 millones por el cierre anticipado de plantas de carb\u00f3n","author":{"@id":"https:\/\/candas365.es\/noticias\/author\/admin\/#author"},"publisher":{"@id":"https:\/\/candas365.es\/noticias\/#organization"},"image":{"@type":"ImageObject","url":"https:\/\/candas365.es\/noticias\/wp-content\/uploads\/2020\/12\/carbon.jpg","width":1059,"height":658,"caption":"Foto: Julian Stratenschulte\/dpa"},"datePublished":"2020-12-01T17:45:10+01:00","dateModified":"2020-12-01T17:45:10+01:00","inLanguage":"es-ES","mainEntityOfPage":{"@id":"https:\/\/candas365.es\/noticias\/alemania-paga-317-millones-por-el-cierre-anticipado-de-plantas-de-carbon\/#webpage"},"isPartOf":{"@id":"https:\/\/candas365.es\/noticias\/alemania-paga-317-millones-por-el-cierre-anticipado-de-plantas-de-carbon\/#webpage"},"articleSection":"Actualidad","dateline":"Publicado el diciembre 1, 2020."},{"@type":"Organization","@id":"https:\/\/candas365.es\/noticias\/#organization","name":"Cand\u00e1s 365","description":"Cand\u00e1s 365 es un diario digital independiente, fundado en 2012, con base en Asturias. Informamos con rigor sobre actualidad, sociedad, cultura y ocio, con una mirada local y global.","url":"https:\/\/candas365.es\/noticias\/","email":"info@candas365.es","telephone":"+34652131393","foundingDate":"2012-06-10","logo":{"@type":"ImageObject","url":"https:\/\/candas365.es\/noticias\/wp-content\/uploads\/2024\/09\/Candas-365-Redes.jpg","@id":"https:\/\/candas365.es\/noticias\/alemania-paga-317-millones-por-el-cierre-anticipado-de-plantas-de-carbon\/#organizationLogo","width":1152,"height":864,"caption":"Cand\u00e1s 365 Redes"},"image":{"@id":"https:\/\/candas365.es\/noticias\/alemania-paga-317-millones-por-el-cierre-anticipado-de-plantas-de-carbon\/#organizationLogo"},"sameAs":["https:\/\/www.facebook.com\/Nachofdezber","https:\/\/x.com\/NabercoDigital","https:\/\/www.instagram.com\/nachofdezber\/","https:\/\/www.youtube.com\/channel\/UCZP-2wLEB9Rv6erhFmqVnvg"],"address":{"@id":"https:\/\/candas365.es\/noticias\/#postaladdress","@type":"PostalAddress","streetAddress":"san antonio 4, san antonio 4","postalCode":"33430","addressLocality":"Cand\u00e1s","addressRegion":"Asturias","addressCountry":"ES"}},{"@type":"Person","@id":"https:\/\/candas365.es\/noticias\/author\/admin\/#author","url":"https:\/\/candas365.es\/noticias\/author\/admin\/","name":"Cand\u00e1s 365","image":{"@type":"ImageObject","@id":"https:\/\/candas365.es\/noticias\/alemania-paga-317-millones-por-el-cierre-anticipado-de-plantas-de-carbon\/#authorImage","url":"https:\/\/secure.gravatar.com\/avatar\/496a8e03d0c493ede1718b7934145dbdf8d89be1036b0eec9544e1094c9de390?s=96&d=mm&r=g","width":96,"height":96,"caption":"Cand\u00e1s 365"},"sameAs":["https:\/\/www.facebook.com\/carrenoactualidad","https:\/\/twitter.com\/nbasturias","https:\/\/www.instagram.com\/nachofdezber\/","https:\/\/www.youtube.com\/channel\/UCZP-2wLEB9Rv6erhFmqVnvg"]},{"@type":"WebPage","@id":"https:\/\/candas365.es\/noticias\/alemania-paga-317-millones-por-el-cierre-anticipado-de-plantas-de-carbon\/#webpage","url":"https:\/\/candas365.es\/noticias\/alemania-paga-317-millones-por-el-cierre-anticipado-de-plantas-de-carbon\/","name":"Alemania paga 317 millones por el cierre anticipado de plantas de carb\u00f3n | Cand\u00e1s 365","description":"El Gobierno alem\u00e1n pagar\u00e1 a las compa\u00f1\u00edas proveedoras de electricidad generada a partir de carb\u00f3n 317 millones de euros","inLanguage":"es-ES","isPartOf":{"@id":"https:\/\/candas365.es\/noticias\/#website"},"breadcrumb":{"@id":"https:\/\/candas365.es\/noticias\/alemania-paga-317-millones-por-el-cierre-anticipado-de-plantas-de-carbon\/#breadcrumblist"},"author":{"@id":"https:\/\/candas365.es\/noticias\/author\/admin\/#author"},"creator":{"@id":"https:\/\/candas365.es\/noticias\/author\/admin\/#author"},"image":{"@type":"ImageObject","url":"https:\/\/candas365.es\/noticias\/wp-content\/uploads\/2020\/12\/carbon.jpg","@id":"https:\/\/candas365.es\/noticias\/alemania-paga-317-millones-por-el-cierre-anticipado-de-plantas-de-carbon\/#mainImage","width":1059,"height":658,"caption":"Foto: Julian Stratenschulte\/dpa"},"primaryImageOfPage":{"@id":"https:\/\/candas365.es\/noticias\/alemania-paga-317-millones-por-el-cierre-anticipado-de-plantas-de-carbon\/#mainImage"},"datePublished":"2020-12-01T17:45:10+01:00","dateModified":"2020-12-01T17:45:10+01:00"},{"@type":"WebSite","@id":"https:\/\/candas365.es\/noticias\/#website","url":"https:\/\/candas365.es\/noticias\/","name":"Cand\u00e1s 365","alternateName":"Cand\u00e1s 365 Noticias","description":"Actualidad desde Carre\u00f1o para el mundo","inLanguage":"es-ES","publisher":{"@id":"https:\/\/candas365.es\/noticias\/#organization"}}]},"og:locale":"es_ES","og:site_name":"Cand\u00e1s 365","og:type":"article","og:title":"Alemania paga 317 millones por el cierre anticipado de plantas de carb\u00f3n | Cand\u00e1s 365","og:description":"El Gobierno alem\u00e1n pagar\u00e1 a las compa\u00f1\u00edas proveedoras de electricidad generada a partir de carb\u00f3n 317 millones de euros","og:url":"https:\/\/candas365.es\/noticias\/alemania-paga-317-millones-por-el-cierre-anticipado-de-plantas-de-carbon\/","og:image":"https:\/\/candas365.es\/noticias\/wp-content\/uploads\/2020\/12\/carbon.jpg","og:image:secure_url":"https:\/\/candas365.es\/noticias\/wp-content\/uploads\/2020\/12\/carbon.jpg","og:image:width":1059,"og:image:height":658,"article:published_time":"2020-12-01T17:45:10+00:00","article:modified_time":"2020-12-01T17:45:10+00:00","article:publisher":"https:\/\/www.facebook.com\/Nachofdezber","article:author":"https:\/\/www.facebook.com\/carrenoactualidad","twitter:card":"summary_large_image","twitter:site":"@NabercoDigital","twitter:title":"Alemania paga 317 millones por el cierre anticipado de plantas de carb\u00f3n | Cand\u00e1s 365","twitter:description":"El Gobierno alem\u00e1n pagar\u00e1 a las compa\u00f1\u00edas proveedoras de electricidad generada a partir de carb\u00f3n 317 millones de euros","twitter:creator":"@nbasturias","twitter:image":"https:\/\/candas365.es\/noticias\/wp-content\/uploads\/2020\/12\/carbon.jpg","twitter:label1":"Escrito por","twitter:data1":"Cand\u00e1s 365","twitter:label2":"Tiempo de lectura estimado","twitter:data2":"1 minuto"},"aioseo_meta_data":{"post_id":"149030","title":"Alemania paga 317 millones por el cierre anticipado de plantas de carb\u00f3n | #site_title","description":"El Gobierno alem\u00e1n pagar\u00e1 a las compa\u00f1\u00edas proveedoras de electricidad generada a partir de carb\u00f3n 317 millones de euros","keywords":[{"label":"Energ\u00eda","value":"Energ\u00eda"},{"label":"recursos naturales","value":"recursos naturales"},{"label":"Medio ambiente","value":"Medio ambiente"}],"keyphrases":null,"primary_term":null,"canonical_url":"","og_title":null,"og_description":null,"og_object_type":"default","og_image_type":"default","og_image_url":null,"og_image_width":null,"og_image_height":null,"og_image_custom_url":null,"og_image_custom_fields":null,"og_video":null,"og_custom_url":null,"og_article_section":null,"og_article_tags":null,"twitter_use_og":false,"twitter_card":"default","twitter_image_type":"default","twitter_image_url":null,"twitter_image_custom_url":null,"twitter_image_custom_fields":null,"twitter_title":null,"twitter_description":null,"schema":{"blockGraphs":[],"customGraphs":[],"default":{"data":{"Article":[],"Course":[],"Dataset":[],"FAQPage":[],"Movie":[],"Person":[],"Product":[],"ProductReview":[],"Car":[],"Recipe":[],"Service":[],"SoftwareApplication":[],"WebPage":[]},"graphName":"","isEnabled":true},"graphs":[],"defaultGraph":"","defaultPostTypeGraph":""},"schema_type":null,"schema_type_options":null,"pillar_content":false,"robots_default":true,"robots_noindex":false,"robots_noarchive":false,"robots_nosnippet":false,"robots_nofollow":false,"robots_noimageindex":false,"robots_noodp":false,"robots_notranslate":false,"robots_max_snippet":null,"robots_max_videopreview":null,"robots_max_imagepreview":"large","priority":null,"frequency":null,"location":null,"local_seo":null,"seo_analyzer_scan_date":"2025-08-31 14:20:12","breadcrumb_settings":null,"limit_modified_date":false,"reviewed_by":null,"open_ai":null,"ai":null,"created":"2020-12-21 10:38:03","updated":"2025-08-31 14:20:12"},"aioseo_breadcrumb":"<div class=\"aioseo-breadcrumbs\"><span class=\"aioseo-breadcrumb\">\n\t<a href=\"https:\/\/candas365.es\/noticias\" title=\"Home\">Home<\/a>\n<\/span><span class=\"aioseo-breadcrumb-separator\">&ndash;<\/span><span class=\"aioseo-breadcrumb\">\n\t<a href=\"https:\/\/candas365.es\/noticias\/category\/actualidad\/\" title=\"Actualidad\">Actualidad<\/a>\n<\/span><span class=\"aioseo-breadcrumb-separator\">&ndash;<\/span><span class=\"aioseo-breadcrumb\">\n\tAlemania paga 317 millones por el cierre anticipado de plantas de carb\u00f3n\n<\/span><\/div>","aioseo_breadcrumb_json":[{"label":"Home","link":"https:\/\/candas365.es\/noticias"},{"label":"Actualidad","link":"https:\/\/candas365.es\/noticias\/category\/actualidad\/"},{"label":"Alemania paga 317 millones por el cierre anticipado de plantas de carb\u00f3n","link":"https:\/\/candas365.es\/noticias\/alemania-paga-317-millones-por-el-cierre-anticipado-de-plantas-de-carbon\/"}],"_links":{"self":[{"href":"https:\/\/candas365.es\/noticias\/wp-json\/wp\/v2\/posts\/149030","targetHints":{"allow":["GET"]}}],"collection":[{"href":"https:\/\/candas365.es\/noticias\/wp-json\/wp\/v2\/posts"}],"about":[{"href":"https:\/\/candas365.es\/noticias\/wp-json\/wp\/v2\/types\/post"}],"author":[{"embeddable":true,"href":"https:\/\/candas365.es\/noticias\/wp-json\/wp\/v2\/users\/1"}],"replies":[{"embeddable":true,"href":"https:\/\/candas365.es\/noticias\/wp-json\/wp\/v2\/comments?post=149030"}],"version-history":[{"count":0,"href":"https:\/\/candas365.es\/noticias\/wp-json\/wp\/v2\/posts\/149030\/revisions"}],"wp:featuredmedia":[{"embeddable":true,"href":"https:\/\/candas365.es\/noticias\/wp-json\/wp\/v2\/media\/149031"}],"wp:attachment":[{"href":"https:\/\/candas365.es\/noticias\/wp-json\/wp\/v2\/media?parent=149030"}],"wp:term":[{"taxonomy":"category","embeddable":true,"href":"https:\/\/candas365.es\/noticias\/wp-json\/wp\/v2\/categories?post=149030"},{"taxonomy":"post_tag","embeddable":true,"href":"https:\/\/candas365.es\/noticias\/wp-json\/wp\/v2\/tags?post=149030"}],"curies":[{"name":"wp","href":"https:\/\/api.w.org\/{rel}","templated":true}]}}