{"id":148907,"date":"2020-11-28T11:21:07","date_gmt":"2020-11-28T11:21:07","guid":{"rendered":"http:\/\/candas365.es\/noticias\/?p=148907"},"modified":"2020-11-28T11:21:07","modified_gmt":"2020-11-28T11:21:07","slug":"todos-los-vehiculos-de-bentley-seran-electricos-en-2030","status":"publish","type":"post","link":"https:\/\/candas365.es\/noticias\/todos-los-vehiculos-de-bentley-seran-electricos-en-2030\/","title":{"rendered":"Todos los veh\u00edculos de Bentley ser\u00e1n el\u00e9ctricos en 2030"},"content":{"rendered":"<p><img fetchpriority=\"high\" decoding=\"async\" class=\"alignleft size-medium wp-image-148908\" src=\"https:\/\/candas365.es\/noticias\/wp-content\/uploads\/2020\/11\/Bentley-360x233.jpg\" alt=\"\" width=\"360\" height=\"233\" srcset=\"https:\/\/candas365.es\/noticias\/wp-content\/uploads\/2020\/11\/Bentley-360x233.jpg 360w, https:\/\/candas365.es\/noticias\/wp-content\/uploads\/2020\/11\/Bentley-650x421.jpg 650w, https:\/\/candas365.es\/noticias\/wp-content\/uploads\/2020\/11\/Bentley-768x497.jpg 768w, https:\/\/candas365.es\/noticias\/wp-content\/uploads\/2020\/11\/Bentley.jpg 984w\" sizes=\"(max-width: 360px) 100vw, 360px\" \/>(dpa) &#8211; La firma de autom\u00f3viles de lujo Bentley inform\u00f3 recientemente sobre sus planes de electrificaci\u00f3n, incluyendo la promesa de cambiar sus potentes motores de gasolina por motores el\u00e9ctricos en toda la gama para 2030.<\/p>\n<p>La marca propiedad de Volkswagen dijo que sus clientes est\u00e1n interesados en la sostenibilidad y la huella de carbono neutral que la propulsi\u00f3n el\u00e9ctrica puede ofrecer.<\/p>\n<p>Seg\u00fan el director ejecutivo, Adrian Hallmark, la clientela de Bentley tiene m\u00e1s probabilidades que muchas otras personas de tener una casa u oficina donde poder cargar un veh\u00edculo.<\/p>\n<p>As\u00ed, la firma aspira a convertirse en un l\u00edder de la movilidad de lujo sostenible en el futuro y en el primer miembro del Grupo VW en alcanzar el estado de neutralidad total en cuanto a las emisiones de carbono se refiere.<\/p>\n<p>Los trabajadores de f\u00e1brica recibir\u00e1n formaci\u00f3n para construir coches el\u00e9ctricos, indic\u00f3 la empresa.<\/p>\n<p>\u00abDentro de una d\u00e9cada, Bentley se transformar\u00e1 de una compa\u00f1\u00eda de autom\u00f3viles de lujo de 100 a\u00f1os de antig\u00fcedad a un nuevo modelo de lujo sostenible y totalmente \u00e9tico\u00bb, acot\u00f3 Hallmark.<\/p>\n<p>Bentley ha confirmado que dos modelos h\u00edbridos enchufables saldr\u00e1n a la venta el pr\u00f3ximo a\u00f1o -posiblemente versiones h\u00edbridas del Bentayga SUV y del nuevo Flying Spur- y que el primer veh\u00edculo totalmente el\u00e9ctrico de la compa\u00f1\u00eda saldr\u00e1 al mercado en 2025.<\/p>\n<p>Los autom\u00f3viles el\u00e9ctricos son cada vez m\u00e1s populares en Europa y Volkswagen tiene como objetivo vender alrededor de un mill\u00f3n de coches el\u00e9ctricos al a\u00f1o para 2025. Ya ha lanzado el VW ID.3 el\u00e9ctrico, el Porsche Taycan y los modelos e-Tron de Audi.<\/p>\n<p>La marca con sede en la localidad brit\u00e1nica de Crewe ser\u00e1 controlada por Audi durante la fase de desarrollo de la electrificaci\u00f3n, seg\u00fan la revista del sector Automotive News Europe, lo cual de momento no ha sido confirmado por Bentley.<\/p>\n","protected":false},"excerpt":{"rendered":"<p>(dpa) &#8211; La firma de autom\u00f3viles de lujo Bentley inform\u00f3 recientemente sobre sus planes de electrificaci\u00f3n, incluyendo la promesa de cambiar sus potentes motores de gasolina por motores el\u00e9ctricos en toda la gama para 2030. La marca propiedad de Volkswagen dijo que sus clientes est\u00e1n interesados en la sostenibilidad y la huella de carbono neutral<\/p>\n","protected":false},"author":1,"featured_media":148908,"comment_status":"closed","ping_status":"closed","sticky":false,"template":"","format":"standard","meta":{"footnotes":""},"categories":[142],"tags":[],"class_list":{"0":"post-148907","1":"post","2":"type-post","3":"status-publish","4":"format-standard","5":"has-post-thumbnail","7":"category-revista"},"aioseo_notices":[],"aioseo_head":"\n\t\t<!-- All in One SEO Pro 4.9.6.2 - aioseo.com -->\n\t<meta name=\"description\" content=\"B de Bentley y de bater\u00eda: la marca de lujo anunci\u00f3 que se propone fabricar exclusivamente autos el\u00e9tricos a partir de 2030\" \/>\n\t<meta name=\"robots\" content=\"max-image-preview:large\" \/>\n\t<meta name=\"author\" content=\"Cand\u00e1s 365\"\/>\n\t<meta name=\"google-site-verification\" content=\"UA-32230408-1\" \/>\n\t<meta name=\"msvalidate.01\" content=\"354F3CDFB2DA171B47FBE9ABF1F88D5\" \/>\n\t<meta name=\"keywords\" content=\"equipamiento para veh\u00edculos. bentley. vw,revista\" \/>\n\t<link rel=\"canonical\" href=\"https:\/\/candas365.es\/noticias\/todos-los-vehiculos-de-bentley-seran-electricos-en-2030\/\" \/>\n\t<meta name=\"generator\" content=\"All in One SEO Pro (AIOSEO) 4.9.6.2\" \/>\n\t\t<meta property=\"og:locale\" content=\"es_ES\" \/>\n\t\t<meta property=\"og:site_name\" content=\"Cand\u00e1s 365\" \/>\n\t\t<meta property=\"og:type\" content=\"article\" \/>\n\t\t<meta property=\"og:title\" content=\"Todos los veh\u00edculos de Bentley ser\u00e1n el\u00e9ctricos en 2030 | Cand\u00e1s 365\" \/>\n\t\t<meta property=\"og:description\" content=\"B de Bentley y de bater\u00eda: la marca de lujo anunci\u00f3 que se propone fabricar exclusivamente autos el\u00e9tricos a partir de 2030\" \/>\n\t\t<meta property=\"og:url\" content=\"https:\/\/candas365.es\/noticias\/todos-los-vehiculos-de-bentley-seran-electricos-en-2030\/\" \/>\n\t\t<meta property=\"og:image\" content=\"https:\/\/candas365.es\/noticias\/wp-content\/uploads\/2020\/11\/Bentley.jpg\" \/>\n\t\t<meta property=\"og:image:secure_url\" content=\"https:\/\/candas365.es\/noticias\/wp-content\/uploads\/2020\/11\/Bentley.jpg\" \/>\n\t\t<meta property=\"og:image:width\" content=\"984\" \/>\n\t\t<meta property=\"og:image:height\" content=\"637\" \/>\n\t\t<meta property=\"article:published_time\" content=\"2020-11-28T11:21:07+00:00\" \/>\n\t\t<meta property=\"article:modified_time\" content=\"2020-11-28T11:21:07+00:00\" \/>\n\t\t<meta property=\"article:publisher\" content=\"https:\/\/www.facebook.com\/Nachofdezber\" \/>\n\t\t<meta property=\"article:author\" content=\"https:\/\/www.facebook.com\/carrenoactualidad\" \/>\n\t\t<meta name=\"twitter:card\" content=\"summary_large_image\" \/>\n\t\t<meta name=\"twitter:site\" content=\"@NabercoDigital\" \/>\n\t\t<meta name=\"twitter:title\" content=\"Todos los veh\u00edculos de Bentley ser\u00e1n el\u00e9ctricos en 2030 | Cand\u00e1s 365\" \/>\n\t\t<meta name=\"twitter:description\" content=\"B de Bentley y de bater\u00eda: la marca de lujo anunci\u00f3 que se propone fabricar exclusivamente autos el\u00e9tricos a partir de 2030\" \/>\n\t\t<meta name=\"twitter:creator\" content=\"@nbasturias\" \/>\n\t\t<meta name=\"twitter:image\" content=\"https:\/\/candas365.es\/noticias\/wp-content\/uploads\/2020\/11\/Bentley.jpg\" \/>\n\t\t<meta name=\"twitter:label1\" content=\"Escrito por\" \/>\n\t\t<meta name=\"twitter:data1\" content=\"Cand\u00e1s 365\" \/>\n\t\t<meta name=\"twitter:label2\" content=\"Tiempo de lectura estimado\" \/>\n\t\t<meta name=\"twitter:data2\" content=\"2 minutos\" \/>\n\t\t<script type=\"application\/ld+json\" class=\"aioseo-schema\">\n\t\t\t{\"@context\":\"https:\\\/\\\/schema.org\",\"@graph\":[{\"@type\":\"BreadcrumbList\",\"@id\":\"https:\\\/\\\/candas365.es\\\/noticias\\\/todos-los-vehiculos-de-bentley-seran-electricos-en-2030\\\/#breadcrumblist\",\"itemListElement\":[{\"@type\":\"ListItem\",\"@id\":\"https:\\\/\\\/candas365.es\\\/noticias#listItem\",\"position\":1,\"name\":\"Home\",\"item\":\"https:\\\/\\\/candas365.es\\\/noticias\",\"nextItem\":{\"@type\":\"ListItem\",\"@id\":\"https:\\\/\\\/candas365.es\\\/noticias\\\/category\\\/revista\\\/#listItem\",\"name\":\"Revista\"}},{\"@type\":\"ListItem\",\"@id\":\"https:\\\/\\\/candas365.es\\\/noticias\\\/category\\\/revista\\\/#listItem\",\"position\":2,\"name\":\"Revista\",\"item\":\"https:\\\/\\\/candas365.es\\\/noticias\\\/category\\\/revista\\\/\",\"nextItem\":{\"@type\":\"ListItem\",\"@id\":\"https:\\\/\\\/candas365.es\\\/noticias\\\/todos-los-vehiculos-de-bentley-seran-electricos-en-2030\\\/#listItem\",\"name\":\"Todos los veh\\u00edculos de Bentley ser\\u00e1n el\\u00e9ctricos en 2030\"},\"previousItem\":{\"@type\":\"ListItem\",\"@id\":\"https:\\\/\\\/candas365.es\\\/noticias#listItem\",\"name\":\"Home\"}},{\"@type\":\"ListItem\",\"@id\":\"https:\\\/\\\/candas365.es\\\/noticias\\\/todos-los-vehiculos-de-bentley-seran-electricos-en-2030\\\/#listItem\",\"position\":3,\"name\":\"Todos los veh\\u00edculos de Bentley ser\\u00e1n el\\u00e9ctricos en 2030\",\"previousItem\":{\"@type\":\"ListItem\",\"@id\":\"https:\\\/\\\/candas365.es\\\/noticias\\\/category\\\/revista\\\/#listItem\",\"name\":\"Revista\"}}]},{\"@type\":\"NewsArticle\",\"@id\":\"https:\\\/\\\/candas365.es\\\/noticias\\\/todos-los-vehiculos-de-bentley-seran-electricos-en-2030\\\/#newsarticle\",\"name\":\"Todos los veh\\u00edculos de Bentley ser\\u00e1n el\\u00e9ctricos en 2030 | Cand\\u00e1s 365\",\"headline\":\"Todos los veh\\u00edculos de Bentley ser\\u00e1n el\\u00e9ctricos en 2030\",\"author\":{\"@id\":\"https:\\\/\\\/candas365.es\\\/noticias\\\/author\\\/admin\\\/#author\"},\"publisher\":{\"@id\":\"https:\\\/\\\/candas365.es\\\/noticias\\\/#organization\"},\"image\":{\"@type\":\"ImageObject\",\"url\":\"https:\\\/\\\/candas365.es\\\/noticias\\\/wp-content\\\/uploads\\\/2020\\\/11\\\/Bentley.jpg\",\"width\":984,\"height\":637},\"datePublished\":\"2020-11-28T11:21:07+01:00\",\"dateModified\":\"2020-11-28T11:21:07+01:00\",\"inLanguage\":\"es-ES\",\"mainEntityOfPage\":{\"@id\":\"https:\\\/\\\/candas365.es\\\/noticias\\\/todos-los-vehiculos-de-bentley-seran-electricos-en-2030\\\/#webpage\"},\"isPartOf\":{\"@id\":\"https:\\\/\\\/candas365.es\\\/noticias\\\/todos-los-vehiculos-de-bentley-seran-electricos-en-2030\\\/#webpage\"},\"articleSection\":\"Revista\",\"dateline\":\"Publicado el noviembre 28, 2020.\"},{\"@type\":\"Organization\",\"@id\":\"https:\\\/\\\/candas365.es\\\/noticias\\\/#organization\",\"name\":\"Cand\\u00e1s 365\",\"description\":\"Cand\\u00e1s 365 es un diario digital independiente, fundado en 2012, con base en Asturias. Informamos con rigor sobre actualidad, sociedad, cultura y ocio, con una mirada local y global.\",\"url\":\"https:\\\/\\\/candas365.es\\\/noticias\\\/\",\"email\":\"info@candas365.es\",\"telephone\":\"+34652131393\",\"foundingDate\":\"2012-06-10\",\"logo\":{\"@type\":\"ImageObject\",\"url\":\"https:\\\/\\\/candas365.es\\\/noticias\\\/wp-content\\\/uploads\\\/2024\\\/09\\\/Candas-365-Redes.jpg\",\"@id\":\"https:\\\/\\\/candas365.es\\\/noticias\\\/todos-los-vehiculos-de-bentley-seran-electricos-en-2030\\\/#organizationLogo\",\"width\":1152,\"height\":864,\"caption\":\"Cand\\u00e1s 365 Redes\"},\"image\":{\"@id\":\"https:\\\/\\\/candas365.es\\\/noticias\\\/todos-los-vehiculos-de-bentley-seran-electricos-en-2030\\\/#organizationLogo\"},\"sameAs\":[\"https:\\\/\\\/www.facebook.com\\\/Nachofdezber\",\"https:\\\/\\\/x.com\\\/NabercoDigital\",\"https:\\\/\\\/www.instagram.com\\\/nachofdezber\\\/\",\"https:\\\/\\\/www.youtube.com\\\/channel\\\/UCZP-2wLEB9Rv6erhFmqVnvg\"],\"address\":{\"@id\":\"https:\\\/\\\/candas365.es\\\/noticias\\\/#postaladdress\",\"@type\":\"PostalAddress\",\"streetAddress\":\"san antonio 4, san antonio 4\",\"postalCode\":\"33430\",\"addressLocality\":\"Cand\\u00e1s\",\"addressRegion\":\"Asturias\",\"addressCountry\":\"ES\"}},{\"@type\":\"Person\",\"@id\":\"https:\\\/\\\/candas365.es\\\/noticias\\\/author\\\/admin\\\/#author\",\"url\":\"https:\\\/\\\/candas365.es\\\/noticias\\\/author\\\/admin\\\/\",\"name\":\"Cand\\u00e1s 365\",\"image\":{\"@type\":\"ImageObject\",\"@id\":\"https:\\\/\\\/candas365.es\\\/noticias\\\/todos-los-vehiculos-de-bentley-seran-electricos-en-2030\\\/#authorImage\",\"url\":\"https:\\\/\\\/secure.gravatar.com\\\/avatar\\\/496a8e03d0c493ede1718b7934145dbdf8d89be1036b0eec9544e1094c9de390?s=96&d=mm&r=g\",\"width\":96,\"height\":96,\"caption\":\"Cand\\u00e1s 365\"},\"sameAs\":[\"https:\\\/\\\/www.facebook.com\\\/carrenoactualidad\",\"https:\\\/\\\/twitter.com\\\/nbasturias\",\"https:\\\/\\\/www.instagram.com\\\/nachofdezber\\\/\",\"https:\\\/\\\/www.youtube.com\\\/channel\\\/UCZP-2wLEB9Rv6erhFmqVnvg\"]},{\"@type\":\"WebPage\",\"@id\":\"https:\\\/\\\/candas365.es\\\/noticias\\\/todos-los-vehiculos-de-bentley-seran-electricos-en-2030\\\/#webpage\",\"url\":\"https:\\\/\\\/candas365.es\\\/noticias\\\/todos-los-vehiculos-de-bentley-seran-electricos-en-2030\\\/\",\"name\":\"Todos los veh\\u00edculos de Bentley ser\\u00e1n el\\u00e9ctricos en 2030 | Cand\\u00e1s 365\",\"description\":\"B de Bentley y de bater\\u00eda: la marca de lujo anunci\\u00f3 que se propone fabricar exclusivamente autos el\\u00e9tricos a partir de 2030\",\"inLanguage\":\"es-ES\",\"isPartOf\":{\"@id\":\"https:\\\/\\\/candas365.es\\\/noticias\\\/#website\"},\"breadcrumb\":{\"@id\":\"https:\\\/\\\/candas365.es\\\/noticias\\\/todos-los-vehiculos-de-bentley-seran-electricos-en-2030\\\/#breadcrumblist\"},\"author\":{\"@id\":\"https:\\\/\\\/candas365.es\\\/noticias\\\/author\\\/admin\\\/#author\"},\"creator\":{\"@id\":\"https:\\\/\\\/candas365.es\\\/noticias\\\/author\\\/admin\\\/#author\"},\"image\":{\"@type\":\"ImageObject\",\"url\":\"https:\\\/\\\/candas365.es\\\/noticias\\\/wp-content\\\/uploads\\\/2020\\\/11\\\/Bentley.jpg\",\"@id\":\"https:\\\/\\\/candas365.es\\\/noticias\\\/todos-los-vehiculos-de-bentley-seran-electricos-en-2030\\\/#mainImage\",\"width\":984,\"height\":637},\"primaryImageOfPage\":{\"@id\":\"https:\\\/\\\/candas365.es\\\/noticias\\\/todos-los-vehiculos-de-bentley-seran-electricos-en-2030\\\/#mainImage\"},\"datePublished\":\"2020-11-28T11:21:07+01:00\",\"dateModified\":\"2020-11-28T11:21:07+01:00\"},{\"@type\":\"WebSite\",\"@id\":\"https:\\\/\\\/candas365.es\\\/noticias\\\/#website\",\"url\":\"https:\\\/\\\/candas365.es\\\/noticias\\\/\",\"name\":\"Cand\\u00e1s 365\",\"alternateName\":\"Cand\\u00e1s 365 Noticias\",\"description\":\"Actualidad desde Carre\\u00f1o para el mundo\",\"inLanguage\":\"es-ES\",\"publisher\":{\"@id\":\"https:\\\/\\\/candas365.es\\\/noticias\\\/#organization\"}}]}\n\t\t<\/script>\n\t\t<!-- All in One SEO Pro -->\r\n\t\t<title>Todos los veh\u00edculos de Bentley ser\u00e1n el\u00e9ctricos en 2030 | Cand\u00e1s 365<\/title>\n\n","aioseo_head_json":{"title":"Todos los veh\u00edculos de Bentley ser\u00e1n el\u00e9ctricos en 2030 | Cand\u00e1s 365","description":"B de Bentley y de bater\u00eda: la marca de lujo anunci\u00f3 que se propone fabricar exclusivamente autos el\u00e9tricos a partir de 2030","canonical_url":"https:\/\/candas365.es\/noticias\/todos-los-vehiculos-de-bentley-seran-electricos-en-2030\/","robots":"max-image-preview:large","keywords":"equipamiento para veh\u00edculos. bentley. vw,revista","webmasterTools":{"google-site-verification":"UA-32230408-1","msvalidate.01":"354F3CDFB2DA171B47FBE9ABF1F88D5","miscellaneous":""},"schema":{"@context":"https:\/\/schema.org","@graph":[{"@type":"BreadcrumbList","@id":"https:\/\/candas365.es\/noticias\/todos-los-vehiculos-de-bentley-seran-electricos-en-2030\/#breadcrumblist","itemListElement":[{"@type":"ListItem","@id":"https:\/\/candas365.es\/noticias#listItem","position":1,"name":"Home","item":"https:\/\/candas365.es\/noticias","nextItem":{"@type":"ListItem","@id":"https:\/\/candas365.es\/noticias\/category\/revista\/#listItem","name":"Revista"}},{"@type":"ListItem","@id":"https:\/\/candas365.es\/noticias\/category\/revista\/#listItem","position":2,"name":"Revista","item":"https:\/\/candas365.es\/noticias\/category\/revista\/","nextItem":{"@type":"ListItem","@id":"https:\/\/candas365.es\/noticias\/todos-los-vehiculos-de-bentley-seran-electricos-en-2030\/#listItem","name":"Todos los veh\u00edculos de Bentley ser\u00e1n el\u00e9ctricos en 2030"},"previousItem":{"@type":"ListItem","@id":"https:\/\/candas365.es\/noticias#listItem","name":"Home"}},{"@type":"ListItem","@id":"https:\/\/candas365.es\/noticias\/todos-los-vehiculos-de-bentley-seran-electricos-en-2030\/#listItem","position":3,"name":"Todos los veh\u00edculos de Bentley ser\u00e1n el\u00e9ctricos en 2030","previousItem":{"@type":"ListItem","@id":"https:\/\/candas365.es\/noticias\/category\/revista\/#listItem","name":"Revista"}}]},{"@type":"NewsArticle","@id":"https:\/\/candas365.es\/noticias\/todos-los-vehiculos-de-bentley-seran-electricos-en-2030\/#newsarticle","name":"Todos los veh\u00edculos de Bentley ser\u00e1n el\u00e9ctricos en 2030 | Cand\u00e1s 365","headline":"Todos los veh\u00edculos de Bentley ser\u00e1n el\u00e9ctricos en 2030","author":{"@id":"https:\/\/candas365.es\/noticias\/author\/admin\/#author"},"publisher":{"@id":"https:\/\/candas365.es\/noticias\/#organization"},"image":{"@type":"ImageObject","url":"https:\/\/candas365.es\/noticias\/wp-content\/uploads\/2020\/11\/Bentley.jpg","width":984,"height":637},"datePublished":"2020-11-28T11:21:07+01:00","dateModified":"2020-11-28T11:21:07+01:00","inLanguage":"es-ES","mainEntityOfPage":{"@id":"https:\/\/candas365.es\/noticias\/todos-los-vehiculos-de-bentley-seran-electricos-en-2030\/#webpage"},"isPartOf":{"@id":"https:\/\/candas365.es\/noticias\/todos-los-vehiculos-de-bentley-seran-electricos-en-2030\/#webpage"},"articleSection":"Revista","dateline":"Publicado el noviembre 28, 2020."},{"@type":"Organization","@id":"https:\/\/candas365.es\/noticias\/#organization","name":"Cand\u00e1s 365","description":"Cand\u00e1s 365 es un diario digital independiente, fundado en 2012, con base en Asturias. Informamos con rigor sobre actualidad, sociedad, cultura y ocio, con una mirada local y global.","url":"https:\/\/candas365.es\/noticias\/","email":"info@candas365.es","telephone":"+34652131393","foundingDate":"2012-06-10","logo":{"@type":"ImageObject","url":"https:\/\/candas365.es\/noticias\/wp-content\/uploads\/2024\/09\/Candas-365-Redes.jpg","@id":"https:\/\/candas365.es\/noticias\/todos-los-vehiculos-de-bentley-seran-electricos-en-2030\/#organizationLogo","width":1152,"height":864,"caption":"Cand\u00e1s 365 Redes"},"image":{"@id":"https:\/\/candas365.es\/noticias\/todos-los-vehiculos-de-bentley-seran-electricos-en-2030\/#organizationLogo"},"sameAs":["https:\/\/www.facebook.com\/Nachofdezber","https:\/\/x.com\/NabercoDigital","https:\/\/www.instagram.com\/nachofdezber\/","https:\/\/www.youtube.com\/channel\/UCZP-2wLEB9Rv6erhFmqVnvg"],"address":{"@id":"https:\/\/candas365.es\/noticias\/#postaladdress","@type":"PostalAddress","streetAddress":"san antonio 4, san antonio 4","postalCode":"33430","addressLocality":"Cand\u00e1s","addressRegion":"Asturias","addressCountry":"ES"}},{"@type":"Person","@id":"https:\/\/candas365.es\/noticias\/author\/admin\/#author","url":"https:\/\/candas365.es\/noticias\/author\/admin\/","name":"Cand\u00e1s 365","image":{"@type":"ImageObject","@id":"https:\/\/candas365.es\/noticias\/todos-los-vehiculos-de-bentley-seran-electricos-en-2030\/#authorImage","url":"https:\/\/secure.gravatar.com\/avatar\/496a8e03d0c493ede1718b7934145dbdf8d89be1036b0eec9544e1094c9de390?s=96&d=mm&r=g","width":96,"height":96,"caption":"Cand\u00e1s 365"},"sameAs":["https:\/\/www.facebook.com\/carrenoactualidad","https:\/\/twitter.com\/nbasturias","https:\/\/www.instagram.com\/nachofdezber\/","https:\/\/www.youtube.com\/channel\/UCZP-2wLEB9Rv6erhFmqVnvg"]},{"@type":"WebPage","@id":"https:\/\/candas365.es\/noticias\/todos-los-vehiculos-de-bentley-seran-electricos-en-2030\/#webpage","url":"https:\/\/candas365.es\/noticias\/todos-los-vehiculos-de-bentley-seran-electricos-en-2030\/","name":"Todos los veh\u00edculos de Bentley ser\u00e1n el\u00e9ctricos en 2030 | Cand\u00e1s 365","description":"B de Bentley y de bater\u00eda: la marca de lujo anunci\u00f3 que se propone fabricar exclusivamente autos el\u00e9tricos a partir de 2030","inLanguage":"es-ES","isPartOf":{"@id":"https:\/\/candas365.es\/noticias\/#website"},"breadcrumb":{"@id":"https:\/\/candas365.es\/noticias\/todos-los-vehiculos-de-bentley-seran-electricos-en-2030\/#breadcrumblist"},"author":{"@id":"https:\/\/candas365.es\/noticias\/author\/admin\/#author"},"creator":{"@id":"https:\/\/candas365.es\/noticias\/author\/admin\/#author"},"image":{"@type":"ImageObject","url":"https:\/\/candas365.es\/noticias\/wp-content\/uploads\/2020\/11\/Bentley.jpg","@id":"https:\/\/candas365.es\/noticias\/todos-los-vehiculos-de-bentley-seran-electricos-en-2030\/#mainImage","width":984,"height":637},"primaryImageOfPage":{"@id":"https:\/\/candas365.es\/noticias\/todos-los-vehiculos-de-bentley-seran-electricos-en-2030\/#mainImage"},"datePublished":"2020-11-28T11:21:07+01:00","dateModified":"2020-11-28T11:21:07+01:00"},{"@type":"WebSite","@id":"https:\/\/candas365.es\/noticias\/#website","url":"https:\/\/candas365.es\/noticias\/","name":"Cand\u00e1s 365","alternateName":"Cand\u00e1s 365 Noticias","description":"Actualidad desde Carre\u00f1o para el mundo","inLanguage":"es-ES","publisher":{"@id":"https:\/\/candas365.es\/noticias\/#organization"}}]},"og:locale":"es_ES","og:site_name":"Cand\u00e1s 365","og:type":"article","og:title":"Todos los veh\u00edculos de Bentley ser\u00e1n el\u00e9ctricos en 2030 | Cand\u00e1s 365","og:description":"B de Bentley y de bater\u00eda: la marca de lujo anunci\u00f3 que se propone fabricar exclusivamente autos el\u00e9tricos a partir de 2030","og:url":"https:\/\/candas365.es\/noticias\/todos-los-vehiculos-de-bentley-seran-electricos-en-2030\/","og:image":"https:\/\/candas365.es\/noticias\/wp-content\/uploads\/2020\/11\/Bentley.jpg","og:image:secure_url":"https:\/\/candas365.es\/noticias\/wp-content\/uploads\/2020\/11\/Bentley.jpg","og:image:width":984,"og:image:height":637,"article:published_time":"2020-11-28T11:21:07+00:00","article:modified_time":"2020-11-28T11:21:07+00:00","article:publisher":"https:\/\/www.facebook.com\/Nachofdezber","article:author":"https:\/\/www.facebook.com\/carrenoactualidad","twitter:card":"summary_large_image","twitter:site":"@NabercoDigital","twitter:title":"Todos los veh\u00edculos de Bentley ser\u00e1n el\u00e9ctricos en 2030 | Cand\u00e1s 365","twitter:description":"B de Bentley y de bater\u00eda: la marca de lujo anunci\u00f3 que se propone fabricar exclusivamente autos el\u00e9tricos a partir de 2030","twitter:creator":"@nbasturias","twitter:image":"https:\/\/candas365.es\/noticias\/wp-content\/uploads\/2020\/11\/Bentley.jpg","twitter:label1":"Escrito por","twitter:data1":"Cand\u00e1s 365","twitter:label2":"Tiempo de lectura estimado","twitter:data2":"2 minutos"},"aioseo_meta_data":{"post_id":"148907","title":"Todos los veh\u00edculos de Bentley ser\u00e1n el\u00e9ctricos en 2030 | #site_title","description":"B de Bentley y de bater\u00eda: la marca de lujo anunci\u00f3 que se propone fabricar exclusivamente autos el\u00e9tricos a partir de 2030","keywords":[{"label":"Equipamiento para veh\u00edculos. Bentley. VW","value":"Equipamiento para veh\u00edculos. Bentley. VW"}],"keyphrases":null,"primary_term":null,"canonical_url":"","og_title":null,"og_description":null,"og_object_type":"default","og_image_type":"default","og_image_url":null,"og_image_width":null,"og_image_height":null,"og_image_custom_url":null,"og_image_custom_fields":null,"og_video":null,"og_custom_url":null,"og_article_section":null,"og_article_tags":null,"twitter_use_og":false,"twitter_card":"default","twitter_image_type":"default","twitter_image_url":null,"twitter_image_custom_url":null,"twitter_image_custom_fields":null,"twitter_title":null,"twitter_description":null,"schema":{"blockGraphs":[],"customGraphs":[],"default":{"data":{"Article":[],"Course":[],"Dataset":[],"FAQPage":[],"Movie":[],"Person":[],"Product":[],"ProductReview":[],"Car":[],"Recipe":[],"Service":[],"SoftwareApplication":[],"WebPage":[]},"graphName":"","isEnabled":true},"graphs":[]},"schema_type":null,"schema_type_options":null,"pillar_content":false,"robots_default":true,"robots_noindex":false,"robots_noarchive":false,"robots_nosnippet":false,"robots_nofollow":false,"robots_noimageindex":false,"robots_noodp":false,"robots_notranslate":false,"robots_max_snippet":null,"robots_max_videopreview":null,"robots_max_imagepreview":"large","priority":null,"frequency":null,"location":null,"local_seo":null,"seo_analyzer_scan_date":"2025-08-31 14:10:14","breadcrumb_settings":null,"limit_modified_date":false,"reviewed_by":null,"open_ai":null,"ai":null,"created":"2020-12-21 10:38:03","updated":"2025-08-31 14:10:14"},"aioseo_breadcrumb":"<div class=\"aioseo-breadcrumbs\"><span class=\"aioseo-breadcrumb\">\n\t<a href=\"https:\/\/candas365.es\/noticias\" title=\"Home\">Home<\/a>\n<\/span><span class=\"aioseo-breadcrumb-separator\">&ndash;<\/span><span class=\"aioseo-breadcrumb\">\n\t<a href=\"https:\/\/candas365.es\/noticias\/category\/revista\/\" title=\"Revista\">Revista<\/a>\n<\/span><span class=\"aioseo-breadcrumb-separator\">&ndash;<\/span><span class=\"aioseo-breadcrumb\">\n\tTodos los veh\u00edculos de Bentley ser\u00e1n el\u00e9ctricos en 2030\n<\/span><\/div>","aioseo_breadcrumb_json":[{"label":"Home","link":"https:\/\/candas365.es\/noticias"},{"label":"Revista","link":"https:\/\/candas365.es\/noticias\/category\/revista\/"},{"label":"Todos los veh\u00edculos de Bentley ser\u00e1n el\u00e9ctricos en 2030","link":"https:\/\/candas365.es\/noticias\/todos-los-vehiculos-de-bentley-seran-electricos-en-2030\/"}],"_links":{"self":[{"href":"https:\/\/candas365.es\/noticias\/wp-json\/wp\/v2\/posts\/148907","targetHints":{"allow":["GET"]}}],"collection":[{"href":"https:\/\/candas365.es\/noticias\/wp-json\/wp\/v2\/posts"}],"about":[{"href":"https:\/\/candas365.es\/noticias\/wp-json\/wp\/v2\/types\/post"}],"author":[{"embeddable":true,"href":"https:\/\/candas365.es\/noticias\/wp-json\/wp\/v2\/users\/1"}],"replies":[{"embeddable":true,"href":"https:\/\/candas365.es\/noticias\/wp-json\/wp\/v2\/comments?post=148907"}],"version-history":[{"count":0,"href":"https:\/\/candas365.es\/noticias\/wp-json\/wp\/v2\/posts\/148907\/revisions"}],"wp:featuredmedia":[{"embeddable":true,"href":"https:\/\/candas365.es\/noticias\/wp-json\/wp\/v2\/media\/148908"}],"wp:attachment":[{"href":"https:\/\/candas365.es\/noticias\/wp-json\/wp\/v2\/media?parent=148907"}],"wp:term":[{"taxonomy":"category","embeddable":true,"href":"https:\/\/candas365.es\/noticias\/wp-json\/wp\/v2\/categories?post=148907"},{"taxonomy":"post_tag","embeddable":true,"href":"https:\/\/candas365.es\/noticias\/wp-json\/wp\/v2\/tags?post=148907"}],"curies":[{"name":"wp","href":"https:\/\/api.w.org\/{rel}","templated":true}]}}