{"id":148757,"date":"2020-11-25T13:24:05","date_gmt":"2020-11-25T13:24:05","guid":{"rendered":"http:\/\/candas365.es\/noticias\/?p=148757"},"modified":"2020-11-25T13:24:05","modified_gmt":"2020-11-25T13:24:05","slug":"almuth-schult-de-regreso-al-futbol-despues-de-dar-a-luz-a-mellizos","status":"publish","type":"post","link":"https:\/\/candas365.es\/noticias\/almuth-schult-de-regreso-al-futbol-despues-de-dar-a-luz-a-mellizos\/","title":{"rendered":"Almuth Schult, de regreso al f\u00fatbol despu\u00e9s de dar a luz a mellizos"},"content":{"rendered":"<figure id=\"attachment_148758\" aria-describedby=\"caption-attachment-148758\" style=\"width: 360px\" class=\"wp-caption alignleft\"><img fetchpriority=\"high\" decoding=\"async\" class=\"size-medium wp-image-148758\" src=\"https:\/\/candas365.es\/noticias\/wp-content\/uploads\/2020\/11\/Almuth-Schult-360x229.jpg\" alt=\"Almuth Schult\" width=\"360\" height=\"229\" srcset=\"https:\/\/candas365.es\/noticias\/wp-content\/uploads\/2020\/11\/Almuth-Schult-360x229.jpg 360w, https:\/\/candas365.es\/noticias\/wp-content\/uploads\/2020\/11\/Almuth-Schult-650x413.jpg 650w, https:\/\/candas365.es\/noticias\/wp-content\/uploads\/2020\/11\/Almuth-Schult-768x488.jpg 768w, https:\/\/candas365.es\/noticias\/wp-content\/uploads\/2020\/11\/Almuth-Schult.jpg 968w\" sizes=\"(max-width: 360px) 100vw, 360px\" \/><figcaption id=\"caption-attachment-148758\" class=\"wp-caption-text\">Almuth Schult, en acci\u00f3n en la porter\u00eda del Wolfsburgo. Foto: Sebastian Gollnow\/dpa<\/figcaption><\/figure>\n<p>(dpa) &#8211; En abril,<strong> Almuth Schult<\/strong>, arquera de la selecci\u00f3n alemana femenina de f\u00fatbol, fue madre de mellizos. Ahora trabaja en su regreso. <strong>El proceso no es f\u00e1cil, pero tiene un gran ejemplo como gu\u00eda: la actual entrenadora de la selecci\u00f3n, Martina Voss-Tecklenbur<\/strong>g.<\/p>\n<p>Schult no tiene claro si a su marido tambi\u00e9n le preguntan constantemente c\u00f3mo concilia familia y trabajo. A ella, como madre, se lo preguntan todo el tiempo. Y le parece positivo.<\/p>\n<p>\u00abPor un lado podemos decir: \u00bfPor qu\u00e9 siempre se le pregunta a la madre y no al padre?\u00bb. Por el otro, le alegra que alguien se ocupe de ella o de su situaci\u00f3n familiar, dice la jugadora de 29 a\u00f1os en entrevista con dpa.<\/p>\n<p><strong>La portera del Wolfsburgo est\u00e1 entrenando para su regreso, pero a\u00fan no sabe cu\u00e1nto le llevar\u00e1 recuperar su puesto en el arco<\/strong>. Seg\u00fan explica, hay una evoluci\u00f3n diaria, a veces mayor y a veces menor. Como arquera, sin embargo, no puede entrar a jugar solo diez minutos como una jugadora de campo como para ir ganando pr\u00e1ctica en el juego. \u00abEso retrasa un poco mi regreso\u00bb, dice.<\/p>\n<p>Adem\u00e1s sigue estando la pandemia de coronavirus. Y tambi\u00e9n los cambios f\u00edsicos que se sufren despu\u00e9s de un embarazo. Pero nada de eso ser\u00e1 obst\u00e1culo para Schult. \u00abHay que tomarse el tiempo que sea necesario\u00bb, dice. \u00abCuando hay ganas de f\u00fatbol, el resto viene solo, porque una trabaja en s\u00ed misma cada d\u00eda\u00bb.<\/p>\n<p>Martina Voss-Tecklenburg es ahora la entrenadora de la selecci\u00f3n nacional, pero en su momento fue una de las pocas mujeres en el f\u00fatbol que poco despu\u00e9s de dar a luz sigui\u00f3 jugando. Eso fue en 1994.<\/p>\n<p>\u00abRegresar a la cancha es solo una parte del desaf\u00edo. La otra gran parte consiste en conciliar el papel de madre con el deporte competitivo\u00bb, dice Voss-Tecklenburg, de 52 a\u00f1os. \u00abEn ese sentido seguramente ayuda intercambiar experiencias con personas que ya pasaron por esto\u00bb.<\/p>\n<p>Schult y Voss-Tecklenburg est\u00e1n en contacto regularmente. Tambi\u00e9n su club, el Wolfsburgo, apoya a Schult en su trabajo para el regreso. <strong>La pregunta: \u00bfFuncionan juntos f\u00fatbol y familia?<\/strong><\/p>\n<p>\u00abTenemos un trabajo que no es solo de lunes a viernes, sino de lunes a domingo. Y eso con jornadas de trabajo muy flexibles, que en parte se modifican de un d\u00eda para otro\u00bb, dice Schult. \u00abY luego hay adem\u00e1s diversos viajes de servicio, que con la Champions League y la selecci\u00f3n nacional en parte te llevan por toda Europa\u00bb.<\/p>\n<p>Para ella ser\u00eda un paso importante poder llevar a la familia de viaje, incluso si ella misma tuviera que afrontar los gastos. \u00abEso en el f\u00fatbol alem\u00e1n a\u00fan no es lo com\u00fan\u00bb.<\/p>\n<p>A ello, se\u00f1ala Almuth Schult, se suma la tarea de luchar por un mayor reconocimiento del f\u00fatbol femenino. Ese tema a veces la enerva, pero tambi\u00e9n tiene claro: \u00abEn el caso de que mi hija alguna vez quiera jugar al f\u00fatbol quiero poder decir: Yo contribu\u00ed a que ahora lo pueda disfrutar m\u00e1s\u00bb.<\/p>\n<p>El 31 de octubre se cumplieron 50 a\u00f1os desde que el f\u00fatbol femenino est\u00e1 permitido en Alemania. Por eso a Schult le gustar\u00eda a veces recibir m\u00e1s solidaridad y empat\u00eda de sus colegas masculinos.<\/p>\n<p>\u00abTu deporte favorito estaba prohibido. No lo pod\u00edas practicar. Luego empiezas, pero no puedes entrenar nunca. Te echaban de todos lados y luego, cuando por fin lo lograste, siempre te echan en cara lo mala que eres. \u00bfPero c\u00f3mo vas a ser buena si nunca pudiste practicar?\u00bb, dice la portera de la selecci\u00f3n.<\/p>\n<p>A veces sigue teniendo la sensaci\u00f3n de que los hombres defienden el f\u00fatbol \u00abcomo su deporte\u00bb y no quieren \u00abdejar entrar\u00bb a las mujeres. Por eso se sentir\u00eda muy feliz si por fin se tratara solo de f\u00fatbol y no de g\u00e9neros.<\/p>\n<p>Un buen ejemplo de ello es Bibiana Steinhaus. La \u00e1rbitra fue la primera mujer en dirigir tambi\u00e9n partidos de la Bundesliga masculina. \u00abPudo convencer con su calidad\u00bb, dice Schult. \u00abPorque no se trata solo de tener un alto valor atl\u00e9tico, sino de comprender el juego, tener sensibilidad para las situaciones, empat\u00eda y simplemente una personalidad que irradie calma\u00bb.<\/p>\n<p><i class=\"lang-es\"><span class=\" readonly\" title=\"\">Por Hilal \u00d6zcan (dpa)<\/span><\/i><\/p>\n<p>&nbsp;<\/p>\n<p>&nbsp;<\/p>\n","protected":false},"excerpt":{"rendered":"<p>(dpa) &#8211; En abril, Almuth Schult, arquera de la selecci\u00f3n alemana femenina de f\u00fatbol, fue madre de mellizos. Ahora trabaja en su regreso. El proceso no es f\u00e1cil, pero tiene un gran ejemplo como gu\u00eda: la actual entrenadora de la selecci\u00f3n, Martina Voss-Tecklenburg. Schult no tiene claro si a su marido tambi\u00e9n le preguntan constantemente<\/p>\n","protected":false},"author":1,"featured_media":148758,"comment_status":"closed","ping_status":"closed","sticky":false,"template":"","format":"standard","meta":{"footnotes":""},"categories":[319],"tags":[],"class_list":{"0":"post-148757","1":"post","2":"type-post","3":"status-publish","4":"format-standard","5":"has-post-thumbnail","7":"category-deporte"},"aioseo_notices":[],"aioseo_head":"\n\t\t<!-- All in One SEO Pro 4.9.6.2 - aioseo.com -->\n\t<meta name=\"description\" content=\"En abril, Almuth Schult, arquera de la selecci\u00f3n alemana femenina de f\u00fatbol, fue madre de mellizos\" \/>\n\t<meta name=\"robots\" content=\"max-image-preview:large\" \/>\n\t<meta name=\"author\" content=\"Cand\u00e1s 365\"\/>\n\t<meta name=\"google-site-verification\" content=\"UA-32230408-1\" \/>\n\t<meta name=\"msvalidate.01\" content=\"354F3CDFB2DA171B47FBE9ABF1F88D5\" \/>\n\t<meta name=\"keywords\" content=\"f\u00fatbol,mujeres,deporte\" \/>\n\t<link rel=\"canonical\" href=\"https:\/\/candas365.es\/noticias\/almuth-schult-de-regreso-al-futbol-despues-de-dar-a-luz-a-mellizos\/\" \/>\n\t<meta name=\"generator\" content=\"All in One SEO Pro (AIOSEO) 4.9.6.2\" \/>\n\t\t<meta property=\"og:locale\" content=\"es_ES\" \/>\n\t\t<meta property=\"og:site_name\" content=\"Cand\u00e1s 365\" \/>\n\t\t<meta property=\"og:type\" content=\"article\" \/>\n\t\t<meta property=\"og:title\" content=\"Almuth Schult, de regreso al f\u00fatbol despu\u00e9s de dar a luz a mellizos | Cand\u00e1s 365\" \/>\n\t\t<meta property=\"og:description\" content=\"En abril, Almuth Schult, arquera de la selecci\u00f3n alemana femenina de f\u00fatbol, fue madre de mellizos\" \/>\n\t\t<meta property=\"og:url\" content=\"https:\/\/candas365.es\/noticias\/almuth-schult-de-regreso-al-futbol-despues-de-dar-a-luz-a-mellizos\/\" \/>\n\t\t<meta property=\"og:image\" content=\"https:\/\/candas365.es\/noticias\/wp-content\/uploads\/2020\/11\/Almuth-Schult.jpg\" \/>\n\t\t<meta property=\"og:image:secure_url\" content=\"https:\/\/candas365.es\/noticias\/wp-content\/uploads\/2020\/11\/Almuth-Schult.jpg\" \/>\n\t\t<meta property=\"og:image:width\" content=\"968\" \/>\n\t\t<meta property=\"og:image:height\" content=\"615\" \/>\n\t\t<meta property=\"article:published_time\" content=\"2020-11-25T13:24:05+00:00\" \/>\n\t\t<meta property=\"article:modified_time\" content=\"2020-11-25T13:24:05+00:00\" \/>\n\t\t<meta property=\"article:publisher\" content=\"https:\/\/www.facebook.com\/Nachofdezber\" \/>\n\t\t<meta property=\"article:author\" content=\"https:\/\/www.facebook.com\/carrenoactualidad\" \/>\n\t\t<meta name=\"twitter:card\" content=\"summary_large_image\" \/>\n\t\t<meta name=\"twitter:site\" content=\"@NabercoDigital\" \/>\n\t\t<meta name=\"twitter:title\" content=\"Almuth Schult, de regreso al f\u00fatbol despu\u00e9s de dar a luz a mellizos | Cand\u00e1s 365\" \/>\n\t\t<meta name=\"twitter:description\" content=\"En abril, Almuth Schult, arquera de la selecci\u00f3n alemana femenina de f\u00fatbol, fue madre de mellizos\" \/>\n\t\t<meta name=\"twitter:creator\" content=\"@nbasturias\" \/>\n\t\t<meta name=\"twitter:image\" content=\"https:\/\/candas365.es\/noticias\/wp-content\/uploads\/2020\/11\/Almuth-Schult.jpg\" \/>\n\t\t<meta name=\"twitter:label1\" content=\"Escrito por\" \/>\n\t\t<meta name=\"twitter:data1\" content=\"Cand\u00e1s 365\" \/>\n\t\t<meta name=\"twitter:label2\" content=\"Tiempo de lectura estimado\" \/>\n\t\t<meta name=\"twitter:data2\" content=\"4 minutos\" \/>\n\t\t<script type=\"application\/ld+json\" class=\"aioseo-schema\">\n\t\t\t{\"@context\":\"https:\\\/\\\/schema.org\",\"@graph\":[{\"@type\":\"BreadcrumbList\",\"@id\":\"https:\\\/\\\/candas365.es\\\/noticias\\\/almuth-schult-de-regreso-al-futbol-despues-de-dar-a-luz-a-mellizos\\\/#breadcrumblist\",\"itemListElement\":[{\"@type\":\"ListItem\",\"@id\":\"https:\\\/\\\/candas365.es\\\/noticias#listItem\",\"position\":1,\"name\":\"Home\",\"item\":\"https:\\\/\\\/candas365.es\\\/noticias\",\"nextItem\":{\"@type\":\"ListItem\",\"@id\":\"https:\\\/\\\/candas365.es\\\/noticias\\\/category\\\/deporte\\\/#listItem\",\"name\":\"Deporte\"}},{\"@type\":\"ListItem\",\"@id\":\"https:\\\/\\\/candas365.es\\\/noticias\\\/category\\\/deporte\\\/#listItem\",\"position\":2,\"name\":\"Deporte\",\"item\":\"https:\\\/\\\/candas365.es\\\/noticias\\\/category\\\/deporte\\\/\",\"nextItem\":{\"@type\":\"ListItem\",\"@id\":\"https:\\\/\\\/candas365.es\\\/noticias\\\/almuth-schult-de-regreso-al-futbol-despues-de-dar-a-luz-a-mellizos\\\/#listItem\",\"name\":\"Almuth Schult, de regreso al f\\u00fatbol despu\\u00e9s de dar a luz a mellizos\"},\"previousItem\":{\"@type\":\"ListItem\",\"@id\":\"https:\\\/\\\/candas365.es\\\/noticias#listItem\",\"name\":\"Home\"}},{\"@type\":\"ListItem\",\"@id\":\"https:\\\/\\\/candas365.es\\\/noticias\\\/almuth-schult-de-regreso-al-futbol-despues-de-dar-a-luz-a-mellizos\\\/#listItem\",\"position\":3,\"name\":\"Almuth Schult, de regreso al f\\u00fatbol despu\\u00e9s de dar a luz a mellizos\",\"previousItem\":{\"@type\":\"ListItem\",\"@id\":\"https:\\\/\\\/candas365.es\\\/noticias\\\/category\\\/deporte\\\/#listItem\",\"name\":\"Deporte\"}}]},{\"@type\":\"NewsArticle\",\"@id\":\"https:\\\/\\\/candas365.es\\\/noticias\\\/almuth-schult-de-regreso-al-futbol-despues-de-dar-a-luz-a-mellizos\\\/#newsarticle\",\"name\":\"Almuth Schult, de regreso al f\\u00fatbol despu\\u00e9s de dar a luz a mellizos | Cand\\u00e1s 365\",\"headline\":\"Almuth Schult, de regreso al f\\u00fatbol despu\\u00e9s de dar a luz a mellizos\",\"author\":{\"@id\":\"https:\\\/\\\/candas365.es\\\/noticias\\\/author\\\/admin\\\/#author\"},\"publisher\":{\"@id\":\"https:\\\/\\\/candas365.es\\\/noticias\\\/#organization\"},\"image\":{\"@type\":\"ImageObject\",\"url\":\"https:\\\/\\\/candas365.es\\\/noticias\\\/wp-content\\\/uploads\\\/2020\\\/11\\\/Almuth-Schult.jpg\",\"width\":968,\"height\":615,\"caption\":\"Almuth Schult, en acci\\u00f3n en la porter\\u00eda del Wolfsburgo. Foto: Sebastian Gollnow\\\/dpa\"},\"datePublished\":\"2020-11-25T13:24:05+01:00\",\"dateModified\":\"2020-11-25T13:24:05+01:00\",\"inLanguage\":\"es-ES\",\"mainEntityOfPage\":{\"@id\":\"https:\\\/\\\/candas365.es\\\/noticias\\\/almuth-schult-de-regreso-al-futbol-despues-de-dar-a-luz-a-mellizos\\\/#webpage\"},\"isPartOf\":{\"@id\":\"https:\\\/\\\/candas365.es\\\/noticias\\\/almuth-schult-de-regreso-al-futbol-despues-de-dar-a-luz-a-mellizos\\\/#webpage\"},\"articleSection\":\"Deporte\",\"dateline\":\"Publicado el noviembre 25, 2020.\"},{\"@type\":\"Organization\",\"@id\":\"https:\\\/\\\/candas365.es\\\/noticias\\\/#organization\",\"name\":\"Cand\\u00e1s 365\",\"description\":\"Cand\\u00e1s 365 es un diario digital independiente, fundado en 2012, con base en Asturias. Informamos con rigor sobre actualidad, sociedad, cultura y ocio, con una mirada local y global.\",\"url\":\"https:\\\/\\\/candas365.es\\\/noticias\\\/\",\"email\":\"info@candas365.es\",\"telephone\":\"+34652131393\",\"foundingDate\":\"2012-06-10\",\"logo\":{\"@type\":\"ImageObject\",\"url\":\"https:\\\/\\\/candas365.es\\\/noticias\\\/wp-content\\\/uploads\\\/2024\\\/09\\\/Candas-365-Redes.jpg\",\"@id\":\"https:\\\/\\\/candas365.es\\\/noticias\\\/almuth-schult-de-regreso-al-futbol-despues-de-dar-a-luz-a-mellizos\\\/#organizationLogo\",\"width\":1152,\"height\":864,\"caption\":\"Cand\\u00e1s 365 Redes\"},\"image\":{\"@id\":\"https:\\\/\\\/candas365.es\\\/noticias\\\/almuth-schult-de-regreso-al-futbol-despues-de-dar-a-luz-a-mellizos\\\/#organizationLogo\"},\"sameAs\":[\"https:\\\/\\\/www.facebook.com\\\/Nachofdezber\",\"https:\\\/\\\/x.com\\\/NabercoDigital\",\"https:\\\/\\\/www.instagram.com\\\/nachofdezber\\\/\",\"https:\\\/\\\/www.youtube.com\\\/channel\\\/UCZP-2wLEB9Rv6erhFmqVnvg\"],\"address\":{\"@id\":\"https:\\\/\\\/candas365.es\\\/noticias\\\/#postaladdress\",\"@type\":\"PostalAddress\",\"streetAddress\":\"san antonio 4, san antonio 4\",\"postalCode\":\"33430\",\"addressLocality\":\"Cand\\u00e1s\",\"addressRegion\":\"Asturias\",\"addressCountry\":\"ES\"}},{\"@type\":\"Person\",\"@id\":\"https:\\\/\\\/candas365.es\\\/noticias\\\/author\\\/admin\\\/#author\",\"url\":\"https:\\\/\\\/candas365.es\\\/noticias\\\/author\\\/admin\\\/\",\"name\":\"Cand\\u00e1s 365\",\"image\":{\"@type\":\"ImageObject\",\"@id\":\"https:\\\/\\\/candas365.es\\\/noticias\\\/almuth-schult-de-regreso-al-futbol-despues-de-dar-a-luz-a-mellizos\\\/#authorImage\",\"url\":\"https:\\\/\\\/secure.gravatar.com\\\/avatar\\\/496a8e03d0c493ede1718b7934145dbdf8d89be1036b0eec9544e1094c9de390?s=96&d=mm&r=g\",\"width\":96,\"height\":96,\"caption\":\"Cand\\u00e1s 365\"},\"sameAs\":[\"https:\\\/\\\/www.facebook.com\\\/carrenoactualidad\",\"https:\\\/\\\/twitter.com\\\/nbasturias\",\"https:\\\/\\\/www.instagram.com\\\/nachofdezber\\\/\",\"https:\\\/\\\/www.youtube.com\\\/channel\\\/UCZP-2wLEB9Rv6erhFmqVnvg\"]},{\"@type\":\"WebPage\",\"@id\":\"https:\\\/\\\/candas365.es\\\/noticias\\\/almuth-schult-de-regreso-al-futbol-despues-de-dar-a-luz-a-mellizos\\\/#webpage\",\"url\":\"https:\\\/\\\/candas365.es\\\/noticias\\\/almuth-schult-de-regreso-al-futbol-despues-de-dar-a-luz-a-mellizos\\\/\",\"name\":\"Almuth Schult, de regreso al f\\u00fatbol despu\\u00e9s de dar a luz a mellizos | Cand\\u00e1s 365\",\"description\":\"En abril, Almuth Schult, arquera de la selecci\\u00f3n alemana femenina de f\\u00fatbol, fue madre de mellizos\",\"inLanguage\":\"es-ES\",\"isPartOf\":{\"@id\":\"https:\\\/\\\/candas365.es\\\/noticias\\\/#website\"},\"breadcrumb\":{\"@id\":\"https:\\\/\\\/candas365.es\\\/noticias\\\/almuth-schult-de-regreso-al-futbol-despues-de-dar-a-luz-a-mellizos\\\/#breadcrumblist\"},\"author\":{\"@id\":\"https:\\\/\\\/candas365.es\\\/noticias\\\/author\\\/admin\\\/#author\"},\"creator\":{\"@id\":\"https:\\\/\\\/candas365.es\\\/noticias\\\/author\\\/admin\\\/#author\"},\"image\":{\"@type\":\"ImageObject\",\"url\":\"https:\\\/\\\/candas365.es\\\/noticias\\\/wp-content\\\/uploads\\\/2020\\\/11\\\/Almuth-Schult.jpg\",\"@id\":\"https:\\\/\\\/candas365.es\\\/noticias\\\/almuth-schult-de-regreso-al-futbol-despues-de-dar-a-luz-a-mellizos\\\/#mainImage\",\"width\":968,\"height\":615,\"caption\":\"Almuth Schult, en acci\\u00f3n en la porter\\u00eda del Wolfsburgo. Foto: Sebastian Gollnow\\\/dpa\"},\"primaryImageOfPage\":{\"@id\":\"https:\\\/\\\/candas365.es\\\/noticias\\\/almuth-schult-de-regreso-al-futbol-despues-de-dar-a-luz-a-mellizos\\\/#mainImage\"},\"datePublished\":\"2020-11-25T13:24:05+01:00\",\"dateModified\":\"2020-11-25T13:24:05+01:00\"},{\"@type\":\"WebSite\",\"@id\":\"https:\\\/\\\/candas365.es\\\/noticias\\\/#website\",\"url\":\"https:\\\/\\\/candas365.es\\\/noticias\\\/\",\"name\":\"Cand\\u00e1s 365\",\"alternateName\":\"Cand\\u00e1s 365 Noticias\",\"description\":\"Actualidad desde Carre\\u00f1o para el mundo\",\"inLanguage\":\"es-ES\",\"publisher\":{\"@id\":\"https:\\\/\\\/candas365.es\\\/noticias\\\/#organization\"}}]}\n\t\t<\/script>\n\t\t<!-- All in One SEO Pro -->\r\n\t\t<title>Almuth Schult, de regreso al f\u00fatbol despu\u00e9s de dar a luz a mellizos | Cand\u00e1s 365<\/title>\n\n","aioseo_head_json":{"title":"Almuth Schult, de regreso al f\u00fatbol despu\u00e9s de dar a luz a mellizos | Cand\u00e1s 365","description":"En abril, Almuth Schult, arquera de la selecci\u00f3n alemana femenina de f\u00fatbol, fue madre de mellizos","canonical_url":"https:\/\/candas365.es\/noticias\/almuth-schult-de-regreso-al-futbol-despues-de-dar-a-luz-a-mellizos\/","robots":"max-image-preview:large","keywords":"f\u00fatbol,mujeres,deporte","webmasterTools":{"google-site-verification":"UA-32230408-1","msvalidate.01":"354F3CDFB2DA171B47FBE9ABF1F88D5","miscellaneous":""},"schema":{"@context":"https:\/\/schema.org","@graph":[{"@type":"BreadcrumbList","@id":"https:\/\/candas365.es\/noticias\/almuth-schult-de-regreso-al-futbol-despues-de-dar-a-luz-a-mellizos\/#breadcrumblist","itemListElement":[{"@type":"ListItem","@id":"https:\/\/candas365.es\/noticias#listItem","position":1,"name":"Home","item":"https:\/\/candas365.es\/noticias","nextItem":{"@type":"ListItem","@id":"https:\/\/candas365.es\/noticias\/category\/deporte\/#listItem","name":"Deporte"}},{"@type":"ListItem","@id":"https:\/\/candas365.es\/noticias\/category\/deporte\/#listItem","position":2,"name":"Deporte","item":"https:\/\/candas365.es\/noticias\/category\/deporte\/","nextItem":{"@type":"ListItem","@id":"https:\/\/candas365.es\/noticias\/almuth-schult-de-regreso-al-futbol-despues-de-dar-a-luz-a-mellizos\/#listItem","name":"Almuth Schult, de regreso al f\u00fatbol despu\u00e9s de dar a luz a mellizos"},"previousItem":{"@type":"ListItem","@id":"https:\/\/candas365.es\/noticias#listItem","name":"Home"}},{"@type":"ListItem","@id":"https:\/\/candas365.es\/noticias\/almuth-schult-de-regreso-al-futbol-despues-de-dar-a-luz-a-mellizos\/#listItem","position":3,"name":"Almuth Schult, de regreso al f\u00fatbol despu\u00e9s de dar a luz a mellizos","previousItem":{"@type":"ListItem","@id":"https:\/\/candas365.es\/noticias\/category\/deporte\/#listItem","name":"Deporte"}}]},{"@type":"NewsArticle","@id":"https:\/\/candas365.es\/noticias\/almuth-schult-de-regreso-al-futbol-despues-de-dar-a-luz-a-mellizos\/#newsarticle","name":"Almuth Schult, de regreso al f\u00fatbol despu\u00e9s de dar a luz a mellizos | Cand\u00e1s 365","headline":"Almuth Schult, de regreso al f\u00fatbol despu\u00e9s de dar a luz a mellizos","author":{"@id":"https:\/\/candas365.es\/noticias\/author\/admin\/#author"},"publisher":{"@id":"https:\/\/candas365.es\/noticias\/#organization"},"image":{"@type":"ImageObject","url":"https:\/\/candas365.es\/noticias\/wp-content\/uploads\/2020\/11\/Almuth-Schult.jpg","width":968,"height":615,"caption":"Almuth Schult, en acci\u00f3n en la porter\u00eda del Wolfsburgo. Foto: Sebastian Gollnow\/dpa"},"datePublished":"2020-11-25T13:24:05+01:00","dateModified":"2020-11-25T13:24:05+01:00","inLanguage":"es-ES","mainEntityOfPage":{"@id":"https:\/\/candas365.es\/noticias\/almuth-schult-de-regreso-al-futbol-despues-de-dar-a-luz-a-mellizos\/#webpage"},"isPartOf":{"@id":"https:\/\/candas365.es\/noticias\/almuth-schult-de-regreso-al-futbol-despues-de-dar-a-luz-a-mellizos\/#webpage"},"articleSection":"Deporte","dateline":"Publicado el noviembre 25, 2020."},{"@type":"Organization","@id":"https:\/\/candas365.es\/noticias\/#organization","name":"Cand\u00e1s 365","description":"Cand\u00e1s 365 es un diario digital independiente, fundado en 2012, con base en Asturias. Informamos con rigor sobre actualidad, sociedad, cultura y ocio, con una mirada local y global.","url":"https:\/\/candas365.es\/noticias\/","email":"info@candas365.es","telephone":"+34652131393","foundingDate":"2012-06-10","logo":{"@type":"ImageObject","url":"https:\/\/candas365.es\/noticias\/wp-content\/uploads\/2024\/09\/Candas-365-Redes.jpg","@id":"https:\/\/candas365.es\/noticias\/almuth-schult-de-regreso-al-futbol-despues-de-dar-a-luz-a-mellizos\/#organizationLogo","width":1152,"height":864,"caption":"Cand\u00e1s 365 Redes"},"image":{"@id":"https:\/\/candas365.es\/noticias\/almuth-schult-de-regreso-al-futbol-despues-de-dar-a-luz-a-mellizos\/#organizationLogo"},"sameAs":["https:\/\/www.facebook.com\/Nachofdezber","https:\/\/x.com\/NabercoDigital","https:\/\/www.instagram.com\/nachofdezber\/","https:\/\/www.youtube.com\/channel\/UCZP-2wLEB9Rv6erhFmqVnvg"],"address":{"@id":"https:\/\/candas365.es\/noticias\/#postaladdress","@type":"PostalAddress","streetAddress":"san antonio 4, san antonio 4","postalCode":"33430","addressLocality":"Cand\u00e1s","addressRegion":"Asturias","addressCountry":"ES"}},{"@type":"Person","@id":"https:\/\/candas365.es\/noticias\/author\/admin\/#author","url":"https:\/\/candas365.es\/noticias\/author\/admin\/","name":"Cand\u00e1s 365","image":{"@type":"ImageObject","@id":"https:\/\/candas365.es\/noticias\/almuth-schult-de-regreso-al-futbol-despues-de-dar-a-luz-a-mellizos\/#authorImage","url":"https:\/\/secure.gravatar.com\/avatar\/496a8e03d0c493ede1718b7934145dbdf8d89be1036b0eec9544e1094c9de390?s=96&d=mm&r=g","width":96,"height":96,"caption":"Cand\u00e1s 365"},"sameAs":["https:\/\/www.facebook.com\/carrenoactualidad","https:\/\/twitter.com\/nbasturias","https:\/\/www.instagram.com\/nachofdezber\/","https:\/\/www.youtube.com\/channel\/UCZP-2wLEB9Rv6erhFmqVnvg"]},{"@type":"WebPage","@id":"https:\/\/candas365.es\/noticias\/almuth-schult-de-regreso-al-futbol-despues-de-dar-a-luz-a-mellizos\/#webpage","url":"https:\/\/candas365.es\/noticias\/almuth-schult-de-regreso-al-futbol-despues-de-dar-a-luz-a-mellizos\/","name":"Almuth Schult, de regreso al f\u00fatbol despu\u00e9s de dar a luz a mellizos | Cand\u00e1s 365","description":"En abril, Almuth Schult, arquera de la selecci\u00f3n alemana femenina de f\u00fatbol, fue madre de mellizos","inLanguage":"es-ES","isPartOf":{"@id":"https:\/\/candas365.es\/noticias\/#website"},"breadcrumb":{"@id":"https:\/\/candas365.es\/noticias\/almuth-schult-de-regreso-al-futbol-despues-de-dar-a-luz-a-mellizos\/#breadcrumblist"},"author":{"@id":"https:\/\/candas365.es\/noticias\/author\/admin\/#author"},"creator":{"@id":"https:\/\/candas365.es\/noticias\/author\/admin\/#author"},"image":{"@type":"ImageObject","url":"https:\/\/candas365.es\/noticias\/wp-content\/uploads\/2020\/11\/Almuth-Schult.jpg","@id":"https:\/\/candas365.es\/noticias\/almuth-schult-de-regreso-al-futbol-despues-de-dar-a-luz-a-mellizos\/#mainImage","width":968,"height":615,"caption":"Almuth Schult, en acci\u00f3n en la porter\u00eda del Wolfsburgo. Foto: Sebastian Gollnow\/dpa"},"primaryImageOfPage":{"@id":"https:\/\/candas365.es\/noticias\/almuth-schult-de-regreso-al-futbol-despues-de-dar-a-luz-a-mellizos\/#mainImage"},"datePublished":"2020-11-25T13:24:05+01:00","dateModified":"2020-11-25T13:24:05+01:00"},{"@type":"WebSite","@id":"https:\/\/candas365.es\/noticias\/#website","url":"https:\/\/candas365.es\/noticias\/","name":"Cand\u00e1s 365","alternateName":"Cand\u00e1s 365 Noticias","description":"Actualidad desde Carre\u00f1o para el mundo","inLanguage":"es-ES","publisher":{"@id":"https:\/\/candas365.es\/noticias\/#organization"}}]},"og:locale":"es_ES","og:site_name":"Cand\u00e1s 365","og:type":"article","og:title":"Almuth Schult, de regreso al f\u00fatbol despu\u00e9s de dar a luz a mellizos | Cand\u00e1s 365","og:description":"En abril, Almuth Schult, arquera de la selecci\u00f3n alemana femenina de f\u00fatbol, fue madre de mellizos","og:url":"https:\/\/candas365.es\/noticias\/almuth-schult-de-regreso-al-futbol-despues-de-dar-a-luz-a-mellizos\/","og:image":"https:\/\/candas365.es\/noticias\/wp-content\/uploads\/2020\/11\/Almuth-Schult.jpg","og:image:secure_url":"https:\/\/candas365.es\/noticias\/wp-content\/uploads\/2020\/11\/Almuth-Schult.jpg","og:image:width":968,"og:image:height":615,"article:published_time":"2020-11-25T13:24:05+00:00","article:modified_time":"2020-11-25T13:24:05+00:00","article:publisher":"https:\/\/www.facebook.com\/Nachofdezber","article:author":"https:\/\/www.facebook.com\/carrenoactualidad","twitter:card":"summary_large_image","twitter:site":"@NabercoDigital","twitter:title":"Almuth Schult, de regreso al f\u00fatbol despu\u00e9s de dar a luz a mellizos | Cand\u00e1s 365","twitter:description":"En abril, Almuth Schult, arquera de la selecci\u00f3n alemana femenina de f\u00fatbol, fue madre de mellizos","twitter:creator":"@nbasturias","twitter:image":"https:\/\/candas365.es\/noticias\/wp-content\/uploads\/2020\/11\/Almuth-Schult.jpg","twitter:label1":"Escrito por","twitter:data1":"Cand\u00e1s 365","twitter:label2":"Tiempo de lectura estimado","twitter:data2":"4 minutos"},"aioseo_meta_data":{"post_id":"148757","title":"Almuth Schult, de regreso al f\u00fatbol despu\u00e9s de dar a luz a mellizos | #site_title","description":"En abril, Almuth Schult, arquera de la selecci\u00f3n alemana femenina de f\u00fatbol, fue madre de mellizos","keywords":[{"label":"F\u00fatbol","value":"F\u00fatbol"},{"label":"Mujeres","value":"Mujeres"}],"keyphrases":null,"primary_term":null,"canonical_url":"","og_title":null,"og_description":null,"og_object_type":"default","og_image_type":"default","og_image_url":null,"og_image_width":null,"og_image_height":null,"og_image_custom_url":null,"og_image_custom_fields":null,"og_video":null,"og_custom_url":null,"og_article_section":null,"og_article_tags":null,"twitter_use_og":false,"twitter_card":"default","twitter_image_type":"default","twitter_image_url":null,"twitter_image_custom_url":null,"twitter_image_custom_fields":null,"twitter_title":null,"twitter_description":null,"schema":{"blockGraphs":[],"customGraphs":[],"default":{"data":{"Article":[],"Course":[],"Dataset":[],"FAQPage":[],"Movie":[],"Person":[],"Product":[],"ProductReview":[],"Car":[],"Recipe":[],"Service":[],"SoftwareApplication":[],"WebPage":[]},"graphName":"","isEnabled":true},"graphs":[],"defaultGraph":"","defaultPostTypeGraph":""},"schema_type":null,"schema_type_options":null,"pillar_content":false,"robots_default":true,"robots_noindex":false,"robots_noarchive":false,"robots_nosnippet":false,"robots_nofollow":false,"robots_noimageindex":false,"robots_noodp":false,"robots_notranslate":false,"robots_max_snippet":null,"robots_max_videopreview":null,"robots_max_imagepreview":"large","priority":null,"frequency":null,"location":null,"local_seo":null,"seo_analyzer_scan_date":"2025-08-31 13:56:10","breadcrumb_settings":null,"limit_modified_date":false,"reviewed_by":null,"open_ai":null,"ai":null,"created":"2020-12-21 10:38:09","updated":"2025-08-31 13:56:10"},"aioseo_breadcrumb":"<div class=\"aioseo-breadcrumbs\"><span class=\"aioseo-breadcrumb\">\n\t<a href=\"https:\/\/candas365.es\/noticias\" title=\"Home\">Home<\/a>\n<\/span><span class=\"aioseo-breadcrumb-separator\">&ndash;<\/span><span class=\"aioseo-breadcrumb\">\n\t<a href=\"https:\/\/candas365.es\/noticias\/category\/deporte\/\" title=\"Deporte\">Deporte<\/a>\n<\/span><span class=\"aioseo-breadcrumb-separator\">&ndash;<\/span><span class=\"aioseo-breadcrumb\">\n\tAlmuth Schult, de regreso al f\u00fatbol despu\u00e9s de dar a luz a mellizos\n<\/span><\/div>","aioseo_breadcrumb_json":[{"label":"Home","link":"https:\/\/candas365.es\/noticias"},{"label":"Deporte","link":"https:\/\/candas365.es\/noticias\/category\/deporte\/"},{"label":"Almuth Schult, de regreso al f\u00fatbol despu\u00e9s de dar a luz a mellizos","link":"https:\/\/candas365.es\/noticias\/almuth-schult-de-regreso-al-futbol-despues-de-dar-a-luz-a-mellizos\/"}],"_links":{"self":[{"href":"https:\/\/candas365.es\/noticias\/wp-json\/wp\/v2\/posts\/148757","targetHints":{"allow":["GET"]}}],"collection":[{"href":"https:\/\/candas365.es\/noticias\/wp-json\/wp\/v2\/posts"}],"about":[{"href":"https:\/\/candas365.es\/noticias\/wp-json\/wp\/v2\/types\/post"}],"author":[{"embeddable":true,"href":"https:\/\/candas365.es\/noticias\/wp-json\/wp\/v2\/users\/1"}],"replies":[{"embeddable":true,"href":"https:\/\/candas365.es\/noticias\/wp-json\/wp\/v2\/comments?post=148757"}],"version-history":[{"count":0,"href":"https:\/\/candas365.es\/noticias\/wp-json\/wp\/v2\/posts\/148757\/revisions"}],"wp:featuredmedia":[{"embeddable":true,"href":"https:\/\/candas365.es\/noticias\/wp-json\/wp\/v2\/media\/148758"}],"wp:attachment":[{"href":"https:\/\/candas365.es\/noticias\/wp-json\/wp\/v2\/media?parent=148757"}],"wp:term":[{"taxonomy":"category","embeddable":true,"href":"https:\/\/candas365.es\/noticias\/wp-json\/wp\/v2\/categories?post=148757"},{"taxonomy":"post_tag","embeddable":true,"href":"https:\/\/candas365.es\/noticias\/wp-json\/wp\/v2\/tags?post=148757"}],"curies":[{"name":"wp","href":"https:\/\/api.w.org\/{rel}","templated":true}]}}