{"id":148725,"date":"2020-11-24T15:21:28","date_gmt":"2020-11-24T15:21:28","guid":{"rendered":"http:\/\/candas365.es\/noticias\/?p=148725"},"modified":"2020-11-24T15:21:28","modified_gmt":"2020-11-24T15:21:28","slug":"nueva-reunion-de-joachim-low-con-la-cupula-de-la-dfb","status":"publish","type":"post","link":"https:\/\/candas365.es\/noticias\/nueva-reunion-de-joachim-low-con-la-cupula-de-la-dfb\/","title":{"rendered":"Nueva reuni\u00f3n de Joachim L\u00f6w con la c\u00fapula de la DFB"},"content":{"rendered":"<figure id=\"attachment_148726\" aria-describedby=\"caption-attachment-148726\" style=\"width: 360px\" class=\"wp-caption alignleft\"><img fetchpriority=\"high\" decoding=\"async\" class=\"size-medium wp-image-148726\" src=\"https:\/\/candas365.es\/noticias\/wp-content\/uploads\/2020\/11\/Joachim-Low-360x244.jpg\" alt=\"Joachim L\u00f6w\" width=\"360\" height=\"244\" srcset=\"https:\/\/candas365.es\/noticias\/wp-content\/uploads\/2020\/11\/Joachim-Low-360x244.jpg 360w, https:\/\/candas365.es\/noticias\/wp-content\/uploads\/2020\/11\/Joachim-Low-650x440.jpg 650w, https:\/\/candas365.es\/noticias\/wp-content\/uploads\/2020\/11\/Joachim-Low-768x520.jpg 768w, https:\/\/candas365.es\/noticias\/wp-content\/uploads\/2020\/11\/Joachim-Low.jpg 980w\" sizes=\"(max-width: 360px) 100vw, 360px\" \/><figcaption id=\"caption-attachment-148726\" class=\"wp-caption-text\">El seleccionador alem\u00e1n de f\u00fatbol, Joachim L\u00f6w. Foto: Robert Michael\/dpa-Zentralbild\/dpa<\/figcaption><\/figure>\n<p>Fr\u00e1ncfort, 24 nov (dpa) &#8211; El seleccionador alem\u00e1n de f\u00fatbol, Joachim L\u00f6w, tiene previsto reunirse con la c\u00fapula directiva de la Federaci\u00f3n Alemana de F\u00fatbol (DFB) el pr\u00f3ximo 4 de diciembre, pero el peri\u00f3dico \u00abBild\u00bb asegura en su edici\u00f3n de hoy que antes tendr\u00e1 una reuni\u00f3n con el presidente y el vicepresidente de la DFB.<\/p>\n<p>La reuni\u00f3n prevista con anterioridad con los m\u00e1ximos directivos de la de la DFB tratar\u00e1 sobre el futuro del seleccionador alem\u00e1n, pero ahora se plantea un nuevo encuentro con el presidente Fritz Keller y el primer vicepresidente Peter Peters.<\/p>\n<p>El 4 de diciembre, el director de la DFB, Oliver Bierhoff, analizar\u00e1 en primer lugar el \u00faltimo resultado de la selecci\u00f3n dirigida por L\u00f6w, el 6-0 encajado ante Espa\u00f1a en Sevilla, as\u00ed como la \u00abevoluci\u00f3n general del equipo en los \u00faltimos dos a\u00f1os\u00bb.<\/p>\n<p>La DFB estar\u00eda dando tiempo al controvertido L\u00f6w, de 60 a\u00f1os, para poder realizar un examen a fondo de la situaci\u00f3n, en dos sentidos: deportivo y personal. \u00abDeportivo, para analizar las causas de la clara derrota de Sevilla. Y personal, para poder aceptar su propia gran decepci\u00f3n,\u00bb anunci\u00f3 la DFB el lunes.<\/p>\n<p>La entidad federativa anunci\u00f3 que solo despu\u00e9s de esta reuni\u00f3n de los \u00f3rganos directivos de la DFB con L\u00f6w se \u00abinformar\u00e1 en el momento oportuno sobre sus resultados y los pr\u00f3ximos pasos\u00bb a dar.<\/p>\n","protected":false},"excerpt":{"rendered":"<p>Fr\u00e1ncfort, 24 nov (dpa) &#8211; El seleccionador alem\u00e1n de f\u00fatbol, Joachim L\u00f6w, tiene previsto reunirse con la c\u00fapula directiva de la Federaci\u00f3n Alemana de F\u00fatbol (DFB) el pr\u00f3ximo 4 de diciembre, pero el peri\u00f3dico \u00abBild\u00bb asegura en su edici\u00f3n de hoy que antes tendr\u00e1 una reuni\u00f3n con el presidente y el vicepresidente de la DFB.<\/p>\n","protected":false},"author":1,"featured_media":148726,"comment_status":"closed","ping_status":"closed","sticky":false,"template":"","format":"standard","meta":{"footnotes":""},"categories":[319],"tags":[],"class_list":{"0":"post-148725","1":"post","2":"type-post","3":"status-publish","4":"format-standard","5":"has-post-thumbnail","7":"category-deporte"},"aioseo_notices":[],"aioseo_head":"\n\t\t<!-- All in One SEO Pro 4.9.6.2 - aioseo.com -->\n\t<meta name=\"description\" content=\"El seleccionador alem\u00e1n de f\u00fatbol, Joachim L\u00f6w, tiene previsto reunirse con la c\u00fapula directiva de la Federaci\u00f3n Alemana de F\u00fatbol\" \/>\n\t<meta name=\"robots\" content=\"max-image-preview:large\" \/>\n\t<meta name=\"author\" content=\"Cand\u00e1s 365\"\/>\n\t<meta name=\"google-site-verification\" content=\"UA-32230408-1\" \/>\n\t<meta name=\"msvalidate.01\" content=\"354F3CDFB2DA171B47FBE9ABF1F88D5\" \/>\n\t<meta name=\"keywords\" content=\"deportes,f\u00fatbol,deporte\" \/>\n\t<link rel=\"canonical\" href=\"https:\/\/candas365.es\/noticias\/nueva-reunion-de-joachim-low-con-la-cupula-de-la-dfb\/\" \/>\n\t<meta name=\"generator\" content=\"All in One SEO Pro (AIOSEO) 4.9.6.2\" \/>\n\t\t<meta property=\"og:locale\" content=\"es_ES\" \/>\n\t\t<meta property=\"og:site_name\" content=\"Cand\u00e1s 365\" \/>\n\t\t<meta property=\"og:type\" content=\"article\" \/>\n\t\t<meta property=\"og:title\" content=\"Nueva reuni\u00f3n de Joachim L\u00f6w con la c\u00fapula de la DFB | Cand\u00e1s 365\" \/>\n\t\t<meta property=\"og:description\" content=\"El seleccionador alem\u00e1n de f\u00fatbol, Joachim L\u00f6w, tiene previsto reunirse con la c\u00fapula directiva de la Federaci\u00f3n Alemana de F\u00fatbol\" \/>\n\t\t<meta property=\"og:url\" content=\"https:\/\/candas365.es\/noticias\/nueva-reunion-de-joachim-low-con-la-cupula-de-la-dfb\/\" \/>\n\t\t<meta property=\"og:image\" content=\"https:\/\/candas365.es\/noticias\/wp-content\/uploads\/2020\/11\/Joachim-Low.jpg\" \/>\n\t\t<meta property=\"og:image:secure_url\" content=\"https:\/\/candas365.es\/noticias\/wp-content\/uploads\/2020\/11\/Joachim-Low.jpg\" \/>\n\t\t<meta property=\"og:image:width\" content=\"980\" \/>\n\t\t<meta property=\"og:image:height\" content=\"664\" \/>\n\t\t<meta property=\"article:published_time\" content=\"2020-11-24T15:21:28+00:00\" \/>\n\t\t<meta property=\"article:modified_time\" content=\"2020-11-24T15:21:28+00:00\" \/>\n\t\t<meta property=\"article:publisher\" content=\"https:\/\/www.facebook.com\/Nachofdezber\" \/>\n\t\t<meta property=\"article:author\" content=\"https:\/\/www.facebook.com\/carrenoactualidad\" \/>\n\t\t<meta name=\"twitter:card\" content=\"summary_large_image\" \/>\n\t\t<meta name=\"twitter:site\" content=\"@NabercoDigital\" \/>\n\t\t<meta name=\"twitter:title\" content=\"Nueva reuni\u00f3n de Joachim L\u00f6w con la c\u00fapula de la DFB | Cand\u00e1s 365\" \/>\n\t\t<meta name=\"twitter:description\" content=\"El seleccionador alem\u00e1n de f\u00fatbol, Joachim L\u00f6w, tiene previsto reunirse con la c\u00fapula directiva de la Federaci\u00f3n Alemana de F\u00fatbol\" \/>\n\t\t<meta name=\"twitter:creator\" content=\"@nbasturias\" \/>\n\t\t<meta name=\"twitter:image\" content=\"https:\/\/candas365.es\/noticias\/wp-content\/uploads\/2020\/11\/Joachim-Low.jpg\" \/>\n\t\t<meta name=\"twitter:label1\" content=\"Escrito por\" \/>\n\t\t<meta name=\"twitter:data1\" content=\"Cand\u00e1s 365\" \/>\n\t\t<meta name=\"twitter:label2\" content=\"Tiempo de lectura estimado\" \/>\n\t\t<meta name=\"twitter:data2\" content=\"1 minuto\" \/>\n\t\t<script type=\"application\/ld+json\" class=\"aioseo-schema\">\n\t\t\t{\"@context\":\"https:\\\/\\\/schema.org\",\"@graph\":[{\"@type\":\"BreadcrumbList\",\"@id\":\"https:\\\/\\\/candas365.es\\\/noticias\\\/nueva-reunion-de-joachim-low-con-la-cupula-de-la-dfb\\\/#breadcrumblist\",\"itemListElement\":[{\"@type\":\"ListItem\",\"@id\":\"https:\\\/\\\/candas365.es\\\/noticias#listItem\",\"position\":1,\"name\":\"Home\",\"item\":\"https:\\\/\\\/candas365.es\\\/noticias\",\"nextItem\":{\"@type\":\"ListItem\",\"@id\":\"https:\\\/\\\/candas365.es\\\/noticias\\\/category\\\/deporte\\\/#listItem\",\"name\":\"Deporte\"}},{\"@type\":\"ListItem\",\"@id\":\"https:\\\/\\\/candas365.es\\\/noticias\\\/category\\\/deporte\\\/#listItem\",\"position\":2,\"name\":\"Deporte\",\"item\":\"https:\\\/\\\/candas365.es\\\/noticias\\\/category\\\/deporte\\\/\",\"nextItem\":{\"@type\":\"ListItem\",\"@id\":\"https:\\\/\\\/candas365.es\\\/noticias\\\/nueva-reunion-de-joachim-low-con-la-cupula-de-la-dfb\\\/#listItem\",\"name\":\"Nueva reuni\\u00f3n de Joachim L\\u00f6w con la c\\u00fapula de la DFB\"},\"previousItem\":{\"@type\":\"ListItem\",\"@id\":\"https:\\\/\\\/candas365.es\\\/noticias#listItem\",\"name\":\"Home\"}},{\"@type\":\"ListItem\",\"@id\":\"https:\\\/\\\/candas365.es\\\/noticias\\\/nueva-reunion-de-joachim-low-con-la-cupula-de-la-dfb\\\/#listItem\",\"position\":3,\"name\":\"Nueva reuni\\u00f3n de Joachim L\\u00f6w con la c\\u00fapula de la DFB\",\"previousItem\":{\"@type\":\"ListItem\",\"@id\":\"https:\\\/\\\/candas365.es\\\/noticias\\\/category\\\/deporte\\\/#listItem\",\"name\":\"Deporte\"}}]},{\"@type\":\"NewsArticle\",\"@id\":\"https:\\\/\\\/candas365.es\\\/noticias\\\/nueva-reunion-de-joachim-low-con-la-cupula-de-la-dfb\\\/#newsarticle\",\"name\":\"Nueva reuni\\u00f3n de Joachim L\\u00f6w con la c\\u00fapula de la DFB | Cand\\u00e1s 365\",\"headline\":\"Nueva reuni\\u00f3n de Joachim L\\u00f6w con la c\\u00fapula de la DFB\",\"author\":{\"@id\":\"https:\\\/\\\/candas365.es\\\/noticias\\\/author\\\/admin\\\/#author\"},\"publisher\":{\"@id\":\"https:\\\/\\\/candas365.es\\\/noticias\\\/#organization\"},\"image\":{\"@type\":\"ImageObject\",\"url\":\"https:\\\/\\\/candas365.es\\\/noticias\\\/wp-content\\\/uploads\\\/2020\\\/11\\\/Joachim-Low.jpg\",\"width\":980,\"height\":664,\"caption\":\"El seleccionador alem\\u00e1n de f\\u00fatbol, Joachim L\\u00f6w. Foto: Robert Michael\\\/dpa-Zentralbild\\\/dpa\"},\"datePublished\":\"2020-11-24T15:21:28+01:00\",\"dateModified\":\"2020-11-24T15:21:28+01:00\",\"inLanguage\":\"es-ES\",\"mainEntityOfPage\":{\"@id\":\"https:\\\/\\\/candas365.es\\\/noticias\\\/nueva-reunion-de-joachim-low-con-la-cupula-de-la-dfb\\\/#webpage\"},\"isPartOf\":{\"@id\":\"https:\\\/\\\/candas365.es\\\/noticias\\\/nueva-reunion-de-joachim-low-con-la-cupula-de-la-dfb\\\/#webpage\"},\"articleSection\":\"Deporte\",\"dateline\":\"Publicado el noviembre 24, 2020.\"},{\"@type\":\"Organization\",\"@id\":\"https:\\\/\\\/candas365.es\\\/noticias\\\/#organization\",\"name\":\"Cand\\u00e1s 365\",\"description\":\"Cand\\u00e1s 365 es un diario digital independiente, fundado en 2012, con base en Asturias. Informamos con rigor sobre actualidad, sociedad, cultura y ocio, con una mirada local y global.\",\"url\":\"https:\\\/\\\/candas365.es\\\/noticias\\\/\",\"email\":\"info@candas365.es\",\"telephone\":\"+34652131393\",\"foundingDate\":\"2012-06-10\",\"logo\":{\"@type\":\"ImageObject\",\"url\":\"https:\\\/\\\/candas365.es\\\/noticias\\\/wp-content\\\/uploads\\\/2024\\\/09\\\/Candas-365-Redes.jpg\",\"@id\":\"https:\\\/\\\/candas365.es\\\/noticias\\\/nueva-reunion-de-joachim-low-con-la-cupula-de-la-dfb\\\/#organizationLogo\",\"width\":1152,\"height\":864,\"caption\":\"Cand\\u00e1s 365 Redes\"},\"image\":{\"@id\":\"https:\\\/\\\/candas365.es\\\/noticias\\\/nueva-reunion-de-joachim-low-con-la-cupula-de-la-dfb\\\/#organizationLogo\"},\"sameAs\":[\"https:\\\/\\\/www.facebook.com\\\/Nachofdezber\",\"https:\\\/\\\/x.com\\\/NabercoDigital\",\"https:\\\/\\\/www.instagram.com\\\/nachofdezber\\\/\",\"https:\\\/\\\/www.youtube.com\\\/channel\\\/UCZP-2wLEB9Rv6erhFmqVnvg\"],\"address\":{\"@id\":\"https:\\\/\\\/candas365.es\\\/noticias\\\/#postaladdress\",\"@type\":\"PostalAddress\",\"streetAddress\":\"san antonio 4, san antonio 4\",\"postalCode\":\"33430\",\"addressLocality\":\"Cand\\u00e1s\",\"addressRegion\":\"Asturias\",\"addressCountry\":\"ES\"}},{\"@type\":\"Person\",\"@id\":\"https:\\\/\\\/candas365.es\\\/noticias\\\/author\\\/admin\\\/#author\",\"url\":\"https:\\\/\\\/candas365.es\\\/noticias\\\/author\\\/admin\\\/\",\"name\":\"Cand\\u00e1s 365\",\"image\":{\"@type\":\"ImageObject\",\"@id\":\"https:\\\/\\\/candas365.es\\\/noticias\\\/nueva-reunion-de-joachim-low-con-la-cupula-de-la-dfb\\\/#authorImage\",\"url\":\"https:\\\/\\\/secure.gravatar.com\\\/avatar\\\/496a8e03d0c493ede1718b7934145dbdf8d89be1036b0eec9544e1094c9de390?s=96&d=mm&r=g\",\"width\":96,\"height\":96,\"caption\":\"Cand\\u00e1s 365\"},\"sameAs\":[\"https:\\\/\\\/www.facebook.com\\\/carrenoactualidad\",\"https:\\\/\\\/twitter.com\\\/nbasturias\",\"https:\\\/\\\/www.instagram.com\\\/nachofdezber\\\/\",\"https:\\\/\\\/www.youtube.com\\\/channel\\\/UCZP-2wLEB9Rv6erhFmqVnvg\"]},{\"@type\":\"WebPage\",\"@id\":\"https:\\\/\\\/candas365.es\\\/noticias\\\/nueva-reunion-de-joachim-low-con-la-cupula-de-la-dfb\\\/#webpage\",\"url\":\"https:\\\/\\\/candas365.es\\\/noticias\\\/nueva-reunion-de-joachim-low-con-la-cupula-de-la-dfb\\\/\",\"name\":\"Nueva reuni\\u00f3n de Joachim L\\u00f6w con la c\\u00fapula de la DFB | Cand\\u00e1s 365\",\"description\":\"El seleccionador alem\\u00e1n de f\\u00fatbol, Joachim L\\u00f6w, tiene previsto reunirse con la c\\u00fapula directiva de la Federaci\\u00f3n Alemana de F\\u00fatbol\",\"inLanguage\":\"es-ES\",\"isPartOf\":{\"@id\":\"https:\\\/\\\/candas365.es\\\/noticias\\\/#website\"},\"breadcrumb\":{\"@id\":\"https:\\\/\\\/candas365.es\\\/noticias\\\/nueva-reunion-de-joachim-low-con-la-cupula-de-la-dfb\\\/#breadcrumblist\"},\"author\":{\"@id\":\"https:\\\/\\\/candas365.es\\\/noticias\\\/author\\\/admin\\\/#author\"},\"creator\":{\"@id\":\"https:\\\/\\\/candas365.es\\\/noticias\\\/author\\\/admin\\\/#author\"},\"image\":{\"@type\":\"ImageObject\",\"url\":\"https:\\\/\\\/candas365.es\\\/noticias\\\/wp-content\\\/uploads\\\/2020\\\/11\\\/Joachim-Low.jpg\",\"@id\":\"https:\\\/\\\/candas365.es\\\/noticias\\\/nueva-reunion-de-joachim-low-con-la-cupula-de-la-dfb\\\/#mainImage\",\"width\":980,\"height\":664,\"caption\":\"El seleccionador alem\\u00e1n de f\\u00fatbol, Joachim L\\u00f6w. Foto: Robert Michael\\\/dpa-Zentralbild\\\/dpa\"},\"primaryImageOfPage\":{\"@id\":\"https:\\\/\\\/candas365.es\\\/noticias\\\/nueva-reunion-de-joachim-low-con-la-cupula-de-la-dfb\\\/#mainImage\"},\"datePublished\":\"2020-11-24T15:21:28+01:00\",\"dateModified\":\"2020-11-24T15:21:28+01:00\"},{\"@type\":\"WebSite\",\"@id\":\"https:\\\/\\\/candas365.es\\\/noticias\\\/#website\",\"url\":\"https:\\\/\\\/candas365.es\\\/noticias\\\/\",\"name\":\"Cand\\u00e1s 365\",\"alternateName\":\"Cand\\u00e1s 365 Noticias\",\"description\":\"Actualidad desde Carre\\u00f1o para el mundo\",\"inLanguage\":\"es-ES\",\"publisher\":{\"@id\":\"https:\\\/\\\/candas365.es\\\/noticias\\\/#organization\"}}]}\n\t\t<\/script>\n\t\t<!-- All in One SEO Pro -->\r\n\t\t<title>Nueva reuni\u00f3n de Joachim L\u00f6w con la c\u00fapula de la DFB | Cand\u00e1s 365<\/title>\n\n","aioseo_head_json":{"title":"Nueva reuni\u00f3n de Joachim L\u00f6w con la c\u00fapula de la DFB | Cand\u00e1s 365","description":"El seleccionador alem\u00e1n de f\u00fatbol, Joachim L\u00f6w, tiene previsto reunirse con la c\u00fapula directiva de la Federaci\u00f3n Alemana de F\u00fatbol","canonical_url":"https:\/\/candas365.es\/noticias\/nueva-reunion-de-joachim-low-con-la-cupula-de-la-dfb\/","robots":"max-image-preview:large","keywords":"deportes,f\u00fatbol,deporte","webmasterTools":{"google-site-verification":"UA-32230408-1","msvalidate.01":"354F3CDFB2DA171B47FBE9ABF1F88D5","miscellaneous":""},"schema":{"@context":"https:\/\/schema.org","@graph":[{"@type":"BreadcrumbList","@id":"https:\/\/candas365.es\/noticias\/nueva-reunion-de-joachim-low-con-la-cupula-de-la-dfb\/#breadcrumblist","itemListElement":[{"@type":"ListItem","@id":"https:\/\/candas365.es\/noticias#listItem","position":1,"name":"Home","item":"https:\/\/candas365.es\/noticias","nextItem":{"@type":"ListItem","@id":"https:\/\/candas365.es\/noticias\/category\/deporte\/#listItem","name":"Deporte"}},{"@type":"ListItem","@id":"https:\/\/candas365.es\/noticias\/category\/deporte\/#listItem","position":2,"name":"Deporte","item":"https:\/\/candas365.es\/noticias\/category\/deporte\/","nextItem":{"@type":"ListItem","@id":"https:\/\/candas365.es\/noticias\/nueva-reunion-de-joachim-low-con-la-cupula-de-la-dfb\/#listItem","name":"Nueva reuni\u00f3n de Joachim L\u00f6w con la c\u00fapula de la DFB"},"previousItem":{"@type":"ListItem","@id":"https:\/\/candas365.es\/noticias#listItem","name":"Home"}},{"@type":"ListItem","@id":"https:\/\/candas365.es\/noticias\/nueva-reunion-de-joachim-low-con-la-cupula-de-la-dfb\/#listItem","position":3,"name":"Nueva reuni\u00f3n de Joachim L\u00f6w con la c\u00fapula de la DFB","previousItem":{"@type":"ListItem","@id":"https:\/\/candas365.es\/noticias\/category\/deporte\/#listItem","name":"Deporte"}}]},{"@type":"NewsArticle","@id":"https:\/\/candas365.es\/noticias\/nueva-reunion-de-joachim-low-con-la-cupula-de-la-dfb\/#newsarticle","name":"Nueva reuni\u00f3n de Joachim L\u00f6w con la c\u00fapula de la DFB | Cand\u00e1s 365","headline":"Nueva reuni\u00f3n de Joachim L\u00f6w con la c\u00fapula de la DFB","author":{"@id":"https:\/\/candas365.es\/noticias\/author\/admin\/#author"},"publisher":{"@id":"https:\/\/candas365.es\/noticias\/#organization"},"image":{"@type":"ImageObject","url":"https:\/\/candas365.es\/noticias\/wp-content\/uploads\/2020\/11\/Joachim-Low.jpg","width":980,"height":664,"caption":"El seleccionador alem\u00e1n de f\u00fatbol, Joachim L\u00f6w. Foto: Robert Michael\/dpa-Zentralbild\/dpa"},"datePublished":"2020-11-24T15:21:28+01:00","dateModified":"2020-11-24T15:21:28+01:00","inLanguage":"es-ES","mainEntityOfPage":{"@id":"https:\/\/candas365.es\/noticias\/nueva-reunion-de-joachim-low-con-la-cupula-de-la-dfb\/#webpage"},"isPartOf":{"@id":"https:\/\/candas365.es\/noticias\/nueva-reunion-de-joachim-low-con-la-cupula-de-la-dfb\/#webpage"},"articleSection":"Deporte","dateline":"Publicado el noviembre 24, 2020."},{"@type":"Organization","@id":"https:\/\/candas365.es\/noticias\/#organization","name":"Cand\u00e1s 365","description":"Cand\u00e1s 365 es un diario digital independiente, fundado en 2012, con base en Asturias. Informamos con rigor sobre actualidad, sociedad, cultura y ocio, con una mirada local y global.","url":"https:\/\/candas365.es\/noticias\/","email":"info@candas365.es","telephone":"+34652131393","foundingDate":"2012-06-10","logo":{"@type":"ImageObject","url":"https:\/\/candas365.es\/noticias\/wp-content\/uploads\/2024\/09\/Candas-365-Redes.jpg","@id":"https:\/\/candas365.es\/noticias\/nueva-reunion-de-joachim-low-con-la-cupula-de-la-dfb\/#organizationLogo","width":1152,"height":864,"caption":"Cand\u00e1s 365 Redes"},"image":{"@id":"https:\/\/candas365.es\/noticias\/nueva-reunion-de-joachim-low-con-la-cupula-de-la-dfb\/#organizationLogo"},"sameAs":["https:\/\/www.facebook.com\/Nachofdezber","https:\/\/x.com\/NabercoDigital","https:\/\/www.instagram.com\/nachofdezber\/","https:\/\/www.youtube.com\/channel\/UCZP-2wLEB9Rv6erhFmqVnvg"],"address":{"@id":"https:\/\/candas365.es\/noticias\/#postaladdress","@type":"PostalAddress","streetAddress":"san antonio 4, san antonio 4","postalCode":"33430","addressLocality":"Cand\u00e1s","addressRegion":"Asturias","addressCountry":"ES"}},{"@type":"Person","@id":"https:\/\/candas365.es\/noticias\/author\/admin\/#author","url":"https:\/\/candas365.es\/noticias\/author\/admin\/","name":"Cand\u00e1s 365","image":{"@type":"ImageObject","@id":"https:\/\/candas365.es\/noticias\/nueva-reunion-de-joachim-low-con-la-cupula-de-la-dfb\/#authorImage","url":"https:\/\/secure.gravatar.com\/avatar\/496a8e03d0c493ede1718b7934145dbdf8d89be1036b0eec9544e1094c9de390?s=96&d=mm&r=g","width":96,"height":96,"caption":"Cand\u00e1s 365"},"sameAs":["https:\/\/www.facebook.com\/carrenoactualidad","https:\/\/twitter.com\/nbasturias","https:\/\/www.instagram.com\/nachofdezber\/","https:\/\/www.youtube.com\/channel\/UCZP-2wLEB9Rv6erhFmqVnvg"]},{"@type":"WebPage","@id":"https:\/\/candas365.es\/noticias\/nueva-reunion-de-joachim-low-con-la-cupula-de-la-dfb\/#webpage","url":"https:\/\/candas365.es\/noticias\/nueva-reunion-de-joachim-low-con-la-cupula-de-la-dfb\/","name":"Nueva reuni\u00f3n de Joachim L\u00f6w con la c\u00fapula de la DFB | Cand\u00e1s 365","description":"El seleccionador alem\u00e1n de f\u00fatbol, Joachim L\u00f6w, tiene previsto reunirse con la c\u00fapula directiva de la Federaci\u00f3n Alemana de F\u00fatbol","inLanguage":"es-ES","isPartOf":{"@id":"https:\/\/candas365.es\/noticias\/#website"},"breadcrumb":{"@id":"https:\/\/candas365.es\/noticias\/nueva-reunion-de-joachim-low-con-la-cupula-de-la-dfb\/#breadcrumblist"},"author":{"@id":"https:\/\/candas365.es\/noticias\/author\/admin\/#author"},"creator":{"@id":"https:\/\/candas365.es\/noticias\/author\/admin\/#author"},"image":{"@type":"ImageObject","url":"https:\/\/candas365.es\/noticias\/wp-content\/uploads\/2020\/11\/Joachim-Low.jpg","@id":"https:\/\/candas365.es\/noticias\/nueva-reunion-de-joachim-low-con-la-cupula-de-la-dfb\/#mainImage","width":980,"height":664,"caption":"El seleccionador alem\u00e1n de f\u00fatbol, Joachim L\u00f6w. Foto: Robert Michael\/dpa-Zentralbild\/dpa"},"primaryImageOfPage":{"@id":"https:\/\/candas365.es\/noticias\/nueva-reunion-de-joachim-low-con-la-cupula-de-la-dfb\/#mainImage"},"datePublished":"2020-11-24T15:21:28+01:00","dateModified":"2020-11-24T15:21:28+01:00"},{"@type":"WebSite","@id":"https:\/\/candas365.es\/noticias\/#website","url":"https:\/\/candas365.es\/noticias\/","name":"Cand\u00e1s 365","alternateName":"Cand\u00e1s 365 Noticias","description":"Actualidad desde Carre\u00f1o para el mundo","inLanguage":"es-ES","publisher":{"@id":"https:\/\/candas365.es\/noticias\/#organization"}}]},"og:locale":"es_ES","og:site_name":"Cand\u00e1s 365","og:type":"article","og:title":"Nueva reuni\u00f3n de Joachim L\u00f6w con la c\u00fapula de la DFB | Cand\u00e1s 365","og:description":"El seleccionador alem\u00e1n de f\u00fatbol, Joachim L\u00f6w, tiene previsto reunirse con la c\u00fapula directiva de la Federaci\u00f3n Alemana de F\u00fatbol","og:url":"https:\/\/candas365.es\/noticias\/nueva-reunion-de-joachim-low-con-la-cupula-de-la-dfb\/","og:image":"https:\/\/candas365.es\/noticias\/wp-content\/uploads\/2020\/11\/Joachim-Low.jpg","og:image:secure_url":"https:\/\/candas365.es\/noticias\/wp-content\/uploads\/2020\/11\/Joachim-Low.jpg","og:image:width":980,"og:image:height":664,"article:published_time":"2020-11-24T15:21:28+00:00","article:modified_time":"2020-11-24T15:21:28+00:00","article:publisher":"https:\/\/www.facebook.com\/Nachofdezber","article:author":"https:\/\/www.facebook.com\/carrenoactualidad","twitter:card":"summary_large_image","twitter:site":"@NabercoDigital","twitter:title":"Nueva reuni\u00f3n de Joachim L\u00f6w con la c\u00fapula de la DFB | Cand\u00e1s 365","twitter:description":"El seleccionador alem\u00e1n de f\u00fatbol, Joachim L\u00f6w, tiene previsto reunirse con la c\u00fapula directiva de la Federaci\u00f3n Alemana de F\u00fatbol","twitter:creator":"@nbasturias","twitter:image":"https:\/\/candas365.es\/noticias\/wp-content\/uploads\/2020\/11\/Joachim-Low.jpg","twitter:label1":"Escrito por","twitter:data1":"Cand\u00e1s 365","twitter:label2":"Tiempo de lectura estimado","twitter:data2":"1 minuto"},"aioseo_meta_data":{"post_id":"148725","title":"Nueva reuni\u00f3n de Joachim L\u00f6w con la c\u00fapula de la DFB | #site_title","description":"El seleccionador alem\u00e1n de f\u00fatbol, Joachim L\u00f6w, tiene previsto reunirse con la c\u00fapula directiva de la Federaci\u00f3n Alemana de F\u00fatbol","keywords":[{"label":"Deportes","value":"Deportes"},{"label":"F\u00fatbol","value":"F\u00fatbol"}],"keyphrases":null,"primary_term":null,"canonical_url":"","og_title":null,"og_description":null,"og_object_type":"default","og_image_type":"default","og_image_url":null,"og_image_width":null,"og_image_height":null,"og_image_custom_url":null,"og_image_custom_fields":null,"og_video":null,"og_custom_url":null,"og_article_section":null,"og_article_tags":null,"twitter_use_og":false,"twitter_card":"default","twitter_image_type":"default","twitter_image_url":null,"twitter_image_custom_url":null,"twitter_image_custom_fields":null,"twitter_title":null,"twitter_description":null,"schema":{"blockGraphs":[],"customGraphs":[],"default":{"data":{"Article":[],"Course":[],"Dataset":[],"FAQPage":[],"Movie":[],"Person":[],"Product":[],"ProductReview":[],"Car":[],"Recipe":[],"Service":[],"SoftwareApplication":[],"WebPage":[]},"graphName":"","isEnabled":true},"graphs":[]},"schema_type":null,"schema_type_options":null,"pillar_content":false,"robots_default":true,"robots_noindex":false,"robots_noarchive":false,"robots_nosnippet":false,"robots_nofollow":false,"robots_noimageindex":false,"robots_noodp":false,"robots_notranslate":false,"robots_max_snippet":null,"robots_max_videopreview":null,"robots_max_imagepreview":"large","priority":null,"frequency":null,"location":null,"local_seo":null,"seo_analyzer_scan_date":"2025-08-31 13:52:23","breadcrumb_settings":null,"limit_modified_date":false,"reviewed_by":null,"open_ai":null,"ai":null,"created":"2020-12-21 10:38:09","updated":"2025-08-31 13:52:23"},"aioseo_breadcrumb":"<div class=\"aioseo-breadcrumbs\"><span class=\"aioseo-breadcrumb\">\n\t<a href=\"https:\/\/candas365.es\/noticias\" title=\"Home\">Home<\/a>\n<\/span><span class=\"aioseo-breadcrumb-separator\">&ndash;<\/span><span class=\"aioseo-breadcrumb\">\n\t<a href=\"https:\/\/candas365.es\/noticias\/category\/deporte\/\" title=\"Deporte\">Deporte<\/a>\n<\/span><span class=\"aioseo-breadcrumb-separator\">&ndash;<\/span><span class=\"aioseo-breadcrumb\">\n\tNueva reuni\u00f3n de Joachim L\u00f6w con la c\u00fapula de la DFB\n<\/span><\/div>","aioseo_breadcrumb_json":[{"label":"Home","link":"https:\/\/candas365.es\/noticias"},{"label":"Deporte","link":"https:\/\/candas365.es\/noticias\/category\/deporte\/"},{"label":"Nueva reuni\u00f3n de Joachim L\u00f6w con la c\u00fapula de la DFB","link":"https:\/\/candas365.es\/noticias\/nueva-reunion-de-joachim-low-con-la-cupula-de-la-dfb\/"}],"_links":{"self":[{"href":"https:\/\/candas365.es\/noticias\/wp-json\/wp\/v2\/posts\/148725","targetHints":{"allow":["GET"]}}],"collection":[{"href":"https:\/\/candas365.es\/noticias\/wp-json\/wp\/v2\/posts"}],"about":[{"href":"https:\/\/candas365.es\/noticias\/wp-json\/wp\/v2\/types\/post"}],"author":[{"embeddable":true,"href":"https:\/\/candas365.es\/noticias\/wp-json\/wp\/v2\/users\/1"}],"replies":[{"embeddable":true,"href":"https:\/\/candas365.es\/noticias\/wp-json\/wp\/v2\/comments?post=148725"}],"version-history":[{"count":0,"href":"https:\/\/candas365.es\/noticias\/wp-json\/wp\/v2\/posts\/148725\/revisions"}],"wp:featuredmedia":[{"embeddable":true,"href":"https:\/\/candas365.es\/noticias\/wp-json\/wp\/v2\/media\/148726"}],"wp:attachment":[{"href":"https:\/\/candas365.es\/noticias\/wp-json\/wp\/v2\/media?parent=148725"}],"wp:term":[{"taxonomy":"category","embeddable":true,"href":"https:\/\/candas365.es\/noticias\/wp-json\/wp\/v2\/categories?post=148725"},{"taxonomy":"post_tag","embeddable":true,"href":"https:\/\/candas365.es\/noticias\/wp-json\/wp\/v2\/tags?post=148725"}],"curies":[{"name":"wp","href":"https:\/\/api.w.org\/{rel}","templated":true}]}}