{"id":148721,"date":"2020-11-24T15:11:01","date_gmt":"2020-11-24T15:11:01","guid":{"rendered":"http:\/\/candas365.es\/noticias\/?p=148721"},"modified":"2020-11-24T15:11:01","modified_gmt":"2020-11-24T15:11:01","slug":"carreno-rechaza-la-construccion-de-una-subestacion-electrica-en-gozon","status":"publish","type":"post","link":"https:\/\/candas365.es\/noticias\/carreno-rechaza-la-construccion-de-una-subestacion-electrica-en-gozon\/","title":{"rendered":"Carre\u00f1o rechaza la construcci\u00f3n de una subestaci\u00f3n el\u00e9ctrica en Goz\u00f3n"},"content":{"rendered":"<p><img fetchpriority=\"high\" decoding=\"async\" class=\"alignleft size-medium wp-image-6453\" src=\"https:\/\/candas365.es\/noticias\/wp-content\/uploads\/2015\/01\/ayuntamiento-360x270.jpg\" alt=\"\" width=\"360\" height=\"270\" srcset=\"https:\/\/candas365.es\/noticias\/wp-content\/uploads\/2015\/01\/ayuntamiento-360x270.jpg 360w, https:\/\/candas365.es\/noticias\/wp-content\/uploads\/2015\/01\/ayuntamiento-640x480.jpg 640w, https:\/\/candas365.es\/noticias\/wp-content\/uploads\/2015\/01\/ayuntamiento-768x576.jpg 768w, https:\/\/candas365.es\/noticias\/wp-content\/uploads\/2015\/01\/ayuntamiento-150x113.jpg 150w, https:\/\/candas365.es\/noticias\/wp-content\/uploads\/2015\/01\/ayuntamiento-450x338.jpg 450w, https:\/\/candas365.es\/noticias\/wp-content\/uploads\/2015\/01\/ayuntamiento-80x60.jpg 80w, https:\/\/candas365.es\/noticias\/wp-content\/uploads\/2015\/01\/ayuntamiento-265x198.jpg 265w, https:\/\/candas365.es\/noticias\/wp-content\/uploads\/2015\/01\/ayuntamiento-696x522.jpg 696w, https:\/\/candas365.es\/noticias\/wp-content\/uploads\/2015\/01\/ayuntamiento-560x420.jpg 560w, https:\/\/candas365.es\/noticias\/wp-content\/uploads\/2015\/01\/ayuntamiento-90x67.jpg 90w, https:\/\/candas365.es\/noticias\/wp-content\/uploads\/2015\/01\/ayuntamiento.jpg 800w\" sizes=\"(max-width: 360px) 100vw, 360px\" \/>El gobierno local propone una declaraci\u00f3n conjunta la defensa de la ZEPA \u201cEmbalses del centro\u201d y de oposici\u00f3n a la construcci\u00f3n de la subestaci\u00f3n el\u00e9ctrica de Goz\u00f3n\u201d<\/p>\n<p>Los grupos pol\u00edticos Izquierda Unida de Carre\u00f1o y Somos Carre\u00f1o \u2013 Podemos presentaron, en el d\u00eda de ayer, una moci\u00f3n en el registro de Carre\u00f1o sobre el tema y rechazar la instalaci\u00f3n de la Subestaci\u00f3n El\u00e9ctrica en Goz\u00f3n 400\/220kw.<\/p>\n<p>A la moci\u00f3n presentada, que no fue debatida ni consensuada con el resto de grupos, el gobierno local ha formulado, en el d\u00eda de hoy, una enmienda para que se formule y busque el acuerdo de todos los grupos pol\u00edticos con representaci\u00f3n en Carre\u00f1o. Adem\u00e1s de pedir que se incorpore en el acuerdo pol\u00edtico la oposici\u00f3n al proyecto previsto en la Reboria ( Carre\u00f1o).<\/p>\n<p>\u201c El Ayuntamiento de Carre\u00f1o, en Comisi\u00f3n de urbanismo celebrada el 13 de octubre de 2020 ya acord\u00f3 mantener la oposici\u00f3n de este Ayuntamiento a los proyectos SE Reboria y l\u00edneas asociadas por no establecer como opci\u00f3n la utilizaci\u00f3n de las infraestructuras existentes, por no motivarse la necesidad de realizar nuevas subestaciones a\u00fan en el caso de que no se construyan nuevas centrales de generaci\u00f3n y por no haber constancia de un estudio de alternativas a la \u00fanica propuesta presentada en el que se demuestre justificadamente la viabilidad o inviabilidad de las mismas\u201d \u2013 se\u00f1al\u00f3 Paula Cuervo.<\/p>\n<p>\u201cCreemos importante mantener el m\u00e1ximo consenso posible en la Corporaci\u00f3n respecto a este tema. Y dejar, una vez m\u00e1s, muy clara la postura local respecto a la Reboria. Adem\u00e1s de ofrecer el apoyo que demanda el concejo vecino. Nos sumamos a la oposici\u00f3n a la tramitaci\u00f3n del proyecto SE Goz\u00f3n y l\u00edneas asociadas. Varios colectivos de Carre\u00f1o han recogido firmas para sumarse al esfuerzo de los colectivos gozoniegos\u201d \u2013 detall\u00f3 Paula Cuervo.<\/p>\n<p>El Pleno de Goz\u00f3n rechaz\u00f3 la instalaci\u00f3n en su municipio de la Subestaci\u00f3n El\u00e9ctrica Goz\u00f3n 400\/220 Kv y sus infraestructuras asociadas por innecesaria desde el punto de vista de la planificaci\u00f3n energ\u00e9tica e inconveniente y gravemente lesiva desde el punto de vista ambiental. Acordaron exigir al Gobierno de Espa\u00f1a que impulse la retirada inmediata del proyecto repetido y presentar\u00e1n la correspondiente queja ante la Comisi\u00f3n de Peticiones del Parlamento Europeo, fundamentada sobre todo en la vulneraci\u00f3n de la ZEPA. Carre\u00f1o estudiar\u00e1 sumarse a la misma o formular una propia, llegado el caso.<\/p>\n<p>Del acuerdo plenario que se adopte en Carre\u00f1o se dar\u00e1 cuenta al Consejo de Gobierno y a la Junta del Principado de Asturias, a REE, al Ministerio de Industria, Comercio y Turismo, y al Ministerio para la Transici\u00f3n Ecol\u00f3gica y el reto Demogr\u00e1fico.<\/p>\n","protected":false},"excerpt":{"rendered":"<p>El gobierno local propone una declaraci\u00f3n conjunta la defensa de la ZEPA \u201cEmbalses del centro\u201d y de oposici\u00f3n a la construcci\u00f3n de la subestaci\u00f3n el\u00e9ctrica de Goz\u00f3n\u201d Los grupos pol\u00edticos Izquierda Unida de Carre\u00f1o y Somos Carre\u00f1o \u2013 Podemos presentaron, en el d\u00eda de ayer, una moci\u00f3n en el registro de Carre\u00f1o sobre el tema<\/p>\n","protected":false},"author":1,"featured_media":6453,"comment_status":"closed","ping_status":"closed","sticky":false,"template":"","format":"standard","meta":{"footnotes":""},"categories":[2],"tags":[],"class_list":{"0":"post-148721","1":"post","2":"type-post","3":"status-publish","4":"format-standard","5":"has-post-thumbnail","7":"category-noticias-carreno"},"aioseo_notices":[],"aioseo_head":"\n\t\t<!-- All in One SEO Pro 4.9.6.2 - aioseo.com -->\n\t<meta name=\"description\" content=\"El gobierno local de Carre\u00f1o propone una declaraci\u00f3n conjunta la defensa de la ZEPA \u201cEmbalses del centro\u201d\" \/>\n\t<meta name=\"robots\" content=\"max-image-preview:large\" \/>\n\t<meta name=\"author\" content=\"Cand\u00e1s 365\"\/>\n\t<meta name=\"google-site-verification\" content=\"UA-32230408-1\" \/>\n\t<meta name=\"msvalidate.01\" content=\"354F3CDFB2DA171B47FBE9ABF1F88D5\" \/>\n\t<meta name=\"keywords\" content=\"noticias carre\u00f1o,actualidad cand\u00e1s\" \/>\n\t<link rel=\"canonical\" href=\"https:\/\/candas365.es\/noticias\/carreno-rechaza-la-construccion-de-una-subestacion-electrica-en-gozon\/\" \/>\n\t<meta name=\"generator\" content=\"All in One SEO Pro (AIOSEO) 4.9.6.2\" \/>\n\t\t<meta property=\"og:locale\" content=\"es_ES\" \/>\n\t\t<meta property=\"og:site_name\" content=\"Cand\u00e1s 365\" \/>\n\t\t<meta property=\"og:type\" content=\"article\" \/>\n\t\t<meta property=\"og:title\" content=\"Carre\u00f1o rechaza la construcci\u00f3n de una subestaci\u00f3n el\u00e9ctrica en Goz\u00f3n | Cand\u00e1s 365\" \/>\n\t\t<meta property=\"og:description\" content=\"El gobierno local de Carre\u00f1o propone una declaraci\u00f3n conjunta la defensa de la ZEPA \u201cEmbalses del centro\u201d\" \/>\n\t\t<meta property=\"og:url\" content=\"https:\/\/candas365.es\/noticias\/carreno-rechaza-la-construccion-de-una-subestacion-electrica-en-gozon\/\" \/>\n\t\t<meta property=\"og:image\" content=\"https:\/\/candas365.es\/noticias\/wp-content\/uploads\/2015\/01\/ayuntamiento.jpg\" \/>\n\t\t<meta property=\"og:image:secure_url\" content=\"https:\/\/candas365.es\/noticias\/wp-content\/uploads\/2015\/01\/ayuntamiento.jpg\" \/>\n\t\t<meta property=\"og:image:width\" content=\"800\" \/>\n\t\t<meta property=\"og:image:height\" content=\"600\" \/>\n\t\t<meta property=\"article:published_time\" content=\"2020-11-24T15:11:01+00:00\" \/>\n\t\t<meta property=\"article:modified_time\" content=\"2020-11-24T15:11:01+00:00\" \/>\n\t\t<meta property=\"article:publisher\" content=\"https:\/\/www.facebook.com\/Nachofdezber\" \/>\n\t\t<meta property=\"article:author\" content=\"https:\/\/www.facebook.com\/carrenoactualidad\" \/>\n\t\t<meta name=\"twitter:card\" content=\"summary_large_image\" \/>\n\t\t<meta name=\"twitter:site\" content=\"@NabercoDigital\" \/>\n\t\t<meta name=\"twitter:title\" content=\"Carre\u00f1o rechaza la construcci\u00f3n de una subestaci\u00f3n el\u00e9ctrica en Goz\u00f3n | Cand\u00e1s 365\" \/>\n\t\t<meta name=\"twitter:description\" content=\"El gobierno local de Carre\u00f1o propone una declaraci\u00f3n conjunta la defensa de la ZEPA \u201cEmbalses del centro\u201d\" \/>\n\t\t<meta name=\"twitter:creator\" content=\"@nbasturias\" \/>\n\t\t<meta name=\"twitter:image\" content=\"https:\/\/candas365.es\/noticias\/wp-content\/uploads\/2015\/01\/ayuntamiento.jpg\" \/>\n\t\t<meta name=\"twitter:label1\" content=\"Escrito por\" \/>\n\t\t<meta name=\"twitter:data1\" content=\"Cand\u00e1s 365\" \/>\n\t\t<meta name=\"twitter:label2\" content=\"Tiempo de lectura estimado\" \/>\n\t\t<meta name=\"twitter:data2\" content=\"2 minutos\" \/>\n\t\t<script type=\"application\/ld+json\" class=\"aioseo-schema\">\n\t\t\t{\"@context\":\"https:\\\/\\\/schema.org\",\"@graph\":[{\"@type\":\"BreadcrumbList\",\"@id\":\"https:\\\/\\\/candas365.es\\\/noticias\\\/carreno-rechaza-la-construccion-de-una-subestacion-electrica-en-gozon\\\/#breadcrumblist\",\"itemListElement\":[{\"@type\":\"ListItem\",\"@id\":\"https:\\\/\\\/candas365.es\\\/noticias#listItem\",\"position\":1,\"name\":\"Home\",\"item\":\"https:\\\/\\\/candas365.es\\\/noticias\",\"nextItem\":{\"@type\":\"ListItem\",\"@id\":\"https:\\\/\\\/candas365.es\\\/noticias\\\/category\\\/noticias-carreno\\\/#listItem\",\"name\":\"Noticias Carre\\u00f1o\"}},{\"@type\":\"ListItem\",\"@id\":\"https:\\\/\\\/candas365.es\\\/noticias\\\/category\\\/noticias-carreno\\\/#listItem\",\"position\":2,\"name\":\"Noticias Carre\\u00f1o\",\"item\":\"https:\\\/\\\/candas365.es\\\/noticias\\\/category\\\/noticias-carreno\\\/\",\"nextItem\":{\"@type\":\"ListItem\",\"@id\":\"https:\\\/\\\/candas365.es\\\/noticias\\\/carreno-rechaza-la-construccion-de-una-subestacion-electrica-en-gozon\\\/#listItem\",\"name\":\"Carre\\u00f1o rechaza la construcci\\u00f3n de una subestaci\\u00f3n el\\u00e9ctrica en Goz\\u00f3n\"},\"previousItem\":{\"@type\":\"ListItem\",\"@id\":\"https:\\\/\\\/candas365.es\\\/noticias#listItem\",\"name\":\"Home\"}},{\"@type\":\"ListItem\",\"@id\":\"https:\\\/\\\/candas365.es\\\/noticias\\\/carreno-rechaza-la-construccion-de-una-subestacion-electrica-en-gozon\\\/#listItem\",\"position\":3,\"name\":\"Carre\\u00f1o rechaza la construcci\\u00f3n de una subestaci\\u00f3n el\\u00e9ctrica en Goz\\u00f3n\",\"previousItem\":{\"@type\":\"ListItem\",\"@id\":\"https:\\\/\\\/candas365.es\\\/noticias\\\/category\\\/noticias-carreno\\\/#listItem\",\"name\":\"Noticias Carre\\u00f1o\"}}]},{\"@type\":\"NewsArticle\",\"@id\":\"https:\\\/\\\/candas365.es\\\/noticias\\\/carreno-rechaza-la-construccion-de-una-subestacion-electrica-en-gozon\\\/#newsarticle\",\"name\":\"Carre\\u00f1o rechaza la construcci\\u00f3n de una subestaci\\u00f3n el\\u00e9ctrica en Goz\\u00f3n | Cand\\u00e1s 365\",\"headline\":\"Carre\\u00f1o rechaza la construcci\\u00f3n de una subestaci\\u00f3n el\\u00e9ctrica en Goz\\u00f3n\",\"author\":{\"@id\":\"https:\\\/\\\/candas365.es\\\/noticias\\\/author\\\/admin\\\/#author\"},\"publisher\":{\"@id\":\"https:\\\/\\\/candas365.es\\\/noticias\\\/#organization\"},\"image\":{\"@type\":\"ImageObject\",\"url\":\"https:\\\/\\\/candas365.es\\\/noticias\\\/wp-content\\\/uploads\\\/2015\\\/01\\\/ayuntamiento.jpg\",\"width\":800,\"height\":600,\"caption\":\"Carre\\u00f1o\"},\"datePublished\":\"2020-11-24T15:11:01+01:00\",\"dateModified\":\"2020-11-24T15:11:01+01:00\",\"inLanguage\":\"es-ES\",\"mainEntityOfPage\":{\"@id\":\"https:\\\/\\\/candas365.es\\\/noticias\\\/carreno-rechaza-la-construccion-de-una-subestacion-electrica-en-gozon\\\/#webpage\"},\"isPartOf\":{\"@id\":\"https:\\\/\\\/candas365.es\\\/noticias\\\/carreno-rechaza-la-construccion-de-una-subestacion-electrica-en-gozon\\\/#webpage\"},\"articleSection\":\"Noticias Carre\\u00f1o\",\"dateline\":\"Publicado el noviembre 24, 2020.\"},{\"@type\":\"Organization\",\"@id\":\"https:\\\/\\\/candas365.es\\\/noticias\\\/#organization\",\"name\":\"Cand\\u00e1s 365\",\"description\":\"Cand\\u00e1s 365 es un diario digital independiente, fundado en 2012, con base en Asturias. Informamos con rigor sobre actualidad, sociedad, cultura y ocio, con una mirada local y global.\",\"url\":\"https:\\\/\\\/candas365.es\\\/noticias\\\/\",\"email\":\"info@candas365.es\",\"telephone\":\"+34652131393\",\"foundingDate\":\"2012-06-10\",\"logo\":{\"@type\":\"ImageObject\",\"url\":\"https:\\\/\\\/candas365.es\\\/noticias\\\/wp-content\\\/uploads\\\/2024\\\/09\\\/Candas-365-Redes.jpg\",\"@id\":\"https:\\\/\\\/candas365.es\\\/noticias\\\/carreno-rechaza-la-construccion-de-una-subestacion-electrica-en-gozon\\\/#organizationLogo\",\"width\":1152,\"height\":864,\"caption\":\"Cand\\u00e1s 365 Redes\"},\"image\":{\"@id\":\"https:\\\/\\\/candas365.es\\\/noticias\\\/carreno-rechaza-la-construccion-de-una-subestacion-electrica-en-gozon\\\/#organizationLogo\"},\"sameAs\":[\"https:\\\/\\\/www.facebook.com\\\/Nachofdezber\",\"https:\\\/\\\/x.com\\\/NabercoDigital\",\"https:\\\/\\\/www.instagram.com\\\/nachofdezber\\\/\",\"https:\\\/\\\/www.youtube.com\\\/channel\\\/UCZP-2wLEB9Rv6erhFmqVnvg\"],\"address\":{\"@id\":\"https:\\\/\\\/candas365.es\\\/noticias\\\/#postaladdress\",\"@type\":\"PostalAddress\",\"streetAddress\":\"san antonio 4, san antonio 4\",\"postalCode\":\"33430\",\"addressLocality\":\"Cand\\u00e1s\",\"addressRegion\":\"Asturias\",\"addressCountry\":\"ES\"}},{\"@type\":\"Person\",\"@id\":\"https:\\\/\\\/candas365.es\\\/noticias\\\/author\\\/admin\\\/#author\",\"url\":\"https:\\\/\\\/candas365.es\\\/noticias\\\/author\\\/admin\\\/\",\"name\":\"Cand\\u00e1s 365\",\"image\":{\"@type\":\"ImageObject\",\"@id\":\"https:\\\/\\\/candas365.es\\\/noticias\\\/carreno-rechaza-la-construccion-de-una-subestacion-electrica-en-gozon\\\/#authorImage\",\"url\":\"https:\\\/\\\/secure.gravatar.com\\\/avatar\\\/496a8e03d0c493ede1718b7934145dbdf8d89be1036b0eec9544e1094c9de390?s=96&d=mm&r=g\",\"width\":96,\"height\":96,\"caption\":\"Cand\\u00e1s 365\"},\"sameAs\":[\"https:\\\/\\\/www.facebook.com\\\/carrenoactualidad\",\"https:\\\/\\\/twitter.com\\\/nbasturias\",\"https:\\\/\\\/www.instagram.com\\\/nachofdezber\\\/\",\"https:\\\/\\\/www.youtube.com\\\/channel\\\/UCZP-2wLEB9Rv6erhFmqVnvg\"]},{\"@type\":\"WebPage\",\"@id\":\"https:\\\/\\\/candas365.es\\\/noticias\\\/carreno-rechaza-la-construccion-de-una-subestacion-electrica-en-gozon\\\/#webpage\",\"url\":\"https:\\\/\\\/candas365.es\\\/noticias\\\/carreno-rechaza-la-construccion-de-una-subestacion-electrica-en-gozon\\\/\",\"name\":\"Carre\\u00f1o rechaza la construcci\\u00f3n de una subestaci\\u00f3n el\\u00e9ctrica en Goz\\u00f3n | Cand\\u00e1s 365\",\"description\":\"El gobierno local de Carre\\u00f1o propone una declaraci\\u00f3n conjunta la defensa de la ZEPA \\u201cEmbalses del centro\\u201d\",\"inLanguage\":\"es-ES\",\"isPartOf\":{\"@id\":\"https:\\\/\\\/candas365.es\\\/noticias\\\/#website\"},\"breadcrumb\":{\"@id\":\"https:\\\/\\\/candas365.es\\\/noticias\\\/carreno-rechaza-la-construccion-de-una-subestacion-electrica-en-gozon\\\/#breadcrumblist\"},\"author\":{\"@id\":\"https:\\\/\\\/candas365.es\\\/noticias\\\/author\\\/admin\\\/#author\"},\"creator\":{\"@id\":\"https:\\\/\\\/candas365.es\\\/noticias\\\/author\\\/admin\\\/#author\"},\"image\":{\"@type\":\"ImageObject\",\"url\":\"https:\\\/\\\/candas365.es\\\/noticias\\\/wp-content\\\/uploads\\\/2015\\\/01\\\/ayuntamiento.jpg\",\"@id\":\"https:\\\/\\\/candas365.es\\\/noticias\\\/carreno-rechaza-la-construccion-de-una-subestacion-electrica-en-gozon\\\/#mainImage\",\"width\":800,\"height\":600,\"caption\":\"Carre\\u00f1o\"},\"primaryImageOfPage\":{\"@id\":\"https:\\\/\\\/candas365.es\\\/noticias\\\/carreno-rechaza-la-construccion-de-una-subestacion-electrica-en-gozon\\\/#mainImage\"},\"datePublished\":\"2020-11-24T15:11:01+01:00\",\"dateModified\":\"2020-11-24T15:11:01+01:00\"},{\"@type\":\"WebSite\",\"@id\":\"https:\\\/\\\/candas365.es\\\/noticias\\\/#website\",\"url\":\"https:\\\/\\\/candas365.es\\\/noticias\\\/\",\"name\":\"Cand\\u00e1s 365\",\"alternateName\":\"Cand\\u00e1s 365 Noticias\",\"description\":\"Actualidad desde Carre\\u00f1o para el mundo\",\"inLanguage\":\"es-ES\",\"publisher\":{\"@id\":\"https:\\\/\\\/candas365.es\\\/noticias\\\/#organization\"}}]}\n\t\t<\/script>\n\t\t<!-- All in One SEO Pro -->\r\n\t\t<title>Carre\u00f1o rechaza la construcci\u00f3n de una subestaci\u00f3n el\u00e9ctrica en Goz\u00f3n | Cand\u00e1s 365<\/title>\n\n","aioseo_head_json":{"title":"Carre\u00f1o rechaza la construcci\u00f3n de una subestaci\u00f3n el\u00e9ctrica en Goz\u00f3n | Cand\u00e1s 365","description":"El gobierno local de Carre\u00f1o propone una declaraci\u00f3n conjunta la defensa de la ZEPA \u201cEmbalses del centro\u201d","canonical_url":"https:\/\/candas365.es\/noticias\/carreno-rechaza-la-construccion-de-una-subestacion-electrica-en-gozon\/","robots":"max-image-preview:large","keywords":"noticias carre\u00f1o,actualidad cand\u00e1s","webmasterTools":{"google-site-verification":"UA-32230408-1","msvalidate.01":"354F3CDFB2DA171B47FBE9ABF1F88D5","miscellaneous":""},"schema":{"@context":"https:\/\/schema.org","@graph":[{"@type":"BreadcrumbList","@id":"https:\/\/candas365.es\/noticias\/carreno-rechaza-la-construccion-de-una-subestacion-electrica-en-gozon\/#breadcrumblist","itemListElement":[{"@type":"ListItem","@id":"https:\/\/candas365.es\/noticias#listItem","position":1,"name":"Home","item":"https:\/\/candas365.es\/noticias","nextItem":{"@type":"ListItem","@id":"https:\/\/candas365.es\/noticias\/category\/noticias-carreno\/#listItem","name":"Noticias Carre\u00f1o"}},{"@type":"ListItem","@id":"https:\/\/candas365.es\/noticias\/category\/noticias-carreno\/#listItem","position":2,"name":"Noticias Carre\u00f1o","item":"https:\/\/candas365.es\/noticias\/category\/noticias-carreno\/","nextItem":{"@type":"ListItem","@id":"https:\/\/candas365.es\/noticias\/carreno-rechaza-la-construccion-de-una-subestacion-electrica-en-gozon\/#listItem","name":"Carre\u00f1o rechaza la construcci\u00f3n de una subestaci\u00f3n el\u00e9ctrica en Goz\u00f3n"},"previousItem":{"@type":"ListItem","@id":"https:\/\/candas365.es\/noticias#listItem","name":"Home"}},{"@type":"ListItem","@id":"https:\/\/candas365.es\/noticias\/carreno-rechaza-la-construccion-de-una-subestacion-electrica-en-gozon\/#listItem","position":3,"name":"Carre\u00f1o rechaza la construcci\u00f3n de una subestaci\u00f3n el\u00e9ctrica en Goz\u00f3n","previousItem":{"@type":"ListItem","@id":"https:\/\/candas365.es\/noticias\/category\/noticias-carreno\/#listItem","name":"Noticias Carre\u00f1o"}}]},{"@type":"NewsArticle","@id":"https:\/\/candas365.es\/noticias\/carreno-rechaza-la-construccion-de-una-subestacion-electrica-en-gozon\/#newsarticle","name":"Carre\u00f1o rechaza la construcci\u00f3n de una subestaci\u00f3n el\u00e9ctrica en Goz\u00f3n | Cand\u00e1s 365","headline":"Carre\u00f1o rechaza la construcci\u00f3n de una subestaci\u00f3n el\u00e9ctrica en Goz\u00f3n","author":{"@id":"https:\/\/candas365.es\/noticias\/author\/admin\/#author"},"publisher":{"@id":"https:\/\/candas365.es\/noticias\/#organization"},"image":{"@type":"ImageObject","url":"https:\/\/candas365.es\/noticias\/wp-content\/uploads\/2015\/01\/ayuntamiento.jpg","width":800,"height":600,"caption":"Carre\u00f1o"},"datePublished":"2020-11-24T15:11:01+01:00","dateModified":"2020-11-24T15:11:01+01:00","inLanguage":"es-ES","mainEntityOfPage":{"@id":"https:\/\/candas365.es\/noticias\/carreno-rechaza-la-construccion-de-una-subestacion-electrica-en-gozon\/#webpage"},"isPartOf":{"@id":"https:\/\/candas365.es\/noticias\/carreno-rechaza-la-construccion-de-una-subestacion-electrica-en-gozon\/#webpage"},"articleSection":"Noticias Carre\u00f1o","dateline":"Publicado el noviembre 24, 2020."},{"@type":"Organization","@id":"https:\/\/candas365.es\/noticias\/#organization","name":"Cand\u00e1s 365","description":"Cand\u00e1s 365 es un diario digital independiente, fundado en 2012, con base en Asturias. Informamos con rigor sobre actualidad, sociedad, cultura y ocio, con una mirada local y global.","url":"https:\/\/candas365.es\/noticias\/","email":"info@candas365.es","telephone":"+34652131393","foundingDate":"2012-06-10","logo":{"@type":"ImageObject","url":"https:\/\/candas365.es\/noticias\/wp-content\/uploads\/2024\/09\/Candas-365-Redes.jpg","@id":"https:\/\/candas365.es\/noticias\/carreno-rechaza-la-construccion-de-una-subestacion-electrica-en-gozon\/#organizationLogo","width":1152,"height":864,"caption":"Cand\u00e1s 365 Redes"},"image":{"@id":"https:\/\/candas365.es\/noticias\/carreno-rechaza-la-construccion-de-una-subestacion-electrica-en-gozon\/#organizationLogo"},"sameAs":["https:\/\/www.facebook.com\/Nachofdezber","https:\/\/x.com\/NabercoDigital","https:\/\/www.instagram.com\/nachofdezber\/","https:\/\/www.youtube.com\/channel\/UCZP-2wLEB9Rv6erhFmqVnvg"],"address":{"@id":"https:\/\/candas365.es\/noticias\/#postaladdress","@type":"PostalAddress","streetAddress":"san antonio 4, san antonio 4","postalCode":"33430","addressLocality":"Cand\u00e1s","addressRegion":"Asturias","addressCountry":"ES"}},{"@type":"Person","@id":"https:\/\/candas365.es\/noticias\/author\/admin\/#author","url":"https:\/\/candas365.es\/noticias\/author\/admin\/","name":"Cand\u00e1s 365","image":{"@type":"ImageObject","@id":"https:\/\/candas365.es\/noticias\/carreno-rechaza-la-construccion-de-una-subestacion-electrica-en-gozon\/#authorImage","url":"https:\/\/secure.gravatar.com\/avatar\/496a8e03d0c493ede1718b7934145dbdf8d89be1036b0eec9544e1094c9de390?s=96&d=mm&r=g","width":96,"height":96,"caption":"Cand\u00e1s 365"},"sameAs":["https:\/\/www.facebook.com\/carrenoactualidad","https:\/\/twitter.com\/nbasturias","https:\/\/www.instagram.com\/nachofdezber\/","https:\/\/www.youtube.com\/channel\/UCZP-2wLEB9Rv6erhFmqVnvg"]},{"@type":"WebPage","@id":"https:\/\/candas365.es\/noticias\/carreno-rechaza-la-construccion-de-una-subestacion-electrica-en-gozon\/#webpage","url":"https:\/\/candas365.es\/noticias\/carreno-rechaza-la-construccion-de-una-subestacion-electrica-en-gozon\/","name":"Carre\u00f1o rechaza la construcci\u00f3n de una subestaci\u00f3n el\u00e9ctrica en Goz\u00f3n | Cand\u00e1s 365","description":"El gobierno local de Carre\u00f1o propone una declaraci\u00f3n conjunta la defensa de la ZEPA \u201cEmbalses del centro\u201d","inLanguage":"es-ES","isPartOf":{"@id":"https:\/\/candas365.es\/noticias\/#website"},"breadcrumb":{"@id":"https:\/\/candas365.es\/noticias\/carreno-rechaza-la-construccion-de-una-subestacion-electrica-en-gozon\/#breadcrumblist"},"author":{"@id":"https:\/\/candas365.es\/noticias\/author\/admin\/#author"},"creator":{"@id":"https:\/\/candas365.es\/noticias\/author\/admin\/#author"},"image":{"@type":"ImageObject","url":"https:\/\/candas365.es\/noticias\/wp-content\/uploads\/2015\/01\/ayuntamiento.jpg","@id":"https:\/\/candas365.es\/noticias\/carreno-rechaza-la-construccion-de-una-subestacion-electrica-en-gozon\/#mainImage","width":800,"height":600,"caption":"Carre\u00f1o"},"primaryImageOfPage":{"@id":"https:\/\/candas365.es\/noticias\/carreno-rechaza-la-construccion-de-una-subestacion-electrica-en-gozon\/#mainImage"},"datePublished":"2020-11-24T15:11:01+01:00","dateModified":"2020-11-24T15:11:01+01:00"},{"@type":"WebSite","@id":"https:\/\/candas365.es\/noticias\/#website","url":"https:\/\/candas365.es\/noticias\/","name":"Cand\u00e1s 365","alternateName":"Cand\u00e1s 365 Noticias","description":"Actualidad desde Carre\u00f1o para el mundo","inLanguage":"es-ES","publisher":{"@id":"https:\/\/candas365.es\/noticias\/#organization"}}]},"og:locale":"es_ES","og:site_name":"Cand\u00e1s 365","og:type":"article","og:title":"Carre\u00f1o rechaza la construcci\u00f3n de una subestaci\u00f3n el\u00e9ctrica en Goz\u00f3n | Cand\u00e1s 365","og:description":"El gobierno local de Carre\u00f1o propone una declaraci\u00f3n conjunta la defensa de la ZEPA \u201cEmbalses del centro\u201d","og:url":"https:\/\/candas365.es\/noticias\/carreno-rechaza-la-construccion-de-una-subestacion-electrica-en-gozon\/","og:image":"https:\/\/candas365.es\/noticias\/wp-content\/uploads\/2015\/01\/ayuntamiento.jpg","og:image:secure_url":"https:\/\/candas365.es\/noticias\/wp-content\/uploads\/2015\/01\/ayuntamiento.jpg","og:image:width":800,"og:image:height":600,"article:published_time":"2020-11-24T15:11:01+00:00","article:modified_time":"2020-11-24T15:11:01+00:00","article:publisher":"https:\/\/www.facebook.com\/Nachofdezber","article:author":"https:\/\/www.facebook.com\/carrenoactualidad","twitter:card":"summary_large_image","twitter:site":"@NabercoDigital","twitter:title":"Carre\u00f1o rechaza la construcci\u00f3n de una subestaci\u00f3n el\u00e9ctrica en Goz\u00f3n | Cand\u00e1s 365","twitter:description":"El gobierno local de Carre\u00f1o propone una declaraci\u00f3n conjunta la defensa de la ZEPA \u201cEmbalses del centro\u201d","twitter:creator":"@nbasturias","twitter:image":"https:\/\/candas365.es\/noticias\/wp-content\/uploads\/2015\/01\/ayuntamiento.jpg","twitter:label1":"Escrito por","twitter:data1":"Cand\u00e1s 365","twitter:label2":"Tiempo de lectura estimado","twitter:data2":"2 minutos"},"aioseo_meta_data":{"post_id":"148721","title":"Carre\u00f1o rechaza la construcci\u00f3n de una subestaci\u00f3n el\u00e9ctrica en Goz\u00f3n | #site_title","description":"El gobierno local de Carre\u00f1o propone una declaraci\u00f3n conjunta la defensa de la ZEPA \u201cEmbalses del centro\u201d","keywords":[{"label":"Noticias Carre\u00f1o","value":"Noticias Carre\u00f1o"},{"label":"Actualidad Cand\u00e1s","value":"Actualidad Cand\u00e1s"}],"keyphrases":null,"primary_term":null,"canonical_url":"","og_title":null,"og_description":null,"og_object_type":"default","og_image_type":"default","og_image_url":null,"og_image_width":null,"og_image_height":null,"og_image_custom_url":null,"og_image_custom_fields":null,"og_video":null,"og_custom_url":null,"og_article_section":null,"og_article_tags":null,"twitter_use_og":false,"twitter_card":"default","twitter_image_type":"default","twitter_image_url":null,"twitter_image_custom_url":null,"twitter_image_custom_fields":null,"twitter_title":null,"twitter_description":null,"schema":{"blockGraphs":[],"customGraphs":[],"default":{"data":{"Article":[],"Course":[],"Dataset":[],"FAQPage":[],"Movie":[],"Person":[],"Product":[],"ProductReview":[],"Car":[],"Recipe":[],"Service":[],"SoftwareApplication":[],"WebPage":[]},"graphName":"","isEnabled":true},"graphs":[]},"schema_type":null,"schema_type_options":null,"pillar_content":false,"robots_default":true,"robots_noindex":false,"robots_noarchive":false,"robots_nosnippet":false,"robots_nofollow":false,"robots_noimageindex":false,"robots_noodp":false,"robots_notranslate":false,"robots_max_snippet":null,"robots_max_videopreview":null,"robots_max_imagepreview":"large","priority":null,"frequency":null,"location":null,"local_seo":null,"seo_analyzer_scan_date":"2025-08-31 13:52:14","breadcrumb_settings":null,"limit_modified_date":false,"reviewed_by":null,"open_ai":null,"ai":null,"created":"2020-12-21 10:38:18","updated":"2025-08-31 13:52:14"},"aioseo_breadcrumb":"<div class=\"aioseo-breadcrumbs\"><span class=\"aioseo-breadcrumb\">\n\t<a href=\"https:\/\/candas365.es\/noticias\" title=\"Home\">Home<\/a>\n<\/span><span class=\"aioseo-breadcrumb-separator\">&ndash;<\/span><span class=\"aioseo-breadcrumb\">\n\t<a href=\"https:\/\/candas365.es\/noticias\/category\/noticias-carreno\/\" title=\"Noticias Carre\u00f1o\">Noticias Carre\u00f1o<\/a>\n<\/span><span class=\"aioseo-breadcrumb-separator\">&ndash;<\/span><span class=\"aioseo-breadcrumb\">\n\tCarre\u00f1o rechaza la construcci\u00f3n de una subestaci\u00f3n el\u00e9ctrica en Goz\u00f3n\n<\/span><\/div>","aioseo_breadcrumb_json":[{"label":"Home","link":"https:\/\/candas365.es\/noticias"},{"label":"Noticias Carre\u00f1o","link":"https:\/\/candas365.es\/noticias\/category\/noticias-carreno\/"},{"label":"Carre\u00f1o rechaza la construcci\u00f3n de una subestaci\u00f3n el\u00e9ctrica en Goz\u00f3n","link":"https:\/\/candas365.es\/noticias\/carreno-rechaza-la-construccion-de-una-subestacion-electrica-en-gozon\/"}],"_links":{"self":[{"href":"https:\/\/candas365.es\/noticias\/wp-json\/wp\/v2\/posts\/148721","targetHints":{"allow":["GET"]}}],"collection":[{"href":"https:\/\/candas365.es\/noticias\/wp-json\/wp\/v2\/posts"}],"about":[{"href":"https:\/\/candas365.es\/noticias\/wp-json\/wp\/v2\/types\/post"}],"author":[{"embeddable":true,"href":"https:\/\/candas365.es\/noticias\/wp-json\/wp\/v2\/users\/1"}],"replies":[{"embeddable":true,"href":"https:\/\/candas365.es\/noticias\/wp-json\/wp\/v2\/comments?post=148721"}],"version-history":[{"count":0,"href":"https:\/\/candas365.es\/noticias\/wp-json\/wp\/v2\/posts\/148721\/revisions"}],"wp:featuredmedia":[{"embeddable":true,"href":"https:\/\/candas365.es\/noticias\/wp-json\/wp\/v2\/media\/6453"}],"wp:attachment":[{"href":"https:\/\/candas365.es\/noticias\/wp-json\/wp\/v2\/media?parent=148721"}],"wp:term":[{"taxonomy":"category","embeddable":true,"href":"https:\/\/candas365.es\/noticias\/wp-json\/wp\/v2\/categories?post=148721"},{"taxonomy":"post_tag","embeddable":true,"href":"https:\/\/candas365.es\/noticias\/wp-json\/wp\/v2\/tags?post=148721"}],"curies":[{"name":"wp","href":"https:\/\/api.w.org\/{rel}","templated":true}]}}