{"id":148712,"date":"2020-11-24T12:36:53","date_gmt":"2020-11-24T12:36:53","guid":{"rendered":"http:\/\/candas365.es\/noticias\/?p=148712"},"modified":"2020-11-24T12:36:53","modified_gmt":"2020-11-24T12:36:53","slug":"carreno-ampliara-la-red-de-saneamiento-en-perlora","status":"publish","type":"post","link":"https:\/\/candas365.es\/noticias\/carreno-ampliara-la-red-de-saneamiento-en-perlora\/","title":{"rendered":"Carre\u00f1o ampliar\u00e1 la red de saneamiento en Perlora"},"content":{"rendered":"<p><img fetchpriority=\"high\" decoding=\"async\" class=\"alignleft size-medium wp-image-148253\" src=\"https:\/\/candas365.es\/noticias\/wp-content\/uploads\/2020\/11\/drop-of-water-578897_640-360x240.jpg\" alt=\"\" width=\"360\" height=\"240\" srcset=\"https:\/\/candas365.es\/noticias\/wp-content\/uploads\/2020\/11\/drop-of-water-578897_640-360x240.jpg 360w, https:\/\/candas365.es\/noticias\/wp-content\/uploads\/2020\/11\/drop-of-water-578897_640.jpg 640w\" sizes=\"(max-width: 360px) 100vw, 360px\" \/>La inversi\u00f3n municipal dar\u00e1 servicio a 3 viviendas permitiendo su conexi\u00f3n a la red general de saneamiento al interceptor general.<\/p>\n<p>\u201cCon esta nueva actuaci\u00f3n en la parroquia de Perlora avanzamos en la necesaria dotaci\u00f3n de saneamiento en aquellas zonas del concejo que a\u00fan carecen de \u00e9l. Las mejoras en la red de saneamiento es una de las peticiones m\u00e1s demandas por la ciudadan\u00eda, por lo que es imprescindible hacer esfuerzos en este sentido, invirtiendo en la mejora de los servicios p\u00fablicos, para seguir dotando al concejo de una red municipal adecuada y acorde a las viviendas existentes y crecimiento de los n\u00facleos\u201d explic\u00f3 Manuel Noceda, Concejal Medio Rural.<\/p>\n<p>\u201c En el marco del presupuesto vigente se dispuso una partida econ\u00f3mica para saneamiento. La la Oficina T\u00e9cnica Municipal elabor\u00f3 el proyecto t\u00e9cnico para conexi\u00f3n de vertidos en esta zona para su posterior contrataci\u00f3n. Tras el proceso de licitaci\u00f3n correspondiente, en el que han concurrido 3 empresas, las obras de conexi\u00f3n al saneamiento, se adjudicaron a Gulias Hermanos Construcciones, S.L. por un importe final de 25.549,56\u20ac, al ser la oferta m\u00e1s ventajosa en t\u00e9rminos de calidad-precio\u201d avanz\u00f3 Noceda.<\/p>\n<p>\u201cEsta nueva actuaci\u00f3n supondr\u00e1n la instalaci\u00f3n de un total de 200 metros de conducci\u00f3n de PVC de 315 mm de di\u00e1metro, en 9 pozos de registro, para recoger los vertidos de las viviendas situadas al sur del Hotel El Piedra, y conectarlas con el saneamiento general que discurre por la carretera AS-239; adem\u00e1s de la reposici\u00f3n de la red de abastecimiento afectada y de los tramos de cierre afectados en las parcelas afectadas por las mejoras\u201d finaliz\u00f3 el Concejal.<\/p>\n<p>El per\u00edodo de ejecuci\u00f3n de estas obras ser\u00e1 de 3 semanas, desde la firma del acta de replanteo<\/p>\n","protected":false},"excerpt":{"rendered":"<p>La inversi\u00f3n municipal dar\u00e1 servicio a 3 viviendas permitiendo su conexi\u00f3n a la red general de saneamiento al interceptor general. \u201cCon esta nueva actuaci\u00f3n en la parroquia de Perlora avanzamos en la necesaria dotaci\u00f3n de saneamiento en aquellas zonas del concejo que a\u00fan carecen de \u00e9l. Las mejoras en la red de saneamiento es una<\/p>\n","protected":false},"author":1,"featured_media":148253,"comment_status":"closed","ping_status":"closed","sticky":false,"template":"","format":"standard","meta":{"footnotes":""},"categories":[2],"tags":[],"class_list":{"0":"post-148712","1":"post","2":"type-post","3":"status-publish","4":"format-standard","5":"has-post-thumbnail","7":"category-noticias-carreno"},"aioseo_notices":[],"aioseo_head":"\n\t\t<!-- All in One SEO Pro 4.9.6.2 - aioseo.com -->\n\t<meta name=\"description\" content=\"La inversi\u00f3n municipal dar\u00e1 servicio a 3 viviendas permitiendo su conexi\u00f3n a la red general de saneamiento al interceptor general\" \/>\n\t<meta name=\"robots\" content=\"max-image-preview:large\" \/>\n\t<meta name=\"author\" content=\"Cand\u00e1s 365\"\/>\n\t<meta name=\"google-site-verification\" content=\"UA-32230408-1\" \/>\n\t<meta name=\"msvalidate.01\" content=\"354F3CDFB2DA171B47FBE9ABF1F88D5\" \/>\n\t<meta name=\"keywords\" content=\"noticias carre\u00f1o,actualidad cand\u00e1s,saneamiento\" \/>\n\t<link rel=\"canonical\" href=\"https:\/\/candas365.es\/noticias\/carreno-ampliara-la-red-de-saneamiento-en-perlora\/\" \/>\n\t<meta name=\"generator\" content=\"All in One SEO Pro (AIOSEO) 4.9.6.2\" \/>\n\t\t<meta property=\"og:locale\" content=\"es_ES\" \/>\n\t\t<meta property=\"og:site_name\" content=\"Cand\u00e1s 365\" \/>\n\t\t<meta property=\"og:type\" content=\"article\" \/>\n\t\t<meta property=\"og:title\" content=\"Carre\u00f1o ampliar\u00e1 la red de saneamiento en Perlora | Cand\u00e1s 365\" \/>\n\t\t<meta property=\"og:description\" content=\"La inversi\u00f3n municipal dar\u00e1 servicio a 3 viviendas permitiendo su conexi\u00f3n a la red general de saneamiento al interceptor general\" \/>\n\t\t<meta property=\"og:url\" content=\"https:\/\/candas365.es\/noticias\/carreno-ampliara-la-red-de-saneamiento-en-perlora\/\" \/>\n\t\t<meta property=\"og:image\" content=\"https:\/\/candas365.es\/noticias\/wp-content\/uploads\/2020\/11\/drop-of-water-578897_640.jpg\" \/>\n\t\t<meta property=\"og:image:secure_url\" content=\"https:\/\/candas365.es\/noticias\/wp-content\/uploads\/2020\/11\/drop-of-water-578897_640.jpg\" \/>\n\t\t<meta property=\"og:image:width\" content=\"640\" \/>\n\t\t<meta property=\"og:image:height\" content=\"426\" \/>\n\t\t<meta property=\"article:published_time\" content=\"2020-11-24T12:36:53+00:00\" \/>\n\t\t<meta property=\"article:modified_time\" content=\"2020-11-24T12:36:53+00:00\" \/>\n\t\t<meta property=\"article:publisher\" content=\"https:\/\/www.facebook.com\/Nachofdezber\" \/>\n\t\t<meta property=\"article:author\" content=\"https:\/\/www.facebook.com\/carrenoactualidad\" \/>\n\t\t<meta name=\"twitter:card\" content=\"summary_large_image\" \/>\n\t\t<meta name=\"twitter:site\" content=\"@NabercoDigital\" \/>\n\t\t<meta name=\"twitter:title\" content=\"Carre\u00f1o ampliar\u00e1 la red de saneamiento en Perlora | Cand\u00e1s 365\" \/>\n\t\t<meta name=\"twitter:description\" content=\"La inversi\u00f3n municipal dar\u00e1 servicio a 3 viviendas permitiendo su conexi\u00f3n a la red general de saneamiento al interceptor general\" \/>\n\t\t<meta name=\"twitter:creator\" content=\"@nbasturias\" \/>\n\t\t<meta name=\"twitter:image\" content=\"https:\/\/candas365.es\/noticias\/wp-content\/uploads\/2020\/11\/drop-of-water-578897_640.jpg\" \/>\n\t\t<meta name=\"twitter:label1\" content=\"Escrito por\" \/>\n\t\t<meta name=\"twitter:data1\" content=\"Cand\u00e1s 365\" \/>\n\t\t<meta name=\"twitter:label2\" content=\"Tiempo de lectura estimado\" \/>\n\t\t<meta name=\"twitter:data2\" content=\"2 minutos\" \/>\n\t\t<script type=\"application\/ld+json\" class=\"aioseo-schema\">\n\t\t\t{\"@context\":\"https:\\\/\\\/schema.org\",\"@graph\":[{\"@type\":\"BreadcrumbList\",\"@id\":\"https:\\\/\\\/candas365.es\\\/noticias\\\/carreno-ampliara-la-red-de-saneamiento-en-perlora\\\/#breadcrumblist\",\"itemListElement\":[{\"@type\":\"ListItem\",\"@id\":\"https:\\\/\\\/candas365.es\\\/noticias#listItem\",\"position\":1,\"name\":\"Home\",\"item\":\"https:\\\/\\\/candas365.es\\\/noticias\",\"nextItem\":{\"@type\":\"ListItem\",\"@id\":\"https:\\\/\\\/candas365.es\\\/noticias\\\/category\\\/noticias-carreno\\\/#listItem\",\"name\":\"Noticias Carre\\u00f1o\"}},{\"@type\":\"ListItem\",\"@id\":\"https:\\\/\\\/candas365.es\\\/noticias\\\/category\\\/noticias-carreno\\\/#listItem\",\"position\":2,\"name\":\"Noticias Carre\\u00f1o\",\"item\":\"https:\\\/\\\/candas365.es\\\/noticias\\\/category\\\/noticias-carreno\\\/\",\"nextItem\":{\"@type\":\"ListItem\",\"@id\":\"https:\\\/\\\/candas365.es\\\/noticias\\\/carreno-ampliara-la-red-de-saneamiento-en-perlora\\\/#listItem\",\"name\":\"Carre\\u00f1o ampliar\\u00e1 la red de saneamiento en Perlora\"},\"previousItem\":{\"@type\":\"ListItem\",\"@id\":\"https:\\\/\\\/candas365.es\\\/noticias#listItem\",\"name\":\"Home\"}},{\"@type\":\"ListItem\",\"@id\":\"https:\\\/\\\/candas365.es\\\/noticias\\\/carreno-ampliara-la-red-de-saneamiento-en-perlora\\\/#listItem\",\"position\":3,\"name\":\"Carre\\u00f1o ampliar\\u00e1 la red de saneamiento en Perlora\",\"previousItem\":{\"@type\":\"ListItem\",\"@id\":\"https:\\\/\\\/candas365.es\\\/noticias\\\/category\\\/noticias-carreno\\\/#listItem\",\"name\":\"Noticias Carre\\u00f1o\"}}]},{\"@type\":\"NewsArticle\",\"@id\":\"https:\\\/\\\/candas365.es\\\/noticias\\\/carreno-ampliara-la-red-de-saneamiento-en-perlora\\\/#newsarticle\",\"name\":\"Carre\\u00f1o ampliar\\u00e1 la red de saneamiento en Perlora | Cand\\u00e1s 365\",\"headline\":\"Carre\\u00f1o ampliar\\u00e1 la red de saneamiento en Perlora\",\"author\":{\"@id\":\"https:\\\/\\\/candas365.es\\\/noticias\\\/author\\\/admin\\\/#author\"},\"publisher\":{\"@id\":\"https:\\\/\\\/candas365.es\\\/noticias\\\/#organization\"},\"image\":{\"@type\":\"ImageObject\",\"url\":\"https:\\\/\\\/candas365.es\\\/noticias\\\/wp-content\\\/uploads\\\/2020\\\/11\\\/drop-of-water-578897_640.jpg\",\"width\":640,\"height\":426},\"datePublished\":\"2020-11-24T12:36:53+01:00\",\"dateModified\":\"2020-11-24T12:36:53+01:00\",\"inLanguage\":\"es-ES\",\"mainEntityOfPage\":{\"@id\":\"https:\\\/\\\/candas365.es\\\/noticias\\\/carreno-ampliara-la-red-de-saneamiento-en-perlora\\\/#webpage\"},\"isPartOf\":{\"@id\":\"https:\\\/\\\/candas365.es\\\/noticias\\\/carreno-ampliara-la-red-de-saneamiento-en-perlora\\\/#webpage\"},\"articleSection\":\"Noticias Carre\\u00f1o\",\"dateline\":\"Publicado el noviembre 24, 2020.\"},{\"@type\":\"Organization\",\"@id\":\"https:\\\/\\\/candas365.es\\\/noticias\\\/#organization\",\"name\":\"Cand\\u00e1s 365\",\"description\":\"Cand\\u00e1s 365 es un diario digital independiente, fundado en 2012, con base en Asturias. Informamos con rigor sobre actualidad, sociedad, cultura y ocio, con una mirada local y global.\",\"url\":\"https:\\\/\\\/candas365.es\\\/noticias\\\/\",\"email\":\"info@candas365.es\",\"telephone\":\"+34652131393\",\"foundingDate\":\"2012-06-10\",\"logo\":{\"@type\":\"ImageObject\",\"url\":\"https:\\\/\\\/candas365.es\\\/noticias\\\/wp-content\\\/uploads\\\/2024\\\/09\\\/Candas-365-Redes.jpg\",\"@id\":\"https:\\\/\\\/candas365.es\\\/noticias\\\/carreno-ampliara-la-red-de-saneamiento-en-perlora\\\/#organizationLogo\",\"width\":1152,\"height\":864,\"caption\":\"Cand\\u00e1s 365 Redes\"},\"image\":{\"@id\":\"https:\\\/\\\/candas365.es\\\/noticias\\\/carreno-ampliara-la-red-de-saneamiento-en-perlora\\\/#organizationLogo\"},\"sameAs\":[\"https:\\\/\\\/www.facebook.com\\\/Nachofdezber\",\"https:\\\/\\\/x.com\\\/NabercoDigital\",\"https:\\\/\\\/www.instagram.com\\\/nachofdezber\\\/\",\"https:\\\/\\\/www.youtube.com\\\/channel\\\/UCZP-2wLEB9Rv6erhFmqVnvg\"],\"address\":{\"@id\":\"https:\\\/\\\/candas365.es\\\/noticias\\\/#postaladdress\",\"@type\":\"PostalAddress\",\"streetAddress\":\"san antonio 4, san antonio 4\",\"postalCode\":\"33430\",\"addressLocality\":\"Cand\\u00e1s\",\"addressRegion\":\"Asturias\",\"addressCountry\":\"ES\"}},{\"@type\":\"Person\",\"@id\":\"https:\\\/\\\/candas365.es\\\/noticias\\\/author\\\/admin\\\/#author\",\"url\":\"https:\\\/\\\/candas365.es\\\/noticias\\\/author\\\/admin\\\/\",\"name\":\"Cand\\u00e1s 365\",\"image\":{\"@type\":\"ImageObject\",\"@id\":\"https:\\\/\\\/candas365.es\\\/noticias\\\/carreno-ampliara-la-red-de-saneamiento-en-perlora\\\/#authorImage\",\"url\":\"https:\\\/\\\/secure.gravatar.com\\\/avatar\\\/496a8e03d0c493ede1718b7934145dbdf8d89be1036b0eec9544e1094c9de390?s=96&d=mm&r=g\",\"width\":96,\"height\":96,\"caption\":\"Cand\\u00e1s 365\"},\"sameAs\":[\"https:\\\/\\\/www.facebook.com\\\/carrenoactualidad\",\"https:\\\/\\\/twitter.com\\\/nbasturias\",\"https:\\\/\\\/www.instagram.com\\\/nachofdezber\\\/\",\"https:\\\/\\\/www.youtube.com\\\/channel\\\/UCZP-2wLEB9Rv6erhFmqVnvg\"]},{\"@type\":\"WebPage\",\"@id\":\"https:\\\/\\\/candas365.es\\\/noticias\\\/carreno-ampliara-la-red-de-saneamiento-en-perlora\\\/#webpage\",\"url\":\"https:\\\/\\\/candas365.es\\\/noticias\\\/carreno-ampliara-la-red-de-saneamiento-en-perlora\\\/\",\"name\":\"Carre\\u00f1o ampliar\\u00e1 la red de saneamiento en Perlora | Cand\\u00e1s 365\",\"description\":\"La inversi\\u00f3n municipal dar\\u00e1 servicio a 3 viviendas permitiendo su conexi\\u00f3n a la red general de saneamiento al interceptor general\",\"inLanguage\":\"es-ES\",\"isPartOf\":{\"@id\":\"https:\\\/\\\/candas365.es\\\/noticias\\\/#website\"},\"breadcrumb\":{\"@id\":\"https:\\\/\\\/candas365.es\\\/noticias\\\/carreno-ampliara-la-red-de-saneamiento-en-perlora\\\/#breadcrumblist\"},\"author\":{\"@id\":\"https:\\\/\\\/candas365.es\\\/noticias\\\/author\\\/admin\\\/#author\"},\"creator\":{\"@id\":\"https:\\\/\\\/candas365.es\\\/noticias\\\/author\\\/admin\\\/#author\"},\"image\":{\"@type\":\"ImageObject\",\"url\":\"https:\\\/\\\/candas365.es\\\/noticias\\\/wp-content\\\/uploads\\\/2020\\\/11\\\/drop-of-water-578897_640.jpg\",\"@id\":\"https:\\\/\\\/candas365.es\\\/noticias\\\/carreno-ampliara-la-red-de-saneamiento-en-perlora\\\/#mainImage\",\"width\":640,\"height\":426},\"primaryImageOfPage\":{\"@id\":\"https:\\\/\\\/candas365.es\\\/noticias\\\/carreno-ampliara-la-red-de-saneamiento-en-perlora\\\/#mainImage\"},\"datePublished\":\"2020-11-24T12:36:53+01:00\",\"dateModified\":\"2020-11-24T12:36:53+01:00\"},{\"@type\":\"WebSite\",\"@id\":\"https:\\\/\\\/candas365.es\\\/noticias\\\/#website\",\"url\":\"https:\\\/\\\/candas365.es\\\/noticias\\\/\",\"name\":\"Cand\\u00e1s 365\",\"alternateName\":\"Cand\\u00e1s 365 Noticias\",\"description\":\"Actualidad desde Carre\\u00f1o para el mundo\",\"inLanguage\":\"es-ES\",\"publisher\":{\"@id\":\"https:\\\/\\\/candas365.es\\\/noticias\\\/#organization\"}}]}\n\t\t<\/script>\n\t\t<!-- All in One SEO Pro -->\r\n\t\t<title>Carre\u00f1o ampliar\u00e1 la red de saneamiento en Perlora | Cand\u00e1s 365<\/title>\n\n","aioseo_head_json":{"title":"Carre\u00f1o ampliar\u00e1 la red de saneamiento en Perlora | Cand\u00e1s 365","description":"La inversi\u00f3n municipal dar\u00e1 servicio a 3 viviendas permitiendo su conexi\u00f3n a la red general de saneamiento al interceptor general","canonical_url":"https:\/\/candas365.es\/noticias\/carreno-ampliara-la-red-de-saneamiento-en-perlora\/","robots":"max-image-preview:large","keywords":"noticias carre\u00f1o,actualidad cand\u00e1s,saneamiento","webmasterTools":{"google-site-verification":"UA-32230408-1","msvalidate.01":"354F3CDFB2DA171B47FBE9ABF1F88D5","miscellaneous":""},"schema":{"@context":"https:\/\/schema.org","@graph":[{"@type":"BreadcrumbList","@id":"https:\/\/candas365.es\/noticias\/carreno-ampliara-la-red-de-saneamiento-en-perlora\/#breadcrumblist","itemListElement":[{"@type":"ListItem","@id":"https:\/\/candas365.es\/noticias#listItem","position":1,"name":"Home","item":"https:\/\/candas365.es\/noticias","nextItem":{"@type":"ListItem","@id":"https:\/\/candas365.es\/noticias\/category\/noticias-carreno\/#listItem","name":"Noticias Carre\u00f1o"}},{"@type":"ListItem","@id":"https:\/\/candas365.es\/noticias\/category\/noticias-carreno\/#listItem","position":2,"name":"Noticias Carre\u00f1o","item":"https:\/\/candas365.es\/noticias\/category\/noticias-carreno\/","nextItem":{"@type":"ListItem","@id":"https:\/\/candas365.es\/noticias\/carreno-ampliara-la-red-de-saneamiento-en-perlora\/#listItem","name":"Carre\u00f1o ampliar\u00e1 la red de saneamiento en Perlora"},"previousItem":{"@type":"ListItem","@id":"https:\/\/candas365.es\/noticias#listItem","name":"Home"}},{"@type":"ListItem","@id":"https:\/\/candas365.es\/noticias\/carreno-ampliara-la-red-de-saneamiento-en-perlora\/#listItem","position":3,"name":"Carre\u00f1o ampliar\u00e1 la red de saneamiento en Perlora","previousItem":{"@type":"ListItem","@id":"https:\/\/candas365.es\/noticias\/category\/noticias-carreno\/#listItem","name":"Noticias Carre\u00f1o"}}]},{"@type":"NewsArticle","@id":"https:\/\/candas365.es\/noticias\/carreno-ampliara-la-red-de-saneamiento-en-perlora\/#newsarticle","name":"Carre\u00f1o ampliar\u00e1 la red de saneamiento en Perlora | Cand\u00e1s 365","headline":"Carre\u00f1o ampliar\u00e1 la red de saneamiento en Perlora","author":{"@id":"https:\/\/candas365.es\/noticias\/author\/admin\/#author"},"publisher":{"@id":"https:\/\/candas365.es\/noticias\/#organization"},"image":{"@type":"ImageObject","url":"https:\/\/candas365.es\/noticias\/wp-content\/uploads\/2020\/11\/drop-of-water-578897_640.jpg","width":640,"height":426},"datePublished":"2020-11-24T12:36:53+01:00","dateModified":"2020-11-24T12:36:53+01:00","inLanguage":"es-ES","mainEntityOfPage":{"@id":"https:\/\/candas365.es\/noticias\/carreno-ampliara-la-red-de-saneamiento-en-perlora\/#webpage"},"isPartOf":{"@id":"https:\/\/candas365.es\/noticias\/carreno-ampliara-la-red-de-saneamiento-en-perlora\/#webpage"},"articleSection":"Noticias Carre\u00f1o","dateline":"Publicado el noviembre 24, 2020."},{"@type":"Organization","@id":"https:\/\/candas365.es\/noticias\/#organization","name":"Cand\u00e1s 365","description":"Cand\u00e1s 365 es un diario digital independiente, fundado en 2012, con base en Asturias. Informamos con rigor sobre actualidad, sociedad, cultura y ocio, con una mirada local y global.","url":"https:\/\/candas365.es\/noticias\/","email":"info@candas365.es","telephone":"+34652131393","foundingDate":"2012-06-10","logo":{"@type":"ImageObject","url":"https:\/\/candas365.es\/noticias\/wp-content\/uploads\/2024\/09\/Candas-365-Redes.jpg","@id":"https:\/\/candas365.es\/noticias\/carreno-ampliara-la-red-de-saneamiento-en-perlora\/#organizationLogo","width":1152,"height":864,"caption":"Cand\u00e1s 365 Redes"},"image":{"@id":"https:\/\/candas365.es\/noticias\/carreno-ampliara-la-red-de-saneamiento-en-perlora\/#organizationLogo"},"sameAs":["https:\/\/www.facebook.com\/Nachofdezber","https:\/\/x.com\/NabercoDigital","https:\/\/www.instagram.com\/nachofdezber\/","https:\/\/www.youtube.com\/channel\/UCZP-2wLEB9Rv6erhFmqVnvg"],"address":{"@id":"https:\/\/candas365.es\/noticias\/#postaladdress","@type":"PostalAddress","streetAddress":"san antonio 4, san antonio 4","postalCode":"33430","addressLocality":"Cand\u00e1s","addressRegion":"Asturias","addressCountry":"ES"}},{"@type":"Person","@id":"https:\/\/candas365.es\/noticias\/author\/admin\/#author","url":"https:\/\/candas365.es\/noticias\/author\/admin\/","name":"Cand\u00e1s 365","image":{"@type":"ImageObject","@id":"https:\/\/candas365.es\/noticias\/carreno-ampliara-la-red-de-saneamiento-en-perlora\/#authorImage","url":"https:\/\/secure.gravatar.com\/avatar\/496a8e03d0c493ede1718b7934145dbdf8d89be1036b0eec9544e1094c9de390?s=96&d=mm&r=g","width":96,"height":96,"caption":"Cand\u00e1s 365"},"sameAs":["https:\/\/www.facebook.com\/carrenoactualidad","https:\/\/twitter.com\/nbasturias","https:\/\/www.instagram.com\/nachofdezber\/","https:\/\/www.youtube.com\/channel\/UCZP-2wLEB9Rv6erhFmqVnvg"]},{"@type":"WebPage","@id":"https:\/\/candas365.es\/noticias\/carreno-ampliara-la-red-de-saneamiento-en-perlora\/#webpage","url":"https:\/\/candas365.es\/noticias\/carreno-ampliara-la-red-de-saneamiento-en-perlora\/","name":"Carre\u00f1o ampliar\u00e1 la red de saneamiento en Perlora | Cand\u00e1s 365","description":"La inversi\u00f3n municipal dar\u00e1 servicio a 3 viviendas permitiendo su conexi\u00f3n a la red general de saneamiento al interceptor general","inLanguage":"es-ES","isPartOf":{"@id":"https:\/\/candas365.es\/noticias\/#website"},"breadcrumb":{"@id":"https:\/\/candas365.es\/noticias\/carreno-ampliara-la-red-de-saneamiento-en-perlora\/#breadcrumblist"},"author":{"@id":"https:\/\/candas365.es\/noticias\/author\/admin\/#author"},"creator":{"@id":"https:\/\/candas365.es\/noticias\/author\/admin\/#author"},"image":{"@type":"ImageObject","url":"https:\/\/candas365.es\/noticias\/wp-content\/uploads\/2020\/11\/drop-of-water-578897_640.jpg","@id":"https:\/\/candas365.es\/noticias\/carreno-ampliara-la-red-de-saneamiento-en-perlora\/#mainImage","width":640,"height":426},"primaryImageOfPage":{"@id":"https:\/\/candas365.es\/noticias\/carreno-ampliara-la-red-de-saneamiento-en-perlora\/#mainImage"},"datePublished":"2020-11-24T12:36:53+01:00","dateModified":"2020-11-24T12:36:53+01:00"},{"@type":"WebSite","@id":"https:\/\/candas365.es\/noticias\/#website","url":"https:\/\/candas365.es\/noticias\/","name":"Cand\u00e1s 365","alternateName":"Cand\u00e1s 365 Noticias","description":"Actualidad desde Carre\u00f1o para el mundo","inLanguage":"es-ES","publisher":{"@id":"https:\/\/candas365.es\/noticias\/#organization"}}]},"og:locale":"es_ES","og:site_name":"Cand\u00e1s 365","og:type":"article","og:title":"Carre\u00f1o ampliar\u00e1 la red de saneamiento en Perlora | Cand\u00e1s 365","og:description":"La inversi\u00f3n municipal dar\u00e1 servicio a 3 viviendas permitiendo su conexi\u00f3n a la red general de saneamiento al interceptor general","og:url":"https:\/\/candas365.es\/noticias\/carreno-ampliara-la-red-de-saneamiento-en-perlora\/","og:image":"https:\/\/candas365.es\/noticias\/wp-content\/uploads\/2020\/11\/drop-of-water-578897_640.jpg","og:image:secure_url":"https:\/\/candas365.es\/noticias\/wp-content\/uploads\/2020\/11\/drop-of-water-578897_640.jpg","og:image:width":640,"og:image:height":426,"article:published_time":"2020-11-24T12:36:53+00:00","article:modified_time":"2020-11-24T12:36:53+00:00","article:publisher":"https:\/\/www.facebook.com\/Nachofdezber","article:author":"https:\/\/www.facebook.com\/carrenoactualidad","twitter:card":"summary_large_image","twitter:site":"@NabercoDigital","twitter:title":"Carre\u00f1o ampliar\u00e1 la red de saneamiento en Perlora | Cand\u00e1s 365","twitter:description":"La inversi\u00f3n municipal dar\u00e1 servicio a 3 viviendas permitiendo su conexi\u00f3n a la red general de saneamiento al interceptor general","twitter:creator":"@nbasturias","twitter:image":"https:\/\/candas365.es\/noticias\/wp-content\/uploads\/2020\/11\/drop-of-water-578897_640.jpg","twitter:label1":"Escrito por","twitter:data1":"Cand\u00e1s 365","twitter:label2":"Tiempo de lectura estimado","twitter:data2":"2 minutos"},"aioseo_meta_data":{"post_id":"148712","title":"Carre\u00f1o ampliar\u00e1 la red de saneamiento en Perlora | #site_title","description":"La inversi\u00f3n municipal dar\u00e1 servicio a 3 viviendas permitiendo su conexi\u00f3n a la red general de saneamiento al interceptor general","keywords":[{"label":"Noticias Carre\u00f1o","value":"Noticias Carre\u00f1o"},{"label":"Actualidad Cand\u00e1s","value":"Actualidad Cand\u00e1s"},{"label":"saneamiento","value":"saneamiento"}],"keyphrases":null,"primary_term":null,"canonical_url":"","og_title":null,"og_description":null,"og_object_type":"default","og_image_type":"default","og_image_url":null,"og_image_width":null,"og_image_height":null,"og_image_custom_url":null,"og_image_custom_fields":null,"og_video":null,"og_custom_url":null,"og_article_section":null,"og_article_tags":null,"twitter_use_og":false,"twitter_card":"default","twitter_image_type":"default","twitter_image_url":null,"twitter_image_custom_url":null,"twitter_image_custom_fields":null,"twitter_title":null,"twitter_description":null,"schema":{"blockGraphs":[],"customGraphs":[],"default":{"data":{"Article":[],"Course":[],"Dataset":[],"FAQPage":[],"Movie":[],"Person":[],"Product":[],"ProductReview":[],"Car":[],"Recipe":[],"Service":[],"SoftwareApplication":[],"WebPage":[]},"graphName":"","isEnabled":true},"graphs":[],"defaultGraph":"","defaultPostTypeGraph":""},"schema_type":null,"schema_type_options":null,"pillar_content":false,"robots_default":true,"robots_noindex":false,"robots_noarchive":false,"robots_nosnippet":false,"robots_nofollow":false,"robots_noimageindex":false,"robots_noodp":false,"robots_notranslate":false,"robots_max_snippet":null,"robots_max_videopreview":null,"robots_max_imagepreview":"large","priority":null,"frequency":null,"location":null,"local_seo":null,"seo_analyzer_scan_date":"2025-08-31 13:52:11","breadcrumb_settings":null,"limit_modified_date":false,"reviewed_by":null,"open_ai":null,"ai":null,"created":"2020-12-21 10:38:18","updated":"2025-08-31 13:52:11"},"aioseo_breadcrumb":"<div class=\"aioseo-breadcrumbs\"><span class=\"aioseo-breadcrumb\">\n\t<a href=\"https:\/\/candas365.es\/noticias\" title=\"Home\">Home<\/a>\n<\/span><span class=\"aioseo-breadcrumb-separator\">&ndash;<\/span><span class=\"aioseo-breadcrumb\">\n\t<a href=\"https:\/\/candas365.es\/noticias\/category\/noticias-carreno\/\" title=\"Noticias Carre\u00f1o\">Noticias Carre\u00f1o<\/a>\n<\/span><span class=\"aioseo-breadcrumb-separator\">&ndash;<\/span><span class=\"aioseo-breadcrumb\">\n\tCarre\u00f1o ampliar\u00e1 la red de saneamiento en Perlora\n<\/span><\/div>","aioseo_breadcrumb_json":[{"label":"Home","link":"https:\/\/candas365.es\/noticias"},{"label":"Noticias Carre\u00f1o","link":"https:\/\/candas365.es\/noticias\/category\/noticias-carreno\/"},{"label":"Carre\u00f1o ampliar\u00e1 la red de saneamiento en Perlora","link":"https:\/\/candas365.es\/noticias\/carreno-ampliara-la-red-de-saneamiento-en-perlora\/"}],"_links":{"self":[{"href":"https:\/\/candas365.es\/noticias\/wp-json\/wp\/v2\/posts\/148712","targetHints":{"allow":["GET"]}}],"collection":[{"href":"https:\/\/candas365.es\/noticias\/wp-json\/wp\/v2\/posts"}],"about":[{"href":"https:\/\/candas365.es\/noticias\/wp-json\/wp\/v2\/types\/post"}],"author":[{"embeddable":true,"href":"https:\/\/candas365.es\/noticias\/wp-json\/wp\/v2\/users\/1"}],"replies":[{"embeddable":true,"href":"https:\/\/candas365.es\/noticias\/wp-json\/wp\/v2\/comments?post=148712"}],"version-history":[{"count":0,"href":"https:\/\/candas365.es\/noticias\/wp-json\/wp\/v2\/posts\/148712\/revisions"}],"wp:featuredmedia":[{"embeddable":true,"href":"https:\/\/candas365.es\/noticias\/wp-json\/wp\/v2\/media\/148253"}],"wp:attachment":[{"href":"https:\/\/candas365.es\/noticias\/wp-json\/wp\/v2\/media?parent=148712"}],"wp:term":[{"taxonomy":"category","embeddable":true,"href":"https:\/\/candas365.es\/noticias\/wp-json\/wp\/v2\/categories?post=148712"},{"taxonomy":"post_tag","embeddable":true,"href":"https:\/\/candas365.es\/noticias\/wp-json\/wp\/v2\/tags?post=148712"}],"curies":[{"name":"wp","href":"https:\/\/api.w.org\/{rel}","templated":true}]}}