{"id":148503,"date":"2020-11-19T09:39:22","date_gmt":"2020-11-19T09:39:22","guid":{"rendered":"http:\/\/candas365.es\/noticias\/?p=148503"},"modified":"2020-11-19T09:39:22","modified_gmt":"2020-11-19T09:39:22","slug":"practico-o-embarazoso-compartir-la-ropa-entre-hermanos","status":"publish","type":"post","link":"https:\/\/candas365.es\/noticias\/practico-o-embarazoso-compartir-la-ropa-entre-hermanos\/","title":{"rendered":"Pr\u00e1ctico o embarazoso: compartir la ropa entre hermanos"},"content":{"rendered":"<figure id=\"attachment_148504\" aria-describedby=\"caption-attachment-148504\" style=\"width: 360px\" class=\"wp-caption alignleft\"><img fetchpriority=\"high\" decoding=\"async\" class=\"wp-image-148504 size-medium\" src=\"https:\/\/candas365.es\/noticias\/wp-content\/uploads\/2020\/11\/ropa-360x257.jpg\" alt=\"\" width=\"360\" height=\"257\" srcset=\"https:\/\/candas365.es\/noticias\/wp-content\/uploads\/2020\/11\/ropa-360x257.jpg 360w, https:\/\/candas365.es\/noticias\/wp-content\/uploads\/2020\/11\/ropa-650x464.jpg 650w, https:\/\/candas365.es\/noticias\/wp-content\/uploads\/2020\/11\/ropa-768x548.jpg 768w, https:\/\/candas365.es\/noticias\/wp-content\/uploads\/2020\/11\/ropa.jpg 926w\" sizes=\"(max-width: 360px) 100vw, 360px\" \/><figcaption id=\"caption-attachment-148504\" class=\"wp-caption-text\">La ropa es m\u00e1s que una cuesti\u00f3n de gustos para los ni\u00f1os. Foto: Florian Schuh\/dpa<\/figcaption><\/figure>\n<p>(dpa) &#8211; Con varios hijos en la familia suele haber mucha ropa de todas las tallas, esperando en diferentes cajas para su uso. \u00bfEl traje para la nieve de hace tres a\u00f1os? La hermana peque\u00f1a todav\u00eda puede llevarlo. \u00bfLas mallas del hermano mayor? Todav\u00eda se pueden usar.<\/p>\n<p>Cualquiera que crezca con hermanos sabe c\u00f3mo intercambiar y llevar la ropa. Por un lado, esto es pr\u00e1ctico y sostenible, pero por otro lado puede ser una verdadera molestia para los ni\u00f1os. \u00bfPor qu\u00e9?<\/p>\n<p>\u00abLa ropa es algo que se lleva pegadO al cuerpo. Es una parte incre\u00edblemente importante de la identidad de una persona. Los padres tambi\u00e9n deben tener esto en cuenta cuando se trata de ni\u00f1os peque\u00f1os\u00bb, explica Ulrich Gerth, psic\u00f3logo en el Centro de Asesoramiento y Bienestar Juvenil de C\u00e1ritas en Alemania.<\/p>\n<h2>La ropa subraya la individualidad<\/h2>\n<p>Silke Kr\u00e4mer es una coach de ni\u00f1os y j\u00f3venes en la ciudad alemana de Heidelberg. Ella tambi\u00e9n considera que la ropa es algo muy individual para los ni\u00f1os: \u00abHay diferentes tipos de sentidos. Si una ni\u00f1a tiene una mayor inclinaci\u00f3n est\u00e9tica y le gusta llevar mallas ajustadas y faldas cortas, ese tipo de ropa no tiene por qu\u00e9 ser necesariamente lo correcto para la hermana. Puede que prefiera usar prendas holgadas\u00bb, explica. Los padres que descuidan estos detalles pueden hacer que los ni\u00f1os se sientan inc\u00f3modos.<\/p>\n<p>Especialmente con los ni\u00f1os mayores, la ropa no s\u00f3lo tiene una funci\u00f3n protectora, sino que tambi\u00e9n es un medio de expresi\u00f3n. Si a uno le gusta caminar con pantalones holgados o usar blusas ajustadas, es un signo de pertenencia a un determinado grupo. As\u00ed es como lo ve Maria Schweizer-May, que trabaja como consejera familiar en la Asociaci\u00f3n de Protecci\u00f3n Infantil en la ciudad alemana de Colonia.<\/p>\n<p>Qu\u00e9 tipo de ropa y qu\u00e9 cantidad tiene una familia a su disposici\u00f3n depende naturalmente de su situaci\u00f3n. Algunos simplemente no pueden permitirse tener en cuenta el deseo de cada hijo. \u00abPor supuesto que hay restricciones aqu\u00ed. Las personas que no pueden comprar ropa cara para s\u00ed mismas y para sus hijos tienen que recurrir inevitablemente a la ropa de segunda mano\u00bb, dice Gerth.<\/p>\n<h2>Compartir la ropa puede permitir la inversi\u00f3n de roles<\/h2>\n<p>Pasarse ropa dentro de la familia tambi\u00e9n puede tener connotaciones positivas: En muchas situaciones los ni\u00f1os encuentran divertido compartir e intercambiar ropa con sus hermanos. \u00abPuede ser un juego para que los ni\u00f1os experimenten con las atribuciones de g\u00e9nero, y los padres tambi\u00e9n deber\u00edan permitirlo\u00bb, dice Schweizer-May.<\/p>\n<p>Sin embargo, es parte del juego que cada ni\u00f1o tiene algunas cosas que le pertenecen s\u00f3lo a \u00e9l o ella y en las que se siente c\u00f3modo. Si siempre tienen que recurrir a las ropas desechadas de sus hermanos mayores, que tal vez ni siquiera les parezcan particularmente hermosas, entonces es injusto.<\/p>\n<p>\u00abSe trata de un compromiso. Los padres deben acomodar un poco al ni\u00f1o\u00bb, aconseja Kr\u00e4mer. Y: Deber\u00edan ser modelos a seguir. Cualquiera que se compra constantemente ropa nueva mientras los ni\u00f1os tienen que usar la desechada tiene malos argumentos.<\/p>\n<h2>A los mayores ya no se les puede convencer de que lleven ropa de otros<\/h2>\n<p>A medida que los ni\u00f1os crecen, los padres tienen menos posibilidades de opinar sobre la elecci\u00f3n de la ropa, y con raz\u00f3n: s\u00f3lo entonces el ni\u00f1o tiene la opci\u00f3n de desarrollarse con total libertad. \u00abEs bueno para la autoestima vestirse y expresarse de la manera que quieran\u00bb, confirma Kr\u00e4mer.<\/p>\n<p>No obstante, la compra de ropa puede ser un buen punto de referencia para que los padres hablen con sus hijos sobre la sustentabilidad, por ejemplo, sobre la cantidad de ropa que termina en la basura cada a\u00f1o. \u00abY que es bueno usar ropa usada en vez de querer siempre algo nuevo\u00bb, dice Kr\u00e4mer. Muchos ni\u00f1os lo entender\u00edan.<\/p>\n<p>Sin embargo, los padres no deben obligar a su hijo a usar algo que no quiera llevar en absoluto. \u00abSi notan que el ni\u00f1o no quiere usar la ropa usada de sus hermanos, entonces debe haber otras opciones\u00bb, dice Schweizer-May. Despu\u00e9s de todo, hay cosas m\u00e1s importantes que discutir sobre la ropa.<\/p>\n<p><i class=\"lang-es\"><span class=\" readonly\" title=\"\">Por Suria Reiche (dpa)<\/span><\/i><\/p>\n<p>&nbsp;<\/p>\n<p>&nbsp;<\/p>\n","protected":false},"excerpt":{"rendered":"<p>(dpa) &#8211; Con varios hijos en la familia suele haber mucha ropa de todas las tallas, esperando en diferentes cajas para su uso. \u00bfEl traje para la nieve de hace tres a\u00f1os? La hermana peque\u00f1a todav\u00eda puede llevarlo. \u00bfLas mallas del hermano mayor? Todav\u00eda se pueden usar. Cualquiera que crezca con hermanos sabe c\u00f3mo intercambiar<\/p>\n","protected":false},"author":1,"featured_media":148504,"comment_status":"closed","ping_status":"closed","sticky":false,"template":"","format":"standard","meta":{"footnotes":""},"categories":[142],"tags":[],"class_list":{"0":"post-148503","1":"post","2":"type-post","3":"status-publish","4":"format-standard","5":"has-post-thumbnail","7":"category-revista"},"aioseo_notices":[],"aioseo_head":"\n\t\t<!-- All in One SEO Pro 4.9.6.2 - aioseo.com -->\n\t<meta name=\"description\" content=\"Con varios hijos en la familia suele haber mucha ropa de todas las tallas, esperando en diferentes cajas para su uso. \u00bfEl traje para la nieve de hace tres a\u00f1os?\" \/>\n\t<meta name=\"robots\" content=\"max-image-preview:large\" \/>\n\t<meta name=\"author\" content=\"Cand\u00e1s 365\"\/>\n\t<meta name=\"google-site-verification\" content=\"UA-32230408-1\" \/>\n\t<meta name=\"msvalidate.01\" content=\"354F3CDFB2DA171B47FBE9ABF1F88D5\" \/>\n\t<meta name=\"keywords\" content=\"familia,tendencias,estilo de vida,revista\" \/>\n\t<link rel=\"canonical\" href=\"https:\/\/candas365.es\/noticias\/practico-o-embarazoso-compartir-la-ropa-entre-hermanos\/\" \/>\n\t<meta name=\"generator\" content=\"All in One SEO Pro (AIOSEO) 4.9.6.2\" \/>\n\t\t<meta property=\"og:locale\" content=\"es_ES\" \/>\n\t\t<meta property=\"og:site_name\" content=\"Cand\u00e1s 365\" \/>\n\t\t<meta property=\"og:type\" content=\"article\" \/>\n\t\t<meta property=\"og:title\" content=\"Pr\u00e1ctico o embarazoso: compartir la ropa entre hermanos | Cand\u00e1s 365\" \/>\n\t\t<meta property=\"og:description\" content=\"Con varios hijos en la familia suele haber mucha ropa de todas las tallas, esperando en diferentes cajas para su uso. \u00bfEl traje para la nieve de hace tres a\u00f1os?\" \/>\n\t\t<meta property=\"og:url\" content=\"https:\/\/candas365.es\/noticias\/practico-o-embarazoso-compartir-la-ropa-entre-hermanos\/\" \/>\n\t\t<meta property=\"og:image\" content=\"https:\/\/candas365.es\/noticias\/wp-content\/uploads\/2020\/11\/ropa.jpg\" \/>\n\t\t<meta property=\"og:image:secure_url\" content=\"https:\/\/candas365.es\/noticias\/wp-content\/uploads\/2020\/11\/ropa.jpg\" \/>\n\t\t<meta property=\"og:image:width\" content=\"926\" \/>\n\t\t<meta property=\"og:image:height\" content=\"661\" \/>\n\t\t<meta property=\"article:published_time\" content=\"2020-11-19T09:39:22+00:00\" \/>\n\t\t<meta property=\"article:modified_time\" content=\"2020-11-19T09:39:22+00:00\" \/>\n\t\t<meta property=\"article:publisher\" content=\"https:\/\/www.facebook.com\/Nachofdezber\" \/>\n\t\t<meta property=\"article:author\" content=\"https:\/\/www.facebook.com\/carrenoactualidad\" \/>\n\t\t<meta name=\"twitter:card\" content=\"summary_large_image\" \/>\n\t\t<meta name=\"twitter:site\" content=\"@NabercoDigital\" \/>\n\t\t<meta name=\"twitter:title\" content=\"Pr\u00e1ctico o embarazoso: compartir la ropa entre hermanos | Cand\u00e1s 365\" \/>\n\t\t<meta name=\"twitter:description\" content=\"Con varios hijos en la familia suele haber mucha ropa de todas las tallas, esperando en diferentes cajas para su uso. \u00bfEl traje para la nieve de hace tres a\u00f1os?\" \/>\n\t\t<meta name=\"twitter:creator\" content=\"@nbasturias\" \/>\n\t\t<meta name=\"twitter:image\" content=\"https:\/\/candas365.es\/noticias\/wp-content\/uploads\/2020\/11\/ropa.jpg\" \/>\n\t\t<meta name=\"twitter:label1\" content=\"Escrito por\" \/>\n\t\t<meta name=\"twitter:data1\" content=\"Cand\u00e1s 365\" \/>\n\t\t<meta name=\"twitter:label2\" content=\"Tiempo de lectura estimado\" \/>\n\t\t<meta name=\"twitter:data2\" content=\"4 minutos\" \/>\n\t\t<script type=\"application\/ld+json\" class=\"aioseo-schema\">\n\t\t\t{\"@context\":\"https:\\\/\\\/schema.org\",\"@graph\":[{\"@type\":\"BreadcrumbList\",\"@id\":\"https:\\\/\\\/candas365.es\\\/noticias\\\/practico-o-embarazoso-compartir-la-ropa-entre-hermanos\\\/#breadcrumblist\",\"itemListElement\":[{\"@type\":\"ListItem\",\"@id\":\"https:\\\/\\\/candas365.es\\\/noticias#listItem\",\"position\":1,\"name\":\"Home\",\"item\":\"https:\\\/\\\/candas365.es\\\/noticias\",\"nextItem\":{\"@type\":\"ListItem\",\"@id\":\"https:\\\/\\\/candas365.es\\\/noticias\\\/category\\\/revista\\\/#listItem\",\"name\":\"Revista\"}},{\"@type\":\"ListItem\",\"@id\":\"https:\\\/\\\/candas365.es\\\/noticias\\\/category\\\/revista\\\/#listItem\",\"position\":2,\"name\":\"Revista\",\"item\":\"https:\\\/\\\/candas365.es\\\/noticias\\\/category\\\/revista\\\/\",\"nextItem\":{\"@type\":\"ListItem\",\"@id\":\"https:\\\/\\\/candas365.es\\\/noticias\\\/practico-o-embarazoso-compartir-la-ropa-entre-hermanos\\\/#listItem\",\"name\":\"Pr\\u00e1ctico o embarazoso: compartir la ropa entre hermanos\"},\"previousItem\":{\"@type\":\"ListItem\",\"@id\":\"https:\\\/\\\/candas365.es\\\/noticias#listItem\",\"name\":\"Home\"}},{\"@type\":\"ListItem\",\"@id\":\"https:\\\/\\\/candas365.es\\\/noticias\\\/practico-o-embarazoso-compartir-la-ropa-entre-hermanos\\\/#listItem\",\"position\":3,\"name\":\"Pr\\u00e1ctico o embarazoso: compartir la ropa entre hermanos\",\"previousItem\":{\"@type\":\"ListItem\",\"@id\":\"https:\\\/\\\/candas365.es\\\/noticias\\\/category\\\/revista\\\/#listItem\",\"name\":\"Revista\"}}]},{\"@type\":\"NewsArticle\",\"@id\":\"https:\\\/\\\/candas365.es\\\/noticias\\\/practico-o-embarazoso-compartir-la-ropa-entre-hermanos\\\/#newsarticle\",\"name\":\"Pr\\u00e1ctico o embarazoso: compartir la ropa entre hermanos | Cand\\u00e1s 365\",\"headline\":\"Pr\\u00e1ctico o embarazoso: compartir la ropa entre hermanos\",\"author\":{\"@id\":\"https:\\\/\\\/candas365.es\\\/noticias\\\/author\\\/admin\\\/#author\"},\"publisher\":{\"@id\":\"https:\\\/\\\/candas365.es\\\/noticias\\\/#organization\"},\"image\":{\"@type\":\"ImageObject\",\"url\":\"https:\\\/\\\/candas365.es\\\/noticias\\\/wp-content\\\/uploads\\\/2020\\\/11\\\/ropa.jpg\",\"width\":926,\"height\":661,\"caption\":\"La ropa es m\\u00e1s que una cuesti\\u00f3n de gustos para los ni\\u00f1os. Foto: Florian Schuh\\\/dpa\"},\"datePublished\":\"2020-11-19T09:39:22+01:00\",\"dateModified\":\"2020-11-19T09:39:22+01:00\",\"inLanguage\":\"es-ES\",\"mainEntityOfPage\":{\"@id\":\"https:\\\/\\\/candas365.es\\\/noticias\\\/practico-o-embarazoso-compartir-la-ropa-entre-hermanos\\\/#webpage\"},\"isPartOf\":{\"@id\":\"https:\\\/\\\/candas365.es\\\/noticias\\\/practico-o-embarazoso-compartir-la-ropa-entre-hermanos\\\/#webpage\"},\"articleSection\":\"Revista\",\"dateline\":\"Publicado el noviembre 19, 2020.\"},{\"@type\":\"Organization\",\"@id\":\"https:\\\/\\\/candas365.es\\\/noticias\\\/#organization\",\"name\":\"Cand\\u00e1s 365\",\"description\":\"Cand\\u00e1s 365 es un diario digital independiente, fundado en 2012, con base en Asturias. Informamos con rigor sobre actualidad, sociedad, cultura y ocio, con una mirada local y global.\",\"url\":\"https:\\\/\\\/candas365.es\\\/noticias\\\/\",\"email\":\"info@candas365.es\",\"telephone\":\"+34652131393\",\"foundingDate\":\"2012-06-10\",\"logo\":{\"@type\":\"ImageObject\",\"url\":\"https:\\\/\\\/candas365.es\\\/noticias\\\/wp-content\\\/uploads\\\/2024\\\/09\\\/Candas-365-Redes.jpg\",\"@id\":\"https:\\\/\\\/candas365.es\\\/noticias\\\/practico-o-embarazoso-compartir-la-ropa-entre-hermanos\\\/#organizationLogo\",\"width\":1152,\"height\":864,\"caption\":\"Cand\\u00e1s 365 Redes\"},\"image\":{\"@id\":\"https:\\\/\\\/candas365.es\\\/noticias\\\/practico-o-embarazoso-compartir-la-ropa-entre-hermanos\\\/#organizationLogo\"},\"sameAs\":[\"https:\\\/\\\/www.facebook.com\\\/Nachofdezber\",\"https:\\\/\\\/x.com\\\/NabercoDigital\",\"https:\\\/\\\/www.instagram.com\\\/nachofdezber\\\/\",\"https:\\\/\\\/www.youtube.com\\\/channel\\\/UCZP-2wLEB9Rv6erhFmqVnvg\"],\"address\":{\"@id\":\"https:\\\/\\\/candas365.es\\\/noticias\\\/#postaladdress\",\"@type\":\"PostalAddress\",\"streetAddress\":\"san antonio 4, san antonio 4\",\"postalCode\":\"33430\",\"addressLocality\":\"Cand\\u00e1s\",\"addressRegion\":\"Asturias\",\"addressCountry\":\"ES\"}},{\"@type\":\"Person\",\"@id\":\"https:\\\/\\\/candas365.es\\\/noticias\\\/author\\\/admin\\\/#author\",\"url\":\"https:\\\/\\\/candas365.es\\\/noticias\\\/author\\\/admin\\\/\",\"name\":\"Cand\\u00e1s 365\",\"image\":{\"@type\":\"ImageObject\",\"@id\":\"https:\\\/\\\/candas365.es\\\/noticias\\\/practico-o-embarazoso-compartir-la-ropa-entre-hermanos\\\/#authorImage\",\"url\":\"https:\\\/\\\/secure.gravatar.com\\\/avatar\\\/496a8e03d0c493ede1718b7934145dbdf8d89be1036b0eec9544e1094c9de390?s=96&d=mm&r=g\",\"width\":96,\"height\":96,\"caption\":\"Cand\\u00e1s 365\"},\"sameAs\":[\"https:\\\/\\\/www.facebook.com\\\/carrenoactualidad\",\"https:\\\/\\\/twitter.com\\\/nbasturias\",\"https:\\\/\\\/www.instagram.com\\\/nachofdezber\\\/\",\"https:\\\/\\\/www.youtube.com\\\/channel\\\/UCZP-2wLEB9Rv6erhFmqVnvg\"]},{\"@type\":\"WebPage\",\"@id\":\"https:\\\/\\\/candas365.es\\\/noticias\\\/practico-o-embarazoso-compartir-la-ropa-entre-hermanos\\\/#webpage\",\"url\":\"https:\\\/\\\/candas365.es\\\/noticias\\\/practico-o-embarazoso-compartir-la-ropa-entre-hermanos\\\/\",\"name\":\"Pr\\u00e1ctico o embarazoso: compartir la ropa entre hermanos | Cand\\u00e1s 365\",\"description\":\"Con varios hijos en la familia suele haber mucha ropa de todas las tallas, esperando en diferentes cajas para su uso. \\u00bfEl traje para la nieve de hace tres a\\u00f1os?\",\"inLanguage\":\"es-ES\",\"isPartOf\":{\"@id\":\"https:\\\/\\\/candas365.es\\\/noticias\\\/#website\"},\"breadcrumb\":{\"@id\":\"https:\\\/\\\/candas365.es\\\/noticias\\\/practico-o-embarazoso-compartir-la-ropa-entre-hermanos\\\/#breadcrumblist\"},\"author\":{\"@id\":\"https:\\\/\\\/candas365.es\\\/noticias\\\/author\\\/admin\\\/#author\"},\"creator\":{\"@id\":\"https:\\\/\\\/candas365.es\\\/noticias\\\/author\\\/admin\\\/#author\"},\"image\":{\"@type\":\"ImageObject\",\"url\":\"https:\\\/\\\/candas365.es\\\/noticias\\\/wp-content\\\/uploads\\\/2020\\\/11\\\/ropa.jpg\",\"@id\":\"https:\\\/\\\/candas365.es\\\/noticias\\\/practico-o-embarazoso-compartir-la-ropa-entre-hermanos\\\/#mainImage\",\"width\":926,\"height\":661,\"caption\":\"La ropa es m\\u00e1s que una cuesti\\u00f3n de gustos para los ni\\u00f1os. Foto: Florian Schuh\\\/dpa\"},\"primaryImageOfPage\":{\"@id\":\"https:\\\/\\\/candas365.es\\\/noticias\\\/practico-o-embarazoso-compartir-la-ropa-entre-hermanos\\\/#mainImage\"},\"datePublished\":\"2020-11-19T09:39:22+01:00\",\"dateModified\":\"2020-11-19T09:39:22+01:00\"},{\"@type\":\"WebSite\",\"@id\":\"https:\\\/\\\/candas365.es\\\/noticias\\\/#website\",\"url\":\"https:\\\/\\\/candas365.es\\\/noticias\\\/\",\"name\":\"Cand\\u00e1s 365\",\"alternateName\":\"Cand\\u00e1s 365 Noticias\",\"description\":\"Actualidad desde Carre\\u00f1o para el mundo\",\"inLanguage\":\"es-ES\",\"publisher\":{\"@id\":\"https:\\\/\\\/candas365.es\\\/noticias\\\/#organization\"}}]}\n\t\t<\/script>\n\t\t<!-- All in One SEO Pro -->\r\n\t\t<title>Pr\u00e1ctico o embarazoso: compartir la ropa entre hermanos | Cand\u00e1s 365<\/title>\n\n","aioseo_head_json":{"title":"Pr\u00e1ctico o embarazoso: compartir la ropa entre hermanos | Cand\u00e1s 365","description":"Con varios hijos en la familia suele haber mucha ropa de todas las tallas, esperando en diferentes cajas para su uso. \u00bfEl traje para la nieve de hace tres a\u00f1os?","canonical_url":"https:\/\/candas365.es\/noticias\/practico-o-embarazoso-compartir-la-ropa-entre-hermanos\/","robots":"max-image-preview:large","keywords":"familia,tendencias,estilo de vida,revista","webmasterTools":{"google-site-verification":"UA-32230408-1","msvalidate.01":"354F3CDFB2DA171B47FBE9ABF1F88D5","miscellaneous":""},"schema":{"@context":"https:\/\/schema.org","@graph":[{"@type":"BreadcrumbList","@id":"https:\/\/candas365.es\/noticias\/practico-o-embarazoso-compartir-la-ropa-entre-hermanos\/#breadcrumblist","itemListElement":[{"@type":"ListItem","@id":"https:\/\/candas365.es\/noticias#listItem","position":1,"name":"Home","item":"https:\/\/candas365.es\/noticias","nextItem":{"@type":"ListItem","@id":"https:\/\/candas365.es\/noticias\/category\/revista\/#listItem","name":"Revista"}},{"@type":"ListItem","@id":"https:\/\/candas365.es\/noticias\/category\/revista\/#listItem","position":2,"name":"Revista","item":"https:\/\/candas365.es\/noticias\/category\/revista\/","nextItem":{"@type":"ListItem","@id":"https:\/\/candas365.es\/noticias\/practico-o-embarazoso-compartir-la-ropa-entre-hermanos\/#listItem","name":"Pr\u00e1ctico o embarazoso: compartir la ropa entre hermanos"},"previousItem":{"@type":"ListItem","@id":"https:\/\/candas365.es\/noticias#listItem","name":"Home"}},{"@type":"ListItem","@id":"https:\/\/candas365.es\/noticias\/practico-o-embarazoso-compartir-la-ropa-entre-hermanos\/#listItem","position":3,"name":"Pr\u00e1ctico o embarazoso: compartir la ropa entre hermanos","previousItem":{"@type":"ListItem","@id":"https:\/\/candas365.es\/noticias\/category\/revista\/#listItem","name":"Revista"}}]},{"@type":"NewsArticle","@id":"https:\/\/candas365.es\/noticias\/practico-o-embarazoso-compartir-la-ropa-entre-hermanos\/#newsarticle","name":"Pr\u00e1ctico o embarazoso: compartir la ropa entre hermanos | Cand\u00e1s 365","headline":"Pr\u00e1ctico o embarazoso: compartir la ropa entre hermanos","author":{"@id":"https:\/\/candas365.es\/noticias\/author\/admin\/#author"},"publisher":{"@id":"https:\/\/candas365.es\/noticias\/#organization"},"image":{"@type":"ImageObject","url":"https:\/\/candas365.es\/noticias\/wp-content\/uploads\/2020\/11\/ropa.jpg","width":926,"height":661,"caption":"La ropa es m\u00e1s que una cuesti\u00f3n de gustos para los ni\u00f1os. Foto: Florian Schuh\/dpa"},"datePublished":"2020-11-19T09:39:22+01:00","dateModified":"2020-11-19T09:39:22+01:00","inLanguage":"es-ES","mainEntityOfPage":{"@id":"https:\/\/candas365.es\/noticias\/practico-o-embarazoso-compartir-la-ropa-entre-hermanos\/#webpage"},"isPartOf":{"@id":"https:\/\/candas365.es\/noticias\/practico-o-embarazoso-compartir-la-ropa-entre-hermanos\/#webpage"},"articleSection":"Revista","dateline":"Publicado el noviembre 19, 2020."},{"@type":"Organization","@id":"https:\/\/candas365.es\/noticias\/#organization","name":"Cand\u00e1s 365","description":"Cand\u00e1s 365 es un diario digital independiente, fundado en 2012, con base en Asturias. Informamos con rigor sobre actualidad, sociedad, cultura y ocio, con una mirada local y global.","url":"https:\/\/candas365.es\/noticias\/","email":"info@candas365.es","telephone":"+34652131393","foundingDate":"2012-06-10","logo":{"@type":"ImageObject","url":"https:\/\/candas365.es\/noticias\/wp-content\/uploads\/2024\/09\/Candas-365-Redes.jpg","@id":"https:\/\/candas365.es\/noticias\/practico-o-embarazoso-compartir-la-ropa-entre-hermanos\/#organizationLogo","width":1152,"height":864,"caption":"Cand\u00e1s 365 Redes"},"image":{"@id":"https:\/\/candas365.es\/noticias\/practico-o-embarazoso-compartir-la-ropa-entre-hermanos\/#organizationLogo"},"sameAs":["https:\/\/www.facebook.com\/Nachofdezber","https:\/\/x.com\/NabercoDigital","https:\/\/www.instagram.com\/nachofdezber\/","https:\/\/www.youtube.com\/channel\/UCZP-2wLEB9Rv6erhFmqVnvg"],"address":{"@id":"https:\/\/candas365.es\/noticias\/#postaladdress","@type":"PostalAddress","streetAddress":"san antonio 4, san antonio 4","postalCode":"33430","addressLocality":"Cand\u00e1s","addressRegion":"Asturias","addressCountry":"ES"}},{"@type":"Person","@id":"https:\/\/candas365.es\/noticias\/author\/admin\/#author","url":"https:\/\/candas365.es\/noticias\/author\/admin\/","name":"Cand\u00e1s 365","image":{"@type":"ImageObject","@id":"https:\/\/candas365.es\/noticias\/practico-o-embarazoso-compartir-la-ropa-entre-hermanos\/#authorImage","url":"https:\/\/secure.gravatar.com\/avatar\/496a8e03d0c493ede1718b7934145dbdf8d89be1036b0eec9544e1094c9de390?s=96&d=mm&r=g","width":96,"height":96,"caption":"Cand\u00e1s 365"},"sameAs":["https:\/\/www.facebook.com\/carrenoactualidad","https:\/\/twitter.com\/nbasturias","https:\/\/www.instagram.com\/nachofdezber\/","https:\/\/www.youtube.com\/channel\/UCZP-2wLEB9Rv6erhFmqVnvg"]},{"@type":"WebPage","@id":"https:\/\/candas365.es\/noticias\/practico-o-embarazoso-compartir-la-ropa-entre-hermanos\/#webpage","url":"https:\/\/candas365.es\/noticias\/practico-o-embarazoso-compartir-la-ropa-entre-hermanos\/","name":"Pr\u00e1ctico o embarazoso: compartir la ropa entre hermanos | Cand\u00e1s 365","description":"Con varios hijos en la familia suele haber mucha ropa de todas las tallas, esperando en diferentes cajas para su uso. \u00bfEl traje para la nieve de hace tres a\u00f1os?","inLanguage":"es-ES","isPartOf":{"@id":"https:\/\/candas365.es\/noticias\/#website"},"breadcrumb":{"@id":"https:\/\/candas365.es\/noticias\/practico-o-embarazoso-compartir-la-ropa-entre-hermanos\/#breadcrumblist"},"author":{"@id":"https:\/\/candas365.es\/noticias\/author\/admin\/#author"},"creator":{"@id":"https:\/\/candas365.es\/noticias\/author\/admin\/#author"},"image":{"@type":"ImageObject","url":"https:\/\/candas365.es\/noticias\/wp-content\/uploads\/2020\/11\/ropa.jpg","@id":"https:\/\/candas365.es\/noticias\/practico-o-embarazoso-compartir-la-ropa-entre-hermanos\/#mainImage","width":926,"height":661,"caption":"La ropa es m\u00e1s que una cuesti\u00f3n de gustos para los ni\u00f1os. Foto: Florian Schuh\/dpa"},"primaryImageOfPage":{"@id":"https:\/\/candas365.es\/noticias\/practico-o-embarazoso-compartir-la-ropa-entre-hermanos\/#mainImage"},"datePublished":"2020-11-19T09:39:22+01:00","dateModified":"2020-11-19T09:39:22+01:00"},{"@type":"WebSite","@id":"https:\/\/candas365.es\/noticias\/#website","url":"https:\/\/candas365.es\/noticias\/","name":"Cand\u00e1s 365","alternateName":"Cand\u00e1s 365 Noticias","description":"Actualidad desde Carre\u00f1o para el mundo","inLanguage":"es-ES","publisher":{"@id":"https:\/\/candas365.es\/noticias\/#organization"}}]},"og:locale":"es_ES","og:site_name":"Cand\u00e1s 365","og:type":"article","og:title":"Pr\u00e1ctico o embarazoso: compartir la ropa entre hermanos | Cand\u00e1s 365","og:description":"Con varios hijos en la familia suele haber mucha ropa de todas las tallas, esperando en diferentes cajas para su uso. \u00bfEl traje para la nieve de hace tres a\u00f1os?","og:url":"https:\/\/candas365.es\/noticias\/practico-o-embarazoso-compartir-la-ropa-entre-hermanos\/","og:image":"https:\/\/candas365.es\/noticias\/wp-content\/uploads\/2020\/11\/ropa.jpg","og:image:secure_url":"https:\/\/candas365.es\/noticias\/wp-content\/uploads\/2020\/11\/ropa.jpg","og:image:width":926,"og:image:height":661,"article:published_time":"2020-11-19T09:39:22+00:00","article:modified_time":"2020-11-19T09:39:22+00:00","article:publisher":"https:\/\/www.facebook.com\/Nachofdezber","article:author":"https:\/\/www.facebook.com\/carrenoactualidad","twitter:card":"summary_large_image","twitter:site":"@NabercoDigital","twitter:title":"Pr\u00e1ctico o embarazoso: compartir la ropa entre hermanos | Cand\u00e1s 365","twitter:description":"Con varios hijos en la familia suele haber mucha ropa de todas las tallas, esperando en diferentes cajas para su uso. \u00bfEl traje para la nieve de hace tres a\u00f1os?","twitter:creator":"@nbasturias","twitter:image":"https:\/\/candas365.es\/noticias\/wp-content\/uploads\/2020\/11\/ropa.jpg","twitter:label1":"Escrito por","twitter:data1":"Cand\u00e1s 365","twitter:label2":"Tiempo de lectura estimado","twitter:data2":"4 minutos"},"aioseo_meta_data":{"post_id":"148503","title":"Pr\u00e1ctico o embarazoso: compartir la ropa entre hermanos | #site_title","description":"Con varios hijos en la familia suele haber mucha ropa de todas las tallas, esperando en diferentes cajas para su uso. \u00bfEl traje para la nieve de hace tres a\u00f1os?","keywords":[{"label":"Familia","value":"Familia"},{"label":"Tendencias","value":"Tendencias"},{"label":"Estilo de Vida","value":"Estilo de Vida"}],"keyphrases":null,"primary_term":null,"canonical_url":"","og_title":null,"og_description":null,"og_object_type":"default","og_image_type":"default","og_image_url":null,"og_image_width":null,"og_image_height":null,"og_image_custom_url":null,"og_image_custom_fields":null,"og_video":null,"og_custom_url":null,"og_article_section":null,"og_article_tags":null,"twitter_use_og":false,"twitter_card":"default","twitter_image_type":"default","twitter_image_url":null,"twitter_image_custom_url":null,"twitter_image_custom_fields":null,"twitter_title":null,"twitter_description":null,"schema":{"blockGraphs":[],"customGraphs":[],"default":{"data":{"Article":[],"Course":[],"Dataset":[],"FAQPage":[],"Movie":[],"Person":[],"Product":[],"ProductReview":[],"Car":[],"Recipe":[],"Service":[],"SoftwareApplication":[],"WebPage":[]},"graphName":"","isEnabled":true},"graphs":[]},"schema_type":null,"schema_type_options":null,"pillar_content":false,"robots_default":true,"robots_noindex":false,"robots_noarchive":false,"robots_nosnippet":false,"robots_nofollow":false,"robots_noimageindex":false,"robots_noodp":false,"robots_notranslate":false,"robots_max_snippet":null,"robots_max_videopreview":null,"robots_max_imagepreview":"large","priority":null,"frequency":null,"location":null,"local_seo":null,"seo_analyzer_scan_date":"2025-08-31 13:35:19","breadcrumb_settings":null,"limit_modified_date":false,"reviewed_by":null,"open_ai":null,"ai":null,"created":"2020-12-21 10:38:24","updated":"2025-08-31 13:35:19"},"aioseo_breadcrumb":"<div class=\"aioseo-breadcrumbs\"><span class=\"aioseo-breadcrumb\">\n\t<a href=\"https:\/\/candas365.es\/noticias\" title=\"Home\">Home<\/a>\n<\/span><span class=\"aioseo-breadcrumb-separator\">&ndash;<\/span><span class=\"aioseo-breadcrumb\">\n\t<a href=\"https:\/\/candas365.es\/noticias\/category\/revista\/\" title=\"Revista\">Revista<\/a>\n<\/span><span class=\"aioseo-breadcrumb-separator\">&ndash;<\/span><span class=\"aioseo-breadcrumb\">\n\tPr\u00e1ctico o embarazoso: compartir la ropa entre hermanos\n<\/span><\/div>","aioseo_breadcrumb_json":[{"label":"Home","link":"https:\/\/candas365.es\/noticias"},{"label":"Revista","link":"https:\/\/candas365.es\/noticias\/category\/revista\/"},{"label":"Pr\u00e1ctico o embarazoso: compartir la ropa entre hermanos","link":"https:\/\/candas365.es\/noticias\/practico-o-embarazoso-compartir-la-ropa-entre-hermanos\/"}],"_links":{"self":[{"href":"https:\/\/candas365.es\/noticias\/wp-json\/wp\/v2\/posts\/148503","targetHints":{"allow":["GET"]}}],"collection":[{"href":"https:\/\/candas365.es\/noticias\/wp-json\/wp\/v2\/posts"}],"about":[{"href":"https:\/\/candas365.es\/noticias\/wp-json\/wp\/v2\/types\/post"}],"author":[{"embeddable":true,"href":"https:\/\/candas365.es\/noticias\/wp-json\/wp\/v2\/users\/1"}],"replies":[{"embeddable":true,"href":"https:\/\/candas365.es\/noticias\/wp-json\/wp\/v2\/comments?post=148503"}],"version-history":[{"count":0,"href":"https:\/\/candas365.es\/noticias\/wp-json\/wp\/v2\/posts\/148503\/revisions"}],"wp:featuredmedia":[{"embeddable":true,"href":"https:\/\/candas365.es\/noticias\/wp-json\/wp\/v2\/media\/148504"}],"wp:attachment":[{"href":"https:\/\/candas365.es\/noticias\/wp-json\/wp\/v2\/media?parent=148503"}],"wp:term":[{"taxonomy":"category","embeddable":true,"href":"https:\/\/candas365.es\/noticias\/wp-json\/wp\/v2\/categories?post=148503"},{"taxonomy":"post_tag","embeddable":true,"href":"https:\/\/candas365.es\/noticias\/wp-json\/wp\/v2\/tags?post=148503"}],"curies":[{"name":"wp","href":"https:\/\/api.w.org\/{rel}","templated":true}]}}