{"id":148439,"date":"2020-11-18T01:15:23","date_gmt":"2020-11-18T01:15:23","guid":{"rendered":"http:\/\/candas365.es\/noticias\/?p=148439"},"modified":"2020-11-18T01:15:23","modified_gmt":"2020-11-18T01:15:23","slug":"el-ayuntamiento-de-carreno-firma-un-convenio-con-los-gorilas-de-candas","status":"publish","type":"post","link":"https:\/\/candas365.es\/noticias\/el-ayuntamiento-de-carreno-firma-un-convenio-con-los-gorilas-de-candas\/","title":{"rendered":"El Ayuntamiento de Carre\u00f1o firma un convenio con los Gorilas de Cand\u00e1s"},"content":{"rendered":"<p><img fetchpriority=\"high\" decoding=\"async\" class=\"alignleft size-medium wp-image-148440\" src=\"https:\/\/candas365.es\/noticias\/wp-content\/uploads\/2020\/11\/Piraguas-360x205.jpg\" alt=\"\" width=\"360\" height=\"205\" srcset=\"https:\/\/candas365.es\/noticias\/wp-content\/uploads\/2020\/11\/Piraguas-360x205.jpg 360w, https:\/\/candas365.es\/noticias\/wp-content\/uploads\/2020\/11\/Piraguas-650x370.jpg 650w, https:\/\/candas365.es\/noticias\/wp-content\/uploads\/2020\/11\/Piraguas-768x437.jpg 768w, https:\/\/candas365.es\/noticias\/wp-content\/uploads\/2020\/11\/Piraguas.jpg 979w\" sizes=\"(max-width: 360px) 100vw, 360px\" \/>El Ayuntamiento de Carre\u00f1o y \u201cLos Gorilas\u201d rubrican su primer convenio de colaboraci\u00f3n por importe de 5.400 \u20ac para que la entidad pueda hacer frente a los gastos derivados de su actividad adem\u00e1s de cederles, de forma gratuita, el uso de las instalaciones deportivas municipales para las actividades y desarrollo de los entrenamientos.<\/p>\n<p>Debido a las circunstancias sanitarias, el acuerdo entre el Consistorio y el Club se firm\u00f3 telem\u00e1ticamente por el Presidente del Club de Piraguas \u201cLos Gorilas\u201d, Carlos Prendes Garc\u00eda-Barrosa, y Amelia Fern\u00e1ndez L\u00f3pez, Alcaldesa de Carre\u00f1o.<\/p>\n<p>\u201c El objeto del presente convenio es la de impulsar la promoci\u00f3n de la pr\u00e1ctica del pirag\u00fcismo y el fomento del deporte base, la difusi\u00f3n y participaci\u00f3n en competiciones deportivas oficiales de esta modalidad deportiva, apoyar la organizaci\u00f3n anual de cursos de verano para los\/as j\u00f3venes del Concejo y\/o colaborar con la entidad deportiva en la realizaci\u00f3n de sus actividades\u201d se\u00f1al\u00f3 Amelia Fern\u00e1ndez L\u00f3pez, Alcaldesa de Carre\u00f1o.<\/p>\n<p>\u201c El Ayuntamiento s\u00f3lo puede agradecer el trabajo que viene desarrollando el club candas\u00edn de pirag\u00fcismo desde que se formar\u00e1 en 1960 por iniciativa de cuatro amigos y entusiastas del deporte, los hermanos Prendes vi\u00f1a (Amando, Carlos y Telmo) junto a Manuel Lombardero siendo uno de los clubes m\u00e1s laureados de Espa\u00f1a. Han llevado el nombre de Cand\u00e1s por toda Espa\u00f1a y por el resto del mundo\u00bb, a\u00f1adi\u00f3 la Alcaldesa.<\/p>\n<p>En sus 60 a\u00f1os de historia han sido innumerables sus \u00e9xitos. En sus vitrinas cuelgan medallas de todos los colores en competiciones regionales, nacionales e internacionales tanto a nivel de club como a nivel individual. Medio centenar de sus palistas han formado parte de la Selecci\u00f3n Nacional, representado a Espa\u00f1a en Olimpiadas o en Campeonatos del Mundo. M\u00e1s de 60 palistas tienen el t\u00edtulo de Campe\u00f3n de Espa\u00f1a en barco individual. Estando la plantilla actualmente formada por m\u00e1s de 50 deportistas que participan a lo largo de la temporada deportiva en 50 pruebas, siendo la m\u00e1s importante la Liga Nacional.<\/p>\n<p>\u201cLos Gorilas\u201d tiene como pieza fundamental el deporte de base y la promoci\u00f3n del pirag\u00fcismo dentro de la juventud del Municipio. Esto propicia que participen en las Escuelas Deportivas organizadas por el Patronato Deportivo Municipal \u201cVicente L\u00f3pez Carril\u201d con la creaci\u00f3n de la \u201cEscuela de Pirag\u00fcismo\u201d. Esta escuela cuenta con un grupo recurrente de 40-50 ni\u00f1os y ni\u00f1as entre los 6 y 14 a\u00f1os de edad.<\/p>\n<p>Complementariamente, y en su af\u00e1n por la promoci\u00f3n del deporte base, desde el a\u00f1o 2012, ininterrumpidamente, viene organizando en colaboraci\u00f3n con los Centros Escolares de Primaria del Concejo en los meses de mayo y junio los \u201cD\u00edas Escolares de la Piragua\u201d. As\u00ed como durante el per\u00edodo estival los cursos de iniciaci\u00f3n al Pirag\u00fcismo, desarroll\u00e1ndose estos en la d\u00e1rsena del Puerto de Cand\u00e1s.<\/p>\n<p>\u201cEste Convenio extender\u00e1 su vigencia durante el a\u00f1o 2020 podr\u00e1 preverse su modificaci\u00f3n y pr\u00f3rroga por per\u00edodos de igual duraci\u00f3n siempre y cuando exista cr\u00e9dito suficiente consignando en el presupuesto. El Club, a trav\u00e9s de \u00e9l, se compromete a desarrollar su contenido y presentar una memoria final de actividades y balance econ\u00f3mico junto con la justificaci\u00f3n de gastos del a\u00f1o en curso. Adem\u00e1s, deber\u00e1 organizar al menos una actividad y\/o evento deportivo y colaborar con el Ayuntamiento en los eventos deportivos en lo que se solicite su colaboraci\u00f3n, entre otros compromisos\u201d finaliz\u00f3 la regidora.<\/p>\n<p>&nbsp;<\/p>\n","protected":false},"excerpt":{"rendered":"<p>El Ayuntamiento de Carre\u00f1o y \u201cLos Gorilas\u201d rubrican su primer convenio de colaboraci\u00f3n por importe de 5.400 \u20ac para que la entidad pueda hacer frente a los gastos derivados de su actividad adem\u00e1s de cederles, de forma gratuita, el uso de las instalaciones deportivas municipales para las actividades y desarrollo de los entrenamientos. Debido a<\/p>\n","protected":false},"author":1,"featured_media":148440,"comment_status":"closed","ping_status":"closed","sticky":false,"template":"","format":"standard","meta":{"footnotes":""},"categories":[2],"tags":[],"class_list":{"0":"post-148439","1":"post","2":"type-post","3":"status-publish","4":"format-standard","5":"has-post-thumbnail","7":"category-noticias-carreno"},"aioseo_notices":[],"aioseo_head":"\n\t\t<!-- All in One SEO Pro 4.9.6.2 - aioseo.com -->\n\t<meta name=\"description\" content=\"El Ayuntamiento de Carre\u00f1o y \u201cLos Gorilas\u201d de Cand\u00e1s rubrican su primer convenio de colaboraci\u00f3n por importe de 5.400 \u20ac\" \/>\n\t<meta name=\"robots\" content=\"max-image-preview:large\" \/>\n\t<meta name=\"author\" content=\"Cand\u00e1s 365\"\/>\n\t<meta name=\"google-site-verification\" content=\"UA-32230408-1\" \/>\n\t<meta name=\"msvalidate.01\" content=\"354F3CDFB2DA171B47FBE9ABF1F88D5\" \/>\n\t<meta name=\"keywords\" content=\"noticias carre\u00f1o,cand\u00e1s,deporte,gorilas\" \/>\n\t<link rel=\"canonical\" href=\"https:\/\/candas365.es\/noticias\/el-ayuntamiento-de-carreno-firma-un-convenio-con-los-gorilas-de-candas\/\" \/>\n\t<meta name=\"generator\" content=\"All in One SEO Pro (AIOSEO) 4.9.6.2\" \/>\n\t\t<meta property=\"og:locale\" content=\"es_ES\" \/>\n\t\t<meta property=\"og:site_name\" content=\"Cand\u00e1s 365\" \/>\n\t\t<meta property=\"og:type\" content=\"article\" \/>\n\t\t<meta property=\"og:title\" content=\"El Ayuntamiento de Carre\u00f1o firma un convenio con los Gorilas de Cand\u00e1s | Cand\u00e1s 365\" \/>\n\t\t<meta property=\"og:description\" content=\"El Ayuntamiento de Carre\u00f1o y \u201cLos Gorilas\u201d de Cand\u00e1s rubrican su primer convenio de colaboraci\u00f3n por importe de 5.400 \u20ac\" \/>\n\t\t<meta property=\"og:url\" content=\"https:\/\/candas365.es\/noticias\/el-ayuntamiento-de-carreno-firma-un-convenio-con-los-gorilas-de-candas\/\" \/>\n\t\t<meta property=\"og:image\" content=\"https:\/\/candas365.es\/noticias\/wp-content\/uploads\/2020\/11\/Piraguas.jpg\" \/>\n\t\t<meta property=\"og:image:secure_url\" content=\"https:\/\/candas365.es\/noticias\/wp-content\/uploads\/2020\/11\/Piraguas.jpg\" \/>\n\t\t<meta property=\"og:image:width\" content=\"979\" \/>\n\t\t<meta property=\"og:image:height\" content=\"557\" \/>\n\t\t<meta property=\"article:published_time\" content=\"2020-11-18T01:15:23+00:00\" \/>\n\t\t<meta property=\"article:modified_time\" content=\"2020-11-18T01:15:23+00:00\" \/>\n\t\t<meta property=\"article:publisher\" content=\"https:\/\/www.facebook.com\/Nachofdezber\" \/>\n\t\t<meta property=\"article:author\" content=\"https:\/\/www.facebook.com\/carrenoactualidad\" \/>\n\t\t<meta name=\"twitter:card\" content=\"summary_large_image\" \/>\n\t\t<meta name=\"twitter:site\" content=\"@NabercoDigital\" \/>\n\t\t<meta name=\"twitter:title\" content=\"El Ayuntamiento de Carre\u00f1o firma un convenio con los Gorilas de Cand\u00e1s | Cand\u00e1s 365\" \/>\n\t\t<meta name=\"twitter:description\" content=\"El Ayuntamiento de Carre\u00f1o y \u201cLos Gorilas\u201d de Cand\u00e1s rubrican su primer convenio de colaboraci\u00f3n por importe de 5.400 \u20ac\" \/>\n\t\t<meta name=\"twitter:creator\" content=\"@nbasturias\" \/>\n\t\t<meta name=\"twitter:image\" content=\"https:\/\/candas365.es\/noticias\/wp-content\/uploads\/2020\/11\/Piraguas.jpg\" \/>\n\t\t<meta name=\"twitter:label1\" content=\"Escrito por\" \/>\n\t\t<meta name=\"twitter:data1\" content=\"Cand\u00e1s 365\" \/>\n\t\t<meta name=\"twitter:label2\" content=\"Tiempo de lectura estimado\" \/>\n\t\t<meta name=\"twitter:data2\" content=\"3 minutos\" \/>\n\t\t<script type=\"application\/ld+json\" class=\"aioseo-schema\">\n\t\t\t{\"@context\":\"https:\\\/\\\/schema.org\",\"@graph\":[{\"@type\":\"BreadcrumbList\",\"@id\":\"https:\\\/\\\/candas365.es\\\/noticias\\\/el-ayuntamiento-de-carreno-firma-un-convenio-con-los-gorilas-de-candas\\\/#breadcrumblist\",\"itemListElement\":[{\"@type\":\"ListItem\",\"@id\":\"https:\\\/\\\/candas365.es\\\/noticias#listItem\",\"position\":1,\"name\":\"Home\",\"item\":\"https:\\\/\\\/candas365.es\\\/noticias\",\"nextItem\":{\"@type\":\"ListItem\",\"@id\":\"https:\\\/\\\/candas365.es\\\/noticias\\\/category\\\/noticias-carreno\\\/#listItem\",\"name\":\"Noticias Carre\\u00f1o\"}},{\"@type\":\"ListItem\",\"@id\":\"https:\\\/\\\/candas365.es\\\/noticias\\\/category\\\/noticias-carreno\\\/#listItem\",\"position\":2,\"name\":\"Noticias Carre\\u00f1o\",\"item\":\"https:\\\/\\\/candas365.es\\\/noticias\\\/category\\\/noticias-carreno\\\/\",\"nextItem\":{\"@type\":\"ListItem\",\"@id\":\"https:\\\/\\\/candas365.es\\\/noticias\\\/el-ayuntamiento-de-carreno-firma-un-convenio-con-los-gorilas-de-candas\\\/#listItem\",\"name\":\"El Ayuntamiento de Carre\\u00f1o firma un convenio con los Gorilas de Cand\\u00e1s\"},\"previousItem\":{\"@type\":\"ListItem\",\"@id\":\"https:\\\/\\\/candas365.es\\\/noticias#listItem\",\"name\":\"Home\"}},{\"@type\":\"ListItem\",\"@id\":\"https:\\\/\\\/candas365.es\\\/noticias\\\/el-ayuntamiento-de-carreno-firma-un-convenio-con-los-gorilas-de-candas\\\/#listItem\",\"position\":3,\"name\":\"El Ayuntamiento de Carre\\u00f1o firma un convenio con los Gorilas de Cand\\u00e1s\",\"previousItem\":{\"@type\":\"ListItem\",\"@id\":\"https:\\\/\\\/candas365.es\\\/noticias\\\/category\\\/noticias-carreno\\\/#listItem\",\"name\":\"Noticias Carre\\u00f1o\"}}]},{\"@type\":\"NewsArticle\",\"@id\":\"https:\\\/\\\/candas365.es\\\/noticias\\\/el-ayuntamiento-de-carreno-firma-un-convenio-con-los-gorilas-de-candas\\\/#newsarticle\",\"name\":\"El Ayuntamiento de Carre\\u00f1o firma un convenio con los Gorilas de Cand\\u00e1s | Cand\\u00e1s 365\",\"headline\":\"El Ayuntamiento de Carre\\u00f1o firma un convenio con los Gorilas de Cand\\u00e1s\",\"author\":{\"@id\":\"https:\\\/\\\/candas365.es\\\/noticias\\\/author\\\/admin\\\/#author\"},\"publisher\":{\"@id\":\"https:\\\/\\\/candas365.es\\\/noticias\\\/#organization\"},\"image\":{\"@type\":\"ImageObject\",\"url\":\"https:\\\/\\\/candas365.es\\\/noticias\\\/wp-content\\\/uploads\\\/2020\\\/11\\\/Piraguas.jpg\",\"width\":979,\"height\":557},\"datePublished\":\"2020-11-18T01:15:23+01:00\",\"dateModified\":\"2020-11-18T01:15:23+01:00\",\"inLanguage\":\"es-ES\",\"mainEntityOfPage\":{\"@id\":\"https:\\\/\\\/candas365.es\\\/noticias\\\/el-ayuntamiento-de-carreno-firma-un-convenio-con-los-gorilas-de-candas\\\/#webpage\"},\"isPartOf\":{\"@id\":\"https:\\\/\\\/candas365.es\\\/noticias\\\/el-ayuntamiento-de-carreno-firma-un-convenio-con-los-gorilas-de-candas\\\/#webpage\"},\"articleSection\":\"Noticias Carre\\u00f1o\",\"dateline\":\"Publicado el noviembre 18, 2020.\"},{\"@type\":\"Organization\",\"@id\":\"https:\\\/\\\/candas365.es\\\/noticias\\\/#organization\",\"name\":\"Cand\\u00e1s 365\",\"description\":\"Cand\\u00e1s 365 es un diario digital independiente, fundado en 2012, con base en Asturias. Informamos con rigor sobre actualidad, sociedad, cultura y ocio, con una mirada local y global.\",\"url\":\"https:\\\/\\\/candas365.es\\\/noticias\\\/\",\"email\":\"info@candas365.es\",\"telephone\":\"+34652131393\",\"foundingDate\":\"2012-06-10\",\"logo\":{\"@type\":\"ImageObject\",\"url\":\"https:\\\/\\\/candas365.es\\\/noticias\\\/wp-content\\\/uploads\\\/2024\\\/09\\\/Candas-365-Redes.jpg\",\"@id\":\"https:\\\/\\\/candas365.es\\\/noticias\\\/el-ayuntamiento-de-carreno-firma-un-convenio-con-los-gorilas-de-candas\\\/#organizationLogo\",\"width\":1152,\"height\":864,\"caption\":\"Cand\\u00e1s 365 Redes\"},\"image\":{\"@id\":\"https:\\\/\\\/candas365.es\\\/noticias\\\/el-ayuntamiento-de-carreno-firma-un-convenio-con-los-gorilas-de-candas\\\/#organizationLogo\"},\"sameAs\":[\"https:\\\/\\\/www.facebook.com\\\/Nachofdezber\",\"https:\\\/\\\/x.com\\\/NabercoDigital\",\"https:\\\/\\\/www.instagram.com\\\/nachofdezber\\\/\",\"https:\\\/\\\/www.youtube.com\\\/channel\\\/UCZP-2wLEB9Rv6erhFmqVnvg\"],\"address\":{\"@id\":\"https:\\\/\\\/candas365.es\\\/noticias\\\/#postaladdress\",\"@type\":\"PostalAddress\",\"streetAddress\":\"san antonio 4, san antonio 4\",\"postalCode\":\"33430\",\"addressLocality\":\"Cand\\u00e1s\",\"addressRegion\":\"Asturias\",\"addressCountry\":\"ES\"}},{\"@type\":\"Person\",\"@id\":\"https:\\\/\\\/candas365.es\\\/noticias\\\/author\\\/admin\\\/#author\",\"url\":\"https:\\\/\\\/candas365.es\\\/noticias\\\/author\\\/admin\\\/\",\"name\":\"Cand\\u00e1s 365\",\"image\":{\"@type\":\"ImageObject\",\"@id\":\"https:\\\/\\\/candas365.es\\\/noticias\\\/el-ayuntamiento-de-carreno-firma-un-convenio-con-los-gorilas-de-candas\\\/#authorImage\",\"url\":\"https:\\\/\\\/secure.gravatar.com\\\/avatar\\\/496a8e03d0c493ede1718b7934145dbdf8d89be1036b0eec9544e1094c9de390?s=96&d=mm&r=g\",\"width\":96,\"height\":96,\"caption\":\"Cand\\u00e1s 365\"},\"sameAs\":[\"https:\\\/\\\/www.facebook.com\\\/carrenoactualidad\",\"https:\\\/\\\/twitter.com\\\/nbasturias\",\"https:\\\/\\\/www.instagram.com\\\/nachofdezber\\\/\",\"https:\\\/\\\/www.youtube.com\\\/channel\\\/UCZP-2wLEB9Rv6erhFmqVnvg\"]},{\"@type\":\"WebPage\",\"@id\":\"https:\\\/\\\/candas365.es\\\/noticias\\\/el-ayuntamiento-de-carreno-firma-un-convenio-con-los-gorilas-de-candas\\\/#webpage\",\"url\":\"https:\\\/\\\/candas365.es\\\/noticias\\\/el-ayuntamiento-de-carreno-firma-un-convenio-con-los-gorilas-de-candas\\\/\",\"name\":\"El Ayuntamiento de Carre\\u00f1o firma un convenio con los Gorilas de Cand\\u00e1s | Cand\\u00e1s 365\",\"description\":\"El Ayuntamiento de Carre\\u00f1o y \\u201cLos Gorilas\\u201d de Cand\\u00e1s rubrican su primer convenio de colaboraci\\u00f3n por importe de 5.400 \\u20ac\",\"inLanguage\":\"es-ES\",\"isPartOf\":{\"@id\":\"https:\\\/\\\/candas365.es\\\/noticias\\\/#website\"},\"breadcrumb\":{\"@id\":\"https:\\\/\\\/candas365.es\\\/noticias\\\/el-ayuntamiento-de-carreno-firma-un-convenio-con-los-gorilas-de-candas\\\/#breadcrumblist\"},\"author\":{\"@id\":\"https:\\\/\\\/candas365.es\\\/noticias\\\/author\\\/admin\\\/#author\"},\"creator\":{\"@id\":\"https:\\\/\\\/candas365.es\\\/noticias\\\/author\\\/admin\\\/#author\"},\"image\":{\"@type\":\"ImageObject\",\"url\":\"https:\\\/\\\/candas365.es\\\/noticias\\\/wp-content\\\/uploads\\\/2020\\\/11\\\/Piraguas.jpg\",\"@id\":\"https:\\\/\\\/candas365.es\\\/noticias\\\/el-ayuntamiento-de-carreno-firma-un-convenio-con-los-gorilas-de-candas\\\/#mainImage\",\"width\":979,\"height\":557},\"primaryImageOfPage\":{\"@id\":\"https:\\\/\\\/candas365.es\\\/noticias\\\/el-ayuntamiento-de-carreno-firma-un-convenio-con-los-gorilas-de-candas\\\/#mainImage\"},\"datePublished\":\"2020-11-18T01:15:23+01:00\",\"dateModified\":\"2020-11-18T01:15:23+01:00\"},{\"@type\":\"WebSite\",\"@id\":\"https:\\\/\\\/candas365.es\\\/noticias\\\/#website\",\"url\":\"https:\\\/\\\/candas365.es\\\/noticias\\\/\",\"name\":\"Cand\\u00e1s 365\",\"alternateName\":\"Cand\\u00e1s 365 Noticias\",\"description\":\"Actualidad desde Carre\\u00f1o para el mundo\",\"inLanguage\":\"es-ES\",\"publisher\":{\"@id\":\"https:\\\/\\\/candas365.es\\\/noticias\\\/#organization\"}}]}\n\t\t<\/script>\n\t\t<!-- All in One SEO Pro -->\r\n\t\t<title>El Ayuntamiento de Carre\u00f1o firma un convenio con los Gorilas de Cand\u00e1s | Cand\u00e1s 365<\/title>\n\n","aioseo_head_json":{"title":"El Ayuntamiento de Carre\u00f1o firma un convenio con los Gorilas de Cand\u00e1s | Cand\u00e1s 365","description":"El Ayuntamiento de Carre\u00f1o y \u201cLos Gorilas\u201d de Cand\u00e1s rubrican su primer convenio de colaboraci\u00f3n por importe de 5.400 \u20ac","canonical_url":"https:\/\/candas365.es\/noticias\/el-ayuntamiento-de-carreno-firma-un-convenio-con-los-gorilas-de-candas\/","robots":"max-image-preview:large","keywords":"noticias carre\u00f1o,cand\u00e1s,deporte,gorilas","webmasterTools":{"google-site-verification":"UA-32230408-1","msvalidate.01":"354F3CDFB2DA171B47FBE9ABF1F88D5","miscellaneous":""},"schema":{"@context":"https:\/\/schema.org","@graph":[{"@type":"BreadcrumbList","@id":"https:\/\/candas365.es\/noticias\/el-ayuntamiento-de-carreno-firma-un-convenio-con-los-gorilas-de-candas\/#breadcrumblist","itemListElement":[{"@type":"ListItem","@id":"https:\/\/candas365.es\/noticias#listItem","position":1,"name":"Home","item":"https:\/\/candas365.es\/noticias","nextItem":{"@type":"ListItem","@id":"https:\/\/candas365.es\/noticias\/category\/noticias-carreno\/#listItem","name":"Noticias Carre\u00f1o"}},{"@type":"ListItem","@id":"https:\/\/candas365.es\/noticias\/category\/noticias-carreno\/#listItem","position":2,"name":"Noticias Carre\u00f1o","item":"https:\/\/candas365.es\/noticias\/category\/noticias-carreno\/","nextItem":{"@type":"ListItem","@id":"https:\/\/candas365.es\/noticias\/el-ayuntamiento-de-carreno-firma-un-convenio-con-los-gorilas-de-candas\/#listItem","name":"El Ayuntamiento de Carre\u00f1o firma un convenio con los Gorilas de Cand\u00e1s"},"previousItem":{"@type":"ListItem","@id":"https:\/\/candas365.es\/noticias#listItem","name":"Home"}},{"@type":"ListItem","@id":"https:\/\/candas365.es\/noticias\/el-ayuntamiento-de-carreno-firma-un-convenio-con-los-gorilas-de-candas\/#listItem","position":3,"name":"El Ayuntamiento de Carre\u00f1o firma un convenio con los Gorilas de Cand\u00e1s","previousItem":{"@type":"ListItem","@id":"https:\/\/candas365.es\/noticias\/category\/noticias-carreno\/#listItem","name":"Noticias Carre\u00f1o"}}]},{"@type":"NewsArticle","@id":"https:\/\/candas365.es\/noticias\/el-ayuntamiento-de-carreno-firma-un-convenio-con-los-gorilas-de-candas\/#newsarticle","name":"El Ayuntamiento de Carre\u00f1o firma un convenio con los Gorilas de Cand\u00e1s | Cand\u00e1s 365","headline":"El Ayuntamiento de Carre\u00f1o firma un convenio con los Gorilas de Cand\u00e1s","author":{"@id":"https:\/\/candas365.es\/noticias\/author\/admin\/#author"},"publisher":{"@id":"https:\/\/candas365.es\/noticias\/#organization"},"image":{"@type":"ImageObject","url":"https:\/\/candas365.es\/noticias\/wp-content\/uploads\/2020\/11\/Piraguas.jpg","width":979,"height":557},"datePublished":"2020-11-18T01:15:23+01:00","dateModified":"2020-11-18T01:15:23+01:00","inLanguage":"es-ES","mainEntityOfPage":{"@id":"https:\/\/candas365.es\/noticias\/el-ayuntamiento-de-carreno-firma-un-convenio-con-los-gorilas-de-candas\/#webpage"},"isPartOf":{"@id":"https:\/\/candas365.es\/noticias\/el-ayuntamiento-de-carreno-firma-un-convenio-con-los-gorilas-de-candas\/#webpage"},"articleSection":"Noticias Carre\u00f1o","dateline":"Publicado el noviembre 18, 2020."},{"@type":"Organization","@id":"https:\/\/candas365.es\/noticias\/#organization","name":"Cand\u00e1s 365","description":"Cand\u00e1s 365 es un diario digital independiente, fundado en 2012, con base en Asturias. Informamos con rigor sobre actualidad, sociedad, cultura y ocio, con una mirada local y global.","url":"https:\/\/candas365.es\/noticias\/","email":"info@candas365.es","telephone":"+34652131393","foundingDate":"2012-06-10","logo":{"@type":"ImageObject","url":"https:\/\/candas365.es\/noticias\/wp-content\/uploads\/2024\/09\/Candas-365-Redes.jpg","@id":"https:\/\/candas365.es\/noticias\/el-ayuntamiento-de-carreno-firma-un-convenio-con-los-gorilas-de-candas\/#organizationLogo","width":1152,"height":864,"caption":"Cand\u00e1s 365 Redes"},"image":{"@id":"https:\/\/candas365.es\/noticias\/el-ayuntamiento-de-carreno-firma-un-convenio-con-los-gorilas-de-candas\/#organizationLogo"},"sameAs":["https:\/\/www.facebook.com\/Nachofdezber","https:\/\/x.com\/NabercoDigital","https:\/\/www.instagram.com\/nachofdezber\/","https:\/\/www.youtube.com\/channel\/UCZP-2wLEB9Rv6erhFmqVnvg"],"address":{"@id":"https:\/\/candas365.es\/noticias\/#postaladdress","@type":"PostalAddress","streetAddress":"san antonio 4, san antonio 4","postalCode":"33430","addressLocality":"Cand\u00e1s","addressRegion":"Asturias","addressCountry":"ES"}},{"@type":"Person","@id":"https:\/\/candas365.es\/noticias\/author\/admin\/#author","url":"https:\/\/candas365.es\/noticias\/author\/admin\/","name":"Cand\u00e1s 365","image":{"@type":"ImageObject","@id":"https:\/\/candas365.es\/noticias\/el-ayuntamiento-de-carreno-firma-un-convenio-con-los-gorilas-de-candas\/#authorImage","url":"https:\/\/secure.gravatar.com\/avatar\/496a8e03d0c493ede1718b7934145dbdf8d89be1036b0eec9544e1094c9de390?s=96&d=mm&r=g","width":96,"height":96,"caption":"Cand\u00e1s 365"},"sameAs":["https:\/\/www.facebook.com\/carrenoactualidad","https:\/\/twitter.com\/nbasturias","https:\/\/www.instagram.com\/nachofdezber\/","https:\/\/www.youtube.com\/channel\/UCZP-2wLEB9Rv6erhFmqVnvg"]},{"@type":"WebPage","@id":"https:\/\/candas365.es\/noticias\/el-ayuntamiento-de-carreno-firma-un-convenio-con-los-gorilas-de-candas\/#webpage","url":"https:\/\/candas365.es\/noticias\/el-ayuntamiento-de-carreno-firma-un-convenio-con-los-gorilas-de-candas\/","name":"El Ayuntamiento de Carre\u00f1o firma un convenio con los Gorilas de Cand\u00e1s | Cand\u00e1s 365","description":"El Ayuntamiento de Carre\u00f1o y \u201cLos Gorilas\u201d de Cand\u00e1s rubrican su primer convenio de colaboraci\u00f3n por importe de 5.400 \u20ac","inLanguage":"es-ES","isPartOf":{"@id":"https:\/\/candas365.es\/noticias\/#website"},"breadcrumb":{"@id":"https:\/\/candas365.es\/noticias\/el-ayuntamiento-de-carreno-firma-un-convenio-con-los-gorilas-de-candas\/#breadcrumblist"},"author":{"@id":"https:\/\/candas365.es\/noticias\/author\/admin\/#author"},"creator":{"@id":"https:\/\/candas365.es\/noticias\/author\/admin\/#author"},"image":{"@type":"ImageObject","url":"https:\/\/candas365.es\/noticias\/wp-content\/uploads\/2020\/11\/Piraguas.jpg","@id":"https:\/\/candas365.es\/noticias\/el-ayuntamiento-de-carreno-firma-un-convenio-con-los-gorilas-de-candas\/#mainImage","width":979,"height":557},"primaryImageOfPage":{"@id":"https:\/\/candas365.es\/noticias\/el-ayuntamiento-de-carreno-firma-un-convenio-con-los-gorilas-de-candas\/#mainImage"},"datePublished":"2020-11-18T01:15:23+01:00","dateModified":"2020-11-18T01:15:23+01:00"},{"@type":"WebSite","@id":"https:\/\/candas365.es\/noticias\/#website","url":"https:\/\/candas365.es\/noticias\/","name":"Cand\u00e1s 365","alternateName":"Cand\u00e1s 365 Noticias","description":"Actualidad desde Carre\u00f1o para el mundo","inLanguage":"es-ES","publisher":{"@id":"https:\/\/candas365.es\/noticias\/#organization"}}]},"og:locale":"es_ES","og:site_name":"Cand\u00e1s 365","og:type":"article","og:title":"El Ayuntamiento de Carre\u00f1o firma un convenio con los Gorilas de Cand\u00e1s | Cand\u00e1s 365","og:description":"El Ayuntamiento de Carre\u00f1o y \u201cLos Gorilas\u201d de Cand\u00e1s rubrican su primer convenio de colaboraci\u00f3n por importe de 5.400 \u20ac","og:url":"https:\/\/candas365.es\/noticias\/el-ayuntamiento-de-carreno-firma-un-convenio-con-los-gorilas-de-candas\/","og:image":"https:\/\/candas365.es\/noticias\/wp-content\/uploads\/2020\/11\/Piraguas.jpg","og:image:secure_url":"https:\/\/candas365.es\/noticias\/wp-content\/uploads\/2020\/11\/Piraguas.jpg","og:image:width":979,"og:image:height":557,"article:published_time":"2020-11-18T01:15:23+00:00","article:modified_time":"2020-11-18T01:15:23+00:00","article:publisher":"https:\/\/www.facebook.com\/Nachofdezber","article:author":"https:\/\/www.facebook.com\/carrenoactualidad","twitter:card":"summary_large_image","twitter:site":"@NabercoDigital","twitter:title":"El Ayuntamiento de Carre\u00f1o firma un convenio con los Gorilas de Cand\u00e1s | Cand\u00e1s 365","twitter:description":"El Ayuntamiento de Carre\u00f1o y \u201cLos Gorilas\u201d de Cand\u00e1s rubrican su primer convenio de colaboraci\u00f3n por importe de 5.400 \u20ac","twitter:creator":"@nbasturias","twitter:image":"https:\/\/candas365.es\/noticias\/wp-content\/uploads\/2020\/11\/Piraguas.jpg","twitter:label1":"Escrito por","twitter:data1":"Cand\u00e1s 365","twitter:label2":"Tiempo de lectura estimado","twitter:data2":"3 minutos"},"aioseo_meta_data":{"post_id":"148439","title":null,"description":"El Ayuntamiento de Carre\u00f1o y \u201cLos Gorilas\u201d de Cand\u00e1s rubrican su primer convenio de colaboraci\u00f3n por importe de 5.400 \u20ac","keywords":[{"label":"Noticias Carre\u00f1o","value":"Noticias Carre\u00f1o"},{"label":"Cand\u00e1s","value":"Cand\u00e1s"},{"label":"deporte","value":"deporte"},{"label":"Gorilas","value":"Gorilas"}],"keyphrases":null,"primary_term":null,"canonical_url":"","og_title":null,"og_description":null,"og_object_type":"default","og_image_type":"default","og_image_url":null,"og_image_width":null,"og_image_height":null,"og_image_custom_url":null,"og_image_custom_fields":null,"og_video":null,"og_custom_url":null,"og_article_section":null,"og_article_tags":null,"twitter_use_og":false,"twitter_card":"default","twitter_image_type":"default","twitter_image_url":null,"twitter_image_custom_url":null,"twitter_image_custom_fields":null,"twitter_title":null,"twitter_description":null,"schema":{"blockGraphs":[],"customGraphs":[],"default":{"data":{"Article":[],"Course":[],"Dataset":[],"FAQPage":[],"Movie":[],"Person":[],"Product":[],"ProductReview":[],"Car":[],"Recipe":[],"Service":[],"SoftwareApplication":[],"WebPage":[]},"graphName":"","isEnabled":true},"graphs":[],"defaultGraph":"","defaultPostTypeGraph":""},"schema_type":null,"schema_type_options":null,"pillar_content":false,"robots_default":true,"robots_noindex":false,"robots_noarchive":false,"robots_nosnippet":false,"robots_nofollow":false,"robots_noimageindex":false,"robots_noodp":false,"robots_notranslate":false,"robots_max_snippet":null,"robots_max_videopreview":null,"robots_max_imagepreview":"large","priority":null,"frequency":null,"location":null,"local_seo":null,"seo_analyzer_scan_date":"2025-08-31 13:31:19","breadcrumb_settings":null,"limit_modified_date":false,"reviewed_by":null,"open_ai":null,"ai":null,"created":"2020-12-21 10:38:24","updated":"2025-08-31 13:31:19"},"aioseo_breadcrumb":"<div class=\"aioseo-breadcrumbs\"><span class=\"aioseo-breadcrumb\">\n\t<a href=\"https:\/\/candas365.es\/noticias\" title=\"Home\">Home<\/a>\n<\/span><span class=\"aioseo-breadcrumb-separator\">&ndash;<\/span><span class=\"aioseo-breadcrumb\">\n\t<a href=\"https:\/\/candas365.es\/noticias\/category\/noticias-carreno\/\" title=\"Noticias Carre\u00f1o\">Noticias Carre\u00f1o<\/a>\n<\/span><span class=\"aioseo-breadcrumb-separator\">&ndash;<\/span><span class=\"aioseo-breadcrumb\">\n\tEl Ayuntamiento de Carre\u00f1o firma un convenio con los Gorilas de Cand\u00e1s\n<\/span><\/div>","aioseo_breadcrumb_json":[{"label":"Home","link":"https:\/\/candas365.es\/noticias"},{"label":"Noticias Carre\u00f1o","link":"https:\/\/candas365.es\/noticias\/category\/noticias-carreno\/"},{"label":"El Ayuntamiento de Carre\u00f1o firma un convenio con los Gorilas de Cand\u00e1s","link":"https:\/\/candas365.es\/noticias\/el-ayuntamiento-de-carreno-firma-un-convenio-con-los-gorilas-de-candas\/"}],"_links":{"self":[{"href":"https:\/\/candas365.es\/noticias\/wp-json\/wp\/v2\/posts\/148439","targetHints":{"allow":["GET"]}}],"collection":[{"href":"https:\/\/candas365.es\/noticias\/wp-json\/wp\/v2\/posts"}],"about":[{"href":"https:\/\/candas365.es\/noticias\/wp-json\/wp\/v2\/types\/post"}],"author":[{"embeddable":true,"href":"https:\/\/candas365.es\/noticias\/wp-json\/wp\/v2\/users\/1"}],"replies":[{"embeddable":true,"href":"https:\/\/candas365.es\/noticias\/wp-json\/wp\/v2\/comments?post=148439"}],"version-history":[{"count":0,"href":"https:\/\/candas365.es\/noticias\/wp-json\/wp\/v2\/posts\/148439\/revisions"}],"wp:featuredmedia":[{"embeddable":true,"href":"https:\/\/candas365.es\/noticias\/wp-json\/wp\/v2\/media\/148440"}],"wp:attachment":[{"href":"https:\/\/candas365.es\/noticias\/wp-json\/wp\/v2\/media?parent=148439"}],"wp:term":[{"taxonomy":"category","embeddable":true,"href":"https:\/\/candas365.es\/noticias\/wp-json\/wp\/v2\/categories?post=148439"},{"taxonomy":"post_tag","embeddable":true,"href":"https:\/\/candas365.es\/noticias\/wp-json\/wp\/v2\/tags?post=148439"}],"curies":[{"name":"wp","href":"https:\/\/api.w.org\/{rel}","templated":true}]}}