{"id":148428,"date":"2020-11-18T00:48:52","date_gmt":"2020-11-18T00:48:52","guid":{"rendered":"http:\/\/candas365.es\/noticias\/?p=148428"},"modified":"2020-11-18T00:48:52","modified_gmt":"2020-11-18T00:48:52","slug":"nuevas-plazas-de-aparcamiento-en-el-entorno-del-cir-monte-areo","status":"publish","type":"post","link":"https:\/\/candas365.es\/noticias\/nuevas-plazas-de-aparcamiento-en-el-entorno-del-cir-monte-areo\/","title":{"rendered":"Nuevas plazas de aparcamiento en el entorno del CIR \u201cMonte Areo\u201d"},"content":{"rendered":"<p><img fetchpriority=\"high\" decoding=\"async\" class=\"alignleft size-medium wp-image-148429\" src=\"https:\/\/candas365.es\/noticias\/wp-content\/uploads\/2020\/11\/Carreno-360x259.jpg\" alt=\"\" width=\"360\" height=\"259\" srcset=\"https:\/\/candas365.es\/noticias\/wp-content\/uploads\/2020\/11\/Carreno-360x259.jpg 360w, https:\/\/candas365.es\/noticias\/wp-content\/uploads\/2020\/11\/Carreno-650x467.jpg 650w, https:\/\/candas365.es\/noticias\/wp-content\/uploads\/2020\/11\/Carreno-768x552.jpg 768w, https:\/\/candas365.es\/noticias\/wp-content\/uploads\/2020\/11\/Carreno.jpg 979w\" sizes=\"(max-width: 360px) 100vw, 360px\" \/>Con el objetivo de mejorar las condiciones del entorno de la escuela, equipamientos deportivos y Centro de de Iniciativa Rural \u201cMonte Areo\u201d, que comparten las parroquias de Guimar\u00e1n y El Valle se realizan las obras de ampliaci\u00f3n de las plazas actuales.<\/p>\n<p>\u201cTras el cierre perimetral de la pista polideportiva y la ampliaci\u00f3n de los almacenes, en cumplimiento a las condiciones fijadas para este tipo de instalaciones en el art 7.38 del Plan General de Ordenaci\u00f3n Urbana, junto con las fijadas en el art 4.33 se hace necesario dotar de m\u00e1s plaza de aparcamiento a la instalaci\u00f3n municipal\u201dse\u00f1al\u00f3 Manuel Noceda-Concejal de Medio Rural.<\/p>\n<p>\u201cSeg\u00fan dichas condiciones se requiere una plaza de aparcamiento por cada 25 personas de capacidad para edificios de uso deportivo (pista multi-deporte); una plaza por cada 100m\u00b2 de uso cultural (Aula del Neol\u00edtico); una plaza por cada 40m\u00b2 de uso educativo (escuela rural), adem\u00e1s de una plaza de aparcamiento de autobuses por cada 250 plazas de escolares. Aplicando estas ratios a las 310 personas de ocupaci\u00f3n m\u00e1xima fijada para la pista; los 150m\u00b2 que ocupa el Aula del Neol\u00edtico y los 300m\u00b2 de la escuela, arroja un total de 21 plazas de aparcamiento para turismos y una plaza de autobuses como m\u00ednimo. Siendo insuficientes las 17 plazas para turismos actualmente existentes \u201d prosigui\u00f3 el Edil.<\/p>\n<p>\u201cPor este motivo, dentro de las actuaciones previstas y presupuestadas en el Plan Integral de la Zona Rural, se encarg\u00f3 a la Oficina T\u00e9cnica Municipal la elaboraci\u00f3n del proyecto de mejora y ampliaci\u00f3n del aparcamiento de las instalaciones deportivas ubicadas en el CIR \u201cMonte Areo\u201d. Durante el proceso de licitaci\u00f3n correspondiente, en el que, tres empresas del sector optaron a la realizaci\u00f3n de las obras de mejora, estas fueron adjudicadas a Asfaltos Arlos, S.L. por un importe final de 21.888,90\u20ac, al ser esta la oferta m\u00e1s ventajosa en t\u00e9rminos de calidad-precio\u201d explic\u00f3 el Concejal.<\/p>\n<p>\u201cLa soluci\u00f3n planteada por el personal t\u00e9cnico municipal propone, respetando por un lado el acceso a la zona de juegos y deportes rurales y por otro un paso peatonal a las parcelas colindantes por el l\u00edmite sureste de la parcela, la eliminaci\u00f3n de la acera, la zona ajardinada y la peque\u00f1a escollera, la unificaci\u00f3n de los cambios de rasante que presentan estos, consiguiendo as\u00ed 6 plazas de aparcamiento. En la zona de acceso a la parcela se proceder\u00e1 a su pavimentaci\u00f3n, consiguiendo otras dos plazas m\u00e1s\u201d avanz\u00f3 Noceda.<\/p>\n<p>Complementariamente, con el fin de regular lo m\u00e1s posible la distribuci\u00f3n de veh\u00edculos, se proceder\u00e1 al marcado de las mismas y el cebreado de las zonas en las que no deben estacionar los utilitarios. Adem\u00e1s, se proteger\u00e1 la fachada de la pista polideportiva limitando la aproximaci\u00f3n de los veh\u00edculos mediante topes sint\u00e9ticos para las ruedas.<\/p>\n<p>\u201cLa soluci\u00f3n propuesta prev\u00e9 la ampliaci\u00f3n hasta 25 plazas de aparcamiento, una de ellas para personas con movilidad reducida, para turismo, manteniendo las dos plazas de autobuses existentes: De esta forma se cumplen los requisitos de n\u00famero y tipo de plazas de aparcamientoque marca la legislaci\u00f3n vigente\u201d finaliz\u00f3 el Responsablede la Cocejal\u00eda de Medio Rural.<\/p>\n<p>Las de obras de mejora y ampliaci\u00f3n de las plazas de aparcamiento de las instalaciones deportivas del CIR \u201cMonte Areo\u201d tendr\u00e1 una duraci\u00f3n estimada de un mes.<\/p>\n","protected":false},"excerpt":{"rendered":"<p>Con el objetivo de mejorar las condiciones del entorno de la escuela, equipamientos deportivos y Centro de de Iniciativa Rural \u201cMonte Areo\u201d, que comparten las parroquias de Guimar\u00e1n y El Valle se realizan las obras de ampliaci\u00f3n de las plazas actuales. \u201cTras el cierre perimetral de la pista polideportiva y la ampliaci\u00f3n de los almacenes,<\/p>\n","protected":false},"author":1,"featured_media":148429,"comment_status":"closed","ping_status":"closed","sticky":false,"template":"","format":"standard","meta":{"footnotes":""},"categories":[2],"tags":[],"class_list":{"0":"post-148428","1":"post","2":"type-post","3":"status-publish","4":"format-standard","5":"has-post-thumbnail","7":"category-noticias-carreno"},"aioseo_notices":[],"aioseo_head":"\n\t\t<!-- All in One SEO Pro 4.9.6.2 - aioseo.com -->\n\t<meta name=\"description\" content=\"Las de obras en el aparcamiento de las instalaciones deportivas del CIR \u201cMonte Areo\u201d tendr\u00e1 una duraci\u00f3n estimada de un mes, seg\u00fan el Ayuntamiento de Carre\u00f1o\" \/>\n\t<meta name=\"robots\" content=\"max-image-preview:large\" \/>\n\t<meta name=\"author\" content=\"Cand\u00e1s 365\"\/>\n\t<meta name=\"google-site-verification\" content=\"UA-32230408-1\" \/>\n\t<meta name=\"msvalidate.01\" content=\"354F3CDFB2DA171B47FBE9ABF1F88D5\" \/>\n\t<meta name=\"keywords\" content=\"noticias de asturias,noticias carre\u00f1o\" \/>\n\t<link rel=\"canonical\" href=\"https:\/\/candas365.es\/noticias\/nuevas-plazas-de-aparcamiento-en-el-entorno-del-cir-monte-areo\/\" \/>\n\t<meta name=\"generator\" content=\"All in One SEO Pro (AIOSEO) 4.9.6.2\" \/>\n\t\t<meta property=\"og:locale\" content=\"es_ES\" \/>\n\t\t<meta property=\"og:site_name\" content=\"Cand\u00e1s 365\" \/>\n\t\t<meta property=\"og:type\" content=\"article\" \/>\n\t\t<meta property=\"og:title\" content=\"Nuevas plazas de aparcamiento en el entorno del CIR \u201cMonte Areo\u201d | Cand\u00e1s 365\" \/>\n\t\t<meta property=\"og:description\" content=\"Las de obras en el aparcamiento de las instalaciones deportivas del CIR \u201cMonte Areo\u201d tendr\u00e1 una duraci\u00f3n estimada de un mes, seg\u00fan el Ayuntamiento de Carre\u00f1o\" \/>\n\t\t<meta property=\"og:url\" content=\"https:\/\/candas365.es\/noticias\/nuevas-plazas-de-aparcamiento-en-el-entorno-del-cir-monte-areo\/\" \/>\n\t\t<meta property=\"og:image\" content=\"https:\/\/candas365.es\/noticias\/wp-content\/uploads\/2020\/11\/Carreno.jpg\" \/>\n\t\t<meta property=\"og:image:secure_url\" content=\"https:\/\/candas365.es\/noticias\/wp-content\/uploads\/2020\/11\/Carreno.jpg\" \/>\n\t\t<meta property=\"og:image:width\" content=\"979\" \/>\n\t\t<meta property=\"og:image:height\" content=\"704\" \/>\n\t\t<meta property=\"article:published_time\" content=\"2020-11-18T00:48:52+00:00\" \/>\n\t\t<meta property=\"article:modified_time\" content=\"2020-11-18T00:48:52+00:00\" \/>\n\t\t<meta property=\"article:publisher\" content=\"https:\/\/www.facebook.com\/Nachofdezber\" \/>\n\t\t<meta property=\"article:author\" content=\"https:\/\/www.facebook.com\/carrenoactualidad\" \/>\n\t\t<meta name=\"twitter:card\" content=\"summary_large_image\" \/>\n\t\t<meta name=\"twitter:site\" content=\"@NabercoDigital\" \/>\n\t\t<meta name=\"twitter:title\" content=\"Nuevas plazas de aparcamiento en el entorno del CIR \u201cMonte Areo\u201d | Cand\u00e1s 365\" \/>\n\t\t<meta name=\"twitter:description\" content=\"Las de obras en el aparcamiento de las instalaciones deportivas del CIR \u201cMonte Areo\u201d tendr\u00e1 una duraci\u00f3n estimada de un mes, seg\u00fan el Ayuntamiento de Carre\u00f1o\" \/>\n\t\t<meta name=\"twitter:creator\" content=\"@nbasturias\" \/>\n\t\t<meta name=\"twitter:image\" content=\"https:\/\/candas365.es\/noticias\/wp-content\/uploads\/2020\/11\/Carreno.jpg\" \/>\n\t\t<meta name=\"twitter:label1\" content=\"Escrito por\" \/>\n\t\t<meta name=\"twitter:data1\" content=\"Cand\u00e1s 365\" \/>\n\t\t<meta name=\"twitter:label2\" content=\"Tiempo de lectura estimado\" \/>\n\t\t<meta name=\"twitter:data2\" content=\"3 minutos\" \/>\n\t\t<script type=\"application\/ld+json\" class=\"aioseo-schema\">\n\t\t\t{\"@context\":\"https:\\\/\\\/schema.org\",\"@graph\":[{\"@type\":\"BreadcrumbList\",\"@id\":\"https:\\\/\\\/candas365.es\\\/noticias\\\/nuevas-plazas-de-aparcamiento-en-el-entorno-del-cir-monte-areo\\\/#breadcrumblist\",\"itemListElement\":[{\"@type\":\"ListItem\",\"@id\":\"https:\\\/\\\/candas365.es\\\/noticias#listItem\",\"position\":1,\"name\":\"Home\",\"item\":\"https:\\\/\\\/candas365.es\\\/noticias\",\"nextItem\":{\"@type\":\"ListItem\",\"@id\":\"https:\\\/\\\/candas365.es\\\/noticias\\\/category\\\/noticias-carreno\\\/#listItem\",\"name\":\"Noticias Carre\\u00f1o\"}},{\"@type\":\"ListItem\",\"@id\":\"https:\\\/\\\/candas365.es\\\/noticias\\\/category\\\/noticias-carreno\\\/#listItem\",\"position\":2,\"name\":\"Noticias Carre\\u00f1o\",\"item\":\"https:\\\/\\\/candas365.es\\\/noticias\\\/category\\\/noticias-carreno\\\/\",\"nextItem\":{\"@type\":\"ListItem\",\"@id\":\"https:\\\/\\\/candas365.es\\\/noticias\\\/nuevas-plazas-de-aparcamiento-en-el-entorno-del-cir-monte-areo\\\/#listItem\",\"name\":\"Nuevas plazas de aparcamiento en el entorno del CIR \\u201cMonte Areo\\u201d\"},\"previousItem\":{\"@type\":\"ListItem\",\"@id\":\"https:\\\/\\\/candas365.es\\\/noticias#listItem\",\"name\":\"Home\"}},{\"@type\":\"ListItem\",\"@id\":\"https:\\\/\\\/candas365.es\\\/noticias\\\/nuevas-plazas-de-aparcamiento-en-el-entorno-del-cir-monte-areo\\\/#listItem\",\"position\":3,\"name\":\"Nuevas plazas de aparcamiento en el entorno del CIR \\u201cMonte Areo\\u201d\",\"previousItem\":{\"@type\":\"ListItem\",\"@id\":\"https:\\\/\\\/candas365.es\\\/noticias\\\/category\\\/noticias-carreno\\\/#listItem\",\"name\":\"Noticias Carre\\u00f1o\"}}]},{\"@type\":\"NewsArticle\",\"@id\":\"https:\\\/\\\/candas365.es\\\/noticias\\\/nuevas-plazas-de-aparcamiento-en-el-entorno-del-cir-monte-areo\\\/#newsarticle\",\"name\":\"Nuevas plazas de aparcamiento en el entorno del CIR \\u201cMonte Areo\\u201d | Cand\\u00e1s 365\",\"headline\":\"Nuevas plazas de aparcamiento en el entorno del CIR \\u201cMonte Areo\\u201d\",\"author\":{\"@id\":\"https:\\\/\\\/candas365.es\\\/noticias\\\/author\\\/admin\\\/#author\"},\"publisher\":{\"@id\":\"https:\\\/\\\/candas365.es\\\/noticias\\\/#organization\"},\"image\":{\"@type\":\"ImageObject\",\"url\":\"https:\\\/\\\/candas365.es\\\/noticias\\\/wp-content\\\/uploads\\\/2020\\\/11\\\/Carreno.jpg\",\"width\":979,\"height\":704},\"datePublished\":\"2020-11-18T00:48:52+01:00\",\"dateModified\":\"2020-11-18T00:48:52+01:00\",\"inLanguage\":\"es-ES\",\"mainEntityOfPage\":{\"@id\":\"https:\\\/\\\/candas365.es\\\/noticias\\\/nuevas-plazas-de-aparcamiento-en-el-entorno-del-cir-monte-areo\\\/#webpage\"},\"isPartOf\":{\"@id\":\"https:\\\/\\\/candas365.es\\\/noticias\\\/nuevas-plazas-de-aparcamiento-en-el-entorno-del-cir-monte-areo\\\/#webpage\"},\"articleSection\":\"Noticias Carre\\u00f1o\",\"dateline\":\"Publicado el noviembre 18, 2020.\"},{\"@type\":\"Organization\",\"@id\":\"https:\\\/\\\/candas365.es\\\/noticias\\\/#organization\",\"name\":\"Cand\\u00e1s 365\",\"description\":\"Cand\\u00e1s 365 es un diario digital independiente, fundado en 2012, con base en Asturias. Informamos con rigor sobre actualidad, sociedad, cultura y ocio, con una mirada local y global.\",\"url\":\"https:\\\/\\\/candas365.es\\\/noticias\\\/\",\"email\":\"info@candas365.es\",\"telephone\":\"+34652131393\",\"foundingDate\":\"2012-06-10\",\"logo\":{\"@type\":\"ImageObject\",\"url\":\"https:\\\/\\\/candas365.es\\\/noticias\\\/wp-content\\\/uploads\\\/2024\\\/09\\\/Candas-365-Redes.jpg\",\"@id\":\"https:\\\/\\\/candas365.es\\\/noticias\\\/nuevas-plazas-de-aparcamiento-en-el-entorno-del-cir-monte-areo\\\/#organizationLogo\",\"width\":1152,\"height\":864,\"caption\":\"Cand\\u00e1s 365 Redes\"},\"image\":{\"@id\":\"https:\\\/\\\/candas365.es\\\/noticias\\\/nuevas-plazas-de-aparcamiento-en-el-entorno-del-cir-monte-areo\\\/#organizationLogo\"},\"sameAs\":[\"https:\\\/\\\/www.facebook.com\\\/Nachofdezber\",\"https:\\\/\\\/x.com\\\/NabercoDigital\",\"https:\\\/\\\/www.instagram.com\\\/nachofdezber\\\/\",\"https:\\\/\\\/www.youtube.com\\\/channel\\\/UCZP-2wLEB9Rv6erhFmqVnvg\"],\"address\":{\"@id\":\"https:\\\/\\\/candas365.es\\\/noticias\\\/#postaladdress\",\"@type\":\"PostalAddress\",\"streetAddress\":\"san antonio 4, san antonio 4\",\"postalCode\":\"33430\",\"addressLocality\":\"Cand\\u00e1s\",\"addressRegion\":\"Asturias\",\"addressCountry\":\"ES\"}},{\"@type\":\"Person\",\"@id\":\"https:\\\/\\\/candas365.es\\\/noticias\\\/author\\\/admin\\\/#author\",\"url\":\"https:\\\/\\\/candas365.es\\\/noticias\\\/author\\\/admin\\\/\",\"name\":\"Cand\\u00e1s 365\",\"image\":{\"@type\":\"ImageObject\",\"@id\":\"https:\\\/\\\/candas365.es\\\/noticias\\\/nuevas-plazas-de-aparcamiento-en-el-entorno-del-cir-monte-areo\\\/#authorImage\",\"url\":\"https:\\\/\\\/secure.gravatar.com\\\/avatar\\\/496a8e03d0c493ede1718b7934145dbdf8d89be1036b0eec9544e1094c9de390?s=96&d=mm&r=g\",\"width\":96,\"height\":96,\"caption\":\"Cand\\u00e1s 365\"},\"sameAs\":[\"https:\\\/\\\/www.facebook.com\\\/carrenoactualidad\",\"https:\\\/\\\/twitter.com\\\/nbasturias\",\"https:\\\/\\\/www.instagram.com\\\/nachofdezber\\\/\",\"https:\\\/\\\/www.youtube.com\\\/channel\\\/UCZP-2wLEB9Rv6erhFmqVnvg\"]},{\"@type\":\"WebPage\",\"@id\":\"https:\\\/\\\/candas365.es\\\/noticias\\\/nuevas-plazas-de-aparcamiento-en-el-entorno-del-cir-monte-areo\\\/#webpage\",\"url\":\"https:\\\/\\\/candas365.es\\\/noticias\\\/nuevas-plazas-de-aparcamiento-en-el-entorno-del-cir-monte-areo\\\/\",\"name\":\"Nuevas plazas de aparcamiento en el entorno del CIR \\u201cMonte Areo\\u201d | Cand\\u00e1s 365\",\"description\":\"Las de obras en el aparcamiento de las instalaciones deportivas del CIR \\u201cMonte Areo\\u201d tendr\\u00e1 una duraci\\u00f3n estimada de un mes, seg\\u00fan el Ayuntamiento de Carre\\u00f1o\",\"inLanguage\":\"es-ES\",\"isPartOf\":{\"@id\":\"https:\\\/\\\/candas365.es\\\/noticias\\\/#website\"},\"breadcrumb\":{\"@id\":\"https:\\\/\\\/candas365.es\\\/noticias\\\/nuevas-plazas-de-aparcamiento-en-el-entorno-del-cir-monte-areo\\\/#breadcrumblist\"},\"author\":{\"@id\":\"https:\\\/\\\/candas365.es\\\/noticias\\\/author\\\/admin\\\/#author\"},\"creator\":{\"@id\":\"https:\\\/\\\/candas365.es\\\/noticias\\\/author\\\/admin\\\/#author\"},\"image\":{\"@type\":\"ImageObject\",\"url\":\"https:\\\/\\\/candas365.es\\\/noticias\\\/wp-content\\\/uploads\\\/2020\\\/11\\\/Carreno.jpg\",\"@id\":\"https:\\\/\\\/candas365.es\\\/noticias\\\/nuevas-plazas-de-aparcamiento-en-el-entorno-del-cir-monte-areo\\\/#mainImage\",\"width\":979,\"height\":704},\"primaryImageOfPage\":{\"@id\":\"https:\\\/\\\/candas365.es\\\/noticias\\\/nuevas-plazas-de-aparcamiento-en-el-entorno-del-cir-monte-areo\\\/#mainImage\"},\"datePublished\":\"2020-11-18T00:48:52+01:00\",\"dateModified\":\"2020-11-18T00:48:52+01:00\"},{\"@type\":\"WebSite\",\"@id\":\"https:\\\/\\\/candas365.es\\\/noticias\\\/#website\",\"url\":\"https:\\\/\\\/candas365.es\\\/noticias\\\/\",\"name\":\"Cand\\u00e1s 365\",\"alternateName\":\"Cand\\u00e1s 365 Noticias\",\"description\":\"Actualidad desde Carre\\u00f1o para el mundo\",\"inLanguage\":\"es-ES\",\"publisher\":{\"@id\":\"https:\\\/\\\/candas365.es\\\/noticias\\\/#organization\"}}]}\n\t\t<\/script>\n\t\t<!-- All in One SEO Pro -->\r\n\t\t<title>Nuevas plazas de aparcamiento en el entorno del CIR \u201cMonte Areo\u201d | Cand\u00e1s 365<\/title>\n\n","aioseo_head_json":{"title":"Nuevas plazas de aparcamiento en el entorno del CIR \u201cMonte Areo\u201d | Cand\u00e1s 365","description":"Las de obras en el aparcamiento de las instalaciones deportivas del CIR \u201cMonte Areo\u201d tendr\u00e1 una duraci\u00f3n estimada de un mes, seg\u00fan el Ayuntamiento de Carre\u00f1o","canonical_url":"https:\/\/candas365.es\/noticias\/nuevas-plazas-de-aparcamiento-en-el-entorno-del-cir-monte-areo\/","robots":"max-image-preview:large","keywords":"noticias de asturias,noticias carre\u00f1o","webmasterTools":{"google-site-verification":"UA-32230408-1","msvalidate.01":"354F3CDFB2DA171B47FBE9ABF1F88D5","miscellaneous":""},"schema":{"@context":"https:\/\/schema.org","@graph":[{"@type":"BreadcrumbList","@id":"https:\/\/candas365.es\/noticias\/nuevas-plazas-de-aparcamiento-en-el-entorno-del-cir-monte-areo\/#breadcrumblist","itemListElement":[{"@type":"ListItem","@id":"https:\/\/candas365.es\/noticias#listItem","position":1,"name":"Home","item":"https:\/\/candas365.es\/noticias","nextItem":{"@type":"ListItem","@id":"https:\/\/candas365.es\/noticias\/category\/noticias-carreno\/#listItem","name":"Noticias Carre\u00f1o"}},{"@type":"ListItem","@id":"https:\/\/candas365.es\/noticias\/category\/noticias-carreno\/#listItem","position":2,"name":"Noticias Carre\u00f1o","item":"https:\/\/candas365.es\/noticias\/category\/noticias-carreno\/","nextItem":{"@type":"ListItem","@id":"https:\/\/candas365.es\/noticias\/nuevas-plazas-de-aparcamiento-en-el-entorno-del-cir-monte-areo\/#listItem","name":"Nuevas plazas de aparcamiento en el entorno del CIR \u201cMonte Areo\u201d"},"previousItem":{"@type":"ListItem","@id":"https:\/\/candas365.es\/noticias#listItem","name":"Home"}},{"@type":"ListItem","@id":"https:\/\/candas365.es\/noticias\/nuevas-plazas-de-aparcamiento-en-el-entorno-del-cir-monte-areo\/#listItem","position":3,"name":"Nuevas plazas de aparcamiento en el entorno del CIR \u201cMonte Areo\u201d","previousItem":{"@type":"ListItem","@id":"https:\/\/candas365.es\/noticias\/category\/noticias-carreno\/#listItem","name":"Noticias Carre\u00f1o"}}]},{"@type":"NewsArticle","@id":"https:\/\/candas365.es\/noticias\/nuevas-plazas-de-aparcamiento-en-el-entorno-del-cir-monte-areo\/#newsarticle","name":"Nuevas plazas de aparcamiento en el entorno del CIR \u201cMonte Areo\u201d | Cand\u00e1s 365","headline":"Nuevas plazas de aparcamiento en el entorno del CIR \u201cMonte Areo\u201d","author":{"@id":"https:\/\/candas365.es\/noticias\/author\/admin\/#author"},"publisher":{"@id":"https:\/\/candas365.es\/noticias\/#organization"},"image":{"@type":"ImageObject","url":"https:\/\/candas365.es\/noticias\/wp-content\/uploads\/2020\/11\/Carreno.jpg","width":979,"height":704},"datePublished":"2020-11-18T00:48:52+01:00","dateModified":"2020-11-18T00:48:52+01:00","inLanguage":"es-ES","mainEntityOfPage":{"@id":"https:\/\/candas365.es\/noticias\/nuevas-plazas-de-aparcamiento-en-el-entorno-del-cir-monte-areo\/#webpage"},"isPartOf":{"@id":"https:\/\/candas365.es\/noticias\/nuevas-plazas-de-aparcamiento-en-el-entorno-del-cir-monte-areo\/#webpage"},"articleSection":"Noticias Carre\u00f1o","dateline":"Publicado el noviembre 18, 2020."},{"@type":"Organization","@id":"https:\/\/candas365.es\/noticias\/#organization","name":"Cand\u00e1s 365","description":"Cand\u00e1s 365 es un diario digital independiente, fundado en 2012, con base en Asturias. Informamos con rigor sobre actualidad, sociedad, cultura y ocio, con una mirada local y global.","url":"https:\/\/candas365.es\/noticias\/","email":"info@candas365.es","telephone":"+34652131393","foundingDate":"2012-06-10","logo":{"@type":"ImageObject","url":"https:\/\/candas365.es\/noticias\/wp-content\/uploads\/2024\/09\/Candas-365-Redes.jpg","@id":"https:\/\/candas365.es\/noticias\/nuevas-plazas-de-aparcamiento-en-el-entorno-del-cir-monte-areo\/#organizationLogo","width":1152,"height":864,"caption":"Cand\u00e1s 365 Redes"},"image":{"@id":"https:\/\/candas365.es\/noticias\/nuevas-plazas-de-aparcamiento-en-el-entorno-del-cir-monte-areo\/#organizationLogo"},"sameAs":["https:\/\/www.facebook.com\/Nachofdezber","https:\/\/x.com\/NabercoDigital","https:\/\/www.instagram.com\/nachofdezber\/","https:\/\/www.youtube.com\/channel\/UCZP-2wLEB9Rv6erhFmqVnvg"],"address":{"@id":"https:\/\/candas365.es\/noticias\/#postaladdress","@type":"PostalAddress","streetAddress":"san antonio 4, san antonio 4","postalCode":"33430","addressLocality":"Cand\u00e1s","addressRegion":"Asturias","addressCountry":"ES"}},{"@type":"Person","@id":"https:\/\/candas365.es\/noticias\/author\/admin\/#author","url":"https:\/\/candas365.es\/noticias\/author\/admin\/","name":"Cand\u00e1s 365","image":{"@type":"ImageObject","@id":"https:\/\/candas365.es\/noticias\/nuevas-plazas-de-aparcamiento-en-el-entorno-del-cir-monte-areo\/#authorImage","url":"https:\/\/secure.gravatar.com\/avatar\/496a8e03d0c493ede1718b7934145dbdf8d89be1036b0eec9544e1094c9de390?s=96&d=mm&r=g","width":96,"height":96,"caption":"Cand\u00e1s 365"},"sameAs":["https:\/\/www.facebook.com\/carrenoactualidad","https:\/\/twitter.com\/nbasturias","https:\/\/www.instagram.com\/nachofdezber\/","https:\/\/www.youtube.com\/channel\/UCZP-2wLEB9Rv6erhFmqVnvg"]},{"@type":"WebPage","@id":"https:\/\/candas365.es\/noticias\/nuevas-plazas-de-aparcamiento-en-el-entorno-del-cir-monte-areo\/#webpage","url":"https:\/\/candas365.es\/noticias\/nuevas-plazas-de-aparcamiento-en-el-entorno-del-cir-monte-areo\/","name":"Nuevas plazas de aparcamiento en el entorno del CIR \u201cMonte Areo\u201d | Cand\u00e1s 365","description":"Las de obras en el aparcamiento de las instalaciones deportivas del CIR \u201cMonte Areo\u201d tendr\u00e1 una duraci\u00f3n estimada de un mes, seg\u00fan el Ayuntamiento de Carre\u00f1o","inLanguage":"es-ES","isPartOf":{"@id":"https:\/\/candas365.es\/noticias\/#website"},"breadcrumb":{"@id":"https:\/\/candas365.es\/noticias\/nuevas-plazas-de-aparcamiento-en-el-entorno-del-cir-monte-areo\/#breadcrumblist"},"author":{"@id":"https:\/\/candas365.es\/noticias\/author\/admin\/#author"},"creator":{"@id":"https:\/\/candas365.es\/noticias\/author\/admin\/#author"},"image":{"@type":"ImageObject","url":"https:\/\/candas365.es\/noticias\/wp-content\/uploads\/2020\/11\/Carreno.jpg","@id":"https:\/\/candas365.es\/noticias\/nuevas-plazas-de-aparcamiento-en-el-entorno-del-cir-monte-areo\/#mainImage","width":979,"height":704},"primaryImageOfPage":{"@id":"https:\/\/candas365.es\/noticias\/nuevas-plazas-de-aparcamiento-en-el-entorno-del-cir-monte-areo\/#mainImage"},"datePublished":"2020-11-18T00:48:52+01:00","dateModified":"2020-11-18T00:48:52+01:00"},{"@type":"WebSite","@id":"https:\/\/candas365.es\/noticias\/#website","url":"https:\/\/candas365.es\/noticias\/","name":"Cand\u00e1s 365","alternateName":"Cand\u00e1s 365 Noticias","description":"Actualidad desde Carre\u00f1o para el mundo","inLanguage":"es-ES","publisher":{"@id":"https:\/\/candas365.es\/noticias\/#organization"}}]},"og:locale":"es_ES","og:site_name":"Cand\u00e1s 365","og:type":"article","og:title":"Nuevas plazas de aparcamiento en el entorno del CIR \u201cMonte Areo\u201d | Cand\u00e1s 365","og:description":"Las de obras en el aparcamiento de las instalaciones deportivas del CIR \u201cMonte Areo\u201d tendr\u00e1 una duraci\u00f3n estimada de un mes, seg\u00fan el Ayuntamiento de Carre\u00f1o","og:url":"https:\/\/candas365.es\/noticias\/nuevas-plazas-de-aparcamiento-en-el-entorno-del-cir-monte-areo\/","og:image":"https:\/\/candas365.es\/noticias\/wp-content\/uploads\/2020\/11\/Carreno.jpg","og:image:secure_url":"https:\/\/candas365.es\/noticias\/wp-content\/uploads\/2020\/11\/Carreno.jpg","og:image:width":979,"og:image:height":704,"article:published_time":"2020-11-18T00:48:52+00:00","article:modified_time":"2020-11-18T00:48:52+00:00","article:publisher":"https:\/\/www.facebook.com\/Nachofdezber","article:author":"https:\/\/www.facebook.com\/carrenoactualidad","twitter:card":"summary_large_image","twitter:site":"@NabercoDigital","twitter:title":"Nuevas plazas de aparcamiento en el entorno del CIR \u201cMonte Areo\u201d | Cand\u00e1s 365","twitter:description":"Las de obras en el aparcamiento de las instalaciones deportivas del CIR \u201cMonte Areo\u201d tendr\u00e1 una duraci\u00f3n estimada de un mes, seg\u00fan el Ayuntamiento de Carre\u00f1o","twitter:creator":"@nbasturias","twitter:image":"https:\/\/candas365.es\/noticias\/wp-content\/uploads\/2020\/11\/Carreno.jpg","twitter:label1":"Escrito por","twitter:data1":"Cand\u00e1s 365","twitter:label2":"Tiempo de lectura estimado","twitter:data2":"3 minutos"},"aioseo_meta_data":{"post_id":"148428","title":"Nuevas plazas de aparcamiento en el entorno del CIR \u201cMonte Areo\u201d | #site_title","description":"Las de obras en el aparcamiento de las instalaciones deportivas del CIR \u201cMonte Areo\u201d tendr\u00e1 una duraci\u00f3n estimada de un mes, seg\u00fan el Ayuntamiento de Carre\u00f1o","keywords":[{"label":"Noticias de Asturias","value":"Noticias de Asturias"}],"keyphrases":null,"primary_term":null,"canonical_url":"","og_title":null,"og_description":null,"og_object_type":"default","og_image_type":"default","og_image_url":null,"og_image_width":null,"og_image_height":null,"og_image_custom_url":null,"og_image_custom_fields":null,"og_video":null,"og_custom_url":null,"og_article_section":null,"og_article_tags":null,"twitter_use_og":false,"twitter_card":"default","twitter_image_type":"default","twitter_image_url":null,"twitter_image_custom_url":null,"twitter_image_custom_fields":null,"twitter_title":null,"twitter_description":null,"schema":{"blockGraphs":[],"customGraphs":[],"default":{"data":{"Article":[],"Course":[],"Dataset":[],"FAQPage":[],"Movie":[],"Person":[],"Product":[],"ProductReview":[],"Car":[],"Recipe":[],"Service":[],"SoftwareApplication":[],"WebPage":[]},"graphName":"","isEnabled":true},"graphs":[],"defaultGraph":"","defaultPostTypeGraph":""},"schema_type":null,"schema_type_options":null,"pillar_content":false,"robots_default":true,"robots_noindex":false,"robots_noarchive":false,"robots_nosnippet":false,"robots_nofollow":false,"robots_noimageindex":false,"robots_noodp":false,"robots_notranslate":false,"robots_max_snippet":null,"robots_max_videopreview":null,"robots_max_imagepreview":"large","priority":null,"frequency":null,"location":null,"local_seo":null,"seo_analyzer_scan_date":"2025-08-31 13:30:12","breadcrumb_settings":null,"limit_modified_date":false,"reviewed_by":null,"open_ai":null,"ai":null,"created":"2020-12-21 10:38:24","updated":"2025-08-31 13:30:12"},"aioseo_breadcrumb":"<div class=\"aioseo-breadcrumbs\"><span class=\"aioseo-breadcrumb\">\n\t<a href=\"https:\/\/candas365.es\/noticias\" title=\"Home\">Home<\/a>\n<\/span><span class=\"aioseo-breadcrumb-separator\">&ndash;<\/span><span class=\"aioseo-breadcrumb\">\n\t<a href=\"https:\/\/candas365.es\/noticias\/category\/noticias-carreno\/\" title=\"Noticias Carre\u00f1o\">Noticias Carre\u00f1o<\/a>\n<\/span><span class=\"aioseo-breadcrumb-separator\">&ndash;<\/span><span class=\"aioseo-breadcrumb\">\n\tNuevas plazas de aparcamiento en el entorno del CIR \u201cMonte Areo\u201d\n<\/span><\/div>","aioseo_breadcrumb_json":[{"label":"Home","link":"https:\/\/candas365.es\/noticias"},{"label":"Noticias Carre\u00f1o","link":"https:\/\/candas365.es\/noticias\/category\/noticias-carreno\/"},{"label":"Nuevas plazas de aparcamiento en el entorno del CIR \u201cMonte Areo\u201d","link":"https:\/\/candas365.es\/noticias\/nuevas-plazas-de-aparcamiento-en-el-entorno-del-cir-monte-areo\/"}],"_links":{"self":[{"href":"https:\/\/candas365.es\/noticias\/wp-json\/wp\/v2\/posts\/148428","targetHints":{"allow":["GET"]}}],"collection":[{"href":"https:\/\/candas365.es\/noticias\/wp-json\/wp\/v2\/posts"}],"about":[{"href":"https:\/\/candas365.es\/noticias\/wp-json\/wp\/v2\/types\/post"}],"author":[{"embeddable":true,"href":"https:\/\/candas365.es\/noticias\/wp-json\/wp\/v2\/users\/1"}],"replies":[{"embeddable":true,"href":"https:\/\/candas365.es\/noticias\/wp-json\/wp\/v2\/comments?post=148428"}],"version-history":[{"count":0,"href":"https:\/\/candas365.es\/noticias\/wp-json\/wp\/v2\/posts\/148428\/revisions"}],"wp:featuredmedia":[{"embeddable":true,"href":"https:\/\/candas365.es\/noticias\/wp-json\/wp\/v2\/media\/148429"}],"wp:attachment":[{"href":"https:\/\/candas365.es\/noticias\/wp-json\/wp\/v2\/media?parent=148428"}],"wp:term":[{"taxonomy":"category","embeddable":true,"href":"https:\/\/candas365.es\/noticias\/wp-json\/wp\/v2\/categories?post=148428"},{"taxonomy":"post_tag","embeddable":true,"href":"https:\/\/candas365.es\/noticias\/wp-json\/wp\/v2\/tags?post=148428"}],"curies":[{"name":"wp","href":"https:\/\/api.w.org\/{rel}","templated":true}]}}