{"id":148390,"date":"2020-11-17T14:05:13","date_gmt":"2020-11-17T14:05:13","guid":{"rendered":"http:\/\/candas365.es\/noticias\/?p=148390"},"modified":"2020-11-17T14:05:13","modified_gmt":"2020-11-17T14:05:13","slug":"zverev-bajo-presion-tras-su-derrota-en-londres","status":"publish","type":"post","link":"https:\/\/candas365.es\/noticias\/zverev-bajo-presion-tras-su-derrota-en-londres\/","title":{"rendered":"Zverev \u00abbajo presi\u00f3n\u00bb tras su derrota en Londres"},"content":{"rendered":"<p><img fetchpriority=\"high\" decoding=\"async\" class=\"alignleft size-medium wp-image-144500\" src=\"https:\/\/candas365.es\/noticias\/wp-content\/uploads\/2020\/07\/tennis-923659_640-360x270.jpg\" alt=\"\" width=\"360\" height=\"270\" srcset=\"https:\/\/candas365.es\/noticias\/wp-content\/uploads\/2020\/07\/tennis-923659_640-360x270.jpg 360w, https:\/\/candas365.es\/noticias\/wp-content\/uploads\/2020\/07\/tennis-923659_640-560x420.jpg 560w, https:\/\/candas365.es\/noticias\/wp-content\/uploads\/2020\/07\/tennis-923659_640-80x60.jpg 80w, https:\/\/candas365.es\/noticias\/wp-content\/uploads\/2020\/07\/tennis-923659_640-265x198.jpg 265w, https:\/\/candas365.es\/noticias\/wp-content\/uploads\/2020\/07\/tennis-923659_640.jpg 640w\" sizes=\"(max-width: 360px) 100vw, 360px\" \/>Londres, 17 nov (dpa) &#8211; El alem\u00e1n Alexander Zverev se encuentra ahora bajo una enorme presi\u00f3n tras su clara derrota inicial contra el ruso Daniil Medvedev en el torneo de maestros de la ATP, que disputan las ocho mejores raquetas del a\u00f1o en Londres.<\/p>\n<p>Si el n\u00famero uno alem\u00e1n tambi\u00e9n pierde contra el argentino Diego Schwartzman el mi\u00e9rcoles, es muy probable que el germano quede fuera del prestigioso evento londinense.<\/p>\n<p>\u00abEs ahora una situaci\u00f3n normal de torneo para m\u00ed. Si pierdo, estoy fuera\u00bb, dijo Zverev despu\u00e9s del 3-6, 4-6 en el primer partido de grupo del lunes por la noche contra Medvedev.<\/p>\n<p>Para el ruso, fue la primera victoria en las Finales ATP en su carrera. Ahora se enfrenta a Novak Djokovic el mi\u00e9rcoles, quien se impuso a Schwartzman por 6-3, 6-2.<\/p>\n<p>Zverev tuvo de nuevo grandes dificultades contra Medvedev, especialmente con su propio saque, hizo siete dobles faltas, seis de ellas solo en la primera manga, y nunca encontr\u00f3 su forma, como la que mostr\u00f3 recientemente en los dos torneos de Colonia que gan\u00f3 o que le llev\u00f3 hasta la final del torneo Masters de Par\u00eds.<\/p>\n<p>\u00abSimplemente no jugu\u00e9 lo suficientemente bien hoy como para vencer a un jugador del top 10\u00bb, admiti\u00f3 el joven de 23 a\u00f1os con decepci\u00f3n. \u00abTengo que mejorar si quiero ganar un partido aqu\u00ed\u00bb, agreg\u00f3.<\/p>\n<p>Al igual que Zverev, tambi\u00e9n los germanos Kevin Krawietz y Andreas Mies est\u00e1n bajo presi\u00f3n en la competici\u00f3n de dobles despu\u00e9s de haber sufrido una derrota inicial.<\/p>\n<p>Los ganadores del Abierto de Francia se enfrentan hoy al polaco Lukasz Kubot y el brasile\u00f1o Marcelo Melo. El domingo, el d\u00fao alem\u00e1n perdi\u00f3 contra el neerland\u00e9s Wesley Koolhof y el croata Nikola Mektic.<\/p>\n","protected":false},"excerpt":{"rendered":"<p>Londres, 17 nov (dpa) &#8211; El alem\u00e1n Alexander Zverev se encuentra ahora bajo una enorme presi\u00f3n tras su clara derrota inicial contra el ruso Daniil Medvedev en el torneo de maestros de la ATP, que disputan las ocho mejores raquetas del a\u00f1o en Londres. Si el n\u00famero uno alem\u00e1n tambi\u00e9n pierde contra el argentino Diego<\/p>\n","protected":false},"author":1,"featured_media":144500,"comment_status":"closed","ping_status":"closed","sticky":false,"template":"","format":"standard","meta":{"footnotes":""},"categories":[319],"tags":[],"class_list":{"0":"post-148390","1":"post","2":"type-post","3":"status-publish","4":"format-standard","5":"has-post-thumbnail","7":"category-deporte"},"aioseo_notices":[],"aioseo_head":"\n\t\t<!-- All in One SEO Pro 4.9.6.2 - aioseo.com -->\n\t<meta name=\"description\" content=\"El alem\u00e1n Alexander Zverev se encuentra ahora bajo una enorme presi\u00f3n tras su clara derrota inicial contra el ruso Daniil Medvedev.\" \/>\n\t<meta name=\"robots\" content=\"max-image-preview:large\" \/>\n\t<meta name=\"author\" content=\"Cand\u00e1s 365\"\/>\n\t<meta name=\"google-site-verification\" content=\"UA-32230408-1\" \/>\n\t<meta name=\"msvalidate.01\" content=\"354F3CDFB2DA171B47FBE9ABF1F88D5\" \/>\n\t<meta name=\"keywords\" content=\"deportes,deporte\" \/>\n\t<link rel=\"canonical\" href=\"https:\/\/candas365.es\/noticias\/zverev-bajo-presion-tras-su-derrota-en-londres\/\" \/>\n\t<meta name=\"generator\" content=\"All in One SEO Pro (AIOSEO) 4.9.6.2\" \/>\n\t\t<meta property=\"og:locale\" content=\"es_ES\" \/>\n\t\t<meta property=\"og:site_name\" content=\"Cand\u00e1s 365\" \/>\n\t\t<meta property=\"og:type\" content=\"article\" \/>\n\t\t<meta property=\"og:title\" content=\"Zverev &quot;bajo presi\u00f3n&quot; tras su derrota en Londres | Cand\u00e1s 365\" \/>\n\t\t<meta property=\"og:description\" content=\"El alem\u00e1n Alexander Zverev se encuentra ahora bajo una enorme presi\u00f3n tras su clara derrota inicial contra el ruso Daniil Medvedev.\" \/>\n\t\t<meta property=\"og:url\" content=\"https:\/\/candas365.es\/noticias\/zverev-bajo-presion-tras-su-derrota-en-londres\/\" \/>\n\t\t<meta property=\"og:image\" content=\"https:\/\/candas365.es\/noticias\/wp-content\/uploads\/2020\/07\/tennis-923659_640.jpg\" \/>\n\t\t<meta property=\"og:image:secure_url\" content=\"https:\/\/candas365.es\/noticias\/wp-content\/uploads\/2020\/07\/tennis-923659_640.jpg\" \/>\n\t\t<meta property=\"og:image:width\" content=\"640\" \/>\n\t\t<meta property=\"og:image:height\" content=\"480\" \/>\n\t\t<meta property=\"article:published_time\" content=\"2020-11-17T14:05:13+00:00\" \/>\n\t\t<meta property=\"article:modified_time\" content=\"2020-11-17T14:05:13+00:00\" \/>\n\t\t<meta property=\"article:publisher\" content=\"https:\/\/www.facebook.com\/Nachofdezber\" \/>\n\t\t<meta property=\"article:author\" content=\"https:\/\/www.facebook.com\/carrenoactualidad\" \/>\n\t\t<meta name=\"twitter:card\" content=\"summary_large_image\" \/>\n\t\t<meta name=\"twitter:site\" content=\"@NabercoDigital\" \/>\n\t\t<meta name=\"twitter:title\" content=\"Zverev &quot;bajo presi\u00f3n&quot; tras su derrota en Londres | Cand\u00e1s 365\" \/>\n\t\t<meta name=\"twitter:description\" content=\"El alem\u00e1n Alexander Zverev se encuentra ahora bajo una enorme presi\u00f3n tras su clara derrota inicial contra el ruso Daniil Medvedev.\" \/>\n\t\t<meta name=\"twitter:creator\" content=\"@nbasturias\" \/>\n\t\t<meta name=\"twitter:image\" content=\"https:\/\/candas365.es\/noticias\/wp-content\/uploads\/2020\/07\/tennis-923659_640.jpg\" \/>\n\t\t<meta name=\"twitter:label1\" content=\"Escrito por\" \/>\n\t\t<meta name=\"twitter:data1\" content=\"Cand\u00e1s 365\" \/>\n\t\t<meta name=\"twitter:label2\" content=\"Tiempo de lectura estimado\" \/>\n\t\t<meta name=\"twitter:data2\" content=\"2 minutos\" \/>\n\t\t<script type=\"application\/ld+json\" class=\"aioseo-schema\">\n\t\t\t{\"@context\":\"https:\\\/\\\/schema.org\",\"@graph\":[{\"@type\":\"BreadcrumbList\",\"@id\":\"https:\\\/\\\/candas365.es\\\/noticias\\\/zverev-bajo-presion-tras-su-derrota-en-londres\\\/#breadcrumblist\",\"itemListElement\":[{\"@type\":\"ListItem\",\"@id\":\"https:\\\/\\\/candas365.es\\\/noticias#listItem\",\"position\":1,\"name\":\"Home\",\"item\":\"https:\\\/\\\/candas365.es\\\/noticias\",\"nextItem\":{\"@type\":\"ListItem\",\"@id\":\"https:\\\/\\\/candas365.es\\\/noticias\\\/category\\\/deporte\\\/#listItem\",\"name\":\"Deporte\"}},{\"@type\":\"ListItem\",\"@id\":\"https:\\\/\\\/candas365.es\\\/noticias\\\/category\\\/deporte\\\/#listItem\",\"position\":2,\"name\":\"Deporte\",\"item\":\"https:\\\/\\\/candas365.es\\\/noticias\\\/category\\\/deporte\\\/\",\"nextItem\":{\"@type\":\"ListItem\",\"@id\":\"https:\\\/\\\/candas365.es\\\/noticias\\\/zverev-bajo-presion-tras-su-derrota-en-londres\\\/#listItem\",\"name\":\"Zverev \\u00abbajo presi\\u00f3n\\u00bb tras su derrota en Londres\"},\"previousItem\":{\"@type\":\"ListItem\",\"@id\":\"https:\\\/\\\/candas365.es\\\/noticias#listItem\",\"name\":\"Home\"}},{\"@type\":\"ListItem\",\"@id\":\"https:\\\/\\\/candas365.es\\\/noticias\\\/zverev-bajo-presion-tras-su-derrota-en-londres\\\/#listItem\",\"position\":3,\"name\":\"Zverev \\u00abbajo presi\\u00f3n\\u00bb tras su derrota en Londres\",\"previousItem\":{\"@type\":\"ListItem\",\"@id\":\"https:\\\/\\\/candas365.es\\\/noticias\\\/category\\\/deporte\\\/#listItem\",\"name\":\"Deporte\"}}]},{\"@type\":\"NewsArticle\",\"@id\":\"https:\\\/\\\/candas365.es\\\/noticias\\\/zverev-bajo-presion-tras-su-derrota-en-londres\\\/#newsarticle\",\"name\":\"Zverev \\\"bajo presi\\u00f3n\\\" tras su derrota en Londres | Cand\\u00e1s 365\",\"headline\":\"Zverev \\u00abbajo presi\\u00f3n\\u00bb tras su derrota en Londres\",\"author\":{\"@id\":\"https:\\\/\\\/candas365.es\\\/noticias\\\/author\\\/admin\\\/#author\"},\"publisher\":{\"@id\":\"https:\\\/\\\/candas365.es\\\/noticias\\\/#organization\"},\"image\":{\"@type\":\"ImageObject\",\"url\":\"https:\\\/\\\/candas365.es\\\/noticias\\\/wp-content\\\/uploads\\\/2020\\\/07\\\/tennis-923659_640.jpg\",\"width\":640,\"height\":480,\"caption\":\"tennis\"},\"datePublished\":\"2020-11-17T14:05:13+01:00\",\"dateModified\":\"2020-11-17T14:05:13+01:00\",\"inLanguage\":\"es-ES\",\"mainEntityOfPage\":{\"@id\":\"https:\\\/\\\/candas365.es\\\/noticias\\\/zverev-bajo-presion-tras-su-derrota-en-londres\\\/#webpage\"},\"isPartOf\":{\"@id\":\"https:\\\/\\\/candas365.es\\\/noticias\\\/zverev-bajo-presion-tras-su-derrota-en-londres\\\/#webpage\"},\"articleSection\":\"Deporte\",\"dateline\":\"Publicado el noviembre 17, 2020.\"},{\"@type\":\"Organization\",\"@id\":\"https:\\\/\\\/candas365.es\\\/noticias\\\/#organization\",\"name\":\"Cand\\u00e1s 365\",\"description\":\"Cand\\u00e1s 365 es un diario digital independiente, fundado en 2012, con base en Asturias. Informamos con rigor sobre actualidad, sociedad, cultura y ocio, con una mirada local y global.\",\"url\":\"https:\\\/\\\/candas365.es\\\/noticias\\\/\",\"email\":\"info@candas365.es\",\"telephone\":\"+34652131393\",\"foundingDate\":\"2012-06-10\",\"logo\":{\"@type\":\"ImageObject\",\"url\":\"https:\\\/\\\/candas365.es\\\/noticias\\\/wp-content\\\/uploads\\\/2024\\\/09\\\/Candas-365-Redes.jpg\",\"@id\":\"https:\\\/\\\/candas365.es\\\/noticias\\\/zverev-bajo-presion-tras-su-derrota-en-londres\\\/#organizationLogo\",\"width\":1152,\"height\":864,\"caption\":\"Cand\\u00e1s 365 Redes\"},\"image\":{\"@id\":\"https:\\\/\\\/candas365.es\\\/noticias\\\/zverev-bajo-presion-tras-su-derrota-en-londres\\\/#organizationLogo\"},\"sameAs\":[\"https:\\\/\\\/www.facebook.com\\\/Nachofdezber\",\"https:\\\/\\\/x.com\\\/NabercoDigital\",\"https:\\\/\\\/www.instagram.com\\\/nachofdezber\\\/\",\"https:\\\/\\\/www.youtube.com\\\/channel\\\/UCZP-2wLEB9Rv6erhFmqVnvg\"],\"address\":{\"@id\":\"https:\\\/\\\/candas365.es\\\/noticias\\\/#postaladdress\",\"@type\":\"PostalAddress\",\"streetAddress\":\"san antonio 4, san antonio 4\",\"postalCode\":\"33430\",\"addressLocality\":\"Cand\\u00e1s\",\"addressRegion\":\"Asturias\",\"addressCountry\":\"ES\"}},{\"@type\":\"Person\",\"@id\":\"https:\\\/\\\/candas365.es\\\/noticias\\\/author\\\/admin\\\/#author\",\"url\":\"https:\\\/\\\/candas365.es\\\/noticias\\\/author\\\/admin\\\/\",\"name\":\"Cand\\u00e1s 365\",\"image\":{\"@type\":\"ImageObject\",\"@id\":\"https:\\\/\\\/candas365.es\\\/noticias\\\/zverev-bajo-presion-tras-su-derrota-en-londres\\\/#authorImage\",\"url\":\"https:\\\/\\\/secure.gravatar.com\\\/avatar\\\/496a8e03d0c493ede1718b7934145dbdf8d89be1036b0eec9544e1094c9de390?s=96&d=mm&r=g\",\"width\":96,\"height\":96,\"caption\":\"Cand\\u00e1s 365\"},\"sameAs\":[\"https:\\\/\\\/www.facebook.com\\\/carrenoactualidad\",\"https:\\\/\\\/twitter.com\\\/nbasturias\",\"https:\\\/\\\/www.instagram.com\\\/nachofdezber\\\/\",\"https:\\\/\\\/www.youtube.com\\\/channel\\\/UCZP-2wLEB9Rv6erhFmqVnvg\"]},{\"@type\":\"WebPage\",\"@id\":\"https:\\\/\\\/candas365.es\\\/noticias\\\/zverev-bajo-presion-tras-su-derrota-en-londres\\\/#webpage\",\"url\":\"https:\\\/\\\/candas365.es\\\/noticias\\\/zverev-bajo-presion-tras-su-derrota-en-londres\\\/\",\"name\":\"Zverev \\\"bajo presi\\u00f3n\\\" tras su derrota en Londres | Cand\\u00e1s 365\",\"description\":\"El alem\\u00e1n Alexander Zverev se encuentra ahora bajo una enorme presi\\u00f3n tras su clara derrota inicial contra el ruso Daniil Medvedev.\",\"inLanguage\":\"es-ES\",\"isPartOf\":{\"@id\":\"https:\\\/\\\/candas365.es\\\/noticias\\\/#website\"},\"breadcrumb\":{\"@id\":\"https:\\\/\\\/candas365.es\\\/noticias\\\/zverev-bajo-presion-tras-su-derrota-en-londres\\\/#breadcrumblist\"},\"author\":{\"@id\":\"https:\\\/\\\/candas365.es\\\/noticias\\\/author\\\/admin\\\/#author\"},\"creator\":{\"@id\":\"https:\\\/\\\/candas365.es\\\/noticias\\\/author\\\/admin\\\/#author\"},\"image\":{\"@type\":\"ImageObject\",\"url\":\"https:\\\/\\\/candas365.es\\\/noticias\\\/wp-content\\\/uploads\\\/2020\\\/07\\\/tennis-923659_640.jpg\",\"@id\":\"https:\\\/\\\/candas365.es\\\/noticias\\\/zverev-bajo-presion-tras-su-derrota-en-londres\\\/#mainImage\",\"width\":640,\"height\":480,\"caption\":\"tennis\"},\"primaryImageOfPage\":{\"@id\":\"https:\\\/\\\/candas365.es\\\/noticias\\\/zverev-bajo-presion-tras-su-derrota-en-londres\\\/#mainImage\"},\"datePublished\":\"2020-11-17T14:05:13+01:00\",\"dateModified\":\"2020-11-17T14:05:13+01:00\"},{\"@type\":\"WebSite\",\"@id\":\"https:\\\/\\\/candas365.es\\\/noticias\\\/#website\",\"url\":\"https:\\\/\\\/candas365.es\\\/noticias\\\/\",\"name\":\"Cand\\u00e1s 365\",\"alternateName\":\"Cand\\u00e1s 365 Noticias\",\"description\":\"Actualidad desde Carre\\u00f1o para el mundo\",\"inLanguage\":\"es-ES\",\"publisher\":{\"@id\":\"https:\\\/\\\/candas365.es\\\/noticias\\\/#organization\"}}]}\n\t\t<\/script>\n\t\t<!-- All in One SEO Pro -->\r\n\t\t<title>Zverev &quot;bajo presi\u00f3n&quot; tras su derrota en Londres | Cand\u00e1s 365<\/title>\n\n","aioseo_head_json":{"title":"Zverev \"bajo presi\u00f3n\" tras su derrota en Londres | Cand\u00e1s 365","description":"El alem\u00e1n Alexander Zverev se encuentra ahora bajo una enorme presi\u00f3n tras su clara derrota inicial contra el ruso Daniil Medvedev.","canonical_url":"https:\/\/candas365.es\/noticias\/zverev-bajo-presion-tras-su-derrota-en-londres\/","robots":"max-image-preview:large","keywords":"deportes,deporte","webmasterTools":{"google-site-verification":"UA-32230408-1","msvalidate.01":"354F3CDFB2DA171B47FBE9ABF1F88D5","miscellaneous":""},"schema":{"@context":"https:\/\/schema.org","@graph":[{"@type":"BreadcrumbList","@id":"https:\/\/candas365.es\/noticias\/zverev-bajo-presion-tras-su-derrota-en-londres\/#breadcrumblist","itemListElement":[{"@type":"ListItem","@id":"https:\/\/candas365.es\/noticias#listItem","position":1,"name":"Home","item":"https:\/\/candas365.es\/noticias","nextItem":{"@type":"ListItem","@id":"https:\/\/candas365.es\/noticias\/category\/deporte\/#listItem","name":"Deporte"}},{"@type":"ListItem","@id":"https:\/\/candas365.es\/noticias\/category\/deporte\/#listItem","position":2,"name":"Deporte","item":"https:\/\/candas365.es\/noticias\/category\/deporte\/","nextItem":{"@type":"ListItem","@id":"https:\/\/candas365.es\/noticias\/zverev-bajo-presion-tras-su-derrota-en-londres\/#listItem","name":"Zverev \u00abbajo presi\u00f3n\u00bb tras su derrota en Londres"},"previousItem":{"@type":"ListItem","@id":"https:\/\/candas365.es\/noticias#listItem","name":"Home"}},{"@type":"ListItem","@id":"https:\/\/candas365.es\/noticias\/zverev-bajo-presion-tras-su-derrota-en-londres\/#listItem","position":3,"name":"Zverev \u00abbajo presi\u00f3n\u00bb tras su derrota en Londres","previousItem":{"@type":"ListItem","@id":"https:\/\/candas365.es\/noticias\/category\/deporte\/#listItem","name":"Deporte"}}]},{"@type":"NewsArticle","@id":"https:\/\/candas365.es\/noticias\/zverev-bajo-presion-tras-su-derrota-en-londres\/#newsarticle","name":"Zverev \"bajo presi\u00f3n\" tras su derrota en Londres | Cand\u00e1s 365","headline":"Zverev \u00abbajo presi\u00f3n\u00bb tras su derrota en Londres","author":{"@id":"https:\/\/candas365.es\/noticias\/author\/admin\/#author"},"publisher":{"@id":"https:\/\/candas365.es\/noticias\/#organization"},"image":{"@type":"ImageObject","url":"https:\/\/candas365.es\/noticias\/wp-content\/uploads\/2020\/07\/tennis-923659_640.jpg","width":640,"height":480,"caption":"tennis"},"datePublished":"2020-11-17T14:05:13+01:00","dateModified":"2020-11-17T14:05:13+01:00","inLanguage":"es-ES","mainEntityOfPage":{"@id":"https:\/\/candas365.es\/noticias\/zverev-bajo-presion-tras-su-derrota-en-londres\/#webpage"},"isPartOf":{"@id":"https:\/\/candas365.es\/noticias\/zverev-bajo-presion-tras-su-derrota-en-londres\/#webpage"},"articleSection":"Deporte","dateline":"Publicado el noviembre 17, 2020."},{"@type":"Organization","@id":"https:\/\/candas365.es\/noticias\/#organization","name":"Cand\u00e1s 365","description":"Cand\u00e1s 365 es un diario digital independiente, fundado en 2012, con base en Asturias. Informamos con rigor sobre actualidad, sociedad, cultura y ocio, con una mirada local y global.","url":"https:\/\/candas365.es\/noticias\/","email":"info@candas365.es","telephone":"+34652131393","foundingDate":"2012-06-10","logo":{"@type":"ImageObject","url":"https:\/\/candas365.es\/noticias\/wp-content\/uploads\/2024\/09\/Candas-365-Redes.jpg","@id":"https:\/\/candas365.es\/noticias\/zverev-bajo-presion-tras-su-derrota-en-londres\/#organizationLogo","width":1152,"height":864,"caption":"Cand\u00e1s 365 Redes"},"image":{"@id":"https:\/\/candas365.es\/noticias\/zverev-bajo-presion-tras-su-derrota-en-londres\/#organizationLogo"},"sameAs":["https:\/\/www.facebook.com\/Nachofdezber","https:\/\/x.com\/NabercoDigital","https:\/\/www.instagram.com\/nachofdezber\/","https:\/\/www.youtube.com\/channel\/UCZP-2wLEB9Rv6erhFmqVnvg"],"address":{"@id":"https:\/\/candas365.es\/noticias\/#postaladdress","@type":"PostalAddress","streetAddress":"san antonio 4, san antonio 4","postalCode":"33430","addressLocality":"Cand\u00e1s","addressRegion":"Asturias","addressCountry":"ES"}},{"@type":"Person","@id":"https:\/\/candas365.es\/noticias\/author\/admin\/#author","url":"https:\/\/candas365.es\/noticias\/author\/admin\/","name":"Cand\u00e1s 365","image":{"@type":"ImageObject","@id":"https:\/\/candas365.es\/noticias\/zverev-bajo-presion-tras-su-derrota-en-londres\/#authorImage","url":"https:\/\/secure.gravatar.com\/avatar\/496a8e03d0c493ede1718b7934145dbdf8d89be1036b0eec9544e1094c9de390?s=96&d=mm&r=g","width":96,"height":96,"caption":"Cand\u00e1s 365"},"sameAs":["https:\/\/www.facebook.com\/carrenoactualidad","https:\/\/twitter.com\/nbasturias","https:\/\/www.instagram.com\/nachofdezber\/","https:\/\/www.youtube.com\/channel\/UCZP-2wLEB9Rv6erhFmqVnvg"]},{"@type":"WebPage","@id":"https:\/\/candas365.es\/noticias\/zverev-bajo-presion-tras-su-derrota-en-londres\/#webpage","url":"https:\/\/candas365.es\/noticias\/zverev-bajo-presion-tras-su-derrota-en-londres\/","name":"Zverev \"bajo presi\u00f3n\" tras su derrota en Londres | Cand\u00e1s 365","description":"El alem\u00e1n Alexander Zverev se encuentra ahora bajo una enorme presi\u00f3n tras su clara derrota inicial contra el ruso Daniil Medvedev.","inLanguage":"es-ES","isPartOf":{"@id":"https:\/\/candas365.es\/noticias\/#website"},"breadcrumb":{"@id":"https:\/\/candas365.es\/noticias\/zverev-bajo-presion-tras-su-derrota-en-londres\/#breadcrumblist"},"author":{"@id":"https:\/\/candas365.es\/noticias\/author\/admin\/#author"},"creator":{"@id":"https:\/\/candas365.es\/noticias\/author\/admin\/#author"},"image":{"@type":"ImageObject","url":"https:\/\/candas365.es\/noticias\/wp-content\/uploads\/2020\/07\/tennis-923659_640.jpg","@id":"https:\/\/candas365.es\/noticias\/zverev-bajo-presion-tras-su-derrota-en-londres\/#mainImage","width":640,"height":480,"caption":"tennis"},"primaryImageOfPage":{"@id":"https:\/\/candas365.es\/noticias\/zverev-bajo-presion-tras-su-derrota-en-londres\/#mainImage"},"datePublished":"2020-11-17T14:05:13+01:00","dateModified":"2020-11-17T14:05:13+01:00"},{"@type":"WebSite","@id":"https:\/\/candas365.es\/noticias\/#website","url":"https:\/\/candas365.es\/noticias\/","name":"Cand\u00e1s 365","alternateName":"Cand\u00e1s 365 Noticias","description":"Actualidad desde Carre\u00f1o para el mundo","inLanguage":"es-ES","publisher":{"@id":"https:\/\/candas365.es\/noticias\/#organization"}}]},"og:locale":"es_ES","og:site_name":"Cand\u00e1s 365","og:type":"article","og:title":"Zverev &quot;bajo presi\u00f3n&quot; tras su derrota en Londres | Cand\u00e1s 365","og:description":"El alem\u00e1n Alexander Zverev se encuentra ahora bajo una enorme presi\u00f3n tras su clara derrota inicial contra el ruso Daniil Medvedev.","og:url":"https:\/\/candas365.es\/noticias\/zverev-bajo-presion-tras-su-derrota-en-londres\/","og:image":"https:\/\/candas365.es\/noticias\/wp-content\/uploads\/2020\/07\/tennis-923659_640.jpg","og:image:secure_url":"https:\/\/candas365.es\/noticias\/wp-content\/uploads\/2020\/07\/tennis-923659_640.jpg","og:image:width":640,"og:image:height":480,"article:published_time":"2020-11-17T14:05:13+00:00","article:modified_time":"2020-11-17T14:05:13+00:00","article:publisher":"https:\/\/www.facebook.com\/Nachofdezber","article:author":"https:\/\/www.facebook.com\/carrenoactualidad","twitter:card":"summary_large_image","twitter:site":"@NabercoDigital","twitter:title":"Zverev &quot;bajo presi\u00f3n&quot; tras su derrota en Londres | Cand\u00e1s 365","twitter:description":"El alem\u00e1n Alexander Zverev se encuentra ahora bajo una enorme presi\u00f3n tras su clara derrota inicial contra el ruso Daniil Medvedev.","twitter:creator":"@nbasturias","twitter:image":"https:\/\/candas365.es\/noticias\/wp-content\/uploads\/2020\/07\/tennis-923659_640.jpg","twitter:label1":"Escrito por","twitter:data1":"Cand\u00e1s 365","twitter:label2":"Tiempo de lectura estimado","twitter:data2":"2 minutos"},"aioseo_meta_data":{"post_id":"148390","title":"Zverev &quot;bajo presi\u00f3n&quot; tras su derrota en Londres | #site_title","description":"El alem\u00e1n Alexander Zverev se encuentra ahora bajo una enorme presi\u00f3n tras su clara derrota inicial contra el ruso Daniil Medvedev.","keywords":[{"label":"Deportes","value":"Deportes"}],"keyphrases":null,"primary_term":null,"canonical_url":"","og_title":null,"og_description":null,"og_object_type":"default","og_image_type":"default","og_image_url":null,"og_image_width":null,"og_image_height":null,"og_image_custom_url":null,"og_image_custom_fields":null,"og_video":null,"og_custom_url":null,"og_article_section":null,"og_article_tags":null,"twitter_use_og":false,"twitter_card":"default","twitter_image_type":"default","twitter_image_url":null,"twitter_image_custom_url":null,"twitter_image_custom_fields":null,"twitter_title":null,"twitter_description":null,"schema":{"blockGraphs":[],"customGraphs":[],"default":{"data":{"Article":[],"Course":[],"Dataset":[],"FAQPage":[],"Movie":[],"Person":[],"Product":[],"ProductReview":[],"Car":[],"Recipe":[],"Service":[],"SoftwareApplication":[],"WebPage":[]},"graphName":"","isEnabled":true},"graphs":[],"defaultGraph":"","defaultPostTypeGraph":""},"schema_type":null,"schema_type_options":null,"pillar_content":false,"robots_default":true,"robots_noindex":false,"robots_noarchive":false,"robots_nosnippet":false,"robots_nofollow":false,"robots_noimageindex":false,"robots_noodp":false,"robots_notranslate":false,"robots_max_snippet":null,"robots_max_videopreview":null,"robots_max_imagepreview":"large","priority":null,"frequency":null,"location":null,"local_seo":null,"seo_analyzer_scan_date":"2025-08-31 13:27:33","breadcrumb_settings":null,"limit_modified_date":false,"reviewed_by":null,"open_ai":null,"ai":null,"created":"2020-12-21 10:38:24","updated":"2025-08-31 13:27:33"},"aioseo_breadcrumb":"<div class=\"aioseo-breadcrumbs\"><span class=\"aioseo-breadcrumb\">\n\t<a href=\"https:\/\/candas365.es\/noticias\" title=\"Home\">Home<\/a>\n<\/span><span class=\"aioseo-breadcrumb-separator\">&ndash;<\/span><span class=\"aioseo-breadcrumb\">\n\t<a href=\"https:\/\/candas365.es\/noticias\/category\/deporte\/\" title=\"Deporte\">Deporte<\/a>\n<\/span><span class=\"aioseo-breadcrumb-separator\">&ndash;<\/span><span class=\"aioseo-breadcrumb\">\n\tZverev \u00abbajo presi\u00f3n\u00bb tras su derrota en Londres\n<\/span><\/div>","aioseo_breadcrumb_json":[{"label":"Home","link":"https:\/\/candas365.es\/noticias"},{"label":"Deporte","link":"https:\/\/candas365.es\/noticias\/category\/deporte\/"},{"label":"Zverev \u00abbajo presi\u00f3n\u00bb tras su derrota en Londres","link":"https:\/\/candas365.es\/noticias\/zverev-bajo-presion-tras-su-derrota-en-londres\/"}],"_links":{"self":[{"href":"https:\/\/candas365.es\/noticias\/wp-json\/wp\/v2\/posts\/148390","targetHints":{"allow":["GET"]}}],"collection":[{"href":"https:\/\/candas365.es\/noticias\/wp-json\/wp\/v2\/posts"}],"about":[{"href":"https:\/\/candas365.es\/noticias\/wp-json\/wp\/v2\/types\/post"}],"author":[{"embeddable":true,"href":"https:\/\/candas365.es\/noticias\/wp-json\/wp\/v2\/users\/1"}],"replies":[{"embeddable":true,"href":"https:\/\/candas365.es\/noticias\/wp-json\/wp\/v2\/comments?post=148390"}],"version-history":[{"count":0,"href":"https:\/\/candas365.es\/noticias\/wp-json\/wp\/v2\/posts\/148390\/revisions"}],"wp:featuredmedia":[{"embeddable":true,"href":"https:\/\/candas365.es\/noticias\/wp-json\/wp\/v2\/media\/144500"}],"wp:attachment":[{"href":"https:\/\/candas365.es\/noticias\/wp-json\/wp\/v2\/media?parent=148390"}],"wp:term":[{"taxonomy":"category","embeddable":true,"href":"https:\/\/candas365.es\/noticias\/wp-json\/wp\/v2\/categories?post=148390"},{"taxonomy":"post_tag","embeddable":true,"href":"https:\/\/candas365.es\/noticias\/wp-json\/wp\/v2\/tags?post=148390"}],"curies":[{"name":"wp","href":"https:\/\/api.w.org\/{rel}","templated":true}]}}