{"id":148298,"date":"2020-11-15T23:18:22","date_gmt":"2020-11-15T23:18:22","guid":{"rendered":"http:\/\/candas365.es\/noticias\/?p=148298"},"modified":"2020-11-15T23:18:22","modified_gmt":"2020-11-15T23:18:22","slug":"neuer-alcanza-el-record-de-sepp-maier","status":"publish","type":"post","link":"https:\/\/candas365.es\/noticias\/neuer-alcanza-el-record-de-sepp-maier\/","title":{"rendered":"Neuer alcanza el r\u00e9cord de Sepp Maier"},"content":{"rendered":"<figure id=\"attachment_148299\" aria-describedby=\"caption-attachment-148299\" style=\"width: 360px\" class=\"wp-caption alignleft\"><img fetchpriority=\"high\" decoding=\"async\" class=\"size-medium wp-image-148299\" src=\"https:\/\/candas365.es\/noticias\/wp-content\/uploads\/2020\/11\/Neuer-360x251.jpg\" alt=\"Manuel Neuer\" width=\"360\" height=\"251\" srcset=\"https:\/\/candas365.es\/noticias\/wp-content\/uploads\/2020\/11\/Neuer-360x251.jpg 360w, https:\/\/candas365.es\/noticias\/wp-content\/uploads\/2020\/11\/Neuer-650x454.jpg 650w, https:\/\/candas365.es\/noticias\/wp-content\/uploads\/2020\/11\/Neuer-768x536.jpg 768w, https:\/\/candas365.es\/noticias\/wp-content\/uploads\/2020\/11\/Neuer.jpg 945w\" sizes=\"(max-width: 360px) 100vw, 360px\" \/><figcaption id=\"caption-attachment-148299\" class=\"wp-caption-text\">Foto: Robert Michael\/dpa-Zentralbild\/dpa<\/figcaption><\/figure>\n<p>Leipzig (Alemania), 15 nov (dpa) &#8211; El portero Manuel Neuer igual\u00f3 el s\u00e1bado la plusmarca que ostentaba hasta ahora Sepp Maier de 95 partidos con la selecci\u00f3n alemana de f\u00fatbol.<\/p>\n<p>\u00abPor supuesto que esto tiene un gran significado para m\u00ed\u00bb, coment\u00f3 el arquero y capit\u00e1n del once germano al t\u00e9rmino de la victoria de 3-1 sobre Ucrania por la Liga de Naciones.<\/p>\n<p>El portero del Bayern M\u00fanich, de 34 a\u00f1os, igual\u00f3 el r\u00e9cord establecido por Sepp Maier hace 41 a\u00f1os. \u00abDado que Sepp Maier es tambi\u00e9n un buen amigo y colega m\u00edo, es un gran honor haber igualado a tal leyenda\u00bb, explic\u00f3 Neuer.<\/p>\n<p>El campe\u00f3n del mundo de 2014 puede convertirse el martes en el partido contra Espa\u00f1a en el \u00fanico arquero alem\u00e1n en vestir la camiseta nacional en 96 encuentros.<\/p>\n<p>Neuer debut\u00f3 el 2 de junio de 2009 en un triunfo de 7-2 sobre los Emiratos \u00c1rabes Unidos.<\/p>\n","protected":false},"excerpt":{"rendered":"<p>Leipzig (Alemania), 15 nov (dpa) &#8211; El portero Manuel Neuer igual\u00f3 el s\u00e1bado la plusmarca que ostentaba hasta ahora Sepp Maier de 95 partidos con la selecci\u00f3n alemana de f\u00fatbol. \u00abPor supuesto que esto tiene un gran significado para m\u00ed\u00bb, coment\u00f3 el arquero y capit\u00e1n del once germano al t\u00e9rmino de la victoria de 3-1<\/p>\n","protected":false},"author":1,"featured_media":148299,"comment_status":"closed","ping_status":"closed","sticky":false,"template":"","format":"standard","meta":{"footnotes":""},"categories":[319],"tags":[],"class_list":{"0":"post-148298","1":"post","2":"type-post","3":"status-publish","4":"format-standard","5":"has-post-thumbnail","7":"category-deporte"},"aioseo_notices":[],"aioseo_head":"\n\t\t<!-- All in One SEO Pro 4.9.6.2 - aioseo.com -->\n\t<meta name=\"description\" content=\"El portero Manuel Neuer igual\u00f3 el s\u00e1bado la plusmarca que ostentaba hasta ahora Sepp Maier de 95 partidos con la selecci\u00f3n alemana.\" \/>\n\t<meta name=\"robots\" content=\"max-image-preview:large\" \/>\n\t<meta name=\"author\" content=\"Cand\u00e1s 365\"\/>\n\t<meta name=\"google-site-verification\" content=\"UA-32230408-1\" \/>\n\t<meta name=\"msvalidate.01\" content=\"354F3CDFB2DA171B47FBE9ABF1F88D5\" \/>\n\t<meta name=\"keywords\" content=\"deportes,f\u00fatbol,deporte\" \/>\n\t<link rel=\"canonical\" href=\"https:\/\/candas365.es\/noticias\/neuer-alcanza-el-record-de-sepp-maier\/\" \/>\n\t<meta name=\"generator\" content=\"All in One SEO Pro (AIOSEO) 4.9.6.2\" \/>\n\t\t<meta property=\"og:locale\" content=\"es_ES\" \/>\n\t\t<meta property=\"og:site_name\" content=\"Cand\u00e1s 365\" \/>\n\t\t<meta property=\"og:type\" content=\"article\" \/>\n\t\t<meta property=\"og:title\" content=\"Neuer alcanza el r\u00e9cord de Sepp Maier | Cand\u00e1s 365\" \/>\n\t\t<meta property=\"og:description\" content=\"El portero Manuel Neuer igual\u00f3 el s\u00e1bado la plusmarca que ostentaba hasta ahora Sepp Maier de 95 partidos con la selecci\u00f3n alemana.\" \/>\n\t\t<meta property=\"og:url\" content=\"https:\/\/candas365.es\/noticias\/neuer-alcanza-el-record-de-sepp-maier\/\" \/>\n\t\t<meta property=\"og:image\" content=\"https:\/\/candas365.es\/noticias\/wp-content\/uploads\/2020\/11\/Neuer.jpg\" \/>\n\t\t<meta property=\"og:image:secure_url\" content=\"https:\/\/candas365.es\/noticias\/wp-content\/uploads\/2020\/11\/Neuer.jpg\" \/>\n\t\t<meta property=\"og:image:width\" content=\"945\" \/>\n\t\t<meta property=\"og:image:height\" content=\"660\" \/>\n\t\t<meta property=\"article:published_time\" content=\"2020-11-15T23:18:22+00:00\" \/>\n\t\t<meta property=\"article:modified_time\" content=\"2020-11-15T23:18:22+00:00\" \/>\n\t\t<meta property=\"article:publisher\" content=\"https:\/\/www.facebook.com\/Nachofdezber\" \/>\n\t\t<meta property=\"article:author\" content=\"https:\/\/www.facebook.com\/carrenoactualidad\" \/>\n\t\t<meta name=\"twitter:card\" content=\"summary_large_image\" \/>\n\t\t<meta name=\"twitter:site\" content=\"@NabercoDigital\" \/>\n\t\t<meta name=\"twitter:title\" content=\"Neuer alcanza el r\u00e9cord de Sepp Maier | Cand\u00e1s 365\" \/>\n\t\t<meta name=\"twitter:description\" content=\"El portero Manuel Neuer igual\u00f3 el s\u00e1bado la plusmarca que ostentaba hasta ahora Sepp Maier de 95 partidos con la selecci\u00f3n alemana.\" \/>\n\t\t<meta name=\"twitter:creator\" content=\"@nbasturias\" \/>\n\t\t<meta name=\"twitter:image\" content=\"https:\/\/candas365.es\/noticias\/wp-content\/uploads\/2020\/11\/Neuer.jpg\" \/>\n\t\t<meta name=\"twitter:label1\" content=\"Escrito por\" \/>\n\t\t<meta name=\"twitter:data1\" content=\"Cand\u00e1s 365\" \/>\n\t\t<meta name=\"twitter:label2\" content=\"Tiempo de lectura estimado\" \/>\n\t\t<meta name=\"twitter:data2\" content=\"1 minuto\" \/>\n\t\t<script type=\"application\/ld+json\" class=\"aioseo-schema\">\n\t\t\t{\"@context\":\"https:\\\/\\\/schema.org\",\"@graph\":[{\"@type\":\"BreadcrumbList\",\"@id\":\"https:\\\/\\\/candas365.es\\\/noticias\\\/neuer-alcanza-el-record-de-sepp-maier\\\/#breadcrumblist\",\"itemListElement\":[{\"@type\":\"ListItem\",\"@id\":\"https:\\\/\\\/candas365.es\\\/noticias#listItem\",\"position\":1,\"name\":\"Home\",\"item\":\"https:\\\/\\\/candas365.es\\\/noticias\",\"nextItem\":{\"@type\":\"ListItem\",\"@id\":\"https:\\\/\\\/candas365.es\\\/noticias\\\/category\\\/deporte\\\/#listItem\",\"name\":\"Deporte\"}},{\"@type\":\"ListItem\",\"@id\":\"https:\\\/\\\/candas365.es\\\/noticias\\\/category\\\/deporte\\\/#listItem\",\"position\":2,\"name\":\"Deporte\",\"item\":\"https:\\\/\\\/candas365.es\\\/noticias\\\/category\\\/deporte\\\/\",\"nextItem\":{\"@type\":\"ListItem\",\"@id\":\"https:\\\/\\\/candas365.es\\\/noticias\\\/neuer-alcanza-el-record-de-sepp-maier\\\/#listItem\",\"name\":\"Neuer alcanza el r\\u00e9cord de Sepp Maier\"},\"previousItem\":{\"@type\":\"ListItem\",\"@id\":\"https:\\\/\\\/candas365.es\\\/noticias#listItem\",\"name\":\"Home\"}},{\"@type\":\"ListItem\",\"@id\":\"https:\\\/\\\/candas365.es\\\/noticias\\\/neuer-alcanza-el-record-de-sepp-maier\\\/#listItem\",\"position\":3,\"name\":\"Neuer alcanza el r\\u00e9cord de Sepp Maier\",\"previousItem\":{\"@type\":\"ListItem\",\"@id\":\"https:\\\/\\\/candas365.es\\\/noticias\\\/category\\\/deporte\\\/#listItem\",\"name\":\"Deporte\"}}]},{\"@type\":\"NewsArticle\",\"@id\":\"https:\\\/\\\/candas365.es\\\/noticias\\\/neuer-alcanza-el-record-de-sepp-maier\\\/#newsarticle\",\"name\":\"Neuer alcanza el r\\u00e9cord de Sepp Maier | Cand\\u00e1s 365\",\"headline\":\"Neuer alcanza el r\\u00e9cord de Sepp Maier\",\"author\":{\"@id\":\"https:\\\/\\\/candas365.es\\\/noticias\\\/author\\\/admin\\\/#author\"},\"publisher\":{\"@id\":\"https:\\\/\\\/candas365.es\\\/noticias\\\/#organization\"},\"image\":{\"@type\":\"ImageObject\",\"url\":\"https:\\\/\\\/candas365.es\\\/noticias\\\/wp-content\\\/uploads\\\/2020\\\/11\\\/Neuer.jpg\",\"width\":945,\"height\":660,\"caption\":\"Foto: Robert Michael\\\/dpa-Zentralbild\\\/dpa\"},\"datePublished\":\"2020-11-15T23:18:22+01:00\",\"dateModified\":\"2020-11-15T23:18:22+01:00\",\"inLanguage\":\"es-ES\",\"mainEntityOfPage\":{\"@id\":\"https:\\\/\\\/candas365.es\\\/noticias\\\/neuer-alcanza-el-record-de-sepp-maier\\\/#webpage\"},\"isPartOf\":{\"@id\":\"https:\\\/\\\/candas365.es\\\/noticias\\\/neuer-alcanza-el-record-de-sepp-maier\\\/#webpage\"},\"articleSection\":\"Deporte\",\"dateline\":\"Publicado el noviembre 15, 2020.\"},{\"@type\":\"Organization\",\"@id\":\"https:\\\/\\\/candas365.es\\\/noticias\\\/#organization\",\"name\":\"Cand\\u00e1s 365\",\"description\":\"Cand\\u00e1s 365 es un diario digital independiente, fundado en 2012, con base en Asturias. Informamos con rigor sobre actualidad, sociedad, cultura y ocio, con una mirada local y global.\",\"url\":\"https:\\\/\\\/candas365.es\\\/noticias\\\/\",\"email\":\"info@candas365.es\",\"telephone\":\"+34652131393\",\"foundingDate\":\"2012-06-10\",\"logo\":{\"@type\":\"ImageObject\",\"url\":\"https:\\\/\\\/candas365.es\\\/noticias\\\/wp-content\\\/uploads\\\/2024\\\/09\\\/Candas-365-Redes.jpg\",\"@id\":\"https:\\\/\\\/candas365.es\\\/noticias\\\/neuer-alcanza-el-record-de-sepp-maier\\\/#organizationLogo\",\"width\":1152,\"height\":864,\"caption\":\"Cand\\u00e1s 365 Redes\"},\"image\":{\"@id\":\"https:\\\/\\\/candas365.es\\\/noticias\\\/neuer-alcanza-el-record-de-sepp-maier\\\/#organizationLogo\"},\"sameAs\":[\"https:\\\/\\\/www.facebook.com\\\/Nachofdezber\",\"https:\\\/\\\/x.com\\\/NabercoDigital\",\"https:\\\/\\\/www.instagram.com\\\/nachofdezber\\\/\",\"https:\\\/\\\/www.youtube.com\\\/channel\\\/UCZP-2wLEB9Rv6erhFmqVnvg\"],\"address\":{\"@id\":\"https:\\\/\\\/candas365.es\\\/noticias\\\/#postaladdress\",\"@type\":\"PostalAddress\",\"streetAddress\":\"san antonio 4, san antonio 4\",\"postalCode\":\"33430\",\"addressLocality\":\"Cand\\u00e1s\",\"addressRegion\":\"Asturias\",\"addressCountry\":\"ES\"}},{\"@type\":\"Person\",\"@id\":\"https:\\\/\\\/candas365.es\\\/noticias\\\/author\\\/admin\\\/#author\",\"url\":\"https:\\\/\\\/candas365.es\\\/noticias\\\/author\\\/admin\\\/\",\"name\":\"Cand\\u00e1s 365\",\"image\":{\"@type\":\"ImageObject\",\"@id\":\"https:\\\/\\\/candas365.es\\\/noticias\\\/neuer-alcanza-el-record-de-sepp-maier\\\/#authorImage\",\"url\":\"https:\\\/\\\/secure.gravatar.com\\\/avatar\\\/496a8e03d0c493ede1718b7934145dbdf8d89be1036b0eec9544e1094c9de390?s=96&d=mm&r=g\",\"width\":96,\"height\":96,\"caption\":\"Cand\\u00e1s 365\"},\"sameAs\":[\"https:\\\/\\\/www.facebook.com\\\/carrenoactualidad\",\"https:\\\/\\\/twitter.com\\\/nbasturias\",\"https:\\\/\\\/www.instagram.com\\\/nachofdezber\\\/\",\"https:\\\/\\\/www.youtube.com\\\/channel\\\/UCZP-2wLEB9Rv6erhFmqVnvg\"]},{\"@type\":\"WebPage\",\"@id\":\"https:\\\/\\\/candas365.es\\\/noticias\\\/neuer-alcanza-el-record-de-sepp-maier\\\/#webpage\",\"url\":\"https:\\\/\\\/candas365.es\\\/noticias\\\/neuer-alcanza-el-record-de-sepp-maier\\\/\",\"name\":\"Neuer alcanza el r\\u00e9cord de Sepp Maier | Cand\\u00e1s 365\",\"description\":\"El portero Manuel Neuer igual\\u00f3 el s\\u00e1bado la plusmarca que ostentaba hasta ahora Sepp Maier de 95 partidos con la selecci\\u00f3n alemana.\",\"inLanguage\":\"es-ES\",\"isPartOf\":{\"@id\":\"https:\\\/\\\/candas365.es\\\/noticias\\\/#website\"},\"breadcrumb\":{\"@id\":\"https:\\\/\\\/candas365.es\\\/noticias\\\/neuer-alcanza-el-record-de-sepp-maier\\\/#breadcrumblist\"},\"author\":{\"@id\":\"https:\\\/\\\/candas365.es\\\/noticias\\\/author\\\/admin\\\/#author\"},\"creator\":{\"@id\":\"https:\\\/\\\/candas365.es\\\/noticias\\\/author\\\/admin\\\/#author\"},\"image\":{\"@type\":\"ImageObject\",\"url\":\"https:\\\/\\\/candas365.es\\\/noticias\\\/wp-content\\\/uploads\\\/2020\\\/11\\\/Neuer.jpg\",\"@id\":\"https:\\\/\\\/candas365.es\\\/noticias\\\/neuer-alcanza-el-record-de-sepp-maier\\\/#mainImage\",\"width\":945,\"height\":660,\"caption\":\"Foto: Robert Michael\\\/dpa-Zentralbild\\\/dpa\"},\"primaryImageOfPage\":{\"@id\":\"https:\\\/\\\/candas365.es\\\/noticias\\\/neuer-alcanza-el-record-de-sepp-maier\\\/#mainImage\"},\"datePublished\":\"2020-11-15T23:18:22+01:00\",\"dateModified\":\"2020-11-15T23:18:22+01:00\"},{\"@type\":\"WebSite\",\"@id\":\"https:\\\/\\\/candas365.es\\\/noticias\\\/#website\",\"url\":\"https:\\\/\\\/candas365.es\\\/noticias\\\/\",\"name\":\"Cand\\u00e1s 365\",\"alternateName\":\"Cand\\u00e1s 365 Noticias\",\"description\":\"Actualidad desde Carre\\u00f1o para el mundo\",\"inLanguage\":\"es-ES\",\"publisher\":{\"@id\":\"https:\\\/\\\/candas365.es\\\/noticias\\\/#organization\"}}]}\n\t\t<\/script>\n\t\t<!-- All in One SEO Pro -->\r\n\t\t<title>Neuer alcanza el r\u00e9cord de Sepp Maier | Cand\u00e1s 365<\/title>\n\n","aioseo_head_json":{"title":"Neuer alcanza el r\u00e9cord de Sepp Maier | Cand\u00e1s 365","description":"El portero Manuel Neuer igual\u00f3 el s\u00e1bado la plusmarca que ostentaba hasta ahora Sepp Maier de 95 partidos con la selecci\u00f3n alemana.","canonical_url":"https:\/\/candas365.es\/noticias\/neuer-alcanza-el-record-de-sepp-maier\/","robots":"max-image-preview:large","keywords":"deportes,f\u00fatbol,deporte","webmasterTools":{"google-site-verification":"UA-32230408-1","msvalidate.01":"354F3CDFB2DA171B47FBE9ABF1F88D5","miscellaneous":""},"schema":{"@context":"https:\/\/schema.org","@graph":[{"@type":"BreadcrumbList","@id":"https:\/\/candas365.es\/noticias\/neuer-alcanza-el-record-de-sepp-maier\/#breadcrumblist","itemListElement":[{"@type":"ListItem","@id":"https:\/\/candas365.es\/noticias#listItem","position":1,"name":"Home","item":"https:\/\/candas365.es\/noticias","nextItem":{"@type":"ListItem","@id":"https:\/\/candas365.es\/noticias\/category\/deporte\/#listItem","name":"Deporte"}},{"@type":"ListItem","@id":"https:\/\/candas365.es\/noticias\/category\/deporte\/#listItem","position":2,"name":"Deporte","item":"https:\/\/candas365.es\/noticias\/category\/deporte\/","nextItem":{"@type":"ListItem","@id":"https:\/\/candas365.es\/noticias\/neuer-alcanza-el-record-de-sepp-maier\/#listItem","name":"Neuer alcanza el r\u00e9cord de Sepp Maier"},"previousItem":{"@type":"ListItem","@id":"https:\/\/candas365.es\/noticias#listItem","name":"Home"}},{"@type":"ListItem","@id":"https:\/\/candas365.es\/noticias\/neuer-alcanza-el-record-de-sepp-maier\/#listItem","position":3,"name":"Neuer alcanza el r\u00e9cord de Sepp Maier","previousItem":{"@type":"ListItem","@id":"https:\/\/candas365.es\/noticias\/category\/deporte\/#listItem","name":"Deporte"}}]},{"@type":"NewsArticle","@id":"https:\/\/candas365.es\/noticias\/neuer-alcanza-el-record-de-sepp-maier\/#newsarticle","name":"Neuer alcanza el r\u00e9cord de Sepp Maier | Cand\u00e1s 365","headline":"Neuer alcanza el r\u00e9cord de Sepp Maier","author":{"@id":"https:\/\/candas365.es\/noticias\/author\/admin\/#author"},"publisher":{"@id":"https:\/\/candas365.es\/noticias\/#organization"},"image":{"@type":"ImageObject","url":"https:\/\/candas365.es\/noticias\/wp-content\/uploads\/2020\/11\/Neuer.jpg","width":945,"height":660,"caption":"Foto: Robert Michael\/dpa-Zentralbild\/dpa"},"datePublished":"2020-11-15T23:18:22+01:00","dateModified":"2020-11-15T23:18:22+01:00","inLanguage":"es-ES","mainEntityOfPage":{"@id":"https:\/\/candas365.es\/noticias\/neuer-alcanza-el-record-de-sepp-maier\/#webpage"},"isPartOf":{"@id":"https:\/\/candas365.es\/noticias\/neuer-alcanza-el-record-de-sepp-maier\/#webpage"},"articleSection":"Deporte","dateline":"Publicado el noviembre 15, 2020."},{"@type":"Organization","@id":"https:\/\/candas365.es\/noticias\/#organization","name":"Cand\u00e1s 365","description":"Cand\u00e1s 365 es un diario digital independiente, fundado en 2012, con base en Asturias. Informamos con rigor sobre actualidad, sociedad, cultura y ocio, con una mirada local y global.","url":"https:\/\/candas365.es\/noticias\/","email":"info@candas365.es","telephone":"+34652131393","foundingDate":"2012-06-10","logo":{"@type":"ImageObject","url":"https:\/\/candas365.es\/noticias\/wp-content\/uploads\/2024\/09\/Candas-365-Redes.jpg","@id":"https:\/\/candas365.es\/noticias\/neuer-alcanza-el-record-de-sepp-maier\/#organizationLogo","width":1152,"height":864,"caption":"Cand\u00e1s 365 Redes"},"image":{"@id":"https:\/\/candas365.es\/noticias\/neuer-alcanza-el-record-de-sepp-maier\/#organizationLogo"},"sameAs":["https:\/\/www.facebook.com\/Nachofdezber","https:\/\/x.com\/NabercoDigital","https:\/\/www.instagram.com\/nachofdezber\/","https:\/\/www.youtube.com\/channel\/UCZP-2wLEB9Rv6erhFmqVnvg"],"address":{"@id":"https:\/\/candas365.es\/noticias\/#postaladdress","@type":"PostalAddress","streetAddress":"san antonio 4, san antonio 4","postalCode":"33430","addressLocality":"Cand\u00e1s","addressRegion":"Asturias","addressCountry":"ES"}},{"@type":"Person","@id":"https:\/\/candas365.es\/noticias\/author\/admin\/#author","url":"https:\/\/candas365.es\/noticias\/author\/admin\/","name":"Cand\u00e1s 365","image":{"@type":"ImageObject","@id":"https:\/\/candas365.es\/noticias\/neuer-alcanza-el-record-de-sepp-maier\/#authorImage","url":"https:\/\/secure.gravatar.com\/avatar\/496a8e03d0c493ede1718b7934145dbdf8d89be1036b0eec9544e1094c9de390?s=96&d=mm&r=g","width":96,"height":96,"caption":"Cand\u00e1s 365"},"sameAs":["https:\/\/www.facebook.com\/carrenoactualidad","https:\/\/twitter.com\/nbasturias","https:\/\/www.instagram.com\/nachofdezber\/","https:\/\/www.youtube.com\/channel\/UCZP-2wLEB9Rv6erhFmqVnvg"]},{"@type":"WebPage","@id":"https:\/\/candas365.es\/noticias\/neuer-alcanza-el-record-de-sepp-maier\/#webpage","url":"https:\/\/candas365.es\/noticias\/neuer-alcanza-el-record-de-sepp-maier\/","name":"Neuer alcanza el r\u00e9cord de Sepp Maier | Cand\u00e1s 365","description":"El portero Manuel Neuer igual\u00f3 el s\u00e1bado la plusmarca que ostentaba hasta ahora Sepp Maier de 95 partidos con la selecci\u00f3n alemana.","inLanguage":"es-ES","isPartOf":{"@id":"https:\/\/candas365.es\/noticias\/#website"},"breadcrumb":{"@id":"https:\/\/candas365.es\/noticias\/neuer-alcanza-el-record-de-sepp-maier\/#breadcrumblist"},"author":{"@id":"https:\/\/candas365.es\/noticias\/author\/admin\/#author"},"creator":{"@id":"https:\/\/candas365.es\/noticias\/author\/admin\/#author"},"image":{"@type":"ImageObject","url":"https:\/\/candas365.es\/noticias\/wp-content\/uploads\/2020\/11\/Neuer.jpg","@id":"https:\/\/candas365.es\/noticias\/neuer-alcanza-el-record-de-sepp-maier\/#mainImage","width":945,"height":660,"caption":"Foto: Robert Michael\/dpa-Zentralbild\/dpa"},"primaryImageOfPage":{"@id":"https:\/\/candas365.es\/noticias\/neuer-alcanza-el-record-de-sepp-maier\/#mainImage"},"datePublished":"2020-11-15T23:18:22+01:00","dateModified":"2020-11-15T23:18:22+01:00"},{"@type":"WebSite","@id":"https:\/\/candas365.es\/noticias\/#website","url":"https:\/\/candas365.es\/noticias\/","name":"Cand\u00e1s 365","alternateName":"Cand\u00e1s 365 Noticias","description":"Actualidad desde Carre\u00f1o para el mundo","inLanguage":"es-ES","publisher":{"@id":"https:\/\/candas365.es\/noticias\/#organization"}}]},"og:locale":"es_ES","og:site_name":"Cand\u00e1s 365","og:type":"article","og:title":"Neuer alcanza el r\u00e9cord de Sepp Maier | Cand\u00e1s 365","og:description":"El portero Manuel Neuer igual\u00f3 el s\u00e1bado la plusmarca que ostentaba hasta ahora Sepp Maier de 95 partidos con la selecci\u00f3n alemana.","og:url":"https:\/\/candas365.es\/noticias\/neuer-alcanza-el-record-de-sepp-maier\/","og:image":"https:\/\/candas365.es\/noticias\/wp-content\/uploads\/2020\/11\/Neuer.jpg","og:image:secure_url":"https:\/\/candas365.es\/noticias\/wp-content\/uploads\/2020\/11\/Neuer.jpg","og:image:width":945,"og:image:height":660,"article:published_time":"2020-11-15T23:18:22+00:00","article:modified_time":"2020-11-15T23:18:22+00:00","article:publisher":"https:\/\/www.facebook.com\/Nachofdezber","article:author":"https:\/\/www.facebook.com\/carrenoactualidad","twitter:card":"summary_large_image","twitter:site":"@NabercoDigital","twitter:title":"Neuer alcanza el r\u00e9cord de Sepp Maier | Cand\u00e1s 365","twitter:description":"El portero Manuel Neuer igual\u00f3 el s\u00e1bado la plusmarca que ostentaba hasta ahora Sepp Maier de 95 partidos con la selecci\u00f3n alemana.","twitter:creator":"@nbasturias","twitter:image":"https:\/\/candas365.es\/noticias\/wp-content\/uploads\/2020\/11\/Neuer.jpg","twitter:label1":"Escrito por","twitter:data1":"Cand\u00e1s 365","twitter:label2":"Tiempo de lectura estimado","twitter:data2":"1 minuto"},"aioseo_meta_data":{"post_id":"148298","title":"Neuer alcanza el r\u00e9cord de Sepp Maier | #site_title","description":"El portero Manuel Neuer igual\u00f3 el s\u00e1bado la plusmarca que ostentaba hasta ahora Sepp Maier de 95 partidos con la selecci\u00f3n alemana.","keywords":[{"label":"Deportes","value":"Deportes"},{"label":"F\u00fatbol","value":"F\u00fatbol"}],"keyphrases":null,"primary_term":null,"canonical_url":"","og_title":null,"og_description":null,"og_object_type":"default","og_image_type":"default","og_image_url":null,"og_image_width":null,"og_image_height":null,"og_image_custom_url":null,"og_image_custom_fields":null,"og_video":null,"og_custom_url":null,"og_article_section":null,"og_article_tags":null,"twitter_use_og":false,"twitter_card":"default","twitter_image_type":"default","twitter_image_url":null,"twitter_image_custom_url":null,"twitter_image_custom_fields":null,"twitter_title":null,"twitter_description":null,"schema":{"blockGraphs":[],"customGraphs":[],"default":{"data":{"Article":[],"Course":[],"Dataset":[],"FAQPage":[],"Movie":[],"Person":[],"Product":[],"ProductReview":[],"Car":[],"Recipe":[],"Service":[],"SoftwareApplication":[],"WebPage":[]},"graphName":"","isEnabled":true},"graphs":[]},"schema_type":null,"schema_type_options":null,"pillar_content":false,"robots_default":true,"robots_noindex":false,"robots_noarchive":false,"robots_nosnippet":false,"robots_nofollow":false,"robots_noimageindex":false,"robots_noodp":false,"robots_notranslate":false,"robots_max_snippet":null,"robots_max_videopreview":null,"robots_max_imagepreview":"large","priority":null,"frequency":null,"location":null,"local_seo":null,"seo_analyzer_scan_date":"2025-08-31 13:19:16","breadcrumb_settings":null,"limit_modified_date":false,"reviewed_by":null,"open_ai":null,"ai":null,"created":"2020-12-21 10:38:33","updated":"2025-08-31 13:19:16"},"aioseo_breadcrumb":"<div class=\"aioseo-breadcrumbs\"><span class=\"aioseo-breadcrumb\">\n\t<a href=\"https:\/\/candas365.es\/noticias\" title=\"Home\">Home<\/a>\n<\/span><span class=\"aioseo-breadcrumb-separator\">&ndash;<\/span><span class=\"aioseo-breadcrumb\">\n\t<a href=\"https:\/\/candas365.es\/noticias\/category\/deporte\/\" title=\"Deporte\">Deporte<\/a>\n<\/span><span class=\"aioseo-breadcrumb-separator\">&ndash;<\/span><span class=\"aioseo-breadcrumb\">\n\tNeuer alcanza el r\u00e9cord de Sepp Maier\n<\/span><\/div>","aioseo_breadcrumb_json":[{"label":"Home","link":"https:\/\/candas365.es\/noticias"},{"label":"Deporte","link":"https:\/\/candas365.es\/noticias\/category\/deporte\/"},{"label":"Neuer alcanza el r\u00e9cord de Sepp Maier","link":"https:\/\/candas365.es\/noticias\/neuer-alcanza-el-record-de-sepp-maier\/"}],"_links":{"self":[{"href":"https:\/\/candas365.es\/noticias\/wp-json\/wp\/v2\/posts\/148298","targetHints":{"allow":["GET"]}}],"collection":[{"href":"https:\/\/candas365.es\/noticias\/wp-json\/wp\/v2\/posts"}],"about":[{"href":"https:\/\/candas365.es\/noticias\/wp-json\/wp\/v2\/types\/post"}],"author":[{"embeddable":true,"href":"https:\/\/candas365.es\/noticias\/wp-json\/wp\/v2\/users\/1"}],"replies":[{"embeddable":true,"href":"https:\/\/candas365.es\/noticias\/wp-json\/wp\/v2\/comments?post=148298"}],"version-history":[{"count":0,"href":"https:\/\/candas365.es\/noticias\/wp-json\/wp\/v2\/posts\/148298\/revisions"}],"wp:featuredmedia":[{"embeddable":true,"href":"https:\/\/candas365.es\/noticias\/wp-json\/wp\/v2\/media\/148299"}],"wp:attachment":[{"href":"https:\/\/candas365.es\/noticias\/wp-json\/wp\/v2\/media?parent=148298"}],"wp:term":[{"taxonomy":"category","embeddable":true,"href":"https:\/\/candas365.es\/noticias\/wp-json\/wp\/v2\/categories?post=148298"},{"taxonomy":"post_tag","embeddable":true,"href":"https:\/\/candas365.es\/noticias\/wp-json\/wp\/v2\/tags?post=148298"}],"curies":[{"name":"wp","href":"https:\/\/api.w.org\/{rel}","templated":true}]}}