{"id":148296,"date":"2020-11-15T23:14:10","date_gmt":"2020-11-15T23:14:10","guid":{"rendered":"http:\/\/candas365.es\/noticias\/?p=148296"},"modified":"2020-11-15T23:14:10","modified_gmt":"2020-11-15T23:14:10","slug":"low-anuncia-cambios-para-el-partido-contra-espana","status":"publish","type":"post","link":"https:\/\/candas365.es\/noticias\/low-anuncia-cambios-para-el-partido-contra-espana\/","title":{"rendered":"L\u00f6w anuncia cambios para el partido contra Espa\u00f1a"},"content":{"rendered":"<p><img fetchpriority=\"high\" decoding=\"async\" class=\"alignleft size-medium wp-image-98026\" src=\"https:\/\/candas365.es\/noticias\/wp-content\/uploads\/2018\/06\/football-1406106_960_720-1-360x241.jpg\" alt=\"\" width=\"360\" height=\"241\" srcset=\"https:\/\/candas365.es\/noticias\/wp-content\/uploads\/2018\/06\/football-1406106_960_720-1-360x241.jpg 360w, https:\/\/candas365.es\/noticias\/wp-content\/uploads\/2018\/06\/football-1406106_960_720-1-768x514.jpg 768w, https:\/\/candas365.es\/noticias\/wp-content\/uploads\/2018\/06\/football-1406106_960_720-1-655x439.jpg 655w, https:\/\/candas365.es\/noticias\/wp-content\/uploads\/2018\/06\/football-1406106_960_720-1-696x466.jpg 696w, https:\/\/candas365.es\/noticias\/wp-content\/uploads\/2018\/06\/football-1406106_960_720-1-627x420.jpg 627w, https:\/\/candas365.es\/noticias\/wp-content\/uploads\/2018\/06\/football-1406106_960_720-1.jpg 960w\" sizes=\"(max-width: 360px) 100vw, 360px\" \/>Leipzig (Alemania), 15 nov (dpa) &#8211; Joachim L\u00f6w anunci\u00f3 cambios en la selecci\u00f3n alemana de f\u00fatbol en el \u00faltimo partido del grupo de la Liga de Naciones que los germanos jugar\u00e1n el martes en Sevilla contra Espa\u00f1a.<\/p>\n<p>Toni Kroos, que estuvo ausente por suspensi\u00f3n en la victoria por 3-1 sobre Ucrania el s\u00e1bado por la noche en Leipzig, volver\u00e1 a su puesto habitual en el mediocampo.<\/p>\n<p>\u00abToni volver\u00e1 definitivamente. Claro, \u00e9l es importante. Estar\u00e1 en la formaci\u00f3n inicial\u00bb, dijo L\u00f6w despu\u00e9s de que su plantel saltase al primer lugar del Grupo 4 de la Liga A. Agreg\u00f3 que tambi\u00e9n Ilkay G\u00fcndogan volver\u00e1 al centro del campo.<\/p>\n<p>L\u00f6w tendr\u00e1 que efectuar al menos un cambio en la l\u00ednea defensiva, ya que Antonio R\u00fcdiger est\u00e1 suspendido tras su segunda tarjeta amarilla en el partido contra Ucrania.<\/p>\n<p>Un empate en Sevilla bastar\u00eda para que el equipo alem\u00e1n se convirtiera en el primero de su grupo y se clasificara as\u00ed para el torneo final de la Liga de Naciones en octubre de 2021.<\/p>\n","protected":false},"excerpt":{"rendered":"<p>Leipzig (Alemania), 15 nov (dpa) &#8211; Joachim L\u00f6w anunci\u00f3 cambios en la selecci\u00f3n alemana de f\u00fatbol en el \u00faltimo partido del grupo de la Liga de Naciones que los germanos jugar\u00e1n el martes en Sevilla contra Espa\u00f1a. Toni Kroos, que estuvo ausente por suspensi\u00f3n en la victoria por 3-1 sobre Ucrania el s\u00e1bado por la<\/p>\n","protected":false},"author":1,"featured_media":98026,"comment_status":"closed","ping_status":"closed","sticky":false,"template":"","format":"standard","meta":{"footnotes":""},"categories":[319],"tags":[],"class_list":{"0":"post-148296","1":"post","2":"type-post","3":"status-publish","4":"format-standard","5":"has-post-thumbnail","7":"category-deporte"},"aioseo_notices":[],"aioseo_head":"\n\t\t<!-- All in One SEO Pro 4.9.6.2 - aioseo.com -->\n\t<meta name=\"description\" content=\"Joachim L\u00f6w anunci\u00f3 cambios en la selecci\u00f3n alemana de f\u00fatbol en el \u00faltimo partido del grupo de la Liga de Naciones.\" \/>\n\t<meta name=\"robots\" content=\"max-image-preview:large\" \/>\n\t<meta name=\"author\" content=\"Cand\u00e1s 365\"\/>\n\t<meta name=\"google-site-verification\" content=\"UA-32230408-1\" \/>\n\t<meta name=\"msvalidate.01\" content=\"354F3CDFB2DA171B47FBE9ABF1F88D5\" \/>\n\t<meta name=\"keywords\" content=\"deportes,f\u00fatbol,deporte\" \/>\n\t<link rel=\"canonical\" href=\"https:\/\/candas365.es\/noticias\/low-anuncia-cambios-para-el-partido-contra-espana\/\" \/>\n\t<meta name=\"generator\" content=\"All in One SEO Pro (AIOSEO) 4.9.6.2\" \/>\n\t\t<meta property=\"og:locale\" content=\"es_ES\" \/>\n\t\t<meta property=\"og:site_name\" content=\"Cand\u00e1s 365\" \/>\n\t\t<meta property=\"og:type\" content=\"article\" \/>\n\t\t<meta property=\"og:title\" content=\"L\u00f6w anuncia cambios para el partido contra Espa\u00f1a | Cand\u00e1s 365\" \/>\n\t\t<meta property=\"og:description\" content=\"Joachim L\u00f6w anunci\u00f3 cambios en la selecci\u00f3n alemana de f\u00fatbol en el \u00faltimo partido del grupo de la Liga de Naciones.\" \/>\n\t\t<meta property=\"og:url\" content=\"https:\/\/candas365.es\/noticias\/low-anuncia-cambios-para-el-partido-contra-espana\/\" \/>\n\t\t<meta property=\"og:image\" content=\"https:\/\/candas365.es\/noticias\/wp-content\/uploads\/2018\/06\/football-1406106_960_720-1.jpg\" \/>\n\t\t<meta property=\"og:image:secure_url\" content=\"https:\/\/candas365.es\/noticias\/wp-content\/uploads\/2018\/06\/football-1406106_960_720-1.jpg\" \/>\n\t\t<meta property=\"og:image:width\" content=\"960\" \/>\n\t\t<meta property=\"og:image:height\" content=\"643\" \/>\n\t\t<meta property=\"article:published_time\" content=\"2020-11-15T23:14:10+00:00\" \/>\n\t\t<meta property=\"article:modified_time\" content=\"2020-11-15T23:14:10+00:00\" \/>\n\t\t<meta property=\"article:publisher\" content=\"https:\/\/www.facebook.com\/Nachofdezber\" \/>\n\t\t<meta property=\"article:author\" content=\"https:\/\/www.facebook.com\/carrenoactualidad\" \/>\n\t\t<meta name=\"twitter:card\" content=\"summary_large_image\" \/>\n\t\t<meta name=\"twitter:site\" content=\"@NabercoDigital\" \/>\n\t\t<meta name=\"twitter:title\" content=\"L\u00f6w anuncia cambios para el partido contra Espa\u00f1a | Cand\u00e1s 365\" \/>\n\t\t<meta name=\"twitter:description\" content=\"Joachim L\u00f6w anunci\u00f3 cambios en la selecci\u00f3n alemana de f\u00fatbol en el \u00faltimo partido del grupo de la Liga de Naciones.\" \/>\n\t\t<meta name=\"twitter:creator\" content=\"@nbasturias\" \/>\n\t\t<meta name=\"twitter:image\" content=\"https:\/\/candas365.es\/noticias\/wp-content\/uploads\/2018\/06\/football-1406106_960_720-1.jpg\" \/>\n\t\t<meta name=\"twitter:label1\" content=\"Escrito por\" \/>\n\t\t<meta name=\"twitter:data1\" content=\"Cand\u00e1s 365\" \/>\n\t\t<meta name=\"twitter:label2\" content=\"Tiempo de lectura estimado\" \/>\n\t\t<meta name=\"twitter:data2\" content=\"1 minuto\" \/>\n\t\t<script type=\"application\/ld+json\" class=\"aioseo-schema\">\n\t\t\t{\"@context\":\"https:\\\/\\\/schema.org\",\"@graph\":[{\"@type\":\"BreadcrumbList\",\"@id\":\"https:\\\/\\\/candas365.es\\\/noticias\\\/low-anuncia-cambios-para-el-partido-contra-espana\\\/#breadcrumblist\",\"itemListElement\":[{\"@type\":\"ListItem\",\"@id\":\"https:\\\/\\\/candas365.es\\\/noticias#listItem\",\"position\":1,\"name\":\"Home\",\"item\":\"https:\\\/\\\/candas365.es\\\/noticias\",\"nextItem\":{\"@type\":\"ListItem\",\"@id\":\"https:\\\/\\\/candas365.es\\\/noticias\\\/category\\\/deporte\\\/#listItem\",\"name\":\"Deporte\"}},{\"@type\":\"ListItem\",\"@id\":\"https:\\\/\\\/candas365.es\\\/noticias\\\/category\\\/deporte\\\/#listItem\",\"position\":2,\"name\":\"Deporte\",\"item\":\"https:\\\/\\\/candas365.es\\\/noticias\\\/category\\\/deporte\\\/\",\"nextItem\":{\"@type\":\"ListItem\",\"@id\":\"https:\\\/\\\/candas365.es\\\/noticias\\\/low-anuncia-cambios-para-el-partido-contra-espana\\\/#listItem\",\"name\":\"L\\u00f6w anuncia cambios para el partido contra Espa\\u00f1a\"},\"previousItem\":{\"@type\":\"ListItem\",\"@id\":\"https:\\\/\\\/candas365.es\\\/noticias#listItem\",\"name\":\"Home\"}},{\"@type\":\"ListItem\",\"@id\":\"https:\\\/\\\/candas365.es\\\/noticias\\\/low-anuncia-cambios-para-el-partido-contra-espana\\\/#listItem\",\"position\":3,\"name\":\"L\\u00f6w anuncia cambios para el partido contra Espa\\u00f1a\",\"previousItem\":{\"@type\":\"ListItem\",\"@id\":\"https:\\\/\\\/candas365.es\\\/noticias\\\/category\\\/deporte\\\/#listItem\",\"name\":\"Deporte\"}}]},{\"@type\":\"NewsArticle\",\"@id\":\"https:\\\/\\\/candas365.es\\\/noticias\\\/low-anuncia-cambios-para-el-partido-contra-espana\\\/#newsarticle\",\"name\":\"L\\u00f6w anuncia cambios para el partido contra Espa\\u00f1a | Cand\\u00e1s 365\",\"headline\":\"L\\u00f6w anuncia cambios para el partido contra Espa\\u00f1a\",\"author\":{\"@id\":\"https:\\\/\\\/candas365.es\\\/noticias\\\/author\\\/admin\\\/#author\"},\"publisher\":{\"@id\":\"https:\\\/\\\/candas365.es\\\/noticias\\\/#organization\"},\"image\":{\"@type\":\"ImageObject\",\"url\":\"https:\\\/\\\/candas365.es\\\/noticias\\\/wp-content\\\/uploads\\\/2018\\\/06\\\/football-1406106_960_720-1.jpg\",\"width\":960,\"height\":643},\"datePublished\":\"2020-11-15T23:14:10+01:00\",\"dateModified\":\"2020-11-15T23:14:10+01:00\",\"inLanguage\":\"es-ES\",\"mainEntityOfPage\":{\"@id\":\"https:\\\/\\\/candas365.es\\\/noticias\\\/low-anuncia-cambios-para-el-partido-contra-espana\\\/#webpage\"},\"isPartOf\":{\"@id\":\"https:\\\/\\\/candas365.es\\\/noticias\\\/low-anuncia-cambios-para-el-partido-contra-espana\\\/#webpage\"},\"articleSection\":\"Deporte\",\"dateline\":\"Publicado el noviembre 15, 2020.\"},{\"@type\":\"Organization\",\"@id\":\"https:\\\/\\\/candas365.es\\\/noticias\\\/#organization\",\"name\":\"Cand\\u00e1s 365\",\"description\":\"Cand\\u00e1s 365 es un diario digital independiente, fundado en 2012, con base en Asturias. Informamos con rigor sobre actualidad, sociedad, cultura y ocio, con una mirada local y global.\",\"url\":\"https:\\\/\\\/candas365.es\\\/noticias\\\/\",\"email\":\"info@candas365.es\",\"telephone\":\"+34652131393\",\"foundingDate\":\"2012-06-10\",\"logo\":{\"@type\":\"ImageObject\",\"url\":\"https:\\\/\\\/candas365.es\\\/noticias\\\/wp-content\\\/uploads\\\/2024\\\/09\\\/Candas-365-Redes.jpg\",\"@id\":\"https:\\\/\\\/candas365.es\\\/noticias\\\/low-anuncia-cambios-para-el-partido-contra-espana\\\/#organizationLogo\",\"width\":1152,\"height\":864,\"caption\":\"Cand\\u00e1s 365 Redes\"},\"image\":{\"@id\":\"https:\\\/\\\/candas365.es\\\/noticias\\\/low-anuncia-cambios-para-el-partido-contra-espana\\\/#organizationLogo\"},\"sameAs\":[\"https:\\\/\\\/www.facebook.com\\\/Nachofdezber\",\"https:\\\/\\\/x.com\\\/NabercoDigital\",\"https:\\\/\\\/www.instagram.com\\\/nachofdezber\\\/\",\"https:\\\/\\\/www.youtube.com\\\/channel\\\/UCZP-2wLEB9Rv6erhFmqVnvg\"],\"address\":{\"@id\":\"https:\\\/\\\/candas365.es\\\/noticias\\\/#postaladdress\",\"@type\":\"PostalAddress\",\"streetAddress\":\"san antonio 4, san antonio 4\",\"postalCode\":\"33430\",\"addressLocality\":\"Cand\\u00e1s\",\"addressRegion\":\"Asturias\",\"addressCountry\":\"ES\"}},{\"@type\":\"Person\",\"@id\":\"https:\\\/\\\/candas365.es\\\/noticias\\\/author\\\/admin\\\/#author\",\"url\":\"https:\\\/\\\/candas365.es\\\/noticias\\\/author\\\/admin\\\/\",\"name\":\"Cand\\u00e1s 365\",\"image\":{\"@type\":\"ImageObject\",\"@id\":\"https:\\\/\\\/candas365.es\\\/noticias\\\/low-anuncia-cambios-para-el-partido-contra-espana\\\/#authorImage\",\"url\":\"https:\\\/\\\/secure.gravatar.com\\\/avatar\\\/496a8e03d0c493ede1718b7934145dbdf8d89be1036b0eec9544e1094c9de390?s=96&d=mm&r=g\",\"width\":96,\"height\":96,\"caption\":\"Cand\\u00e1s 365\"},\"sameAs\":[\"https:\\\/\\\/www.facebook.com\\\/carrenoactualidad\",\"https:\\\/\\\/twitter.com\\\/nbasturias\",\"https:\\\/\\\/www.instagram.com\\\/nachofdezber\\\/\",\"https:\\\/\\\/www.youtube.com\\\/channel\\\/UCZP-2wLEB9Rv6erhFmqVnvg\"]},{\"@type\":\"WebPage\",\"@id\":\"https:\\\/\\\/candas365.es\\\/noticias\\\/low-anuncia-cambios-para-el-partido-contra-espana\\\/#webpage\",\"url\":\"https:\\\/\\\/candas365.es\\\/noticias\\\/low-anuncia-cambios-para-el-partido-contra-espana\\\/\",\"name\":\"L\\u00f6w anuncia cambios para el partido contra Espa\\u00f1a | Cand\\u00e1s 365\",\"description\":\"Joachim L\\u00f6w anunci\\u00f3 cambios en la selecci\\u00f3n alemana de f\\u00fatbol en el \\u00faltimo partido del grupo de la Liga de Naciones.\",\"inLanguage\":\"es-ES\",\"isPartOf\":{\"@id\":\"https:\\\/\\\/candas365.es\\\/noticias\\\/#website\"},\"breadcrumb\":{\"@id\":\"https:\\\/\\\/candas365.es\\\/noticias\\\/low-anuncia-cambios-para-el-partido-contra-espana\\\/#breadcrumblist\"},\"author\":{\"@id\":\"https:\\\/\\\/candas365.es\\\/noticias\\\/author\\\/admin\\\/#author\"},\"creator\":{\"@id\":\"https:\\\/\\\/candas365.es\\\/noticias\\\/author\\\/admin\\\/#author\"},\"image\":{\"@type\":\"ImageObject\",\"url\":\"https:\\\/\\\/candas365.es\\\/noticias\\\/wp-content\\\/uploads\\\/2018\\\/06\\\/football-1406106_960_720-1.jpg\",\"@id\":\"https:\\\/\\\/candas365.es\\\/noticias\\\/low-anuncia-cambios-para-el-partido-contra-espana\\\/#mainImage\",\"width\":960,\"height\":643},\"primaryImageOfPage\":{\"@id\":\"https:\\\/\\\/candas365.es\\\/noticias\\\/low-anuncia-cambios-para-el-partido-contra-espana\\\/#mainImage\"},\"datePublished\":\"2020-11-15T23:14:10+01:00\",\"dateModified\":\"2020-11-15T23:14:10+01:00\"},{\"@type\":\"WebSite\",\"@id\":\"https:\\\/\\\/candas365.es\\\/noticias\\\/#website\",\"url\":\"https:\\\/\\\/candas365.es\\\/noticias\\\/\",\"name\":\"Cand\\u00e1s 365\",\"alternateName\":\"Cand\\u00e1s 365 Noticias\",\"description\":\"Actualidad desde Carre\\u00f1o para el mundo\",\"inLanguage\":\"es-ES\",\"publisher\":{\"@id\":\"https:\\\/\\\/candas365.es\\\/noticias\\\/#organization\"}}]}\n\t\t<\/script>\n\t\t<!-- All in One SEO Pro -->\r\n\t\t<title>L\u00f6w anuncia cambios para el partido contra Espa\u00f1a | Cand\u00e1s 365<\/title>\n\n","aioseo_head_json":{"title":"L\u00f6w anuncia cambios para el partido contra Espa\u00f1a | Cand\u00e1s 365","description":"Joachim L\u00f6w anunci\u00f3 cambios en la selecci\u00f3n alemana de f\u00fatbol en el \u00faltimo partido del grupo de la Liga de Naciones.","canonical_url":"https:\/\/candas365.es\/noticias\/low-anuncia-cambios-para-el-partido-contra-espana\/","robots":"max-image-preview:large","keywords":"deportes,f\u00fatbol,deporte","webmasterTools":{"google-site-verification":"UA-32230408-1","msvalidate.01":"354F3CDFB2DA171B47FBE9ABF1F88D5","miscellaneous":""},"schema":{"@context":"https:\/\/schema.org","@graph":[{"@type":"BreadcrumbList","@id":"https:\/\/candas365.es\/noticias\/low-anuncia-cambios-para-el-partido-contra-espana\/#breadcrumblist","itemListElement":[{"@type":"ListItem","@id":"https:\/\/candas365.es\/noticias#listItem","position":1,"name":"Home","item":"https:\/\/candas365.es\/noticias","nextItem":{"@type":"ListItem","@id":"https:\/\/candas365.es\/noticias\/category\/deporte\/#listItem","name":"Deporte"}},{"@type":"ListItem","@id":"https:\/\/candas365.es\/noticias\/category\/deporte\/#listItem","position":2,"name":"Deporte","item":"https:\/\/candas365.es\/noticias\/category\/deporte\/","nextItem":{"@type":"ListItem","@id":"https:\/\/candas365.es\/noticias\/low-anuncia-cambios-para-el-partido-contra-espana\/#listItem","name":"L\u00f6w anuncia cambios para el partido contra Espa\u00f1a"},"previousItem":{"@type":"ListItem","@id":"https:\/\/candas365.es\/noticias#listItem","name":"Home"}},{"@type":"ListItem","@id":"https:\/\/candas365.es\/noticias\/low-anuncia-cambios-para-el-partido-contra-espana\/#listItem","position":3,"name":"L\u00f6w anuncia cambios para el partido contra Espa\u00f1a","previousItem":{"@type":"ListItem","@id":"https:\/\/candas365.es\/noticias\/category\/deporte\/#listItem","name":"Deporte"}}]},{"@type":"NewsArticle","@id":"https:\/\/candas365.es\/noticias\/low-anuncia-cambios-para-el-partido-contra-espana\/#newsarticle","name":"L\u00f6w anuncia cambios para el partido contra Espa\u00f1a | Cand\u00e1s 365","headline":"L\u00f6w anuncia cambios para el partido contra Espa\u00f1a","author":{"@id":"https:\/\/candas365.es\/noticias\/author\/admin\/#author"},"publisher":{"@id":"https:\/\/candas365.es\/noticias\/#organization"},"image":{"@type":"ImageObject","url":"https:\/\/candas365.es\/noticias\/wp-content\/uploads\/2018\/06\/football-1406106_960_720-1.jpg","width":960,"height":643},"datePublished":"2020-11-15T23:14:10+01:00","dateModified":"2020-11-15T23:14:10+01:00","inLanguage":"es-ES","mainEntityOfPage":{"@id":"https:\/\/candas365.es\/noticias\/low-anuncia-cambios-para-el-partido-contra-espana\/#webpage"},"isPartOf":{"@id":"https:\/\/candas365.es\/noticias\/low-anuncia-cambios-para-el-partido-contra-espana\/#webpage"},"articleSection":"Deporte","dateline":"Publicado el noviembre 15, 2020."},{"@type":"Organization","@id":"https:\/\/candas365.es\/noticias\/#organization","name":"Cand\u00e1s 365","description":"Cand\u00e1s 365 es un diario digital independiente, fundado en 2012, con base en Asturias. Informamos con rigor sobre actualidad, sociedad, cultura y ocio, con una mirada local y global.","url":"https:\/\/candas365.es\/noticias\/","email":"info@candas365.es","telephone":"+34652131393","foundingDate":"2012-06-10","logo":{"@type":"ImageObject","url":"https:\/\/candas365.es\/noticias\/wp-content\/uploads\/2024\/09\/Candas-365-Redes.jpg","@id":"https:\/\/candas365.es\/noticias\/low-anuncia-cambios-para-el-partido-contra-espana\/#organizationLogo","width":1152,"height":864,"caption":"Cand\u00e1s 365 Redes"},"image":{"@id":"https:\/\/candas365.es\/noticias\/low-anuncia-cambios-para-el-partido-contra-espana\/#organizationLogo"},"sameAs":["https:\/\/www.facebook.com\/Nachofdezber","https:\/\/x.com\/NabercoDigital","https:\/\/www.instagram.com\/nachofdezber\/","https:\/\/www.youtube.com\/channel\/UCZP-2wLEB9Rv6erhFmqVnvg"],"address":{"@id":"https:\/\/candas365.es\/noticias\/#postaladdress","@type":"PostalAddress","streetAddress":"san antonio 4, san antonio 4","postalCode":"33430","addressLocality":"Cand\u00e1s","addressRegion":"Asturias","addressCountry":"ES"}},{"@type":"Person","@id":"https:\/\/candas365.es\/noticias\/author\/admin\/#author","url":"https:\/\/candas365.es\/noticias\/author\/admin\/","name":"Cand\u00e1s 365","image":{"@type":"ImageObject","@id":"https:\/\/candas365.es\/noticias\/low-anuncia-cambios-para-el-partido-contra-espana\/#authorImage","url":"https:\/\/secure.gravatar.com\/avatar\/496a8e03d0c493ede1718b7934145dbdf8d89be1036b0eec9544e1094c9de390?s=96&d=mm&r=g","width":96,"height":96,"caption":"Cand\u00e1s 365"},"sameAs":["https:\/\/www.facebook.com\/carrenoactualidad","https:\/\/twitter.com\/nbasturias","https:\/\/www.instagram.com\/nachofdezber\/","https:\/\/www.youtube.com\/channel\/UCZP-2wLEB9Rv6erhFmqVnvg"]},{"@type":"WebPage","@id":"https:\/\/candas365.es\/noticias\/low-anuncia-cambios-para-el-partido-contra-espana\/#webpage","url":"https:\/\/candas365.es\/noticias\/low-anuncia-cambios-para-el-partido-contra-espana\/","name":"L\u00f6w anuncia cambios para el partido contra Espa\u00f1a | Cand\u00e1s 365","description":"Joachim L\u00f6w anunci\u00f3 cambios en la selecci\u00f3n alemana de f\u00fatbol en el \u00faltimo partido del grupo de la Liga de Naciones.","inLanguage":"es-ES","isPartOf":{"@id":"https:\/\/candas365.es\/noticias\/#website"},"breadcrumb":{"@id":"https:\/\/candas365.es\/noticias\/low-anuncia-cambios-para-el-partido-contra-espana\/#breadcrumblist"},"author":{"@id":"https:\/\/candas365.es\/noticias\/author\/admin\/#author"},"creator":{"@id":"https:\/\/candas365.es\/noticias\/author\/admin\/#author"},"image":{"@type":"ImageObject","url":"https:\/\/candas365.es\/noticias\/wp-content\/uploads\/2018\/06\/football-1406106_960_720-1.jpg","@id":"https:\/\/candas365.es\/noticias\/low-anuncia-cambios-para-el-partido-contra-espana\/#mainImage","width":960,"height":643},"primaryImageOfPage":{"@id":"https:\/\/candas365.es\/noticias\/low-anuncia-cambios-para-el-partido-contra-espana\/#mainImage"},"datePublished":"2020-11-15T23:14:10+01:00","dateModified":"2020-11-15T23:14:10+01:00"},{"@type":"WebSite","@id":"https:\/\/candas365.es\/noticias\/#website","url":"https:\/\/candas365.es\/noticias\/","name":"Cand\u00e1s 365","alternateName":"Cand\u00e1s 365 Noticias","description":"Actualidad desde Carre\u00f1o para el mundo","inLanguage":"es-ES","publisher":{"@id":"https:\/\/candas365.es\/noticias\/#organization"}}]},"og:locale":"es_ES","og:site_name":"Cand\u00e1s 365","og:type":"article","og:title":"L\u00f6w anuncia cambios para el partido contra Espa\u00f1a | Cand\u00e1s 365","og:description":"Joachim L\u00f6w anunci\u00f3 cambios en la selecci\u00f3n alemana de f\u00fatbol en el \u00faltimo partido del grupo de la Liga de Naciones.","og:url":"https:\/\/candas365.es\/noticias\/low-anuncia-cambios-para-el-partido-contra-espana\/","og:image":"https:\/\/candas365.es\/noticias\/wp-content\/uploads\/2018\/06\/football-1406106_960_720-1.jpg","og:image:secure_url":"https:\/\/candas365.es\/noticias\/wp-content\/uploads\/2018\/06\/football-1406106_960_720-1.jpg","og:image:width":960,"og:image:height":643,"article:published_time":"2020-11-15T23:14:10+00:00","article:modified_time":"2020-11-15T23:14:10+00:00","article:publisher":"https:\/\/www.facebook.com\/Nachofdezber","article:author":"https:\/\/www.facebook.com\/carrenoactualidad","twitter:card":"summary_large_image","twitter:site":"@NabercoDigital","twitter:title":"L\u00f6w anuncia cambios para el partido contra Espa\u00f1a | Cand\u00e1s 365","twitter:description":"Joachim L\u00f6w anunci\u00f3 cambios en la selecci\u00f3n alemana de f\u00fatbol en el \u00faltimo partido del grupo de la Liga de Naciones.","twitter:creator":"@nbasturias","twitter:image":"https:\/\/candas365.es\/noticias\/wp-content\/uploads\/2018\/06\/football-1406106_960_720-1.jpg","twitter:label1":"Escrito por","twitter:data1":"Cand\u00e1s 365","twitter:label2":"Tiempo de lectura estimado","twitter:data2":"1 minuto"},"aioseo_meta_data":{"post_id":"148296","title":"L\u00f6w anuncia cambios para el partido contra Espa\u00f1a | #site_title","description":"Joachim L\u00f6w anunci\u00f3 cambios en la selecci\u00f3n alemana de f\u00fatbol en el \u00faltimo partido del grupo de la Liga de Naciones.","keywords":[{"label":"Deportes","value":"Deportes"},{"label":"F\u00fatbol","value":"F\u00fatbol"}],"keyphrases":null,"primary_term":null,"canonical_url":"","og_title":null,"og_description":null,"og_object_type":"default","og_image_type":"default","og_image_url":null,"og_image_width":null,"og_image_height":null,"og_image_custom_url":null,"og_image_custom_fields":null,"og_video":null,"og_custom_url":null,"og_article_section":null,"og_article_tags":null,"twitter_use_og":false,"twitter_card":"default","twitter_image_type":"default","twitter_image_url":null,"twitter_image_custom_url":null,"twitter_image_custom_fields":null,"twitter_title":null,"twitter_description":null,"schema":{"blockGraphs":[],"customGraphs":[],"default":{"data":{"Article":[],"Course":[],"Dataset":[],"FAQPage":[],"Movie":[],"Person":[],"Product":[],"ProductReview":[],"Car":[],"Recipe":[],"Service":[],"SoftwareApplication":[],"WebPage":[]},"graphName":"","isEnabled":true},"graphs":[]},"schema_type":null,"schema_type_options":null,"pillar_content":false,"robots_default":true,"robots_noindex":false,"robots_noarchive":false,"robots_nosnippet":false,"robots_nofollow":false,"robots_noimageindex":false,"robots_noodp":false,"robots_notranslate":false,"robots_max_snippet":null,"robots_max_videopreview":null,"robots_max_imagepreview":"large","priority":null,"frequency":null,"location":null,"local_seo":null,"seo_analyzer_scan_date":"2025-08-31 13:19:15","breadcrumb_settings":null,"limit_modified_date":false,"reviewed_by":null,"open_ai":null,"ai":null,"created":"2020-12-21 10:38:33","updated":"2025-08-31 13:19:15"},"aioseo_breadcrumb":"<div class=\"aioseo-breadcrumbs\"><span class=\"aioseo-breadcrumb\">\n\t<a href=\"https:\/\/candas365.es\/noticias\" title=\"Home\">Home<\/a>\n<\/span><span class=\"aioseo-breadcrumb-separator\">&ndash;<\/span><span class=\"aioseo-breadcrumb\">\n\t<a href=\"https:\/\/candas365.es\/noticias\/category\/deporte\/\" title=\"Deporte\">Deporte<\/a>\n<\/span><span class=\"aioseo-breadcrumb-separator\">&ndash;<\/span><span class=\"aioseo-breadcrumb\">\n\tL\u00f6w anuncia cambios para el partido contra Espa\u00f1a\n<\/span><\/div>","aioseo_breadcrumb_json":[{"label":"Home","link":"https:\/\/candas365.es\/noticias"},{"label":"Deporte","link":"https:\/\/candas365.es\/noticias\/category\/deporte\/"},{"label":"L\u00f6w anuncia cambios para el partido contra Espa\u00f1a","link":"https:\/\/candas365.es\/noticias\/low-anuncia-cambios-para-el-partido-contra-espana\/"}],"_links":{"self":[{"href":"https:\/\/candas365.es\/noticias\/wp-json\/wp\/v2\/posts\/148296","targetHints":{"allow":["GET"]}}],"collection":[{"href":"https:\/\/candas365.es\/noticias\/wp-json\/wp\/v2\/posts"}],"about":[{"href":"https:\/\/candas365.es\/noticias\/wp-json\/wp\/v2\/types\/post"}],"author":[{"embeddable":true,"href":"https:\/\/candas365.es\/noticias\/wp-json\/wp\/v2\/users\/1"}],"replies":[{"embeddable":true,"href":"https:\/\/candas365.es\/noticias\/wp-json\/wp\/v2\/comments?post=148296"}],"version-history":[{"count":0,"href":"https:\/\/candas365.es\/noticias\/wp-json\/wp\/v2\/posts\/148296\/revisions"}],"wp:featuredmedia":[{"embeddable":true,"href":"https:\/\/candas365.es\/noticias\/wp-json\/wp\/v2\/media\/98026"}],"wp:attachment":[{"href":"https:\/\/candas365.es\/noticias\/wp-json\/wp\/v2\/media?parent=148296"}],"wp:term":[{"taxonomy":"category","embeddable":true,"href":"https:\/\/candas365.es\/noticias\/wp-json\/wp\/v2\/categories?post=148296"},{"taxonomy":"post_tag","embeddable":true,"href":"https:\/\/candas365.es\/noticias\/wp-json\/wp\/v2\/tags?post=148296"}],"curies":[{"name":"wp","href":"https:\/\/api.w.org\/{rel}","templated":true}]}}