{"id":148259,"date":"2020-11-15T18:09:59","date_gmt":"2020-11-15T18:09:59","guid":{"rendered":"http:\/\/candas365.es\/noticias\/?p=148259"},"modified":"2020-11-15T18:09:59","modified_gmt":"2020-11-15T18:09:59","slug":"carreno-aprueba-el-listado-provisional-de-ayudas-a-la-educacion","status":"publish","type":"post","link":"https:\/\/candas365.es\/noticias\/carreno-aprueba-el-listado-provisional-de-ayudas-a-la-educacion\/","title":{"rendered":"Carre\u00f1o aprueba el listado provisional de ayudas a la educaci\u00f3n"},"content":{"rendered":"<p><img fetchpriority=\"high\" decoding=\"async\" class=\"alignleft size-medium wp-image-6453\" src=\"https:\/\/candas365.es\/noticias\/wp-content\/uploads\/2015\/01\/ayuntamiento-360x270.jpg\" alt=\"\" width=\"360\" height=\"270\" srcset=\"https:\/\/candas365.es\/noticias\/wp-content\/uploads\/2015\/01\/ayuntamiento-360x270.jpg 360w, https:\/\/candas365.es\/noticias\/wp-content\/uploads\/2015\/01\/ayuntamiento-640x480.jpg 640w, https:\/\/candas365.es\/noticias\/wp-content\/uploads\/2015\/01\/ayuntamiento-768x576.jpg 768w, https:\/\/candas365.es\/noticias\/wp-content\/uploads\/2015\/01\/ayuntamiento-150x113.jpg 150w, https:\/\/candas365.es\/noticias\/wp-content\/uploads\/2015\/01\/ayuntamiento-450x338.jpg 450w, https:\/\/candas365.es\/noticias\/wp-content\/uploads\/2015\/01\/ayuntamiento-80x60.jpg 80w, https:\/\/candas365.es\/noticias\/wp-content\/uploads\/2015\/01\/ayuntamiento-265x198.jpg 265w, https:\/\/candas365.es\/noticias\/wp-content\/uploads\/2015\/01\/ayuntamiento-696x522.jpg 696w, https:\/\/candas365.es\/noticias\/wp-content\/uploads\/2015\/01\/ayuntamiento-560x420.jpg 560w, https:\/\/candas365.es\/noticias\/wp-content\/uploads\/2015\/01\/ayuntamiento-90x67.jpg 90w, https:\/\/candas365.es\/noticias\/wp-content\/uploads\/2015\/01\/ayuntamiento.jpg 800w\" sizes=\"(max-width: 360px) 100vw, 360px\" \/>El Ayuntamiento de Carre\u00f1o ha informado a nuestro diario, que ya se ha publicado el listado provisional por el que se conceden las <strong>ayudas a la Educaci\u00f3n para el curso 2020-2021<\/strong><\/p>\n<p>Para el presente curso el Consistorio convoc\u00f3, en r\u00e9gimen de concurrencia competitiva, un total de 133 ayudas con el prop\u00f3sito de sufragar los gastos derivados de la Ense\u00f1anza Infantil, Bachillerato, F.P., M\u00f3dulos de Grado Medio o Superior o an\u00e1logos, Transporte Universitario y de las ense\u00f1anzas de la Escuela Municipal de M\u00fasica \u201cMiguel Barrosa\u201d y el Transporte a Centros de Educaci\u00f3n Especial de aquellas personas del Concejo que cursan algunas de las anteriores disciplinas.<\/p>\n<p>\u201cLa situaci\u00f3n actual de crisis sanitaria mundial, no s\u00f3lo tiene consecuencias en la salud de las personas, sino que ha tenido y tiene consecuencias econ\u00f3micas-laborales en las familias del Carre\u00f1o. Por lo que para el actual curso escolar dest\u00ednenle recursos econ\u00f3micos municipales para ayudar en el \u00e1mbito educativo . Adem\u00e1s, como complemento a estas ayudas, desde la Concejal\u00eda de Bienestar Social, se concedieron 24 Becas de Comedor, para este curso, destinadas a aquellas personas que, estando empadronadas en el municipio, cursan sus estudios en alguno de los Centros Locales de Educaci\u00f3n Infantil y Primaria y as\u00ed lo solicitaron\u201d explic\u00f3 Beatriz Fern\u00e1ndez-Concejala de Educaci\u00f3n.<\/p>\n<p>Se han presentado un total de 98 solicitudes para optar a alguna de las 5 l\u00edneas de ayudas a la educaci\u00f3n. Concedi\u00e9ndose provisionalmente 74; 11 est\u00e1n pendientes de aportar documentaci\u00f3n que se les ha requerido y 12 se han desestimado al superar el baremo econ\u00f3mico fijado para ser perceptor de las ayudas.<\/p>\n<p>Por l\u00edneas de ayuda la distribuci\u00f3n es la siguiente provisionalmente:<\/p>\n<ul>\n<li>Ayudas con destino Ense\u00f1anza Infantil. 12 solicitudes presentadas: 9 concedidas, 1 desestimada y 2 pendientes de aportar documentaci\u00f3n.<\/li>\n<li>Ayudas con destino Bachiller, F.P., M\u00f3dulos de Grado Medio o Superior o an\u00e1logos. 43 solicitudes: 30 concedidas, 6 desestimadas y 7 pendientes de aportar documentaci\u00f3n.<\/li>\n<li>Ayudas destinadas a sufragar gastos derivados del Transporte Universitario. 29 solicitudes: 22 concedidas, 6 desestimadas y 1 pendiente de aportar documentaci\u00f3n.<\/li>\n<li>Ayudas destinadas a sufragar gastos de la Escuela Municipal \u201cMiguel Barrosa\u201d. 9 solicitudes: 8 concedidas y 1 pendiente de aportar documentaci\u00f3n.<\/li>\n<li>Ayudas destinadas al Transporte a Centros Educaci\u00f3n Especial. 2 solicitudes y ambas solicitudes concedidas.<\/li>\n<\/ul>\n<p>\u201c El 9 de noviembre se public\u00f3 este listado provisional, tal y como refleja la convocatoria de las ayudas, se abri\u00f3 un plazo de 10 d\u00edas h\u00e1biles, a contar desde el d\u00eda siguiente a la publicaci\u00f3n del listado, a los efectos de que se puedan presentar las reclamaciones que se consideren oportunas. As\u00ed mismo las personas solicitantes que tienen pendiente la presentaci\u00f3n de documentaci\u00f3n deber\u00e1n aportarla en este mismo plazo. De no presentarla se desestimar\u00e1 la concesi\u00f3n de la ayuda. Finalizando el mismo el lunes 23 de noviembre\u201d se\u00f1al\u00f3 la Concejala.<\/p>\n<p>Una vez resultas las alegaciones que, en su caso, pudieran presentarse, o tras la presentaci\u00f3n de la documentaci\u00f3n necesaria para la baremaci\u00f3n de aquellas solicitudes pendientes, se har\u00e1 p\u00fablica la Resoluci\u00f3n con la lista definitiva de la adjudicaci\u00f3n de las Ayudas a la Educaci\u00f3n.<\/p>\n<p>El listado provisional de concesi\u00f3n de las Ayudas a la Educaci\u00f3n est\u00e1 publicado:<\/p>\n<p>En el tabl\u00f3n de anuncios de la Casa Consistorial ubicada en la calle Santolaya, 1-3 de Cand\u00e1s y en la p\u00e1gina web del Ayuntamiento de Carre\u00f1o, en el siguiente enlace podr\u00e1 consultarse el listado provisional.<\/p>\n<p>Para m\u00e1s informaci\u00f3n telef\u00f3nicamente al n\u00famero 985-87 02 05 en el horario de Lunes a Viernes de 9:00 a 14:00 hora o telem\u00e1ticamente a la direcci\u00f3n de correo electr\u00f3nico sergenereales@ayto-carreno.es<\/p>\n<p>&nbsp;<\/p>\n","protected":false},"excerpt":{"rendered":"<p>El Ayuntamiento de Carre\u00f1o ha informado a nuestro diario, que ya se ha publicado el listado provisional por el que se conceden las ayudas a la Educaci\u00f3n para el curso 2020-2021 Para el presente curso el Consistorio convoc\u00f3, en r\u00e9gimen de concurrencia competitiva, un total de 133 ayudas con el prop\u00f3sito de sufragar los gastos<\/p>\n","protected":false},"author":1,"featured_media":148260,"comment_status":"closed","ping_status":"closed","sticky":false,"template":"","format":"standard","meta":{"footnotes":""},"categories":[2],"tags":[],"class_list":{"0":"post-148259","1":"post","2":"type-post","3":"status-publish","4":"format-standard","5":"has-post-thumbnail","7":"category-noticias-carreno"},"aioseo_notices":[],"aioseo_head":"\n\t\t<!-- All in One SEO Pro 4.9.6.2 - aioseo.com -->\n\t<meta name=\"description\" content=\"El Ayuntamiento de Carre\u00f1o ha informado que ya se ha publicado el listado provisional por el que se conceden las ayudas a la Educaci\u00f3n para el curso 2020-2021.\" \/>\n\t<meta name=\"robots\" content=\"max-image-preview:large\" \/>\n\t<meta name=\"author\" content=\"Cand\u00e1s 365\"\/>\n\t<meta name=\"google-site-verification\" content=\"UA-32230408-1\" \/>\n\t<meta name=\"msvalidate.01\" content=\"354F3CDFB2DA171B47FBE9ABF1F88D5\" \/>\n\t<meta name=\"keywords\" content=\"noticias carre\u00f1o,actualidad cand\u00e1s,educaci\u00f3n.\" \/>\n\t<link rel=\"canonical\" href=\"https:\/\/candas365.es\/noticias\/carreno-aprueba-el-listado-provisional-de-ayudas-a-la-educacion\/\" \/>\n\t<meta name=\"generator\" content=\"All in One SEO Pro (AIOSEO) 4.9.6.2\" \/>\n\t\t<meta property=\"og:locale\" content=\"es_ES\" \/>\n\t\t<meta property=\"og:site_name\" content=\"Cand\u00e1s 365\" \/>\n\t\t<meta property=\"og:type\" content=\"article\" \/>\n\t\t<meta property=\"og:title\" content=\"Carre\u00f1o aprueba el listado provisional de ayudas a la educaci\u00f3n | Cand\u00e1s 365\" \/>\n\t\t<meta property=\"og:description\" content=\"El Ayuntamiento de Carre\u00f1o ha informado que ya se ha publicado el listado provisional por el que se conceden las ayudas a la Educaci\u00f3n para el curso 2020-2021.\" \/>\n\t\t<meta property=\"og:url\" content=\"https:\/\/candas365.es\/noticias\/carreno-aprueba-el-listado-provisional-de-ayudas-a-la-educacion\/\" \/>\n\t\t<meta property=\"og:image\" content=\"https:\/\/candas365.es\/noticias\/wp-content\/uploads\/2020\/11\/pencil-1486278_640.jpg\" \/>\n\t\t<meta property=\"og:image:secure_url\" content=\"https:\/\/candas365.es\/noticias\/wp-content\/uploads\/2020\/11\/pencil-1486278_640.jpg\" \/>\n\t\t<meta property=\"og:image:width\" content=\"640\" \/>\n\t\t<meta property=\"og:image:height\" content=\"360\" \/>\n\t\t<meta property=\"article:published_time\" content=\"2020-11-15T18:09:59+00:00\" \/>\n\t\t<meta property=\"article:modified_time\" content=\"2020-11-15T18:09:59+00:00\" \/>\n\t\t<meta property=\"article:publisher\" content=\"https:\/\/www.facebook.com\/Nachofdezber\" \/>\n\t\t<meta property=\"article:author\" content=\"https:\/\/www.facebook.com\/carrenoactualidad\" \/>\n\t\t<meta name=\"twitter:card\" content=\"summary_large_image\" \/>\n\t\t<meta name=\"twitter:site\" content=\"@NabercoDigital\" \/>\n\t\t<meta name=\"twitter:title\" content=\"Carre\u00f1o aprueba el listado provisional de ayudas a la educaci\u00f3n | Cand\u00e1s 365\" \/>\n\t\t<meta name=\"twitter:description\" content=\"El Ayuntamiento de Carre\u00f1o ha informado que ya se ha publicado el listado provisional por el que se conceden las ayudas a la Educaci\u00f3n para el curso 2020-2021.\" \/>\n\t\t<meta name=\"twitter:creator\" content=\"@nbasturias\" \/>\n\t\t<meta name=\"twitter:image\" content=\"https:\/\/candas365.es\/noticias\/wp-content\/uploads\/2020\/11\/pencil-1486278_640.jpg\" \/>\n\t\t<meta name=\"twitter:label1\" content=\"Escrito por\" \/>\n\t\t<meta name=\"twitter:data1\" content=\"Cand\u00e1s 365\" \/>\n\t\t<meta name=\"twitter:label2\" content=\"Tiempo de lectura estimado\" \/>\n\t\t<meta name=\"twitter:data2\" content=\"3 minutos\" \/>\n\t\t<script type=\"application\/ld+json\" class=\"aioseo-schema\">\n\t\t\t{\"@context\":\"https:\\\/\\\/schema.org\",\"@graph\":[{\"@type\":\"BreadcrumbList\",\"@id\":\"https:\\\/\\\/candas365.es\\\/noticias\\\/carreno-aprueba-el-listado-provisional-de-ayudas-a-la-educacion\\\/#breadcrumblist\",\"itemListElement\":[{\"@type\":\"ListItem\",\"@id\":\"https:\\\/\\\/candas365.es\\\/noticias#listItem\",\"position\":1,\"name\":\"Home\",\"item\":\"https:\\\/\\\/candas365.es\\\/noticias\",\"nextItem\":{\"@type\":\"ListItem\",\"@id\":\"https:\\\/\\\/candas365.es\\\/noticias\\\/category\\\/noticias-carreno\\\/#listItem\",\"name\":\"Noticias Carre\\u00f1o\"}},{\"@type\":\"ListItem\",\"@id\":\"https:\\\/\\\/candas365.es\\\/noticias\\\/category\\\/noticias-carreno\\\/#listItem\",\"position\":2,\"name\":\"Noticias Carre\\u00f1o\",\"item\":\"https:\\\/\\\/candas365.es\\\/noticias\\\/category\\\/noticias-carreno\\\/\",\"nextItem\":{\"@type\":\"ListItem\",\"@id\":\"https:\\\/\\\/candas365.es\\\/noticias\\\/carreno-aprueba-el-listado-provisional-de-ayudas-a-la-educacion\\\/#listItem\",\"name\":\"Carre\\u00f1o aprueba el listado provisional de ayudas a la educaci\\u00f3n\"},\"previousItem\":{\"@type\":\"ListItem\",\"@id\":\"https:\\\/\\\/candas365.es\\\/noticias#listItem\",\"name\":\"Home\"}},{\"@type\":\"ListItem\",\"@id\":\"https:\\\/\\\/candas365.es\\\/noticias\\\/carreno-aprueba-el-listado-provisional-de-ayudas-a-la-educacion\\\/#listItem\",\"position\":3,\"name\":\"Carre\\u00f1o aprueba el listado provisional de ayudas a la educaci\\u00f3n\",\"previousItem\":{\"@type\":\"ListItem\",\"@id\":\"https:\\\/\\\/candas365.es\\\/noticias\\\/category\\\/noticias-carreno\\\/#listItem\",\"name\":\"Noticias Carre\\u00f1o\"}}]},{\"@type\":\"NewsArticle\",\"@id\":\"https:\\\/\\\/candas365.es\\\/noticias\\\/carreno-aprueba-el-listado-provisional-de-ayudas-a-la-educacion\\\/#newsarticle\",\"name\":\"Carre\\u00f1o aprueba el listado provisional de ayudas a la educaci\\u00f3n | Cand\\u00e1s 365\",\"headline\":\"Carre\\u00f1o aprueba el listado provisional de ayudas a la educaci\\u00f3n\",\"author\":{\"@id\":\"https:\\\/\\\/candas365.es\\\/noticias\\\/author\\\/admin\\\/#author\"},\"publisher\":{\"@id\":\"https:\\\/\\\/candas365.es\\\/noticias\\\/#organization\"},\"image\":{\"@type\":\"ImageObject\",\"url\":\"https:\\\/\\\/candas365.es\\\/noticias\\\/wp-content\\\/uploads\\\/2020\\\/11\\\/pencil-1486278_640.jpg\",\"width\":640,\"height\":360},\"datePublished\":\"2020-11-15T18:09:59+01:00\",\"dateModified\":\"2020-11-15T18:09:59+01:00\",\"inLanguage\":\"es-ES\",\"mainEntityOfPage\":{\"@id\":\"https:\\\/\\\/candas365.es\\\/noticias\\\/carreno-aprueba-el-listado-provisional-de-ayudas-a-la-educacion\\\/#webpage\"},\"isPartOf\":{\"@id\":\"https:\\\/\\\/candas365.es\\\/noticias\\\/carreno-aprueba-el-listado-provisional-de-ayudas-a-la-educacion\\\/#webpage\"},\"articleSection\":\"Noticias Carre\\u00f1o\",\"dateline\":\"Publicado el noviembre 15, 2020.\"},{\"@type\":\"Organization\",\"@id\":\"https:\\\/\\\/candas365.es\\\/noticias\\\/#organization\",\"name\":\"Cand\\u00e1s 365\",\"description\":\"Cand\\u00e1s 365 es un diario digital independiente, fundado en 2012, con base en Asturias. Informamos con rigor sobre actualidad, sociedad, cultura y ocio, con una mirada local y global.\",\"url\":\"https:\\\/\\\/candas365.es\\\/noticias\\\/\",\"email\":\"info@candas365.es\",\"telephone\":\"+34652131393\",\"foundingDate\":\"2012-06-10\",\"logo\":{\"@type\":\"ImageObject\",\"url\":\"https:\\\/\\\/candas365.es\\\/noticias\\\/wp-content\\\/uploads\\\/2024\\\/09\\\/Candas-365-Redes.jpg\",\"@id\":\"https:\\\/\\\/candas365.es\\\/noticias\\\/carreno-aprueba-el-listado-provisional-de-ayudas-a-la-educacion\\\/#organizationLogo\",\"width\":1152,\"height\":864,\"caption\":\"Cand\\u00e1s 365 Redes\"},\"image\":{\"@id\":\"https:\\\/\\\/candas365.es\\\/noticias\\\/carreno-aprueba-el-listado-provisional-de-ayudas-a-la-educacion\\\/#organizationLogo\"},\"sameAs\":[\"https:\\\/\\\/www.facebook.com\\\/Nachofdezber\",\"https:\\\/\\\/x.com\\\/NabercoDigital\",\"https:\\\/\\\/www.instagram.com\\\/nachofdezber\\\/\",\"https:\\\/\\\/www.youtube.com\\\/channel\\\/UCZP-2wLEB9Rv6erhFmqVnvg\"],\"address\":{\"@id\":\"https:\\\/\\\/candas365.es\\\/noticias\\\/#postaladdress\",\"@type\":\"PostalAddress\",\"streetAddress\":\"san antonio 4, san antonio 4\",\"postalCode\":\"33430\",\"addressLocality\":\"Cand\\u00e1s\",\"addressRegion\":\"Asturias\",\"addressCountry\":\"ES\"}},{\"@type\":\"Person\",\"@id\":\"https:\\\/\\\/candas365.es\\\/noticias\\\/author\\\/admin\\\/#author\",\"url\":\"https:\\\/\\\/candas365.es\\\/noticias\\\/author\\\/admin\\\/\",\"name\":\"Cand\\u00e1s 365\",\"image\":{\"@type\":\"ImageObject\",\"@id\":\"https:\\\/\\\/candas365.es\\\/noticias\\\/carreno-aprueba-el-listado-provisional-de-ayudas-a-la-educacion\\\/#authorImage\",\"url\":\"https:\\\/\\\/secure.gravatar.com\\\/avatar\\\/496a8e03d0c493ede1718b7934145dbdf8d89be1036b0eec9544e1094c9de390?s=96&d=mm&r=g\",\"width\":96,\"height\":96,\"caption\":\"Cand\\u00e1s 365\"},\"sameAs\":[\"https:\\\/\\\/www.facebook.com\\\/carrenoactualidad\",\"https:\\\/\\\/twitter.com\\\/nbasturias\",\"https:\\\/\\\/www.instagram.com\\\/nachofdezber\\\/\",\"https:\\\/\\\/www.youtube.com\\\/channel\\\/UCZP-2wLEB9Rv6erhFmqVnvg\"]},{\"@type\":\"WebPage\",\"@id\":\"https:\\\/\\\/candas365.es\\\/noticias\\\/carreno-aprueba-el-listado-provisional-de-ayudas-a-la-educacion\\\/#webpage\",\"url\":\"https:\\\/\\\/candas365.es\\\/noticias\\\/carreno-aprueba-el-listado-provisional-de-ayudas-a-la-educacion\\\/\",\"name\":\"Carre\\u00f1o aprueba el listado provisional de ayudas a la educaci\\u00f3n | Cand\\u00e1s 365\",\"description\":\"El Ayuntamiento de Carre\\u00f1o ha informado que ya se ha publicado el listado provisional por el que se conceden las ayudas a la Educaci\\u00f3n para el curso 2020-2021.\",\"inLanguage\":\"es-ES\",\"isPartOf\":{\"@id\":\"https:\\\/\\\/candas365.es\\\/noticias\\\/#website\"},\"breadcrumb\":{\"@id\":\"https:\\\/\\\/candas365.es\\\/noticias\\\/carreno-aprueba-el-listado-provisional-de-ayudas-a-la-educacion\\\/#breadcrumblist\"},\"author\":{\"@id\":\"https:\\\/\\\/candas365.es\\\/noticias\\\/author\\\/admin\\\/#author\"},\"creator\":{\"@id\":\"https:\\\/\\\/candas365.es\\\/noticias\\\/author\\\/admin\\\/#author\"},\"image\":{\"@type\":\"ImageObject\",\"url\":\"https:\\\/\\\/candas365.es\\\/noticias\\\/wp-content\\\/uploads\\\/2020\\\/11\\\/pencil-1486278_640.jpg\",\"@id\":\"https:\\\/\\\/candas365.es\\\/noticias\\\/carreno-aprueba-el-listado-provisional-de-ayudas-a-la-educacion\\\/#mainImage\",\"width\":640,\"height\":360},\"primaryImageOfPage\":{\"@id\":\"https:\\\/\\\/candas365.es\\\/noticias\\\/carreno-aprueba-el-listado-provisional-de-ayudas-a-la-educacion\\\/#mainImage\"},\"datePublished\":\"2020-11-15T18:09:59+01:00\",\"dateModified\":\"2020-11-15T18:09:59+01:00\"},{\"@type\":\"WebSite\",\"@id\":\"https:\\\/\\\/candas365.es\\\/noticias\\\/#website\",\"url\":\"https:\\\/\\\/candas365.es\\\/noticias\\\/\",\"name\":\"Cand\\u00e1s 365\",\"alternateName\":\"Cand\\u00e1s 365 Noticias\",\"description\":\"Actualidad desde Carre\\u00f1o para el mundo\",\"inLanguage\":\"es-ES\",\"publisher\":{\"@id\":\"https:\\\/\\\/candas365.es\\\/noticias\\\/#organization\"}}]}\n\t\t<\/script>\n\t\t<!-- All in One SEO Pro -->\r\n\t\t<title>Carre\u00f1o aprueba el listado provisional de ayudas a la educaci\u00f3n | Cand\u00e1s 365<\/title>\n\n","aioseo_head_json":{"title":"Carre\u00f1o aprueba el listado provisional de ayudas a la educaci\u00f3n | Cand\u00e1s 365","description":"El Ayuntamiento de Carre\u00f1o ha informado que ya se ha publicado el listado provisional por el que se conceden las ayudas a la Educaci\u00f3n para el curso 2020-2021.","canonical_url":"https:\/\/candas365.es\/noticias\/carreno-aprueba-el-listado-provisional-de-ayudas-a-la-educacion\/","robots":"max-image-preview:large","keywords":"noticias carre\u00f1o,actualidad cand\u00e1s,educaci\u00f3n.","webmasterTools":{"google-site-verification":"UA-32230408-1","msvalidate.01":"354F3CDFB2DA171B47FBE9ABF1F88D5","miscellaneous":""},"schema":{"@context":"https:\/\/schema.org","@graph":[{"@type":"BreadcrumbList","@id":"https:\/\/candas365.es\/noticias\/carreno-aprueba-el-listado-provisional-de-ayudas-a-la-educacion\/#breadcrumblist","itemListElement":[{"@type":"ListItem","@id":"https:\/\/candas365.es\/noticias#listItem","position":1,"name":"Home","item":"https:\/\/candas365.es\/noticias","nextItem":{"@type":"ListItem","@id":"https:\/\/candas365.es\/noticias\/category\/noticias-carreno\/#listItem","name":"Noticias Carre\u00f1o"}},{"@type":"ListItem","@id":"https:\/\/candas365.es\/noticias\/category\/noticias-carreno\/#listItem","position":2,"name":"Noticias Carre\u00f1o","item":"https:\/\/candas365.es\/noticias\/category\/noticias-carreno\/","nextItem":{"@type":"ListItem","@id":"https:\/\/candas365.es\/noticias\/carreno-aprueba-el-listado-provisional-de-ayudas-a-la-educacion\/#listItem","name":"Carre\u00f1o aprueba el listado provisional de ayudas a la educaci\u00f3n"},"previousItem":{"@type":"ListItem","@id":"https:\/\/candas365.es\/noticias#listItem","name":"Home"}},{"@type":"ListItem","@id":"https:\/\/candas365.es\/noticias\/carreno-aprueba-el-listado-provisional-de-ayudas-a-la-educacion\/#listItem","position":3,"name":"Carre\u00f1o aprueba el listado provisional de ayudas a la educaci\u00f3n","previousItem":{"@type":"ListItem","@id":"https:\/\/candas365.es\/noticias\/category\/noticias-carreno\/#listItem","name":"Noticias Carre\u00f1o"}}]},{"@type":"NewsArticle","@id":"https:\/\/candas365.es\/noticias\/carreno-aprueba-el-listado-provisional-de-ayudas-a-la-educacion\/#newsarticle","name":"Carre\u00f1o aprueba el listado provisional de ayudas a la educaci\u00f3n | Cand\u00e1s 365","headline":"Carre\u00f1o aprueba el listado provisional de ayudas a la educaci\u00f3n","author":{"@id":"https:\/\/candas365.es\/noticias\/author\/admin\/#author"},"publisher":{"@id":"https:\/\/candas365.es\/noticias\/#organization"},"image":{"@type":"ImageObject","url":"https:\/\/candas365.es\/noticias\/wp-content\/uploads\/2020\/11\/pencil-1486278_640.jpg","width":640,"height":360},"datePublished":"2020-11-15T18:09:59+01:00","dateModified":"2020-11-15T18:09:59+01:00","inLanguage":"es-ES","mainEntityOfPage":{"@id":"https:\/\/candas365.es\/noticias\/carreno-aprueba-el-listado-provisional-de-ayudas-a-la-educacion\/#webpage"},"isPartOf":{"@id":"https:\/\/candas365.es\/noticias\/carreno-aprueba-el-listado-provisional-de-ayudas-a-la-educacion\/#webpage"},"articleSection":"Noticias Carre\u00f1o","dateline":"Publicado el noviembre 15, 2020."},{"@type":"Organization","@id":"https:\/\/candas365.es\/noticias\/#organization","name":"Cand\u00e1s 365","description":"Cand\u00e1s 365 es un diario digital independiente, fundado en 2012, con base en Asturias. Informamos con rigor sobre actualidad, sociedad, cultura y ocio, con una mirada local y global.","url":"https:\/\/candas365.es\/noticias\/","email":"info@candas365.es","telephone":"+34652131393","foundingDate":"2012-06-10","logo":{"@type":"ImageObject","url":"https:\/\/candas365.es\/noticias\/wp-content\/uploads\/2024\/09\/Candas-365-Redes.jpg","@id":"https:\/\/candas365.es\/noticias\/carreno-aprueba-el-listado-provisional-de-ayudas-a-la-educacion\/#organizationLogo","width":1152,"height":864,"caption":"Cand\u00e1s 365 Redes"},"image":{"@id":"https:\/\/candas365.es\/noticias\/carreno-aprueba-el-listado-provisional-de-ayudas-a-la-educacion\/#organizationLogo"},"sameAs":["https:\/\/www.facebook.com\/Nachofdezber","https:\/\/x.com\/NabercoDigital","https:\/\/www.instagram.com\/nachofdezber\/","https:\/\/www.youtube.com\/channel\/UCZP-2wLEB9Rv6erhFmqVnvg"],"address":{"@id":"https:\/\/candas365.es\/noticias\/#postaladdress","@type":"PostalAddress","streetAddress":"san antonio 4, san antonio 4","postalCode":"33430","addressLocality":"Cand\u00e1s","addressRegion":"Asturias","addressCountry":"ES"}},{"@type":"Person","@id":"https:\/\/candas365.es\/noticias\/author\/admin\/#author","url":"https:\/\/candas365.es\/noticias\/author\/admin\/","name":"Cand\u00e1s 365","image":{"@type":"ImageObject","@id":"https:\/\/candas365.es\/noticias\/carreno-aprueba-el-listado-provisional-de-ayudas-a-la-educacion\/#authorImage","url":"https:\/\/secure.gravatar.com\/avatar\/496a8e03d0c493ede1718b7934145dbdf8d89be1036b0eec9544e1094c9de390?s=96&d=mm&r=g","width":96,"height":96,"caption":"Cand\u00e1s 365"},"sameAs":["https:\/\/www.facebook.com\/carrenoactualidad","https:\/\/twitter.com\/nbasturias","https:\/\/www.instagram.com\/nachofdezber\/","https:\/\/www.youtube.com\/channel\/UCZP-2wLEB9Rv6erhFmqVnvg"]},{"@type":"WebPage","@id":"https:\/\/candas365.es\/noticias\/carreno-aprueba-el-listado-provisional-de-ayudas-a-la-educacion\/#webpage","url":"https:\/\/candas365.es\/noticias\/carreno-aprueba-el-listado-provisional-de-ayudas-a-la-educacion\/","name":"Carre\u00f1o aprueba el listado provisional de ayudas a la educaci\u00f3n | Cand\u00e1s 365","description":"El Ayuntamiento de Carre\u00f1o ha informado que ya se ha publicado el listado provisional por el que se conceden las ayudas a la Educaci\u00f3n para el curso 2020-2021.","inLanguage":"es-ES","isPartOf":{"@id":"https:\/\/candas365.es\/noticias\/#website"},"breadcrumb":{"@id":"https:\/\/candas365.es\/noticias\/carreno-aprueba-el-listado-provisional-de-ayudas-a-la-educacion\/#breadcrumblist"},"author":{"@id":"https:\/\/candas365.es\/noticias\/author\/admin\/#author"},"creator":{"@id":"https:\/\/candas365.es\/noticias\/author\/admin\/#author"},"image":{"@type":"ImageObject","url":"https:\/\/candas365.es\/noticias\/wp-content\/uploads\/2020\/11\/pencil-1486278_640.jpg","@id":"https:\/\/candas365.es\/noticias\/carreno-aprueba-el-listado-provisional-de-ayudas-a-la-educacion\/#mainImage","width":640,"height":360},"primaryImageOfPage":{"@id":"https:\/\/candas365.es\/noticias\/carreno-aprueba-el-listado-provisional-de-ayudas-a-la-educacion\/#mainImage"},"datePublished":"2020-11-15T18:09:59+01:00","dateModified":"2020-11-15T18:09:59+01:00"},{"@type":"WebSite","@id":"https:\/\/candas365.es\/noticias\/#website","url":"https:\/\/candas365.es\/noticias\/","name":"Cand\u00e1s 365","alternateName":"Cand\u00e1s 365 Noticias","description":"Actualidad desde Carre\u00f1o para el mundo","inLanguage":"es-ES","publisher":{"@id":"https:\/\/candas365.es\/noticias\/#organization"}}]},"og:locale":"es_ES","og:site_name":"Cand\u00e1s 365","og:type":"article","og:title":"Carre\u00f1o aprueba el listado provisional de ayudas a la educaci\u00f3n | Cand\u00e1s 365","og:description":"El Ayuntamiento de Carre\u00f1o ha informado que ya se ha publicado el listado provisional por el que se conceden las ayudas a la Educaci\u00f3n para el curso 2020-2021.","og:url":"https:\/\/candas365.es\/noticias\/carreno-aprueba-el-listado-provisional-de-ayudas-a-la-educacion\/","og:image":"https:\/\/candas365.es\/noticias\/wp-content\/uploads\/2020\/11\/pencil-1486278_640.jpg","og:image:secure_url":"https:\/\/candas365.es\/noticias\/wp-content\/uploads\/2020\/11\/pencil-1486278_640.jpg","og:image:width":640,"og:image:height":360,"article:published_time":"2020-11-15T18:09:59+00:00","article:modified_time":"2020-11-15T18:09:59+00:00","article:publisher":"https:\/\/www.facebook.com\/Nachofdezber","article:author":"https:\/\/www.facebook.com\/carrenoactualidad","twitter:card":"summary_large_image","twitter:site":"@NabercoDigital","twitter:title":"Carre\u00f1o aprueba el listado provisional de ayudas a la educaci\u00f3n | Cand\u00e1s 365","twitter:description":"El Ayuntamiento de Carre\u00f1o ha informado que ya se ha publicado el listado provisional por el que se conceden las ayudas a la Educaci\u00f3n para el curso 2020-2021.","twitter:creator":"@nbasturias","twitter:image":"https:\/\/candas365.es\/noticias\/wp-content\/uploads\/2020\/11\/pencil-1486278_640.jpg","twitter:label1":"Escrito por","twitter:data1":"Cand\u00e1s 365","twitter:label2":"Tiempo de lectura estimado","twitter:data2":"3 minutos"},"aioseo_meta_data":{"post_id":"148259","title":"Carre\u00f1o aprueba el listado provisional de ayudas a la educaci\u00f3n | #site_title","description":"El Ayuntamiento de Carre\u00f1o ha informado que ya se ha publicado el listado provisional por el que se conceden las ayudas a la Educaci\u00f3n para el curso 2020-2021.","keywords":[{"label":"Noticias Carre\u00f1o","value":"Noticias Carre\u00f1o"},{"label":"Actualidad Cand\u00e1s","value":"Actualidad Cand\u00e1s"},{"label":"educaci\u00f3n.","value":"educaci\u00f3n."}],"keyphrases":null,"primary_term":null,"canonical_url":"","og_title":null,"og_description":null,"og_object_type":"default","og_image_type":"default","og_image_url":null,"og_image_width":null,"og_image_height":null,"og_image_custom_url":null,"og_image_custom_fields":null,"og_video":null,"og_custom_url":null,"og_article_section":null,"og_article_tags":null,"twitter_use_og":false,"twitter_card":"default","twitter_image_type":"default","twitter_image_url":null,"twitter_image_custom_url":null,"twitter_image_custom_fields":null,"twitter_title":null,"twitter_description":null,"schema":{"blockGraphs":[],"customGraphs":[],"default":{"data":{"Article":[],"Course":[],"Dataset":[],"FAQPage":[],"Movie":[],"Person":[],"Product":[],"ProductReview":[],"Car":[],"Recipe":[],"Service":[],"SoftwareApplication":[],"WebPage":[]},"graphName":"","isEnabled":true},"graphs":[]},"schema_type":null,"schema_type_options":null,"pillar_content":false,"robots_default":true,"robots_noindex":false,"robots_noarchive":false,"robots_nosnippet":false,"robots_nofollow":false,"robots_noimageindex":false,"robots_noodp":false,"robots_notranslate":false,"robots_max_snippet":null,"robots_max_videopreview":null,"robots_max_imagepreview":"large","priority":null,"frequency":null,"location":null,"local_seo":null,"seo_analyzer_scan_date":"2025-08-31 13:16:30","breadcrumb_settings":null,"limit_modified_date":false,"reviewed_by":null,"open_ai":null,"ai":null,"created":"2020-12-21 10:38:33","updated":"2025-08-31 13:16:30"},"aioseo_breadcrumb":"<div class=\"aioseo-breadcrumbs\"><span class=\"aioseo-breadcrumb\">\n\t<a href=\"https:\/\/candas365.es\/noticias\" title=\"Home\">Home<\/a>\n<\/span><span class=\"aioseo-breadcrumb-separator\">&ndash;<\/span><span class=\"aioseo-breadcrumb\">\n\t<a href=\"https:\/\/candas365.es\/noticias\/category\/noticias-carreno\/\" title=\"Noticias Carre\u00f1o\">Noticias Carre\u00f1o<\/a>\n<\/span><span class=\"aioseo-breadcrumb-separator\">&ndash;<\/span><span class=\"aioseo-breadcrumb\">\n\tCarre\u00f1o aprueba el listado provisional de ayudas a la educaci\u00f3n\n<\/span><\/div>","aioseo_breadcrumb_json":[{"label":"Home","link":"https:\/\/candas365.es\/noticias"},{"label":"Noticias Carre\u00f1o","link":"https:\/\/candas365.es\/noticias\/category\/noticias-carreno\/"},{"label":"Carre\u00f1o aprueba el listado provisional de ayudas a la educaci\u00f3n","link":"https:\/\/candas365.es\/noticias\/carreno-aprueba-el-listado-provisional-de-ayudas-a-la-educacion\/"}],"_links":{"self":[{"href":"https:\/\/candas365.es\/noticias\/wp-json\/wp\/v2\/posts\/148259","targetHints":{"allow":["GET"]}}],"collection":[{"href":"https:\/\/candas365.es\/noticias\/wp-json\/wp\/v2\/posts"}],"about":[{"href":"https:\/\/candas365.es\/noticias\/wp-json\/wp\/v2\/types\/post"}],"author":[{"embeddable":true,"href":"https:\/\/candas365.es\/noticias\/wp-json\/wp\/v2\/users\/1"}],"replies":[{"embeddable":true,"href":"https:\/\/candas365.es\/noticias\/wp-json\/wp\/v2\/comments?post=148259"}],"version-history":[{"count":0,"href":"https:\/\/candas365.es\/noticias\/wp-json\/wp\/v2\/posts\/148259\/revisions"}],"wp:featuredmedia":[{"embeddable":true,"href":"https:\/\/candas365.es\/noticias\/wp-json\/wp\/v2\/media\/148260"}],"wp:attachment":[{"href":"https:\/\/candas365.es\/noticias\/wp-json\/wp\/v2\/media?parent=148259"}],"wp:term":[{"taxonomy":"category","embeddable":true,"href":"https:\/\/candas365.es\/noticias\/wp-json\/wp\/v2\/categories?post=148259"},{"taxonomy":"post_tag","embeddable":true,"href":"https:\/\/candas365.es\/noticias\/wp-json\/wp\/v2\/tags?post=148259"}],"curies":[{"name":"wp","href":"https:\/\/api.w.org\/{rel}","templated":true}]}}