{"id":148095,"date":"2020-11-11T18:56:24","date_gmt":"2020-11-11T18:56:24","guid":{"rendered":"http:\/\/candas365.es\/noticias\/?p=148095"},"modified":"2020-11-11T18:56:24","modified_gmt":"2020-11-11T18:56:24","slug":"propuesta-de-modificacion-presupuestaria-en-carreno","status":"publish","type":"post","link":"https:\/\/candas365.es\/noticias\/propuesta-de-modificacion-presupuestaria-en-carreno\/","title":{"rendered":"Propuesta de modificaci\u00f3n presupuestaria en Carre\u00f1o"},"content":{"rendered":"<p><img fetchpriority=\"high\" decoding=\"async\" class=\"alignleft size-medium wp-image-6453\" src=\"https:\/\/candas365.es\/noticias\/wp-content\/uploads\/2015\/01\/ayuntamiento-360x270.jpg\" alt=\"\" width=\"360\" height=\"270\" srcset=\"https:\/\/candas365.es\/noticias\/wp-content\/uploads\/2015\/01\/ayuntamiento-360x270.jpg 360w, https:\/\/candas365.es\/noticias\/wp-content\/uploads\/2015\/01\/ayuntamiento-640x480.jpg 640w, https:\/\/candas365.es\/noticias\/wp-content\/uploads\/2015\/01\/ayuntamiento-768x576.jpg 768w, https:\/\/candas365.es\/noticias\/wp-content\/uploads\/2015\/01\/ayuntamiento-150x113.jpg 150w, https:\/\/candas365.es\/noticias\/wp-content\/uploads\/2015\/01\/ayuntamiento-450x338.jpg 450w, https:\/\/candas365.es\/noticias\/wp-content\/uploads\/2015\/01\/ayuntamiento-80x60.jpg 80w, https:\/\/candas365.es\/noticias\/wp-content\/uploads\/2015\/01\/ayuntamiento-265x198.jpg 265w, https:\/\/candas365.es\/noticias\/wp-content\/uploads\/2015\/01\/ayuntamiento-696x522.jpg 696w, https:\/\/candas365.es\/noticias\/wp-content\/uploads\/2015\/01\/ayuntamiento-560x420.jpg 560w, https:\/\/candas365.es\/noticias\/wp-content\/uploads\/2015\/01\/ayuntamiento-90x67.jpg 90w, https:\/\/candas365.es\/noticias\/wp-content\/uploads\/2015\/01\/ayuntamiento.jpg 800w\" sizes=\"(max-width: 360px) 100vw, 360px\" \/>El expediente de modificaci\u00f3n presupuestaria que se debatir\u00e1 en el Pleno suplementa las partidas presupuestarias de gastos corrientes. Para hacer frente a m\u00e1s consumos de agua y gastos de Infraestructuras y Bienes Naturales<\/p>\n<p>El Ayuntamiento de Carre\u00f1o, celebrar\u00e1 hoy, mi\u00e9rcoles 11 de noviembre, <strong>a partir de las seis y media de la tarde un Pleno extraordinario<\/strong> donde se tratar\u00e1 la propuesta del equipo de gobierno de un expediente de modificaci\u00f3n de cr\u00e9ditos para suplementar las partidas presupuestarias de Agua e infraestructuras y bienes Naturales.<\/p>\n<p>De este modo, explic\u00f3 la Concejala de Hacienda, Paula Cuervo \u201caseguramos llegar a 31 de diciembre con todos los gastos municipales reconocidos. Est\u00e1 siendo un a\u00f1o de m\u00e1s gastos y menos ingresos por lo que tenemos que hacer la modificaci\u00f3n presupuestaria y as\u00ed poder tener cr\u00e9dito para hacer los pagos correspondientes\u201d.<\/p>\n<h2>M\u00c1S GASTO EN COMPRA DE AGUA A CADASA:<\/h2>\n<p>En el caso del mayor gasto en agua, el Ayuntamiento viene asumiendo este a\u00f1o m\u00e1s consumos (180 altas nuevas de domicilios enganchados a la red municipal en los \u00faltimos cinco a\u00f1os, 51 de las cu\u00e1les son de este a\u00f1o 2020), 10 nuevos invernaderos, m\u00e1s de cinco piscinas fijas a las que sumar los consumos de las desmontables.<\/p>\n<p>El concejo cuenta en este momento con dos manantiales municipales en desuso.<\/p>\n<p>\u201cNo se puede contar con estos recursos hidr\u00edcos para abastecer a la red mu con lo que no se puede contar. Los manantiales fuera de servicio son Los Molinos y L\u2019Ablanal\u201d &#8211; explic\u00f3 Cuervo.<\/p>\n<p>En el caso del Manantial de Los Molinos, se dej\u00f3 de suministrar su agua a la red en el pasado mes de enero y seg\u00fan coment\u00f3 la concejala de Hacienda \u201cel manantial de Los Molinos, es un recurso h\u00eddrico muy importante para Carre\u00f1o, pero dada la situaci\u00f3n del mismo conlleva costes elevados cada vez que se inunda y no hay garant\u00edas de suministrar desde \u00e9l por la situaci\u00f3n en la que se encuentra. Como Ayuntamiento no tenemos fuerza legal para poner fin a esas inundaciones ya que no somos titulares del mismo. El problema lo llevamos al juzgado y perdimos contra la empresa \u201d<\/p>\n<p>El Manantial de L\u2019Ablanal se encuentra en desuso por arrastres de arena. \u201cSe invirtieron el a\u00f1o pasado en el 7.841\u20ac para saca el motor quemado, sacar la bomba y cambiar el cuadro el\u00e9ctrico. En estos momentos se est\u00e1 estudiando, a nivel t\u00e9cnico, una soluci\u00f3n que pueda asegurar la puesta en marcha del manantial con todas las garant\u00edas sanitarias. Entre tanto no se puede meter el agua que produce a la red para consumo humano\u201d \u2013 explic\u00f3 la edil.<\/p>\n<p>Las circunstancias de estos dos manantiales y la mayor demanda de consumo hacen que el Ayuntamiento tenga que comprar m\u00e1s agua a CADASA para abastecer al vecindario de Carre\u00f1o.<\/p>\n<p>La partida presupuestaria contaba para este 2020 con un total de 497.226\u20ac, y la propuesta que se elevar\u00e1 a pleno es aumentarla en 250.000 \u20ac para poder asegurar as\u00ed el reconocimiento y pago de todas las facturas de CADASA por prestar el suministro del agua en Carre\u00f1o.<\/p>\n<p>\u201cPropusimos a todos los grupos pol\u00edticos en Comisi\u00f3n Informativa de Hacienda suplementar esa partida con remanente de tesorer\u00eda para estos gastos generales\u201d coment\u00f3 Paula Cuervo.<\/p>\n<p>Por otro lado, tambi\u00e9n se propusieron en las Comisiones de Hacienda celebradas, mover un total de 13.097,19\u20ac (provenientes de bajas en diferentes aplicaciones presupuestarias de subvenciones) a Infraestructuras y bienes Naturales, \u201cen este caso queremos reforzar la partida presupuestaria hasta 31 de diciembre ya que de ella depende el funcionamiento diario de los servicios que se prestan desde obras, adquiriendo as\u00ed todo tipo de material de fontaner\u00eda, electricidad y jardiner\u00eda con cargo a la misma. Es necesario suplementar esta partida para tener margen de adquir\u00ed materiales y poder mantener en correcto funcionamiento esos servicios\u201d \u2013 explic\u00f3 la edil de Hacienda.<\/p>\n<p>En esta misma sesi\u00f3n plenaria tratar\u00e1 en el segundo punto del orden del d\u00eda la renuncia al cargo del Concejal del Grupo Municipal Socialista Juan Jos\u00e9 Fern\u00e1ndez Fern\u00e1ndez.<\/p>\n<p>&nbsp;<\/p>\n","protected":false},"excerpt":{"rendered":"<p>El expediente de modificaci\u00f3n presupuestaria que se debatir\u00e1 en el Pleno suplementa las partidas presupuestarias de gastos corrientes. Para hacer frente a m\u00e1s consumos de agua y gastos de Infraestructuras y Bienes Naturales El Ayuntamiento de Carre\u00f1o, celebrar\u00e1 hoy, mi\u00e9rcoles 11 de noviembre, a partir de las seis y media de la tarde un Pleno<\/p>\n","protected":false},"author":1,"featured_media":6453,"comment_status":"closed","ping_status":"closed","sticky":false,"template":"","format":"standard","meta":{"footnotes":""},"categories":[2],"tags":[],"class_list":{"0":"post-148095","1":"post","2":"type-post","3":"status-publish","4":"format-standard","5":"has-post-thumbnail","7":"category-noticias-carreno"},"aioseo_notices":[],"aioseo_head":"\n\t\t<!-- All in One SEO Pro 4.9.6.2 - aioseo.com -->\n\t<meta name=\"description\" content=\"El expediente de modificaci\u00f3n presupuestaria que se debatir\u00e1 en el Pleno suplementa las partidas presupuestarias de gastos corrientes. Para hacer frente a m\u00e1s consumos de agua y gastos de Infraestructuras y Bienes Naturales El Ayuntamiento de Carre\u00f1o, celebrar\u00e1 hoy, mi\u00e9rcoles 11 de noviembre, a partir de las seis y media de la tarde un Pleno\" \/>\n\t<meta name=\"robots\" content=\"max-image-preview:large\" \/>\n\t<meta name=\"author\" content=\"Cand\u00e1s 365\"\/>\n\t<meta name=\"google-site-verification\" content=\"UA-32230408-1\" \/>\n\t<meta name=\"msvalidate.01\" content=\"354F3CDFB2DA171B47FBE9ABF1F88D5\" \/>\n\t<meta name=\"keywords\" content=\"noticias carre\u00f1o\" \/>\n\t<link rel=\"canonical\" href=\"https:\/\/candas365.es\/noticias\/propuesta-de-modificacion-presupuestaria-en-carreno\/\" \/>\n\t<meta name=\"generator\" content=\"All in One SEO Pro (AIOSEO) 4.9.6.2\" \/>\n\t\t<meta property=\"og:locale\" content=\"es_ES\" \/>\n\t\t<meta property=\"og:site_name\" content=\"Cand\u00e1s 365\" \/>\n\t\t<meta property=\"og:type\" content=\"article\" \/>\n\t\t<meta property=\"og:title\" content=\"Propuesta de modificaci\u00f3n presupuestaria en Carre\u00f1o | Cand\u00e1s 365\" \/>\n\t\t<meta property=\"og:description\" content=\"El expediente de modificaci\u00f3n presupuestaria que se debatir\u00e1 en el Pleno suplementa las partidas presupuestarias de gastos corrientes. Para hacer frente a m\u00e1s consumos de agua y gastos de Infraestructuras y Bienes Naturales El Ayuntamiento de Carre\u00f1o, celebrar\u00e1 hoy, mi\u00e9rcoles 11 de noviembre, a partir de las seis y media de la tarde un Pleno\" \/>\n\t\t<meta property=\"og:url\" content=\"https:\/\/candas365.es\/noticias\/propuesta-de-modificacion-presupuestaria-en-carreno\/\" \/>\n\t\t<meta property=\"og:image\" content=\"https:\/\/candas365.es\/noticias\/wp-content\/uploads\/2015\/01\/ayuntamiento.jpg\" \/>\n\t\t<meta property=\"og:image:secure_url\" content=\"https:\/\/candas365.es\/noticias\/wp-content\/uploads\/2015\/01\/ayuntamiento.jpg\" \/>\n\t\t<meta property=\"og:image:width\" content=\"800\" \/>\n\t\t<meta property=\"og:image:height\" content=\"600\" \/>\n\t\t<meta property=\"article:published_time\" content=\"2020-11-11T18:56:24+00:00\" \/>\n\t\t<meta property=\"article:modified_time\" content=\"2020-11-11T18:56:24+00:00\" \/>\n\t\t<meta property=\"article:publisher\" content=\"https:\/\/www.facebook.com\/Nachofdezber\" \/>\n\t\t<meta property=\"article:author\" content=\"https:\/\/www.facebook.com\/carrenoactualidad\" \/>\n\t\t<meta name=\"twitter:card\" content=\"summary_large_image\" \/>\n\t\t<meta name=\"twitter:site\" content=\"@NabercoDigital\" \/>\n\t\t<meta name=\"twitter:title\" content=\"Propuesta de modificaci\u00f3n presupuestaria en Carre\u00f1o | Cand\u00e1s 365\" \/>\n\t\t<meta name=\"twitter:description\" content=\"El expediente de modificaci\u00f3n presupuestaria que se debatir\u00e1 en el Pleno suplementa las partidas presupuestarias de gastos corrientes. Para hacer frente a m\u00e1s consumos de agua y gastos de Infraestructuras y Bienes Naturales El Ayuntamiento de Carre\u00f1o, celebrar\u00e1 hoy, mi\u00e9rcoles 11 de noviembre, a partir de las seis y media de la tarde un Pleno\" \/>\n\t\t<meta name=\"twitter:creator\" content=\"@nbasturias\" \/>\n\t\t<meta name=\"twitter:image\" content=\"https:\/\/candas365.es\/noticias\/wp-content\/uploads\/2015\/01\/ayuntamiento.jpg\" \/>\n\t\t<meta name=\"twitter:label1\" content=\"Escrito por\" \/>\n\t\t<meta name=\"twitter:data1\" content=\"Cand\u00e1s 365\" \/>\n\t\t<meta name=\"twitter:label2\" content=\"Tiempo de lectura estimado\" \/>\n\t\t<meta name=\"twitter:data2\" content=\"3 minutos\" \/>\n\t\t<script type=\"application\/ld+json\" class=\"aioseo-schema\">\n\t\t\t{\"@context\":\"https:\\\/\\\/schema.org\",\"@graph\":[{\"@type\":\"BreadcrumbList\",\"@id\":\"https:\\\/\\\/candas365.es\\\/noticias\\\/propuesta-de-modificacion-presupuestaria-en-carreno\\\/#breadcrumblist\",\"itemListElement\":[{\"@type\":\"ListItem\",\"@id\":\"https:\\\/\\\/candas365.es\\\/noticias#listItem\",\"position\":1,\"name\":\"Home\",\"item\":\"https:\\\/\\\/candas365.es\\\/noticias\",\"nextItem\":{\"@type\":\"ListItem\",\"@id\":\"https:\\\/\\\/candas365.es\\\/noticias\\\/category\\\/noticias-carreno\\\/#listItem\",\"name\":\"Noticias Carre\\u00f1o\"}},{\"@type\":\"ListItem\",\"@id\":\"https:\\\/\\\/candas365.es\\\/noticias\\\/category\\\/noticias-carreno\\\/#listItem\",\"position\":2,\"name\":\"Noticias Carre\\u00f1o\",\"item\":\"https:\\\/\\\/candas365.es\\\/noticias\\\/category\\\/noticias-carreno\\\/\",\"nextItem\":{\"@type\":\"ListItem\",\"@id\":\"https:\\\/\\\/candas365.es\\\/noticias\\\/propuesta-de-modificacion-presupuestaria-en-carreno\\\/#listItem\",\"name\":\"Propuesta de modificaci\\u00f3n presupuestaria en Carre\\u00f1o\"},\"previousItem\":{\"@type\":\"ListItem\",\"@id\":\"https:\\\/\\\/candas365.es\\\/noticias#listItem\",\"name\":\"Home\"}},{\"@type\":\"ListItem\",\"@id\":\"https:\\\/\\\/candas365.es\\\/noticias\\\/propuesta-de-modificacion-presupuestaria-en-carreno\\\/#listItem\",\"position\":3,\"name\":\"Propuesta de modificaci\\u00f3n presupuestaria en Carre\\u00f1o\",\"previousItem\":{\"@type\":\"ListItem\",\"@id\":\"https:\\\/\\\/candas365.es\\\/noticias\\\/category\\\/noticias-carreno\\\/#listItem\",\"name\":\"Noticias Carre\\u00f1o\"}}]},{\"@type\":\"NewsArticle\",\"@id\":\"https:\\\/\\\/candas365.es\\\/noticias\\\/propuesta-de-modificacion-presupuestaria-en-carreno\\\/#newsarticle\",\"name\":\"Propuesta de modificaci\\u00f3n presupuestaria en Carre\\u00f1o | Cand\\u00e1s 365\",\"headline\":\"Propuesta de modificaci\\u00f3n presupuestaria en Carre\\u00f1o\",\"author\":{\"@id\":\"https:\\\/\\\/candas365.es\\\/noticias\\\/author\\\/admin\\\/#author\"},\"publisher\":{\"@id\":\"https:\\\/\\\/candas365.es\\\/noticias\\\/#organization\"},\"image\":{\"@type\":\"ImageObject\",\"url\":\"https:\\\/\\\/candas365.es\\\/noticias\\\/wp-content\\\/uploads\\\/2015\\\/01\\\/ayuntamiento.jpg\",\"width\":800,\"height\":600,\"caption\":\"Carre\\u00f1o\"},\"datePublished\":\"2020-11-11T18:56:24+01:00\",\"dateModified\":\"2020-11-11T18:56:24+01:00\",\"inLanguage\":\"es-ES\",\"mainEntityOfPage\":{\"@id\":\"https:\\\/\\\/candas365.es\\\/noticias\\\/propuesta-de-modificacion-presupuestaria-en-carreno\\\/#webpage\"},\"isPartOf\":{\"@id\":\"https:\\\/\\\/candas365.es\\\/noticias\\\/propuesta-de-modificacion-presupuestaria-en-carreno\\\/#webpage\"},\"articleSection\":\"Noticias Carre\\u00f1o\",\"dateline\":\"Publicado el noviembre 11, 2020.\"},{\"@type\":\"Organization\",\"@id\":\"https:\\\/\\\/candas365.es\\\/noticias\\\/#organization\",\"name\":\"Cand\\u00e1s 365\",\"description\":\"Cand\\u00e1s 365 es un diario digital independiente, fundado en 2012, con base en Asturias. Informamos con rigor sobre actualidad, sociedad, cultura y ocio, con una mirada local y global.\",\"url\":\"https:\\\/\\\/candas365.es\\\/noticias\\\/\",\"email\":\"info@candas365.es\",\"telephone\":\"+34652131393\",\"foundingDate\":\"2012-06-10\",\"logo\":{\"@type\":\"ImageObject\",\"url\":\"https:\\\/\\\/candas365.es\\\/noticias\\\/wp-content\\\/uploads\\\/2024\\\/09\\\/Candas-365-Redes.jpg\",\"@id\":\"https:\\\/\\\/candas365.es\\\/noticias\\\/propuesta-de-modificacion-presupuestaria-en-carreno\\\/#organizationLogo\",\"width\":1152,\"height\":864,\"caption\":\"Cand\\u00e1s 365 Redes\"},\"image\":{\"@id\":\"https:\\\/\\\/candas365.es\\\/noticias\\\/propuesta-de-modificacion-presupuestaria-en-carreno\\\/#organizationLogo\"},\"sameAs\":[\"https:\\\/\\\/www.facebook.com\\\/Nachofdezber\",\"https:\\\/\\\/x.com\\\/NabercoDigital\",\"https:\\\/\\\/www.instagram.com\\\/nachofdezber\\\/\",\"https:\\\/\\\/www.youtube.com\\\/channel\\\/UCZP-2wLEB9Rv6erhFmqVnvg\"],\"address\":{\"@id\":\"https:\\\/\\\/candas365.es\\\/noticias\\\/#postaladdress\",\"@type\":\"PostalAddress\",\"streetAddress\":\"san antonio 4, san antonio 4\",\"postalCode\":\"33430\",\"addressLocality\":\"Cand\\u00e1s\",\"addressRegion\":\"Asturias\",\"addressCountry\":\"ES\"}},{\"@type\":\"Person\",\"@id\":\"https:\\\/\\\/candas365.es\\\/noticias\\\/author\\\/admin\\\/#author\",\"url\":\"https:\\\/\\\/candas365.es\\\/noticias\\\/author\\\/admin\\\/\",\"name\":\"Cand\\u00e1s 365\",\"image\":{\"@type\":\"ImageObject\",\"@id\":\"https:\\\/\\\/candas365.es\\\/noticias\\\/propuesta-de-modificacion-presupuestaria-en-carreno\\\/#authorImage\",\"url\":\"https:\\\/\\\/secure.gravatar.com\\\/avatar\\\/496a8e03d0c493ede1718b7934145dbdf8d89be1036b0eec9544e1094c9de390?s=96&d=mm&r=g\",\"width\":96,\"height\":96,\"caption\":\"Cand\\u00e1s 365\"},\"sameAs\":[\"https:\\\/\\\/www.facebook.com\\\/carrenoactualidad\",\"https:\\\/\\\/twitter.com\\\/nbasturias\",\"https:\\\/\\\/www.instagram.com\\\/nachofdezber\\\/\",\"https:\\\/\\\/www.youtube.com\\\/channel\\\/UCZP-2wLEB9Rv6erhFmqVnvg\"]},{\"@type\":\"WebPage\",\"@id\":\"https:\\\/\\\/candas365.es\\\/noticias\\\/propuesta-de-modificacion-presupuestaria-en-carreno\\\/#webpage\",\"url\":\"https:\\\/\\\/candas365.es\\\/noticias\\\/propuesta-de-modificacion-presupuestaria-en-carreno\\\/\",\"name\":\"Propuesta de modificaci\\u00f3n presupuestaria en Carre\\u00f1o | Cand\\u00e1s 365\",\"description\":\"El expediente de modificaci\\u00f3n presupuestaria que se debatir\\u00e1 en el Pleno suplementa las partidas presupuestarias de gastos corrientes. Para hacer frente a m\\u00e1s consumos de agua y gastos de Infraestructuras y Bienes Naturales El Ayuntamiento de Carre\\u00f1o, celebrar\\u00e1 hoy, mi\\u00e9rcoles 11 de noviembre, a partir de las seis y media de la tarde un Pleno\",\"inLanguage\":\"es-ES\",\"isPartOf\":{\"@id\":\"https:\\\/\\\/candas365.es\\\/noticias\\\/#website\"},\"breadcrumb\":{\"@id\":\"https:\\\/\\\/candas365.es\\\/noticias\\\/propuesta-de-modificacion-presupuestaria-en-carreno\\\/#breadcrumblist\"},\"author\":{\"@id\":\"https:\\\/\\\/candas365.es\\\/noticias\\\/author\\\/admin\\\/#author\"},\"creator\":{\"@id\":\"https:\\\/\\\/candas365.es\\\/noticias\\\/author\\\/admin\\\/#author\"},\"image\":{\"@type\":\"ImageObject\",\"url\":\"https:\\\/\\\/candas365.es\\\/noticias\\\/wp-content\\\/uploads\\\/2015\\\/01\\\/ayuntamiento.jpg\",\"@id\":\"https:\\\/\\\/candas365.es\\\/noticias\\\/propuesta-de-modificacion-presupuestaria-en-carreno\\\/#mainImage\",\"width\":800,\"height\":600,\"caption\":\"Carre\\u00f1o\"},\"primaryImageOfPage\":{\"@id\":\"https:\\\/\\\/candas365.es\\\/noticias\\\/propuesta-de-modificacion-presupuestaria-en-carreno\\\/#mainImage\"},\"datePublished\":\"2020-11-11T18:56:24+01:00\",\"dateModified\":\"2020-11-11T18:56:24+01:00\"},{\"@type\":\"WebSite\",\"@id\":\"https:\\\/\\\/candas365.es\\\/noticias\\\/#website\",\"url\":\"https:\\\/\\\/candas365.es\\\/noticias\\\/\",\"name\":\"Cand\\u00e1s 365\",\"alternateName\":\"Cand\\u00e1s 365 Noticias\",\"description\":\"Actualidad desde Carre\\u00f1o para el mundo\",\"inLanguage\":\"es-ES\",\"publisher\":{\"@id\":\"https:\\\/\\\/candas365.es\\\/noticias\\\/#organization\"}}]}\n\t\t<\/script>\n\t\t<!-- All in One SEO Pro -->\r\n\t\t<title>Propuesta de modificaci\u00f3n presupuestaria en Carre\u00f1o | Cand\u00e1s 365<\/title>\n\n","aioseo_head_json":{"title":"Propuesta de modificaci\u00f3n presupuestaria en Carre\u00f1o | Cand\u00e1s 365","description":"El expediente de modificaci\u00f3n presupuestaria que se debatir\u00e1 en el Pleno suplementa las partidas presupuestarias de gastos corrientes. Para hacer frente a m\u00e1s consumos de agua y gastos de Infraestructuras y Bienes Naturales El Ayuntamiento de Carre\u00f1o, celebrar\u00e1 hoy, mi\u00e9rcoles 11 de noviembre, a partir de las seis y media de la tarde un Pleno","canonical_url":"https:\/\/candas365.es\/noticias\/propuesta-de-modificacion-presupuestaria-en-carreno\/","robots":"max-image-preview:large","keywords":"noticias carre\u00f1o","webmasterTools":{"google-site-verification":"UA-32230408-1","msvalidate.01":"354F3CDFB2DA171B47FBE9ABF1F88D5","miscellaneous":""},"schema":{"@context":"https:\/\/schema.org","@graph":[{"@type":"BreadcrumbList","@id":"https:\/\/candas365.es\/noticias\/propuesta-de-modificacion-presupuestaria-en-carreno\/#breadcrumblist","itemListElement":[{"@type":"ListItem","@id":"https:\/\/candas365.es\/noticias#listItem","position":1,"name":"Home","item":"https:\/\/candas365.es\/noticias","nextItem":{"@type":"ListItem","@id":"https:\/\/candas365.es\/noticias\/category\/noticias-carreno\/#listItem","name":"Noticias Carre\u00f1o"}},{"@type":"ListItem","@id":"https:\/\/candas365.es\/noticias\/category\/noticias-carreno\/#listItem","position":2,"name":"Noticias Carre\u00f1o","item":"https:\/\/candas365.es\/noticias\/category\/noticias-carreno\/","nextItem":{"@type":"ListItem","@id":"https:\/\/candas365.es\/noticias\/propuesta-de-modificacion-presupuestaria-en-carreno\/#listItem","name":"Propuesta de modificaci\u00f3n presupuestaria en Carre\u00f1o"},"previousItem":{"@type":"ListItem","@id":"https:\/\/candas365.es\/noticias#listItem","name":"Home"}},{"@type":"ListItem","@id":"https:\/\/candas365.es\/noticias\/propuesta-de-modificacion-presupuestaria-en-carreno\/#listItem","position":3,"name":"Propuesta de modificaci\u00f3n presupuestaria en Carre\u00f1o","previousItem":{"@type":"ListItem","@id":"https:\/\/candas365.es\/noticias\/category\/noticias-carreno\/#listItem","name":"Noticias Carre\u00f1o"}}]},{"@type":"NewsArticle","@id":"https:\/\/candas365.es\/noticias\/propuesta-de-modificacion-presupuestaria-en-carreno\/#newsarticle","name":"Propuesta de modificaci\u00f3n presupuestaria en Carre\u00f1o | Cand\u00e1s 365","headline":"Propuesta de modificaci\u00f3n presupuestaria en Carre\u00f1o","author":{"@id":"https:\/\/candas365.es\/noticias\/author\/admin\/#author"},"publisher":{"@id":"https:\/\/candas365.es\/noticias\/#organization"},"image":{"@type":"ImageObject","url":"https:\/\/candas365.es\/noticias\/wp-content\/uploads\/2015\/01\/ayuntamiento.jpg","width":800,"height":600,"caption":"Carre\u00f1o"},"datePublished":"2020-11-11T18:56:24+01:00","dateModified":"2020-11-11T18:56:24+01:00","inLanguage":"es-ES","mainEntityOfPage":{"@id":"https:\/\/candas365.es\/noticias\/propuesta-de-modificacion-presupuestaria-en-carreno\/#webpage"},"isPartOf":{"@id":"https:\/\/candas365.es\/noticias\/propuesta-de-modificacion-presupuestaria-en-carreno\/#webpage"},"articleSection":"Noticias Carre\u00f1o","dateline":"Publicado el noviembre 11, 2020."},{"@type":"Organization","@id":"https:\/\/candas365.es\/noticias\/#organization","name":"Cand\u00e1s 365","description":"Cand\u00e1s 365 es un diario digital independiente, fundado en 2012, con base en Asturias. Informamos con rigor sobre actualidad, sociedad, cultura y ocio, con una mirada local y global.","url":"https:\/\/candas365.es\/noticias\/","email":"info@candas365.es","telephone":"+34652131393","foundingDate":"2012-06-10","logo":{"@type":"ImageObject","url":"https:\/\/candas365.es\/noticias\/wp-content\/uploads\/2024\/09\/Candas-365-Redes.jpg","@id":"https:\/\/candas365.es\/noticias\/propuesta-de-modificacion-presupuestaria-en-carreno\/#organizationLogo","width":1152,"height":864,"caption":"Cand\u00e1s 365 Redes"},"image":{"@id":"https:\/\/candas365.es\/noticias\/propuesta-de-modificacion-presupuestaria-en-carreno\/#organizationLogo"},"sameAs":["https:\/\/www.facebook.com\/Nachofdezber","https:\/\/x.com\/NabercoDigital","https:\/\/www.instagram.com\/nachofdezber\/","https:\/\/www.youtube.com\/channel\/UCZP-2wLEB9Rv6erhFmqVnvg"],"address":{"@id":"https:\/\/candas365.es\/noticias\/#postaladdress","@type":"PostalAddress","streetAddress":"san antonio 4, san antonio 4","postalCode":"33430","addressLocality":"Cand\u00e1s","addressRegion":"Asturias","addressCountry":"ES"}},{"@type":"Person","@id":"https:\/\/candas365.es\/noticias\/author\/admin\/#author","url":"https:\/\/candas365.es\/noticias\/author\/admin\/","name":"Cand\u00e1s 365","image":{"@type":"ImageObject","@id":"https:\/\/candas365.es\/noticias\/propuesta-de-modificacion-presupuestaria-en-carreno\/#authorImage","url":"https:\/\/secure.gravatar.com\/avatar\/496a8e03d0c493ede1718b7934145dbdf8d89be1036b0eec9544e1094c9de390?s=96&d=mm&r=g","width":96,"height":96,"caption":"Cand\u00e1s 365"},"sameAs":["https:\/\/www.facebook.com\/carrenoactualidad","https:\/\/twitter.com\/nbasturias","https:\/\/www.instagram.com\/nachofdezber\/","https:\/\/www.youtube.com\/channel\/UCZP-2wLEB9Rv6erhFmqVnvg"]},{"@type":"WebPage","@id":"https:\/\/candas365.es\/noticias\/propuesta-de-modificacion-presupuestaria-en-carreno\/#webpage","url":"https:\/\/candas365.es\/noticias\/propuesta-de-modificacion-presupuestaria-en-carreno\/","name":"Propuesta de modificaci\u00f3n presupuestaria en Carre\u00f1o | Cand\u00e1s 365","description":"El expediente de modificaci\u00f3n presupuestaria que se debatir\u00e1 en el Pleno suplementa las partidas presupuestarias de gastos corrientes. Para hacer frente a m\u00e1s consumos de agua y gastos de Infraestructuras y Bienes Naturales El Ayuntamiento de Carre\u00f1o, celebrar\u00e1 hoy, mi\u00e9rcoles 11 de noviembre, a partir de las seis y media de la tarde un Pleno","inLanguage":"es-ES","isPartOf":{"@id":"https:\/\/candas365.es\/noticias\/#website"},"breadcrumb":{"@id":"https:\/\/candas365.es\/noticias\/propuesta-de-modificacion-presupuestaria-en-carreno\/#breadcrumblist"},"author":{"@id":"https:\/\/candas365.es\/noticias\/author\/admin\/#author"},"creator":{"@id":"https:\/\/candas365.es\/noticias\/author\/admin\/#author"},"image":{"@type":"ImageObject","url":"https:\/\/candas365.es\/noticias\/wp-content\/uploads\/2015\/01\/ayuntamiento.jpg","@id":"https:\/\/candas365.es\/noticias\/propuesta-de-modificacion-presupuestaria-en-carreno\/#mainImage","width":800,"height":600,"caption":"Carre\u00f1o"},"primaryImageOfPage":{"@id":"https:\/\/candas365.es\/noticias\/propuesta-de-modificacion-presupuestaria-en-carreno\/#mainImage"},"datePublished":"2020-11-11T18:56:24+01:00","dateModified":"2020-11-11T18:56:24+01:00"},{"@type":"WebSite","@id":"https:\/\/candas365.es\/noticias\/#website","url":"https:\/\/candas365.es\/noticias\/","name":"Cand\u00e1s 365","alternateName":"Cand\u00e1s 365 Noticias","description":"Actualidad desde Carre\u00f1o para el mundo","inLanguage":"es-ES","publisher":{"@id":"https:\/\/candas365.es\/noticias\/#organization"}}]},"og:locale":"es_ES","og:site_name":"Cand\u00e1s 365","og:type":"article","og:title":"Propuesta de modificaci\u00f3n presupuestaria en Carre\u00f1o | Cand\u00e1s 365","og:description":"El expediente de modificaci\u00f3n presupuestaria que se debatir\u00e1 en el Pleno suplementa las partidas presupuestarias de gastos corrientes. Para hacer frente a m\u00e1s consumos de agua y gastos de Infraestructuras y Bienes Naturales El Ayuntamiento de Carre\u00f1o, celebrar\u00e1 hoy, mi\u00e9rcoles 11 de noviembre, a partir de las seis y media de la tarde un Pleno","og:url":"https:\/\/candas365.es\/noticias\/propuesta-de-modificacion-presupuestaria-en-carreno\/","og:image":"https:\/\/candas365.es\/noticias\/wp-content\/uploads\/2015\/01\/ayuntamiento.jpg","og:image:secure_url":"https:\/\/candas365.es\/noticias\/wp-content\/uploads\/2015\/01\/ayuntamiento.jpg","og:image:width":800,"og:image:height":600,"article:published_time":"2020-11-11T18:56:24+00:00","article:modified_time":"2020-11-11T18:56:24+00:00","article:publisher":"https:\/\/www.facebook.com\/Nachofdezber","article:author":"https:\/\/www.facebook.com\/carrenoactualidad","twitter:card":"summary_large_image","twitter:site":"@NabercoDigital","twitter:title":"Propuesta de modificaci\u00f3n presupuestaria en Carre\u00f1o | Cand\u00e1s 365","twitter:description":"El expediente de modificaci\u00f3n presupuestaria que se debatir\u00e1 en el Pleno suplementa las partidas presupuestarias de gastos corrientes. Para hacer frente a m\u00e1s consumos de agua y gastos de Infraestructuras y Bienes Naturales El Ayuntamiento de Carre\u00f1o, celebrar\u00e1 hoy, mi\u00e9rcoles 11 de noviembre, a partir de las seis y media de la tarde un Pleno","twitter:creator":"@nbasturias","twitter:image":"https:\/\/candas365.es\/noticias\/wp-content\/uploads\/2015\/01\/ayuntamiento.jpg","twitter:label1":"Escrito por","twitter:data1":"Cand\u00e1s 365","twitter:label2":"Tiempo de lectura estimado","twitter:data2":"3 minutos"},"aioseo_meta_data":{"post_id":"148095","title":null,"description":"","keywords":"","keyphrases":null,"primary_term":null,"canonical_url":"","og_title":null,"og_description":null,"og_object_type":"default","og_image_type":"default","og_image_url":null,"og_image_width":null,"og_image_height":null,"og_image_custom_url":null,"og_image_custom_fields":null,"og_video":null,"og_custom_url":null,"og_article_section":null,"og_article_tags":null,"twitter_use_og":false,"twitter_card":"default","twitter_image_type":"default","twitter_image_url":null,"twitter_image_custom_url":null,"twitter_image_custom_fields":null,"twitter_title":null,"twitter_description":null,"schema":{"blockGraphs":[],"customGraphs":[],"default":{"data":{"Article":[],"Course":[],"Dataset":[],"FAQPage":[],"Movie":[],"Person":[],"Product":[],"ProductReview":[],"Car":[],"Recipe":[],"Service":[],"SoftwareApplication":[],"WebPage":[]},"graphName":"","isEnabled":true},"graphs":[],"defaultGraph":"","defaultPostTypeGraph":""},"schema_type":null,"schema_type_options":null,"pillar_content":false,"robots_default":true,"robots_noindex":false,"robots_noarchive":false,"robots_nosnippet":false,"robots_nofollow":false,"robots_noimageindex":false,"robots_noodp":false,"robots_notranslate":false,"robots_max_snippet":null,"robots_max_videopreview":null,"robots_max_imagepreview":"large","priority":null,"frequency":null,"location":null,"local_seo":null,"seo_analyzer_scan_date":"2025-08-31 13:02:19","breadcrumb_settings":null,"limit_modified_date":false,"reviewed_by":null,"open_ai":null,"ai":null,"created":"2020-12-21 10:38:39","updated":"2025-08-31 13:02:19"},"aioseo_breadcrumb":"<div class=\"aioseo-breadcrumbs\"><span class=\"aioseo-breadcrumb\">\n\t<a href=\"https:\/\/candas365.es\/noticias\" title=\"Home\">Home<\/a>\n<\/span><span class=\"aioseo-breadcrumb-separator\">&ndash;<\/span><span class=\"aioseo-breadcrumb\">\n\t<a href=\"https:\/\/candas365.es\/noticias\/category\/noticias-carreno\/\" title=\"Noticias Carre\u00f1o\">Noticias Carre\u00f1o<\/a>\n<\/span><span class=\"aioseo-breadcrumb-separator\">&ndash;<\/span><span class=\"aioseo-breadcrumb\">\n\tPropuesta de modificaci\u00f3n presupuestaria en Carre\u00f1o\n<\/span><\/div>","aioseo_breadcrumb_json":[{"label":"Home","link":"https:\/\/candas365.es\/noticias"},{"label":"Noticias Carre\u00f1o","link":"https:\/\/candas365.es\/noticias\/category\/noticias-carreno\/"},{"label":"Propuesta de modificaci\u00f3n presupuestaria en Carre\u00f1o","link":"https:\/\/candas365.es\/noticias\/propuesta-de-modificacion-presupuestaria-en-carreno\/"}],"_links":{"self":[{"href":"https:\/\/candas365.es\/noticias\/wp-json\/wp\/v2\/posts\/148095","targetHints":{"allow":["GET"]}}],"collection":[{"href":"https:\/\/candas365.es\/noticias\/wp-json\/wp\/v2\/posts"}],"about":[{"href":"https:\/\/candas365.es\/noticias\/wp-json\/wp\/v2\/types\/post"}],"author":[{"embeddable":true,"href":"https:\/\/candas365.es\/noticias\/wp-json\/wp\/v2\/users\/1"}],"replies":[{"embeddable":true,"href":"https:\/\/candas365.es\/noticias\/wp-json\/wp\/v2\/comments?post=148095"}],"version-history":[{"count":0,"href":"https:\/\/candas365.es\/noticias\/wp-json\/wp\/v2\/posts\/148095\/revisions"}],"wp:featuredmedia":[{"embeddable":true,"href":"https:\/\/candas365.es\/noticias\/wp-json\/wp\/v2\/media\/6453"}],"wp:attachment":[{"href":"https:\/\/candas365.es\/noticias\/wp-json\/wp\/v2\/media?parent=148095"}],"wp:term":[{"taxonomy":"category","embeddable":true,"href":"https:\/\/candas365.es\/noticias\/wp-json\/wp\/v2\/categories?post=148095"},{"taxonomy":"post_tag","embeddable":true,"href":"https:\/\/candas365.es\/noticias\/wp-json\/wp\/v2\/tags?post=148095"}],"curies":[{"name":"wp","href":"https:\/\/api.w.org\/{rel}","templated":true}]}}