{"id":148090,"date":"2020-11-11T18:40:25","date_gmt":"2020-11-11T18:40:25","guid":{"rendered":"http:\/\/candas365.es\/noticias\/?p=148090"},"modified":"2020-11-11T18:40:25","modified_gmt":"2020-11-11T18:40:25","slug":"proyecto-de-reconstruccion-de-un-tramo-de-la-acera-en-la-as-326","status":"publish","type":"post","link":"https:\/\/candas365.es\/noticias\/proyecto-de-reconstruccion-de-un-tramo-de-la-acera-en-la-as-326\/","title":{"rendered":"Proyecto de Reconstrucci\u00f3n de un tramo de la acera en la AS-326"},"content":{"rendered":"<p><img fetchpriority=\"high\" decoding=\"async\" class=\"alignleft size-medium wp-image-6453\" src=\"https:\/\/candas365.es\/noticias\/wp-content\/uploads\/2015\/01\/ayuntamiento-360x270.jpg\" alt=\"\" width=\"360\" height=\"270\" srcset=\"https:\/\/candas365.es\/noticias\/wp-content\/uploads\/2015\/01\/ayuntamiento-360x270.jpg 360w, https:\/\/candas365.es\/noticias\/wp-content\/uploads\/2015\/01\/ayuntamiento-640x480.jpg 640w, https:\/\/candas365.es\/noticias\/wp-content\/uploads\/2015\/01\/ayuntamiento-768x576.jpg 768w, https:\/\/candas365.es\/noticias\/wp-content\/uploads\/2015\/01\/ayuntamiento-150x113.jpg 150w, https:\/\/candas365.es\/noticias\/wp-content\/uploads\/2015\/01\/ayuntamiento-450x338.jpg 450w, https:\/\/candas365.es\/noticias\/wp-content\/uploads\/2015\/01\/ayuntamiento-80x60.jpg 80w, https:\/\/candas365.es\/noticias\/wp-content\/uploads\/2015\/01\/ayuntamiento-265x198.jpg 265w, https:\/\/candas365.es\/noticias\/wp-content\/uploads\/2015\/01\/ayuntamiento-696x522.jpg 696w, https:\/\/candas365.es\/noticias\/wp-content\/uploads\/2015\/01\/ayuntamiento-560x420.jpg 560w, https:\/\/candas365.es\/noticias\/wp-content\/uploads\/2015\/01\/ayuntamiento-90x67.jpg 90w, https:\/\/candas365.es\/noticias\/wp-content\/uploads\/2015\/01\/ayuntamiento.jpg 800w\" sizes=\"(max-width: 360px) 100vw, 360px\" \/>Estos d\u00edas dan comienzo los trabajos previos para la realizaci\u00f3n del estudio geot\u00e9cnico que servir\u00e1 como base para la elaboraci\u00f3n del proyecto de reconstrucci\u00f3n del tramo hundido de la hacer en la AS-236 a su paso por la parroquia de Tam\u00f3n.<\/p>\n<p>\u201cDurante el per\u00edodo de lluvias acontecidas el pasado oto\u00f1o-invierno se produce el hundimiento de unos 100 m de la acera del margen norte de la carretera auton\u00f3mica AS-236 Tabaza-Ser\u00edn, a la altura del cementerio de la Iglesia de San Juan de Tam\u00f3n. En una primera intervenci\u00f3n de emergencia, desde el servicio de obras municipal, se estabiliza el firme de la carretera mediante una hinca de carriles de acero y la ejecuci\u00f3n de un zuncode HA de coronaci\u00f3n. Una vez finalizada esta intervenci\u00f3n la Oficina T\u00e9cnica Municipal constat\u00f3 que era necesario elaborar un diagn\u00f3stico preciso sobre los problemas de estabilidad del terreno y de esta forma proyectar una reparaci\u00f3n definitiva del tramo de vial afectado\u201d explic\u00f3 Manuel Noceda-Concejal de Medio Rural.<\/p>\n<p>\u201cUna vez realizada esta primera intervenci\u00f3n en el marco de los proyectos con cargo al Fondo de Compensaci\u00f3n de COGERSA del a\u00f1o 2020, las dos entidades vecinales de la parroquia, San Juan y El Xolin, solicitaron estos primeros trabajos con el objetivo de solucionar el arreglo del hundimiento de la acera\u201d se\u00f1al\u00f3 el Concejal.<\/p>\n<p>\u201cAnualmente, los Presupuestos del Consorcio de Gesti\u00f3n de Residuos S\u00f3lidos de Asturias, a trav\u00e9s de su Fondo de Compensaci\u00f3n, tiene previsto una partida para subvencionar a los ayuntamientos lim\u00edtrofes. En el ejercicio del 2020 se aprob\u00f3 la concesi\u00f3n de una subvenci\u00f3n al Ayuntamiento de Carre\u00f1o para financiar actividades o infraestructuras en las parroquias de Tam\u00f3ny Amb\u00e1s por importe de 54.091 \u20ac. Entre las propuestas que desde la Concejal\u00eda que presido, se remitieron a COGERSA para su aprobaci\u00f3n por la Comisi\u00f3n Delegada, previa consulta y acuerdo con las Asociaciones Vecinales de las Parroquias implicadas, se solicit\u00f3 el estudio geot\u00e9cnico y la redacci\u00f3n del proyecto de la acera. Aprobando dicha petici\u00f3n el Consorcio como una de las actividades subvencionables\u201d coment\u00f3 el Edil.<\/p>\n<p>\u201cTras el proceso de licitaci\u00f3n correspondiente, en el que concurrieron 3 empresas, la Asistencia T\u00e9cnica para la realizaci\u00f3n del Estudio Geot\u00e9cnico y redacci\u00f3n del Proyecto de Ejecuci\u00f3n para la reparaci\u00f3n del tramo de acera en la AS-326 fue adjudicado a CIPP Internacional, S.L. por un importe final de 5.203 \u20ac, al ser la oferta m\u00e1s ventajosa en t\u00e9rminos de calidad-precio\u201d avanz\u00f3 Noceda.<\/p>\n<p>Entre las labores que la ingenier\u00eda debe llevar a cabo en cuanto al estudio geot\u00e9cnico se encuentran la realizaci\u00f3n de las calicatas necesarias y 3 ensayos de penetraci\u00f3n din\u00e1mica continua, como m\u00ednimo, uno en la base del talud y dos en la coronaci\u00f3n para la redacci\u00f3n del informe t\u00e9cnico que determinar\u00e1 la causa de la patolog\u00eda, antecedentes, \u2026 adem\u00e1s de se\u00f1alar las causas del colapso y las posibles soluciones con sus valoraciones t\u00e9cnico-econ\u00f3micas.<\/p>\n<p>Mientras que, en cuanto a la redacci\u00f3n del proyecto de ejecuci\u00f3n, este deber\u00e1 definir en su totalidad la ejecuci\u00f3n de las obras a realizar para conseguir la estabilizaci\u00f3n de la ladera. El dise\u00f1o y definici\u00f3n del nuevo tramo de acera con los elementos de captaci\u00f3n, conducci\u00f3n y evacuaci\u00f3n de aguas de escorrent\u00eda superficial, as\u00ed como la reposici\u00f3n de otras redes e infraestructuras existentes. Como complemento la empresa deber\u00e1 realizar las labores previas preparatorias en la zona afectada, como el desbroce, demoliciones,\u2026 y el saneado del terreno previo a la reconstrucci\u00f3n de la acera.<\/p>\n<p>La duraci\u00f3n de estos trabajos y la entrega del proyecto no exceder\u00e1 de m\u00e1s de 12 meses.<\/p>\n","protected":false},"excerpt":{"rendered":"<p>Estos d\u00edas dan comienzo los trabajos previos para la realizaci\u00f3n del estudio geot\u00e9cnico que servir\u00e1 como base para la elaboraci\u00f3n del proyecto de reconstrucci\u00f3n del tramo hundido de la hacer en la AS-236 a su paso por la parroquia de Tam\u00f3n. \u201cDurante el per\u00edodo de lluvias acontecidas el pasado oto\u00f1o-invierno se produce el hundimiento de<\/p>\n","protected":false},"author":1,"featured_media":6453,"comment_status":"closed","ping_status":"closed","sticky":false,"template":"","format":"standard","meta":{"footnotes":""},"categories":[2],"tags":[],"class_list":{"0":"post-148090","1":"post","2":"type-post","3":"status-publish","4":"format-standard","5":"has-post-thumbnail","7":"category-noticias-carreno"},"aioseo_notices":[],"aioseo_head":"\n\t\t<!-- All in One SEO Pro 4.9.6.2 - aioseo.com -->\n\t<meta name=\"description\" content=\"Estos d\u00edas dan comienzo los trabajos previos para la realizaci\u00f3n del estudio geot\u00e9cnico que servir\u00e1 como base para la elaboraci\u00f3n del proyecto de reconstrucci\u00f3n del tramo hundido de la hacer en la AS-236 a su paso por la parroquia de Tam\u00f3n. \u201cDurante el per\u00edodo de lluvias acontecidas el pasado oto\u00f1o-invierno se produce el hundimiento de\" \/>\n\t<meta name=\"robots\" content=\"max-image-preview:large\" \/>\n\t<meta name=\"author\" content=\"Cand\u00e1s 365\"\/>\n\t<meta name=\"google-site-verification\" content=\"UA-32230408-1\" \/>\n\t<meta name=\"msvalidate.01\" content=\"354F3CDFB2DA171B47FBE9ABF1F88D5\" \/>\n\t<meta name=\"keywords\" content=\"noticias carre\u00f1o\" \/>\n\t<link rel=\"canonical\" href=\"https:\/\/candas365.es\/noticias\/proyecto-de-reconstruccion-de-un-tramo-de-la-acera-en-la-as-326\/\" \/>\n\t<meta name=\"generator\" content=\"All in One SEO Pro (AIOSEO) 4.9.6.2\" \/>\n\t\t<meta property=\"og:locale\" content=\"es_ES\" \/>\n\t\t<meta property=\"og:site_name\" content=\"Cand\u00e1s 365\" \/>\n\t\t<meta property=\"og:type\" content=\"article\" \/>\n\t\t<meta property=\"og:title\" content=\"Proyecto de Reconstrucci\u00f3n de un tramo de la acera en la AS-326 | Cand\u00e1s 365\" \/>\n\t\t<meta property=\"og:description\" content=\"Estos d\u00edas dan comienzo los trabajos previos para la realizaci\u00f3n del estudio geot\u00e9cnico que servir\u00e1 como base para la elaboraci\u00f3n del proyecto de reconstrucci\u00f3n del tramo hundido de la hacer en la AS-236 a su paso por la parroquia de Tam\u00f3n. \u201cDurante el per\u00edodo de lluvias acontecidas el pasado oto\u00f1o-invierno se produce el hundimiento de\" \/>\n\t\t<meta property=\"og:url\" content=\"https:\/\/candas365.es\/noticias\/proyecto-de-reconstruccion-de-un-tramo-de-la-acera-en-la-as-326\/\" \/>\n\t\t<meta property=\"og:image\" content=\"https:\/\/candas365.es\/noticias\/wp-content\/uploads\/2015\/01\/ayuntamiento.jpg\" \/>\n\t\t<meta property=\"og:image:secure_url\" content=\"https:\/\/candas365.es\/noticias\/wp-content\/uploads\/2015\/01\/ayuntamiento.jpg\" \/>\n\t\t<meta property=\"og:image:width\" content=\"800\" \/>\n\t\t<meta property=\"og:image:height\" content=\"600\" \/>\n\t\t<meta property=\"article:published_time\" content=\"2020-11-11T18:40:25+00:00\" \/>\n\t\t<meta property=\"article:modified_time\" content=\"2020-11-11T18:40:25+00:00\" \/>\n\t\t<meta property=\"article:publisher\" content=\"https:\/\/www.facebook.com\/Nachofdezber\" \/>\n\t\t<meta property=\"article:author\" content=\"https:\/\/www.facebook.com\/carrenoactualidad\" \/>\n\t\t<meta name=\"twitter:card\" content=\"summary_large_image\" \/>\n\t\t<meta name=\"twitter:site\" content=\"@NabercoDigital\" \/>\n\t\t<meta name=\"twitter:title\" content=\"Proyecto de Reconstrucci\u00f3n de un tramo de la acera en la AS-326 | Cand\u00e1s 365\" \/>\n\t\t<meta name=\"twitter:description\" content=\"Estos d\u00edas dan comienzo los trabajos previos para la realizaci\u00f3n del estudio geot\u00e9cnico que servir\u00e1 como base para la elaboraci\u00f3n del proyecto de reconstrucci\u00f3n del tramo hundido de la hacer en la AS-236 a su paso por la parroquia de Tam\u00f3n. \u201cDurante el per\u00edodo de lluvias acontecidas el pasado oto\u00f1o-invierno se produce el hundimiento de\" \/>\n\t\t<meta name=\"twitter:creator\" content=\"@nbasturias\" \/>\n\t\t<meta name=\"twitter:image\" content=\"https:\/\/candas365.es\/noticias\/wp-content\/uploads\/2015\/01\/ayuntamiento.jpg\" \/>\n\t\t<meta name=\"twitter:label1\" content=\"Escrito por\" \/>\n\t\t<meta name=\"twitter:data1\" content=\"Cand\u00e1s 365\" \/>\n\t\t<meta name=\"twitter:label2\" content=\"Tiempo de lectura estimado\" \/>\n\t\t<meta name=\"twitter:data2\" content=\"3 minutos\" \/>\n\t\t<script type=\"application\/ld+json\" class=\"aioseo-schema\">\n\t\t\t{\"@context\":\"https:\\\/\\\/schema.org\",\"@graph\":[{\"@type\":\"BreadcrumbList\",\"@id\":\"https:\\\/\\\/candas365.es\\\/noticias\\\/proyecto-de-reconstruccion-de-un-tramo-de-la-acera-en-la-as-326\\\/#breadcrumblist\",\"itemListElement\":[{\"@type\":\"ListItem\",\"@id\":\"https:\\\/\\\/candas365.es\\\/noticias#listItem\",\"position\":1,\"name\":\"Home\",\"item\":\"https:\\\/\\\/candas365.es\\\/noticias\",\"nextItem\":{\"@type\":\"ListItem\",\"@id\":\"https:\\\/\\\/candas365.es\\\/noticias\\\/category\\\/noticias-carreno\\\/#listItem\",\"name\":\"Noticias Carre\\u00f1o\"}},{\"@type\":\"ListItem\",\"@id\":\"https:\\\/\\\/candas365.es\\\/noticias\\\/category\\\/noticias-carreno\\\/#listItem\",\"position\":2,\"name\":\"Noticias Carre\\u00f1o\",\"item\":\"https:\\\/\\\/candas365.es\\\/noticias\\\/category\\\/noticias-carreno\\\/\",\"nextItem\":{\"@type\":\"ListItem\",\"@id\":\"https:\\\/\\\/candas365.es\\\/noticias\\\/proyecto-de-reconstruccion-de-un-tramo-de-la-acera-en-la-as-326\\\/#listItem\",\"name\":\"Proyecto de Reconstrucci\\u00f3n de un tramo de la acera en la AS-326\"},\"previousItem\":{\"@type\":\"ListItem\",\"@id\":\"https:\\\/\\\/candas365.es\\\/noticias#listItem\",\"name\":\"Home\"}},{\"@type\":\"ListItem\",\"@id\":\"https:\\\/\\\/candas365.es\\\/noticias\\\/proyecto-de-reconstruccion-de-un-tramo-de-la-acera-en-la-as-326\\\/#listItem\",\"position\":3,\"name\":\"Proyecto de Reconstrucci\\u00f3n de un tramo de la acera en la AS-326\",\"previousItem\":{\"@type\":\"ListItem\",\"@id\":\"https:\\\/\\\/candas365.es\\\/noticias\\\/category\\\/noticias-carreno\\\/#listItem\",\"name\":\"Noticias Carre\\u00f1o\"}}]},{\"@type\":\"NewsArticle\",\"@id\":\"https:\\\/\\\/candas365.es\\\/noticias\\\/proyecto-de-reconstruccion-de-un-tramo-de-la-acera-en-la-as-326\\\/#newsarticle\",\"name\":\"Proyecto de Reconstrucci\\u00f3n de un tramo de la acera en la AS-326 | Cand\\u00e1s 365\",\"headline\":\"Proyecto de Reconstrucci\\u00f3n de un tramo de la acera en la AS-326\",\"author\":{\"@id\":\"https:\\\/\\\/candas365.es\\\/noticias\\\/author\\\/admin\\\/#author\"},\"publisher\":{\"@id\":\"https:\\\/\\\/candas365.es\\\/noticias\\\/#organization\"},\"image\":{\"@type\":\"ImageObject\",\"url\":\"https:\\\/\\\/candas365.es\\\/noticias\\\/wp-content\\\/uploads\\\/2015\\\/01\\\/ayuntamiento.jpg\",\"width\":800,\"height\":600,\"caption\":\"Carre\\u00f1o\"},\"datePublished\":\"2020-11-11T18:40:25+01:00\",\"dateModified\":\"2020-11-11T18:40:25+01:00\",\"inLanguage\":\"es-ES\",\"mainEntityOfPage\":{\"@id\":\"https:\\\/\\\/candas365.es\\\/noticias\\\/proyecto-de-reconstruccion-de-un-tramo-de-la-acera-en-la-as-326\\\/#webpage\"},\"isPartOf\":{\"@id\":\"https:\\\/\\\/candas365.es\\\/noticias\\\/proyecto-de-reconstruccion-de-un-tramo-de-la-acera-en-la-as-326\\\/#webpage\"},\"articleSection\":\"Noticias Carre\\u00f1o\",\"dateline\":\"Publicado el noviembre 11, 2020.\"},{\"@type\":\"Organization\",\"@id\":\"https:\\\/\\\/candas365.es\\\/noticias\\\/#organization\",\"name\":\"Cand\\u00e1s 365\",\"description\":\"Cand\\u00e1s 365 es un diario digital independiente, fundado en 2012, con base en Asturias. Informamos con rigor sobre actualidad, sociedad, cultura y ocio, con una mirada local y global.\",\"url\":\"https:\\\/\\\/candas365.es\\\/noticias\\\/\",\"email\":\"info@candas365.es\",\"telephone\":\"+34652131393\",\"foundingDate\":\"2012-06-10\",\"logo\":{\"@type\":\"ImageObject\",\"url\":\"https:\\\/\\\/candas365.es\\\/noticias\\\/wp-content\\\/uploads\\\/2024\\\/09\\\/Candas-365-Redes.jpg\",\"@id\":\"https:\\\/\\\/candas365.es\\\/noticias\\\/proyecto-de-reconstruccion-de-un-tramo-de-la-acera-en-la-as-326\\\/#organizationLogo\",\"width\":1152,\"height\":864,\"caption\":\"Cand\\u00e1s 365 Redes\"},\"image\":{\"@id\":\"https:\\\/\\\/candas365.es\\\/noticias\\\/proyecto-de-reconstruccion-de-un-tramo-de-la-acera-en-la-as-326\\\/#organizationLogo\"},\"sameAs\":[\"https:\\\/\\\/www.facebook.com\\\/Nachofdezber\",\"https:\\\/\\\/x.com\\\/NabercoDigital\",\"https:\\\/\\\/www.instagram.com\\\/nachofdezber\\\/\",\"https:\\\/\\\/www.youtube.com\\\/channel\\\/UCZP-2wLEB9Rv6erhFmqVnvg\"],\"address\":{\"@id\":\"https:\\\/\\\/candas365.es\\\/noticias\\\/#postaladdress\",\"@type\":\"PostalAddress\",\"streetAddress\":\"san antonio 4, san antonio 4\",\"postalCode\":\"33430\",\"addressLocality\":\"Cand\\u00e1s\",\"addressRegion\":\"Asturias\",\"addressCountry\":\"ES\"}},{\"@type\":\"Person\",\"@id\":\"https:\\\/\\\/candas365.es\\\/noticias\\\/author\\\/admin\\\/#author\",\"url\":\"https:\\\/\\\/candas365.es\\\/noticias\\\/author\\\/admin\\\/\",\"name\":\"Cand\\u00e1s 365\",\"image\":{\"@type\":\"ImageObject\",\"@id\":\"https:\\\/\\\/candas365.es\\\/noticias\\\/proyecto-de-reconstruccion-de-un-tramo-de-la-acera-en-la-as-326\\\/#authorImage\",\"url\":\"https:\\\/\\\/secure.gravatar.com\\\/avatar\\\/496a8e03d0c493ede1718b7934145dbdf8d89be1036b0eec9544e1094c9de390?s=96&d=mm&r=g\",\"width\":96,\"height\":96,\"caption\":\"Cand\\u00e1s 365\"},\"sameAs\":[\"https:\\\/\\\/www.facebook.com\\\/carrenoactualidad\",\"https:\\\/\\\/twitter.com\\\/nbasturias\",\"https:\\\/\\\/www.instagram.com\\\/nachofdezber\\\/\",\"https:\\\/\\\/www.youtube.com\\\/channel\\\/UCZP-2wLEB9Rv6erhFmqVnvg\"]},{\"@type\":\"WebPage\",\"@id\":\"https:\\\/\\\/candas365.es\\\/noticias\\\/proyecto-de-reconstruccion-de-un-tramo-de-la-acera-en-la-as-326\\\/#webpage\",\"url\":\"https:\\\/\\\/candas365.es\\\/noticias\\\/proyecto-de-reconstruccion-de-un-tramo-de-la-acera-en-la-as-326\\\/\",\"name\":\"Proyecto de Reconstrucci\\u00f3n de un tramo de la acera en la AS-326 | Cand\\u00e1s 365\",\"description\":\"Estos d\\u00edas dan comienzo los trabajos previos para la realizaci\\u00f3n del estudio geot\\u00e9cnico que servir\\u00e1 como base para la elaboraci\\u00f3n del proyecto de reconstrucci\\u00f3n del tramo hundido de la hacer en la AS-236 a su paso por la parroquia de Tam\\u00f3n. \\u201cDurante el per\\u00edodo de lluvias acontecidas el pasado oto\\u00f1o-invierno se produce el hundimiento de\",\"inLanguage\":\"es-ES\",\"isPartOf\":{\"@id\":\"https:\\\/\\\/candas365.es\\\/noticias\\\/#website\"},\"breadcrumb\":{\"@id\":\"https:\\\/\\\/candas365.es\\\/noticias\\\/proyecto-de-reconstruccion-de-un-tramo-de-la-acera-en-la-as-326\\\/#breadcrumblist\"},\"author\":{\"@id\":\"https:\\\/\\\/candas365.es\\\/noticias\\\/author\\\/admin\\\/#author\"},\"creator\":{\"@id\":\"https:\\\/\\\/candas365.es\\\/noticias\\\/author\\\/admin\\\/#author\"},\"image\":{\"@type\":\"ImageObject\",\"url\":\"https:\\\/\\\/candas365.es\\\/noticias\\\/wp-content\\\/uploads\\\/2015\\\/01\\\/ayuntamiento.jpg\",\"@id\":\"https:\\\/\\\/candas365.es\\\/noticias\\\/proyecto-de-reconstruccion-de-un-tramo-de-la-acera-en-la-as-326\\\/#mainImage\",\"width\":800,\"height\":600,\"caption\":\"Carre\\u00f1o\"},\"primaryImageOfPage\":{\"@id\":\"https:\\\/\\\/candas365.es\\\/noticias\\\/proyecto-de-reconstruccion-de-un-tramo-de-la-acera-en-la-as-326\\\/#mainImage\"},\"datePublished\":\"2020-11-11T18:40:25+01:00\",\"dateModified\":\"2020-11-11T18:40:25+01:00\"},{\"@type\":\"WebSite\",\"@id\":\"https:\\\/\\\/candas365.es\\\/noticias\\\/#website\",\"url\":\"https:\\\/\\\/candas365.es\\\/noticias\\\/\",\"name\":\"Cand\\u00e1s 365\",\"alternateName\":\"Cand\\u00e1s 365 Noticias\",\"description\":\"Actualidad desde Carre\\u00f1o para el mundo\",\"inLanguage\":\"es-ES\",\"publisher\":{\"@id\":\"https:\\\/\\\/candas365.es\\\/noticias\\\/#organization\"}}]}\n\t\t<\/script>\n\t\t<!-- All in One SEO Pro -->\r\n\t\t<title>Proyecto de Reconstrucci\u00f3n de un tramo de la acera en la AS-326 | Cand\u00e1s 365<\/title>\n\n","aioseo_head_json":{"title":"Proyecto de Reconstrucci\u00f3n de un tramo de la acera en la AS-326 | Cand\u00e1s 365","description":"Estos d\u00edas dan comienzo los trabajos previos para la realizaci\u00f3n del estudio geot\u00e9cnico que servir\u00e1 como base para la elaboraci\u00f3n del proyecto de reconstrucci\u00f3n del tramo hundido de la hacer en la AS-236 a su paso por la parroquia de Tam\u00f3n. \u201cDurante el per\u00edodo de lluvias acontecidas el pasado oto\u00f1o-invierno se produce el hundimiento de","canonical_url":"https:\/\/candas365.es\/noticias\/proyecto-de-reconstruccion-de-un-tramo-de-la-acera-en-la-as-326\/","robots":"max-image-preview:large","keywords":"noticias carre\u00f1o","webmasterTools":{"google-site-verification":"UA-32230408-1","msvalidate.01":"354F3CDFB2DA171B47FBE9ABF1F88D5","miscellaneous":""},"schema":{"@context":"https:\/\/schema.org","@graph":[{"@type":"BreadcrumbList","@id":"https:\/\/candas365.es\/noticias\/proyecto-de-reconstruccion-de-un-tramo-de-la-acera-en-la-as-326\/#breadcrumblist","itemListElement":[{"@type":"ListItem","@id":"https:\/\/candas365.es\/noticias#listItem","position":1,"name":"Home","item":"https:\/\/candas365.es\/noticias","nextItem":{"@type":"ListItem","@id":"https:\/\/candas365.es\/noticias\/category\/noticias-carreno\/#listItem","name":"Noticias Carre\u00f1o"}},{"@type":"ListItem","@id":"https:\/\/candas365.es\/noticias\/category\/noticias-carreno\/#listItem","position":2,"name":"Noticias Carre\u00f1o","item":"https:\/\/candas365.es\/noticias\/category\/noticias-carreno\/","nextItem":{"@type":"ListItem","@id":"https:\/\/candas365.es\/noticias\/proyecto-de-reconstruccion-de-un-tramo-de-la-acera-en-la-as-326\/#listItem","name":"Proyecto de Reconstrucci\u00f3n de un tramo de la acera en la AS-326"},"previousItem":{"@type":"ListItem","@id":"https:\/\/candas365.es\/noticias#listItem","name":"Home"}},{"@type":"ListItem","@id":"https:\/\/candas365.es\/noticias\/proyecto-de-reconstruccion-de-un-tramo-de-la-acera-en-la-as-326\/#listItem","position":3,"name":"Proyecto de Reconstrucci\u00f3n de un tramo de la acera en la AS-326","previousItem":{"@type":"ListItem","@id":"https:\/\/candas365.es\/noticias\/category\/noticias-carreno\/#listItem","name":"Noticias Carre\u00f1o"}}]},{"@type":"NewsArticle","@id":"https:\/\/candas365.es\/noticias\/proyecto-de-reconstruccion-de-un-tramo-de-la-acera-en-la-as-326\/#newsarticle","name":"Proyecto de Reconstrucci\u00f3n de un tramo de la acera en la AS-326 | Cand\u00e1s 365","headline":"Proyecto de Reconstrucci\u00f3n de un tramo de la acera en la AS-326","author":{"@id":"https:\/\/candas365.es\/noticias\/author\/admin\/#author"},"publisher":{"@id":"https:\/\/candas365.es\/noticias\/#organization"},"image":{"@type":"ImageObject","url":"https:\/\/candas365.es\/noticias\/wp-content\/uploads\/2015\/01\/ayuntamiento.jpg","width":800,"height":600,"caption":"Carre\u00f1o"},"datePublished":"2020-11-11T18:40:25+01:00","dateModified":"2020-11-11T18:40:25+01:00","inLanguage":"es-ES","mainEntityOfPage":{"@id":"https:\/\/candas365.es\/noticias\/proyecto-de-reconstruccion-de-un-tramo-de-la-acera-en-la-as-326\/#webpage"},"isPartOf":{"@id":"https:\/\/candas365.es\/noticias\/proyecto-de-reconstruccion-de-un-tramo-de-la-acera-en-la-as-326\/#webpage"},"articleSection":"Noticias Carre\u00f1o","dateline":"Publicado el noviembre 11, 2020."},{"@type":"Organization","@id":"https:\/\/candas365.es\/noticias\/#organization","name":"Cand\u00e1s 365","description":"Cand\u00e1s 365 es un diario digital independiente, fundado en 2012, con base en Asturias. Informamos con rigor sobre actualidad, sociedad, cultura y ocio, con una mirada local y global.","url":"https:\/\/candas365.es\/noticias\/","email":"info@candas365.es","telephone":"+34652131393","foundingDate":"2012-06-10","logo":{"@type":"ImageObject","url":"https:\/\/candas365.es\/noticias\/wp-content\/uploads\/2024\/09\/Candas-365-Redes.jpg","@id":"https:\/\/candas365.es\/noticias\/proyecto-de-reconstruccion-de-un-tramo-de-la-acera-en-la-as-326\/#organizationLogo","width":1152,"height":864,"caption":"Cand\u00e1s 365 Redes"},"image":{"@id":"https:\/\/candas365.es\/noticias\/proyecto-de-reconstruccion-de-un-tramo-de-la-acera-en-la-as-326\/#organizationLogo"},"sameAs":["https:\/\/www.facebook.com\/Nachofdezber","https:\/\/x.com\/NabercoDigital","https:\/\/www.instagram.com\/nachofdezber\/","https:\/\/www.youtube.com\/channel\/UCZP-2wLEB9Rv6erhFmqVnvg"],"address":{"@id":"https:\/\/candas365.es\/noticias\/#postaladdress","@type":"PostalAddress","streetAddress":"san antonio 4, san antonio 4","postalCode":"33430","addressLocality":"Cand\u00e1s","addressRegion":"Asturias","addressCountry":"ES"}},{"@type":"Person","@id":"https:\/\/candas365.es\/noticias\/author\/admin\/#author","url":"https:\/\/candas365.es\/noticias\/author\/admin\/","name":"Cand\u00e1s 365","image":{"@type":"ImageObject","@id":"https:\/\/candas365.es\/noticias\/proyecto-de-reconstruccion-de-un-tramo-de-la-acera-en-la-as-326\/#authorImage","url":"https:\/\/secure.gravatar.com\/avatar\/496a8e03d0c493ede1718b7934145dbdf8d89be1036b0eec9544e1094c9de390?s=96&d=mm&r=g","width":96,"height":96,"caption":"Cand\u00e1s 365"},"sameAs":["https:\/\/www.facebook.com\/carrenoactualidad","https:\/\/twitter.com\/nbasturias","https:\/\/www.instagram.com\/nachofdezber\/","https:\/\/www.youtube.com\/channel\/UCZP-2wLEB9Rv6erhFmqVnvg"]},{"@type":"WebPage","@id":"https:\/\/candas365.es\/noticias\/proyecto-de-reconstruccion-de-un-tramo-de-la-acera-en-la-as-326\/#webpage","url":"https:\/\/candas365.es\/noticias\/proyecto-de-reconstruccion-de-un-tramo-de-la-acera-en-la-as-326\/","name":"Proyecto de Reconstrucci\u00f3n de un tramo de la acera en la AS-326 | Cand\u00e1s 365","description":"Estos d\u00edas dan comienzo los trabajos previos para la realizaci\u00f3n del estudio geot\u00e9cnico que servir\u00e1 como base para la elaboraci\u00f3n del proyecto de reconstrucci\u00f3n del tramo hundido de la hacer en la AS-236 a su paso por la parroquia de Tam\u00f3n. \u201cDurante el per\u00edodo de lluvias acontecidas el pasado oto\u00f1o-invierno se produce el hundimiento de","inLanguage":"es-ES","isPartOf":{"@id":"https:\/\/candas365.es\/noticias\/#website"},"breadcrumb":{"@id":"https:\/\/candas365.es\/noticias\/proyecto-de-reconstruccion-de-un-tramo-de-la-acera-en-la-as-326\/#breadcrumblist"},"author":{"@id":"https:\/\/candas365.es\/noticias\/author\/admin\/#author"},"creator":{"@id":"https:\/\/candas365.es\/noticias\/author\/admin\/#author"},"image":{"@type":"ImageObject","url":"https:\/\/candas365.es\/noticias\/wp-content\/uploads\/2015\/01\/ayuntamiento.jpg","@id":"https:\/\/candas365.es\/noticias\/proyecto-de-reconstruccion-de-un-tramo-de-la-acera-en-la-as-326\/#mainImage","width":800,"height":600,"caption":"Carre\u00f1o"},"primaryImageOfPage":{"@id":"https:\/\/candas365.es\/noticias\/proyecto-de-reconstruccion-de-un-tramo-de-la-acera-en-la-as-326\/#mainImage"},"datePublished":"2020-11-11T18:40:25+01:00","dateModified":"2020-11-11T18:40:25+01:00"},{"@type":"WebSite","@id":"https:\/\/candas365.es\/noticias\/#website","url":"https:\/\/candas365.es\/noticias\/","name":"Cand\u00e1s 365","alternateName":"Cand\u00e1s 365 Noticias","description":"Actualidad desde Carre\u00f1o para el mundo","inLanguage":"es-ES","publisher":{"@id":"https:\/\/candas365.es\/noticias\/#organization"}}]},"og:locale":"es_ES","og:site_name":"Cand\u00e1s 365","og:type":"article","og:title":"Proyecto de Reconstrucci\u00f3n de un tramo de la acera en la AS-326 | Cand\u00e1s 365","og:description":"Estos d\u00edas dan comienzo los trabajos previos para la realizaci\u00f3n del estudio geot\u00e9cnico que servir\u00e1 como base para la elaboraci\u00f3n del proyecto de reconstrucci\u00f3n del tramo hundido de la hacer en la AS-236 a su paso por la parroquia de Tam\u00f3n. \u201cDurante el per\u00edodo de lluvias acontecidas el pasado oto\u00f1o-invierno se produce el hundimiento de","og:url":"https:\/\/candas365.es\/noticias\/proyecto-de-reconstruccion-de-un-tramo-de-la-acera-en-la-as-326\/","og:image":"https:\/\/candas365.es\/noticias\/wp-content\/uploads\/2015\/01\/ayuntamiento.jpg","og:image:secure_url":"https:\/\/candas365.es\/noticias\/wp-content\/uploads\/2015\/01\/ayuntamiento.jpg","og:image:width":800,"og:image:height":600,"article:published_time":"2020-11-11T18:40:25+00:00","article:modified_time":"2020-11-11T18:40:25+00:00","article:publisher":"https:\/\/www.facebook.com\/Nachofdezber","article:author":"https:\/\/www.facebook.com\/carrenoactualidad","twitter:card":"summary_large_image","twitter:site":"@NabercoDigital","twitter:title":"Proyecto de Reconstrucci\u00f3n de un tramo de la acera en la AS-326 | Cand\u00e1s 365","twitter:description":"Estos d\u00edas dan comienzo los trabajos previos para la realizaci\u00f3n del estudio geot\u00e9cnico que servir\u00e1 como base para la elaboraci\u00f3n del proyecto de reconstrucci\u00f3n del tramo hundido de la hacer en la AS-236 a su paso por la parroquia de Tam\u00f3n. \u201cDurante el per\u00edodo de lluvias acontecidas el pasado oto\u00f1o-invierno se produce el hundimiento de","twitter:creator":"@nbasturias","twitter:image":"https:\/\/candas365.es\/noticias\/wp-content\/uploads\/2015\/01\/ayuntamiento.jpg","twitter:label1":"Escrito por","twitter:data1":"Cand\u00e1s 365","twitter:label2":"Tiempo de lectura estimado","twitter:data2":"3 minutos"},"aioseo_meta_data":{"post_id":"148090","title":null,"description":"","keywords":"","keyphrases":null,"primary_term":null,"canonical_url":"","og_title":null,"og_description":null,"og_object_type":"default","og_image_type":"default","og_image_url":null,"og_image_width":null,"og_image_height":null,"og_image_custom_url":null,"og_image_custom_fields":null,"og_video":null,"og_custom_url":null,"og_article_section":null,"og_article_tags":null,"twitter_use_og":false,"twitter_card":"default","twitter_image_type":"default","twitter_image_url":null,"twitter_image_custom_url":null,"twitter_image_custom_fields":null,"twitter_title":null,"twitter_description":null,"schema":{"blockGraphs":[],"customGraphs":[],"default":{"data":{"Article":[],"Course":[],"Dataset":[],"FAQPage":[],"Movie":[],"Person":[],"Product":[],"ProductReview":[],"Car":[],"Recipe":[],"Service":[],"SoftwareApplication":[],"WebPage":[]},"graphName":"","isEnabled":true},"graphs":[]},"schema_type":null,"schema_type_options":null,"pillar_content":false,"robots_default":true,"robots_noindex":false,"robots_noarchive":false,"robots_nosnippet":false,"robots_nofollow":false,"robots_noimageindex":false,"robots_noodp":false,"robots_notranslate":false,"robots_max_snippet":null,"robots_max_videopreview":null,"robots_max_imagepreview":"large","priority":null,"frequency":null,"location":null,"local_seo":null,"seo_analyzer_scan_date":"2025-08-31 13:02:17","breadcrumb_settings":null,"limit_modified_date":false,"reviewed_by":null,"open_ai":null,"ai":null,"created":"2020-12-21 10:38:39","updated":"2025-08-31 13:02:17"},"aioseo_breadcrumb":"<div class=\"aioseo-breadcrumbs\"><span class=\"aioseo-breadcrumb\">\n\t<a href=\"https:\/\/candas365.es\/noticias\" title=\"Home\">Home<\/a>\n<\/span><span class=\"aioseo-breadcrumb-separator\">&ndash;<\/span><span class=\"aioseo-breadcrumb\">\n\t<a href=\"https:\/\/candas365.es\/noticias\/category\/noticias-carreno\/\" title=\"Noticias Carre\u00f1o\">Noticias Carre\u00f1o<\/a>\n<\/span><span class=\"aioseo-breadcrumb-separator\">&ndash;<\/span><span class=\"aioseo-breadcrumb\">\n\tProyecto de Reconstrucci\u00f3n de un tramo de la acera en la AS-326\n<\/span><\/div>","aioseo_breadcrumb_json":[{"label":"Home","link":"https:\/\/candas365.es\/noticias"},{"label":"Noticias Carre\u00f1o","link":"https:\/\/candas365.es\/noticias\/category\/noticias-carreno\/"},{"label":"Proyecto de Reconstrucci\u00f3n de un tramo de la acera en la AS-326","link":"https:\/\/candas365.es\/noticias\/proyecto-de-reconstruccion-de-un-tramo-de-la-acera-en-la-as-326\/"}],"_links":{"self":[{"href":"https:\/\/candas365.es\/noticias\/wp-json\/wp\/v2\/posts\/148090","targetHints":{"allow":["GET"]}}],"collection":[{"href":"https:\/\/candas365.es\/noticias\/wp-json\/wp\/v2\/posts"}],"about":[{"href":"https:\/\/candas365.es\/noticias\/wp-json\/wp\/v2\/types\/post"}],"author":[{"embeddable":true,"href":"https:\/\/candas365.es\/noticias\/wp-json\/wp\/v2\/users\/1"}],"replies":[{"embeddable":true,"href":"https:\/\/candas365.es\/noticias\/wp-json\/wp\/v2\/comments?post=148090"}],"version-history":[{"count":0,"href":"https:\/\/candas365.es\/noticias\/wp-json\/wp\/v2\/posts\/148090\/revisions"}],"wp:featuredmedia":[{"embeddable":true,"href":"https:\/\/candas365.es\/noticias\/wp-json\/wp\/v2\/media\/6453"}],"wp:attachment":[{"href":"https:\/\/candas365.es\/noticias\/wp-json\/wp\/v2\/media?parent=148090"}],"wp:term":[{"taxonomy":"category","embeddable":true,"href":"https:\/\/candas365.es\/noticias\/wp-json\/wp\/v2\/categories?post=148090"},{"taxonomy":"post_tag","embeddable":true,"href":"https:\/\/candas365.es\/noticias\/wp-json\/wp\/v2\/tags?post=148090"}],"curies":[{"name":"wp","href":"https:\/\/api.w.org\/{rel}","templated":true}]}}