{"id":147939,"date":"2020-10-19T16:00:36","date_gmt":"2020-10-19T16:00:36","guid":{"rendered":"http:\/\/candas365.es\/noticias\/?p=147939"},"modified":"2020-11-05T16:01:40","modified_gmt":"2020-11-05T16:01:40","slug":"carreno-comprara-directamente-energia-electrica","status":"publish","type":"post","link":"https:\/\/candas365.es\/noticias\/carreno-comprara-directamente-energia-electrica\/","title":{"rendered":"Carre\u00f1o comprar\u00e1 directamente energ\u00eda el\u00e9ctrica"},"content":{"rendered":"<p><img fetchpriority=\"high\" decoding=\"async\" class=\"alignleft size-medium wp-image-6453\" src=\"https:\/\/candas365.es\/noticias\/wp-content\/uploads\/2015\/01\/ayuntamiento-360x270.jpg\" alt=\"\" width=\"360\" height=\"270\" srcset=\"https:\/\/candas365.es\/noticias\/wp-content\/uploads\/2015\/01\/ayuntamiento-360x270.jpg 360w, https:\/\/candas365.es\/noticias\/wp-content\/uploads\/2015\/01\/ayuntamiento-640x480.jpg 640w, https:\/\/candas365.es\/noticias\/wp-content\/uploads\/2015\/01\/ayuntamiento-768x576.jpg 768w, https:\/\/candas365.es\/noticias\/wp-content\/uploads\/2015\/01\/ayuntamiento-150x113.jpg 150w, https:\/\/candas365.es\/noticias\/wp-content\/uploads\/2015\/01\/ayuntamiento-450x338.jpg 450w, https:\/\/candas365.es\/noticias\/wp-content\/uploads\/2015\/01\/ayuntamiento-80x60.jpg 80w, https:\/\/candas365.es\/noticias\/wp-content\/uploads\/2015\/01\/ayuntamiento-265x198.jpg 265w, https:\/\/candas365.es\/noticias\/wp-content\/uploads\/2015\/01\/ayuntamiento-696x522.jpg 696w, https:\/\/candas365.es\/noticias\/wp-content\/uploads\/2015\/01\/ayuntamiento-560x420.jpg 560w, https:\/\/candas365.es\/noticias\/wp-content\/uploads\/2015\/01\/ayuntamiento-90x67.jpg 90w, https:\/\/candas365.es\/noticias\/wp-content\/uploads\/2015\/01\/ayuntamiento.jpg 800w\" sizes=\"(max-width: 360px) 100vw, 360px\" \/>El OMIE es el operador de mercado ib\u00e9rico de electricidad designado para la gesti\u00f3n del mercado diario e intradiario en la Pen\u00ednsula Ib\u00e9rica. En este mercado, lascompa\u00f1\u00edas productoras de energ\u00eda el\u00e9ctrica realizan diariamente ofertas econ\u00f3micas para vender su electricidad en el mercado mayorista. Las ofertas de las compa\u00f1\u00edas el\u00e9ctricas se cruzan con las demandas realizadas a su vez por las empresas comercializadores, las distribuidoras y grandes consumidores\/as hasta obtener el precio de la electricidad.<\/p>\n<p>\u201c El Ayuntamiento de Carre\u00f1o ha comenzado la tramitaci\u00f3n necesaria para convertirse en consumidor y demandante directo de electricidad en el mercado de la OMIE a lo largo del a\u00f1o 2021. De esta forma el Consistorio comprar\u00eda diariamente la energ\u00eda necesaria para todas las dependencias e instalaciones municipales, a las compa\u00f1\u00edas el\u00e9ctricas, sin la necesidad de agentes intermediarios como son las empresas distribuidoras o comercializadoras, ahorrando hasta cerca de un 10% en la facturaci\u00f3n anual (797.590,94 \u20ac) de suministros de energ\u00eda\u201d se\u00f1al\u00f3 Paula Cuervo, concejala de Hacienda.<\/p>\n<p>\u201cEs una realidad, al igual que ocurre en los hogares, que la factura de energ\u00eda ha ido aumentando a\u00f1o a a\u00f1o, debido no s\u00f3lo a su mayor coste, sino tambi\u00e9n debido a un mayor consumo. Pasando a ser, este gasto, uno de los gastos anuales m\u00e1s importantes dentro del presupuesto municipal. Este crecimiento del consumo y el incremento del gasto el\u00e9ctrico hacen aconsejable que sigamos adoptando medidas de ahorro y eficiencia energ\u00e9tica\u201d relat\u00f3 Cuervo.<\/p>\n<p>\u201c La Corporaci\u00f3n de Carre\u00f1o siendo consciente del elevado n\u00famero de luminarias p\u00fablicas y edificios e instalaciones municipales con los consiguientes consumos el\u00e9ctricos trata de hacer lo m\u00e1s eficiente posible la gesti\u00f3n. Para ello, ha ido dando pasos encaminados a renovar las luminarias para que consuman menos y sean m\u00e1s eficientes y tambi\u00e9n se ha estudiado la mejor f\u00f3rmula para el suministro y comercializaci\u00f3n de la energ\u00eda. El pasado a\u00f1o, de las 1.819 luminarias existentes en Cand\u00e1s se sustituyeron todas por nuevas con tecnolog\u00eda leds. Se estima que con la implantaci\u00f3n de esta mejora se produce un ahorro y eficiencia energ\u00e9tica del 77 %. Pasando de un consumo de energ\u00eda anual de 1.170.25,38 Kwh\/a\u00f1o a 253.181,72 Kwh\/a\u00f1o, lo que supone un ahorro en coste de energ\u00eda anual cercano a los 137.560 \u20ac\u201d coment\u00f3 la concejala de Hacienda.<\/p>\n<p>\u201cAdem\u00e1s, recientemente recibimos otraayuda estatal del Ministerio para la Transici\u00f3n Ecol\u00f3gica y el Reto Demogr\u00e1fico de 225.000 \u20ac para la sustituci\u00f3n por l\u00e1mparas leds las luminarias existentes en el alumbrado p\u00fablico exterior en las carreteras auton\u00f3micas AS-19, AS-239 y AS-110, a su paso por Carre\u00f1o. En total se cambiar\u00e1n 382 puntos de luz. Se estima que con estas actuaciones de mejora se lograr\u00e1 un ahorro y eficiencia energ\u00e9tica del 65,41%. Pasando de un consumo de energ\u00eda anual de 329.218,75 Kwh\/a\u00f1o a 113.881,72 Kwh-a\u00f1o, lo que supondr\u00e1 un ahorro en coste de energ\u00eda igual a los 32.300 \u20ac\u201d &#8211; prosigui\u00f3 Cuervo.<\/p>\n<p>\u201cOtras de las medidas de ahorro frente al gasto de energ\u00eda que pueden adoptar los Ayuntamientos es la gesti\u00f3n eficiente de la contrataci\u00f3n del suministro, es decir, la optimizaci\u00f3n en su gesti\u00f3n. Desde el consistorio carre\u00f1ense tambi\u00e9n se avanz\u00f3 en este sentido. Se licit\u00f3 el suministro, obteniendo como resultado el actual contrato un ahorro a las arcas municipales de 98.775,70 \u20ac. Este contrato finaliza en enero de 2021, siendo imposible prorrogar su vigencia, salvo por un plazo m\u00e1ximo de tres meses hasta la formalizaci\u00f3n de un nuevo contrato\u201d &#8211; explic\u00f3 la edil de Hacienda.<\/p>\n<p>\u201c Durante el per\u00edodo de vigencia del actual contrato del suministro el\u00e9ctrico se sigui\u00f3 trabajando, analizando y valorando los diferentes tipos de tarifas y alternativas. Llegando a las conclusi\u00f3n de que la alternativa que nos permitir\u00eda un mayor ahorro ser\u00eda la compra directa de energ\u00eda el\u00e9ctrica en el mercado OMIE. Para lo que, se contrat\u00f3 una asistencia t\u00e9cnica con la empresa Entidad Supervisora Independiente de Proyectos Energ\u00e9ticos SLU y su asesoramiento abordaremos pr\u00f3ximamente la compra directa de energ\u00eda en el mercado\u201d concluy\u00f3 Paula Cuervo.<\/p>\n","protected":false},"excerpt":{"rendered":"<p>El OMIE es el operador de mercado ib\u00e9rico de electricidad designado para la gesti\u00f3n del mercado diario e intradiario en la Pen\u00ednsula Ib\u00e9rica. En este mercado, lascompa\u00f1\u00edas productoras de energ\u00eda el\u00e9ctrica realizan diariamente ofertas econ\u00f3micas para vender su electricidad en el mercado mayorista. Las ofertas de las compa\u00f1\u00edas el\u00e9ctricas se cruzan con las demandas realizadas<\/p>\n","protected":false},"author":1,"featured_media":6453,"comment_status":"closed","ping_status":"closed","sticky":false,"template":"","format":"standard","meta":{"footnotes":""},"categories":[2],"tags":[],"class_list":{"0":"post-147939","1":"post","2":"type-post","3":"status-publish","4":"format-standard","5":"has-post-thumbnail","7":"category-noticias-carreno"},"aioseo_notices":[],"aioseo_head":"\n\t\t<!-- All in One SEO Pro 4.9.6.2 - aioseo.com -->\n\t<meta name=\"description\" content=\"El OMIE es el operador de mercado ib\u00e9rico de electricidad designado para la gesti\u00f3n del mercado diario e intradiario en la Pen\u00ednsula Ib\u00e9rica. En este mercado, lascompa\u00f1\u00edas productoras de energ\u00eda el\u00e9ctrica realizan diariamente ofertas econ\u00f3micas para vender su electricidad en el mercado mayorista. Las ofertas de las compa\u00f1\u00edas el\u00e9ctricas se cruzan con las demandas realizadas\" \/>\n\t<meta name=\"robots\" content=\"max-image-preview:large\" \/>\n\t<meta name=\"author\" content=\"Cand\u00e1s 365\"\/>\n\t<meta name=\"google-site-verification\" content=\"UA-32230408-1\" \/>\n\t<meta name=\"msvalidate.01\" content=\"354F3CDFB2DA171B47FBE9ABF1F88D5\" \/>\n\t<meta name=\"keywords\" content=\"noticias carre\u00f1o\" \/>\n\t<link rel=\"canonical\" href=\"https:\/\/candas365.es\/noticias\/carreno-comprara-directamente-energia-electrica\/\" \/>\n\t<meta name=\"generator\" content=\"All in One SEO Pro (AIOSEO) 4.9.6.2\" \/>\n\t\t<meta property=\"og:locale\" content=\"es_ES\" \/>\n\t\t<meta property=\"og:site_name\" content=\"Cand\u00e1s 365\" \/>\n\t\t<meta property=\"og:type\" content=\"article\" \/>\n\t\t<meta property=\"og:title\" content=\"Carre\u00f1o comprar\u00e1 directamente energ\u00eda el\u00e9ctrica | Cand\u00e1s 365\" \/>\n\t\t<meta property=\"og:description\" content=\"El OMIE es el operador de mercado ib\u00e9rico de electricidad designado para la gesti\u00f3n del mercado diario e intradiario en la Pen\u00ednsula Ib\u00e9rica. En este mercado, lascompa\u00f1\u00edas productoras de energ\u00eda el\u00e9ctrica realizan diariamente ofertas econ\u00f3micas para vender su electricidad en el mercado mayorista. Las ofertas de las compa\u00f1\u00edas el\u00e9ctricas se cruzan con las demandas realizadas\" \/>\n\t\t<meta property=\"og:url\" content=\"https:\/\/candas365.es\/noticias\/carreno-comprara-directamente-energia-electrica\/\" \/>\n\t\t<meta property=\"og:image\" content=\"https:\/\/candas365.es\/noticias\/wp-content\/uploads\/2015\/01\/ayuntamiento.jpg\" \/>\n\t\t<meta property=\"og:image:secure_url\" content=\"https:\/\/candas365.es\/noticias\/wp-content\/uploads\/2015\/01\/ayuntamiento.jpg\" \/>\n\t\t<meta property=\"og:image:width\" content=\"800\" \/>\n\t\t<meta property=\"og:image:height\" content=\"600\" \/>\n\t\t<meta property=\"article:published_time\" content=\"2020-10-19T16:00:36+00:00\" \/>\n\t\t<meta property=\"article:modified_time\" content=\"2020-11-05T16:01:40+00:00\" \/>\n\t\t<meta property=\"article:publisher\" content=\"https:\/\/www.facebook.com\/Nachofdezber\" \/>\n\t\t<meta property=\"article:author\" content=\"https:\/\/www.facebook.com\/carrenoactualidad\" \/>\n\t\t<meta name=\"twitter:card\" content=\"summary_large_image\" \/>\n\t\t<meta name=\"twitter:site\" content=\"@NabercoDigital\" \/>\n\t\t<meta name=\"twitter:title\" content=\"Carre\u00f1o comprar\u00e1 directamente energ\u00eda el\u00e9ctrica | Cand\u00e1s 365\" \/>\n\t\t<meta name=\"twitter:description\" content=\"El OMIE es el operador de mercado ib\u00e9rico de electricidad designado para la gesti\u00f3n del mercado diario e intradiario en la Pen\u00ednsula Ib\u00e9rica. En este mercado, lascompa\u00f1\u00edas productoras de energ\u00eda el\u00e9ctrica realizan diariamente ofertas econ\u00f3micas para vender su electricidad en el mercado mayorista. Las ofertas de las compa\u00f1\u00edas el\u00e9ctricas se cruzan con las demandas realizadas\" \/>\n\t\t<meta name=\"twitter:creator\" content=\"@nbasturias\" \/>\n\t\t<meta name=\"twitter:image\" content=\"https:\/\/candas365.es\/noticias\/wp-content\/uploads\/2015\/01\/ayuntamiento.jpg\" \/>\n\t\t<meta name=\"twitter:label1\" content=\"Escrito por\" \/>\n\t\t<meta name=\"twitter:data1\" content=\"Cand\u00e1s 365\" \/>\n\t\t<meta name=\"twitter:label2\" content=\"Tiempo de lectura estimado\" \/>\n\t\t<meta name=\"twitter:data2\" content=\"4 minutos\" \/>\n\t\t<script type=\"application\/ld+json\" class=\"aioseo-schema\">\n\t\t\t{\"@context\":\"https:\\\/\\\/schema.org\",\"@graph\":[{\"@type\":\"BreadcrumbList\",\"@id\":\"https:\\\/\\\/candas365.es\\\/noticias\\\/carreno-comprara-directamente-energia-electrica\\\/#breadcrumblist\",\"itemListElement\":[{\"@type\":\"ListItem\",\"@id\":\"https:\\\/\\\/candas365.es\\\/noticias#listItem\",\"position\":1,\"name\":\"Home\",\"item\":\"https:\\\/\\\/candas365.es\\\/noticias\",\"nextItem\":{\"@type\":\"ListItem\",\"@id\":\"https:\\\/\\\/candas365.es\\\/noticias\\\/category\\\/noticias-carreno\\\/#listItem\",\"name\":\"Noticias Carre\\u00f1o\"}},{\"@type\":\"ListItem\",\"@id\":\"https:\\\/\\\/candas365.es\\\/noticias\\\/category\\\/noticias-carreno\\\/#listItem\",\"position\":2,\"name\":\"Noticias Carre\\u00f1o\",\"item\":\"https:\\\/\\\/candas365.es\\\/noticias\\\/category\\\/noticias-carreno\\\/\",\"nextItem\":{\"@type\":\"ListItem\",\"@id\":\"https:\\\/\\\/candas365.es\\\/noticias\\\/carreno-comprara-directamente-energia-electrica\\\/#listItem\",\"name\":\"Carre\\u00f1o comprar\\u00e1 directamente energ\\u00eda el\\u00e9ctrica\"},\"previousItem\":{\"@type\":\"ListItem\",\"@id\":\"https:\\\/\\\/candas365.es\\\/noticias#listItem\",\"name\":\"Home\"}},{\"@type\":\"ListItem\",\"@id\":\"https:\\\/\\\/candas365.es\\\/noticias\\\/carreno-comprara-directamente-energia-electrica\\\/#listItem\",\"position\":3,\"name\":\"Carre\\u00f1o comprar\\u00e1 directamente energ\\u00eda el\\u00e9ctrica\",\"previousItem\":{\"@type\":\"ListItem\",\"@id\":\"https:\\\/\\\/candas365.es\\\/noticias\\\/category\\\/noticias-carreno\\\/#listItem\",\"name\":\"Noticias Carre\\u00f1o\"}}]},{\"@type\":\"NewsArticle\",\"@id\":\"https:\\\/\\\/candas365.es\\\/noticias\\\/carreno-comprara-directamente-energia-electrica\\\/#newsarticle\",\"name\":\"Carre\\u00f1o comprar\\u00e1 directamente energ\\u00eda el\\u00e9ctrica | Cand\\u00e1s 365\",\"headline\":\"Carre\\u00f1o comprar\\u00e1 directamente energ\\u00eda el\\u00e9ctrica\",\"author\":{\"@id\":\"https:\\\/\\\/candas365.es\\\/noticias\\\/author\\\/admin\\\/#author\"},\"publisher\":{\"@id\":\"https:\\\/\\\/candas365.es\\\/noticias\\\/#organization\"},\"image\":{\"@type\":\"ImageObject\",\"url\":\"https:\\\/\\\/candas365.es\\\/noticias\\\/wp-content\\\/uploads\\\/2015\\\/01\\\/ayuntamiento.jpg\",\"width\":800,\"height\":600,\"caption\":\"Carre\\u00f1o\"},\"datePublished\":\"2020-10-19T16:00:36+02:00\",\"dateModified\":\"2020-11-05T16:01:40+01:00\",\"inLanguage\":\"es-ES\",\"mainEntityOfPage\":{\"@id\":\"https:\\\/\\\/candas365.es\\\/noticias\\\/carreno-comprara-directamente-energia-electrica\\\/#webpage\"},\"isPartOf\":{\"@id\":\"https:\\\/\\\/candas365.es\\\/noticias\\\/carreno-comprara-directamente-energia-electrica\\\/#webpage\"},\"articleSection\":\"Noticias Carre\\u00f1o\",\"dateline\":\"Publicado el octubre 19, 2020.\"},{\"@type\":\"Organization\",\"@id\":\"https:\\\/\\\/candas365.es\\\/noticias\\\/#organization\",\"name\":\"Cand\\u00e1s 365\",\"description\":\"Cand\\u00e1s 365 es un diario digital independiente, fundado en 2012, con base en Asturias. Informamos con rigor sobre actualidad, sociedad, cultura y ocio, con una mirada local y global.\",\"url\":\"https:\\\/\\\/candas365.es\\\/noticias\\\/\",\"email\":\"info@candas365.es\",\"telephone\":\"+34652131393\",\"foundingDate\":\"2012-06-10\",\"logo\":{\"@type\":\"ImageObject\",\"url\":\"https:\\\/\\\/candas365.es\\\/noticias\\\/wp-content\\\/uploads\\\/2024\\\/09\\\/Candas-365-Redes.jpg\",\"@id\":\"https:\\\/\\\/candas365.es\\\/noticias\\\/carreno-comprara-directamente-energia-electrica\\\/#organizationLogo\",\"width\":1152,\"height\":864,\"caption\":\"Cand\\u00e1s 365 Redes\"},\"image\":{\"@id\":\"https:\\\/\\\/candas365.es\\\/noticias\\\/carreno-comprara-directamente-energia-electrica\\\/#organizationLogo\"},\"sameAs\":[\"https:\\\/\\\/www.facebook.com\\\/Nachofdezber\",\"https:\\\/\\\/x.com\\\/NabercoDigital\",\"https:\\\/\\\/www.instagram.com\\\/nachofdezber\\\/\",\"https:\\\/\\\/www.youtube.com\\\/channel\\\/UCZP-2wLEB9Rv6erhFmqVnvg\"],\"address\":{\"@id\":\"https:\\\/\\\/candas365.es\\\/noticias\\\/#postaladdress\",\"@type\":\"PostalAddress\",\"streetAddress\":\"san antonio 4, san antonio 4\",\"postalCode\":\"33430\",\"addressLocality\":\"Cand\\u00e1s\",\"addressRegion\":\"Asturias\",\"addressCountry\":\"ES\"}},{\"@type\":\"Person\",\"@id\":\"https:\\\/\\\/candas365.es\\\/noticias\\\/author\\\/admin\\\/#author\",\"url\":\"https:\\\/\\\/candas365.es\\\/noticias\\\/author\\\/admin\\\/\",\"name\":\"Cand\\u00e1s 365\",\"image\":{\"@type\":\"ImageObject\",\"@id\":\"https:\\\/\\\/candas365.es\\\/noticias\\\/carreno-comprara-directamente-energia-electrica\\\/#authorImage\",\"url\":\"https:\\\/\\\/secure.gravatar.com\\\/avatar\\\/496a8e03d0c493ede1718b7934145dbdf8d89be1036b0eec9544e1094c9de390?s=96&d=mm&r=g\",\"width\":96,\"height\":96,\"caption\":\"Cand\\u00e1s 365\"},\"sameAs\":[\"https:\\\/\\\/www.facebook.com\\\/carrenoactualidad\",\"https:\\\/\\\/twitter.com\\\/nbasturias\",\"https:\\\/\\\/www.instagram.com\\\/nachofdezber\\\/\",\"https:\\\/\\\/www.youtube.com\\\/channel\\\/UCZP-2wLEB9Rv6erhFmqVnvg\"]},{\"@type\":\"WebPage\",\"@id\":\"https:\\\/\\\/candas365.es\\\/noticias\\\/carreno-comprara-directamente-energia-electrica\\\/#webpage\",\"url\":\"https:\\\/\\\/candas365.es\\\/noticias\\\/carreno-comprara-directamente-energia-electrica\\\/\",\"name\":\"Carre\\u00f1o comprar\\u00e1 directamente energ\\u00eda el\\u00e9ctrica | Cand\\u00e1s 365\",\"description\":\"El OMIE es el operador de mercado ib\\u00e9rico de electricidad designado para la gesti\\u00f3n del mercado diario e intradiario en la Pen\\u00ednsula Ib\\u00e9rica. En este mercado, lascompa\\u00f1\\u00edas productoras de energ\\u00eda el\\u00e9ctrica realizan diariamente ofertas econ\\u00f3micas para vender su electricidad en el mercado mayorista. Las ofertas de las compa\\u00f1\\u00edas el\\u00e9ctricas se cruzan con las demandas realizadas\",\"inLanguage\":\"es-ES\",\"isPartOf\":{\"@id\":\"https:\\\/\\\/candas365.es\\\/noticias\\\/#website\"},\"breadcrumb\":{\"@id\":\"https:\\\/\\\/candas365.es\\\/noticias\\\/carreno-comprara-directamente-energia-electrica\\\/#breadcrumblist\"},\"author\":{\"@id\":\"https:\\\/\\\/candas365.es\\\/noticias\\\/author\\\/admin\\\/#author\"},\"creator\":{\"@id\":\"https:\\\/\\\/candas365.es\\\/noticias\\\/author\\\/admin\\\/#author\"},\"image\":{\"@type\":\"ImageObject\",\"url\":\"https:\\\/\\\/candas365.es\\\/noticias\\\/wp-content\\\/uploads\\\/2015\\\/01\\\/ayuntamiento.jpg\",\"@id\":\"https:\\\/\\\/candas365.es\\\/noticias\\\/carreno-comprara-directamente-energia-electrica\\\/#mainImage\",\"width\":800,\"height\":600,\"caption\":\"Carre\\u00f1o\"},\"primaryImageOfPage\":{\"@id\":\"https:\\\/\\\/candas365.es\\\/noticias\\\/carreno-comprara-directamente-energia-electrica\\\/#mainImage\"},\"datePublished\":\"2020-10-19T16:00:36+02:00\",\"dateModified\":\"2020-11-05T16:01:40+01:00\"},{\"@type\":\"WebSite\",\"@id\":\"https:\\\/\\\/candas365.es\\\/noticias\\\/#website\",\"url\":\"https:\\\/\\\/candas365.es\\\/noticias\\\/\",\"name\":\"Cand\\u00e1s 365\",\"alternateName\":\"Cand\\u00e1s 365 Noticias\",\"description\":\"Actualidad desde Carre\\u00f1o para el mundo\",\"inLanguage\":\"es-ES\",\"publisher\":{\"@id\":\"https:\\\/\\\/candas365.es\\\/noticias\\\/#organization\"}}]}\n\t\t<\/script>\n\t\t<!-- All in One SEO Pro -->\r\n\t\t<title>Carre\u00f1o comprar\u00e1 directamente energ\u00eda el\u00e9ctrica | Cand\u00e1s 365<\/title>\n\n","aioseo_head_json":{"title":"Carre\u00f1o comprar\u00e1 directamente energ\u00eda el\u00e9ctrica | Cand\u00e1s 365","description":"El OMIE es el operador de mercado ib\u00e9rico de electricidad designado para la gesti\u00f3n del mercado diario e intradiario en la Pen\u00ednsula Ib\u00e9rica. En este mercado, lascompa\u00f1\u00edas productoras de energ\u00eda el\u00e9ctrica realizan diariamente ofertas econ\u00f3micas para vender su electricidad en el mercado mayorista. Las ofertas de las compa\u00f1\u00edas el\u00e9ctricas se cruzan con las demandas realizadas","canonical_url":"https:\/\/candas365.es\/noticias\/carreno-comprara-directamente-energia-electrica\/","robots":"max-image-preview:large","keywords":"noticias carre\u00f1o","webmasterTools":{"google-site-verification":"UA-32230408-1","msvalidate.01":"354F3CDFB2DA171B47FBE9ABF1F88D5","miscellaneous":""},"schema":{"@context":"https:\/\/schema.org","@graph":[{"@type":"BreadcrumbList","@id":"https:\/\/candas365.es\/noticias\/carreno-comprara-directamente-energia-electrica\/#breadcrumblist","itemListElement":[{"@type":"ListItem","@id":"https:\/\/candas365.es\/noticias#listItem","position":1,"name":"Home","item":"https:\/\/candas365.es\/noticias","nextItem":{"@type":"ListItem","@id":"https:\/\/candas365.es\/noticias\/category\/noticias-carreno\/#listItem","name":"Noticias Carre\u00f1o"}},{"@type":"ListItem","@id":"https:\/\/candas365.es\/noticias\/category\/noticias-carreno\/#listItem","position":2,"name":"Noticias Carre\u00f1o","item":"https:\/\/candas365.es\/noticias\/category\/noticias-carreno\/","nextItem":{"@type":"ListItem","@id":"https:\/\/candas365.es\/noticias\/carreno-comprara-directamente-energia-electrica\/#listItem","name":"Carre\u00f1o comprar\u00e1 directamente energ\u00eda el\u00e9ctrica"},"previousItem":{"@type":"ListItem","@id":"https:\/\/candas365.es\/noticias#listItem","name":"Home"}},{"@type":"ListItem","@id":"https:\/\/candas365.es\/noticias\/carreno-comprara-directamente-energia-electrica\/#listItem","position":3,"name":"Carre\u00f1o comprar\u00e1 directamente energ\u00eda el\u00e9ctrica","previousItem":{"@type":"ListItem","@id":"https:\/\/candas365.es\/noticias\/category\/noticias-carreno\/#listItem","name":"Noticias Carre\u00f1o"}}]},{"@type":"NewsArticle","@id":"https:\/\/candas365.es\/noticias\/carreno-comprara-directamente-energia-electrica\/#newsarticle","name":"Carre\u00f1o comprar\u00e1 directamente energ\u00eda el\u00e9ctrica | Cand\u00e1s 365","headline":"Carre\u00f1o comprar\u00e1 directamente energ\u00eda el\u00e9ctrica","author":{"@id":"https:\/\/candas365.es\/noticias\/author\/admin\/#author"},"publisher":{"@id":"https:\/\/candas365.es\/noticias\/#organization"},"image":{"@type":"ImageObject","url":"https:\/\/candas365.es\/noticias\/wp-content\/uploads\/2015\/01\/ayuntamiento.jpg","width":800,"height":600,"caption":"Carre\u00f1o"},"datePublished":"2020-10-19T16:00:36+02:00","dateModified":"2020-11-05T16:01:40+01:00","inLanguage":"es-ES","mainEntityOfPage":{"@id":"https:\/\/candas365.es\/noticias\/carreno-comprara-directamente-energia-electrica\/#webpage"},"isPartOf":{"@id":"https:\/\/candas365.es\/noticias\/carreno-comprara-directamente-energia-electrica\/#webpage"},"articleSection":"Noticias Carre\u00f1o","dateline":"Publicado el octubre 19, 2020."},{"@type":"Organization","@id":"https:\/\/candas365.es\/noticias\/#organization","name":"Cand\u00e1s 365","description":"Cand\u00e1s 365 es un diario digital independiente, fundado en 2012, con base en Asturias. Informamos con rigor sobre actualidad, sociedad, cultura y ocio, con una mirada local y global.","url":"https:\/\/candas365.es\/noticias\/","email":"info@candas365.es","telephone":"+34652131393","foundingDate":"2012-06-10","logo":{"@type":"ImageObject","url":"https:\/\/candas365.es\/noticias\/wp-content\/uploads\/2024\/09\/Candas-365-Redes.jpg","@id":"https:\/\/candas365.es\/noticias\/carreno-comprara-directamente-energia-electrica\/#organizationLogo","width":1152,"height":864,"caption":"Cand\u00e1s 365 Redes"},"image":{"@id":"https:\/\/candas365.es\/noticias\/carreno-comprara-directamente-energia-electrica\/#organizationLogo"},"sameAs":["https:\/\/www.facebook.com\/Nachofdezber","https:\/\/x.com\/NabercoDigital","https:\/\/www.instagram.com\/nachofdezber\/","https:\/\/www.youtube.com\/channel\/UCZP-2wLEB9Rv6erhFmqVnvg"],"address":{"@id":"https:\/\/candas365.es\/noticias\/#postaladdress","@type":"PostalAddress","streetAddress":"san antonio 4, san antonio 4","postalCode":"33430","addressLocality":"Cand\u00e1s","addressRegion":"Asturias","addressCountry":"ES"}},{"@type":"Person","@id":"https:\/\/candas365.es\/noticias\/author\/admin\/#author","url":"https:\/\/candas365.es\/noticias\/author\/admin\/","name":"Cand\u00e1s 365","image":{"@type":"ImageObject","@id":"https:\/\/candas365.es\/noticias\/carreno-comprara-directamente-energia-electrica\/#authorImage","url":"https:\/\/secure.gravatar.com\/avatar\/496a8e03d0c493ede1718b7934145dbdf8d89be1036b0eec9544e1094c9de390?s=96&d=mm&r=g","width":96,"height":96,"caption":"Cand\u00e1s 365"},"sameAs":["https:\/\/www.facebook.com\/carrenoactualidad","https:\/\/twitter.com\/nbasturias","https:\/\/www.instagram.com\/nachofdezber\/","https:\/\/www.youtube.com\/channel\/UCZP-2wLEB9Rv6erhFmqVnvg"]},{"@type":"WebPage","@id":"https:\/\/candas365.es\/noticias\/carreno-comprara-directamente-energia-electrica\/#webpage","url":"https:\/\/candas365.es\/noticias\/carreno-comprara-directamente-energia-electrica\/","name":"Carre\u00f1o comprar\u00e1 directamente energ\u00eda el\u00e9ctrica | Cand\u00e1s 365","description":"El OMIE es el operador de mercado ib\u00e9rico de electricidad designado para la gesti\u00f3n del mercado diario e intradiario en la Pen\u00ednsula Ib\u00e9rica. En este mercado, lascompa\u00f1\u00edas productoras de energ\u00eda el\u00e9ctrica realizan diariamente ofertas econ\u00f3micas para vender su electricidad en el mercado mayorista. Las ofertas de las compa\u00f1\u00edas el\u00e9ctricas se cruzan con las demandas realizadas","inLanguage":"es-ES","isPartOf":{"@id":"https:\/\/candas365.es\/noticias\/#website"},"breadcrumb":{"@id":"https:\/\/candas365.es\/noticias\/carreno-comprara-directamente-energia-electrica\/#breadcrumblist"},"author":{"@id":"https:\/\/candas365.es\/noticias\/author\/admin\/#author"},"creator":{"@id":"https:\/\/candas365.es\/noticias\/author\/admin\/#author"},"image":{"@type":"ImageObject","url":"https:\/\/candas365.es\/noticias\/wp-content\/uploads\/2015\/01\/ayuntamiento.jpg","@id":"https:\/\/candas365.es\/noticias\/carreno-comprara-directamente-energia-electrica\/#mainImage","width":800,"height":600,"caption":"Carre\u00f1o"},"primaryImageOfPage":{"@id":"https:\/\/candas365.es\/noticias\/carreno-comprara-directamente-energia-electrica\/#mainImage"},"datePublished":"2020-10-19T16:00:36+02:00","dateModified":"2020-11-05T16:01:40+01:00"},{"@type":"WebSite","@id":"https:\/\/candas365.es\/noticias\/#website","url":"https:\/\/candas365.es\/noticias\/","name":"Cand\u00e1s 365","alternateName":"Cand\u00e1s 365 Noticias","description":"Actualidad desde Carre\u00f1o para el mundo","inLanguage":"es-ES","publisher":{"@id":"https:\/\/candas365.es\/noticias\/#organization"}}]},"og:locale":"es_ES","og:site_name":"Cand\u00e1s 365","og:type":"article","og:title":"Carre\u00f1o comprar\u00e1 directamente energ\u00eda el\u00e9ctrica | Cand\u00e1s 365","og:description":"El OMIE es el operador de mercado ib\u00e9rico de electricidad designado para la gesti\u00f3n del mercado diario e intradiario en la Pen\u00ednsula Ib\u00e9rica. En este mercado, lascompa\u00f1\u00edas productoras de energ\u00eda el\u00e9ctrica realizan diariamente ofertas econ\u00f3micas para vender su electricidad en el mercado mayorista. Las ofertas de las compa\u00f1\u00edas el\u00e9ctricas se cruzan con las demandas realizadas","og:url":"https:\/\/candas365.es\/noticias\/carreno-comprara-directamente-energia-electrica\/","og:image":"https:\/\/candas365.es\/noticias\/wp-content\/uploads\/2015\/01\/ayuntamiento.jpg","og:image:secure_url":"https:\/\/candas365.es\/noticias\/wp-content\/uploads\/2015\/01\/ayuntamiento.jpg","og:image:width":800,"og:image:height":600,"article:published_time":"2020-10-19T16:00:36+00:00","article:modified_time":"2020-11-05T16:01:40+00:00","article:publisher":"https:\/\/www.facebook.com\/Nachofdezber","article:author":"https:\/\/www.facebook.com\/carrenoactualidad","twitter:card":"summary_large_image","twitter:site":"@NabercoDigital","twitter:title":"Carre\u00f1o comprar\u00e1 directamente energ\u00eda el\u00e9ctrica | Cand\u00e1s 365","twitter:description":"El OMIE es el operador de mercado ib\u00e9rico de electricidad designado para la gesti\u00f3n del mercado diario e intradiario en la Pen\u00ednsula Ib\u00e9rica. En este mercado, lascompa\u00f1\u00edas productoras de energ\u00eda el\u00e9ctrica realizan diariamente ofertas econ\u00f3micas para vender su electricidad en el mercado mayorista. Las ofertas de las compa\u00f1\u00edas el\u00e9ctricas se cruzan con las demandas realizadas","twitter:creator":"@nbasturias","twitter:image":"https:\/\/candas365.es\/noticias\/wp-content\/uploads\/2015\/01\/ayuntamiento.jpg","twitter:label1":"Escrito por","twitter:data1":"Cand\u00e1s 365","twitter:label2":"Tiempo de lectura estimado","twitter:data2":"4 minutos"},"aioseo_meta_data":{"post_id":"147939","title":null,"description":"","keywords":"","keyphrases":null,"primary_term":null,"canonical_url":"","og_title":null,"og_description":null,"og_object_type":"default","og_image_type":"default","og_image_url":null,"og_image_width":null,"og_image_height":null,"og_image_custom_url":null,"og_image_custom_fields":null,"og_video":null,"og_custom_url":null,"og_article_section":null,"og_article_tags":null,"twitter_use_og":false,"twitter_card":"default","twitter_image_type":"default","twitter_image_url":null,"twitter_image_custom_url":null,"twitter_image_custom_fields":null,"twitter_title":null,"twitter_description":null,"schema":{"blockGraphs":[],"customGraphs":[],"default":{"data":{"Article":[],"Course":[],"Dataset":[],"FAQPage":[],"Movie":[],"Person":[],"Product":[],"ProductReview":[],"Car":[],"Recipe":[],"Service":[],"SoftwareApplication":[],"WebPage":[]},"graphName":"","isEnabled":true},"graphs":[],"defaultGraph":"","defaultPostTypeGraph":""},"schema_type":null,"schema_type_options":null,"pillar_content":false,"robots_default":true,"robots_noindex":false,"robots_noarchive":false,"robots_nosnippet":false,"robots_nofollow":false,"robots_noimageindex":false,"robots_noodp":false,"robots_notranslate":false,"robots_max_snippet":null,"robots_max_videopreview":null,"robots_max_imagepreview":"large","priority":null,"frequency":null,"location":null,"local_seo":null,"seo_analyzer_scan_date":"2025-08-31 12:33:22","breadcrumb_settings":null,"limit_modified_date":false,"reviewed_by":null,"open_ai":null,"ai":null,"created":"2020-12-21 10:38:48","updated":"2025-08-31 12:33:22"},"aioseo_breadcrumb":"<div class=\"aioseo-breadcrumbs\"><span class=\"aioseo-breadcrumb\">\n\t<a href=\"https:\/\/candas365.es\/noticias\" title=\"Home\">Home<\/a>\n<\/span><span class=\"aioseo-breadcrumb-separator\">&ndash;<\/span><span class=\"aioseo-breadcrumb\">\n\t<a href=\"https:\/\/candas365.es\/noticias\/category\/noticias-carreno\/\" title=\"Noticias Carre\u00f1o\">Noticias Carre\u00f1o<\/a>\n<\/span><span class=\"aioseo-breadcrumb-separator\">&ndash;<\/span><span class=\"aioseo-breadcrumb\">\n\tCarre\u00f1o comprar\u00e1 directamente energ\u00eda el\u00e9ctrica\n<\/span><\/div>","aioseo_breadcrumb_json":[{"label":"Home","link":"https:\/\/candas365.es\/noticias"},{"label":"Noticias Carre\u00f1o","link":"https:\/\/candas365.es\/noticias\/category\/noticias-carreno\/"},{"label":"Carre\u00f1o comprar\u00e1 directamente energ\u00eda el\u00e9ctrica","link":"https:\/\/candas365.es\/noticias\/carreno-comprara-directamente-energia-electrica\/"}],"_links":{"self":[{"href":"https:\/\/candas365.es\/noticias\/wp-json\/wp\/v2\/posts\/147939","targetHints":{"allow":["GET"]}}],"collection":[{"href":"https:\/\/candas365.es\/noticias\/wp-json\/wp\/v2\/posts"}],"about":[{"href":"https:\/\/candas365.es\/noticias\/wp-json\/wp\/v2\/types\/post"}],"author":[{"embeddable":true,"href":"https:\/\/candas365.es\/noticias\/wp-json\/wp\/v2\/users\/1"}],"replies":[{"embeddable":true,"href":"https:\/\/candas365.es\/noticias\/wp-json\/wp\/v2\/comments?post=147939"}],"version-history":[{"count":0,"href":"https:\/\/candas365.es\/noticias\/wp-json\/wp\/v2\/posts\/147939\/revisions"}],"wp:featuredmedia":[{"embeddable":true,"href":"https:\/\/candas365.es\/noticias\/wp-json\/wp\/v2\/media\/6453"}],"wp:attachment":[{"href":"https:\/\/candas365.es\/noticias\/wp-json\/wp\/v2\/media?parent=147939"}],"wp:term":[{"taxonomy":"category","embeddable":true,"href":"https:\/\/candas365.es\/noticias\/wp-json\/wp\/v2\/categories?post=147939"},{"taxonomy":"post_tag","embeddable":true,"href":"https:\/\/candas365.es\/noticias\/wp-json\/wp\/v2\/tags?post=147939"}],"curies":[{"name":"wp","href":"https:\/\/api.w.org\/{rel}","templated":true}]}}