{"id":147807,"date":"2020-10-30T10:03:48","date_gmt":"2020-10-30T10:03:48","guid":{"rendered":"http:\/\/candas365.es\/noticias\/?p=147807"},"modified":"2020-11-01T10:14:44","modified_gmt":"2020-11-01T10:14:44","slug":"asturias-acoge-este-fin-de-semana-dos-etapas-decisivas-de-la-vuelta","status":"publish","type":"post","link":"https:\/\/candas365.es\/noticias\/asturias-acoge-este-fin-de-semana-dos-etapas-decisivas-de-la-vuelta\/","title":{"rendered":"Asturias acoge este fin de semana dos etapas decisivas de La Vuelta"},"content":{"rendered":"<p><img fetchpriority=\"high\" decoding=\"async\" class=\"alignleft size-medium wp-image-147808\" src=\"https:\/\/candas365.es\/noticias\/wp-content\/uploads\/2020\/11\/cycling-655565_640-360x257.jpg\" alt=\"\" width=\"360\" height=\"257\" srcset=\"https:\/\/candas365.es\/noticias\/wp-content\/uploads\/2020\/11\/cycling-655565_640-360x257.jpg 360w, https:\/\/candas365.es\/noticias\/wp-content\/uploads\/2020\/11\/cycling-655565_640-588x420.jpg 588w, https:\/\/candas365.es\/noticias\/wp-content\/uploads\/2020\/11\/cycling-655565_640-100x70.jpg 100w, https:\/\/candas365.es\/noticias\/wp-content\/uploads\/2020\/11\/cycling-655565_640.jpg 640w\" sizes=\"(max-width: 360px) 100vw, 360px\" \/>La Vuelta 2020 llega este fin de semana a Asturias para la celebraci\u00f3n de dos etapas que resultar\u00e1n claves para el resultado final de la gran prueba ciclista espa\u00f1ola, una de las tres m\u00e1s prestigiosas del mundo junto a El Tour franc\u00e9s y El Giro italiano.<\/p>\n<p>En esta edici\u00f3n, la habitual retransmisi\u00f3n televisiva de la competici\u00f3n cobra especial importancia al convertirse en un aliado fundamental en el contexto de la lucha contra la pandemia. Tanto la organizaci\u00f3n de la ronda ciclista como las autoridades sanitarias han promovido desde el inicio de La Vuelta 2020 una campa\u00f1a para recomendar el seguimiento de la competici\u00f3n desde casa, a trav\u00e9s de los televisores o los canales de internet.<\/p>\n<p>El Gobierno del Principado recuerda en v\u00edsperas de la llegada de La Vuelta a la comunidad asturiana que no est\u00e1 permitido asistir ni a las salidas ni a las metas de las dos etapas que se disputan en Asturias.<\/p>\n<p>Villaviciosa acoge ma\u00f1ana su primera salida en La Vuelta. El arranque se ha desplazado del centro urbano a La Barquerina para facilitar las medidas de seguridad de esta etapa que finalizar\u00e1 en el Alto de La Farrapona, en Somiedo, tras haber superado los puertos de La Campa, La Colladona, La Cobertoria y San Lorenzo.<\/p>\n<p>La segunda etapa asturiana partir\u00e1 el domingo de La Pola de Llaviana\/Pola de Laviana, salida tambi\u00e9n in\u00e9dita en la prueba, y finalizar\u00e1 en el m\u00edtico L\u00b4Angliru, en Riosa. Antes de llegar a la meta, los corredores deber\u00e1n encarar otras cuatro dificultades: los puertos del Padr\u00fan y de San Emiliano, ambos de tercera categor\u00eda, y los de La Mozqueta y El Cordal, de primera categor\u00eda.<\/p>\n","protected":false},"excerpt":{"rendered":"<p>La Vuelta 2020 llega este fin de semana a Asturias para la celebraci\u00f3n de dos etapas que resultar\u00e1n claves para el resultado final de la gran prueba ciclista espa\u00f1ola, una de las tres m\u00e1s prestigiosas del mundo junto a El Tour franc\u00e9s y El Giro italiano. En esta edici\u00f3n, la habitual retransmisi\u00f3n televisiva de la<\/p>\n","protected":false},"author":1,"featured_media":147808,"comment_status":"closed","ping_status":"closed","sticky":false,"template":"","format":"standard","meta":{"footnotes":""},"categories":[319],"tags":[],"class_list":{"0":"post-147807","1":"post","2":"type-post","3":"status-publish","4":"format-standard","5":"has-post-thumbnail","7":"category-deporte"},"aioseo_notices":[],"aioseo_head":"\n\t\t<!-- All in One SEO Pro 4.9.6.2 - aioseo.com -->\n\t<meta name=\"description\" content=\"La Vuelta 2020 llega este fin de semana a Asturias para la celebraci\u00f3n de dos etapas que resultar\u00e1n claves para el resultado final de la gran prueba ciclista espa\u00f1ola, una de las tres m\u00e1s prestigiosas del mundo junto a El Tour franc\u00e9s y El Giro italiano. En esta edici\u00f3n, la habitual retransmisi\u00f3n televisiva de la\" \/>\n\t<meta name=\"robots\" content=\"max-image-preview:large\" \/>\n\t<meta name=\"author\" content=\"Cand\u00e1s 365\"\/>\n\t<meta name=\"google-site-verification\" content=\"UA-32230408-1\" \/>\n\t<meta name=\"msvalidate.01\" content=\"354F3CDFB2DA171B47FBE9ABF1F88D5\" \/>\n\t<meta name=\"keywords\" content=\"deporte\" \/>\n\t<link rel=\"canonical\" href=\"https:\/\/candas365.es\/noticias\/asturias-acoge-este-fin-de-semana-dos-etapas-decisivas-de-la-vuelta\/\" \/>\n\t<meta name=\"generator\" content=\"All in One SEO Pro (AIOSEO) 4.9.6.2\" \/>\n\t\t<meta property=\"og:locale\" content=\"es_ES\" \/>\n\t\t<meta property=\"og:site_name\" content=\"Cand\u00e1s 365\" \/>\n\t\t<meta property=\"og:type\" content=\"article\" \/>\n\t\t<meta property=\"og:title\" content=\"Asturias acoge este fin de semana dos etapas decisivas de La Vuelta | Cand\u00e1s 365\" \/>\n\t\t<meta property=\"og:description\" content=\"La Vuelta 2020 llega este fin de semana a Asturias para la celebraci\u00f3n de dos etapas que resultar\u00e1n claves para el resultado final de la gran prueba ciclista espa\u00f1ola, una de las tres m\u00e1s prestigiosas del mundo junto a El Tour franc\u00e9s y El Giro italiano. En esta edici\u00f3n, la habitual retransmisi\u00f3n televisiva de la\" \/>\n\t\t<meta property=\"og:url\" content=\"https:\/\/candas365.es\/noticias\/asturias-acoge-este-fin-de-semana-dos-etapas-decisivas-de-la-vuelta\/\" \/>\n\t\t<meta property=\"og:image\" content=\"https:\/\/candas365.es\/noticias\/wp-content\/uploads\/2020\/11\/cycling-655565_640.jpg\" \/>\n\t\t<meta property=\"og:image:secure_url\" content=\"https:\/\/candas365.es\/noticias\/wp-content\/uploads\/2020\/11\/cycling-655565_640.jpg\" \/>\n\t\t<meta property=\"og:image:width\" content=\"640\" \/>\n\t\t<meta property=\"og:image:height\" content=\"457\" \/>\n\t\t<meta property=\"article:published_time\" content=\"2020-10-30T10:03:48+00:00\" \/>\n\t\t<meta property=\"article:modified_time\" content=\"2020-11-01T10:14:44+00:00\" \/>\n\t\t<meta property=\"article:publisher\" content=\"https:\/\/www.facebook.com\/Nachofdezber\" \/>\n\t\t<meta property=\"article:author\" content=\"https:\/\/www.facebook.com\/carrenoactualidad\" \/>\n\t\t<meta name=\"twitter:card\" content=\"summary_large_image\" \/>\n\t\t<meta name=\"twitter:site\" content=\"@NabercoDigital\" \/>\n\t\t<meta name=\"twitter:title\" content=\"Asturias acoge este fin de semana dos etapas decisivas de La Vuelta | Cand\u00e1s 365\" \/>\n\t\t<meta name=\"twitter:description\" content=\"La Vuelta 2020 llega este fin de semana a Asturias para la celebraci\u00f3n de dos etapas que resultar\u00e1n claves para el resultado final de la gran prueba ciclista espa\u00f1ola, una de las tres m\u00e1s prestigiosas del mundo junto a El Tour franc\u00e9s y El Giro italiano. En esta edici\u00f3n, la habitual retransmisi\u00f3n televisiva de la\" \/>\n\t\t<meta name=\"twitter:creator\" content=\"@nbasturias\" \/>\n\t\t<meta name=\"twitter:image\" content=\"https:\/\/candas365.es\/noticias\/wp-content\/uploads\/2020\/11\/cycling-655565_640.jpg\" \/>\n\t\t<meta name=\"twitter:label1\" content=\"Escrito por\" \/>\n\t\t<meta name=\"twitter:data1\" content=\"Cand\u00e1s 365\" \/>\n\t\t<meta name=\"twitter:label2\" content=\"Tiempo de lectura estimado\" \/>\n\t\t<meta name=\"twitter:data2\" content=\"1 minuto\" \/>\n\t\t<script type=\"application\/ld+json\" class=\"aioseo-schema\">\n\t\t\t{\"@context\":\"https:\\\/\\\/schema.org\",\"@graph\":[{\"@type\":\"BreadcrumbList\",\"@id\":\"https:\\\/\\\/candas365.es\\\/noticias\\\/asturias-acoge-este-fin-de-semana-dos-etapas-decisivas-de-la-vuelta\\\/#breadcrumblist\",\"itemListElement\":[{\"@type\":\"ListItem\",\"@id\":\"https:\\\/\\\/candas365.es\\\/noticias#listItem\",\"position\":1,\"name\":\"Home\",\"item\":\"https:\\\/\\\/candas365.es\\\/noticias\",\"nextItem\":{\"@type\":\"ListItem\",\"@id\":\"https:\\\/\\\/candas365.es\\\/noticias\\\/category\\\/deporte\\\/#listItem\",\"name\":\"Deporte\"}},{\"@type\":\"ListItem\",\"@id\":\"https:\\\/\\\/candas365.es\\\/noticias\\\/category\\\/deporte\\\/#listItem\",\"position\":2,\"name\":\"Deporte\",\"item\":\"https:\\\/\\\/candas365.es\\\/noticias\\\/category\\\/deporte\\\/\",\"nextItem\":{\"@type\":\"ListItem\",\"@id\":\"https:\\\/\\\/candas365.es\\\/noticias\\\/asturias-acoge-este-fin-de-semana-dos-etapas-decisivas-de-la-vuelta\\\/#listItem\",\"name\":\"Asturias acoge este fin de semana dos etapas decisivas de La Vuelta\"},\"previousItem\":{\"@type\":\"ListItem\",\"@id\":\"https:\\\/\\\/candas365.es\\\/noticias#listItem\",\"name\":\"Home\"}},{\"@type\":\"ListItem\",\"@id\":\"https:\\\/\\\/candas365.es\\\/noticias\\\/asturias-acoge-este-fin-de-semana-dos-etapas-decisivas-de-la-vuelta\\\/#listItem\",\"position\":3,\"name\":\"Asturias acoge este fin de semana dos etapas decisivas de La Vuelta\",\"previousItem\":{\"@type\":\"ListItem\",\"@id\":\"https:\\\/\\\/candas365.es\\\/noticias\\\/category\\\/deporte\\\/#listItem\",\"name\":\"Deporte\"}}]},{\"@type\":\"NewsArticle\",\"@id\":\"https:\\\/\\\/candas365.es\\\/noticias\\\/asturias-acoge-este-fin-de-semana-dos-etapas-decisivas-de-la-vuelta\\\/#newsarticle\",\"name\":\"Asturias acoge este fin de semana dos etapas decisivas de La Vuelta | Cand\\u00e1s 365\",\"headline\":\"Asturias acoge este fin de semana dos etapas decisivas de La Vuelta\",\"author\":{\"@id\":\"https:\\\/\\\/candas365.es\\\/noticias\\\/author\\\/admin\\\/#author\"},\"publisher\":{\"@id\":\"https:\\\/\\\/candas365.es\\\/noticias\\\/#organization\"},\"image\":{\"@type\":\"ImageObject\",\"url\":\"https:\\\/\\\/candas365.es\\\/noticias\\\/wp-content\\\/uploads\\\/2020\\\/11\\\/cycling-655565_640.jpg\",\"width\":640,\"height\":457},\"datePublished\":\"2020-10-30T10:03:48+01:00\",\"dateModified\":\"2020-11-01T10:14:44+01:00\",\"inLanguage\":\"es-ES\",\"mainEntityOfPage\":{\"@id\":\"https:\\\/\\\/candas365.es\\\/noticias\\\/asturias-acoge-este-fin-de-semana-dos-etapas-decisivas-de-la-vuelta\\\/#webpage\"},\"isPartOf\":{\"@id\":\"https:\\\/\\\/candas365.es\\\/noticias\\\/asturias-acoge-este-fin-de-semana-dos-etapas-decisivas-de-la-vuelta\\\/#webpage\"},\"articleSection\":\"Deporte\",\"dateline\":\"Publicado el octubre 30, 2020.\"},{\"@type\":\"Organization\",\"@id\":\"https:\\\/\\\/candas365.es\\\/noticias\\\/#organization\",\"name\":\"Cand\\u00e1s 365\",\"description\":\"Cand\\u00e1s 365 es un diario digital independiente, fundado en 2012, con base en Asturias. Informamos con rigor sobre actualidad, sociedad, cultura y ocio, con una mirada local y global.\",\"url\":\"https:\\\/\\\/candas365.es\\\/noticias\\\/\",\"email\":\"info@candas365.es\",\"telephone\":\"+34652131393\",\"foundingDate\":\"2012-06-10\",\"logo\":{\"@type\":\"ImageObject\",\"url\":\"https:\\\/\\\/candas365.es\\\/noticias\\\/wp-content\\\/uploads\\\/2024\\\/09\\\/Candas-365-Redes.jpg\",\"@id\":\"https:\\\/\\\/candas365.es\\\/noticias\\\/asturias-acoge-este-fin-de-semana-dos-etapas-decisivas-de-la-vuelta\\\/#organizationLogo\",\"width\":1152,\"height\":864,\"caption\":\"Cand\\u00e1s 365 Redes\"},\"image\":{\"@id\":\"https:\\\/\\\/candas365.es\\\/noticias\\\/asturias-acoge-este-fin-de-semana-dos-etapas-decisivas-de-la-vuelta\\\/#organizationLogo\"},\"sameAs\":[\"https:\\\/\\\/www.facebook.com\\\/Nachofdezber\",\"https:\\\/\\\/x.com\\\/NabercoDigital\",\"https:\\\/\\\/www.instagram.com\\\/nachofdezber\\\/\",\"https:\\\/\\\/www.youtube.com\\\/channel\\\/UCZP-2wLEB9Rv6erhFmqVnvg\"],\"address\":{\"@id\":\"https:\\\/\\\/candas365.es\\\/noticias\\\/#postaladdress\",\"@type\":\"PostalAddress\",\"streetAddress\":\"san antonio 4, san antonio 4\",\"postalCode\":\"33430\",\"addressLocality\":\"Cand\\u00e1s\",\"addressRegion\":\"Asturias\",\"addressCountry\":\"ES\"}},{\"@type\":\"Person\",\"@id\":\"https:\\\/\\\/candas365.es\\\/noticias\\\/author\\\/admin\\\/#author\",\"url\":\"https:\\\/\\\/candas365.es\\\/noticias\\\/author\\\/admin\\\/\",\"name\":\"Cand\\u00e1s 365\",\"image\":{\"@type\":\"ImageObject\",\"@id\":\"https:\\\/\\\/candas365.es\\\/noticias\\\/asturias-acoge-este-fin-de-semana-dos-etapas-decisivas-de-la-vuelta\\\/#authorImage\",\"url\":\"https:\\\/\\\/secure.gravatar.com\\\/avatar\\\/496a8e03d0c493ede1718b7934145dbdf8d89be1036b0eec9544e1094c9de390?s=96&d=mm&r=g\",\"width\":96,\"height\":96,\"caption\":\"Cand\\u00e1s 365\"},\"sameAs\":[\"https:\\\/\\\/www.facebook.com\\\/carrenoactualidad\",\"https:\\\/\\\/twitter.com\\\/nbasturias\",\"https:\\\/\\\/www.instagram.com\\\/nachofdezber\\\/\",\"https:\\\/\\\/www.youtube.com\\\/channel\\\/UCZP-2wLEB9Rv6erhFmqVnvg\"]},{\"@type\":\"WebPage\",\"@id\":\"https:\\\/\\\/candas365.es\\\/noticias\\\/asturias-acoge-este-fin-de-semana-dos-etapas-decisivas-de-la-vuelta\\\/#webpage\",\"url\":\"https:\\\/\\\/candas365.es\\\/noticias\\\/asturias-acoge-este-fin-de-semana-dos-etapas-decisivas-de-la-vuelta\\\/\",\"name\":\"Asturias acoge este fin de semana dos etapas decisivas de La Vuelta | Cand\\u00e1s 365\",\"description\":\"La Vuelta 2020 llega este fin de semana a Asturias para la celebraci\\u00f3n de dos etapas que resultar\\u00e1n claves para el resultado final de la gran prueba ciclista espa\\u00f1ola, una de las tres m\\u00e1s prestigiosas del mundo junto a El Tour franc\\u00e9s y El Giro italiano. En esta edici\\u00f3n, la habitual retransmisi\\u00f3n televisiva de la\",\"inLanguage\":\"es-ES\",\"isPartOf\":{\"@id\":\"https:\\\/\\\/candas365.es\\\/noticias\\\/#website\"},\"breadcrumb\":{\"@id\":\"https:\\\/\\\/candas365.es\\\/noticias\\\/asturias-acoge-este-fin-de-semana-dos-etapas-decisivas-de-la-vuelta\\\/#breadcrumblist\"},\"author\":{\"@id\":\"https:\\\/\\\/candas365.es\\\/noticias\\\/author\\\/admin\\\/#author\"},\"creator\":{\"@id\":\"https:\\\/\\\/candas365.es\\\/noticias\\\/author\\\/admin\\\/#author\"},\"image\":{\"@type\":\"ImageObject\",\"url\":\"https:\\\/\\\/candas365.es\\\/noticias\\\/wp-content\\\/uploads\\\/2020\\\/11\\\/cycling-655565_640.jpg\",\"@id\":\"https:\\\/\\\/candas365.es\\\/noticias\\\/asturias-acoge-este-fin-de-semana-dos-etapas-decisivas-de-la-vuelta\\\/#mainImage\",\"width\":640,\"height\":457},\"primaryImageOfPage\":{\"@id\":\"https:\\\/\\\/candas365.es\\\/noticias\\\/asturias-acoge-este-fin-de-semana-dos-etapas-decisivas-de-la-vuelta\\\/#mainImage\"},\"datePublished\":\"2020-10-30T10:03:48+01:00\",\"dateModified\":\"2020-11-01T10:14:44+01:00\"},{\"@type\":\"WebSite\",\"@id\":\"https:\\\/\\\/candas365.es\\\/noticias\\\/#website\",\"url\":\"https:\\\/\\\/candas365.es\\\/noticias\\\/\",\"name\":\"Cand\\u00e1s 365\",\"alternateName\":\"Cand\\u00e1s 365 Noticias\",\"description\":\"Actualidad desde Carre\\u00f1o para el mundo\",\"inLanguage\":\"es-ES\",\"publisher\":{\"@id\":\"https:\\\/\\\/candas365.es\\\/noticias\\\/#organization\"}}]}\n\t\t<\/script>\n\t\t<!-- All in One SEO Pro -->\r\n\t\t<title>Asturias acoge este fin de semana dos etapas decisivas de La Vuelta | Cand\u00e1s 365<\/title>\n\n","aioseo_head_json":{"title":"Asturias acoge este fin de semana dos etapas decisivas de La Vuelta | Cand\u00e1s 365","description":"La Vuelta 2020 llega este fin de semana a Asturias para la celebraci\u00f3n de dos etapas que resultar\u00e1n claves para el resultado final de la gran prueba ciclista espa\u00f1ola, una de las tres m\u00e1s prestigiosas del mundo junto a El Tour franc\u00e9s y El Giro italiano. En esta edici\u00f3n, la habitual retransmisi\u00f3n televisiva de la","canonical_url":"https:\/\/candas365.es\/noticias\/asturias-acoge-este-fin-de-semana-dos-etapas-decisivas-de-la-vuelta\/","robots":"max-image-preview:large","keywords":"deporte","webmasterTools":{"google-site-verification":"UA-32230408-1","msvalidate.01":"354F3CDFB2DA171B47FBE9ABF1F88D5","miscellaneous":""},"schema":{"@context":"https:\/\/schema.org","@graph":[{"@type":"BreadcrumbList","@id":"https:\/\/candas365.es\/noticias\/asturias-acoge-este-fin-de-semana-dos-etapas-decisivas-de-la-vuelta\/#breadcrumblist","itemListElement":[{"@type":"ListItem","@id":"https:\/\/candas365.es\/noticias#listItem","position":1,"name":"Home","item":"https:\/\/candas365.es\/noticias","nextItem":{"@type":"ListItem","@id":"https:\/\/candas365.es\/noticias\/category\/deporte\/#listItem","name":"Deporte"}},{"@type":"ListItem","@id":"https:\/\/candas365.es\/noticias\/category\/deporte\/#listItem","position":2,"name":"Deporte","item":"https:\/\/candas365.es\/noticias\/category\/deporte\/","nextItem":{"@type":"ListItem","@id":"https:\/\/candas365.es\/noticias\/asturias-acoge-este-fin-de-semana-dos-etapas-decisivas-de-la-vuelta\/#listItem","name":"Asturias acoge este fin de semana dos etapas decisivas de La Vuelta"},"previousItem":{"@type":"ListItem","@id":"https:\/\/candas365.es\/noticias#listItem","name":"Home"}},{"@type":"ListItem","@id":"https:\/\/candas365.es\/noticias\/asturias-acoge-este-fin-de-semana-dos-etapas-decisivas-de-la-vuelta\/#listItem","position":3,"name":"Asturias acoge este fin de semana dos etapas decisivas de La Vuelta","previousItem":{"@type":"ListItem","@id":"https:\/\/candas365.es\/noticias\/category\/deporte\/#listItem","name":"Deporte"}}]},{"@type":"NewsArticle","@id":"https:\/\/candas365.es\/noticias\/asturias-acoge-este-fin-de-semana-dos-etapas-decisivas-de-la-vuelta\/#newsarticle","name":"Asturias acoge este fin de semana dos etapas decisivas de La Vuelta | Cand\u00e1s 365","headline":"Asturias acoge este fin de semana dos etapas decisivas de La Vuelta","author":{"@id":"https:\/\/candas365.es\/noticias\/author\/admin\/#author"},"publisher":{"@id":"https:\/\/candas365.es\/noticias\/#organization"},"image":{"@type":"ImageObject","url":"https:\/\/candas365.es\/noticias\/wp-content\/uploads\/2020\/11\/cycling-655565_640.jpg","width":640,"height":457},"datePublished":"2020-10-30T10:03:48+01:00","dateModified":"2020-11-01T10:14:44+01:00","inLanguage":"es-ES","mainEntityOfPage":{"@id":"https:\/\/candas365.es\/noticias\/asturias-acoge-este-fin-de-semana-dos-etapas-decisivas-de-la-vuelta\/#webpage"},"isPartOf":{"@id":"https:\/\/candas365.es\/noticias\/asturias-acoge-este-fin-de-semana-dos-etapas-decisivas-de-la-vuelta\/#webpage"},"articleSection":"Deporte","dateline":"Publicado el octubre 30, 2020."},{"@type":"Organization","@id":"https:\/\/candas365.es\/noticias\/#organization","name":"Cand\u00e1s 365","description":"Cand\u00e1s 365 es un diario digital independiente, fundado en 2012, con base en Asturias. Informamos con rigor sobre actualidad, sociedad, cultura y ocio, con una mirada local y global.","url":"https:\/\/candas365.es\/noticias\/","email":"info@candas365.es","telephone":"+34652131393","foundingDate":"2012-06-10","logo":{"@type":"ImageObject","url":"https:\/\/candas365.es\/noticias\/wp-content\/uploads\/2024\/09\/Candas-365-Redes.jpg","@id":"https:\/\/candas365.es\/noticias\/asturias-acoge-este-fin-de-semana-dos-etapas-decisivas-de-la-vuelta\/#organizationLogo","width":1152,"height":864,"caption":"Cand\u00e1s 365 Redes"},"image":{"@id":"https:\/\/candas365.es\/noticias\/asturias-acoge-este-fin-de-semana-dos-etapas-decisivas-de-la-vuelta\/#organizationLogo"},"sameAs":["https:\/\/www.facebook.com\/Nachofdezber","https:\/\/x.com\/NabercoDigital","https:\/\/www.instagram.com\/nachofdezber\/","https:\/\/www.youtube.com\/channel\/UCZP-2wLEB9Rv6erhFmqVnvg"],"address":{"@id":"https:\/\/candas365.es\/noticias\/#postaladdress","@type":"PostalAddress","streetAddress":"san antonio 4, san antonio 4","postalCode":"33430","addressLocality":"Cand\u00e1s","addressRegion":"Asturias","addressCountry":"ES"}},{"@type":"Person","@id":"https:\/\/candas365.es\/noticias\/author\/admin\/#author","url":"https:\/\/candas365.es\/noticias\/author\/admin\/","name":"Cand\u00e1s 365","image":{"@type":"ImageObject","@id":"https:\/\/candas365.es\/noticias\/asturias-acoge-este-fin-de-semana-dos-etapas-decisivas-de-la-vuelta\/#authorImage","url":"https:\/\/secure.gravatar.com\/avatar\/496a8e03d0c493ede1718b7934145dbdf8d89be1036b0eec9544e1094c9de390?s=96&d=mm&r=g","width":96,"height":96,"caption":"Cand\u00e1s 365"},"sameAs":["https:\/\/www.facebook.com\/carrenoactualidad","https:\/\/twitter.com\/nbasturias","https:\/\/www.instagram.com\/nachofdezber\/","https:\/\/www.youtube.com\/channel\/UCZP-2wLEB9Rv6erhFmqVnvg"]},{"@type":"WebPage","@id":"https:\/\/candas365.es\/noticias\/asturias-acoge-este-fin-de-semana-dos-etapas-decisivas-de-la-vuelta\/#webpage","url":"https:\/\/candas365.es\/noticias\/asturias-acoge-este-fin-de-semana-dos-etapas-decisivas-de-la-vuelta\/","name":"Asturias acoge este fin de semana dos etapas decisivas de La Vuelta | Cand\u00e1s 365","description":"La Vuelta 2020 llega este fin de semana a Asturias para la celebraci\u00f3n de dos etapas que resultar\u00e1n claves para el resultado final de la gran prueba ciclista espa\u00f1ola, una de las tres m\u00e1s prestigiosas del mundo junto a El Tour franc\u00e9s y El Giro italiano. En esta edici\u00f3n, la habitual retransmisi\u00f3n televisiva de la","inLanguage":"es-ES","isPartOf":{"@id":"https:\/\/candas365.es\/noticias\/#website"},"breadcrumb":{"@id":"https:\/\/candas365.es\/noticias\/asturias-acoge-este-fin-de-semana-dos-etapas-decisivas-de-la-vuelta\/#breadcrumblist"},"author":{"@id":"https:\/\/candas365.es\/noticias\/author\/admin\/#author"},"creator":{"@id":"https:\/\/candas365.es\/noticias\/author\/admin\/#author"},"image":{"@type":"ImageObject","url":"https:\/\/candas365.es\/noticias\/wp-content\/uploads\/2020\/11\/cycling-655565_640.jpg","@id":"https:\/\/candas365.es\/noticias\/asturias-acoge-este-fin-de-semana-dos-etapas-decisivas-de-la-vuelta\/#mainImage","width":640,"height":457},"primaryImageOfPage":{"@id":"https:\/\/candas365.es\/noticias\/asturias-acoge-este-fin-de-semana-dos-etapas-decisivas-de-la-vuelta\/#mainImage"},"datePublished":"2020-10-30T10:03:48+01:00","dateModified":"2020-11-01T10:14:44+01:00"},{"@type":"WebSite","@id":"https:\/\/candas365.es\/noticias\/#website","url":"https:\/\/candas365.es\/noticias\/","name":"Cand\u00e1s 365","alternateName":"Cand\u00e1s 365 Noticias","description":"Actualidad desde Carre\u00f1o para el mundo","inLanguage":"es-ES","publisher":{"@id":"https:\/\/candas365.es\/noticias\/#organization"}}]},"og:locale":"es_ES","og:site_name":"Cand\u00e1s 365","og:type":"article","og:title":"Asturias acoge este fin de semana dos etapas decisivas de La Vuelta | Cand\u00e1s 365","og:description":"La Vuelta 2020 llega este fin de semana a Asturias para la celebraci\u00f3n de dos etapas que resultar\u00e1n claves para el resultado final de la gran prueba ciclista espa\u00f1ola, una de las tres m\u00e1s prestigiosas del mundo junto a El Tour franc\u00e9s y El Giro italiano. En esta edici\u00f3n, la habitual retransmisi\u00f3n televisiva de la","og:url":"https:\/\/candas365.es\/noticias\/asturias-acoge-este-fin-de-semana-dos-etapas-decisivas-de-la-vuelta\/","og:image":"https:\/\/candas365.es\/noticias\/wp-content\/uploads\/2020\/11\/cycling-655565_640.jpg","og:image:secure_url":"https:\/\/candas365.es\/noticias\/wp-content\/uploads\/2020\/11\/cycling-655565_640.jpg","og:image:width":640,"og:image:height":457,"article:published_time":"2020-10-30T10:03:48+00:00","article:modified_time":"2020-11-01T10:14:44+00:00","article:publisher":"https:\/\/www.facebook.com\/Nachofdezber","article:author":"https:\/\/www.facebook.com\/carrenoactualidad","twitter:card":"summary_large_image","twitter:site":"@NabercoDigital","twitter:title":"Asturias acoge este fin de semana dos etapas decisivas de La Vuelta | Cand\u00e1s 365","twitter:description":"La Vuelta 2020 llega este fin de semana a Asturias para la celebraci\u00f3n de dos etapas que resultar\u00e1n claves para el resultado final de la gran prueba ciclista espa\u00f1ola, una de las tres m\u00e1s prestigiosas del mundo junto a El Tour franc\u00e9s y El Giro italiano. En esta edici\u00f3n, la habitual retransmisi\u00f3n televisiva de la","twitter:creator":"@nbasturias","twitter:image":"https:\/\/candas365.es\/noticias\/wp-content\/uploads\/2020\/11\/cycling-655565_640.jpg","twitter:label1":"Escrito por","twitter:data1":"Cand\u00e1s 365","twitter:label2":"Tiempo de lectura estimado","twitter:data2":"1 minuto"},"aioseo_meta_data":{"post_id":"147807","title":null,"description":"","keywords":"","keyphrases":null,"primary_term":null,"canonical_url":"","og_title":null,"og_description":null,"og_object_type":"default","og_image_type":"default","og_image_url":null,"og_image_width":null,"og_image_height":null,"og_image_custom_url":null,"og_image_custom_fields":null,"og_video":null,"og_custom_url":null,"og_article_section":null,"og_article_tags":null,"twitter_use_og":false,"twitter_card":"default","twitter_image_type":"default","twitter_image_url":null,"twitter_image_custom_url":null,"twitter_image_custom_fields":null,"twitter_title":null,"twitter_description":null,"schema":{"blockGraphs":[],"customGraphs":[],"default":{"data":{"Article":[],"Course":[],"Dataset":[],"FAQPage":[],"Movie":[],"Person":[],"Product":[],"ProductReview":[],"Car":[],"Recipe":[],"Service":[],"SoftwareApplication":[],"WebPage":[]},"graphName":"","isEnabled":true},"graphs":[],"defaultGraph":"","defaultPostTypeGraph":""},"schema_type":null,"schema_type_options":null,"pillar_content":false,"robots_default":true,"robots_noindex":false,"robots_noarchive":false,"robots_nosnippet":false,"robots_nofollow":false,"robots_noimageindex":false,"robots_noodp":false,"robots_notranslate":false,"robots_max_snippet":null,"robots_max_videopreview":null,"robots_max_imagepreview":"large","priority":null,"frequency":null,"location":null,"local_seo":null,"seo_analyzer_scan_date":"2025-08-31 12:40:26","breadcrumb_settings":null,"limit_modified_date":false,"reviewed_by":null,"open_ai":null,"ai":null,"created":"2020-12-21 10:38:55","updated":"2025-08-31 12:40:26"},"aioseo_breadcrumb":"<div class=\"aioseo-breadcrumbs\"><span class=\"aioseo-breadcrumb\">\n\t<a href=\"https:\/\/candas365.es\/noticias\" title=\"Home\">Home<\/a>\n<\/span><span class=\"aioseo-breadcrumb-separator\">&ndash;<\/span><span class=\"aioseo-breadcrumb\">\n\t<a href=\"https:\/\/candas365.es\/noticias\/category\/deporte\/\" title=\"Deporte\">Deporte<\/a>\n<\/span><span class=\"aioseo-breadcrumb-separator\">&ndash;<\/span><span class=\"aioseo-breadcrumb\">\n\tAsturias acoge este fin de semana dos etapas decisivas de La Vuelta\n<\/span><\/div>","aioseo_breadcrumb_json":[{"label":"Home","link":"https:\/\/candas365.es\/noticias"},{"label":"Deporte","link":"https:\/\/candas365.es\/noticias\/category\/deporte\/"},{"label":"Asturias acoge este fin de semana dos etapas decisivas de La Vuelta","link":"https:\/\/candas365.es\/noticias\/asturias-acoge-este-fin-de-semana-dos-etapas-decisivas-de-la-vuelta\/"}],"_links":{"self":[{"href":"https:\/\/candas365.es\/noticias\/wp-json\/wp\/v2\/posts\/147807","targetHints":{"allow":["GET"]}}],"collection":[{"href":"https:\/\/candas365.es\/noticias\/wp-json\/wp\/v2\/posts"}],"about":[{"href":"https:\/\/candas365.es\/noticias\/wp-json\/wp\/v2\/types\/post"}],"author":[{"embeddable":true,"href":"https:\/\/candas365.es\/noticias\/wp-json\/wp\/v2\/users\/1"}],"replies":[{"embeddable":true,"href":"https:\/\/candas365.es\/noticias\/wp-json\/wp\/v2\/comments?post=147807"}],"version-history":[{"count":0,"href":"https:\/\/candas365.es\/noticias\/wp-json\/wp\/v2\/posts\/147807\/revisions"}],"wp:featuredmedia":[{"embeddable":true,"href":"https:\/\/candas365.es\/noticias\/wp-json\/wp\/v2\/media\/147808"}],"wp:attachment":[{"href":"https:\/\/candas365.es\/noticias\/wp-json\/wp\/v2\/media?parent=147807"}],"wp:term":[{"taxonomy":"category","embeddable":true,"href":"https:\/\/candas365.es\/noticias\/wp-json\/wp\/v2\/categories?post=147807"},{"taxonomy":"post_tag","embeddable":true,"href":"https:\/\/candas365.es\/noticias\/wp-json\/wp\/v2\/tags?post=147807"}],"curies":[{"name":"wp","href":"https:\/\/api.w.org\/{rel}","templated":true}]}}