{"id":147777,"date":"2020-10-21T15:14:56","date_gmt":"2020-10-21T15:14:56","guid":{"rendered":"http:\/\/candas365.es\/noticias\/?p=147777"},"modified":"2020-10-25T15:15:56","modified_gmt":"2020-10-25T15:15:56","slug":"la-sala-borron-exhibe-hasta-el-18-de-diciembre-la-exposicion-ajardinando-de-andrea-rubio","status":"publish","type":"post","link":"https:\/\/candas365.es\/noticias\/la-sala-borron-exhibe-hasta-el-18-de-diciembre-la-exposicion-ajardinando-de-andrea-rubio\/","title":{"rendered":"La Sala Borr\u00f3n exhibe hasta el 18 de diciembre la exposici\u00f3n Ajardinando, de Andrea Rubio"},"content":{"rendered":"<p><img fetchpriority=\"high\" decoding=\"async\" class=\"alignleft size-medium wp-image-270\" src=\"https:\/\/candas365.es\/noticias\/wp-content\/uploads\/2014\/09\/agenda-360x238.jpg\" alt=\"\" width=\"360\" height=\"238\" srcset=\"https:\/\/candas365.es\/noticias\/wp-content\/uploads\/2014\/09\/agenda-360x238.jpg 360w, https:\/\/candas365.es\/noticias\/wp-content\/uploads\/2014\/09\/agenda-150x99.jpg 150w, https:\/\/candas365.es\/noticias\/wp-content\/uploads\/2014\/09\/agenda-450x298.jpg 450w, https:\/\/candas365.es\/noticias\/wp-content\/uploads\/2014\/09\/agenda-84x55.jpg 84w, https:\/\/candas365.es\/noticias\/wp-content\/uploads\/2014\/09\/agenda.jpg 500w\" sizes=\"(max-width: 360px) 100vw, 360px\" \/>La Sala Borr\u00f3n de Oviedo acoge hasta el pr\u00f3ximo 18 de diciembre la exposici\u00f3n Ajardinando. Sobre plantas salvajes y ni\u00f1xs de interior, de la artista mierense Andrea Rubio. La directora general de Juventud, Clara Sierra, inaugurar\u00e1 la muestra, que forma parte del Programa de J\u00f3venes Artistas Pl\u00e1sticos del Principado, ma\u00f1ana, a las 19:30 horas.<\/p>\n<p>La pr\u00e1ctica art\u00edstica de Rubio gira en torno a la idea de aprendizaje y a los mecanismos internos y externos que ocurren en el proceso educativo y as\u00ed queda reflejado en la obra expuesta, que incluye elementos de escultura, fotograf\u00eda e instalaciones.<\/p>\n<p>En Ajardinando, exposici\u00f3n comisariada por Cristina Ramos, la autora reflexiona sobre la forma en la que habitamos los espacios naturales en el \u00e1mbito dom\u00e9stico y urbano; en concreto, aborda el uso de jardines verticales, medianeras y plantas de interior, con los que dise\u00f1amos la naturaleza ejerciendo un control absoluto sobre ella.<\/p>\n<p>A trav\u00e9s de preguntas como cu\u00e1l es la relaci\u00f3n que existe entre la domesticaci\u00f3n de la naturaleza y la educaci\u00f3n que recibimos, qu\u00e9 ocurre cuando se riega en exceso una planta o qu\u00e9 pasar\u00eda si forzamos el crecimiento de una semilla, la exposici\u00f3n genera paradojas y contradicciones.<\/p>\n<p>Andrea Rubio (Mieres, 1990) es licenciada en Bellas Artes por la Universidad Complutense de Madrid y actualmente finaliza su tesis doctoral sobre Artes y Educaci\u00f3n en la Universidad de Granada. De esa tesis forma parte Ajardinando. Desde 2015 desarrolla en Asturias como educadora art\u00edstica el proyecto Lainopia.<\/p>\n","protected":false},"excerpt":{"rendered":"<p>La Sala Borr\u00f3n de Oviedo acoge hasta el pr\u00f3ximo 18 de diciembre la exposici\u00f3n Ajardinando. Sobre plantas salvajes y ni\u00f1xs de interior, de la artista mierense Andrea Rubio. La directora general de Juventud, Clara Sierra, inaugurar\u00e1 la muestra, que forma parte del Programa de J\u00f3venes Artistas Pl\u00e1sticos del Principado, ma\u00f1ana, a las 19:30 horas. La<\/p>\n","protected":false},"author":1,"featured_media":270,"comment_status":"closed","ping_status":"closed","sticky":false,"template":"","format":"standard","meta":{"footnotes":""},"categories":[1],"tags":[],"class_list":{"0":"post-147777","1":"post","2":"type-post","3":"status-publish","4":"format-standard","5":"has-post-thumbnail","7":"category-agenda"},"aioseo_notices":[],"aioseo_head":"\n\t\t<!-- All in One SEO Pro 4.9.6.2 - aioseo.com -->\n\t<meta name=\"description\" content=\"La Sala Borr\u00f3n de Oviedo acoge hasta el pr\u00f3ximo 18 de diciembre la exposici\u00f3n Ajardinando. Sobre plantas salvajes y ni\u00f1xs de interior, de la artista mierense Andrea Rubio. La directora general de Juventud, Clara Sierra, inaugurar\u00e1 la muestra, que forma parte del Programa de J\u00f3venes Artistas Pl\u00e1sticos del Principado, ma\u00f1ana, a las 19:30 horas. La\" \/>\n\t<meta name=\"robots\" content=\"max-image-preview:large\" \/>\n\t<meta name=\"author\" content=\"Cand\u00e1s 365\"\/>\n\t<meta name=\"google-site-verification\" content=\"UA-32230408-1\" \/>\n\t<meta name=\"msvalidate.01\" content=\"354F3CDFB2DA171B47FBE9ABF1F88D5\" \/>\n\t<meta name=\"keywords\" content=\"agenda\" \/>\n\t<link rel=\"canonical\" href=\"https:\/\/candas365.es\/noticias\/la-sala-borron-exhibe-hasta-el-18-de-diciembre-la-exposicion-ajardinando-de-andrea-rubio\/\" \/>\n\t<meta name=\"generator\" content=\"All in One SEO Pro (AIOSEO) 4.9.6.2\" \/>\n\t\t<meta property=\"og:locale\" content=\"es_ES\" \/>\n\t\t<meta property=\"og:site_name\" content=\"Cand\u00e1s 365\" \/>\n\t\t<meta property=\"og:type\" content=\"article\" \/>\n\t\t<meta property=\"og:title\" content=\"La Sala Borr\u00f3n exhibe hasta el 18 de diciembre la exposici\u00f3n Ajardinando, de Andrea Rubio | Cand\u00e1s 365\" \/>\n\t\t<meta property=\"og:description\" content=\"La Sala Borr\u00f3n de Oviedo acoge hasta el pr\u00f3ximo 18 de diciembre la exposici\u00f3n Ajardinando. Sobre plantas salvajes y ni\u00f1xs de interior, de la artista mierense Andrea Rubio. La directora general de Juventud, Clara Sierra, inaugurar\u00e1 la muestra, que forma parte del Programa de J\u00f3venes Artistas Pl\u00e1sticos del Principado, ma\u00f1ana, a las 19:30 horas. La\" \/>\n\t\t<meta property=\"og:url\" content=\"https:\/\/candas365.es\/noticias\/la-sala-borron-exhibe-hasta-el-18-de-diciembre-la-exposicion-ajardinando-de-andrea-rubio\/\" \/>\n\t\t<meta property=\"og:image\" content=\"https:\/\/candas365.es\/noticias\/wp-content\/uploads\/2014\/09\/agenda.jpg\" \/>\n\t\t<meta property=\"og:image:secure_url\" content=\"https:\/\/candas365.es\/noticias\/wp-content\/uploads\/2014\/09\/agenda.jpg\" \/>\n\t\t<meta property=\"og:image:width\" content=\"500\" \/>\n\t\t<meta property=\"og:image:height\" content=\"331\" \/>\n\t\t<meta property=\"article:published_time\" content=\"2020-10-21T15:14:56+00:00\" \/>\n\t\t<meta property=\"article:modified_time\" content=\"2020-10-25T15:15:56+00:00\" \/>\n\t\t<meta property=\"article:publisher\" content=\"https:\/\/www.facebook.com\/Nachofdezber\" \/>\n\t\t<meta property=\"article:author\" content=\"https:\/\/www.facebook.com\/carrenoactualidad\" \/>\n\t\t<meta name=\"twitter:card\" content=\"summary_large_image\" \/>\n\t\t<meta name=\"twitter:site\" content=\"@NabercoDigital\" \/>\n\t\t<meta name=\"twitter:title\" content=\"La Sala Borr\u00f3n exhibe hasta el 18 de diciembre la exposici\u00f3n Ajardinando, de Andrea Rubio | Cand\u00e1s 365\" \/>\n\t\t<meta name=\"twitter:description\" content=\"La Sala Borr\u00f3n de Oviedo acoge hasta el pr\u00f3ximo 18 de diciembre la exposici\u00f3n Ajardinando. Sobre plantas salvajes y ni\u00f1xs de interior, de la artista mierense Andrea Rubio. La directora general de Juventud, Clara Sierra, inaugurar\u00e1 la muestra, que forma parte del Programa de J\u00f3venes Artistas Pl\u00e1sticos del Principado, ma\u00f1ana, a las 19:30 horas. La\" \/>\n\t\t<meta name=\"twitter:creator\" content=\"@nbasturias\" \/>\n\t\t<meta name=\"twitter:image\" content=\"https:\/\/candas365.es\/noticias\/wp-content\/uploads\/2014\/09\/agenda.jpg\" \/>\n\t\t<meta name=\"twitter:label1\" content=\"Escrito por\" \/>\n\t\t<meta name=\"twitter:data1\" content=\"Cand\u00e1s 365\" \/>\n\t\t<meta name=\"twitter:label2\" content=\"Tiempo de lectura estimado\" \/>\n\t\t<meta name=\"twitter:data2\" content=\"1 minuto\" \/>\n\t\t<script type=\"application\/ld+json\" class=\"aioseo-schema\">\n\t\t\t{\"@context\":\"https:\\\/\\\/schema.org\",\"@graph\":[{\"@type\":\"BreadcrumbList\",\"@id\":\"https:\\\/\\\/candas365.es\\\/noticias\\\/la-sala-borron-exhibe-hasta-el-18-de-diciembre-la-exposicion-ajardinando-de-andrea-rubio\\\/#breadcrumblist\",\"itemListElement\":[{\"@type\":\"ListItem\",\"@id\":\"https:\\\/\\\/candas365.es\\\/noticias#listItem\",\"position\":1,\"name\":\"Home\",\"item\":\"https:\\\/\\\/candas365.es\\\/noticias\",\"nextItem\":{\"@type\":\"ListItem\",\"@id\":\"https:\\\/\\\/candas365.es\\\/noticias\\\/category\\\/agenda\\\/#listItem\",\"name\":\"Agenda\"}},{\"@type\":\"ListItem\",\"@id\":\"https:\\\/\\\/candas365.es\\\/noticias\\\/category\\\/agenda\\\/#listItem\",\"position\":2,\"name\":\"Agenda\",\"item\":\"https:\\\/\\\/candas365.es\\\/noticias\\\/category\\\/agenda\\\/\",\"nextItem\":{\"@type\":\"ListItem\",\"@id\":\"https:\\\/\\\/candas365.es\\\/noticias\\\/la-sala-borron-exhibe-hasta-el-18-de-diciembre-la-exposicion-ajardinando-de-andrea-rubio\\\/#listItem\",\"name\":\"La Sala Borr\\u00f3n exhibe hasta el 18 de diciembre la exposici\\u00f3n Ajardinando, de Andrea Rubio\"},\"previousItem\":{\"@type\":\"ListItem\",\"@id\":\"https:\\\/\\\/candas365.es\\\/noticias#listItem\",\"name\":\"Home\"}},{\"@type\":\"ListItem\",\"@id\":\"https:\\\/\\\/candas365.es\\\/noticias\\\/la-sala-borron-exhibe-hasta-el-18-de-diciembre-la-exposicion-ajardinando-de-andrea-rubio\\\/#listItem\",\"position\":3,\"name\":\"La Sala Borr\\u00f3n exhibe hasta el 18 de diciembre la exposici\\u00f3n Ajardinando, de Andrea Rubio\",\"previousItem\":{\"@type\":\"ListItem\",\"@id\":\"https:\\\/\\\/candas365.es\\\/noticias\\\/category\\\/agenda\\\/#listItem\",\"name\":\"Agenda\"}}]},{\"@type\":\"NewsArticle\",\"@id\":\"https:\\\/\\\/candas365.es\\\/noticias\\\/la-sala-borron-exhibe-hasta-el-18-de-diciembre-la-exposicion-ajardinando-de-andrea-rubio\\\/#newsarticle\",\"name\":\"La Sala Borr\\u00f3n exhibe hasta el 18 de diciembre la exposici\\u00f3n Ajardinando, de Andrea Rubio | Cand\\u00e1s 365\",\"headline\":\"La Sala Borr\\u00f3n exhibe hasta el 18 de diciembre la exposici\\u00f3n Ajardinando, de Andrea Rubio\",\"author\":{\"@id\":\"https:\\\/\\\/candas365.es\\\/noticias\\\/author\\\/admin\\\/#author\"},\"publisher\":{\"@id\":\"https:\\\/\\\/candas365.es\\\/noticias\\\/#organization\"},\"image\":{\"@type\":\"ImageObject\",\"url\":\"https:\\\/\\\/candas365.es\\\/noticias\\\/wp-content\\\/uploads\\\/2014\\\/09\\\/agenda.jpg\",\"width\":500,\"height\":331},\"datePublished\":\"2020-10-21T15:14:56+02:00\",\"dateModified\":\"2020-10-25T15:15:56+01:00\",\"inLanguage\":\"es-ES\",\"mainEntityOfPage\":{\"@id\":\"https:\\\/\\\/candas365.es\\\/noticias\\\/la-sala-borron-exhibe-hasta-el-18-de-diciembre-la-exposicion-ajardinando-de-andrea-rubio\\\/#webpage\"},\"isPartOf\":{\"@id\":\"https:\\\/\\\/candas365.es\\\/noticias\\\/la-sala-borron-exhibe-hasta-el-18-de-diciembre-la-exposicion-ajardinando-de-andrea-rubio\\\/#webpage\"},\"articleSection\":\"Agenda\",\"dateline\":\"Publicado el octubre 21, 2020.\"},{\"@type\":\"Organization\",\"@id\":\"https:\\\/\\\/candas365.es\\\/noticias\\\/#organization\",\"name\":\"Cand\\u00e1s 365\",\"description\":\"Cand\\u00e1s 365 es un diario digital independiente, fundado en 2012, con base en Asturias. Informamos con rigor sobre actualidad, sociedad, cultura y ocio, con una mirada local y global.\",\"url\":\"https:\\\/\\\/candas365.es\\\/noticias\\\/\",\"email\":\"info@candas365.es\",\"telephone\":\"+34652131393\",\"foundingDate\":\"2012-06-10\",\"logo\":{\"@type\":\"ImageObject\",\"url\":\"https:\\\/\\\/candas365.es\\\/noticias\\\/wp-content\\\/uploads\\\/2024\\\/09\\\/Candas-365-Redes.jpg\",\"@id\":\"https:\\\/\\\/candas365.es\\\/noticias\\\/la-sala-borron-exhibe-hasta-el-18-de-diciembre-la-exposicion-ajardinando-de-andrea-rubio\\\/#organizationLogo\",\"width\":1152,\"height\":864,\"caption\":\"Cand\\u00e1s 365 Redes\"},\"image\":{\"@id\":\"https:\\\/\\\/candas365.es\\\/noticias\\\/la-sala-borron-exhibe-hasta-el-18-de-diciembre-la-exposicion-ajardinando-de-andrea-rubio\\\/#organizationLogo\"},\"sameAs\":[\"https:\\\/\\\/www.facebook.com\\\/Nachofdezber\",\"https:\\\/\\\/x.com\\\/NabercoDigital\",\"https:\\\/\\\/www.instagram.com\\\/nachofdezber\\\/\",\"https:\\\/\\\/www.youtube.com\\\/channel\\\/UCZP-2wLEB9Rv6erhFmqVnvg\"],\"address\":{\"@id\":\"https:\\\/\\\/candas365.es\\\/noticias\\\/#postaladdress\",\"@type\":\"PostalAddress\",\"streetAddress\":\"san antonio 4, san antonio 4\",\"postalCode\":\"33430\",\"addressLocality\":\"Cand\\u00e1s\",\"addressRegion\":\"Asturias\",\"addressCountry\":\"ES\"}},{\"@type\":\"Person\",\"@id\":\"https:\\\/\\\/candas365.es\\\/noticias\\\/author\\\/admin\\\/#author\",\"url\":\"https:\\\/\\\/candas365.es\\\/noticias\\\/author\\\/admin\\\/\",\"name\":\"Cand\\u00e1s 365\",\"image\":{\"@type\":\"ImageObject\",\"@id\":\"https:\\\/\\\/candas365.es\\\/noticias\\\/la-sala-borron-exhibe-hasta-el-18-de-diciembre-la-exposicion-ajardinando-de-andrea-rubio\\\/#authorImage\",\"url\":\"https:\\\/\\\/secure.gravatar.com\\\/avatar\\\/496a8e03d0c493ede1718b7934145dbdf8d89be1036b0eec9544e1094c9de390?s=96&d=mm&r=g\",\"width\":96,\"height\":96,\"caption\":\"Cand\\u00e1s 365\"},\"sameAs\":[\"https:\\\/\\\/www.facebook.com\\\/carrenoactualidad\",\"https:\\\/\\\/twitter.com\\\/nbasturias\",\"https:\\\/\\\/www.instagram.com\\\/nachofdezber\\\/\",\"https:\\\/\\\/www.youtube.com\\\/channel\\\/UCZP-2wLEB9Rv6erhFmqVnvg\"]},{\"@type\":\"WebPage\",\"@id\":\"https:\\\/\\\/candas365.es\\\/noticias\\\/la-sala-borron-exhibe-hasta-el-18-de-diciembre-la-exposicion-ajardinando-de-andrea-rubio\\\/#webpage\",\"url\":\"https:\\\/\\\/candas365.es\\\/noticias\\\/la-sala-borron-exhibe-hasta-el-18-de-diciembre-la-exposicion-ajardinando-de-andrea-rubio\\\/\",\"name\":\"La Sala Borr\\u00f3n exhibe hasta el 18 de diciembre la exposici\\u00f3n Ajardinando, de Andrea Rubio | Cand\\u00e1s 365\",\"description\":\"La Sala Borr\\u00f3n de Oviedo acoge hasta el pr\\u00f3ximo 18 de diciembre la exposici\\u00f3n Ajardinando. Sobre plantas salvajes y ni\\u00f1xs de interior, de la artista mierense Andrea Rubio. La directora general de Juventud, Clara Sierra, inaugurar\\u00e1 la muestra, que forma parte del Programa de J\\u00f3venes Artistas Pl\\u00e1sticos del Principado, ma\\u00f1ana, a las 19:30 horas. La\",\"inLanguage\":\"es-ES\",\"isPartOf\":{\"@id\":\"https:\\\/\\\/candas365.es\\\/noticias\\\/#website\"},\"breadcrumb\":{\"@id\":\"https:\\\/\\\/candas365.es\\\/noticias\\\/la-sala-borron-exhibe-hasta-el-18-de-diciembre-la-exposicion-ajardinando-de-andrea-rubio\\\/#breadcrumblist\"},\"author\":{\"@id\":\"https:\\\/\\\/candas365.es\\\/noticias\\\/author\\\/admin\\\/#author\"},\"creator\":{\"@id\":\"https:\\\/\\\/candas365.es\\\/noticias\\\/author\\\/admin\\\/#author\"},\"image\":{\"@type\":\"ImageObject\",\"url\":\"https:\\\/\\\/candas365.es\\\/noticias\\\/wp-content\\\/uploads\\\/2014\\\/09\\\/agenda.jpg\",\"@id\":\"https:\\\/\\\/candas365.es\\\/noticias\\\/la-sala-borron-exhibe-hasta-el-18-de-diciembre-la-exposicion-ajardinando-de-andrea-rubio\\\/#mainImage\",\"width\":500,\"height\":331},\"primaryImageOfPage\":{\"@id\":\"https:\\\/\\\/candas365.es\\\/noticias\\\/la-sala-borron-exhibe-hasta-el-18-de-diciembre-la-exposicion-ajardinando-de-andrea-rubio\\\/#mainImage\"},\"datePublished\":\"2020-10-21T15:14:56+02:00\",\"dateModified\":\"2020-10-25T15:15:56+01:00\"},{\"@type\":\"WebSite\",\"@id\":\"https:\\\/\\\/candas365.es\\\/noticias\\\/#website\",\"url\":\"https:\\\/\\\/candas365.es\\\/noticias\\\/\",\"name\":\"Cand\\u00e1s 365\",\"alternateName\":\"Cand\\u00e1s 365 Noticias\",\"description\":\"Actualidad desde Carre\\u00f1o para el mundo\",\"inLanguage\":\"es-ES\",\"publisher\":{\"@id\":\"https:\\\/\\\/candas365.es\\\/noticias\\\/#organization\"}}]}\n\t\t<\/script>\n\t\t<!-- All in One SEO Pro -->\r\n\t\t<title>La Sala Borr\u00f3n exhibe hasta el 18 de diciembre la exposici\u00f3n Ajardinando, de Andrea Rubio | Cand\u00e1s 365<\/title>\n\n","aioseo_head_json":{"title":"La Sala Borr\u00f3n exhibe hasta el 18 de diciembre la exposici\u00f3n Ajardinando, de Andrea Rubio | Cand\u00e1s 365","description":"La Sala Borr\u00f3n de Oviedo acoge hasta el pr\u00f3ximo 18 de diciembre la exposici\u00f3n Ajardinando. Sobre plantas salvajes y ni\u00f1xs de interior, de la artista mierense Andrea Rubio. La directora general de Juventud, Clara Sierra, inaugurar\u00e1 la muestra, que forma parte del Programa de J\u00f3venes Artistas Pl\u00e1sticos del Principado, ma\u00f1ana, a las 19:30 horas. La","canonical_url":"https:\/\/candas365.es\/noticias\/la-sala-borron-exhibe-hasta-el-18-de-diciembre-la-exposicion-ajardinando-de-andrea-rubio\/","robots":"max-image-preview:large","keywords":"agenda","webmasterTools":{"google-site-verification":"UA-32230408-1","msvalidate.01":"354F3CDFB2DA171B47FBE9ABF1F88D5","miscellaneous":""},"schema":{"@context":"https:\/\/schema.org","@graph":[{"@type":"BreadcrumbList","@id":"https:\/\/candas365.es\/noticias\/la-sala-borron-exhibe-hasta-el-18-de-diciembre-la-exposicion-ajardinando-de-andrea-rubio\/#breadcrumblist","itemListElement":[{"@type":"ListItem","@id":"https:\/\/candas365.es\/noticias#listItem","position":1,"name":"Home","item":"https:\/\/candas365.es\/noticias","nextItem":{"@type":"ListItem","@id":"https:\/\/candas365.es\/noticias\/category\/agenda\/#listItem","name":"Agenda"}},{"@type":"ListItem","@id":"https:\/\/candas365.es\/noticias\/category\/agenda\/#listItem","position":2,"name":"Agenda","item":"https:\/\/candas365.es\/noticias\/category\/agenda\/","nextItem":{"@type":"ListItem","@id":"https:\/\/candas365.es\/noticias\/la-sala-borron-exhibe-hasta-el-18-de-diciembre-la-exposicion-ajardinando-de-andrea-rubio\/#listItem","name":"La Sala Borr\u00f3n exhibe hasta el 18 de diciembre la exposici\u00f3n Ajardinando, de Andrea Rubio"},"previousItem":{"@type":"ListItem","@id":"https:\/\/candas365.es\/noticias#listItem","name":"Home"}},{"@type":"ListItem","@id":"https:\/\/candas365.es\/noticias\/la-sala-borron-exhibe-hasta-el-18-de-diciembre-la-exposicion-ajardinando-de-andrea-rubio\/#listItem","position":3,"name":"La Sala Borr\u00f3n exhibe hasta el 18 de diciembre la exposici\u00f3n Ajardinando, de Andrea Rubio","previousItem":{"@type":"ListItem","@id":"https:\/\/candas365.es\/noticias\/category\/agenda\/#listItem","name":"Agenda"}}]},{"@type":"NewsArticle","@id":"https:\/\/candas365.es\/noticias\/la-sala-borron-exhibe-hasta-el-18-de-diciembre-la-exposicion-ajardinando-de-andrea-rubio\/#newsarticle","name":"La Sala Borr\u00f3n exhibe hasta el 18 de diciembre la exposici\u00f3n Ajardinando, de Andrea Rubio | Cand\u00e1s 365","headline":"La Sala Borr\u00f3n exhibe hasta el 18 de diciembre la exposici\u00f3n Ajardinando, de Andrea Rubio","author":{"@id":"https:\/\/candas365.es\/noticias\/author\/admin\/#author"},"publisher":{"@id":"https:\/\/candas365.es\/noticias\/#organization"},"image":{"@type":"ImageObject","url":"https:\/\/candas365.es\/noticias\/wp-content\/uploads\/2014\/09\/agenda.jpg","width":500,"height":331},"datePublished":"2020-10-21T15:14:56+02:00","dateModified":"2020-10-25T15:15:56+01:00","inLanguage":"es-ES","mainEntityOfPage":{"@id":"https:\/\/candas365.es\/noticias\/la-sala-borron-exhibe-hasta-el-18-de-diciembre-la-exposicion-ajardinando-de-andrea-rubio\/#webpage"},"isPartOf":{"@id":"https:\/\/candas365.es\/noticias\/la-sala-borron-exhibe-hasta-el-18-de-diciembre-la-exposicion-ajardinando-de-andrea-rubio\/#webpage"},"articleSection":"Agenda","dateline":"Publicado el octubre 21, 2020."},{"@type":"Organization","@id":"https:\/\/candas365.es\/noticias\/#organization","name":"Cand\u00e1s 365","description":"Cand\u00e1s 365 es un diario digital independiente, fundado en 2012, con base en Asturias. Informamos con rigor sobre actualidad, sociedad, cultura y ocio, con una mirada local y global.","url":"https:\/\/candas365.es\/noticias\/","email":"info@candas365.es","telephone":"+34652131393","foundingDate":"2012-06-10","logo":{"@type":"ImageObject","url":"https:\/\/candas365.es\/noticias\/wp-content\/uploads\/2024\/09\/Candas-365-Redes.jpg","@id":"https:\/\/candas365.es\/noticias\/la-sala-borron-exhibe-hasta-el-18-de-diciembre-la-exposicion-ajardinando-de-andrea-rubio\/#organizationLogo","width":1152,"height":864,"caption":"Cand\u00e1s 365 Redes"},"image":{"@id":"https:\/\/candas365.es\/noticias\/la-sala-borron-exhibe-hasta-el-18-de-diciembre-la-exposicion-ajardinando-de-andrea-rubio\/#organizationLogo"},"sameAs":["https:\/\/www.facebook.com\/Nachofdezber","https:\/\/x.com\/NabercoDigital","https:\/\/www.instagram.com\/nachofdezber\/","https:\/\/www.youtube.com\/channel\/UCZP-2wLEB9Rv6erhFmqVnvg"],"address":{"@id":"https:\/\/candas365.es\/noticias\/#postaladdress","@type":"PostalAddress","streetAddress":"san antonio 4, san antonio 4","postalCode":"33430","addressLocality":"Cand\u00e1s","addressRegion":"Asturias","addressCountry":"ES"}},{"@type":"Person","@id":"https:\/\/candas365.es\/noticias\/author\/admin\/#author","url":"https:\/\/candas365.es\/noticias\/author\/admin\/","name":"Cand\u00e1s 365","image":{"@type":"ImageObject","@id":"https:\/\/candas365.es\/noticias\/la-sala-borron-exhibe-hasta-el-18-de-diciembre-la-exposicion-ajardinando-de-andrea-rubio\/#authorImage","url":"https:\/\/secure.gravatar.com\/avatar\/496a8e03d0c493ede1718b7934145dbdf8d89be1036b0eec9544e1094c9de390?s=96&d=mm&r=g","width":96,"height":96,"caption":"Cand\u00e1s 365"},"sameAs":["https:\/\/www.facebook.com\/carrenoactualidad","https:\/\/twitter.com\/nbasturias","https:\/\/www.instagram.com\/nachofdezber\/","https:\/\/www.youtube.com\/channel\/UCZP-2wLEB9Rv6erhFmqVnvg"]},{"@type":"WebPage","@id":"https:\/\/candas365.es\/noticias\/la-sala-borron-exhibe-hasta-el-18-de-diciembre-la-exposicion-ajardinando-de-andrea-rubio\/#webpage","url":"https:\/\/candas365.es\/noticias\/la-sala-borron-exhibe-hasta-el-18-de-diciembre-la-exposicion-ajardinando-de-andrea-rubio\/","name":"La Sala Borr\u00f3n exhibe hasta el 18 de diciembre la exposici\u00f3n Ajardinando, de Andrea Rubio | Cand\u00e1s 365","description":"La Sala Borr\u00f3n de Oviedo acoge hasta el pr\u00f3ximo 18 de diciembre la exposici\u00f3n Ajardinando. Sobre plantas salvajes y ni\u00f1xs de interior, de la artista mierense Andrea Rubio. La directora general de Juventud, Clara Sierra, inaugurar\u00e1 la muestra, que forma parte del Programa de J\u00f3venes Artistas Pl\u00e1sticos del Principado, ma\u00f1ana, a las 19:30 horas. La","inLanguage":"es-ES","isPartOf":{"@id":"https:\/\/candas365.es\/noticias\/#website"},"breadcrumb":{"@id":"https:\/\/candas365.es\/noticias\/la-sala-borron-exhibe-hasta-el-18-de-diciembre-la-exposicion-ajardinando-de-andrea-rubio\/#breadcrumblist"},"author":{"@id":"https:\/\/candas365.es\/noticias\/author\/admin\/#author"},"creator":{"@id":"https:\/\/candas365.es\/noticias\/author\/admin\/#author"},"image":{"@type":"ImageObject","url":"https:\/\/candas365.es\/noticias\/wp-content\/uploads\/2014\/09\/agenda.jpg","@id":"https:\/\/candas365.es\/noticias\/la-sala-borron-exhibe-hasta-el-18-de-diciembre-la-exposicion-ajardinando-de-andrea-rubio\/#mainImage","width":500,"height":331},"primaryImageOfPage":{"@id":"https:\/\/candas365.es\/noticias\/la-sala-borron-exhibe-hasta-el-18-de-diciembre-la-exposicion-ajardinando-de-andrea-rubio\/#mainImage"},"datePublished":"2020-10-21T15:14:56+02:00","dateModified":"2020-10-25T15:15:56+01:00"},{"@type":"WebSite","@id":"https:\/\/candas365.es\/noticias\/#website","url":"https:\/\/candas365.es\/noticias\/","name":"Cand\u00e1s 365","alternateName":"Cand\u00e1s 365 Noticias","description":"Actualidad desde Carre\u00f1o para el mundo","inLanguage":"es-ES","publisher":{"@id":"https:\/\/candas365.es\/noticias\/#organization"}}]},"og:locale":"es_ES","og:site_name":"Cand\u00e1s 365","og:type":"article","og:title":"La Sala Borr\u00f3n exhibe hasta el 18 de diciembre la exposici\u00f3n Ajardinando, de Andrea Rubio | Cand\u00e1s 365","og:description":"La Sala Borr\u00f3n de Oviedo acoge hasta el pr\u00f3ximo 18 de diciembre la exposici\u00f3n Ajardinando. Sobre plantas salvajes y ni\u00f1xs de interior, de la artista mierense Andrea Rubio. La directora general de Juventud, Clara Sierra, inaugurar\u00e1 la muestra, que forma parte del Programa de J\u00f3venes Artistas Pl\u00e1sticos del Principado, ma\u00f1ana, a las 19:30 horas. La","og:url":"https:\/\/candas365.es\/noticias\/la-sala-borron-exhibe-hasta-el-18-de-diciembre-la-exposicion-ajardinando-de-andrea-rubio\/","og:image":"https:\/\/candas365.es\/noticias\/wp-content\/uploads\/2014\/09\/agenda.jpg","og:image:secure_url":"https:\/\/candas365.es\/noticias\/wp-content\/uploads\/2014\/09\/agenda.jpg","og:image:width":500,"og:image:height":331,"article:published_time":"2020-10-21T15:14:56+00:00","article:modified_time":"2020-10-25T15:15:56+00:00","article:publisher":"https:\/\/www.facebook.com\/Nachofdezber","article:author":"https:\/\/www.facebook.com\/carrenoactualidad","twitter:card":"summary_large_image","twitter:site":"@NabercoDigital","twitter:title":"La Sala Borr\u00f3n exhibe hasta el 18 de diciembre la exposici\u00f3n Ajardinando, de Andrea Rubio | Cand\u00e1s 365","twitter:description":"La Sala Borr\u00f3n de Oviedo acoge hasta el pr\u00f3ximo 18 de diciembre la exposici\u00f3n Ajardinando. Sobre plantas salvajes y ni\u00f1xs de interior, de la artista mierense Andrea Rubio. La directora general de Juventud, Clara Sierra, inaugurar\u00e1 la muestra, que forma parte del Programa de J\u00f3venes Artistas Pl\u00e1sticos del Principado, ma\u00f1ana, a las 19:30 horas. La","twitter:creator":"@nbasturias","twitter:image":"https:\/\/candas365.es\/noticias\/wp-content\/uploads\/2014\/09\/agenda.jpg","twitter:label1":"Escrito por","twitter:data1":"Cand\u00e1s 365","twitter:label2":"Tiempo de lectura estimado","twitter:data2":"1 minuto"},"aioseo_meta_data":{"post_id":"147777","title":null,"description":"","keywords":"","keyphrases":null,"primary_term":null,"canonical_url":"","og_title":null,"og_description":null,"og_object_type":"default","og_image_type":"default","og_image_url":null,"og_image_width":null,"og_image_height":null,"og_image_custom_url":null,"og_image_custom_fields":null,"og_video":null,"og_custom_url":null,"og_article_section":null,"og_article_tags":null,"twitter_use_og":false,"twitter_card":"default","twitter_image_type":"default","twitter_image_url":null,"twitter_image_custom_url":null,"twitter_image_custom_fields":null,"twitter_title":null,"twitter_description":null,"schema":{"blockGraphs":[],"customGraphs":[],"default":{"data":{"Article":[],"Course":[],"Dataset":[],"FAQPage":[],"Movie":[],"Person":[],"Product":[],"ProductReview":[],"Car":[],"Recipe":[],"Service":[],"SoftwareApplication":[],"WebPage":[]},"graphName":"","isEnabled":true},"graphs":[],"defaultGraph":"","defaultPostTypeGraph":""},"schema_type":null,"schema_type_options":null,"pillar_content":false,"robots_default":true,"robots_noindex":false,"robots_noarchive":false,"robots_nosnippet":false,"robots_nofollow":false,"robots_noimageindex":false,"robots_noodp":false,"robots_notranslate":false,"robots_max_snippet":null,"robots_max_videopreview":null,"robots_max_imagepreview":"large","priority":null,"frequency":null,"location":null,"local_seo":null,"seo_analyzer_scan_date":"2025-08-31 12:38:12","breadcrumb_settings":null,"limit_modified_date":false,"reviewed_by":null,"open_ai":null,"ai":null,"created":"2020-12-21 10:38:55","updated":"2025-08-31 12:38:12"},"aioseo_breadcrumb":"<div class=\"aioseo-breadcrumbs\"><span class=\"aioseo-breadcrumb\">\n\t<a href=\"https:\/\/candas365.es\/noticias\" title=\"Home\">Home<\/a>\n<\/span><span class=\"aioseo-breadcrumb-separator\">&ndash;<\/span><span class=\"aioseo-breadcrumb\">\n\t<a href=\"https:\/\/candas365.es\/noticias\/category\/agenda\/\" title=\"Agenda\">Agenda<\/a>\n<\/span><span class=\"aioseo-breadcrumb-separator\">&ndash;<\/span><span class=\"aioseo-breadcrumb\">\n\tLa Sala Borr\u00f3n exhibe hasta el 18 de diciembre la exposici\u00f3n Ajardinando, de Andrea Rubio\n<\/span><\/div>","aioseo_breadcrumb_json":[{"label":"Home","link":"https:\/\/candas365.es\/noticias"},{"label":"Agenda","link":"https:\/\/candas365.es\/noticias\/category\/agenda\/"},{"label":"La Sala Borr\u00f3n exhibe hasta el 18 de diciembre la exposici\u00f3n Ajardinando, de Andrea Rubio","link":"https:\/\/candas365.es\/noticias\/la-sala-borron-exhibe-hasta-el-18-de-diciembre-la-exposicion-ajardinando-de-andrea-rubio\/"}],"_links":{"self":[{"href":"https:\/\/candas365.es\/noticias\/wp-json\/wp\/v2\/posts\/147777","targetHints":{"allow":["GET"]}}],"collection":[{"href":"https:\/\/candas365.es\/noticias\/wp-json\/wp\/v2\/posts"}],"about":[{"href":"https:\/\/candas365.es\/noticias\/wp-json\/wp\/v2\/types\/post"}],"author":[{"embeddable":true,"href":"https:\/\/candas365.es\/noticias\/wp-json\/wp\/v2\/users\/1"}],"replies":[{"embeddable":true,"href":"https:\/\/candas365.es\/noticias\/wp-json\/wp\/v2\/comments?post=147777"}],"version-history":[{"count":0,"href":"https:\/\/candas365.es\/noticias\/wp-json\/wp\/v2\/posts\/147777\/revisions"}],"wp:featuredmedia":[{"embeddable":true,"href":"https:\/\/candas365.es\/noticias\/wp-json\/wp\/v2\/media\/270"}],"wp:attachment":[{"href":"https:\/\/candas365.es\/noticias\/wp-json\/wp\/v2\/media?parent=147777"}],"wp:term":[{"taxonomy":"category","embeddable":true,"href":"https:\/\/candas365.es\/noticias\/wp-json\/wp\/v2\/categories?post=147777"},{"taxonomy":"post_tag","embeddable":true,"href":"https:\/\/candas365.es\/noticias\/wp-json\/wp\/v2\/tags?post=147777"}],"curies":[{"name":"wp","href":"https:\/\/api.w.org\/{rel}","templated":true}]}}