{"id":147771,"date":"2020-10-14T14:30:31","date_gmt":"2020-10-14T14:30:31","guid":{"rendered":"http:\/\/candas365.es\/noticias\/?p=147771"},"modified":"2020-10-25T14:32:11","modified_gmt":"2020-10-25T14:32:11","slug":"carreno-abre-un-canal-participativo-para-la-juventud","status":"publish","type":"post","link":"https:\/\/candas365.es\/noticias\/carreno-abre-un-canal-participativo-para-la-juventud\/","title":{"rendered":"Carre\u00f1o abre un canal participativo para la juventud"},"content":{"rendered":"<p><img fetchpriority=\"high\" decoding=\"async\" class=\"alignleft wp-image-6453 size-medium\" src=\"https:\/\/candas365.es\/noticias\/wp-content\/uploads\/2015\/01\/ayuntamiento-360x270.jpg\" alt=\"\" width=\"360\" height=\"270\" srcset=\"https:\/\/candas365.es\/noticias\/wp-content\/uploads\/2015\/01\/ayuntamiento-360x270.jpg 360w, https:\/\/candas365.es\/noticias\/wp-content\/uploads\/2015\/01\/ayuntamiento-640x480.jpg 640w, https:\/\/candas365.es\/noticias\/wp-content\/uploads\/2015\/01\/ayuntamiento-768x576.jpg 768w, https:\/\/candas365.es\/noticias\/wp-content\/uploads\/2015\/01\/ayuntamiento-150x113.jpg 150w, https:\/\/candas365.es\/noticias\/wp-content\/uploads\/2015\/01\/ayuntamiento-450x338.jpg 450w, https:\/\/candas365.es\/noticias\/wp-content\/uploads\/2015\/01\/ayuntamiento-80x60.jpg 80w, https:\/\/candas365.es\/noticias\/wp-content\/uploads\/2015\/01\/ayuntamiento-265x198.jpg 265w, https:\/\/candas365.es\/noticias\/wp-content\/uploads\/2015\/01\/ayuntamiento-696x522.jpg 696w, https:\/\/candas365.es\/noticias\/wp-content\/uploads\/2015\/01\/ayuntamiento-560x420.jpg 560w, https:\/\/candas365.es\/noticias\/wp-content\/uploads\/2015\/01\/ayuntamiento-90x67.jpg 90w, https:\/\/candas365.es\/noticias\/wp-content\/uploads\/2015\/01\/ayuntamiento.jpg 800w\" sizes=\"(max-width: 360px) 100vw, 360px\" \/>Desde el Ayuntamiento de Carre\u00f1o se trabaja para poder ofrecer un programa de ocio alternativo para la juventud del concejo. Como colectivo prioritario est\u00e1 la juventud comprendida desde la adolescencia (13 a\u00f1os) hasta la adultez joven (30 a\u00f1os) seg\u00fan la estratificaci\u00f3n de escala de edades de la Organizaci\u00f3n Mundial de la Salud.<\/p>\n<p>Previamente a impulsar dicho plan se pretende conocer las inquietudes y propuestas de la juventud del concejo. A tal fin, el consistorio ha encargado la elaboraci\u00f3n de un diagnostico participativo con la poblaci\u00f3n juvenil del municipio de Carre\u00f1o que sirva como medio para el desarrollo posterior de un programa de ocio alternativo para dicho colectivo.<\/p>\n<p>Se contar\u00e1 con j\u00f3venes del concejo que voluntariamente decidan participar en el proceso, se realizar\u00e1n campa\u00f1as de difusi\u00f3n de este proceso, v\u00eda redes sociales, adem\u00e1s de contactar con los centros educativos y realizar acciones en calle. Todo ello enfocado a llegar y ofrecer participar al mayor n\u00famero de j\u00f3venes posible.<\/p>\n<p>\u201cCreemos que es prioritario ofrecer un programa de ocio alternativo para nuestros j\u00f3venes pero somos conscientes de que \u00e9ste no puede darse sin contar previamente con su opini\u00f3n, de ah\u00ed que hayamos avanzando en la realizaci\u00f3n de un diagn\u00f3stico Participativo Joven para el Ayuntamiento, como paso previo al desarrollo de programa de ocio\u201d \u2013 explic\u00f3 la Alcaldesa de Carre\u00f1o.<\/p>\n<p>La organizaci\u00f3n del diagn\u00f3stico se realizar\u00e1 en tres fases:<\/p>\n<p>\u2022 Fase 1: identificaci\u00f3n y an\u00e1lisis de los grupos de inter\u00e9s, as\u00ed como identificaci\u00f3n de los principales problemas y visualizaci\u00f3n de las causas y efectos relacionados con la informaci\u00f3n.<\/p>\n<p>\u2022 Fase 2: dise\u00f1o de objetivos, estrategias y planificaci\u00f3n de respuesta. En esta fase se desarrollar\u00e1n sesiones y encuentros con personas con experiencias positivas y de fracasos en Participaci\u00f3n.<\/p>\n<p>\u2022 Fase 3: Elaboraci\u00f3n de conclusiones y evaluaci\u00f3n del resultado y el proceso de todo el proyecto.<\/p>\n<p>\u201cEl desarrollo de las sesiones con los grupos se realizar\u00e1n en el Centro Polivalente \u201cLa Baraga\u00f1a\u201d entre los meses de octubre y diciembre del presente a\u00f1o y se incorporar\u00e1 un protocolo espec\u00edfico COVID19 para el desarrollo de las actividades seg\u00fan marque la legislaci\u00f3n vigente en el momento de su ejecuci\u00f3n \u201d &#8211; a\u00f1adi\u00f3 Fern\u00e1ndez.<\/p>\n<p>Aquellos j\u00f3venes del concejo que tengan inter\u00e9s en participar en el diagn\u00f3stico y formular propuestas al respecto pueden contactar a trav\u00e9s de WhatsApp o E-mail con la Oficina Joven Mancomunidad Cabo Pe\u00f1as en el n\u00famero de tel\u00e9fono 606 89 52 47 y e-mail: oij@cabop.com<\/p>\n","protected":false},"excerpt":{"rendered":"<p>Desde el Ayuntamiento de Carre\u00f1o se trabaja para poder ofrecer un programa de ocio alternativo para la juventud del concejo. Como colectivo prioritario est\u00e1 la juventud comprendida desde la adolescencia (13 a\u00f1os) hasta la adultez joven (30 a\u00f1os) seg\u00fan la estratificaci\u00f3n de escala de edades de la Organizaci\u00f3n Mundial de la Salud. Previamente a impulsar<\/p>\n","protected":false},"author":1,"featured_media":6453,"comment_status":"closed","ping_status":"closed","sticky":false,"template":"","format":"standard","meta":{"footnotes":""},"categories":[2],"tags":[],"class_list":{"0":"post-147771","1":"post","2":"type-post","3":"status-publish","4":"format-standard","5":"has-post-thumbnail","7":"category-noticias-carreno"},"aioseo_notices":[],"aioseo_head":"\n\t\t<!-- All in One SEO Pro 4.9.6.2 - aioseo.com -->\n\t<meta name=\"description\" content=\"Desde el Ayuntamiento de Carre\u00f1o se trabaja para poder ofrecer un programa de ocio alternativo para la juventud del concejo. Como colectivo prioritario est\u00e1 la juventud comprendida desde la adolescencia (13 a\u00f1os) hasta la adultez joven (30 a\u00f1os) seg\u00fan la estratificaci\u00f3n de escala de edades de la Organizaci\u00f3n Mundial de la Salud. Previamente a impulsar\" \/>\n\t<meta name=\"robots\" content=\"max-image-preview:large\" \/>\n\t<meta name=\"author\" content=\"Cand\u00e1s 365\"\/>\n\t<meta name=\"google-site-verification\" content=\"UA-32230408-1\" \/>\n\t<meta name=\"msvalidate.01\" content=\"354F3CDFB2DA171B47FBE9ABF1F88D5\" \/>\n\t<meta name=\"keywords\" content=\"noticias carre\u00f1o\" \/>\n\t<link rel=\"canonical\" href=\"https:\/\/candas365.es\/noticias\/carreno-abre-un-canal-participativo-para-la-juventud\/\" \/>\n\t<meta name=\"generator\" content=\"All in One SEO Pro (AIOSEO) 4.9.6.2\" \/>\n\t\t<meta property=\"og:locale\" content=\"es_ES\" \/>\n\t\t<meta property=\"og:site_name\" content=\"Cand\u00e1s 365\" \/>\n\t\t<meta property=\"og:type\" content=\"article\" \/>\n\t\t<meta property=\"og:title\" content=\"Carre\u00f1o abre un canal participativo para la juventud | Cand\u00e1s 365\" \/>\n\t\t<meta property=\"og:description\" content=\"Desde el Ayuntamiento de Carre\u00f1o se trabaja para poder ofrecer un programa de ocio alternativo para la juventud del concejo. Como colectivo prioritario est\u00e1 la juventud comprendida desde la adolescencia (13 a\u00f1os) hasta la adultez joven (30 a\u00f1os) seg\u00fan la estratificaci\u00f3n de escala de edades de la Organizaci\u00f3n Mundial de la Salud. Previamente a impulsar\" \/>\n\t\t<meta property=\"og:url\" content=\"https:\/\/candas365.es\/noticias\/carreno-abre-un-canal-participativo-para-la-juventud\/\" \/>\n\t\t<meta property=\"og:image\" content=\"https:\/\/candas365.es\/noticias\/wp-content\/uploads\/2015\/01\/ayuntamiento.jpg\" \/>\n\t\t<meta property=\"og:image:secure_url\" content=\"https:\/\/candas365.es\/noticias\/wp-content\/uploads\/2015\/01\/ayuntamiento.jpg\" \/>\n\t\t<meta property=\"og:image:width\" content=\"800\" \/>\n\t\t<meta property=\"og:image:height\" content=\"600\" \/>\n\t\t<meta property=\"article:published_time\" content=\"2020-10-14T14:30:31+00:00\" \/>\n\t\t<meta property=\"article:modified_time\" content=\"2020-10-25T14:32:11+00:00\" \/>\n\t\t<meta property=\"article:publisher\" content=\"https:\/\/www.facebook.com\/Nachofdezber\" \/>\n\t\t<meta property=\"article:author\" content=\"https:\/\/www.facebook.com\/carrenoactualidad\" \/>\n\t\t<meta name=\"twitter:card\" content=\"summary_large_image\" \/>\n\t\t<meta name=\"twitter:site\" content=\"@NabercoDigital\" \/>\n\t\t<meta name=\"twitter:title\" content=\"Carre\u00f1o abre un canal participativo para la juventud | Cand\u00e1s 365\" \/>\n\t\t<meta name=\"twitter:description\" content=\"Desde el Ayuntamiento de Carre\u00f1o se trabaja para poder ofrecer un programa de ocio alternativo para la juventud del concejo. Como colectivo prioritario est\u00e1 la juventud comprendida desde la adolescencia (13 a\u00f1os) hasta la adultez joven (30 a\u00f1os) seg\u00fan la estratificaci\u00f3n de escala de edades de la Organizaci\u00f3n Mundial de la Salud. Previamente a impulsar\" \/>\n\t\t<meta name=\"twitter:creator\" content=\"@nbasturias\" \/>\n\t\t<meta name=\"twitter:image\" content=\"https:\/\/candas365.es\/noticias\/wp-content\/uploads\/2015\/01\/ayuntamiento.jpg\" \/>\n\t\t<meta name=\"twitter:label1\" content=\"Escrito por\" \/>\n\t\t<meta name=\"twitter:data1\" content=\"Cand\u00e1s 365\" \/>\n\t\t<meta name=\"twitter:label2\" content=\"Tiempo de lectura estimado\" \/>\n\t\t<meta name=\"twitter:data2\" content=\"2 minutos\" \/>\n\t\t<script type=\"application\/ld+json\" class=\"aioseo-schema\">\n\t\t\t{\"@context\":\"https:\\\/\\\/schema.org\",\"@graph\":[{\"@type\":\"BreadcrumbList\",\"@id\":\"https:\\\/\\\/candas365.es\\\/noticias\\\/carreno-abre-un-canal-participativo-para-la-juventud\\\/#breadcrumblist\",\"itemListElement\":[{\"@type\":\"ListItem\",\"@id\":\"https:\\\/\\\/candas365.es\\\/noticias#listItem\",\"position\":1,\"name\":\"Home\",\"item\":\"https:\\\/\\\/candas365.es\\\/noticias\",\"nextItem\":{\"@type\":\"ListItem\",\"@id\":\"https:\\\/\\\/candas365.es\\\/noticias\\\/category\\\/noticias-carreno\\\/#listItem\",\"name\":\"Noticias Carre\\u00f1o\"}},{\"@type\":\"ListItem\",\"@id\":\"https:\\\/\\\/candas365.es\\\/noticias\\\/category\\\/noticias-carreno\\\/#listItem\",\"position\":2,\"name\":\"Noticias Carre\\u00f1o\",\"item\":\"https:\\\/\\\/candas365.es\\\/noticias\\\/category\\\/noticias-carreno\\\/\",\"nextItem\":{\"@type\":\"ListItem\",\"@id\":\"https:\\\/\\\/candas365.es\\\/noticias\\\/carreno-abre-un-canal-participativo-para-la-juventud\\\/#listItem\",\"name\":\"Carre\\u00f1o abre un canal participativo para la juventud\"},\"previousItem\":{\"@type\":\"ListItem\",\"@id\":\"https:\\\/\\\/candas365.es\\\/noticias#listItem\",\"name\":\"Home\"}},{\"@type\":\"ListItem\",\"@id\":\"https:\\\/\\\/candas365.es\\\/noticias\\\/carreno-abre-un-canal-participativo-para-la-juventud\\\/#listItem\",\"position\":3,\"name\":\"Carre\\u00f1o abre un canal participativo para la juventud\",\"previousItem\":{\"@type\":\"ListItem\",\"@id\":\"https:\\\/\\\/candas365.es\\\/noticias\\\/category\\\/noticias-carreno\\\/#listItem\",\"name\":\"Noticias Carre\\u00f1o\"}}]},{\"@type\":\"NewsArticle\",\"@id\":\"https:\\\/\\\/candas365.es\\\/noticias\\\/carreno-abre-un-canal-participativo-para-la-juventud\\\/#newsarticle\",\"name\":\"Carre\\u00f1o abre un canal participativo para la juventud | Cand\\u00e1s 365\",\"headline\":\"Carre\\u00f1o abre un canal participativo para la juventud\",\"author\":{\"@id\":\"https:\\\/\\\/candas365.es\\\/noticias\\\/author\\\/admin\\\/#author\"},\"publisher\":{\"@id\":\"https:\\\/\\\/candas365.es\\\/noticias\\\/#organization\"},\"image\":{\"@type\":\"ImageObject\",\"url\":\"https:\\\/\\\/candas365.es\\\/noticias\\\/wp-content\\\/uploads\\\/2015\\\/01\\\/ayuntamiento.jpg\",\"width\":800,\"height\":600,\"caption\":\"Carre\\u00f1o\"},\"datePublished\":\"2020-10-14T14:30:31+02:00\",\"dateModified\":\"2020-10-25T14:32:11+01:00\",\"inLanguage\":\"es-ES\",\"mainEntityOfPage\":{\"@id\":\"https:\\\/\\\/candas365.es\\\/noticias\\\/carreno-abre-un-canal-participativo-para-la-juventud\\\/#webpage\"},\"isPartOf\":{\"@id\":\"https:\\\/\\\/candas365.es\\\/noticias\\\/carreno-abre-un-canal-participativo-para-la-juventud\\\/#webpage\"},\"articleSection\":\"Noticias Carre\\u00f1o\",\"dateline\":\"Publicado el octubre 14, 2020.\"},{\"@type\":\"Organization\",\"@id\":\"https:\\\/\\\/candas365.es\\\/noticias\\\/#organization\",\"name\":\"Cand\\u00e1s 365\",\"description\":\"Cand\\u00e1s 365 es un diario digital independiente, fundado en 2012, con base en Asturias. Informamos con rigor sobre actualidad, sociedad, cultura y ocio, con una mirada local y global.\",\"url\":\"https:\\\/\\\/candas365.es\\\/noticias\\\/\",\"email\":\"info@candas365.es\",\"telephone\":\"+34652131393\",\"foundingDate\":\"2012-06-10\",\"logo\":{\"@type\":\"ImageObject\",\"url\":\"https:\\\/\\\/candas365.es\\\/noticias\\\/wp-content\\\/uploads\\\/2024\\\/09\\\/Candas-365-Redes.jpg\",\"@id\":\"https:\\\/\\\/candas365.es\\\/noticias\\\/carreno-abre-un-canal-participativo-para-la-juventud\\\/#organizationLogo\",\"width\":1152,\"height\":864,\"caption\":\"Cand\\u00e1s 365 Redes\"},\"image\":{\"@id\":\"https:\\\/\\\/candas365.es\\\/noticias\\\/carreno-abre-un-canal-participativo-para-la-juventud\\\/#organizationLogo\"},\"sameAs\":[\"https:\\\/\\\/www.facebook.com\\\/Nachofdezber\",\"https:\\\/\\\/x.com\\\/NabercoDigital\",\"https:\\\/\\\/www.instagram.com\\\/nachofdezber\\\/\",\"https:\\\/\\\/www.youtube.com\\\/channel\\\/UCZP-2wLEB9Rv6erhFmqVnvg\"],\"address\":{\"@id\":\"https:\\\/\\\/candas365.es\\\/noticias\\\/#postaladdress\",\"@type\":\"PostalAddress\",\"streetAddress\":\"san antonio 4, san antonio 4\",\"postalCode\":\"33430\",\"addressLocality\":\"Cand\\u00e1s\",\"addressRegion\":\"Asturias\",\"addressCountry\":\"ES\"}},{\"@type\":\"Person\",\"@id\":\"https:\\\/\\\/candas365.es\\\/noticias\\\/author\\\/admin\\\/#author\",\"url\":\"https:\\\/\\\/candas365.es\\\/noticias\\\/author\\\/admin\\\/\",\"name\":\"Cand\\u00e1s 365\",\"image\":{\"@type\":\"ImageObject\",\"@id\":\"https:\\\/\\\/candas365.es\\\/noticias\\\/carreno-abre-un-canal-participativo-para-la-juventud\\\/#authorImage\",\"url\":\"https:\\\/\\\/secure.gravatar.com\\\/avatar\\\/496a8e03d0c493ede1718b7934145dbdf8d89be1036b0eec9544e1094c9de390?s=96&d=mm&r=g\",\"width\":96,\"height\":96,\"caption\":\"Cand\\u00e1s 365\"},\"sameAs\":[\"https:\\\/\\\/www.facebook.com\\\/carrenoactualidad\",\"https:\\\/\\\/twitter.com\\\/nbasturias\",\"https:\\\/\\\/www.instagram.com\\\/nachofdezber\\\/\",\"https:\\\/\\\/www.youtube.com\\\/channel\\\/UCZP-2wLEB9Rv6erhFmqVnvg\"]},{\"@type\":\"WebPage\",\"@id\":\"https:\\\/\\\/candas365.es\\\/noticias\\\/carreno-abre-un-canal-participativo-para-la-juventud\\\/#webpage\",\"url\":\"https:\\\/\\\/candas365.es\\\/noticias\\\/carreno-abre-un-canal-participativo-para-la-juventud\\\/\",\"name\":\"Carre\\u00f1o abre un canal participativo para la juventud | Cand\\u00e1s 365\",\"description\":\"Desde el Ayuntamiento de Carre\\u00f1o se trabaja para poder ofrecer un programa de ocio alternativo para la juventud del concejo. Como colectivo prioritario est\\u00e1 la juventud comprendida desde la adolescencia (13 a\\u00f1os) hasta la adultez joven (30 a\\u00f1os) seg\\u00fan la estratificaci\\u00f3n de escala de edades de la Organizaci\\u00f3n Mundial de la Salud. Previamente a impulsar\",\"inLanguage\":\"es-ES\",\"isPartOf\":{\"@id\":\"https:\\\/\\\/candas365.es\\\/noticias\\\/#website\"},\"breadcrumb\":{\"@id\":\"https:\\\/\\\/candas365.es\\\/noticias\\\/carreno-abre-un-canal-participativo-para-la-juventud\\\/#breadcrumblist\"},\"author\":{\"@id\":\"https:\\\/\\\/candas365.es\\\/noticias\\\/author\\\/admin\\\/#author\"},\"creator\":{\"@id\":\"https:\\\/\\\/candas365.es\\\/noticias\\\/author\\\/admin\\\/#author\"},\"image\":{\"@type\":\"ImageObject\",\"url\":\"https:\\\/\\\/candas365.es\\\/noticias\\\/wp-content\\\/uploads\\\/2015\\\/01\\\/ayuntamiento.jpg\",\"@id\":\"https:\\\/\\\/candas365.es\\\/noticias\\\/carreno-abre-un-canal-participativo-para-la-juventud\\\/#mainImage\",\"width\":800,\"height\":600,\"caption\":\"Carre\\u00f1o\"},\"primaryImageOfPage\":{\"@id\":\"https:\\\/\\\/candas365.es\\\/noticias\\\/carreno-abre-un-canal-participativo-para-la-juventud\\\/#mainImage\"},\"datePublished\":\"2020-10-14T14:30:31+02:00\",\"dateModified\":\"2020-10-25T14:32:11+01:00\"},{\"@type\":\"WebSite\",\"@id\":\"https:\\\/\\\/candas365.es\\\/noticias\\\/#website\",\"url\":\"https:\\\/\\\/candas365.es\\\/noticias\\\/\",\"name\":\"Cand\\u00e1s 365\",\"alternateName\":\"Cand\\u00e1s 365 Noticias\",\"description\":\"Actualidad desde Carre\\u00f1o para el mundo\",\"inLanguage\":\"es-ES\",\"publisher\":{\"@id\":\"https:\\\/\\\/candas365.es\\\/noticias\\\/#organization\"}}]}\n\t\t<\/script>\n\t\t<!-- All in One SEO Pro -->\r\n\t\t<title>Carre\u00f1o abre un canal participativo para la juventud | Cand\u00e1s 365<\/title>\n\n","aioseo_head_json":{"title":"Carre\u00f1o abre un canal participativo para la juventud | Cand\u00e1s 365","description":"Desde el Ayuntamiento de Carre\u00f1o se trabaja para poder ofrecer un programa de ocio alternativo para la juventud del concejo. Como colectivo prioritario est\u00e1 la juventud comprendida desde la adolescencia (13 a\u00f1os) hasta la adultez joven (30 a\u00f1os) seg\u00fan la estratificaci\u00f3n de escala de edades de la Organizaci\u00f3n Mundial de la Salud. Previamente a impulsar","canonical_url":"https:\/\/candas365.es\/noticias\/carreno-abre-un-canal-participativo-para-la-juventud\/","robots":"max-image-preview:large","keywords":"noticias carre\u00f1o","webmasterTools":{"google-site-verification":"UA-32230408-1","msvalidate.01":"354F3CDFB2DA171B47FBE9ABF1F88D5","miscellaneous":""},"schema":{"@context":"https:\/\/schema.org","@graph":[{"@type":"BreadcrumbList","@id":"https:\/\/candas365.es\/noticias\/carreno-abre-un-canal-participativo-para-la-juventud\/#breadcrumblist","itemListElement":[{"@type":"ListItem","@id":"https:\/\/candas365.es\/noticias#listItem","position":1,"name":"Home","item":"https:\/\/candas365.es\/noticias","nextItem":{"@type":"ListItem","@id":"https:\/\/candas365.es\/noticias\/category\/noticias-carreno\/#listItem","name":"Noticias Carre\u00f1o"}},{"@type":"ListItem","@id":"https:\/\/candas365.es\/noticias\/category\/noticias-carreno\/#listItem","position":2,"name":"Noticias Carre\u00f1o","item":"https:\/\/candas365.es\/noticias\/category\/noticias-carreno\/","nextItem":{"@type":"ListItem","@id":"https:\/\/candas365.es\/noticias\/carreno-abre-un-canal-participativo-para-la-juventud\/#listItem","name":"Carre\u00f1o abre un canal participativo para la juventud"},"previousItem":{"@type":"ListItem","@id":"https:\/\/candas365.es\/noticias#listItem","name":"Home"}},{"@type":"ListItem","@id":"https:\/\/candas365.es\/noticias\/carreno-abre-un-canal-participativo-para-la-juventud\/#listItem","position":3,"name":"Carre\u00f1o abre un canal participativo para la juventud","previousItem":{"@type":"ListItem","@id":"https:\/\/candas365.es\/noticias\/category\/noticias-carreno\/#listItem","name":"Noticias Carre\u00f1o"}}]},{"@type":"NewsArticle","@id":"https:\/\/candas365.es\/noticias\/carreno-abre-un-canal-participativo-para-la-juventud\/#newsarticle","name":"Carre\u00f1o abre un canal participativo para la juventud | Cand\u00e1s 365","headline":"Carre\u00f1o abre un canal participativo para la juventud","author":{"@id":"https:\/\/candas365.es\/noticias\/author\/admin\/#author"},"publisher":{"@id":"https:\/\/candas365.es\/noticias\/#organization"},"image":{"@type":"ImageObject","url":"https:\/\/candas365.es\/noticias\/wp-content\/uploads\/2015\/01\/ayuntamiento.jpg","width":800,"height":600,"caption":"Carre\u00f1o"},"datePublished":"2020-10-14T14:30:31+02:00","dateModified":"2020-10-25T14:32:11+01:00","inLanguage":"es-ES","mainEntityOfPage":{"@id":"https:\/\/candas365.es\/noticias\/carreno-abre-un-canal-participativo-para-la-juventud\/#webpage"},"isPartOf":{"@id":"https:\/\/candas365.es\/noticias\/carreno-abre-un-canal-participativo-para-la-juventud\/#webpage"},"articleSection":"Noticias Carre\u00f1o","dateline":"Publicado el octubre 14, 2020."},{"@type":"Organization","@id":"https:\/\/candas365.es\/noticias\/#organization","name":"Cand\u00e1s 365","description":"Cand\u00e1s 365 es un diario digital independiente, fundado en 2012, con base en Asturias. Informamos con rigor sobre actualidad, sociedad, cultura y ocio, con una mirada local y global.","url":"https:\/\/candas365.es\/noticias\/","email":"info@candas365.es","telephone":"+34652131393","foundingDate":"2012-06-10","logo":{"@type":"ImageObject","url":"https:\/\/candas365.es\/noticias\/wp-content\/uploads\/2024\/09\/Candas-365-Redes.jpg","@id":"https:\/\/candas365.es\/noticias\/carreno-abre-un-canal-participativo-para-la-juventud\/#organizationLogo","width":1152,"height":864,"caption":"Cand\u00e1s 365 Redes"},"image":{"@id":"https:\/\/candas365.es\/noticias\/carreno-abre-un-canal-participativo-para-la-juventud\/#organizationLogo"},"sameAs":["https:\/\/www.facebook.com\/Nachofdezber","https:\/\/x.com\/NabercoDigital","https:\/\/www.instagram.com\/nachofdezber\/","https:\/\/www.youtube.com\/channel\/UCZP-2wLEB9Rv6erhFmqVnvg"],"address":{"@id":"https:\/\/candas365.es\/noticias\/#postaladdress","@type":"PostalAddress","streetAddress":"san antonio 4, san antonio 4","postalCode":"33430","addressLocality":"Cand\u00e1s","addressRegion":"Asturias","addressCountry":"ES"}},{"@type":"Person","@id":"https:\/\/candas365.es\/noticias\/author\/admin\/#author","url":"https:\/\/candas365.es\/noticias\/author\/admin\/","name":"Cand\u00e1s 365","image":{"@type":"ImageObject","@id":"https:\/\/candas365.es\/noticias\/carreno-abre-un-canal-participativo-para-la-juventud\/#authorImage","url":"https:\/\/secure.gravatar.com\/avatar\/496a8e03d0c493ede1718b7934145dbdf8d89be1036b0eec9544e1094c9de390?s=96&d=mm&r=g","width":96,"height":96,"caption":"Cand\u00e1s 365"},"sameAs":["https:\/\/www.facebook.com\/carrenoactualidad","https:\/\/twitter.com\/nbasturias","https:\/\/www.instagram.com\/nachofdezber\/","https:\/\/www.youtube.com\/channel\/UCZP-2wLEB9Rv6erhFmqVnvg"]},{"@type":"WebPage","@id":"https:\/\/candas365.es\/noticias\/carreno-abre-un-canal-participativo-para-la-juventud\/#webpage","url":"https:\/\/candas365.es\/noticias\/carreno-abre-un-canal-participativo-para-la-juventud\/","name":"Carre\u00f1o abre un canal participativo para la juventud | Cand\u00e1s 365","description":"Desde el Ayuntamiento de Carre\u00f1o se trabaja para poder ofrecer un programa de ocio alternativo para la juventud del concejo. Como colectivo prioritario est\u00e1 la juventud comprendida desde la adolescencia (13 a\u00f1os) hasta la adultez joven (30 a\u00f1os) seg\u00fan la estratificaci\u00f3n de escala de edades de la Organizaci\u00f3n Mundial de la Salud. Previamente a impulsar","inLanguage":"es-ES","isPartOf":{"@id":"https:\/\/candas365.es\/noticias\/#website"},"breadcrumb":{"@id":"https:\/\/candas365.es\/noticias\/carreno-abre-un-canal-participativo-para-la-juventud\/#breadcrumblist"},"author":{"@id":"https:\/\/candas365.es\/noticias\/author\/admin\/#author"},"creator":{"@id":"https:\/\/candas365.es\/noticias\/author\/admin\/#author"},"image":{"@type":"ImageObject","url":"https:\/\/candas365.es\/noticias\/wp-content\/uploads\/2015\/01\/ayuntamiento.jpg","@id":"https:\/\/candas365.es\/noticias\/carreno-abre-un-canal-participativo-para-la-juventud\/#mainImage","width":800,"height":600,"caption":"Carre\u00f1o"},"primaryImageOfPage":{"@id":"https:\/\/candas365.es\/noticias\/carreno-abre-un-canal-participativo-para-la-juventud\/#mainImage"},"datePublished":"2020-10-14T14:30:31+02:00","dateModified":"2020-10-25T14:32:11+01:00"},{"@type":"WebSite","@id":"https:\/\/candas365.es\/noticias\/#website","url":"https:\/\/candas365.es\/noticias\/","name":"Cand\u00e1s 365","alternateName":"Cand\u00e1s 365 Noticias","description":"Actualidad desde Carre\u00f1o para el mundo","inLanguage":"es-ES","publisher":{"@id":"https:\/\/candas365.es\/noticias\/#organization"}}]},"og:locale":"es_ES","og:site_name":"Cand\u00e1s 365","og:type":"article","og:title":"Carre\u00f1o abre un canal participativo para la juventud | Cand\u00e1s 365","og:description":"Desde el Ayuntamiento de Carre\u00f1o se trabaja para poder ofrecer un programa de ocio alternativo para la juventud del concejo. Como colectivo prioritario est\u00e1 la juventud comprendida desde la adolescencia (13 a\u00f1os) hasta la adultez joven (30 a\u00f1os) seg\u00fan la estratificaci\u00f3n de escala de edades de la Organizaci\u00f3n Mundial de la Salud. Previamente a impulsar","og:url":"https:\/\/candas365.es\/noticias\/carreno-abre-un-canal-participativo-para-la-juventud\/","og:image":"https:\/\/candas365.es\/noticias\/wp-content\/uploads\/2015\/01\/ayuntamiento.jpg","og:image:secure_url":"https:\/\/candas365.es\/noticias\/wp-content\/uploads\/2015\/01\/ayuntamiento.jpg","og:image:width":800,"og:image:height":600,"article:published_time":"2020-10-14T14:30:31+00:00","article:modified_time":"2020-10-25T14:32:11+00:00","article:publisher":"https:\/\/www.facebook.com\/Nachofdezber","article:author":"https:\/\/www.facebook.com\/carrenoactualidad","twitter:card":"summary_large_image","twitter:site":"@NabercoDigital","twitter:title":"Carre\u00f1o abre un canal participativo para la juventud | Cand\u00e1s 365","twitter:description":"Desde el Ayuntamiento de Carre\u00f1o se trabaja para poder ofrecer un programa de ocio alternativo para la juventud del concejo. Como colectivo prioritario est\u00e1 la juventud comprendida desde la adolescencia (13 a\u00f1os) hasta la adultez joven (30 a\u00f1os) seg\u00fan la estratificaci\u00f3n de escala de edades de la Organizaci\u00f3n Mundial de la Salud. Previamente a impulsar","twitter:creator":"@nbasturias","twitter:image":"https:\/\/candas365.es\/noticias\/wp-content\/uploads\/2015\/01\/ayuntamiento.jpg","twitter:label1":"Escrito por","twitter:data1":"Cand\u00e1s 365","twitter:label2":"Tiempo de lectura estimado","twitter:data2":"2 minutos"},"aioseo_meta_data":{"post_id":"147771","title":null,"description":"","keywords":"","keyphrases":null,"primary_term":null,"canonical_url":"","og_title":null,"og_description":null,"og_object_type":"default","og_image_type":"default","og_image_url":null,"og_image_width":null,"og_image_height":null,"og_image_custom_url":null,"og_image_custom_fields":null,"og_video":null,"og_custom_url":null,"og_article_section":null,"og_article_tags":null,"twitter_use_og":false,"twitter_card":"default","twitter_image_type":"default","twitter_image_url":null,"twitter_image_custom_url":null,"twitter_image_custom_fields":null,"twitter_title":null,"twitter_description":null,"schema":{"blockGraphs":[],"customGraphs":[],"default":{"data":{"Article":[],"Course":[],"Dataset":[],"FAQPage":[],"Movie":[],"Person":[],"Product":[],"ProductReview":[],"Car":[],"Recipe":[],"Service":[],"SoftwareApplication":[],"WebPage":[]},"graphName":"","isEnabled":true},"graphs":[],"defaultGraph":"","defaultPostTypeGraph":""},"schema_type":null,"schema_type_options":null,"pillar_content":false,"robots_default":true,"robots_noindex":false,"robots_noarchive":false,"robots_nosnippet":false,"robots_nofollow":false,"robots_noimageindex":false,"robots_noodp":false,"robots_notranslate":false,"robots_max_snippet":null,"robots_max_videopreview":null,"robots_max_imagepreview":"large","priority":null,"frequency":null,"location":null,"local_seo":null,"seo_analyzer_scan_date":"2025-08-31 12:26:12","breadcrumb_settings":null,"limit_modified_date":false,"reviewed_by":null,"open_ai":null,"ai":null,"created":"2020-12-21 10:38:55","updated":"2025-08-31 12:26:12"},"aioseo_breadcrumb":"<div class=\"aioseo-breadcrumbs\"><span class=\"aioseo-breadcrumb\">\n\t<a href=\"https:\/\/candas365.es\/noticias\" title=\"Home\">Home<\/a>\n<\/span><span class=\"aioseo-breadcrumb-separator\">&ndash;<\/span><span class=\"aioseo-breadcrumb\">\n\t<a href=\"https:\/\/candas365.es\/noticias\/category\/noticias-carreno\/\" title=\"Noticias Carre\u00f1o\">Noticias Carre\u00f1o<\/a>\n<\/span><span class=\"aioseo-breadcrumb-separator\">&ndash;<\/span><span class=\"aioseo-breadcrumb\">\n\tCarre\u00f1o abre un canal participativo para la juventud\n<\/span><\/div>","aioseo_breadcrumb_json":[{"label":"Home","link":"https:\/\/candas365.es\/noticias"},{"label":"Noticias Carre\u00f1o","link":"https:\/\/candas365.es\/noticias\/category\/noticias-carreno\/"},{"label":"Carre\u00f1o abre un canal participativo para la juventud","link":"https:\/\/candas365.es\/noticias\/carreno-abre-un-canal-participativo-para-la-juventud\/"}],"_links":{"self":[{"href":"https:\/\/candas365.es\/noticias\/wp-json\/wp\/v2\/posts\/147771","targetHints":{"allow":["GET"]}}],"collection":[{"href":"https:\/\/candas365.es\/noticias\/wp-json\/wp\/v2\/posts"}],"about":[{"href":"https:\/\/candas365.es\/noticias\/wp-json\/wp\/v2\/types\/post"}],"author":[{"embeddable":true,"href":"https:\/\/candas365.es\/noticias\/wp-json\/wp\/v2\/users\/1"}],"replies":[{"embeddable":true,"href":"https:\/\/candas365.es\/noticias\/wp-json\/wp\/v2\/comments?post=147771"}],"version-history":[{"count":0,"href":"https:\/\/candas365.es\/noticias\/wp-json\/wp\/v2\/posts\/147771\/revisions"}],"wp:featuredmedia":[{"embeddable":true,"href":"https:\/\/candas365.es\/noticias\/wp-json\/wp\/v2\/media\/6453"}],"wp:attachment":[{"href":"https:\/\/candas365.es\/noticias\/wp-json\/wp\/v2\/media?parent=147771"}],"wp:term":[{"taxonomy":"category","embeddable":true,"href":"https:\/\/candas365.es\/noticias\/wp-json\/wp\/v2\/categories?post=147771"},{"taxonomy":"post_tag","embeddable":true,"href":"https:\/\/candas365.es\/noticias\/wp-json\/wp\/v2\/tags?post=147771"}],"curies":[{"name":"wp","href":"https:\/\/api.w.org\/{rel}","templated":true}]}}