{"id":147757,"date":"2020-10-22T15:07:12","date_gmt":"2020-10-22T15:07:12","guid":{"rendered":"http:\/\/candas365.es\/noticias\/?p=147757"},"modified":"2020-10-22T15:07:12","modified_gmt":"2020-10-22T15:07:12","slug":"piquero-producciones-representa-le-pain-el-pan-este-domingo-en-la-laboral","status":"publish","type":"post","link":"https:\/\/candas365.es\/noticias\/piquero-producciones-representa-le-pain-el-pan-este-domingo-en-la-laboral\/","title":{"rendered":"Piquero Producciones representa Le pain??&#8230;  El pan!! este domingo en La Laboral"},"content":{"rendered":"<p><img fetchpriority=\"high\" decoding=\"async\" class=\"alignleft wp-image-130032 size-medium\" src=\"https:\/\/candas365.es\/noticias\/wp-content\/uploads\/2019\/09\/Laboral-Gijon-360x247.jpg\" alt=\"\" width=\"360\" height=\"247\" srcset=\"https:\/\/candas365.es\/noticias\/wp-content\/uploads\/2019\/09\/Laboral-Gijon-360x247.jpg 360w, https:\/\/candas365.es\/noticias\/wp-content\/uploads\/2019\/09\/Laboral-Gijon-768x528.jpg 768w, https:\/\/candas365.es\/noticias\/wp-content\/uploads\/2019\/09\/Laboral-Gijon-655x450.jpg 655w, https:\/\/candas365.es\/noticias\/wp-content\/uploads\/2019\/09\/Laboral-Gijon-100x70.jpg 100w, https:\/\/candas365.es\/noticias\/wp-content\/uploads\/2019\/09\/Laboral-Gijon-218x150.jpg 218w, https:\/\/candas365.es\/noticias\/wp-content\/uploads\/2019\/09\/Laboral-Gijon-696x478.jpg 696w, https:\/\/candas365.es\/noticias\/wp-content\/uploads\/2019\/09\/Laboral-Gijon-611x420.jpg 611w, https:\/\/candas365.es\/noticias\/wp-content\/uploads\/2019\/09\/Laboral-Gijon.jpg 1049w\" sizes=\"(max-width: 360px) 100vw, 360px\" \/>El Teatro de la Laboral acoge la representaci\u00f3n de Le pain??&#8230; El pan!! de Piquero Producciones este domingo 25 de octubre, a las 17:30 horas.<\/p>\n<p>En esta obra did\u00e1ctica el p\u00fablico familiar se adentrar\u00e1 en el mundo de la cocina de la mano de la afamada chef francesa Chanel que, en colaboraci\u00f3n con su peculiar pinche de cocina Pierre Chocolat, ense\u00f1ar\u00e1 los mejores h\u00e1bitos alimenticios para llevar una vida saludable.<\/p>\n<p>Chanel pondr\u00e1 en pr\u00e1ctica sus dotes culinarias de una forma sencilla y tendr\u00e1 que ense\u00f1ar a su joven colaborador algunos de estos h\u00e1bitos y trucos a trav\u00e9s de juegos, bailes y canciones.<\/p>\n<p>Las localidades para este espect\u00e1culo se pueden adquirir a un precio general de 5 euros y reducido de 3 euros para socios del Club Cultura Asturias y Pasaporte Cultural hasta este s\u00e1bado. Las entradas se pueden comprar en Laboral Ciudad de la Cultura, el Centro Niemeyer en Avil\u00e9s, la Oficina de Informaci\u00f3n Tur\u00edstica de Asturias en Oviedo\/Uvi\u00e9u, en entradas.liberbank.es y en la propia web de la Laboral.<\/p>\n","protected":false},"excerpt":{"rendered":"<p>El Teatro de la Laboral acoge la representaci\u00f3n de Le pain??&#8230; El pan!! de Piquero Producciones este domingo 25 de octubre, a las 17:30 horas. En esta obra did\u00e1ctica el p\u00fablico familiar se adentrar\u00e1 en el mundo de la cocina de la mano de la afamada chef francesa Chanel que, en colaboraci\u00f3n con su peculiar<\/p>\n","protected":false},"author":1,"featured_media":130032,"comment_status":"closed","ping_status":"closed","sticky":false,"template":"","format":"standard","meta":{"footnotes":""},"categories":[1],"tags":[],"class_list":{"0":"post-147757","1":"post","2":"type-post","3":"status-publish","4":"format-standard","5":"has-post-thumbnail","7":"category-agenda"},"aioseo_notices":[],"aioseo_head":"\n\t\t<!-- All in One SEO Pro 4.9.6.2 - aioseo.com -->\n\t<meta name=\"description\" content=\"El Teatro de la Laboral acoge la representaci\u00f3n de Le pain??... El pan!! de Piquero Producciones este domingo 25 de octubre, a las 17:30 horas. En esta obra did\u00e1ctica el p\u00fablico familiar se adentrar\u00e1 en el mundo de la cocina de la mano de la afamada chef francesa Chanel que, en colaboraci\u00f3n con su peculiar\" \/>\n\t<meta name=\"robots\" content=\"max-image-preview:large\" \/>\n\t<meta name=\"author\" content=\"Cand\u00e1s 365\"\/>\n\t<meta name=\"google-site-verification\" content=\"UA-32230408-1\" \/>\n\t<meta name=\"msvalidate.01\" content=\"354F3CDFB2DA171B47FBE9ABF1F88D5\" \/>\n\t<meta name=\"keywords\" content=\"agenda\" \/>\n\t<link rel=\"canonical\" href=\"https:\/\/candas365.es\/noticias\/piquero-producciones-representa-le-pain-el-pan-este-domingo-en-la-laboral\/\" \/>\n\t<meta name=\"generator\" content=\"All in One SEO Pro (AIOSEO) 4.9.6.2\" \/>\n\t\t<meta property=\"og:locale\" content=\"es_ES\" \/>\n\t\t<meta property=\"og:site_name\" content=\"Cand\u00e1s 365\" \/>\n\t\t<meta property=\"og:type\" content=\"article\" \/>\n\t\t<meta property=\"og:title\" content=\"Piquero Producciones representa Le pain??\u2026 El pan!! este domingo en La Laboral | Cand\u00e1s 365\" \/>\n\t\t<meta property=\"og:description\" content=\"El Teatro de la Laboral acoge la representaci\u00f3n de Le pain??... El pan!! de Piquero Producciones este domingo 25 de octubre, a las 17:30 horas. En esta obra did\u00e1ctica el p\u00fablico familiar se adentrar\u00e1 en el mundo de la cocina de la mano de la afamada chef francesa Chanel que, en colaboraci\u00f3n con su peculiar\" \/>\n\t\t<meta property=\"og:url\" content=\"https:\/\/candas365.es\/noticias\/piquero-producciones-representa-le-pain-el-pan-este-domingo-en-la-laboral\/\" \/>\n\t\t<meta property=\"og:image\" content=\"https:\/\/candas365.es\/noticias\/wp-content\/uploads\/2019\/09\/Laboral-Gijon.jpg\" \/>\n\t\t<meta property=\"og:image:secure_url\" content=\"https:\/\/candas365.es\/noticias\/wp-content\/uploads\/2019\/09\/Laboral-Gijon.jpg\" \/>\n\t\t<meta property=\"og:image:width\" content=\"1049\" \/>\n\t\t<meta property=\"og:image:height\" content=\"721\" \/>\n\t\t<meta property=\"article:published_time\" content=\"2020-10-22T15:07:12+00:00\" \/>\n\t\t<meta property=\"article:modified_time\" content=\"2020-10-22T15:07:12+00:00\" \/>\n\t\t<meta property=\"article:publisher\" content=\"https:\/\/www.facebook.com\/Nachofdezber\" \/>\n\t\t<meta property=\"article:author\" content=\"https:\/\/www.facebook.com\/carrenoactualidad\" \/>\n\t\t<meta name=\"twitter:card\" content=\"summary_large_image\" \/>\n\t\t<meta name=\"twitter:site\" content=\"@NabercoDigital\" \/>\n\t\t<meta name=\"twitter:title\" content=\"Piquero Producciones representa Le pain??\u2026 El pan!! este domingo en La Laboral | Cand\u00e1s 365\" \/>\n\t\t<meta name=\"twitter:description\" content=\"El Teatro de la Laboral acoge la representaci\u00f3n de Le pain??... El pan!! de Piquero Producciones este domingo 25 de octubre, a las 17:30 horas. En esta obra did\u00e1ctica el p\u00fablico familiar se adentrar\u00e1 en el mundo de la cocina de la mano de la afamada chef francesa Chanel que, en colaboraci\u00f3n con su peculiar\" \/>\n\t\t<meta name=\"twitter:creator\" content=\"@nbasturias\" \/>\n\t\t<meta name=\"twitter:image\" content=\"https:\/\/candas365.es\/noticias\/wp-content\/uploads\/2019\/09\/Laboral-Gijon.jpg\" \/>\n\t\t<meta name=\"twitter:label1\" content=\"Escrito por\" \/>\n\t\t<meta name=\"twitter:data1\" content=\"Cand\u00e1s 365\" \/>\n\t\t<meta name=\"twitter:label2\" content=\"Tiempo de lectura estimado\" \/>\n\t\t<meta name=\"twitter:data2\" content=\"1 minuto\" \/>\n\t\t<script type=\"application\/ld+json\" class=\"aioseo-schema\">\n\t\t\t{\"@context\":\"https:\\\/\\\/schema.org\",\"@graph\":[{\"@type\":\"BreadcrumbList\",\"@id\":\"https:\\\/\\\/candas365.es\\\/noticias\\\/piquero-producciones-representa-le-pain-el-pan-este-domingo-en-la-laboral\\\/#breadcrumblist\",\"itemListElement\":[{\"@type\":\"ListItem\",\"@id\":\"https:\\\/\\\/candas365.es\\\/noticias#listItem\",\"position\":1,\"name\":\"Home\",\"item\":\"https:\\\/\\\/candas365.es\\\/noticias\",\"nextItem\":{\"@type\":\"ListItem\",\"@id\":\"https:\\\/\\\/candas365.es\\\/noticias\\\/category\\\/agenda\\\/#listItem\",\"name\":\"Agenda\"}},{\"@type\":\"ListItem\",\"@id\":\"https:\\\/\\\/candas365.es\\\/noticias\\\/category\\\/agenda\\\/#listItem\",\"position\":2,\"name\":\"Agenda\",\"item\":\"https:\\\/\\\/candas365.es\\\/noticias\\\/category\\\/agenda\\\/\",\"nextItem\":{\"@type\":\"ListItem\",\"@id\":\"https:\\\/\\\/candas365.es\\\/noticias\\\/piquero-producciones-representa-le-pain-el-pan-este-domingo-en-la-laboral\\\/#listItem\",\"name\":\"Piquero Producciones representa Le pain??&#8230;  El pan!! este domingo en La Laboral\"},\"previousItem\":{\"@type\":\"ListItem\",\"@id\":\"https:\\\/\\\/candas365.es\\\/noticias#listItem\",\"name\":\"Home\"}},{\"@type\":\"ListItem\",\"@id\":\"https:\\\/\\\/candas365.es\\\/noticias\\\/piquero-producciones-representa-le-pain-el-pan-este-domingo-en-la-laboral\\\/#listItem\",\"position\":3,\"name\":\"Piquero Producciones representa Le pain??&#8230;  El pan!! este domingo en La Laboral\",\"previousItem\":{\"@type\":\"ListItem\",\"@id\":\"https:\\\/\\\/candas365.es\\\/noticias\\\/category\\\/agenda\\\/#listItem\",\"name\":\"Agenda\"}}]},{\"@type\":\"NewsArticle\",\"@id\":\"https:\\\/\\\/candas365.es\\\/noticias\\\/piquero-producciones-representa-le-pain-el-pan-este-domingo-en-la-laboral\\\/#newsarticle\",\"name\":\"Piquero Producciones representa Le pain??\\u2026 El pan!! este domingo en La Laboral | Cand\\u00e1s 365\",\"headline\":\"Piquero Producciones representa Le pain??&#8230;  El pan!! este domingo en La Laboral\",\"author\":{\"@id\":\"https:\\\/\\\/candas365.es\\\/noticias\\\/author\\\/admin\\\/#author\"},\"publisher\":{\"@id\":\"https:\\\/\\\/candas365.es\\\/noticias\\\/#organization\"},\"image\":{\"@type\":\"ImageObject\",\"url\":\"https:\\\/\\\/candas365.es\\\/noticias\\\/wp-content\\\/uploads\\\/2019\\\/09\\\/Laboral-Gijon.jpg\",\"width\":1049,\"height\":721,\"caption\":\"Laboral\"},\"datePublished\":\"2020-10-22T15:07:12+02:00\",\"dateModified\":\"2020-10-22T15:07:12+02:00\",\"inLanguage\":\"es-ES\",\"mainEntityOfPage\":{\"@id\":\"https:\\\/\\\/candas365.es\\\/noticias\\\/piquero-producciones-representa-le-pain-el-pan-este-domingo-en-la-laboral\\\/#webpage\"},\"isPartOf\":{\"@id\":\"https:\\\/\\\/candas365.es\\\/noticias\\\/piquero-producciones-representa-le-pain-el-pan-este-domingo-en-la-laboral\\\/#webpage\"},\"articleSection\":\"Agenda\",\"dateline\":\"Publicado el octubre 22, 2020.\"},{\"@type\":\"Organization\",\"@id\":\"https:\\\/\\\/candas365.es\\\/noticias\\\/#organization\",\"name\":\"Cand\\u00e1s 365\",\"description\":\"Cand\\u00e1s 365 es un diario digital independiente, fundado en 2012, con base en Asturias. Informamos con rigor sobre actualidad, sociedad, cultura y ocio, con una mirada local y global.\",\"url\":\"https:\\\/\\\/candas365.es\\\/noticias\\\/\",\"email\":\"info@candas365.es\",\"telephone\":\"+34652131393\",\"foundingDate\":\"2012-06-10\",\"logo\":{\"@type\":\"ImageObject\",\"url\":\"https:\\\/\\\/candas365.es\\\/noticias\\\/wp-content\\\/uploads\\\/2024\\\/09\\\/Candas-365-Redes.jpg\",\"@id\":\"https:\\\/\\\/candas365.es\\\/noticias\\\/piquero-producciones-representa-le-pain-el-pan-este-domingo-en-la-laboral\\\/#organizationLogo\",\"width\":1152,\"height\":864,\"caption\":\"Cand\\u00e1s 365 Redes\"},\"image\":{\"@id\":\"https:\\\/\\\/candas365.es\\\/noticias\\\/piquero-producciones-representa-le-pain-el-pan-este-domingo-en-la-laboral\\\/#organizationLogo\"},\"sameAs\":[\"https:\\\/\\\/www.facebook.com\\\/Nachofdezber\",\"https:\\\/\\\/x.com\\\/NabercoDigital\",\"https:\\\/\\\/www.instagram.com\\\/nachofdezber\\\/\",\"https:\\\/\\\/www.youtube.com\\\/channel\\\/UCZP-2wLEB9Rv6erhFmqVnvg\"],\"address\":{\"@id\":\"https:\\\/\\\/candas365.es\\\/noticias\\\/#postaladdress\",\"@type\":\"PostalAddress\",\"streetAddress\":\"san antonio 4, san antonio 4\",\"postalCode\":\"33430\",\"addressLocality\":\"Cand\\u00e1s\",\"addressRegion\":\"Asturias\",\"addressCountry\":\"ES\"}},{\"@type\":\"Person\",\"@id\":\"https:\\\/\\\/candas365.es\\\/noticias\\\/author\\\/admin\\\/#author\",\"url\":\"https:\\\/\\\/candas365.es\\\/noticias\\\/author\\\/admin\\\/\",\"name\":\"Cand\\u00e1s 365\",\"image\":{\"@type\":\"ImageObject\",\"@id\":\"https:\\\/\\\/candas365.es\\\/noticias\\\/piquero-producciones-representa-le-pain-el-pan-este-domingo-en-la-laboral\\\/#authorImage\",\"url\":\"https:\\\/\\\/secure.gravatar.com\\\/avatar\\\/496a8e03d0c493ede1718b7934145dbdf8d89be1036b0eec9544e1094c9de390?s=96&d=mm&r=g\",\"width\":96,\"height\":96,\"caption\":\"Cand\\u00e1s 365\"},\"sameAs\":[\"https:\\\/\\\/www.facebook.com\\\/carrenoactualidad\",\"https:\\\/\\\/twitter.com\\\/nbasturias\",\"https:\\\/\\\/www.instagram.com\\\/nachofdezber\\\/\",\"https:\\\/\\\/www.youtube.com\\\/channel\\\/UCZP-2wLEB9Rv6erhFmqVnvg\"]},{\"@type\":\"WebPage\",\"@id\":\"https:\\\/\\\/candas365.es\\\/noticias\\\/piquero-producciones-representa-le-pain-el-pan-este-domingo-en-la-laboral\\\/#webpage\",\"url\":\"https:\\\/\\\/candas365.es\\\/noticias\\\/piquero-producciones-representa-le-pain-el-pan-este-domingo-en-la-laboral\\\/\",\"name\":\"Piquero Producciones representa Le pain??\\u2026 El pan!! este domingo en La Laboral | Cand\\u00e1s 365\",\"description\":\"El Teatro de la Laboral acoge la representaci\\u00f3n de Le pain??... El pan!! de Piquero Producciones este domingo 25 de octubre, a las 17:30 horas. En esta obra did\\u00e1ctica el p\\u00fablico familiar se adentrar\\u00e1 en el mundo de la cocina de la mano de la afamada chef francesa Chanel que, en colaboraci\\u00f3n con su peculiar\",\"inLanguage\":\"es-ES\",\"isPartOf\":{\"@id\":\"https:\\\/\\\/candas365.es\\\/noticias\\\/#website\"},\"breadcrumb\":{\"@id\":\"https:\\\/\\\/candas365.es\\\/noticias\\\/piquero-producciones-representa-le-pain-el-pan-este-domingo-en-la-laboral\\\/#breadcrumblist\"},\"author\":{\"@id\":\"https:\\\/\\\/candas365.es\\\/noticias\\\/author\\\/admin\\\/#author\"},\"creator\":{\"@id\":\"https:\\\/\\\/candas365.es\\\/noticias\\\/author\\\/admin\\\/#author\"},\"image\":{\"@type\":\"ImageObject\",\"url\":\"https:\\\/\\\/candas365.es\\\/noticias\\\/wp-content\\\/uploads\\\/2019\\\/09\\\/Laboral-Gijon.jpg\",\"@id\":\"https:\\\/\\\/candas365.es\\\/noticias\\\/piquero-producciones-representa-le-pain-el-pan-este-domingo-en-la-laboral\\\/#mainImage\",\"width\":1049,\"height\":721,\"caption\":\"Laboral\"},\"primaryImageOfPage\":{\"@id\":\"https:\\\/\\\/candas365.es\\\/noticias\\\/piquero-producciones-representa-le-pain-el-pan-este-domingo-en-la-laboral\\\/#mainImage\"},\"datePublished\":\"2020-10-22T15:07:12+02:00\",\"dateModified\":\"2020-10-22T15:07:12+02:00\"},{\"@type\":\"WebSite\",\"@id\":\"https:\\\/\\\/candas365.es\\\/noticias\\\/#website\",\"url\":\"https:\\\/\\\/candas365.es\\\/noticias\\\/\",\"name\":\"Cand\\u00e1s 365\",\"alternateName\":\"Cand\\u00e1s 365 Noticias\",\"description\":\"Actualidad desde Carre\\u00f1o para el mundo\",\"inLanguage\":\"es-ES\",\"publisher\":{\"@id\":\"https:\\\/\\\/candas365.es\\\/noticias\\\/#organization\"}}]}\n\t\t<\/script>\n\t\t<!-- All in One SEO Pro -->\r\n\t\t<title>Piquero Producciones representa Le pain??\u2026 El pan!! este domingo en La Laboral | Cand\u00e1s 365<\/title>\n\n","aioseo_head_json":{"title":"Piquero Producciones representa Le pain??\u2026 El pan!! este domingo en La Laboral | Cand\u00e1s 365","description":"El Teatro de la Laboral acoge la representaci\u00f3n de Le pain??... El pan!! de Piquero Producciones este domingo 25 de octubre, a las 17:30 horas. En esta obra did\u00e1ctica el p\u00fablico familiar se adentrar\u00e1 en el mundo de la cocina de la mano de la afamada chef francesa Chanel que, en colaboraci\u00f3n con su peculiar","canonical_url":"https:\/\/candas365.es\/noticias\/piquero-producciones-representa-le-pain-el-pan-este-domingo-en-la-laboral\/","robots":"max-image-preview:large","keywords":"agenda","webmasterTools":{"google-site-verification":"UA-32230408-1","msvalidate.01":"354F3CDFB2DA171B47FBE9ABF1F88D5","miscellaneous":""},"schema":{"@context":"https:\/\/schema.org","@graph":[{"@type":"BreadcrumbList","@id":"https:\/\/candas365.es\/noticias\/piquero-producciones-representa-le-pain-el-pan-este-domingo-en-la-laboral\/#breadcrumblist","itemListElement":[{"@type":"ListItem","@id":"https:\/\/candas365.es\/noticias#listItem","position":1,"name":"Home","item":"https:\/\/candas365.es\/noticias","nextItem":{"@type":"ListItem","@id":"https:\/\/candas365.es\/noticias\/category\/agenda\/#listItem","name":"Agenda"}},{"@type":"ListItem","@id":"https:\/\/candas365.es\/noticias\/category\/agenda\/#listItem","position":2,"name":"Agenda","item":"https:\/\/candas365.es\/noticias\/category\/agenda\/","nextItem":{"@type":"ListItem","@id":"https:\/\/candas365.es\/noticias\/piquero-producciones-representa-le-pain-el-pan-este-domingo-en-la-laboral\/#listItem","name":"Piquero Producciones representa Le pain??&#8230;  El pan!! este domingo en La Laboral"},"previousItem":{"@type":"ListItem","@id":"https:\/\/candas365.es\/noticias#listItem","name":"Home"}},{"@type":"ListItem","@id":"https:\/\/candas365.es\/noticias\/piquero-producciones-representa-le-pain-el-pan-este-domingo-en-la-laboral\/#listItem","position":3,"name":"Piquero Producciones representa Le pain??&#8230;  El pan!! este domingo en La Laboral","previousItem":{"@type":"ListItem","@id":"https:\/\/candas365.es\/noticias\/category\/agenda\/#listItem","name":"Agenda"}}]},{"@type":"NewsArticle","@id":"https:\/\/candas365.es\/noticias\/piquero-producciones-representa-le-pain-el-pan-este-domingo-en-la-laboral\/#newsarticle","name":"Piquero Producciones representa Le pain??\u2026 El pan!! este domingo en La Laboral | Cand\u00e1s 365","headline":"Piquero Producciones representa Le pain??&#8230;  El pan!! este domingo en La Laboral","author":{"@id":"https:\/\/candas365.es\/noticias\/author\/admin\/#author"},"publisher":{"@id":"https:\/\/candas365.es\/noticias\/#organization"},"image":{"@type":"ImageObject","url":"https:\/\/candas365.es\/noticias\/wp-content\/uploads\/2019\/09\/Laboral-Gijon.jpg","width":1049,"height":721,"caption":"Laboral"},"datePublished":"2020-10-22T15:07:12+02:00","dateModified":"2020-10-22T15:07:12+02:00","inLanguage":"es-ES","mainEntityOfPage":{"@id":"https:\/\/candas365.es\/noticias\/piquero-producciones-representa-le-pain-el-pan-este-domingo-en-la-laboral\/#webpage"},"isPartOf":{"@id":"https:\/\/candas365.es\/noticias\/piquero-producciones-representa-le-pain-el-pan-este-domingo-en-la-laboral\/#webpage"},"articleSection":"Agenda","dateline":"Publicado el octubre 22, 2020."},{"@type":"Organization","@id":"https:\/\/candas365.es\/noticias\/#organization","name":"Cand\u00e1s 365","description":"Cand\u00e1s 365 es un diario digital independiente, fundado en 2012, con base en Asturias. Informamos con rigor sobre actualidad, sociedad, cultura y ocio, con una mirada local y global.","url":"https:\/\/candas365.es\/noticias\/","email":"info@candas365.es","telephone":"+34652131393","foundingDate":"2012-06-10","logo":{"@type":"ImageObject","url":"https:\/\/candas365.es\/noticias\/wp-content\/uploads\/2024\/09\/Candas-365-Redes.jpg","@id":"https:\/\/candas365.es\/noticias\/piquero-producciones-representa-le-pain-el-pan-este-domingo-en-la-laboral\/#organizationLogo","width":1152,"height":864,"caption":"Cand\u00e1s 365 Redes"},"image":{"@id":"https:\/\/candas365.es\/noticias\/piquero-producciones-representa-le-pain-el-pan-este-domingo-en-la-laboral\/#organizationLogo"},"sameAs":["https:\/\/www.facebook.com\/Nachofdezber","https:\/\/x.com\/NabercoDigital","https:\/\/www.instagram.com\/nachofdezber\/","https:\/\/www.youtube.com\/channel\/UCZP-2wLEB9Rv6erhFmqVnvg"],"address":{"@id":"https:\/\/candas365.es\/noticias\/#postaladdress","@type":"PostalAddress","streetAddress":"san antonio 4, san antonio 4","postalCode":"33430","addressLocality":"Cand\u00e1s","addressRegion":"Asturias","addressCountry":"ES"}},{"@type":"Person","@id":"https:\/\/candas365.es\/noticias\/author\/admin\/#author","url":"https:\/\/candas365.es\/noticias\/author\/admin\/","name":"Cand\u00e1s 365","image":{"@type":"ImageObject","@id":"https:\/\/candas365.es\/noticias\/piquero-producciones-representa-le-pain-el-pan-este-domingo-en-la-laboral\/#authorImage","url":"https:\/\/secure.gravatar.com\/avatar\/496a8e03d0c493ede1718b7934145dbdf8d89be1036b0eec9544e1094c9de390?s=96&d=mm&r=g","width":96,"height":96,"caption":"Cand\u00e1s 365"},"sameAs":["https:\/\/www.facebook.com\/carrenoactualidad","https:\/\/twitter.com\/nbasturias","https:\/\/www.instagram.com\/nachofdezber\/","https:\/\/www.youtube.com\/channel\/UCZP-2wLEB9Rv6erhFmqVnvg"]},{"@type":"WebPage","@id":"https:\/\/candas365.es\/noticias\/piquero-producciones-representa-le-pain-el-pan-este-domingo-en-la-laboral\/#webpage","url":"https:\/\/candas365.es\/noticias\/piquero-producciones-representa-le-pain-el-pan-este-domingo-en-la-laboral\/","name":"Piquero Producciones representa Le pain??\u2026 El pan!! este domingo en La Laboral | Cand\u00e1s 365","description":"El Teatro de la Laboral acoge la representaci\u00f3n de Le pain??... El pan!! de Piquero Producciones este domingo 25 de octubre, a las 17:30 horas. En esta obra did\u00e1ctica el p\u00fablico familiar se adentrar\u00e1 en el mundo de la cocina de la mano de la afamada chef francesa Chanel que, en colaboraci\u00f3n con su peculiar","inLanguage":"es-ES","isPartOf":{"@id":"https:\/\/candas365.es\/noticias\/#website"},"breadcrumb":{"@id":"https:\/\/candas365.es\/noticias\/piquero-producciones-representa-le-pain-el-pan-este-domingo-en-la-laboral\/#breadcrumblist"},"author":{"@id":"https:\/\/candas365.es\/noticias\/author\/admin\/#author"},"creator":{"@id":"https:\/\/candas365.es\/noticias\/author\/admin\/#author"},"image":{"@type":"ImageObject","url":"https:\/\/candas365.es\/noticias\/wp-content\/uploads\/2019\/09\/Laboral-Gijon.jpg","@id":"https:\/\/candas365.es\/noticias\/piquero-producciones-representa-le-pain-el-pan-este-domingo-en-la-laboral\/#mainImage","width":1049,"height":721,"caption":"Laboral"},"primaryImageOfPage":{"@id":"https:\/\/candas365.es\/noticias\/piquero-producciones-representa-le-pain-el-pan-este-domingo-en-la-laboral\/#mainImage"},"datePublished":"2020-10-22T15:07:12+02:00","dateModified":"2020-10-22T15:07:12+02:00"},{"@type":"WebSite","@id":"https:\/\/candas365.es\/noticias\/#website","url":"https:\/\/candas365.es\/noticias\/","name":"Cand\u00e1s 365","alternateName":"Cand\u00e1s 365 Noticias","description":"Actualidad desde Carre\u00f1o para el mundo","inLanguage":"es-ES","publisher":{"@id":"https:\/\/candas365.es\/noticias\/#organization"}}]},"og:locale":"es_ES","og:site_name":"Cand\u00e1s 365","og:type":"article","og:title":"Piquero Producciones representa Le pain??\u2026 El pan!! este domingo en La Laboral | Cand\u00e1s 365","og:description":"El Teatro de la Laboral acoge la representaci\u00f3n de Le pain??... El pan!! de Piquero Producciones este domingo 25 de octubre, a las 17:30 horas. En esta obra did\u00e1ctica el p\u00fablico familiar se adentrar\u00e1 en el mundo de la cocina de la mano de la afamada chef francesa Chanel que, en colaboraci\u00f3n con su peculiar","og:url":"https:\/\/candas365.es\/noticias\/piquero-producciones-representa-le-pain-el-pan-este-domingo-en-la-laboral\/","og:image":"https:\/\/candas365.es\/noticias\/wp-content\/uploads\/2019\/09\/Laboral-Gijon.jpg","og:image:secure_url":"https:\/\/candas365.es\/noticias\/wp-content\/uploads\/2019\/09\/Laboral-Gijon.jpg","og:image:width":1049,"og:image:height":721,"article:published_time":"2020-10-22T15:07:12+00:00","article:modified_time":"2020-10-22T15:07:12+00:00","article:publisher":"https:\/\/www.facebook.com\/Nachofdezber","article:author":"https:\/\/www.facebook.com\/carrenoactualidad","twitter:card":"summary_large_image","twitter:site":"@NabercoDigital","twitter:title":"Piquero Producciones representa Le pain??\u2026 El pan!! este domingo en La Laboral | Cand\u00e1s 365","twitter:description":"El Teatro de la Laboral acoge la representaci\u00f3n de Le pain??... El pan!! de Piquero Producciones este domingo 25 de octubre, a las 17:30 horas. En esta obra did\u00e1ctica el p\u00fablico familiar se adentrar\u00e1 en el mundo de la cocina de la mano de la afamada chef francesa Chanel que, en colaboraci\u00f3n con su peculiar","twitter:creator":"@nbasturias","twitter:image":"https:\/\/candas365.es\/noticias\/wp-content\/uploads\/2019\/09\/Laboral-Gijon.jpg","twitter:label1":"Escrito por","twitter:data1":"Cand\u00e1s 365","twitter:label2":"Tiempo de lectura estimado","twitter:data2":"1 minuto"},"aioseo_meta_data":{"post_id":"147757","title":null,"description":"","keywords":"","keyphrases":null,"primary_term":null,"canonical_url":"","og_title":null,"og_description":null,"og_object_type":"default","og_image_type":"default","og_image_url":null,"og_image_width":null,"og_image_height":null,"og_image_custom_url":null,"og_image_custom_fields":null,"og_video":null,"og_custom_url":null,"og_article_section":null,"og_article_tags":null,"twitter_use_og":false,"twitter_card":"default","twitter_image_type":"default","twitter_image_url":null,"twitter_image_custom_url":null,"twitter_image_custom_fields":null,"twitter_title":null,"twitter_description":null,"schema":{"blockGraphs":[],"customGraphs":[],"default":{"data":{"Article":[],"Course":[],"Dataset":[],"FAQPage":[],"Movie":[],"Person":[],"Product":[],"ProductReview":[],"Car":[],"Recipe":[],"Service":[],"SoftwareApplication":[],"WebPage":[]},"graphName":"","isEnabled":true},"graphs":[],"defaultGraph":"","defaultPostTypeGraph":""},"schema_type":null,"schema_type_options":null,"pillar_content":false,"robots_default":true,"robots_noindex":false,"robots_noarchive":false,"robots_nosnippet":false,"robots_nofollow":false,"robots_noimageindex":false,"robots_noodp":false,"robots_notranslate":false,"robots_max_snippet":null,"robots_max_videopreview":null,"robots_max_imagepreview":"large","priority":null,"frequency":null,"location":null,"local_seo":null,"seo_analyzer_scan_date":"2025-08-31 12:38:22","breadcrumb_settings":null,"limit_modified_date":false,"reviewed_by":null,"open_ai":null,"ai":null,"created":"2020-12-21 10:38:55","updated":"2025-08-31 12:38:22"},"aioseo_breadcrumb":"<div class=\"aioseo-breadcrumbs\"><span class=\"aioseo-breadcrumb\">\n\t<a href=\"https:\/\/candas365.es\/noticias\" title=\"Home\">Home<\/a>\n<\/span><span class=\"aioseo-breadcrumb-separator\">&ndash;<\/span><span class=\"aioseo-breadcrumb\">\n\t<a href=\"https:\/\/candas365.es\/noticias\/category\/agenda\/\" title=\"Agenda\">Agenda<\/a>\n<\/span><span class=\"aioseo-breadcrumb-separator\">&ndash;<\/span><span class=\"aioseo-breadcrumb\">\n\tPiquero Producciones representa Le pain??\u2026  El pan!! este domingo en La Laboral\n<\/span><\/div>","aioseo_breadcrumb_json":[{"label":"Home","link":"https:\/\/candas365.es\/noticias"},{"label":"Agenda","link":"https:\/\/candas365.es\/noticias\/category\/agenda\/"},{"label":"Piquero Producciones representa Le pain??&#8230;  El pan!! este domingo en La Laboral","link":"https:\/\/candas365.es\/noticias\/piquero-producciones-representa-le-pain-el-pan-este-domingo-en-la-laboral\/"}],"_links":{"self":[{"href":"https:\/\/candas365.es\/noticias\/wp-json\/wp\/v2\/posts\/147757","targetHints":{"allow":["GET"]}}],"collection":[{"href":"https:\/\/candas365.es\/noticias\/wp-json\/wp\/v2\/posts"}],"about":[{"href":"https:\/\/candas365.es\/noticias\/wp-json\/wp\/v2\/types\/post"}],"author":[{"embeddable":true,"href":"https:\/\/candas365.es\/noticias\/wp-json\/wp\/v2\/users\/1"}],"replies":[{"embeddable":true,"href":"https:\/\/candas365.es\/noticias\/wp-json\/wp\/v2\/comments?post=147757"}],"version-history":[{"count":0,"href":"https:\/\/candas365.es\/noticias\/wp-json\/wp\/v2\/posts\/147757\/revisions"}],"wp:featuredmedia":[{"embeddable":true,"href":"https:\/\/candas365.es\/noticias\/wp-json\/wp\/v2\/media\/130032"}],"wp:attachment":[{"href":"https:\/\/candas365.es\/noticias\/wp-json\/wp\/v2\/media?parent=147757"}],"wp:term":[{"taxonomy":"category","embeddable":true,"href":"https:\/\/candas365.es\/noticias\/wp-json\/wp\/v2\/categories?post=147757"},{"taxonomy":"post_tag","embeddable":true,"href":"https:\/\/candas365.es\/noticias\/wp-json\/wp\/v2\/tags?post=147757"}],"curies":[{"name":"wp","href":"https:\/\/api.w.org\/{rel}","templated":true}]}}