{"id":147594,"date":"2020-10-14T17:54:43","date_gmt":"2020-10-14T17:54:43","guid":{"rendered":"http:\/\/candas365.es\/noticias\/?p=147594"},"modified":"2020-10-14T17:54:43","modified_gmt":"2020-10-14T17:54:43","slug":"kroos-elogiado-al-sumar-100-partidos-con-seleccion-alemana-de-futbol","status":"publish","type":"post","link":"https:\/\/candas365.es\/noticias\/kroos-elogiado-al-sumar-100-partidos-con-seleccion-alemana-de-futbol\/","title":{"rendered":"Kroos, elogiado al sumar 100 partidos con selecci\u00f3n alemana de f\u00fatbol"},"content":{"rendered":"<figure id=\"attachment_147595\" aria-describedby=\"caption-attachment-147595\" style=\"width: 360px\" class=\"wp-caption alignleft\"><img fetchpriority=\"high\" decoding=\"async\" class=\"wp-image-147595 size-medium\" src=\"https:\/\/candas365.es\/noticias\/wp-content\/uploads\/2020\/10\/Kroos-360x243.jpg\" alt=\"\" width=\"360\" height=\"243\" srcset=\"https:\/\/candas365.es\/noticias\/wp-content\/uploads\/2020\/10\/Kroos-360x243.jpg 360w, https:\/\/candas365.es\/noticias\/wp-content\/uploads\/2020\/10\/Kroos-650x439.jpg 650w, https:\/\/candas365.es\/noticias\/wp-content\/uploads\/2020\/10\/Kroos-768x519.jpg 768w, https:\/\/candas365.es\/noticias\/wp-content\/uploads\/2020\/10\/Kroos-696x471.jpg 696w, https:\/\/candas365.es\/noticias\/wp-content\/uploads\/2020\/10\/Kroos-621x420.jpg 621w, https:\/\/candas365.es\/noticias\/wp-content\/uploads\/2020\/10\/Kroos.jpg 923w\" sizes=\"(max-width: 360px) 100vw, 360px\" \/><figcaption id=\"caption-attachment-147595\" class=\"wp-caption-text\">Toni Kroos ha vestido ya cien veces la camiseta de la selecci\u00f3n alemana de f\u00fatbol. Foto: Daniel Reinhardt\/dpa<\/figcaption><\/figure>\n<p>Colonia, 14 oct (dpa) &#8211; El presidente de la Federaci\u00f3n Alemana de F\u00fatbol (DFB), Fritz Keller, elogi\u00f3 al jugador del Real Madrid Toni Kroos tras cumplir este su partido internacional n\u00famero 100 en el enfrentamiento de su selecci\u00f3n contra la de Suiza en la fase de grupos de la Liga de Naciones, jugado el martes por la noche.<\/p>\n<p>\u00abEste es un logro muy especial\u00bb, dijo Keller respecto al alem\u00e1n. \u00abEs un modelo a seguir dentro y fuera del campo, nunca olvid\u00f3 de d\u00f3nde viene y vive los valores de nuestro equipo\u00bb, prosigui\u00f3 el dirigente de la DFB, alabando no solo los logros de la estrella madridista en los campos de f\u00fatbol.<\/p>\n<p>\u00abLo \u00fanico que le falta ahora en la larga lista de sus \u00e9xitos es el t\u00edtulo de la Eurocopa\u00bb, augur\u00f3 Keller. Precisamente, Kroos, originario del estado oriental de Mecklemburgo-Pomerania Occidental, quiere ganar ese t\u00edtulo en 2021.<\/p>\n<p>Con 30 a\u00f1os, el jugador del Real Madrid ya tiene en su haber un Mundial y cuatro Ligas de Campeones, adem\u00e1s de varios t\u00edtulos nacionales.<\/p>\n<p>\u00abEspero que con el equipo actual podamos seguir el rumbo de estos \u00e9xitos\u00bb, coment\u00f3 Kroos despu\u00e9s del empate 3-3 contra los suizos. Kroos dijo no ver el resultado obtenido en Colonia como una referencia, porque sus exigencias son diferentes.<\/p>\n<p>\u00abToni se gan\u00f3 esto no solo por su consistencia al m\u00e1s alto nivel, su diligencia y profesionalidad, sino tambi\u00e9n por sus cualidades humanas\u00bb, alab\u00f3 de nuevo Keller.<\/p>\n<p>Kroos es ahora uno de los 15 futbolistas alemanes que suman 100 o m\u00e1s partidos internacionales con la selecci\u00f3n. El r\u00e9cord lo ostenta Lothar Matth\u00e4us con 150 participaciones.<\/p>\n","protected":false},"excerpt":{"rendered":"<p>Colonia, 14 oct (dpa) &#8211; El presidente de la Federaci\u00f3n Alemana de F\u00fatbol (DFB), Fritz Keller, elogi\u00f3 al jugador del Real Madrid Toni Kroos tras cumplir este su partido internacional n\u00famero 100 en el enfrentamiento de su selecci\u00f3n contra la de Suiza en la fase de grupos de la Liga de Naciones, jugado el martes<\/p>\n","protected":false},"author":1,"featured_media":147595,"comment_status":"closed","ping_status":"closed","sticky":false,"template":"","format":"standard","meta":{"footnotes":""},"categories":[319],"tags":[],"class_list":{"0":"post-147594","1":"post","2":"type-post","3":"status-publish","4":"format-standard","5":"has-post-thumbnail","7":"category-deporte"},"aioseo_notices":[],"aioseo_head":"\n\t\t<!-- All in One SEO Pro 4.9.6.2 - aioseo.com -->\n\t<meta name=\"description\" content=\"Colonia, 14 oct (dpa) - El presidente de la Federaci\u00f3n Alemana de F\u00fatbol (DFB), Fritz Keller, elogi\u00f3 al jugador del Real Madrid Toni Kroos tras cumplir este su partido internacional n\u00famero 100 en el enfrentamiento de su selecci\u00f3n contra la de Suiza en la fase de grupos de la Liga de Naciones, jugado el martes\" \/>\n\t<meta name=\"robots\" content=\"max-image-preview:large\" \/>\n\t<meta name=\"author\" content=\"Cand\u00e1s 365\"\/>\n\t<meta name=\"google-site-verification\" content=\"UA-32230408-1\" \/>\n\t<meta name=\"msvalidate.01\" content=\"354F3CDFB2DA171B47FBE9ABF1F88D5\" \/>\n\t<meta name=\"keywords\" content=\"deporte\" \/>\n\t<link rel=\"canonical\" href=\"https:\/\/candas365.es\/noticias\/kroos-elogiado-al-sumar-100-partidos-con-seleccion-alemana-de-futbol\/\" \/>\n\t<meta name=\"generator\" content=\"All in One SEO Pro (AIOSEO) 4.9.6.2\" \/>\n\t\t<meta property=\"og:locale\" content=\"es_ES\" \/>\n\t\t<meta property=\"og:site_name\" content=\"Cand\u00e1s 365\" \/>\n\t\t<meta property=\"og:type\" content=\"article\" \/>\n\t\t<meta property=\"og:title\" content=\"Kroos, elogiado al sumar 100 partidos con selecci\u00f3n alemana de f\u00fatbol | Cand\u00e1s 365\" \/>\n\t\t<meta property=\"og:description\" content=\"Colonia, 14 oct (dpa) - El presidente de la Federaci\u00f3n Alemana de F\u00fatbol (DFB), Fritz Keller, elogi\u00f3 al jugador del Real Madrid Toni Kroos tras cumplir este su partido internacional n\u00famero 100 en el enfrentamiento de su selecci\u00f3n contra la de Suiza en la fase de grupos de la Liga de Naciones, jugado el martes\" \/>\n\t\t<meta property=\"og:url\" content=\"https:\/\/candas365.es\/noticias\/kroos-elogiado-al-sumar-100-partidos-con-seleccion-alemana-de-futbol\/\" \/>\n\t\t<meta property=\"og:image\" content=\"https:\/\/candas365.es\/noticias\/wp-content\/uploads\/2020\/10\/Kroos.jpg\" \/>\n\t\t<meta property=\"og:image:secure_url\" content=\"https:\/\/candas365.es\/noticias\/wp-content\/uploads\/2020\/10\/Kroos.jpg\" \/>\n\t\t<meta property=\"og:image:width\" content=\"923\" \/>\n\t\t<meta property=\"og:image:height\" content=\"624\" \/>\n\t\t<meta property=\"article:published_time\" content=\"2020-10-14T17:54:43+00:00\" \/>\n\t\t<meta property=\"article:modified_time\" content=\"2020-10-14T17:54:43+00:00\" \/>\n\t\t<meta property=\"article:publisher\" content=\"https:\/\/www.facebook.com\/Nachofdezber\" \/>\n\t\t<meta property=\"article:author\" content=\"https:\/\/www.facebook.com\/carrenoactualidad\" \/>\n\t\t<meta name=\"twitter:card\" content=\"summary_large_image\" \/>\n\t\t<meta name=\"twitter:site\" content=\"@NabercoDigital\" \/>\n\t\t<meta name=\"twitter:title\" content=\"Kroos, elogiado al sumar 100 partidos con selecci\u00f3n alemana de f\u00fatbol | Cand\u00e1s 365\" \/>\n\t\t<meta name=\"twitter:description\" content=\"Colonia, 14 oct (dpa) - El presidente de la Federaci\u00f3n Alemana de F\u00fatbol (DFB), Fritz Keller, elogi\u00f3 al jugador del Real Madrid Toni Kroos tras cumplir este su partido internacional n\u00famero 100 en el enfrentamiento de su selecci\u00f3n contra la de Suiza en la fase de grupos de la Liga de Naciones, jugado el martes\" \/>\n\t\t<meta name=\"twitter:creator\" content=\"@nbasturias\" \/>\n\t\t<meta name=\"twitter:image\" content=\"https:\/\/candas365.es\/noticias\/wp-content\/uploads\/2020\/10\/Kroos.jpg\" \/>\n\t\t<meta name=\"twitter:label1\" content=\"Escrito por\" \/>\n\t\t<meta name=\"twitter:data1\" content=\"Cand\u00e1s 365\" \/>\n\t\t<meta name=\"twitter:label2\" content=\"Tiempo de lectura estimado\" \/>\n\t\t<meta name=\"twitter:data2\" content=\"2 minutos\" \/>\n\t\t<script type=\"application\/ld+json\" class=\"aioseo-schema\">\n\t\t\t{\"@context\":\"https:\\\/\\\/schema.org\",\"@graph\":[{\"@type\":\"BreadcrumbList\",\"@id\":\"https:\\\/\\\/candas365.es\\\/noticias\\\/kroos-elogiado-al-sumar-100-partidos-con-seleccion-alemana-de-futbol\\\/#breadcrumblist\",\"itemListElement\":[{\"@type\":\"ListItem\",\"@id\":\"https:\\\/\\\/candas365.es\\\/noticias#listItem\",\"position\":1,\"name\":\"Home\",\"item\":\"https:\\\/\\\/candas365.es\\\/noticias\",\"nextItem\":{\"@type\":\"ListItem\",\"@id\":\"https:\\\/\\\/candas365.es\\\/noticias\\\/category\\\/deporte\\\/#listItem\",\"name\":\"Deporte\"}},{\"@type\":\"ListItem\",\"@id\":\"https:\\\/\\\/candas365.es\\\/noticias\\\/category\\\/deporte\\\/#listItem\",\"position\":2,\"name\":\"Deporte\",\"item\":\"https:\\\/\\\/candas365.es\\\/noticias\\\/category\\\/deporte\\\/\",\"nextItem\":{\"@type\":\"ListItem\",\"@id\":\"https:\\\/\\\/candas365.es\\\/noticias\\\/kroos-elogiado-al-sumar-100-partidos-con-seleccion-alemana-de-futbol\\\/#listItem\",\"name\":\"Kroos, elogiado al sumar 100 partidos con selecci\\u00f3n alemana de f\\u00fatbol\"},\"previousItem\":{\"@type\":\"ListItem\",\"@id\":\"https:\\\/\\\/candas365.es\\\/noticias#listItem\",\"name\":\"Home\"}},{\"@type\":\"ListItem\",\"@id\":\"https:\\\/\\\/candas365.es\\\/noticias\\\/kroos-elogiado-al-sumar-100-partidos-con-seleccion-alemana-de-futbol\\\/#listItem\",\"position\":3,\"name\":\"Kroos, elogiado al sumar 100 partidos con selecci\\u00f3n alemana de f\\u00fatbol\",\"previousItem\":{\"@type\":\"ListItem\",\"@id\":\"https:\\\/\\\/candas365.es\\\/noticias\\\/category\\\/deporte\\\/#listItem\",\"name\":\"Deporte\"}}]},{\"@type\":\"NewsArticle\",\"@id\":\"https:\\\/\\\/candas365.es\\\/noticias\\\/kroos-elogiado-al-sumar-100-partidos-con-seleccion-alemana-de-futbol\\\/#newsarticle\",\"name\":\"Kroos, elogiado al sumar 100 partidos con selecci\\u00f3n alemana de f\\u00fatbol | Cand\\u00e1s 365\",\"headline\":\"Kroos, elogiado al sumar 100 partidos con selecci\\u00f3n alemana de f\\u00fatbol\",\"author\":{\"@id\":\"https:\\\/\\\/candas365.es\\\/noticias\\\/author\\\/admin\\\/#author\"},\"publisher\":{\"@id\":\"https:\\\/\\\/candas365.es\\\/noticias\\\/#organization\"},\"image\":{\"@type\":\"ImageObject\",\"url\":\"https:\\\/\\\/candas365.es\\\/noticias\\\/wp-content\\\/uploads\\\/2020\\\/10\\\/Kroos.jpg\",\"width\":923,\"height\":624,\"caption\":\"Toni Kroos ha vestido ya cien veces la camiseta de la selecci\\u00f3n alemana de f\\u00fatbol. Foto: Daniel Reinhardt\\\/dpa\"},\"datePublished\":\"2020-10-14T17:54:43+02:00\",\"dateModified\":\"2020-10-14T17:54:43+02:00\",\"inLanguage\":\"es-ES\",\"mainEntityOfPage\":{\"@id\":\"https:\\\/\\\/candas365.es\\\/noticias\\\/kroos-elogiado-al-sumar-100-partidos-con-seleccion-alemana-de-futbol\\\/#webpage\"},\"isPartOf\":{\"@id\":\"https:\\\/\\\/candas365.es\\\/noticias\\\/kroos-elogiado-al-sumar-100-partidos-con-seleccion-alemana-de-futbol\\\/#webpage\"},\"articleSection\":\"Deporte\",\"dateline\":\"Publicado el octubre 14, 2020.\"},{\"@type\":\"Organization\",\"@id\":\"https:\\\/\\\/candas365.es\\\/noticias\\\/#organization\",\"name\":\"Cand\\u00e1s 365\",\"description\":\"Cand\\u00e1s 365 es un diario digital independiente, fundado en 2012, con base en Asturias. Informamos con rigor sobre actualidad, sociedad, cultura y ocio, con una mirada local y global.\",\"url\":\"https:\\\/\\\/candas365.es\\\/noticias\\\/\",\"email\":\"info@candas365.es\",\"telephone\":\"+34652131393\",\"foundingDate\":\"2012-06-10\",\"logo\":{\"@type\":\"ImageObject\",\"url\":\"https:\\\/\\\/candas365.es\\\/noticias\\\/wp-content\\\/uploads\\\/2024\\\/09\\\/Candas-365-Redes.jpg\",\"@id\":\"https:\\\/\\\/candas365.es\\\/noticias\\\/kroos-elogiado-al-sumar-100-partidos-con-seleccion-alemana-de-futbol\\\/#organizationLogo\",\"width\":1152,\"height\":864,\"caption\":\"Cand\\u00e1s 365 Redes\"},\"image\":{\"@id\":\"https:\\\/\\\/candas365.es\\\/noticias\\\/kroos-elogiado-al-sumar-100-partidos-con-seleccion-alemana-de-futbol\\\/#organizationLogo\"},\"sameAs\":[\"https:\\\/\\\/www.facebook.com\\\/Nachofdezber\",\"https:\\\/\\\/x.com\\\/NabercoDigital\",\"https:\\\/\\\/www.instagram.com\\\/nachofdezber\\\/\",\"https:\\\/\\\/www.youtube.com\\\/channel\\\/UCZP-2wLEB9Rv6erhFmqVnvg\"],\"address\":{\"@id\":\"https:\\\/\\\/candas365.es\\\/noticias\\\/#postaladdress\",\"@type\":\"PostalAddress\",\"streetAddress\":\"san antonio 4, san antonio 4\",\"postalCode\":\"33430\",\"addressLocality\":\"Cand\\u00e1s\",\"addressRegion\":\"Asturias\",\"addressCountry\":\"ES\"}},{\"@type\":\"Person\",\"@id\":\"https:\\\/\\\/candas365.es\\\/noticias\\\/author\\\/admin\\\/#author\",\"url\":\"https:\\\/\\\/candas365.es\\\/noticias\\\/author\\\/admin\\\/\",\"name\":\"Cand\\u00e1s 365\",\"image\":{\"@type\":\"ImageObject\",\"@id\":\"https:\\\/\\\/candas365.es\\\/noticias\\\/kroos-elogiado-al-sumar-100-partidos-con-seleccion-alemana-de-futbol\\\/#authorImage\",\"url\":\"https:\\\/\\\/secure.gravatar.com\\\/avatar\\\/496a8e03d0c493ede1718b7934145dbdf8d89be1036b0eec9544e1094c9de390?s=96&d=mm&r=g\",\"width\":96,\"height\":96,\"caption\":\"Cand\\u00e1s 365\"},\"sameAs\":[\"https:\\\/\\\/www.facebook.com\\\/carrenoactualidad\",\"https:\\\/\\\/twitter.com\\\/nbasturias\",\"https:\\\/\\\/www.instagram.com\\\/nachofdezber\\\/\",\"https:\\\/\\\/www.youtube.com\\\/channel\\\/UCZP-2wLEB9Rv6erhFmqVnvg\"]},{\"@type\":\"WebPage\",\"@id\":\"https:\\\/\\\/candas365.es\\\/noticias\\\/kroos-elogiado-al-sumar-100-partidos-con-seleccion-alemana-de-futbol\\\/#webpage\",\"url\":\"https:\\\/\\\/candas365.es\\\/noticias\\\/kroos-elogiado-al-sumar-100-partidos-con-seleccion-alemana-de-futbol\\\/\",\"name\":\"Kroos, elogiado al sumar 100 partidos con selecci\\u00f3n alemana de f\\u00fatbol | Cand\\u00e1s 365\",\"description\":\"Colonia, 14 oct (dpa) - El presidente de la Federaci\\u00f3n Alemana de F\\u00fatbol (DFB), Fritz Keller, elogi\\u00f3 al jugador del Real Madrid Toni Kroos tras cumplir este su partido internacional n\\u00famero 100 en el enfrentamiento de su selecci\\u00f3n contra la de Suiza en la fase de grupos de la Liga de Naciones, jugado el martes\",\"inLanguage\":\"es-ES\",\"isPartOf\":{\"@id\":\"https:\\\/\\\/candas365.es\\\/noticias\\\/#website\"},\"breadcrumb\":{\"@id\":\"https:\\\/\\\/candas365.es\\\/noticias\\\/kroos-elogiado-al-sumar-100-partidos-con-seleccion-alemana-de-futbol\\\/#breadcrumblist\"},\"author\":{\"@id\":\"https:\\\/\\\/candas365.es\\\/noticias\\\/author\\\/admin\\\/#author\"},\"creator\":{\"@id\":\"https:\\\/\\\/candas365.es\\\/noticias\\\/author\\\/admin\\\/#author\"},\"image\":{\"@type\":\"ImageObject\",\"url\":\"https:\\\/\\\/candas365.es\\\/noticias\\\/wp-content\\\/uploads\\\/2020\\\/10\\\/Kroos.jpg\",\"@id\":\"https:\\\/\\\/candas365.es\\\/noticias\\\/kroos-elogiado-al-sumar-100-partidos-con-seleccion-alemana-de-futbol\\\/#mainImage\",\"width\":923,\"height\":624,\"caption\":\"Toni Kroos ha vestido ya cien veces la camiseta de la selecci\\u00f3n alemana de f\\u00fatbol. Foto: Daniel Reinhardt\\\/dpa\"},\"primaryImageOfPage\":{\"@id\":\"https:\\\/\\\/candas365.es\\\/noticias\\\/kroos-elogiado-al-sumar-100-partidos-con-seleccion-alemana-de-futbol\\\/#mainImage\"},\"datePublished\":\"2020-10-14T17:54:43+02:00\",\"dateModified\":\"2020-10-14T17:54:43+02:00\"},{\"@type\":\"WebSite\",\"@id\":\"https:\\\/\\\/candas365.es\\\/noticias\\\/#website\",\"url\":\"https:\\\/\\\/candas365.es\\\/noticias\\\/\",\"name\":\"Cand\\u00e1s 365\",\"alternateName\":\"Cand\\u00e1s 365 Noticias\",\"description\":\"Actualidad desde Carre\\u00f1o para el mundo\",\"inLanguage\":\"es-ES\",\"publisher\":{\"@id\":\"https:\\\/\\\/candas365.es\\\/noticias\\\/#organization\"}}]}\n\t\t<\/script>\n\t\t<!-- All in One SEO Pro -->\r\n\t\t<title>Kroos, elogiado al sumar 100 partidos con selecci\u00f3n alemana de f\u00fatbol | Cand\u00e1s 365<\/title>\n\n","aioseo_head_json":{"title":"Kroos, elogiado al sumar 100 partidos con selecci\u00f3n alemana de f\u00fatbol | Cand\u00e1s 365","description":"Colonia, 14 oct (dpa) - El presidente de la Federaci\u00f3n Alemana de F\u00fatbol (DFB), Fritz Keller, elogi\u00f3 al jugador del Real Madrid Toni Kroos tras cumplir este su partido internacional n\u00famero 100 en el enfrentamiento de su selecci\u00f3n contra la de Suiza en la fase de grupos de la Liga de Naciones, jugado el martes","canonical_url":"https:\/\/candas365.es\/noticias\/kroos-elogiado-al-sumar-100-partidos-con-seleccion-alemana-de-futbol\/","robots":"max-image-preview:large","keywords":"deporte","webmasterTools":{"google-site-verification":"UA-32230408-1","msvalidate.01":"354F3CDFB2DA171B47FBE9ABF1F88D5","miscellaneous":""},"schema":{"@context":"https:\/\/schema.org","@graph":[{"@type":"BreadcrumbList","@id":"https:\/\/candas365.es\/noticias\/kroos-elogiado-al-sumar-100-partidos-con-seleccion-alemana-de-futbol\/#breadcrumblist","itemListElement":[{"@type":"ListItem","@id":"https:\/\/candas365.es\/noticias#listItem","position":1,"name":"Home","item":"https:\/\/candas365.es\/noticias","nextItem":{"@type":"ListItem","@id":"https:\/\/candas365.es\/noticias\/category\/deporte\/#listItem","name":"Deporte"}},{"@type":"ListItem","@id":"https:\/\/candas365.es\/noticias\/category\/deporte\/#listItem","position":2,"name":"Deporte","item":"https:\/\/candas365.es\/noticias\/category\/deporte\/","nextItem":{"@type":"ListItem","@id":"https:\/\/candas365.es\/noticias\/kroos-elogiado-al-sumar-100-partidos-con-seleccion-alemana-de-futbol\/#listItem","name":"Kroos, elogiado al sumar 100 partidos con selecci\u00f3n alemana de f\u00fatbol"},"previousItem":{"@type":"ListItem","@id":"https:\/\/candas365.es\/noticias#listItem","name":"Home"}},{"@type":"ListItem","@id":"https:\/\/candas365.es\/noticias\/kroos-elogiado-al-sumar-100-partidos-con-seleccion-alemana-de-futbol\/#listItem","position":3,"name":"Kroos, elogiado al sumar 100 partidos con selecci\u00f3n alemana de f\u00fatbol","previousItem":{"@type":"ListItem","@id":"https:\/\/candas365.es\/noticias\/category\/deporte\/#listItem","name":"Deporte"}}]},{"@type":"NewsArticle","@id":"https:\/\/candas365.es\/noticias\/kroos-elogiado-al-sumar-100-partidos-con-seleccion-alemana-de-futbol\/#newsarticle","name":"Kroos, elogiado al sumar 100 partidos con selecci\u00f3n alemana de f\u00fatbol | Cand\u00e1s 365","headline":"Kroos, elogiado al sumar 100 partidos con selecci\u00f3n alemana de f\u00fatbol","author":{"@id":"https:\/\/candas365.es\/noticias\/author\/admin\/#author"},"publisher":{"@id":"https:\/\/candas365.es\/noticias\/#organization"},"image":{"@type":"ImageObject","url":"https:\/\/candas365.es\/noticias\/wp-content\/uploads\/2020\/10\/Kroos.jpg","width":923,"height":624,"caption":"Toni Kroos ha vestido ya cien veces la camiseta de la selecci\u00f3n alemana de f\u00fatbol. Foto: Daniel Reinhardt\/dpa"},"datePublished":"2020-10-14T17:54:43+02:00","dateModified":"2020-10-14T17:54:43+02:00","inLanguage":"es-ES","mainEntityOfPage":{"@id":"https:\/\/candas365.es\/noticias\/kroos-elogiado-al-sumar-100-partidos-con-seleccion-alemana-de-futbol\/#webpage"},"isPartOf":{"@id":"https:\/\/candas365.es\/noticias\/kroos-elogiado-al-sumar-100-partidos-con-seleccion-alemana-de-futbol\/#webpage"},"articleSection":"Deporte","dateline":"Publicado el octubre 14, 2020."},{"@type":"Organization","@id":"https:\/\/candas365.es\/noticias\/#organization","name":"Cand\u00e1s 365","description":"Cand\u00e1s 365 es un diario digital independiente, fundado en 2012, con base en Asturias. Informamos con rigor sobre actualidad, sociedad, cultura y ocio, con una mirada local y global.","url":"https:\/\/candas365.es\/noticias\/","email":"info@candas365.es","telephone":"+34652131393","foundingDate":"2012-06-10","logo":{"@type":"ImageObject","url":"https:\/\/candas365.es\/noticias\/wp-content\/uploads\/2024\/09\/Candas-365-Redes.jpg","@id":"https:\/\/candas365.es\/noticias\/kroos-elogiado-al-sumar-100-partidos-con-seleccion-alemana-de-futbol\/#organizationLogo","width":1152,"height":864,"caption":"Cand\u00e1s 365 Redes"},"image":{"@id":"https:\/\/candas365.es\/noticias\/kroos-elogiado-al-sumar-100-partidos-con-seleccion-alemana-de-futbol\/#organizationLogo"},"sameAs":["https:\/\/www.facebook.com\/Nachofdezber","https:\/\/x.com\/NabercoDigital","https:\/\/www.instagram.com\/nachofdezber\/","https:\/\/www.youtube.com\/channel\/UCZP-2wLEB9Rv6erhFmqVnvg"],"address":{"@id":"https:\/\/candas365.es\/noticias\/#postaladdress","@type":"PostalAddress","streetAddress":"san antonio 4, san antonio 4","postalCode":"33430","addressLocality":"Cand\u00e1s","addressRegion":"Asturias","addressCountry":"ES"}},{"@type":"Person","@id":"https:\/\/candas365.es\/noticias\/author\/admin\/#author","url":"https:\/\/candas365.es\/noticias\/author\/admin\/","name":"Cand\u00e1s 365","image":{"@type":"ImageObject","@id":"https:\/\/candas365.es\/noticias\/kroos-elogiado-al-sumar-100-partidos-con-seleccion-alemana-de-futbol\/#authorImage","url":"https:\/\/secure.gravatar.com\/avatar\/496a8e03d0c493ede1718b7934145dbdf8d89be1036b0eec9544e1094c9de390?s=96&d=mm&r=g","width":96,"height":96,"caption":"Cand\u00e1s 365"},"sameAs":["https:\/\/www.facebook.com\/carrenoactualidad","https:\/\/twitter.com\/nbasturias","https:\/\/www.instagram.com\/nachofdezber\/","https:\/\/www.youtube.com\/channel\/UCZP-2wLEB9Rv6erhFmqVnvg"]},{"@type":"WebPage","@id":"https:\/\/candas365.es\/noticias\/kroos-elogiado-al-sumar-100-partidos-con-seleccion-alemana-de-futbol\/#webpage","url":"https:\/\/candas365.es\/noticias\/kroos-elogiado-al-sumar-100-partidos-con-seleccion-alemana-de-futbol\/","name":"Kroos, elogiado al sumar 100 partidos con selecci\u00f3n alemana de f\u00fatbol | Cand\u00e1s 365","description":"Colonia, 14 oct (dpa) - El presidente de la Federaci\u00f3n Alemana de F\u00fatbol (DFB), Fritz Keller, elogi\u00f3 al jugador del Real Madrid Toni Kroos tras cumplir este su partido internacional n\u00famero 100 en el enfrentamiento de su selecci\u00f3n contra la de Suiza en la fase de grupos de la Liga de Naciones, jugado el martes","inLanguage":"es-ES","isPartOf":{"@id":"https:\/\/candas365.es\/noticias\/#website"},"breadcrumb":{"@id":"https:\/\/candas365.es\/noticias\/kroos-elogiado-al-sumar-100-partidos-con-seleccion-alemana-de-futbol\/#breadcrumblist"},"author":{"@id":"https:\/\/candas365.es\/noticias\/author\/admin\/#author"},"creator":{"@id":"https:\/\/candas365.es\/noticias\/author\/admin\/#author"},"image":{"@type":"ImageObject","url":"https:\/\/candas365.es\/noticias\/wp-content\/uploads\/2020\/10\/Kroos.jpg","@id":"https:\/\/candas365.es\/noticias\/kroos-elogiado-al-sumar-100-partidos-con-seleccion-alemana-de-futbol\/#mainImage","width":923,"height":624,"caption":"Toni Kroos ha vestido ya cien veces la camiseta de la selecci\u00f3n alemana de f\u00fatbol. Foto: Daniel Reinhardt\/dpa"},"primaryImageOfPage":{"@id":"https:\/\/candas365.es\/noticias\/kroos-elogiado-al-sumar-100-partidos-con-seleccion-alemana-de-futbol\/#mainImage"},"datePublished":"2020-10-14T17:54:43+02:00","dateModified":"2020-10-14T17:54:43+02:00"},{"@type":"WebSite","@id":"https:\/\/candas365.es\/noticias\/#website","url":"https:\/\/candas365.es\/noticias\/","name":"Cand\u00e1s 365","alternateName":"Cand\u00e1s 365 Noticias","description":"Actualidad desde Carre\u00f1o para el mundo","inLanguage":"es-ES","publisher":{"@id":"https:\/\/candas365.es\/noticias\/#organization"}}]},"og:locale":"es_ES","og:site_name":"Cand\u00e1s 365","og:type":"article","og:title":"Kroos, elogiado al sumar 100 partidos con selecci\u00f3n alemana de f\u00fatbol | Cand\u00e1s 365","og:description":"Colonia, 14 oct (dpa) - El presidente de la Federaci\u00f3n Alemana de F\u00fatbol (DFB), Fritz Keller, elogi\u00f3 al jugador del Real Madrid Toni Kroos tras cumplir este su partido internacional n\u00famero 100 en el enfrentamiento de su selecci\u00f3n contra la de Suiza en la fase de grupos de la Liga de Naciones, jugado el martes","og:url":"https:\/\/candas365.es\/noticias\/kroos-elogiado-al-sumar-100-partidos-con-seleccion-alemana-de-futbol\/","og:image":"https:\/\/candas365.es\/noticias\/wp-content\/uploads\/2020\/10\/Kroos.jpg","og:image:secure_url":"https:\/\/candas365.es\/noticias\/wp-content\/uploads\/2020\/10\/Kroos.jpg","og:image:width":923,"og:image:height":624,"article:published_time":"2020-10-14T17:54:43+00:00","article:modified_time":"2020-10-14T17:54:43+00:00","article:publisher":"https:\/\/www.facebook.com\/Nachofdezber","article:author":"https:\/\/www.facebook.com\/carrenoactualidad","twitter:card":"summary_large_image","twitter:site":"@NabercoDigital","twitter:title":"Kroos, elogiado al sumar 100 partidos con selecci\u00f3n alemana de f\u00fatbol | Cand\u00e1s 365","twitter:description":"Colonia, 14 oct (dpa) - El presidente de la Federaci\u00f3n Alemana de F\u00fatbol (DFB), Fritz Keller, elogi\u00f3 al jugador del Real Madrid Toni Kroos tras cumplir este su partido internacional n\u00famero 100 en el enfrentamiento de su selecci\u00f3n contra la de Suiza en la fase de grupos de la Liga de Naciones, jugado el martes","twitter:creator":"@nbasturias","twitter:image":"https:\/\/candas365.es\/noticias\/wp-content\/uploads\/2020\/10\/Kroos.jpg","twitter:label1":"Escrito por","twitter:data1":"Cand\u00e1s 365","twitter:label2":"Tiempo de lectura estimado","twitter:data2":"2 minutos"},"aioseo_meta_data":{"post_id":"147594","title":null,"description":"","keywords":"","keyphrases":null,"primary_term":null,"canonical_url":"","og_title":null,"og_description":null,"og_object_type":"default","og_image_type":"default","og_image_url":null,"og_image_width":null,"og_image_height":null,"og_image_custom_url":null,"og_image_custom_fields":null,"og_video":null,"og_custom_url":null,"og_article_section":null,"og_article_tags":null,"twitter_use_og":false,"twitter_card":"default","twitter_image_type":"default","twitter_image_url":null,"twitter_image_custom_url":null,"twitter_image_custom_fields":null,"twitter_title":null,"twitter_description":null,"schema":{"blockGraphs":[],"customGraphs":[],"default":{"data":{"Article":[],"Course":[],"Dataset":[],"FAQPage":[],"Movie":[],"Person":[],"Product":[],"ProductReview":[],"Car":[],"Recipe":[],"Service":[],"SoftwareApplication":[],"WebPage":[]},"graphName":"","isEnabled":true},"graphs":[],"defaultGraph":"","defaultPostTypeGraph":""},"schema_type":null,"schema_type_options":null,"pillar_content":false,"robots_default":true,"robots_noindex":false,"robots_noarchive":false,"robots_nosnippet":false,"robots_nofollow":false,"robots_noimageindex":false,"robots_noodp":false,"robots_notranslate":false,"robots_max_snippet":null,"robots_max_videopreview":null,"robots_max_imagepreview":"large","priority":null,"frequency":null,"location":null,"local_seo":null,"seo_analyzer_scan_date":"2025-08-31 12:26:14","breadcrumb_settings":null,"limit_modified_date":false,"reviewed_by":null,"open_ai":null,"ai":null,"created":"2020-12-21 10:39:04","updated":"2025-08-31 12:26:14"},"aioseo_breadcrumb":"<div class=\"aioseo-breadcrumbs\"><span class=\"aioseo-breadcrumb\">\n\t<a href=\"https:\/\/candas365.es\/noticias\" title=\"Home\">Home<\/a>\n<\/span><span class=\"aioseo-breadcrumb-separator\">&ndash;<\/span><span class=\"aioseo-breadcrumb\">\n\t<a href=\"https:\/\/candas365.es\/noticias\/category\/deporte\/\" title=\"Deporte\">Deporte<\/a>\n<\/span><span class=\"aioseo-breadcrumb-separator\">&ndash;<\/span><span class=\"aioseo-breadcrumb\">\n\tKroos, elogiado al sumar 100 partidos con selecci\u00f3n alemana de f\u00fatbol\n<\/span><\/div>","aioseo_breadcrumb_json":[{"label":"Home","link":"https:\/\/candas365.es\/noticias"},{"label":"Deporte","link":"https:\/\/candas365.es\/noticias\/category\/deporte\/"},{"label":"Kroos, elogiado al sumar 100 partidos con selecci\u00f3n alemana de f\u00fatbol","link":"https:\/\/candas365.es\/noticias\/kroos-elogiado-al-sumar-100-partidos-con-seleccion-alemana-de-futbol\/"}],"_links":{"self":[{"href":"https:\/\/candas365.es\/noticias\/wp-json\/wp\/v2\/posts\/147594","targetHints":{"allow":["GET"]}}],"collection":[{"href":"https:\/\/candas365.es\/noticias\/wp-json\/wp\/v2\/posts"}],"about":[{"href":"https:\/\/candas365.es\/noticias\/wp-json\/wp\/v2\/types\/post"}],"author":[{"embeddable":true,"href":"https:\/\/candas365.es\/noticias\/wp-json\/wp\/v2\/users\/1"}],"replies":[{"embeddable":true,"href":"https:\/\/candas365.es\/noticias\/wp-json\/wp\/v2\/comments?post=147594"}],"version-history":[{"count":0,"href":"https:\/\/candas365.es\/noticias\/wp-json\/wp\/v2\/posts\/147594\/revisions"}],"wp:featuredmedia":[{"embeddable":true,"href":"https:\/\/candas365.es\/noticias\/wp-json\/wp\/v2\/media\/147595"}],"wp:attachment":[{"href":"https:\/\/candas365.es\/noticias\/wp-json\/wp\/v2\/media?parent=147594"}],"wp:term":[{"taxonomy":"category","embeddable":true,"href":"https:\/\/candas365.es\/noticias\/wp-json\/wp\/v2\/categories?post=147594"},{"taxonomy":"post_tag","embeddable":true,"href":"https:\/\/candas365.es\/noticias\/wp-json\/wp\/v2\/tags?post=147594"}],"curies":[{"name":"wp","href":"https:\/\/api.w.org\/{rel}","templated":true}]}}