{"id":147563,"date":"2020-10-11T13:44:00","date_gmt":"2020-10-11T13:44:00","guid":{"rendered":"http:\/\/candas365.es\/noticias\/?p=147563"},"modified":"2020-10-11T13:44:00","modified_gmt":"2020-10-11T13:44:00","slug":"candas-contara-con-un-punto-de-vacunacion-contra-la-gripe","status":"publish","type":"post","link":"https:\/\/candas365.es\/noticias\/candas-contara-con-un-punto-de-vacunacion-contra-la-gripe\/","title":{"rendered":"Cand\u00e1s contar\u00e1 con un punto de vacunaci\u00f3n contra la gripe"},"content":{"rendered":"<p><img fetchpriority=\"high\" decoding=\"async\" class=\"alignleft size-medium wp-image-147564\" src=\"https:\/\/candas365.es\/noticias\/wp-content\/uploads\/2020\/10\/Vacunacion-Asturias-360x254.jpg\" alt=\"\" width=\"360\" height=\"254\" srcset=\"https:\/\/candas365.es\/noticias\/wp-content\/uploads\/2020\/10\/Vacunacion-Asturias-360x254.jpg 360w, https:\/\/candas365.es\/noticias\/wp-content\/uploads\/2020\/10\/Vacunacion-Asturias-650x459.jpg 650w, https:\/\/candas365.es\/noticias\/wp-content\/uploads\/2020\/10\/Vacunacion-Asturias-768x543.jpg 768w, https:\/\/candas365.es\/noticias\/wp-content\/uploads\/2020\/10\/Vacunacion-Asturias-696x492.jpg 696w, https:\/\/candas365.es\/noticias\/wp-content\/uploads\/2020\/10\/Vacunacion-Asturias-594x420.jpg 594w, https:\/\/candas365.es\/noticias\/wp-content\/uploads\/2020\/10\/Vacunacion-Asturias-100x70.jpg 100w, https:\/\/candas365.es\/noticias\/wp-content\/uploads\/2020\/10\/Vacunacion-Asturias.jpg 1061w\" sizes=\"(max-width: 360px) 100vw, 360px\" \/>La Consejer\u00eda de Salud asturiana extender\u00e1 este a\u00f1o el uso de la vacuna tetravalente de cultivo celular contra la gripe a la poblaci\u00f3n de riesgo de 14 a 65 a\u00f1os, incluido personal sanitario, sociosanitario y trabajadores esenciales. Esta inmunizaci\u00f3n se administr\u00f3 por primera vez durante la campa\u00f1a pasada a las gestantes y personas con alergias graves al huevo y a los antibi\u00f3ticos.<\/p>\n<p>Esta es una de las novedades de la <strong>campa\u00f1a de vacunaci\u00f3n antigripal 2020-21<\/strong> que han presentado la directora gerente del Servicio de Salud del Principado de Asturias (Sespa), Concepci\u00f3n Saavedra, y el jefe del Servicio de Epidemiolog\u00eda de la Consejer\u00eda de Salud, Ismael Huerta.<\/p>\n<p>La campa\u00f1a, que<strong> arranca el pr\u00f3ximo martes, 13 de octubre<\/strong>, contempla dos tipos de vacunas para personas mayores de 65 a\u00f1os. As\u00ed, a las que residen en centros sociosanitarios se les aplicar\u00e1 la tetravalente de alta carga antig\u00e9nica, que logra una mejor respuesta inmune en este colectivo. Para el resto, se usar\u00e1 la trivalente adyuvada.<\/p>\n<p>A los grupos de riesgo en edad pedi\u00e1trica; es decir, desde los seis meses hasta los 13 a\u00f1os, se les administrar\u00e1 la tetravalente cl\u00e1sica, que protege de los dos tipos de virus A y de dos variantes del B.<\/p>\n<p>La vacuna de la gripe est\u00e1 recomendada para mayores de 65 a\u00f1os, personas inmunodeprimidas o con enfermedades cr\u00f3nicas, obesidad y mujeres embarazadas, que presentan m\u00e1s peligro de complicaciones. Se aconseja tambi\u00e9n para quienes conviven con personas de alto riesgo, personal de centros sanitarios y sociales, estudiantes en pr\u00e1cticas de Ciencias de la Salud y trabajadores de servicios p\u00fablicos esenciales (polic\u00edas, bomberos, protecci\u00f3n civil, etc\u00e9tera). Adem\u00e1s, este a\u00f1o se incluye por primera vez a las personas con hipertensi\u00f3n arterial.<\/p>\n<h3>Captaci\u00f3n proactiva<\/h3>\n<p>Las autoridades sanitarias han insistido en la importancia de que el personal sanitario y sociosanitario se vacune para prevenir contagios entre pacientes y grupos de riesgo. En este sentido, estiman que la pandemia del coronavirus influir\u00e1 para que se incremente la cobertura en este colectivo.<\/p>\n<p>Tambi\u00e9n se aconseja la vacunaci\u00f3n contra la gripe a las mujeres embarazadas para proteger a los beb\u00e9s, dado que hasta pasados los seis meses de vida no pueden recibir la profilaxis. El contagio de esta enfermedad incrementa el riesgo de complicaciones en reci\u00e9n nacidos y provoca ingresos y casos graves equiparables a los que afectan a las personas mayores de 65 a\u00f1os.<\/p>\n<p>La Consejer\u00eda de Salud espera que la cobertura vacunal alcance el 75% de la poblaci\u00f3n diana, para lo que dispone de 400.000 dosis, casi el doble de la campa\u00f1a 2019-2020. Saavedra ha explicado que para alcanzar este objetivo se proceder\u00e1 a una captaci\u00f3n activa. As\u00ed, se reorganizar\u00e1n las agendas del personal de enfermer\u00eda en los centros de salud con el fin de captar a cuidadores convivientes.<\/p>\n<p>La vacuna tambi\u00e9n se ofrecer\u00e1 a los pacientes al alta de un ingreso hospitalario, siempre que su patolog\u00eda no contraindique la inmunizaci\u00f3n. Asimismo, se aplicar\u00e1 la profilaxis al personal sociosanitario en las propias residencias, y los Servicios de Prevenci\u00f3n de Riesgos Laborales acercar\u00e1n la vacunaci\u00f3n a profesionales de los centros sanitarios en horario de ma\u00f1ana.<\/p>\n<h3>Puntos de vacunaci\u00f3n espec\u00edficos<\/h3>\n<p>Adem\u00e1s de la tradicional vacunaci\u00f3n en los centros de salud para facilitar la accesibilidad y equidad, se han dispuesto espacios en hospitales y se han habilitado otros puntos espec\u00edficos, en colaboraci\u00f3n con los ayuntamientos, para los que se precisa cita previa, con el fin de garantizar la seguridad de profesionales y usuarios.<\/p>\n<p>En Gij\u00f3n se han acondicionado siete puntos. Por la ma\u00f1ana, se administrar\u00e1 la profilaxis en los pabellones de Monte Jove, La Arena, La Tejerona, el centro polivalente de Pumar\u00edn Gij\u00f3n Sur y el Palacio de Deportes. Tambi\u00e9n habr\u00e1 dos puntos vespertinos: en los centros de salud de Laviada y Contrueces.<\/p>\n<p>Asimismo,<strong> se vacunar\u00e1 en el centro polivalente La Baraga\u00f1a de Cand\u00e1s<\/strong>, en las instalaciones deportivas del front\u00f3n de Villaviciosa, en el recinto ferial La Imera, de Cangas del Narcea, la plaza cubierta de Pola de Siero y el centro social de Laviana.<\/p>\n<p>En Oviedo, Gij\u00f3n y Arriondas se ofrecer\u00e1 la posibilidad de inmunizarse contra la gripe en horario de tarde.<\/p>\n<p>\u201cSe trata de acercar y concienciar a la poblaci\u00f3n sobre la necesidad y la importancia de la vacunaci\u00f3n antigripal todos los a\u00f1os, pero con m\u00e1s justificaci\u00f3n en esta ocasi\u00f3n por la pandemia de la covid\u201d, ha se\u00f1alado la gerente del Sespa.<\/p>\n","protected":false},"excerpt":{"rendered":"<p>La Consejer\u00eda de Salud asturiana extender\u00e1 este a\u00f1o el uso de la vacuna tetravalente de cultivo celular contra la gripe a la poblaci\u00f3n de riesgo de 14 a 65 a\u00f1os, incluido personal sanitario, sociosanitario y trabajadores esenciales. Esta inmunizaci\u00f3n se administr\u00f3 por primera vez durante la campa\u00f1a pasada a las gestantes y personas con alergias<\/p>\n","protected":false},"author":1,"featured_media":147564,"comment_status":"closed","ping_status":"closed","sticky":false,"template":"","format":"standard","meta":{"footnotes":""},"categories":[2],"tags":[],"class_list":{"0":"post-147563","1":"post","2":"type-post","3":"status-publish","4":"format-standard","5":"has-post-thumbnail","7":"category-noticias-carreno"},"aioseo_notices":[],"aioseo_head":"\n\t\t<!-- All in One SEO Pro 4.9.6.2 - aioseo.com -->\n\t<meta name=\"description\" content=\"La Consejer\u00eda de Salud asturiana extender\u00e1 este a\u00f1o el uso de la vacuna tetravalente de cultivo celular contra la gripe a la poblaci\u00f3n de riesgo de 14 a 65 a\u00f1os, incluido personal sanitario, sociosanitario y trabajadores esenciales. Esta inmunizaci\u00f3n se administr\u00f3 por primera vez durante la campa\u00f1a pasada a las gestantes y personas con alergias\" \/>\n\t<meta name=\"robots\" content=\"max-image-preview:large\" \/>\n\t<meta name=\"author\" content=\"Cand\u00e1s 365\"\/>\n\t<meta name=\"google-site-verification\" content=\"UA-32230408-1\" \/>\n\t<meta name=\"msvalidate.01\" content=\"354F3CDFB2DA171B47FBE9ABF1F88D5\" \/>\n\t<meta name=\"keywords\" content=\"noticias carre\u00f1o\" \/>\n\t<link rel=\"canonical\" href=\"https:\/\/candas365.es\/noticias\/candas-contara-con-un-punto-de-vacunacion-contra-la-gripe\/\" \/>\n\t<meta name=\"generator\" content=\"All in One SEO Pro (AIOSEO) 4.9.6.2\" \/>\n\t\t<meta property=\"og:locale\" content=\"es_ES\" \/>\n\t\t<meta property=\"og:site_name\" content=\"Cand\u00e1s 365\" \/>\n\t\t<meta property=\"og:type\" content=\"article\" \/>\n\t\t<meta property=\"og:title\" content=\"Cand\u00e1s contar\u00e1 con un punto de vacunaci\u00f3n contra la gripe | Cand\u00e1s 365\" \/>\n\t\t<meta property=\"og:description\" content=\"La Consejer\u00eda de Salud asturiana extender\u00e1 este a\u00f1o el uso de la vacuna tetravalente de cultivo celular contra la gripe a la poblaci\u00f3n de riesgo de 14 a 65 a\u00f1os, incluido personal sanitario, sociosanitario y trabajadores esenciales. Esta inmunizaci\u00f3n se administr\u00f3 por primera vez durante la campa\u00f1a pasada a las gestantes y personas con alergias\" \/>\n\t\t<meta property=\"og:url\" content=\"https:\/\/candas365.es\/noticias\/candas-contara-con-un-punto-de-vacunacion-contra-la-gripe\/\" \/>\n\t\t<meta property=\"og:image\" content=\"https:\/\/candas365.es\/noticias\/wp-content\/uploads\/2020\/10\/Vacunacion-Asturias.jpg\" \/>\n\t\t<meta property=\"og:image:secure_url\" content=\"https:\/\/candas365.es\/noticias\/wp-content\/uploads\/2020\/10\/Vacunacion-Asturias.jpg\" \/>\n\t\t<meta property=\"og:image:width\" content=\"1061\" \/>\n\t\t<meta property=\"og:image:height\" content=\"750\" \/>\n\t\t<meta property=\"article:published_time\" content=\"2020-10-11T13:44:00+00:00\" \/>\n\t\t<meta property=\"article:modified_time\" content=\"2020-10-11T13:44:00+00:00\" \/>\n\t\t<meta property=\"article:publisher\" content=\"https:\/\/www.facebook.com\/Nachofdezber\" \/>\n\t\t<meta property=\"article:author\" content=\"https:\/\/www.facebook.com\/carrenoactualidad\" \/>\n\t\t<meta name=\"twitter:card\" content=\"summary_large_image\" \/>\n\t\t<meta name=\"twitter:site\" content=\"@NabercoDigital\" \/>\n\t\t<meta name=\"twitter:title\" content=\"Cand\u00e1s contar\u00e1 con un punto de vacunaci\u00f3n contra la gripe | Cand\u00e1s 365\" \/>\n\t\t<meta name=\"twitter:description\" content=\"La Consejer\u00eda de Salud asturiana extender\u00e1 este a\u00f1o el uso de la vacuna tetravalente de cultivo celular contra la gripe a la poblaci\u00f3n de riesgo de 14 a 65 a\u00f1os, incluido personal sanitario, sociosanitario y trabajadores esenciales. Esta inmunizaci\u00f3n se administr\u00f3 por primera vez durante la campa\u00f1a pasada a las gestantes y personas con alergias\" \/>\n\t\t<meta name=\"twitter:creator\" content=\"@nbasturias\" \/>\n\t\t<meta name=\"twitter:image\" content=\"https:\/\/candas365.es\/noticias\/wp-content\/uploads\/2020\/10\/Vacunacion-Asturias.jpg\" \/>\n\t\t<meta name=\"twitter:label1\" content=\"Escrito por\" \/>\n\t\t<meta name=\"twitter:data1\" content=\"Cand\u00e1s 365\" \/>\n\t\t<meta name=\"twitter:label2\" content=\"Tiempo de lectura estimado\" \/>\n\t\t<meta name=\"twitter:data2\" content=\"4 minutos\" \/>\n\t\t<script type=\"application\/ld+json\" class=\"aioseo-schema\">\n\t\t\t{\"@context\":\"https:\\\/\\\/schema.org\",\"@graph\":[{\"@type\":\"BreadcrumbList\",\"@id\":\"https:\\\/\\\/candas365.es\\\/noticias\\\/candas-contara-con-un-punto-de-vacunacion-contra-la-gripe\\\/#breadcrumblist\",\"itemListElement\":[{\"@type\":\"ListItem\",\"@id\":\"https:\\\/\\\/candas365.es\\\/noticias#listItem\",\"position\":1,\"name\":\"Home\",\"item\":\"https:\\\/\\\/candas365.es\\\/noticias\",\"nextItem\":{\"@type\":\"ListItem\",\"@id\":\"https:\\\/\\\/candas365.es\\\/noticias\\\/category\\\/noticias-carreno\\\/#listItem\",\"name\":\"Noticias Carre\\u00f1o\"}},{\"@type\":\"ListItem\",\"@id\":\"https:\\\/\\\/candas365.es\\\/noticias\\\/category\\\/noticias-carreno\\\/#listItem\",\"position\":2,\"name\":\"Noticias Carre\\u00f1o\",\"item\":\"https:\\\/\\\/candas365.es\\\/noticias\\\/category\\\/noticias-carreno\\\/\",\"nextItem\":{\"@type\":\"ListItem\",\"@id\":\"https:\\\/\\\/candas365.es\\\/noticias\\\/candas-contara-con-un-punto-de-vacunacion-contra-la-gripe\\\/#listItem\",\"name\":\"Cand\\u00e1s contar\\u00e1 con un punto de vacunaci\\u00f3n contra la gripe\"},\"previousItem\":{\"@type\":\"ListItem\",\"@id\":\"https:\\\/\\\/candas365.es\\\/noticias#listItem\",\"name\":\"Home\"}},{\"@type\":\"ListItem\",\"@id\":\"https:\\\/\\\/candas365.es\\\/noticias\\\/candas-contara-con-un-punto-de-vacunacion-contra-la-gripe\\\/#listItem\",\"position\":3,\"name\":\"Cand\\u00e1s contar\\u00e1 con un punto de vacunaci\\u00f3n contra la gripe\",\"previousItem\":{\"@type\":\"ListItem\",\"@id\":\"https:\\\/\\\/candas365.es\\\/noticias\\\/category\\\/noticias-carreno\\\/#listItem\",\"name\":\"Noticias Carre\\u00f1o\"}}]},{\"@type\":\"NewsArticle\",\"@id\":\"https:\\\/\\\/candas365.es\\\/noticias\\\/candas-contara-con-un-punto-de-vacunacion-contra-la-gripe\\\/#newsarticle\",\"name\":\"Cand\\u00e1s contar\\u00e1 con un punto de vacunaci\\u00f3n contra la gripe | Cand\\u00e1s 365\",\"headline\":\"Cand\\u00e1s contar\\u00e1 con un punto de vacunaci\\u00f3n contra la gripe\",\"author\":{\"@id\":\"https:\\\/\\\/candas365.es\\\/noticias\\\/author\\\/admin\\\/#author\"},\"publisher\":{\"@id\":\"https:\\\/\\\/candas365.es\\\/noticias\\\/#organization\"},\"image\":{\"@type\":\"ImageObject\",\"url\":\"https:\\\/\\\/candas365.es\\\/noticias\\\/wp-content\\\/uploads\\\/2020\\\/10\\\/Vacunacion-Asturias.jpg\",\"width\":1061,\"height\":750},\"datePublished\":\"2020-10-11T13:44:00+02:00\",\"dateModified\":\"2020-10-11T13:44:00+02:00\",\"inLanguage\":\"es-ES\",\"mainEntityOfPage\":{\"@id\":\"https:\\\/\\\/candas365.es\\\/noticias\\\/candas-contara-con-un-punto-de-vacunacion-contra-la-gripe\\\/#webpage\"},\"isPartOf\":{\"@id\":\"https:\\\/\\\/candas365.es\\\/noticias\\\/candas-contara-con-un-punto-de-vacunacion-contra-la-gripe\\\/#webpage\"},\"articleSection\":\"Noticias Carre\\u00f1o\",\"dateline\":\"Publicado el octubre 11, 2020.\"},{\"@type\":\"Organization\",\"@id\":\"https:\\\/\\\/candas365.es\\\/noticias\\\/#organization\",\"name\":\"Cand\\u00e1s 365\",\"description\":\"Cand\\u00e1s 365 es un diario digital independiente, fundado en 2012, con base en Asturias. Informamos con rigor sobre actualidad, sociedad, cultura y ocio, con una mirada local y global.\",\"url\":\"https:\\\/\\\/candas365.es\\\/noticias\\\/\",\"email\":\"info@candas365.es\",\"telephone\":\"+34652131393\",\"foundingDate\":\"2012-06-10\",\"logo\":{\"@type\":\"ImageObject\",\"url\":\"https:\\\/\\\/candas365.es\\\/noticias\\\/wp-content\\\/uploads\\\/2024\\\/09\\\/Candas-365-Redes.jpg\",\"@id\":\"https:\\\/\\\/candas365.es\\\/noticias\\\/candas-contara-con-un-punto-de-vacunacion-contra-la-gripe\\\/#organizationLogo\",\"width\":1152,\"height\":864,\"caption\":\"Cand\\u00e1s 365 Redes\"},\"image\":{\"@id\":\"https:\\\/\\\/candas365.es\\\/noticias\\\/candas-contara-con-un-punto-de-vacunacion-contra-la-gripe\\\/#organizationLogo\"},\"sameAs\":[\"https:\\\/\\\/www.facebook.com\\\/Nachofdezber\",\"https:\\\/\\\/x.com\\\/NabercoDigital\",\"https:\\\/\\\/www.instagram.com\\\/nachofdezber\\\/\",\"https:\\\/\\\/www.youtube.com\\\/channel\\\/UCZP-2wLEB9Rv6erhFmqVnvg\"],\"address\":{\"@id\":\"https:\\\/\\\/candas365.es\\\/noticias\\\/#postaladdress\",\"@type\":\"PostalAddress\",\"streetAddress\":\"san antonio 4, san antonio 4\",\"postalCode\":\"33430\",\"addressLocality\":\"Cand\\u00e1s\",\"addressRegion\":\"Asturias\",\"addressCountry\":\"ES\"}},{\"@type\":\"Person\",\"@id\":\"https:\\\/\\\/candas365.es\\\/noticias\\\/author\\\/admin\\\/#author\",\"url\":\"https:\\\/\\\/candas365.es\\\/noticias\\\/author\\\/admin\\\/\",\"name\":\"Cand\\u00e1s 365\",\"image\":{\"@type\":\"ImageObject\",\"@id\":\"https:\\\/\\\/candas365.es\\\/noticias\\\/candas-contara-con-un-punto-de-vacunacion-contra-la-gripe\\\/#authorImage\",\"url\":\"https:\\\/\\\/secure.gravatar.com\\\/avatar\\\/496a8e03d0c493ede1718b7934145dbdf8d89be1036b0eec9544e1094c9de390?s=96&d=mm&r=g\",\"width\":96,\"height\":96,\"caption\":\"Cand\\u00e1s 365\"},\"sameAs\":[\"https:\\\/\\\/www.facebook.com\\\/carrenoactualidad\",\"https:\\\/\\\/twitter.com\\\/nbasturias\",\"https:\\\/\\\/www.instagram.com\\\/nachofdezber\\\/\",\"https:\\\/\\\/www.youtube.com\\\/channel\\\/UCZP-2wLEB9Rv6erhFmqVnvg\"]},{\"@type\":\"WebPage\",\"@id\":\"https:\\\/\\\/candas365.es\\\/noticias\\\/candas-contara-con-un-punto-de-vacunacion-contra-la-gripe\\\/#webpage\",\"url\":\"https:\\\/\\\/candas365.es\\\/noticias\\\/candas-contara-con-un-punto-de-vacunacion-contra-la-gripe\\\/\",\"name\":\"Cand\\u00e1s contar\\u00e1 con un punto de vacunaci\\u00f3n contra la gripe | Cand\\u00e1s 365\",\"description\":\"La Consejer\\u00eda de Salud asturiana extender\\u00e1 este a\\u00f1o el uso de la vacuna tetravalente de cultivo celular contra la gripe a la poblaci\\u00f3n de riesgo de 14 a 65 a\\u00f1os, incluido personal sanitario, sociosanitario y trabajadores esenciales. Esta inmunizaci\\u00f3n se administr\\u00f3 por primera vez durante la campa\\u00f1a pasada a las gestantes y personas con alergias\",\"inLanguage\":\"es-ES\",\"isPartOf\":{\"@id\":\"https:\\\/\\\/candas365.es\\\/noticias\\\/#website\"},\"breadcrumb\":{\"@id\":\"https:\\\/\\\/candas365.es\\\/noticias\\\/candas-contara-con-un-punto-de-vacunacion-contra-la-gripe\\\/#breadcrumblist\"},\"author\":{\"@id\":\"https:\\\/\\\/candas365.es\\\/noticias\\\/author\\\/admin\\\/#author\"},\"creator\":{\"@id\":\"https:\\\/\\\/candas365.es\\\/noticias\\\/author\\\/admin\\\/#author\"},\"image\":{\"@type\":\"ImageObject\",\"url\":\"https:\\\/\\\/candas365.es\\\/noticias\\\/wp-content\\\/uploads\\\/2020\\\/10\\\/Vacunacion-Asturias.jpg\",\"@id\":\"https:\\\/\\\/candas365.es\\\/noticias\\\/candas-contara-con-un-punto-de-vacunacion-contra-la-gripe\\\/#mainImage\",\"width\":1061,\"height\":750},\"primaryImageOfPage\":{\"@id\":\"https:\\\/\\\/candas365.es\\\/noticias\\\/candas-contara-con-un-punto-de-vacunacion-contra-la-gripe\\\/#mainImage\"},\"datePublished\":\"2020-10-11T13:44:00+02:00\",\"dateModified\":\"2020-10-11T13:44:00+02:00\"},{\"@type\":\"WebSite\",\"@id\":\"https:\\\/\\\/candas365.es\\\/noticias\\\/#website\",\"url\":\"https:\\\/\\\/candas365.es\\\/noticias\\\/\",\"name\":\"Cand\\u00e1s 365\",\"alternateName\":\"Cand\\u00e1s 365 Noticias\",\"description\":\"Actualidad desde Carre\\u00f1o para el mundo\",\"inLanguage\":\"es-ES\",\"publisher\":{\"@id\":\"https:\\\/\\\/candas365.es\\\/noticias\\\/#organization\"}}]}\n\t\t<\/script>\n\t\t<!-- All in One SEO Pro -->\r\n\t\t<title>Cand\u00e1s contar\u00e1 con un punto de vacunaci\u00f3n contra la gripe | Cand\u00e1s 365<\/title>\n\n","aioseo_head_json":{"title":"Cand\u00e1s contar\u00e1 con un punto de vacunaci\u00f3n contra la gripe | Cand\u00e1s 365","description":"La Consejer\u00eda de Salud asturiana extender\u00e1 este a\u00f1o el uso de la vacuna tetravalente de cultivo celular contra la gripe a la poblaci\u00f3n de riesgo de 14 a 65 a\u00f1os, incluido personal sanitario, sociosanitario y trabajadores esenciales. Esta inmunizaci\u00f3n se administr\u00f3 por primera vez durante la campa\u00f1a pasada a las gestantes y personas con alergias","canonical_url":"https:\/\/candas365.es\/noticias\/candas-contara-con-un-punto-de-vacunacion-contra-la-gripe\/","robots":"max-image-preview:large","keywords":"noticias carre\u00f1o","webmasterTools":{"google-site-verification":"UA-32230408-1","msvalidate.01":"354F3CDFB2DA171B47FBE9ABF1F88D5","miscellaneous":""},"schema":{"@context":"https:\/\/schema.org","@graph":[{"@type":"BreadcrumbList","@id":"https:\/\/candas365.es\/noticias\/candas-contara-con-un-punto-de-vacunacion-contra-la-gripe\/#breadcrumblist","itemListElement":[{"@type":"ListItem","@id":"https:\/\/candas365.es\/noticias#listItem","position":1,"name":"Home","item":"https:\/\/candas365.es\/noticias","nextItem":{"@type":"ListItem","@id":"https:\/\/candas365.es\/noticias\/category\/noticias-carreno\/#listItem","name":"Noticias Carre\u00f1o"}},{"@type":"ListItem","@id":"https:\/\/candas365.es\/noticias\/category\/noticias-carreno\/#listItem","position":2,"name":"Noticias Carre\u00f1o","item":"https:\/\/candas365.es\/noticias\/category\/noticias-carreno\/","nextItem":{"@type":"ListItem","@id":"https:\/\/candas365.es\/noticias\/candas-contara-con-un-punto-de-vacunacion-contra-la-gripe\/#listItem","name":"Cand\u00e1s contar\u00e1 con un punto de vacunaci\u00f3n contra la gripe"},"previousItem":{"@type":"ListItem","@id":"https:\/\/candas365.es\/noticias#listItem","name":"Home"}},{"@type":"ListItem","@id":"https:\/\/candas365.es\/noticias\/candas-contara-con-un-punto-de-vacunacion-contra-la-gripe\/#listItem","position":3,"name":"Cand\u00e1s contar\u00e1 con un punto de vacunaci\u00f3n contra la gripe","previousItem":{"@type":"ListItem","@id":"https:\/\/candas365.es\/noticias\/category\/noticias-carreno\/#listItem","name":"Noticias Carre\u00f1o"}}]},{"@type":"NewsArticle","@id":"https:\/\/candas365.es\/noticias\/candas-contara-con-un-punto-de-vacunacion-contra-la-gripe\/#newsarticle","name":"Cand\u00e1s contar\u00e1 con un punto de vacunaci\u00f3n contra la gripe | Cand\u00e1s 365","headline":"Cand\u00e1s contar\u00e1 con un punto de vacunaci\u00f3n contra la gripe","author":{"@id":"https:\/\/candas365.es\/noticias\/author\/admin\/#author"},"publisher":{"@id":"https:\/\/candas365.es\/noticias\/#organization"},"image":{"@type":"ImageObject","url":"https:\/\/candas365.es\/noticias\/wp-content\/uploads\/2020\/10\/Vacunacion-Asturias.jpg","width":1061,"height":750},"datePublished":"2020-10-11T13:44:00+02:00","dateModified":"2020-10-11T13:44:00+02:00","inLanguage":"es-ES","mainEntityOfPage":{"@id":"https:\/\/candas365.es\/noticias\/candas-contara-con-un-punto-de-vacunacion-contra-la-gripe\/#webpage"},"isPartOf":{"@id":"https:\/\/candas365.es\/noticias\/candas-contara-con-un-punto-de-vacunacion-contra-la-gripe\/#webpage"},"articleSection":"Noticias Carre\u00f1o","dateline":"Publicado el octubre 11, 2020."},{"@type":"Organization","@id":"https:\/\/candas365.es\/noticias\/#organization","name":"Cand\u00e1s 365","description":"Cand\u00e1s 365 es un diario digital independiente, fundado en 2012, con base en Asturias. Informamos con rigor sobre actualidad, sociedad, cultura y ocio, con una mirada local y global.","url":"https:\/\/candas365.es\/noticias\/","email":"info@candas365.es","telephone":"+34652131393","foundingDate":"2012-06-10","logo":{"@type":"ImageObject","url":"https:\/\/candas365.es\/noticias\/wp-content\/uploads\/2024\/09\/Candas-365-Redes.jpg","@id":"https:\/\/candas365.es\/noticias\/candas-contara-con-un-punto-de-vacunacion-contra-la-gripe\/#organizationLogo","width":1152,"height":864,"caption":"Cand\u00e1s 365 Redes"},"image":{"@id":"https:\/\/candas365.es\/noticias\/candas-contara-con-un-punto-de-vacunacion-contra-la-gripe\/#organizationLogo"},"sameAs":["https:\/\/www.facebook.com\/Nachofdezber","https:\/\/x.com\/NabercoDigital","https:\/\/www.instagram.com\/nachofdezber\/","https:\/\/www.youtube.com\/channel\/UCZP-2wLEB9Rv6erhFmqVnvg"],"address":{"@id":"https:\/\/candas365.es\/noticias\/#postaladdress","@type":"PostalAddress","streetAddress":"san antonio 4, san antonio 4","postalCode":"33430","addressLocality":"Cand\u00e1s","addressRegion":"Asturias","addressCountry":"ES"}},{"@type":"Person","@id":"https:\/\/candas365.es\/noticias\/author\/admin\/#author","url":"https:\/\/candas365.es\/noticias\/author\/admin\/","name":"Cand\u00e1s 365","image":{"@type":"ImageObject","@id":"https:\/\/candas365.es\/noticias\/candas-contara-con-un-punto-de-vacunacion-contra-la-gripe\/#authorImage","url":"https:\/\/secure.gravatar.com\/avatar\/496a8e03d0c493ede1718b7934145dbdf8d89be1036b0eec9544e1094c9de390?s=96&d=mm&r=g","width":96,"height":96,"caption":"Cand\u00e1s 365"},"sameAs":["https:\/\/www.facebook.com\/carrenoactualidad","https:\/\/twitter.com\/nbasturias","https:\/\/www.instagram.com\/nachofdezber\/","https:\/\/www.youtube.com\/channel\/UCZP-2wLEB9Rv6erhFmqVnvg"]},{"@type":"WebPage","@id":"https:\/\/candas365.es\/noticias\/candas-contara-con-un-punto-de-vacunacion-contra-la-gripe\/#webpage","url":"https:\/\/candas365.es\/noticias\/candas-contara-con-un-punto-de-vacunacion-contra-la-gripe\/","name":"Cand\u00e1s contar\u00e1 con un punto de vacunaci\u00f3n contra la gripe | Cand\u00e1s 365","description":"La Consejer\u00eda de Salud asturiana extender\u00e1 este a\u00f1o el uso de la vacuna tetravalente de cultivo celular contra la gripe a la poblaci\u00f3n de riesgo de 14 a 65 a\u00f1os, incluido personal sanitario, sociosanitario y trabajadores esenciales. Esta inmunizaci\u00f3n se administr\u00f3 por primera vez durante la campa\u00f1a pasada a las gestantes y personas con alergias","inLanguage":"es-ES","isPartOf":{"@id":"https:\/\/candas365.es\/noticias\/#website"},"breadcrumb":{"@id":"https:\/\/candas365.es\/noticias\/candas-contara-con-un-punto-de-vacunacion-contra-la-gripe\/#breadcrumblist"},"author":{"@id":"https:\/\/candas365.es\/noticias\/author\/admin\/#author"},"creator":{"@id":"https:\/\/candas365.es\/noticias\/author\/admin\/#author"},"image":{"@type":"ImageObject","url":"https:\/\/candas365.es\/noticias\/wp-content\/uploads\/2020\/10\/Vacunacion-Asturias.jpg","@id":"https:\/\/candas365.es\/noticias\/candas-contara-con-un-punto-de-vacunacion-contra-la-gripe\/#mainImage","width":1061,"height":750},"primaryImageOfPage":{"@id":"https:\/\/candas365.es\/noticias\/candas-contara-con-un-punto-de-vacunacion-contra-la-gripe\/#mainImage"},"datePublished":"2020-10-11T13:44:00+02:00","dateModified":"2020-10-11T13:44:00+02:00"},{"@type":"WebSite","@id":"https:\/\/candas365.es\/noticias\/#website","url":"https:\/\/candas365.es\/noticias\/","name":"Cand\u00e1s 365","alternateName":"Cand\u00e1s 365 Noticias","description":"Actualidad desde Carre\u00f1o para el mundo","inLanguage":"es-ES","publisher":{"@id":"https:\/\/candas365.es\/noticias\/#organization"}}]},"og:locale":"es_ES","og:site_name":"Cand\u00e1s 365","og:type":"article","og:title":"Cand\u00e1s contar\u00e1 con un punto de vacunaci\u00f3n contra la gripe | Cand\u00e1s 365","og:description":"La Consejer\u00eda de Salud asturiana extender\u00e1 este a\u00f1o el uso de la vacuna tetravalente de cultivo celular contra la gripe a la poblaci\u00f3n de riesgo de 14 a 65 a\u00f1os, incluido personal sanitario, sociosanitario y trabajadores esenciales. Esta inmunizaci\u00f3n se administr\u00f3 por primera vez durante la campa\u00f1a pasada a las gestantes y personas con alergias","og:url":"https:\/\/candas365.es\/noticias\/candas-contara-con-un-punto-de-vacunacion-contra-la-gripe\/","og:image":"https:\/\/candas365.es\/noticias\/wp-content\/uploads\/2020\/10\/Vacunacion-Asturias.jpg","og:image:secure_url":"https:\/\/candas365.es\/noticias\/wp-content\/uploads\/2020\/10\/Vacunacion-Asturias.jpg","og:image:width":1061,"og:image:height":750,"article:published_time":"2020-10-11T13:44:00+00:00","article:modified_time":"2020-10-11T13:44:00+00:00","article:publisher":"https:\/\/www.facebook.com\/Nachofdezber","article:author":"https:\/\/www.facebook.com\/carrenoactualidad","twitter:card":"summary_large_image","twitter:site":"@NabercoDigital","twitter:title":"Cand\u00e1s contar\u00e1 con un punto de vacunaci\u00f3n contra la gripe | Cand\u00e1s 365","twitter:description":"La Consejer\u00eda de Salud asturiana extender\u00e1 este a\u00f1o el uso de la vacuna tetravalente de cultivo celular contra la gripe a la poblaci\u00f3n de riesgo de 14 a 65 a\u00f1os, incluido personal sanitario, sociosanitario y trabajadores esenciales. Esta inmunizaci\u00f3n se administr\u00f3 por primera vez durante la campa\u00f1a pasada a las gestantes y personas con alergias","twitter:creator":"@nbasturias","twitter:image":"https:\/\/candas365.es\/noticias\/wp-content\/uploads\/2020\/10\/Vacunacion-Asturias.jpg","twitter:label1":"Escrito por","twitter:data1":"Cand\u00e1s 365","twitter:label2":"Tiempo de lectura estimado","twitter:data2":"4 minutos"},"aioseo_meta_data":{"post_id":"147563","title":null,"description":"","keywords":"","keyphrases":null,"primary_term":null,"canonical_url":"","og_title":null,"og_description":null,"og_object_type":"default","og_image_type":"default","og_image_url":null,"og_image_width":null,"og_image_height":null,"og_image_custom_url":null,"og_image_custom_fields":null,"og_video":null,"og_custom_url":null,"og_article_section":null,"og_article_tags":null,"twitter_use_og":false,"twitter_card":"default","twitter_image_type":"default","twitter_image_url":null,"twitter_image_custom_url":null,"twitter_image_custom_fields":null,"twitter_title":null,"twitter_description":null,"schema":{"blockGraphs":[],"customGraphs":[],"default":{"data":{"Article":[],"Course":[],"Dataset":[],"FAQPage":[],"Movie":[],"Person":[],"Product":[],"ProductReview":[],"Car":[],"Recipe":[],"Service":[],"SoftwareApplication":[],"WebPage":[]},"graphName":"","isEnabled":true},"graphs":[]},"schema_type":null,"schema_type_options":null,"pillar_content":false,"robots_default":true,"robots_noindex":false,"robots_noarchive":false,"robots_nosnippet":false,"robots_nofollow":false,"robots_noimageindex":false,"robots_noodp":false,"robots_notranslate":false,"robots_max_snippet":null,"robots_max_videopreview":null,"robots_max_imagepreview":"large","priority":null,"frequency":null,"location":null,"local_seo":null,"seo_analyzer_scan_date":"2025-08-31 12:22:22","breadcrumb_settings":null,"limit_modified_date":false,"reviewed_by":null,"open_ai":null,"ai":null,"created":"2020-12-21 10:39:04","updated":"2025-08-31 12:22:22"},"aioseo_breadcrumb":"<div class=\"aioseo-breadcrumbs\"><span class=\"aioseo-breadcrumb\">\n\t<a href=\"https:\/\/candas365.es\/noticias\" title=\"Home\">Home<\/a>\n<\/span><span class=\"aioseo-breadcrumb-separator\">&ndash;<\/span><span class=\"aioseo-breadcrumb\">\n\t<a href=\"https:\/\/candas365.es\/noticias\/category\/noticias-carreno\/\" title=\"Noticias Carre\u00f1o\">Noticias Carre\u00f1o<\/a>\n<\/span><span class=\"aioseo-breadcrumb-separator\">&ndash;<\/span><span class=\"aioseo-breadcrumb\">\n\tCand\u00e1s contar\u00e1 con un punto de vacunaci\u00f3n contra la gripe\n<\/span><\/div>","aioseo_breadcrumb_json":[{"label":"Home","link":"https:\/\/candas365.es\/noticias"},{"label":"Noticias Carre\u00f1o","link":"https:\/\/candas365.es\/noticias\/category\/noticias-carreno\/"},{"label":"Cand\u00e1s contar\u00e1 con un punto de vacunaci\u00f3n contra la gripe","link":"https:\/\/candas365.es\/noticias\/candas-contara-con-un-punto-de-vacunacion-contra-la-gripe\/"}],"_links":{"self":[{"href":"https:\/\/candas365.es\/noticias\/wp-json\/wp\/v2\/posts\/147563","targetHints":{"allow":["GET"]}}],"collection":[{"href":"https:\/\/candas365.es\/noticias\/wp-json\/wp\/v2\/posts"}],"about":[{"href":"https:\/\/candas365.es\/noticias\/wp-json\/wp\/v2\/types\/post"}],"author":[{"embeddable":true,"href":"https:\/\/candas365.es\/noticias\/wp-json\/wp\/v2\/users\/1"}],"replies":[{"embeddable":true,"href":"https:\/\/candas365.es\/noticias\/wp-json\/wp\/v2\/comments?post=147563"}],"version-history":[{"count":0,"href":"https:\/\/candas365.es\/noticias\/wp-json\/wp\/v2\/posts\/147563\/revisions"}],"wp:featuredmedia":[{"embeddable":true,"href":"https:\/\/candas365.es\/noticias\/wp-json\/wp\/v2\/media\/147564"}],"wp:attachment":[{"href":"https:\/\/candas365.es\/noticias\/wp-json\/wp\/v2\/media?parent=147563"}],"wp:term":[{"taxonomy":"category","embeddable":true,"href":"https:\/\/candas365.es\/noticias\/wp-json\/wp\/v2\/categories?post=147563"},{"taxonomy":"post_tag","embeddable":true,"href":"https:\/\/candas365.es\/noticias\/wp-json\/wp\/v2\/tags?post=147563"}],"curies":[{"name":"wp","href":"https:\/\/api.w.org\/{rel}","templated":true}]}}