{"id":147561,"date":"2020-10-05T13:06:56","date_gmt":"2020-10-05T13:06:56","guid":{"rendered":"http:\/\/candas365.es\/noticias\/?p=147561"},"modified":"2020-10-11T13:09:31","modified_gmt":"2020-10-11T13:09:31","slug":"programa-de-garantia-juvenil-joven-ocupate-2020-2021-en-carreno","status":"publish","type":"post","link":"https:\/\/candas365.es\/noticias\/programa-de-garantia-juvenil-joven-ocupate-2020-2021-en-carreno\/","title":{"rendered":"Programa de Garant\u00eda Juvenil \u201cJoven Oc\u00fapate\u201d 2020-2021, en Carre\u00f1o"},"content":{"rendered":"<p><img fetchpriority=\"high\" decoding=\"async\" class=\"alignleft size-medium wp-image-6453\" src=\"https:\/\/candas365.es\/noticias\/wp-content\/uploads\/2015\/01\/ayuntamiento-360x270.jpg\" alt=\"\" width=\"360\" height=\"270\" srcset=\"https:\/\/candas365.es\/noticias\/wp-content\/uploads\/2015\/01\/ayuntamiento-360x270.jpg 360w, https:\/\/candas365.es\/noticias\/wp-content\/uploads\/2015\/01\/ayuntamiento-640x480.jpg 640w, https:\/\/candas365.es\/noticias\/wp-content\/uploads\/2015\/01\/ayuntamiento-768x576.jpg 768w, https:\/\/candas365.es\/noticias\/wp-content\/uploads\/2015\/01\/ayuntamiento-150x113.jpg 150w, https:\/\/candas365.es\/noticias\/wp-content\/uploads\/2015\/01\/ayuntamiento-450x338.jpg 450w, https:\/\/candas365.es\/noticias\/wp-content\/uploads\/2015\/01\/ayuntamiento-80x60.jpg 80w, https:\/\/candas365.es\/noticias\/wp-content\/uploads\/2015\/01\/ayuntamiento-265x198.jpg 265w, https:\/\/candas365.es\/noticias\/wp-content\/uploads\/2015\/01\/ayuntamiento-696x522.jpg 696w, https:\/\/candas365.es\/noticias\/wp-content\/uploads\/2015\/01\/ayuntamiento-560x420.jpg 560w, https:\/\/candas365.es\/noticias\/wp-content\/uploads\/2015\/01\/ayuntamiento-90x67.jpg 90w, https:\/\/candas365.es\/noticias\/wp-content\/uploads\/2015\/01\/ayuntamiento.jpg 800w\" sizes=\"(max-width: 360px) 100vw, 360px\" \/>8 j\u00f3venes ser\u00e1n contratados por el Ayuntamiento de Carre\u00f1o durante un per\u00edodo de 9 meses mediante la modalidad de contrato para la formaci\u00f3n y el aprendizaje. A trav\u00e9s del cual participar\u00e1n en un programa de formaci\u00f3n en alternancia con el empleo en el que recibir\u00e1n la formaci\u00f3n espec\u00edfica dirigida a la obtenci\u00f3n del Certificado de Profesionalidad \u00abLimpieza en espacios abiertos e instalaciones industriales\u00bb (SEAG0209).<\/p>\n<p>El alumnado compaginar\u00e1 esta formaci\u00f3n con la pr\u00e1ctica laboral, cuyo objeto ser\u00e1 la realizaci\u00f3n de diversas actuaciones para la limpieza y mantenimiento del Camino de Santiago (\u201cCamino Costero\u201d) a su paso por Carre\u00f1o, as\u00ed como de los elementos de Patrimonio etnogr\u00e1fico de su entorno m\u00e1s inmediato (fuentes y lavaderos). Adem\u00e1s, el los participantes en el proyecto tambi\u00e9n se encargar\u00e1n de la mejora del aspecto de espacios p\u00fablicos, tanto en la villa de Cand\u00e1s como en los n\u00facleos de las parroquias rurales del concejo de Carre\u00f1o: limpieza viaria, de parques y jardines, y limpieza de playas de Carre\u00f1o.<\/p>\n<p>Para poder participar en la selecci\u00f3n, las personas interesadas deber\u00e1n cumplir entre otros requisitos:<\/p>\n<p>\u00b7 Tener m\u00e1s de 16 a\u00f1os y menos de 30.<\/p>\n<p>\u00b7 Estar inscrito\/ en el fichero del Sistema Nacional de Garant\u00eda Juvenil.<\/p>\n<p>\u00b7 Ser desempleado\/a y estar inscrito como demandantes de empleo en el Servicio P\u00fablico de Empleo del Principado de Asturias.<\/p>\n<p>El plazo de presentaci\u00f3n de solicitudes finalizar\u00e1 el pr\u00f3ximo domingo 4 de octubre. Las solicitudes pueden presentarse a trav\u00e9s de los siguientes medios:<\/p>\n<p>\u00b7 Presencialmente, en el Registro del Ayuntamiento de Carre\u00f1o (situado en Cand\u00e1s, C\/ Santolaya, n\u00ba 1-3) de lunes a viernes de 9 a 14 horas<\/p>\n<p>\u00b7 Por correo postal, en este caso la persona aspirante debe anunciar al Ayuntamiento de Carre\u00f1o mediante fax (98-588-47-11) o e-mail (sergenerales@ayto-carreno.es) en el mismo d\u00eda dicha remisi\u00f3n. Sin dicho requisito no ser\u00e1 admitida la instancia, si es recibida en el Ayuntamiento con posterioridad a la fecha de terminaci\u00f3n del plazo.<\/p>\n<p>\u00b7 Electr\u00f3nicamente, conforme dispone la legislaci\u00f3n vigente o a trav\u00e9s de la sede electr\u00f3nica municipal <a href=\"https:\/\/sedeelectronica.ayto-carreno.es\/siac\/\" target=\"_blank\" rel=\"nofollow noopener noreferrer\"><span style=\"color: #ff6600;\"><strong>https:\/\/sedeelectronica.ayto-carreno.es\/siac\/<\/strong><\/span><\/a><\/p>\n<p>Concluido el plazo de presentaci\u00f3n de solicitudes se proceder\u00e1 a la aprobaci\u00f3n de la lista provisional de admitidos\/as, y en su caso, excluidos\/as, con indicaci\u00f3n del motivo de la exclusi\u00f3n. Esta lista se expondr\u00e1 en el Tabl\u00f3n de Anuncios del Ayuntamiento de Carre\u00f1o y en la Web municipal: www.ayto-carreno.es.<\/p>\n<p>Estableci\u00e9ndose un plazo de un d\u00eda a contar desde el d\u00eda de la publicaci\u00f3n de la lista, para la subsanaci\u00f3n de los defectos detectados (si \u00e9sta fuera posible), elev\u00e1ndose, trascurrido dicho plazo, las listas a definitivas, indic\u00e1ndose en las mismas el lugar, d\u00eda y hora de celebraci\u00f3n del acto de selecci\u00f3n.<\/p>\n<p>Como complemento a esta contrataci\u00f3n se llevar\u00e1 a cabo la contrataci\u00f3n de un mentor\/a. esta persona ser\u00e1 la encargada de impartir entre otras, la Formaci\u00f3n B\u00e1sica (destinada a preparar a los\/as j\u00f3venes para la obtenci\u00f3n de t\u00edtulo de Graduado en Educaci\u00f3n Secundaria Obligatoria), las competencias clave, las habilidades laborales, la formaci\u00f3n transversal, y la orientaci\u00f3n para el empleo. Por otro lado, una parte importante de sus cometidos consistir\u00e1 en la programaci\u00f3n y ejecuci\u00f3n de acciones dirigidas a la inserci\u00f3n laboral de los\/as j\u00f3venes, una vez finalizada su participaci\u00f3n en el programa, mediante el peri\u00f3dico contacto con el tejido empresarial local y regional.<\/p>\n<p>Al igual que la contrataci\u00f3n del alumnado, el per\u00edodo de duraci\u00f3n de esta contrataci\u00f3n ser\u00e1 de 9 meses, estando prevista la incorporaci\u00f3n de todas las personas relacionadas con el programa, inicialmente, el 1 de Noviembre de 2020.<\/p>\n<p>&nbsp;<\/p>\n","protected":false},"excerpt":{"rendered":"<p>8 j\u00f3venes ser\u00e1n contratados por el Ayuntamiento de Carre\u00f1o durante un per\u00edodo de 9 meses mediante la modalidad de contrato para la formaci\u00f3n y el aprendizaje. A trav\u00e9s del cual participar\u00e1n en un programa de formaci\u00f3n en alternancia con el empleo en el que recibir\u00e1n la formaci\u00f3n espec\u00edfica dirigida a la obtenci\u00f3n del Certificado de<\/p>\n","protected":false},"author":1,"featured_media":6453,"comment_status":"closed","ping_status":"closed","sticky":false,"template":"","format":"standard","meta":{"footnotes":""},"categories":[2],"tags":[],"class_list":{"0":"post-147561","1":"post","2":"type-post","3":"status-publish","4":"format-standard","5":"has-post-thumbnail","7":"category-noticias-carreno"},"aioseo_notices":[],"aioseo_head":"\n\t\t<!-- All in One SEO Pro 4.9.6.2 - aioseo.com -->\n\t<meta name=\"description\" content=\"8 j\u00f3venes ser\u00e1n contratados por el Ayuntamiento de Carre\u00f1o durante un per\u00edodo de 9 meses mediante la modalidad de contrato para la formaci\u00f3n y el aprendizaje. A trav\u00e9s del cual participar\u00e1n en un programa de formaci\u00f3n en alternancia con el empleo en el que recibir\u00e1n la formaci\u00f3n espec\u00edfica dirigida a la obtenci\u00f3n del Certificado de\" \/>\n\t<meta name=\"robots\" content=\"max-image-preview:large\" \/>\n\t<meta name=\"author\" content=\"Cand\u00e1s 365\"\/>\n\t<meta name=\"google-site-verification\" content=\"UA-32230408-1\" \/>\n\t<meta name=\"msvalidate.01\" content=\"354F3CDFB2DA171B47FBE9ABF1F88D5\" \/>\n\t<meta name=\"keywords\" content=\"noticias carre\u00f1o\" \/>\n\t<link rel=\"canonical\" href=\"https:\/\/candas365.es\/noticias\/programa-de-garantia-juvenil-joven-ocupate-2020-2021-en-carreno\/\" \/>\n\t<meta name=\"generator\" content=\"All in One SEO Pro (AIOSEO) 4.9.6.2\" \/>\n\t\t<meta property=\"og:locale\" content=\"es_ES\" \/>\n\t\t<meta property=\"og:site_name\" content=\"Cand\u00e1s 365\" \/>\n\t\t<meta property=\"og:type\" content=\"article\" \/>\n\t\t<meta property=\"og:title\" content=\"Programa de Garant\u00eda Juvenil \u201cJoven Oc\u00fapate\u201d 2020-2021, en Carre\u00f1o | Cand\u00e1s 365\" \/>\n\t\t<meta property=\"og:description\" content=\"8 j\u00f3venes ser\u00e1n contratados por el Ayuntamiento de Carre\u00f1o durante un per\u00edodo de 9 meses mediante la modalidad de contrato para la formaci\u00f3n y el aprendizaje. A trav\u00e9s del cual participar\u00e1n en un programa de formaci\u00f3n en alternancia con el empleo en el que recibir\u00e1n la formaci\u00f3n espec\u00edfica dirigida a la obtenci\u00f3n del Certificado de\" \/>\n\t\t<meta property=\"og:url\" content=\"https:\/\/candas365.es\/noticias\/programa-de-garantia-juvenil-joven-ocupate-2020-2021-en-carreno\/\" \/>\n\t\t<meta property=\"og:image\" content=\"https:\/\/candas365.es\/noticias\/wp-content\/uploads\/2015\/01\/ayuntamiento.jpg\" \/>\n\t\t<meta property=\"og:image:secure_url\" content=\"https:\/\/candas365.es\/noticias\/wp-content\/uploads\/2015\/01\/ayuntamiento.jpg\" \/>\n\t\t<meta property=\"og:image:width\" content=\"800\" \/>\n\t\t<meta property=\"og:image:height\" content=\"600\" \/>\n\t\t<meta property=\"article:published_time\" content=\"2020-10-05T13:06:56+00:00\" \/>\n\t\t<meta property=\"article:modified_time\" content=\"2020-10-11T13:09:31+00:00\" \/>\n\t\t<meta property=\"article:publisher\" content=\"https:\/\/www.facebook.com\/Nachofdezber\" \/>\n\t\t<meta property=\"article:author\" content=\"https:\/\/www.facebook.com\/carrenoactualidad\" \/>\n\t\t<meta name=\"twitter:card\" content=\"summary_large_image\" \/>\n\t\t<meta name=\"twitter:site\" content=\"@NabercoDigital\" \/>\n\t\t<meta name=\"twitter:title\" content=\"Programa de Garant\u00eda Juvenil \u201cJoven Oc\u00fapate\u201d 2020-2021, en Carre\u00f1o | Cand\u00e1s 365\" \/>\n\t\t<meta name=\"twitter:description\" content=\"8 j\u00f3venes ser\u00e1n contratados por el Ayuntamiento de Carre\u00f1o durante un per\u00edodo de 9 meses mediante la modalidad de contrato para la formaci\u00f3n y el aprendizaje. A trav\u00e9s del cual participar\u00e1n en un programa de formaci\u00f3n en alternancia con el empleo en el que recibir\u00e1n la formaci\u00f3n espec\u00edfica dirigida a la obtenci\u00f3n del Certificado de\" \/>\n\t\t<meta name=\"twitter:creator\" content=\"@nbasturias\" \/>\n\t\t<meta name=\"twitter:image\" content=\"https:\/\/candas365.es\/noticias\/wp-content\/uploads\/2015\/01\/ayuntamiento.jpg\" \/>\n\t\t<meta name=\"twitter:label1\" content=\"Escrito por\" \/>\n\t\t<meta name=\"twitter:data1\" content=\"Cand\u00e1s 365\" \/>\n\t\t<meta name=\"twitter:label2\" content=\"Tiempo de lectura estimado\" \/>\n\t\t<meta name=\"twitter:data2\" content=\"3 minutos\" \/>\n\t\t<script type=\"application\/ld+json\" class=\"aioseo-schema\">\n\t\t\t{\"@context\":\"https:\\\/\\\/schema.org\",\"@graph\":[{\"@type\":\"BreadcrumbList\",\"@id\":\"https:\\\/\\\/candas365.es\\\/noticias\\\/programa-de-garantia-juvenil-joven-ocupate-2020-2021-en-carreno\\\/#breadcrumblist\",\"itemListElement\":[{\"@type\":\"ListItem\",\"@id\":\"https:\\\/\\\/candas365.es\\\/noticias#listItem\",\"position\":1,\"name\":\"Home\",\"item\":\"https:\\\/\\\/candas365.es\\\/noticias\",\"nextItem\":{\"@type\":\"ListItem\",\"@id\":\"https:\\\/\\\/candas365.es\\\/noticias\\\/category\\\/noticias-carreno\\\/#listItem\",\"name\":\"Noticias Carre\\u00f1o\"}},{\"@type\":\"ListItem\",\"@id\":\"https:\\\/\\\/candas365.es\\\/noticias\\\/category\\\/noticias-carreno\\\/#listItem\",\"position\":2,\"name\":\"Noticias Carre\\u00f1o\",\"item\":\"https:\\\/\\\/candas365.es\\\/noticias\\\/category\\\/noticias-carreno\\\/\",\"nextItem\":{\"@type\":\"ListItem\",\"@id\":\"https:\\\/\\\/candas365.es\\\/noticias\\\/programa-de-garantia-juvenil-joven-ocupate-2020-2021-en-carreno\\\/#listItem\",\"name\":\"Programa de Garant\\u00eda Juvenil \\u201cJoven Oc\\u00fapate\\u201d 2020-2021, en Carre\\u00f1o\"},\"previousItem\":{\"@type\":\"ListItem\",\"@id\":\"https:\\\/\\\/candas365.es\\\/noticias#listItem\",\"name\":\"Home\"}},{\"@type\":\"ListItem\",\"@id\":\"https:\\\/\\\/candas365.es\\\/noticias\\\/programa-de-garantia-juvenil-joven-ocupate-2020-2021-en-carreno\\\/#listItem\",\"position\":3,\"name\":\"Programa de Garant\\u00eda Juvenil \\u201cJoven Oc\\u00fapate\\u201d 2020-2021, en Carre\\u00f1o\",\"previousItem\":{\"@type\":\"ListItem\",\"@id\":\"https:\\\/\\\/candas365.es\\\/noticias\\\/category\\\/noticias-carreno\\\/#listItem\",\"name\":\"Noticias Carre\\u00f1o\"}}]},{\"@type\":\"NewsArticle\",\"@id\":\"https:\\\/\\\/candas365.es\\\/noticias\\\/programa-de-garantia-juvenil-joven-ocupate-2020-2021-en-carreno\\\/#newsarticle\",\"name\":\"Programa de Garant\\u00eda Juvenil \\u201cJoven Oc\\u00fapate\\u201d 2020-2021, en Carre\\u00f1o | Cand\\u00e1s 365\",\"headline\":\"Programa de Garant\\u00eda Juvenil \\u201cJoven Oc\\u00fapate\\u201d 2020-2021, en Carre\\u00f1o\",\"author\":{\"@id\":\"https:\\\/\\\/candas365.es\\\/noticias\\\/author\\\/admin\\\/#author\"},\"publisher\":{\"@id\":\"https:\\\/\\\/candas365.es\\\/noticias\\\/#organization\"},\"image\":{\"@type\":\"ImageObject\",\"url\":\"https:\\\/\\\/candas365.es\\\/noticias\\\/wp-content\\\/uploads\\\/2015\\\/01\\\/ayuntamiento.jpg\",\"width\":800,\"height\":600,\"caption\":\"Carre\\u00f1o\"},\"datePublished\":\"2020-10-05T13:06:56+02:00\",\"dateModified\":\"2020-10-11T13:09:31+02:00\",\"inLanguage\":\"es-ES\",\"mainEntityOfPage\":{\"@id\":\"https:\\\/\\\/candas365.es\\\/noticias\\\/programa-de-garantia-juvenil-joven-ocupate-2020-2021-en-carreno\\\/#webpage\"},\"isPartOf\":{\"@id\":\"https:\\\/\\\/candas365.es\\\/noticias\\\/programa-de-garantia-juvenil-joven-ocupate-2020-2021-en-carreno\\\/#webpage\"},\"articleSection\":\"Noticias Carre\\u00f1o\",\"dateline\":\"Publicado el octubre 5, 2020.\"},{\"@type\":\"Organization\",\"@id\":\"https:\\\/\\\/candas365.es\\\/noticias\\\/#organization\",\"name\":\"Cand\\u00e1s 365\",\"description\":\"Cand\\u00e1s 365 es un diario digital independiente, fundado en 2012, con base en Asturias. Informamos con rigor sobre actualidad, sociedad, cultura y ocio, con una mirada local y global.\",\"url\":\"https:\\\/\\\/candas365.es\\\/noticias\\\/\",\"email\":\"info@candas365.es\",\"telephone\":\"+34652131393\",\"foundingDate\":\"2012-06-10\",\"logo\":{\"@type\":\"ImageObject\",\"url\":\"https:\\\/\\\/candas365.es\\\/noticias\\\/wp-content\\\/uploads\\\/2024\\\/09\\\/Candas-365-Redes.jpg\",\"@id\":\"https:\\\/\\\/candas365.es\\\/noticias\\\/programa-de-garantia-juvenil-joven-ocupate-2020-2021-en-carreno\\\/#organizationLogo\",\"width\":1152,\"height\":864,\"caption\":\"Cand\\u00e1s 365 Redes\"},\"image\":{\"@id\":\"https:\\\/\\\/candas365.es\\\/noticias\\\/programa-de-garantia-juvenil-joven-ocupate-2020-2021-en-carreno\\\/#organizationLogo\"},\"sameAs\":[\"https:\\\/\\\/www.facebook.com\\\/Nachofdezber\",\"https:\\\/\\\/x.com\\\/NabercoDigital\",\"https:\\\/\\\/www.instagram.com\\\/nachofdezber\\\/\",\"https:\\\/\\\/www.youtube.com\\\/channel\\\/UCZP-2wLEB9Rv6erhFmqVnvg\"],\"address\":{\"@id\":\"https:\\\/\\\/candas365.es\\\/noticias\\\/#postaladdress\",\"@type\":\"PostalAddress\",\"streetAddress\":\"san antonio 4, san antonio 4\",\"postalCode\":\"33430\",\"addressLocality\":\"Cand\\u00e1s\",\"addressRegion\":\"Asturias\",\"addressCountry\":\"ES\"}},{\"@type\":\"Person\",\"@id\":\"https:\\\/\\\/candas365.es\\\/noticias\\\/author\\\/admin\\\/#author\",\"url\":\"https:\\\/\\\/candas365.es\\\/noticias\\\/author\\\/admin\\\/\",\"name\":\"Cand\\u00e1s 365\",\"image\":{\"@type\":\"ImageObject\",\"@id\":\"https:\\\/\\\/candas365.es\\\/noticias\\\/programa-de-garantia-juvenil-joven-ocupate-2020-2021-en-carreno\\\/#authorImage\",\"url\":\"https:\\\/\\\/secure.gravatar.com\\\/avatar\\\/496a8e03d0c493ede1718b7934145dbdf8d89be1036b0eec9544e1094c9de390?s=96&d=mm&r=g\",\"width\":96,\"height\":96,\"caption\":\"Cand\\u00e1s 365\"},\"sameAs\":[\"https:\\\/\\\/www.facebook.com\\\/carrenoactualidad\",\"https:\\\/\\\/twitter.com\\\/nbasturias\",\"https:\\\/\\\/www.instagram.com\\\/nachofdezber\\\/\",\"https:\\\/\\\/www.youtube.com\\\/channel\\\/UCZP-2wLEB9Rv6erhFmqVnvg\"]},{\"@type\":\"WebPage\",\"@id\":\"https:\\\/\\\/candas365.es\\\/noticias\\\/programa-de-garantia-juvenil-joven-ocupate-2020-2021-en-carreno\\\/#webpage\",\"url\":\"https:\\\/\\\/candas365.es\\\/noticias\\\/programa-de-garantia-juvenil-joven-ocupate-2020-2021-en-carreno\\\/\",\"name\":\"Programa de Garant\\u00eda Juvenil \\u201cJoven Oc\\u00fapate\\u201d 2020-2021, en Carre\\u00f1o | Cand\\u00e1s 365\",\"description\":\"8 j\\u00f3venes ser\\u00e1n contratados por el Ayuntamiento de Carre\\u00f1o durante un per\\u00edodo de 9 meses mediante la modalidad de contrato para la formaci\\u00f3n y el aprendizaje. A trav\\u00e9s del cual participar\\u00e1n en un programa de formaci\\u00f3n en alternancia con el empleo en el que recibir\\u00e1n la formaci\\u00f3n espec\\u00edfica dirigida a la obtenci\\u00f3n del Certificado de\",\"inLanguage\":\"es-ES\",\"isPartOf\":{\"@id\":\"https:\\\/\\\/candas365.es\\\/noticias\\\/#website\"},\"breadcrumb\":{\"@id\":\"https:\\\/\\\/candas365.es\\\/noticias\\\/programa-de-garantia-juvenil-joven-ocupate-2020-2021-en-carreno\\\/#breadcrumblist\"},\"author\":{\"@id\":\"https:\\\/\\\/candas365.es\\\/noticias\\\/author\\\/admin\\\/#author\"},\"creator\":{\"@id\":\"https:\\\/\\\/candas365.es\\\/noticias\\\/author\\\/admin\\\/#author\"},\"image\":{\"@type\":\"ImageObject\",\"url\":\"https:\\\/\\\/candas365.es\\\/noticias\\\/wp-content\\\/uploads\\\/2015\\\/01\\\/ayuntamiento.jpg\",\"@id\":\"https:\\\/\\\/candas365.es\\\/noticias\\\/programa-de-garantia-juvenil-joven-ocupate-2020-2021-en-carreno\\\/#mainImage\",\"width\":800,\"height\":600,\"caption\":\"Carre\\u00f1o\"},\"primaryImageOfPage\":{\"@id\":\"https:\\\/\\\/candas365.es\\\/noticias\\\/programa-de-garantia-juvenil-joven-ocupate-2020-2021-en-carreno\\\/#mainImage\"},\"datePublished\":\"2020-10-05T13:06:56+02:00\",\"dateModified\":\"2020-10-11T13:09:31+02:00\"},{\"@type\":\"WebSite\",\"@id\":\"https:\\\/\\\/candas365.es\\\/noticias\\\/#website\",\"url\":\"https:\\\/\\\/candas365.es\\\/noticias\\\/\",\"name\":\"Cand\\u00e1s 365\",\"alternateName\":\"Cand\\u00e1s 365 Noticias\",\"description\":\"Actualidad desde Carre\\u00f1o para el mundo\",\"inLanguage\":\"es-ES\",\"publisher\":{\"@id\":\"https:\\\/\\\/candas365.es\\\/noticias\\\/#organization\"}}]}\n\t\t<\/script>\n\t\t<!-- All in One SEO Pro -->\r\n\t\t<title>Programa de Garant\u00eda Juvenil \u201cJoven Oc\u00fapate\u201d 2020-2021, en Carre\u00f1o | Cand\u00e1s 365<\/title>\n\n","aioseo_head_json":{"title":"Programa de Garant\u00eda Juvenil \u201cJoven Oc\u00fapate\u201d 2020-2021, en Carre\u00f1o | Cand\u00e1s 365","description":"8 j\u00f3venes ser\u00e1n contratados por el Ayuntamiento de Carre\u00f1o durante un per\u00edodo de 9 meses mediante la modalidad de contrato para la formaci\u00f3n y el aprendizaje. A trav\u00e9s del cual participar\u00e1n en un programa de formaci\u00f3n en alternancia con el empleo en el que recibir\u00e1n la formaci\u00f3n espec\u00edfica dirigida a la obtenci\u00f3n del Certificado de","canonical_url":"https:\/\/candas365.es\/noticias\/programa-de-garantia-juvenil-joven-ocupate-2020-2021-en-carreno\/","robots":"max-image-preview:large","keywords":"noticias carre\u00f1o","webmasterTools":{"google-site-verification":"UA-32230408-1","msvalidate.01":"354F3CDFB2DA171B47FBE9ABF1F88D5","miscellaneous":""},"schema":{"@context":"https:\/\/schema.org","@graph":[{"@type":"BreadcrumbList","@id":"https:\/\/candas365.es\/noticias\/programa-de-garantia-juvenil-joven-ocupate-2020-2021-en-carreno\/#breadcrumblist","itemListElement":[{"@type":"ListItem","@id":"https:\/\/candas365.es\/noticias#listItem","position":1,"name":"Home","item":"https:\/\/candas365.es\/noticias","nextItem":{"@type":"ListItem","@id":"https:\/\/candas365.es\/noticias\/category\/noticias-carreno\/#listItem","name":"Noticias Carre\u00f1o"}},{"@type":"ListItem","@id":"https:\/\/candas365.es\/noticias\/category\/noticias-carreno\/#listItem","position":2,"name":"Noticias Carre\u00f1o","item":"https:\/\/candas365.es\/noticias\/category\/noticias-carreno\/","nextItem":{"@type":"ListItem","@id":"https:\/\/candas365.es\/noticias\/programa-de-garantia-juvenil-joven-ocupate-2020-2021-en-carreno\/#listItem","name":"Programa de Garant\u00eda Juvenil \u201cJoven Oc\u00fapate\u201d 2020-2021, en Carre\u00f1o"},"previousItem":{"@type":"ListItem","@id":"https:\/\/candas365.es\/noticias#listItem","name":"Home"}},{"@type":"ListItem","@id":"https:\/\/candas365.es\/noticias\/programa-de-garantia-juvenil-joven-ocupate-2020-2021-en-carreno\/#listItem","position":3,"name":"Programa de Garant\u00eda Juvenil \u201cJoven Oc\u00fapate\u201d 2020-2021, en Carre\u00f1o","previousItem":{"@type":"ListItem","@id":"https:\/\/candas365.es\/noticias\/category\/noticias-carreno\/#listItem","name":"Noticias Carre\u00f1o"}}]},{"@type":"NewsArticle","@id":"https:\/\/candas365.es\/noticias\/programa-de-garantia-juvenil-joven-ocupate-2020-2021-en-carreno\/#newsarticle","name":"Programa de Garant\u00eda Juvenil \u201cJoven Oc\u00fapate\u201d 2020-2021, en Carre\u00f1o | Cand\u00e1s 365","headline":"Programa de Garant\u00eda Juvenil \u201cJoven Oc\u00fapate\u201d 2020-2021, en Carre\u00f1o","author":{"@id":"https:\/\/candas365.es\/noticias\/author\/admin\/#author"},"publisher":{"@id":"https:\/\/candas365.es\/noticias\/#organization"},"image":{"@type":"ImageObject","url":"https:\/\/candas365.es\/noticias\/wp-content\/uploads\/2015\/01\/ayuntamiento.jpg","width":800,"height":600,"caption":"Carre\u00f1o"},"datePublished":"2020-10-05T13:06:56+02:00","dateModified":"2020-10-11T13:09:31+02:00","inLanguage":"es-ES","mainEntityOfPage":{"@id":"https:\/\/candas365.es\/noticias\/programa-de-garantia-juvenil-joven-ocupate-2020-2021-en-carreno\/#webpage"},"isPartOf":{"@id":"https:\/\/candas365.es\/noticias\/programa-de-garantia-juvenil-joven-ocupate-2020-2021-en-carreno\/#webpage"},"articleSection":"Noticias Carre\u00f1o","dateline":"Publicado el octubre 5, 2020."},{"@type":"Organization","@id":"https:\/\/candas365.es\/noticias\/#organization","name":"Cand\u00e1s 365","description":"Cand\u00e1s 365 es un diario digital independiente, fundado en 2012, con base en Asturias. Informamos con rigor sobre actualidad, sociedad, cultura y ocio, con una mirada local y global.","url":"https:\/\/candas365.es\/noticias\/","email":"info@candas365.es","telephone":"+34652131393","foundingDate":"2012-06-10","logo":{"@type":"ImageObject","url":"https:\/\/candas365.es\/noticias\/wp-content\/uploads\/2024\/09\/Candas-365-Redes.jpg","@id":"https:\/\/candas365.es\/noticias\/programa-de-garantia-juvenil-joven-ocupate-2020-2021-en-carreno\/#organizationLogo","width":1152,"height":864,"caption":"Cand\u00e1s 365 Redes"},"image":{"@id":"https:\/\/candas365.es\/noticias\/programa-de-garantia-juvenil-joven-ocupate-2020-2021-en-carreno\/#organizationLogo"},"sameAs":["https:\/\/www.facebook.com\/Nachofdezber","https:\/\/x.com\/NabercoDigital","https:\/\/www.instagram.com\/nachofdezber\/","https:\/\/www.youtube.com\/channel\/UCZP-2wLEB9Rv6erhFmqVnvg"],"address":{"@id":"https:\/\/candas365.es\/noticias\/#postaladdress","@type":"PostalAddress","streetAddress":"san antonio 4, san antonio 4","postalCode":"33430","addressLocality":"Cand\u00e1s","addressRegion":"Asturias","addressCountry":"ES"}},{"@type":"Person","@id":"https:\/\/candas365.es\/noticias\/author\/admin\/#author","url":"https:\/\/candas365.es\/noticias\/author\/admin\/","name":"Cand\u00e1s 365","image":{"@type":"ImageObject","@id":"https:\/\/candas365.es\/noticias\/programa-de-garantia-juvenil-joven-ocupate-2020-2021-en-carreno\/#authorImage","url":"https:\/\/secure.gravatar.com\/avatar\/496a8e03d0c493ede1718b7934145dbdf8d89be1036b0eec9544e1094c9de390?s=96&d=mm&r=g","width":96,"height":96,"caption":"Cand\u00e1s 365"},"sameAs":["https:\/\/www.facebook.com\/carrenoactualidad","https:\/\/twitter.com\/nbasturias","https:\/\/www.instagram.com\/nachofdezber\/","https:\/\/www.youtube.com\/channel\/UCZP-2wLEB9Rv6erhFmqVnvg"]},{"@type":"WebPage","@id":"https:\/\/candas365.es\/noticias\/programa-de-garantia-juvenil-joven-ocupate-2020-2021-en-carreno\/#webpage","url":"https:\/\/candas365.es\/noticias\/programa-de-garantia-juvenil-joven-ocupate-2020-2021-en-carreno\/","name":"Programa de Garant\u00eda Juvenil \u201cJoven Oc\u00fapate\u201d 2020-2021, en Carre\u00f1o | Cand\u00e1s 365","description":"8 j\u00f3venes ser\u00e1n contratados por el Ayuntamiento de Carre\u00f1o durante un per\u00edodo de 9 meses mediante la modalidad de contrato para la formaci\u00f3n y el aprendizaje. A trav\u00e9s del cual participar\u00e1n en un programa de formaci\u00f3n en alternancia con el empleo en el que recibir\u00e1n la formaci\u00f3n espec\u00edfica dirigida a la obtenci\u00f3n del Certificado de","inLanguage":"es-ES","isPartOf":{"@id":"https:\/\/candas365.es\/noticias\/#website"},"breadcrumb":{"@id":"https:\/\/candas365.es\/noticias\/programa-de-garantia-juvenil-joven-ocupate-2020-2021-en-carreno\/#breadcrumblist"},"author":{"@id":"https:\/\/candas365.es\/noticias\/author\/admin\/#author"},"creator":{"@id":"https:\/\/candas365.es\/noticias\/author\/admin\/#author"},"image":{"@type":"ImageObject","url":"https:\/\/candas365.es\/noticias\/wp-content\/uploads\/2015\/01\/ayuntamiento.jpg","@id":"https:\/\/candas365.es\/noticias\/programa-de-garantia-juvenil-joven-ocupate-2020-2021-en-carreno\/#mainImage","width":800,"height":600,"caption":"Carre\u00f1o"},"primaryImageOfPage":{"@id":"https:\/\/candas365.es\/noticias\/programa-de-garantia-juvenil-joven-ocupate-2020-2021-en-carreno\/#mainImage"},"datePublished":"2020-10-05T13:06:56+02:00","dateModified":"2020-10-11T13:09:31+02:00"},{"@type":"WebSite","@id":"https:\/\/candas365.es\/noticias\/#website","url":"https:\/\/candas365.es\/noticias\/","name":"Cand\u00e1s 365","alternateName":"Cand\u00e1s 365 Noticias","description":"Actualidad desde Carre\u00f1o para el mundo","inLanguage":"es-ES","publisher":{"@id":"https:\/\/candas365.es\/noticias\/#organization"}}]},"og:locale":"es_ES","og:site_name":"Cand\u00e1s 365","og:type":"article","og:title":"Programa de Garant\u00eda Juvenil \u201cJoven Oc\u00fapate\u201d 2020-2021, en Carre\u00f1o | Cand\u00e1s 365","og:description":"8 j\u00f3venes ser\u00e1n contratados por el Ayuntamiento de Carre\u00f1o durante un per\u00edodo de 9 meses mediante la modalidad de contrato para la formaci\u00f3n y el aprendizaje. A trav\u00e9s del cual participar\u00e1n en un programa de formaci\u00f3n en alternancia con el empleo en el que recibir\u00e1n la formaci\u00f3n espec\u00edfica dirigida a la obtenci\u00f3n del Certificado de","og:url":"https:\/\/candas365.es\/noticias\/programa-de-garantia-juvenil-joven-ocupate-2020-2021-en-carreno\/","og:image":"https:\/\/candas365.es\/noticias\/wp-content\/uploads\/2015\/01\/ayuntamiento.jpg","og:image:secure_url":"https:\/\/candas365.es\/noticias\/wp-content\/uploads\/2015\/01\/ayuntamiento.jpg","og:image:width":800,"og:image:height":600,"article:published_time":"2020-10-05T13:06:56+00:00","article:modified_time":"2020-10-11T13:09:31+00:00","article:publisher":"https:\/\/www.facebook.com\/Nachofdezber","article:author":"https:\/\/www.facebook.com\/carrenoactualidad","twitter:card":"summary_large_image","twitter:site":"@NabercoDigital","twitter:title":"Programa de Garant\u00eda Juvenil \u201cJoven Oc\u00fapate\u201d 2020-2021, en Carre\u00f1o | Cand\u00e1s 365","twitter:description":"8 j\u00f3venes ser\u00e1n contratados por el Ayuntamiento de Carre\u00f1o durante un per\u00edodo de 9 meses mediante la modalidad de contrato para la formaci\u00f3n y el aprendizaje. A trav\u00e9s del cual participar\u00e1n en un programa de formaci\u00f3n en alternancia con el empleo en el que recibir\u00e1n la formaci\u00f3n espec\u00edfica dirigida a la obtenci\u00f3n del Certificado de","twitter:creator":"@nbasturias","twitter:image":"https:\/\/candas365.es\/noticias\/wp-content\/uploads\/2015\/01\/ayuntamiento.jpg","twitter:label1":"Escrito por","twitter:data1":"Cand\u00e1s 365","twitter:label2":"Tiempo de lectura estimado","twitter:data2":"3 minutos"},"aioseo_meta_data":{"post_id":"147561","title":null,"description":"","keywords":"","keyphrases":null,"primary_term":null,"canonical_url":"","og_title":null,"og_description":null,"og_object_type":"default","og_image_type":"default","og_image_url":null,"og_image_width":null,"og_image_height":null,"og_image_custom_url":null,"og_image_custom_fields":null,"og_video":null,"og_custom_url":null,"og_article_section":null,"og_article_tags":null,"twitter_use_og":false,"twitter_card":"default","twitter_image_type":"default","twitter_image_url":null,"twitter_image_custom_url":null,"twitter_image_custom_fields":null,"twitter_title":null,"twitter_description":null,"schema":{"blockGraphs":[],"customGraphs":[],"default":{"data":{"Article":[],"Course":[],"Dataset":[],"FAQPage":[],"Movie":[],"Person":[],"Product":[],"ProductReview":[],"Car":[],"Recipe":[],"Service":[],"SoftwareApplication":[],"WebPage":[]},"graphName":"","isEnabled":true},"graphs":[],"defaultGraph":"","defaultPostTypeGraph":""},"schema_type":null,"schema_type_options":null,"pillar_content":false,"robots_default":true,"robots_noindex":false,"robots_noarchive":false,"robots_nosnippet":false,"robots_nofollow":false,"robots_noimageindex":false,"robots_noodp":false,"robots_notranslate":false,"robots_max_snippet":null,"robots_max_videopreview":null,"robots_max_imagepreview":"large","priority":null,"frequency":null,"location":null,"local_seo":null,"seo_analyzer_scan_date":"2025-08-31 12:18:43","breadcrumb_settings":null,"limit_modified_date":false,"reviewed_by":null,"open_ai":null,"ai":null,"created":"2020-12-21 10:39:04","updated":"2025-08-31 12:18:43"},"aioseo_breadcrumb":"<div class=\"aioseo-breadcrumbs\"><span class=\"aioseo-breadcrumb\">\n\t<a href=\"https:\/\/candas365.es\/noticias\" title=\"Home\">Home<\/a>\n<\/span><span class=\"aioseo-breadcrumb-separator\">&ndash;<\/span><span class=\"aioseo-breadcrumb\">\n\t<a href=\"https:\/\/candas365.es\/noticias\/category\/noticias-carreno\/\" title=\"Noticias Carre\u00f1o\">Noticias Carre\u00f1o<\/a>\n<\/span><span class=\"aioseo-breadcrumb-separator\">&ndash;<\/span><span class=\"aioseo-breadcrumb\">\n\tPrograma de Garant\u00eda Juvenil \u201cJoven Oc\u00fapate\u201d 2020-2021, en Carre\u00f1o\n<\/span><\/div>","aioseo_breadcrumb_json":[{"label":"Home","link":"https:\/\/candas365.es\/noticias"},{"label":"Noticias Carre\u00f1o","link":"https:\/\/candas365.es\/noticias\/category\/noticias-carreno\/"},{"label":"Programa de Garant\u00eda Juvenil \u201cJoven Oc\u00fapate\u201d 2020-2021, en Carre\u00f1o","link":"https:\/\/candas365.es\/noticias\/programa-de-garantia-juvenil-joven-ocupate-2020-2021-en-carreno\/"}],"_links":{"self":[{"href":"https:\/\/candas365.es\/noticias\/wp-json\/wp\/v2\/posts\/147561","targetHints":{"allow":["GET"]}}],"collection":[{"href":"https:\/\/candas365.es\/noticias\/wp-json\/wp\/v2\/posts"}],"about":[{"href":"https:\/\/candas365.es\/noticias\/wp-json\/wp\/v2\/types\/post"}],"author":[{"embeddable":true,"href":"https:\/\/candas365.es\/noticias\/wp-json\/wp\/v2\/users\/1"}],"replies":[{"embeddable":true,"href":"https:\/\/candas365.es\/noticias\/wp-json\/wp\/v2\/comments?post=147561"}],"version-history":[{"count":0,"href":"https:\/\/candas365.es\/noticias\/wp-json\/wp\/v2\/posts\/147561\/revisions"}],"wp:featuredmedia":[{"embeddable":true,"href":"https:\/\/candas365.es\/noticias\/wp-json\/wp\/v2\/media\/6453"}],"wp:attachment":[{"href":"https:\/\/candas365.es\/noticias\/wp-json\/wp\/v2\/media?parent=147561"}],"wp:term":[{"taxonomy":"category","embeddable":true,"href":"https:\/\/candas365.es\/noticias\/wp-json\/wp\/v2\/categories?post=147561"},{"taxonomy":"post_tag","embeddable":true,"href":"https:\/\/candas365.es\/noticias\/wp-json\/wp\/v2\/tags?post=147561"}],"curies":[{"name":"wp","href":"https:\/\/api.w.org\/{rel}","templated":true}]}}