{"id":147559,"date":"2020-10-11T12:54:42","date_gmt":"2020-10-11T12:54:42","guid":{"rendered":"http:\/\/candas365.es\/noticias\/?p=147559"},"modified":"2020-10-11T12:54:42","modified_gmt":"2020-10-11T12:54:42","slug":"el-principado-realizara-trabajos-de-dragado-en-candas","status":"publish","type":"post","link":"https:\/\/candas365.es\/noticias\/el-principado-realizara-trabajos-de-dragado-en-candas\/","title":{"rendered":"El Principado realizar\u00e1 trabajos de dragado en Cand\u00e1s"},"content":{"rendered":"<p><img fetchpriority=\"high\" decoding=\"async\" class=\"alignleft size-medium wp-image-94663\" src=\"https:\/\/candas365.es\/noticias\/wp-content\/uploads\/2018\/04\/candas-360x223.jpg\" alt=\"\" width=\"360\" height=\"223\" srcset=\"https:\/\/candas365.es\/noticias\/wp-content\/uploads\/2018\/04\/candas-360x223.jpg 360w, https:\/\/candas365.es\/noticias\/wp-content\/uploads\/2018\/04\/candas-768x475.jpg 768w, https:\/\/candas365.es\/noticias\/wp-content\/uploads\/2018\/04\/candas-655x405.jpg 655w, https:\/\/candas365.es\/noticias\/wp-content\/uploads\/2018\/04\/candas-356x220.jpg 356w, https:\/\/candas365.es\/noticias\/wp-content\/uploads\/2018\/04\/candas-696x431.jpg 696w, https:\/\/candas365.es\/noticias\/wp-content\/uploads\/2018\/04\/candas-679x420.jpg 679w, https:\/\/candas365.es\/noticias\/wp-content\/uploads\/2018\/04\/candas.jpg 892w\" sizes=\"(max-width: 360px) 100vw, 360px\" \/>La Viceconsejer\u00eda de Infraestructuras, Movilidad y Territorio <strong>comenzar\u00e1 a extraer la pr\u00f3xima semana m\u00e1s de 5.000 m\u00b3 de sedimentos del puerto pesquero de Llanes<\/strong>. Estos trabajos permitir\u00e1n a las embarcaciones acceder a la d\u00e1rsena y permanecer en su interior de una manera m\u00e1s segura.<\/p>\n<p>La actuaci\u00f3n, a la que el <strong>Gobierno de Asturias destina 379.940 euros<\/strong>, cuenta con un plazo de ejecuci\u00f3n de cuatro meses, que tratar\u00e1 de acortarse al m\u00e1ximo para que las obras puedan culminarse antes de que concluya el a\u00f1o.<\/p>\n<p>Las labores de limpieza consistir\u00e1n en la extracci\u00f3n de la mezcla de arenas, fangos y ocle a una cota de tres metros de profundidad. Se combinar\u00e1 el uso de medios terrestres (retroexcavadoras) y marinos (draga). Con estos trabajos se complementa el dragado de m\u00e1s de 16.600 m\u00b3 de sedimentos del canal realizados por el Principado del 10 de marzo al 19 de junio, pese al estado de alarma por la pandemia, para facilitar la pesca profesional, considerada una actividad esencial durante el confinamiento.<\/p>\n<p>El programa auton\u00f3mico de dragado de este a\u00f1o ha permitido tambi\u00e9n el acondicionamiento de los puertos de Viav\u00e9lez (El Franco), en agosto, y El Puntal (Villaviciosa), iniciado el 9 de septiembre.<\/p>\n<p><strong>La Viceconsejer\u00eda de Infraestructuras culminar\u00e1 la temporada de dragados en Luarc<\/strong>a (Vald\u00e9s), donde se desplazar\u00e1 la embarcaci\u00f3n la segunda quincena de octubre, <strong>y en<\/strong> <strong>Cand\u00e1s<\/strong> (Carre\u00f1o), con una actuaci\u00f3n en las d\u00e1rsenas exterior e interior del puerto.<\/p>\n<p>El Gobierno de Asturias ha reforzado las acciones dirigidas a mejorar la seguridad en los puertos asturianos por medio de una partida que este a\u00f1o roza los 720.000 euros y se destinar\u00e1 \u00fanicamente a dragados; esta decisi\u00f3n avala el compromiso del Principado con el sector pesquero, ya que se ha adoptado a pesar de las dificultades administrativas, operativas y de plazos derivadas del estado de alarma.<\/p>\n<p>A estos contratos hay que sumar la limpieza que se realiza con la draga La Nalona, propiedad del Principado.<\/p>\n","protected":false},"excerpt":{"rendered":"<p>La Viceconsejer\u00eda de Infraestructuras, Movilidad y Territorio comenzar\u00e1 a extraer la pr\u00f3xima semana m\u00e1s de 5.000 m\u00b3 de sedimentos del puerto pesquero de Llanes. Estos trabajos permitir\u00e1n a las embarcaciones acceder a la d\u00e1rsena y permanecer en su interior de una manera m\u00e1s segura. La actuaci\u00f3n, a la que el Gobierno de Asturias destina 379.940<\/p>\n","protected":false},"author":1,"featured_media":30104,"comment_status":"closed","ping_status":"closed","sticky":false,"template":"","format":"standard","meta":{"footnotes":""},"categories":[2],"tags":[],"class_list":{"0":"post-147559","1":"post","2":"type-post","3":"status-publish","4":"format-standard","5":"has-post-thumbnail","7":"category-noticias-carreno"},"aioseo_notices":[],"aioseo_head":"\n\t\t<!-- All in One SEO Pro 4.9.6.2 - aioseo.com -->\n\t<meta name=\"description\" content=\"La Viceconsejer\u00eda de Infraestructuras, Movilidad y Territorio comenzar\u00e1 a extraer la pr\u00f3xima semana m\u00e1s de 5.000 m\u00b3 de sedimentos del puerto pesquero de Llanes. Estos trabajos permitir\u00e1n a las embarcaciones acceder a la d\u00e1rsena y permanecer en su interior de una manera m\u00e1s segura. La actuaci\u00f3n, a la que el Gobierno de Asturias destina 379.940\" \/>\n\t<meta name=\"robots\" content=\"max-image-preview:large\" \/>\n\t<meta name=\"author\" content=\"Cand\u00e1s 365\"\/>\n\t<meta name=\"google-site-verification\" content=\"UA-32230408-1\" \/>\n\t<meta name=\"msvalidate.01\" content=\"354F3CDFB2DA171B47FBE9ABF1F88D5\" \/>\n\t<meta name=\"keywords\" content=\"noticias carre\u00f1o\" \/>\n\t<link rel=\"canonical\" href=\"https:\/\/candas365.es\/noticias\/el-principado-realizara-trabajos-de-dragado-en-candas\/\" \/>\n\t<meta name=\"generator\" content=\"All in One SEO Pro (AIOSEO) 4.9.6.2\" \/>\n\t\t<meta property=\"og:locale\" content=\"es_ES\" \/>\n\t\t<meta property=\"og:site_name\" content=\"Cand\u00e1s 365\" \/>\n\t\t<meta property=\"og:type\" content=\"article\" \/>\n\t\t<meta property=\"og:title\" content=\"El Principado realizar\u00e1 trabajos de dragado en Cand\u00e1s | Cand\u00e1s 365\" \/>\n\t\t<meta property=\"og:description\" content=\"La Viceconsejer\u00eda de Infraestructuras, Movilidad y Territorio comenzar\u00e1 a extraer la pr\u00f3xima semana m\u00e1s de 5.000 m\u00b3 de sedimentos del puerto pesquero de Llanes. Estos trabajos permitir\u00e1n a las embarcaciones acceder a la d\u00e1rsena y permanecer en su interior de una manera m\u00e1s segura. La actuaci\u00f3n, a la que el Gobierno de Asturias destina 379.940\" \/>\n\t\t<meta property=\"og:url\" content=\"https:\/\/candas365.es\/noticias\/el-principado-realizara-trabajos-de-dragado-en-candas\/\" \/>\n\t\t<meta property=\"og:image\" content=\"https:\/\/candas365.es\/noticias\/wp-content\/uploads\/2016\/06\/puerto-de-cand\u00e1s.jpg\" \/>\n\t\t<meta property=\"og:image:secure_url\" content=\"https:\/\/candas365.es\/noticias\/wp-content\/uploads\/2016\/06\/puerto-de-cand\u00e1s.jpg\" \/>\n\t\t<meta property=\"og:image:width\" content=\"911\" \/>\n\t\t<meta property=\"og:image:height\" content=\"479\" \/>\n\t\t<meta property=\"article:published_time\" content=\"2020-10-11T12:54:42+00:00\" \/>\n\t\t<meta property=\"article:modified_time\" content=\"2020-10-11T12:54:42+00:00\" \/>\n\t\t<meta property=\"article:publisher\" content=\"https:\/\/www.facebook.com\/Nachofdezber\" \/>\n\t\t<meta property=\"article:author\" content=\"https:\/\/www.facebook.com\/carrenoactualidad\" \/>\n\t\t<meta name=\"twitter:card\" content=\"summary_large_image\" \/>\n\t\t<meta name=\"twitter:site\" content=\"@NabercoDigital\" \/>\n\t\t<meta name=\"twitter:title\" content=\"El Principado realizar\u00e1 trabajos de dragado en Cand\u00e1s | Cand\u00e1s 365\" \/>\n\t\t<meta name=\"twitter:description\" content=\"La Viceconsejer\u00eda de Infraestructuras, Movilidad y Territorio comenzar\u00e1 a extraer la pr\u00f3xima semana m\u00e1s de 5.000 m\u00b3 de sedimentos del puerto pesquero de Llanes. Estos trabajos permitir\u00e1n a las embarcaciones acceder a la d\u00e1rsena y permanecer en su interior de una manera m\u00e1s segura. La actuaci\u00f3n, a la que el Gobierno de Asturias destina 379.940\" \/>\n\t\t<meta name=\"twitter:creator\" content=\"@nbasturias\" \/>\n\t\t<meta name=\"twitter:image\" content=\"https:\/\/candas365.es\/noticias\/wp-content\/uploads\/2016\/06\/puerto-de-cand\u00e1s.jpg\" \/>\n\t\t<meta name=\"twitter:label1\" content=\"Escrito por\" \/>\n\t\t<meta name=\"twitter:data1\" content=\"Cand\u00e1s 365\" \/>\n\t\t<meta name=\"twitter:label2\" content=\"Tiempo de lectura estimado\" \/>\n\t\t<meta name=\"twitter:data2\" content=\"2 minutos\" \/>\n\t\t<script type=\"application\/ld+json\" class=\"aioseo-schema\">\n\t\t\t{\"@context\":\"https:\\\/\\\/schema.org\",\"@graph\":[{\"@type\":\"BreadcrumbList\",\"@id\":\"https:\\\/\\\/candas365.es\\\/noticias\\\/el-principado-realizara-trabajos-de-dragado-en-candas\\\/#breadcrumblist\",\"itemListElement\":[{\"@type\":\"ListItem\",\"@id\":\"https:\\\/\\\/candas365.es\\\/noticias#listItem\",\"position\":1,\"name\":\"Home\",\"item\":\"https:\\\/\\\/candas365.es\\\/noticias\",\"nextItem\":{\"@type\":\"ListItem\",\"@id\":\"https:\\\/\\\/candas365.es\\\/noticias\\\/category\\\/noticias-carreno\\\/#listItem\",\"name\":\"Noticias Carre\\u00f1o\"}},{\"@type\":\"ListItem\",\"@id\":\"https:\\\/\\\/candas365.es\\\/noticias\\\/category\\\/noticias-carreno\\\/#listItem\",\"position\":2,\"name\":\"Noticias Carre\\u00f1o\",\"item\":\"https:\\\/\\\/candas365.es\\\/noticias\\\/category\\\/noticias-carreno\\\/\",\"nextItem\":{\"@type\":\"ListItem\",\"@id\":\"https:\\\/\\\/candas365.es\\\/noticias\\\/el-principado-realizara-trabajos-de-dragado-en-candas\\\/#listItem\",\"name\":\"El Principado realizar\\u00e1 trabajos de dragado en Cand\\u00e1s\"},\"previousItem\":{\"@type\":\"ListItem\",\"@id\":\"https:\\\/\\\/candas365.es\\\/noticias#listItem\",\"name\":\"Home\"}},{\"@type\":\"ListItem\",\"@id\":\"https:\\\/\\\/candas365.es\\\/noticias\\\/el-principado-realizara-trabajos-de-dragado-en-candas\\\/#listItem\",\"position\":3,\"name\":\"El Principado realizar\\u00e1 trabajos de dragado en Cand\\u00e1s\",\"previousItem\":{\"@type\":\"ListItem\",\"@id\":\"https:\\\/\\\/candas365.es\\\/noticias\\\/category\\\/noticias-carreno\\\/#listItem\",\"name\":\"Noticias Carre\\u00f1o\"}}]},{\"@type\":\"NewsArticle\",\"@id\":\"https:\\\/\\\/candas365.es\\\/noticias\\\/el-principado-realizara-trabajos-de-dragado-en-candas\\\/#newsarticle\",\"name\":\"El Principado realizar\\u00e1 trabajos de dragado en Cand\\u00e1s | Cand\\u00e1s 365\",\"headline\":\"El Principado realizar\\u00e1 trabajos de dragado en Cand\\u00e1s\",\"author\":{\"@id\":\"https:\\\/\\\/candas365.es\\\/noticias\\\/author\\\/admin\\\/#author\"},\"publisher\":{\"@id\":\"https:\\\/\\\/candas365.es\\\/noticias\\\/#organization\"},\"image\":{\"@type\":\"ImageObject\",\"url\":\"https:\\\/\\\/candas365.es\\\/noticias\\\/wp-content\\\/uploads\\\/2016\\\/06\\\/puerto-de-cand\\u00e1s.jpg\",\"width\":911,\"height\":479},\"datePublished\":\"2020-10-11T12:54:42+02:00\",\"dateModified\":\"2020-10-11T12:54:42+02:00\",\"inLanguage\":\"es-ES\",\"mainEntityOfPage\":{\"@id\":\"https:\\\/\\\/candas365.es\\\/noticias\\\/el-principado-realizara-trabajos-de-dragado-en-candas\\\/#webpage\"},\"isPartOf\":{\"@id\":\"https:\\\/\\\/candas365.es\\\/noticias\\\/el-principado-realizara-trabajos-de-dragado-en-candas\\\/#webpage\"},\"articleSection\":\"Noticias Carre\\u00f1o\",\"dateline\":\"Publicado el octubre 11, 2020.\"},{\"@type\":\"Organization\",\"@id\":\"https:\\\/\\\/candas365.es\\\/noticias\\\/#organization\",\"name\":\"Cand\\u00e1s 365\",\"description\":\"Cand\\u00e1s 365 es un diario digital independiente, fundado en 2012, con base en Asturias. Informamos con rigor sobre actualidad, sociedad, cultura y ocio, con una mirada local y global.\",\"url\":\"https:\\\/\\\/candas365.es\\\/noticias\\\/\",\"email\":\"info@candas365.es\",\"telephone\":\"+34652131393\",\"foundingDate\":\"2012-06-10\",\"logo\":{\"@type\":\"ImageObject\",\"url\":\"https:\\\/\\\/candas365.es\\\/noticias\\\/wp-content\\\/uploads\\\/2024\\\/09\\\/Candas-365-Redes.jpg\",\"@id\":\"https:\\\/\\\/candas365.es\\\/noticias\\\/el-principado-realizara-trabajos-de-dragado-en-candas\\\/#organizationLogo\",\"width\":1152,\"height\":864,\"caption\":\"Cand\\u00e1s 365 Redes\"},\"image\":{\"@id\":\"https:\\\/\\\/candas365.es\\\/noticias\\\/el-principado-realizara-trabajos-de-dragado-en-candas\\\/#organizationLogo\"},\"sameAs\":[\"https:\\\/\\\/www.facebook.com\\\/Nachofdezber\",\"https:\\\/\\\/x.com\\\/NabercoDigital\",\"https:\\\/\\\/www.instagram.com\\\/nachofdezber\\\/\",\"https:\\\/\\\/www.youtube.com\\\/channel\\\/UCZP-2wLEB9Rv6erhFmqVnvg\"],\"address\":{\"@id\":\"https:\\\/\\\/candas365.es\\\/noticias\\\/#postaladdress\",\"@type\":\"PostalAddress\",\"streetAddress\":\"san antonio 4, san antonio 4\",\"postalCode\":\"33430\",\"addressLocality\":\"Cand\\u00e1s\",\"addressRegion\":\"Asturias\",\"addressCountry\":\"ES\"}},{\"@type\":\"Person\",\"@id\":\"https:\\\/\\\/candas365.es\\\/noticias\\\/author\\\/admin\\\/#author\",\"url\":\"https:\\\/\\\/candas365.es\\\/noticias\\\/author\\\/admin\\\/\",\"name\":\"Cand\\u00e1s 365\",\"image\":{\"@type\":\"ImageObject\",\"@id\":\"https:\\\/\\\/candas365.es\\\/noticias\\\/el-principado-realizara-trabajos-de-dragado-en-candas\\\/#authorImage\",\"url\":\"https:\\\/\\\/secure.gravatar.com\\\/avatar\\\/496a8e03d0c493ede1718b7934145dbdf8d89be1036b0eec9544e1094c9de390?s=96&d=mm&r=g\",\"width\":96,\"height\":96,\"caption\":\"Cand\\u00e1s 365\"},\"sameAs\":[\"https:\\\/\\\/www.facebook.com\\\/carrenoactualidad\",\"https:\\\/\\\/twitter.com\\\/nbasturias\",\"https:\\\/\\\/www.instagram.com\\\/nachofdezber\\\/\",\"https:\\\/\\\/www.youtube.com\\\/channel\\\/UCZP-2wLEB9Rv6erhFmqVnvg\"]},{\"@type\":\"WebPage\",\"@id\":\"https:\\\/\\\/candas365.es\\\/noticias\\\/el-principado-realizara-trabajos-de-dragado-en-candas\\\/#webpage\",\"url\":\"https:\\\/\\\/candas365.es\\\/noticias\\\/el-principado-realizara-trabajos-de-dragado-en-candas\\\/\",\"name\":\"El Principado realizar\\u00e1 trabajos de dragado en Cand\\u00e1s | Cand\\u00e1s 365\",\"description\":\"La Viceconsejer\\u00eda de Infraestructuras, Movilidad y Territorio comenzar\\u00e1 a extraer la pr\\u00f3xima semana m\\u00e1s de 5.000 m\\u00b3 de sedimentos del puerto pesquero de Llanes. Estos trabajos permitir\\u00e1n a las embarcaciones acceder a la d\\u00e1rsena y permanecer en su interior de una manera m\\u00e1s segura. La actuaci\\u00f3n, a la que el Gobierno de Asturias destina 379.940\",\"inLanguage\":\"es-ES\",\"isPartOf\":{\"@id\":\"https:\\\/\\\/candas365.es\\\/noticias\\\/#website\"},\"breadcrumb\":{\"@id\":\"https:\\\/\\\/candas365.es\\\/noticias\\\/el-principado-realizara-trabajos-de-dragado-en-candas\\\/#breadcrumblist\"},\"author\":{\"@id\":\"https:\\\/\\\/candas365.es\\\/noticias\\\/author\\\/admin\\\/#author\"},\"creator\":{\"@id\":\"https:\\\/\\\/candas365.es\\\/noticias\\\/author\\\/admin\\\/#author\"},\"image\":{\"@type\":\"ImageObject\",\"url\":\"https:\\\/\\\/candas365.es\\\/noticias\\\/wp-content\\\/uploads\\\/2016\\\/06\\\/puerto-de-cand\\u00e1s.jpg\",\"@id\":\"https:\\\/\\\/candas365.es\\\/noticias\\\/el-principado-realizara-trabajos-de-dragado-en-candas\\\/#mainImage\",\"width\":911,\"height\":479},\"primaryImageOfPage\":{\"@id\":\"https:\\\/\\\/candas365.es\\\/noticias\\\/el-principado-realizara-trabajos-de-dragado-en-candas\\\/#mainImage\"},\"datePublished\":\"2020-10-11T12:54:42+02:00\",\"dateModified\":\"2020-10-11T12:54:42+02:00\"},{\"@type\":\"WebSite\",\"@id\":\"https:\\\/\\\/candas365.es\\\/noticias\\\/#website\",\"url\":\"https:\\\/\\\/candas365.es\\\/noticias\\\/\",\"name\":\"Cand\\u00e1s 365\",\"alternateName\":\"Cand\\u00e1s 365 Noticias\",\"description\":\"Actualidad desde Carre\\u00f1o para el mundo\",\"inLanguage\":\"es-ES\",\"publisher\":{\"@id\":\"https:\\\/\\\/candas365.es\\\/noticias\\\/#organization\"}}]}\n\t\t<\/script>\n\t\t<!-- All in One SEO Pro -->\r\n\t\t<title>El Principado realizar\u00e1 trabajos de dragado en Cand\u00e1s | Cand\u00e1s 365<\/title>\n\n","aioseo_head_json":{"title":"El Principado realizar\u00e1 trabajos de dragado en Cand\u00e1s | Cand\u00e1s 365","description":"La Viceconsejer\u00eda de Infraestructuras, Movilidad y Territorio comenzar\u00e1 a extraer la pr\u00f3xima semana m\u00e1s de 5.000 m\u00b3 de sedimentos del puerto pesquero de Llanes. Estos trabajos permitir\u00e1n a las embarcaciones acceder a la d\u00e1rsena y permanecer en su interior de una manera m\u00e1s segura. La actuaci\u00f3n, a la que el Gobierno de Asturias destina 379.940","canonical_url":"https:\/\/candas365.es\/noticias\/el-principado-realizara-trabajos-de-dragado-en-candas\/","robots":"max-image-preview:large","keywords":"noticias carre\u00f1o","webmasterTools":{"google-site-verification":"UA-32230408-1","msvalidate.01":"354F3CDFB2DA171B47FBE9ABF1F88D5","miscellaneous":""},"schema":{"@context":"https:\/\/schema.org","@graph":[{"@type":"BreadcrumbList","@id":"https:\/\/candas365.es\/noticias\/el-principado-realizara-trabajos-de-dragado-en-candas\/#breadcrumblist","itemListElement":[{"@type":"ListItem","@id":"https:\/\/candas365.es\/noticias#listItem","position":1,"name":"Home","item":"https:\/\/candas365.es\/noticias","nextItem":{"@type":"ListItem","@id":"https:\/\/candas365.es\/noticias\/category\/noticias-carreno\/#listItem","name":"Noticias Carre\u00f1o"}},{"@type":"ListItem","@id":"https:\/\/candas365.es\/noticias\/category\/noticias-carreno\/#listItem","position":2,"name":"Noticias Carre\u00f1o","item":"https:\/\/candas365.es\/noticias\/category\/noticias-carreno\/","nextItem":{"@type":"ListItem","@id":"https:\/\/candas365.es\/noticias\/el-principado-realizara-trabajos-de-dragado-en-candas\/#listItem","name":"El Principado realizar\u00e1 trabajos de dragado en Cand\u00e1s"},"previousItem":{"@type":"ListItem","@id":"https:\/\/candas365.es\/noticias#listItem","name":"Home"}},{"@type":"ListItem","@id":"https:\/\/candas365.es\/noticias\/el-principado-realizara-trabajos-de-dragado-en-candas\/#listItem","position":3,"name":"El Principado realizar\u00e1 trabajos de dragado en Cand\u00e1s","previousItem":{"@type":"ListItem","@id":"https:\/\/candas365.es\/noticias\/category\/noticias-carreno\/#listItem","name":"Noticias Carre\u00f1o"}}]},{"@type":"NewsArticle","@id":"https:\/\/candas365.es\/noticias\/el-principado-realizara-trabajos-de-dragado-en-candas\/#newsarticle","name":"El Principado realizar\u00e1 trabajos de dragado en Cand\u00e1s | Cand\u00e1s 365","headline":"El Principado realizar\u00e1 trabajos de dragado en Cand\u00e1s","author":{"@id":"https:\/\/candas365.es\/noticias\/author\/admin\/#author"},"publisher":{"@id":"https:\/\/candas365.es\/noticias\/#organization"},"image":{"@type":"ImageObject","url":"https:\/\/candas365.es\/noticias\/wp-content\/uploads\/2016\/06\/puerto-de-cand\u00e1s.jpg","width":911,"height":479},"datePublished":"2020-10-11T12:54:42+02:00","dateModified":"2020-10-11T12:54:42+02:00","inLanguage":"es-ES","mainEntityOfPage":{"@id":"https:\/\/candas365.es\/noticias\/el-principado-realizara-trabajos-de-dragado-en-candas\/#webpage"},"isPartOf":{"@id":"https:\/\/candas365.es\/noticias\/el-principado-realizara-trabajos-de-dragado-en-candas\/#webpage"},"articleSection":"Noticias Carre\u00f1o","dateline":"Publicado el octubre 11, 2020."},{"@type":"Organization","@id":"https:\/\/candas365.es\/noticias\/#organization","name":"Cand\u00e1s 365","description":"Cand\u00e1s 365 es un diario digital independiente, fundado en 2012, con base en Asturias. Informamos con rigor sobre actualidad, sociedad, cultura y ocio, con una mirada local y global.","url":"https:\/\/candas365.es\/noticias\/","email":"info@candas365.es","telephone":"+34652131393","foundingDate":"2012-06-10","logo":{"@type":"ImageObject","url":"https:\/\/candas365.es\/noticias\/wp-content\/uploads\/2024\/09\/Candas-365-Redes.jpg","@id":"https:\/\/candas365.es\/noticias\/el-principado-realizara-trabajos-de-dragado-en-candas\/#organizationLogo","width":1152,"height":864,"caption":"Cand\u00e1s 365 Redes"},"image":{"@id":"https:\/\/candas365.es\/noticias\/el-principado-realizara-trabajos-de-dragado-en-candas\/#organizationLogo"},"sameAs":["https:\/\/www.facebook.com\/Nachofdezber","https:\/\/x.com\/NabercoDigital","https:\/\/www.instagram.com\/nachofdezber\/","https:\/\/www.youtube.com\/channel\/UCZP-2wLEB9Rv6erhFmqVnvg"],"address":{"@id":"https:\/\/candas365.es\/noticias\/#postaladdress","@type":"PostalAddress","streetAddress":"san antonio 4, san antonio 4","postalCode":"33430","addressLocality":"Cand\u00e1s","addressRegion":"Asturias","addressCountry":"ES"}},{"@type":"Person","@id":"https:\/\/candas365.es\/noticias\/author\/admin\/#author","url":"https:\/\/candas365.es\/noticias\/author\/admin\/","name":"Cand\u00e1s 365","image":{"@type":"ImageObject","@id":"https:\/\/candas365.es\/noticias\/el-principado-realizara-trabajos-de-dragado-en-candas\/#authorImage","url":"https:\/\/secure.gravatar.com\/avatar\/496a8e03d0c493ede1718b7934145dbdf8d89be1036b0eec9544e1094c9de390?s=96&d=mm&r=g","width":96,"height":96,"caption":"Cand\u00e1s 365"},"sameAs":["https:\/\/www.facebook.com\/carrenoactualidad","https:\/\/twitter.com\/nbasturias","https:\/\/www.instagram.com\/nachofdezber\/","https:\/\/www.youtube.com\/channel\/UCZP-2wLEB9Rv6erhFmqVnvg"]},{"@type":"WebPage","@id":"https:\/\/candas365.es\/noticias\/el-principado-realizara-trabajos-de-dragado-en-candas\/#webpage","url":"https:\/\/candas365.es\/noticias\/el-principado-realizara-trabajos-de-dragado-en-candas\/","name":"El Principado realizar\u00e1 trabajos de dragado en Cand\u00e1s | Cand\u00e1s 365","description":"La Viceconsejer\u00eda de Infraestructuras, Movilidad y Territorio comenzar\u00e1 a extraer la pr\u00f3xima semana m\u00e1s de 5.000 m\u00b3 de sedimentos del puerto pesquero de Llanes. Estos trabajos permitir\u00e1n a las embarcaciones acceder a la d\u00e1rsena y permanecer en su interior de una manera m\u00e1s segura. La actuaci\u00f3n, a la que el Gobierno de Asturias destina 379.940","inLanguage":"es-ES","isPartOf":{"@id":"https:\/\/candas365.es\/noticias\/#website"},"breadcrumb":{"@id":"https:\/\/candas365.es\/noticias\/el-principado-realizara-trabajos-de-dragado-en-candas\/#breadcrumblist"},"author":{"@id":"https:\/\/candas365.es\/noticias\/author\/admin\/#author"},"creator":{"@id":"https:\/\/candas365.es\/noticias\/author\/admin\/#author"},"image":{"@type":"ImageObject","url":"https:\/\/candas365.es\/noticias\/wp-content\/uploads\/2016\/06\/puerto-de-cand\u00e1s.jpg","@id":"https:\/\/candas365.es\/noticias\/el-principado-realizara-trabajos-de-dragado-en-candas\/#mainImage","width":911,"height":479},"primaryImageOfPage":{"@id":"https:\/\/candas365.es\/noticias\/el-principado-realizara-trabajos-de-dragado-en-candas\/#mainImage"},"datePublished":"2020-10-11T12:54:42+02:00","dateModified":"2020-10-11T12:54:42+02:00"},{"@type":"WebSite","@id":"https:\/\/candas365.es\/noticias\/#website","url":"https:\/\/candas365.es\/noticias\/","name":"Cand\u00e1s 365","alternateName":"Cand\u00e1s 365 Noticias","description":"Actualidad desde Carre\u00f1o para el mundo","inLanguage":"es-ES","publisher":{"@id":"https:\/\/candas365.es\/noticias\/#organization"}}]},"og:locale":"es_ES","og:site_name":"Cand\u00e1s 365","og:type":"article","og:title":"El Principado realizar\u00e1 trabajos de dragado en Cand\u00e1s | Cand\u00e1s 365","og:description":"La Viceconsejer\u00eda de Infraestructuras, Movilidad y Territorio comenzar\u00e1 a extraer la pr\u00f3xima semana m\u00e1s de 5.000 m\u00b3 de sedimentos del puerto pesquero de Llanes. Estos trabajos permitir\u00e1n a las embarcaciones acceder a la d\u00e1rsena y permanecer en su interior de una manera m\u00e1s segura. La actuaci\u00f3n, a la que el Gobierno de Asturias destina 379.940","og:url":"https:\/\/candas365.es\/noticias\/el-principado-realizara-trabajos-de-dragado-en-candas\/","og:image":"https:\/\/candas365.es\/noticias\/wp-content\/uploads\/2016\/06\/puerto-de-cand\u00e1s.jpg","og:image:secure_url":"https:\/\/candas365.es\/noticias\/wp-content\/uploads\/2016\/06\/puerto-de-cand\u00e1s.jpg","og:image:width":911,"og:image:height":479,"article:published_time":"2020-10-11T12:54:42+00:00","article:modified_time":"2020-10-11T12:54:42+00:00","article:publisher":"https:\/\/www.facebook.com\/Nachofdezber","article:author":"https:\/\/www.facebook.com\/carrenoactualidad","twitter:card":"summary_large_image","twitter:site":"@NabercoDigital","twitter:title":"El Principado realizar\u00e1 trabajos de dragado en Cand\u00e1s | Cand\u00e1s 365","twitter:description":"La Viceconsejer\u00eda de Infraestructuras, Movilidad y Territorio comenzar\u00e1 a extraer la pr\u00f3xima semana m\u00e1s de 5.000 m\u00b3 de sedimentos del puerto pesquero de Llanes. Estos trabajos permitir\u00e1n a las embarcaciones acceder a la d\u00e1rsena y permanecer en su interior de una manera m\u00e1s segura. La actuaci\u00f3n, a la que el Gobierno de Asturias destina 379.940","twitter:creator":"@nbasturias","twitter:image":"https:\/\/candas365.es\/noticias\/wp-content\/uploads\/2016\/06\/puerto-de-cand\u00e1s.jpg","twitter:label1":"Escrito por","twitter:data1":"Cand\u00e1s 365","twitter:label2":"Tiempo de lectura estimado","twitter:data2":"2 minutos"},"aioseo_meta_data":{"post_id":"147559","title":null,"description":"","keywords":"","keyphrases":null,"primary_term":null,"canonical_url":"","og_title":null,"og_description":null,"og_object_type":"default","og_image_type":"default","og_image_url":null,"og_image_width":null,"og_image_height":null,"og_image_custom_url":null,"og_image_custom_fields":null,"og_video":null,"og_custom_url":null,"og_article_section":null,"og_article_tags":null,"twitter_use_og":false,"twitter_card":"default","twitter_image_type":"default","twitter_image_url":null,"twitter_image_custom_url":null,"twitter_image_custom_fields":null,"twitter_title":null,"twitter_description":null,"schema":{"blockGraphs":[],"customGraphs":[],"default":{"data":{"Article":[],"Course":[],"Dataset":[],"FAQPage":[],"Movie":[],"Person":[],"Product":[],"ProductReview":[],"Car":[],"Recipe":[],"Service":[],"SoftwareApplication":[],"WebPage":[]},"graphName":"","isEnabled":true},"graphs":[],"defaultGraph":"","defaultPostTypeGraph":""},"schema_type":null,"schema_type_options":null,"pillar_content":false,"robots_default":true,"robots_noindex":false,"robots_noarchive":false,"robots_nosnippet":false,"robots_nofollow":false,"robots_noimageindex":false,"robots_noodp":false,"robots_notranslate":false,"robots_max_snippet":null,"robots_max_videopreview":null,"robots_max_imagepreview":"large","priority":null,"frequency":null,"location":null,"local_seo":null,"seo_analyzer_scan_date":"2025-08-31 12:22:22","breadcrumb_settings":null,"limit_modified_date":false,"reviewed_by":null,"open_ai":null,"ai":null,"created":"2020-12-21 10:39:04","updated":"2025-08-31 12:22:22"},"aioseo_breadcrumb":"<div class=\"aioseo-breadcrumbs\"><span class=\"aioseo-breadcrumb\">\n\t<a href=\"https:\/\/candas365.es\/noticias\" title=\"Home\">Home<\/a>\n<\/span><span class=\"aioseo-breadcrumb-separator\">&ndash;<\/span><span class=\"aioseo-breadcrumb\">\n\t<a href=\"https:\/\/candas365.es\/noticias\/category\/noticias-carreno\/\" title=\"Noticias Carre\u00f1o\">Noticias Carre\u00f1o<\/a>\n<\/span><span class=\"aioseo-breadcrumb-separator\">&ndash;<\/span><span class=\"aioseo-breadcrumb\">\n\tEl Principado realizar\u00e1 trabajos de dragado en Cand\u00e1s\n<\/span><\/div>","aioseo_breadcrumb_json":[{"label":"Home","link":"https:\/\/candas365.es\/noticias"},{"label":"Noticias Carre\u00f1o","link":"https:\/\/candas365.es\/noticias\/category\/noticias-carreno\/"},{"label":"El Principado realizar\u00e1 trabajos de dragado en Cand\u00e1s","link":"https:\/\/candas365.es\/noticias\/el-principado-realizara-trabajos-de-dragado-en-candas\/"}],"_links":{"self":[{"href":"https:\/\/candas365.es\/noticias\/wp-json\/wp\/v2\/posts\/147559","targetHints":{"allow":["GET"]}}],"collection":[{"href":"https:\/\/candas365.es\/noticias\/wp-json\/wp\/v2\/posts"}],"about":[{"href":"https:\/\/candas365.es\/noticias\/wp-json\/wp\/v2\/types\/post"}],"author":[{"embeddable":true,"href":"https:\/\/candas365.es\/noticias\/wp-json\/wp\/v2\/users\/1"}],"replies":[{"embeddable":true,"href":"https:\/\/candas365.es\/noticias\/wp-json\/wp\/v2\/comments?post=147559"}],"version-history":[{"count":0,"href":"https:\/\/candas365.es\/noticias\/wp-json\/wp\/v2\/posts\/147559\/revisions"}],"wp:featuredmedia":[{"embeddable":true,"href":"https:\/\/candas365.es\/noticias\/wp-json\/wp\/v2\/media\/30104"}],"wp:attachment":[{"href":"https:\/\/candas365.es\/noticias\/wp-json\/wp\/v2\/media?parent=147559"}],"wp:term":[{"taxonomy":"category","embeddable":true,"href":"https:\/\/candas365.es\/noticias\/wp-json\/wp\/v2\/categories?post=147559"},{"taxonomy":"post_tag","embeddable":true,"href":"https:\/\/candas365.es\/noticias\/wp-json\/wp\/v2\/tags?post=147559"}],"curies":[{"name":"wp","href":"https:\/\/api.w.org\/{rel}","templated":true}]}}