{"id":147437,"date":"2020-10-03T16:55:43","date_gmt":"2020-10-03T16:55:43","guid":{"rendered":"http:\/\/candas365.es\/noticias\/?p=147437"},"modified":"2020-10-03T16:55:43","modified_gmt":"2020-10-03T16:55:43","slug":"hoy-sabado-en-la-1-la-pr1mera-pregunta","status":"publish","type":"post","link":"https:\/\/candas365.es\/noticias\/hoy-sabado-en-la-1-la-pr1mera-pregunta\/","title":{"rendered":"Hoy s\u00e1bado en La 1: \u00abLa Pr1mera Pregunta\u00bb"},"content":{"rendered":"<p><strong><img fetchpriority=\"high\" decoding=\"async\" class=\"alignleft size-medium wp-image-147438\" src=\"https:\/\/candas365.es\/noticias\/wp-content\/uploads\/2020\/10\/Tele-0310202005-360x203.jpg\" alt=\"\" width=\"360\" height=\"203\" srcset=\"https:\/\/candas365.es\/noticias\/wp-content\/uploads\/2020\/10\/Tele-0310202005-360x203.jpg 360w, https:\/\/candas365.es\/noticias\/wp-content\/uploads\/2020\/10\/Tele-0310202005-650x366.jpg 650w, https:\/\/candas365.es\/noticias\/wp-content\/uploads\/2020\/10\/Tele-0310202005-768x432.jpg 768w, https:\/\/candas365.es\/noticias\/wp-content\/uploads\/2020\/10\/Tele-0310202005-1536x864.jpg 1536w, https:\/\/candas365.es\/noticias\/wp-content\/uploads\/2020\/10\/Tele-0310202005-696x392.jpg 696w, https:\/\/candas365.es\/noticias\/wp-content\/uploads\/2020\/10\/Tele-0310202005-1068x601.jpg 1068w, https:\/\/candas365.es\/noticias\/wp-content\/uploads\/2020\/10\/Tele-0310202005-747x420.jpg 747w, https:\/\/candas365.es\/noticias\/wp-content\/uploads\/2020\/10\/Tele-0310202005.jpg 1600w\" sizes=\"(max-width: 360px) 100vw, 360px\" \/>&#8216;La Pr1mera Pregunta&#8217;<\/strong>, el programa de debates de actualidad y entretenimiento dirigido y <strong>presentado por Llu\u00eds Guilera<\/strong>, reflexionar\u00e1 sobre si la alarma a causa de las okupaciones es real o exagerada. <strong>\u00bfExisten datos de que el problema se haya agudizado estos meses? \u00bfSe puede echar a alguien que se mete en tu casa? \u00bfLa ley protege al propietario o al okupa?<\/strong><\/p>\n<p>El programa profundizar\u00e1 en las mafias que ocupan pisos y que extorsionan a sus propietarios. Contar\u00e1 con el testimonio de Oriol, v\u00edctima de la mafia y un testigo \u00fanico que explicar\u00e1 c\u00f3mo act\u00faan las mafias. Tambi\u00e9n, el juez Joaquim Bosch, magistrado y portavoz de Juezas y Jueces para la Democracia que, en contra de lo que piden algunos colegios de abogados, asegura que no hacen falta m\u00e1s leyes: el desalojo de vivienda es inmediato y la mayor\u00eda de casos se da en pisos vac\u00edos de bancos.<\/p>\n<p>Sin embargo, en ocasiones la realidad es otra y la okupaci\u00f3n se puede convertir en una pesadilla, como le ocurre a Lourdes, una cocinera de Badalona que hace tres a\u00f1os que tiene ocupado su piso mientras est\u00e1 pagando la hipoteca. Todas las posibilidades se debatir\u00e1n en el plat\u00f3 del programa, junto a la periodista Cristina Fallar\u00e1s y dos abogados: uno a favor de cambiar las leyes y otro que defiende la legislaci\u00f3n actual.<\/p>\n<p><strong>&#8216;La Pr1mera Pregunta&#8217; tambi\u00e9n contar\u00e1 con la participaci\u00f3n de Pilar Eyre<\/strong>, que desvelar\u00e1 como est\u00e1n viviendo el aniversario de bodas de I\u00f1aki Urdangar\u00edn y Cristina de Borb\u00f3n. Adem\u00e1s, explicar\u00e1 una exclusiva en torno a la Reina Sof\u00eda.<\/p>\n<p>Carlos Latre traer\u00e1 al personaje de la semana y le acompa\u00f1ar\u00e1n Pepe Colubi, Henar \u00c1lvarez y Pilar de Francisco. Como novedad, se incorporar\u00e1 Boris Izaguirre. Todos ellos debatir\u00e1n sobre las relaciones de pareja, los ex, las infidelidades y las nuevas formas del amor, con los testimonios de Gabriela, Roc\u00edo y Jaime, un tr\u00edo poliamoroso.<\/p>\n<p>Y como colof\u00f3n del programa, <strong>Marta S\u00e1nchez visitar\u00e1 \u2018La Pr1mera Pregunta\u2019 para presentar su nuevo single, &#8216;Brillante&#8217;<\/strong>.<\/p>\n<p>&nbsp;<\/p>\n","protected":false},"excerpt":{"rendered":"<p>&#8216;La Pr1mera Pregunta&#8217;, el programa de debates de actualidad y entretenimiento dirigido y presentado por Llu\u00eds Guilera, reflexionar\u00e1 sobre si la alarma a causa de las okupaciones es real o exagerada. \u00bfExisten datos de que el problema se haya agudizado estos meses? \u00bfSe puede echar a alguien que se mete en tu casa? \u00bfLa ley<\/p>\n","protected":false},"author":1,"featured_media":147438,"comment_status":"closed","ping_status":"closed","sticky":false,"template":"","format":"standard","meta":{"footnotes":""},"categories":[1],"tags":[],"class_list":{"0":"post-147437","1":"post","2":"type-post","3":"status-publish","4":"format-standard","5":"has-post-thumbnail","7":"category-agenda"},"aioseo_notices":[],"aioseo_head":"\n\t\t<!-- All in One SEO Pro 4.9.6.2 - aioseo.com -->\n\t<meta name=\"description\" content=\"&#039;La Pr1mera Pregunta&#039;, el programa de debates de actualidad y entretenimiento dirigido y presentado por Llu\u00eds Guilera, reflexionar\u00e1 sobre si la alarma a causa de las okupaciones es real o exagerada. \u00bfExisten datos de que el problema se haya agudizado estos meses? \u00bfSe puede echar a alguien que se mete en tu casa? \u00bfLa ley\" \/>\n\t<meta name=\"robots\" content=\"max-image-preview:large\" \/>\n\t<meta name=\"author\" content=\"Cand\u00e1s 365\"\/>\n\t<meta name=\"google-site-verification\" content=\"UA-32230408-1\" \/>\n\t<meta name=\"msvalidate.01\" content=\"354F3CDFB2DA171B47FBE9ABF1F88D5\" \/>\n\t<meta name=\"keywords\" content=\"agenda\" \/>\n\t<link rel=\"canonical\" href=\"https:\/\/candas365.es\/noticias\/hoy-sabado-en-la-1-la-pr1mera-pregunta\/\" \/>\n\t<meta name=\"generator\" content=\"All in One SEO Pro (AIOSEO) 4.9.6.2\" \/>\n\t\t<meta property=\"og:locale\" content=\"es_ES\" \/>\n\t\t<meta property=\"og:site_name\" content=\"Cand\u00e1s 365\" \/>\n\t\t<meta property=\"og:type\" content=\"article\" \/>\n\t\t<meta property=\"og:title\" content=\"Hoy s\u00e1bado en La 1: \u00abLa Pr1mera Pregunta\u00bb | Cand\u00e1s 365\" \/>\n\t\t<meta property=\"og:description\" content=\"&#039;La Pr1mera Pregunta&#039;, el programa de debates de actualidad y entretenimiento dirigido y presentado por Llu\u00eds Guilera, reflexionar\u00e1 sobre si la alarma a causa de las okupaciones es real o exagerada. \u00bfExisten datos de que el problema se haya agudizado estos meses? \u00bfSe puede echar a alguien que se mete en tu casa? \u00bfLa ley\" \/>\n\t\t<meta property=\"og:url\" content=\"https:\/\/candas365.es\/noticias\/hoy-sabado-en-la-1-la-pr1mera-pregunta\/\" \/>\n\t\t<meta property=\"og:image\" content=\"https:\/\/candas365.es\/noticias\/wp-content\/uploads\/2020\/10\/Tele-0310202005.jpg\" \/>\n\t\t<meta property=\"og:image:secure_url\" content=\"https:\/\/candas365.es\/noticias\/wp-content\/uploads\/2020\/10\/Tele-0310202005.jpg\" \/>\n\t\t<meta property=\"og:image:width\" content=\"1600\" \/>\n\t\t<meta property=\"og:image:height\" content=\"900\" \/>\n\t\t<meta property=\"article:published_time\" content=\"2020-10-03T16:55:43+00:00\" \/>\n\t\t<meta property=\"article:modified_time\" content=\"2020-10-03T16:55:43+00:00\" \/>\n\t\t<meta property=\"article:publisher\" content=\"https:\/\/www.facebook.com\/Nachofdezber\" \/>\n\t\t<meta property=\"article:author\" content=\"https:\/\/www.facebook.com\/carrenoactualidad\" \/>\n\t\t<meta name=\"twitter:card\" content=\"summary_large_image\" \/>\n\t\t<meta name=\"twitter:site\" content=\"@NabercoDigital\" \/>\n\t\t<meta name=\"twitter:title\" content=\"Hoy s\u00e1bado en La 1: \u00abLa Pr1mera Pregunta\u00bb | Cand\u00e1s 365\" \/>\n\t\t<meta name=\"twitter:description\" content=\"&#039;La Pr1mera Pregunta&#039;, el programa de debates de actualidad y entretenimiento dirigido y presentado por Llu\u00eds Guilera, reflexionar\u00e1 sobre si la alarma a causa de las okupaciones es real o exagerada. \u00bfExisten datos de que el problema se haya agudizado estos meses? \u00bfSe puede echar a alguien que se mete en tu casa? \u00bfLa ley\" \/>\n\t\t<meta name=\"twitter:creator\" content=\"@nbasturias\" \/>\n\t\t<meta name=\"twitter:image\" content=\"https:\/\/candas365.es\/noticias\/wp-content\/uploads\/2020\/10\/Tele-0310202005.jpg\" \/>\n\t\t<meta name=\"twitter:label1\" content=\"Escrito por\" \/>\n\t\t<meta name=\"twitter:data1\" content=\"Cand\u00e1s 365\" \/>\n\t\t<meta name=\"twitter:label2\" content=\"Tiempo de lectura estimado\" \/>\n\t\t<meta name=\"twitter:data2\" content=\"2 minutos\" \/>\n\t\t<script type=\"application\/ld+json\" class=\"aioseo-schema\">\n\t\t\t{\"@context\":\"https:\\\/\\\/schema.org\",\"@graph\":[{\"@type\":\"BreadcrumbList\",\"@id\":\"https:\\\/\\\/candas365.es\\\/noticias\\\/hoy-sabado-en-la-1-la-pr1mera-pregunta\\\/#breadcrumblist\",\"itemListElement\":[{\"@type\":\"ListItem\",\"@id\":\"https:\\\/\\\/candas365.es\\\/noticias#listItem\",\"position\":1,\"name\":\"Home\",\"item\":\"https:\\\/\\\/candas365.es\\\/noticias\",\"nextItem\":{\"@type\":\"ListItem\",\"@id\":\"https:\\\/\\\/candas365.es\\\/noticias\\\/category\\\/agenda\\\/#listItem\",\"name\":\"Agenda\"}},{\"@type\":\"ListItem\",\"@id\":\"https:\\\/\\\/candas365.es\\\/noticias\\\/category\\\/agenda\\\/#listItem\",\"position\":2,\"name\":\"Agenda\",\"item\":\"https:\\\/\\\/candas365.es\\\/noticias\\\/category\\\/agenda\\\/\",\"nextItem\":{\"@type\":\"ListItem\",\"@id\":\"https:\\\/\\\/candas365.es\\\/noticias\\\/hoy-sabado-en-la-1-la-pr1mera-pregunta\\\/#listItem\",\"name\":\"Hoy s\\u00e1bado en La 1: \\u00abLa Pr1mera Pregunta\\u00bb\"},\"previousItem\":{\"@type\":\"ListItem\",\"@id\":\"https:\\\/\\\/candas365.es\\\/noticias#listItem\",\"name\":\"Home\"}},{\"@type\":\"ListItem\",\"@id\":\"https:\\\/\\\/candas365.es\\\/noticias\\\/hoy-sabado-en-la-1-la-pr1mera-pregunta\\\/#listItem\",\"position\":3,\"name\":\"Hoy s\\u00e1bado en La 1: \\u00abLa Pr1mera Pregunta\\u00bb\",\"previousItem\":{\"@type\":\"ListItem\",\"@id\":\"https:\\\/\\\/candas365.es\\\/noticias\\\/category\\\/agenda\\\/#listItem\",\"name\":\"Agenda\"}}]},{\"@type\":\"NewsArticle\",\"@id\":\"https:\\\/\\\/candas365.es\\\/noticias\\\/hoy-sabado-en-la-1-la-pr1mera-pregunta\\\/#newsarticle\",\"name\":\"Hoy s\\u00e1bado en La 1: \\u00abLa Pr1mera Pregunta\\u00bb | Cand\\u00e1s 365\",\"headline\":\"Hoy s\\u00e1bado en La 1: \\u00abLa Pr1mera Pregunta\\u00bb\",\"author\":{\"@id\":\"https:\\\/\\\/candas365.es\\\/noticias\\\/author\\\/admin\\\/#author\"},\"publisher\":{\"@id\":\"https:\\\/\\\/candas365.es\\\/noticias\\\/#organization\"},\"image\":{\"@type\":\"ImageObject\",\"url\":\"https:\\\/\\\/candas365.es\\\/noticias\\\/wp-content\\\/uploads\\\/2020\\\/10\\\/Tele-0310202005.jpg\",\"width\":1600,\"height\":900},\"datePublished\":\"2020-10-03T16:55:43+02:00\",\"dateModified\":\"2020-10-03T16:55:43+02:00\",\"inLanguage\":\"es-ES\",\"mainEntityOfPage\":{\"@id\":\"https:\\\/\\\/candas365.es\\\/noticias\\\/hoy-sabado-en-la-1-la-pr1mera-pregunta\\\/#webpage\"},\"isPartOf\":{\"@id\":\"https:\\\/\\\/candas365.es\\\/noticias\\\/hoy-sabado-en-la-1-la-pr1mera-pregunta\\\/#webpage\"},\"articleSection\":\"Agenda\",\"dateline\":\"Publicado el octubre 3, 2020.\"},{\"@type\":\"Organization\",\"@id\":\"https:\\\/\\\/candas365.es\\\/noticias\\\/#organization\",\"name\":\"Cand\\u00e1s 365\",\"description\":\"Cand\\u00e1s 365 es un diario digital independiente, fundado en 2012, con base en Asturias. Informamos con rigor sobre actualidad, sociedad, cultura y ocio, con una mirada local y global.\",\"url\":\"https:\\\/\\\/candas365.es\\\/noticias\\\/\",\"email\":\"info@candas365.es\",\"telephone\":\"+34652131393\",\"foundingDate\":\"2012-06-10\",\"logo\":{\"@type\":\"ImageObject\",\"url\":\"https:\\\/\\\/candas365.es\\\/noticias\\\/wp-content\\\/uploads\\\/2024\\\/09\\\/Candas-365-Redes.jpg\",\"@id\":\"https:\\\/\\\/candas365.es\\\/noticias\\\/hoy-sabado-en-la-1-la-pr1mera-pregunta\\\/#organizationLogo\",\"width\":1152,\"height\":864,\"caption\":\"Cand\\u00e1s 365 Redes\"},\"image\":{\"@id\":\"https:\\\/\\\/candas365.es\\\/noticias\\\/hoy-sabado-en-la-1-la-pr1mera-pregunta\\\/#organizationLogo\"},\"sameAs\":[\"https:\\\/\\\/www.facebook.com\\\/Nachofdezber\",\"https:\\\/\\\/x.com\\\/NabercoDigital\",\"https:\\\/\\\/www.instagram.com\\\/nachofdezber\\\/\",\"https:\\\/\\\/www.youtube.com\\\/channel\\\/UCZP-2wLEB9Rv6erhFmqVnvg\"],\"address\":{\"@id\":\"https:\\\/\\\/candas365.es\\\/noticias\\\/#postaladdress\",\"@type\":\"PostalAddress\",\"streetAddress\":\"san antonio 4, san antonio 4\",\"postalCode\":\"33430\",\"addressLocality\":\"Cand\\u00e1s\",\"addressRegion\":\"Asturias\",\"addressCountry\":\"ES\"}},{\"@type\":\"Person\",\"@id\":\"https:\\\/\\\/candas365.es\\\/noticias\\\/author\\\/admin\\\/#author\",\"url\":\"https:\\\/\\\/candas365.es\\\/noticias\\\/author\\\/admin\\\/\",\"name\":\"Cand\\u00e1s 365\",\"image\":{\"@type\":\"ImageObject\",\"@id\":\"https:\\\/\\\/candas365.es\\\/noticias\\\/hoy-sabado-en-la-1-la-pr1mera-pregunta\\\/#authorImage\",\"url\":\"https:\\\/\\\/secure.gravatar.com\\\/avatar\\\/496a8e03d0c493ede1718b7934145dbdf8d89be1036b0eec9544e1094c9de390?s=96&d=mm&r=g\",\"width\":96,\"height\":96,\"caption\":\"Cand\\u00e1s 365\"},\"sameAs\":[\"https:\\\/\\\/www.facebook.com\\\/carrenoactualidad\",\"https:\\\/\\\/twitter.com\\\/nbasturias\",\"https:\\\/\\\/www.instagram.com\\\/nachofdezber\\\/\",\"https:\\\/\\\/www.youtube.com\\\/channel\\\/UCZP-2wLEB9Rv6erhFmqVnvg\"]},{\"@type\":\"WebPage\",\"@id\":\"https:\\\/\\\/candas365.es\\\/noticias\\\/hoy-sabado-en-la-1-la-pr1mera-pregunta\\\/#webpage\",\"url\":\"https:\\\/\\\/candas365.es\\\/noticias\\\/hoy-sabado-en-la-1-la-pr1mera-pregunta\\\/\",\"name\":\"Hoy s\\u00e1bado en La 1: \\u00abLa Pr1mera Pregunta\\u00bb | Cand\\u00e1s 365\",\"description\":\"'La Pr1mera Pregunta', el programa de debates de actualidad y entretenimiento dirigido y presentado por Llu\\u00eds Guilera, reflexionar\\u00e1 sobre si la alarma a causa de las okupaciones es real o exagerada. \\u00bfExisten datos de que el problema se haya agudizado estos meses? \\u00bfSe puede echar a alguien que se mete en tu casa? \\u00bfLa ley\",\"inLanguage\":\"es-ES\",\"isPartOf\":{\"@id\":\"https:\\\/\\\/candas365.es\\\/noticias\\\/#website\"},\"breadcrumb\":{\"@id\":\"https:\\\/\\\/candas365.es\\\/noticias\\\/hoy-sabado-en-la-1-la-pr1mera-pregunta\\\/#breadcrumblist\"},\"author\":{\"@id\":\"https:\\\/\\\/candas365.es\\\/noticias\\\/author\\\/admin\\\/#author\"},\"creator\":{\"@id\":\"https:\\\/\\\/candas365.es\\\/noticias\\\/author\\\/admin\\\/#author\"},\"image\":{\"@type\":\"ImageObject\",\"url\":\"https:\\\/\\\/candas365.es\\\/noticias\\\/wp-content\\\/uploads\\\/2020\\\/10\\\/Tele-0310202005.jpg\",\"@id\":\"https:\\\/\\\/candas365.es\\\/noticias\\\/hoy-sabado-en-la-1-la-pr1mera-pregunta\\\/#mainImage\",\"width\":1600,\"height\":900},\"primaryImageOfPage\":{\"@id\":\"https:\\\/\\\/candas365.es\\\/noticias\\\/hoy-sabado-en-la-1-la-pr1mera-pregunta\\\/#mainImage\"},\"datePublished\":\"2020-10-03T16:55:43+02:00\",\"dateModified\":\"2020-10-03T16:55:43+02:00\"},{\"@type\":\"WebSite\",\"@id\":\"https:\\\/\\\/candas365.es\\\/noticias\\\/#website\",\"url\":\"https:\\\/\\\/candas365.es\\\/noticias\\\/\",\"name\":\"Cand\\u00e1s 365\",\"alternateName\":\"Cand\\u00e1s 365 Noticias\",\"description\":\"Actualidad desde Carre\\u00f1o para el mundo\",\"inLanguage\":\"es-ES\",\"publisher\":{\"@id\":\"https:\\\/\\\/candas365.es\\\/noticias\\\/#organization\"}}]}\n\t\t<\/script>\n\t\t<!-- All in One SEO Pro -->\r\n\t\t<title>Hoy s\u00e1bado en La 1: \u00abLa Pr1mera Pregunta\u00bb | Cand\u00e1s 365<\/title>\n\n","aioseo_head_json":{"title":"Hoy s\u00e1bado en La 1: \u00abLa Pr1mera Pregunta\u00bb | Cand\u00e1s 365","description":"'La Pr1mera Pregunta', el programa de debates de actualidad y entretenimiento dirigido y presentado por Llu\u00eds Guilera, reflexionar\u00e1 sobre si la alarma a causa de las okupaciones es real o exagerada. \u00bfExisten datos de que el problema se haya agudizado estos meses? \u00bfSe puede echar a alguien que se mete en tu casa? \u00bfLa ley","canonical_url":"https:\/\/candas365.es\/noticias\/hoy-sabado-en-la-1-la-pr1mera-pregunta\/","robots":"max-image-preview:large","keywords":"agenda","webmasterTools":{"google-site-verification":"UA-32230408-1","msvalidate.01":"354F3CDFB2DA171B47FBE9ABF1F88D5","miscellaneous":""},"schema":{"@context":"https:\/\/schema.org","@graph":[{"@type":"BreadcrumbList","@id":"https:\/\/candas365.es\/noticias\/hoy-sabado-en-la-1-la-pr1mera-pregunta\/#breadcrumblist","itemListElement":[{"@type":"ListItem","@id":"https:\/\/candas365.es\/noticias#listItem","position":1,"name":"Home","item":"https:\/\/candas365.es\/noticias","nextItem":{"@type":"ListItem","@id":"https:\/\/candas365.es\/noticias\/category\/agenda\/#listItem","name":"Agenda"}},{"@type":"ListItem","@id":"https:\/\/candas365.es\/noticias\/category\/agenda\/#listItem","position":2,"name":"Agenda","item":"https:\/\/candas365.es\/noticias\/category\/agenda\/","nextItem":{"@type":"ListItem","@id":"https:\/\/candas365.es\/noticias\/hoy-sabado-en-la-1-la-pr1mera-pregunta\/#listItem","name":"Hoy s\u00e1bado en La 1: \u00abLa Pr1mera Pregunta\u00bb"},"previousItem":{"@type":"ListItem","@id":"https:\/\/candas365.es\/noticias#listItem","name":"Home"}},{"@type":"ListItem","@id":"https:\/\/candas365.es\/noticias\/hoy-sabado-en-la-1-la-pr1mera-pregunta\/#listItem","position":3,"name":"Hoy s\u00e1bado en La 1: \u00abLa Pr1mera Pregunta\u00bb","previousItem":{"@type":"ListItem","@id":"https:\/\/candas365.es\/noticias\/category\/agenda\/#listItem","name":"Agenda"}}]},{"@type":"NewsArticle","@id":"https:\/\/candas365.es\/noticias\/hoy-sabado-en-la-1-la-pr1mera-pregunta\/#newsarticle","name":"Hoy s\u00e1bado en La 1: \u00abLa Pr1mera Pregunta\u00bb | Cand\u00e1s 365","headline":"Hoy s\u00e1bado en La 1: \u00abLa Pr1mera Pregunta\u00bb","author":{"@id":"https:\/\/candas365.es\/noticias\/author\/admin\/#author"},"publisher":{"@id":"https:\/\/candas365.es\/noticias\/#organization"},"image":{"@type":"ImageObject","url":"https:\/\/candas365.es\/noticias\/wp-content\/uploads\/2020\/10\/Tele-0310202005.jpg","width":1600,"height":900},"datePublished":"2020-10-03T16:55:43+02:00","dateModified":"2020-10-03T16:55:43+02:00","inLanguage":"es-ES","mainEntityOfPage":{"@id":"https:\/\/candas365.es\/noticias\/hoy-sabado-en-la-1-la-pr1mera-pregunta\/#webpage"},"isPartOf":{"@id":"https:\/\/candas365.es\/noticias\/hoy-sabado-en-la-1-la-pr1mera-pregunta\/#webpage"},"articleSection":"Agenda","dateline":"Publicado el octubre 3, 2020."},{"@type":"Organization","@id":"https:\/\/candas365.es\/noticias\/#organization","name":"Cand\u00e1s 365","description":"Cand\u00e1s 365 es un diario digital independiente, fundado en 2012, con base en Asturias. Informamos con rigor sobre actualidad, sociedad, cultura y ocio, con una mirada local y global.","url":"https:\/\/candas365.es\/noticias\/","email":"info@candas365.es","telephone":"+34652131393","foundingDate":"2012-06-10","logo":{"@type":"ImageObject","url":"https:\/\/candas365.es\/noticias\/wp-content\/uploads\/2024\/09\/Candas-365-Redes.jpg","@id":"https:\/\/candas365.es\/noticias\/hoy-sabado-en-la-1-la-pr1mera-pregunta\/#organizationLogo","width":1152,"height":864,"caption":"Cand\u00e1s 365 Redes"},"image":{"@id":"https:\/\/candas365.es\/noticias\/hoy-sabado-en-la-1-la-pr1mera-pregunta\/#organizationLogo"},"sameAs":["https:\/\/www.facebook.com\/Nachofdezber","https:\/\/x.com\/NabercoDigital","https:\/\/www.instagram.com\/nachofdezber\/","https:\/\/www.youtube.com\/channel\/UCZP-2wLEB9Rv6erhFmqVnvg"],"address":{"@id":"https:\/\/candas365.es\/noticias\/#postaladdress","@type":"PostalAddress","streetAddress":"san antonio 4, san antonio 4","postalCode":"33430","addressLocality":"Cand\u00e1s","addressRegion":"Asturias","addressCountry":"ES"}},{"@type":"Person","@id":"https:\/\/candas365.es\/noticias\/author\/admin\/#author","url":"https:\/\/candas365.es\/noticias\/author\/admin\/","name":"Cand\u00e1s 365","image":{"@type":"ImageObject","@id":"https:\/\/candas365.es\/noticias\/hoy-sabado-en-la-1-la-pr1mera-pregunta\/#authorImage","url":"https:\/\/secure.gravatar.com\/avatar\/496a8e03d0c493ede1718b7934145dbdf8d89be1036b0eec9544e1094c9de390?s=96&d=mm&r=g","width":96,"height":96,"caption":"Cand\u00e1s 365"},"sameAs":["https:\/\/www.facebook.com\/carrenoactualidad","https:\/\/twitter.com\/nbasturias","https:\/\/www.instagram.com\/nachofdezber\/","https:\/\/www.youtube.com\/channel\/UCZP-2wLEB9Rv6erhFmqVnvg"]},{"@type":"WebPage","@id":"https:\/\/candas365.es\/noticias\/hoy-sabado-en-la-1-la-pr1mera-pregunta\/#webpage","url":"https:\/\/candas365.es\/noticias\/hoy-sabado-en-la-1-la-pr1mera-pregunta\/","name":"Hoy s\u00e1bado en La 1: \u00abLa Pr1mera Pregunta\u00bb | Cand\u00e1s 365","description":"'La Pr1mera Pregunta', el programa de debates de actualidad y entretenimiento dirigido y presentado por Llu\u00eds Guilera, reflexionar\u00e1 sobre si la alarma a causa de las okupaciones es real o exagerada. \u00bfExisten datos de que el problema se haya agudizado estos meses? \u00bfSe puede echar a alguien que se mete en tu casa? \u00bfLa ley","inLanguage":"es-ES","isPartOf":{"@id":"https:\/\/candas365.es\/noticias\/#website"},"breadcrumb":{"@id":"https:\/\/candas365.es\/noticias\/hoy-sabado-en-la-1-la-pr1mera-pregunta\/#breadcrumblist"},"author":{"@id":"https:\/\/candas365.es\/noticias\/author\/admin\/#author"},"creator":{"@id":"https:\/\/candas365.es\/noticias\/author\/admin\/#author"},"image":{"@type":"ImageObject","url":"https:\/\/candas365.es\/noticias\/wp-content\/uploads\/2020\/10\/Tele-0310202005.jpg","@id":"https:\/\/candas365.es\/noticias\/hoy-sabado-en-la-1-la-pr1mera-pregunta\/#mainImage","width":1600,"height":900},"primaryImageOfPage":{"@id":"https:\/\/candas365.es\/noticias\/hoy-sabado-en-la-1-la-pr1mera-pregunta\/#mainImage"},"datePublished":"2020-10-03T16:55:43+02:00","dateModified":"2020-10-03T16:55:43+02:00"},{"@type":"WebSite","@id":"https:\/\/candas365.es\/noticias\/#website","url":"https:\/\/candas365.es\/noticias\/","name":"Cand\u00e1s 365","alternateName":"Cand\u00e1s 365 Noticias","description":"Actualidad desde Carre\u00f1o para el mundo","inLanguage":"es-ES","publisher":{"@id":"https:\/\/candas365.es\/noticias\/#organization"}}]},"og:locale":"es_ES","og:site_name":"Cand\u00e1s 365","og:type":"article","og:title":"Hoy s\u00e1bado en La 1: \u00abLa Pr1mera Pregunta\u00bb | Cand\u00e1s 365","og:description":"'La Pr1mera Pregunta', el programa de debates de actualidad y entretenimiento dirigido y presentado por Llu\u00eds Guilera, reflexionar\u00e1 sobre si la alarma a causa de las okupaciones es real o exagerada. \u00bfExisten datos de que el problema se haya agudizado estos meses? \u00bfSe puede echar a alguien que se mete en tu casa? \u00bfLa ley","og:url":"https:\/\/candas365.es\/noticias\/hoy-sabado-en-la-1-la-pr1mera-pregunta\/","og:image":"https:\/\/candas365.es\/noticias\/wp-content\/uploads\/2020\/10\/Tele-0310202005.jpg","og:image:secure_url":"https:\/\/candas365.es\/noticias\/wp-content\/uploads\/2020\/10\/Tele-0310202005.jpg","og:image:width":1600,"og:image:height":900,"article:published_time":"2020-10-03T16:55:43+00:00","article:modified_time":"2020-10-03T16:55:43+00:00","article:publisher":"https:\/\/www.facebook.com\/Nachofdezber","article:author":"https:\/\/www.facebook.com\/carrenoactualidad","twitter:card":"summary_large_image","twitter:site":"@NabercoDigital","twitter:title":"Hoy s\u00e1bado en La 1: \u00abLa Pr1mera Pregunta\u00bb | Cand\u00e1s 365","twitter:description":"'La Pr1mera Pregunta', el programa de debates de actualidad y entretenimiento dirigido y presentado por Llu\u00eds Guilera, reflexionar\u00e1 sobre si la alarma a causa de las okupaciones es real o exagerada. \u00bfExisten datos de que el problema se haya agudizado estos meses? \u00bfSe puede echar a alguien que se mete en tu casa? \u00bfLa ley","twitter:creator":"@nbasturias","twitter:image":"https:\/\/candas365.es\/noticias\/wp-content\/uploads\/2020\/10\/Tele-0310202005.jpg","twitter:label1":"Escrito por","twitter:data1":"Cand\u00e1s 365","twitter:label2":"Tiempo de lectura estimado","twitter:data2":"2 minutos"},"aioseo_meta_data":{"post_id":"147437","title":null,"description":"","keywords":"","keyphrases":null,"primary_term":null,"canonical_url":"","og_title":null,"og_description":null,"og_object_type":"default","og_image_type":"default","og_image_url":null,"og_image_width":null,"og_image_height":null,"og_image_custom_url":null,"og_image_custom_fields":null,"og_video":null,"og_custom_url":null,"og_article_section":null,"og_article_tags":null,"twitter_use_og":false,"twitter_card":"default","twitter_image_type":"default","twitter_image_url":null,"twitter_image_custom_url":null,"twitter_image_custom_fields":null,"twitter_title":null,"twitter_description":null,"schema":{"blockGraphs":[],"customGraphs":[],"default":{"data":{"Article":[],"Course":[],"Dataset":[],"FAQPage":[],"Movie":[],"Person":[],"Product":[],"ProductReview":[],"Car":[],"Recipe":[],"Service":[],"SoftwareApplication":[],"WebPage":[]},"graphName":"","isEnabled":true},"graphs":[],"defaultGraph":"","defaultPostTypeGraph":""},"schema_type":null,"schema_type_options":null,"pillar_content":false,"robots_default":true,"robots_noindex":false,"robots_noarchive":false,"robots_nosnippet":false,"robots_nofollow":false,"robots_noimageindex":false,"robots_noodp":false,"robots_notranslate":false,"robots_max_snippet":null,"robots_max_videopreview":null,"robots_max_imagepreview":"large","priority":null,"frequency":null,"location":null,"local_seo":null,"seo_analyzer_scan_date":"2025-08-31 12:11:13","breadcrumb_settings":null,"limit_modified_date":false,"reviewed_by":null,"open_ai":null,"ai":null,"created":"2020-12-21 10:39:04","updated":"2025-08-31 12:11:13"},"aioseo_breadcrumb":"<div class=\"aioseo-breadcrumbs\"><span class=\"aioseo-breadcrumb\">\n\t<a href=\"https:\/\/candas365.es\/noticias\" title=\"Home\">Home<\/a>\n<\/span><span class=\"aioseo-breadcrumb-separator\">&ndash;<\/span><span class=\"aioseo-breadcrumb\">\n\t<a href=\"https:\/\/candas365.es\/noticias\/category\/agenda\/\" title=\"Agenda\">Agenda<\/a>\n<\/span><span class=\"aioseo-breadcrumb-separator\">&ndash;<\/span><span class=\"aioseo-breadcrumb\">\n\tHoy s\u00e1bado en La 1: \u00abLa Pr1mera Pregunta\u00bb\n<\/span><\/div>","aioseo_breadcrumb_json":[{"label":"Home","link":"https:\/\/candas365.es\/noticias"},{"label":"Agenda","link":"https:\/\/candas365.es\/noticias\/category\/agenda\/"},{"label":"Hoy s\u00e1bado en La 1: \u00abLa Pr1mera Pregunta\u00bb","link":"https:\/\/candas365.es\/noticias\/hoy-sabado-en-la-1-la-pr1mera-pregunta\/"}],"_links":{"self":[{"href":"https:\/\/candas365.es\/noticias\/wp-json\/wp\/v2\/posts\/147437","targetHints":{"allow":["GET"]}}],"collection":[{"href":"https:\/\/candas365.es\/noticias\/wp-json\/wp\/v2\/posts"}],"about":[{"href":"https:\/\/candas365.es\/noticias\/wp-json\/wp\/v2\/types\/post"}],"author":[{"embeddable":true,"href":"https:\/\/candas365.es\/noticias\/wp-json\/wp\/v2\/users\/1"}],"replies":[{"embeddable":true,"href":"https:\/\/candas365.es\/noticias\/wp-json\/wp\/v2\/comments?post=147437"}],"version-history":[{"count":0,"href":"https:\/\/candas365.es\/noticias\/wp-json\/wp\/v2\/posts\/147437\/revisions"}],"wp:featuredmedia":[{"embeddable":true,"href":"https:\/\/candas365.es\/noticias\/wp-json\/wp\/v2\/media\/147438"}],"wp:attachment":[{"href":"https:\/\/candas365.es\/noticias\/wp-json\/wp\/v2\/media?parent=147437"}],"wp:term":[{"taxonomy":"category","embeddable":true,"href":"https:\/\/candas365.es\/noticias\/wp-json\/wp\/v2\/categories?post=147437"},{"taxonomy":"post_tag","embeddable":true,"href":"https:\/\/candas365.es\/noticias\/wp-json\/wp\/v2\/tags?post=147437"}],"curies":[{"name":"wp","href":"https:\/\/api.w.org\/{rel}","templated":true}]}}