{"id":147434,"date":"2020-10-03T16:40:22","date_gmt":"2020-10-03T16:40:22","guid":{"rendered":"http:\/\/candas365.es\/noticias\/?p=147434"},"modified":"2020-10-03T16:40:22","modified_gmt":"2020-10-03T16:40:22","slug":"reduce-tu-huella-en-la-nueva-temporada-de-la-2","status":"publish","type":"post","link":"https:\/\/candas365.es\/noticias\/reduce-tu-huella-en-la-nueva-temporada-de-la-2\/","title":{"rendered":"\u00abReduce tu huella\u00bb en la nueva temporada de La 2"},"content":{"rendered":"<p><strong><img fetchpriority=\"high\" decoding=\"async\" class=\"alignleft size-medium wp-image-147435\" src=\"https:\/\/candas365.es\/noticias\/wp-content\/uploads\/2020\/10\/waste-1741127_640-360x240.jpg\" alt=\"\" width=\"360\" height=\"240\" srcset=\"https:\/\/candas365.es\/noticias\/wp-content\/uploads\/2020\/10\/waste-1741127_640-360x240.jpg 360w, https:\/\/candas365.es\/noticias\/wp-content\/uploads\/2020\/10\/waste-1741127_640-631x420.jpg 631w, https:\/\/candas365.es\/noticias\/wp-content\/uploads\/2020\/10\/waste-1741127_640.jpg 640w\" sizes=\"(max-width: 360px) 100vw, 360px\" \/>\u2018Reduce tu huella\u2019 se incorpora a la nueva temporada de La 2 con una apuesta sostenible para las tardes de los s\u00e1bados<\/strong>. Un programa que apuesta por la divulgaci\u00f3n y el medio ambiente, sin perder de vista el entretenimiento. <strong>La periodista Adela \u00dacar se pone al frente para recorrer el pa\u00eds en busca de medidas respetuosas con el entorno natural<\/strong>.<\/p>\n<p>\u2018Reduce tu huella\u2019 es un <strong>programa \u00e1gil y fresco<\/strong> con una din\u00e1mica de reportajes, que buscan iniciativas, experiencias, proyectos y personas comprometidas con el presente, el pasado y el futuro m\u00e1s sostenible del planeta. Su objetivo es despertar conciencias, empat\u00eda y ganas de cuidar el mundo.<\/p>\n<p>La periodista Adela \u00dacar se pone al frente un formato con el que se siente muy identificada: \u201cDesde ni\u00f1a he estado muy concienciada con la protecci\u00f3n del planeta. Las se\u00f1ales que nos alertan de que tenemos que cambiar nuestro estilo de vida son cada vez m\u00e1s evidentes. Es emocionante y esperanzador comprobar que hay tanta gente comprometida con ese cambio\u201d.<\/p>\n<p>\u00bfEs posible construir sin destruir? \u00bfCu\u00e1ntos residuos genera un urbanita? \u00bfQu\u00e9 es la econom\u00eda circular? \u00bfC\u00f3mo se vive en una ecoaldea? Estas son algunas de las preguntas a las que el nuevo formato de La 2 intentar\u00e1 dar respuesta.<\/p>\n<p>\u201cNuestra vocaci\u00f3n es divulgar sin olvidarnos de ser entretenidos. En \u2018Reduce tu Huella\u2019 hay mucho espacio para la acci\u00f3n, la risa, la emoci\u00f3n y la experiencia en primera persona. \u201c\u00a1Nos hemos metido con los cinco sentidos!\u201d asegura \u00dacar. Adela no solo pregunta, sino que tambi\u00e9n participa y experimenta tanto los problemas como las soluciones con que se encuentra.<\/p>\n<p>Adem\u00e1s, como la periodista es plenamente consciente de que, de una u otra forma, vivir contamina, al t\u00e9rmino de cada cap\u00edtulo compensar\u00e1 la huella de carbono que haya podido generar realizando una acci\u00f3n en positivo por el planeta: limpiar una playa junto a un colegio infantil, plantar un \u00e1rbol, recoger colillas de una urbe, etc.<\/p>\n<h3>\u2018La bolsa o la vida\u2019<\/h3>\n<p>En la primera entrega, grabada entre la Comunidad Valenciana y Pa\u00eds Vasco, Adela \u00dacar seguir\u00e1 el rastro de un material tan peligroso como necesario: el pl\u00e1stico. El programa comienza a bordo de un pesquero donde los salmonetes comparten redes con botellas, envases y botes. A partir de ah\u00ed, empieza una aventura en la que \u2018Reduce tu huella\u2019 buscar\u00e1 alternativas m\u00e1s sostenibles para reconducir lo que se ha convertido en un problema a escala global.<\/p>\n<p>&nbsp;<\/p>\n","protected":false},"excerpt":{"rendered":"<p>\u2018Reduce tu huella\u2019 se incorpora a la nueva temporada de La 2 con una apuesta sostenible para las tardes de los s\u00e1bados. Un programa que apuesta por la divulgaci\u00f3n y el medio ambiente, sin perder de vista el entretenimiento. La periodista Adela \u00dacar se pone al frente para recorrer el pa\u00eds en busca de medidas<\/p>\n","protected":false},"author":1,"featured_media":147435,"comment_status":"closed","ping_status":"closed","sticky":false,"template":"","format":"standard","meta":{"footnotes":""},"categories":[1],"tags":[],"class_list":{"0":"post-147434","1":"post","2":"type-post","3":"status-publish","4":"format-standard","5":"has-post-thumbnail","7":"category-agenda"},"aioseo_notices":[],"aioseo_head":"\n\t\t<!-- All in One SEO Pro 4.9.6.2 - aioseo.com -->\n\t<meta name=\"description\" content=\"\u2018Reduce tu huella\u2019 se incorpora a la nueva temporada de La 2 con una apuesta sostenible para las tardes de los s\u00e1bados. Un programa que apuesta por la divulgaci\u00f3n y el medio ambiente, sin perder de vista el entretenimiento. La periodista Adela \u00dacar se pone al frente para recorrer el pa\u00eds en busca de medidas\" \/>\n\t<meta name=\"robots\" content=\"max-image-preview:large\" \/>\n\t<meta name=\"author\" content=\"Cand\u00e1s 365\"\/>\n\t<meta name=\"google-site-verification\" content=\"UA-32230408-1\" \/>\n\t<meta name=\"msvalidate.01\" content=\"354F3CDFB2DA171B47FBE9ABF1F88D5\" \/>\n\t<meta name=\"keywords\" content=\"agenda\" \/>\n\t<link rel=\"canonical\" href=\"https:\/\/candas365.es\/noticias\/reduce-tu-huella-en-la-nueva-temporada-de-la-2\/\" \/>\n\t<meta name=\"generator\" content=\"All in One SEO Pro (AIOSEO) 4.9.6.2\" \/>\n\t\t<meta property=\"og:locale\" content=\"es_ES\" \/>\n\t\t<meta property=\"og:site_name\" content=\"Cand\u00e1s 365\" \/>\n\t\t<meta property=\"og:type\" content=\"article\" \/>\n\t\t<meta property=\"og:title\" content=\"\u00abReduce tu huella\u00bb en la nueva temporada de La 2 | Cand\u00e1s 365\" \/>\n\t\t<meta property=\"og:description\" content=\"\u2018Reduce tu huella\u2019 se incorpora a la nueva temporada de La 2 con una apuesta sostenible para las tardes de los s\u00e1bados. Un programa que apuesta por la divulgaci\u00f3n y el medio ambiente, sin perder de vista el entretenimiento. La periodista Adela \u00dacar se pone al frente para recorrer el pa\u00eds en busca de medidas\" \/>\n\t\t<meta property=\"og:url\" content=\"https:\/\/candas365.es\/noticias\/reduce-tu-huella-en-la-nueva-temporada-de-la-2\/\" \/>\n\t\t<meta property=\"og:image\" content=\"https:\/\/candas365.es\/noticias\/wp-content\/uploads\/2020\/10\/waste-1741127_640.jpg\" \/>\n\t\t<meta property=\"og:image:secure_url\" content=\"https:\/\/candas365.es\/noticias\/wp-content\/uploads\/2020\/10\/waste-1741127_640.jpg\" \/>\n\t\t<meta property=\"og:image:width\" content=\"640\" \/>\n\t\t<meta property=\"og:image:height\" content=\"426\" \/>\n\t\t<meta property=\"article:published_time\" content=\"2020-10-03T16:40:22+00:00\" \/>\n\t\t<meta property=\"article:modified_time\" content=\"2020-10-03T16:40:22+00:00\" \/>\n\t\t<meta property=\"article:publisher\" content=\"https:\/\/www.facebook.com\/Nachofdezber\" \/>\n\t\t<meta property=\"article:author\" content=\"https:\/\/www.facebook.com\/carrenoactualidad\" \/>\n\t\t<meta name=\"twitter:card\" content=\"summary_large_image\" \/>\n\t\t<meta name=\"twitter:site\" content=\"@NabercoDigital\" \/>\n\t\t<meta name=\"twitter:title\" content=\"\u00abReduce tu huella\u00bb en la nueva temporada de La 2 | Cand\u00e1s 365\" \/>\n\t\t<meta name=\"twitter:description\" content=\"\u2018Reduce tu huella\u2019 se incorpora a la nueva temporada de La 2 con una apuesta sostenible para las tardes de los s\u00e1bados. Un programa que apuesta por la divulgaci\u00f3n y el medio ambiente, sin perder de vista el entretenimiento. La periodista Adela \u00dacar se pone al frente para recorrer el pa\u00eds en busca de medidas\" \/>\n\t\t<meta name=\"twitter:creator\" content=\"@nbasturias\" \/>\n\t\t<meta name=\"twitter:image\" content=\"https:\/\/candas365.es\/noticias\/wp-content\/uploads\/2020\/10\/waste-1741127_640.jpg\" \/>\n\t\t<meta name=\"twitter:label1\" content=\"Escrito por\" \/>\n\t\t<meta name=\"twitter:data1\" content=\"Cand\u00e1s 365\" \/>\n\t\t<meta name=\"twitter:label2\" content=\"Tiempo de lectura estimado\" \/>\n\t\t<meta name=\"twitter:data2\" content=\"2 minutos\" \/>\n\t\t<script type=\"application\/ld+json\" class=\"aioseo-schema\">\n\t\t\t{\"@context\":\"https:\\\/\\\/schema.org\",\"@graph\":[{\"@type\":\"BreadcrumbList\",\"@id\":\"https:\\\/\\\/candas365.es\\\/noticias\\\/reduce-tu-huella-en-la-nueva-temporada-de-la-2\\\/#breadcrumblist\",\"itemListElement\":[{\"@type\":\"ListItem\",\"@id\":\"https:\\\/\\\/candas365.es\\\/noticias#listItem\",\"position\":1,\"name\":\"Home\",\"item\":\"https:\\\/\\\/candas365.es\\\/noticias\",\"nextItem\":{\"@type\":\"ListItem\",\"@id\":\"https:\\\/\\\/candas365.es\\\/noticias\\\/category\\\/agenda\\\/#listItem\",\"name\":\"Agenda\"}},{\"@type\":\"ListItem\",\"@id\":\"https:\\\/\\\/candas365.es\\\/noticias\\\/category\\\/agenda\\\/#listItem\",\"position\":2,\"name\":\"Agenda\",\"item\":\"https:\\\/\\\/candas365.es\\\/noticias\\\/category\\\/agenda\\\/\",\"nextItem\":{\"@type\":\"ListItem\",\"@id\":\"https:\\\/\\\/candas365.es\\\/noticias\\\/reduce-tu-huella-en-la-nueva-temporada-de-la-2\\\/#listItem\",\"name\":\"\\u00abReduce tu huella\\u00bb en la nueva temporada de La 2\"},\"previousItem\":{\"@type\":\"ListItem\",\"@id\":\"https:\\\/\\\/candas365.es\\\/noticias#listItem\",\"name\":\"Home\"}},{\"@type\":\"ListItem\",\"@id\":\"https:\\\/\\\/candas365.es\\\/noticias\\\/reduce-tu-huella-en-la-nueva-temporada-de-la-2\\\/#listItem\",\"position\":3,\"name\":\"\\u00abReduce tu huella\\u00bb en la nueva temporada de La 2\",\"previousItem\":{\"@type\":\"ListItem\",\"@id\":\"https:\\\/\\\/candas365.es\\\/noticias\\\/category\\\/agenda\\\/#listItem\",\"name\":\"Agenda\"}}]},{\"@type\":\"NewsArticle\",\"@id\":\"https:\\\/\\\/candas365.es\\\/noticias\\\/reduce-tu-huella-en-la-nueva-temporada-de-la-2\\\/#newsarticle\",\"name\":\"\\u00abReduce tu huella\\u00bb en la nueva temporada de La 2 | Cand\\u00e1s 365\",\"headline\":\"\\u00abReduce tu huella\\u00bb en la nueva temporada de La 2\",\"author\":{\"@id\":\"https:\\\/\\\/candas365.es\\\/noticias\\\/author\\\/admin\\\/#author\"},\"publisher\":{\"@id\":\"https:\\\/\\\/candas365.es\\\/noticias\\\/#organization\"},\"image\":{\"@type\":\"ImageObject\",\"url\":\"https:\\\/\\\/candas365.es\\\/noticias\\\/wp-content\\\/uploads\\\/2020\\\/10\\\/waste-1741127_640.jpg\",\"width\":640,\"height\":426},\"datePublished\":\"2020-10-03T16:40:22+02:00\",\"dateModified\":\"2020-10-03T16:40:22+02:00\",\"inLanguage\":\"es-ES\",\"mainEntityOfPage\":{\"@id\":\"https:\\\/\\\/candas365.es\\\/noticias\\\/reduce-tu-huella-en-la-nueva-temporada-de-la-2\\\/#webpage\"},\"isPartOf\":{\"@id\":\"https:\\\/\\\/candas365.es\\\/noticias\\\/reduce-tu-huella-en-la-nueva-temporada-de-la-2\\\/#webpage\"},\"articleSection\":\"Agenda\",\"dateline\":\"Publicado el octubre 3, 2020.\"},{\"@type\":\"Organization\",\"@id\":\"https:\\\/\\\/candas365.es\\\/noticias\\\/#organization\",\"name\":\"Cand\\u00e1s 365\",\"description\":\"Cand\\u00e1s 365 es un diario digital independiente, fundado en 2012, con base en Asturias. Informamos con rigor sobre actualidad, sociedad, cultura y ocio, con una mirada local y global.\",\"url\":\"https:\\\/\\\/candas365.es\\\/noticias\\\/\",\"email\":\"info@candas365.es\",\"telephone\":\"+34652131393\",\"foundingDate\":\"2012-06-10\",\"logo\":{\"@type\":\"ImageObject\",\"url\":\"https:\\\/\\\/candas365.es\\\/noticias\\\/wp-content\\\/uploads\\\/2024\\\/09\\\/Candas-365-Redes.jpg\",\"@id\":\"https:\\\/\\\/candas365.es\\\/noticias\\\/reduce-tu-huella-en-la-nueva-temporada-de-la-2\\\/#organizationLogo\",\"width\":1152,\"height\":864,\"caption\":\"Cand\\u00e1s 365 Redes\"},\"image\":{\"@id\":\"https:\\\/\\\/candas365.es\\\/noticias\\\/reduce-tu-huella-en-la-nueva-temporada-de-la-2\\\/#organizationLogo\"},\"sameAs\":[\"https:\\\/\\\/www.facebook.com\\\/Nachofdezber\",\"https:\\\/\\\/x.com\\\/NabercoDigital\",\"https:\\\/\\\/www.instagram.com\\\/nachofdezber\\\/\",\"https:\\\/\\\/www.youtube.com\\\/channel\\\/UCZP-2wLEB9Rv6erhFmqVnvg\"],\"address\":{\"@id\":\"https:\\\/\\\/candas365.es\\\/noticias\\\/#postaladdress\",\"@type\":\"PostalAddress\",\"streetAddress\":\"san antonio 4, san antonio 4\",\"postalCode\":\"33430\",\"addressLocality\":\"Cand\\u00e1s\",\"addressRegion\":\"Asturias\",\"addressCountry\":\"ES\"}},{\"@type\":\"Person\",\"@id\":\"https:\\\/\\\/candas365.es\\\/noticias\\\/author\\\/admin\\\/#author\",\"url\":\"https:\\\/\\\/candas365.es\\\/noticias\\\/author\\\/admin\\\/\",\"name\":\"Cand\\u00e1s 365\",\"image\":{\"@type\":\"ImageObject\",\"@id\":\"https:\\\/\\\/candas365.es\\\/noticias\\\/reduce-tu-huella-en-la-nueva-temporada-de-la-2\\\/#authorImage\",\"url\":\"https:\\\/\\\/secure.gravatar.com\\\/avatar\\\/496a8e03d0c493ede1718b7934145dbdf8d89be1036b0eec9544e1094c9de390?s=96&d=mm&r=g\",\"width\":96,\"height\":96,\"caption\":\"Cand\\u00e1s 365\"},\"sameAs\":[\"https:\\\/\\\/www.facebook.com\\\/carrenoactualidad\",\"https:\\\/\\\/twitter.com\\\/nbasturias\",\"https:\\\/\\\/www.instagram.com\\\/nachofdezber\\\/\",\"https:\\\/\\\/www.youtube.com\\\/channel\\\/UCZP-2wLEB9Rv6erhFmqVnvg\"]},{\"@type\":\"WebPage\",\"@id\":\"https:\\\/\\\/candas365.es\\\/noticias\\\/reduce-tu-huella-en-la-nueva-temporada-de-la-2\\\/#webpage\",\"url\":\"https:\\\/\\\/candas365.es\\\/noticias\\\/reduce-tu-huella-en-la-nueva-temporada-de-la-2\\\/\",\"name\":\"\\u00abReduce tu huella\\u00bb en la nueva temporada de La 2 | Cand\\u00e1s 365\",\"description\":\"\\u2018Reduce tu huella\\u2019 se incorpora a la nueva temporada de La 2 con una apuesta sostenible para las tardes de los s\\u00e1bados. Un programa que apuesta por la divulgaci\\u00f3n y el medio ambiente, sin perder de vista el entretenimiento. La periodista Adela \\u00dacar se pone al frente para recorrer el pa\\u00eds en busca de medidas\",\"inLanguage\":\"es-ES\",\"isPartOf\":{\"@id\":\"https:\\\/\\\/candas365.es\\\/noticias\\\/#website\"},\"breadcrumb\":{\"@id\":\"https:\\\/\\\/candas365.es\\\/noticias\\\/reduce-tu-huella-en-la-nueva-temporada-de-la-2\\\/#breadcrumblist\"},\"author\":{\"@id\":\"https:\\\/\\\/candas365.es\\\/noticias\\\/author\\\/admin\\\/#author\"},\"creator\":{\"@id\":\"https:\\\/\\\/candas365.es\\\/noticias\\\/author\\\/admin\\\/#author\"},\"image\":{\"@type\":\"ImageObject\",\"url\":\"https:\\\/\\\/candas365.es\\\/noticias\\\/wp-content\\\/uploads\\\/2020\\\/10\\\/waste-1741127_640.jpg\",\"@id\":\"https:\\\/\\\/candas365.es\\\/noticias\\\/reduce-tu-huella-en-la-nueva-temporada-de-la-2\\\/#mainImage\",\"width\":640,\"height\":426},\"primaryImageOfPage\":{\"@id\":\"https:\\\/\\\/candas365.es\\\/noticias\\\/reduce-tu-huella-en-la-nueva-temporada-de-la-2\\\/#mainImage\"},\"datePublished\":\"2020-10-03T16:40:22+02:00\",\"dateModified\":\"2020-10-03T16:40:22+02:00\"},{\"@type\":\"WebSite\",\"@id\":\"https:\\\/\\\/candas365.es\\\/noticias\\\/#website\",\"url\":\"https:\\\/\\\/candas365.es\\\/noticias\\\/\",\"name\":\"Cand\\u00e1s 365\",\"alternateName\":\"Cand\\u00e1s 365 Noticias\",\"description\":\"Actualidad desde Carre\\u00f1o para el mundo\",\"inLanguage\":\"es-ES\",\"publisher\":{\"@id\":\"https:\\\/\\\/candas365.es\\\/noticias\\\/#organization\"}}]}\n\t\t<\/script>\n\t\t<!-- All in One SEO Pro -->\r\n\t\t<title>\u00abReduce tu huella\u00bb en la nueva temporada de La 2 | Cand\u00e1s 365<\/title>\n\n","aioseo_head_json":{"title":"\u00abReduce tu huella\u00bb en la nueva temporada de La 2 | Cand\u00e1s 365","description":"\u2018Reduce tu huella\u2019 se incorpora a la nueva temporada de La 2 con una apuesta sostenible para las tardes de los s\u00e1bados. Un programa que apuesta por la divulgaci\u00f3n y el medio ambiente, sin perder de vista el entretenimiento. La periodista Adela \u00dacar se pone al frente para recorrer el pa\u00eds en busca de medidas","canonical_url":"https:\/\/candas365.es\/noticias\/reduce-tu-huella-en-la-nueva-temporada-de-la-2\/","robots":"max-image-preview:large","keywords":"agenda","webmasterTools":{"google-site-verification":"UA-32230408-1","msvalidate.01":"354F3CDFB2DA171B47FBE9ABF1F88D5","miscellaneous":""},"schema":{"@context":"https:\/\/schema.org","@graph":[{"@type":"BreadcrumbList","@id":"https:\/\/candas365.es\/noticias\/reduce-tu-huella-en-la-nueva-temporada-de-la-2\/#breadcrumblist","itemListElement":[{"@type":"ListItem","@id":"https:\/\/candas365.es\/noticias#listItem","position":1,"name":"Home","item":"https:\/\/candas365.es\/noticias","nextItem":{"@type":"ListItem","@id":"https:\/\/candas365.es\/noticias\/category\/agenda\/#listItem","name":"Agenda"}},{"@type":"ListItem","@id":"https:\/\/candas365.es\/noticias\/category\/agenda\/#listItem","position":2,"name":"Agenda","item":"https:\/\/candas365.es\/noticias\/category\/agenda\/","nextItem":{"@type":"ListItem","@id":"https:\/\/candas365.es\/noticias\/reduce-tu-huella-en-la-nueva-temporada-de-la-2\/#listItem","name":"\u00abReduce tu huella\u00bb en la nueva temporada de La 2"},"previousItem":{"@type":"ListItem","@id":"https:\/\/candas365.es\/noticias#listItem","name":"Home"}},{"@type":"ListItem","@id":"https:\/\/candas365.es\/noticias\/reduce-tu-huella-en-la-nueva-temporada-de-la-2\/#listItem","position":3,"name":"\u00abReduce tu huella\u00bb en la nueva temporada de La 2","previousItem":{"@type":"ListItem","@id":"https:\/\/candas365.es\/noticias\/category\/agenda\/#listItem","name":"Agenda"}}]},{"@type":"NewsArticle","@id":"https:\/\/candas365.es\/noticias\/reduce-tu-huella-en-la-nueva-temporada-de-la-2\/#newsarticle","name":"\u00abReduce tu huella\u00bb en la nueva temporada de La 2 | Cand\u00e1s 365","headline":"\u00abReduce tu huella\u00bb en la nueva temporada de La 2","author":{"@id":"https:\/\/candas365.es\/noticias\/author\/admin\/#author"},"publisher":{"@id":"https:\/\/candas365.es\/noticias\/#organization"},"image":{"@type":"ImageObject","url":"https:\/\/candas365.es\/noticias\/wp-content\/uploads\/2020\/10\/waste-1741127_640.jpg","width":640,"height":426},"datePublished":"2020-10-03T16:40:22+02:00","dateModified":"2020-10-03T16:40:22+02:00","inLanguage":"es-ES","mainEntityOfPage":{"@id":"https:\/\/candas365.es\/noticias\/reduce-tu-huella-en-la-nueva-temporada-de-la-2\/#webpage"},"isPartOf":{"@id":"https:\/\/candas365.es\/noticias\/reduce-tu-huella-en-la-nueva-temporada-de-la-2\/#webpage"},"articleSection":"Agenda","dateline":"Publicado el octubre 3, 2020."},{"@type":"Organization","@id":"https:\/\/candas365.es\/noticias\/#organization","name":"Cand\u00e1s 365","description":"Cand\u00e1s 365 es un diario digital independiente, fundado en 2012, con base en Asturias. Informamos con rigor sobre actualidad, sociedad, cultura y ocio, con una mirada local y global.","url":"https:\/\/candas365.es\/noticias\/","email":"info@candas365.es","telephone":"+34652131393","foundingDate":"2012-06-10","logo":{"@type":"ImageObject","url":"https:\/\/candas365.es\/noticias\/wp-content\/uploads\/2024\/09\/Candas-365-Redes.jpg","@id":"https:\/\/candas365.es\/noticias\/reduce-tu-huella-en-la-nueva-temporada-de-la-2\/#organizationLogo","width":1152,"height":864,"caption":"Cand\u00e1s 365 Redes"},"image":{"@id":"https:\/\/candas365.es\/noticias\/reduce-tu-huella-en-la-nueva-temporada-de-la-2\/#organizationLogo"},"sameAs":["https:\/\/www.facebook.com\/Nachofdezber","https:\/\/x.com\/NabercoDigital","https:\/\/www.instagram.com\/nachofdezber\/","https:\/\/www.youtube.com\/channel\/UCZP-2wLEB9Rv6erhFmqVnvg"],"address":{"@id":"https:\/\/candas365.es\/noticias\/#postaladdress","@type":"PostalAddress","streetAddress":"san antonio 4, san antonio 4","postalCode":"33430","addressLocality":"Cand\u00e1s","addressRegion":"Asturias","addressCountry":"ES"}},{"@type":"Person","@id":"https:\/\/candas365.es\/noticias\/author\/admin\/#author","url":"https:\/\/candas365.es\/noticias\/author\/admin\/","name":"Cand\u00e1s 365","image":{"@type":"ImageObject","@id":"https:\/\/candas365.es\/noticias\/reduce-tu-huella-en-la-nueva-temporada-de-la-2\/#authorImage","url":"https:\/\/secure.gravatar.com\/avatar\/496a8e03d0c493ede1718b7934145dbdf8d89be1036b0eec9544e1094c9de390?s=96&d=mm&r=g","width":96,"height":96,"caption":"Cand\u00e1s 365"},"sameAs":["https:\/\/www.facebook.com\/carrenoactualidad","https:\/\/twitter.com\/nbasturias","https:\/\/www.instagram.com\/nachofdezber\/","https:\/\/www.youtube.com\/channel\/UCZP-2wLEB9Rv6erhFmqVnvg"]},{"@type":"WebPage","@id":"https:\/\/candas365.es\/noticias\/reduce-tu-huella-en-la-nueva-temporada-de-la-2\/#webpage","url":"https:\/\/candas365.es\/noticias\/reduce-tu-huella-en-la-nueva-temporada-de-la-2\/","name":"\u00abReduce tu huella\u00bb en la nueva temporada de La 2 | Cand\u00e1s 365","description":"\u2018Reduce tu huella\u2019 se incorpora a la nueva temporada de La 2 con una apuesta sostenible para las tardes de los s\u00e1bados. Un programa que apuesta por la divulgaci\u00f3n y el medio ambiente, sin perder de vista el entretenimiento. La periodista Adela \u00dacar se pone al frente para recorrer el pa\u00eds en busca de medidas","inLanguage":"es-ES","isPartOf":{"@id":"https:\/\/candas365.es\/noticias\/#website"},"breadcrumb":{"@id":"https:\/\/candas365.es\/noticias\/reduce-tu-huella-en-la-nueva-temporada-de-la-2\/#breadcrumblist"},"author":{"@id":"https:\/\/candas365.es\/noticias\/author\/admin\/#author"},"creator":{"@id":"https:\/\/candas365.es\/noticias\/author\/admin\/#author"},"image":{"@type":"ImageObject","url":"https:\/\/candas365.es\/noticias\/wp-content\/uploads\/2020\/10\/waste-1741127_640.jpg","@id":"https:\/\/candas365.es\/noticias\/reduce-tu-huella-en-la-nueva-temporada-de-la-2\/#mainImage","width":640,"height":426},"primaryImageOfPage":{"@id":"https:\/\/candas365.es\/noticias\/reduce-tu-huella-en-la-nueva-temporada-de-la-2\/#mainImage"},"datePublished":"2020-10-03T16:40:22+02:00","dateModified":"2020-10-03T16:40:22+02:00"},{"@type":"WebSite","@id":"https:\/\/candas365.es\/noticias\/#website","url":"https:\/\/candas365.es\/noticias\/","name":"Cand\u00e1s 365","alternateName":"Cand\u00e1s 365 Noticias","description":"Actualidad desde Carre\u00f1o para el mundo","inLanguage":"es-ES","publisher":{"@id":"https:\/\/candas365.es\/noticias\/#organization"}}]},"og:locale":"es_ES","og:site_name":"Cand\u00e1s 365","og:type":"article","og:title":"\u00abReduce tu huella\u00bb en la nueva temporada de La 2 | Cand\u00e1s 365","og:description":"\u2018Reduce tu huella\u2019 se incorpora a la nueva temporada de La 2 con una apuesta sostenible para las tardes de los s\u00e1bados. Un programa que apuesta por la divulgaci\u00f3n y el medio ambiente, sin perder de vista el entretenimiento. La periodista Adela \u00dacar se pone al frente para recorrer el pa\u00eds en busca de medidas","og:url":"https:\/\/candas365.es\/noticias\/reduce-tu-huella-en-la-nueva-temporada-de-la-2\/","og:image":"https:\/\/candas365.es\/noticias\/wp-content\/uploads\/2020\/10\/waste-1741127_640.jpg","og:image:secure_url":"https:\/\/candas365.es\/noticias\/wp-content\/uploads\/2020\/10\/waste-1741127_640.jpg","og:image:width":640,"og:image:height":426,"article:published_time":"2020-10-03T16:40:22+00:00","article:modified_time":"2020-10-03T16:40:22+00:00","article:publisher":"https:\/\/www.facebook.com\/Nachofdezber","article:author":"https:\/\/www.facebook.com\/carrenoactualidad","twitter:card":"summary_large_image","twitter:site":"@NabercoDigital","twitter:title":"\u00abReduce tu huella\u00bb en la nueva temporada de La 2 | Cand\u00e1s 365","twitter:description":"\u2018Reduce tu huella\u2019 se incorpora a la nueva temporada de La 2 con una apuesta sostenible para las tardes de los s\u00e1bados. Un programa que apuesta por la divulgaci\u00f3n y el medio ambiente, sin perder de vista el entretenimiento. La periodista Adela \u00dacar se pone al frente para recorrer el pa\u00eds en busca de medidas","twitter:creator":"@nbasturias","twitter:image":"https:\/\/candas365.es\/noticias\/wp-content\/uploads\/2020\/10\/waste-1741127_640.jpg","twitter:label1":"Escrito por","twitter:data1":"Cand\u00e1s 365","twitter:label2":"Tiempo de lectura estimado","twitter:data2":"2 minutos"},"aioseo_meta_data":{"post_id":"147434","title":null,"description":"","keywords":"","keyphrases":null,"primary_term":null,"canonical_url":"","og_title":null,"og_description":null,"og_object_type":"default","og_image_type":"default","og_image_url":null,"og_image_width":null,"og_image_height":null,"og_image_custom_url":null,"og_image_custom_fields":null,"og_video":null,"og_custom_url":null,"og_article_section":null,"og_article_tags":null,"twitter_use_og":false,"twitter_card":"default","twitter_image_type":"default","twitter_image_url":null,"twitter_image_custom_url":null,"twitter_image_custom_fields":null,"twitter_title":null,"twitter_description":null,"schema":{"blockGraphs":[],"customGraphs":[],"default":{"data":{"Article":[],"Course":[],"Dataset":[],"FAQPage":[],"Movie":[],"Person":[],"Product":[],"ProductReview":[],"Car":[],"Recipe":[],"Service":[],"SoftwareApplication":[],"WebPage":[]},"graphName":"","isEnabled":true},"graphs":[],"defaultGraph":"","defaultPostTypeGraph":""},"schema_type":null,"schema_type_options":null,"pillar_content":false,"robots_default":true,"robots_noindex":false,"robots_noarchive":false,"robots_nosnippet":false,"robots_nofollow":false,"robots_noimageindex":false,"robots_noodp":false,"robots_notranslate":false,"robots_max_snippet":null,"robots_max_videopreview":null,"robots_max_imagepreview":"large","priority":null,"frequency":null,"location":null,"local_seo":null,"seo_analyzer_scan_date":"2025-08-31 12:11:12","breadcrumb_settings":null,"limit_modified_date":false,"reviewed_by":null,"open_ai":null,"ai":null,"created":"2020-12-21 10:39:04","updated":"2025-08-31 12:11:12"},"aioseo_breadcrumb":"<div class=\"aioseo-breadcrumbs\"><span class=\"aioseo-breadcrumb\">\n\t<a href=\"https:\/\/candas365.es\/noticias\" title=\"Home\">Home<\/a>\n<\/span><span class=\"aioseo-breadcrumb-separator\">&ndash;<\/span><span class=\"aioseo-breadcrumb\">\n\t<a href=\"https:\/\/candas365.es\/noticias\/category\/agenda\/\" title=\"Agenda\">Agenda<\/a>\n<\/span><span class=\"aioseo-breadcrumb-separator\">&ndash;<\/span><span class=\"aioseo-breadcrumb\">\n\t\u00abReduce tu huella\u00bb en la nueva temporada de La 2\n<\/span><\/div>","aioseo_breadcrumb_json":[{"label":"Home","link":"https:\/\/candas365.es\/noticias"},{"label":"Agenda","link":"https:\/\/candas365.es\/noticias\/category\/agenda\/"},{"label":"\u00abReduce tu huella\u00bb en la nueva temporada de La 2","link":"https:\/\/candas365.es\/noticias\/reduce-tu-huella-en-la-nueva-temporada-de-la-2\/"}],"_links":{"self":[{"href":"https:\/\/candas365.es\/noticias\/wp-json\/wp\/v2\/posts\/147434","targetHints":{"allow":["GET"]}}],"collection":[{"href":"https:\/\/candas365.es\/noticias\/wp-json\/wp\/v2\/posts"}],"about":[{"href":"https:\/\/candas365.es\/noticias\/wp-json\/wp\/v2\/types\/post"}],"author":[{"embeddable":true,"href":"https:\/\/candas365.es\/noticias\/wp-json\/wp\/v2\/users\/1"}],"replies":[{"embeddable":true,"href":"https:\/\/candas365.es\/noticias\/wp-json\/wp\/v2\/comments?post=147434"}],"version-history":[{"count":0,"href":"https:\/\/candas365.es\/noticias\/wp-json\/wp\/v2\/posts\/147434\/revisions"}],"wp:featuredmedia":[{"embeddable":true,"href":"https:\/\/candas365.es\/noticias\/wp-json\/wp\/v2\/media\/147435"}],"wp:attachment":[{"href":"https:\/\/candas365.es\/noticias\/wp-json\/wp\/v2\/media?parent=147434"}],"wp:term":[{"taxonomy":"category","embeddable":true,"href":"https:\/\/candas365.es\/noticias\/wp-json\/wp\/v2\/categories?post=147434"},{"taxonomy":"post_tag","embeddable":true,"href":"https:\/\/candas365.es\/noticias\/wp-json\/wp\/v2\/tags?post=147434"}],"curies":[{"name":"wp","href":"https:\/\/api.w.org\/{rel}","templated":true}]}}