{"id":147422,"date":"2020-10-03T13:54:58","date_gmt":"2020-10-03T13:54:58","guid":{"rendered":"http:\/\/candas365.es\/noticias\/?p=147422"},"modified":"2020-10-03T13:54:58","modified_gmt":"2020-10-03T13:54:58","slug":"lewandowski-y-el-bayern-orgullosos-de-recibir-premios-de-uefa","status":"publish","type":"post","link":"https:\/\/candas365.es\/noticias\/lewandowski-y-el-bayern-orgullosos-de-recibir-premios-de-uefa\/","title":{"rendered":"Lewandowski y el Bayern, orgullosos de recibir premios de UEFA"},"content":{"rendered":"<figure id=\"attachment_147423\" aria-describedby=\"caption-attachment-147423\" style=\"width: 360px\" class=\"wp-caption alignleft\"><img fetchpriority=\"high\" decoding=\"async\" class=\"size-medium wp-image-147423\" src=\"https:\/\/candas365.es\/noticias\/wp-content\/uploads\/2020\/10\/Bayern-360x223.jpg\" alt=\"\" width=\"360\" height=\"223\" srcset=\"https:\/\/candas365.es\/noticias\/wp-content\/uploads\/2020\/10\/Bayern-360x223.jpg 360w, https:\/\/candas365.es\/noticias\/wp-content\/uploads\/2020\/10\/Bayern-650x403.jpg 650w, https:\/\/candas365.es\/noticias\/wp-content\/uploads\/2020\/10\/Bayern-768x476.jpg 768w, https:\/\/candas365.es\/noticias\/wp-content\/uploads\/2020\/10\/Bayern-696x431.jpg 696w, https:\/\/candas365.es\/noticias\/wp-content\/uploads\/2020\/10\/Bayern-677x420.jpg 677w, https:\/\/candas365.es\/noticias\/wp-content\/uploads\/2020\/10\/Bayern-356x220.jpg 356w, https:\/\/candas365.es\/noticias\/wp-content\/uploads\/2020\/10\/Bayern.jpg 1042w\" sizes=\"(max-width: 360px) 100vw, 360px\" \/><figcaption id=\"caption-attachment-147423\" class=\"wp-caption-text\">Hansi Flick es elegido como Entrenador del A\u00f1o de Europa. Foto: Robert Michael\/dpa-Zentralbild\/Pool\/dpa<\/figcaption><\/figure>\n<p>Ginebra (Suiza), 2 oct (dpa) &#8211; La estrella del Bayern M\u00fanich Robert Lewandowski dio rienda suelta a su alegr\u00eda tras haber sido elegido \u00abmejor delantero de Europa\u00bb en la gala de premios que otorga la Uni\u00f3n Europea de F\u00fatbol (UEFA), celebrada en Ginebra.<\/p>\n<p>\u00abSignifica mucho para m\u00ed poder haber ganado este trofeo en la \u00e9poca activa de Lionel Messi y Cristiano Ronaldo\u00bb, se\u00f1al\u00f3 el jugador polaco en alusi\u00f3n a las dos superestrellas que brillaron por su ausencia en esta edici\u00f3n. Por primera vez desde 2006, el argentino del FC Barcelona y el portugu\u00e9s del Juventus Tur\u00edn no estuvieron entre los tres nominados para el prestigioso galard\u00f3n europeo.<\/p>\n<p>\u00abRobert Lewandowski es sin\u00f3nimo de goles y espect\u00e1culo, las dos cosas que al fin y al cabo entusiasman tanto a los aficionados a este deporte\u00bb, coment\u00f3 Herbert Hainer, presidente del Bayern. \u00abEn mi opini\u00f3n, es desde hace tiempo el mejor delantero de Europa, se ha ganado con creces esta distinci\u00f3n\u00bb.<\/p>\n<p>Hainer destac\u00f3 que el polaco es \u00abuno de los jugadores m\u00e1s importantes en la historia del club\u00bb.<\/p>\n<p>El Bayern tuvo motivos con creces para celebrar, ya que, adem\u00e1s de Lewandowski, el m\u00e1ximo organismo del f\u00fatbol europeo eligi\u00f3 a Manuel Neuer como mejor portero, a Joshua Kimmich como mejor defensa y al exitoso entrenador Hansi Flick como mejor t\u00e9cnico.<\/p>\n<p>\u00abFue una noche hist\u00f3rica para el Bayern\u00bb, apunt\u00f3 Karl-Heinz Rummenigge, presidente de la junta directiva del campe\u00f3n de la Bundesliga.<\/p>\n<p>\u00abTodos estos son signos claros del magn\u00edfico rendimiento demostrado por nuestro equipo y por el equipo de t\u00e9cnicos. El Bayern est\u00e1 viviendo un momento excepcional que no tiene comparaci\u00f3n\u00bb, a\u00f1adi\u00f3 Rummenigge.<\/p>\n","protected":false},"excerpt":{"rendered":"<p>Ginebra (Suiza), 2 oct (dpa) &#8211; La estrella del Bayern M\u00fanich Robert Lewandowski dio rienda suelta a su alegr\u00eda tras haber sido elegido \u00abmejor delantero de Europa\u00bb en la gala de premios que otorga la Uni\u00f3n Europea de F\u00fatbol (UEFA), celebrada en Ginebra. \u00abSignifica mucho para m\u00ed poder haber ganado este trofeo en la \u00e9poca<\/p>\n","protected":false},"author":1,"featured_media":147423,"comment_status":"closed","ping_status":"closed","sticky":false,"template":"","format":"standard","meta":{"footnotes":""},"categories":[319],"tags":[],"class_list":{"0":"post-147422","1":"post","2":"type-post","3":"status-publish","4":"format-standard","5":"has-post-thumbnail","7":"category-deporte"},"aioseo_notices":[],"aioseo_head":"\n\t\t<!-- All in One SEO Pro 4.9.6.2 - aioseo.com -->\n\t<meta name=\"description\" content=\"Ginebra (Suiza), 2 oct (dpa) - La estrella del Bayern M\u00fanich Robert Lewandowski dio rienda suelta a su alegr\u00eda tras haber sido elegido &quot;mejor delantero de Europa&quot; en la gala de premios que otorga la Uni\u00f3n Europea de F\u00fatbol (UEFA), celebrada en Ginebra. &quot;Significa mucho para m\u00ed poder haber ganado este trofeo en la \u00e9poca\" \/>\n\t<meta name=\"robots\" content=\"max-image-preview:large\" \/>\n\t<meta name=\"author\" content=\"Cand\u00e1s 365\"\/>\n\t<meta name=\"google-site-verification\" content=\"UA-32230408-1\" \/>\n\t<meta name=\"msvalidate.01\" content=\"354F3CDFB2DA171B47FBE9ABF1F88D5\" \/>\n\t<meta name=\"keywords\" content=\"deporte\" \/>\n\t<link rel=\"canonical\" href=\"https:\/\/candas365.es\/noticias\/lewandowski-y-el-bayern-orgullosos-de-recibir-premios-de-uefa\/\" \/>\n\t<meta name=\"generator\" content=\"All in One SEO Pro (AIOSEO) 4.9.6.2\" \/>\n\t\t<meta property=\"og:locale\" content=\"es_ES\" \/>\n\t\t<meta property=\"og:site_name\" content=\"Cand\u00e1s 365\" \/>\n\t\t<meta property=\"og:type\" content=\"article\" \/>\n\t\t<meta property=\"og:title\" content=\"Lewandowski y el Bayern, orgullosos de recibir premios de UEFA | Cand\u00e1s 365\" \/>\n\t\t<meta property=\"og:description\" content=\"Ginebra (Suiza), 2 oct (dpa) - La estrella del Bayern M\u00fanich Robert Lewandowski dio rienda suelta a su alegr\u00eda tras haber sido elegido &quot;mejor delantero de Europa&quot; en la gala de premios que otorga la Uni\u00f3n Europea de F\u00fatbol (UEFA), celebrada en Ginebra. &quot;Significa mucho para m\u00ed poder haber ganado este trofeo en la \u00e9poca\" \/>\n\t\t<meta property=\"og:url\" content=\"https:\/\/candas365.es\/noticias\/lewandowski-y-el-bayern-orgullosos-de-recibir-premios-de-uefa\/\" \/>\n\t\t<meta property=\"og:image\" content=\"https:\/\/candas365.es\/noticias\/wp-content\/uploads\/2020\/10\/Bayern.jpg\" \/>\n\t\t<meta property=\"og:image:secure_url\" content=\"https:\/\/candas365.es\/noticias\/wp-content\/uploads\/2020\/10\/Bayern.jpg\" \/>\n\t\t<meta property=\"og:image:width\" content=\"1042\" \/>\n\t\t<meta property=\"og:image:height\" content=\"646\" \/>\n\t\t<meta property=\"article:published_time\" content=\"2020-10-03T13:54:58+00:00\" \/>\n\t\t<meta property=\"article:modified_time\" content=\"2020-10-03T13:54:58+00:00\" \/>\n\t\t<meta property=\"article:publisher\" content=\"https:\/\/www.facebook.com\/Nachofdezber\" \/>\n\t\t<meta property=\"article:author\" content=\"https:\/\/www.facebook.com\/carrenoactualidad\" \/>\n\t\t<meta name=\"twitter:card\" content=\"summary_large_image\" \/>\n\t\t<meta name=\"twitter:site\" content=\"@NabercoDigital\" \/>\n\t\t<meta name=\"twitter:title\" content=\"Lewandowski y el Bayern, orgullosos de recibir premios de UEFA | Cand\u00e1s 365\" \/>\n\t\t<meta name=\"twitter:description\" content=\"Ginebra (Suiza), 2 oct (dpa) - La estrella del Bayern M\u00fanich Robert Lewandowski dio rienda suelta a su alegr\u00eda tras haber sido elegido &quot;mejor delantero de Europa&quot; en la gala de premios que otorga la Uni\u00f3n Europea de F\u00fatbol (UEFA), celebrada en Ginebra. &quot;Significa mucho para m\u00ed poder haber ganado este trofeo en la \u00e9poca\" \/>\n\t\t<meta name=\"twitter:creator\" content=\"@nbasturias\" \/>\n\t\t<meta name=\"twitter:image\" content=\"https:\/\/candas365.es\/noticias\/wp-content\/uploads\/2020\/10\/Bayern.jpg\" \/>\n\t\t<meta name=\"twitter:label1\" content=\"Escrito por\" \/>\n\t\t<meta name=\"twitter:data1\" content=\"Cand\u00e1s 365\" \/>\n\t\t<meta name=\"twitter:label2\" content=\"Tiempo de lectura estimado\" \/>\n\t\t<meta name=\"twitter:data2\" content=\"2 minutos\" \/>\n\t\t<script type=\"application\/ld+json\" class=\"aioseo-schema\">\n\t\t\t{\"@context\":\"https:\\\/\\\/schema.org\",\"@graph\":[{\"@type\":\"BreadcrumbList\",\"@id\":\"https:\\\/\\\/candas365.es\\\/noticias\\\/lewandowski-y-el-bayern-orgullosos-de-recibir-premios-de-uefa\\\/#breadcrumblist\",\"itemListElement\":[{\"@type\":\"ListItem\",\"@id\":\"https:\\\/\\\/candas365.es\\\/noticias#listItem\",\"position\":1,\"name\":\"Home\",\"item\":\"https:\\\/\\\/candas365.es\\\/noticias\",\"nextItem\":{\"@type\":\"ListItem\",\"@id\":\"https:\\\/\\\/candas365.es\\\/noticias\\\/category\\\/deporte\\\/#listItem\",\"name\":\"Deporte\"}},{\"@type\":\"ListItem\",\"@id\":\"https:\\\/\\\/candas365.es\\\/noticias\\\/category\\\/deporte\\\/#listItem\",\"position\":2,\"name\":\"Deporte\",\"item\":\"https:\\\/\\\/candas365.es\\\/noticias\\\/category\\\/deporte\\\/\",\"nextItem\":{\"@type\":\"ListItem\",\"@id\":\"https:\\\/\\\/candas365.es\\\/noticias\\\/lewandowski-y-el-bayern-orgullosos-de-recibir-premios-de-uefa\\\/#listItem\",\"name\":\"Lewandowski y el Bayern, orgullosos de recibir premios de UEFA\"},\"previousItem\":{\"@type\":\"ListItem\",\"@id\":\"https:\\\/\\\/candas365.es\\\/noticias#listItem\",\"name\":\"Home\"}},{\"@type\":\"ListItem\",\"@id\":\"https:\\\/\\\/candas365.es\\\/noticias\\\/lewandowski-y-el-bayern-orgullosos-de-recibir-premios-de-uefa\\\/#listItem\",\"position\":3,\"name\":\"Lewandowski y el Bayern, orgullosos de recibir premios de UEFA\",\"previousItem\":{\"@type\":\"ListItem\",\"@id\":\"https:\\\/\\\/candas365.es\\\/noticias\\\/category\\\/deporte\\\/#listItem\",\"name\":\"Deporte\"}}]},{\"@type\":\"NewsArticle\",\"@id\":\"https:\\\/\\\/candas365.es\\\/noticias\\\/lewandowski-y-el-bayern-orgullosos-de-recibir-premios-de-uefa\\\/#newsarticle\",\"name\":\"Lewandowski y el Bayern, orgullosos de recibir premios de UEFA | Cand\\u00e1s 365\",\"headline\":\"Lewandowski y el Bayern, orgullosos de recibir premios de UEFA\",\"author\":{\"@id\":\"https:\\\/\\\/candas365.es\\\/noticias\\\/author\\\/admin\\\/#author\"},\"publisher\":{\"@id\":\"https:\\\/\\\/candas365.es\\\/noticias\\\/#organization\"},\"image\":{\"@type\":\"ImageObject\",\"url\":\"https:\\\/\\\/candas365.es\\\/noticias\\\/wp-content\\\/uploads\\\/2020\\\/10\\\/Bayern.jpg\",\"width\":1042,\"height\":646,\"caption\":\"Hansi Flick es elegido como Entrenador del A\\u00f1o de Europa. Foto: Robert Michael\\\/dpa-Zentralbild\\\/Pool\\\/dpa\"},\"datePublished\":\"2020-10-03T13:54:58+02:00\",\"dateModified\":\"2020-10-03T13:54:58+02:00\",\"inLanguage\":\"es-ES\",\"mainEntityOfPage\":{\"@id\":\"https:\\\/\\\/candas365.es\\\/noticias\\\/lewandowski-y-el-bayern-orgullosos-de-recibir-premios-de-uefa\\\/#webpage\"},\"isPartOf\":{\"@id\":\"https:\\\/\\\/candas365.es\\\/noticias\\\/lewandowski-y-el-bayern-orgullosos-de-recibir-premios-de-uefa\\\/#webpage\"},\"articleSection\":\"Deporte\",\"dateline\":\"Publicado el octubre 3, 2020.\"},{\"@type\":\"Organization\",\"@id\":\"https:\\\/\\\/candas365.es\\\/noticias\\\/#organization\",\"name\":\"Cand\\u00e1s 365\",\"description\":\"Cand\\u00e1s 365 es un diario digital independiente, fundado en 2012, con base en Asturias. Informamos con rigor sobre actualidad, sociedad, cultura y ocio, con una mirada local y global.\",\"url\":\"https:\\\/\\\/candas365.es\\\/noticias\\\/\",\"email\":\"info@candas365.es\",\"telephone\":\"+34652131393\",\"foundingDate\":\"2012-06-10\",\"logo\":{\"@type\":\"ImageObject\",\"url\":\"https:\\\/\\\/candas365.es\\\/noticias\\\/wp-content\\\/uploads\\\/2024\\\/09\\\/Candas-365-Redes.jpg\",\"@id\":\"https:\\\/\\\/candas365.es\\\/noticias\\\/lewandowski-y-el-bayern-orgullosos-de-recibir-premios-de-uefa\\\/#organizationLogo\",\"width\":1152,\"height\":864,\"caption\":\"Cand\\u00e1s 365 Redes\"},\"image\":{\"@id\":\"https:\\\/\\\/candas365.es\\\/noticias\\\/lewandowski-y-el-bayern-orgullosos-de-recibir-premios-de-uefa\\\/#organizationLogo\"},\"sameAs\":[\"https:\\\/\\\/www.facebook.com\\\/Nachofdezber\",\"https:\\\/\\\/x.com\\\/NabercoDigital\",\"https:\\\/\\\/www.instagram.com\\\/nachofdezber\\\/\",\"https:\\\/\\\/www.youtube.com\\\/channel\\\/UCZP-2wLEB9Rv6erhFmqVnvg\"],\"address\":{\"@id\":\"https:\\\/\\\/candas365.es\\\/noticias\\\/#postaladdress\",\"@type\":\"PostalAddress\",\"streetAddress\":\"san antonio 4, san antonio 4\",\"postalCode\":\"33430\",\"addressLocality\":\"Cand\\u00e1s\",\"addressRegion\":\"Asturias\",\"addressCountry\":\"ES\"}},{\"@type\":\"Person\",\"@id\":\"https:\\\/\\\/candas365.es\\\/noticias\\\/author\\\/admin\\\/#author\",\"url\":\"https:\\\/\\\/candas365.es\\\/noticias\\\/author\\\/admin\\\/\",\"name\":\"Cand\\u00e1s 365\",\"image\":{\"@type\":\"ImageObject\",\"@id\":\"https:\\\/\\\/candas365.es\\\/noticias\\\/lewandowski-y-el-bayern-orgullosos-de-recibir-premios-de-uefa\\\/#authorImage\",\"url\":\"https:\\\/\\\/secure.gravatar.com\\\/avatar\\\/496a8e03d0c493ede1718b7934145dbdf8d89be1036b0eec9544e1094c9de390?s=96&d=mm&r=g\",\"width\":96,\"height\":96,\"caption\":\"Cand\\u00e1s 365\"},\"sameAs\":[\"https:\\\/\\\/www.facebook.com\\\/carrenoactualidad\",\"https:\\\/\\\/twitter.com\\\/nbasturias\",\"https:\\\/\\\/www.instagram.com\\\/nachofdezber\\\/\",\"https:\\\/\\\/www.youtube.com\\\/channel\\\/UCZP-2wLEB9Rv6erhFmqVnvg\"]},{\"@type\":\"WebPage\",\"@id\":\"https:\\\/\\\/candas365.es\\\/noticias\\\/lewandowski-y-el-bayern-orgullosos-de-recibir-premios-de-uefa\\\/#webpage\",\"url\":\"https:\\\/\\\/candas365.es\\\/noticias\\\/lewandowski-y-el-bayern-orgullosos-de-recibir-premios-de-uefa\\\/\",\"name\":\"Lewandowski y el Bayern, orgullosos de recibir premios de UEFA | Cand\\u00e1s 365\",\"description\":\"Ginebra (Suiza), 2 oct (dpa) - La estrella del Bayern M\\u00fanich Robert Lewandowski dio rienda suelta a su alegr\\u00eda tras haber sido elegido \\\"mejor delantero de Europa\\\" en la gala de premios que otorga la Uni\\u00f3n Europea de F\\u00fatbol (UEFA), celebrada en Ginebra. \\\"Significa mucho para m\\u00ed poder haber ganado este trofeo en la \\u00e9poca\",\"inLanguage\":\"es-ES\",\"isPartOf\":{\"@id\":\"https:\\\/\\\/candas365.es\\\/noticias\\\/#website\"},\"breadcrumb\":{\"@id\":\"https:\\\/\\\/candas365.es\\\/noticias\\\/lewandowski-y-el-bayern-orgullosos-de-recibir-premios-de-uefa\\\/#breadcrumblist\"},\"author\":{\"@id\":\"https:\\\/\\\/candas365.es\\\/noticias\\\/author\\\/admin\\\/#author\"},\"creator\":{\"@id\":\"https:\\\/\\\/candas365.es\\\/noticias\\\/author\\\/admin\\\/#author\"},\"image\":{\"@type\":\"ImageObject\",\"url\":\"https:\\\/\\\/candas365.es\\\/noticias\\\/wp-content\\\/uploads\\\/2020\\\/10\\\/Bayern.jpg\",\"@id\":\"https:\\\/\\\/candas365.es\\\/noticias\\\/lewandowski-y-el-bayern-orgullosos-de-recibir-premios-de-uefa\\\/#mainImage\",\"width\":1042,\"height\":646,\"caption\":\"Hansi Flick es elegido como Entrenador del A\\u00f1o de Europa. Foto: Robert Michael\\\/dpa-Zentralbild\\\/Pool\\\/dpa\"},\"primaryImageOfPage\":{\"@id\":\"https:\\\/\\\/candas365.es\\\/noticias\\\/lewandowski-y-el-bayern-orgullosos-de-recibir-premios-de-uefa\\\/#mainImage\"},\"datePublished\":\"2020-10-03T13:54:58+02:00\",\"dateModified\":\"2020-10-03T13:54:58+02:00\"},{\"@type\":\"WebSite\",\"@id\":\"https:\\\/\\\/candas365.es\\\/noticias\\\/#website\",\"url\":\"https:\\\/\\\/candas365.es\\\/noticias\\\/\",\"name\":\"Cand\\u00e1s 365\",\"alternateName\":\"Cand\\u00e1s 365 Noticias\",\"description\":\"Actualidad desde Carre\\u00f1o para el mundo\",\"inLanguage\":\"es-ES\",\"publisher\":{\"@id\":\"https:\\\/\\\/candas365.es\\\/noticias\\\/#organization\"}}]}\n\t\t<\/script>\n\t\t<!-- All in One SEO Pro -->\r\n\t\t<title>Lewandowski y el Bayern, orgullosos de recibir premios de UEFA | Cand\u00e1s 365<\/title>\n\n","aioseo_head_json":{"title":"Lewandowski y el Bayern, orgullosos de recibir premios de UEFA | Cand\u00e1s 365","description":"Ginebra (Suiza), 2 oct (dpa) - La estrella del Bayern M\u00fanich Robert Lewandowski dio rienda suelta a su alegr\u00eda tras haber sido elegido \"mejor delantero de Europa\" en la gala de premios que otorga la Uni\u00f3n Europea de F\u00fatbol (UEFA), celebrada en Ginebra. \"Significa mucho para m\u00ed poder haber ganado este trofeo en la \u00e9poca","canonical_url":"https:\/\/candas365.es\/noticias\/lewandowski-y-el-bayern-orgullosos-de-recibir-premios-de-uefa\/","robots":"max-image-preview:large","keywords":"deporte","webmasterTools":{"google-site-verification":"UA-32230408-1","msvalidate.01":"354F3CDFB2DA171B47FBE9ABF1F88D5","miscellaneous":""},"schema":{"@context":"https:\/\/schema.org","@graph":[{"@type":"BreadcrumbList","@id":"https:\/\/candas365.es\/noticias\/lewandowski-y-el-bayern-orgullosos-de-recibir-premios-de-uefa\/#breadcrumblist","itemListElement":[{"@type":"ListItem","@id":"https:\/\/candas365.es\/noticias#listItem","position":1,"name":"Home","item":"https:\/\/candas365.es\/noticias","nextItem":{"@type":"ListItem","@id":"https:\/\/candas365.es\/noticias\/category\/deporte\/#listItem","name":"Deporte"}},{"@type":"ListItem","@id":"https:\/\/candas365.es\/noticias\/category\/deporte\/#listItem","position":2,"name":"Deporte","item":"https:\/\/candas365.es\/noticias\/category\/deporte\/","nextItem":{"@type":"ListItem","@id":"https:\/\/candas365.es\/noticias\/lewandowski-y-el-bayern-orgullosos-de-recibir-premios-de-uefa\/#listItem","name":"Lewandowski y el Bayern, orgullosos de recibir premios de UEFA"},"previousItem":{"@type":"ListItem","@id":"https:\/\/candas365.es\/noticias#listItem","name":"Home"}},{"@type":"ListItem","@id":"https:\/\/candas365.es\/noticias\/lewandowski-y-el-bayern-orgullosos-de-recibir-premios-de-uefa\/#listItem","position":3,"name":"Lewandowski y el Bayern, orgullosos de recibir premios de UEFA","previousItem":{"@type":"ListItem","@id":"https:\/\/candas365.es\/noticias\/category\/deporte\/#listItem","name":"Deporte"}}]},{"@type":"NewsArticle","@id":"https:\/\/candas365.es\/noticias\/lewandowski-y-el-bayern-orgullosos-de-recibir-premios-de-uefa\/#newsarticle","name":"Lewandowski y el Bayern, orgullosos de recibir premios de UEFA | Cand\u00e1s 365","headline":"Lewandowski y el Bayern, orgullosos de recibir premios de UEFA","author":{"@id":"https:\/\/candas365.es\/noticias\/author\/admin\/#author"},"publisher":{"@id":"https:\/\/candas365.es\/noticias\/#organization"},"image":{"@type":"ImageObject","url":"https:\/\/candas365.es\/noticias\/wp-content\/uploads\/2020\/10\/Bayern.jpg","width":1042,"height":646,"caption":"Hansi Flick es elegido como Entrenador del A\u00f1o de Europa. Foto: Robert Michael\/dpa-Zentralbild\/Pool\/dpa"},"datePublished":"2020-10-03T13:54:58+02:00","dateModified":"2020-10-03T13:54:58+02:00","inLanguage":"es-ES","mainEntityOfPage":{"@id":"https:\/\/candas365.es\/noticias\/lewandowski-y-el-bayern-orgullosos-de-recibir-premios-de-uefa\/#webpage"},"isPartOf":{"@id":"https:\/\/candas365.es\/noticias\/lewandowski-y-el-bayern-orgullosos-de-recibir-premios-de-uefa\/#webpage"},"articleSection":"Deporte","dateline":"Publicado el octubre 3, 2020."},{"@type":"Organization","@id":"https:\/\/candas365.es\/noticias\/#organization","name":"Cand\u00e1s 365","description":"Cand\u00e1s 365 es un diario digital independiente, fundado en 2012, con base en Asturias. Informamos con rigor sobre actualidad, sociedad, cultura y ocio, con una mirada local y global.","url":"https:\/\/candas365.es\/noticias\/","email":"info@candas365.es","telephone":"+34652131393","foundingDate":"2012-06-10","logo":{"@type":"ImageObject","url":"https:\/\/candas365.es\/noticias\/wp-content\/uploads\/2024\/09\/Candas-365-Redes.jpg","@id":"https:\/\/candas365.es\/noticias\/lewandowski-y-el-bayern-orgullosos-de-recibir-premios-de-uefa\/#organizationLogo","width":1152,"height":864,"caption":"Cand\u00e1s 365 Redes"},"image":{"@id":"https:\/\/candas365.es\/noticias\/lewandowski-y-el-bayern-orgullosos-de-recibir-premios-de-uefa\/#organizationLogo"},"sameAs":["https:\/\/www.facebook.com\/Nachofdezber","https:\/\/x.com\/NabercoDigital","https:\/\/www.instagram.com\/nachofdezber\/","https:\/\/www.youtube.com\/channel\/UCZP-2wLEB9Rv6erhFmqVnvg"],"address":{"@id":"https:\/\/candas365.es\/noticias\/#postaladdress","@type":"PostalAddress","streetAddress":"san antonio 4, san antonio 4","postalCode":"33430","addressLocality":"Cand\u00e1s","addressRegion":"Asturias","addressCountry":"ES"}},{"@type":"Person","@id":"https:\/\/candas365.es\/noticias\/author\/admin\/#author","url":"https:\/\/candas365.es\/noticias\/author\/admin\/","name":"Cand\u00e1s 365","image":{"@type":"ImageObject","@id":"https:\/\/candas365.es\/noticias\/lewandowski-y-el-bayern-orgullosos-de-recibir-premios-de-uefa\/#authorImage","url":"https:\/\/secure.gravatar.com\/avatar\/496a8e03d0c493ede1718b7934145dbdf8d89be1036b0eec9544e1094c9de390?s=96&d=mm&r=g","width":96,"height":96,"caption":"Cand\u00e1s 365"},"sameAs":["https:\/\/www.facebook.com\/carrenoactualidad","https:\/\/twitter.com\/nbasturias","https:\/\/www.instagram.com\/nachofdezber\/","https:\/\/www.youtube.com\/channel\/UCZP-2wLEB9Rv6erhFmqVnvg"]},{"@type":"WebPage","@id":"https:\/\/candas365.es\/noticias\/lewandowski-y-el-bayern-orgullosos-de-recibir-premios-de-uefa\/#webpage","url":"https:\/\/candas365.es\/noticias\/lewandowski-y-el-bayern-orgullosos-de-recibir-premios-de-uefa\/","name":"Lewandowski y el Bayern, orgullosos de recibir premios de UEFA | Cand\u00e1s 365","description":"Ginebra (Suiza), 2 oct (dpa) - La estrella del Bayern M\u00fanich Robert Lewandowski dio rienda suelta a su alegr\u00eda tras haber sido elegido \"mejor delantero de Europa\" en la gala de premios que otorga la Uni\u00f3n Europea de F\u00fatbol (UEFA), celebrada en Ginebra. \"Significa mucho para m\u00ed poder haber ganado este trofeo en la \u00e9poca","inLanguage":"es-ES","isPartOf":{"@id":"https:\/\/candas365.es\/noticias\/#website"},"breadcrumb":{"@id":"https:\/\/candas365.es\/noticias\/lewandowski-y-el-bayern-orgullosos-de-recibir-premios-de-uefa\/#breadcrumblist"},"author":{"@id":"https:\/\/candas365.es\/noticias\/author\/admin\/#author"},"creator":{"@id":"https:\/\/candas365.es\/noticias\/author\/admin\/#author"},"image":{"@type":"ImageObject","url":"https:\/\/candas365.es\/noticias\/wp-content\/uploads\/2020\/10\/Bayern.jpg","@id":"https:\/\/candas365.es\/noticias\/lewandowski-y-el-bayern-orgullosos-de-recibir-premios-de-uefa\/#mainImage","width":1042,"height":646,"caption":"Hansi Flick es elegido como Entrenador del A\u00f1o de Europa. Foto: Robert Michael\/dpa-Zentralbild\/Pool\/dpa"},"primaryImageOfPage":{"@id":"https:\/\/candas365.es\/noticias\/lewandowski-y-el-bayern-orgullosos-de-recibir-premios-de-uefa\/#mainImage"},"datePublished":"2020-10-03T13:54:58+02:00","dateModified":"2020-10-03T13:54:58+02:00"},{"@type":"WebSite","@id":"https:\/\/candas365.es\/noticias\/#website","url":"https:\/\/candas365.es\/noticias\/","name":"Cand\u00e1s 365","alternateName":"Cand\u00e1s 365 Noticias","description":"Actualidad desde Carre\u00f1o para el mundo","inLanguage":"es-ES","publisher":{"@id":"https:\/\/candas365.es\/noticias\/#organization"}}]},"og:locale":"es_ES","og:site_name":"Cand\u00e1s 365","og:type":"article","og:title":"Lewandowski y el Bayern, orgullosos de recibir premios de UEFA | Cand\u00e1s 365","og:description":"Ginebra (Suiza), 2 oct (dpa) - La estrella del Bayern M\u00fanich Robert Lewandowski dio rienda suelta a su alegr\u00eda tras haber sido elegido &quot;mejor delantero de Europa&quot; en la gala de premios que otorga la Uni\u00f3n Europea de F\u00fatbol (UEFA), celebrada en Ginebra. &quot;Significa mucho para m\u00ed poder haber ganado este trofeo en la \u00e9poca","og:url":"https:\/\/candas365.es\/noticias\/lewandowski-y-el-bayern-orgullosos-de-recibir-premios-de-uefa\/","og:image":"https:\/\/candas365.es\/noticias\/wp-content\/uploads\/2020\/10\/Bayern.jpg","og:image:secure_url":"https:\/\/candas365.es\/noticias\/wp-content\/uploads\/2020\/10\/Bayern.jpg","og:image:width":1042,"og:image:height":646,"article:published_time":"2020-10-03T13:54:58+00:00","article:modified_time":"2020-10-03T13:54:58+00:00","article:publisher":"https:\/\/www.facebook.com\/Nachofdezber","article:author":"https:\/\/www.facebook.com\/carrenoactualidad","twitter:card":"summary_large_image","twitter:site":"@NabercoDigital","twitter:title":"Lewandowski y el Bayern, orgullosos de recibir premios de UEFA | Cand\u00e1s 365","twitter:description":"Ginebra (Suiza), 2 oct (dpa) - La estrella del Bayern M\u00fanich Robert Lewandowski dio rienda suelta a su alegr\u00eda tras haber sido elegido &quot;mejor delantero de Europa&quot; en la gala de premios que otorga la Uni\u00f3n Europea de F\u00fatbol (UEFA), celebrada en Ginebra. &quot;Significa mucho para m\u00ed poder haber ganado este trofeo en la \u00e9poca","twitter:creator":"@nbasturias","twitter:image":"https:\/\/candas365.es\/noticias\/wp-content\/uploads\/2020\/10\/Bayern.jpg","twitter:label1":"Escrito por","twitter:data1":"Cand\u00e1s 365","twitter:label2":"Tiempo de lectura estimado","twitter:data2":"2 minutos"},"aioseo_meta_data":{"post_id":"147422","title":null,"description":"","keywords":"","keyphrases":null,"primary_term":null,"canonical_url":"","og_title":null,"og_description":null,"og_object_type":"default","og_image_type":"default","og_image_url":null,"og_image_width":null,"og_image_height":null,"og_image_custom_url":null,"og_image_custom_fields":null,"og_video":null,"og_custom_url":null,"og_article_section":null,"og_article_tags":null,"twitter_use_og":false,"twitter_card":"default","twitter_image_type":"default","twitter_image_url":null,"twitter_image_custom_url":null,"twitter_image_custom_fields":null,"twitter_title":null,"twitter_description":null,"schema":{"blockGraphs":[],"customGraphs":[],"default":{"data":{"Article":[],"Course":[],"Dataset":[],"FAQPage":[],"Movie":[],"Person":[],"Product":[],"ProductReview":[],"Car":[],"Recipe":[],"Service":[],"SoftwareApplication":[],"WebPage":[]},"graphName":"","isEnabled":true},"graphs":[]},"schema_type":null,"schema_type_options":null,"pillar_content":false,"robots_default":true,"robots_noindex":false,"robots_noarchive":false,"robots_nosnippet":false,"robots_nofollow":false,"robots_noimageindex":false,"robots_noodp":false,"robots_notranslate":false,"robots_max_snippet":null,"robots_max_videopreview":null,"robots_max_imagepreview":"large","priority":null,"frequency":null,"location":null,"local_seo":null,"seo_analyzer_scan_date":"2025-08-31 12:09:35","breadcrumb_settings":null,"limit_modified_date":false,"reviewed_by":null,"open_ai":null,"ai":null,"created":"2020-12-21 10:39:10","updated":"2025-08-31 12:09:35"},"aioseo_breadcrumb":"<div class=\"aioseo-breadcrumbs\"><span class=\"aioseo-breadcrumb\">\n\t<a href=\"https:\/\/candas365.es\/noticias\" title=\"Home\">Home<\/a>\n<\/span><span class=\"aioseo-breadcrumb-separator\">&ndash;<\/span><span class=\"aioseo-breadcrumb\">\n\t<a href=\"https:\/\/candas365.es\/noticias\/category\/deporte\/\" title=\"Deporte\">Deporte<\/a>\n<\/span><span class=\"aioseo-breadcrumb-separator\">&ndash;<\/span><span class=\"aioseo-breadcrumb\">\n\tLewandowski y el Bayern, orgullosos de recibir premios de UEFA\n<\/span><\/div>","aioseo_breadcrumb_json":[{"label":"Home","link":"https:\/\/candas365.es\/noticias"},{"label":"Deporte","link":"https:\/\/candas365.es\/noticias\/category\/deporte\/"},{"label":"Lewandowski y el Bayern, orgullosos de recibir premios de UEFA","link":"https:\/\/candas365.es\/noticias\/lewandowski-y-el-bayern-orgullosos-de-recibir-premios-de-uefa\/"}],"_links":{"self":[{"href":"https:\/\/candas365.es\/noticias\/wp-json\/wp\/v2\/posts\/147422","targetHints":{"allow":["GET"]}}],"collection":[{"href":"https:\/\/candas365.es\/noticias\/wp-json\/wp\/v2\/posts"}],"about":[{"href":"https:\/\/candas365.es\/noticias\/wp-json\/wp\/v2\/types\/post"}],"author":[{"embeddable":true,"href":"https:\/\/candas365.es\/noticias\/wp-json\/wp\/v2\/users\/1"}],"replies":[{"embeddable":true,"href":"https:\/\/candas365.es\/noticias\/wp-json\/wp\/v2\/comments?post=147422"}],"version-history":[{"count":0,"href":"https:\/\/candas365.es\/noticias\/wp-json\/wp\/v2\/posts\/147422\/revisions"}],"wp:featuredmedia":[{"embeddable":true,"href":"https:\/\/candas365.es\/noticias\/wp-json\/wp\/v2\/media\/147423"}],"wp:attachment":[{"href":"https:\/\/candas365.es\/noticias\/wp-json\/wp\/v2\/media?parent=147422"}],"wp:term":[{"taxonomy":"category","embeddable":true,"href":"https:\/\/candas365.es\/noticias\/wp-json\/wp\/v2\/categories?post=147422"},{"taxonomy":"post_tag","embeddable":true,"href":"https:\/\/candas365.es\/noticias\/wp-json\/wp\/v2\/tags?post=147422"}],"curies":[{"name":"wp","href":"https:\/\/api.w.org\/{rel}","templated":true}]}}