{"id":147419,"date":"2020-10-03T13:52:57","date_gmt":"2020-10-03T13:52:57","guid":{"rendered":"http:\/\/candas365.es\/noticias\/?p=147419"},"modified":"2020-10-03T13:52:57","modified_gmt":"2020-10-03T13:52:57","slug":"exhiben-la-coleccion-privada-de-arte-de-ex-canciller-aleman-schmidt","status":"publish","type":"post","link":"https:\/\/candas365.es\/noticias\/exhiben-la-coleccion-privada-de-arte-de-ex-canciller-aleman-schmidt\/","title":{"rendered":"Exhiben la colecci\u00f3n privada de arte de ex canciller alem\u00e1n Schmidt"},"content":{"rendered":"<figure id=\"attachment_147420\" aria-describedby=\"caption-attachment-147420\" style=\"width: 360px\" class=\"wp-caption alignleft\"><img fetchpriority=\"high\" decoding=\"async\" class=\"size-medium wp-image-147420\" src=\"https:\/\/candas365.es\/noticias\/wp-content\/uploads\/2020\/10\/Arte-Historia-Exposicion-360x232.jpg\" alt=\"Arte Historia Exposici\u00f3n\" width=\"360\" height=\"232\" srcset=\"https:\/\/candas365.es\/noticias\/wp-content\/uploads\/2020\/10\/Arte-Historia-Exposicion-360x232.jpg 360w, https:\/\/candas365.es\/noticias\/wp-content\/uploads\/2020\/10\/Arte-Historia-Exposicion-650x419.jpg 650w, https:\/\/candas365.es\/noticias\/wp-content\/uploads\/2020\/10\/Arte-Historia-Exposicion-768x495.jpg 768w, https:\/\/candas365.es\/noticias\/wp-content\/uploads\/2020\/10\/Arte-Historia-Exposicion-696x448.jpg 696w, https:\/\/candas365.es\/noticias\/wp-content\/uploads\/2020\/10\/Arte-Historia-Exposicion-652x420.jpg 652w, https:\/\/candas365.es\/noticias\/wp-content\/uploads\/2020\/10\/Arte-Historia-Exposicion.jpg 1011w\" sizes=\"(max-width: 360px) 100vw, 360px\" \/><figcaption id=\"caption-attachment-147420\" class=\"wp-caption-text\">Una periodista admira un retrato de la esposa de Helmut Schmidt, Loki, en la muestra sobre la colecci\u00f3n de arte de la pareja. Foto: Georg Wendt\/dpa<\/figcaption><\/figure>\n<p>Hamburgo (Alemania), 1 oct (dpa) &#8211; La colecci\u00f3n privada del ex canciller alem\u00e1n Helmut Schmidt y su esposa, Loki Schmidt, ser\u00e1 presentada en una exposici\u00f3n a partir del pr\u00f3ximo d\u00eda cuatro, seg\u00fan anunci\u00f3 hoy el Museo Ernst Barlach de la ciudad alemana de Hamburgo.<\/p>\n<p>Alrededor de 150 pinturas, esculturas y objetos de artesan\u00eda del famoso chalet adosado de Hamburg-Langenhorn donde vivi\u00f3 la pareja, ser\u00e1n exhibidos hasta el 31 de enero de 2021 en una muestra que lleva por t\u00edtulo \u00abArte del Canciller\u201d.<\/p>\n<p>Helmut Schmidt, quien de 1974 a 1982 fuera canciller de Alemania, mostr\u00f3 siempre un gran inter\u00e9s por el arte, tanto a nivel p\u00fablico como privado.<\/p>\n<p>En la muestra destacan obras de los alemanes Ernst Barlach y Emil Nolde, as\u00ed como de pintores de Hamburgo y de la colonia de artistas vanguardistas del siglo XIX que se radicaron en Worpswede, en el norte alem\u00e1n.<\/p>\n<p>Seg\u00fan Karsten M\u00fcller, director del museo, las obras se exponen por primera vez fuera de la residencia Schmidt, lo cual posibilitar\u00e1 que el p\u00fablico pueda llevarse una visi\u00f3n m\u00e1s amplia de la asociaci\u00f3n art\u00edstica de los Schmidt.<\/p>\n","protected":false},"excerpt":{"rendered":"<p>Hamburgo (Alemania), 1 oct (dpa) &#8211; La colecci\u00f3n privada del ex canciller alem\u00e1n Helmut Schmidt y su esposa, Loki Schmidt, ser\u00e1 presentada en una exposici\u00f3n a partir del pr\u00f3ximo d\u00eda cuatro, seg\u00fan anunci\u00f3 hoy el Museo Ernst Barlach de la ciudad alemana de Hamburgo. Alrededor de 150 pinturas, esculturas y objetos de artesan\u00eda del famoso<\/p>\n","protected":false},"author":1,"featured_media":147420,"comment_status":"closed","ping_status":"closed","sticky":false,"template":"","format":"standard","meta":{"footnotes":""},"categories":[142],"tags":[],"class_list":{"0":"post-147419","1":"post","2":"type-post","3":"status-publish","4":"format-standard","5":"has-post-thumbnail","7":"category-revista"},"aioseo_notices":[],"aioseo_head":"\n\t\t<!-- All in One SEO Pro 4.9.6.2 - aioseo.com -->\n\t<meta name=\"description\" content=\"Hamburgo (Alemania), 1 oct (dpa) - La colecci\u00f3n privada del ex canciller alem\u00e1n Helmut Schmidt y su esposa, Loki Schmidt, ser\u00e1 presentada en una exposici\u00f3n a partir del pr\u00f3ximo d\u00eda cuatro, seg\u00fan anunci\u00f3 hoy el Museo Ernst Barlach de la ciudad alemana de Hamburgo. Alrededor de 150 pinturas, esculturas y objetos de artesan\u00eda del famoso\" \/>\n\t<meta name=\"robots\" content=\"max-image-preview:large\" \/>\n\t<meta name=\"author\" content=\"Cand\u00e1s 365\"\/>\n\t<meta name=\"google-site-verification\" content=\"UA-32230408-1\" \/>\n\t<meta name=\"msvalidate.01\" content=\"354F3CDFB2DA171B47FBE9ABF1F88D5\" \/>\n\t<meta name=\"keywords\" content=\"revista\" \/>\n\t<link rel=\"canonical\" href=\"https:\/\/candas365.es\/noticias\/exhiben-la-coleccion-privada-de-arte-de-ex-canciller-aleman-schmidt\/\" \/>\n\t<meta name=\"generator\" content=\"All in One SEO Pro (AIOSEO) 4.9.6.2\" \/>\n\t\t<meta property=\"og:locale\" content=\"es_ES\" \/>\n\t\t<meta property=\"og:site_name\" content=\"Cand\u00e1s 365\" \/>\n\t\t<meta property=\"og:type\" content=\"article\" \/>\n\t\t<meta property=\"og:title\" content=\"Exhiben la colecci\u00f3n privada de arte de ex canciller alem\u00e1n Schmidt | Cand\u00e1s 365\" \/>\n\t\t<meta property=\"og:description\" content=\"Hamburgo (Alemania), 1 oct (dpa) - La colecci\u00f3n privada del ex canciller alem\u00e1n Helmut Schmidt y su esposa, Loki Schmidt, ser\u00e1 presentada en una exposici\u00f3n a partir del pr\u00f3ximo d\u00eda cuatro, seg\u00fan anunci\u00f3 hoy el Museo Ernst Barlach de la ciudad alemana de Hamburgo. Alrededor de 150 pinturas, esculturas y objetos de artesan\u00eda del famoso\" \/>\n\t\t<meta property=\"og:url\" content=\"https:\/\/candas365.es\/noticias\/exhiben-la-coleccion-privada-de-arte-de-ex-canciller-aleman-schmidt\/\" \/>\n\t\t<meta property=\"og:image\" content=\"https:\/\/candas365.es\/noticias\/wp-content\/uploads\/2020\/10\/Arte-Historia-Exposicion.jpg\" \/>\n\t\t<meta property=\"og:image:secure_url\" content=\"https:\/\/candas365.es\/noticias\/wp-content\/uploads\/2020\/10\/Arte-Historia-Exposicion.jpg\" \/>\n\t\t<meta property=\"og:image:width\" content=\"1011\" \/>\n\t\t<meta property=\"og:image:height\" content=\"651\" \/>\n\t\t<meta property=\"article:published_time\" content=\"2020-10-03T13:52:57+00:00\" \/>\n\t\t<meta property=\"article:modified_time\" content=\"2020-10-03T13:52:57+00:00\" \/>\n\t\t<meta property=\"article:publisher\" content=\"https:\/\/www.facebook.com\/Nachofdezber\" \/>\n\t\t<meta property=\"article:author\" content=\"https:\/\/www.facebook.com\/carrenoactualidad\" \/>\n\t\t<meta name=\"twitter:card\" content=\"summary_large_image\" \/>\n\t\t<meta name=\"twitter:site\" content=\"@NabercoDigital\" \/>\n\t\t<meta name=\"twitter:title\" content=\"Exhiben la colecci\u00f3n privada de arte de ex canciller alem\u00e1n Schmidt | Cand\u00e1s 365\" \/>\n\t\t<meta name=\"twitter:description\" content=\"Hamburgo (Alemania), 1 oct (dpa) - La colecci\u00f3n privada del ex canciller alem\u00e1n Helmut Schmidt y su esposa, Loki Schmidt, ser\u00e1 presentada en una exposici\u00f3n a partir del pr\u00f3ximo d\u00eda cuatro, seg\u00fan anunci\u00f3 hoy el Museo Ernst Barlach de la ciudad alemana de Hamburgo. Alrededor de 150 pinturas, esculturas y objetos de artesan\u00eda del famoso\" \/>\n\t\t<meta name=\"twitter:creator\" content=\"@nbasturias\" \/>\n\t\t<meta name=\"twitter:image\" content=\"https:\/\/candas365.es\/noticias\/wp-content\/uploads\/2020\/10\/Arte-Historia-Exposicion.jpg\" \/>\n\t\t<meta name=\"twitter:label1\" content=\"Escrito por\" \/>\n\t\t<meta name=\"twitter:data1\" content=\"Cand\u00e1s 365\" \/>\n\t\t<meta name=\"twitter:label2\" content=\"Tiempo de lectura estimado\" \/>\n\t\t<meta name=\"twitter:data2\" content=\"1 minuto\" \/>\n\t\t<script type=\"application\/ld+json\" class=\"aioseo-schema\">\n\t\t\t{\"@context\":\"https:\\\/\\\/schema.org\",\"@graph\":[{\"@type\":\"BreadcrumbList\",\"@id\":\"https:\\\/\\\/candas365.es\\\/noticias\\\/exhiben-la-coleccion-privada-de-arte-de-ex-canciller-aleman-schmidt\\\/#breadcrumblist\",\"itemListElement\":[{\"@type\":\"ListItem\",\"@id\":\"https:\\\/\\\/candas365.es\\\/noticias#listItem\",\"position\":1,\"name\":\"Home\",\"item\":\"https:\\\/\\\/candas365.es\\\/noticias\",\"nextItem\":{\"@type\":\"ListItem\",\"@id\":\"https:\\\/\\\/candas365.es\\\/noticias\\\/category\\\/revista\\\/#listItem\",\"name\":\"Revista\"}},{\"@type\":\"ListItem\",\"@id\":\"https:\\\/\\\/candas365.es\\\/noticias\\\/category\\\/revista\\\/#listItem\",\"position\":2,\"name\":\"Revista\",\"item\":\"https:\\\/\\\/candas365.es\\\/noticias\\\/category\\\/revista\\\/\",\"nextItem\":{\"@type\":\"ListItem\",\"@id\":\"https:\\\/\\\/candas365.es\\\/noticias\\\/exhiben-la-coleccion-privada-de-arte-de-ex-canciller-aleman-schmidt\\\/#listItem\",\"name\":\"Exhiben la colecci\\u00f3n privada de arte de ex canciller alem\\u00e1n Schmidt\"},\"previousItem\":{\"@type\":\"ListItem\",\"@id\":\"https:\\\/\\\/candas365.es\\\/noticias#listItem\",\"name\":\"Home\"}},{\"@type\":\"ListItem\",\"@id\":\"https:\\\/\\\/candas365.es\\\/noticias\\\/exhiben-la-coleccion-privada-de-arte-de-ex-canciller-aleman-schmidt\\\/#listItem\",\"position\":3,\"name\":\"Exhiben la colecci\\u00f3n privada de arte de ex canciller alem\\u00e1n Schmidt\",\"previousItem\":{\"@type\":\"ListItem\",\"@id\":\"https:\\\/\\\/candas365.es\\\/noticias\\\/category\\\/revista\\\/#listItem\",\"name\":\"Revista\"}}]},{\"@type\":\"NewsArticle\",\"@id\":\"https:\\\/\\\/candas365.es\\\/noticias\\\/exhiben-la-coleccion-privada-de-arte-de-ex-canciller-aleman-schmidt\\\/#newsarticle\",\"name\":\"Exhiben la colecci\\u00f3n privada de arte de ex canciller alem\\u00e1n Schmidt | Cand\\u00e1s 365\",\"headline\":\"Exhiben la colecci\\u00f3n privada de arte de ex canciller alem\\u00e1n Schmidt\",\"author\":{\"@id\":\"https:\\\/\\\/candas365.es\\\/noticias\\\/author\\\/admin\\\/#author\"},\"publisher\":{\"@id\":\"https:\\\/\\\/candas365.es\\\/noticias\\\/#organization\"},\"image\":{\"@type\":\"ImageObject\",\"url\":\"https:\\\/\\\/candas365.es\\\/noticias\\\/wp-content\\\/uploads\\\/2020\\\/10\\\/Arte-Historia-Exposicion.jpg\",\"width\":1011,\"height\":651,\"caption\":\"Una periodista admira un retrato de la esposa de Helmut Schmidt, Loki, en la muestra sobre la colecci\\u00f3n de arte de la pareja. Foto: Georg Wendt\\\/dpa\"},\"datePublished\":\"2020-10-03T13:52:57+02:00\",\"dateModified\":\"2020-10-03T13:52:57+02:00\",\"inLanguage\":\"es-ES\",\"mainEntityOfPage\":{\"@id\":\"https:\\\/\\\/candas365.es\\\/noticias\\\/exhiben-la-coleccion-privada-de-arte-de-ex-canciller-aleman-schmidt\\\/#webpage\"},\"isPartOf\":{\"@id\":\"https:\\\/\\\/candas365.es\\\/noticias\\\/exhiben-la-coleccion-privada-de-arte-de-ex-canciller-aleman-schmidt\\\/#webpage\"},\"articleSection\":\"Revista\",\"dateline\":\"Publicado el octubre 3, 2020.\"},{\"@type\":\"Organization\",\"@id\":\"https:\\\/\\\/candas365.es\\\/noticias\\\/#organization\",\"name\":\"Cand\\u00e1s 365\",\"description\":\"Cand\\u00e1s 365 es un diario digital independiente, fundado en 2012, con base en Asturias. Informamos con rigor sobre actualidad, sociedad, cultura y ocio, con una mirada local y global.\",\"url\":\"https:\\\/\\\/candas365.es\\\/noticias\\\/\",\"email\":\"info@candas365.es\",\"telephone\":\"+34652131393\",\"foundingDate\":\"2012-06-10\",\"logo\":{\"@type\":\"ImageObject\",\"url\":\"https:\\\/\\\/candas365.es\\\/noticias\\\/wp-content\\\/uploads\\\/2024\\\/09\\\/Candas-365-Redes.jpg\",\"@id\":\"https:\\\/\\\/candas365.es\\\/noticias\\\/exhiben-la-coleccion-privada-de-arte-de-ex-canciller-aleman-schmidt\\\/#organizationLogo\",\"width\":1152,\"height\":864,\"caption\":\"Cand\\u00e1s 365 Redes\"},\"image\":{\"@id\":\"https:\\\/\\\/candas365.es\\\/noticias\\\/exhiben-la-coleccion-privada-de-arte-de-ex-canciller-aleman-schmidt\\\/#organizationLogo\"},\"sameAs\":[\"https:\\\/\\\/www.facebook.com\\\/Nachofdezber\",\"https:\\\/\\\/x.com\\\/NabercoDigital\",\"https:\\\/\\\/www.instagram.com\\\/nachofdezber\\\/\",\"https:\\\/\\\/www.youtube.com\\\/channel\\\/UCZP-2wLEB9Rv6erhFmqVnvg\"],\"address\":{\"@id\":\"https:\\\/\\\/candas365.es\\\/noticias\\\/#postaladdress\",\"@type\":\"PostalAddress\",\"streetAddress\":\"san antonio 4, san antonio 4\",\"postalCode\":\"33430\",\"addressLocality\":\"Cand\\u00e1s\",\"addressRegion\":\"Asturias\",\"addressCountry\":\"ES\"}},{\"@type\":\"Person\",\"@id\":\"https:\\\/\\\/candas365.es\\\/noticias\\\/author\\\/admin\\\/#author\",\"url\":\"https:\\\/\\\/candas365.es\\\/noticias\\\/author\\\/admin\\\/\",\"name\":\"Cand\\u00e1s 365\",\"image\":{\"@type\":\"ImageObject\",\"@id\":\"https:\\\/\\\/candas365.es\\\/noticias\\\/exhiben-la-coleccion-privada-de-arte-de-ex-canciller-aleman-schmidt\\\/#authorImage\",\"url\":\"https:\\\/\\\/secure.gravatar.com\\\/avatar\\\/496a8e03d0c493ede1718b7934145dbdf8d89be1036b0eec9544e1094c9de390?s=96&d=mm&r=g\",\"width\":96,\"height\":96,\"caption\":\"Cand\\u00e1s 365\"},\"sameAs\":[\"https:\\\/\\\/www.facebook.com\\\/carrenoactualidad\",\"https:\\\/\\\/twitter.com\\\/nbasturias\",\"https:\\\/\\\/www.instagram.com\\\/nachofdezber\\\/\",\"https:\\\/\\\/www.youtube.com\\\/channel\\\/UCZP-2wLEB9Rv6erhFmqVnvg\"]},{\"@type\":\"WebPage\",\"@id\":\"https:\\\/\\\/candas365.es\\\/noticias\\\/exhiben-la-coleccion-privada-de-arte-de-ex-canciller-aleman-schmidt\\\/#webpage\",\"url\":\"https:\\\/\\\/candas365.es\\\/noticias\\\/exhiben-la-coleccion-privada-de-arte-de-ex-canciller-aleman-schmidt\\\/\",\"name\":\"Exhiben la colecci\\u00f3n privada de arte de ex canciller alem\\u00e1n Schmidt | Cand\\u00e1s 365\",\"description\":\"Hamburgo (Alemania), 1 oct (dpa) - La colecci\\u00f3n privada del ex canciller alem\\u00e1n Helmut Schmidt y su esposa, Loki Schmidt, ser\\u00e1 presentada en una exposici\\u00f3n a partir del pr\\u00f3ximo d\\u00eda cuatro, seg\\u00fan anunci\\u00f3 hoy el Museo Ernst Barlach de la ciudad alemana de Hamburgo. Alrededor de 150 pinturas, esculturas y objetos de artesan\\u00eda del famoso\",\"inLanguage\":\"es-ES\",\"isPartOf\":{\"@id\":\"https:\\\/\\\/candas365.es\\\/noticias\\\/#website\"},\"breadcrumb\":{\"@id\":\"https:\\\/\\\/candas365.es\\\/noticias\\\/exhiben-la-coleccion-privada-de-arte-de-ex-canciller-aleman-schmidt\\\/#breadcrumblist\"},\"author\":{\"@id\":\"https:\\\/\\\/candas365.es\\\/noticias\\\/author\\\/admin\\\/#author\"},\"creator\":{\"@id\":\"https:\\\/\\\/candas365.es\\\/noticias\\\/author\\\/admin\\\/#author\"},\"image\":{\"@type\":\"ImageObject\",\"url\":\"https:\\\/\\\/candas365.es\\\/noticias\\\/wp-content\\\/uploads\\\/2020\\\/10\\\/Arte-Historia-Exposicion.jpg\",\"@id\":\"https:\\\/\\\/candas365.es\\\/noticias\\\/exhiben-la-coleccion-privada-de-arte-de-ex-canciller-aleman-schmidt\\\/#mainImage\",\"width\":1011,\"height\":651,\"caption\":\"Una periodista admira un retrato de la esposa de Helmut Schmidt, Loki, en la muestra sobre la colecci\\u00f3n de arte de la pareja. Foto: Georg Wendt\\\/dpa\"},\"primaryImageOfPage\":{\"@id\":\"https:\\\/\\\/candas365.es\\\/noticias\\\/exhiben-la-coleccion-privada-de-arte-de-ex-canciller-aleman-schmidt\\\/#mainImage\"},\"datePublished\":\"2020-10-03T13:52:57+02:00\",\"dateModified\":\"2020-10-03T13:52:57+02:00\"},{\"@type\":\"WebSite\",\"@id\":\"https:\\\/\\\/candas365.es\\\/noticias\\\/#website\",\"url\":\"https:\\\/\\\/candas365.es\\\/noticias\\\/\",\"name\":\"Cand\\u00e1s 365\",\"alternateName\":\"Cand\\u00e1s 365 Noticias\",\"description\":\"Actualidad desde Carre\\u00f1o para el mundo\",\"inLanguage\":\"es-ES\",\"publisher\":{\"@id\":\"https:\\\/\\\/candas365.es\\\/noticias\\\/#organization\"}}]}\n\t\t<\/script>\n\t\t<!-- All in One SEO Pro -->\r\n\t\t<title>Exhiben la colecci\u00f3n privada de arte de ex canciller alem\u00e1n Schmidt | Cand\u00e1s 365<\/title>\n\n","aioseo_head_json":{"title":"Exhiben la colecci\u00f3n privada de arte de ex canciller alem\u00e1n Schmidt | Cand\u00e1s 365","description":"Hamburgo (Alemania), 1 oct (dpa) - La colecci\u00f3n privada del ex canciller alem\u00e1n Helmut Schmidt y su esposa, Loki Schmidt, ser\u00e1 presentada en una exposici\u00f3n a partir del pr\u00f3ximo d\u00eda cuatro, seg\u00fan anunci\u00f3 hoy el Museo Ernst Barlach de la ciudad alemana de Hamburgo. Alrededor de 150 pinturas, esculturas y objetos de artesan\u00eda del famoso","canonical_url":"https:\/\/candas365.es\/noticias\/exhiben-la-coleccion-privada-de-arte-de-ex-canciller-aleman-schmidt\/","robots":"max-image-preview:large","keywords":"revista","webmasterTools":{"google-site-verification":"UA-32230408-1","msvalidate.01":"354F3CDFB2DA171B47FBE9ABF1F88D5","miscellaneous":""},"schema":{"@context":"https:\/\/schema.org","@graph":[{"@type":"BreadcrumbList","@id":"https:\/\/candas365.es\/noticias\/exhiben-la-coleccion-privada-de-arte-de-ex-canciller-aleman-schmidt\/#breadcrumblist","itemListElement":[{"@type":"ListItem","@id":"https:\/\/candas365.es\/noticias#listItem","position":1,"name":"Home","item":"https:\/\/candas365.es\/noticias","nextItem":{"@type":"ListItem","@id":"https:\/\/candas365.es\/noticias\/category\/revista\/#listItem","name":"Revista"}},{"@type":"ListItem","@id":"https:\/\/candas365.es\/noticias\/category\/revista\/#listItem","position":2,"name":"Revista","item":"https:\/\/candas365.es\/noticias\/category\/revista\/","nextItem":{"@type":"ListItem","@id":"https:\/\/candas365.es\/noticias\/exhiben-la-coleccion-privada-de-arte-de-ex-canciller-aleman-schmidt\/#listItem","name":"Exhiben la colecci\u00f3n privada de arte de ex canciller alem\u00e1n Schmidt"},"previousItem":{"@type":"ListItem","@id":"https:\/\/candas365.es\/noticias#listItem","name":"Home"}},{"@type":"ListItem","@id":"https:\/\/candas365.es\/noticias\/exhiben-la-coleccion-privada-de-arte-de-ex-canciller-aleman-schmidt\/#listItem","position":3,"name":"Exhiben la colecci\u00f3n privada de arte de ex canciller alem\u00e1n Schmidt","previousItem":{"@type":"ListItem","@id":"https:\/\/candas365.es\/noticias\/category\/revista\/#listItem","name":"Revista"}}]},{"@type":"NewsArticle","@id":"https:\/\/candas365.es\/noticias\/exhiben-la-coleccion-privada-de-arte-de-ex-canciller-aleman-schmidt\/#newsarticle","name":"Exhiben la colecci\u00f3n privada de arte de ex canciller alem\u00e1n Schmidt | Cand\u00e1s 365","headline":"Exhiben la colecci\u00f3n privada de arte de ex canciller alem\u00e1n Schmidt","author":{"@id":"https:\/\/candas365.es\/noticias\/author\/admin\/#author"},"publisher":{"@id":"https:\/\/candas365.es\/noticias\/#organization"},"image":{"@type":"ImageObject","url":"https:\/\/candas365.es\/noticias\/wp-content\/uploads\/2020\/10\/Arte-Historia-Exposicion.jpg","width":1011,"height":651,"caption":"Una periodista admira un retrato de la esposa de Helmut Schmidt, Loki, en la muestra sobre la colecci\u00f3n de arte de la pareja. Foto: Georg Wendt\/dpa"},"datePublished":"2020-10-03T13:52:57+02:00","dateModified":"2020-10-03T13:52:57+02:00","inLanguage":"es-ES","mainEntityOfPage":{"@id":"https:\/\/candas365.es\/noticias\/exhiben-la-coleccion-privada-de-arte-de-ex-canciller-aleman-schmidt\/#webpage"},"isPartOf":{"@id":"https:\/\/candas365.es\/noticias\/exhiben-la-coleccion-privada-de-arte-de-ex-canciller-aleman-schmidt\/#webpage"},"articleSection":"Revista","dateline":"Publicado el octubre 3, 2020."},{"@type":"Organization","@id":"https:\/\/candas365.es\/noticias\/#organization","name":"Cand\u00e1s 365","description":"Cand\u00e1s 365 es un diario digital independiente, fundado en 2012, con base en Asturias. Informamos con rigor sobre actualidad, sociedad, cultura y ocio, con una mirada local y global.","url":"https:\/\/candas365.es\/noticias\/","email":"info@candas365.es","telephone":"+34652131393","foundingDate":"2012-06-10","logo":{"@type":"ImageObject","url":"https:\/\/candas365.es\/noticias\/wp-content\/uploads\/2024\/09\/Candas-365-Redes.jpg","@id":"https:\/\/candas365.es\/noticias\/exhiben-la-coleccion-privada-de-arte-de-ex-canciller-aleman-schmidt\/#organizationLogo","width":1152,"height":864,"caption":"Cand\u00e1s 365 Redes"},"image":{"@id":"https:\/\/candas365.es\/noticias\/exhiben-la-coleccion-privada-de-arte-de-ex-canciller-aleman-schmidt\/#organizationLogo"},"sameAs":["https:\/\/www.facebook.com\/Nachofdezber","https:\/\/x.com\/NabercoDigital","https:\/\/www.instagram.com\/nachofdezber\/","https:\/\/www.youtube.com\/channel\/UCZP-2wLEB9Rv6erhFmqVnvg"],"address":{"@id":"https:\/\/candas365.es\/noticias\/#postaladdress","@type":"PostalAddress","streetAddress":"san antonio 4, san antonio 4","postalCode":"33430","addressLocality":"Cand\u00e1s","addressRegion":"Asturias","addressCountry":"ES"}},{"@type":"Person","@id":"https:\/\/candas365.es\/noticias\/author\/admin\/#author","url":"https:\/\/candas365.es\/noticias\/author\/admin\/","name":"Cand\u00e1s 365","image":{"@type":"ImageObject","@id":"https:\/\/candas365.es\/noticias\/exhiben-la-coleccion-privada-de-arte-de-ex-canciller-aleman-schmidt\/#authorImage","url":"https:\/\/secure.gravatar.com\/avatar\/496a8e03d0c493ede1718b7934145dbdf8d89be1036b0eec9544e1094c9de390?s=96&d=mm&r=g","width":96,"height":96,"caption":"Cand\u00e1s 365"},"sameAs":["https:\/\/www.facebook.com\/carrenoactualidad","https:\/\/twitter.com\/nbasturias","https:\/\/www.instagram.com\/nachofdezber\/","https:\/\/www.youtube.com\/channel\/UCZP-2wLEB9Rv6erhFmqVnvg"]},{"@type":"WebPage","@id":"https:\/\/candas365.es\/noticias\/exhiben-la-coleccion-privada-de-arte-de-ex-canciller-aleman-schmidt\/#webpage","url":"https:\/\/candas365.es\/noticias\/exhiben-la-coleccion-privada-de-arte-de-ex-canciller-aleman-schmidt\/","name":"Exhiben la colecci\u00f3n privada de arte de ex canciller alem\u00e1n Schmidt | Cand\u00e1s 365","description":"Hamburgo (Alemania), 1 oct (dpa) - La colecci\u00f3n privada del ex canciller alem\u00e1n Helmut Schmidt y su esposa, Loki Schmidt, ser\u00e1 presentada en una exposici\u00f3n a partir del pr\u00f3ximo d\u00eda cuatro, seg\u00fan anunci\u00f3 hoy el Museo Ernst Barlach de la ciudad alemana de Hamburgo. Alrededor de 150 pinturas, esculturas y objetos de artesan\u00eda del famoso","inLanguage":"es-ES","isPartOf":{"@id":"https:\/\/candas365.es\/noticias\/#website"},"breadcrumb":{"@id":"https:\/\/candas365.es\/noticias\/exhiben-la-coleccion-privada-de-arte-de-ex-canciller-aleman-schmidt\/#breadcrumblist"},"author":{"@id":"https:\/\/candas365.es\/noticias\/author\/admin\/#author"},"creator":{"@id":"https:\/\/candas365.es\/noticias\/author\/admin\/#author"},"image":{"@type":"ImageObject","url":"https:\/\/candas365.es\/noticias\/wp-content\/uploads\/2020\/10\/Arte-Historia-Exposicion.jpg","@id":"https:\/\/candas365.es\/noticias\/exhiben-la-coleccion-privada-de-arte-de-ex-canciller-aleman-schmidt\/#mainImage","width":1011,"height":651,"caption":"Una periodista admira un retrato de la esposa de Helmut Schmidt, Loki, en la muestra sobre la colecci\u00f3n de arte de la pareja. Foto: Georg Wendt\/dpa"},"primaryImageOfPage":{"@id":"https:\/\/candas365.es\/noticias\/exhiben-la-coleccion-privada-de-arte-de-ex-canciller-aleman-schmidt\/#mainImage"},"datePublished":"2020-10-03T13:52:57+02:00","dateModified":"2020-10-03T13:52:57+02:00"},{"@type":"WebSite","@id":"https:\/\/candas365.es\/noticias\/#website","url":"https:\/\/candas365.es\/noticias\/","name":"Cand\u00e1s 365","alternateName":"Cand\u00e1s 365 Noticias","description":"Actualidad desde Carre\u00f1o para el mundo","inLanguage":"es-ES","publisher":{"@id":"https:\/\/candas365.es\/noticias\/#organization"}}]},"og:locale":"es_ES","og:site_name":"Cand\u00e1s 365","og:type":"article","og:title":"Exhiben la colecci\u00f3n privada de arte de ex canciller alem\u00e1n Schmidt | Cand\u00e1s 365","og:description":"Hamburgo (Alemania), 1 oct (dpa) - La colecci\u00f3n privada del ex canciller alem\u00e1n Helmut Schmidt y su esposa, Loki Schmidt, ser\u00e1 presentada en una exposici\u00f3n a partir del pr\u00f3ximo d\u00eda cuatro, seg\u00fan anunci\u00f3 hoy el Museo Ernst Barlach de la ciudad alemana de Hamburgo. Alrededor de 150 pinturas, esculturas y objetos de artesan\u00eda del famoso","og:url":"https:\/\/candas365.es\/noticias\/exhiben-la-coleccion-privada-de-arte-de-ex-canciller-aleman-schmidt\/","og:image":"https:\/\/candas365.es\/noticias\/wp-content\/uploads\/2020\/10\/Arte-Historia-Exposicion.jpg","og:image:secure_url":"https:\/\/candas365.es\/noticias\/wp-content\/uploads\/2020\/10\/Arte-Historia-Exposicion.jpg","og:image:width":1011,"og:image:height":651,"article:published_time":"2020-10-03T13:52:57+00:00","article:modified_time":"2020-10-03T13:52:57+00:00","article:publisher":"https:\/\/www.facebook.com\/Nachofdezber","article:author":"https:\/\/www.facebook.com\/carrenoactualidad","twitter:card":"summary_large_image","twitter:site":"@NabercoDigital","twitter:title":"Exhiben la colecci\u00f3n privada de arte de ex canciller alem\u00e1n Schmidt | Cand\u00e1s 365","twitter:description":"Hamburgo (Alemania), 1 oct (dpa) - La colecci\u00f3n privada del ex canciller alem\u00e1n Helmut Schmidt y su esposa, Loki Schmidt, ser\u00e1 presentada en una exposici\u00f3n a partir del pr\u00f3ximo d\u00eda cuatro, seg\u00fan anunci\u00f3 hoy el Museo Ernst Barlach de la ciudad alemana de Hamburgo. Alrededor de 150 pinturas, esculturas y objetos de artesan\u00eda del famoso","twitter:creator":"@nbasturias","twitter:image":"https:\/\/candas365.es\/noticias\/wp-content\/uploads\/2020\/10\/Arte-Historia-Exposicion.jpg","twitter:label1":"Escrito por","twitter:data1":"Cand\u00e1s 365","twitter:label2":"Tiempo de lectura estimado","twitter:data2":"1 minuto"},"aioseo_meta_data":{"post_id":"147419","title":null,"description":"","keywords":"","keyphrases":null,"primary_term":null,"canonical_url":"","og_title":null,"og_description":null,"og_object_type":"default","og_image_type":"default","og_image_url":null,"og_image_width":null,"og_image_height":null,"og_image_custom_url":null,"og_image_custom_fields":null,"og_video":null,"og_custom_url":null,"og_article_section":null,"og_article_tags":null,"twitter_use_og":false,"twitter_card":"default","twitter_image_type":"default","twitter_image_url":null,"twitter_image_custom_url":null,"twitter_image_custom_fields":null,"twitter_title":null,"twitter_description":null,"schema":{"blockGraphs":[],"customGraphs":[],"default":{"data":{"Article":[],"Course":[],"Dataset":[],"FAQPage":[],"Movie":[],"Person":[],"Product":[],"ProductReview":[],"Car":[],"Recipe":[],"Service":[],"SoftwareApplication":[],"WebPage":[]},"graphName":"","isEnabled":true},"graphs":[]},"schema_type":null,"schema_type_options":null,"pillar_content":false,"robots_default":true,"robots_noindex":false,"robots_noarchive":false,"robots_nosnippet":false,"robots_nofollow":false,"robots_noimageindex":false,"robots_noodp":false,"robots_notranslate":false,"robots_max_snippet":null,"robots_max_videopreview":null,"robots_max_imagepreview":"large","priority":null,"frequency":null,"location":null,"local_seo":null,"seo_analyzer_scan_date":"2025-08-31 12:09:34","breadcrumb_settings":null,"limit_modified_date":false,"reviewed_by":null,"open_ai":null,"ai":null,"created":"2020-12-21 10:39:10","updated":"2025-08-31 12:09:34"},"aioseo_breadcrumb":"<div class=\"aioseo-breadcrumbs\"><span class=\"aioseo-breadcrumb\">\n\t<a href=\"https:\/\/candas365.es\/noticias\" title=\"Home\">Home<\/a>\n<\/span><span class=\"aioseo-breadcrumb-separator\">&ndash;<\/span><span class=\"aioseo-breadcrumb\">\n\t<a href=\"https:\/\/candas365.es\/noticias\/category\/revista\/\" title=\"Revista\">Revista<\/a>\n<\/span><span class=\"aioseo-breadcrumb-separator\">&ndash;<\/span><span class=\"aioseo-breadcrumb\">\n\tExhiben la colecci\u00f3n privada de arte de ex canciller alem\u00e1n Schmidt\n<\/span><\/div>","aioseo_breadcrumb_json":[{"label":"Home","link":"https:\/\/candas365.es\/noticias"},{"label":"Revista","link":"https:\/\/candas365.es\/noticias\/category\/revista\/"},{"label":"Exhiben la colecci\u00f3n privada de arte de ex canciller alem\u00e1n Schmidt","link":"https:\/\/candas365.es\/noticias\/exhiben-la-coleccion-privada-de-arte-de-ex-canciller-aleman-schmidt\/"}],"_links":{"self":[{"href":"https:\/\/candas365.es\/noticias\/wp-json\/wp\/v2\/posts\/147419","targetHints":{"allow":["GET"]}}],"collection":[{"href":"https:\/\/candas365.es\/noticias\/wp-json\/wp\/v2\/posts"}],"about":[{"href":"https:\/\/candas365.es\/noticias\/wp-json\/wp\/v2\/types\/post"}],"author":[{"embeddable":true,"href":"https:\/\/candas365.es\/noticias\/wp-json\/wp\/v2\/users\/1"}],"replies":[{"embeddable":true,"href":"https:\/\/candas365.es\/noticias\/wp-json\/wp\/v2\/comments?post=147419"}],"version-history":[{"count":0,"href":"https:\/\/candas365.es\/noticias\/wp-json\/wp\/v2\/posts\/147419\/revisions"}],"wp:featuredmedia":[{"embeddable":true,"href":"https:\/\/candas365.es\/noticias\/wp-json\/wp\/v2\/media\/147420"}],"wp:attachment":[{"href":"https:\/\/candas365.es\/noticias\/wp-json\/wp\/v2\/media?parent=147419"}],"wp:term":[{"taxonomy":"category","embeddable":true,"href":"https:\/\/candas365.es\/noticias\/wp-json\/wp\/v2\/categories?post=147419"},{"taxonomy":"post_tag","embeddable":true,"href":"https:\/\/candas365.es\/noticias\/wp-json\/wp\/v2\/tags?post=147419"}],"curies":[{"name":"wp","href":"https:\/\/api.w.org\/{rel}","templated":true}]}}