{"id":147238,"date":"2020-09-27T13:02:58","date_gmt":"2020-09-27T13:02:58","guid":{"rendered":"http:\/\/candas365.es\/noticias\/?p=147238"},"modified":"2020-09-27T13:02:58","modified_gmt":"2020-09-27T13:02:58","slug":"la-cara-oculta-de-ios-las-caracteristicas-del-iphone-bien-escondidas","status":"publish","type":"post","link":"https:\/\/candas365.es\/noticias\/la-cara-oculta-de-ios-las-caracteristicas-del-iphone-bien-escondidas\/","title":{"rendered":"La cara oculta de iOS: las caracter\u00edsticas del iPhone bien escondidas"},"content":{"rendered":"<figure id=\"attachment_147239\" aria-describedby=\"caption-attachment-147239\" style=\"width: 360px\" class=\"wp-caption alignleft\"><img fetchpriority=\"high\" decoding=\"async\" class=\"size-medium wp-image-147239\" src=\"https:\/\/candas365.es\/noticias\/wp-content\/uploads\/2020\/09\/La-cara-oculta-de-iOS-360x236.jpg\" alt=\"\" width=\"360\" height=\"236\" srcset=\"https:\/\/candas365.es\/noticias\/wp-content\/uploads\/2020\/09\/La-cara-oculta-de-iOS-360x236.jpg 360w, https:\/\/candas365.es\/noticias\/wp-content\/uploads\/2020\/09\/La-cara-oculta-de-iOS-650x426.jpg 650w, https:\/\/candas365.es\/noticias\/wp-content\/uploads\/2020\/09\/La-cara-oculta-de-iOS-768x504.jpg 768w, https:\/\/candas365.es\/noticias\/wp-content\/uploads\/2020\/09\/La-cara-oculta-de-iOS-696x457.jpg 696w, https:\/\/candas365.es\/noticias\/wp-content\/uploads\/2020\/09\/La-cara-oculta-de-iOS-640x420.jpg 640w, https:\/\/candas365.es\/noticias\/wp-content\/uploads\/2020\/09\/La-cara-oculta-de-iOS-741x486.jpg 741w, https:\/\/candas365.es\/noticias\/wp-content\/uploads\/2020\/09\/La-cara-oculta-de-iOS.jpg 1009w\" sizes=\"(max-width: 360px) 100vw, 360px\" \/><figcaption id=\"caption-attachment-147239\" class=\"wp-caption-text\">Quien graba muchos v\u00eddeos, seguramente apreciar\u00e1 la r\u00e1pida selecci\u00f3n de calidad de imagen en la barra de estado. Antes, s\u00f3lo se pod\u00eda acceder a estos ajustes en los men\u00fas de configuraci\u00f3n de la c\u00e1mara. Foto: Catherine Waibel\/dpa<\/figcaption><\/figure>\n<p>(dpa) &#8211; Apple ya permite probar a quien est\u00e9 interesado la versi\u00f3n 14 de su sistema operativo para iPhone y iPad, incluso antes de que muchos usuarios est\u00e9n completamente familiarizados con todas las funciones del iOS 13.<\/p>\n<p>Nadie que posea un dispositivo Apple deber\u00eda pasar por alto caracter\u00edsticas destacadas como el modo oscuro, una pantalla de sistema que vela por la salud ocular y de las bater\u00edas con un fondo negro, pero hay una serie de funciones algo escondidas que, sin embargo, vale la pena conocer.<\/p>\n<p>En el \u00e1rea de la reproducci\u00f3n de medios, por ejemplo, Apple introdujo varios trucos \u00fatiles en el iOS 13, explica Leo Becker, de la revista especializada \u00abMac&amp;i\u00bb.<\/p>\n<p>Los usuarios de Apple Music, por ejemplo, pueden ver el historial de reproducci\u00f3n de sus listas de canciones y volverlas a reproducir. Esta opci\u00f3n se puede encontrar en la esquina inferior derecha de la pantalla de reproducci\u00f3n.<\/p>\n<p>Quien graba muchos v\u00eddeos, seguramente apreciar\u00e1 la r\u00e1pida selecci\u00f3n de calidad de imagen en la barra de estado. Becker explica que, antes, los ajustes eran m\u00e1s laboriosos, ya que se deb\u00eda acceder a los men\u00fas de configuraci\u00f3n de la c\u00e1mara.<\/p>\n<p>Ahora es posible realizar los cambios directamente en la aplicaci\u00f3n de la c\u00e1mara, al menos desde el iPhone 11, como tambi\u00e9n la modificaci\u00f3n de la tasa de fotogramas.<\/p>\n<p>Los propietarios de Airpods o auriculares Beats tambi\u00e9n pueden disfrutar de la reproducci\u00f3n de m\u00fasica compartida con el iOS 13, explica Andreas Floemer, del portal tecnol\u00f3gico \u00abt3n\u00bb.<\/p>\n<p>Ahora es posible enviar m\u00fasica a varios auriculares compatibles vinculados al mismo dispositivo. Tambi\u00e9n es nueva, vinculada a los Airpods, la funci\u00f3n de lectura en voz alta de los mensajes de texto, que pueden ser respondidos de la misma manera.<\/p>\n<p>El sector de las tecnolog\u00edas de la informaci\u00f3n tiene entre sus prioridades permitir una actitud saludable de los usuarios y sus hijos hacia los dispositivos electr\u00f3nicos. El iPhone tambi\u00e9n marca la diferencia en este sentido.<\/p>\n<p>\u00abCon el iOS 12, Apple introdujo la funci\u00f3n de tiempo de uso de la pantalla, y desde el iOS 13.3 tambi\u00e9n es posible establecer l\u00edmites al uso de aplicaciones de chat como Facetime, Messages, contactos de iCloud y similares\u00bb, explica Floemer.<\/p>\n<p>Esta funci\u00f3n muestra el tiempo y la frecuencia de uso de ciertas aplicaciones, agrega. Tambi\u00e9n es posible establecer l\u00edmites en los dispositivos de los ni\u00f1os.<\/p>\n<p>Becker explica por su parte que a esto se incorpora la opci\u00f3n de que los padres restrinjan la lista de contactos del ni\u00f1o. De este modo, se puede prevenir o controlar el contacto con extra\u00f1os. Adem\u00e1s, las cuentas de iCloud pueden ser organizadas dentro del grupo familiar.<\/p>\n<p>Cuando se trata de la eficiencia, Becker destaca las nuevas acciones r\u00e1pidas. Cada aplicaci\u00f3n permite proporcionar ciertas acciones en la pantalla de inicio con las que se puede acceder directamente a una determinada posici\u00f3n en la aplicaci\u00f3n.<\/p>\n<p>Esto permite a los usuarios saltarse los pasos restantes, como abrir y navegar dentro de la app. Estas acciones r\u00e1pidas tambi\u00e9n est\u00e1n disponibles en muchas aplicaciones.<\/p>\n<p>Becker aconseja a los propietarios de iPad recurrir a trucos pr\u00e1cticos que ayudan en el flujo de trabajo. Por ejemplo, las esquinas activas, con las que se pueden colocar ciertas acciones o funciones en una de las cuatro esquinas de la pantalla para una activaci\u00f3n r\u00e1pida.<\/p>\n<p>En el caso de enfrentarse a problemas con la entrada de texto, el experto sugiere una soluci\u00f3n de iOs 13: al tocar la pantalla del iPhone con tres dedos, aparece una peque\u00f1a barra de herramientas para cortar, copiar, pegar o deshacer la entrada de texto.<\/p>\n<p>Por su parte, Floemer a\u00f1ade que una larga pulsaci\u00f3n en la barra espaciadora del teclado digital hace que este se convierta en una especie de trackpad con el que se puede mover el cursor a un determinado pasaje del texto a gran velocidad.<\/p>\n<p>Y para quien vaya corto de datos a fin de mes, Floemer recomienda el modo de ahorro de datos de iOs 13, que se encuentra en los ajustes y permite reducir dr\u00e1sticamente el consumo.<\/p>\n<p><i class=\"lang-es\"><span class=\" readonly\" title=\"\">Por Frederic Vosseberg (dpa)<\/span><\/i><\/p>\n","protected":false},"excerpt":{"rendered":"<p>(dpa) &#8211; Apple ya permite probar a quien est\u00e9 interesado la versi\u00f3n 14 de su sistema operativo para iPhone y iPad, incluso antes de que muchos usuarios est\u00e9n completamente familiarizados con todas las funciones del iOS 13. Nadie que posea un dispositivo Apple deber\u00eda pasar por alto caracter\u00edsticas destacadas como el modo oscuro, una pantalla<\/p>\n","protected":false},"author":1,"featured_media":147239,"comment_status":"closed","ping_status":"closed","sticky":false,"template":"","format":"standard","meta":{"footnotes":""},"categories":[142],"tags":[],"class_list":{"0":"post-147238","1":"post","2":"type-post","3":"status-publish","4":"format-standard","5":"has-post-thumbnail","7":"category-revista"},"aioseo_notices":[],"aioseo_head":"\n\t\t<!-- All in One SEO Pro 4.9.6.2 - aioseo.com -->\n\t<meta name=\"description\" content=\"(dpa) - Apple ya permite probar a quien est\u00e9 interesado la versi\u00f3n 14 de su sistema operativo para iPhone y iPad, incluso antes de que muchos usuarios est\u00e9n completamente familiarizados con todas las funciones del iOS 13. Nadie que posea un dispositivo Apple deber\u00eda pasar por alto caracter\u00edsticas destacadas como el modo oscuro, una pantalla\" \/>\n\t<meta name=\"robots\" content=\"max-image-preview:large\" \/>\n\t<meta name=\"author\" content=\"Cand\u00e1s 365\"\/>\n\t<meta name=\"google-site-verification\" content=\"UA-32230408-1\" \/>\n\t<meta name=\"msvalidate.01\" content=\"354F3CDFB2DA171B47FBE9ABF1F88D5\" \/>\n\t<meta name=\"keywords\" content=\"revista\" \/>\n\t<link rel=\"canonical\" href=\"https:\/\/candas365.es\/noticias\/la-cara-oculta-de-ios-las-caracteristicas-del-iphone-bien-escondidas\/\" \/>\n\t<meta name=\"generator\" content=\"All in One SEO Pro (AIOSEO) 4.9.6.2\" \/>\n\t\t<meta property=\"og:locale\" content=\"es_ES\" \/>\n\t\t<meta property=\"og:site_name\" content=\"Cand\u00e1s 365\" \/>\n\t\t<meta property=\"og:type\" content=\"article\" \/>\n\t\t<meta property=\"og:title\" content=\"La cara oculta de iOS: las caracter\u00edsticas del iPhone bien escondidas | Cand\u00e1s 365\" \/>\n\t\t<meta property=\"og:description\" content=\"(dpa) - Apple ya permite probar a quien est\u00e9 interesado la versi\u00f3n 14 de su sistema operativo para iPhone y iPad, incluso antes de que muchos usuarios est\u00e9n completamente familiarizados con todas las funciones del iOS 13. Nadie que posea un dispositivo Apple deber\u00eda pasar por alto caracter\u00edsticas destacadas como el modo oscuro, una pantalla\" \/>\n\t\t<meta property=\"og:url\" content=\"https:\/\/candas365.es\/noticias\/la-cara-oculta-de-ios-las-caracteristicas-del-iphone-bien-escondidas\/\" \/>\n\t\t<meta property=\"og:image\" content=\"https:\/\/candas365.es\/noticias\/wp-content\/uploads\/2020\/09\/La-cara-oculta-de-iOS.jpg\" \/>\n\t\t<meta property=\"og:image:secure_url\" content=\"https:\/\/candas365.es\/noticias\/wp-content\/uploads\/2020\/09\/La-cara-oculta-de-iOS.jpg\" \/>\n\t\t<meta property=\"og:image:width\" content=\"1009\" \/>\n\t\t<meta property=\"og:image:height\" content=\"662\" \/>\n\t\t<meta property=\"article:published_time\" content=\"2020-09-27T13:02:58+00:00\" \/>\n\t\t<meta property=\"article:modified_time\" content=\"2020-09-27T13:02:58+00:00\" \/>\n\t\t<meta property=\"article:publisher\" content=\"https:\/\/www.facebook.com\/Nachofdezber\" \/>\n\t\t<meta property=\"article:author\" content=\"https:\/\/www.facebook.com\/carrenoactualidad\" \/>\n\t\t<meta name=\"twitter:card\" content=\"summary_large_image\" \/>\n\t\t<meta name=\"twitter:site\" content=\"@NabercoDigital\" \/>\n\t\t<meta name=\"twitter:title\" content=\"La cara oculta de iOS: las caracter\u00edsticas del iPhone bien escondidas | Cand\u00e1s 365\" \/>\n\t\t<meta name=\"twitter:description\" content=\"(dpa) - Apple ya permite probar a quien est\u00e9 interesado la versi\u00f3n 14 de su sistema operativo para iPhone y iPad, incluso antes de que muchos usuarios est\u00e9n completamente familiarizados con todas las funciones del iOS 13. Nadie que posea un dispositivo Apple deber\u00eda pasar por alto caracter\u00edsticas destacadas como el modo oscuro, una pantalla\" \/>\n\t\t<meta name=\"twitter:creator\" content=\"@nbasturias\" \/>\n\t\t<meta name=\"twitter:image\" content=\"https:\/\/candas365.es\/noticias\/wp-content\/uploads\/2020\/09\/La-cara-oculta-de-iOS.jpg\" \/>\n\t\t<meta name=\"twitter:label1\" content=\"Escrito por\" \/>\n\t\t<meta name=\"twitter:data1\" content=\"Cand\u00e1s 365\" \/>\n\t\t<meta name=\"twitter:label2\" content=\"Tiempo de lectura estimado\" \/>\n\t\t<meta name=\"twitter:data2\" content=\"4 minutos\" \/>\n\t\t<script type=\"application\/ld+json\" class=\"aioseo-schema\">\n\t\t\t{\"@context\":\"https:\\\/\\\/schema.org\",\"@graph\":[{\"@type\":\"BreadcrumbList\",\"@id\":\"https:\\\/\\\/candas365.es\\\/noticias\\\/la-cara-oculta-de-ios-las-caracteristicas-del-iphone-bien-escondidas\\\/#breadcrumblist\",\"itemListElement\":[{\"@type\":\"ListItem\",\"@id\":\"https:\\\/\\\/candas365.es\\\/noticias#listItem\",\"position\":1,\"name\":\"Home\",\"item\":\"https:\\\/\\\/candas365.es\\\/noticias\",\"nextItem\":{\"@type\":\"ListItem\",\"@id\":\"https:\\\/\\\/candas365.es\\\/noticias\\\/category\\\/revista\\\/#listItem\",\"name\":\"Revista\"}},{\"@type\":\"ListItem\",\"@id\":\"https:\\\/\\\/candas365.es\\\/noticias\\\/category\\\/revista\\\/#listItem\",\"position\":2,\"name\":\"Revista\",\"item\":\"https:\\\/\\\/candas365.es\\\/noticias\\\/category\\\/revista\\\/\",\"nextItem\":{\"@type\":\"ListItem\",\"@id\":\"https:\\\/\\\/candas365.es\\\/noticias\\\/la-cara-oculta-de-ios-las-caracteristicas-del-iphone-bien-escondidas\\\/#listItem\",\"name\":\"La cara oculta de iOS: las caracter\\u00edsticas del iPhone bien escondidas\"},\"previousItem\":{\"@type\":\"ListItem\",\"@id\":\"https:\\\/\\\/candas365.es\\\/noticias#listItem\",\"name\":\"Home\"}},{\"@type\":\"ListItem\",\"@id\":\"https:\\\/\\\/candas365.es\\\/noticias\\\/la-cara-oculta-de-ios-las-caracteristicas-del-iphone-bien-escondidas\\\/#listItem\",\"position\":3,\"name\":\"La cara oculta de iOS: las caracter\\u00edsticas del iPhone bien escondidas\",\"previousItem\":{\"@type\":\"ListItem\",\"@id\":\"https:\\\/\\\/candas365.es\\\/noticias\\\/category\\\/revista\\\/#listItem\",\"name\":\"Revista\"}}]},{\"@type\":\"NewsArticle\",\"@id\":\"https:\\\/\\\/candas365.es\\\/noticias\\\/la-cara-oculta-de-ios-las-caracteristicas-del-iphone-bien-escondidas\\\/#newsarticle\",\"name\":\"La cara oculta de iOS: las caracter\\u00edsticas del iPhone bien escondidas | Cand\\u00e1s 365\",\"headline\":\"La cara oculta de iOS: las caracter\\u00edsticas del iPhone bien escondidas\",\"author\":{\"@id\":\"https:\\\/\\\/candas365.es\\\/noticias\\\/author\\\/admin\\\/#author\"},\"publisher\":{\"@id\":\"https:\\\/\\\/candas365.es\\\/noticias\\\/#organization\"},\"image\":{\"@type\":\"ImageObject\",\"url\":\"https:\\\/\\\/candas365.es\\\/noticias\\\/wp-content\\\/uploads\\\/2020\\\/09\\\/La-cara-oculta-de-iOS.jpg\",\"width\":1009,\"height\":662,\"caption\":\"Quien graba muchos v\\u00eddeos, seguramente apreciar\\u00e1 la r\\u00e1pida selecci\\u00f3n de calidad de imagen en la barra de estado. Antes, s\\u00f3lo se pod\\u00eda acceder a estos ajustes en los men\\u00fas de configuraci\\u00f3n de la c\\u00e1mara. Foto: Catherine Waibel\\\/dpa\"},\"datePublished\":\"2020-09-27T13:02:58+02:00\",\"dateModified\":\"2020-09-27T13:02:58+02:00\",\"inLanguage\":\"es-ES\",\"mainEntityOfPage\":{\"@id\":\"https:\\\/\\\/candas365.es\\\/noticias\\\/la-cara-oculta-de-ios-las-caracteristicas-del-iphone-bien-escondidas\\\/#webpage\"},\"isPartOf\":{\"@id\":\"https:\\\/\\\/candas365.es\\\/noticias\\\/la-cara-oculta-de-ios-las-caracteristicas-del-iphone-bien-escondidas\\\/#webpage\"},\"articleSection\":\"Revista\",\"dateline\":\"Publicado el septiembre 27, 2020.\"},{\"@type\":\"Organization\",\"@id\":\"https:\\\/\\\/candas365.es\\\/noticias\\\/#organization\",\"name\":\"Cand\\u00e1s 365\",\"description\":\"Cand\\u00e1s 365 es un diario digital independiente, fundado en 2012, con base en Asturias. Informamos con rigor sobre actualidad, sociedad, cultura y ocio, con una mirada local y global.\",\"url\":\"https:\\\/\\\/candas365.es\\\/noticias\\\/\",\"email\":\"info@candas365.es\",\"telephone\":\"+34652131393\",\"foundingDate\":\"2012-06-10\",\"logo\":{\"@type\":\"ImageObject\",\"url\":\"https:\\\/\\\/candas365.es\\\/noticias\\\/wp-content\\\/uploads\\\/2024\\\/09\\\/Candas-365-Redes.jpg\",\"@id\":\"https:\\\/\\\/candas365.es\\\/noticias\\\/la-cara-oculta-de-ios-las-caracteristicas-del-iphone-bien-escondidas\\\/#organizationLogo\",\"width\":1152,\"height\":864,\"caption\":\"Cand\\u00e1s 365 Redes\"},\"image\":{\"@id\":\"https:\\\/\\\/candas365.es\\\/noticias\\\/la-cara-oculta-de-ios-las-caracteristicas-del-iphone-bien-escondidas\\\/#organizationLogo\"},\"sameAs\":[\"https:\\\/\\\/www.facebook.com\\\/Nachofdezber\",\"https:\\\/\\\/x.com\\\/NabercoDigital\",\"https:\\\/\\\/www.instagram.com\\\/nachofdezber\\\/\",\"https:\\\/\\\/www.youtube.com\\\/channel\\\/UCZP-2wLEB9Rv6erhFmqVnvg\"],\"address\":{\"@id\":\"https:\\\/\\\/candas365.es\\\/noticias\\\/#postaladdress\",\"@type\":\"PostalAddress\",\"streetAddress\":\"san antonio 4, san antonio 4\",\"postalCode\":\"33430\",\"addressLocality\":\"Cand\\u00e1s\",\"addressRegion\":\"Asturias\",\"addressCountry\":\"ES\"}},{\"@type\":\"Person\",\"@id\":\"https:\\\/\\\/candas365.es\\\/noticias\\\/author\\\/admin\\\/#author\",\"url\":\"https:\\\/\\\/candas365.es\\\/noticias\\\/author\\\/admin\\\/\",\"name\":\"Cand\\u00e1s 365\",\"image\":{\"@type\":\"ImageObject\",\"@id\":\"https:\\\/\\\/candas365.es\\\/noticias\\\/la-cara-oculta-de-ios-las-caracteristicas-del-iphone-bien-escondidas\\\/#authorImage\",\"url\":\"https:\\\/\\\/secure.gravatar.com\\\/avatar\\\/496a8e03d0c493ede1718b7934145dbdf8d89be1036b0eec9544e1094c9de390?s=96&d=mm&r=g\",\"width\":96,\"height\":96,\"caption\":\"Cand\\u00e1s 365\"},\"sameAs\":[\"https:\\\/\\\/www.facebook.com\\\/carrenoactualidad\",\"https:\\\/\\\/twitter.com\\\/nbasturias\",\"https:\\\/\\\/www.instagram.com\\\/nachofdezber\\\/\",\"https:\\\/\\\/www.youtube.com\\\/channel\\\/UCZP-2wLEB9Rv6erhFmqVnvg\"]},{\"@type\":\"WebPage\",\"@id\":\"https:\\\/\\\/candas365.es\\\/noticias\\\/la-cara-oculta-de-ios-las-caracteristicas-del-iphone-bien-escondidas\\\/#webpage\",\"url\":\"https:\\\/\\\/candas365.es\\\/noticias\\\/la-cara-oculta-de-ios-las-caracteristicas-del-iphone-bien-escondidas\\\/\",\"name\":\"La cara oculta de iOS: las caracter\\u00edsticas del iPhone bien escondidas | Cand\\u00e1s 365\",\"description\":\"(dpa) - Apple ya permite probar a quien est\\u00e9 interesado la versi\\u00f3n 14 de su sistema operativo para iPhone y iPad, incluso antes de que muchos usuarios est\\u00e9n completamente familiarizados con todas las funciones del iOS 13. Nadie que posea un dispositivo Apple deber\\u00eda pasar por alto caracter\\u00edsticas destacadas como el modo oscuro, una pantalla\",\"inLanguage\":\"es-ES\",\"isPartOf\":{\"@id\":\"https:\\\/\\\/candas365.es\\\/noticias\\\/#website\"},\"breadcrumb\":{\"@id\":\"https:\\\/\\\/candas365.es\\\/noticias\\\/la-cara-oculta-de-ios-las-caracteristicas-del-iphone-bien-escondidas\\\/#breadcrumblist\"},\"author\":{\"@id\":\"https:\\\/\\\/candas365.es\\\/noticias\\\/author\\\/admin\\\/#author\"},\"creator\":{\"@id\":\"https:\\\/\\\/candas365.es\\\/noticias\\\/author\\\/admin\\\/#author\"},\"image\":{\"@type\":\"ImageObject\",\"url\":\"https:\\\/\\\/candas365.es\\\/noticias\\\/wp-content\\\/uploads\\\/2020\\\/09\\\/La-cara-oculta-de-iOS.jpg\",\"@id\":\"https:\\\/\\\/candas365.es\\\/noticias\\\/la-cara-oculta-de-ios-las-caracteristicas-del-iphone-bien-escondidas\\\/#mainImage\",\"width\":1009,\"height\":662,\"caption\":\"Quien graba muchos v\\u00eddeos, seguramente apreciar\\u00e1 la r\\u00e1pida selecci\\u00f3n de calidad de imagen en la barra de estado. Antes, s\\u00f3lo se pod\\u00eda acceder a estos ajustes en los men\\u00fas de configuraci\\u00f3n de la c\\u00e1mara. Foto: Catherine Waibel\\\/dpa\"},\"primaryImageOfPage\":{\"@id\":\"https:\\\/\\\/candas365.es\\\/noticias\\\/la-cara-oculta-de-ios-las-caracteristicas-del-iphone-bien-escondidas\\\/#mainImage\"},\"datePublished\":\"2020-09-27T13:02:58+02:00\",\"dateModified\":\"2020-09-27T13:02:58+02:00\"},{\"@type\":\"WebSite\",\"@id\":\"https:\\\/\\\/candas365.es\\\/noticias\\\/#website\",\"url\":\"https:\\\/\\\/candas365.es\\\/noticias\\\/\",\"name\":\"Cand\\u00e1s 365\",\"alternateName\":\"Cand\\u00e1s 365 Noticias\",\"description\":\"Actualidad desde Carre\\u00f1o para el mundo\",\"inLanguage\":\"es-ES\",\"publisher\":{\"@id\":\"https:\\\/\\\/candas365.es\\\/noticias\\\/#organization\"}}]}\n\t\t<\/script>\n\t\t<!-- All in One SEO Pro -->\r\n\t\t<title>La cara oculta de iOS: las caracter\u00edsticas del iPhone bien escondidas | Cand\u00e1s 365<\/title>\n\n","aioseo_head_json":{"title":"La cara oculta de iOS: las caracter\u00edsticas del iPhone bien escondidas | Cand\u00e1s 365","description":"(dpa) - Apple ya permite probar a quien est\u00e9 interesado la versi\u00f3n 14 de su sistema operativo para iPhone y iPad, incluso antes de que muchos usuarios est\u00e9n completamente familiarizados con todas las funciones del iOS 13. Nadie que posea un dispositivo Apple deber\u00eda pasar por alto caracter\u00edsticas destacadas como el modo oscuro, una pantalla","canonical_url":"https:\/\/candas365.es\/noticias\/la-cara-oculta-de-ios-las-caracteristicas-del-iphone-bien-escondidas\/","robots":"max-image-preview:large","keywords":"revista","webmasterTools":{"google-site-verification":"UA-32230408-1","msvalidate.01":"354F3CDFB2DA171B47FBE9ABF1F88D5","miscellaneous":""},"schema":{"@context":"https:\/\/schema.org","@graph":[{"@type":"BreadcrumbList","@id":"https:\/\/candas365.es\/noticias\/la-cara-oculta-de-ios-las-caracteristicas-del-iphone-bien-escondidas\/#breadcrumblist","itemListElement":[{"@type":"ListItem","@id":"https:\/\/candas365.es\/noticias#listItem","position":1,"name":"Home","item":"https:\/\/candas365.es\/noticias","nextItem":{"@type":"ListItem","@id":"https:\/\/candas365.es\/noticias\/category\/revista\/#listItem","name":"Revista"}},{"@type":"ListItem","@id":"https:\/\/candas365.es\/noticias\/category\/revista\/#listItem","position":2,"name":"Revista","item":"https:\/\/candas365.es\/noticias\/category\/revista\/","nextItem":{"@type":"ListItem","@id":"https:\/\/candas365.es\/noticias\/la-cara-oculta-de-ios-las-caracteristicas-del-iphone-bien-escondidas\/#listItem","name":"La cara oculta de iOS: las caracter\u00edsticas del iPhone bien escondidas"},"previousItem":{"@type":"ListItem","@id":"https:\/\/candas365.es\/noticias#listItem","name":"Home"}},{"@type":"ListItem","@id":"https:\/\/candas365.es\/noticias\/la-cara-oculta-de-ios-las-caracteristicas-del-iphone-bien-escondidas\/#listItem","position":3,"name":"La cara oculta de iOS: las caracter\u00edsticas del iPhone bien escondidas","previousItem":{"@type":"ListItem","@id":"https:\/\/candas365.es\/noticias\/category\/revista\/#listItem","name":"Revista"}}]},{"@type":"NewsArticle","@id":"https:\/\/candas365.es\/noticias\/la-cara-oculta-de-ios-las-caracteristicas-del-iphone-bien-escondidas\/#newsarticle","name":"La cara oculta de iOS: las caracter\u00edsticas del iPhone bien escondidas | Cand\u00e1s 365","headline":"La cara oculta de iOS: las caracter\u00edsticas del iPhone bien escondidas","author":{"@id":"https:\/\/candas365.es\/noticias\/author\/admin\/#author"},"publisher":{"@id":"https:\/\/candas365.es\/noticias\/#organization"},"image":{"@type":"ImageObject","url":"https:\/\/candas365.es\/noticias\/wp-content\/uploads\/2020\/09\/La-cara-oculta-de-iOS.jpg","width":1009,"height":662,"caption":"Quien graba muchos v\u00eddeos, seguramente apreciar\u00e1 la r\u00e1pida selecci\u00f3n de calidad de imagen en la barra de estado. Antes, s\u00f3lo se pod\u00eda acceder a estos ajustes en los men\u00fas de configuraci\u00f3n de la c\u00e1mara. Foto: Catherine Waibel\/dpa"},"datePublished":"2020-09-27T13:02:58+02:00","dateModified":"2020-09-27T13:02:58+02:00","inLanguage":"es-ES","mainEntityOfPage":{"@id":"https:\/\/candas365.es\/noticias\/la-cara-oculta-de-ios-las-caracteristicas-del-iphone-bien-escondidas\/#webpage"},"isPartOf":{"@id":"https:\/\/candas365.es\/noticias\/la-cara-oculta-de-ios-las-caracteristicas-del-iphone-bien-escondidas\/#webpage"},"articleSection":"Revista","dateline":"Publicado el septiembre 27, 2020."},{"@type":"Organization","@id":"https:\/\/candas365.es\/noticias\/#organization","name":"Cand\u00e1s 365","description":"Cand\u00e1s 365 es un diario digital independiente, fundado en 2012, con base en Asturias. Informamos con rigor sobre actualidad, sociedad, cultura y ocio, con una mirada local y global.","url":"https:\/\/candas365.es\/noticias\/","email":"info@candas365.es","telephone":"+34652131393","foundingDate":"2012-06-10","logo":{"@type":"ImageObject","url":"https:\/\/candas365.es\/noticias\/wp-content\/uploads\/2024\/09\/Candas-365-Redes.jpg","@id":"https:\/\/candas365.es\/noticias\/la-cara-oculta-de-ios-las-caracteristicas-del-iphone-bien-escondidas\/#organizationLogo","width":1152,"height":864,"caption":"Cand\u00e1s 365 Redes"},"image":{"@id":"https:\/\/candas365.es\/noticias\/la-cara-oculta-de-ios-las-caracteristicas-del-iphone-bien-escondidas\/#organizationLogo"},"sameAs":["https:\/\/www.facebook.com\/Nachofdezber","https:\/\/x.com\/NabercoDigital","https:\/\/www.instagram.com\/nachofdezber\/","https:\/\/www.youtube.com\/channel\/UCZP-2wLEB9Rv6erhFmqVnvg"],"address":{"@id":"https:\/\/candas365.es\/noticias\/#postaladdress","@type":"PostalAddress","streetAddress":"san antonio 4, san antonio 4","postalCode":"33430","addressLocality":"Cand\u00e1s","addressRegion":"Asturias","addressCountry":"ES"}},{"@type":"Person","@id":"https:\/\/candas365.es\/noticias\/author\/admin\/#author","url":"https:\/\/candas365.es\/noticias\/author\/admin\/","name":"Cand\u00e1s 365","image":{"@type":"ImageObject","@id":"https:\/\/candas365.es\/noticias\/la-cara-oculta-de-ios-las-caracteristicas-del-iphone-bien-escondidas\/#authorImage","url":"https:\/\/secure.gravatar.com\/avatar\/496a8e03d0c493ede1718b7934145dbdf8d89be1036b0eec9544e1094c9de390?s=96&d=mm&r=g","width":96,"height":96,"caption":"Cand\u00e1s 365"},"sameAs":["https:\/\/www.facebook.com\/carrenoactualidad","https:\/\/twitter.com\/nbasturias","https:\/\/www.instagram.com\/nachofdezber\/","https:\/\/www.youtube.com\/channel\/UCZP-2wLEB9Rv6erhFmqVnvg"]},{"@type":"WebPage","@id":"https:\/\/candas365.es\/noticias\/la-cara-oculta-de-ios-las-caracteristicas-del-iphone-bien-escondidas\/#webpage","url":"https:\/\/candas365.es\/noticias\/la-cara-oculta-de-ios-las-caracteristicas-del-iphone-bien-escondidas\/","name":"La cara oculta de iOS: las caracter\u00edsticas del iPhone bien escondidas | Cand\u00e1s 365","description":"(dpa) - Apple ya permite probar a quien est\u00e9 interesado la versi\u00f3n 14 de su sistema operativo para iPhone y iPad, incluso antes de que muchos usuarios est\u00e9n completamente familiarizados con todas las funciones del iOS 13. Nadie que posea un dispositivo Apple deber\u00eda pasar por alto caracter\u00edsticas destacadas como el modo oscuro, una pantalla","inLanguage":"es-ES","isPartOf":{"@id":"https:\/\/candas365.es\/noticias\/#website"},"breadcrumb":{"@id":"https:\/\/candas365.es\/noticias\/la-cara-oculta-de-ios-las-caracteristicas-del-iphone-bien-escondidas\/#breadcrumblist"},"author":{"@id":"https:\/\/candas365.es\/noticias\/author\/admin\/#author"},"creator":{"@id":"https:\/\/candas365.es\/noticias\/author\/admin\/#author"},"image":{"@type":"ImageObject","url":"https:\/\/candas365.es\/noticias\/wp-content\/uploads\/2020\/09\/La-cara-oculta-de-iOS.jpg","@id":"https:\/\/candas365.es\/noticias\/la-cara-oculta-de-ios-las-caracteristicas-del-iphone-bien-escondidas\/#mainImage","width":1009,"height":662,"caption":"Quien graba muchos v\u00eddeos, seguramente apreciar\u00e1 la r\u00e1pida selecci\u00f3n de calidad de imagen en la barra de estado. Antes, s\u00f3lo se pod\u00eda acceder a estos ajustes en los men\u00fas de configuraci\u00f3n de la c\u00e1mara. Foto: Catherine Waibel\/dpa"},"primaryImageOfPage":{"@id":"https:\/\/candas365.es\/noticias\/la-cara-oculta-de-ios-las-caracteristicas-del-iphone-bien-escondidas\/#mainImage"},"datePublished":"2020-09-27T13:02:58+02:00","dateModified":"2020-09-27T13:02:58+02:00"},{"@type":"WebSite","@id":"https:\/\/candas365.es\/noticias\/#website","url":"https:\/\/candas365.es\/noticias\/","name":"Cand\u00e1s 365","alternateName":"Cand\u00e1s 365 Noticias","description":"Actualidad desde Carre\u00f1o para el mundo","inLanguage":"es-ES","publisher":{"@id":"https:\/\/candas365.es\/noticias\/#organization"}}]},"og:locale":"es_ES","og:site_name":"Cand\u00e1s 365","og:type":"article","og:title":"La cara oculta de iOS: las caracter\u00edsticas del iPhone bien escondidas | Cand\u00e1s 365","og:description":"(dpa) - Apple ya permite probar a quien est\u00e9 interesado la versi\u00f3n 14 de su sistema operativo para iPhone y iPad, incluso antes de que muchos usuarios est\u00e9n completamente familiarizados con todas las funciones del iOS 13. Nadie que posea un dispositivo Apple deber\u00eda pasar por alto caracter\u00edsticas destacadas como el modo oscuro, una pantalla","og:url":"https:\/\/candas365.es\/noticias\/la-cara-oculta-de-ios-las-caracteristicas-del-iphone-bien-escondidas\/","og:image":"https:\/\/candas365.es\/noticias\/wp-content\/uploads\/2020\/09\/La-cara-oculta-de-iOS.jpg","og:image:secure_url":"https:\/\/candas365.es\/noticias\/wp-content\/uploads\/2020\/09\/La-cara-oculta-de-iOS.jpg","og:image:width":1009,"og:image:height":662,"article:published_time":"2020-09-27T13:02:58+00:00","article:modified_time":"2020-09-27T13:02:58+00:00","article:publisher":"https:\/\/www.facebook.com\/Nachofdezber","article:author":"https:\/\/www.facebook.com\/carrenoactualidad","twitter:card":"summary_large_image","twitter:site":"@NabercoDigital","twitter:title":"La cara oculta de iOS: las caracter\u00edsticas del iPhone bien escondidas | Cand\u00e1s 365","twitter:description":"(dpa) - Apple ya permite probar a quien est\u00e9 interesado la versi\u00f3n 14 de su sistema operativo para iPhone y iPad, incluso antes de que muchos usuarios est\u00e9n completamente familiarizados con todas las funciones del iOS 13. Nadie que posea un dispositivo Apple deber\u00eda pasar por alto caracter\u00edsticas destacadas como el modo oscuro, una pantalla","twitter:creator":"@nbasturias","twitter:image":"https:\/\/candas365.es\/noticias\/wp-content\/uploads\/2020\/09\/La-cara-oculta-de-iOS.jpg","twitter:label1":"Escrito por","twitter:data1":"Cand\u00e1s 365","twitter:label2":"Tiempo de lectura estimado","twitter:data2":"4 minutos"},"aioseo_meta_data":{"post_id":"147238","title":null,"description":"","keywords":"","keyphrases":null,"primary_term":null,"canonical_url":"","og_title":null,"og_description":null,"og_object_type":"default","og_image_type":"default","og_image_url":null,"og_image_width":null,"og_image_height":null,"og_image_custom_url":null,"og_image_custom_fields":null,"og_video":null,"og_custom_url":null,"og_article_section":null,"og_article_tags":null,"twitter_use_og":false,"twitter_card":"default","twitter_image_type":"default","twitter_image_url":null,"twitter_image_custom_url":null,"twitter_image_custom_fields":null,"twitter_title":null,"twitter_description":null,"schema":{"blockGraphs":[],"customGraphs":[],"default":{"data":{"Article":[],"Course":[],"Dataset":[],"FAQPage":[],"Movie":[],"Person":[],"Product":[],"ProductReview":[],"Car":[],"Recipe":[],"Service":[],"SoftwareApplication":[],"WebPage":[]},"graphName":"","isEnabled":true},"graphs":[]},"schema_type":null,"schema_type_options":null,"pillar_content":false,"robots_default":true,"robots_noindex":false,"robots_noarchive":false,"robots_nosnippet":false,"robots_nofollow":false,"robots_noimageindex":false,"robots_noodp":false,"robots_notranslate":false,"robots_max_snippet":null,"robots_max_videopreview":null,"robots_max_imagepreview":"large","priority":null,"frequency":null,"location":null,"local_seo":null,"seo_analyzer_scan_date":"2025-08-31 11:56:17","breadcrumb_settings":null,"limit_modified_date":false,"reviewed_by":null,"open_ai":null,"ai":null,"created":"2020-12-21 10:39:10","updated":"2025-08-31 11:56:17"},"aioseo_breadcrumb":"<div class=\"aioseo-breadcrumbs\"><span class=\"aioseo-breadcrumb\">\n\t<a href=\"https:\/\/candas365.es\/noticias\" title=\"Home\">Home<\/a>\n<\/span><span class=\"aioseo-breadcrumb-separator\">&ndash;<\/span><span class=\"aioseo-breadcrumb\">\n\t<a href=\"https:\/\/candas365.es\/noticias\/category\/revista\/\" title=\"Revista\">Revista<\/a>\n<\/span><span class=\"aioseo-breadcrumb-separator\">&ndash;<\/span><span class=\"aioseo-breadcrumb\">\n\tLa cara oculta de iOS: las caracter\u00edsticas del iPhone bien escondidas\n<\/span><\/div>","aioseo_breadcrumb_json":[{"label":"Home","link":"https:\/\/candas365.es\/noticias"},{"label":"Revista","link":"https:\/\/candas365.es\/noticias\/category\/revista\/"},{"label":"La cara oculta de iOS: las caracter\u00edsticas del iPhone bien escondidas","link":"https:\/\/candas365.es\/noticias\/la-cara-oculta-de-ios-las-caracteristicas-del-iphone-bien-escondidas\/"}],"_links":{"self":[{"href":"https:\/\/candas365.es\/noticias\/wp-json\/wp\/v2\/posts\/147238","targetHints":{"allow":["GET"]}}],"collection":[{"href":"https:\/\/candas365.es\/noticias\/wp-json\/wp\/v2\/posts"}],"about":[{"href":"https:\/\/candas365.es\/noticias\/wp-json\/wp\/v2\/types\/post"}],"author":[{"embeddable":true,"href":"https:\/\/candas365.es\/noticias\/wp-json\/wp\/v2\/users\/1"}],"replies":[{"embeddable":true,"href":"https:\/\/candas365.es\/noticias\/wp-json\/wp\/v2\/comments?post=147238"}],"version-history":[{"count":0,"href":"https:\/\/candas365.es\/noticias\/wp-json\/wp\/v2\/posts\/147238\/revisions"}],"wp:featuredmedia":[{"embeddable":true,"href":"https:\/\/candas365.es\/noticias\/wp-json\/wp\/v2\/media\/147239"}],"wp:attachment":[{"href":"https:\/\/candas365.es\/noticias\/wp-json\/wp\/v2\/media?parent=147238"}],"wp:term":[{"taxonomy":"category","embeddable":true,"href":"https:\/\/candas365.es\/noticias\/wp-json\/wp\/v2\/categories?post=147238"},{"taxonomy":"post_tag","embeddable":true,"href":"https:\/\/candas365.es\/noticias\/wp-json\/wp\/v2\/tags?post=147238"}],"curies":[{"name":"wp","href":"https:\/\/api.w.org\/{rel}","templated":true}]}}