{"id":147188,"date":"2020-09-24T10:49:11","date_gmt":"2020-09-24T10:49:11","guid":{"rendered":"http:\/\/candas365.es\/noticias\/?p=147188"},"modified":"2020-09-24T10:49:11","modified_gmt":"2020-09-24T10:49:11","slug":"kamante-teatro-ensaya-con-m-mayuscula-en-la-laboral","status":"publish","type":"post","link":"https:\/\/candas365.es\/noticias\/kamante-teatro-ensaya-con-m-mayuscula-en-la-laboral\/","title":{"rendered":"Kamante Teatro ensaya Con M may\u00fascula en la Laboral"},"content":{"rendered":"<p><img fetchpriority=\"high\" decoding=\"async\" class=\"alignleft size-medium wp-image-130032\" src=\"https:\/\/candas365.es\/noticias\/wp-content\/uploads\/2019\/09\/Laboral-Gijon-360x247.jpg\" alt=\"\" width=\"360\" height=\"247\" srcset=\"https:\/\/candas365.es\/noticias\/wp-content\/uploads\/2019\/09\/Laboral-Gijon-360x247.jpg 360w, https:\/\/candas365.es\/noticias\/wp-content\/uploads\/2019\/09\/Laboral-Gijon-768x528.jpg 768w, https:\/\/candas365.es\/noticias\/wp-content\/uploads\/2019\/09\/Laboral-Gijon-655x450.jpg 655w, https:\/\/candas365.es\/noticias\/wp-content\/uploads\/2019\/09\/Laboral-Gijon-100x70.jpg 100w, https:\/\/candas365.es\/noticias\/wp-content\/uploads\/2019\/09\/Laboral-Gijon-218x150.jpg 218w, https:\/\/candas365.es\/noticias\/wp-content\/uploads\/2019\/09\/Laboral-Gijon-696x478.jpg 696w, https:\/\/candas365.es\/noticias\/wp-content\/uploads\/2019\/09\/Laboral-Gijon-611x420.jpg 611w, https:\/\/candas365.es\/noticias\/wp-content\/uploads\/2019\/09\/Laboral-Gijon.jpg 1049w\" sizes=\"(max-width: 360px) 100vw, 360px\" \/>La compa\u00f1\u00eda Kamante Teatro ensaya Con M may\u00fascula en Laboral Ciudad de la Cultura desde el 24 al 26 de septiembre.<\/p>\n<p>Arturo y Clementina son dos tortugas que viven felices en una charca\u2026 hasta que una de ellas decide pensar por las dos. Y es que Clementina so\u00f1aba con una vida llena de descubrimientos y aventuras, pero Arturo prefiere una vida tranquila y sin sorpresas.<\/p>\n<p>Con M may\u00fascula, que se estrenar\u00e1 el 8 de octubre en Gij\u00f3n\/Xix\u00f3n, es un micro espect\u00e1culo que ofrece, en clave de humor, situaciones cotidianas que buscan hacer reflexionar al p\u00fablico sobre cuestiones como el amor posesivo, la incomunicaci\u00f3n y anulaci\u00f3n del otro.<\/p>\n<p>Ici D\u00edaz y B\u00e1rbara Rodr\u00edguez son las int\u00e9rpretes\/manipuladoras de esta obra, con dramaturgia de Luis Vigil y Luisa Aguilar y direcci\u00f3n del propio Vigil. Tambi\u00e9n participan Marta Vicente como productora y ayudante de direcci\u00f3n, Manuela Caso como asesora de figurinismo, Nanu Gonz\u00e1lez como dise\u00f1adora gr\u00e1fica y Ver\u00f3nica R. Gal\u00e1n se encarga de la composici\u00f3n musical y espacio sonoro.<\/p>\n<p>Kamante Teatro cumple este a\u00f1o 30 a\u00f1os de trayectoria. Con una amplia experiencia en el teatro de t\u00edteres y objetos, la compa\u00f1\u00eda, de la mano de su director Luis Vigil, ha construido un lenguaje propio basado en la sencillez, la espontaneidad y la precisi\u00f3n y la confrontaci\u00f3n del actor y los objetos. Ha participado en multitud de festivales de teatro y t\u00edteres nacionales e internacionales y ha recibido, entre otros, el Premio FETEN a Mejor Espect\u00e1culo y Mejor int\u00e9rprete femenina por el espect\u00e1culo \u00a1Que viene el lobo!<\/p>\n<p>La compa\u00f1\u00eda ha recibido para Con M may\u00fascula una Residencia de Producci\u00f3n del Programa de Artes Esc\u00e9nicas en Residencia de Laboral Ciudad de la Cultura. Este programa forma parte de la actividad del Centro de Recursos Esc\u00e9nicos, un proyecto con sede en la Laboral que ofrece apoyo a la creaci\u00f3n art\u00edstica de las compa\u00f1\u00edas profesionales asturianas, poniendo a su disposici\u00f3n recursos econ\u00f3micos, instalaciones y medios t\u00e9cnicos que impulsen la creaci\u00f3n esc\u00e9nica de profesionales de la regi\u00f3n.<\/p>\n<p>La obra tambi\u00e9n cuenta con el apoyo de la Fundaci\u00f3n Municipal de Cultura del Ayuntamiento de Siero a trav\u00e9s de su convocatoria de ayudas a la creaci\u00f3n y producci\u00f3n art\u00edstica.<\/p>\n","protected":false},"excerpt":{"rendered":"<p>La compa\u00f1\u00eda Kamante Teatro ensaya Con M may\u00fascula en Laboral Ciudad de la Cultura desde el 24 al 26 de septiembre. Arturo y Clementina son dos tortugas que viven felices en una charca\u2026 hasta que una de ellas decide pensar por las dos. Y es que Clementina so\u00f1aba con una vida llena de descubrimientos y<\/p>\n","protected":false},"author":1,"featured_media":130032,"comment_status":"closed","ping_status":"closed","sticky":false,"template":"","format":"standard","meta":{"footnotes":""},"categories":[1],"tags":[],"class_list":{"0":"post-147188","1":"post","2":"type-post","3":"status-publish","4":"format-standard","5":"has-post-thumbnail","7":"category-agenda"},"aioseo_notices":[],"aioseo_head":"\n\t\t<!-- All in One SEO Pro 4.9.6.2 - aioseo.com -->\n\t<meta name=\"description\" content=\"La compa\u00f1\u00eda Kamante Teatro ensaya Con M may\u00fascula en Laboral Ciudad de la Cultura desde el 24 al 26 de septiembre. Arturo y Clementina son dos tortugas que viven felices en una charca\u2026 hasta que una de ellas decide pensar por las dos. Y es que Clementina so\u00f1aba con una vida llena de descubrimientos y\" \/>\n\t<meta name=\"robots\" content=\"max-image-preview:large\" \/>\n\t<meta name=\"author\" content=\"Cand\u00e1s 365\"\/>\n\t<meta name=\"google-site-verification\" content=\"UA-32230408-1\" \/>\n\t<meta name=\"msvalidate.01\" content=\"354F3CDFB2DA171B47FBE9ABF1F88D5\" \/>\n\t<meta name=\"keywords\" content=\"agenda\" \/>\n\t<link rel=\"canonical\" href=\"https:\/\/candas365.es\/noticias\/kamante-teatro-ensaya-con-m-mayuscula-en-la-laboral\/\" \/>\n\t<meta name=\"generator\" content=\"All in One SEO Pro (AIOSEO) 4.9.6.2\" \/>\n\t\t<meta property=\"og:locale\" content=\"es_ES\" \/>\n\t\t<meta property=\"og:site_name\" content=\"Cand\u00e1s 365\" \/>\n\t\t<meta property=\"og:type\" content=\"article\" \/>\n\t\t<meta property=\"og:title\" content=\"Kamante Teatro ensaya Con M may\u00fascula en la Laboral | Cand\u00e1s 365\" \/>\n\t\t<meta property=\"og:description\" content=\"La compa\u00f1\u00eda Kamante Teatro ensaya Con M may\u00fascula en Laboral Ciudad de la Cultura desde el 24 al 26 de septiembre. Arturo y Clementina son dos tortugas que viven felices en una charca\u2026 hasta que una de ellas decide pensar por las dos. Y es que Clementina so\u00f1aba con una vida llena de descubrimientos y\" \/>\n\t\t<meta property=\"og:url\" content=\"https:\/\/candas365.es\/noticias\/kamante-teatro-ensaya-con-m-mayuscula-en-la-laboral\/\" \/>\n\t\t<meta property=\"og:image\" content=\"https:\/\/candas365.es\/noticias\/wp-content\/uploads\/2019\/09\/Laboral-Gijon.jpg\" \/>\n\t\t<meta property=\"og:image:secure_url\" content=\"https:\/\/candas365.es\/noticias\/wp-content\/uploads\/2019\/09\/Laboral-Gijon.jpg\" \/>\n\t\t<meta property=\"og:image:width\" content=\"1049\" \/>\n\t\t<meta property=\"og:image:height\" content=\"721\" \/>\n\t\t<meta property=\"article:published_time\" content=\"2020-09-24T10:49:11+00:00\" \/>\n\t\t<meta property=\"article:modified_time\" content=\"2020-09-24T10:49:11+00:00\" \/>\n\t\t<meta property=\"article:publisher\" content=\"https:\/\/www.facebook.com\/Nachofdezber\" \/>\n\t\t<meta property=\"article:author\" content=\"https:\/\/www.facebook.com\/carrenoactualidad\" \/>\n\t\t<meta name=\"twitter:card\" content=\"summary_large_image\" \/>\n\t\t<meta name=\"twitter:site\" content=\"@NabercoDigital\" \/>\n\t\t<meta name=\"twitter:title\" content=\"Kamante Teatro ensaya Con M may\u00fascula en la Laboral | Cand\u00e1s 365\" \/>\n\t\t<meta name=\"twitter:description\" content=\"La compa\u00f1\u00eda Kamante Teatro ensaya Con M may\u00fascula en Laboral Ciudad de la Cultura desde el 24 al 26 de septiembre. Arturo y Clementina son dos tortugas que viven felices en una charca\u2026 hasta que una de ellas decide pensar por las dos. Y es que Clementina so\u00f1aba con una vida llena de descubrimientos y\" \/>\n\t\t<meta name=\"twitter:creator\" content=\"@nbasturias\" \/>\n\t\t<meta name=\"twitter:image\" content=\"https:\/\/candas365.es\/noticias\/wp-content\/uploads\/2019\/09\/Laboral-Gijon.jpg\" \/>\n\t\t<meta name=\"twitter:label1\" content=\"Escrito por\" \/>\n\t\t<meta name=\"twitter:data1\" content=\"Cand\u00e1s 365\" \/>\n\t\t<meta name=\"twitter:label2\" content=\"Tiempo de lectura estimado\" \/>\n\t\t<meta name=\"twitter:data2\" content=\"2 minutos\" \/>\n\t\t<script type=\"application\/ld+json\" class=\"aioseo-schema\">\n\t\t\t{\"@context\":\"https:\\\/\\\/schema.org\",\"@graph\":[{\"@type\":\"BreadcrumbList\",\"@id\":\"https:\\\/\\\/candas365.es\\\/noticias\\\/kamante-teatro-ensaya-con-m-mayuscula-en-la-laboral\\\/#breadcrumblist\",\"itemListElement\":[{\"@type\":\"ListItem\",\"@id\":\"https:\\\/\\\/candas365.es\\\/noticias#listItem\",\"position\":1,\"name\":\"Home\",\"item\":\"https:\\\/\\\/candas365.es\\\/noticias\",\"nextItem\":{\"@type\":\"ListItem\",\"@id\":\"https:\\\/\\\/candas365.es\\\/noticias\\\/category\\\/agenda\\\/#listItem\",\"name\":\"Agenda\"}},{\"@type\":\"ListItem\",\"@id\":\"https:\\\/\\\/candas365.es\\\/noticias\\\/category\\\/agenda\\\/#listItem\",\"position\":2,\"name\":\"Agenda\",\"item\":\"https:\\\/\\\/candas365.es\\\/noticias\\\/category\\\/agenda\\\/\",\"nextItem\":{\"@type\":\"ListItem\",\"@id\":\"https:\\\/\\\/candas365.es\\\/noticias\\\/kamante-teatro-ensaya-con-m-mayuscula-en-la-laboral\\\/#listItem\",\"name\":\"Kamante Teatro ensaya Con M may\\u00fascula en la Laboral\"},\"previousItem\":{\"@type\":\"ListItem\",\"@id\":\"https:\\\/\\\/candas365.es\\\/noticias#listItem\",\"name\":\"Home\"}},{\"@type\":\"ListItem\",\"@id\":\"https:\\\/\\\/candas365.es\\\/noticias\\\/kamante-teatro-ensaya-con-m-mayuscula-en-la-laboral\\\/#listItem\",\"position\":3,\"name\":\"Kamante Teatro ensaya Con M may\\u00fascula en la Laboral\",\"previousItem\":{\"@type\":\"ListItem\",\"@id\":\"https:\\\/\\\/candas365.es\\\/noticias\\\/category\\\/agenda\\\/#listItem\",\"name\":\"Agenda\"}}]},{\"@type\":\"NewsArticle\",\"@id\":\"https:\\\/\\\/candas365.es\\\/noticias\\\/kamante-teatro-ensaya-con-m-mayuscula-en-la-laboral\\\/#newsarticle\",\"name\":\"Kamante Teatro ensaya Con M may\\u00fascula en la Laboral | Cand\\u00e1s 365\",\"headline\":\"Kamante Teatro ensaya Con M may\\u00fascula en la Laboral\",\"author\":{\"@id\":\"https:\\\/\\\/candas365.es\\\/noticias\\\/author\\\/admin\\\/#author\"},\"publisher\":{\"@id\":\"https:\\\/\\\/candas365.es\\\/noticias\\\/#organization\"},\"image\":{\"@type\":\"ImageObject\",\"url\":\"https:\\\/\\\/candas365.es\\\/noticias\\\/wp-content\\\/uploads\\\/2019\\\/09\\\/Laboral-Gijon.jpg\",\"width\":1049,\"height\":721,\"caption\":\"Laboral\"},\"datePublished\":\"2020-09-24T10:49:11+02:00\",\"dateModified\":\"2020-09-24T10:49:11+02:00\",\"inLanguage\":\"es-ES\",\"mainEntityOfPage\":{\"@id\":\"https:\\\/\\\/candas365.es\\\/noticias\\\/kamante-teatro-ensaya-con-m-mayuscula-en-la-laboral\\\/#webpage\"},\"isPartOf\":{\"@id\":\"https:\\\/\\\/candas365.es\\\/noticias\\\/kamante-teatro-ensaya-con-m-mayuscula-en-la-laboral\\\/#webpage\"},\"articleSection\":\"Agenda\",\"dateline\":\"Publicado el septiembre 24, 2020.\"},{\"@type\":\"Organization\",\"@id\":\"https:\\\/\\\/candas365.es\\\/noticias\\\/#organization\",\"name\":\"Cand\\u00e1s 365\",\"description\":\"Cand\\u00e1s 365 es un diario digital independiente, fundado en 2012, con base en Asturias. Informamos con rigor sobre actualidad, sociedad, cultura y ocio, con una mirada local y global.\",\"url\":\"https:\\\/\\\/candas365.es\\\/noticias\\\/\",\"email\":\"info@candas365.es\",\"telephone\":\"+34652131393\",\"foundingDate\":\"2012-06-10\",\"logo\":{\"@type\":\"ImageObject\",\"url\":\"https:\\\/\\\/candas365.es\\\/noticias\\\/wp-content\\\/uploads\\\/2024\\\/09\\\/Candas-365-Redes.jpg\",\"@id\":\"https:\\\/\\\/candas365.es\\\/noticias\\\/kamante-teatro-ensaya-con-m-mayuscula-en-la-laboral\\\/#organizationLogo\",\"width\":1152,\"height\":864,\"caption\":\"Cand\\u00e1s 365 Redes\"},\"image\":{\"@id\":\"https:\\\/\\\/candas365.es\\\/noticias\\\/kamante-teatro-ensaya-con-m-mayuscula-en-la-laboral\\\/#organizationLogo\"},\"sameAs\":[\"https:\\\/\\\/www.facebook.com\\\/Nachofdezber\",\"https:\\\/\\\/x.com\\\/NabercoDigital\",\"https:\\\/\\\/www.instagram.com\\\/nachofdezber\\\/\",\"https:\\\/\\\/www.youtube.com\\\/channel\\\/UCZP-2wLEB9Rv6erhFmqVnvg\"],\"address\":{\"@id\":\"https:\\\/\\\/candas365.es\\\/noticias\\\/#postaladdress\",\"@type\":\"PostalAddress\",\"streetAddress\":\"san antonio 4, san antonio 4\",\"postalCode\":\"33430\",\"addressLocality\":\"Cand\\u00e1s\",\"addressRegion\":\"Asturias\",\"addressCountry\":\"ES\"}},{\"@type\":\"Person\",\"@id\":\"https:\\\/\\\/candas365.es\\\/noticias\\\/author\\\/admin\\\/#author\",\"url\":\"https:\\\/\\\/candas365.es\\\/noticias\\\/author\\\/admin\\\/\",\"name\":\"Cand\\u00e1s 365\",\"image\":{\"@type\":\"ImageObject\",\"@id\":\"https:\\\/\\\/candas365.es\\\/noticias\\\/kamante-teatro-ensaya-con-m-mayuscula-en-la-laboral\\\/#authorImage\",\"url\":\"https:\\\/\\\/secure.gravatar.com\\\/avatar\\\/496a8e03d0c493ede1718b7934145dbdf8d89be1036b0eec9544e1094c9de390?s=96&d=mm&r=g\",\"width\":96,\"height\":96,\"caption\":\"Cand\\u00e1s 365\"},\"sameAs\":[\"https:\\\/\\\/www.facebook.com\\\/carrenoactualidad\",\"https:\\\/\\\/twitter.com\\\/nbasturias\",\"https:\\\/\\\/www.instagram.com\\\/nachofdezber\\\/\",\"https:\\\/\\\/www.youtube.com\\\/channel\\\/UCZP-2wLEB9Rv6erhFmqVnvg\"]},{\"@type\":\"WebPage\",\"@id\":\"https:\\\/\\\/candas365.es\\\/noticias\\\/kamante-teatro-ensaya-con-m-mayuscula-en-la-laboral\\\/#webpage\",\"url\":\"https:\\\/\\\/candas365.es\\\/noticias\\\/kamante-teatro-ensaya-con-m-mayuscula-en-la-laboral\\\/\",\"name\":\"Kamante Teatro ensaya Con M may\\u00fascula en la Laboral | Cand\\u00e1s 365\",\"description\":\"La compa\\u00f1\\u00eda Kamante Teatro ensaya Con M may\\u00fascula en Laboral Ciudad de la Cultura desde el 24 al 26 de septiembre. Arturo y Clementina son dos tortugas que viven felices en una charca\\u2026 hasta que una de ellas decide pensar por las dos. Y es que Clementina so\\u00f1aba con una vida llena de descubrimientos y\",\"inLanguage\":\"es-ES\",\"isPartOf\":{\"@id\":\"https:\\\/\\\/candas365.es\\\/noticias\\\/#website\"},\"breadcrumb\":{\"@id\":\"https:\\\/\\\/candas365.es\\\/noticias\\\/kamante-teatro-ensaya-con-m-mayuscula-en-la-laboral\\\/#breadcrumblist\"},\"author\":{\"@id\":\"https:\\\/\\\/candas365.es\\\/noticias\\\/author\\\/admin\\\/#author\"},\"creator\":{\"@id\":\"https:\\\/\\\/candas365.es\\\/noticias\\\/author\\\/admin\\\/#author\"},\"image\":{\"@type\":\"ImageObject\",\"url\":\"https:\\\/\\\/candas365.es\\\/noticias\\\/wp-content\\\/uploads\\\/2019\\\/09\\\/Laboral-Gijon.jpg\",\"@id\":\"https:\\\/\\\/candas365.es\\\/noticias\\\/kamante-teatro-ensaya-con-m-mayuscula-en-la-laboral\\\/#mainImage\",\"width\":1049,\"height\":721,\"caption\":\"Laboral\"},\"primaryImageOfPage\":{\"@id\":\"https:\\\/\\\/candas365.es\\\/noticias\\\/kamante-teatro-ensaya-con-m-mayuscula-en-la-laboral\\\/#mainImage\"},\"datePublished\":\"2020-09-24T10:49:11+02:00\",\"dateModified\":\"2020-09-24T10:49:11+02:00\"},{\"@type\":\"WebSite\",\"@id\":\"https:\\\/\\\/candas365.es\\\/noticias\\\/#website\",\"url\":\"https:\\\/\\\/candas365.es\\\/noticias\\\/\",\"name\":\"Cand\\u00e1s 365\",\"alternateName\":\"Cand\\u00e1s 365 Noticias\",\"description\":\"Actualidad desde Carre\\u00f1o para el mundo\",\"inLanguage\":\"es-ES\",\"publisher\":{\"@id\":\"https:\\\/\\\/candas365.es\\\/noticias\\\/#organization\"}}]}\n\t\t<\/script>\n\t\t<!-- All in One SEO Pro -->\r\n\t\t<title>Kamante Teatro ensaya Con M may\u00fascula en la Laboral | Cand\u00e1s 365<\/title>\n\n","aioseo_head_json":{"title":"Kamante Teatro ensaya Con M may\u00fascula en la Laboral | Cand\u00e1s 365","description":"La compa\u00f1\u00eda Kamante Teatro ensaya Con M may\u00fascula en Laboral Ciudad de la Cultura desde el 24 al 26 de septiembre. Arturo y Clementina son dos tortugas que viven felices en una charca\u2026 hasta que una de ellas decide pensar por las dos. Y es que Clementina so\u00f1aba con una vida llena de descubrimientos y","canonical_url":"https:\/\/candas365.es\/noticias\/kamante-teatro-ensaya-con-m-mayuscula-en-la-laboral\/","robots":"max-image-preview:large","keywords":"agenda","webmasterTools":{"google-site-verification":"UA-32230408-1","msvalidate.01":"354F3CDFB2DA171B47FBE9ABF1F88D5","miscellaneous":""},"schema":{"@context":"https:\/\/schema.org","@graph":[{"@type":"BreadcrumbList","@id":"https:\/\/candas365.es\/noticias\/kamante-teatro-ensaya-con-m-mayuscula-en-la-laboral\/#breadcrumblist","itemListElement":[{"@type":"ListItem","@id":"https:\/\/candas365.es\/noticias#listItem","position":1,"name":"Home","item":"https:\/\/candas365.es\/noticias","nextItem":{"@type":"ListItem","@id":"https:\/\/candas365.es\/noticias\/category\/agenda\/#listItem","name":"Agenda"}},{"@type":"ListItem","@id":"https:\/\/candas365.es\/noticias\/category\/agenda\/#listItem","position":2,"name":"Agenda","item":"https:\/\/candas365.es\/noticias\/category\/agenda\/","nextItem":{"@type":"ListItem","@id":"https:\/\/candas365.es\/noticias\/kamante-teatro-ensaya-con-m-mayuscula-en-la-laboral\/#listItem","name":"Kamante Teatro ensaya Con M may\u00fascula en la Laboral"},"previousItem":{"@type":"ListItem","@id":"https:\/\/candas365.es\/noticias#listItem","name":"Home"}},{"@type":"ListItem","@id":"https:\/\/candas365.es\/noticias\/kamante-teatro-ensaya-con-m-mayuscula-en-la-laboral\/#listItem","position":3,"name":"Kamante Teatro ensaya Con M may\u00fascula en la Laboral","previousItem":{"@type":"ListItem","@id":"https:\/\/candas365.es\/noticias\/category\/agenda\/#listItem","name":"Agenda"}}]},{"@type":"NewsArticle","@id":"https:\/\/candas365.es\/noticias\/kamante-teatro-ensaya-con-m-mayuscula-en-la-laboral\/#newsarticle","name":"Kamante Teatro ensaya Con M may\u00fascula en la Laboral | Cand\u00e1s 365","headline":"Kamante Teatro ensaya Con M may\u00fascula en la Laboral","author":{"@id":"https:\/\/candas365.es\/noticias\/author\/admin\/#author"},"publisher":{"@id":"https:\/\/candas365.es\/noticias\/#organization"},"image":{"@type":"ImageObject","url":"https:\/\/candas365.es\/noticias\/wp-content\/uploads\/2019\/09\/Laboral-Gijon.jpg","width":1049,"height":721,"caption":"Laboral"},"datePublished":"2020-09-24T10:49:11+02:00","dateModified":"2020-09-24T10:49:11+02:00","inLanguage":"es-ES","mainEntityOfPage":{"@id":"https:\/\/candas365.es\/noticias\/kamante-teatro-ensaya-con-m-mayuscula-en-la-laboral\/#webpage"},"isPartOf":{"@id":"https:\/\/candas365.es\/noticias\/kamante-teatro-ensaya-con-m-mayuscula-en-la-laboral\/#webpage"},"articleSection":"Agenda","dateline":"Publicado el septiembre 24, 2020."},{"@type":"Organization","@id":"https:\/\/candas365.es\/noticias\/#organization","name":"Cand\u00e1s 365","description":"Cand\u00e1s 365 es un diario digital independiente, fundado en 2012, con base en Asturias. Informamos con rigor sobre actualidad, sociedad, cultura y ocio, con una mirada local y global.","url":"https:\/\/candas365.es\/noticias\/","email":"info@candas365.es","telephone":"+34652131393","foundingDate":"2012-06-10","logo":{"@type":"ImageObject","url":"https:\/\/candas365.es\/noticias\/wp-content\/uploads\/2024\/09\/Candas-365-Redes.jpg","@id":"https:\/\/candas365.es\/noticias\/kamante-teatro-ensaya-con-m-mayuscula-en-la-laboral\/#organizationLogo","width":1152,"height":864,"caption":"Cand\u00e1s 365 Redes"},"image":{"@id":"https:\/\/candas365.es\/noticias\/kamante-teatro-ensaya-con-m-mayuscula-en-la-laboral\/#organizationLogo"},"sameAs":["https:\/\/www.facebook.com\/Nachofdezber","https:\/\/x.com\/NabercoDigital","https:\/\/www.instagram.com\/nachofdezber\/","https:\/\/www.youtube.com\/channel\/UCZP-2wLEB9Rv6erhFmqVnvg"],"address":{"@id":"https:\/\/candas365.es\/noticias\/#postaladdress","@type":"PostalAddress","streetAddress":"san antonio 4, san antonio 4","postalCode":"33430","addressLocality":"Cand\u00e1s","addressRegion":"Asturias","addressCountry":"ES"}},{"@type":"Person","@id":"https:\/\/candas365.es\/noticias\/author\/admin\/#author","url":"https:\/\/candas365.es\/noticias\/author\/admin\/","name":"Cand\u00e1s 365","image":{"@type":"ImageObject","@id":"https:\/\/candas365.es\/noticias\/kamante-teatro-ensaya-con-m-mayuscula-en-la-laboral\/#authorImage","url":"https:\/\/secure.gravatar.com\/avatar\/496a8e03d0c493ede1718b7934145dbdf8d89be1036b0eec9544e1094c9de390?s=96&d=mm&r=g","width":96,"height":96,"caption":"Cand\u00e1s 365"},"sameAs":["https:\/\/www.facebook.com\/carrenoactualidad","https:\/\/twitter.com\/nbasturias","https:\/\/www.instagram.com\/nachofdezber\/","https:\/\/www.youtube.com\/channel\/UCZP-2wLEB9Rv6erhFmqVnvg"]},{"@type":"WebPage","@id":"https:\/\/candas365.es\/noticias\/kamante-teatro-ensaya-con-m-mayuscula-en-la-laboral\/#webpage","url":"https:\/\/candas365.es\/noticias\/kamante-teatro-ensaya-con-m-mayuscula-en-la-laboral\/","name":"Kamante Teatro ensaya Con M may\u00fascula en la Laboral | Cand\u00e1s 365","description":"La compa\u00f1\u00eda Kamante Teatro ensaya Con M may\u00fascula en Laboral Ciudad de la Cultura desde el 24 al 26 de septiembre. Arturo y Clementina son dos tortugas que viven felices en una charca\u2026 hasta que una de ellas decide pensar por las dos. Y es que Clementina so\u00f1aba con una vida llena de descubrimientos y","inLanguage":"es-ES","isPartOf":{"@id":"https:\/\/candas365.es\/noticias\/#website"},"breadcrumb":{"@id":"https:\/\/candas365.es\/noticias\/kamante-teatro-ensaya-con-m-mayuscula-en-la-laboral\/#breadcrumblist"},"author":{"@id":"https:\/\/candas365.es\/noticias\/author\/admin\/#author"},"creator":{"@id":"https:\/\/candas365.es\/noticias\/author\/admin\/#author"},"image":{"@type":"ImageObject","url":"https:\/\/candas365.es\/noticias\/wp-content\/uploads\/2019\/09\/Laboral-Gijon.jpg","@id":"https:\/\/candas365.es\/noticias\/kamante-teatro-ensaya-con-m-mayuscula-en-la-laboral\/#mainImage","width":1049,"height":721,"caption":"Laboral"},"primaryImageOfPage":{"@id":"https:\/\/candas365.es\/noticias\/kamante-teatro-ensaya-con-m-mayuscula-en-la-laboral\/#mainImage"},"datePublished":"2020-09-24T10:49:11+02:00","dateModified":"2020-09-24T10:49:11+02:00"},{"@type":"WebSite","@id":"https:\/\/candas365.es\/noticias\/#website","url":"https:\/\/candas365.es\/noticias\/","name":"Cand\u00e1s 365","alternateName":"Cand\u00e1s 365 Noticias","description":"Actualidad desde Carre\u00f1o para el mundo","inLanguage":"es-ES","publisher":{"@id":"https:\/\/candas365.es\/noticias\/#organization"}}]},"og:locale":"es_ES","og:site_name":"Cand\u00e1s 365","og:type":"article","og:title":"Kamante Teatro ensaya Con M may\u00fascula en la Laboral | Cand\u00e1s 365","og:description":"La compa\u00f1\u00eda Kamante Teatro ensaya Con M may\u00fascula en Laboral Ciudad de la Cultura desde el 24 al 26 de septiembre. Arturo y Clementina son dos tortugas que viven felices en una charca\u2026 hasta que una de ellas decide pensar por las dos. Y es que Clementina so\u00f1aba con una vida llena de descubrimientos y","og:url":"https:\/\/candas365.es\/noticias\/kamante-teatro-ensaya-con-m-mayuscula-en-la-laboral\/","og:image":"https:\/\/candas365.es\/noticias\/wp-content\/uploads\/2019\/09\/Laboral-Gijon.jpg","og:image:secure_url":"https:\/\/candas365.es\/noticias\/wp-content\/uploads\/2019\/09\/Laboral-Gijon.jpg","og:image:width":1049,"og:image:height":721,"article:published_time":"2020-09-24T10:49:11+00:00","article:modified_time":"2020-09-24T10:49:11+00:00","article:publisher":"https:\/\/www.facebook.com\/Nachofdezber","article:author":"https:\/\/www.facebook.com\/carrenoactualidad","twitter:card":"summary_large_image","twitter:site":"@NabercoDigital","twitter:title":"Kamante Teatro ensaya Con M may\u00fascula en la Laboral | Cand\u00e1s 365","twitter:description":"La compa\u00f1\u00eda Kamante Teatro ensaya Con M may\u00fascula en Laboral Ciudad de la Cultura desde el 24 al 26 de septiembre. Arturo y Clementina son dos tortugas que viven felices en una charca\u2026 hasta que una de ellas decide pensar por las dos. Y es que Clementina so\u00f1aba con una vida llena de descubrimientos y","twitter:creator":"@nbasturias","twitter:image":"https:\/\/candas365.es\/noticias\/wp-content\/uploads\/2019\/09\/Laboral-Gijon.jpg","twitter:label1":"Escrito por","twitter:data1":"Cand\u00e1s 365","twitter:label2":"Tiempo de lectura estimado","twitter:data2":"2 minutos"},"aioseo_meta_data":{"post_id":"147188","title":null,"description":"","keywords":"","keyphrases":null,"primary_term":null,"canonical_url":"","og_title":null,"og_description":null,"og_object_type":"default","og_image_type":"default","og_image_url":null,"og_image_width":null,"og_image_height":null,"og_image_custom_url":null,"og_image_custom_fields":null,"og_video":null,"og_custom_url":null,"og_article_section":null,"og_article_tags":null,"twitter_use_og":false,"twitter_card":"default","twitter_image_type":"default","twitter_image_url":null,"twitter_image_custom_url":null,"twitter_image_custom_fields":null,"twitter_title":null,"twitter_description":null,"schema":{"blockGraphs":[],"customGraphs":[],"default":{"data":{"Article":[],"Course":[],"Dataset":[],"FAQPage":[],"Movie":[],"Person":[],"Product":[],"ProductReview":[],"Car":[],"Recipe":[],"Service":[],"SoftwareApplication":[],"WebPage":[]},"graphName":"","isEnabled":true},"graphs":[]},"schema_type":null,"schema_type_options":null,"pillar_content":false,"robots_default":true,"robots_noindex":false,"robots_noarchive":false,"robots_nosnippet":false,"robots_nofollow":false,"robots_noimageindex":false,"robots_noodp":false,"robots_notranslate":false,"robots_max_snippet":null,"robots_max_videopreview":null,"robots_max_imagepreview":"large","priority":null,"frequency":null,"location":null,"local_seo":null,"seo_analyzer_scan_date":"2025-08-31 11:52:20","breadcrumb_settings":null,"limit_modified_date":false,"reviewed_by":null,"open_ai":null,"ai":null,"created":"2020-12-21 10:39:19","updated":"2025-08-31 11:52:20"},"aioseo_breadcrumb":"<div class=\"aioseo-breadcrumbs\"><span class=\"aioseo-breadcrumb\">\n\t<a href=\"https:\/\/candas365.es\/noticias\" title=\"Home\">Home<\/a>\n<\/span><span class=\"aioseo-breadcrumb-separator\">&ndash;<\/span><span class=\"aioseo-breadcrumb\">\n\t<a href=\"https:\/\/candas365.es\/noticias\/category\/agenda\/\" title=\"Agenda\">Agenda<\/a>\n<\/span><span class=\"aioseo-breadcrumb-separator\">&ndash;<\/span><span class=\"aioseo-breadcrumb\">\n\tKamante Teatro ensaya Con M may\u00fascula en la Laboral\n<\/span><\/div>","aioseo_breadcrumb_json":[{"label":"Home","link":"https:\/\/candas365.es\/noticias"},{"label":"Agenda","link":"https:\/\/candas365.es\/noticias\/category\/agenda\/"},{"label":"Kamante Teatro ensaya Con M may\u00fascula en la Laboral","link":"https:\/\/candas365.es\/noticias\/kamante-teatro-ensaya-con-m-mayuscula-en-la-laboral\/"}],"_links":{"self":[{"href":"https:\/\/candas365.es\/noticias\/wp-json\/wp\/v2\/posts\/147188","targetHints":{"allow":["GET"]}}],"collection":[{"href":"https:\/\/candas365.es\/noticias\/wp-json\/wp\/v2\/posts"}],"about":[{"href":"https:\/\/candas365.es\/noticias\/wp-json\/wp\/v2\/types\/post"}],"author":[{"embeddable":true,"href":"https:\/\/candas365.es\/noticias\/wp-json\/wp\/v2\/users\/1"}],"replies":[{"embeddable":true,"href":"https:\/\/candas365.es\/noticias\/wp-json\/wp\/v2\/comments?post=147188"}],"version-history":[{"count":0,"href":"https:\/\/candas365.es\/noticias\/wp-json\/wp\/v2\/posts\/147188\/revisions"}],"wp:featuredmedia":[{"embeddable":true,"href":"https:\/\/candas365.es\/noticias\/wp-json\/wp\/v2\/media\/130032"}],"wp:attachment":[{"href":"https:\/\/candas365.es\/noticias\/wp-json\/wp\/v2\/media?parent=147188"}],"wp:term":[{"taxonomy":"category","embeddable":true,"href":"https:\/\/candas365.es\/noticias\/wp-json\/wp\/v2\/categories?post=147188"},{"taxonomy":"post_tag","embeddable":true,"href":"https:\/\/candas365.es\/noticias\/wp-json\/wp\/v2\/tags?post=147188"}],"curies":[{"name":"wp","href":"https:\/\/api.w.org\/{rel}","templated":true}]}}