{"id":147181,"date":"2020-09-24T02:38:39","date_gmt":"2020-09-24T02:38:39","guid":{"rendered":"http:\/\/candas365.es\/noticias\/?p=147181"},"modified":"2020-09-24T02:38:39","modified_gmt":"2020-09-24T02:38:39","slug":"vuelta-al-cole-con-el-muja-centro-tito-bustillo-parque-prehistoria-y-centro-prerromanico","status":"publish","type":"post","link":"https:\/\/candas365.es\/noticias\/vuelta-al-cole-con-el-muja-centro-tito-bustillo-parque-prehistoria-y-centro-prerromanico\/","title":{"rendered":"Vuelta al cole con el MUJA, Centro Tito Bustillo, Parque Prehistoria y Centro Prerrom\u00e1nico"},"content":{"rendered":"<p><img fetchpriority=\"high\" decoding=\"async\" class=\"alignleft size-medium wp-image-92505\" src=\"https:\/\/candas365.es\/noticias\/wp-content\/uploads\/2018\/03\/Centro-Tito-Bustillo-360x254.jpg\" alt=\"\" width=\"360\" height=\"254\" srcset=\"https:\/\/candas365.es\/noticias\/wp-content\/uploads\/2018\/03\/Centro-Tito-Bustillo-360x254.jpg 360w, https:\/\/candas365.es\/noticias\/wp-content\/uploads\/2018\/03\/Centro-Tito-Bustillo-100x70.jpg 100w, https:\/\/candas365.es\/noticias\/wp-content\/uploads\/2018\/03\/Centro-Tito-Bustillo-696x492.jpg 696w, https:\/\/candas365.es\/noticias\/wp-content\/uploads\/2018\/03\/Centro-Tito-Bustillo-1068x754.jpg 1068w, https:\/\/candas365.es\/noticias\/wp-content\/uploads\/2018\/03\/Centro-Tito-Bustillo-595x420.jpg 595w, https:\/\/candas365.es\/noticias\/wp-content\/uploads\/2018\/03\/Centro-Tito-Bustillo-768x542.jpg 768w, https:\/\/candas365.es\/noticias\/wp-content\/uploads\/2018\/03\/Centro-Tito-Bustillo-655x463.jpg 655w, https:\/\/candas365.es\/noticias\/wp-content\/uploads\/2018\/03\/Centro-Tito-Bustillo.jpg 1280w\" sizes=\"(max-width: 360px) 100vw, 360px\" \/>El Museo del Jur\u00e1sico de Asturias (MUJA), el Centro de Arte Rupestre de Tito Bustillo, el Parque de la Prehistoria de Teverga y el Centro de Recepci\u00f3n e Interpretaci\u00f3n del Prerrom\u00e1nico Asturiano ponen en marcha un nuevo programa escolar para el curso 2020\/2021.<\/p>\n<p>Estos equipamientos culturales ofrecen recorridos guiados, v\u00eddeos, talleres online, visitas virtuales, tutoriales y muchos m\u00e1s recursos para acercar al alumnado al mundo de la ciencia y la historia con una programaci\u00f3n escolar en la que habr\u00e1, por un lado, actividades que se pueden realizar de manera presencial en los centros muse\u00edsticos, garantizando en todo momento las medidas de salud y seguridad recomendadas; y, por otro lado, recursos did\u00e1cticos online que para trabajar y profundizar en cada tem\u00e1tica sin salir del colegio o instituto.<\/p>\n<p>Habr\u00e1 adem\u00e1s jornadas de puertas abiertas para el profesorado y concursos para escolares en cada uno de los equipamientos.<\/p>\n<p>El p\u00fablico escolar podr\u00e1 recorrer la Era de los Dinosaurios en una visita guiada al MUJA, conectarse online con el Museo para conocer los tipos de f\u00f3siles, las huellas de estos reptiles terrestres, la extinci\u00f3n de los dinosaurios o el trabajo del equipo cient\u00edfico o hacer papiroflexia y jugar a un Pasapalabra jur\u00e1sico con alguno de los recursos disponibles en su web.<\/p>\n<p>En el Centro Tito Bustillo habr\u00e1 recorridos guiados presenciales por la exposici\u00f3n permanente y el taller de Arqueolog\u00eda experimental \u201cPintamos con arte\u201d y se podr\u00e1 disfrutar tambi\u00e9n de manera virtual de visitas guiadas al Centro y a la Cuevona de Ardines a trav\u00e9s de v\u00eddeos, de tutoriales para hacer herramientas de la Prehistoria o de prehistoactividades en idiomas.<\/p>\n<p>El Parque de la Prehistoria ofrecer\u00e1 visitas a la Galer\u00eda y a la Cueva de Cuevas o al cercado de animales, adem\u00e1s de demostraciones de talleres para conocer c\u00f3mo se fabricaban y usaban diferentes materiales prehist\u00f3ricos. A trav\u00e9s de v\u00eddeos se podr\u00e1n descubrir los espacios del Parque, conocer las t\u00e9cnicas de iluminaci\u00f3n y caza de nuestros antepasados, realizar bramaderas o dibujar a algunos de los animales m\u00e1s significativos del arte rupestre.<\/p>\n<p>El Centro Tito Bustillo y el Parque de la Prehistoria de Teverga disponen adem\u00e1s de una maleta did\u00e1ctica cargada de \u00fatiles prehist\u00f3ricos con la que se desplazar\u00e1n a los colegios que as\u00ed lo soliciten para explicar la caza, la pesa o la pintura en el Paleol\u00edtico.<\/p>\n<p>El Centro del Prerrom\u00e1nico Asturiano por su parte realizar\u00e1 recorridos a su exposici\u00f3n permanente o el taller sobre arquitectura Pilpayu Medieval, que tambi\u00e9n se podr\u00e1 realizar en el propio centro educativo. Se dispone adem\u00e1s de numerosos recursos online como los v\u00eddeos Los principales Monumentos del Prerrom\u00e1nico Asturiano y su orfebrer\u00eda o El arte del Reino de Asturias, las exposiciones virtuales La imagen de San Miguel de Lli\u00f1o a trav\u00e9s del tiempo o Relieves o un mapa interactivo de Asturias con los Monumentos que conforman este arte \u00fanico.<\/p>\n","protected":false},"excerpt":{"rendered":"<p>El Museo del Jur\u00e1sico de Asturias (MUJA), el Centro de Arte Rupestre de Tito Bustillo, el Parque de la Prehistoria de Teverga y el Centro de Recepci\u00f3n e Interpretaci\u00f3n del Prerrom\u00e1nico Asturiano ponen en marcha un nuevo programa escolar para el curso 2020\/2021. Estos equipamientos culturales ofrecen recorridos guiados, v\u00eddeos, talleres online, visitas virtuales, tutoriales<\/p>\n","protected":false},"author":1,"featured_media":92505,"comment_status":"closed","ping_status":"closed","sticky":false,"template":"","format":"standard","meta":{"footnotes":""},"categories":[1],"tags":[],"class_list":{"0":"post-147181","1":"post","2":"type-post","3":"status-publish","4":"format-standard","5":"has-post-thumbnail","7":"category-agenda"},"aioseo_notices":[],"aioseo_head":"\n\t\t<!-- All in One SEO Pro 4.9.6.2 - aioseo.com -->\n\t<meta name=\"description\" content=\"El Museo del Jur\u00e1sico de Asturias (MUJA), el Centro de Arte Rupestre de Tito Bustillo, el Parque de la Prehistoria de Teverga y el Centro de Recepci\u00f3n e Interpretaci\u00f3n del Prerrom\u00e1nico Asturiano ponen en marcha un nuevo programa escolar para el curso 2020\/2021. Estos equipamientos culturales ofrecen recorridos guiados, v\u00eddeos, talleres online, visitas virtuales, tutoriales\" \/>\n\t<meta name=\"robots\" content=\"max-image-preview:large\" \/>\n\t<meta name=\"author\" content=\"Cand\u00e1s 365\"\/>\n\t<meta name=\"google-site-verification\" content=\"UA-32230408-1\" \/>\n\t<meta name=\"msvalidate.01\" content=\"354F3CDFB2DA171B47FBE9ABF1F88D5\" \/>\n\t<meta name=\"keywords\" content=\"agenda\" \/>\n\t<link rel=\"canonical\" href=\"https:\/\/candas365.es\/noticias\/vuelta-al-cole-con-el-muja-centro-tito-bustillo-parque-prehistoria-y-centro-prerromanico\/\" \/>\n\t<meta name=\"generator\" content=\"All in One SEO Pro (AIOSEO) 4.9.6.2\" \/>\n\t\t<meta property=\"og:locale\" content=\"es_ES\" \/>\n\t\t<meta property=\"og:site_name\" content=\"Cand\u00e1s 365\" \/>\n\t\t<meta property=\"og:type\" content=\"article\" \/>\n\t\t<meta property=\"og:title\" content=\"Vuelta al cole con el MUJA, Centro Tito Bustillo, Parque Prehistoria y Centro Prerrom\u00e1nico | Cand\u00e1s 365\" \/>\n\t\t<meta property=\"og:description\" content=\"El Museo del Jur\u00e1sico de Asturias (MUJA), el Centro de Arte Rupestre de Tito Bustillo, el Parque de la Prehistoria de Teverga y el Centro de Recepci\u00f3n e Interpretaci\u00f3n del Prerrom\u00e1nico Asturiano ponen en marcha un nuevo programa escolar para el curso 2020\/2021. Estos equipamientos culturales ofrecen recorridos guiados, v\u00eddeos, talleres online, visitas virtuales, tutoriales\" \/>\n\t\t<meta property=\"og:url\" content=\"https:\/\/candas365.es\/noticias\/vuelta-al-cole-con-el-muja-centro-tito-bustillo-parque-prehistoria-y-centro-prerromanico\/\" \/>\n\t\t<meta property=\"og:image\" content=\"https:\/\/candas365.es\/noticias\/wp-content\/uploads\/2018\/03\/Centro-Tito-Bustillo.jpg\" \/>\n\t\t<meta property=\"og:image:secure_url\" content=\"https:\/\/candas365.es\/noticias\/wp-content\/uploads\/2018\/03\/Centro-Tito-Bustillo.jpg\" \/>\n\t\t<meta property=\"og:image:width\" content=\"1280\" \/>\n\t\t<meta property=\"og:image:height\" content=\"904\" \/>\n\t\t<meta property=\"article:published_time\" content=\"2020-09-24T02:38:39+00:00\" \/>\n\t\t<meta property=\"article:modified_time\" content=\"2020-09-24T02:38:39+00:00\" \/>\n\t\t<meta property=\"article:publisher\" content=\"https:\/\/www.facebook.com\/Nachofdezber\" \/>\n\t\t<meta property=\"article:author\" content=\"https:\/\/www.facebook.com\/carrenoactualidad\" \/>\n\t\t<meta name=\"twitter:card\" content=\"summary_large_image\" \/>\n\t\t<meta name=\"twitter:site\" content=\"@NabercoDigital\" \/>\n\t\t<meta name=\"twitter:title\" content=\"Vuelta al cole con el MUJA, Centro Tito Bustillo, Parque Prehistoria y Centro Prerrom\u00e1nico | Cand\u00e1s 365\" \/>\n\t\t<meta name=\"twitter:description\" content=\"El Museo del Jur\u00e1sico de Asturias (MUJA), el Centro de Arte Rupestre de Tito Bustillo, el Parque de la Prehistoria de Teverga y el Centro de Recepci\u00f3n e Interpretaci\u00f3n del Prerrom\u00e1nico Asturiano ponen en marcha un nuevo programa escolar para el curso 2020\/2021. Estos equipamientos culturales ofrecen recorridos guiados, v\u00eddeos, talleres online, visitas virtuales, tutoriales\" \/>\n\t\t<meta name=\"twitter:creator\" content=\"@nbasturias\" \/>\n\t\t<meta name=\"twitter:image\" content=\"https:\/\/candas365.es\/noticias\/wp-content\/uploads\/2018\/03\/Centro-Tito-Bustillo.jpg\" \/>\n\t\t<meta name=\"twitter:label1\" content=\"Escrito por\" \/>\n\t\t<meta name=\"twitter:data1\" content=\"Cand\u00e1s 365\" \/>\n\t\t<meta name=\"twitter:label2\" content=\"Tiempo de lectura estimado\" \/>\n\t\t<meta name=\"twitter:data2\" content=\"3 minutos\" \/>\n\t\t<script type=\"application\/ld+json\" class=\"aioseo-schema\">\n\t\t\t{\"@context\":\"https:\\\/\\\/schema.org\",\"@graph\":[{\"@type\":\"BreadcrumbList\",\"@id\":\"https:\\\/\\\/candas365.es\\\/noticias\\\/vuelta-al-cole-con-el-muja-centro-tito-bustillo-parque-prehistoria-y-centro-prerromanico\\\/#breadcrumblist\",\"itemListElement\":[{\"@type\":\"ListItem\",\"@id\":\"https:\\\/\\\/candas365.es\\\/noticias#listItem\",\"position\":1,\"name\":\"Home\",\"item\":\"https:\\\/\\\/candas365.es\\\/noticias\",\"nextItem\":{\"@type\":\"ListItem\",\"@id\":\"https:\\\/\\\/candas365.es\\\/noticias\\\/category\\\/agenda\\\/#listItem\",\"name\":\"Agenda\"}},{\"@type\":\"ListItem\",\"@id\":\"https:\\\/\\\/candas365.es\\\/noticias\\\/category\\\/agenda\\\/#listItem\",\"position\":2,\"name\":\"Agenda\",\"item\":\"https:\\\/\\\/candas365.es\\\/noticias\\\/category\\\/agenda\\\/\",\"nextItem\":{\"@type\":\"ListItem\",\"@id\":\"https:\\\/\\\/candas365.es\\\/noticias\\\/vuelta-al-cole-con-el-muja-centro-tito-bustillo-parque-prehistoria-y-centro-prerromanico\\\/#listItem\",\"name\":\"Vuelta al cole con el MUJA, Centro Tito Bustillo, Parque Prehistoria y Centro Prerrom\\u00e1nico\"},\"previousItem\":{\"@type\":\"ListItem\",\"@id\":\"https:\\\/\\\/candas365.es\\\/noticias#listItem\",\"name\":\"Home\"}},{\"@type\":\"ListItem\",\"@id\":\"https:\\\/\\\/candas365.es\\\/noticias\\\/vuelta-al-cole-con-el-muja-centro-tito-bustillo-parque-prehistoria-y-centro-prerromanico\\\/#listItem\",\"position\":3,\"name\":\"Vuelta al cole con el MUJA, Centro Tito Bustillo, Parque Prehistoria y Centro Prerrom\\u00e1nico\",\"previousItem\":{\"@type\":\"ListItem\",\"@id\":\"https:\\\/\\\/candas365.es\\\/noticias\\\/category\\\/agenda\\\/#listItem\",\"name\":\"Agenda\"}}]},{\"@type\":\"NewsArticle\",\"@id\":\"https:\\\/\\\/candas365.es\\\/noticias\\\/vuelta-al-cole-con-el-muja-centro-tito-bustillo-parque-prehistoria-y-centro-prerromanico\\\/#newsarticle\",\"name\":\"Vuelta al cole con el MUJA, Centro Tito Bustillo, Parque Prehistoria y Centro Prerrom\\u00e1nico | Cand\\u00e1s 365\",\"headline\":\"Vuelta al cole con el MUJA, Centro Tito Bustillo, Parque Prehistoria y Centro Prerrom\\u00e1nico\",\"author\":{\"@id\":\"https:\\\/\\\/candas365.es\\\/noticias\\\/author\\\/admin\\\/#author\"},\"publisher\":{\"@id\":\"https:\\\/\\\/candas365.es\\\/noticias\\\/#organization\"},\"image\":{\"@type\":\"ImageObject\",\"url\":\"https:\\\/\\\/candas365.es\\\/noticias\\\/wp-content\\\/uploads\\\/2018\\\/03\\\/Centro-Tito-Bustillo.jpg\",\"width\":1280,\"height\":904},\"datePublished\":\"2020-09-24T02:38:39+02:00\",\"dateModified\":\"2020-09-24T02:38:39+02:00\",\"inLanguage\":\"es-ES\",\"mainEntityOfPage\":{\"@id\":\"https:\\\/\\\/candas365.es\\\/noticias\\\/vuelta-al-cole-con-el-muja-centro-tito-bustillo-parque-prehistoria-y-centro-prerromanico\\\/#webpage\"},\"isPartOf\":{\"@id\":\"https:\\\/\\\/candas365.es\\\/noticias\\\/vuelta-al-cole-con-el-muja-centro-tito-bustillo-parque-prehistoria-y-centro-prerromanico\\\/#webpage\"},\"articleSection\":\"Agenda\",\"dateline\":\"Publicado el septiembre 24, 2020.\"},{\"@type\":\"Organization\",\"@id\":\"https:\\\/\\\/candas365.es\\\/noticias\\\/#organization\",\"name\":\"Cand\\u00e1s 365\",\"description\":\"Cand\\u00e1s 365 es un diario digital independiente, fundado en 2012, con base en Asturias. Informamos con rigor sobre actualidad, sociedad, cultura y ocio, con una mirada local y global.\",\"url\":\"https:\\\/\\\/candas365.es\\\/noticias\\\/\",\"email\":\"info@candas365.es\",\"telephone\":\"+34652131393\",\"foundingDate\":\"2012-06-10\",\"logo\":{\"@type\":\"ImageObject\",\"url\":\"https:\\\/\\\/candas365.es\\\/noticias\\\/wp-content\\\/uploads\\\/2024\\\/09\\\/Candas-365-Redes.jpg\",\"@id\":\"https:\\\/\\\/candas365.es\\\/noticias\\\/vuelta-al-cole-con-el-muja-centro-tito-bustillo-parque-prehistoria-y-centro-prerromanico\\\/#organizationLogo\",\"width\":1152,\"height\":864,\"caption\":\"Cand\\u00e1s 365 Redes\"},\"image\":{\"@id\":\"https:\\\/\\\/candas365.es\\\/noticias\\\/vuelta-al-cole-con-el-muja-centro-tito-bustillo-parque-prehistoria-y-centro-prerromanico\\\/#organizationLogo\"},\"sameAs\":[\"https:\\\/\\\/www.facebook.com\\\/Nachofdezber\",\"https:\\\/\\\/x.com\\\/NabercoDigital\",\"https:\\\/\\\/www.instagram.com\\\/nachofdezber\\\/\",\"https:\\\/\\\/www.youtube.com\\\/channel\\\/UCZP-2wLEB9Rv6erhFmqVnvg\"],\"address\":{\"@id\":\"https:\\\/\\\/candas365.es\\\/noticias\\\/#postaladdress\",\"@type\":\"PostalAddress\",\"streetAddress\":\"san antonio 4, san antonio 4\",\"postalCode\":\"33430\",\"addressLocality\":\"Cand\\u00e1s\",\"addressRegion\":\"Asturias\",\"addressCountry\":\"ES\"}},{\"@type\":\"Person\",\"@id\":\"https:\\\/\\\/candas365.es\\\/noticias\\\/author\\\/admin\\\/#author\",\"url\":\"https:\\\/\\\/candas365.es\\\/noticias\\\/author\\\/admin\\\/\",\"name\":\"Cand\\u00e1s 365\",\"image\":{\"@type\":\"ImageObject\",\"@id\":\"https:\\\/\\\/candas365.es\\\/noticias\\\/vuelta-al-cole-con-el-muja-centro-tito-bustillo-parque-prehistoria-y-centro-prerromanico\\\/#authorImage\",\"url\":\"https:\\\/\\\/secure.gravatar.com\\\/avatar\\\/496a8e03d0c493ede1718b7934145dbdf8d89be1036b0eec9544e1094c9de390?s=96&d=mm&r=g\",\"width\":96,\"height\":96,\"caption\":\"Cand\\u00e1s 365\"},\"sameAs\":[\"https:\\\/\\\/www.facebook.com\\\/carrenoactualidad\",\"https:\\\/\\\/twitter.com\\\/nbasturias\",\"https:\\\/\\\/www.instagram.com\\\/nachofdezber\\\/\",\"https:\\\/\\\/www.youtube.com\\\/channel\\\/UCZP-2wLEB9Rv6erhFmqVnvg\"]},{\"@type\":\"WebPage\",\"@id\":\"https:\\\/\\\/candas365.es\\\/noticias\\\/vuelta-al-cole-con-el-muja-centro-tito-bustillo-parque-prehistoria-y-centro-prerromanico\\\/#webpage\",\"url\":\"https:\\\/\\\/candas365.es\\\/noticias\\\/vuelta-al-cole-con-el-muja-centro-tito-bustillo-parque-prehistoria-y-centro-prerromanico\\\/\",\"name\":\"Vuelta al cole con el MUJA, Centro Tito Bustillo, Parque Prehistoria y Centro Prerrom\\u00e1nico | Cand\\u00e1s 365\",\"description\":\"El Museo del Jur\\u00e1sico de Asturias (MUJA), el Centro de Arte Rupestre de Tito Bustillo, el Parque de la Prehistoria de Teverga y el Centro de Recepci\\u00f3n e Interpretaci\\u00f3n del Prerrom\\u00e1nico Asturiano ponen en marcha un nuevo programa escolar para el curso 2020\\\/2021. Estos equipamientos culturales ofrecen recorridos guiados, v\\u00eddeos, talleres online, visitas virtuales, tutoriales\",\"inLanguage\":\"es-ES\",\"isPartOf\":{\"@id\":\"https:\\\/\\\/candas365.es\\\/noticias\\\/#website\"},\"breadcrumb\":{\"@id\":\"https:\\\/\\\/candas365.es\\\/noticias\\\/vuelta-al-cole-con-el-muja-centro-tito-bustillo-parque-prehistoria-y-centro-prerromanico\\\/#breadcrumblist\"},\"author\":{\"@id\":\"https:\\\/\\\/candas365.es\\\/noticias\\\/author\\\/admin\\\/#author\"},\"creator\":{\"@id\":\"https:\\\/\\\/candas365.es\\\/noticias\\\/author\\\/admin\\\/#author\"},\"image\":{\"@type\":\"ImageObject\",\"url\":\"https:\\\/\\\/candas365.es\\\/noticias\\\/wp-content\\\/uploads\\\/2018\\\/03\\\/Centro-Tito-Bustillo.jpg\",\"@id\":\"https:\\\/\\\/candas365.es\\\/noticias\\\/vuelta-al-cole-con-el-muja-centro-tito-bustillo-parque-prehistoria-y-centro-prerromanico\\\/#mainImage\",\"width\":1280,\"height\":904},\"primaryImageOfPage\":{\"@id\":\"https:\\\/\\\/candas365.es\\\/noticias\\\/vuelta-al-cole-con-el-muja-centro-tito-bustillo-parque-prehistoria-y-centro-prerromanico\\\/#mainImage\"},\"datePublished\":\"2020-09-24T02:38:39+02:00\",\"dateModified\":\"2020-09-24T02:38:39+02:00\"},{\"@type\":\"WebSite\",\"@id\":\"https:\\\/\\\/candas365.es\\\/noticias\\\/#website\",\"url\":\"https:\\\/\\\/candas365.es\\\/noticias\\\/\",\"name\":\"Cand\\u00e1s 365\",\"alternateName\":\"Cand\\u00e1s 365 Noticias\",\"description\":\"Actualidad desde Carre\\u00f1o para el mundo\",\"inLanguage\":\"es-ES\",\"publisher\":{\"@id\":\"https:\\\/\\\/candas365.es\\\/noticias\\\/#organization\"}}]}\n\t\t<\/script>\n\t\t<!-- All in One SEO Pro -->\r\n\t\t<title>Vuelta al cole con el MUJA, Centro Tito Bustillo, Parque Prehistoria y Centro Prerrom\u00e1nico | Cand\u00e1s 365<\/title>\n\n","aioseo_head_json":{"title":"Vuelta al cole con el MUJA, Centro Tito Bustillo, Parque Prehistoria y Centro Prerrom\u00e1nico | Cand\u00e1s 365","description":"El Museo del Jur\u00e1sico de Asturias (MUJA), el Centro de Arte Rupestre de Tito Bustillo, el Parque de la Prehistoria de Teverga y el Centro de Recepci\u00f3n e Interpretaci\u00f3n del Prerrom\u00e1nico Asturiano ponen en marcha un nuevo programa escolar para el curso 2020\/2021. Estos equipamientos culturales ofrecen recorridos guiados, v\u00eddeos, talleres online, visitas virtuales, tutoriales","canonical_url":"https:\/\/candas365.es\/noticias\/vuelta-al-cole-con-el-muja-centro-tito-bustillo-parque-prehistoria-y-centro-prerromanico\/","robots":"max-image-preview:large","keywords":"agenda","webmasterTools":{"google-site-verification":"UA-32230408-1","msvalidate.01":"354F3CDFB2DA171B47FBE9ABF1F88D5","miscellaneous":""},"schema":{"@context":"https:\/\/schema.org","@graph":[{"@type":"BreadcrumbList","@id":"https:\/\/candas365.es\/noticias\/vuelta-al-cole-con-el-muja-centro-tito-bustillo-parque-prehistoria-y-centro-prerromanico\/#breadcrumblist","itemListElement":[{"@type":"ListItem","@id":"https:\/\/candas365.es\/noticias#listItem","position":1,"name":"Home","item":"https:\/\/candas365.es\/noticias","nextItem":{"@type":"ListItem","@id":"https:\/\/candas365.es\/noticias\/category\/agenda\/#listItem","name":"Agenda"}},{"@type":"ListItem","@id":"https:\/\/candas365.es\/noticias\/category\/agenda\/#listItem","position":2,"name":"Agenda","item":"https:\/\/candas365.es\/noticias\/category\/agenda\/","nextItem":{"@type":"ListItem","@id":"https:\/\/candas365.es\/noticias\/vuelta-al-cole-con-el-muja-centro-tito-bustillo-parque-prehistoria-y-centro-prerromanico\/#listItem","name":"Vuelta al cole con el MUJA, Centro Tito Bustillo, Parque Prehistoria y Centro Prerrom\u00e1nico"},"previousItem":{"@type":"ListItem","@id":"https:\/\/candas365.es\/noticias#listItem","name":"Home"}},{"@type":"ListItem","@id":"https:\/\/candas365.es\/noticias\/vuelta-al-cole-con-el-muja-centro-tito-bustillo-parque-prehistoria-y-centro-prerromanico\/#listItem","position":3,"name":"Vuelta al cole con el MUJA, Centro Tito Bustillo, Parque Prehistoria y Centro Prerrom\u00e1nico","previousItem":{"@type":"ListItem","@id":"https:\/\/candas365.es\/noticias\/category\/agenda\/#listItem","name":"Agenda"}}]},{"@type":"NewsArticle","@id":"https:\/\/candas365.es\/noticias\/vuelta-al-cole-con-el-muja-centro-tito-bustillo-parque-prehistoria-y-centro-prerromanico\/#newsarticle","name":"Vuelta al cole con el MUJA, Centro Tito Bustillo, Parque Prehistoria y Centro Prerrom\u00e1nico | Cand\u00e1s 365","headline":"Vuelta al cole con el MUJA, Centro Tito Bustillo, Parque Prehistoria y Centro Prerrom\u00e1nico","author":{"@id":"https:\/\/candas365.es\/noticias\/author\/admin\/#author"},"publisher":{"@id":"https:\/\/candas365.es\/noticias\/#organization"},"image":{"@type":"ImageObject","url":"https:\/\/candas365.es\/noticias\/wp-content\/uploads\/2018\/03\/Centro-Tito-Bustillo.jpg","width":1280,"height":904},"datePublished":"2020-09-24T02:38:39+02:00","dateModified":"2020-09-24T02:38:39+02:00","inLanguage":"es-ES","mainEntityOfPage":{"@id":"https:\/\/candas365.es\/noticias\/vuelta-al-cole-con-el-muja-centro-tito-bustillo-parque-prehistoria-y-centro-prerromanico\/#webpage"},"isPartOf":{"@id":"https:\/\/candas365.es\/noticias\/vuelta-al-cole-con-el-muja-centro-tito-bustillo-parque-prehistoria-y-centro-prerromanico\/#webpage"},"articleSection":"Agenda","dateline":"Publicado el septiembre 24, 2020."},{"@type":"Organization","@id":"https:\/\/candas365.es\/noticias\/#organization","name":"Cand\u00e1s 365","description":"Cand\u00e1s 365 es un diario digital independiente, fundado en 2012, con base en Asturias. Informamos con rigor sobre actualidad, sociedad, cultura y ocio, con una mirada local y global.","url":"https:\/\/candas365.es\/noticias\/","email":"info@candas365.es","telephone":"+34652131393","foundingDate":"2012-06-10","logo":{"@type":"ImageObject","url":"https:\/\/candas365.es\/noticias\/wp-content\/uploads\/2024\/09\/Candas-365-Redes.jpg","@id":"https:\/\/candas365.es\/noticias\/vuelta-al-cole-con-el-muja-centro-tito-bustillo-parque-prehistoria-y-centro-prerromanico\/#organizationLogo","width":1152,"height":864,"caption":"Cand\u00e1s 365 Redes"},"image":{"@id":"https:\/\/candas365.es\/noticias\/vuelta-al-cole-con-el-muja-centro-tito-bustillo-parque-prehistoria-y-centro-prerromanico\/#organizationLogo"},"sameAs":["https:\/\/www.facebook.com\/Nachofdezber","https:\/\/x.com\/NabercoDigital","https:\/\/www.instagram.com\/nachofdezber\/","https:\/\/www.youtube.com\/channel\/UCZP-2wLEB9Rv6erhFmqVnvg"],"address":{"@id":"https:\/\/candas365.es\/noticias\/#postaladdress","@type":"PostalAddress","streetAddress":"san antonio 4, san antonio 4","postalCode":"33430","addressLocality":"Cand\u00e1s","addressRegion":"Asturias","addressCountry":"ES"}},{"@type":"Person","@id":"https:\/\/candas365.es\/noticias\/author\/admin\/#author","url":"https:\/\/candas365.es\/noticias\/author\/admin\/","name":"Cand\u00e1s 365","image":{"@type":"ImageObject","@id":"https:\/\/candas365.es\/noticias\/vuelta-al-cole-con-el-muja-centro-tito-bustillo-parque-prehistoria-y-centro-prerromanico\/#authorImage","url":"https:\/\/secure.gravatar.com\/avatar\/496a8e03d0c493ede1718b7934145dbdf8d89be1036b0eec9544e1094c9de390?s=96&d=mm&r=g","width":96,"height":96,"caption":"Cand\u00e1s 365"},"sameAs":["https:\/\/www.facebook.com\/carrenoactualidad","https:\/\/twitter.com\/nbasturias","https:\/\/www.instagram.com\/nachofdezber\/","https:\/\/www.youtube.com\/channel\/UCZP-2wLEB9Rv6erhFmqVnvg"]},{"@type":"WebPage","@id":"https:\/\/candas365.es\/noticias\/vuelta-al-cole-con-el-muja-centro-tito-bustillo-parque-prehistoria-y-centro-prerromanico\/#webpage","url":"https:\/\/candas365.es\/noticias\/vuelta-al-cole-con-el-muja-centro-tito-bustillo-parque-prehistoria-y-centro-prerromanico\/","name":"Vuelta al cole con el MUJA, Centro Tito Bustillo, Parque Prehistoria y Centro Prerrom\u00e1nico | Cand\u00e1s 365","description":"El Museo del Jur\u00e1sico de Asturias (MUJA), el Centro de Arte Rupestre de Tito Bustillo, el Parque de la Prehistoria de Teverga y el Centro de Recepci\u00f3n e Interpretaci\u00f3n del Prerrom\u00e1nico Asturiano ponen en marcha un nuevo programa escolar para el curso 2020\/2021. Estos equipamientos culturales ofrecen recorridos guiados, v\u00eddeos, talleres online, visitas virtuales, tutoriales","inLanguage":"es-ES","isPartOf":{"@id":"https:\/\/candas365.es\/noticias\/#website"},"breadcrumb":{"@id":"https:\/\/candas365.es\/noticias\/vuelta-al-cole-con-el-muja-centro-tito-bustillo-parque-prehistoria-y-centro-prerromanico\/#breadcrumblist"},"author":{"@id":"https:\/\/candas365.es\/noticias\/author\/admin\/#author"},"creator":{"@id":"https:\/\/candas365.es\/noticias\/author\/admin\/#author"},"image":{"@type":"ImageObject","url":"https:\/\/candas365.es\/noticias\/wp-content\/uploads\/2018\/03\/Centro-Tito-Bustillo.jpg","@id":"https:\/\/candas365.es\/noticias\/vuelta-al-cole-con-el-muja-centro-tito-bustillo-parque-prehistoria-y-centro-prerromanico\/#mainImage","width":1280,"height":904},"primaryImageOfPage":{"@id":"https:\/\/candas365.es\/noticias\/vuelta-al-cole-con-el-muja-centro-tito-bustillo-parque-prehistoria-y-centro-prerromanico\/#mainImage"},"datePublished":"2020-09-24T02:38:39+02:00","dateModified":"2020-09-24T02:38:39+02:00"},{"@type":"WebSite","@id":"https:\/\/candas365.es\/noticias\/#website","url":"https:\/\/candas365.es\/noticias\/","name":"Cand\u00e1s 365","alternateName":"Cand\u00e1s 365 Noticias","description":"Actualidad desde Carre\u00f1o para el mundo","inLanguage":"es-ES","publisher":{"@id":"https:\/\/candas365.es\/noticias\/#organization"}}]},"og:locale":"es_ES","og:site_name":"Cand\u00e1s 365","og:type":"article","og:title":"Vuelta al cole con el MUJA, Centro Tito Bustillo, Parque Prehistoria y Centro Prerrom\u00e1nico | Cand\u00e1s 365","og:description":"El Museo del Jur\u00e1sico de Asturias (MUJA), el Centro de Arte Rupestre de Tito Bustillo, el Parque de la Prehistoria de Teverga y el Centro de Recepci\u00f3n e Interpretaci\u00f3n del Prerrom\u00e1nico Asturiano ponen en marcha un nuevo programa escolar para el curso 2020\/2021. Estos equipamientos culturales ofrecen recorridos guiados, v\u00eddeos, talleres online, visitas virtuales, tutoriales","og:url":"https:\/\/candas365.es\/noticias\/vuelta-al-cole-con-el-muja-centro-tito-bustillo-parque-prehistoria-y-centro-prerromanico\/","og:image":"https:\/\/candas365.es\/noticias\/wp-content\/uploads\/2018\/03\/Centro-Tito-Bustillo.jpg","og:image:secure_url":"https:\/\/candas365.es\/noticias\/wp-content\/uploads\/2018\/03\/Centro-Tito-Bustillo.jpg","og:image:width":1280,"og:image:height":904,"article:published_time":"2020-09-24T02:38:39+00:00","article:modified_time":"2020-09-24T02:38:39+00:00","article:publisher":"https:\/\/www.facebook.com\/Nachofdezber","article:author":"https:\/\/www.facebook.com\/carrenoactualidad","twitter:card":"summary_large_image","twitter:site":"@NabercoDigital","twitter:title":"Vuelta al cole con el MUJA, Centro Tito Bustillo, Parque Prehistoria y Centro Prerrom\u00e1nico | Cand\u00e1s 365","twitter:description":"El Museo del Jur\u00e1sico de Asturias (MUJA), el Centro de Arte Rupestre de Tito Bustillo, el Parque de la Prehistoria de Teverga y el Centro de Recepci\u00f3n e Interpretaci\u00f3n del Prerrom\u00e1nico Asturiano ponen en marcha un nuevo programa escolar para el curso 2020\/2021. Estos equipamientos culturales ofrecen recorridos guiados, v\u00eddeos, talleres online, visitas virtuales, tutoriales","twitter:creator":"@nbasturias","twitter:image":"https:\/\/candas365.es\/noticias\/wp-content\/uploads\/2018\/03\/Centro-Tito-Bustillo.jpg","twitter:label1":"Escrito por","twitter:data1":"Cand\u00e1s 365","twitter:label2":"Tiempo de lectura estimado","twitter:data2":"3 minutos"},"aioseo_meta_data":{"post_id":"147181","title":null,"description":"","keywords":"","keyphrases":null,"primary_term":null,"canonical_url":"","og_title":null,"og_description":null,"og_object_type":"default","og_image_type":"default","og_image_url":null,"og_image_width":null,"og_image_height":null,"og_image_custom_url":null,"og_image_custom_fields":null,"og_video":null,"og_custom_url":null,"og_article_section":null,"og_article_tags":null,"twitter_use_og":false,"twitter_card":"default","twitter_image_type":"default","twitter_image_url":null,"twitter_image_custom_url":null,"twitter_image_custom_fields":null,"twitter_title":null,"twitter_description":null,"schema":{"blockGraphs":[],"customGraphs":[],"default":{"data":{"Article":[],"Course":[],"Dataset":[],"FAQPage":[],"Movie":[],"Person":[],"Product":[],"ProductReview":[],"Car":[],"Recipe":[],"Service":[],"SoftwareApplication":[],"WebPage":[]},"graphName":"","isEnabled":true},"graphs":[],"defaultGraph":"","defaultPostTypeGraph":""},"schema_type":null,"schema_type_options":null,"pillar_content":false,"robots_default":true,"robots_noindex":false,"robots_noarchive":false,"robots_nosnippet":false,"robots_nofollow":false,"robots_noimageindex":false,"robots_noodp":false,"robots_notranslate":false,"robots_max_snippet":null,"robots_max_videopreview":null,"robots_max_imagepreview":"large","priority":null,"frequency":null,"location":null,"local_seo":null,"seo_analyzer_scan_date":"2025-08-31 11:52:12","breadcrumb_settings":null,"limit_modified_date":false,"reviewed_by":null,"open_ai":null,"ai":null,"created":"2020-12-21 10:39:19","updated":"2025-08-31 11:52:12"},"aioseo_breadcrumb":"<div class=\"aioseo-breadcrumbs\"><span class=\"aioseo-breadcrumb\">\n\t<a href=\"https:\/\/candas365.es\/noticias\" title=\"Home\">Home<\/a>\n<\/span><span class=\"aioseo-breadcrumb-separator\">&ndash;<\/span><span class=\"aioseo-breadcrumb\">\n\t<a href=\"https:\/\/candas365.es\/noticias\/category\/agenda\/\" title=\"Agenda\">Agenda<\/a>\n<\/span><span class=\"aioseo-breadcrumb-separator\">&ndash;<\/span><span class=\"aioseo-breadcrumb\">\n\tVuelta al cole con el MUJA, Centro Tito Bustillo, Parque Prehistoria y Centro Prerrom\u00e1nico\n<\/span><\/div>","aioseo_breadcrumb_json":[{"label":"Home","link":"https:\/\/candas365.es\/noticias"},{"label":"Agenda","link":"https:\/\/candas365.es\/noticias\/category\/agenda\/"},{"label":"Vuelta al cole con el MUJA, Centro Tito Bustillo, Parque Prehistoria y Centro Prerrom\u00e1nico","link":"https:\/\/candas365.es\/noticias\/vuelta-al-cole-con-el-muja-centro-tito-bustillo-parque-prehistoria-y-centro-prerromanico\/"}],"_links":{"self":[{"href":"https:\/\/candas365.es\/noticias\/wp-json\/wp\/v2\/posts\/147181","targetHints":{"allow":["GET"]}}],"collection":[{"href":"https:\/\/candas365.es\/noticias\/wp-json\/wp\/v2\/posts"}],"about":[{"href":"https:\/\/candas365.es\/noticias\/wp-json\/wp\/v2\/types\/post"}],"author":[{"embeddable":true,"href":"https:\/\/candas365.es\/noticias\/wp-json\/wp\/v2\/users\/1"}],"replies":[{"embeddable":true,"href":"https:\/\/candas365.es\/noticias\/wp-json\/wp\/v2\/comments?post=147181"}],"version-history":[{"count":0,"href":"https:\/\/candas365.es\/noticias\/wp-json\/wp\/v2\/posts\/147181\/revisions"}],"wp:featuredmedia":[{"embeddable":true,"href":"https:\/\/candas365.es\/noticias\/wp-json\/wp\/v2\/media\/92505"}],"wp:attachment":[{"href":"https:\/\/candas365.es\/noticias\/wp-json\/wp\/v2\/media?parent=147181"}],"wp:term":[{"taxonomy":"category","embeddable":true,"href":"https:\/\/candas365.es\/noticias\/wp-json\/wp\/v2\/categories?post=147181"},{"taxonomy":"post_tag","embeddable":true,"href":"https:\/\/candas365.es\/noticias\/wp-json\/wp\/v2\/tags?post=147181"}],"curies":[{"name":"wp","href":"https:\/\/api.w.org\/{rel}","templated":true}]}}