{"id":147122,"date":"2020-09-23T16:14:46","date_gmt":"2020-09-23T16:14:46","guid":{"rendered":"http:\/\/candas365.es\/noticias\/?p=147122"},"modified":"2020-09-23T16:14:46","modified_gmt":"2020-09-23T16:14:46","slug":"el-retrato-como-identidad-en-museo-anton-de-candas","status":"publish","type":"post","link":"https:\/\/candas365.es\/noticias\/el-retrato-como-identidad-en-museo-anton-de-candas\/","title":{"rendered":"\u00abEl retrato como identidad\u00bb en Museo Ant\u00f3n de Cand\u00e1s"},"content":{"rendered":"<p><img fetchpriority=\"high\" decoding=\"async\" class=\"alignleft size-medium wp-image-11794\" src=\"https:\/\/candas365.es\/noticias\/wp-content\/uploads\/2015\/06\/museo-322x300.jpg\" alt=\"\" width=\"322\" height=\"300\" srcset=\"https:\/\/candas365.es\/noticias\/wp-content\/uploads\/2015\/06\/museo-322x300.jpg 322w, https:\/\/candas365.es\/noticias\/wp-content\/uploads\/2015\/06\/museo-516x480.jpg 516w, https:\/\/candas365.es\/noticias\/wp-content\/uploads\/2015\/06\/museo-768x715.jpg 768w, https:\/\/candas365.es\/noticias\/wp-content\/uploads\/2015\/06\/museo-1536x1430.jpg 1536w, https:\/\/candas365.es\/noticias\/wp-content\/uploads\/2015\/06\/museo-150x140.jpg 150w, https:\/\/candas365.es\/noticias\/wp-content\/uploads\/2015\/06\/museo-450x419.jpg 450w, https:\/\/candas365.es\/noticias\/wp-content\/uploads\/2015\/06\/museo-1200x1117.jpg 1200w, https:\/\/candas365.es\/noticias\/wp-content\/uploads\/2015\/06\/museo-696x648.jpg 696w, https:\/\/candas365.es\/noticias\/wp-content\/uploads\/2015\/06\/museo-1068x994.jpg 1068w, https:\/\/candas365.es\/noticias\/wp-content\/uploads\/2015\/06\/museo-451x420.jpg 451w, https:\/\/candas365.es\/noticias\/wp-content\/uploads\/2015\/06\/museo.jpg 1904w\" sizes=\"(max-width: 322px) 100vw, 322px\" \/>El Centro de escultura <strong>Museo Ant\u00f3n de Cand\u00e1s<\/strong> organiza para los meses de octubre y noviembre, <strong>el Taller pl\u00e1stico \u00abEl retrato como identidad\u00bb<\/strong>, actividad orientada a ni\u00f1os y ni\u00f1as de 6 a 12 a\u00f1os de edad.<\/p>\n<p>Las personas participantes en este taller tendr\u00e1n la oportunidad de desarrollar, a trav\u00e9s de diferentes formas de lenguaje pl\u00e1stico, el conocimiento y la representaci\u00f3n de s\u00ed mismos y la conformaci\u00f3n de su propia identidad m\u00e1s all\u00e1 de los l\u00edmites f\u00edsicos.<\/p>\n<p>De este taller, <strong>se realizar\u00e1n 2 ediciones y ser\u00e1n impartidas por Laura Soriano Crespo<\/strong>. Cada edici\u00f3n consta de 8 sesiones que se desarrollar\u00e1n dos d\u00edas a la semana, martes y jueves de 16:30 a 18:30 h. El coste de cada edici\u00f3n es de 10 euros.<\/p>\n<p>En el actual escenario de emergencia sanitaria motivado por la COVID-19, el Museo ha implementado una serie de medidas higi\u00e9nico-sanitarias que proporcionan la suficiente protecci\u00f3n de cara a desarrollar esta actividad en unas condiciones adecuadas de profilaxis<\/p>\n<p>Una de las medidas adoptadas es el establecimiento del n\u00famero m\u00e1ximo de participantes en el taller para garantizar la distancia m\u00ednima de seguridad interpersonal. Los grupos estar\u00e1n integrados por un m\u00e1ximo de 6 participantes y se establece tambi\u00e9n el uso de mascarillas en todo el recinto del Museo.<\/p>\n<p>Al comienzo de cada taller se proporcionar\u00e1 a cada participante el material necesario para realizar la actividad para evitar as\u00ed compartir material o \u00fatiles de trabajo.<\/p>\n<p>Al finalizar la actividad el personal del museo limpiar\u00e1 adecuadamente los instrumentos usados, quedando en buen estado de asepsia para el siguiente uso.<\/p>\n<p>La inscripci\u00f3n para participar en estos talleres se realiza en el Museo Ant\u00f3n a partir de hoy 23 de septiembre.<\/p>\n","protected":false},"excerpt":{"rendered":"<p>El Centro de escultura Museo Ant\u00f3n de Cand\u00e1s organiza para los meses de octubre y noviembre, el Taller pl\u00e1stico \u00abEl retrato como identidad\u00bb, actividad orientada a ni\u00f1os y ni\u00f1as de 6 a 12 a\u00f1os de edad. Las personas participantes en este taller tendr\u00e1n la oportunidad de desarrollar, a trav\u00e9s de diferentes formas de lenguaje pl\u00e1stico,<\/p>\n","protected":false},"author":1,"featured_media":11794,"comment_status":"closed","ping_status":"closed","sticky":false,"template":"","format":"standard","meta":{"footnotes":""},"categories":[2],"tags":[],"class_list":{"0":"post-147122","1":"post","2":"type-post","3":"status-publish","4":"format-standard","5":"has-post-thumbnail","7":"category-noticias-carreno"},"aioseo_notices":[],"aioseo_head":"\n\t\t<!-- All in One SEO Pro 4.9.6.2 - aioseo.com -->\n\t<meta name=\"description\" content=\"El Centro de escultura Museo Ant\u00f3n de Cand\u00e1s organiza para los meses de octubre y noviembre, el Taller pl\u00e1stico &quot;El retrato como identidad&quot;, actividad orientada a ni\u00f1os y ni\u00f1as de 6 a 12 a\u00f1os de edad. Las personas participantes en este taller tendr\u00e1n la oportunidad de desarrollar, a trav\u00e9s de diferentes formas de lenguaje pl\u00e1stico,\" \/>\n\t<meta name=\"robots\" content=\"max-image-preview:large\" \/>\n\t<meta name=\"author\" content=\"Cand\u00e1s 365\"\/>\n\t<meta name=\"google-site-verification\" content=\"UA-32230408-1\" \/>\n\t<meta name=\"msvalidate.01\" content=\"354F3CDFB2DA171B47FBE9ABF1F88D5\" \/>\n\t<meta name=\"keywords\" content=\"noticias carre\u00f1o\" \/>\n\t<link rel=\"canonical\" href=\"https:\/\/candas365.es\/noticias\/el-retrato-como-identidad-en-museo-anton-de-candas\/\" \/>\n\t<meta name=\"generator\" content=\"All in One SEO Pro (AIOSEO) 4.9.6.2\" \/>\n\t\t<meta property=\"og:locale\" content=\"es_ES\" \/>\n\t\t<meta property=\"og:site_name\" content=\"Cand\u00e1s 365\" \/>\n\t\t<meta property=\"og:type\" content=\"article\" \/>\n\t\t<meta property=\"og:title\" content=\"\u00abEl retrato como identidad\u00bb en Museo Ant\u00f3n de Cand\u00e1s | Cand\u00e1s 365\" \/>\n\t\t<meta property=\"og:description\" content=\"El Centro de escultura Museo Ant\u00f3n de Cand\u00e1s organiza para los meses de octubre y noviembre, el Taller pl\u00e1stico &quot;El retrato como identidad&quot;, actividad orientada a ni\u00f1os y ni\u00f1as de 6 a 12 a\u00f1os de edad. Las personas participantes en este taller tendr\u00e1n la oportunidad de desarrollar, a trav\u00e9s de diferentes formas de lenguaje pl\u00e1stico,\" \/>\n\t\t<meta property=\"og:url\" content=\"https:\/\/candas365.es\/noticias\/el-retrato-como-identidad-en-museo-anton-de-candas\/\" \/>\n\t\t<meta property=\"og:image\" content=\"https:\/\/candas365.es\/noticias\/wp-content\/uploads\/2015\/06\/museo.jpg\" \/>\n\t\t<meta property=\"og:image:secure_url\" content=\"https:\/\/candas365.es\/noticias\/wp-content\/uploads\/2015\/06\/museo.jpg\" \/>\n\t\t<meta property=\"og:image:width\" content=\"1904\" \/>\n\t\t<meta property=\"og:image:height\" content=\"1772\" \/>\n\t\t<meta property=\"article:published_time\" content=\"2020-09-23T16:14:46+00:00\" \/>\n\t\t<meta property=\"article:modified_time\" content=\"2020-09-23T16:14:46+00:00\" \/>\n\t\t<meta property=\"article:publisher\" content=\"https:\/\/www.facebook.com\/Nachofdezber\" \/>\n\t\t<meta property=\"article:author\" content=\"https:\/\/www.facebook.com\/carrenoactualidad\" \/>\n\t\t<meta name=\"twitter:card\" content=\"summary_large_image\" \/>\n\t\t<meta name=\"twitter:site\" content=\"@NabercoDigital\" \/>\n\t\t<meta name=\"twitter:title\" content=\"\u00abEl retrato como identidad\u00bb en Museo Ant\u00f3n de Cand\u00e1s | Cand\u00e1s 365\" \/>\n\t\t<meta name=\"twitter:description\" content=\"El Centro de escultura Museo Ant\u00f3n de Cand\u00e1s organiza para los meses de octubre y noviembre, el Taller pl\u00e1stico &quot;El retrato como identidad&quot;, actividad orientada a ni\u00f1os y ni\u00f1as de 6 a 12 a\u00f1os de edad. Las personas participantes en este taller tendr\u00e1n la oportunidad de desarrollar, a trav\u00e9s de diferentes formas de lenguaje pl\u00e1stico,\" \/>\n\t\t<meta name=\"twitter:creator\" content=\"@nbasturias\" \/>\n\t\t<meta name=\"twitter:image\" content=\"https:\/\/candas365.es\/noticias\/wp-content\/uploads\/2015\/06\/museo.jpg\" \/>\n\t\t<meta name=\"twitter:label1\" content=\"Escrito por\" \/>\n\t\t<meta name=\"twitter:data1\" content=\"Cand\u00e1s 365\" \/>\n\t\t<meta name=\"twitter:label2\" content=\"Tiempo de lectura estimado\" \/>\n\t\t<meta name=\"twitter:data2\" content=\"1 minuto\" \/>\n\t\t<script type=\"application\/ld+json\" class=\"aioseo-schema\">\n\t\t\t{\"@context\":\"https:\\\/\\\/schema.org\",\"@graph\":[{\"@type\":\"BreadcrumbList\",\"@id\":\"https:\\\/\\\/candas365.es\\\/noticias\\\/el-retrato-como-identidad-en-museo-anton-de-candas\\\/#breadcrumblist\",\"itemListElement\":[{\"@type\":\"ListItem\",\"@id\":\"https:\\\/\\\/candas365.es\\\/noticias#listItem\",\"position\":1,\"name\":\"Home\",\"item\":\"https:\\\/\\\/candas365.es\\\/noticias\",\"nextItem\":{\"@type\":\"ListItem\",\"@id\":\"https:\\\/\\\/candas365.es\\\/noticias\\\/category\\\/noticias-carreno\\\/#listItem\",\"name\":\"Noticias Carre\\u00f1o\"}},{\"@type\":\"ListItem\",\"@id\":\"https:\\\/\\\/candas365.es\\\/noticias\\\/category\\\/noticias-carreno\\\/#listItem\",\"position\":2,\"name\":\"Noticias Carre\\u00f1o\",\"item\":\"https:\\\/\\\/candas365.es\\\/noticias\\\/category\\\/noticias-carreno\\\/\",\"nextItem\":{\"@type\":\"ListItem\",\"@id\":\"https:\\\/\\\/candas365.es\\\/noticias\\\/el-retrato-como-identidad-en-museo-anton-de-candas\\\/#listItem\",\"name\":\"\\u00abEl retrato como identidad\\u00bb en Museo Ant\\u00f3n de Cand\\u00e1s\"},\"previousItem\":{\"@type\":\"ListItem\",\"@id\":\"https:\\\/\\\/candas365.es\\\/noticias#listItem\",\"name\":\"Home\"}},{\"@type\":\"ListItem\",\"@id\":\"https:\\\/\\\/candas365.es\\\/noticias\\\/el-retrato-como-identidad-en-museo-anton-de-candas\\\/#listItem\",\"position\":3,\"name\":\"\\u00abEl retrato como identidad\\u00bb en Museo Ant\\u00f3n de Cand\\u00e1s\",\"previousItem\":{\"@type\":\"ListItem\",\"@id\":\"https:\\\/\\\/candas365.es\\\/noticias\\\/category\\\/noticias-carreno\\\/#listItem\",\"name\":\"Noticias Carre\\u00f1o\"}}]},{\"@type\":\"NewsArticle\",\"@id\":\"https:\\\/\\\/candas365.es\\\/noticias\\\/el-retrato-como-identidad-en-museo-anton-de-candas\\\/#newsarticle\",\"name\":\"\\u00abEl retrato como identidad\\u00bb en Museo Ant\\u00f3n de Cand\\u00e1s | Cand\\u00e1s 365\",\"headline\":\"\\u00abEl retrato como identidad\\u00bb en Museo Ant\\u00f3n de Cand\\u00e1s\",\"author\":{\"@id\":\"https:\\\/\\\/candas365.es\\\/noticias\\\/author\\\/admin\\\/#author\"},\"publisher\":{\"@id\":\"https:\\\/\\\/candas365.es\\\/noticias\\\/#organization\"},\"image\":{\"@type\":\"ImageObject\",\"url\":\"https:\\\/\\\/candas365.es\\\/noticias\\\/wp-content\\\/uploads\\\/2015\\\/06\\\/museo.jpg\",\"width\":1904,\"height\":1772},\"datePublished\":\"2020-09-23T16:14:46+02:00\",\"dateModified\":\"2020-09-23T16:14:46+02:00\",\"inLanguage\":\"es-ES\",\"mainEntityOfPage\":{\"@id\":\"https:\\\/\\\/candas365.es\\\/noticias\\\/el-retrato-como-identidad-en-museo-anton-de-candas\\\/#webpage\"},\"isPartOf\":{\"@id\":\"https:\\\/\\\/candas365.es\\\/noticias\\\/el-retrato-como-identidad-en-museo-anton-de-candas\\\/#webpage\"},\"articleSection\":\"Noticias Carre\\u00f1o\",\"dateline\":\"Publicado el septiembre 23, 2020.\"},{\"@type\":\"Organization\",\"@id\":\"https:\\\/\\\/candas365.es\\\/noticias\\\/#organization\",\"name\":\"Cand\\u00e1s 365\",\"description\":\"Cand\\u00e1s 365 es un diario digital independiente, fundado en 2012, con base en Asturias. Informamos con rigor sobre actualidad, sociedad, cultura y ocio, con una mirada local y global.\",\"url\":\"https:\\\/\\\/candas365.es\\\/noticias\\\/\",\"email\":\"info@candas365.es\",\"telephone\":\"+34652131393\",\"foundingDate\":\"2012-06-10\",\"logo\":{\"@type\":\"ImageObject\",\"url\":\"https:\\\/\\\/candas365.es\\\/noticias\\\/wp-content\\\/uploads\\\/2024\\\/09\\\/Candas-365-Redes.jpg\",\"@id\":\"https:\\\/\\\/candas365.es\\\/noticias\\\/el-retrato-como-identidad-en-museo-anton-de-candas\\\/#organizationLogo\",\"width\":1152,\"height\":864,\"caption\":\"Cand\\u00e1s 365 Redes\"},\"image\":{\"@id\":\"https:\\\/\\\/candas365.es\\\/noticias\\\/el-retrato-como-identidad-en-museo-anton-de-candas\\\/#organizationLogo\"},\"sameAs\":[\"https:\\\/\\\/www.facebook.com\\\/Nachofdezber\",\"https:\\\/\\\/x.com\\\/NabercoDigital\",\"https:\\\/\\\/www.instagram.com\\\/nachofdezber\\\/\",\"https:\\\/\\\/www.youtube.com\\\/channel\\\/UCZP-2wLEB9Rv6erhFmqVnvg\"],\"address\":{\"@id\":\"https:\\\/\\\/candas365.es\\\/noticias\\\/#postaladdress\",\"@type\":\"PostalAddress\",\"streetAddress\":\"san antonio 4, san antonio 4\",\"postalCode\":\"33430\",\"addressLocality\":\"Cand\\u00e1s\",\"addressRegion\":\"Asturias\",\"addressCountry\":\"ES\"}},{\"@type\":\"Person\",\"@id\":\"https:\\\/\\\/candas365.es\\\/noticias\\\/author\\\/admin\\\/#author\",\"url\":\"https:\\\/\\\/candas365.es\\\/noticias\\\/author\\\/admin\\\/\",\"name\":\"Cand\\u00e1s 365\",\"image\":{\"@type\":\"ImageObject\",\"@id\":\"https:\\\/\\\/candas365.es\\\/noticias\\\/el-retrato-como-identidad-en-museo-anton-de-candas\\\/#authorImage\",\"url\":\"https:\\\/\\\/secure.gravatar.com\\\/avatar\\\/496a8e03d0c493ede1718b7934145dbdf8d89be1036b0eec9544e1094c9de390?s=96&d=mm&r=g\",\"width\":96,\"height\":96,\"caption\":\"Cand\\u00e1s 365\"},\"sameAs\":[\"https:\\\/\\\/www.facebook.com\\\/carrenoactualidad\",\"https:\\\/\\\/twitter.com\\\/nbasturias\",\"https:\\\/\\\/www.instagram.com\\\/nachofdezber\\\/\",\"https:\\\/\\\/www.youtube.com\\\/channel\\\/UCZP-2wLEB9Rv6erhFmqVnvg\"]},{\"@type\":\"WebPage\",\"@id\":\"https:\\\/\\\/candas365.es\\\/noticias\\\/el-retrato-como-identidad-en-museo-anton-de-candas\\\/#webpage\",\"url\":\"https:\\\/\\\/candas365.es\\\/noticias\\\/el-retrato-como-identidad-en-museo-anton-de-candas\\\/\",\"name\":\"\\u00abEl retrato como identidad\\u00bb en Museo Ant\\u00f3n de Cand\\u00e1s | Cand\\u00e1s 365\",\"description\":\"El Centro de escultura Museo Ant\\u00f3n de Cand\\u00e1s organiza para los meses de octubre y noviembre, el Taller pl\\u00e1stico \\\"El retrato como identidad\\\", actividad orientada a ni\\u00f1os y ni\\u00f1as de 6 a 12 a\\u00f1os de edad. Las personas participantes en este taller tendr\\u00e1n la oportunidad de desarrollar, a trav\\u00e9s de diferentes formas de lenguaje pl\\u00e1stico,\",\"inLanguage\":\"es-ES\",\"isPartOf\":{\"@id\":\"https:\\\/\\\/candas365.es\\\/noticias\\\/#website\"},\"breadcrumb\":{\"@id\":\"https:\\\/\\\/candas365.es\\\/noticias\\\/el-retrato-como-identidad-en-museo-anton-de-candas\\\/#breadcrumblist\"},\"author\":{\"@id\":\"https:\\\/\\\/candas365.es\\\/noticias\\\/author\\\/admin\\\/#author\"},\"creator\":{\"@id\":\"https:\\\/\\\/candas365.es\\\/noticias\\\/author\\\/admin\\\/#author\"},\"image\":{\"@type\":\"ImageObject\",\"url\":\"https:\\\/\\\/candas365.es\\\/noticias\\\/wp-content\\\/uploads\\\/2015\\\/06\\\/museo.jpg\",\"@id\":\"https:\\\/\\\/candas365.es\\\/noticias\\\/el-retrato-como-identidad-en-museo-anton-de-candas\\\/#mainImage\",\"width\":1904,\"height\":1772},\"primaryImageOfPage\":{\"@id\":\"https:\\\/\\\/candas365.es\\\/noticias\\\/el-retrato-como-identidad-en-museo-anton-de-candas\\\/#mainImage\"},\"datePublished\":\"2020-09-23T16:14:46+02:00\",\"dateModified\":\"2020-09-23T16:14:46+02:00\"},{\"@type\":\"WebSite\",\"@id\":\"https:\\\/\\\/candas365.es\\\/noticias\\\/#website\",\"url\":\"https:\\\/\\\/candas365.es\\\/noticias\\\/\",\"name\":\"Cand\\u00e1s 365\",\"alternateName\":\"Cand\\u00e1s 365 Noticias\",\"description\":\"Actualidad desde Carre\\u00f1o para el mundo\",\"inLanguage\":\"es-ES\",\"publisher\":{\"@id\":\"https:\\\/\\\/candas365.es\\\/noticias\\\/#organization\"}}]}\n\t\t<\/script>\n\t\t<!-- All in One SEO Pro -->\r\n\t\t<title>\u00abEl retrato como identidad\u00bb en Museo Ant\u00f3n de Cand\u00e1s | Cand\u00e1s 365<\/title>\n\n","aioseo_head_json":{"title":"\u00abEl retrato como identidad\u00bb en Museo Ant\u00f3n de Cand\u00e1s | Cand\u00e1s 365","description":"El Centro de escultura Museo Ant\u00f3n de Cand\u00e1s organiza para los meses de octubre y noviembre, el Taller pl\u00e1stico \"El retrato como identidad\", actividad orientada a ni\u00f1os y ni\u00f1as de 6 a 12 a\u00f1os de edad. Las personas participantes en este taller tendr\u00e1n la oportunidad de desarrollar, a trav\u00e9s de diferentes formas de lenguaje pl\u00e1stico,","canonical_url":"https:\/\/candas365.es\/noticias\/el-retrato-como-identidad-en-museo-anton-de-candas\/","robots":"max-image-preview:large","keywords":"noticias carre\u00f1o","webmasterTools":{"google-site-verification":"UA-32230408-1","msvalidate.01":"354F3CDFB2DA171B47FBE9ABF1F88D5","miscellaneous":""},"schema":{"@context":"https:\/\/schema.org","@graph":[{"@type":"BreadcrumbList","@id":"https:\/\/candas365.es\/noticias\/el-retrato-como-identidad-en-museo-anton-de-candas\/#breadcrumblist","itemListElement":[{"@type":"ListItem","@id":"https:\/\/candas365.es\/noticias#listItem","position":1,"name":"Home","item":"https:\/\/candas365.es\/noticias","nextItem":{"@type":"ListItem","@id":"https:\/\/candas365.es\/noticias\/category\/noticias-carreno\/#listItem","name":"Noticias Carre\u00f1o"}},{"@type":"ListItem","@id":"https:\/\/candas365.es\/noticias\/category\/noticias-carreno\/#listItem","position":2,"name":"Noticias Carre\u00f1o","item":"https:\/\/candas365.es\/noticias\/category\/noticias-carreno\/","nextItem":{"@type":"ListItem","@id":"https:\/\/candas365.es\/noticias\/el-retrato-como-identidad-en-museo-anton-de-candas\/#listItem","name":"\u00abEl retrato como identidad\u00bb en Museo Ant\u00f3n de Cand\u00e1s"},"previousItem":{"@type":"ListItem","@id":"https:\/\/candas365.es\/noticias#listItem","name":"Home"}},{"@type":"ListItem","@id":"https:\/\/candas365.es\/noticias\/el-retrato-como-identidad-en-museo-anton-de-candas\/#listItem","position":3,"name":"\u00abEl retrato como identidad\u00bb en Museo Ant\u00f3n de Cand\u00e1s","previousItem":{"@type":"ListItem","@id":"https:\/\/candas365.es\/noticias\/category\/noticias-carreno\/#listItem","name":"Noticias Carre\u00f1o"}}]},{"@type":"NewsArticle","@id":"https:\/\/candas365.es\/noticias\/el-retrato-como-identidad-en-museo-anton-de-candas\/#newsarticle","name":"\u00abEl retrato como identidad\u00bb en Museo Ant\u00f3n de Cand\u00e1s | Cand\u00e1s 365","headline":"\u00abEl retrato como identidad\u00bb en Museo Ant\u00f3n de Cand\u00e1s","author":{"@id":"https:\/\/candas365.es\/noticias\/author\/admin\/#author"},"publisher":{"@id":"https:\/\/candas365.es\/noticias\/#organization"},"image":{"@type":"ImageObject","url":"https:\/\/candas365.es\/noticias\/wp-content\/uploads\/2015\/06\/museo.jpg","width":1904,"height":1772},"datePublished":"2020-09-23T16:14:46+02:00","dateModified":"2020-09-23T16:14:46+02:00","inLanguage":"es-ES","mainEntityOfPage":{"@id":"https:\/\/candas365.es\/noticias\/el-retrato-como-identidad-en-museo-anton-de-candas\/#webpage"},"isPartOf":{"@id":"https:\/\/candas365.es\/noticias\/el-retrato-como-identidad-en-museo-anton-de-candas\/#webpage"},"articleSection":"Noticias Carre\u00f1o","dateline":"Publicado el septiembre 23, 2020."},{"@type":"Organization","@id":"https:\/\/candas365.es\/noticias\/#organization","name":"Cand\u00e1s 365","description":"Cand\u00e1s 365 es un diario digital independiente, fundado en 2012, con base en Asturias. Informamos con rigor sobre actualidad, sociedad, cultura y ocio, con una mirada local y global.","url":"https:\/\/candas365.es\/noticias\/","email":"info@candas365.es","telephone":"+34652131393","foundingDate":"2012-06-10","logo":{"@type":"ImageObject","url":"https:\/\/candas365.es\/noticias\/wp-content\/uploads\/2024\/09\/Candas-365-Redes.jpg","@id":"https:\/\/candas365.es\/noticias\/el-retrato-como-identidad-en-museo-anton-de-candas\/#organizationLogo","width":1152,"height":864,"caption":"Cand\u00e1s 365 Redes"},"image":{"@id":"https:\/\/candas365.es\/noticias\/el-retrato-como-identidad-en-museo-anton-de-candas\/#organizationLogo"},"sameAs":["https:\/\/www.facebook.com\/Nachofdezber","https:\/\/x.com\/NabercoDigital","https:\/\/www.instagram.com\/nachofdezber\/","https:\/\/www.youtube.com\/channel\/UCZP-2wLEB9Rv6erhFmqVnvg"],"address":{"@id":"https:\/\/candas365.es\/noticias\/#postaladdress","@type":"PostalAddress","streetAddress":"san antonio 4, san antonio 4","postalCode":"33430","addressLocality":"Cand\u00e1s","addressRegion":"Asturias","addressCountry":"ES"}},{"@type":"Person","@id":"https:\/\/candas365.es\/noticias\/author\/admin\/#author","url":"https:\/\/candas365.es\/noticias\/author\/admin\/","name":"Cand\u00e1s 365","image":{"@type":"ImageObject","@id":"https:\/\/candas365.es\/noticias\/el-retrato-como-identidad-en-museo-anton-de-candas\/#authorImage","url":"https:\/\/secure.gravatar.com\/avatar\/496a8e03d0c493ede1718b7934145dbdf8d89be1036b0eec9544e1094c9de390?s=96&d=mm&r=g","width":96,"height":96,"caption":"Cand\u00e1s 365"},"sameAs":["https:\/\/www.facebook.com\/carrenoactualidad","https:\/\/twitter.com\/nbasturias","https:\/\/www.instagram.com\/nachofdezber\/","https:\/\/www.youtube.com\/channel\/UCZP-2wLEB9Rv6erhFmqVnvg"]},{"@type":"WebPage","@id":"https:\/\/candas365.es\/noticias\/el-retrato-como-identidad-en-museo-anton-de-candas\/#webpage","url":"https:\/\/candas365.es\/noticias\/el-retrato-como-identidad-en-museo-anton-de-candas\/","name":"\u00abEl retrato como identidad\u00bb en Museo Ant\u00f3n de Cand\u00e1s | Cand\u00e1s 365","description":"El Centro de escultura Museo Ant\u00f3n de Cand\u00e1s organiza para los meses de octubre y noviembre, el Taller pl\u00e1stico \"El retrato como identidad\", actividad orientada a ni\u00f1os y ni\u00f1as de 6 a 12 a\u00f1os de edad. Las personas participantes en este taller tendr\u00e1n la oportunidad de desarrollar, a trav\u00e9s de diferentes formas de lenguaje pl\u00e1stico,","inLanguage":"es-ES","isPartOf":{"@id":"https:\/\/candas365.es\/noticias\/#website"},"breadcrumb":{"@id":"https:\/\/candas365.es\/noticias\/el-retrato-como-identidad-en-museo-anton-de-candas\/#breadcrumblist"},"author":{"@id":"https:\/\/candas365.es\/noticias\/author\/admin\/#author"},"creator":{"@id":"https:\/\/candas365.es\/noticias\/author\/admin\/#author"},"image":{"@type":"ImageObject","url":"https:\/\/candas365.es\/noticias\/wp-content\/uploads\/2015\/06\/museo.jpg","@id":"https:\/\/candas365.es\/noticias\/el-retrato-como-identidad-en-museo-anton-de-candas\/#mainImage","width":1904,"height":1772},"primaryImageOfPage":{"@id":"https:\/\/candas365.es\/noticias\/el-retrato-como-identidad-en-museo-anton-de-candas\/#mainImage"},"datePublished":"2020-09-23T16:14:46+02:00","dateModified":"2020-09-23T16:14:46+02:00"},{"@type":"WebSite","@id":"https:\/\/candas365.es\/noticias\/#website","url":"https:\/\/candas365.es\/noticias\/","name":"Cand\u00e1s 365","alternateName":"Cand\u00e1s 365 Noticias","description":"Actualidad desde Carre\u00f1o para el mundo","inLanguage":"es-ES","publisher":{"@id":"https:\/\/candas365.es\/noticias\/#organization"}}]},"og:locale":"es_ES","og:site_name":"Cand\u00e1s 365","og:type":"article","og:title":"\u00abEl retrato como identidad\u00bb en Museo Ant\u00f3n de Cand\u00e1s | Cand\u00e1s 365","og:description":"El Centro de escultura Museo Ant\u00f3n de Cand\u00e1s organiza para los meses de octubre y noviembre, el Taller pl\u00e1stico &quot;El retrato como identidad&quot;, actividad orientada a ni\u00f1os y ni\u00f1as de 6 a 12 a\u00f1os de edad. Las personas participantes en este taller tendr\u00e1n la oportunidad de desarrollar, a trav\u00e9s de diferentes formas de lenguaje pl\u00e1stico,","og:url":"https:\/\/candas365.es\/noticias\/el-retrato-como-identidad-en-museo-anton-de-candas\/","og:image":"https:\/\/candas365.es\/noticias\/wp-content\/uploads\/2015\/06\/museo.jpg","og:image:secure_url":"https:\/\/candas365.es\/noticias\/wp-content\/uploads\/2015\/06\/museo.jpg","og:image:width":1904,"og:image:height":1772,"article:published_time":"2020-09-23T16:14:46+00:00","article:modified_time":"2020-09-23T16:14:46+00:00","article:publisher":"https:\/\/www.facebook.com\/Nachofdezber","article:author":"https:\/\/www.facebook.com\/carrenoactualidad","twitter:card":"summary_large_image","twitter:site":"@NabercoDigital","twitter:title":"\u00abEl retrato como identidad\u00bb en Museo Ant\u00f3n de Cand\u00e1s | Cand\u00e1s 365","twitter:description":"El Centro de escultura Museo Ant\u00f3n de Cand\u00e1s organiza para los meses de octubre y noviembre, el Taller pl\u00e1stico &quot;El retrato como identidad&quot;, actividad orientada a ni\u00f1os y ni\u00f1as de 6 a 12 a\u00f1os de edad. Las personas participantes en este taller tendr\u00e1n la oportunidad de desarrollar, a trav\u00e9s de diferentes formas de lenguaje pl\u00e1stico,","twitter:creator":"@nbasturias","twitter:image":"https:\/\/candas365.es\/noticias\/wp-content\/uploads\/2015\/06\/museo.jpg","twitter:label1":"Escrito por","twitter:data1":"Cand\u00e1s 365","twitter:label2":"Tiempo de lectura estimado","twitter:data2":"1 minuto"},"aioseo_meta_data":{"post_id":"147122","title":null,"description":"","keywords":"","keyphrases":null,"primary_term":null,"canonical_url":"","og_title":null,"og_description":null,"og_object_type":"default","og_image_type":"default","og_image_url":null,"og_image_width":null,"og_image_height":null,"og_image_custom_url":null,"og_image_custom_fields":null,"og_video":null,"og_custom_url":null,"og_article_section":null,"og_article_tags":null,"twitter_use_og":false,"twitter_card":"default","twitter_image_type":"default","twitter_image_url":null,"twitter_image_custom_url":null,"twitter_image_custom_fields":null,"twitter_title":null,"twitter_description":null,"schema":{"blockGraphs":[],"customGraphs":[],"default":{"data":{"Article":[],"Course":[],"Dataset":[],"FAQPage":[],"Movie":[],"Person":[],"Product":[],"ProductReview":[],"Car":[],"Recipe":[],"Service":[],"SoftwareApplication":[],"WebPage":[]},"graphName":"","isEnabled":true},"graphs":[]},"schema_type":null,"schema_type_options":null,"pillar_content":false,"robots_default":true,"robots_noindex":false,"robots_noarchive":false,"robots_nosnippet":false,"robots_nofollow":false,"robots_noimageindex":false,"robots_noodp":false,"robots_notranslate":false,"robots_max_snippet":null,"robots_max_videopreview":null,"robots_max_imagepreview":"large","priority":null,"frequency":null,"location":null,"local_seo":null,"seo_analyzer_scan_date":"2025-08-31 11:48:27","breadcrumb_settings":null,"limit_modified_date":false,"reviewed_by":null,"open_ai":null,"ai":null,"created":"2020-12-21 10:39:19","updated":"2025-08-31 11:48:27"},"aioseo_breadcrumb":"<div class=\"aioseo-breadcrumbs\"><span class=\"aioseo-breadcrumb\">\n\t<a href=\"https:\/\/candas365.es\/noticias\" title=\"Home\">Home<\/a>\n<\/span><span class=\"aioseo-breadcrumb-separator\">&ndash;<\/span><span class=\"aioseo-breadcrumb\">\n\t<a href=\"https:\/\/candas365.es\/noticias\/category\/noticias-carreno\/\" title=\"Noticias Carre\u00f1o\">Noticias Carre\u00f1o<\/a>\n<\/span><span class=\"aioseo-breadcrumb-separator\">&ndash;<\/span><span class=\"aioseo-breadcrumb\">\n\t\u00abEl retrato como identidad\u00bb en Museo Ant\u00f3n de Cand\u00e1s\n<\/span><\/div>","aioseo_breadcrumb_json":[{"label":"Home","link":"https:\/\/candas365.es\/noticias"},{"label":"Noticias Carre\u00f1o","link":"https:\/\/candas365.es\/noticias\/category\/noticias-carreno\/"},{"label":"\u00abEl retrato como identidad\u00bb en Museo Ant\u00f3n de Cand\u00e1s","link":"https:\/\/candas365.es\/noticias\/el-retrato-como-identidad-en-museo-anton-de-candas\/"}],"_links":{"self":[{"href":"https:\/\/candas365.es\/noticias\/wp-json\/wp\/v2\/posts\/147122","targetHints":{"allow":["GET"]}}],"collection":[{"href":"https:\/\/candas365.es\/noticias\/wp-json\/wp\/v2\/posts"}],"about":[{"href":"https:\/\/candas365.es\/noticias\/wp-json\/wp\/v2\/types\/post"}],"author":[{"embeddable":true,"href":"https:\/\/candas365.es\/noticias\/wp-json\/wp\/v2\/users\/1"}],"replies":[{"embeddable":true,"href":"https:\/\/candas365.es\/noticias\/wp-json\/wp\/v2\/comments?post=147122"}],"version-history":[{"count":0,"href":"https:\/\/candas365.es\/noticias\/wp-json\/wp\/v2\/posts\/147122\/revisions"}],"wp:featuredmedia":[{"embeddable":true,"href":"https:\/\/candas365.es\/noticias\/wp-json\/wp\/v2\/media\/11794"}],"wp:attachment":[{"href":"https:\/\/candas365.es\/noticias\/wp-json\/wp\/v2\/media?parent=147122"}],"wp:term":[{"taxonomy":"category","embeddable":true,"href":"https:\/\/candas365.es\/noticias\/wp-json\/wp\/v2\/categories?post=147122"},{"taxonomy":"post_tag","embeddable":true,"href":"https:\/\/candas365.es\/noticias\/wp-json\/wp\/v2\/tags?post=147122"}],"curies":[{"name":"wp","href":"https:\/\/api.w.org\/{rel}","templated":true}]}}