{"id":147078,"date":"2020-09-21T12:45:17","date_gmt":"2020-09-21T12:45:17","guid":{"rendered":"http:\/\/candas365.es\/noticias\/?p=147078"},"modified":"2020-09-21T12:45:17","modified_gmt":"2020-09-21T12:45:17","slug":"convenio-de-colaboracion-entre-ayuntamiento-y-candas-club-de-futbol","status":"publish","type":"post","link":"https:\/\/candas365.es\/noticias\/convenio-de-colaboracion-entre-ayuntamiento-y-candas-club-de-futbol\/","title":{"rendered":"Convenio de colaboraci\u00f3n entre Ayuntamiento y Cand\u00e1s Club de F\u00fatbol"},"content":{"rendered":"<p><img fetchpriority=\"high\" decoding=\"async\" class=\"alignleft size-medium wp-image-147079\" src=\"https:\/\/candas365.es\/noticias\/wp-content\/uploads\/2020\/09\/Convenio-Candas-CF-360x245.jpg\" alt=\"Convenio Cand\u00e1s CF\" width=\"360\" height=\"245\" srcset=\"https:\/\/candas365.es\/noticias\/wp-content\/uploads\/2020\/09\/Convenio-Candas-CF-360x245.jpg 360w, https:\/\/candas365.es\/noticias\/wp-content\/uploads\/2020\/09\/Convenio-Candas-CF-650x443.jpg 650w, https:\/\/candas365.es\/noticias\/wp-content\/uploads\/2020\/09\/Convenio-Candas-CF-768x523.jpg 768w, https:\/\/candas365.es\/noticias\/wp-content\/uploads\/2020\/09\/Convenio-Candas-CF-696x474.jpg 696w, https:\/\/candas365.es\/noticias\/wp-content\/uploads\/2020\/09\/Convenio-Candas-CF-616x420.jpg 616w, https:\/\/candas365.es\/noticias\/wp-content\/uploads\/2020\/09\/Convenio-Candas-CF.jpg 1061w\" sizes=\"(max-width: 360px) 100vw, 360px\" \/>El Sal\u00f3n de Plenos de la Casa Consistorial acogi\u00f3 recientemente la firma del Convenio de Colaboraci\u00f3n entre el Presidente del Cand\u00e1s Club de F\u00fatbol, J<strong>es\u00fas Hern\u00e1ndez y Amelia Fern\u00e1ndez L\u00f3pez<\/strong>, Alcaldesa de Carre\u00f1o. En el acto de firma estuvo presente el edil de deportes, Jos\u00e9 Jes\u00fas Varela.<\/p>\n<p>El objeto de este nuevo acuerdo es promover y apoyar las actividades deportivas de competici\u00f3n y espect\u00e1culo para la pr\u00e1ctica del deporte de f\u00fatbol, <strong>siendo este club el m\u00e1ximo exponente deportivo del Concejo<\/strong>. As\u00ed como la difusi\u00f3n, promoci\u00f3n de pr\u00e1cticas deportivas mediante la participaci\u00f3n en competiciones deportivas oficiales de esta disciplina.<\/p>\n<p>Durante la r\u00fabrica de la alianza el Presidente de la entidad se\u00f1al\u00f3 que \u201cSomos un club de f\u00fatbol popular que con orgullo lleva el nombre de Cand\u00e1s a todos los campos de f\u00fatbol de Asturias mostrando y representado la imagen de lo que somos como pueblo. Una entidad abierta a cooperar con el resto de entidades del Concejo, a ser un activo social, para llevar el deporte y el nombre de Carre\u00f1o a lo m\u00e1s alto. Pero para ello es importante el compromiso y la financiaci\u00f3n de las instituciones con los clubs, siendo muy importante la firma de este tipo de convenios al ser una de nuestras principales fuentes de financiaci\u00f3n. Por lo que agradezco enormemente en nombre de la entidad que represento al Ayuntamiento de Carre\u00f1o la implicaci\u00f3n, la colaboraci\u00f3n y el patrocinio con nuestra organizaci\u00f3n\u201d<\/p>\n<p>\u201cLa situaci\u00f3n sanitaria rompi\u00f3 la din\u00e1mica de nuestros proyectos y el ritmo de trabajo. Actualmente estamos trabajando con la premisa de \u201cpor encima de todo de la salud\u201d, lo que lleva a que tengamos periodos de inactividad deportiva. Estos per\u00edodos los hemos aprovechado para acometer mejoras en las instalaciones municipales cedidas para tenerlas en perfecto estado de cara a la pr\u00f3xima temporada. As\u00ed por ejemplo mejoramos el drenaje del campo con el fin de llegar reducir al 75% de las aguas que se quedaban estancadas en el terreno de juego\u201d prosigui\u00f3 el Presidente del Cand\u00e1s C.F<\/p>\n<p>\u201cEl pasado jueves 10 de septiembre finaliz\u00f3 el plazo de inscripci\u00f3n de equipos dado por la Federaci\u00f3n de F\u00fatbol para la Temporada 2020-2021. A partir de esa fecha se fijar\u00e1 el calendario deportivo y el comienzo de la competici\u00f3n. Nuestra idea es comenzar a entrenar siguiendo no solo los protocolos sanitarios marcados por la Federaci\u00f3n, si no que mayores hemos reforzado esas directrices a\u00f1adiendo medidas de protecci\u00f3n propias\u201d avanz\u00f3 Hern\u00e1ndez.<\/p>\n<p>El Cand\u00e1s Club de F\u00fatbol fue fundado en 1948 y actualmente milita en la categor\u00eda de Regional Preferente de Asturias. Sus partidos los juega en el Campo de titularidad municipal de \u201cLa Mata\u201d el cual tiene una capacidad aproximada para 3 000 espectadores. Siendo su vestimenta titular camiseta a franjas rojiblancas verticales, pantal\u00f3n azul y medias rojas. La m\u00e1xima categor\u00eda alcanzada por la entidad deportiva ha sido la Tercera Divisi\u00f3n, en la que ha militado en 26 campa\u00f1as, la \u00faltima vez en la temporada 2013\/14. Siendo su mejor clasificaci\u00f3n el tercer puesto, logrado en tres ocasiones: 1966\/67, 1967\/68 y 2008\/09. Esta \u00faltima clasificaci\u00f3n le dio la opci\u00f3n a disputar la promoci\u00f3n de ascenso a Segunda Divisi\u00f3n B por primera y \u00fanica vez en su historia.En 2010 consigui\u00f3 el t\u00edtulo m\u00e1s importante de su palmar\u00e9s, hasta el momento, al alzarse con la victoria en la final auton\u00f3mica de la Copa Real Federaci\u00f3n Espa\u00f1ola de F\u00fatbol tras vencer al Uni\u00f3n Popular de Langreo.<\/p>\n<p>\u201cEs una prioridad de este Gobierno Municipal respaldar y apoyar econ\u00f3micamente la labor realizada por los movimientos sociales, culturales, deportivos, etc. en el desarrollo y bienestar del municipio. Y es por ello que, reconociendo la labor que el Cand\u00e1s Club de F\u00fatbol realiza desde la pr\u00e1ctica del deporte federado, y con el \u00e1nimo de posibilitar la misma de forma satisfactoria para el Club y el municipio, ambas entidades hemos suscrito este Convenio\u201d coment\u00f3 la Alcaldesa.<\/p>\n<p>\u201cEl Ayuntamiento, fruto del acuerdo alcanzado, har\u00e1 una aportaci\u00f3n econ\u00f3mica este a\u00f1o a las arcas del Club de 8.190 \u20ac para que la entidad pueda hacer frente a los gastos derivados de su actividad. Adem\u00e1s de la cesi\u00f3n, en precario, de forma gratuita, del uso de las instalaciones deportivas municipales del Campo municipal de F\u00fatbol de \u201cLa Mata\u201d, as\u00ed como de los edificios anexos al mismo utilizados como vestuarios, oficinas,\u2026\u201d reflej\u00f3 la Primera Edil.<\/p>\n<p>\u201cComprometi\u00e9ndose por su parte el Club a la realizaci\u00f3n de las reparaciones normales de conservaci\u00f3n y mantenimiento del bien cedido. Asumiendo la entidad todos los gastos corrientes, tales como suministro de agua, electricidad,\u2026 A presentar un proyecto deportivo de car\u00e1cter anual, que incluya un presupuesto, as\u00ed como una memoria final de actividades y balance econ\u00f3mico junto con la justificaci\u00f3n de gastos del a\u00f1o en curso. Adem\u00e1s deber\u00e1 organizar al menos dos actividades y\/o eventos deportivos y colaborar con el Ayuntamiento en los eventos deportivos en lo que se solicite su colaboraci\u00f3n, entre otros compromisos\u201d finaliz\u00f3 Amelia Fern\u00e1ndez L\u00f3pez-Alcaldesa de Carre\u00f1o.<\/p>\n<p>Hasta el a\u00f1o 1962 el Club juega sus partidos en el terreno que usaba el Canijo F\u00fatbol Club, el campo de La Cruz. Traslad\u00e1ndose ese mismo a\u00f1o a las instalaciones del campo municipal de \u201cLa Mata\u201d. Un terreno de juego de hierba natural y con unas dimensiones de 100&#215;66 m. Disponiendo de una tribuna lateral, cubierta, con capacidad para un millar de personas, 640 de ellas sentadas, y con otra grada descubierta ubicada en uno de los fondos. El campo recibe su nombre del presidente del club desde 1963 a 1966: Jos\u00e9 Ram\u00f3n Fern\u00e1ndez Gonz\u00e1lez, Pepe la Mata.<\/p>\n<p>&nbsp;<\/p>\n","protected":false},"excerpt":{"rendered":"<p>El Sal\u00f3n de Plenos de la Casa Consistorial acogi\u00f3 recientemente la firma del Convenio de Colaboraci\u00f3n entre el Presidente del Cand\u00e1s Club de F\u00fatbol, Jes\u00fas Hern\u00e1ndez y Amelia Fern\u00e1ndez L\u00f3pez, Alcaldesa de Carre\u00f1o. En el acto de firma estuvo presente el edil de deportes, Jos\u00e9 Jes\u00fas Varela. El objeto de este nuevo acuerdo es promover<\/p>\n","protected":false},"author":1,"featured_media":147079,"comment_status":"closed","ping_status":"closed","sticky":false,"template":"","format":"standard","meta":{"footnotes":""},"categories":[319,2],"tags":[],"class_list":{"0":"post-147078","1":"post","2":"type-post","3":"status-publish","4":"format-standard","5":"has-post-thumbnail","7":"category-deporte","8":"category-noticias-carreno"},"aioseo_notices":[],"aioseo_head":"\n\t\t<!-- All in One SEO Pro 4.9.6.2 - aioseo.com -->\n\t<meta name=\"description\" content=\"El Sal\u00f3n de Plenos de la Casa Consistorial acogi\u00f3 recientemente la firma del Convenio de Colaboraci\u00f3n entre el Presidente del Cand\u00e1s Club de F\u00fatbol, Jes\u00fas Hern\u00e1ndez y Amelia Fern\u00e1ndez L\u00f3pez, Alcaldesa de Carre\u00f1o. En el acto de firma estuvo presente el edil de deportes, Jos\u00e9 Jes\u00fas Varela. El objeto de este nuevo acuerdo es promover\" \/>\n\t<meta name=\"robots\" content=\"max-image-preview:large\" \/>\n\t<meta name=\"author\" content=\"Cand\u00e1s 365\"\/>\n\t<meta name=\"google-site-verification\" content=\"UA-32230408-1\" \/>\n\t<meta name=\"msvalidate.01\" content=\"354F3CDFB2DA171B47FBE9ABF1F88D5\" \/>\n\t<meta name=\"keywords\" content=\"deporte,noticias carre\u00f1o\" \/>\n\t<link rel=\"canonical\" href=\"https:\/\/candas365.es\/noticias\/convenio-de-colaboracion-entre-ayuntamiento-y-candas-club-de-futbol\/\" \/>\n\t<meta name=\"generator\" content=\"All in One SEO Pro (AIOSEO) 4.9.6.2\" \/>\n\t\t<meta property=\"og:locale\" content=\"es_ES\" \/>\n\t\t<meta property=\"og:site_name\" content=\"Cand\u00e1s 365\" \/>\n\t\t<meta property=\"og:type\" content=\"article\" \/>\n\t\t<meta property=\"og:title\" content=\"Convenio de colaboraci\u00f3n entre Ayuntamiento y Cand\u00e1s Club de F\u00fatbol | Cand\u00e1s 365\" \/>\n\t\t<meta property=\"og:description\" content=\"El Sal\u00f3n de Plenos de la Casa Consistorial acogi\u00f3 recientemente la firma del Convenio de Colaboraci\u00f3n entre el Presidente del Cand\u00e1s Club de F\u00fatbol, Jes\u00fas Hern\u00e1ndez y Amelia Fern\u00e1ndez L\u00f3pez, Alcaldesa de Carre\u00f1o. En el acto de firma estuvo presente el edil de deportes, Jos\u00e9 Jes\u00fas Varela. El objeto de este nuevo acuerdo es promover\" \/>\n\t\t<meta property=\"og:url\" content=\"https:\/\/candas365.es\/noticias\/convenio-de-colaboracion-entre-ayuntamiento-y-candas-club-de-futbol\/\" \/>\n\t\t<meta property=\"og:image\" content=\"https:\/\/candas365.es\/noticias\/wp-content\/uploads\/2020\/09\/Convenio-Candas-CF.jpg\" \/>\n\t\t<meta property=\"og:image:secure_url\" content=\"https:\/\/candas365.es\/noticias\/wp-content\/uploads\/2020\/09\/Convenio-Candas-CF.jpg\" \/>\n\t\t<meta property=\"og:image:width\" content=\"1061\" \/>\n\t\t<meta property=\"og:image:height\" content=\"723\" \/>\n\t\t<meta property=\"article:published_time\" content=\"2020-09-21T12:45:17+00:00\" \/>\n\t\t<meta property=\"article:modified_time\" content=\"2020-09-21T12:45:17+00:00\" \/>\n\t\t<meta property=\"article:publisher\" content=\"https:\/\/www.facebook.com\/Nachofdezber\" \/>\n\t\t<meta property=\"article:author\" content=\"https:\/\/www.facebook.com\/carrenoactualidad\" \/>\n\t\t<meta name=\"twitter:card\" content=\"summary_large_image\" \/>\n\t\t<meta name=\"twitter:site\" content=\"@NabercoDigital\" \/>\n\t\t<meta name=\"twitter:title\" content=\"Convenio de colaboraci\u00f3n entre Ayuntamiento y Cand\u00e1s Club de F\u00fatbol | Cand\u00e1s 365\" \/>\n\t\t<meta name=\"twitter:description\" content=\"El Sal\u00f3n de Plenos de la Casa Consistorial acogi\u00f3 recientemente la firma del Convenio de Colaboraci\u00f3n entre el Presidente del Cand\u00e1s Club de F\u00fatbol, Jes\u00fas Hern\u00e1ndez y Amelia Fern\u00e1ndez L\u00f3pez, Alcaldesa de Carre\u00f1o. En el acto de firma estuvo presente el edil de deportes, Jos\u00e9 Jes\u00fas Varela. El objeto de este nuevo acuerdo es promover\" \/>\n\t\t<meta name=\"twitter:creator\" content=\"@nbasturias\" \/>\n\t\t<meta name=\"twitter:image\" content=\"https:\/\/candas365.es\/noticias\/wp-content\/uploads\/2020\/09\/Convenio-Candas-CF.jpg\" \/>\n\t\t<meta name=\"twitter:label1\" content=\"Escrito por\" \/>\n\t\t<meta name=\"twitter:data1\" content=\"Cand\u00e1s 365\" \/>\n\t\t<meta name=\"twitter:label2\" content=\"Tiempo de lectura estimado\" \/>\n\t\t<meta name=\"twitter:data2\" content=\"5 minutos\" \/>\n\t\t<script type=\"application\/ld+json\" class=\"aioseo-schema\">\n\t\t\t{\"@context\":\"https:\\\/\\\/schema.org\",\"@graph\":[{\"@type\":\"BreadcrumbList\",\"@id\":\"https:\\\/\\\/candas365.es\\\/noticias\\\/convenio-de-colaboracion-entre-ayuntamiento-y-candas-club-de-futbol\\\/#breadcrumblist\",\"itemListElement\":[{\"@type\":\"ListItem\",\"@id\":\"https:\\\/\\\/candas365.es\\\/noticias#listItem\",\"position\":1,\"name\":\"Home\",\"item\":\"https:\\\/\\\/candas365.es\\\/noticias\",\"nextItem\":{\"@type\":\"ListItem\",\"@id\":\"https:\\\/\\\/candas365.es\\\/noticias\\\/category\\\/noticias-carreno\\\/#listItem\",\"name\":\"Noticias Carre\\u00f1o\"}},{\"@type\":\"ListItem\",\"@id\":\"https:\\\/\\\/candas365.es\\\/noticias\\\/category\\\/noticias-carreno\\\/#listItem\",\"position\":2,\"name\":\"Noticias Carre\\u00f1o\",\"item\":\"https:\\\/\\\/candas365.es\\\/noticias\\\/category\\\/noticias-carreno\\\/\",\"nextItem\":{\"@type\":\"ListItem\",\"@id\":\"https:\\\/\\\/candas365.es\\\/noticias\\\/convenio-de-colaboracion-entre-ayuntamiento-y-candas-club-de-futbol\\\/#listItem\",\"name\":\"Convenio de colaboraci\\u00f3n entre Ayuntamiento y Cand\\u00e1s Club de F\\u00fatbol\"},\"previousItem\":{\"@type\":\"ListItem\",\"@id\":\"https:\\\/\\\/candas365.es\\\/noticias#listItem\",\"name\":\"Home\"}},{\"@type\":\"ListItem\",\"@id\":\"https:\\\/\\\/candas365.es\\\/noticias\\\/convenio-de-colaboracion-entre-ayuntamiento-y-candas-club-de-futbol\\\/#listItem\",\"position\":3,\"name\":\"Convenio de colaboraci\\u00f3n entre Ayuntamiento y Cand\\u00e1s Club de F\\u00fatbol\",\"previousItem\":{\"@type\":\"ListItem\",\"@id\":\"https:\\\/\\\/candas365.es\\\/noticias\\\/category\\\/noticias-carreno\\\/#listItem\",\"name\":\"Noticias Carre\\u00f1o\"}}]},{\"@type\":\"NewsArticle\",\"@id\":\"https:\\\/\\\/candas365.es\\\/noticias\\\/convenio-de-colaboracion-entre-ayuntamiento-y-candas-club-de-futbol\\\/#newsarticle\",\"name\":\"Convenio de colaboraci\\u00f3n entre Ayuntamiento y Cand\\u00e1s Club de F\\u00fatbol | Cand\\u00e1s 365\",\"headline\":\"Convenio de colaboraci\\u00f3n entre Ayuntamiento y Cand\\u00e1s Club de F\\u00fatbol\",\"author\":{\"@id\":\"https:\\\/\\\/candas365.es\\\/noticias\\\/author\\\/admin\\\/#author\"},\"publisher\":{\"@id\":\"https:\\\/\\\/candas365.es\\\/noticias\\\/#organization\"},\"image\":{\"@type\":\"ImageObject\",\"url\":\"https:\\\/\\\/candas365.es\\\/noticias\\\/wp-content\\\/uploads\\\/2020\\\/09\\\/Convenio-Candas-CF.jpg\",\"width\":1061,\"height\":723,\"caption\":\"Convenio Cand\\u00e1s CF\"},\"datePublished\":\"2020-09-21T12:45:17+02:00\",\"dateModified\":\"2020-09-21T12:45:17+02:00\",\"inLanguage\":\"es-ES\",\"mainEntityOfPage\":{\"@id\":\"https:\\\/\\\/candas365.es\\\/noticias\\\/convenio-de-colaboracion-entre-ayuntamiento-y-candas-club-de-futbol\\\/#webpage\"},\"isPartOf\":{\"@id\":\"https:\\\/\\\/candas365.es\\\/noticias\\\/convenio-de-colaboracion-entre-ayuntamiento-y-candas-club-de-futbol\\\/#webpage\"},\"articleSection\":\"Deporte, Noticias Carre\\u00f1o\",\"dateline\":\"Publicado el septiembre 21, 2020.\"},{\"@type\":\"Organization\",\"@id\":\"https:\\\/\\\/candas365.es\\\/noticias\\\/#organization\",\"name\":\"Cand\\u00e1s 365\",\"description\":\"Cand\\u00e1s 365 es un diario digital independiente, fundado en 2012, con base en Asturias. Informamos con rigor sobre actualidad, sociedad, cultura y ocio, con una mirada local y global.\",\"url\":\"https:\\\/\\\/candas365.es\\\/noticias\\\/\",\"email\":\"info@candas365.es\",\"telephone\":\"+34652131393\",\"foundingDate\":\"2012-06-10\",\"logo\":{\"@type\":\"ImageObject\",\"url\":\"https:\\\/\\\/candas365.es\\\/noticias\\\/wp-content\\\/uploads\\\/2024\\\/09\\\/Candas-365-Redes.jpg\",\"@id\":\"https:\\\/\\\/candas365.es\\\/noticias\\\/convenio-de-colaboracion-entre-ayuntamiento-y-candas-club-de-futbol\\\/#organizationLogo\",\"width\":1152,\"height\":864,\"caption\":\"Cand\\u00e1s 365 Redes\"},\"image\":{\"@id\":\"https:\\\/\\\/candas365.es\\\/noticias\\\/convenio-de-colaboracion-entre-ayuntamiento-y-candas-club-de-futbol\\\/#organizationLogo\"},\"sameAs\":[\"https:\\\/\\\/www.facebook.com\\\/Nachofdezber\",\"https:\\\/\\\/x.com\\\/NabercoDigital\",\"https:\\\/\\\/www.instagram.com\\\/nachofdezber\\\/\",\"https:\\\/\\\/www.youtube.com\\\/channel\\\/UCZP-2wLEB9Rv6erhFmqVnvg\"],\"address\":{\"@id\":\"https:\\\/\\\/candas365.es\\\/noticias\\\/#postaladdress\",\"@type\":\"PostalAddress\",\"streetAddress\":\"san antonio 4, san antonio 4\",\"postalCode\":\"33430\",\"addressLocality\":\"Cand\\u00e1s\",\"addressRegion\":\"Asturias\",\"addressCountry\":\"ES\"}},{\"@type\":\"Person\",\"@id\":\"https:\\\/\\\/candas365.es\\\/noticias\\\/author\\\/admin\\\/#author\",\"url\":\"https:\\\/\\\/candas365.es\\\/noticias\\\/author\\\/admin\\\/\",\"name\":\"Cand\\u00e1s 365\",\"image\":{\"@type\":\"ImageObject\",\"@id\":\"https:\\\/\\\/candas365.es\\\/noticias\\\/convenio-de-colaboracion-entre-ayuntamiento-y-candas-club-de-futbol\\\/#authorImage\",\"url\":\"https:\\\/\\\/secure.gravatar.com\\\/avatar\\\/496a8e03d0c493ede1718b7934145dbdf8d89be1036b0eec9544e1094c9de390?s=96&d=mm&r=g\",\"width\":96,\"height\":96,\"caption\":\"Cand\\u00e1s 365\"},\"sameAs\":[\"https:\\\/\\\/www.facebook.com\\\/carrenoactualidad\",\"https:\\\/\\\/twitter.com\\\/nbasturias\",\"https:\\\/\\\/www.instagram.com\\\/nachofdezber\\\/\",\"https:\\\/\\\/www.youtube.com\\\/channel\\\/UCZP-2wLEB9Rv6erhFmqVnvg\"]},{\"@type\":\"WebPage\",\"@id\":\"https:\\\/\\\/candas365.es\\\/noticias\\\/convenio-de-colaboracion-entre-ayuntamiento-y-candas-club-de-futbol\\\/#webpage\",\"url\":\"https:\\\/\\\/candas365.es\\\/noticias\\\/convenio-de-colaboracion-entre-ayuntamiento-y-candas-club-de-futbol\\\/\",\"name\":\"Convenio de colaboraci\\u00f3n entre Ayuntamiento y Cand\\u00e1s Club de F\\u00fatbol | Cand\\u00e1s 365\",\"description\":\"El Sal\\u00f3n de Plenos de la Casa Consistorial acogi\\u00f3 recientemente la firma del Convenio de Colaboraci\\u00f3n entre el Presidente del Cand\\u00e1s Club de F\\u00fatbol, Jes\\u00fas Hern\\u00e1ndez y Amelia Fern\\u00e1ndez L\\u00f3pez, Alcaldesa de Carre\\u00f1o. En el acto de firma estuvo presente el edil de deportes, Jos\\u00e9 Jes\\u00fas Varela. El objeto de este nuevo acuerdo es promover\",\"inLanguage\":\"es-ES\",\"isPartOf\":{\"@id\":\"https:\\\/\\\/candas365.es\\\/noticias\\\/#website\"},\"breadcrumb\":{\"@id\":\"https:\\\/\\\/candas365.es\\\/noticias\\\/convenio-de-colaboracion-entre-ayuntamiento-y-candas-club-de-futbol\\\/#breadcrumblist\"},\"author\":{\"@id\":\"https:\\\/\\\/candas365.es\\\/noticias\\\/author\\\/admin\\\/#author\"},\"creator\":{\"@id\":\"https:\\\/\\\/candas365.es\\\/noticias\\\/author\\\/admin\\\/#author\"},\"image\":{\"@type\":\"ImageObject\",\"url\":\"https:\\\/\\\/candas365.es\\\/noticias\\\/wp-content\\\/uploads\\\/2020\\\/09\\\/Convenio-Candas-CF.jpg\",\"@id\":\"https:\\\/\\\/candas365.es\\\/noticias\\\/convenio-de-colaboracion-entre-ayuntamiento-y-candas-club-de-futbol\\\/#mainImage\",\"width\":1061,\"height\":723,\"caption\":\"Convenio Cand\\u00e1s CF\"},\"primaryImageOfPage\":{\"@id\":\"https:\\\/\\\/candas365.es\\\/noticias\\\/convenio-de-colaboracion-entre-ayuntamiento-y-candas-club-de-futbol\\\/#mainImage\"},\"datePublished\":\"2020-09-21T12:45:17+02:00\",\"dateModified\":\"2020-09-21T12:45:17+02:00\"},{\"@type\":\"WebSite\",\"@id\":\"https:\\\/\\\/candas365.es\\\/noticias\\\/#website\",\"url\":\"https:\\\/\\\/candas365.es\\\/noticias\\\/\",\"name\":\"Cand\\u00e1s 365\",\"alternateName\":\"Cand\\u00e1s 365 Noticias\",\"description\":\"Actualidad desde Carre\\u00f1o para el mundo\",\"inLanguage\":\"es-ES\",\"publisher\":{\"@id\":\"https:\\\/\\\/candas365.es\\\/noticias\\\/#organization\"}}]}\n\t\t<\/script>\n\t\t<!-- All in One SEO Pro -->\r\n\t\t<title>Convenio de colaboraci\u00f3n entre Ayuntamiento y Cand\u00e1s Club de F\u00fatbol | Cand\u00e1s 365<\/title>\n\n","aioseo_head_json":{"title":"Convenio de colaboraci\u00f3n entre Ayuntamiento y Cand\u00e1s Club de F\u00fatbol | Cand\u00e1s 365","description":"El Sal\u00f3n de Plenos de la Casa Consistorial acogi\u00f3 recientemente la firma del Convenio de Colaboraci\u00f3n entre el Presidente del Cand\u00e1s Club de F\u00fatbol, Jes\u00fas Hern\u00e1ndez y Amelia Fern\u00e1ndez L\u00f3pez, Alcaldesa de Carre\u00f1o. En el acto de firma estuvo presente el edil de deportes, Jos\u00e9 Jes\u00fas Varela. El objeto de este nuevo acuerdo es promover","canonical_url":"https:\/\/candas365.es\/noticias\/convenio-de-colaboracion-entre-ayuntamiento-y-candas-club-de-futbol\/","robots":"max-image-preview:large","keywords":"deporte,noticias carre\u00f1o","webmasterTools":{"google-site-verification":"UA-32230408-1","msvalidate.01":"354F3CDFB2DA171B47FBE9ABF1F88D5","miscellaneous":""},"schema":{"@context":"https:\/\/schema.org","@graph":[{"@type":"BreadcrumbList","@id":"https:\/\/candas365.es\/noticias\/convenio-de-colaboracion-entre-ayuntamiento-y-candas-club-de-futbol\/#breadcrumblist","itemListElement":[{"@type":"ListItem","@id":"https:\/\/candas365.es\/noticias#listItem","position":1,"name":"Home","item":"https:\/\/candas365.es\/noticias","nextItem":{"@type":"ListItem","@id":"https:\/\/candas365.es\/noticias\/category\/noticias-carreno\/#listItem","name":"Noticias Carre\u00f1o"}},{"@type":"ListItem","@id":"https:\/\/candas365.es\/noticias\/category\/noticias-carreno\/#listItem","position":2,"name":"Noticias Carre\u00f1o","item":"https:\/\/candas365.es\/noticias\/category\/noticias-carreno\/","nextItem":{"@type":"ListItem","@id":"https:\/\/candas365.es\/noticias\/convenio-de-colaboracion-entre-ayuntamiento-y-candas-club-de-futbol\/#listItem","name":"Convenio de colaboraci\u00f3n entre Ayuntamiento y Cand\u00e1s Club de F\u00fatbol"},"previousItem":{"@type":"ListItem","@id":"https:\/\/candas365.es\/noticias#listItem","name":"Home"}},{"@type":"ListItem","@id":"https:\/\/candas365.es\/noticias\/convenio-de-colaboracion-entre-ayuntamiento-y-candas-club-de-futbol\/#listItem","position":3,"name":"Convenio de colaboraci\u00f3n entre Ayuntamiento y Cand\u00e1s Club de F\u00fatbol","previousItem":{"@type":"ListItem","@id":"https:\/\/candas365.es\/noticias\/category\/noticias-carreno\/#listItem","name":"Noticias Carre\u00f1o"}}]},{"@type":"NewsArticle","@id":"https:\/\/candas365.es\/noticias\/convenio-de-colaboracion-entre-ayuntamiento-y-candas-club-de-futbol\/#newsarticle","name":"Convenio de colaboraci\u00f3n entre Ayuntamiento y Cand\u00e1s Club de F\u00fatbol | Cand\u00e1s 365","headline":"Convenio de colaboraci\u00f3n entre Ayuntamiento y Cand\u00e1s Club de F\u00fatbol","author":{"@id":"https:\/\/candas365.es\/noticias\/author\/admin\/#author"},"publisher":{"@id":"https:\/\/candas365.es\/noticias\/#organization"},"image":{"@type":"ImageObject","url":"https:\/\/candas365.es\/noticias\/wp-content\/uploads\/2020\/09\/Convenio-Candas-CF.jpg","width":1061,"height":723,"caption":"Convenio Cand\u00e1s CF"},"datePublished":"2020-09-21T12:45:17+02:00","dateModified":"2020-09-21T12:45:17+02:00","inLanguage":"es-ES","mainEntityOfPage":{"@id":"https:\/\/candas365.es\/noticias\/convenio-de-colaboracion-entre-ayuntamiento-y-candas-club-de-futbol\/#webpage"},"isPartOf":{"@id":"https:\/\/candas365.es\/noticias\/convenio-de-colaboracion-entre-ayuntamiento-y-candas-club-de-futbol\/#webpage"},"articleSection":"Deporte, Noticias Carre\u00f1o","dateline":"Publicado el septiembre 21, 2020."},{"@type":"Organization","@id":"https:\/\/candas365.es\/noticias\/#organization","name":"Cand\u00e1s 365","description":"Cand\u00e1s 365 es un diario digital independiente, fundado en 2012, con base en Asturias. Informamos con rigor sobre actualidad, sociedad, cultura y ocio, con una mirada local y global.","url":"https:\/\/candas365.es\/noticias\/","email":"info@candas365.es","telephone":"+34652131393","foundingDate":"2012-06-10","logo":{"@type":"ImageObject","url":"https:\/\/candas365.es\/noticias\/wp-content\/uploads\/2024\/09\/Candas-365-Redes.jpg","@id":"https:\/\/candas365.es\/noticias\/convenio-de-colaboracion-entre-ayuntamiento-y-candas-club-de-futbol\/#organizationLogo","width":1152,"height":864,"caption":"Cand\u00e1s 365 Redes"},"image":{"@id":"https:\/\/candas365.es\/noticias\/convenio-de-colaboracion-entre-ayuntamiento-y-candas-club-de-futbol\/#organizationLogo"},"sameAs":["https:\/\/www.facebook.com\/Nachofdezber","https:\/\/x.com\/NabercoDigital","https:\/\/www.instagram.com\/nachofdezber\/","https:\/\/www.youtube.com\/channel\/UCZP-2wLEB9Rv6erhFmqVnvg"],"address":{"@id":"https:\/\/candas365.es\/noticias\/#postaladdress","@type":"PostalAddress","streetAddress":"san antonio 4, san antonio 4","postalCode":"33430","addressLocality":"Cand\u00e1s","addressRegion":"Asturias","addressCountry":"ES"}},{"@type":"Person","@id":"https:\/\/candas365.es\/noticias\/author\/admin\/#author","url":"https:\/\/candas365.es\/noticias\/author\/admin\/","name":"Cand\u00e1s 365","image":{"@type":"ImageObject","@id":"https:\/\/candas365.es\/noticias\/convenio-de-colaboracion-entre-ayuntamiento-y-candas-club-de-futbol\/#authorImage","url":"https:\/\/secure.gravatar.com\/avatar\/496a8e03d0c493ede1718b7934145dbdf8d89be1036b0eec9544e1094c9de390?s=96&d=mm&r=g","width":96,"height":96,"caption":"Cand\u00e1s 365"},"sameAs":["https:\/\/www.facebook.com\/carrenoactualidad","https:\/\/twitter.com\/nbasturias","https:\/\/www.instagram.com\/nachofdezber\/","https:\/\/www.youtube.com\/channel\/UCZP-2wLEB9Rv6erhFmqVnvg"]},{"@type":"WebPage","@id":"https:\/\/candas365.es\/noticias\/convenio-de-colaboracion-entre-ayuntamiento-y-candas-club-de-futbol\/#webpage","url":"https:\/\/candas365.es\/noticias\/convenio-de-colaboracion-entre-ayuntamiento-y-candas-club-de-futbol\/","name":"Convenio de colaboraci\u00f3n entre Ayuntamiento y Cand\u00e1s Club de F\u00fatbol | Cand\u00e1s 365","description":"El Sal\u00f3n de Plenos de la Casa Consistorial acogi\u00f3 recientemente la firma del Convenio de Colaboraci\u00f3n entre el Presidente del Cand\u00e1s Club de F\u00fatbol, Jes\u00fas Hern\u00e1ndez y Amelia Fern\u00e1ndez L\u00f3pez, Alcaldesa de Carre\u00f1o. En el acto de firma estuvo presente el edil de deportes, Jos\u00e9 Jes\u00fas Varela. El objeto de este nuevo acuerdo es promover","inLanguage":"es-ES","isPartOf":{"@id":"https:\/\/candas365.es\/noticias\/#website"},"breadcrumb":{"@id":"https:\/\/candas365.es\/noticias\/convenio-de-colaboracion-entre-ayuntamiento-y-candas-club-de-futbol\/#breadcrumblist"},"author":{"@id":"https:\/\/candas365.es\/noticias\/author\/admin\/#author"},"creator":{"@id":"https:\/\/candas365.es\/noticias\/author\/admin\/#author"},"image":{"@type":"ImageObject","url":"https:\/\/candas365.es\/noticias\/wp-content\/uploads\/2020\/09\/Convenio-Candas-CF.jpg","@id":"https:\/\/candas365.es\/noticias\/convenio-de-colaboracion-entre-ayuntamiento-y-candas-club-de-futbol\/#mainImage","width":1061,"height":723,"caption":"Convenio Cand\u00e1s CF"},"primaryImageOfPage":{"@id":"https:\/\/candas365.es\/noticias\/convenio-de-colaboracion-entre-ayuntamiento-y-candas-club-de-futbol\/#mainImage"},"datePublished":"2020-09-21T12:45:17+02:00","dateModified":"2020-09-21T12:45:17+02:00"},{"@type":"WebSite","@id":"https:\/\/candas365.es\/noticias\/#website","url":"https:\/\/candas365.es\/noticias\/","name":"Cand\u00e1s 365","alternateName":"Cand\u00e1s 365 Noticias","description":"Actualidad desde Carre\u00f1o para el mundo","inLanguage":"es-ES","publisher":{"@id":"https:\/\/candas365.es\/noticias\/#organization"}}]},"og:locale":"es_ES","og:site_name":"Cand\u00e1s 365","og:type":"article","og:title":"Convenio de colaboraci\u00f3n entre Ayuntamiento y Cand\u00e1s Club de F\u00fatbol | Cand\u00e1s 365","og:description":"El Sal\u00f3n de Plenos de la Casa Consistorial acogi\u00f3 recientemente la firma del Convenio de Colaboraci\u00f3n entre el Presidente del Cand\u00e1s Club de F\u00fatbol, Jes\u00fas Hern\u00e1ndez y Amelia Fern\u00e1ndez L\u00f3pez, Alcaldesa de Carre\u00f1o. En el acto de firma estuvo presente el edil de deportes, Jos\u00e9 Jes\u00fas Varela. El objeto de este nuevo acuerdo es promover","og:url":"https:\/\/candas365.es\/noticias\/convenio-de-colaboracion-entre-ayuntamiento-y-candas-club-de-futbol\/","og:image":"https:\/\/candas365.es\/noticias\/wp-content\/uploads\/2020\/09\/Convenio-Candas-CF.jpg","og:image:secure_url":"https:\/\/candas365.es\/noticias\/wp-content\/uploads\/2020\/09\/Convenio-Candas-CF.jpg","og:image:width":1061,"og:image:height":723,"article:published_time":"2020-09-21T12:45:17+00:00","article:modified_time":"2020-09-21T12:45:17+00:00","article:publisher":"https:\/\/www.facebook.com\/Nachofdezber","article:author":"https:\/\/www.facebook.com\/carrenoactualidad","twitter:card":"summary_large_image","twitter:site":"@NabercoDigital","twitter:title":"Convenio de colaboraci\u00f3n entre Ayuntamiento y Cand\u00e1s Club de F\u00fatbol | Cand\u00e1s 365","twitter:description":"El Sal\u00f3n de Plenos de la Casa Consistorial acogi\u00f3 recientemente la firma del Convenio de Colaboraci\u00f3n entre el Presidente del Cand\u00e1s Club de F\u00fatbol, Jes\u00fas Hern\u00e1ndez y Amelia Fern\u00e1ndez L\u00f3pez, Alcaldesa de Carre\u00f1o. En el acto de firma estuvo presente el edil de deportes, Jos\u00e9 Jes\u00fas Varela. El objeto de este nuevo acuerdo es promover","twitter:creator":"@nbasturias","twitter:image":"https:\/\/candas365.es\/noticias\/wp-content\/uploads\/2020\/09\/Convenio-Candas-CF.jpg","twitter:label1":"Escrito por","twitter:data1":"Cand\u00e1s 365","twitter:label2":"Tiempo de lectura estimado","twitter:data2":"5 minutos"},"aioseo_meta_data":{"post_id":"147078","title":null,"description":"","keywords":"","keyphrases":null,"primary_term":null,"canonical_url":"","og_title":null,"og_description":null,"og_object_type":"default","og_image_type":"default","og_image_url":null,"og_image_width":null,"og_image_height":null,"og_image_custom_url":null,"og_image_custom_fields":null,"og_video":null,"og_custom_url":null,"og_article_section":null,"og_article_tags":null,"twitter_use_og":false,"twitter_card":"default","twitter_image_type":"default","twitter_image_url":null,"twitter_image_custom_url":null,"twitter_image_custom_fields":null,"twitter_title":null,"twitter_description":null,"schema":{"blockGraphs":[],"customGraphs":[],"default":{"data":{"Article":[],"Course":[],"Dataset":[],"FAQPage":[],"Movie":[],"Person":[],"Product":[],"ProductReview":[],"Car":[],"Recipe":[],"Service":[],"SoftwareApplication":[],"WebPage":[]},"graphName":"","isEnabled":true},"graphs":[]},"schema_type":null,"schema_type_options":null,"pillar_content":false,"robots_default":true,"robots_noindex":false,"robots_noarchive":false,"robots_nosnippet":false,"robots_nofollow":false,"robots_noimageindex":false,"robots_noodp":false,"robots_notranslate":false,"robots_max_snippet":null,"robots_max_videopreview":null,"robots_max_imagepreview":"large","priority":null,"frequency":null,"location":null,"local_seo":null,"seo_analyzer_scan_date":"2025-08-31 11:43:23","breadcrumb_settings":null,"limit_modified_date":false,"reviewed_by":null,"open_ai":null,"ai":null,"created":"2020-12-21 10:39:19","updated":"2025-08-31 11:43:23"},"aioseo_breadcrumb":"<div class=\"aioseo-breadcrumbs\"><span class=\"aioseo-breadcrumb\">\n\t<a href=\"https:\/\/candas365.es\/noticias\" title=\"Home\">Home<\/a>\n<\/span><span class=\"aioseo-breadcrumb-separator\">&ndash;<\/span><span class=\"aioseo-breadcrumb\">\n\t<a href=\"https:\/\/candas365.es\/noticias\/category\/noticias-carreno\/\" title=\"Noticias Carre\u00f1o\">Noticias Carre\u00f1o<\/a>\n<\/span><span class=\"aioseo-breadcrumb-separator\">&ndash;<\/span><span class=\"aioseo-breadcrumb\">\n\tConvenio de colaboraci\u00f3n entre Ayuntamiento y Cand\u00e1s Club de F\u00fatbol\n<\/span><\/div>","aioseo_breadcrumb_json":[{"label":"Home","link":"https:\/\/candas365.es\/noticias"},{"label":"Noticias Carre\u00f1o","link":"https:\/\/candas365.es\/noticias\/category\/noticias-carreno\/"},{"label":"Convenio de colaboraci\u00f3n entre Ayuntamiento y Cand\u00e1s Club de F\u00fatbol","link":"https:\/\/candas365.es\/noticias\/convenio-de-colaboracion-entre-ayuntamiento-y-candas-club-de-futbol\/"}],"_links":{"self":[{"href":"https:\/\/candas365.es\/noticias\/wp-json\/wp\/v2\/posts\/147078","targetHints":{"allow":["GET"]}}],"collection":[{"href":"https:\/\/candas365.es\/noticias\/wp-json\/wp\/v2\/posts"}],"about":[{"href":"https:\/\/candas365.es\/noticias\/wp-json\/wp\/v2\/types\/post"}],"author":[{"embeddable":true,"href":"https:\/\/candas365.es\/noticias\/wp-json\/wp\/v2\/users\/1"}],"replies":[{"embeddable":true,"href":"https:\/\/candas365.es\/noticias\/wp-json\/wp\/v2\/comments?post=147078"}],"version-history":[{"count":0,"href":"https:\/\/candas365.es\/noticias\/wp-json\/wp\/v2\/posts\/147078\/revisions"}],"wp:featuredmedia":[{"embeddable":true,"href":"https:\/\/candas365.es\/noticias\/wp-json\/wp\/v2\/media\/147079"}],"wp:attachment":[{"href":"https:\/\/candas365.es\/noticias\/wp-json\/wp\/v2\/media?parent=147078"}],"wp:term":[{"taxonomy":"category","embeddable":true,"href":"https:\/\/candas365.es\/noticias\/wp-json\/wp\/v2\/categories?post=147078"},{"taxonomy":"post_tag","embeddable":true,"href":"https:\/\/candas365.es\/noticias\/wp-json\/wp\/v2\/tags?post=147078"}],"curies":[{"name":"wp","href":"https:\/\/api.w.org\/{rel}","templated":true}]}}