{"id":147075,"date":"2020-09-21T12:25:20","date_gmt":"2020-09-21T12:25:20","guid":{"rendered":"http:\/\/candas365.es\/noticias\/?p=147075"},"modified":"2020-09-21T12:25:20","modified_gmt":"2020-09-21T12:25:20","slug":"nuevo-vehiculo-para-la-limpieza-de-carreno","status":"publish","type":"post","link":"https:\/\/candas365.es\/noticias\/nuevo-vehiculo-para-la-limpieza-de-carreno\/","title":{"rendered":"Nuevo veh\u00edculo para la limpieza de Carre\u00f1o"},"content":{"rendered":"<p><img fetchpriority=\"high\" decoding=\"async\" class=\"alignleft size-medium wp-image-147076\" src=\"https:\/\/candas365.es\/noticias\/wp-content\/uploads\/2020\/09\/limpieza-Carreno-258x300.jpg\" alt=\"Limpieza Carre\u00f1o\" width=\"258\" height=\"300\" srcset=\"https:\/\/candas365.es\/noticias\/wp-content\/uploads\/2020\/09\/limpieza-Carreno-258x300.jpg 258w, https:\/\/candas365.es\/noticias\/wp-content\/uploads\/2020\/09\/limpieza-Carreno-412x480.jpg 412w, https:\/\/candas365.es\/noticias\/wp-content\/uploads\/2020\/09\/limpieza-Carreno-361x420.jpg 361w, https:\/\/candas365.es\/noticias\/wp-content\/uploads\/2020\/09\/limpieza-Carreno.jpg 610w\" sizes=\"(max-width: 258px) 100vw, 258px\" \/>\u201cEn el marco de la subvenci\u00f3n europea, el Ayuntamiento de Carre\u00f1o, impulsa la mejora del parque de veh\u00edculos del Servicio Municipal de Obras con la adquisici\u00f3n de este nuevo utilitario con el objetivo de reforzar el servicio de limpieza viaria en los espacios p\u00fablicos de Cand\u00e1s, y en concreto aquellas zonas m\u00e1s amplias como son los barrios de Pi\u00f1eres, El Llagar\u00f3n, La Matiella, adem\u00e1s de favorecer y facilitar el trabajo del personal adscrito a este departamento\u201d <strong>coment\u00f3 Jos\u00e9 Jes\u00fas Varela-Concejal de Obras<\/strong>.<\/p>\n<p>El Ayuntamiento de Carre\u00f1o obtuvo una subvenci\u00f3n plurianual de la convocatoria LEADER de la Consejer\u00eda de Desarrollo Rural y Cohesi\u00f3n Territorial para su proyecto de mantenimiento, restauraci\u00f3n y mejora patrimonial, cultural y medioambiental del concejo a la convocatoria. Y con cargo a <strong>esta anualidad pudo de disponer de una subvenci\u00f3n de 9.481,17\u20ac para la adquisici\u00f3n del veh\u00edculo<\/strong>.<\/p>\n<p>Tras el proceso de licitaci\u00f3n correspondiente, en el que participaron 3 empresas del sector, la adquisici\u00f3n del nuevo veh\u00edculo fue adjudicada a Motor Fox por un importe final de 12.990 \u20ac al ser esta la oferta m\u00e1s ventajosa en t\u00e9rminos de calidad-precio. <strong>Esta compra est\u00e1 financiada al 73 % con cargo a los fondos Leader y el 27 % es aportado por el Ayuntamiento de Carre\u00f1o<\/strong>.<\/p>\n<p>\u201cEl nuevo utilitario es un microcar mcross initial 502 blanco glaciar furg\u00f3n caja cerrada con persiana corredera y llave. Se trata de un cuadriciclo ligero (homologado como categor\u00eda L6e), para utilizaci\u00f3n con carnet AM por personas a partir de 15 a\u00f1os de edad. Estar\u00e1 equipado con carrocer\u00eda tipo furg\u00f3n, con plataforma cubierta de carga en resina de poli\u00e9ster reforzada con fibra de vidrio y suelo cubierto con madera antideslizante. Cabina independizada estando ambas puertas, la de la persona conductora y acompa\u00f1ante, reforzadas y volante al lado izquierdo\u201d se\u00f1al\u00f3 Varela.<\/p>\n<p>\u201cDispone de un motor LOMBARDINI PROGRESS de 6KW Euro4, PAR 21Nm; cuatro discos de freno (220mm delanteros y 180mm traseros); instrumentaci\u00f3n con temperatura exterior y alerta de riesgo de hielo. Siendo la velocidad m\u00e1xima que puede alcanzar de 45 Km\/h, mientras que su capacidad de subida es de 20% de pendiente (con carga m\u00e1xima). Todo con un consumo aproximado de 3.00 l\/100Km\u201d prosigui\u00f3 el Concejal.<\/p>\n<p>&nbsp;<\/p>\n","protected":false},"excerpt":{"rendered":"<p>\u201cEn el marco de la subvenci\u00f3n europea, el Ayuntamiento de Carre\u00f1o, impulsa la mejora del parque de veh\u00edculos del Servicio Municipal de Obras con la adquisici\u00f3n de este nuevo utilitario con el objetivo de reforzar el servicio de limpieza viaria en los espacios p\u00fablicos de Cand\u00e1s, y en concreto aquellas zonas m\u00e1s amplias como son<\/p>\n","protected":false},"author":1,"featured_media":147076,"comment_status":"closed","ping_status":"closed","sticky":false,"template":"","format":"standard","meta":{"footnotes":""},"categories":[2],"tags":[],"class_list":{"0":"post-147075","1":"post","2":"type-post","3":"status-publish","4":"format-standard","5":"has-post-thumbnail","7":"category-noticias-carreno"},"aioseo_notices":[],"aioseo_head":"\n\t\t<!-- All in One SEO Pro 4.9.6.2 - aioseo.com -->\n\t<meta name=\"description\" content=\"\u201cEn el marco de la subvenci\u00f3n europea, el Ayuntamiento de Carre\u00f1o, impulsa la mejora del parque de veh\u00edculos del Servicio Municipal de Obras con la adquisici\u00f3n de este nuevo utilitario con el objetivo de reforzar el servicio de limpieza viaria en los espacios p\u00fablicos de Cand\u00e1s, y en concreto aquellas zonas m\u00e1s amplias como son\" \/>\n\t<meta name=\"robots\" content=\"max-image-preview:large\" \/>\n\t<meta name=\"author\" content=\"Cand\u00e1s 365\"\/>\n\t<meta name=\"google-site-verification\" content=\"UA-32230408-1\" \/>\n\t<meta name=\"msvalidate.01\" content=\"354F3CDFB2DA171B47FBE9ABF1F88D5\" \/>\n\t<meta name=\"keywords\" content=\"noticias carre\u00f1o\" \/>\n\t<link rel=\"canonical\" href=\"https:\/\/candas365.es\/noticias\/nuevo-vehiculo-para-la-limpieza-de-carreno\/\" \/>\n\t<meta name=\"generator\" content=\"All in One SEO Pro (AIOSEO) 4.9.6.2\" \/>\n\t\t<meta property=\"og:locale\" content=\"es_ES\" \/>\n\t\t<meta property=\"og:site_name\" content=\"Cand\u00e1s 365\" \/>\n\t\t<meta property=\"og:type\" content=\"article\" \/>\n\t\t<meta property=\"og:title\" content=\"Nuevo veh\u00edculo para la limpieza de Carre\u00f1o | Cand\u00e1s 365\" \/>\n\t\t<meta property=\"og:description\" content=\"\u201cEn el marco de la subvenci\u00f3n europea, el Ayuntamiento de Carre\u00f1o, impulsa la mejora del parque de veh\u00edculos del Servicio Municipal de Obras con la adquisici\u00f3n de este nuevo utilitario con el objetivo de reforzar el servicio de limpieza viaria en los espacios p\u00fablicos de Cand\u00e1s, y en concreto aquellas zonas m\u00e1s amplias como son\" \/>\n\t\t<meta property=\"og:url\" content=\"https:\/\/candas365.es\/noticias\/nuevo-vehiculo-para-la-limpieza-de-carreno\/\" \/>\n\t\t<meta property=\"og:image\" content=\"https:\/\/candas365.es\/noticias\/wp-content\/uploads\/2020\/09\/limpieza-Carreno.jpg\" \/>\n\t\t<meta property=\"og:image:secure_url\" content=\"https:\/\/candas365.es\/noticias\/wp-content\/uploads\/2020\/09\/limpieza-Carreno.jpg\" \/>\n\t\t<meta property=\"og:image:width\" content=\"610\" \/>\n\t\t<meta property=\"og:image:height\" content=\"710\" \/>\n\t\t<meta property=\"article:published_time\" content=\"2020-09-21T12:25:20+00:00\" \/>\n\t\t<meta property=\"article:modified_time\" content=\"2020-09-21T12:25:20+00:00\" \/>\n\t\t<meta property=\"article:publisher\" content=\"https:\/\/www.facebook.com\/Nachofdezber\" \/>\n\t\t<meta property=\"article:author\" content=\"https:\/\/www.facebook.com\/carrenoactualidad\" \/>\n\t\t<meta name=\"twitter:card\" content=\"summary_large_image\" \/>\n\t\t<meta name=\"twitter:site\" content=\"@NabercoDigital\" \/>\n\t\t<meta name=\"twitter:title\" content=\"Nuevo veh\u00edculo para la limpieza de Carre\u00f1o | Cand\u00e1s 365\" \/>\n\t\t<meta name=\"twitter:description\" content=\"\u201cEn el marco de la subvenci\u00f3n europea, el Ayuntamiento de Carre\u00f1o, impulsa la mejora del parque de veh\u00edculos del Servicio Municipal de Obras con la adquisici\u00f3n de este nuevo utilitario con el objetivo de reforzar el servicio de limpieza viaria en los espacios p\u00fablicos de Cand\u00e1s, y en concreto aquellas zonas m\u00e1s amplias como son\" \/>\n\t\t<meta name=\"twitter:creator\" content=\"@nbasturias\" \/>\n\t\t<meta name=\"twitter:image\" content=\"https:\/\/candas365.es\/noticias\/wp-content\/uploads\/2020\/09\/limpieza-Carreno.jpg\" \/>\n\t\t<meta name=\"twitter:label1\" content=\"Escrito por\" \/>\n\t\t<meta name=\"twitter:data1\" content=\"Cand\u00e1s 365\" \/>\n\t\t<meta name=\"twitter:label2\" content=\"Tiempo de lectura estimado\" \/>\n\t\t<meta name=\"twitter:data2\" content=\"2 minutos\" \/>\n\t\t<script type=\"application\/ld+json\" class=\"aioseo-schema\">\n\t\t\t{\"@context\":\"https:\\\/\\\/schema.org\",\"@graph\":[{\"@type\":\"BreadcrumbList\",\"@id\":\"https:\\\/\\\/candas365.es\\\/noticias\\\/nuevo-vehiculo-para-la-limpieza-de-carreno\\\/#breadcrumblist\",\"itemListElement\":[{\"@type\":\"ListItem\",\"@id\":\"https:\\\/\\\/candas365.es\\\/noticias#listItem\",\"position\":1,\"name\":\"Home\",\"item\":\"https:\\\/\\\/candas365.es\\\/noticias\",\"nextItem\":{\"@type\":\"ListItem\",\"@id\":\"https:\\\/\\\/candas365.es\\\/noticias\\\/category\\\/noticias-carreno\\\/#listItem\",\"name\":\"Noticias Carre\\u00f1o\"}},{\"@type\":\"ListItem\",\"@id\":\"https:\\\/\\\/candas365.es\\\/noticias\\\/category\\\/noticias-carreno\\\/#listItem\",\"position\":2,\"name\":\"Noticias Carre\\u00f1o\",\"item\":\"https:\\\/\\\/candas365.es\\\/noticias\\\/category\\\/noticias-carreno\\\/\",\"nextItem\":{\"@type\":\"ListItem\",\"@id\":\"https:\\\/\\\/candas365.es\\\/noticias\\\/nuevo-vehiculo-para-la-limpieza-de-carreno\\\/#listItem\",\"name\":\"Nuevo veh\\u00edculo para la limpieza de Carre\\u00f1o\"},\"previousItem\":{\"@type\":\"ListItem\",\"@id\":\"https:\\\/\\\/candas365.es\\\/noticias#listItem\",\"name\":\"Home\"}},{\"@type\":\"ListItem\",\"@id\":\"https:\\\/\\\/candas365.es\\\/noticias\\\/nuevo-vehiculo-para-la-limpieza-de-carreno\\\/#listItem\",\"position\":3,\"name\":\"Nuevo veh\\u00edculo para la limpieza de Carre\\u00f1o\",\"previousItem\":{\"@type\":\"ListItem\",\"@id\":\"https:\\\/\\\/candas365.es\\\/noticias\\\/category\\\/noticias-carreno\\\/#listItem\",\"name\":\"Noticias Carre\\u00f1o\"}}]},{\"@type\":\"NewsArticle\",\"@id\":\"https:\\\/\\\/candas365.es\\\/noticias\\\/nuevo-vehiculo-para-la-limpieza-de-carreno\\\/#newsarticle\",\"name\":\"Nuevo veh\\u00edculo para la limpieza de Carre\\u00f1o | Cand\\u00e1s 365\",\"headline\":\"Nuevo veh\\u00edculo para la limpieza de Carre\\u00f1o\",\"author\":{\"@id\":\"https:\\\/\\\/candas365.es\\\/noticias\\\/author\\\/admin\\\/#author\"},\"publisher\":{\"@id\":\"https:\\\/\\\/candas365.es\\\/noticias\\\/#organization\"},\"image\":{\"@type\":\"ImageObject\",\"url\":\"https:\\\/\\\/candas365.es\\\/noticias\\\/wp-content\\\/uploads\\\/2020\\\/09\\\/limpieza-Carreno.jpg\",\"width\":610,\"height\":710,\"caption\":\"Limpieza Carre\\u00f1o\"},\"datePublished\":\"2020-09-21T12:25:20+02:00\",\"dateModified\":\"2020-09-21T12:25:20+02:00\",\"inLanguage\":\"es-ES\",\"mainEntityOfPage\":{\"@id\":\"https:\\\/\\\/candas365.es\\\/noticias\\\/nuevo-vehiculo-para-la-limpieza-de-carreno\\\/#webpage\"},\"isPartOf\":{\"@id\":\"https:\\\/\\\/candas365.es\\\/noticias\\\/nuevo-vehiculo-para-la-limpieza-de-carreno\\\/#webpage\"},\"articleSection\":\"Noticias Carre\\u00f1o\",\"dateline\":\"Publicado el septiembre 21, 2020.\"},{\"@type\":\"Organization\",\"@id\":\"https:\\\/\\\/candas365.es\\\/noticias\\\/#organization\",\"name\":\"Cand\\u00e1s 365\",\"description\":\"Cand\\u00e1s 365 es un diario digital independiente, fundado en 2012, con base en Asturias. Informamos con rigor sobre actualidad, sociedad, cultura y ocio, con una mirada local y global.\",\"url\":\"https:\\\/\\\/candas365.es\\\/noticias\\\/\",\"email\":\"info@candas365.es\",\"telephone\":\"+34652131393\",\"foundingDate\":\"2012-06-10\",\"logo\":{\"@type\":\"ImageObject\",\"url\":\"https:\\\/\\\/candas365.es\\\/noticias\\\/wp-content\\\/uploads\\\/2024\\\/09\\\/Candas-365-Redes.jpg\",\"@id\":\"https:\\\/\\\/candas365.es\\\/noticias\\\/nuevo-vehiculo-para-la-limpieza-de-carreno\\\/#organizationLogo\",\"width\":1152,\"height\":864,\"caption\":\"Cand\\u00e1s 365 Redes\"},\"image\":{\"@id\":\"https:\\\/\\\/candas365.es\\\/noticias\\\/nuevo-vehiculo-para-la-limpieza-de-carreno\\\/#organizationLogo\"},\"sameAs\":[\"https:\\\/\\\/www.facebook.com\\\/Nachofdezber\",\"https:\\\/\\\/x.com\\\/NabercoDigital\",\"https:\\\/\\\/www.instagram.com\\\/nachofdezber\\\/\",\"https:\\\/\\\/www.youtube.com\\\/channel\\\/UCZP-2wLEB9Rv6erhFmqVnvg\"],\"address\":{\"@id\":\"https:\\\/\\\/candas365.es\\\/noticias\\\/#postaladdress\",\"@type\":\"PostalAddress\",\"streetAddress\":\"san antonio 4, san antonio 4\",\"postalCode\":\"33430\",\"addressLocality\":\"Cand\\u00e1s\",\"addressRegion\":\"Asturias\",\"addressCountry\":\"ES\"}},{\"@type\":\"Person\",\"@id\":\"https:\\\/\\\/candas365.es\\\/noticias\\\/author\\\/admin\\\/#author\",\"url\":\"https:\\\/\\\/candas365.es\\\/noticias\\\/author\\\/admin\\\/\",\"name\":\"Cand\\u00e1s 365\",\"image\":{\"@type\":\"ImageObject\",\"@id\":\"https:\\\/\\\/candas365.es\\\/noticias\\\/nuevo-vehiculo-para-la-limpieza-de-carreno\\\/#authorImage\",\"url\":\"https:\\\/\\\/secure.gravatar.com\\\/avatar\\\/496a8e03d0c493ede1718b7934145dbdf8d89be1036b0eec9544e1094c9de390?s=96&d=mm&r=g\",\"width\":96,\"height\":96,\"caption\":\"Cand\\u00e1s 365\"},\"sameAs\":[\"https:\\\/\\\/www.facebook.com\\\/carrenoactualidad\",\"https:\\\/\\\/twitter.com\\\/nbasturias\",\"https:\\\/\\\/www.instagram.com\\\/nachofdezber\\\/\",\"https:\\\/\\\/www.youtube.com\\\/channel\\\/UCZP-2wLEB9Rv6erhFmqVnvg\"]},{\"@type\":\"WebPage\",\"@id\":\"https:\\\/\\\/candas365.es\\\/noticias\\\/nuevo-vehiculo-para-la-limpieza-de-carreno\\\/#webpage\",\"url\":\"https:\\\/\\\/candas365.es\\\/noticias\\\/nuevo-vehiculo-para-la-limpieza-de-carreno\\\/\",\"name\":\"Nuevo veh\\u00edculo para la limpieza de Carre\\u00f1o | Cand\\u00e1s 365\",\"description\":\"\\u201cEn el marco de la subvenci\\u00f3n europea, el Ayuntamiento de Carre\\u00f1o, impulsa la mejora del parque de veh\\u00edculos del Servicio Municipal de Obras con la adquisici\\u00f3n de este nuevo utilitario con el objetivo de reforzar el servicio de limpieza viaria en los espacios p\\u00fablicos de Cand\\u00e1s, y en concreto aquellas zonas m\\u00e1s amplias como son\",\"inLanguage\":\"es-ES\",\"isPartOf\":{\"@id\":\"https:\\\/\\\/candas365.es\\\/noticias\\\/#website\"},\"breadcrumb\":{\"@id\":\"https:\\\/\\\/candas365.es\\\/noticias\\\/nuevo-vehiculo-para-la-limpieza-de-carreno\\\/#breadcrumblist\"},\"author\":{\"@id\":\"https:\\\/\\\/candas365.es\\\/noticias\\\/author\\\/admin\\\/#author\"},\"creator\":{\"@id\":\"https:\\\/\\\/candas365.es\\\/noticias\\\/author\\\/admin\\\/#author\"},\"image\":{\"@type\":\"ImageObject\",\"url\":\"https:\\\/\\\/candas365.es\\\/noticias\\\/wp-content\\\/uploads\\\/2020\\\/09\\\/limpieza-Carreno.jpg\",\"@id\":\"https:\\\/\\\/candas365.es\\\/noticias\\\/nuevo-vehiculo-para-la-limpieza-de-carreno\\\/#mainImage\",\"width\":610,\"height\":710,\"caption\":\"Limpieza Carre\\u00f1o\"},\"primaryImageOfPage\":{\"@id\":\"https:\\\/\\\/candas365.es\\\/noticias\\\/nuevo-vehiculo-para-la-limpieza-de-carreno\\\/#mainImage\"},\"datePublished\":\"2020-09-21T12:25:20+02:00\",\"dateModified\":\"2020-09-21T12:25:20+02:00\"},{\"@type\":\"WebSite\",\"@id\":\"https:\\\/\\\/candas365.es\\\/noticias\\\/#website\",\"url\":\"https:\\\/\\\/candas365.es\\\/noticias\\\/\",\"name\":\"Cand\\u00e1s 365\",\"alternateName\":\"Cand\\u00e1s 365 Noticias\",\"description\":\"Actualidad desde Carre\\u00f1o para el mundo\",\"inLanguage\":\"es-ES\",\"publisher\":{\"@id\":\"https:\\\/\\\/candas365.es\\\/noticias\\\/#organization\"}}]}\n\t\t<\/script>\n\t\t<!-- All in One SEO Pro -->\r\n\t\t<title>Nuevo veh\u00edculo para la limpieza de Carre\u00f1o | Cand\u00e1s 365<\/title>\n\n","aioseo_head_json":{"title":"Nuevo veh\u00edculo para la limpieza de Carre\u00f1o | Cand\u00e1s 365","description":"\u201cEn el marco de la subvenci\u00f3n europea, el Ayuntamiento de Carre\u00f1o, impulsa la mejora del parque de veh\u00edculos del Servicio Municipal de Obras con la adquisici\u00f3n de este nuevo utilitario con el objetivo de reforzar el servicio de limpieza viaria en los espacios p\u00fablicos de Cand\u00e1s, y en concreto aquellas zonas m\u00e1s amplias como son","canonical_url":"https:\/\/candas365.es\/noticias\/nuevo-vehiculo-para-la-limpieza-de-carreno\/","robots":"max-image-preview:large","keywords":"noticias carre\u00f1o","webmasterTools":{"google-site-verification":"UA-32230408-1","msvalidate.01":"354F3CDFB2DA171B47FBE9ABF1F88D5","miscellaneous":""},"schema":{"@context":"https:\/\/schema.org","@graph":[{"@type":"BreadcrumbList","@id":"https:\/\/candas365.es\/noticias\/nuevo-vehiculo-para-la-limpieza-de-carreno\/#breadcrumblist","itemListElement":[{"@type":"ListItem","@id":"https:\/\/candas365.es\/noticias#listItem","position":1,"name":"Home","item":"https:\/\/candas365.es\/noticias","nextItem":{"@type":"ListItem","@id":"https:\/\/candas365.es\/noticias\/category\/noticias-carreno\/#listItem","name":"Noticias Carre\u00f1o"}},{"@type":"ListItem","@id":"https:\/\/candas365.es\/noticias\/category\/noticias-carreno\/#listItem","position":2,"name":"Noticias Carre\u00f1o","item":"https:\/\/candas365.es\/noticias\/category\/noticias-carreno\/","nextItem":{"@type":"ListItem","@id":"https:\/\/candas365.es\/noticias\/nuevo-vehiculo-para-la-limpieza-de-carreno\/#listItem","name":"Nuevo veh\u00edculo para la limpieza de Carre\u00f1o"},"previousItem":{"@type":"ListItem","@id":"https:\/\/candas365.es\/noticias#listItem","name":"Home"}},{"@type":"ListItem","@id":"https:\/\/candas365.es\/noticias\/nuevo-vehiculo-para-la-limpieza-de-carreno\/#listItem","position":3,"name":"Nuevo veh\u00edculo para la limpieza de Carre\u00f1o","previousItem":{"@type":"ListItem","@id":"https:\/\/candas365.es\/noticias\/category\/noticias-carreno\/#listItem","name":"Noticias Carre\u00f1o"}}]},{"@type":"NewsArticle","@id":"https:\/\/candas365.es\/noticias\/nuevo-vehiculo-para-la-limpieza-de-carreno\/#newsarticle","name":"Nuevo veh\u00edculo para la limpieza de Carre\u00f1o | Cand\u00e1s 365","headline":"Nuevo veh\u00edculo para la limpieza de Carre\u00f1o","author":{"@id":"https:\/\/candas365.es\/noticias\/author\/admin\/#author"},"publisher":{"@id":"https:\/\/candas365.es\/noticias\/#organization"},"image":{"@type":"ImageObject","url":"https:\/\/candas365.es\/noticias\/wp-content\/uploads\/2020\/09\/limpieza-Carreno.jpg","width":610,"height":710,"caption":"Limpieza Carre\u00f1o"},"datePublished":"2020-09-21T12:25:20+02:00","dateModified":"2020-09-21T12:25:20+02:00","inLanguage":"es-ES","mainEntityOfPage":{"@id":"https:\/\/candas365.es\/noticias\/nuevo-vehiculo-para-la-limpieza-de-carreno\/#webpage"},"isPartOf":{"@id":"https:\/\/candas365.es\/noticias\/nuevo-vehiculo-para-la-limpieza-de-carreno\/#webpage"},"articleSection":"Noticias Carre\u00f1o","dateline":"Publicado el septiembre 21, 2020."},{"@type":"Organization","@id":"https:\/\/candas365.es\/noticias\/#organization","name":"Cand\u00e1s 365","description":"Cand\u00e1s 365 es un diario digital independiente, fundado en 2012, con base en Asturias. Informamos con rigor sobre actualidad, sociedad, cultura y ocio, con una mirada local y global.","url":"https:\/\/candas365.es\/noticias\/","email":"info@candas365.es","telephone":"+34652131393","foundingDate":"2012-06-10","logo":{"@type":"ImageObject","url":"https:\/\/candas365.es\/noticias\/wp-content\/uploads\/2024\/09\/Candas-365-Redes.jpg","@id":"https:\/\/candas365.es\/noticias\/nuevo-vehiculo-para-la-limpieza-de-carreno\/#organizationLogo","width":1152,"height":864,"caption":"Cand\u00e1s 365 Redes"},"image":{"@id":"https:\/\/candas365.es\/noticias\/nuevo-vehiculo-para-la-limpieza-de-carreno\/#organizationLogo"},"sameAs":["https:\/\/www.facebook.com\/Nachofdezber","https:\/\/x.com\/NabercoDigital","https:\/\/www.instagram.com\/nachofdezber\/","https:\/\/www.youtube.com\/channel\/UCZP-2wLEB9Rv6erhFmqVnvg"],"address":{"@id":"https:\/\/candas365.es\/noticias\/#postaladdress","@type":"PostalAddress","streetAddress":"san antonio 4, san antonio 4","postalCode":"33430","addressLocality":"Cand\u00e1s","addressRegion":"Asturias","addressCountry":"ES"}},{"@type":"Person","@id":"https:\/\/candas365.es\/noticias\/author\/admin\/#author","url":"https:\/\/candas365.es\/noticias\/author\/admin\/","name":"Cand\u00e1s 365","image":{"@type":"ImageObject","@id":"https:\/\/candas365.es\/noticias\/nuevo-vehiculo-para-la-limpieza-de-carreno\/#authorImage","url":"https:\/\/secure.gravatar.com\/avatar\/496a8e03d0c493ede1718b7934145dbdf8d89be1036b0eec9544e1094c9de390?s=96&d=mm&r=g","width":96,"height":96,"caption":"Cand\u00e1s 365"},"sameAs":["https:\/\/www.facebook.com\/carrenoactualidad","https:\/\/twitter.com\/nbasturias","https:\/\/www.instagram.com\/nachofdezber\/","https:\/\/www.youtube.com\/channel\/UCZP-2wLEB9Rv6erhFmqVnvg"]},{"@type":"WebPage","@id":"https:\/\/candas365.es\/noticias\/nuevo-vehiculo-para-la-limpieza-de-carreno\/#webpage","url":"https:\/\/candas365.es\/noticias\/nuevo-vehiculo-para-la-limpieza-de-carreno\/","name":"Nuevo veh\u00edculo para la limpieza de Carre\u00f1o | Cand\u00e1s 365","description":"\u201cEn el marco de la subvenci\u00f3n europea, el Ayuntamiento de Carre\u00f1o, impulsa la mejora del parque de veh\u00edculos del Servicio Municipal de Obras con la adquisici\u00f3n de este nuevo utilitario con el objetivo de reforzar el servicio de limpieza viaria en los espacios p\u00fablicos de Cand\u00e1s, y en concreto aquellas zonas m\u00e1s amplias como son","inLanguage":"es-ES","isPartOf":{"@id":"https:\/\/candas365.es\/noticias\/#website"},"breadcrumb":{"@id":"https:\/\/candas365.es\/noticias\/nuevo-vehiculo-para-la-limpieza-de-carreno\/#breadcrumblist"},"author":{"@id":"https:\/\/candas365.es\/noticias\/author\/admin\/#author"},"creator":{"@id":"https:\/\/candas365.es\/noticias\/author\/admin\/#author"},"image":{"@type":"ImageObject","url":"https:\/\/candas365.es\/noticias\/wp-content\/uploads\/2020\/09\/limpieza-Carreno.jpg","@id":"https:\/\/candas365.es\/noticias\/nuevo-vehiculo-para-la-limpieza-de-carreno\/#mainImage","width":610,"height":710,"caption":"Limpieza Carre\u00f1o"},"primaryImageOfPage":{"@id":"https:\/\/candas365.es\/noticias\/nuevo-vehiculo-para-la-limpieza-de-carreno\/#mainImage"},"datePublished":"2020-09-21T12:25:20+02:00","dateModified":"2020-09-21T12:25:20+02:00"},{"@type":"WebSite","@id":"https:\/\/candas365.es\/noticias\/#website","url":"https:\/\/candas365.es\/noticias\/","name":"Cand\u00e1s 365","alternateName":"Cand\u00e1s 365 Noticias","description":"Actualidad desde Carre\u00f1o para el mundo","inLanguage":"es-ES","publisher":{"@id":"https:\/\/candas365.es\/noticias\/#organization"}}]},"og:locale":"es_ES","og:site_name":"Cand\u00e1s 365","og:type":"article","og:title":"Nuevo veh\u00edculo para la limpieza de Carre\u00f1o | Cand\u00e1s 365","og:description":"\u201cEn el marco de la subvenci\u00f3n europea, el Ayuntamiento de Carre\u00f1o, impulsa la mejora del parque de veh\u00edculos del Servicio Municipal de Obras con la adquisici\u00f3n de este nuevo utilitario con el objetivo de reforzar el servicio de limpieza viaria en los espacios p\u00fablicos de Cand\u00e1s, y en concreto aquellas zonas m\u00e1s amplias como son","og:url":"https:\/\/candas365.es\/noticias\/nuevo-vehiculo-para-la-limpieza-de-carreno\/","og:image":"https:\/\/candas365.es\/noticias\/wp-content\/uploads\/2020\/09\/limpieza-Carreno.jpg","og:image:secure_url":"https:\/\/candas365.es\/noticias\/wp-content\/uploads\/2020\/09\/limpieza-Carreno.jpg","og:image:width":610,"og:image:height":710,"article:published_time":"2020-09-21T12:25:20+00:00","article:modified_time":"2020-09-21T12:25:20+00:00","article:publisher":"https:\/\/www.facebook.com\/Nachofdezber","article:author":"https:\/\/www.facebook.com\/carrenoactualidad","twitter:card":"summary_large_image","twitter:site":"@NabercoDigital","twitter:title":"Nuevo veh\u00edculo para la limpieza de Carre\u00f1o | Cand\u00e1s 365","twitter:description":"\u201cEn el marco de la subvenci\u00f3n europea, el Ayuntamiento de Carre\u00f1o, impulsa la mejora del parque de veh\u00edculos del Servicio Municipal de Obras con la adquisici\u00f3n de este nuevo utilitario con el objetivo de reforzar el servicio de limpieza viaria en los espacios p\u00fablicos de Cand\u00e1s, y en concreto aquellas zonas m\u00e1s amplias como son","twitter:creator":"@nbasturias","twitter:image":"https:\/\/candas365.es\/noticias\/wp-content\/uploads\/2020\/09\/limpieza-Carreno.jpg","twitter:label1":"Escrito por","twitter:data1":"Cand\u00e1s 365","twitter:label2":"Tiempo de lectura estimado","twitter:data2":"2 minutos"},"aioseo_meta_data":{"post_id":"147075","title":null,"description":"","keywords":"","keyphrases":null,"primary_term":null,"canonical_url":"","og_title":null,"og_description":null,"og_object_type":"default","og_image_type":"default","og_image_url":null,"og_image_width":null,"og_image_height":null,"og_image_custom_url":null,"og_image_custom_fields":null,"og_video":null,"og_custom_url":null,"og_article_section":null,"og_article_tags":null,"twitter_use_og":false,"twitter_card":"default","twitter_image_type":"default","twitter_image_url":null,"twitter_image_custom_url":null,"twitter_image_custom_fields":null,"twitter_title":null,"twitter_description":null,"schema":{"blockGraphs":[],"customGraphs":[],"default":{"data":{"Article":[],"Course":[],"Dataset":[],"FAQPage":[],"Movie":[],"Person":[],"Product":[],"ProductReview":[],"Car":[],"Recipe":[],"Service":[],"SoftwareApplication":[],"WebPage":[]},"graphName":"","isEnabled":true},"graphs":[]},"schema_type":null,"schema_type_options":null,"pillar_content":false,"robots_default":true,"robots_noindex":false,"robots_noarchive":false,"robots_nosnippet":false,"robots_nofollow":false,"robots_noimageindex":false,"robots_noodp":false,"robots_notranslate":false,"robots_max_snippet":null,"robots_max_videopreview":null,"robots_max_imagepreview":"large","priority":null,"frequency":null,"location":null,"local_seo":null,"seo_analyzer_scan_date":"2025-08-31 11:43:22","breadcrumb_settings":null,"limit_modified_date":false,"reviewed_by":null,"open_ai":null,"ai":null,"created":"2020-12-21 10:39:19","updated":"2025-08-31 11:43:22"},"aioseo_breadcrumb":"<div class=\"aioseo-breadcrumbs\"><span class=\"aioseo-breadcrumb\">\n\t<a href=\"https:\/\/candas365.es\/noticias\" title=\"Home\">Home<\/a>\n<\/span><span class=\"aioseo-breadcrumb-separator\">&ndash;<\/span><span class=\"aioseo-breadcrumb\">\n\t<a href=\"https:\/\/candas365.es\/noticias\/category\/noticias-carreno\/\" title=\"Noticias Carre\u00f1o\">Noticias Carre\u00f1o<\/a>\n<\/span><span class=\"aioseo-breadcrumb-separator\">&ndash;<\/span><span class=\"aioseo-breadcrumb\">\n\tNuevo veh\u00edculo para la limpieza de Carre\u00f1o\n<\/span><\/div>","aioseo_breadcrumb_json":[{"label":"Home","link":"https:\/\/candas365.es\/noticias"},{"label":"Noticias Carre\u00f1o","link":"https:\/\/candas365.es\/noticias\/category\/noticias-carreno\/"},{"label":"Nuevo veh\u00edculo para la limpieza de Carre\u00f1o","link":"https:\/\/candas365.es\/noticias\/nuevo-vehiculo-para-la-limpieza-de-carreno\/"}],"_links":{"self":[{"href":"https:\/\/candas365.es\/noticias\/wp-json\/wp\/v2\/posts\/147075","targetHints":{"allow":["GET"]}}],"collection":[{"href":"https:\/\/candas365.es\/noticias\/wp-json\/wp\/v2\/posts"}],"about":[{"href":"https:\/\/candas365.es\/noticias\/wp-json\/wp\/v2\/types\/post"}],"author":[{"embeddable":true,"href":"https:\/\/candas365.es\/noticias\/wp-json\/wp\/v2\/users\/1"}],"replies":[{"embeddable":true,"href":"https:\/\/candas365.es\/noticias\/wp-json\/wp\/v2\/comments?post=147075"}],"version-history":[{"count":0,"href":"https:\/\/candas365.es\/noticias\/wp-json\/wp\/v2\/posts\/147075\/revisions"}],"wp:featuredmedia":[{"embeddable":true,"href":"https:\/\/candas365.es\/noticias\/wp-json\/wp\/v2\/media\/147076"}],"wp:attachment":[{"href":"https:\/\/candas365.es\/noticias\/wp-json\/wp\/v2\/media?parent=147075"}],"wp:term":[{"taxonomy":"category","embeddable":true,"href":"https:\/\/candas365.es\/noticias\/wp-json\/wp\/v2\/categories?post=147075"},{"taxonomy":"post_tag","embeddable":true,"href":"https:\/\/candas365.es\/noticias\/wp-json\/wp\/v2\/tags?post=147075"}],"curies":[{"name":"wp","href":"https:\/\/api.w.org\/{rel}","templated":true}]}}