{"id":146709,"date":"2020-09-01T14:04:43","date_gmt":"2020-09-01T14:04:43","guid":{"rendered":"http:\/\/candas365.es\/noticias\/?p=146709"},"modified":"2020-09-06T14:06:59","modified_gmt":"2020-09-06T14:06:59","slug":"carreno-aprueba-las-primeras-solicitudes-becas-comedor","status":"publish","type":"post","link":"https:\/\/candas365.es\/noticias\/carreno-aprueba-las-primeras-solicitudes-becas-comedor\/","title":{"rendered":"Carre\u00f1o aprueba las primeras solicitudes becas comedor"},"content":{"rendered":"<p><img fetchpriority=\"high\" decoding=\"async\" class=\"alignleft size-medium wp-image-6453\" src=\"https:\/\/candas365.es\/noticias\/wp-content\/uploads\/2015\/01\/ayuntamiento-360x270.jpg\" alt=\"\" width=\"360\" height=\"270\" srcset=\"https:\/\/candas365.es\/noticias\/wp-content\/uploads\/2015\/01\/ayuntamiento-360x270.jpg 360w, https:\/\/candas365.es\/noticias\/wp-content\/uploads\/2015\/01\/ayuntamiento-640x480.jpg 640w, https:\/\/candas365.es\/noticias\/wp-content\/uploads\/2015\/01\/ayuntamiento-768x576.jpg 768w, https:\/\/candas365.es\/noticias\/wp-content\/uploads\/2015\/01\/ayuntamiento-150x113.jpg 150w, https:\/\/candas365.es\/noticias\/wp-content\/uploads\/2015\/01\/ayuntamiento-450x338.jpg 450w, https:\/\/candas365.es\/noticias\/wp-content\/uploads\/2015\/01\/ayuntamiento-80x60.jpg 80w, https:\/\/candas365.es\/noticias\/wp-content\/uploads\/2015\/01\/ayuntamiento-265x198.jpg 265w, https:\/\/candas365.es\/noticias\/wp-content\/uploads\/2015\/01\/ayuntamiento-696x522.jpg 696w, https:\/\/candas365.es\/noticias\/wp-content\/uploads\/2015\/01\/ayuntamiento-560x420.jpg 560w, https:\/\/candas365.es\/noticias\/wp-content\/uploads\/2015\/01\/ayuntamiento-90x67.jpg 90w, https:\/\/candas365.es\/noticias\/wp-content\/uploads\/2015\/01\/ayuntamiento.jpg 800w\" sizes=\"(max-width: 360px) 100vw, 360px\" \/>El pasado Viernes, <strong>28 de agosto de 2020<\/strong>, el Ayuntamiento de Carre\u00f1o aprob\u00f3 y public\u00f3 el listado provisional por el que se conceden las <strong>Becas Comedor al alumnado de los Centros Educativos del Concejo<\/strong> que cursa sus estudios en la segunda etapa de Educaci\u00f3n Infantil y Ense\u00f1anza Primaria durante todo el per\u00edodo lectivo del curso 2020-2021.<\/p>\n<p>\u201cLa finalidad de estas ayudas es favorecer la conciliaci\u00f3n laboral de progenitores o tutores\/as que por escasez de recursos no puedan hacer frente al coste de servicio de comedor, apoyar a las familias con dificultades econ\u00f3micas y ofrecer una medida de apoyo para menores con carencias en su atenci\u00f3n que implique desprotecci\u00f3n en el marco de la Ley de Protecci\u00f3n del Menor 1\/1995 del Principado de Asturias\u201d explic\u00f3 Beatriz Fern\u00e1ndez, Concejala de Bienestar Social.<\/p>\n<p>Una vez finalizado el plazo de presentaci\u00f3n de solicitudes y tras su pertinente evaluaci\u00f3n t\u00e9cnica y baremaci\u00f3n por los Servicios Sociales Municipales, se elev\u00f3 la propuesta t\u00e9cnica puntuada a la \u00faltima Comisi\u00f3n de Bienestar Social celebrada. Esta propuesta fue aprobada por unanimidad de la representaci\u00f3n de grupos pol\u00edticos presentes en la reuni\u00f3n.<\/p>\n<p>\u201c De acuerdo con lo dispuesto en el apartado 10, tramitaci\u00f3n, resoluci\u00f3n, publicaci\u00f3n y notificaci\u00f3n, de las bases y convocatoria, aprobadas por Acuerdo de la Junta de Gobierno Local de fecha 16 de julio de 2020 (publicadas en BOPA n\u00ba 153 de 7 de agosto de 2020), que rigen la concesi\u00f3n de estas ayudas, se concede un plazo de 10 d\u00edas h\u00e1biles, a contar desde el d\u00eda siguiente a su publicaci\u00f3n para presentar alegaciones y\/o subsanar la documentaci\u00f3n, con indicaci\u00f3n de que si no lo hicieran se les tendr\u00e1 por desistidos\/as de su petici\u00f3n. Este plazo finaliza el mi\u00e9rcoles 16 de septiembre\u201d se\u00f1al\u00f3 la Edil.<\/p>\n<p>Se han presentado 28 solicitudes para optar a una Beca Comedor, de las cuales, actualmente tras la publicaci\u00f3n del listado provisional y a la espera de la finalizaci\u00f3n del plazo de 10 d\u00edas para presentar alegaciones y\/o subsanar documentaci\u00f3n:<\/p>\n<p>\u2022 Se han concedido provisionalmente 14 ayudas<\/p>\n<p>\u2022 Se excluye provisionalmente 3 solicitudes al no cumplir los requisitos establecidos en la convocatoria<\/p>\n<p>\u2022 Pendientes de subsanar y aportar documentaci\u00f3n requerida est\u00e1n 11 solicitudes<\/p>\n<p>Las Becas Comedor concedidas tendr\u00e1n una cuant\u00eda igual al coste del precio establecido en cada Centro para el men\u00fa escolar. Siendo efectiva desde el primer d\u00eda de prestaci\u00f3n del servicio de comedor en cada Colegio.<\/p>\n<p>\u201cEn los dos \u00faltimos cursos acad\u00e9micos 99 ni\u00f1os y ni\u00f1as del Concejo fueron los y las que se beneficiaron de estas Becas Comedor. Siendo la ayuda destinada a tal fin de m\u00e1s de 50.000\u20ac. Con estas ayudas municipales tratamos de paliar la situaci\u00f3n que pudieran estar atravesando las familias m\u00e1s vulnerables de Carre\u00f1o.\u201d prosigui\u00f3 Fern\u00e1ndez.<\/p>\n<p>El listado provisional de Becas Comedor concedidas est\u00e1 publicado en: la p\u00e1gina web del Ayuntamiento de Carre\u00f1o, desde donde se podr\u00e1 descargar o consultar; en el Centro de Servicios Sociales Municipales sito en la calle Nicanor Pi\u00f1ole, 1 de Cand\u00e1s; y en los Centros Escolares de Educaci\u00f3n Infantil y Primaria de la villa.<\/p>\n<p>\u201cComo novedad y debido a la situaci\u00f3n actual, en el caso de que se produzca una restricci\u00f3n, total o parcial, de la actividad presencial en los Centros Educativos como consecuencia de emergencia sanitaria, desde la Concejal\u00eda que presido, se volver\u00e1n a arbitrar las medidas que se estimen oportunas para garantizar la atenci\u00f3n alimenticia a los y las menores beneficiarios\/as de la beca comedor. Una medida que ya se llev\u00f3 a cabo durante la suspensi\u00f3n de la actividad docente y hasta la finalizaci\u00f3n del curso escolar. Durante este per\u00edodo, el servicio de comedor para aquellas personas que disfrutaban de beca no se vio suspendido, sino todo lo contrario, se ampli\u00f3 de lunes a domingo incluyendo tambi\u00e9n el servicio de cena, llevando los men\u00fas al domicilio de las personas becadas. Lo que refleja el compromiso municipal con la implantaci\u00f3n pr\u00e1ctica de pol\u00edticas sociales efectivas, reales y cercanas a la ciudadan\u00eda con las que mejorar la calidad de vida de las personas, y en este caso la de los ni\u00f1os y ni\u00f1as del Concejo\u201d finaliz\u00f3 la Concejala.<\/p>\n<p>&nbsp;<\/p>\n","protected":false},"excerpt":{"rendered":"<p>El pasado Viernes, 28 de agosto de 2020, el Ayuntamiento de Carre\u00f1o aprob\u00f3 y public\u00f3 el listado provisional por el que se conceden las Becas Comedor al alumnado de los Centros Educativos del Concejo que cursa sus estudios en la segunda etapa de Educaci\u00f3n Infantil y Ense\u00f1anza Primaria durante todo el per\u00edodo lectivo del curso<\/p>\n","protected":false},"author":1,"featured_media":6453,"comment_status":"closed","ping_status":"closed","sticky":false,"template":"","format":"standard","meta":{"footnotes":""},"categories":[2],"tags":[],"class_list":{"0":"post-146709","1":"post","2":"type-post","3":"status-publish","4":"format-standard","5":"has-post-thumbnail","7":"category-noticias-carreno"},"aioseo_notices":[],"aioseo_head":"\n\t\t<!-- All in One SEO Pro 4.9.6.2 - aioseo.com -->\n\t<meta name=\"description\" content=\"El pasado Viernes, 28 de agosto de 2020, el Ayuntamiento de Carre\u00f1o aprob\u00f3 y public\u00f3 el listado provisional por el que se conceden las Becas Comedor al alumnado de los Centros Educativos del Concejo que cursa sus estudios en la segunda etapa de Educaci\u00f3n Infantil y Ense\u00f1anza Primaria durante todo el per\u00edodo lectivo del curso\" \/>\n\t<meta name=\"robots\" content=\"max-image-preview:large\" \/>\n\t<meta name=\"author\" content=\"Cand\u00e1s 365\"\/>\n\t<meta name=\"google-site-verification\" content=\"UA-32230408-1\" \/>\n\t<meta name=\"msvalidate.01\" content=\"354F3CDFB2DA171B47FBE9ABF1F88D5\" \/>\n\t<meta name=\"keywords\" content=\"noticias carre\u00f1o\" \/>\n\t<link rel=\"canonical\" href=\"https:\/\/candas365.es\/noticias\/carreno-aprueba-las-primeras-solicitudes-becas-comedor\/\" \/>\n\t<meta name=\"generator\" content=\"All in One SEO Pro (AIOSEO) 4.9.6.2\" \/>\n\t\t<meta property=\"og:locale\" content=\"es_ES\" \/>\n\t\t<meta property=\"og:site_name\" content=\"Cand\u00e1s 365\" \/>\n\t\t<meta property=\"og:type\" content=\"article\" \/>\n\t\t<meta property=\"og:title\" content=\"Carre\u00f1o aprueba las primeras solicitudes becas comedor | Cand\u00e1s 365\" \/>\n\t\t<meta property=\"og:description\" content=\"El pasado Viernes, 28 de agosto de 2020, el Ayuntamiento de Carre\u00f1o aprob\u00f3 y public\u00f3 el listado provisional por el que se conceden las Becas Comedor al alumnado de los Centros Educativos del Concejo que cursa sus estudios en la segunda etapa de Educaci\u00f3n Infantil y Ense\u00f1anza Primaria durante todo el per\u00edodo lectivo del curso\" \/>\n\t\t<meta property=\"og:url\" content=\"https:\/\/candas365.es\/noticias\/carreno-aprueba-las-primeras-solicitudes-becas-comedor\/\" \/>\n\t\t<meta property=\"og:image\" content=\"https:\/\/candas365.es\/noticias\/wp-content\/uploads\/2015\/01\/ayuntamiento.jpg\" \/>\n\t\t<meta property=\"og:image:secure_url\" content=\"https:\/\/candas365.es\/noticias\/wp-content\/uploads\/2015\/01\/ayuntamiento.jpg\" \/>\n\t\t<meta property=\"og:image:width\" content=\"800\" \/>\n\t\t<meta property=\"og:image:height\" content=\"600\" \/>\n\t\t<meta property=\"article:published_time\" content=\"2020-09-01T14:04:43+00:00\" \/>\n\t\t<meta property=\"article:modified_time\" content=\"2020-09-06T14:06:59+00:00\" \/>\n\t\t<meta property=\"article:publisher\" content=\"https:\/\/www.facebook.com\/Nachofdezber\" \/>\n\t\t<meta property=\"article:author\" content=\"https:\/\/www.facebook.com\/carrenoactualidad\" \/>\n\t\t<meta name=\"twitter:card\" content=\"summary_large_image\" \/>\n\t\t<meta name=\"twitter:site\" content=\"@NabercoDigital\" \/>\n\t\t<meta name=\"twitter:title\" content=\"Carre\u00f1o aprueba las primeras solicitudes becas comedor | Cand\u00e1s 365\" \/>\n\t\t<meta name=\"twitter:description\" content=\"El pasado Viernes, 28 de agosto de 2020, el Ayuntamiento de Carre\u00f1o aprob\u00f3 y public\u00f3 el listado provisional por el que se conceden las Becas Comedor al alumnado de los Centros Educativos del Concejo que cursa sus estudios en la segunda etapa de Educaci\u00f3n Infantil y Ense\u00f1anza Primaria durante todo el per\u00edodo lectivo del curso\" \/>\n\t\t<meta name=\"twitter:creator\" content=\"@nbasturias\" \/>\n\t\t<meta name=\"twitter:image\" content=\"https:\/\/candas365.es\/noticias\/wp-content\/uploads\/2015\/01\/ayuntamiento.jpg\" \/>\n\t\t<meta name=\"twitter:label1\" content=\"Escrito por\" \/>\n\t\t<meta name=\"twitter:data1\" content=\"Cand\u00e1s 365\" \/>\n\t\t<meta name=\"twitter:label2\" content=\"Tiempo de lectura estimado\" \/>\n\t\t<meta name=\"twitter:data2\" content=\"4 minutos\" \/>\n\t\t<script type=\"application\/ld+json\" class=\"aioseo-schema\">\n\t\t\t{\"@context\":\"https:\\\/\\\/schema.org\",\"@graph\":[{\"@type\":\"BreadcrumbList\",\"@id\":\"https:\\\/\\\/candas365.es\\\/noticias\\\/carreno-aprueba-las-primeras-solicitudes-becas-comedor\\\/#breadcrumblist\",\"itemListElement\":[{\"@type\":\"ListItem\",\"@id\":\"https:\\\/\\\/candas365.es\\\/noticias#listItem\",\"position\":1,\"name\":\"Home\",\"item\":\"https:\\\/\\\/candas365.es\\\/noticias\",\"nextItem\":{\"@type\":\"ListItem\",\"@id\":\"https:\\\/\\\/candas365.es\\\/noticias\\\/category\\\/noticias-carreno\\\/#listItem\",\"name\":\"Noticias Carre\\u00f1o\"}},{\"@type\":\"ListItem\",\"@id\":\"https:\\\/\\\/candas365.es\\\/noticias\\\/category\\\/noticias-carreno\\\/#listItem\",\"position\":2,\"name\":\"Noticias Carre\\u00f1o\",\"item\":\"https:\\\/\\\/candas365.es\\\/noticias\\\/category\\\/noticias-carreno\\\/\",\"nextItem\":{\"@type\":\"ListItem\",\"@id\":\"https:\\\/\\\/candas365.es\\\/noticias\\\/carreno-aprueba-las-primeras-solicitudes-becas-comedor\\\/#listItem\",\"name\":\"Carre\\u00f1o aprueba las primeras solicitudes becas comedor\"},\"previousItem\":{\"@type\":\"ListItem\",\"@id\":\"https:\\\/\\\/candas365.es\\\/noticias#listItem\",\"name\":\"Home\"}},{\"@type\":\"ListItem\",\"@id\":\"https:\\\/\\\/candas365.es\\\/noticias\\\/carreno-aprueba-las-primeras-solicitudes-becas-comedor\\\/#listItem\",\"position\":3,\"name\":\"Carre\\u00f1o aprueba las primeras solicitudes becas comedor\",\"previousItem\":{\"@type\":\"ListItem\",\"@id\":\"https:\\\/\\\/candas365.es\\\/noticias\\\/category\\\/noticias-carreno\\\/#listItem\",\"name\":\"Noticias Carre\\u00f1o\"}}]},{\"@type\":\"NewsArticle\",\"@id\":\"https:\\\/\\\/candas365.es\\\/noticias\\\/carreno-aprueba-las-primeras-solicitudes-becas-comedor\\\/#newsarticle\",\"name\":\"Carre\\u00f1o aprueba las primeras solicitudes becas comedor | Cand\\u00e1s 365\",\"headline\":\"Carre\\u00f1o aprueba las primeras solicitudes becas comedor\",\"author\":{\"@id\":\"https:\\\/\\\/candas365.es\\\/noticias\\\/author\\\/admin\\\/#author\"},\"publisher\":{\"@id\":\"https:\\\/\\\/candas365.es\\\/noticias\\\/#organization\"},\"image\":{\"@type\":\"ImageObject\",\"url\":\"https:\\\/\\\/candas365.es\\\/noticias\\\/wp-content\\\/uploads\\\/2015\\\/01\\\/ayuntamiento.jpg\",\"width\":800,\"height\":600,\"caption\":\"Carre\\u00f1o\"},\"datePublished\":\"2020-09-01T14:04:43+02:00\",\"dateModified\":\"2020-09-06T14:06:59+02:00\",\"inLanguage\":\"es-ES\",\"mainEntityOfPage\":{\"@id\":\"https:\\\/\\\/candas365.es\\\/noticias\\\/carreno-aprueba-las-primeras-solicitudes-becas-comedor\\\/#webpage\"},\"isPartOf\":{\"@id\":\"https:\\\/\\\/candas365.es\\\/noticias\\\/carreno-aprueba-las-primeras-solicitudes-becas-comedor\\\/#webpage\"},\"articleSection\":\"Noticias Carre\\u00f1o\",\"dateline\":\"Publicado el septiembre 1, 2020.\"},{\"@type\":\"Organization\",\"@id\":\"https:\\\/\\\/candas365.es\\\/noticias\\\/#organization\",\"name\":\"Cand\\u00e1s 365\",\"description\":\"Cand\\u00e1s 365 es un diario digital independiente, fundado en 2012, con base en Asturias. Informamos con rigor sobre actualidad, sociedad, cultura y ocio, con una mirada local y global.\",\"url\":\"https:\\\/\\\/candas365.es\\\/noticias\\\/\",\"email\":\"info@candas365.es\",\"telephone\":\"+34652131393\",\"foundingDate\":\"2012-06-10\",\"logo\":{\"@type\":\"ImageObject\",\"url\":\"https:\\\/\\\/candas365.es\\\/noticias\\\/wp-content\\\/uploads\\\/2024\\\/09\\\/Candas-365-Redes.jpg\",\"@id\":\"https:\\\/\\\/candas365.es\\\/noticias\\\/carreno-aprueba-las-primeras-solicitudes-becas-comedor\\\/#organizationLogo\",\"width\":1152,\"height\":864,\"caption\":\"Cand\\u00e1s 365 Redes\"},\"image\":{\"@id\":\"https:\\\/\\\/candas365.es\\\/noticias\\\/carreno-aprueba-las-primeras-solicitudes-becas-comedor\\\/#organizationLogo\"},\"sameAs\":[\"https:\\\/\\\/www.facebook.com\\\/Nachofdezber\",\"https:\\\/\\\/x.com\\\/NabercoDigital\",\"https:\\\/\\\/www.instagram.com\\\/nachofdezber\\\/\",\"https:\\\/\\\/www.youtube.com\\\/channel\\\/UCZP-2wLEB9Rv6erhFmqVnvg\"],\"address\":{\"@id\":\"https:\\\/\\\/candas365.es\\\/noticias\\\/#postaladdress\",\"@type\":\"PostalAddress\",\"streetAddress\":\"san antonio 4, san antonio 4\",\"postalCode\":\"33430\",\"addressLocality\":\"Cand\\u00e1s\",\"addressRegion\":\"Asturias\",\"addressCountry\":\"ES\"}},{\"@type\":\"Person\",\"@id\":\"https:\\\/\\\/candas365.es\\\/noticias\\\/author\\\/admin\\\/#author\",\"url\":\"https:\\\/\\\/candas365.es\\\/noticias\\\/author\\\/admin\\\/\",\"name\":\"Cand\\u00e1s 365\",\"image\":{\"@type\":\"ImageObject\",\"@id\":\"https:\\\/\\\/candas365.es\\\/noticias\\\/carreno-aprueba-las-primeras-solicitudes-becas-comedor\\\/#authorImage\",\"url\":\"https:\\\/\\\/secure.gravatar.com\\\/avatar\\\/496a8e03d0c493ede1718b7934145dbdf8d89be1036b0eec9544e1094c9de390?s=96&d=mm&r=g\",\"width\":96,\"height\":96,\"caption\":\"Cand\\u00e1s 365\"},\"sameAs\":[\"https:\\\/\\\/www.facebook.com\\\/carrenoactualidad\",\"https:\\\/\\\/twitter.com\\\/nbasturias\",\"https:\\\/\\\/www.instagram.com\\\/nachofdezber\\\/\",\"https:\\\/\\\/www.youtube.com\\\/channel\\\/UCZP-2wLEB9Rv6erhFmqVnvg\"]},{\"@type\":\"WebPage\",\"@id\":\"https:\\\/\\\/candas365.es\\\/noticias\\\/carreno-aprueba-las-primeras-solicitudes-becas-comedor\\\/#webpage\",\"url\":\"https:\\\/\\\/candas365.es\\\/noticias\\\/carreno-aprueba-las-primeras-solicitudes-becas-comedor\\\/\",\"name\":\"Carre\\u00f1o aprueba las primeras solicitudes becas comedor | Cand\\u00e1s 365\",\"description\":\"El pasado Viernes, 28 de agosto de 2020, el Ayuntamiento de Carre\\u00f1o aprob\\u00f3 y public\\u00f3 el listado provisional por el que se conceden las Becas Comedor al alumnado de los Centros Educativos del Concejo que cursa sus estudios en la segunda etapa de Educaci\\u00f3n Infantil y Ense\\u00f1anza Primaria durante todo el per\\u00edodo lectivo del curso\",\"inLanguage\":\"es-ES\",\"isPartOf\":{\"@id\":\"https:\\\/\\\/candas365.es\\\/noticias\\\/#website\"},\"breadcrumb\":{\"@id\":\"https:\\\/\\\/candas365.es\\\/noticias\\\/carreno-aprueba-las-primeras-solicitudes-becas-comedor\\\/#breadcrumblist\"},\"author\":{\"@id\":\"https:\\\/\\\/candas365.es\\\/noticias\\\/author\\\/admin\\\/#author\"},\"creator\":{\"@id\":\"https:\\\/\\\/candas365.es\\\/noticias\\\/author\\\/admin\\\/#author\"},\"image\":{\"@type\":\"ImageObject\",\"url\":\"https:\\\/\\\/candas365.es\\\/noticias\\\/wp-content\\\/uploads\\\/2015\\\/01\\\/ayuntamiento.jpg\",\"@id\":\"https:\\\/\\\/candas365.es\\\/noticias\\\/carreno-aprueba-las-primeras-solicitudes-becas-comedor\\\/#mainImage\",\"width\":800,\"height\":600,\"caption\":\"Carre\\u00f1o\"},\"primaryImageOfPage\":{\"@id\":\"https:\\\/\\\/candas365.es\\\/noticias\\\/carreno-aprueba-las-primeras-solicitudes-becas-comedor\\\/#mainImage\"},\"datePublished\":\"2020-09-01T14:04:43+02:00\",\"dateModified\":\"2020-09-06T14:06:59+02:00\"},{\"@type\":\"WebSite\",\"@id\":\"https:\\\/\\\/candas365.es\\\/noticias\\\/#website\",\"url\":\"https:\\\/\\\/candas365.es\\\/noticias\\\/\",\"name\":\"Cand\\u00e1s 365\",\"alternateName\":\"Cand\\u00e1s 365 Noticias\",\"description\":\"Actualidad desde Carre\\u00f1o para el mundo\",\"inLanguage\":\"es-ES\",\"publisher\":{\"@id\":\"https:\\\/\\\/candas365.es\\\/noticias\\\/#organization\"}}]}\n\t\t<\/script>\n\t\t<!-- All in One SEO Pro -->\r\n\t\t<title>Carre\u00f1o aprueba las primeras solicitudes becas comedor | Cand\u00e1s 365<\/title>\n\n","aioseo_head_json":{"title":"Carre\u00f1o aprueba las primeras solicitudes becas comedor | Cand\u00e1s 365","description":"El pasado Viernes, 28 de agosto de 2020, el Ayuntamiento de Carre\u00f1o aprob\u00f3 y public\u00f3 el listado provisional por el que se conceden las Becas Comedor al alumnado de los Centros Educativos del Concejo que cursa sus estudios en la segunda etapa de Educaci\u00f3n Infantil y Ense\u00f1anza Primaria durante todo el per\u00edodo lectivo del curso","canonical_url":"https:\/\/candas365.es\/noticias\/carreno-aprueba-las-primeras-solicitudes-becas-comedor\/","robots":"max-image-preview:large","keywords":"noticias carre\u00f1o","webmasterTools":{"google-site-verification":"UA-32230408-1","msvalidate.01":"354F3CDFB2DA171B47FBE9ABF1F88D5","miscellaneous":""},"schema":{"@context":"https:\/\/schema.org","@graph":[{"@type":"BreadcrumbList","@id":"https:\/\/candas365.es\/noticias\/carreno-aprueba-las-primeras-solicitudes-becas-comedor\/#breadcrumblist","itemListElement":[{"@type":"ListItem","@id":"https:\/\/candas365.es\/noticias#listItem","position":1,"name":"Home","item":"https:\/\/candas365.es\/noticias","nextItem":{"@type":"ListItem","@id":"https:\/\/candas365.es\/noticias\/category\/noticias-carreno\/#listItem","name":"Noticias Carre\u00f1o"}},{"@type":"ListItem","@id":"https:\/\/candas365.es\/noticias\/category\/noticias-carreno\/#listItem","position":2,"name":"Noticias Carre\u00f1o","item":"https:\/\/candas365.es\/noticias\/category\/noticias-carreno\/","nextItem":{"@type":"ListItem","@id":"https:\/\/candas365.es\/noticias\/carreno-aprueba-las-primeras-solicitudes-becas-comedor\/#listItem","name":"Carre\u00f1o aprueba las primeras solicitudes becas comedor"},"previousItem":{"@type":"ListItem","@id":"https:\/\/candas365.es\/noticias#listItem","name":"Home"}},{"@type":"ListItem","@id":"https:\/\/candas365.es\/noticias\/carreno-aprueba-las-primeras-solicitudes-becas-comedor\/#listItem","position":3,"name":"Carre\u00f1o aprueba las primeras solicitudes becas comedor","previousItem":{"@type":"ListItem","@id":"https:\/\/candas365.es\/noticias\/category\/noticias-carreno\/#listItem","name":"Noticias Carre\u00f1o"}}]},{"@type":"NewsArticle","@id":"https:\/\/candas365.es\/noticias\/carreno-aprueba-las-primeras-solicitudes-becas-comedor\/#newsarticle","name":"Carre\u00f1o aprueba las primeras solicitudes becas comedor | Cand\u00e1s 365","headline":"Carre\u00f1o aprueba las primeras solicitudes becas comedor","author":{"@id":"https:\/\/candas365.es\/noticias\/author\/admin\/#author"},"publisher":{"@id":"https:\/\/candas365.es\/noticias\/#organization"},"image":{"@type":"ImageObject","url":"https:\/\/candas365.es\/noticias\/wp-content\/uploads\/2015\/01\/ayuntamiento.jpg","width":800,"height":600,"caption":"Carre\u00f1o"},"datePublished":"2020-09-01T14:04:43+02:00","dateModified":"2020-09-06T14:06:59+02:00","inLanguage":"es-ES","mainEntityOfPage":{"@id":"https:\/\/candas365.es\/noticias\/carreno-aprueba-las-primeras-solicitudes-becas-comedor\/#webpage"},"isPartOf":{"@id":"https:\/\/candas365.es\/noticias\/carreno-aprueba-las-primeras-solicitudes-becas-comedor\/#webpage"},"articleSection":"Noticias Carre\u00f1o","dateline":"Publicado el septiembre 1, 2020."},{"@type":"Organization","@id":"https:\/\/candas365.es\/noticias\/#organization","name":"Cand\u00e1s 365","description":"Cand\u00e1s 365 es un diario digital independiente, fundado en 2012, con base en Asturias. Informamos con rigor sobre actualidad, sociedad, cultura y ocio, con una mirada local y global.","url":"https:\/\/candas365.es\/noticias\/","email":"info@candas365.es","telephone":"+34652131393","foundingDate":"2012-06-10","logo":{"@type":"ImageObject","url":"https:\/\/candas365.es\/noticias\/wp-content\/uploads\/2024\/09\/Candas-365-Redes.jpg","@id":"https:\/\/candas365.es\/noticias\/carreno-aprueba-las-primeras-solicitudes-becas-comedor\/#organizationLogo","width":1152,"height":864,"caption":"Cand\u00e1s 365 Redes"},"image":{"@id":"https:\/\/candas365.es\/noticias\/carreno-aprueba-las-primeras-solicitudes-becas-comedor\/#organizationLogo"},"sameAs":["https:\/\/www.facebook.com\/Nachofdezber","https:\/\/x.com\/NabercoDigital","https:\/\/www.instagram.com\/nachofdezber\/","https:\/\/www.youtube.com\/channel\/UCZP-2wLEB9Rv6erhFmqVnvg"],"address":{"@id":"https:\/\/candas365.es\/noticias\/#postaladdress","@type":"PostalAddress","streetAddress":"san antonio 4, san antonio 4","postalCode":"33430","addressLocality":"Cand\u00e1s","addressRegion":"Asturias","addressCountry":"ES"}},{"@type":"Person","@id":"https:\/\/candas365.es\/noticias\/author\/admin\/#author","url":"https:\/\/candas365.es\/noticias\/author\/admin\/","name":"Cand\u00e1s 365","image":{"@type":"ImageObject","@id":"https:\/\/candas365.es\/noticias\/carreno-aprueba-las-primeras-solicitudes-becas-comedor\/#authorImage","url":"https:\/\/secure.gravatar.com\/avatar\/496a8e03d0c493ede1718b7934145dbdf8d89be1036b0eec9544e1094c9de390?s=96&d=mm&r=g","width":96,"height":96,"caption":"Cand\u00e1s 365"},"sameAs":["https:\/\/www.facebook.com\/carrenoactualidad","https:\/\/twitter.com\/nbasturias","https:\/\/www.instagram.com\/nachofdezber\/","https:\/\/www.youtube.com\/channel\/UCZP-2wLEB9Rv6erhFmqVnvg"]},{"@type":"WebPage","@id":"https:\/\/candas365.es\/noticias\/carreno-aprueba-las-primeras-solicitudes-becas-comedor\/#webpage","url":"https:\/\/candas365.es\/noticias\/carreno-aprueba-las-primeras-solicitudes-becas-comedor\/","name":"Carre\u00f1o aprueba las primeras solicitudes becas comedor | Cand\u00e1s 365","description":"El pasado Viernes, 28 de agosto de 2020, el Ayuntamiento de Carre\u00f1o aprob\u00f3 y public\u00f3 el listado provisional por el que se conceden las Becas Comedor al alumnado de los Centros Educativos del Concejo que cursa sus estudios en la segunda etapa de Educaci\u00f3n Infantil y Ense\u00f1anza Primaria durante todo el per\u00edodo lectivo del curso","inLanguage":"es-ES","isPartOf":{"@id":"https:\/\/candas365.es\/noticias\/#website"},"breadcrumb":{"@id":"https:\/\/candas365.es\/noticias\/carreno-aprueba-las-primeras-solicitudes-becas-comedor\/#breadcrumblist"},"author":{"@id":"https:\/\/candas365.es\/noticias\/author\/admin\/#author"},"creator":{"@id":"https:\/\/candas365.es\/noticias\/author\/admin\/#author"},"image":{"@type":"ImageObject","url":"https:\/\/candas365.es\/noticias\/wp-content\/uploads\/2015\/01\/ayuntamiento.jpg","@id":"https:\/\/candas365.es\/noticias\/carreno-aprueba-las-primeras-solicitudes-becas-comedor\/#mainImage","width":800,"height":600,"caption":"Carre\u00f1o"},"primaryImageOfPage":{"@id":"https:\/\/candas365.es\/noticias\/carreno-aprueba-las-primeras-solicitudes-becas-comedor\/#mainImage"},"datePublished":"2020-09-01T14:04:43+02:00","dateModified":"2020-09-06T14:06:59+02:00"},{"@type":"WebSite","@id":"https:\/\/candas365.es\/noticias\/#website","url":"https:\/\/candas365.es\/noticias\/","name":"Cand\u00e1s 365","alternateName":"Cand\u00e1s 365 Noticias","description":"Actualidad desde Carre\u00f1o para el mundo","inLanguage":"es-ES","publisher":{"@id":"https:\/\/candas365.es\/noticias\/#organization"}}]},"og:locale":"es_ES","og:site_name":"Cand\u00e1s 365","og:type":"article","og:title":"Carre\u00f1o aprueba las primeras solicitudes becas comedor | Cand\u00e1s 365","og:description":"El pasado Viernes, 28 de agosto de 2020, el Ayuntamiento de Carre\u00f1o aprob\u00f3 y public\u00f3 el listado provisional por el que se conceden las Becas Comedor al alumnado de los Centros Educativos del Concejo que cursa sus estudios en la segunda etapa de Educaci\u00f3n Infantil y Ense\u00f1anza Primaria durante todo el per\u00edodo lectivo del curso","og:url":"https:\/\/candas365.es\/noticias\/carreno-aprueba-las-primeras-solicitudes-becas-comedor\/","og:image":"https:\/\/candas365.es\/noticias\/wp-content\/uploads\/2015\/01\/ayuntamiento.jpg","og:image:secure_url":"https:\/\/candas365.es\/noticias\/wp-content\/uploads\/2015\/01\/ayuntamiento.jpg","og:image:width":800,"og:image:height":600,"article:published_time":"2020-09-01T14:04:43+00:00","article:modified_time":"2020-09-06T14:06:59+00:00","article:publisher":"https:\/\/www.facebook.com\/Nachofdezber","article:author":"https:\/\/www.facebook.com\/carrenoactualidad","twitter:card":"summary_large_image","twitter:site":"@NabercoDigital","twitter:title":"Carre\u00f1o aprueba las primeras solicitudes becas comedor | Cand\u00e1s 365","twitter:description":"El pasado Viernes, 28 de agosto de 2020, el Ayuntamiento de Carre\u00f1o aprob\u00f3 y public\u00f3 el listado provisional por el que se conceden las Becas Comedor al alumnado de los Centros Educativos del Concejo que cursa sus estudios en la segunda etapa de Educaci\u00f3n Infantil y Ense\u00f1anza Primaria durante todo el per\u00edodo lectivo del curso","twitter:creator":"@nbasturias","twitter:image":"https:\/\/candas365.es\/noticias\/wp-content\/uploads\/2015\/01\/ayuntamiento.jpg","twitter:label1":"Escrito por","twitter:data1":"Cand\u00e1s 365","twitter:label2":"Tiempo de lectura estimado","twitter:data2":"4 minutos"},"aioseo_meta_data":{"post_id":"146709","title":null,"description":"","keywords":"","keyphrases":null,"primary_term":null,"canonical_url":"","og_title":null,"og_description":null,"og_object_type":"default","og_image_type":"default","og_image_url":null,"og_image_width":null,"og_image_height":null,"og_image_custom_url":null,"og_image_custom_fields":null,"og_video":null,"og_custom_url":null,"og_article_section":null,"og_article_tags":null,"twitter_use_og":false,"twitter_card":"default","twitter_image_type":"default","twitter_image_url":null,"twitter_image_custom_url":null,"twitter_image_custom_fields":null,"twitter_title":null,"twitter_description":null,"schema":{"blockGraphs":[],"customGraphs":[],"default":{"data":{"Article":[],"Course":[],"Dataset":[],"FAQPage":[],"Movie":[],"Person":[],"Product":[],"ProductReview":[],"Car":[],"Recipe":[],"Service":[],"SoftwareApplication":[],"WebPage":[]},"graphName":"","isEnabled":true},"graphs":[]},"schema_type":null,"schema_type_options":null,"pillar_content":false,"robots_default":true,"robots_noindex":false,"robots_noarchive":false,"robots_nosnippet":false,"robots_nofollow":false,"robots_noimageindex":false,"robots_noodp":false,"robots_notranslate":false,"robots_max_snippet":null,"robots_max_videopreview":null,"robots_max_imagepreview":"large","priority":null,"frequency":null,"location":null,"local_seo":null,"seo_analyzer_scan_date":"2025-08-31 10:57:14","breadcrumb_settings":null,"limit_modified_date":false,"reviewed_by":null,"open_ai":null,"ai":null,"created":"2020-12-21 10:39:30","updated":"2025-08-31 10:57:14"},"aioseo_breadcrumb":"<div class=\"aioseo-breadcrumbs\"><span class=\"aioseo-breadcrumb\">\n\t<a href=\"https:\/\/candas365.es\/noticias\" title=\"Home\">Home<\/a>\n<\/span><span class=\"aioseo-breadcrumb-separator\">&ndash;<\/span><span class=\"aioseo-breadcrumb\">\n\t<a href=\"https:\/\/candas365.es\/noticias\/category\/noticias-carreno\/\" title=\"Noticias Carre\u00f1o\">Noticias Carre\u00f1o<\/a>\n<\/span><span class=\"aioseo-breadcrumb-separator\">&ndash;<\/span><span class=\"aioseo-breadcrumb\">\n\tCarre\u00f1o aprueba las primeras solicitudes becas comedor\n<\/span><\/div>","aioseo_breadcrumb_json":[{"label":"Home","link":"https:\/\/candas365.es\/noticias"},{"label":"Noticias Carre\u00f1o","link":"https:\/\/candas365.es\/noticias\/category\/noticias-carreno\/"},{"label":"Carre\u00f1o aprueba las primeras solicitudes becas comedor","link":"https:\/\/candas365.es\/noticias\/carreno-aprueba-las-primeras-solicitudes-becas-comedor\/"}],"_links":{"self":[{"href":"https:\/\/candas365.es\/noticias\/wp-json\/wp\/v2\/posts\/146709","targetHints":{"allow":["GET"]}}],"collection":[{"href":"https:\/\/candas365.es\/noticias\/wp-json\/wp\/v2\/posts"}],"about":[{"href":"https:\/\/candas365.es\/noticias\/wp-json\/wp\/v2\/types\/post"}],"author":[{"embeddable":true,"href":"https:\/\/candas365.es\/noticias\/wp-json\/wp\/v2\/users\/1"}],"replies":[{"embeddable":true,"href":"https:\/\/candas365.es\/noticias\/wp-json\/wp\/v2\/comments?post=146709"}],"version-history":[{"count":0,"href":"https:\/\/candas365.es\/noticias\/wp-json\/wp\/v2\/posts\/146709\/revisions"}],"wp:featuredmedia":[{"embeddable":true,"href":"https:\/\/candas365.es\/noticias\/wp-json\/wp\/v2\/media\/6453"}],"wp:attachment":[{"href":"https:\/\/candas365.es\/noticias\/wp-json\/wp\/v2\/media?parent=146709"}],"wp:term":[{"taxonomy":"category","embeddable":true,"href":"https:\/\/candas365.es\/noticias\/wp-json\/wp\/v2\/categories?post=146709"},{"taxonomy":"post_tag","embeddable":true,"href":"https:\/\/candas365.es\/noticias\/wp-json\/wp\/v2\/tags?post=146709"}],"curies":[{"name":"wp","href":"https:\/\/api.w.org\/{rel}","templated":true}]}}