{"id":146664,"date":"2020-09-06T09:16:08","date_gmt":"2020-09-06T09:16:08","guid":{"rendered":"http:\/\/candas365.es\/noticias\/?p=146664"},"modified":"2020-09-06T09:16:08","modified_gmt":"2020-09-06T09:16:08","slug":"cruz-roja-de-carreno-y-ayuntamiento-seguiran-colaborando","status":"publish","type":"post","link":"https:\/\/candas365.es\/noticias\/cruz-roja-de-carreno-y-ayuntamiento-seguiran-colaborando\/","title":{"rendered":"Cruz Roja de Carre\u00f1o y Ayuntamiento seguir\u00e1n colaborando"},"content":{"rendered":"<p><img fetchpriority=\"high\" decoding=\"async\" class=\"alignleft size-medium wp-image-146665\" src=\"https:\/\/candas365.es\/noticias\/wp-content\/uploads\/2020\/09\/Cruz-Roja-Carreno-360x248.jpg\" alt=\"Cruz Roja Carre\u00f1o\" width=\"360\" height=\"248\" srcset=\"https:\/\/candas365.es\/noticias\/wp-content\/uploads\/2020\/09\/Cruz-Roja-Carreno-360x248.jpg 360w, https:\/\/candas365.es\/noticias\/wp-content\/uploads\/2020\/09\/Cruz-Roja-Carreno-655x452.jpg 655w, https:\/\/candas365.es\/noticias\/wp-content\/uploads\/2020\/09\/Cruz-Roja-Carreno-768x530.jpg 768w, https:\/\/candas365.es\/noticias\/wp-content\/uploads\/2020\/09\/Cruz-Roja-Carreno-218x150.jpg 218w, https:\/\/candas365.es\/noticias\/wp-content\/uploads\/2020\/09\/Cruz-Roja-Carreno-696x480.jpg 696w, https:\/\/candas365.es\/noticias\/wp-content\/uploads\/2020\/09\/Cruz-Roja-Carreno-609x420.jpg 609w, https:\/\/candas365.es\/noticias\/wp-content\/uploads\/2020\/09\/Cruz-Roja-Carreno-100x70.jpg 100w, https:\/\/candas365.es\/noticias\/wp-content\/uploads\/2020\/09\/Cruz-Roja-Carreno.jpg 1006w\" sizes=\"(max-width: 360px) 100vw, 360px\" \/>Este compromiso de colaboraci\u00f3n institucional se reflej\u00f3 con la firma de un nuevo convenio de cooperaci\u00f3n que rubricaron, en representaci\u00f3n de Cruz Roja, el Presidente de la Asamblea Local de Carre\u00f1o, <strong>\u00c1ngel Riego<\/strong>, y por parte del Ayuntamiento de Carre\u00f1o, su Alcaldesa, <strong>Amelia Fern\u00e1ndez<\/strong>. Un documento que regir\u00e1 las l\u00edneas de trabajo en com\u00fan y proyectos a impulsar por ambas entidades.<\/p>\n<p><strong>El acto de firma tuvo lugar en Cand\u00e1s<\/strong>, en el Sal\u00f3n de Plenos de la Casa Consistorial, participaron en \u00e9l, en representaci\u00f3n de Cruz Roja Espa\u00f1ola, el presidente de la entidad a nivel auton\u00f3mica, <strong>Jos\u00e9 Mar\u00eda La<\/strong>na el cual se\u00f1al\u00f3 que \u201cCruz Roja es una ONG abierta a colaborar con las administraciones y las entidades que nos necesiten para la consecuci\u00f3n de su objetivo fundamental, ayudar a las personas m\u00e1s vulnerables. Para la mayor\u00eda de las asambleas locales es muy importante la firma de este tipo de convenios porque es casi el \u00fanico medio de subsistencia, sin esto convenio ser\u00eda muy dif\u00edcil seguir prestando la colaboraci\u00f3n a las familias con pocos recursos del Concejo. Por lo que agradezco enormemente en nombre de Cruz Roja al Ayuntamiento de Carre\u00f1o la implicaci\u00f3n, la colaboraci\u00f3n y el patrocinio con nuestra organizaci\u00f3n\u201d.<\/p>\n<p>Desde hace a\u00f1os las dos entidades vienen desarrollando colaboraciones mutuas destinadas a la prevenci\u00f3n de situaciones de riesgo y promoci\u00f3n de sectores de la poblaci\u00f3n m\u00e1s vulnerable, as\u00ed como a la promoci\u00f3n y formaci\u00f3n del voluntariado. Adem\u00e1s de, por parte de Cruz Roja, de las coberturas preventivas de aquellas actividades que se requer\u00edan en el concejo por petici\u00f3n del mismo o de las asociaciones deportivas y\/o vecinales.<\/p>\n<p>Este a\u00f1o tambi\u00e9n se articul\u00f3 alguna actividad con Cruz Roja Juventud, en el marco de la cual desarrollar\u00e1n acciones de prevenci\u00f3n de violencia de g\u00e9nero.<\/p>\n<p>Y con la finalidad de establecer cauces de coordinaci\u00f3n y cooperaci\u00f3n con objeto de evitar duplicidades de actuaciones, mejorar la eficacia de los recursos disponibles y articular medidas que redunden en una atenci\u00f3n de mayor calidad se firma este acuerdo. A trav\u00e9s del cual se concede a la Asamblea Local de Cruz Roja de Carre\u00f1o una subvenci\u00f3n nominativa de 28.257 \u20ac para sufragar, en el desempe\u00f1o de su actividad, los gastos derivados de las actuaciones dirigidas al colectivo social m\u00e1s desprotegido del municipio<\/p>\n<p>\u201cEn nombre de la Corporaci\u00f3n que presido y en nombre propio s\u00f3lo puedo agradecer p\u00fablicamente a la entidad y como no a nuestra Asamblea Local y su voluntariado. Porque durante toda esta pandemia siempre han estado presentes y activos mostr\u00e1ndonos su apoyo y colaboraci\u00f3n. Un apoyo incondicional que nos brindaron para cualquier tipo de actividad y contingencia. Siempre que el Ayuntamiento tuvo una necesidad social o inquietud vecinal y \u00e9sta fue trasladada a la Asamblea desde \u00e9sta se busc\u00f3 una soluci\u00f3n para dar respuesta. Es fundamental para Carre\u00f1o contar con el tercer sector, no vernos solos ante una situaci\u00f3n inesperada y tener una capacidad de reacci\u00f3n, de actuaci\u00f3n r\u00e1pida y concisa. Esto fue lo que ocurri\u00f3 y sigue ocurriendo gracias a entidades como Cruz Roja y C\u00e1ritas, con qui\u00e9n ya rubricamos tambi\u00e9n nuevo convenio de colaboraci\u00f3n. La capacidad de acci\u00f3n que tienen las organizaciones locales son dignas de admirar, hay que cuidarlas y por supuesto apoyarlas\u201d se\u00f1al\u00f3 Amelia Fern\u00e1ndez, Alcaldesa de Carre\u00f1o.<\/p>\n<p>Como coment\u00f3 el Presidente actual de la Asamblea Local,<strong> \u00c1ngel Riego<\/strong> \u201cCruz Roja Asturias est\u00e1 formada por 21 Asambleas Locales entre las que se encuentra la Asamblea de Carre\u00f1o. <strong>Fundada en 14 de febrero de 1992<\/strong>, desde entonces hasta nuestros d\u00edas 4 personas del Concejo hemos tenido el privilegio de dirigir una organizaci\u00f3n<strong>, Luis Miranda, Gonzalo Gonz\u00e1lez, Covadonga Gonz\u00e1lez y yo mismo<\/strong>, en la que un pilar fundamental, adem\u00e1s de los socios y socias , son nuestros voluntarios y voluntarias, sin ese voluntariado no existir\u00edamos, ni tampoco sin el apoyo y colaboraci\u00f3n de entidades como el Ayuntamiento de Carre\u00f1o\u201d.<\/p>\n<p>\u201cEn Cruz Roja estamos convencidos que la obligaci\u00f3n que tenemos como seres humanos es ayudar a las personas que lo necesitan y para y por esas personas tenemos que seguir funcionando y trabajando incluso en coyunturas m\u00e1s adversas como las que nos toca vivir\u201d \u2013 concluy\u00f3 el Presidente de la Asamblea Local de Cruz Roja en Carre\u00f1o.<\/p>\n<p>&nbsp;<\/p>\n","protected":false},"excerpt":{"rendered":"<p>Este compromiso de colaboraci\u00f3n institucional se reflej\u00f3 con la firma de un nuevo convenio de cooperaci\u00f3n que rubricaron, en representaci\u00f3n de Cruz Roja, el Presidente de la Asamblea Local de Carre\u00f1o, \u00c1ngel Riego, y por parte del Ayuntamiento de Carre\u00f1o, su Alcaldesa, Amelia Fern\u00e1ndez. Un documento que regir\u00e1 las l\u00edneas de trabajo en com\u00fan y<\/p>\n","protected":false},"author":1,"featured_media":146665,"comment_status":"closed","ping_status":"closed","sticky":false,"template":"","format":"standard","meta":{"footnotes":""},"categories":[316,2],"tags":[],"class_list":{"0":"post-146664","1":"post","2":"type-post","3":"status-publish","4":"format-standard","5":"has-post-thumbnail","7":"category-destacadas","8":"category-noticias-carreno"},"aioseo_notices":[],"aioseo_head":"\n\t\t<!-- All in One SEO Pro 4.9.6.2 - aioseo.com -->\n\t<meta name=\"description\" content=\"Este compromiso de colaboraci\u00f3n institucional se reflej\u00f3 con la firma de un nuevo convenio de cooperaci\u00f3n que rubricaron, en representaci\u00f3n de Cruz Roja, el Presidente de la Asamblea Local de Carre\u00f1o, \u00c1ngel Riego, y por parte del Ayuntamiento de Carre\u00f1o, su Alcaldesa, Amelia Fern\u00e1ndez. Un documento que regir\u00e1 las l\u00edneas de trabajo en com\u00fan y\" \/>\n\t<meta name=\"robots\" content=\"max-image-preview:large\" \/>\n\t<meta name=\"author\" content=\"Cand\u00e1s 365\"\/>\n\t<meta name=\"google-site-verification\" content=\"UA-32230408-1\" \/>\n\t<meta name=\"msvalidate.01\" content=\"354F3CDFB2DA171B47FBE9ABF1F88D5\" \/>\n\t<meta name=\"keywords\" content=\"destacadas,noticias carre\u00f1o\" \/>\n\t<link rel=\"canonical\" href=\"https:\/\/candas365.es\/noticias\/cruz-roja-de-carreno-y-ayuntamiento-seguiran-colaborando\/\" \/>\n\t<meta name=\"generator\" content=\"All in One SEO Pro (AIOSEO) 4.9.6.2\" \/>\n\t\t<meta property=\"og:locale\" content=\"es_ES\" \/>\n\t\t<meta property=\"og:site_name\" content=\"Cand\u00e1s 365\" \/>\n\t\t<meta property=\"og:type\" content=\"article\" \/>\n\t\t<meta property=\"og:title\" content=\"Cruz Roja de Carre\u00f1o y Ayuntamiento seguir\u00e1n colaborando | Cand\u00e1s 365\" \/>\n\t\t<meta property=\"og:description\" content=\"Este compromiso de colaboraci\u00f3n institucional se reflej\u00f3 con la firma de un nuevo convenio de cooperaci\u00f3n que rubricaron, en representaci\u00f3n de Cruz Roja, el Presidente de la Asamblea Local de Carre\u00f1o, \u00c1ngel Riego, y por parte del Ayuntamiento de Carre\u00f1o, su Alcaldesa, Amelia Fern\u00e1ndez. Un documento que regir\u00e1 las l\u00edneas de trabajo en com\u00fan y\" \/>\n\t\t<meta property=\"og:url\" content=\"https:\/\/candas365.es\/noticias\/cruz-roja-de-carreno-y-ayuntamiento-seguiran-colaborando\/\" \/>\n\t\t<meta property=\"og:image\" content=\"https:\/\/candas365.es\/noticias\/wp-content\/uploads\/2020\/09\/Cruz-Roja-Carreno.jpg\" \/>\n\t\t<meta property=\"og:image:secure_url\" content=\"https:\/\/candas365.es\/noticias\/wp-content\/uploads\/2020\/09\/Cruz-Roja-Carreno.jpg\" \/>\n\t\t<meta property=\"og:image:width\" content=\"1006\" \/>\n\t\t<meta property=\"og:image:height\" content=\"694\" \/>\n\t\t<meta property=\"article:published_time\" content=\"2020-09-06T09:16:08+00:00\" \/>\n\t\t<meta property=\"article:modified_time\" content=\"2020-09-06T09:16:08+00:00\" \/>\n\t\t<meta property=\"article:publisher\" content=\"https:\/\/www.facebook.com\/Nachofdezber\" \/>\n\t\t<meta property=\"article:author\" content=\"https:\/\/www.facebook.com\/carrenoactualidad\" \/>\n\t\t<meta name=\"twitter:card\" content=\"summary_large_image\" \/>\n\t\t<meta name=\"twitter:site\" content=\"@NabercoDigital\" \/>\n\t\t<meta name=\"twitter:title\" content=\"Cruz Roja de Carre\u00f1o y Ayuntamiento seguir\u00e1n colaborando | Cand\u00e1s 365\" \/>\n\t\t<meta name=\"twitter:description\" content=\"Este compromiso de colaboraci\u00f3n institucional se reflej\u00f3 con la firma de un nuevo convenio de cooperaci\u00f3n que rubricaron, en representaci\u00f3n de Cruz Roja, el Presidente de la Asamblea Local de Carre\u00f1o, \u00c1ngel Riego, y por parte del Ayuntamiento de Carre\u00f1o, su Alcaldesa, Amelia Fern\u00e1ndez. Un documento que regir\u00e1 las l\u00edneas de trabajo en com\u00fan y\" \/>\n\t\t<meta name=\"twitter:creator\" content=\"@nbasturias\" \/>\n\t\t<meta name=\"twitter:image\" content=\"https:\/\/candas365.es\/noticias\/wp-content\/uploads\/2020\/09\/Cruz-Roja-Carreno.jpg\" \/>\n\t\t<meta name=\"twitter:label1\" content=\"Escrito por\" \/>\n\t\t<meta name=\"twitter:data1\" content=\"Cand\u00e1s 365\" \/>\n\t\t<meta name=\"twitter:label2\" content=\"Tiempo de lectura estimado\" \/>\n\t\t<meta name=\"twitter:data2\" content=\"4 minutos\" \/>\n\t\t<script type=\"application\/ld+json\" class=\"aioseo-schema\">\n\t\t\t{\"@context\":\"https:\\\/\\\/schema.org\",\"@graph\":[{\"@type\":\"BreadcrumbList\",\"@id\":\"https:\\\/\\\/candas365.es\\\/noticias\\\/cruz-roja-de-carreno-y-ayuntamiento-seguiran-colaborando\\\/#breadcrumblist\",\"itemListElement\":[{\"@type\":\"ListItem\",\"@id\":\"https:\\\/\\\/candas365.es\\\/noticias#listItem\",\"position\":1,\"name\":\"Home\",\"item\":\"https:\\\/\\\/candas365.es\\\/noticias\",\"nextItem\":{\"@type\":\"ListItem\",\"@id\":\"https:\\\/\\\/candas365.es\\\/noticias\\\/category\\\/noticias-carreno\\\/#listItem\",\"name\":\"Noticias Carre\\u00f1o\"}},{\"@type\":\"ListItem\",\"@id\":\"https:\\\/\\\/candas365.es\\\/noticias\\\/category\\\/noticias-carreno\\\/#listItem\",\"position\":2,\"name\":\"Noticias Carre\\u00f1o\",\"item\":\"https:\\\/\\\/candas365.es\\\/noticias\\\/category\\\/noticias-carreno\\\/\",\"nextItem\":{\"@type\":\"ListItem\",\"@id\":\"https:\\\/\\\/candas365.es\\\/noticias\\\/cruz-roja-de-carreno-y-ayuntamiento-seguiran-colaborando\\\/#listItem\",\"name\":\"Cruz Roja de Carre\\u00f1o y Ayuntamiento seguir\\u00e1n colaborando\"},\"previousItem\":{\"@type\":\"ListItem\",\"@id\":\"https:\\\/\\\/candas365.es\\\/noticias#listItem\",\"name\":\"Home\"}},{\"@type\":\"ListItem\",\"@id\":\"https:\\\/\\\/candas365.es\\\/noticias\\\/cruz-roja-de-carreno-y-ayuntamiento-seguiran-colaborando\\\/#listItem\",\"position\":3,\"name\":\"Cruz Roja de Carre\\u00f1o y Ayuntamiento seguir\\u00e1n colaborando\",\"previousItem\":{\"@type\":\"ListItem\",\"@id\":\"https:\\\/\\\/candas365.es\\\/noticias\\\/category\\\/noticias-carreno\\\/#listItem\",\"name\":\"Noticias Carre\\u00f1o\"}}]},{\"@type\":\"NewsArticle\",\"@id\":\"https:\\\/\\\/candas365.es\\\/noticias\\\/cruz-roja-de-carreno-y-ayuntamiento-seguiran-colaborando\\\/#newsarticle\",\"name\":\"Cruz Roja de Carre\\u00f1o y Ayuntamiento seguir\\u00e1n colaborando | Cand\\u00e1s 365\",\"headline\":\"Cruz Roja de Carre\\u00f1o y Ayuntamiento seguir\\u00e1n colaborando\",\"author\":{\"@id\":\"https:\\\/\\\/candas365.es\\\/noticias\\\/author\\\/admin\\\/#author\"},\"publisher\":{\"@id\":\"https:\\\/\\\/candas365.es\\\/noticias\\\/#organization\"},\"image\":{\"@type\":\"ImageObject\",\"url\":\"https:\\\/\\\/candas365.es\\\/noticias\\\/wp-content\\\/uploads\\\/2020\\\/09\\\/Cruz-Roja-Carreno.jpg\",\"width\":1006,\"height\":694,\"caption\":\"Cruz Roja Carre\\u00f1o\"},\"datePublished\":\"2020-09-06T09:16:08+02:00\",\"dateModified\":\"2020-09-06T09:16:08+02:00\",\"inLanguage\":\"es-ES\",\"mainEntityOfPage\":{\"@id\":\"https:\\\/\\\/candas365.es\\\/noticias\\\/cruz-roja-de-carreno-y-ayuntamiento-seguiran-colaborando\\\/#webpage\"},\"isPartOf\":{\"@id\":\"https:\\\/\\\/candas365.es\\\/noticias\\\/cruz-roja-de-carreno-y-ayuntamiento-seguiran-colaborando\\\/#webpage\"},\"articleSection\":\"Destacadas, Noticias Carre\\u00f1o\",\"dateline\":\"Publicado el septiembre 6, 2020.\"},{\"@type\":\"Organization\",\"@id\":\"https:\\\/\\\/candas365.es\\\/noticias\\\/#organization\",\"name\":\"Cand\\u00e1s 365\",\"description\":\"Cand\\u00e1s 365 es un diario digital independiente, fundado en 2012, con base en Asturias. Informamos con rigor sobre actualidad, sociedad, cultura y ocio, con una mirada local y global.\",\"url\":\"https:\\\/\\\/candas365.es\\\/noticias\\\/\",\"email\":\"info@candas365.es\",\"telephone\":\"+34652131393\",\"foundingDate\":\"2012-06-10\",\"logo\":{\"@type\":\"ImageObject\",\"url\":\"https:\\\/\\\/candas365.es\\\/noticias\\\/wp-content\\\/uploads\\\/2024\\\/09\\\/Candas-365-Redes.jpg\",\"@id\":\"https:\\\/\\\/candas365.es\\\/noticias\\\/cruz-roja-de-carreno-y-ayuntamiento-seguiran-colaborando\\\/#organizationLogo\",\"width\":1152,\"height\":864,\"caption\":\"Cand\\u00e1s 365 Redes\"},\"image\":{\"@id\":\"https:\\\/\\\/candas365.es\\\/noticias\\\/cruz-roja-de-carreno-y-ayuntamiento-seguiran-colaborando\\\/#organizationLogo\"},\"sameAs\":[\"https:\\\/\\\/www.facebook.com\\\/Nachofdezber\",\"https:\\\/\\\/x.com\\\/NabercoDigital\",\"https:\\\/\\\/www.instagram.com\\\/nachofdezber\\\/\",\"https:\\\/\\\/www.youtube.com\\\/channel\\\/UCZP-2wLEB9Rv6erhFmqVnvg\"],\"address\":{\"@id\":\"https:\\\/\\\/candas365.es\\\/noticias\\\/#postaladdress\",\"@type\":\"PostalAddress\",\"streetAddress\":\"san antonio 4, san antonio 4\",\"postalCode\":\"33430\",\"addressLocality\":\"Cand\\u00e1s\",\"addressRegion\":\"Asturias\",\"addressCountry\":\"ES\"}},{\"@type\":\"Person\",\"@id\":\"https:\\\/\\\/candas365.es\\\/noticias\\\/author\\\/admin\\\/#author\",\"url\":\"https:\\\/\\\/candas365.es\\\/noticias\\\/author\\\/admin\\\/\",\"name\":\"Cand\\u00e1s 365\",\"image\":{\"@type\":\"ImageObject\",\"@id\":\"https:\\\/\\\/candas365.es\\\/noticias\\\/cruz-roja-de-carreno-y-ayuntamiento-seguiran-colaborando\\\/#authorImage\",\"url\":\"https:\\\/\\\/secure.gravatar.com\\\/avatar\\\/496a8e03d0c493ede1718b7934145dbdf8d89be1036b0eec9544e1094c9de390?s=96&d=mm&r=g\",\"width\":96,\"height\":96,\"caption\":\"Cand\\u00e1s 365\"},\"sameAs\":[\"https:\\\/\\\/www.facebook.com\\\/carrenoactualidad\",\"https:\\\/\\\/twitter.com\\\/nbasturias\",\"https:\\\/\\\/www.instagram.com\\\/nachofdezber\\\/\",\"https:\\\/\\\/www.youtube.com\\\/channel\\\/UCZP-2wLEB9Rv6erhFmqVnvg\"]},{\"@type\":\"WebPage\",\"@id\":\"https:\\\/\\\/candas365.es\\\/noticias\\\/cruz-roja-de-carreno-y-ayuntamiento-seguiran-colaborando\\\/#webpage\",\"url\":\"https:\\\/\\\/candas365.es\\\/noticias\\\/cruz-roja-de-carreno-y-ayuntamiento-seguiran-colaborando\\\/\",\"name\":\"Cruz Roja de Carre\\u00f1o y Ayuntamiento seguir\\u00e1n colaborando | Cand\\u00e1s 365\",\"description\":\"Este compromiso de colaboraci\\u00f3n institucional se reflej\\u00f3 con la firma de un nuevo convenio de cooperaci\\u00f3n que rubricaron, en representaci\\u00f3n de Cruz Roja, el Presidente de la Asamblea Local de Carre\\u00f1o, \\u00c1ngel Riego, y por parte del Ayuntamiento de Carre\\u00f1o, su Alcaldesa, Amelia Fern\\u00e1ndez. Un documento que regir\\u00e1 las l\\u00edneas de trabajo en com\\u00fan y\",\"inLanguage\":\"es-ES\",\"isPartOf\":{\"@id\":\"https:\\\/\\\/candas365.es\\\/noticias\\\/#website\"},\"breadcrumb\":{\"@id\":\"https:\\\/\\\/candas365.es\\\/noticias\\\/cruz-roja-de-carreno-y-ayuntamiento-seguiran-colaborando\\\/#breadcrumblist\"},\"author\":{\"@id\":\"https:\\\/\\\/candas365.es\\\/noticias\\\/author\\\/admin\\\/#author\"},\"creator\":{\"@id\":\"https:\\\/\\\/candas365.es\\\/noticias\\\/author\\\/admin\\\/#author\"},\"image\":{\"@type\":\"ImageObject\",\"url\":\"https:\\\/\\\/candas365.es\\\/noticias\\\/wp-content\\\/uploads\\\/2020\\\/09\\\/Cruz-Roja-Carreno.jpg\",\"@id\":\"https:\\\/\\\/candas365.es\\\/noticias\\\/cruz-roja-de-carreno-y-ayuntamiento-seguiran-colaborando\\\/#mainImage\",\"width\":1006,\"height\":694,\"caption\":\"Cruz Roja Carre\\u00f1o\"},\"primaryImageOfPage\":{\"@id\":\"https:\\\/\\\/candas365.es\\\/noticias\\\/cruz-roja-de-carreno-y-ayuntamiento-seguiran-colaborando\\\/#mainImage\"},\"datePublished\":\"2020-09-06T09:16:08+02:00\",\"dateModified\":\"2020-09-06T09:16:08+02:00\"},{\"@type\":\"WebSite\",\"@id\":\"https:\\\/\\\/candas365.es\\\/noticias\\\/#website\",\"url\":\"https:\\\/\\\/candas365.es\\\/noticias\\\/\",\"name\":\"Cand\\u00e1s 365\",\"alternateName\":\"Cand\\u00e1s 365 Noticias\",\"description\":\"Actualidad desde Carre\\u00f1o para el mundo\",\"inLanguage\":\"es-ES\",\"publisher\":{\"@id\":\"https:\\\/\\\/candas365.es\\\/noticias\\\/#organization\"}}]}\n\t\t<\/script>\n\t\t<!-- All in One SEO Pro -->\r\n\t\t<title>Cruz Roja de Carre\u00f1o y Ayuntamiento seguir\u00e1n colaborando | Cand\u00e1s 365<\/title>\n\n","aioseo_head_json":{"title":"Cruz Roja de Carre\u00f1o y Ayuntamiento seguir\u00e1n colaborando | Cand\u00e1s 365","description":"Este compromiso de colaboraci\u00f3n institucional se reflej\u00f3 con la firma de un nuevo convenio de cooperaci\u00f3n que rubricaron, en representaci\u00f3n de Cruz Roja, el Presidente de la Asamblea Local de Carre\u00f1o, \u00c1ngel Riego, y por parte del Ayuntamiento de Carre\u00f1o, su Alcaldesa, Amelia Fern\u00e1ndez. Un documento que regir\u00e1 las l\u00edneas de trabajo en com\u00fan y","canonical_url":"https:\/\/candas365.es\/noticias\/cruz-roja-de-carreno-y-ayuntamiento-seguiran-colaborando\/","robots":"max-image-preview:large","keywords":"destacadas,noticias carre\u00f1o","webmasterTools":{"google-site-verification":"UA-32230408-1","msvalidate.01":"354F3CDFB2DA171B47FBE9ABF1F88D5","miscellaneous":""},"schema":{"@context":"https:\/\/schema.org","@graph":[{"@type":"BreadcrumbList","@id":"https:\/\/candas365.es\/noticias\/cruz-roja-de-carreno-y-ayuntamiento-seguiran-colaborando\/#breadcrumblist","itemListElement":[{"@type":"ListItem","@id":"https:\/\/candas365.es\/noticias#listItem","position":1,"name":"Home","item":"https:\/\/candas365.es\/noticias","nextItem":{"@type":"ListItem","@id":"https:\/\/candas365.es\/noticias\/category\/noticias-carreno\/#listItem","name":"Noticias Carre\u00f1o"}},{"@type":"ListItem","@id":"https:\/\/candas365.es\/noticias\/category\/noticias-carreno\/#listItem","position":2,"name":"Noticias Carre\u00f1o","item":"https:\/\/candas365.es\/noticias\/category\/noticias-carreno\/","nextItem":{"@type":"ListItem","@id":"https:\/\/candas365.es\/noticias\/cruz-roja-de-carreno-y-ayuntamiento-seguiran-colaborando\/#listItem","name":"Cruz Roja de Carre\u00f1o y Ayuntamiento seguir\u00e1n colaborando"},"previousItem":{"@type":"ListItem","@id":"https:\/\/candas365.es\/noticias#listItem","name":"Home"}},{"@type":"ListItem","@id":"https:\/\/candas365.es\/noticias\/cruz-roja-de-carreno-y-ayuntamiento-seguiran-colaborando\/#listItem","position":3,"name":"Cruz Roja de Carre\u00f1o y Ayuntamiento seguir\u00e1n colaborando","previousItem":{"@type":"ListItem","@id":"https:\/\/candas365.es\/noticias\/category\/noticias-carreno\/#listItem","name":"Noticias Carre\u00f1o"}}]},{"@type":"NewsArticle","@id":"https:\/\/candas365.es\/noticias\/cruz-roja-de-carreno-y-ayuntamiento-seguiran-colaborando\/#newsarticle","name":"Cruz Roja de Carre\u00f1o y Ayuntamiento seguir\u00e1n colaborando | Cand\u00e1s 365","headline":"Cruz Roja de Carre\u00f1o y Ayuntamiento seguir\u00e1n colaborando","author":{"@id":"https:\/\/candas365.es\/noticias\/author\/admin\/#author"},"publisher":{"@id":"https:\/\/candas365.es\/noticias\/#organization"},"image":{"@type":"ImageObject","url":"https:\/\/candas365.es\/noticias\/wp-content\/uploads\/2020\/09\/Cruz-Roja-Carreno.jpg","width":1006,"height":694,"caption":"Cruz Roja Carre\u00f1o"},"datePublished":"2020-09-06T09:16:08+02:00","dateModified":"2020-09-06T09:16:08+02:00","inLanguage":"es-ES","mainEntityOfPage":{"@id":"https:\/\/candas365.es\/noticias\/cruz-roja-de-carreno-y-ayuntamiento-seguiran-colaborando\/#webpage"},"isPartOf":{"@id":"https:\/\/candas365.es\/noticias\/cruz-roja-de-carreno-y-ayuntamiento-seguiran-colaborando\/#webpage"},"articleSection":"Destacadas, Noticias Carre\u00f1o","dateline":"Publicado el septiembre 6, 2020."},{"@type":"Organization","@id":"https:\/\/candas365.es\/noticias\/#organization","name":"Cand\u00e1s 365","description":"Cand\u00e1s 365 es un diario digital independiente, fundado en 2012, con base en Asturias. Informamos con rigor sobre actualidad, sociedad, cultura y ocio, con una mirada local y global.","url":"https:\/\/candas365.es\/noticias\/","email":"info@candas365.es","telephone":"+34652131393","foundingDate":"2012-06-10","logo":{"@type":"ImageObject","url":"https:\/\/candas365.es\/noticias\/wp-content\/uploads\/2024\/09\/Candas-365-Redes.jpg","@id":"https:\/\/candas365.es\/noticias\/cruz-roja-de-carreno-y-ayuntamiento-seguiran-colaborando\/#organizationLogo","width":1152,"height":864,"caption":"Cand\u00e1s 365 Redes"},"image":{"@id":"https:\/\/candas365.es\/noticias\/cruz-roja-de-carreno-y-ayuntamiento-seguiran-colaborando\/#organizationLogo"},"sameAs":["https:\/\/www.facebook.com\/Nachofdezber","https:\/\/x.com\/NabercoDigital","https:\/\/www.instagram.com\/nachofdezber\/","https:\/\/www.youtube.com\/channel\/UCZP-2wLEB9Rv6erhFmqVnvg"],"address":{"@id":"https:\/\/candas365.es\/noticias\/#postaladdress","@type":"PostalAddress","streetAddress":"san antonio 4, san antonio 4","postalCode":"33430","addressLocality":"Cand\u00e1s","addressRegion":"Asturias","addressCountry":"ES"}},{"@type":"Person","@id":"https:\/\/candas365.es\/noticias\/author\/admin\/#author","url":"https:\/\/candas365.es\/noticias\/author\/admin\/","name":"Cand\u00e1s 365","image":{"@type":"ImageObject","@id":"https:\/\/candas365.es\/noticias\/cruz-roja-de-carreno-y-ayuntamiento-seguiran-colaborando\/#authorImage","url":"https:\/\/secure.gravatar.com\/avatar\/496a8e03d0c493ede1718b7934145dbdf8d89be1036b0eec9544e1094c9de390?s=96&d=mm&r=g","width":96,"height":96,"caption":"Cand\u00e1s 365"},"sameAs":["https:\/\/www.facebook.com\/carrenoactualidad","https:\/\/twitter.com\/nbasturias","https:\/\/www.instagram.com\/nachofdezber\/","https:\/\/www.youtube.com\/channel\/UCZP-2wLEB9Rv6erhFmqVnvg"]},{"@type":"WebPage","@id":"https:\/\/candas365.es\/noticias\/cruz-roja-de-carreno-y-ayuntamiento-seguiran-colaborando\/#webpage","url":"https:\/\/candas365.es\/noticias\/cruz-roja-de-carreno-y-ayuntamiento-seguiran-colaborando\/","name":"Cruz Roja de Carre\u00f1o y Ayuntamiento seguir\u00e1n colaborando | Cand\u00e1s 365","description":"Este compromiso de colaboraci\u00f3n institucional se reflej\u00f3 con la firma de un nuevo convenio de cooperaci\u00f3n que rubricaron, en representaci\u00f3n de Cruz Roja, el Presidente de la Asamblea Local de Carre\u00f1o, \u00c1ngel Riego, y por parte del Ayuntamiento de Carre\u00f1o, su Alcaldesa, Amelia Fern\u00e1ndez. Un documento que regir\u00e1 las l\u00edneas de trabajo en com\u00fan y","inLanguage":"es-ES","isPartOf":{"@id":"https:\/\/candas365.es\/noticias\/#website"},"breadcrumb":{"@id":"https:\/\/candas365.es\/noticias\/cruz-roja-de-carreno-y-ayuntamiento-seguiran-colaborando\/#breadcrumblist"},"author":{"@id":"https:\/\/candas365.es\/noticias\/author\/admin\/#author"},"creator":{"@id":"https:\/\/candas365.es\/noticias\/author\/admin\/#author"},"image":{"@type":"ImageObject","url":"https:\/\/candas365.es\/noticias\/wp-content\/uploads\/2020\/09\/Cruz-Roja-Carreno.jpg","@id":"https:\/\/candas365.es\/noticias\/cruz-roja-de-carreno-y-ayuntamiento-seguiran-colaborando\/#mainImage","width":1006,"height":694,"caption":"Cruz Roja Carre\u00f1o"},"primaryImageOfPage":{"@id":"https:\/\/candas365.es\/noticias\/cruz-roja-de-carreno-y-ayuntamiento-seguiran-colaborando\/#mainImage"},"datePublished":"2020-09-06T09:16:08+02:00","dateModified":"2020-09-06T09:16:08+02:00"},{"@type":"WebSite","@id":"https:\/\/candas365.es\/noticias\/#website","url":"https:\/\/candas365.es\/noticias\/","name":"Cand\u00e1s 365","alternateName":"Cand\u00e1s 365 Noticias","description":"Actualidad desde Carre\u00f1o para el mundo","inLanguage":"es-ES","publisher":{"@id":"https:\/\/candas365.es\/noticias\/#organization"}}]},"og:locale":"es_ES","og:site_name":"Cand\u00e1s 365","og:type":"article","og:title":"Cruz Roja de Carre\u00f1o y Ayuntamiento seguir\u00e1n colaborando | Cand\u00e1s 365","og:description":"Este compromiso de colaboraci\u00f3n institucional se reflej\u00f3 con la firma de un nuevo convenio de cooperaci\u00f3n que rubricaron, en representaci\u00f3n de Cruz Roja, el Presidente de la Asamblea Local de Carre\u00f1o, \u00c1ngel Riego, y por parte del Ayuntamiento de Carre\u00f1o, su Alcaldesa, Amelia Fern\u00e1ndez. Un documento que regir\u00e1 las l\u00edneas de trabajo en com\u00fan y","og:url":"https:\/\/candas365.es\/noticias\/cruz-roja-de-carreno-y-ayuntamiento-seguiran-colaborando\/","og:image":"https:\/\/candas365.es\/noticias\/wp-content\/uploads\/2020\/09\/Cruz-Roja-Carreno.jpg","og:image:secure_url":"https:\/\/candas365.es\/noticias\/wp-content\/uploads\/2020\/09\/Cruz-Roja-Carreno.jpg","og:image:width":1006,"og:image:height":694,"article:published_time":"2020-09-06T09:16:08+00:00","article:modified_time":"2020-09-06T09:16:08+00:00","article:publisher":"https:\/\/www.facebook.com\/Nachofdezber","article:author":"https:\/\/www.facebook.com\/carrenoactualidad","twitter:card":"summary_large_image","twitter:site":"@NabercoDigital","twitter:title":"Cruz Roja de Carre\u00f1o y Ayuntamiento seguir\u00e1n colaborando | Cand\u00e1s 365","twitter:description":"Este compromiso de colaboraci\u00f3n institucional se reflej\u00f3 con la firma de un nuevo convenio de cooperaci\u00f3n que rubricaron, en representaci\u00f3n de Cruz Roja, el Presidente de la Asamblea Local de Carre\u00f1o, \u00c1ngel Riego, y por parte del Ayuntamiento de Carre\u00f1o, su Alcaldesa, Amelia Fern\u00e1ndez. Un documento que regir\u00e1 las l\u00edneas de trabajo en com\u00fan y","twitter:creator":"@nbasturias","twitter:image":"https:\/\/candas365.es\/noticias\/wp-content\/uploads\/2020\/09\/Cruz-Roja-Carreno.jpg","twitter:label1":"Escrito por","twitter:data1":"Cand\u00e1s 365","twitter:label2":"Tiempo de lectura estimado","twitter:data2":"4 minutos"},"aioseo_meta_data":{"post_id":"146664","title":null,"description":"","keywords":"","keyphrases":null,"primary_term":null,"canonical_url":"","og_title":null,"og_description":null,"og_object_type":"default","og_image_type":"default","og_image_url":null,"og_image_width":null,"og_image_height":null,"og_image_custom_url":null,"og_image_custom_fields":null,"og_video":null,"og_custom_url":null,"og_article_section":null,"og_article_tags":null,"twitter_use_og":false,"twitter_card":"default","twitter_image_type":"default","twitter_image_url":null,"twitter_image_custom_url":null,"twitter_image_custom_fields":null,"twitter_title":null,"twitter_description":null,"schema":{"blockGraphs":[],"customGraphs":[],"default":{"data":{"Article":[],"Course":[],"Dataset":[],"FAQPage":[],"Movie":[],"Person":[],"Product":[],"ProductReview":[],"Car":[],"Recipe":[],"Service":[],"SoftwareApplication":[],"WebPage":[]},"graphName":"","isEnabled":true},"graphs":[],"defaultGraph":"","defaultPostTypeGraph":""},"schema_type":null,"schema_type_options":null,"pillar_content":false,"robots_default":true,"robots_noindex":false,"robots_noarchive":false,"robots_nosnippet":false,"robots_nofollow":false,"robots_noimageindex":false,"robots_noodp":false,"robots_notranslate":false,"robots_max_snippet":null,"robots_max_videopreview":null,"robots_max_imagepreview":"large","priority":null,"frequency":null,"location":null,"local_seo":null,"seo_analyzer_scan_date":"2025-08-31 11:10:22","breadcrumb_settings":null,"limit_modified_date":false,"reviewed_by":null,"open_ai":null,"ai":null,"created":"2020-12-21 10:39:31","updated":"2025-08-31 11:10:22"},"aioseo_breadcrumb":"<div class=\"aioseo-breadcrumbs\"><span class=\"aioseo-breadcrumb\">\n\t<a href=\"https:\/\/candas365.es\/noticias\" title=\"Home\">Home<\/a>\n<\/span><span class=\"aioseo-breadcrumb-separator\">&ndash;<\/span><span class=\"aioseo-breadcrumb\">\n\t<a href=\"https:\/\/candas365.es\/noticias\/category\/noticias-carreno\/\" title=\"Noticias Carre\u00f1o\">Noticias Carre\u00f1o<\/a>\n<\/span><span class=\"aioseo-breadcrumb-separator\">&ndash;<\/span><span class=\"aioseo-breadcrumb\">\n\tCruz Roja de Carre\u00f1o y Ayuntamiento seguir\u00e1n colaborando\n<\/span><\/div>","aioseo_breadcrumb_json":[{"label":"Home","link":"https:\/\/candas365.es\/noticias"},{"label":"Noticias Carre\u00f1o","link":"https:\/\/candas365.es\/noticias\/category\/noticias-carreno\/"},{"label":"Cruz Roja de Carre\u00f1o y Ayuntamiento seguir\u00e1n colaborando","link":"https:\/\/candas365.es\/noticias\/cruz-roja-de-carreno-y-ayuntamiento-seguiran-colaborando\/"}],"_links":{"self":[{"href":"https:\/\/candas365.es\/noticias\/wp-json\/wp\/v2\/posts\/146664","targetHints":{"allow":["GET"]}}],"collection":[{"href":"https:\/\/candas365.es\/noticias\/wp-json\/wp\/v2\/posts"}],"about":[{"href":"https:\/\/candas365.es\/noticias\/wp-json\/wp\/v2\/types\/post"}],"author":[{"embeddable":true,"href":"https:\/\/candas365.es\/noticias\/wp-json\/wp\/v2\/users\/1"}],"replies":[{"embeddable":true,"href":"https:\/\/candas365.es\/noticias\/wp-json\/wp\/v2\/comments?post=146664"}],"version-history":[{"count":0,"href":"https:\/\/candas365.es\/noticias\/wp-json\/wp\/v2\/posts\/146664\/revisions"}],"wp:featuredmedia":[{"embeddable":true,"href":"https:\/\/candas365.es\/noticias\/wp-json\/wp\/v2\/media\/146665"}],"wp:attachment":[{"href":"https:\/\/candas365.es\/noticias\/wp-json\/wp\/v2\/media?parent=146664"}],"wp:term":[{"taxonomy":"category","embeddable":true,"href":"https:\/\/candas365.es\/noticias\/wp-json\/wp\/v2\/categories?post=146664"},{"taxonomy":"post_tag","embeddable":true,"href":"https:\/\/candas365.es\/noticias\/wp-json\/wp\/v2\/tags?post=146664"}],"curies":[{"name":"wp","href":"https:\/\/api.w.org\/{rel}","templated":true}]}}