{"id":146583,"date":"2020-09-03T13:46:34","date_gmt":"2020-09-03T13:46:34","guid":{"rendered":"http:\/\/candas365.es\/noticias\/?p=146583"},"modified":"2020-09-03T13:46:34","modified_gmt":"2020-09-03T13:46:34","slug":"muestra-de-artes-plasticas-del-principado-en-aviles","status":"publish","type":"post","link":"https:\/\/candas365.es\/noticias\/muestra-de-artes-plasticas-del-principado-en-aviles\/","title":{"rendered":"Muestra de Artes Pl\u00e1sticas del Principado, en Avil\u00e9s"},"content":{"rendered":"<p><img fetchpriority=\"high\" decoding=\"async\" class=\"alignleft size-medium wp-image-270\" src=\"https:\/\/candas365.es\/noticias\/wp-content\/uploads\/2014\/09\/agenda-360x238.jpg\" alt=\"\" width=\"360\" height=\"238\" srcset=\"https:\/\/candas365.es\/noticias\/wp-content\/uploads\/2014\/09\/agenda-360x238.jpg 360w, https:\/\/candas365.es\/noticias\/wp-content\/uploads\/2014\/09\/agenda-150x99.jpg 150w, https:\/\/candas365.es\/noticias\/wp-content\/uploads\/2014\/09\/agenda-450x298.jpg 450w, https:\/\/candas365.es\/noticias\/wp-content\/uploads\/2014\/09\/agenda-84x55.jpg 84w, https:\/\/candas365.es\/noticias\/wp-content\/uploads\/2014\/09\/agenda.jpg 500w\" sizes=\"(max-width: 360px) 100vw, 360px\" \/>La sala de exposiciones de la Casa de Cultura de Avil\u00e9s acoge desde hoy y hasta el 1 de octubre la 30\u00aa edici\u00f3n de la Muestra de Artes Pl\u00e1sticas del Principado.<\/p>\n<p>La muestra, que ser\u00e1 inaugurada a las 19:30 horas, incluye obras de Elisa Cuesta, ganadora del Premio Asturias Joven de Artes Pl\u00e1sticas, y de los creadores asturianos Dela Delos, Juan Falc\u00f3n, Mon Cabrales, Jorge Fern\u00e1ndez, Noem\u00ed Iglesias y Nacho Izquierdo.<\/p>\n<p>Los trabajos tienen como nexo com\u00fan el arte basado en datos, que interpreta encuestas, estad\u00edsticas y l\u00f3gicas algor\u00edtmicas y las convierte en obras no convencionales que recrean los procesos comunicativos.<\/p>\n<p>La ganadora de del Premio Asturias Joven de Artes Pl\u00e1sticas de este a\u00f1o, Elisa Cuesta, obtuvo tambi\u00e9n el \u00faltimo premio Labjoven-Los Bragales por un proyecto que rastrea su huella digital. El trabajo re\u00fane procesos que incluyen una investigaci\u00f3n sobre la relaci\u00f3n afectiva hombre-m\u00e1quina y sobre el papel de las interfaces digitales dentro de los nuevos modelos de comunicaci\u00f3n en red.<\/p>\n<p>La Consejer\u00eda de Presidencia convoca cada a\u00f1o, a trav\u00e9s del Instituto Asturiano de la Juventud y dentro del Programa Culturaqu\u00ed, la Muestra de Artes Pl\u00e1sticas, un evento que plasma el compromiso del Gobierno del Principado con el arte joven y el talento de artistas noveles. Al mismo concurren creadores residentes en la comunidad o descendientes hasta segundo grado de emigrantes, cuya edad no supere los 35 a\u00f1os. En estas treinta ediciones han sido seleccionados 285 artistas, algunos de los cuales son figuras consolidadas del panorama actual.<\/p>\n","protected":false},"excerpt":{"rendered":"<p>La sala de exposiciones de la Casa de Cultura de Avil\u00e9s acoge desde hoy y hasta el 1 de octubre la 30\u00aa edici\u00f3n de la Muestra de Artes Pl\u00e1sticas del Principado. La muestra, que ser\u00e1 inaugurada a las 19:30 horas, incluye obras de Elisa Cuesta, ganadora del Premio Asturias Joven de Artes Pl\u00e1sticas, y de<\/p>\n","protected":false},"author":1,"featured_media":270,"comment_status":"closed","ping_status":"closed","sticky":false,"template":"","format":"standard","meta":{"footnotes":""},"categories":[1],"tags":[],"class_list":{"0":"post-146583","1":"post","2":"type-post","3":"status-publish","4":"format-standard","5":"has-post-thumbnail","7":"category-agenda"},"aioseo_notices":[],"aioseo_head":"\n\t\t<!-- All in One SEO Pro 4.9.6.2 - aioseo.com -->\n\t<meta name=\"description\" content=\"La sala de exposiciones de la Casa de Cultura de Avil\u00e9s acoge desde hoy y hasta el 1 de octubre la 30\u00aa edici\u00f3n de la Muestra de Artes Pl\u00e1sticas del Principado. La muestra, que ser\u00e1 inaugurada a las 19:30 horas, incluye obras de Elisa Cuesta, ganadora del Premio Asturias Joven de Artes Pl\u00e1sticas, y de\" \/>\n\t<meta name=\"robots\" content=\"max-image-preview:large\" \/>\n\t<meta name=\"author\" content=\"Cand\u00e1s 365\"\/>\n\t<meta name=\"google-site-verification\" content=\"UA-32230408-1\" \/>\n\t<meta name=\"msvalidate.01\" content=\"354F3CDFB2DA171B47FBE9ABF1F88D5\" \/>\n\t<meta name=\"keywords\" content=\"agenda\" \/>\n\t<link rel=\"canonical\" href=\"https:\/\/candas365.es\/noticias\/muestra-de-artes-plasticas-del-principado-en-aviles\/\" \/>\n\t<meta name=\"generator\" content=\"All in One SEO Pro (AIOSEO) 4.9.6.2\" \/>\n\t\t<meta property=\"og:locale\" content=\"es_ES\" \/>\n\t\t<meta property=\"og:site_name\" content=\"Cand\u00e1s 365\" \/>\n\t\t<meta property=\"og:type\" content=\"article\" \/>\n\t\t<meta property=\"og:title\" content=\"Muestra de Artes Pl\u00e1sticas del Principado, en Avil\u00e9s | Cand\u00e1s 365\" \/>\n\t\t<meta property=\"og:description\" content=\"La sala de exposiciones de la Casa de Cultura de Avil\u00e9s acoge desde hoy y hasta el 1 de octubre la 30\u00aa edici\u00f3n de la Muestra de Artes Pl\u00e1sticas del Principado. La muestra, que ser\u00e1 inaugurada a las 19:30 horas, incluye obras de Elisa Cuesta, ganadora del Premio Asturias Joven de Artes Pl\u00e1sticas, y de\" \/>\n\t\t<meta property=\"og:url\" content=\"https:\/\/candas365.es\/noticias\/muestra-de-artes-plasticas-del-principado-en-aviles\/\" \/>\n\t\t<meta property=\"og:image\" content=\"https:\/\/candas365.es\/noticias\/wp-content\/uploads\/2014\/09\/agenda.jpg\" \/>\n\t\t<meta property=\"og:image:secure_url\" content=\"https:\/\/candas365.es\/noticias\/wp-content\/uploads\/2014\/09\/agenda.jpg\" \/>\n\t\t<meta property=\"og:image:width\" content=\"500\" \/>\n\t\t<meta property=\"og:image:height\" content=\"331\" \/>\n\t\t<meta property=\"article:published_time\" content=\"2020-09-03T13:46:34+00:00\" \/>\n\t\t<meta property=\"article:modified_time\" content=\"2020-09-03T13:46:34+00:00\" \/>\n\t\t<meta property=\"article:publisher\" content=\"https:\/\/www.facebook.com\/Nachofdezber\" \/>\n\t\t<meta property=\"article:author\" content=\"https:\/\/www.facebook.com\/carrenoactualidad\" \/>\n\t\t<meta name=\"twitter:card\" content=\"summary_large_image\" \/>\n\t\t<meta name=\"twitter:site\" content=\"@NabercoDigital\" \/>\n\t\t<meta name=\"twitter:title\" content=\"Muestra de Artes Pl\u00e1sticas del Principado, en Avil\u00e9s | Cand\u00e1s 365\" \/>\n\t\t<meta name=\"twitter:description\" content=\"La sala de exposiciones de la Casa de Cultura de Avil\u00e9s acoge desde hoy y hasta el 1 de octubre la 30\u00aa edici\u00f3n de la Muestra de Artes Pl\u00e1sticas del Principado. La muestra, que ser\u00e1 inaugurada a las 19:30 horas, incluye obras de Elisa Cuesta, ganadora del Premio Asturias Joven de Artes Pl\u00e1sticas, y de\" \/>\n\t\t<meta name=\"twitter:creator\" content=\"@nbasturias\" \/>\n\t\t<meta name=\"twitter:image\" content=\"https:\/\/candas365.es\/noticias\/wp-content\/uploads\/2014\/09\/agenda.jpg\" \/>\n\t\t<meta name=\"twitter:label1\" content=\"Escrito por\" \/>\n\t\t<meta name=\"twitter:data1\" content=\"Cand\u00e1s 365\" \/>\n\t\t<meta name=\"twitter:label2\" content=\"Tiempo de lectura estimado\" \/>\n\t\t<meta name=\"twitter:data2\" content=\"1 minuto\" \/>\n\t\t<script type=\"application\/ld+json\" class=\"aioseo-schema\">\n\t\t\t{\"@context\":\"https:\\\/\\\/schema.org\",\"@graph\":[{\"@type\":\"BreadcrumbList\",\"@id\":\"https:\\\/\\\/candas365.es\\\/noticias\\\/muestra-de-artes-plasticas-del-principado-en-aviles\\\/#breadcrumblist\",\"itemListElement\":[{\"@type\":\"ListItem\",\"@id\":\"https:\\\/\\\/candas365.es\\\/noticias#listItem\",\"position\":1,\"name\":\"Home\",\"item\":\"https:\\\/\\\/candas365.es\\\/noticias\",\"nextItem\":{\"@type\":\"ListItem\",\"@id\":\"https:\\\/\\\/candas365.es\\\/noticias\\\/category\\\/agenda\\\/#listItem\",\"name\":\"Agenda\"}},{\"@type\":\"ListItem\",\"@id\":\"https:\\\/\\\/candas365.es\\\/noticias\\\/category\\\/agenda\\\/#listItem\",\"position\":2,\"name\":\"Agenda\",\"item\":\"https:\\\/\\\/candas365.es\\\/noticias\\\/category\\\/agenda\\\/\",\"nextItem\":{\"@type\":\"ListItem\",\"@id\":\"https:\\\/\\\/candas365.es\\\/noticias\\\/muestra-de-artes-plasticas-del-principado-en-aviles\\\/#listItem\",\"name\":\"Muestra de Artes Pl\\u00e1sticas del Principado, en Avil\\u00e9s\"},\"previousItem\":{\"@type\":\"ListItem\",\"@id\":\"https:\\\/\\\/candas365.es\\\/noticias#listItem\",\"name\":\"Home\"}},{\"@type\":\"ListItem\",\"@id\":\"https:\\\/\\\/candas365.es\\\/noticias\\\/muestra-de-artes-plasticas-del-principado-en-aviles\\\/#listItem\",\"position\":3,\"name\":\"Muestra de Artes Pl\\u00e1sticas del Principado, en Avil\\u00e9s\",\"previousItem\":{\"@type\":\"ListItem\",\"@id\":\"https:\\\/\\\/candas365.es\\\/noticias\\\/category\\\/agenda\\\/#listItem\",\"name\":\"Agenda\"}}]},{\"@type\":\"NewsArticle\",\"@id\":\"https:\\\/\\\/candas365.es\\\/noticias\\\/muestra-de-artes-plasticas-del-principado-en-aviles\\\/#newsarticle\",\"name\":\"Muestra de Artes Pl\\u00e1sticas del Principado, en Avil\\u00e9s | Cand\\u00e1s 365\",\"headline\":\"Muestra de Artes Pl\\u00e1sticas del Principado, en Avil\\u00e9s\",\"author\":{\"@id\":\"https:\\\/\\\/candas365.es\\\/noticias\\\/author\\\/admin\\\/#author\"},\"publisher\":{\"@id\":\"https:\\\/\\\/candas365.es\\\/noticias\\\/#organization\"},\"image\":{\"@type\":\"ImageObject\",\"url\":\"https:\\\/\\\/candas365.es\\\/noticias\\\/wp-content\\\/uploads\\\/2014\\\/09\\\/agenda.jpg\",\"width\":500,\"height\":331},\"datePublished\":\"2020-09-03T13:46:34+02:00\",\"dateModified\":\"2020-09-03T13:46:34+02:00\",\"inLanguage\":\"es-ES\",\"mainEntityOfPage\":{\"@id\":\"https:\\\/\\\/candas365.es\\\/noticias\\\/muestra-de-artes-plasticas-del-principado-en-aviles\\\/#webpage\"},\"isPartOf\":{\"@id\":\"https:\\\/\\\/candas365.es\\\/noticias\\\/muestra-de-artes-plasticas-del-principado-en-aviles\\\/#webpage\"},\"articleSection\":\"Agenda\",\"dateline\":\"Publicado el septiembre 3, 2020.\"},{\"@type\":\"Organization\",\"@id\":\"https:\\\/\\\/candas365.es\\\/noticias\\\/#organization\",\"name\":\"Cand\\u00e1s 365\",\"description\":\"Cand\\u00e1s 365 es un diario digital independiente, fundado en 2012, con base en Asturias. Informamos con rigor sobre actualidad, sociedad, cultura y ocio, con una mirada local y global.\",\"url\":\"https:\\\/\\\/candas365.es\\\/noticias\\\/\",\"email\":\"info@candas365.es\",\"telephone\":\"+34652131393\",\"foundingDate\":\"2012-06-10\",\"logo\":{\"@type\":\"ImageObject\",\"url\":\"https:\\\/\\\/candas365.es\\\/noticias\\\/wp-content\\\/uploads\\\/2024\\\/09\\\/Candas-365-Redes.jpg\",\"@id\":\"https:\\\/\\\/candas365.es\\\/noticias\\\/muestra-de-artes-plasticas-del-principado-en-aviles\\\/#organizationLogo\",\"width\":1152,\"height\":864,\"caption\":\"Cand\\u00e1s 365 Redes\"},\"image\":{\"@id\":\"https:\\\/\\\/candas365.es\\\/noticias\\\/muestra-de-artes-plasticas-del-principado-en-aviles\\\/#organizationLogo\"},\"sameAs\":[\"https:\\\/\\\/www.facebook.com\\\/Nachofdezber\",\"https:\\\/\\\/x.com\\\/NabercoDigital\",\"https:\\\/\\\/www.instagram.com\\\/nachofdezber\\\/\",\"https:\\\/\\\/www.youtube.com\\\/channel\\\/UCZP-2wLEB9Rv6erhFmqVnvg\"],\"address\":{\"@id\":\"https:\\\/\\\/candas365.es\\\/noticias\\\/#postaladdress\",\"@type\":\"PostalAddress\",\"streetAddress\":\"san antonio 4, san antonio 4\",\"postalCode\":\"33430\",\"addressLocality\":\"Cand\\u00e1s\",\"addressRegion\":\"Asturias\",\"addressCountry\":\"ES\"}},{\"@type\":\"Person\",\"@id\":\"https:\\\/\\\/candas365.es\\\/noticias\\\/author\\\/admin\\\/#author\",\"url\":\"https:\\\/\\\/candas365.es\\\/noticias\\\/author\\\/admin\\\/\",\"name\":\"Cand\\u00e1s 365\",\"image\":{\"@type\":\"ImageObject\",\"@id\":\"https:\\\/\\\/candas365.es\\\/noticias\\\/muestra-de-artes-plasticas-del-principado-en-aviles\\\/#authorImage\",\"url\":\"https:\\\/\\\/secure.gravatar.com\\\/avatar\\\/496a8e03d0c493ede1718b7934145dbdf8d89be1036b0eec9544e1094c9de390?s=96&d=mm&r=g\",\"width\":96,\"height\":96,\"caption\":\"Cand\\u00e1s 365\"},\"sameAs\":[\"https:\\\/\\\/www.facebook.com\\\/carrenoactualidad\",\"https:\\\/\\\/twitter.com\\\/nbasturias\",\"https:\\\/\\\/www.instagram.com\\\/nachofdezber\\\/\",\"https:\\\/\\\/www.youtube.com\\\/channel\\\/UCZP-2wLEB9Rv6erhFmqVnvg\"]},{\"@type\":\"WebPage\",\"@id\":\"https:\\\/\\\/candas365.es\\\/noticias\\\/muestra-de-artes-plasticas-del-principado-en-aviles\\\/#webpage\",\"url\":\"https:\\\/\\\/candas365.es\\\/noticias\\\/muestra-de-artes-plasticas-del-principado-en-aviles\\\/\",\"name\":\"Muestra de Artes Pl\\u00e1sticas del Principado, en Avil\\u00e9s | Cand\\u00e1s 365\",\"description\":\"La sala de exposiciones de la Casa de Cultura de Avil\\u00e9s acoge desde hoy y hasta el 1 de octubre la 30\\u00aa edici\\u00f3n de la Muestra de Artes Pl\\u00e1sticas del Principado. La muestra, que ser\\u00e1 inaugurada a las 19:30 horas, incluye obras de Elisa Cuesta, ganadora del Premio Asturias Joven de Artes Pl\\u00e1sticas, y de\",\"inLanguage\":\"es-ES\",\"isPartOf\":{\"@id\":\"https:\\\/\\\/candas365.es\\\/noticias\\\/#website\"},\"breadcrumb\":{\"@id\":\"https:\\\/\\\/candas365.es\\\/noticias\\\/muestra-de-artes-plasticas-del-principado-en-aviles\\\/#breadcrumblist\"},\"author\":{\"@id\":\"https:\\\/\\\/candas365.es\\\/noticias\\\/author\\\/admin\\\/#author\"},\"creator\":{\"@id\":\"https:\\\/\\\/candas365.es\\\/noticias\\\/author\\\/admin\\\/#author\"},\"image\":{\"@type\":\"ImageObject\",\"url\":\"https:\\\/\\\/candas365.es\\\/noticias\\\/wp-content\\\/uploads\\\/2014\\\/09\\\/agenda.jpg\",\"@id\":\"https:\\\/\\\/candas365.es\\\/noticias\\\/muestra-de-artes-plasticas-del-principado-en-aviles\\\/#mainImage\",\"width\":500,\"height\":331},\"primaryImageOfPage\":{\"@id\":\"https:\\\/\\\/candas365.es\\\/noticias\\\/muestra-de-artes-plasticas-del-principado-en-aviles\\\/#mainImage\"},\"datePublished\":\"2020-09-03T13:46:34+02:00\",\"dateModified\":\"2020-09-03T13:46:34+02:00\"},{\"@type\":\"WebSite\",\"@id\":\"https:\\\/\\\/candas365.es\\\/noticias\\\/#website\",\"url\":\"https:\\\/\\\/candas365.es\\\/noticias\\\/\",\"name\":\"Cand\\u00e1s 365\",\"alternateName\":\"Cand\\u00e1s 365 Noticias\",\"description\":\"Actualidad desde Carre\\u00f1o para el mundo\",\"inLanguage\":\"es-ES\",\"publisher\":{\"@id\":\"https:\\\/\\\/candas365.es\\\/noticias\\\/#organization\"}}]}\n\t\t<\/script>\n\t\t<!-- All in One SEO Pro -->\r\n\t\t<title>Muestra de Artes Pl\u00e1sticas del Principado, en Avil\u00e9s | Cand\u00e1s 365<\/title>\n\n","aioseo_head_json":{"title":"Muestra de Artes Pl\u00e1sticas del Principado, en Avil\u00e9s | Cand\u00e1s 365","description":"La sala de exposiciones de la Casa de Cultura de Avil\u00e9s acoge desde hoy y hasta el 1 de octubre la 30\u00aa edici\u00f3n de la Muestra de Artes Pl\u00e1sticas del Principado. La muestra, que ser\u00e1 inaugurada a las 19:30 horas, incluye obras de Elisa Cuesta, ganadora del Premio Asturias Joven de Artes Pl\u00e1sticas, y de","canonical_url":"https:\/\/candas365.es\/noticias\/muestra-de-artes-plasticas-del-principado-en-aviles\/","robots":"max-image-preview:large","keywords":"agenda","webmasterTools":{"google-site-verification":"UA-32230408-1","msvalidate.01":"354F3CDFB2DA171B47FBE9ABF1F88D5","miscellaneous":""},"schema":{"@context":"https:\/\/schema.org","@graph":[{"@type":"BreadcrumbList","@id":"https:\/\/candas365.es\/noticias\/muestra-de-artes-plasticas-del-principado-en-aviles\/#breadcrumblist","itemListElement":[{"@type":"ListItem","@id":"https:\/\/candas365.es\/noticias#listItem","position":1,"name":"Home","item":"https:\/\/candas365.es\/noticias","nextItem":{"@type":"ListItem","@id":"https:\/\/candas365.es\/noticias\/category\/agenda\/#listItem","name":"Agenda"}},{"@type":"ListItem","@id":"https:\/\/candas365.es\/noticias\/category\/agenda\/#listItem","position":2,"name":"Agenda","item":"https:\/\/candas365.es\/noticias\/category\/agenda\/","nextItem":{"@type":"ListItem","@id":"https:\/\/candas365.es\/noticias\/muestra-de-artes-plasticas-del-principado-en-aviles\/#listItem","name":"Muestra de Artes Pl\u00e1sticas del Principado, en Avil\u00e9s"},"previousItem":{"@type":"ListItem","@id":"https:\/\/candas365.es\/noticias#listItem","name":"Home"}},{"@type":"ListItem","@id":"https:\/\/candas365.es\/noticias\/muestra-de-artes-plasticas-del-principado-en-aviles\/#listItem","position":3,"name":"Muestra de Artes Pl\u00e1sticas del Principado, en Avil\u00e9s","previousItem":{"@type":"ListItem","@id":"https:\/\/candas365.es\/noticias\/category\/agenda\/#listItem","name":"Agenda"}}]},{"@type":"NewsArticle","@id":"https:\/\/candas365.es\/noticias\/muestra-de-artes-plasticas-del-principado-en-aviles\/#newsarticle","name":"Muestra de Artes Pl\u00e1sticas del Principado, en Avil\u00e9s | Cand\u00e1s 365","headline":"Muestra de Artes Pl\u00e1sticas del Principado, en Avil\u00e9s","author":{"@id":"https:\/\/candas365.es\/noticias\/author\/admin\/#author"},"publisher":{"@id":"https:\/\/candas365.es\/noticias\/#organization"},"image":{"@type":"ImageObject","url":"https:\/\/candas365.es\/noticias\/wp-content\/uploads\/2014\/09\/agenda.jpg","width":500,"height":331},"datePublished":"2020-09-03T13:46:34+02:00","dateModified":"2020-09-03T13:46:34+02:00","inLanguage":"es-ES","mainEntityOfPage":{"@id":"https:\/\/candas365.es\/noticias\/muestra-de-artes-plasticas-del-principado-en-aviles\/#webpage"},"isPartOf":{"@id":"https:\/\/candas365.es\/noticias\/muestra-de-artes-plasticas-del-principado-en-aviles\/#webpage"},"articleSection":"Agenda","dateline":"Publicado el septiembre 3, 2020."},{"@type":"Organization","@id":"https:\/\/candas365.es\/noticias\/#organization","name":"Cand\u00e1s 365","description":"Cand\u00e1s 365 es un diario digital independiente, fundado en 2012, con base en Asturias. Informamos con rigor sobre actualidad, sociedad, cultura y ocio, con una mirada local y global.","url":"https:\/\/candas365.es\/noticias\/","email":"info@candas365.es","telephone":"+34652131393","foundingDate":"2012-06-10","logo":{"@type":"ImageObject","url":"https:\/\/candas365.es\/noticias\/wp-content\/uploads\/2024\/09\/Candas-365-Redes.jpg","@id":"https:\/\/candas365.es\/noticias\/muestra-de-artes-plasticas-del-principado-en-aviles\/#organizationLogo","width":1152,"height":864,"caption":"Cand\u00e1s 365 Redes"},"image":{"@id":"https:\/\/candas365.es\/noticias\/muestra-de-artes-plasticas-del-principado-en-aviles\/#organizationLogo"},"sameAs":["https:\/\/www.facebook.com\/Nachofdezber","https:\/\/x.com\/NabercoDigital","https:\/\/www.instagram.com\/nachofdezber\/","https:\/\/www.youtube.com\/channel\/UCZP-2wLEB9Rv6erhFmqVnvg"],"address":{"@id":"https:\/\/candas365.es\/noticias\/#postaladdress","@type":"PostalAddress","streetAddress":"san antonio 4, san antonio 4","postalCode":"33430","addressLocality":"Cand\u00e1s","addressRegion":"Asturias","addressCountry":"ES"}},{"@type":"Person","@id":"https:\/\/candas365.es\/noticias\/author\/admin\/#author","url":"https:\/\/candas365.es\/noticias\/author\/admin\/","name":"Cand\u00e1s 365","image":{"@type":"ImageObject","@id":"https:\/\/candas365.es\/noticias\/muestra-de-artes-plasticas-del-principado-en-aviles\/#authorImage","url":"https:\/\/secure.gravatar.com\/avatar\/496a8e03d0c493ede1718b7934145dbdf8d89be1036b0eec9544e1094c9de390?s=96&d=mm&r=g","width":96,"height":96,"caption":"Cand\u00e1s 365"},"sameAs":["https:\/\/www.facebook.com\/carrenoactualidad","https:\/\/twitter.com\/nbasturias","https:\/\/www.instagram.com\/nachofdezber\/","https:\/\/www.youtube.com\/channel\/UCZP-2wLEB9Rv6erhFmqVnvg"]},{"@type":"WebPage","@id":"https:\/\/candas365.es\/noticias\/muestra-de-artes-plasticas-del-principado-en-aviles\/#webpage","url":"https:\/\/candas365.es\/noticias\/muestra-de-artes-plasticas-del-principado-en-aviles\/","name":"Muestra de Artes Pl\u00e1sticas del Principado, en Avil\u00e9s | Cand\u00e1s 365","description":"La sala de exposiciones de la Casa de Cultura de Avil\u00e9s acoge desde hoy y hasta el 1 de octubre la 30\u00aa edici\u00f3n de la Muestra de Artes Pl\u00e1sticas del Principado. La muestra, que ser\u00e1 inaugurada a las 19:30 horas, incluye obras de Elisa Cuesta, ganadora del Premio Asturias Joven de Artes Pl\u00e1sticas, y de","inLanguage":"es-ES","isPartOf":{"@id":"https:\/\/candas365.es\/noticias\/#website"},"breadcrumb":{"@id":"https:\/\/candas365.es\/noticias\/muestra-de-artes-plasticas-del-principado-en-aviles\/#breadcrumblist"},"author":{"@id":"https:\/\/candas365.es\/noticias\/author\/admin\/#author"},"creator":{"@id":"https:\/\/candas365.es\/noticias\/author\/admin\/#author"},"image":{"@type":"ImageObject","url":"https:\/\/candas365.es\/noticias\/wp-content\/uploads\/2014\/09\/agenda.jpg","@id":"https:\/\/candas365.es\/noticias\/muestra-de-artes-plasticas-del-principado-en-aviles\/#mainImage","width":500,"height":331},"primaryImageOfPage":{"@id":"https:\/\/candas365.es\/noticias\/muestra-de-artes-plasticas-del-principado-en-aviles\/#mainImage"},"datePublished":"2020-09-03T13:46:34+02:00","dateModified":"2020-09-03T13:46:34+02:00"},{"@type":"WebSite","@id":"https:\/\/candas365.es\/noticias\/#website","url":"https:\/\/candas365.es\/noticias\/","name":"Cand\u00e1s 365","alternateName":"Cand\u00e1s 365 Noticias","description":"Actualidad desde Carre\u00f1o para el mundo","inLanguage":"es-ES","publisher":{"@id":"https:\/\/candas365.es\/noticias\/#organization"}}]},"og:locale":"es_ES","og:site_name":"Cand\u00e1s 365","og:type":"article","og:title":"Muestra de Artes Pl\u00e1sticas del Principado, en Avil\u00e9s | Cand\u00e1s 365","og:description":"La sala de exposiciones de la Casa de Cultura de Avil\u00e9s acoge desde hoy y hasta el 1 de octubre la 30\u00aa edici\u00f3n de la Muestra de Artes Pl\u00e1sticas del Principado. La muestra, que ser\u00e1 inaugurada a las 19:30 horas, incluye obras de Elisa Cuesta, ganadora del Premio Asturias Joven de Artes Pl\u00e1sticas, y de","og:url":"https:\/\/candas365.es\/noticias\/muestra-de-artes-plasticas-del-principado-en-aviles\/","og:image":"https:\/\/candas365.es\/noticias\/wp-content\/uploads\/2014\/09\/agenda.jpg","og:image:secure_url":"https:\/\/candas365.es\/noticias\/wp-content\/uploads\/2014\/09\/agenda.jpg","og:image:width":500,"og:image:height":331,"article:published_time":"2020-09-03T13:46:34+00:00","article:modified_time":"2020-09-03T13:46:34+00:00","article:publisher":"https:\/\/www.facebook.com\/Nachofdezber","article:author":"https:\/\/www.facebook.com\/carrenoactualidad","twitter:card":"summary_large_image","twitter:site":"@NabercoDigital","twitter:title":"Muestra de Artes Pl\u00e1sticas del Principado, en Avil\u00e9s | Cand\u00e1s 365","twitter:description":"La sala de exposiciones de la Casa de Cultura de Avil\u00e9s acoge desde hoy y hasta el 1 de octubre la 30\u00aa edici\u00f3n de la Muestra de Artes Pl\u00e1sticas del Principado. La muestra, que ser\u00e1 inaugurada a las 19:30 horas, incluye obras de Elisa Cuesta, ganadora del Premio Asturias Joven de Artes Pl\u00e1sticas, y de","twitter:creator":"@nbasturias","twitter:image":"https:\/\/candas365.es\/noticias\/wp-content\/uploads\/2014\/09\/agenda.jpg","twitter:label1":"Escrito por","twitter:data1":"Cand\u00e1s 365","twitter:label2":"Tiempo de lectura estimado","twitter:data2":"1 minuto"},"aioseo_meta_data":{"post_id":"146583","title":null,"description":"","keywords":"","keyphrases":null,"primary_term":null,"canonical_url":"","og_title":null,"og_description":null,"og_object_type":"default","og_image_type":"default","og_image_url":null,"og_image_width":null,"og_image_height":null,"og_image_custom_url":null,"og_image_custom_fields":null,"og_video":null,"og_custom_url":null,"og_article_section":null,"og_article_tags":null,"twitter_use_og":false,"twitter_card":"default","twitter_image_type":"default","twitter_image_url":null,"twitter_image_custom_url":null,"twitter_image_custom_fields":null,"twitter_title":null,"twitter_description":null,"schema":{"blockGraphs":[],"customGraphs":[],"default":{"data":{"Article":[],"Course":[],"Dataset":[],"FAQPage":[],"Movie":[],"Person":[],"Product":[],"ProductReview":[],"Car":[],"Recipe":[],"Service":[],"SoftwareApplication":[],"WebPage":[]},"graphName":"","isEnabled":true},"graphs":[],"defaultGraph":"","defaultPostTypeGraph":""},"schema_type":null,"schema_type_options":null,"pillar_content":false,"robots_default":true,"robots_noindex":false,"robots_noarchive":false,"robots_nosnippet":false,"robots_nofollow":false,"robots_noimageindex":false,"robots_noodp":false,"robots_notranslate":false,"robots_max_snippet":null,"robots_max_videopreview":null,"robots_max_imagepreview":"large","priority":null,"frequency":null,"location":null,"local_seo":null,"seo_analyzer_scan_date":"2025-08-31 11:04:10","breadcrumb_settings":null,"limit_modified_date":false,"reviewed_by":null,"open_ai":null,"ai":null,"created":"2020-12-21 10:39:39","updated":"2025-08-31 11:04:10"},"aioseo_breadcrumb":"<div class=\"aioseo-breadcrumbs\"><span class=\"aioseo-breadcrumb\">\n\t<a href=\"https:\/\/candas365.es\/noticias\" title=\"Home\">Home<\/a>\n<\/span><span class=\"aioseo-breadcrumb-separator\">&ndash;<\/span><span class=\"aioseo-breadcrumb\">\n\t<a href=\"https:\/\/candas365.es\/noticias\/category\/agenda\/\" title=\"Agenda\">Agenda<\/a>\n<\/span><span class=\"aioseo-breadcrumb-separator\">&ndash;<\/span><span class=\"aioseo-breadcrumb\">\n\tMuestra de Artes Pl\u00e1sticas del Principado, en Avil\u00e9s\n<\/span><\/div>","aioseo_breadcrumb_json":[{"label":"Home","link":"https:\/\/candas365.es\/noticias"},{"label":"Agenda","link":"https:\/\/candas365.es\/noticias\/category\/agenda\/"},{"label":"Muestra de Artes Pl\u00e1sticas del Principado, en Avil\u00e9s","link":"https:\/\/candas365.es\/noticias\/muestra-de-artes-plasticas-del-principado-en-aviles\/"}],"_links":{"self":[{"href":"https:\/\/candas365.es\/noticias\/wp-json\/wp\/v2\/posts\/146583","targetHints":{"allow":["GET"]}}],"collection":[{"href":"https:\/\/candas365.es\/noticias\/wp-json\/wp\/v2\/posts"}],"about":[{"href":"https:\/\/candas365.es\/noticias\/wp-json\/wp\/v2\/types\/post"}],"author":[{"embeddable":true,"href":"https:\/\/candas365.es\/noticias\/wp-json\/wp\/v2\/users\/1"}],"replies":[{"embeddable":true,"href":"https:\/\/candas365.es\/noticias\/wp-json\/wp\/v2\/comments?post=146583"}],"version-history":[{"count":0,"href":"https:\/\/candas365.es\/noticias\/wp-json\/wp\/v2\/posts\/146583\/revisions"}],"wp:featuredmedia":[{"embeddable":true,"href":"https:\/\/candas365.es\/noticias\/wp-json\/wp\/v2\/media\/270"}],"wp:attachment":[{"href":"https:\/\/candas365.es\/noticias\/wp-json\/wp\/v2\/media?parent=146583"}],"wp:term":[{"taxonomy":"category","embeddable":true,"href":"https:\/\/candas365.es\/noticias\/wp-json\/wp\/v2\/categories?post=146583"},{"taxonomy":"post_tag","embeddable":true,"href":"https:\/\/candas365.es\/noticias\/wp-json\/wp\/v2\/tags?post=146583"}],"curies":[{"name":"wp","href":"https:\/\/api.w.org\/{rel}","templated":true}]}}