{"id":146519,"date":"2020-09-02T10:53:10","date_gmt":"2020-09-02T10:53:10","guid":{"rendered":"http:\/\/candas365.es\/noticias\/?p=146519"},"modified":"2020-09-02T10:53:10","modified_gmt":"2020-09-02T10:53:10","slug":"movilidad-electrica-en-la-flota-municipal-de-carreno","status":"publish","type":"post","link":"https:\/\/candas365.es\/noticias\/movilidad-electrica-en-la-flota-municipal-de-carreno\/","title":{"rendered":"Movilidad el\u00e9ctrica en la flota municipal de Carre\u00f1o"},"content":{"rendered":"<p><img fetchpriority=\"high\" decoding=\"async\" class=\"alignleft size-medium wp-image-146520\" src=\"https:\/\/candas365.es\/noticias\/wp-content\/uploads\/2020\/09\/Movilidad-Carreno-328x300.jpg\" alt=\"\" width=\"328\" height=\"300\" srcset=\"https:\/\/candas365.es\/noticias\/wp-content\/uploads\/2020\/09\/Movilidad-Carreno-328x300.jpg 328w, https:\/\/candas365.es\/noticias\/wp-content\/uploads\/2020\/09\/Movilidad-Carreno-525x480.jpg 525w, https:\/\/candas365.es\/noticias\/wp-content\/uploads\/2020\/09\/Movilidad-Carreno-459x420.jpg 459w, https:\/\/candas365.es\/noticias\/wp-content\/uploads\/2020\/09\/Movilidad-Carreno.jpg 596w\" sizes=\"(max-width: 328px) 100vw, 328px\" \/>El Ayuntamiento de Carre\u00f1o ha mejorado su parque m\u00f3vil con la compra de una furgoneta el\u00e9ctrica para favorecer los desplazamientos por el concejo y el trabajo del personal adscrito a estos servicios municipales.<\/p>\n<p>El acto de recepci\u00f3n y entrega del veh\u00edculo tuvo lugar a principio de semana en Cand\u00e1s. En la misma en representaci\u00f3n del Ayuntamiento, acudi\u00f3 su Alcaldesa, Amelia Fern\u00e1ndez L\u00f3pez, junto con el Concejal responsable del \u00e1rea de Obras, Jos\u00e9 Jes\u00fas Varela, los encargados municipales, El\u00edas Rodr\u00edguez y Jos\u00e9 Luis Gonz\u00e1lez y el gerente de ADICAP que gestiona los fondos LEADER, Fernando Manuel Garc\u00eda.<\/p>\n<p>Tras la presentaci\u00f3n del Proyecto LEADER 2019-2020 \u201cAdquisici\u00f3n de veh\u00edculo y maquinaria para mantenimiento zona rural\u201d a la convocatoria de los Fondos Leader 2019, de la Consejer\u00eda de Desarrollo Rural y Cohesi\u00f3n Territorial, el Ayuntamiento de Carre\u00f1o obtuvo una subvenci\u00f3n plurianual de 32.384,37 \u20ac a tal fin. El proyecto subvencionado contemplaba la adquisici\u00f3n de una serie de maquinaria y herramientas, que facilitasen el mantenimiento, la restauraci\u00f3n y la mejora del patrimonio natural y del paisaje rural del concejo de Carre\u00f1o.<\/p>\n<p>\u201cDe esta forma, al ser una subvenci\u00f3n plurianual, se contempl\u00f3 la compra en el a\u00f1o 2019 de una segadora, mientras que para el a\u00f1o 2020 se hab\u00eda estipulado la adquisici\u00f3n de una furgoneta el\u00e9ctrica con cargo a la concesi\u00f3n de estos fondos. La adquisici\u00f3n de este nuevo veh\u00edculo est\u00e1 financiada al 62 % con cargo a los fondos Leader y el 38 % lo cofinancia el Ayuntamiento de Carre\u00f1o. \u201d explic\u00f3 la Alcaldesa, Amelia Fern\u00e1ndez.<\/p>\n<p>\u201cLa furgoneta Renault Kangoo Z.E Maxi 2 plazas adquirida por el Ayuntamiento dispone de la bater\u00eda Z.E. 33 (33 kWh), asociada a un motor 44 kW de alta eficacia energ\u00e9tica, lo que le permite beneficiarse de una autonom\u00eda de 230 km WLTP, de 120 o 200 km seg\u00fan las condiciones de temperatura, en uso real medido sobre ciclo de reparto (Ciclo de reparto: 45 km\/h de media en zona urbana, peri-urbana y v\u00edas r\u00e1pidas. El cargador de 7 kW permite una recarga completa en 6 horas y una hora es suficiente para recuperar 35 km de autonom\u00eda. Entre sus caracter\u00edsticas destaca la incorporaci\u00f3n de una bomba de calor, asociada a la climatizaci\u00f3n, aportando un confort t\u00e9rmico inigualable sin repercusi\u00f3n sobre la autonom\u00eda. En los pr\u00f3ximos d\u00edas formaremos al personal en el manejo de la misma, tratando de darle el mejor uso y mayor eficiencia posible\u00bb &#8211; a\u00f1adi\u00f3 la regidora.<\/p>\n<p>\u201cEsta furgoneta 100% el\u00e9ctrica viene a sumarse a los dos coches h\u00edbridos de la Polic\u00eda Local, adquiridos el pasado a\u00f1o. Con la adquisici\u00f3n de estos 3 veh\u00edculos damos cumplimiento a dos objetivos, renovar y mejorar el parque m\u00f3vil municipal, y conseguir una eficiencia energ\u00e9tica y beneficios medioambientales\u201d finaliz\u00f3 Fern\u00e1ndez.<\/p>\n<p>&nbsp;<\/p>\n","protected":false},"excerpt":{"rendered":"<p>El Ayuntamiento de Carre\u00f1o ha mejorado su parque m\u00f3vil con la compra de una furgoneta el\u00e9ctrica para favorecer los desplazamientos por el concejo y el trabajo del personal adscrito a estos servicios municipales. El acto de recepci\u00f3n y entrega del veh\u00edculo tuvo lugar a principio de semana en Cand\u00e1s. En la misma en representaci\u00f3n del<\/p>\n","protected":false},"author":1,"featured_media":146520,"comment_status":"closed","ping_status":"closed","sticky":false,"template":"","format":"standard","meta":{"footnotes":""},"categories":[2],"tags":[],"class_list":{"0":"post-146519","1":"post","2":"type-post","3":"status-publish","4":"format-standard","5":"has-post-thumbnail","7":"category-noticias-carreno"},"aioseo_notices":[],"aioseo_head":"\n\t\t<!-- All in One SEO Pro 4.9.6.2 - aioseo.com -->\n\t<meta name=\"description\" content=\"El Ayuntamiento de Carre\u00f1o ha mejorado su parque m\u00f3vil con la compra de una furgoneta el\u00e9ctrica para favorecer los desplazamientos por el concejo y el trabajo del personal adscrito a estos servicios municipales. El acto de recepci\u00f3n y entrega del veh\u00edculo tuvo lugar a principio de semana en Cand\u00e1s. En la misma en representaci\u00f3n del\" \/>\n\t<meta name=\"robots\" content=\"max-image-preview:large\" \/>\n\t<meta name=\"author\" content=\"Cand\u00e1s 365\"\/>\n\t<meta name=\"google-site-verification\" content=\"UA-32230408-1\" \/>\n\t<meta name=\"msvalidate.01\" content=\"354F3CDFB2DA171B47FBE9ABF1F88D5\" \/>\n\t<meta name=\"keywords\" content=\"noticias carre\u00f1o\" \/>\n\t<link rel=\"canonical\" href=\"https:\/\/candas365.es\/noticias\/movilidad-electrica-en-la-flota-municipal-de-carreno\/\" \/>\n\t<meta name=\"generator\" content=\"All in One SEO Pro (AIOSEO) 4.9.6.2\" \/>\n\t\t<meta property=\"og:locale\" content=\"es_ES\" \/>\n\t\t<meta property=\"og:site_name\" content=\"Cand\u00e1s 365\" \/>\n\t\t<meta property=\"og:type\" content=\"article\" \/>\n\t\t<meta property=\"og:title\" content=\"Movilidad el\u00e9ctrica en la flota municipal de Carre\u00f1o | Cand\u00e1s 365\" \/>\n\t\t<meta property=\"og:description\" content=\"El Ayuntamiento de Carre\u00f1o ha mejorado su parque m\u00f3vil con la compra de una furgoneta el\u00e9ctrica para favorecer los desplazamientos por el concejo y el trabajo del personal adscrito a estos servicios municipales. El acto de recepci\u00f3n y entrega del veh\u00edculo tuvo lugar a principio de semana en Cand\u00e1s. En la misma en representaci\u00f3n del\" \/>\n\t\t<meta property=\"og:url\" content=\"https:\/\/candas365.es\/noticias\/movilidad-electrica-en-la-flota-municipal-de-carreno\/\" \/>\n\t\t<meta property=\"og:image\" content=\"https:\/\/candas365.es\/noticias\/wp-content\/uploads\/2020\/09\/Movilidad-Carreno.jpg\" \/>\n\t\t<meta property=\"og:image:secure_url\" content=\"https:\/\/candas365.es\/noticias\/wp-content\/uploads\/2020\/09\/Movilidad-Carreno.jpg\" \/>\n\t\t<meta property=\"og:image:width\" content=\"596\" \/>\n\t\t<meta property=\"og:image:height\" content=\"545\" \/>\n\t\t<meta property=\"article:published_time\" content=\"2020-09-02T10:53:10+00:00\" \/>\n\t\t<meta property=\"article:modified_time\" content=\"2020-09-02T10:53:10+00:00\" \/>\n\t\t<meta property=\"article:publisher\" content=\"https:\/\/www.facebook.com\/Nachofdezber\" \/>\n\t\t<meta property=\"article:author\" content=\"https:\/\/www.facebook.com\/carrenoactualidad\" \/>\n\t\t<meta name=\"twitter:card\" content=\"summary_large_image\" \/>\n\t\t<meta name=\"twitter:site\" content=\"@NabercoDigital\" \/>\n\t\t<meta name=\"twitter:title\" content=\"Movilidad el\u00e9ctrica en la flota municipal de Carre\u00f1o | Cand\u00e1s 365\" \/>\n\t\t<meta name=\"twitter:description\" content=\"El Ayuntamiento de Carre\u00f1o ha mejorado su parque m\u00f3vil con la compra de una furgoneta el\u00e9ctrica para favorecer los desplazamientos por el concejo y el trabajo del personal adscrito a estos servicios municipales. El acto de recepci\u00f3n y entrega del veh\u00edculo tuvo lugar a principio de semana en Cand\u00e1s. En la misma en representaci\u00f3n del\" \/>\n\t\t<meta name=\"twitter:creator\" content=\"@nbasturias\" \/>\n\t\t<meta name=\"twitter:image\" content=\"https:\/\/candas365.es\/noticias\/wp-content\/uploads\/2020\/09\/Movilidad-Carreno.jpg\" \/>\n\t\t<meta name=\"twitter:label1\" content=\"Escrito por\" \/>\n\t\t<meta name=\"twitter:data1\" content=\"Cand\u00e1s 365\" \/>\n\t\t<meta name=\"twitter:label2\" content=\"Tiempo de lectura estimado\" \/>\n\t\t<meta name=\"twitter:data2\" content=\"2 minutos\" \/>\n\t\t<script type=\"application\/ld+json\" class=\"aioseo-schema\">\n\t\t\t{\"@context\":\"https:\\\/\\\/schema.org\",\"@graph\":[{\"@type\":\"BreadcrumbList\",\"@id\":\"https:\\\/\\\/candas365.es\\\/noticias\\\/movilidad-electrica-en-la-flota-municipal-de-carreno\\\/#breadcrumblist\",\"itemListElement\":[{\"@type\":\"ListItem\",\"@id\":\"https:\\\/\\\/candas365.es\\\/noticias#listItem\",\"position\":1,\"name\":\"Home\",\"item\":\"https:\\\/\\\/candas365.es\\\/noticias\",\"nextItem\":{\"@type\":\"ListItem\",\"@id\":\"https:\\\/\\\/candas365.es\\\/noticias\\\/category\\\/noticias-carreno\\\/#listItem\",\"name\":\"Noticias Carre\\u00f1o\"}},{\"@type\":\"ListItem\",\"@id\":\"https:\\\/\\\/candas365.es\\\/noticias\\\/category\\\/noticias-carreno\\\/#listItem\",\"position\":2,\"name\":\"Noticias Carre\\u00f1o\",\"item\":\"https:\\\/\\\/candas365.es\\\/noticias\\\/category\\\/noticias-carreno\\\/\",\"nextItem\":{\"@type\":\"ListItem\",\"@id\":\"https:\\\/\\\/candas365.es\\\/noticias\\\/movilidad-electrica-en-la-flota-municipal-de-carreno\\\/#listItem\",\"name\":\"Movilidad el\\u00e9ctrica en la flota municipal de Carre\\u00f1o\"},\"previousItem\":{\"@type\":\"ListItem\",\"@id\":\"https:\\\/\\\/candas365.es\\\/noticias#listItem\",\"name\":\"Home\"}},{\"@type\":\"ListItem\",\"@id\":\"https:\\\/\\\/candas365.es\\\/noticias\\\/movilidad-electrica-en-la-flota-municipal-de-carreno\\\/#listItem\",\"position\":3,\"name\":\"Movilidad el\\u00e9ctrica en la flota municipal de Carre\\u00f1o\",\"previousItem\":{\"@type\":\"ListItem\",\"@id\":\"https:\\\/\\\/candas365.es\\\/noticias\\\/category\\\/noticias-carreno\\\/#listItem\",\"name\":\"Noticias Carre\\u00f1o\"}}]},{\"@type\":\"NewsArticle\",\"@id\":\"https:\\\/\\\/candas365.es\\\/noticias\\\/movilidad-electrica-en-la-flota-municipal-de-carreno\\\/#newsarticle\",\"name\":\"Movilidad el\\u00e9ctrica en la flota municipal de Carre\\u00f1o | Cand\\u00e1s 365\",\"headline\":\"Movilidad el\\u00e9ctrica en la flota municipal de Carre\\u00f1o\",\"author\":{\"@id\":\"https:\\\/\\\/candas365.es\\\/noticias\\\/author\\\/admin\\\/#author\"},\"publisher\":{\"@id\":\"https:\\\/\\\/candas365.es\\\/noticias\\\/#organization\"},\"image\":{\"@type\":\"ImageObject\",\"url\":\"https:\\\/\\\/candas365.es\\\/noticias\\\/wp-content\\\/uploads\\\/2020\\\/09\\\/Movilidad-Carreno.jpg\",\"width\":596,\"height\":545},\"datePublished\":\"2020-09-02T10:53:10+02:00\",\"dateModified\":\"2020-09-02T10:53:10+02:00\",\"inLanguage\":\"es-ES\",\"mainEntityOfPage\":{\"@id\":\"https:\\\/\\\/candas365.es\\\/noticias\\\/movilidad-electrica-en-la-flota-municipal-de-carreno\\\/#webpage\"},\"isPartOf\":{\"@id\":\"https:\\\/\\\/candas365.es\\\/noticias\\\/movilidad-electrica-en-la-flota-municipal-de-carreno\\\/#webpage\"},\"articleSection\":\"Noticias Carre\\u00f1o\",\"dateline\":\"Publicado el septiembre 2, 2020.\"},{\"@type\":\"Organization\",\"@id\":\"https:\\\/\\\/candas365.es\\\/noticias\\\/#organization\",\"name\":\"Cand\\u00e1s 365\",\"description\":\"Cand\\u00e1s 365 es un diario digital independiente, fundado en 2012, con base en Asturias. Informamos con rigor sobre actualidad, sociedad, cultura y ocio, con una mirada local y global.\",\"url\":\"https:\\\/\\\/candas365.es\\\/noticias\\\/\",\"email\":\"info@candas365.es\",\"telephone\":\"+34652131393\",\"foundingDate\":\"2012-06-10\",\"logo\":{\"@type\":\"ImageObject\",\"url\":\"https:\\\/\\\/candas365.es\\\/noticias\\\/wp-content\\\/uploads\\\/2024\\\/09\\\/Candas-365-Redes.jpg\",\"@id\":\"https:\\\/\\\/candas365.es\\\/noticias\\\/movilidad-electrica-en-la-flota-municipal-de-carreno\\\/#organizationLogo\",\"width\":1152,\"height\":864,\"caption\":\"Cand\\u00e1s 365 Redes\"},\"image\":{\"@id\":\"https:\\\/\\\/candas365.es\\\/noticias\\\/movilidad-electrica-en-la-flota-municipal-de-carreno\\\/#organizationLogo\"},\"sameAs\":[\"https:\\\/\\\/www.facebook.com\\\/Nachofdezber\",\"https:\\\/\\\/x.com\\\/NabercoDigital\",\"https:\\\/\\\/www.instagram.com\\\/nachofdezber\\\/\",\"https:\\\/\\\/www.youtube.com\\\/channel\\\/UCZP-2wLEB9Rv6erhFmqVnvg\"],\"address\":{\"@id\":\"https:\\\/\\\/candas365.es\\\/noticias\\\/#postaladdress\",\"@type\":\"PostalAddress\",\"streetAddress\":\"san antonio 4, san antonio 4\",\"postalCode\":\"33430\",\"addressLocality\":\"Cand\\u00e1s\",\"addressRegion\":\"Asturias\",\"addressCountry\":\"ES\"}},{\"@type\":\"Person\",\"@id\":\"https:\\\/\\\/candas365.es\\\/noticias\\\/author\\\/admin\\\/#author\",\"url\":\"https:\\\/\\\/candas365.es\\\/noticias\\\/author\\\/admin\\\/\",\"name\":\"Cand\\u00e1s 365\",\"image\":{\"@type\":\"ImageObject\",\"@id\":\"https:\\\/\\\/candas365.es\\\/noticias\\\/movilidad-electrica-en-la-flota-municipal-de-carreno\\\/#authorImage\",\"url\":\"https:\\\/\\\/secure.gravatar.com\\\/avatar\\\/496a8e03d0c493ede1718b7934145dbdf8d89be1036b0eec9544e1094c9de390?s=96&d=mm&r=g\",\"width\":96,\"height\":96,\"caption\":\"Cand\\u00e1s 365\"},\"sameAs\":[\"https:\\\/\\\/www.facebook.com\\\/carrenoactualidad\",\"https:\\\/\\\/twitter.com\\\/nbasturias\",\"https:\\\/\\\/www.instagram.com\\\/nachofdezber\\\/\",\"https:\\\/\\\/www.youtube.com\\\/channel\\\/UCZP-2wLEB9Rv6erhFmqVnvg\"]},{\"@type\":\"WebPage\",\"@id\":\"https:\\\/\\\/candas365.es\\\/noticias\\\/movilidad-electrica-en-la-flota-municipal-de-carreno\\\/#webpage\",\"url\":\"https:\\\/\\\/candas365.es\\\/noticias\\\/movilidad-electrica-en-la-flota-municipal-de-carreno\\\/\",\"name\":\"Movilidad el\\u00e9ctrica en la flota municipal de Carre\\u00f1o | Cand\\u00e1s 365\",\"description\":\"El Ayuntamiento de Carre\\u00f1o ha mejorado su parque m\\u00f3vil con la compra de una furgoneta el\\u00e9ctrica para favorecer los desplazamientos por el concejo y el trabajo del personal adscrito a estos servicios municipales. El acto de recepci\\u00f3n y entrega del veh\\u00edculo tuvo lugar a principio de semana en Cand\\u00e1s. En la misma en representaci\\u00f3n del\",\"inLanguage\":\"es-ES\",\"isPartOf\":{\"@id\":\"https:\\\/\\\/candas365.es\\\/noticias\\\/#website\"},\"breadcrumb\":{\"@id\":\"https:\\\/\\\/candas365.es\\\/noticias\\\/movilidad-electrica-en-la-flota-municipal-de-carreno\\\/#breadcrumblist\"},\"author\":{\"@id\":\"https:\\\/\\\/candas365.es\\\/noticias\\\/author\\\/admin\\\/#author\"},\"creator\":{\"@id\":\"https:\\\/\\\/candas365.es\\\/noticias\\\/author\\\/admin\\\/#author\"},\"image\":{\"@type\":\"ImageObject\",\"url\":\"https:\\\/\\\/candas365.es\\\/noticias\\\/wp-content\\\/uploads\\\/2020\\\/09\\\/Movilidad-Carreno.jpg\",\"@id\":\"https:\\\/\\\/candas365.es\\\/noticias\\\/movilidad-electrica-en-la-flota-municipal-de-carreno\\\/#mainImage\",\"width\":596,\"height\":545},\"primaryImageOfPage\":{\"@id\":\"https:\\\/\\\/candas365.es\\\/noticias\\\/movilidad-electrica-en-la-flota-municipal-de-carreno\\\/#mainImage\"},\"datePublished\":\"2020-09-02T10:53:10+02:00\",\"dateModified\":\"2020-09-02T10:53:10+02:00\"},{\"@type\":\"WebSite\",\"@id\":\"https:\\\/\\\/candas365.es\\\/noticias\\\/#website\",\"url\":\"https:\\\/\\\/candas365.es\\\/noticias\\\/\",\"name\":\"Cand\\u00e1s 365\",\"alternateName\":\"Cand\\u00e1s 365 Noticias\",\"description\":\"Actualidad desde Carre\\u00f1o para el mundo\",\"inLanguage\":\"es-ES\",\"publisher\":{\"@id\":\"https:\\\/\\\/candas365.es\\\/noticias\\\/#organization\"}}]}\n\t\t<\/script>\n\t\t<!-- All in One SEO Pro -->\r\n\t\t<title>Movilidad el\u00e9ctrica en la flota municipal de Carre\u00f1o | Cand\u00e1s 365<\/title>\n\n","aioseo_head_json":{"title":"Movilidad el\u00e9ctrica en la flota municipal de Carre\u00f1o | Cand\u00e1s 365","description":"El Ayuntamiento de Carre\u00f1o ha mejorado su parque m\u00f3vil con la compra de una furgoneta el\u00e9ctrica para favorecer los desplazamientos por el concejo y el trabajo del personal adscrito a estos servicios municipales. El acto de recepci\u00f3n y entrega del veh\u00edculo tuvo lugar a principio de semana en Cand\u00e1s. En la misma en representaci\u00f3n del","canonical_url":"https:\/\/candas365.es\/noticias\/movilidad-electrica-en-la-flota-municipal-de-carreno\/","robots":"max-image-preview:large","keywords":"noticias carre\u00f1o","webmasterTools":{"google-site-verification":"UA-32230408-1","msvalidate.01":"354F3CDFB2DA171B47FBE9ABF1F88D5","miscellaneous":""},"schema":{"@context":"https:\/\/schema.org","@graph":[{"@type":"BreadcrumbList","@id":"https:\/\/candas365.es\/noticias\/movilidad-electrica-en-la-flota-municipal-de-carreno\/#breadcrumblist","itemListElement":[{"@type":"ListItem","@id":"https:\/\/candas365.es\/noticias#listItem","position":1,"name":"Home","item":"https:\/\/candas365.es\/noticias","nextItem":{"@type":"ListItem","@id":"https:\/\/candas365.es\/noticias\/category\/noticias-carreno\/#listItem","name":"Noticias Carre\u00f1o"}},{"@type":"ListItem","@id":"https:\/\/candas365.es\/noticias\/category\/noticias-carreno\/#listItem","position":2,"name":"Noticias Carre\u00f1o","item":"https:\/\/candas365.es\/noticias\/category\/noticias-carreno\/","nextItem":{"@type":"ListItem","@id":"https:\/\/candas365.es\/noticias\/movilidad-electrica-en-la-flota-municipal-de-carreno\/#listItem","name":"Movilidad el\u00e9ctrica en la flota municipal de Carre\u00f1o"},"previousItem":{"@type":"ListItem","@id":"https:\/\/candas365.es\/noticias#listItem","name":"Home"}},{"@type":"ListItem","@id":"https:\/\/candas365.es\/noticias\/movilidad-electrica-en-la-flota-municipal-de-carreno\/#listItem","position":3,"name":"Movilidad el\u00e9ctrica en la flota municipal de Carre\u00f1o","previousItem":{"@type":"ListItem","@id":"https:\/\/candas365.es\/noticias\/category\/noticias-carreno\/#listItem","name":"Noticias Carre\u00f1o"}}]},{"@type":"NewsArticle","@id":"https:\/\/candas365.es\/noticias\/movilidad-electrica-en-la-flota-municipal-de-carreno\/#newsarticle","name":"Movilidad el\u00e9ctrica en la flota municipal de Carre\u00f1o | Cand\u00e1s 365","headline":"Movilidad el\u00e9ctrica en la flota municipal de Carre\u00f1o","author":{"@id":"https:\/\/candas365.es\/noticias\/author\/admin\/#author"},"publisher":{"@id":"https:\/\/candas365.es\/noticias\/#organization"},"image":{"@type":"ImageObject","url":"https:\/\/candas365.es\/noticias\/wp-content\/uploads\/2020\/09\/Movilidad-Carreno.jpg","width":596,"height":545},"datePublished":"2020-09-02T10:53:10+02:00","dateModified":"2020-09-02T10:53:10+02:00","inLanguage":"es-ES","mainEntityOfPage":{"@id":"https:\/\/candas365.es\/noticias\/movilidad-electrica-en-la-flota-municipal-de-carreno\/#webpage"},"isPartOf":{"@id":"https:\/\/candas365.es\/noticias\/movilidad-electrica-en-la-flota-municipal-de-carreno\/#webpage"},"articleSection":"Noticias Carre\u00f1o","dateline":"Publicado el septiembre 2, 2020."},{"@type":"Organization","@id":"https:\/\/candas365.es\/noticias\/#organization","name":"Cand\u00e1s 365","description":"Cand\u00e1s 365 es un diario digital independiente, fundado en 2012, con base en Asturias. Informamos con rigor sobre actualidad, sociedad, cultura y ocio, con una mirada local y global.","url":"https:\/\/candas365.es\/noticias\/","email":"info@candas365.es","telephone":"+34652131393","foundingDate":"2012-06-10","logo":{"@type":"ImageObject","url":"https:\/\/candas365.es\/noticias\/wp-content\/uploads\/2024\/09\/Candas-365-Redes.jpg","@id":"https:\/\/candas365.es\/noticias\/movilidad-electrica-en-la-flota-municipal-de-carreno\/#organizationLogo","width":1152,"height":864,"caption":"Cand\u00e1s 365 Redes"},"image":{"@id":"https:\/\/candas365.es\/noticias\/movilidad-electrica-en-la-flota-municipal-de-carreno\/#organizationLogo"},"sameAs":["https:\/\/www.facebook.com\/Nachofdezber","https:\/\/x.com\/NabercoDigital","https:\/\/www.instagram.com\/nachofdezber\/","https:\/\/www.youtube.com\/channel\/UCZP-2wLEB9Rv6erhFmqVnvg"],"address":{"@id":"https:\/\/candas365.es\/noticias\/#postaladdress","@type":"PostalAddress","streetAddress":"san antonio 4, san antonio 4","postalCode":"33430","addressLocality":"Cand\u00e1s","addressRegion":"Asturias","addressCountry":"ES"}},{"@type":"Person","@id":"https:\/\/candas365.es\/noticias\/author\/admin\/#author","url":"https:\/\/candas365.es\/noticias\/author\/admin\/","name":"Cand\u00e1s 365","image":{"@type":"ImageObject","@id":"https:\/\/candas365.es\/noticias\/movilidad-electrica-en-la-flota-municipal-de-carreno\/#authorImage","url":"https:\/\/secure.gravatar.com\/avatar\/496a8e03d0c493ede1718b7934145dbdf8d89be1036b0eec9544e1094c9de390?s=96&d=mm&r=g","width":96,"height":96,"caption":"Cand\u00e1s 365"},"sameAs":["https:\/\/www.facebook.com\/carrenoactualidad","https:\/\/twitter.com\/nbasturias","https:\/\/www.instagram.com\/nachofdezber\/","https:\/\/www.youtube.com\/channel\/UCZP-2wLEB9Rv6erhFmqVnvg"]},{"@type":"WebPage","@id":"https:\/\/candas365.es\/noticias\/movilidad-electrica-en-la-flota-municipal-de-carreno\/#webpage","url":"https:\/\/candas365.es\/noticias\/movilidad-electrica-en-la-flota-municipal-de-carreno\/","name":"Movilidad el\u00e9ctrica en la flota municipal de Carre\u00f1o | Cand\u00e1s 365","description":"El Ayuntamiento de Carre\u00f1o ha mejorado su parque m\u00f3vil con la compra de una furgoneta el\u00e9ctrica para favorecer los desplazamientos por el concejo y el trabajo del personal adscrito a estos servicios municipales. El acto de recepci\u00f3n y entrega del veh\u00edculo tuvo lugar a principio de semana en Cand\u00e1s. En la misma en representaci\u00f3n del","inLanguage":"es-ES","isPartOf":{"@id":"https:\/\/candas365.es\/noticias\/#website"},"breadcrumb":{"@id":"https:\/\/candas365.es\/noticias\/movilidad-electrica-en-la-flota-municipal-de-carreno\/#breadcrumblist"},"author":{"@id":"https:\/\/candas365.es\/noticias\/author\/admin\/#author"},"creator":{"@id":"https:\/\/candas365.es\/noticias\/author\/admin\/#author"},"image":{"@type":"ImageObject","url":"https:\/\/candas365.es\/noticias\/wp-content\/uploads\/2020\/09\/Movilidad-Carreno.jpg","@id":"https:\/\/candas365.es\/noticias\/movilidad-electrica-en-la-flota-municipal-de-carreno\/#mainImage","width":596,"height":545},"primaryImageOfPage":{"@id":"https:\/\/candas365.es\/noticias\/movilidad-electrica-en-la-flota-municipal-de-carreno\/#mainImage"},"datePublished":"2020-09-02T10:53:10+02:00","dateModified":"2020-09-02T10:53:10+02:00"},{"@type":"WebSite","@id":"https:\/\/candas365.es\/noticias\/#website","url":"https:\/\/candas365.es\/noticias\/","name":"Cand\u00e1s 365","alternateName":"Cand\u00e1s 365 Noticias","description":"Actualidad desde Carre\u00f1o para el mundo","inLanguage":"es-ES","publisher":{"@id":"https:\/\/candas365.es\/noticias\/#organization"}}]},"og:locale":"es_ES","og:site_name":"Cand\u00e1s 365","og:type":"article","og:title":"Movilidad el\u00e9ctrica en la flota municipal de Carre\u00f1o | Cand\u00e1s 365","og:description":"El Ayuntamiento de Carre\u00f1o ha mejorado su parque m\u00f3vil con la compra de una furgoneta el\u00e9ctrica para favorecer los desplazamientos por el concejo y el trabajo del personal adscrito a estos servicios municipales. El acto de recepci\u00f3n y entrega del veh\u00edculo tuvo lugar a principio de semana en Cand\u00e1s. En la misma en representaci\u00f3n del","og:url":"https:\/\/candas365.es\/noticias\/movilidad-electrica-en-la-flota-municipal-de-carreno\/","og:image":"https:\/\/candas365.es\/noticias\/wp-content\/uploads\/2020\/09\/Movilidad-Carreno.jpg","og:image:secure_url":"https:\/\/candas365.es\/noticias\/wp-content\/uploads\/2020\/09\/Movilidad-Carreno.jpg","og:image:width":596,"og:image:height":545,"article:published_time":"2020-09-02T10:53:10+00:00","article:modified_time":"2020-09-02T10:53:10+00:00","article:publisher":"https:\/\/www.facebook.com\/Nachofdezber","article:author":"https:\/\/www.facebook.com\/carrenoactualidad","twitter:card":"summary_large_image","twitter:site":"@NabercoDigital","twitter:title":"Movilidad el\u00e9ctrica en la flota municipal de Carre\u00f1o | Cand\u00e1s 365","twitter:description":"El Ayuntamiento de Carre\u00f1o ha mejorado su parque m\u00f3vil con la compra de una furgoneta el\u00e9ctrica para favorecer los desplazamientos por el concejo y el trabajo del personal adscrito a estos servicios municipales. El acto de recepci\u00f3n y entrega del veh\u00edculo tuvo lugar a principio de semana en Cand\u00e1s. En la misma en representaci\u00f3n del","twitter:creator":"@nbasturias","twitter:image":"https:\/\/candas365.es\/noticias\/wp-content\/uploads\/2020\/09\/Movilidad-Carreno.jpg","twitter:label1":"Escrito por","twitter:data1":"Cand\u00e1s 365","twitter:label2":"Tiempo de lectura estimado","twitter:data2":"2 minutos"},"aioseo_meta_data":{"post_id":"146519","title":null,"description":"","keywords":"","keyphrases":null,"primary_term":null,"canonical_url":"","og_title":null,"og_description":null,"og_object_type":"default","og_image_type":"default","og_image_url":null,"og_image_width":null,"og_image_height":null,"og_image_custom_url":null,"og_image_custom_fields":null,"og_video":null,"og_custom_url":null,"og_article_section":null,"og_article_tags":null,"twitter_use_og":false,"twitter_card":"default","twitter_image_type":"default","twitter_image_url":null,"twitter_image_custom_url":null,"twitter_image_custom_fields":null,"twitter_title":null,"twitter_description":null,"schema":{"blockGraphs":[],"customGraphs":[],"default":{"data":{"Article":[],"Course":[],"Dataset":[],"FAQPage":[],"Movie":[],"Person":[],"Product":[],"ProductReview":[],"Car":[],"Recipe":[],"Service":[],"SoftwareApplication":[],"WebPage":[]},"graphName":"","isEnabled":true},"graphs":[],"defaultGraph":"","defaultPostTypeGraph":""},"schema_type":null,"schema_type_options":null,"pillar_content":false,"robots_default":true,"robots_noindex":false,"robots_noarchive":false,"robots_nosnippet":false,"robots_nofollow":false,"robots_noimageindex":false,"robots_noodp":false,"robots_notranslate":false,"robots_max_snippet":null,"robots_max_videopreview":null,"robots_max_imagepreview":"large","priority":null,"frequency":null,"location":null,"local_seo":null,"seo_analyzer_scan_date":"2025-08-31 10:57:16","breadcrumb_settings":null,"limit_modified_date":false,"reviewed_by":null,"open_ai":null,"ai":null,"created":"2020-12-21 10:39:40","updated":"2025-08-31 10:57:16"},"aioseo_breadcrumb":"<div class=\"aioseo-breadcrumbs\"><span class=\"aioseo-breadcrumb\">\n\t<a href=\"https:\/\/candas365.es\/noticias\" title=\"Home\">Home<\/a>\n<\/span><span class=\"aioseo-breadcrumb-separator\">&ndash;<\/span><span class=\"aioseo-breadcrumb\">\n\t<a href=\"https:\/\/candas365.es\/noticias\/category\/noticias-carreno\/\" title=\"Noticias Carre\u00f1o\">Noticias Carre\u00f1o<\/a>\n<\/span><span class=\"aioseo-breadcrumb-separator\">&ndash;<\/span><span class=\"aioseo-breadcrumb\">\n\tMovilidad el\u00e9ctrica en la flota municipal de Carre\u00f1o\n<\/span><\/div>","aioseo_breadcrumb_json":[{"label":"Home","link":"https:\/\/candas365.es\/noticias"},{"label":"Noticias Carre\u00f1o","link":"https:\/\/candas365.es\/noticias\/category\/noticias-carreno\/"},{"label":"Movilidad el\u00e9ctrica en la flota municipal de Carre\u00f1o","link":"https:\/\/candas365.es\/noticias\/movilidad-electrica-en-la-flota-municipal-de-carreno\/"}],"_links":{"self":[{"href":"https:\/\/candas365.es\/noticias\/wp-json\/wp\/v2\/posts\/146519","targetHints":{"allow":["GET"]}}],"collection":[{"href":"https:\/\/candas365.es\/noticias\/wp-json\/wp\/v2\/posts"}],"about":[{"href":"https:\/\/candas365.es\/noticias\/wp-json\/wp\/v2\/types\/post"}],"author":[{"embeddable":true,"href":"https:\/\/candas365.es\/noticias\/wp-json\/wp\/v2\/users\/1"}],"replies":[{"embeddable":true,"href":"https:\/\/candas365.es\/noticias\/wp-json\/wp\/v2\/comments?post=146519"}],"version-history":[{"count":0,"href":"https:\/\/candas365.es\/noticias\/wp-json\/wp\/v2\/posts\/146519\/revisions"}],"wp:featuredmedia":[{"embeddable":true,"href":"https:\/\/candas365.es\/noticias\/wp-json\/wp\/v2\/media\/146520"}],"wp:attachment":[{"href":"https:\/\/candas365.es\/noticias\/wp-json\/wp\/v2\/media?parent=146519"}],"wp:term":[{"taxonomy":"category","embeddable":true,"href":"https:\/\/candas365.es\/noticias\/wp-json\/wp\/v2\/categories?post=146519"},{"taxonomy":"post_tag","embeddable":true,"href":"https:\/\/candas365.es\/noticias\/wp-json\/wp\/v2\/tags?post=146519"}],"curies":[{"name":"wp","href":"https:\/\/api.w.org\/{rel}","templated":true}]}}