{"id":146477,"date":"2020-08-31T13:48:54","date_gmt":"2020-08-31T13:48:54","guid":{"rendered":"http:\/\/candas365.es\/noticias\/?p=146477"},"modified":"2020-08-31T13:48:54","modified_gmt":"2020-08-31T13:48:54","slug":"arturo-vidal-el-adn-del-barca-esta-quedando-atras","status":"publish","type":"post","link":"https:\/\/candas365.es\/noticias\/arturo-vidal-el-adn-del-barca-esta-quedando-atras\/","title":{"rendered":"Arturo Vidal: \u00abEl ADN del Bar\u00e7a est\u00e1 quedando atr\u00e1s\u00bb"},"content":{"rendered":"<p><img fetchpriority=\"high\" decoding=\"async\" class=\"alignleft size-medium wp-image-98026\" src=\"https:\/\/candas365.es\/noticias\/wp-content\/uploads\/2018\/06\/football-1406106_960_720-1-360x241.jpg\" alt=\"\" width=\"360\" height=\"241\" srcset=\"https:\/\/candas365.es\/noticias\/wp-content\/uploads\/2018\/06\/football-1406106_960_720-1-360x241.jpg 360w, https:\/\/candas365.es\/noticias\/wp-content\/uploads\/2018\/06\/football-1406106_960_720-1-768x514.jpg 768w, https:\/\/candas365.es\/noticias\/wp-content\/uploads\/2018\/06\/football-1406106_960_720-1-655x439.jpg 655w, https:\/\/candas365.es\/noticias\/wp-content\/uploads\/2018\/06\/football-1406106_960_720-1-696x466.jpg 696w, https:\/\/candas365.es\/noticias\/wp-content\/uploads\/2018\/06\/football-1406106_960_720-1-627x420.jpg 627w, https:\/\/candas365.es\/noticias\/wp-content\/uploads\/2018\/06\/football-1406106_960_720-1.jpg 960w\" sizes=\"(max-width: 360px) 100vw, 360px\" \/>(Europa Press) &#8211;\u00a0El centrocampista del FC Barcelona Arturo Vidal se mostr\u00f3 cr\u00edtico con el club y se\u00f1al\u00f3 a la directiva, no solo a los jugadores, como culpables de los \u00faltimos palos, al tiempo que dijo que el \u00abADN del Bar\u00e7a est\u00e1 quedando atr\u00e1s\u00bb y que si le llama la Juventus estar\u00eda \u00abfeliz\u00bb, aunque \u00abtranquilo\u00bb con su futuro\u00bb<\/p>\n<p>\u00abFue muy doloroso no estar en la final y c\u00f3mo se dio. Antes del partido ten\u00eda mucha fe de lo que pod\u00eda pasar; pero a la larga, aunque uno quiera ocultar cosas, el equipo no ven\u00eda muy bien en el \u00faltimo tiempo\u00bb, dijo este domingo en una entrevista para el medio chileno &#8216;La Tercera&#8217;.<\/p>\n<p>Vidal repas\u00f3 la crisis azulgrana y se\u00f1al\u00f3 a los dirigentes. \u00abClaramente esto no es solo de jugadores, sino que es algo mucho m\u00e1s grande de que las cosas no se est\u00e1n haciendo bien. El club tiene que mejorar y hacerlo de la mejor forma. Pero no es f\u00e1cil, no es llegar y sacar a los m\u00e1s grandes y las cosas van a cambiar\u00bb, dijo, antes de valorar la necesidad de un cambio de filosof\u00eda.<\/p>\n<p>\u00abEl Barcelona primero tiene que cambiar su forma de pensar, de que el f\u00fatbol ha evolucionado mucho, ya el ADN est\u00e1 quedando atr\u00e1s y los otros equipos est\u00e1n mejorando en otros aspectos; el f\u00fatbol en estos momentos es m\u00e1s f\u00edsico, de m\u00e1s fuerza y velocidad, y la t\u00e9cnica a veces pasa a un segundo plano\u00bb, opin\u00f3.<\/p>\n<p>\u00abUn equipo, que yo pienso es el mejor del mundo, no puede tener 13 jugadores profesionales y los dem\u00e1s sean menores. No porque (los juveniles) no merezcan estar ah\u00ed, pero en este equipo tienen que estar compitiendo por qui\u00e9n es mejor y qui\u00e9n tiene que jugar. Hay muy buenos jugadores, tenemos a Messi que es el n\u00famero uno y es un extraterrestre, pero \u00e9l necesita ayuda, necesita jugadores que mejoren el equipo y den mejores resultados\u00bb, a\u00f1adi\u00f3.<\/p>\n<p>Por otro lado, Vidal habl\u00f3 de su futuro, atra\u00eddo por la presencia de Pirlo en el banquillo de la Juventus. \u00abEra incre\u00edble cuando jugaba, imag\u00ednatelo como entrenador. Si me llama \u00e9l o la Juventus, yo feliz, pero uno tiene que estar tranquilo. Si pasa, pasa. Le tengo mucho cari\u00f1o a la Juventus y a Andrea\u00bb, confes\u00f3.<\/p>\n","protected":false},"excerpt":{"rendered":"<p>(Europa Press) &#8211;\u00a0El centrocampista del FC Barcelona Arturo Vidal se mostr\u00f3 cr\u00edtico con el club y se\u00f1al\u00f3 a la directiva, no solo a los jugadores, como culpables de los \u00faltimos palos, al tiempo que dijo que el \u00abADN del Bar\u00e7a est\u00e1 quedando atr\u00e1s\u00bb y que si le llama la Juventus estar\u00eda \u00abfeliz\u00bb, aunque \u00abtranquilo\u00bb con<\/p>\n","protected":false},"author":1,"featured_media":98026,"comment_status":"closed","ping_status":"closed","sticky":false,"template":"","format":"standard","meta":{"footnotes":""},"categories":[319],"tags":[],"class_list":{"0":"post-146477","1":"post","2":"type-post","3":"status-publish","4":"format-standard","5":"has-post-thumbnail","7":"category-deporte"},"aioseo_notices":[],"aioseo_head":"\n\t\t<!-- All in One SEO Pro 4.9.6.2 - aioseo.com -->\n\t<meta name=\"description\" content=\"(Europa Press) - El centrocampista del FC Barcelona Arturo Vidal se mostr\u00f3 cr\u00edtico con el club y se\u00f1al\u00f3 a la directiva, no solo a los jugadores, como culpables de los \u00faltimos palos, al tiempo que dijo que el &quot;ADN del Bar\u00e7a est\u00e1 quedando atr\u00e1s&quot; y que si le llama la Juventus estar\u00eda &quot;feliz&quot;, aunque &quot;tranquilo&quot; con\" \/>\n\t<meta name=\"robots\" content=\"max-image-preview:large\" \/>\n\t<meta name=\"author\" content=\"Cand\u00e1s 365\"\/>\n\t<meta name=\"google-site-verification\" content=\"UA-32230408-1\" \/>\n\t<meta name=\"msvalidate.01\" content=\"354F3CDFB2DA171B47FBE9ABF1F88D5\" \/>\n\t<meta name=\"keywords\" content=\"deporte\" \/>\n\t<link rel=\"canonical\" href=\"https:\/\/candas365.es\/noticias\/arturo-vidal-el-adn-del-barca-esta-quedando-atras\/\" \/>\n\t<meta name=\"generator\" content=\"All in One SEO Pro (AIOSEO) 4.9.6.2\" \/>\n\t\t<meta property=\"og:locale\" content=\"es_ES\" \/>\n\t\t<meta property=\"og:site_name\" content=\"Cand\u00e1s 365\" \/>\n\t\t<meta property=\"og:type\" content=\"article\" \/>\n\t\t<meta property=\"og:title\" content=\"Arturo Vidal: \u00abEl ADN del Bar\u00e7a est\u00e1 quedando atr\u00e1s\u00bb | Cand\u00e1s 365\" \/>\n\t\t<meta property=\"og:description\" content=\"(Europa Press) - El centrocampista del FC Barcelona Arturo Vidal se mostr\u00f3 cr\u00edtico con el club y se\u00f1al\u00f3 a la directiva, no solo a los jugadores, como culpables de los \u00faltimos palos, al tiempo que dijo que el &quot;ADN del Bar\u00e7a est\u00e1 quedando atr\u00e1s&quot; y que si le llama la Juventus estar\u00eda &quot;feliz&quot;, aunque &quot;tranquilo&quot; con\" \/>\n\t\t<meta property=\"og:url\" content=\"https:\/\/candas365.es\/noticias\/arturo-vidal-el-adn-del-barca-esta-quedando-atras\/\" \/>\n\t\t<meta property=\"og:image\" content=\"https:\/\/candas365.es\/noticias\/wp-content\/uploads\/2018\/06\/football-1406106_960_720-1.jpg\" \/>\n\t\t<meta property=\"og:image:secure_url\" content=\"https:\/\/candas365.es\/noticias\/wp-content\/uploads\/2018\/06\/football-1406106_960_720-1.jpg\" \/>\n\t\t<meta property=\"og:image:width\" content=\"960\" \/>\n\t\t<meta property=\"og:image:height\" content=\"643\" \/>\n\t\t<meta property=\"article:published_time\" content=\"2020-08-31T13:48:54+00:00\" \/>\n\t\t<meta property=\"article:modified_time\" content=\"2020-08-31T13:48:54+00:00\" \/>\n\t\t<meta property=\"article:publisher\" content=\"https:\/\/www.facebook.com\/Nachofdezber\" \/>\n\t\t<meta property=\"article:author\" content=\"https:\/\/www.facebook.com\/carrenoactualidad\" \/>\n\t\t<meta name=\"twitter:card\" content=\"summary_large_image\" \/>\n\t\t<meta name=\"twitter:site\" content=\"@NabercoDigital\" \/>\n\t\t<meta name=\"twitter:title\" content=\"Arturo Vidal: \u00abEl ADN del Bar\u00e7a est\u00e1 quedando atr\u00e1s\u00bb | Cand\u00e1s 365\" \/>\n\t\t<meta name=\"twitter:description\" content=\"(Europa Press) - El centrocampista del FC Barcelona Arturo Vidal se mostr\u00f3 cr\u00edtico con el club y se\u00f1al\u00f3 a la directiva, no solo a los jugadores, como culpables de los \u00faltimos palos, al tiempo que dijo que el &quot;ADN del Bar\u00e7a est\u00e1 quedando atr\u00e1s&quot; y que si le llama la Juventus estar\u00eda &quot;feliz&quot;, aunque &quot;tranquilo&quot; con\" \/>\n\t\t<meta name=\"twitter:creator\" content=\"@nbasturias\" \/>\n\t\t<meta name=\"twitter:image\" content=\"https:\/\/candas365.es\/noticias\/wp-content\/uploads\/2018\/06\/football-1406106_960_720-1.jpg\" \/>\n\t\t<meta name=\"twitter:label1\" content=\"Escrito por\" \/>\n\t\t<meta name=\"twitter:data1\" content=\"Cand\u00e1s 365\" \/>\n\t\t<meta name=\"twitter:label2\" content=\"Tiempo de lectura estimado\" \/>\n\t\t<meta name=\"twitter:data2\" content=\"2 minutos\" \/>\n\t\t<script type=\"application\/ld+json\" class=\"aioseo-schema\">\n\t\t\t{\"@context\":\"https:\\\/\\\/schema.org\",\"@graph\":[{\"@type\":\"BreadcrumbList\",\"@id\":\"https:\\\/\\\/candas365.es\\\/noticias\\\/arturo-vidal-el-adn-del-barca-esta-quedando-atras\\\/#breadcrumblist\",\"itemListElement\":[{\"@type\":\"ListItem\",\"@id\":\"https:\\\/\\\/candas365.es\\\/noticias#listItem\",\"position\":1,\"name\":\"Home\",\"item\":\"https:\\\/\\\/candas365.es\\\/noticias\",\"nextItem\":{\"@type\":\"ListItem\",\"@id\":\"https:\\\/\\\/candas365.es\\\/noticias\\\/category\\\/deporte\\\/#listItem\",\"name\":\"Deporte\"}},{\"@type\":\"ListItem\",\"@id\":\"https:\\\/\\\/candas365.es\\\/noticias\\\/category\\\/deporte\\\/#listItem\",\"position\":2,\"name\":\"Deporte\",\"item\":\"https:\\\/\\\/candas365.es\\\/noticias\\\/category\\\/deporte\\\/\",\"nextItem\":{\"@type\":\"ListItem\",\"@id\":\"https:\\\/\\\/candas365.es\\\/noticias\\\/arturo-vidal-el-adn-del-barca-esta-quedando-atras\\\/#listItem\",\"name\":\"Arturo Vidal: \\u00abEl ADN del Bar\\u00e7a est\\u00e1 quedando atr\\u00e1s\\u00bb\"},\"previousItem\":{\"@type\":\"ListItem\",\"@id\":\"https:\\\/\\\/candas365.es\\\/noticias#listItem\",\"name\":\"Home\"}},{\"@type\":\"ListItem\",\"@id\":\"https:\\\/\\\/candas365.es\\\/noticias\\\/arturo-vidal-el-adn-del-barca-esta-quedando-atras\\\/#listItem\",\"position\":3,\"name\":\"Arturo Vidal: \\u00abEl ADN del Bar\\u00e7a est\\u00e1 quedando atr\\u00e1s\\u00bb\",\"previousItem\":{\"@type\":\"ListItem\",\"@id\":\"https:\\\/\\\/candas365.es\\\/noticias\\\/category\\\/deporte\\\/#listItem\",\"name\":\"Deporte\"}}]},{\"@type\":\"NewsArticle\",\"@id\":\"https:\\\/\\\/candas365.es\\\/noticias\\\/arturo-vidal-el-adn-del-barca-esta-quedando-atras\\\/#newsarticle\",\"name\":\"Arturo Vidal: \\u00abEl ADN del Bar\\u00e7a est\\u00e1 quedando atr\\u00e1s\\u00bb | Cand\\u00e1s 365\",\"headline\":\"Arturo Vidal: \\u00abEl ADN del Bar\\u00e7a est\\u00e1 quedando atr\\u00e1s\\u00bb\",\"author\":{\"@id\":\"https:\\\/\\\/candas365.es\\\/noticias\\\/author\\\/admin\\\/#author\"},\"publisher\":{\"@id\":\"https:\\\/\\\/candas365.es\\\/noticias\\\/#organization\"},\"image\":{\"@type\":\"ImageObject\",\"url\":\"https:\\\/\\\/candas365.es\\\/noticias\\\/wp-content\\\/uploads\\\/2018\\\/06\\\/football-1406106_960_720-1.jpg\",\"width\":960,\"height\":643},\"datePublished\":\"2020-08-31T13:48:54+02:00\",\"dateModified\":\"2020-08-31T13:48:54+02:00\",\"inLanguage\":\"es-ES\",\"mainEntityOfPage\":{\"@id\":\"https:\\\/\\\/candas365.es\\\/noticias\\\/arturo-vidal-el-adn-del-barca-esta-quedando-atras\\\/#webpage\"},\"isPartOf\":{\"@id\":\"https:\\\/\\\/candas365.es\\\/noticias\\\/arturo-vidal-el-adn-del-barca-esta-quedando-atras\\\/#webpage\"},\"articleSection\":\"Deporte\",\"dateline\":\"Publicado el agosto 31, 2020.\"},{\"@type\":\"Organization\",\"@id\":\"https:\\\/\\\/candas365.es\\\/noticias\\\/#organization\",\"name\":\"Cand\\u00e1s 365\",\"description\":\"Cand\\u00e1s 365 es un diario digital independiente, fundado en 2012, con base en Asturias. Informamos con rigor sobre actualidad, sociedad, cultura y ocio, con una mirada local y global.\",\"url\":\"https:\\\/\\\/candas365.es\\\/noticias\\\/\",\"email\":\"info@candas365.es\",\"telephone\":\"+34652131393\",\"foundingDate\":\"2012-06-10\",\"logo\":{\"@type\":\"ImageObject\",\"url\":\"https:\\\/\\\/candas365.es\\\/noticias\\\/wp-content\\\/uploads\\\/2024\\\/09\\\/Candas-365-Redes.jpg\",\"@id\":\"https:\\\/\\\/candas365.es\\\/noticias\\\/arturo-vidal-el-adn-del-barca-esta-quedando-atras\\\/#organizationLogo\",\"width\":1152,\"height\":864,\"caption\":\"Cand\\u00e1s 365 Redes\"},\"image\":{\"@id\":\"https:\\\/\\\/candas365.es\\\/noticias\\\/arturo-vidal-el-adn-del-barca-esta-quedando-atras\\\/#organizationLogo\"},\"sameAs\":[\"https:\\\/\\\/www.facebook.com\\\/Nachofdezber\",\"https:\\\/\\\/x.com\\\/NabercoDigital\",\"https:\\\/\\\/www.instagram.com\\\/nachofdezber\\\/\",\"https:\\\/\\\/www.youtube.com\\\/channel\\\/UCZP-2wLEB9Rv6erhFmqVnvg\"],\"address\":{\"@id\":\"https:\\\/\\\/candas365.es\\\/noticias\\\/#postaladdress\",\"@type\":\"PostalAddress\",\"streetAddress\":\"san antonio 4, san antonio 4\",\"postalCode\":\"33430\",\"addressLocality\":\"Cand\\u00e1s\",\"addressRegion\":\"Asturias\",\"addressCountry\":\"ES\"}},{\"@type\":\"Person\",\"@id\":\"https:\\\/\\\/candas365.es\\\/noticias\\\/author\\\/admin\\\/#author\",\"url\":\"https:\\\/\\\/candas365.es\\\/noticias\\\/author\\\/admin\\\/\",\"name\":\"Cand\\u00e1s 365\",\"image\":{\"@type\":\"ImageObject\",\"@id\":\"https:\\\/\\\/candas365.es\\\/noticias\\\/arturo-vidal-el-adn-del-barca-esta-quedando-atras\\\/#authorImage\",\"url\":\"https:\\\/\\\/secure.gravatar.com\\\/avatar\\\/496a8e03d0c493ede1718b7934145dbdf8d89be1036b0eec9544e1094c9de390?s=96&d=mm&r=g\",\"width\":96,\"height\":96,\"caption\":\"Cand\\u00e1s 365\"},\"sameAs\":[\"https:\\\/\\\/www.facebook.com\\\/carrenoactualidad\",\"https:\\\/\\\/twitter.com\\\/nbasturias\",\"https:\\\/\\\/www.instagram.com\\\/nachofdezber\\\/\",\"https:\\\/\\\/www.youtube.com\\\/channel\\\/UCZP-2wLEB9Rv6erhFmqVnvg\"]},{\"@type\":\"WebPage\",\"@id\":\"https:\\\/\\\/candas365.es\\\/noticias\\\/arturo-vidal-el-adn-del-barca-esta-quedando-atras\\\/#webpage\",\"url\":\"https:\\\/\\\/candas365.es\\\/noticias\\\/arturo-vidal-el-adn-del-barca-esta-quedando-atras\\\/\",\"name\":\"Arturo Vidal: \\u00abEl ADN del Bar\\u00e7a est\\u00e1 quedando atr\\u00e1s\\u00bb | Cand\\u00e1s 365\",\"description\":\"(Europa Press) - El centrocampista del FC Barcelona Arturo Vidal se mostr\\u00f3 cr\\u00edtico con el club y se\\u00f1al\\u00f3 a la directiva, no solo a los jugadores, como culpables de los \\u00faltimos palos, al tiempo que dijo que el \\\"ADN del Bar\\u00e7a est\\u00e1 quedando atr\\u00e1s\\\" y que si le llama la Juventus estar\\u00eda \\\"feliz\\\", aunque \\\"tranquilo\\\" con\",\"inLanguage\":\"es-ES\",\"isPartOf\":{\"@id\":\"https:\\\/\\\/candas365.es\\\/noticias\\\/#website\"},\"breadcrumb\":{\"@id\":\"https:\\\/\\\/candas365.es\\\/noticias\\\/arturo-vidal-el-adn-del-barca-esta-quedando-atras\\\/#breadcrumblist\"},\"author\":{\"@id\":\"https:\\\/\\\/candas365.es\\\/noticias\\\/author\\\/admin\\\/#author\"},\"creator\":{\"@id\":\"https:\\\/\\\/candas365.es\\\/noticias\\\/author\\\/admin\\\/#author\"},\"image\":{\"@type\":\"ImageObject\",\"url\":\"https:\\\/\\\/candas365.es\\\/noticias\\\/wp-content\\\/uploads\\\/2018\\\/06\\\/football-1406106_960_720-1.jpg\",\"@id\":\"https:\\\/\\\/candas365.es\\\/noticias\\\/arturo-vidal-el-adn-del-barca-esta-quedando-atras\\\/#mainImage\",\"width\":960,\"height\":643},\"primaryImageOfPage\":{\"@id\":\"https:\\\/\\\/candas365.es\\\/noticias\\\/arturo-vidal-el-adn-del-barca-esta-quedando-atras\\\/#mainImage\"},\"datePublished\":\"2020-08-31T13:48:54+02:00\",\"dateModified\":\"2020-08-31T13:48:54+02:00\"},{\"@type\":\"WebSite\",\"@id\":\"https:\\\/\\\/candas365.es\\\/noticias\\\/#website\",\"url\":\"https:\\\/\\\/candas365.es\\\/noticias\\\/\",\"name\":\"Cand\\u00e1s 365\",\"alternateName\":\"Cand\\u00e1s 365 Noticias\",\"description\":\"Actualidad desde Carre\\u00f1o para el mundo\",\"inLanguage\":\"es-ES\",\"publisher\":{\"@id\":\"https:\\\/\\\/candas365.es\\\/noticias\\\/#organization\"}}]}\n\t\t<\/script>\n\t\t<!-- All in One SEO Pro -->\r\n\t\t<title>Arturo Vidal: \u00abEl ADN del Bar\u00e7a est\u00e1 quedando atr\u00e1s\u00bb | Cand\u00e1s 365<\/title>\n\n","aioseo_head_json":{"title":"Arturo Vidal: \u00abEl ADN del Bar\u00e7a est\u00e1 quedando atr\u00e1s\u00bb | Cand\u00e1s 365","description":"(Europa Press) - El centrocampista del FC Barcelona Arturo Vidal se mostr\u00f3 cr\u00edtico con el club y se\u00f1al\u00f3 a la directiva, no solo a los jugadores, como culpables de los \u00faltimos palos, al tiempo que dijo que el \"ADN del Bar\u00e7a est\u00e1 quedando atr\u00e1s\" y que si le llama la Juventus estar\u00eda \"feliz\", aunque \"tranquilo\" con","canonical_url":"https:\/\/candas365.es\/noticias\/arturo-vidal-el-adn-del-barca-esta-quedando-atras\/","robots":"max-image-preview:large","keywords":"deporte","webmasterTools":{"google-site-verification":"UA-32230408-1","msvalidate.01":"354F3CDFB2DA171B47FBE9ABF1F88D5","miscellaneous":""},"schema":{"@context":"https:\/\/schema.org","@graph":[{"@type":"BreadcrumbList","@id":"https:\/\/candas365.es\/noticias\/arturo-vidal-el-adn-del-barca-esta-quedando-atras\/#breadcrumblist","itemListElement":[{"@type":"ListItem","@id":"https:\/\/candas365.es\/noticias#listItem","position":1,"name":"Home","item":"https:\/\/candas365.es\/noticias","nextItem":{"@type":"ListItem","@id":"https:\/\/candas365.es\/noticias\/category\/deporte\/#listItem","name":"Deporte"}},{"@type":"ListItem","@id":"https:\/\/candas365.es\/noticias\/category\/deporte\/#listItem","position":2,"name":"Deporte","item":"https:\/\/candas365.es\/noticias\/category\/deporte\/","nextItem":{"@type":"ListItem","@id":"https:\/\/candas365.es\/noticias\/arturo-vidal-el-adn-del-barca-esta-quedando-atras\/#listItem","name":"Arturo Vidal: \u00abEl ADN del Bar\u00e7a est\u00e1 quedando atr\u00e1s\u00bb"},"previousItem":{"@type":"ListItem","@id":"https:\/\/candas365.es\/noticias#listItem","name":"Home"}},{"@type":"ListItem","@id":"https:\/\/candas365.es\/noticias\/arturo-vidal-el-adn-del-barca-esta-quedando-atras\/#listItem","position":3,"name":"Arturo Vidal: \u00abEl ADN del Bar\u00e7a est\u00e1 quedando atr\u00e1s\u00bb","previousItem":{"@type":"ListItem","@id":"https:\/\/candas365.es\/noticias\/category\/deporte\/#listItem","name":"Deporte"}}]},{"@type":"NewsArticle","@id":"https:\/\/candas365.es\/noticias\/arturo-vidal-el-adn-del-barca-esta-quedando-atras\/#newsarticle","name":"Arturo Vidal: \u00abEl ADN del Bar\u00e7a est\u00e1 quedando atr\u00e1s\u00bb | Cand\u00e1s 365","headline":"Arturo Vidal: \u00abEl ADN del Bar\u00e7a est\u00e1 quedando atr\u00e1s\u00bb","author":{"@id":"https:\/\/candas365.es\/noticias\/author\/admin\/#author"},"publisher":{"@id":"https:\/\/candas365.es\/noticias\/#organization"},"image":{"@type":"ImageObject","url":"https:\/\/candas365.es\/noticias\/wp-content\/uploads\/2018\/06\/football-1406106_960_720-1.jpg","width":960,"height":643},"datePublished":"2020-08-31T13:48:54+02:00","dateModified":"2020-08-31T13:48:54+02:00","inLanguage":"es-ES","mainEntityOfPage":{"@id":"https:\/\/candas365.es\/noticias\/arturo-vidal-el-adn-del-barca-esta-quedando-atras\/#webpage"},"isPartOf":{"@id":"https:\/\/candas365.es\/noticias\/arturo-vidal-el-adn-del-barca-esta-quedando-atras\/#webpage"},"articleSection":"Deporte","dateline":"Publicado el agosto 31, 2020."},{"@type":"Organization","@id":"https:\/\/candas365.es\/noticias\/#organization","name":"Cand\u00e1s 365","description":"Cand\u00e1s 365 es un diario digital independiente, fundado en 2012, con base en Asturias. Informamos con rigor sobre actualidad, sociedad, cultura y ocio, con una mirada local y global.","url":"https:\/\/candas365.es\/noticias\/","email":"info@candas365.es","telephone":"+34652131393","foundingDate":"2012-06-10","logo":{"@type":"ImageObject","url":"https:\/\/candas365.es\/noticias\/wp-content\/uploads\/2024\/09\/Candas-365-Redes.jpg","@id":"https:\/\/candas365.es\/noticias\/arturo-vidal-el-adn-del-barca-esta-quedando-atras\/#organizationLogo","width":1152,"height":864,"caption":"Cand\u00e1s 365 Redes"},"image":{"@id":"https:\/\/candas365.es\/noticias\/arturo-vidal-el-adn-del-barca-esta-quedando-atras\/#organizationLogo"},"sameAs":["https:\/\/www.facebook.com\/Nachofdezber","https:\/\/x.com\/NabercoDigital","https:\/\/www.instagram.com\/nachofdezber\/","https:\/\/www.youtube.com\/channel\/UCZP-2wLEB9Rv6erhFmqVnvg"],"address":{"@id":"https:\/\/candas365.es\/noticias\/#postaladdress","@type":"PostalAddress","streetAddress":"san antonio 4, san antonio 4","postalCode":"33430","addressLocality":"Cand\u00e1s","addressRegion":"Asturias","addressCountry":"ES"}},{"@type":"Person","@id":"https:\/\/candas365.es\/noticias\/author\/admin\/#author","url":"https:\/\/candas365.es\/noticias\/author\/admin\/","name":"Cand\u00e1s 365","image":{"@type":"ImageObject","@id":"https:\/\/candas365.es\/noticias\/arturo-vidal-el-adn-del-barca-esta-quedando-atras\/#authorImage","url":"https:\/\/secure.gravatar.com\/avatar\/496a8e03d0c493ede1718b7934145dbdf8d89be1036b0eec9544e1094c9de390?s=96&d=mm&r=g","width":96,"height":96,"caption":"Cand\u00e1s 365"},"sameAs":["https:\/\/www.facebook.com\/carrenoactualidad","https:\/\/twitter.com\/nbasturias","https:\/\/www.instagram.com\/nachofdezber\/","https:\/\/www.youtube.com\/channel\/UCZP-2wLEB9Rv6erhFmqVnvg"]},{"@type":"WebPage","@id":"https:\/\/candas365.es\/noticias\/arturo-vidal-el-adn-del-barca-esta-quedando-atras\/#webpage","url":"https:\/\/candas365.es\/noticias\/arturo-vidal-el-adn-del-barca-esta-quedando-atras\/","name":"Arturo Vidal: \u00abEl ADN del Bar\u00e7a est\u00e1 quedando atr\u00e1s\u00bb | Cand\u00e1s 365","description":"(Europa Press) - El centrocampista del FC Barcelona Arturo Vidal se mostr\u00f3 cr\u00edtico con el club y se\u00f1al\u00f3 a la directiva, no solo a los jugadores, como culpables de los \u00faltimos palos, al tiempo que dijo que el \"ADN del Bar\u00e7a est\u00e1 quedando atr\u00e1s\" y que si le llama la Juventus estar\u00eda \"feliz\", aunque \"tranquilo\" con","inLanguage":"es-ES","isPartOf":{"@id":"https:\/\/candas365.es\/noticias\/#website"},"breadcrumb":{"@id":"https:\/\/candas365.es\/noticias\/arturo-vidal-el-adn-del-barca-esta-quedando-atras\/#breadcrumblist"},"author":{"@id":"https:\/\/candas365.es\/noticias\/author\/admin\/#author"},"creator":{"@id":"https:\/\/candas365.es\/noticias\/author\/admin\/#author"},"image":{"@type":"ImageObject","url":"https:\/\/candas365.es\/noticias\/wp-content\/uploads\/2018\/06\/football-1406106_960_720-1.jpg","@id":"https:\/\/candas365.es\/noticias\/arturo-vidal-el-adn-del-barca-esta-quedando-atras\/#mainImage","width":960,"height":643},"primaryImageOfPage":{"@id":"https:\/\/candas365.es\/noticias\/arturo-vidal-el-adn-del-barca-esta-quedando-atras\/#mainImage"},"datePublished":"2020-08-31T13:48:54+02:00","dateModified":"2020-08-31T13:48:54+02:00"},{"@type":"WebSite","@id":"https:\/\/candas365.es\/noticias\/#website","url":"https:\/\/candas365.es\/noticias\/","name":"Cand\u00e1s 365","alternateName":"Cand\u00e1s 365 Noticias","description":"Actualidad desde Carre\u00f1o para el mundo","inLanguage":"es-ES","publisher":{"@id":"https:\/\/candas365.es\/noticias\/#organization"}}]},"og:locale":"es_ES","og:site_name":"Cand\u00e1s 365","og:type":"article","og:title":"Arturo Vidal: \u00abEl ADN del Bar\u00e7a est\u00e1 quedando atr\u00e1s\u00bb | Cand\u00e1s 365","og:description":"(Europa Press) - El centrocampista del FC Barcelona Arturo Vidal se mostr\u00f3 cr\u00edtico con el club y se\u00f1al\u00f3 a la directiva, no solo a los jugadores, como culpables de los \u00faltimos palos, al tiempo que dijo que el &quot;ADN del Bar\u00e7a est\u00e1 quedando atr\u00e1s&quot; y que si le llama la Juventus estar\u00eda &quot;feliz&quot;, aunque &quot;tranquilo&quot; con","og:url":"https:\/\/candas365.es\/noticias\/arturo-vidal-el-adn-del-barca-esta-quedando-atras\/","og:image":"https:\/\/candas365.es\/noticias\/wp-content\/uploads\/2018\/06\/football-1406106_960_720-1.jpg","og:image:secure_url":"https:\/\/candas365.es\/noticias\/wp-content\/uploads\/2018\/06\/football-1406106_960_720-1.jpg","og:image:width":960,"og:image:height":643,"article:published_time":"2020-08-31T13:48:54+00:00","article:modified_time":"2020-08-31T13:48:54+00:00","article:publisher":"https:\/\/www.facebook.com\/Nachofdezber","article:author":"https:\/\/www.facebook.com\/carrenoactualidad","twitter:card":"summary_large_image","twitter:site":"@NabercoDigital","twitter:title":"Arturo Vidal: \u00abEl ADN del Bar\u00e7a est\u00e1 quedando atr\u00e1s\u00bb | Cand\u00e1s 365","twitter:description":"(Europa Press) - El centrocampista del FC Barcelona Arturo Vidal se mostr\u00f3 cr\u00edtico con el club y se\u00f1al\u00f3 a la directiva, no solo a los jugadores, como culpables de los \u00faltimos palos, al tiempo que dijo que el &quot;ADN del Bar\u00e7a est\u00e1 quedando atr\u00e1s&quot; y que si le llama la Juventus estar\u00eda &quot;feliz&quot;, aunque &quot;tranquilo&quot; con","twitter:creator":"@nbasturias","twitter:image":"https:\/\/candas365.es\/noticias\/wp-content\/uploads\/2018\/06\/football-1406106_960_720-1.jpg","twitter:label1":"Escrito por","twitter:data1":"Cand\u00e1s 365","twitter:label2":"Tiempo de lectura estimado","twitter:data2":"2 minutos"},"aioseo_meta_data":{"post_id":"146477","title":null,"description":"","keywords":"","keyphrases":null,"primary_term":null,"canonical_url":"","og_title":null,"og_description":null,"og_object_type":"default","og_image_type":"default","og_image_url":null,"og_image_width":null,"og_image_height":null,"og_image_custom_url":null,"og_image_custom_fields":null,"og_video":null,"og_custom_url":null,"og_article_section":null,"og_article_tags":null,"twitter_use_og":false,"twitter_card":"default","twitter_image_type":"default","twitter_image_url":null,"twitter_image_custom_url":null,"twitter_image_custom_fields":null,"twitter_title":null,"twitter_description":null,"schema":{"blockGraphs":[],"customGraphs":[],"default":{"data":{"Article":[],"Course":[],"Dataset":[],"FAQPage":[],"Movie":[],"Person":[],"Product":[],"ProductReview":[],"Car":[],"Recipe":[],"Service":[],"SoftwareApplication":[],"WebPage":[]},"graphName":"","isEnabled":true},"graphs":[],"defaultGraph":"","defaultPostTypeGraph":""},"schema_type":null,"schema_type_options":null,"pillar_content":false,"robots_default":true,"robots_noindex":false,"robots_noarchive":false,"robots_nosnippet":false,"robots_nofollow":false,"robots_noimageindex":false,"robots_noodp":false,"robots_notranslate":false,"robots_max_snippet":null,"robots_max_videopreview":null,"robots_max_imagepreview":"large","priority":null,"frequency":null,"location":null,"local_seo":null,"seo_analyzer_scan_date":"2025-08-31 10:53:35","breadcrumb_settings":null,"limit_modified_date":false,"reviewed_by":null,"open_ai":null,"ai":null,"created":"2020-12-21 10:39:40","updated":"2025-08-31 10:53:35"},"aioseo_breadcrumb":"<div class=\"aioseo-breadcrumbs\"><span class=\"aioseo-breadcrumb\">\n\t<a href=\"https:\/\/candas365.es\/noticias\" title=\"Home\">Home<\/a>\n<\/span><span class=\"aioseo-breadcrumb-separator\">&ndash;<\/span><span class=\"aioseo-breadcrumb\">\n\t<a href=\"https:\/\/candas365.es\/noticias\/category\/deporte\/\" title=\"Deporte\">Deporte<\/a>\n<\/span><span class=\"aioseo-breadcrumb-separator\">&ndash;<\/span><span class=\"aioseo-breadcrumb\">\n\tArturo Vidal: \u00abEl ADN del Bar\u00e7a est\u00e1 quedando atr\u00e1s\u00bb\n<\/span><\/div>","aioseo_breadcrumb_json":[{"label":"Home","link":"https:\/\/candas365.es\/noticias"},{"label":"Deporte","link":"https:\/\/candas365.es\/noticias\/category\/deporte\/"},{"label":"Arturo Vidal: \u00abEl ADN del Bar\u00e7a est\u00e1 quedando atr\u00e1s\u00bb","link":"https:\/\/candas365.es\/noticias\/arturo-vidal-el-adn-del-barca-esta-quedando-atras\/"}],"_links":{"self":[{"href":"https:\/\/candas365.es\/noticias\/wp-json\/wp\/v2\/posts\/146477","targetHints":{"allow":["GET"]}}],"collection":[{"href":"https:\/\/candas365.es\/noticias\/wp-json\/wp\/v2\/posts"}],"about":[{"href":"https:\/\/candas365.es\/noticias\/wp-json\/wp\/v2\/types\/post"}],"author":[{"embeddable":true,"href":"https:\/\/candas365.es\/noticias\/wp-json\/wp\/v2\/users\/1"}],"replies":[{"embeddable":true,"href":"https:\/\/candas365.es\/noticias\/wp-json\/wp\/v2\/comments?post=146477"}],"version-history":[{"count":0,"href":"https:\/\/candas365.es\/noticias\/wp-json\/wp\/v2\/posts\/146477\/revisions"}],"wp:featuredmedia":[{"embeddable":true,"href":"https:\/\/candas365.es\/noticias\/wp-json\/wp\/v2\/media\/98026"}],"wp:attachment":[{"href":"https:\/\/candas365.es\/noticias\/wp-json\/wp\/v2\/media?parent=146477"}],"wp:term":[{"taxonomy":"category","embeddable":true,"href":"https:\/\/candas365.es\/noticias\/wp-json\/wp\/v2\/categories?post=146477"},{"taxonomy":"post_tag","embeddable":true,"href":"https:\/\/candas365.es\/noticias\/wp-json\/wp\/v2\/tags?post=146477"}],"curies":[{"name":"wp","href":"https:\/\/api.w.org\/{rel}","templated":true}]}}