{"id":146453,"date":"2020-08-30T15:04:45","date_gmt":"2020-08-30T15:04:45","guid":{"rendered":"http:\/\/candas365.es\/noticias\/?p=146453"},"modified":"2020-08-30T15:04:45","modified_gmt":"2020-08-30T15:04:45","slug":"nadal-pide-unidad-al-mundo-del-tenis","status":"publish","type":"post","link":"https:\/\/candas365.es\/noticias\/nadal-pide-unidad-al-mundo-del-tenis\/","title":{"rendered":"Nadal pide unidad al mundo del tenis"},"content":{"rendered":"<p><img fetchpriority=\"high\" decoding=\"async\" class=\"alignleft size-medium wp-image-144500\" src=\"https:\/\/candas365.es\/noticias\/wp-content\/uploads\/2020\/07\/tennis-923659_640-360x270.jpg\" alt=\"\" width=\"360\" height=\"270\" srcset=\"https:\/\/candas365.es\/noticias\/wp-content\/uploads\/2020\/07\/tennis-923659_640-360x270.jpg 360w, https:\/\/candas365.es\/noticias\/wp-content\/uploads\/2020\/07\/tennis-923659_640-560x420.jpg 560w, https:\/\/candas365.es\/noticias\/wp-content\/uploads\/2020\/07\/tennis-923659_640-80x60.jpg 80w, https:\/\/candas365.es\/noticias\/wp-content\/uploads\/2020\/07\/tennis-923659_640-265x198.jpg 265w, https:\/\/candas365.es\/noticias\/wp-content\/uploads\/2020\/07\/tennis-923659_640.jpg 640w\" sizes=\"(max-width: 360px) 100vw, 360px\" \/>(Europa Press) &#8211;\u00a0El tenista espa\u00f1ol Rafael Nadal ha criticado la decisi\u00f3n de Novak Djokovic de abandonar el Consejo de la ATP para formar su propia asociaci\u00f3n y ha explicado que cuando existe un \u00abproblema\u00bb, la soluci\u00f3n es la unidad de todos los actores, los cuales deben trabajar en la \u00abmisma direcci\u00f3n\u00bb.<\/p>\n<p>\u00abEl mundo vive una situaci\u00f3n dif\u00edcil y complicada. Personalmente, creo que estos son tiempos para estar tranquilos y trabajar todos juntos en la misma direcci\u00f3n. Es hora de la unidad, no de la separaci\u00f3n\u00bb, escribi\u00f3 Nadal en su cuenta oficial de Twitter tras conocer la postura de Djokovic.<\/p>\n<p>El serbio, que todav\u00eda no ha hecho oficial su decisi\u00f3n, abandonar\u00e1 el Consejo de la ATP -tras cuatro a\u00f1os- para aumentar su capacidad de acci\u00f3n respecto a los tenistas con peor r\u00e1nking en el circuito. A Djokovic le han seguido en su postura el estadounidense John Isner, primera raqueta norteamericana, y el canadiense Vasik Pospisil.<\/p>\n<p>\u00abSon momentos en los que se pueden conseguir grandes cosas siempre que el mundo del tenis est\u00e9 unido. Todos, jugadores, torneos y \u00f3rganos de gobierno tenemos que trabajar juntos. Tenemos un problema mayor y la separaci\u00f3n y la desuni\u00f3n definitivamente no es la soluci\u00f3n\u00bb, a\u00f1adi\u00f3 Nadal.<\/p>\n<p>Horas antes de que el jugador espa\u00f1ol manifestase su opini\u00f3n, los \u00f3rganos rectores del tenis enviaron un comunicado con un mensaje muy parecido. \u00abEs el momento de una colaboraci\u00f3n a\u00fan mayor, no de divisi\u00f3n; un momento para considerar y actuar en el mejor inter\u00e9s del deporte, ahora y en el futuro\u00bb, indic\u00f3 la ATP.<\/p>\n","protected":false},"excerpt":{"rendered":"<p>(Europa Press) &#8211;\u00a0El tenista espa\u00f1ol Rafael Nadal ha criticado la decisi\u00f3n de Novak Djokovic de abandonar el Consejo de la ATP para formar su propia asociaci\u00f3n y ha explicado que cuando existe un \u00abproblema\u00bb, la soluci\u00f3n es la unidad de todos los actores, los cuales deben trabajar en la \u00abmisma direcci\u00f3n\u00bb. \u00abEl mundo vive una<\/p>\n","protected":false},"author":1,"featured_media":144500,"comment_status":"closed","ping_status":"closed","sticky":false,"template":"","format":"standard","meta":{"footnotes":""},"categories":[319],"tags":[],"class_list":{"0":"post-146453","1":"post","2":"type-post","3":"status-publish","4":"format-standard","5":"has-post-thumbnail","7":"category-deporte"},"aioseo_notices":[],"aioseo_head":"\n\t\t<!-- All in One SEO Pro 4.9.6.2 - aioseo.com -->\n\t<meta name=\"description\" content=\"(Europa Press) - El tenista espa\u00f1ol Rafael Nadal ha criticado la decisi\u00f3n de Novak Djokovic de abandonar el Consejo de la ATP para formar su propia asociaci\u00f3n y ha explicado que cuando existe un &quot;problema&quot;, la soluci\u00f3n es la unidad de todos los actores, los cuales deben trabajar en la &quot;misma direcci\u00f3n&quot;. &quot;El mundo vive una\" \/>\n\t<meta name=\"robots\" content=\"max-image-preview:large\" \/>\n\t<meta name=\"author\" content=\"Cand\u00e1s 365\"\/>\n\t<meta name=\"google-site-verification\" content=\"UA-32230408-1\" \/>\n\t<meta name=\"msvalidate.01\" content=\"354F3CDFB2DA171B47FBE9ABF1F88D5\" \/>\n\t<meta name=\"keywords\" content=\"deporte\" \/>\n\t<link rel=\"canonical\" href=\"https:\/\/candas365.es\/noticias\/nadal-pide-unidad-al-mundo-del-tenis\/\" \/>\n\t<meta name=\"generator\" content=\"All in One SEO Pro (AIOSEO) 4.9.6.2\" \/>\n\t\t<meta property=\"og:locale\" content=\"es_ES\" \/>\n\t\t<meta property=\"og:site_name\" content=\"Cand\u00e1s 365\" \/>\n\t\t<meta property=\"og:type\" content=\"article\" \/>\n\t\t<meta property=\"og:title\" content=\"Nadal pide unidad al mundo del tenis | Cand\u00e1s 365\" \/>\n\t\t<meta property=\"og:description\" content=\"(Europa Press) - El tenista espa\u00f1ol Rafael Nadal ha criticado la decisi\u00f3n de Novak Djokovic de abandonar el Consejo de la ATP para formar su propia asociaci\u00f3n y ha explicado que cuando existe un &quot;problema&quot;, la soluci\u00f3n es la unidad de todos los actores, los cuales deben trabajar en la &quot;misma direcci\u00f3n&quot;. &quot;El mundo vive una\" \/>\n\t\t<meta property=\"og:url\" content=\"https:\/\/candas365.es\/noticias\/nadal-pide-unidad-al-mundo-del-tenis\/\" \/>\n\t\t<meta property=\"og:image\" content=\"https:\/\/candas365.es\/noticias\/wp-content\/uploads\/2020\/07\/tennis-923659_640.jpg\" \/>\n\t\t<meta property=\"og:image:secure_url\" content=\"https:\/\/candas365.es\/noticias\/wp-content\/uploads\/2020\/07\/tennis-923659_640.jpg\" \/>\n\t\t<meta property=\"og:image:width\" content=\"640\" \/>\n\t\t<meta property=\"og:image:height\" content=\"480\" \/>\n\t\t<meta property=\"article:published_time\" content=\"2020-08-30T15:04:45+00:00\" \/>\n\t\t<meta property=\"article:modified_time\" content=\"2020-08-30T15:04:45+00:00\" \/>\n\t\t<meta property=\"article:publisher\" content=\"https:\/\/www.facebook.com\/Nachofdezber\" \/>\n\t\t<meta property=\"article:author\" content=\"https:\/\/www.facebook.com\/carrenoactualidad\" \/>\n\t\t<meta name=\"twitter:card\" content=\"summary_large_image\" \/>\n\t\t<meta name=\"twitter:site\" content=\"@NabercoDigital\" \/>\n\t\t<meta name=\"twitter:title\" content=\"Nadal pide unidad al mundo del tenis | Cand\u00e1s 365\" \/>\n\t\t<meta name=\"twitter:description\" content=\"(Europa Press) - El tenista espa\u00f1ol Rafael Nadal ha criticado la decisi\u00f3n de Novak Djokovic de abandonar el Consejo de la ATP para formar su propia asociaci\u00f3n y ha explicado que cuando existe un &quot;problema&quot;, la soluci\u00f3n es la unidad de todos los actores, los cuales deben trabajar en la &quot;misma direcci\u00f3n&quot;. &quot;El mundo vive una\" \/>\n\t\t<meta name=\"twitter:creator\" content=\"@nbasturias\" \/>\n\t\t<meta name=\"twitter:image\" content=\"https:\/\/candas365.es\/noticias\/wp-content\/uploads\/2020\/07\/tennis-923659_640.jpg\" \/>\n\t\t<meta name=\"twitter:label1\" content=\"Escrito por\" \/>\n\t\t<meta name=\"twitter:data1\" content=\"Cand\u00e1s 365\" \/>\n\t\t<meta name=\"twitter:label2\" content=\"Tiempo de lectura estimado\" \/>\n\t\t<meta name=\"twitter:data2\" content=\"1 minuto\" \/>\n\t\t<script type=\"application\/ld+json\" class=\"aioseo-schema\">\n\t\t\t{\"@context\":\"https:\\\/\\\/schema.org\",\"@graph\":[{\"@type\":\"BreadcrumbList\",\"@id\":\"https:\\\/\\\/candas365.es\\\/noticias\\\/nadal-pide-unidad-al-mundo-del-tenis\\\/#breadcrumblist\",\"itemListElement\":[{\"@type\":\"ListItem\",\"@id\":\"https:\\\/\\\/candas365.es\\\/noticias#listItem\",\"position\":1,\"name\":\"Home\",\"item\":\"https:\\\/\\\/candas365.es\\\/noticias\",\"nextItem\":{\"@type\":\"ListItem\",\"@id\":\"https:\\\/\\\/candas365.es\\\/noticias\\\/category\\\/deporte\\\/#listItem\",\"name\":\"Deporte\"}},{\"@type\":\"ListItem\",\"@id\":\"https:\\\/\\\/candas365.es\\\/noticias\\\/category\\\/deporte\\\/#listItem\",\"position\":2,\"name\":\"Deporte\",\"item\":\"https:\\\/\\\/candas365.es\\\/noticias\\\/category\\\/deporte\\\/\",\"nextItem\":{\"@type\":\"ListItem\",\"@id\":\"https:\\\/\\\/candas365.es\\\/noticias\\\/nadal-pide-unidad-al-mundo-del-tenis\\\/#listItem\",\"name\":\"Nadal pide unidad al mundo del tenis\"},\"previousItem\":{\"@type\":\"ListItem\",\"@id\":\"https:\\\/\\\/candas365.es\\\/noticias#listItem\",\"name\":\"Home\"}},{\"@type\":\"ListItem\",\"@id\":\"https:\\\/\\\/candas365.es\\\/noticias\\\/nadal-pide-unidad-al-mundo-del-tenis\\\/#listItem\",\"position\":3,\"name\":\"Nadal pide unidad al mundo del tenis\",\"previousItem\":{\"@type\":\"ListItem\",\"@id\":\"https:\\\/\\\/candas365.es\\\/noticias\\\/category\\\/deporte\\\/#listItem\",\"name\":\"Deporte\"}}]},{\"@type\":\"NewsArticle\",\"@id\":\"https:\\\/\\\/candas365.es\\\/noticias\\\/nadal-pide-unidad-al-mundo-del-tenis\\\/#newsarticle\",\"name\":\"Nadal pide unidad al mundo del tenis | Cand\\u00e1s 365\",\"headline\":\"Nadal pide unidad al mundo del tenis\",\"author\":{\"@id\":\"https:\\\/\\\/candas365.es\\\/noticias\\\/author\\\/admin\\\/#author\"},\"publisher\":{\"@id\":\"https:\\\/\\\/candas365.es\\\/noticias\\\/#organization\"},\"image\":{\"@type\":\"ImageObject\",\"url\":\"https:\\\/\\\/candas365.es\\\/noticias\\\/wp-content\\\/uploads\\\/2020\\\/07\\\/tennis-923659_640.jpg\",\"width\":640,\"height\":480,\"caption\":\"tennis\"},\"datePublished\":\"2020-08-30T15:04:45+02:00\",\"dateModified\":\"2020-08-30T15:04:45+02:00\",\"inLanguage\":\"es-ES\",\"mainEntityOfPage\":{\"@id\":\"https:\\\/\\\/candas365.es\\\/noticias\\\/nadal-pide-unidad-al-mundo-del-tenis\\\/#webpage\"},\"isPartOf\":{\"@id\":\"https:\\\/\\\/candas365.es\\\/noticias\\\/nadal-pide-unidad-al-mundo-del-tenis\\\/#webpage\"},\"articleSection\":\"Deporte\",\"dateline\":\"Publicado el agosto 30, 2020.\"},{\"@type\":\"Organization\",\"@id\":\"https:\\\/\\\/candas365.es\\\/noticias\\\/#organization\",\"name\":\"Cand\\u00e1s 365\",\"description\":\"Cand\\u00e1s 365 es un diario digital independiente, fundado en 2012, con base en Asturias. Informamos con rigor sobre actualidad, sociedad, cultura y ocio, con una mirada local y global.\",\"url\":\"https:\\\/\\\/candas365.es\\\/noticias\\\/\",\"email\":\"info@candas365.es\",\"telephone\":\"+34652131393\",\"foundingDate\":\"2012-06-10\",\"logo\":{\"@type\":\"ImageObject\",\"url\":\"https:\\\/\\\/candas365.es\\\/noticias\\\/wp-content\\\/uploads\\\/2024\\\/09\\\/Candas-365-Redes.jpg\",\"@id\":\"https:\\\/\\\/candas365.es\\\/noticias\\\/nadal-pide-unidad-al-mundo-del-tenis\\\/#organizationLogo\",\"width\":1152,\"height\":864,\"caption\":\"Cand\\u00e1s 365 Redes\"},\"image\":{\"@id\":\"https:\\\/\\\/candas365.es\\\/noticias\\\/nadal-pide-unidad-al-mundo-del-tenis\\\/#organizationLogo\"},\"sameAs\":[\"https:\\\/\\\/www.facebook.com\\\/Nachofdezber\",\"https:\\\/\\\/x.com\\\/NabercoDigital\",\"https:\\\/\\\/www.instagram.com\\\/nachofdezber\\\/\",\"https:\\\/\\\/www.youtube.com\\\/channel\\\/UCZP-2wLEB9Rv6erhFmqVnvg\"],\"address\":{\"@id\":\"https:\\\/\\\/candas365.es\\\/noticias\\\/#postaladdress\",\"@type\":\"PostalAddress\",\"streetAddress\":\"san antonio 4, san antonio 4\",\"postalCode\":\"33430\",\"addressLocality\":\"Cand\\u00e1s\",\"addressRegion\":\"Asturias\",\"addressCountry\":\"ES\"}},{\"@type\":\"Person\",\"@id\":\"https:\\\/\\\/candas365.es\\\/noticias\\\/author\\\/admin\\\/#author\",\"url\":\"https:\\\/\\\/candas365.es\\\/noticias\\\/author\\\/admin\\\/\",\"name\":\"Cand\\u00e1s 365\",\"image\":{\"@type\":\"ImageObject\",\"@id\":\"https:\\\/\\\/candas365.es\\\/noticias\\\/nadal-pide-unidad-al-mundo-del-tenis\\\/#authorImage\",\"url\":\"https:\\\/\\\/secure.gravatar.com\\\/avatar\\\/496a8e03d0c493ede1718b7934145dbdf8d89be1036b0eec9544e1094c9de390?s=96&d=mm&r=g\",\"width\":96,\"height\":96,\"caption\":\"Cand\\u00e1s 365\"},\"sameAs\":[\"https:\\\/\\\/www.facebook.com\\\/carrenoactualidad\",\"https:\\\/\\\/twitter.com\\\/nbasturias\",\"https:\\\/\\\/www.instagram.com\\\/nachofdezber\\\/\",\"https:\\\/\\\/www.youtube.com\\\/channel\\\/UCZP-2wLEB9Rv6erhFmqVnvg\"]},{\"@type\":\"WebPage\",\"@id\":\"https:\\\/\\\/candas365.es\\\/noticias\\\/nadal-pide-unidad-al-mundo-del-tenis\\\/#webpage\",\"url\":\"https:\\\/\\\/candas365.es\\\/noticias\\\/nadal-pide-unidad-al-mundo-del-tenis\\\/\",\"name\":\"Nadal pide unidad al mundo del tenis | Cand\\u00e1s 365\",\"description\":\"(Europa Press) - El tenista espa\\u00f1ol Rafael Nadal ha criticado la decisi\\u00f3n de Novak Djokovic de abandonar el Consejo de la ATP para formar su propia asociaci\\u00f3n y ha explicado que cuando existe un \\\"problema\\\", la soluci\\u00f3n es la unidad de todos los actores, los cuales deben trabajar en la \\\"misma direcci\\u00f3n\\\". \\\"El mundo vive una\",\"inLanguage\":\"es-ES\",\"isPartOf\":{\"@id\":\"https:\\\/\\\/candas365.es\\\/noticias\\\/#website\"},\"breadcrumb\":{\"@id\":\"https:\\\/\\\/candas365.es\\\/noticias\\\/nadal-pide-unidad-al-mundo-del-tenis\\\/#breadcrumblist\"},\"author\":{\"@id\":\"https:\\\/\\\/candas365.es\\\/noticias\\\/author\\\/admin\\\/#author\"},\"creator\":{\"@id\":\"https:\\\/\\\/candas365.es\\\/noticias\\\/author\\\/admin\\\/#author\"},\"image\":{\"@type\":\"ImageObject\",\"url\":\"https:\\\/\\\/candas365.es\\\/noticias\\\/wp-content\\\/uploads\\\/2020\\\/07\\\/tennis-923659_640.jpg\",\"@id\":\"https:\\\/\\\/candas365.es\\\/noticias\\\/nadal-pide-unidad-al-mundo-del-tenis\\\/#mainImage\",\"width\":640,\"height\":480,\"caption\":\"tennis\"},\"primaryImageOfPage\":{\"@id\":\"https:\\\/\\\/candas365.es\\\/noticias\\\/nadal-pide-unidad-al-mundo-del-tenis\\\/#mainImage\"},\"datePublished\":\"2020-08-30T15:04:45+02:00\",\"dateModified\":\"2020-08-30T15:04:45+02:00\"},{\"@type\":\"WebSite\",\"@id\":\"https:\\\/\\\/candas365.es\\\/noticias\\\/#website\",\"url\":\"https:\\\/\\\/candas365.es\\\/noticias\\\/\",\"name\":\"Cand\\u00e1s 365\",\"alternateName\":\"Cand\\u00e1s 365 Noticias\",\"description\":\"Actualidad desde Carre\\u00f1o para el mundo\",\"inLanguage\":\"es-ES\",\"publisher\":{\"@id\":\"https:\\\/\\\/candas365.es\\\/noticias\\\/#organization\"}}]}\n\t\t<\/script>\n\t\t<!-- All in One SEO Pro -->\r\n\t\t<title>Nadal pide unidad al mundo del tenis | Cand\u00e1s 365<\/title>\n\n","aioseo_head_json":{"title":"Nadal pide unidad al mundo del tenis | Cand\u00e1s 365","description":"(Europa Press) - El tenista espa\u00f1ol Rafael Nadal ha criticado la decisi\u00f3n de Novak Djokovic de abandonar el Consejo de la ATP para formar su propia asociaci\u00f3n y ha explicado que cuando existe un \"problema\", la soluci\u00f3n es la unidad de todos los actores, los cuales deben trabajar en la \"misma direcci\u00f3n\". \"El mundo vive una","canonical_url":"https:\/\/candas365.es\/noticias\/nadal-pide-unidad-al-mundo-del-tenis\/","robots":"max-image-preview:large","keywords":"deporte","webmasterTools":{"google-site-verification":"UA-32230408-1","msvalidate.01":"354F3CDFB2DA171B47FBE9ABF1F88D5","miscellaneous":""},"schema":{"@context":"https:\/\/schema.org","@graph":[{"@type":"BreadcrumbList","@id":"https:\/\/candas365.es\/noticias\/nadal-pide-unidad-al-mundo-del-tenis\/#breadcrumblist","itemListElement":[{"@type":"ListItem","@id":"https:\/\/candas365.es\/noticias#listItem","position":1,"name":"Home","item":"https:\/\/candas365.es\/noticias","nextItem":{"@type":"ListItem","@id":"https:\/\/candas365.es\/noticias\/category\/deporte\/#listItem","name":"Deporte"}},{"@type":"ListItem","@id":"https:\/\/candas365.es\/noticias\/category\/deporte\/#listItem","position":2,"name":"Deporte","item":"https:\/\/candas365.es\/noticias\/category\/deporte\/","nextItem":{"@type":"ListItem","@id":"https:\/\/candas365.es\/noticias\/nadal-pide-unidad-al-mundo-del-tenis\/#listItem","name":"Nadal pide unidad al mundo del tenis"},"previousItem":{"@type":"ListItem","@id":"https:\/\/candas365.es\/noticias#listItem","name":"Home"}},{"@type":"ListItem","@id":"https:\/\/candas365.es\/noticias\/nadal-pide-unidad-al-mundo-del-tenis\/#listItem","position":3,"name":"Nadal pide unidad al mundo del tenis","previousItem":{"@type":"ListItem","@id":"https:\/\/candas365.es\/noticias\/category\/deporte\/#listItem","name":"Deporte"}}]},{"@type":"NewsArticle","@id":"https:\/\/candas365.es\/noticias\/nadal-pide-unidad-al-mundo-del-tenis\/#newsarticle","name":"Nadal pide unidad al mundo del tenis | Cand\u00e1s 365","headline":"Nadal pide unidad al mundo del tenis","author":{"@id":"https:\/\/candas365.es\/noticias\/author\/admin\/#author"},"publisher":{"@id":"https:\/\/candas365.es\/noticias\/#organization"},"image":{"@type":"ImageObject","url":"https:\/\/candas365.es\/noticias\/wp-content\/uploads\/2020\/07\/tennis-923659_640.jpg","width":640,"height":480,"caption":"tennis"},"datePublished":"2020-08-30T15:04:45+02:00","dateModified":"2020-08-30T15:04:45+02:00","inLanguage":"es-ES","mainEntityOfPage":{"@id":"https:\/\/candas365.es\/noticias\/nadal-pide-unidad-al-mundo-del-tenis\/#webpage"},"isPartOf":{"@id":"https:\/\/candas365.es\/noticias\/nadal-pide-unidad-al-mundo-del-tenis\/#webpage"},"articleSection":"Deporte","dateline":"Publicado el agosto 30, 2020."},{"@type":"Organization","@id":"https:\/\/candas365.es\/noticias\/#organization","name":"Cand\u00e1s 365","description":"Cand\u00e1s 365 es un diario digital independiente, fundado en 2012, con base en Asturias. Informamos con rigor sobre actualidad, sociedad, cultura y ocio, con una mirada local y global.","url":"https:\/\/candas365.es\/noticias\/","email":"info@candas365.es","telephone":"+34652131393","foundingDate":"2012-06-10","logo":{"@type":"ImageObject","url":"https:\/\/candas365.es\/noticias\/wp-content\/uploads\/2024\/09\/Candas-365-Redes.jpg","@id":"https:\/\/candas365.es\/noticias\/nadal-pide-unidad-al-mundo-del-tenis\/#organizationLogo","width":1152,"height":864,"caption":"Cand\u00e1s 365 Redes"},"image":{"@id":"https:\/\/candas365.es\/noticias\/nadal-pide-unidad-al-mundo-del-tenis\/#organizationLogo"},"sameAs":["https:\/\/www.facebook.com\/Nachofdezber","https:\/\/x.com\/NabercoDigital","https:\/\/www.instagram.com\/nachofdezber\/","https:\/\/www.youtube.com\/channel\/UCZP-2wLEB9Rv6erhFmqVnvg"],"address":{"@id":"https:\/\/candas365.es\/noticias\/#postaladdress","@type":"PostalAddress","streetAddress":"san antonio 4, san antonio 4","postalCode":"33430","addressLocality":"Cand\u00e1s","addressRegion":"Asturias","addressCountry":"ES"}},{"@type":"Person","@id":"https:\/\/candas365.es\/noticias\/author\/admin\/#author","url":"https:\/\/candas365.es\/noticias\/author\/admin\/","name":"Cand\u00e1s 365","image":{"@type":"ImageObject","@id":"https:\/\/candas365.es\/noticias\/nadal-pide-unidad-al-mundo-del-tenis\/#authorImage","url":"https:\/\/secure.gravatar.com\/avatar\/496a8e03d0c493ede1718b7934145dbdf8d89be1036b0eec9544e1094c9de390?s=96&d=mm&r=g","width":96,"height":96,"caption":"Cand\u00e1s 365"},"sameAs":["https:\/\/www.facebook.com\/carrenoactualidad","https:\/\/twitter.com\/nbasturias","https:\/\/www.instagram.com\/nachofdezber\/","https:\/\/www.youtube.com\/channel\/UCZP-2wLEB9Rv6erhFmqVnvg"]},{"@type":"WebPage","@id":"https:\/\/candas365.es\/noticias\/nadal-pide-unidad-al-mundo-del-tenis\/#webpage","url":"https:\/\/candas365.es\/noticias\/nadal-pide-unidad-al-mundo-del-tenis\/","name":"Nadal pide unidad al mundo del tenis | Cand\u00e1s 365","description":"(Europa Press) - El tenista espa\u00f1ol Rafael Nadal ha criticado la decisi\u00f3n de Novak Djokovic de abandonar el Consejo de la ATP para formar su propia asociaci\u00f3n y ha explicado que cuando existe un \"problema\", la soluci\u00f3n es la unidad de todos los actores, los cuales deben trabajar en la \"misma direcci\u00f3n\". \"El mundo vive una","inLanguage":"es-ES","isPartOf":{"@id":"https:\/\/candas365.es\/noticias\/#website"},"breadcrumb":{"@id":"https:\/\/candas365.es\/noticias\/nadal-pide-unidad-al-mundo-del-tenis\/#breadcrumblist"},"author":{"@id":"https:\/\/candas365.es\/noticias\/author\/admin\/#author"},"creator":{"@id":"https:\/\/candas365.es\/noticias\/author\/admin\/#author"},"image":{"@type":"ImageObject","url":"https:\/\/candas365.es\/noticias\/wp-content\/uploads\/2020\/07\/tennis-923659_640.jpg","@id":"https:\/\/candas365.es\/noticias\/nadal-pide-unidad-al-mundo-del-tenis\/#mainImage","width":640,"height":480,"caption":"tennis"},"primaryImageOfPage":{"@id":"https:\/\/candas365.es\/noticias\/nadal-pide-unidad-al-mundo-del-tenis\/#mainImage"},"datePublished":"2020-08-30T15:04:45+02:00","dateModified":"2020-08-30T15:04:45+02:00"},{"@type":"WebSite","@id":"https:\/\/candas365.es\/noticias\/#website","url":"https:\/\/candas365.es\/noticias\/","name":"Cand\u00e1s 365","alternateName":"Cand\u00e1s 365 Noticias","description":"Actualidad desde Carre\u00f1o para el mundo","inLanguage":"es-ES","publisher":{"@id":"https:\/\/candas365.es\/noticias\/#organization"}}]},"og:locale":"es_ES","og:site_name":"Cand\u00e1s 365","og:type":"article","og:title":"Nadal pide unidad al mundo del tenis | Cand\u00e1s 365","og:description":"(Europa Press) - El tenista espa\u00f1ol Rafael Nadal ha criticado la decisi\u00f3n de Novak Djokovic de abandonar el Consejo de la ATP para formar su propia asociaci\u00f3n y ha explicado que cuando existe un &quot;problema&quot;, la soluci\u00f3n es la unidad de todos los actores, los cuales deben trabajar en la &quot;misma direcci\u00f3n&quot;. &quot;El mundo vive una","og:url":"https:\/\/candas365.es\/noticias\/nadal-pide-unidad-al-mundo-del-tenis\/","og:image":"https:\/\/candas365.es\/noticias\/wp-content\/uploads\/2020\/07\/tennis-923659_640.jpg","og:image:secure_url":"https:\/\/candas365.es\/noticias\/wp-content\/uploads\/2020\/07\/tennis-923659_640.jpg","og:image:width":640,"og:image:height":480,"article:published_time":"2020-08-30T15:04:45+00:00","article:modified_time":"2020-08-30T15:04:45+00:00","article:publisher":"https:\/\/www.facebook.com\/Nachofdezber","article:author":"https:\/\/www.facebook.com\/carrenoactualidad","twitter:card":"summary_large_image","twitter:site":"@NabercoDigital","twitter:title":"Nadal pide unidad al mundo del tenis | Cand\u00e1s 365","twitter:description":"(Europa Press) - El tenista espa\u00f1ol Rafael Nadal ha criticado la decisi\u00f3n de Novak Djokovic de abandonar el Consejo de la ATP para formar su propia asociaci\u00f3n y ha explicado que cuando existe un &quot;problema&quot;, la soluci\u00f3n es la unidad de todos los actores, los cuales deben trabajar en la &quot;misma direcci\u00f3n&quot;. &quot;El mundo vive una","twitter:creator":"@nbasturias","twitter:image":"https:\/\/candas365.es\/noticias\/wp-content\/uploads\/2020\/07\/tennis-923659_640.jpg","twitter:label1":"Escrito por","twitter:data1":"Cand\u00e1s 365","twitter:label2":"Tiempo de lectura estimado","twitter:data2":"1 minuto"},"aioseo_meta_data":{"post_id":"146453","title":null,"description":"","keywords":"","keyphrases":null,"primary_term":null,"canonical_url":"","og_title":null,"og_description":null,"og_object_type":"default","og_image_type":"default","og_image_url":null,"og_image_width":null,"og_image_height":null,"og_image_custom_url":null,"og_image_custom_fields":null,"og_video":null,"og_custom_url":null,"og_article_section":null,"og_article_tags":null,"twitter_use_og":false,"twitter_card":"default","twitter_image_type":"default","twitter_image_url":null,"twitter_image_custom_url":null,"twitter_image_custom_fields":null,"twitter_title":null,"twitter_description":null,"schema":{"blockGraphs":[],"customGraphs":[],"default":{"data":{"Article":[],"Course":[],"Dataset":[],"FAQPage":[],"Movie":[],"Person":[],"Product":[],"ProductReview":[],"Car":[],"Recipe":[],"Service":[],"SoftwareApplication":[],"WebPage":[]},"graphName":"","isEnabled":true},"graphs":[],"defaultGraph":"","defaultPostTypeGraph":""},"schema_type":null,"schema_type_options":null,"pillar_content":false,"robots_default":true,"robots_noindex":false,"robots_noarchive":false,"robots_nosnippet":false,"robots_nofollow":false,"robots_noimageindex":false,"robots_noodp":false,"robots_notranslate":false,"robots_max_snippet":null,"robots_max_videopreview":null,"robots_max_imagepreview":"large","priority":null,"frequency":null,"location":null,"local_seo":null,"seo_analyzer_scan_date":"2025-08-31 10:52:17","breadcrumb_settings":null,"limit_modified_date":false,"reviewed_by":null,"open_ai":null,"ai":null,"created":"2020-12-21 10:39:40","updated":"2025-08-31 10:52:17"},"aioseo_breadcrumb":"<div class=\"aioseo-breadcrumbs\"><span class=\"aioseo-breadcrumb\">\n\t<a href=\"https:\/\/candas365.es\/noticias\" title=\"Home\">Home<\/a>\n<\/span><span class=\"aioseo-breadcrumb-separator\">&ndash;<\/span><span class=\"aioseo-breadcrumb\">\n\t<a href=\"https:\/\/candas365.es\/noticias\/category\/deporte\/\" title=\"Deporte\">Deporte<\/a>\n<\/span><span class=\"aioseo-breadcrumb-separator\">&ndash;<\/span><span class=\"aioseo-breadcrumb\">\n\tNadal pide unidad al mundo del tenis\n<\/span><\/div>","aioseo_breadcrumb_json":[{"label":"Home","link":"https:\/\/candas365.es\/noticias"},{"label":"Deporte","link":"https:\/\/candas365.es\/noticias\/category\/deporte\/"},{"label":"Nadal pide unidad al mundo del tenis","link":"https:\/\/candas365.es\/noticias\/nadal-pide-unidad-al-mundo-del-tenis\/"}],"_links":{"self":[{"href":"https:\/\/candas365.es\/noticias\/wp-json\/wp\/v2\/posts\/146453","targetHints":{"allow":["GET"]}}],"collection":[{"href":"https:\/\/candas365.es\/noticias\/wp-json\/wp\/v2\/posts"}],"about":[{"href":"https:\/\/candas365.es\/noticias\/wp-json\/wp\/v2\/types\/post"}],"author":[{"embeddable":true,"href":"https:\/\/candas365.es\/noticias\/wp-json\/wp\/v2\/users\/1"}],"replies":[{"embeddable":true,"href":"https:\/\/candas365.es\/noticias\/wp-json\/wp\/v2\/comments?post=146453"}],"version-history":[{"count":0,"href":"https:\/\/candas365.es\/noticias\/wp-json\/wp\/v2\/posts\/146453\/revisions"}],"wp:featuredmedia":[{"embeddable":true,"href":"https:\/\/candas365.es\/noticias\/wp-json\/wp\/v2\/media\/144500"}],"wp:attachment":[{"href":"https:\/\/candas365.es\/noticias\/wp-json\/wp\/v2\/media?parent=146453"}],"wp:term":[{"taxonomy":"category","embeddable":true,"href":"https:\/\/candas365.es\/noticias\/wp-json\/wp\/v2\/categories?post=146453"},{"taxonomy":"post_tag","embeddable":true,"href":"https:\/\/candas365.es\/noticias\/wp-json\/wp\/v2\/tags?post=146453"}],"curies":[{"name":"wp","href":"https:\/\/api.w.org\/{rel}","templated":true}]}}