{"id":146427,"date":"2020-08-30T12:02:13","date_gmt":"2020-08-30T12:02:13","guid":{"rendered":"http:\/\/candas365.es\/noticias\/?p=146427"},"modified":"2020-08-30T12:02:13","modified_gmt":"2020-08-30T12:02:13","slug":"ministro-aleman-apoya-la-vuelta-gradual-de-publico-a-los-estadios","status":"publish","type":"post","link":"https:\/\/candas365.es\/noticias\/ministro-aleman-apoya-la-vuelta-gradual-de-publico-a-los-estadios\/","title":{"rendered":"Ministro alem\u00e1n apoya la vuelta gradual de p\u00fablico a los estadios"},"content":{"rendered":"<figure id=\"attachment_146429\" aria-describedby=\"caption-attachment-146429\" style=\"width: 360px\" class=\"wp-caption alignleft\"><img fetchpriority=\"high\" decoding=\"async\" class=\"size-medium wp-image-146429\" src=\"https:\/\/candas365.es\/noticias\/wp-content\/uploads\/2020\/08\/Horst-Seehofer-360x228.jpg\" alt=\"\" width=\"360\" height=\"228\" srcset=\"https:\/\/candas365.es\/noticias\/wp-content\/uploads\/2020\/08\/Horst-Seehofer-360x228.jpg 360w, https:\/\/candas365.es\/noticias\/wp-content\/uploads\/2020\/08\/Horst-Seehofer-655x415.jpg 655w, https:\/\/candas365.es\/noticias\/wp-content\/uploads\/2020\/08\/Horst-Seehofer-768x486.jpg 768w, https:\/\/candas365.es\/noticias\/wp-content\/uploads\/2020\/08\/Horst-Seehofer-696x440.jpg 696w, https:\/\/candas365.es\/noticias\/wp-content\/uploads\/2020\/08\/Horst-Seehofer-664x420.jpg 664w, https:\/\/candas365.es\/noticias\/wp-content\/uploads\/2020\/08\/Horst-Seehofer.jpg 1035w\" sizes=\"(max-width: 360px) 100vw, 360px\" \/><figcaption id=\"caption-attachment-146429\" class=\"wp-caption-text\">Foto: Hannibal Hanschke\/Reuters Pool\/dpa<\/figcaption><\/figure>\n<p>Berl\u00edn, 29 ago (dpa) \u2013 El ministro alem\u00e1n del Interior, Horst Seehofer, se mostr\u00f3 partidario de alejarse de las \u00absoluciones extremas\u00bb en la cuesti\u00f3n de la asistencia de espectadores a grandes eventos deportivos y se decant\u00f3 por una vuelta gradual de p\u00fablico a estadios, en una entrevista que el peri\u00f3dico b\u00e1varo \u00abDonaukurier\u00bb publica hoy.<\/p>\n<p>\u00abPodemos dejar que los espectadores vuelvan lentamente a los estadios sin descuidar el control de la infecci\u00f3n\u00bb, dijo el pol\u00edtico conservador, a la vez que se mostr\u00f3 contento de que cada vez haya m\u00e1s partidarios de esta opini\u00f3n.<\/p>\n<p>Seehofer indic\u00f3 que estaba muy satisfecho con las decisiones de los primeros ministros de los estados federados alemanes, tomadas en una reuni\u00f3n celebrada junto a la canciller Angela Merkel el jueves.<\/p>\n<p>\u00abLa cuesti\u00f3n de no permitir la presencia de espectadores por un per\u00edodo de tiempo indefinido est\u00e1 fuera de discusi\u00f3n. Ahora examinaremos cu\u00e1ndo y c\u00f3mo podemos volver a vivir el deporte con la presencia de p\u00fablico\u00bb, se\u00f1al\u00f3 el ministro.<\/p>\n<p>Seg\u00fan Seehofer, en las pr\u00f3ximas semanas se desarrollar\u00e1n protocolos sobre c\u00f3mo permitir que los espectadores regresen a los recintos deportivos.<\/p>\n<p>\u00abNo se trata \u00fanicamente del f\u00fatbol, sino tambi\u00e9n de todos los dem\u00e1s deportes. Creo que tendremos planes m\u00e1s detallados a principios del oto\u00f1o (boreal)\u00bb, precis\u00f3.<\/p>\n<p>Seehofer dijo asimismo que busca lograr, por ejemplo, que tambi\u00e9n los aficionados al hockey sobre hielo puedan regresar a los pabellones este mismo a\u00f1o.<\/p>\n<p>\u00abMuchos clubes ya est\u00e1n trabajando en los protocolos. Por eso conf\u00edo en que pronto tendremos de nuevo espectadores en los estadios, aunque sea en n\u00famero limitado\u00bb, prosigui\u00f3.<\/p>\n<p>\u00abNo sabemos cu\u00e1nto nos mantendr\u00e1 a\u00fan ocupados la pandemia, pero todav\u00eda podr\u00eda ser alg\u00fan tiempo\u00bb, reconoci\u00f3 Seehofer.<\/p>\n<p>El ministro conservador a\u00f1adi\u00f3 que por ello las medidas de seguridad deber\u00e1n ser dise\u00f1adas para hacer posible la vida social. \u00abSi se siguen las reglas de prevenci\u00f3n, se puede asumir el riesgo y la responsabilidad. Hasta ahora, nos ha ido bien con ello en Alemania\u00bb, asegur\u00f3.<\/p>\n","protected":false},"excerpt":{"rendered":"<p>Berl\u00edn, 29 ago (dpa) \u2013 El ministro alem\u00e1n del Interior, Horst Seehofer, se mostr\u00f3 partidario de alejarse de las \u00absoluciones extremas\u00bb en la cuesti\u00f3n de la asistencia de espectadores a grandes eventos deportivos y se decant\u00f3 por una vuelta gradual de p\u00fablico a estadios, en una entrevista que el peri\u00f3dico b\u00e1varo \u00abDonaukurier\u00bb publica hoy. \u00abPodemos<\/p>\n","protected":false},"author":1,"featured_media":146429,"comment_status":"closed","ping_status":"closed","sticky":false,"template":"","format":"standard","meta":{"footnotes":""},"categories":[319],"tags":[],"class_list":{"0":"post-146427","1":"post","2":"type-post","3":"status-publish","4":"format-standard","5":"has-post-thumbnail","7":"category-deporte"},"aioseo_notices":[],"aioseo_head":"\n\t\t<!-- All in One SEO Pro 4.9.6.2 - aioseo.com -->\n\t<meta name=\"description\" content=\"Berl\u00edn, 29 ago (dpa) \u2013 El ministro alem\u00e1n del Interior, Horst Seehofer, se mostr\u00f3 partidario de alejarse de las &quot;soluciones extremas&quot; en la cuesti\u00f3n de la asistencia de espectadores a grandes eventos deportivos y se decant\u00f3 por una vuelta gradual de p\u00fablico a estadios, en una entrevista que el peri\u00f3dico b\u00e1varo &quot;Donaukurier&quot; publica hoy. &quot;Podemos\" \/>\n\t<meta name=\"robots\" content=\"max-image-preview:large\" \/>\n\t<meta name=\"author\" content=\"Cand\u00e1s 365\"\/>\n\t<meta name=\"google-site-verification\" content=\"UA-32230408-1\" \/>\n\t<meta name=\"msvalidate.01\" content=\"354F3CDFB2DA171B47FBE9ABF1F88D5\" \/>\n\t<meta name=\"keywords\" content=\"deporte\" \/>\n\t<link rel=\"canonical\" href=\"https:\/\/candas365.es\/noticias\/ministro-aleman-apoya-la-vuelta-gradual-de-publico-a-los-estadios\/\" \/>\n\t<meta name=\"generator\" content=\"All in One SEO Pro (AIOSEO) 4.9.6.2\" \/>\n\t\t<meta property=\"og:locale\" content=\"es_ES\" \/>\n\t\t<meta property=\"og:site_name\" content=\"Cand\u00e1s 365\" \/>\n\t\t<meta property=\"og:type\" content=\"article\" \/>\n\t\t<meta property=\"og:title\" content=\"Ministro alem\u00e1n apoya la vuelta gradual de p\u00fablico a los estadios | Cand\u00e1s 365\" \/>\n\t\t<meta property=\"og:description\" content=\"Berl\u00edn, 29 ago (dpa) \u2013 El ministro alem\u00e1n del Interior, Horst Seehofer, se mostr\u00f3 partidario de alejarse de las &quot;soluciones extremas&quot; en la cuesti\u00f3n de la asistencia de espectadores a grandes eventos deportivos y se decant\u00f3 por una vuelta gradual de p\u00fablico a estadios, en una entrevista que el peri\u00f3dico b\u00e1varo &quot;Donaukurier&quot; publica hoy. &quot;Podemos\" \/>\n\t\t<meta property=\"og:url\" content=\"https:\/\/candas365.es\/noticias\/ministro-aleman-apoya-la-vuelta-gradual-de-publico-a-los-estadios\/\" \/>\n\t\t<meta property=\"og:image\" content=\"https:\/\/candas365.es\/noticias\/wp-content\/uploads\/2020\/08\/Horst-Seehofer.jpg\" \/>\n\t\t<meta property=\"og:image:secure_url\" content=\"https:\/\/candas365.es\/noticias\/wp-content\/uploads\/2020\/08\/Horst-Seehofer.jpg\" \/>\n\t\t<meta property=\"og:image:width\" content=\"1035\" \/>\n\t\t<meta property=\"og:image:height\" content=\"655\" \/>\n\t\t<meta property=\"article:published_time\" content=\"2020-08-30T12:02:13+00:00\" \/>\n\t\t<meta property=\"article:modified_time\" content=\"2020-08-30T12:02:13+00:00\" \/>\n\t\t<meta property=\"article:publisher\" content=\"https:\/\/www.facebook.com\/Nachofdezber\" \/>\n\t\t<meta property=\"article:author\" content=\"https:\/\/www.facebook.com\/carrenoactualidad\" \/>\n\t\t<meta name=\"twitter:card\" content=\"summary_large_image\" \/>\n\t\t<meta name=\"twitter:site\" content=\"@NabercoDigital\" \/>\n\t\t<meta name=\"twitter:title\" content=\"Ministro alem\u00e1n apoya la vuelta gradual de p\u00fablico a los estadios | Cand\u00e1s 365\" \/>\n\t\t<meta name=\"twitter:description\" content=\"Berl\u00edn, 29 ago (dpa) \u2013 El ministro alem\u00e1n del Interior, Horst Seehofer, se mostr\u00f3 partidario de alejarse de las &quot;soluciones extremas&quot; en la cuesti\u00f3n de la asistencia de espectadores a grandes eventos deportivos y se decant\u00f3 por una vuelta gradual de p\u00fablico a estadios, en una entrevista que el peri\u00f3dico b\u00e1varo &quot;Donaukurier&quot; publica hoy. &quot;Podemos\" \/>\n\t\t<meta name=\"twitter:creator\" content=\"@nbasturias\" \/>\n\t\t<meta name=\"twitter:image\" content=\"https:\/\/candas365.es\/noticias\/wp-content\/uploads\/2020\/08\/Horst-Seehofer.jpg\" \/>\n\t\t<meta name=\"twitter:label1\" content=\"Escrito por\" \/>\n\t\t<meta name=\"twitter:data1\" content=\"Cand\u00e1s 365\" \/>\n\t\t<meta name=\"twitter:label2\" content=\"Tiempo de lectura estimado\" \/>\n\t\t<meta name=\"twitter:data2\" content=\"2 minutos\" \/>\n\t\t<script type=\"application\/ld+json\" class=\"aioseo-schema\">\n\t\t\t{\"@context\":\"https:\\\/\\\/schema.org\",\"@graph\":[{\"@type\":\"BreadcrumbList\",\"@id\":\"https:\\\/\\\/candas365.es\\\/noticias\\\/ministro-aleman-apoya-la-vuelta-gradual-de-publico-a-los-estadios\\\/#breadcrumblist\",\"itemListElement\":[{\"@type\":\"ListItem\",\"@id\":\"https:\\\/\\\/candas365.es\\\/noticias#listItem\",\"position\":1,\"name\":\"Home\",\"item\":\"https:\\\/\\\/candas365.es\\\/noticias\",\"nextItem\":{\"@type\":\"ListItem\",\"@id\":\"https:\\\/\\\/candas365.es\\\/noticias\\\/category\\\/deporte\\\/#listItem\",\"name\":\"Deporte\"}},{\"@type\":\"ListItem\",\"@id\":\"https:\\\/\\\/candas365.es\\\/noticias\\\/category\\\/deporte\\\/#listItem\",\"position\":2,\"name\":\"Deporte\",\"item\":\"https:\\\/\\\/candas365.es\\\/noticias\\\/category\\\/deporte\\\/\",\"nextItem\":{\"@type\":\"ListItem\",\"@id\":\"https:\\\/\\\/candas365.es\\\/noticias\\\/ministro-aleman-apoya-la-vuelta-gradual-de-publico-a-los-estadios\\\/#listItem\",\"name\":\"Ministro alem\\u00e1n apoya la vuelta gradual de p\\u00fablico a los estadios\"},\"previousItem\":{\"@type\":\"ListItem\",\"@id\":\"https:\\\/\\\/candas365.es\\\/noticias#listItem\",\"name\":\"Home\"}},{\"@type\":\"ListItem\",\"@id\":\"https:\\\/\\\/candas365.es\\\/noticias\\\/ministro-aleman-apoya-la-vuelta-gradual-de-publico-a-los-estadios\\\/#listItem\",\"position\":3,\"name\":\"Ministro alem\\u00e1n apoya la vuelta gradual de p\\u00fablico a los estadios\",\"previousItem\":{\"@type\":\"ListItem\",\"@id\":\"https:\\\/\\\/candas365.es\\\/noticias\\\/category\\\/deporte\\\/#listItem\",\"name\":\"Deporte\"}}]},{\"@type\":\"NewsArticle\",\"@id\":\"https:\\\/\\\/candas365.es\\\/noticias\\\/ministro-aleman-apoya-la-vuelta-gradual-de-publico-a-los-estadios\\\/#newsarticle\",\"name\":\"Ministro alem\\u00e1n apoya la vuelta gradual de p\\u00fablico a los estadios | Cand\\u00e1s 365\",\"headline\":\"Ministro alem\\u00e1n apoya la vuelta gradual de p\\u00fablico a los estadios\",\"author\":{\"@id\":\"https:\\\/\\\/candas365.es\\\/noticias\\\/author\\\/admin\\\/#author\"},\"publisher\":{\"@id\":\"https:\\\/\\\/candas365.es\\\/noticias\\\/#organization\"},\"image\":{\"@type\":\"ImageObject\",\"url\":\"https:\\\/\\\/candas365.es\\\/noticias\\\/wp-content\\\/uploads\\\/2020\\\/08\\\/Horst-Seehofer.jpg\",\"width\":1035,\"height\":655,\"caption\":\"Foto: Hannibal Hanschke\\\/Reuters Pool\\\/dpa\"},\"datePublished\":\"2020-08-30T12:02:13+02:00\",\"dateModified\":\"2020-08-30T12:02:13+02:00\",\"inLanguage\":\"es-ES\",\"mainEntityOfPage\":{\"@id\":\"https:\\\/\\\/candas365.es\\\/noticias\\\/ministro-aleman-apoya-la-vuelta-gradual-de-publico-a-los-estadios\\\/#webpage\"},\"isPartOf\":{\"@id\":\"https:\\\/\\\/candas365.es\\\/noticias\\\/ministro-aleman-apoya-la-vuelta-gradual-de-publico-a-los-estadios\\\/#webpage\"},\"articleSection\":\"Deporte\",\"dateline\":\"Publicado el agosto 30, 2020.\"},{\"@type\":\"Organization\",\"@id\":\"https:\\\/\\\/candas365.es\\\/noticias\\\/#organization\",\"name\":\"Cand\\u00e1s 365\",\"description\":\"Cand\\u00e1s 365 es un diario digital independiente, fundado en 2012, con base en Asturias. Informamos con rigor sobre actualidad, sociedad, cultura y ocio, con una mirada local y global.\",\"url\":\"https:\\\/\\\/candas365.es\\\/noticias\\\/\",\"email\":\"info@candas365.es\",\"telephone\":\"+34652131393\",\"foundingDate\":\"2012-06-10\",\"logo\":{\"@type\":\"ImageObject\",\"url\":\"https:\\\/\\\/candas365.es\\\/noticias\\\/wp-content\\\/uploads\\\/2024\\\/09\\\/Candas-365-Redes.jpg\",\"@id\":\"https:\\\/\\\/candas365.es\\\/noticias\\\/ministro-aleman-apoya-la-vuelta-gradual-de-publico-a-los-estadios\\\/#organizationLogo\",\"width\":1152,\"height\":864,\"caption\":\"Cand\\u00e1s 365 Redes\"},\"image\":{\"@id\":\"https:\\\/\\\/candas365.es\\\/noticias\\\/ministro-aleman-apoya-la-vuelta-gradual-de-publico-a-los-estadios\\\/#organizationLogo\"},\"sameAs\":[\"https:\\\/\\\/www.facebook.com\\\/Nachofdezber\",\"https:\\\/\\\/x.com\\\/NabercoDigital\",\"https:\\\/\\\/www.instagram.com\\\/nachofdezber\\\/\",\"https:\\\/\\\/www.youtube.com\\\/channel\\\/UCZP-2wLEB9Rv6erhFmqVnvg\"],\"address\":{\"@id\":\"https:\\\/\\\/candas365.es\\\/noticias\\\/#postaladdress\",\"@type\":\"PostalAddress\",\"streetAddress\":\"san antonio 4, san antonio 4\",\"postalCode\":\"33430\",\"addressLocality\":\"Cand\\u00e1s\",\"addressRegion\":\"Asturias\",\"addressCountry\":\"ES\"}},{\"@type\":\"Person\",\"@id\":\"https:\\\/\\\/candas365.es\\\/noticias\\\/author\\\/admin\\\/#author\",\"url\":\"https:\\\/\\\/candas365.es\\\/noticias\\\/author\\\/admin\\\/\",\"name\":\"Cand\\u00e1s 365\",\"image\":{\"@type\":\"ImageObject\",\"@id\":\"https:\\\/\\\/candas365.es\\\/noticias\\\/ministro-aleman-apoya-la-vuelta-gradual-de-publico-a-los-estadios\\\/#authorImage\",\"url\":\"https:\\\/\\\/secure.gravatar.com\\\/avatar\\\/496a8e03d0c493ede1718b7934145dbdf8d89be1036b0eec9544e1094c9de390?s=96&d=mm&r=g\",\"width\":96,\"height\":96,\"caption\":\"Cand\\u00e1s 365\"},\"sameAs\":[\"https:\\\/\\\/www.facebook.com\\\/carrenoactualidad\",\"https:\\\/\\\/twitter.com\\\/nbasturias\",\"https:\\\/\\\/www.instagram.com\\\/nachofdezber\\\/\",\"https:\\\/\\\/www.youtube.com\\\/channel\\\/UCZP-2wLEB9Rv6erhFmqVnvg\"]},{\"@type\":\"WebPage\",\"@id\":\"https:\\\/\\\/candas365.es\\\/noticias\\\/ministro-aleman-apoya-la-vuelta-gradual-de-publico-a-los-estadios\\\/#webpage\",\"url\":\"https:\\\/\\\/candas365.es\\\/noticias\\\/ministro-aleman-apoya-la-vuelta-gradual-de-publico-a-los-estadios\\\/\",\"name\":\"Ministro alem\\u00e1n apoya la vuelta gradual de p\\u00fablico a los estadios | Cand\\u00e1s 365\",\"description\":\"Berl\\u00edn, 29 ago (dpa) \\u2013 El ministro alem\\u00e1n del Interior, Horst Seehofer, se mostr\\u00f3 partidario de alejarse de las \\\"soluciones extremas\\\" en la cuesti\\u00f3n de la asistencia de espectadores a grandes eventos deportivos y se decant\\u00f3 por una vuelta gradual de p\\u00fablico a estadios, en una entrevista que el peri\\u00f3dico b\\u00e1varo \\\"Donaukurier\\\" publica hoy. \\\"Podemos\",\"inLanguage\":\"es-ES\",\"isPartOf\":{\"@id\":\"https:\\\/\\\/candas365.es\\\/noticias\\\/#website\"},\"breadcrumb\":{\"@id\":\"https:\\\/\\\/candas365.es\\\/noticias\\\/ministro-aleman-apoya-la-vuelta-gradual-de-publico-a-los-estadios\\\/#breadcrumblist\"},\"author\":{\"@id\":\"https:\\\/\\\/candas365.es\\\/noticias\\\/author\\\/admin\\\/#author\"},\"creator\":{\"@id\":\"https:\\\/\\\/candas365.es\\\/noticias\\\/author\\\/admin\\\/#author\"},\"image\":{\"@type\":\"ImageObject\",\"url\":\"https:\\\/\\\/candas365.es\\\/noticias\\\/wp-content\\\/uploads\\\/2020\\\/08\\\/Horst-Seehofer.jpg\",\"@id\":\"https:\\\/\\\/candas365.es\\\/noticias\\\/ministro-aleman-apoya-la-vuelta-gradual-de-publico-a-los-estadios\\\/#mainImage\",\"width\":1035,\"height\":655,\"caption\":\"Foto: Hannibal Hanschke\\\/Reuters Pool\\\/dpa\"},\"primaryImageOfPage\":{\"@id\":\"https:\\\/\\\/candas365.es\\\/noticias\\\/ministro-aleman-apoya-la-vuelta-gradual-de-publico-a-los-estadios\\\/#mainImage\"},\"datePublished\":\"2020-08-30T12:02:13+02:00\",\"dateModified\":\"2020-08-30T12:02:13+02:00\"},{\"@type\":\"WebSite\",\"@id\":\"https:\\\/\\\/candas365.es\\\/noticias\\\/#website\",\"url\":\"https:\\\/\\\/candas365.es\\\/noticias\\\/\",\"name\":\"Cand\\u00e1s 365\",\"alternateName\":\"Cand\\u00e1s 365 Noticias\",\"description\":\"Actualidad desde Carre\\u00f1o para el mundo\",\"inLanguage\":\"es-ES\",\"publisher\":{\"@id\":\"https:\\\/\\\/candas365.es\\\/noticias\\\/#organization\"}}]}\n\t\t<\/script>\n\t\t<!-- All in One SEO Pro -->\r\n\t\t<title>Ministro alem\u00e1n apoya la vuelta gradual de p\u00fablico a los estadios | Cand\u00e1s 365<\/title>\n\n","aioseo_head_json":{"title":"Ministro alem\u00e1n apoya la vuelta gradual de p\u00fablico a los estadios | Cand\u00e1s 365","description":"Berl\u00edn, 29 ago (dpa) \u2013 El ministro alem\u00e1n del Interior, Horst Seehofer, se mostr\u00f3 partidario de alejarse de las \"soluciones extremas\" en la cuesti\u00f3n de la asistencia de espectadores a grandes eventos deportivos y se decant\u00f3 por una vuelta gradual de p\u00fablico a estadios, en una entrevista que el peri\u00f3dico b\u00e1varo \"Donaukurier\" publica hoy. \"Podemos","canonical_url":"https:\/\/candas365.es\/noticias\/ministro-aleman-apoya-la-vuelta-gradual-de-publico-a-los-estadios\/","robots":"max-image-preview:large","keywords":"deporte","webmasterTools":{"google-site-verification":"UA-32230408-1","msvalidate.01":"354F3CDFB2DA171B47FBE9ABF1F88D5","miscellaneous":""},"schema":{"@context":"https:\/\/schema.org","@graph":[{"@type":"BreadcrumbList","@id":"https:\/\/candas365.es\/noticias\/ministro-aleman-apoya-la-vuelta-gradual-de-publico-a-los-estadios\/#breadcrumblist","itemListElement":[{"@type":"ListItem","@id":"https:\/\/candas365.es\/noticias#listItem","position":1,"name":"Home","item":"https:\/\/candas365.es\/noticias","nextItem":{"@type":"ListItem","@id":"https:\/\/candas365.es\/noticias\/category\/deporte\/#listItem","name":"Deporte"}},{"@type":"ListItem","@id":"https:\/\/candas365.es\/noticias\/category\/deporte\/#listItem","position":2,"name":"Deporte","item":"https:\/\/candas365.es\/noticias\/category\/deporte\/","nextItem":{"@type":"ListItem","@id":"https:\/\/candas365.es\/noticias\/ministro-aleman-apoya-la-vuelta-gradual-de-publico-a-los-estadios\/#listItem","name":"Ministro alem\u00e1n apoya la vuelta gradual de p\u00fablico a los estadios"},"previousItem":{"@type":"ListItem","@id":"https:\/\/candas365.es\/noticias#listItem","name":"Home"}},{"@type":"ListItem","@id":"https:\/\/candas365.es\/noticias\/ministro-aleman-apoya-la-vuelta-gradual-de-publico-a-los-estadios\/#listItem","position":3,"name":"Ministro alem\u00e1n apoya la vuelta gradual de p\u00fablico a los estadios","previousItem":{"@type":"ListItem","@id":"https:\/\/candas365.es\/noticias\/category\/deporte\/#listItem","name":"Deporte"}}]},{"@type":"NewsArticle","@id":"https:\/\/candas365.es\/noticias\/ministro-aleman-apoya-la-vuelta-gradual-de-publico-a-los-estadios\/#newsarticle","name":"Ministro alem\u00e1n apoya la vuelta gradual de p\u00fablico a los estadios | Cand\u00e1s 365","headline":"Ministro alem\u00e1n apoya la vuelta gradual de p\u00fablico a los estadios","author":{"@id":"https:\/\/candas365.es\/noticias\/author\/admin\/#author"},"publisher":{"@id":"https:\/\/candas365.es\/noticias\/#organization"},"image":{"@type":"ImageObject","url":"https:\/\/candas365.es\/noticias\/wp-content\/uploads\/2020\/08\/Horst-Seehofer.jpg","width":1035,"height":655,"caption":"Foto: Hannibal Hanschke\/Reuters Pool\/dpa"},"datePublished":"2020-08-30T12:02:13+02:00","dateModified":"2020-08-30T12:02:13+02:00","inLanguage":"es-ES","mainEntityOfPage":{"@id":"https:\/\/candas365.es\/noticias\/ministro-aleman-apoya-la-vuelta-gradual-de-publico-a-los-estadios\/#webpage"},"isPartOf":{"@id":"https:\/\/candas365.es\/noticias\/ministro-aleman-apoya-la-vuelta-gradual-de-publico-a-los-estadios\/#webpage"},"articleSection":"Deporte","dateline":"Publicado el agosto 30, 2020."},{"@type":"Organization","@id":"https:\/\/candas365.es\/noticias\/#organization","name":"Cand\u00e1s 365","description":"Cand\u00e1s 365 es un diario digital independiente, fundado en 2012, con base en Asturias. Informamos con rigor sobre actualidad, sociedad, cultura y ocio, con una mirada local y global.","url":"https:\/\/candas365.es\/noticias\/","email":"info@candas365.es","telephone":"+34652131393","foundingDate":"2012-06-10","logo":{"@type":"ImageObject","url":"https:\/\/candas365.es\/noticias\/wp-content\/uploads\/2024\/09\/Candas-365-Redes.jpg","@id":"https:\/\/candas365.es\/noticias\/ministro-aleman-apoya-la-vuelta-gradual-de-publico-a-los-estadios\/#organizationLogo","width":1152,"height":864,"caption":"Cand\u00e1s 365 Redes"},"image":{"@id":"https:\/\/candas365.es\/noticias\/ministro-aleman-apoya-la-vuelta-gradual-de-publico-a-los-estadios\/#organizationLogo"},"sameAs":["https:\/\/www.facebook.com\/Nachofdezber","https:\/\/x.com\/NabercoDigital","https:\/\/www.instagram.com\/nachofdezber\/","https:\/\/www.youtube.com\/channel\/UCZP-2wLEB9Rv6erhFmqVnvg"],"address":{"@id":"https:\/\/candas365.es\/noticias\/#postaladdress","@type":"PostalAddress","streetAddress":"san antonio 4, san antonio 4","postalCode":"33430","addressLocality":"Cand\u00e1s","addressRegion":"Asturias","addressCountry":"ES"}},{"@type":"Person","@id":"https:\/\/candas365.es\/noticias\/author\/admin\/#author","url":"https:\/\/candas365.es\/noticias\/author\/admin\/","name":"Cand\u00e1s 365","image":{"@type":"ImageObject","@id":"https:\/\/candas365.es\/noticias\/ministro-aleman-apoya-la-vuelta-gradual-de-publico-a-los-estadios\/#authorImage","url":"https:\/\/secure.gravatar.com\/avatar\/496a8e03d0c493ede1718b7934145dbdf8d89be1036b0eec9544e1094c9de390?s=96&d=mm&r=g","width":96,"height":96,"caption":"Cand\u00e1s 365"},"sameAs":["https:\/\/www.facebook.com\/carrenoactualidad","https:\/\/twitter.com\/nbasturias","https:\/\/www.instagram.com\/nachofdezber\/","https:\/\/www.youtube.com\/channel\/UCZP-2wLEB9Rv6erhFmqVnvg"]},{"@type":"WebPage","@id":"https:\/\/candas365.es\/noticias\/ministro-aleman-apoya-la-vuelta-gradual-de-publico-a-los-estadios\/#webpage","url":"https:\/\/candas365.es\/noticias\/ministro-aleman-apoya-la-vuelta-gradual-de-publico-a-los-estadios\/","name":"Ministro alem\u00e1n apoya la vuelta gradual de p\u00fablico a los estadios | Cand\u00e1s 365","description":"Berl\u00edn, 29 ago (dpa) \u2013 El ministro alem\u00e1n del Interior, Horst Seehofer, se mostr\u00f3 partidario de alejarse de las \"soluciones extremas\" en la cuesti\u00f3n de la asistencia de espectadores a grandes eventos deportivos y se decant\u00f3 por una vuelta gradual de p\u00fablico a estadios, en una entrevista que el peri\u00f3dico b\u00e1varo \"Donaukurier\" publica hoy. \"Podemos","inLanguage":"es-ES","isPartOf":{"@id":"https:\/\/candas365.es\/noticias\/#website"},"breadcrumb":{"@id":"https:\/\/candas365.es\/noticias\/ministro-aleman-apoya-la-vuelta-gradual-de-publico-a-los-estadios\/#breadcrumblist"},"author":{"@id":"https:\/\/candas365.es\/noticias\/author\/admin\/#author"},"creator":{"@id":"https:\/\/candas365.es\/noticias\/author\/admin\/#author"},"image":{"@type":"ImageObject","url":"https:\/\/candas365.es\/noticias\/wp-content\/uploads\/2020\/08\/Horst-Seehofer.jpg","@id":"https:\/\/candas365.es\/noticias\/ministro-aleman-apoya-la-vuelta-gradual-de-publico-a-los-estadios\/#mainImage","width":1035,"height":655,"caption":"Foto: Hannibal Hanschke\/Reuters Pool\/dpa"},"primaryImageOfPage":{"@id":"https:\/\/candas365.es\/noticias\/ministro-aleman-apoya-la-vuelta-gradual-de-publico-a-los-estadios\/#mainImage"},"datePublished":"2020-08-30T12:02:13+02:00","dateModified":"2020-08-30T12:02:13+02:00"},{"@type":"WebSite","@id":"https:\/\/candas365.es\/noticias\/#website","url":"https:\/\/candas365.es\/noticias\/","name":"Cand\u00e1s 365","alternateName":"Cand\u00e1s 365 Noticias","description":"Actualidad desde Carre\u00f1o para el mundo","inLanguage":"es-ES","publisher":{"@id":"https:\/\/candas365.es\/noticias\/#organization"}}]},"og:locale":"es_ES","og:site_name":"Cand\u00e1s 365","og:type":"article","og:title":"Ministro alem\u00e1n apoya la vuelta gradual de p\u00fablico a los estadios | Cand\u00e1s 365","og:description":"Berl\u00edn, 29 ago (dpa) \u2013 El ministro alem\u00e1n del Interior, Horst Seehofer, se mostr\u00f3 partidario de alejarse de las &quot;soluciones extremas&quot; en la cuesti\u00f3n de la asistencia de espectadores a grandes eventos deportivos y se decant\u00f3 por una vuelta gradual de p\u00fablico a estadios, en una entrevista que el peri\u00f3dico b\u00e1varo &quot;Donaukurier&quot; publica hoy. &quot;Podemos","og:url":"https:\/\/candas365.es\/noticias\/ministro-aleman-apoya-la-vuelta-gradual-de-publico-a-los-estadios\/","og:image":"https:\/\/candas365.es\/noticias\/wp-content\/uploads\/2020\/08\/Horst-Seehofer.jpg","og:image:secure_url":"https:\/\/candas365.es\/noticias\/wp-content\/uploads\/2020\/08\/Horst-Seehofer.jpg","og:image:width":1035,"og:image:height":655,"article:published_time":"2020-08-30T12:02:13+00:00","article:modified_time":"2020-08-30T12:02:13+00:00","article:publisher":"https:\/\/www.facebook.com\/Nachofdezber","article:author":"https:\/\/www.facebook.com\/carrenoactualidad","twitter:card":"summary_large_image","twitter:site":"@NabercoDigital","twitter:title":"Ministro alem\u00e1n apoya la vuelta gradual de p\u00fablico a los estadios | Cand\u00e1s 365","twitter:description":"Berl\u00edn, 29 ago (dpa) \u2013 El ministro alem\u00e1n del Interior, Horst Seehofer, se mostr\u00f3 partidario de alejarse de las &quot;soluciones extremas&quot; en la cuesti\u00f3n de la asistencia de espectadores a grandes eventos deportivos y se decant\u00f3 por una vuelta gradual de p\u00fablico a estadios, en una entrevista que el peri\u00f3dico b\u00e1varo &quot;Donaukurier&quot; publica hoy. &quot;Podemos","twitter:creator":"@nbasturias","twitter:image":"https:\/\/candas365.es\/noticias\/wp-content\/uploads\/2020\/08\/Horst-Seehofer.jpg","twitter:label1":"Escrito por","twitter:data1":"Cand\u00e1s 365","twitter:label2":"Tiempo de lectura estimado","twitter:data2":"2 minutos"},"aioseo_meta_data":{"post_id":"146427","title":null,"description":"","keywords":"","keyphrases":null,"primary_term":null,"canonical_url":"","og_title":null,"og_description":null,"og_object_type":"default","og_image_type":"default","og_image_url":null,"og_image_width":null,"og_image_height":null,"og_image_custom_url":null,"og_image_custom_fields":null,"og_video":null,"og_custom_url":null,"og_article_section":null,"og_article_tags":null,"twitter_use_og":false,"twitter_card":"default","twitter_image_type":"default","twitter_image_url":null,"twitter_image_custom_url":null,"twitter_image_custom_fields":null,"twitter_title":null,"twitter_description":null,"schema":{"blockGraphs":[],"customGraphs":[],"default":{"data":{"Article":[],"Course":[],"Dataset":[],"FAQPage":[],"Movie":[],"Person":[],"Product":[],"ProductReview":[],"Car":[],"Recipe":[],"Service":[],"SoftwareApplication":[],"WebPage":[]},"graphName":"","isEnabled":true},"graphs":[],"defaultGraph":"","defaultPostTypeGraph":""},"schema_type":null,"schema_type_options":null,"pillar_content":false,"robots_default":true,"robots_noindex":false,"robots_noarchive":false,"robots_nosnippet":false,"robots_nofollow":false,"robots_noimageindex":false,"robots_noodp":false,"robots_notranslate":false,"robots_max_snippet":null,"robots_max_videopreview":null,"robots_max_imagepreview":"large","priority":null,"frequency":null,"location":null,"local_seo":null,"seo_analyzer_scan_date":"2025-08-31 10:50:19","breadcrumb_settings":null,"limit_modified_date":false,"reviewed_by":null,"open_ai":null,"ai":null,"created":"2020-12-21 10:39:45","updated":"2025-08-31 10:50:19"},"aioseo_breadcrumb":"<div class=\"aioseo-breadcrumbs\"><span class=\"aioseo-breadcrumb\">\n\t<a href=\"https:\/\/candas365.es\/noticias\" title=\"Home\">Home<\/a>\n<\/span><span class=\"aioseo-breadcrumb-separator\">&ndash;<\/span><span class=\"aioseo-breadcrumb\">\n\t<a href=\"https:\/\/candas365.es\/noticias\/category\/deporte\/\" title=\"Deporte\">Deporte<\/a>\n<\/span><span class=\"aioseo-breadcrumb-separator\">&ndash;<\/span><span class=\"aioseo-breadcrumb\">\n\tMinistro alem\u00e1n apoya la vuelta gradual de p\u00fablico a los estadios\n<\/span><\/div>","aioseo_breadcrumb_json":[{"label":"Home","link":"https:\/\/candas365.es\/noticias"},{"label":"Deporte","link":"https:\/\/candas365.es\/noticias\/category\/deporte\/"},{"label":"Ministro alem\u00e1n apoya la vuelta gradual de p\u00fablico a los estadios","link":"https:\/\/candas365.es\/noticias\/ministro-aleman-apoya-la-vuelta-gradual-de-publico-a-los-estadios\/"}],"_links":{"self":[{"href":"https:\/\/candas365.es\/noticias\/wp-json\/wp\/v2\/posts\/146427","targetHints":{"allow":["GET"]}}],"collection":[{"href":"https:\/\/candas365.es\/noticias\/wp-json\/wp\/v2\/posts"}],"about":[{"href":"https:\/\/candas365.es\/noticias\/wp-json\/wp\/v2\/types\/post"}],"author":[{"embeddable":true,"href":"https:\/\/candas365.es\/noticias\/wp-json\/wp\/v2\/users\/1"}],"replies":[{"embeddable":true,"href":"https:\/\/candas365.es\/noticias\/wp-json\/wp\/v2\/comments?post=146427"}],"version-history":[{"count":0,"href":"https:\/\/candas365.es\/noticias\/wp-json\/wp\/v2\/posts\/146427\/revisions"}],"wp:featuredmedia":[{"embeddable":true,"href":"https:\/\/candas365.es\/noticias\/wp-json\/wp\/v2\/media\/146429"}],"wp:attachment":[{"href":"https:\/\/candas365.es\/noticias\/wp-json\/wp\/v2\/media?parent=146427"}],"wp:term":[{"taxonomy":"category","embeddable":true,"href":"https:\/\/candas365.es\/noticias\/wp-json\/wp\/v2\/categories?post=146427"},{"taxonomy":"post_tag","embeddable":true,"href":"https:\/\/candas365.es\/noticias\/wp-json\/wp\/v2\/tags?post=146427"}],"curies":[{"name":"wp","href":"https:\/\/api.w.org\/{rel}","templated":true}]}}