{"id":146424,"date":"2020-08-30T11:57:59","date_gmt":"2020-08-30T11:57:59","guid":{"rendered":"http:\/\/candas365.es\/noticias\/?p=146424"},"modified":"2020-08-30T11:57:59","modified_gmt":"2020-08-30T11:57:59","slug":"critico-literario-aleman-a-favor-de-un-lenguaje-mas-simplificado","status":"publish","type":"post","link":"https:\/\/candas365.es\/noticias\/critico-literario-aleman-a-favor-de-un-lenguaje-mas-simplificado\/","title":{"rendered":"Cr\u00edtico literario alem\u00e1n, a favor de un lenguaje m\u00e1s simplificado"},"content":{"rendered":"<p><img fetchpriority=\"high\" decoding=\"async\" class=\"alignleft size-medium wp-image-146425\" src=\"https:\/\/candas365.es\/noticias\/wp-content\/uploads\/2020\/08\/old-books-436498_640-360x240.jpg\" alt=\"\" width=\"360\" height=\"240\" srcset=\"https:\/\/candas365.es\/noticias\/wp-content\/uploads\/2020\/08\/old-books-436498_640-360x240.jpg 360w, https:\/\/candas365.es\/noticias\/wp-content\/uploads\/2020\/08\/old-books-436498_640-631x420.jpg 631w, https:\/\/candas365.es\/noticias\/wp-content\/uploads\/2020\/08\/old-books-436498_640.jpg 640w\" sizes=\"(max-width: 360px) 100vw, 360px\" \/>Fr\u00e1ncfort, 29 ago (dpa) &#8211; El autor y cr\u00edtico literario alem\u00e1n Hauke H\u00fcckst\u00e4dt opina que la literatura contempor\u00e1nea excluye a demasiadas personas y estima que las publicaciones en lenguaje simplificado abren un nuevo cap\u00edtulo en la historia de la literatura.<\/p>\n<p>H\u00fcckst\u00e4dt, quien dirige la Literaturhaus (Casa de la Literatura) de Fr\u00e1ncfort y es portavoz de la red de casas de literatura en Alemania, Austria y Suiza, recopil\u00f3 la colecci\u00f3n de cuentos \u00abLiES\u00bb. Literatura en Lenguaje Simple\u00bb, publicada por la editorial Piper.<\/p>\n<p>\u00abM\u00e1s de 17 millones de personas en Alemania no saben leer bien\u00bb, explica H\u00fcckst\u00e4dt, a\u00f1adiendo que este es un gran tema inmerso en la oscuridad con el que el sector literario se ha acostumbrado a convivir.<\/p>\n<p>La editorial, por su parte, acota que el libro en lenguaje simple surgi\u00f3 debido a la impresi\u00f3n de \u00abque la literatura contempor\u00e1nea actualmente apenas logra llegar a los grandes c\u00edrculos\u00bb.<\/p>\n<p>H\u00fcckst\u00e4dt considera que es inaceptable excluir a tanta gente de la literatura, entre ellas personas con demencia, que tienen que aprender el idioma alem\u00e1n, ni\u00f1os en clases de inclusi\u00f3n o personas con dificultades de lectura.<\/p>\n<p>En su opini\u00f3n, la literatura no debe ser \u00abun libro con siete sellos\u00bb, seg\u00fan escribe en el ep\u00edlogo. \u00abLo que es dif\u00edcil no tiene por qu\u00e9 ser mejor\u00bb, agrega.<\/p>\n<p>H\u00fcckst\u00e4dt comenz\u00f3 en 2016 a preguntar a autores si quer\u00edan participar en el proyecto y recibi\u00f3 una sola respuesta negativa. As\u00ed surgieron 13 textos que fueron le\u00eddos en las Casas de la Literatura y que ahora aparecen recopilados en el libro.<\/p>\n<p>Los escritores tuvieron que seguir determinadas reglas para el proyecto: utilizar palabras simples y frases cortas, no incluir cambios de perspectiva ni saltos en el tiempo y la lectura en voz alta no debe llevar m\u00e1s de 20 minutos.<\/p>\n<p>\u00abPara los autores, esta tarea fue enriquecedora\u00bb, indica H\u00fcckst\u00e4dt, aclarando que los textos resultantes no son algo similar a un \u00abart\u00edculo de una tienda de productos ortop\u00e9dicos, sino arte\u00bb.<\/p>\n<p>Entre los autores se encuentran Alissa Walser, Arno Geiger, Judith Hermann, Kristof Mangnusson, Mirko Bonn\u00e9 y Nora Bossong.<\/p>\n<p>H\u00fcckst\u00e4dt se\u00f1ala que para \u00e9l mismo, este fue \u00abun proyecto del coraz\u00f3n, lo m\u00e1s importante que he hecho en mi vida profesional\u00bb.<\/p>\n<p>Cuando el libro sali\u00f3 a la venta en la primavera boreal, reinaba solo un tema: el coronavirus. La Feria del Libro de Leipzig, donde deb\u00eda presentarse, fue cancelada. Sin embargo, la editorial Piper pronto imprimi\u00f3 una segunda edici\u00f3n. H\u00fcckst\u00e4dt lo ve como una se\u00f1al de \u00abque la aceptaci\u00f3n est\u00e1 aumentando, que esto continuar\u00e1\u00bb.<\/p>\n<p>Mientras tanto, se decidi\u00f3 ya a comenzar con una tercera serie con otros doce autores. Sin embargo, debido al n\u00famero limitado de visitantes en eventos causado por las restricciones, la serie no continuar\u00e1 hasta 2021.<\/p>\n","protected":false},"excerpt":{"rendered":"<p>Fr\u00e1ncfort, 29 ago (dpa) &#8211; El autor y cr\u00edtico literario alem\u00e1n Hauke H\u00fcckst\u00e4dt opina que la literatura contempor\u00e1nea excluye a demasiadas personas y estima que las publicaciones en lenguaje simplificado abren un nuevo cap\u00edtulo en la historia de la literatura. H\u00fcckst\u00e4dt, quien dirige la Literaturhaus (Casa de la Literatura) de Fr\u00e1ncfort y es portavoz de<\/p>\n","protected":false},"author":1,"featured_media":146425,"comment_status":"closed","ping_status":"closed","sticky":false,"template":"","format":"standard","meta":{"footnotes":""},"categories":[142],"tags":[],"class_list":{"0":"post-146424","1":"post","2":"type-post","3":"status-publish","4":"format-standard","5":"has-post-thumbnail","7":"category-revista"},"aioseo_notices":[],"aioseo_head":"\n\t\t<!-- All in One SEO Pro 4.9.6.2 - aioseo.com -->\n\t<meta name=\"description\" content=\"Fr\u00e1ncfort, 29 ago (dpa) - El autor y cr\u00edtico literario alem\u00e1n Hauke H\u00fcckst\u00e4dt opina que la literatura contempor\u00e1nea excluye a demasiadas personas y estima que las publicaciones en lenguaje simplificado abren un nuevo cap\u00edtulo en la historia de la literatura. H\u00fcckst\u00e4dt, quien dirige la Literaturhaus (Casa de la Literatura) de Fr\u00e1ncfort y es portavoz de\" \/>\n\t<meta name=\"robots\" content=\"max-image-preview:large\" \/>\n\t<meta name=\"author\" content=\"Cand\u00e1s 365\"\/>\n\t<meta name=\"google-site-verification\" content=\"UA-32230408-1\" \/>\n\t<meta name=\"msvalidate.01\" content=\"354F3CDFB2DA171B47FBE9ABF1F88D5\" \/>\n\t<meta name=\"keywords\" content=\"revista\" \/>\n\t<link rel=\"canonical\" href=\"https:\/\/candas365.es\/noticias\/critico-literario-aleman-a-favor-de-un-lenguaje-mas-simplificado\/\" \/>\n\t<meta name=\"generator\" content=\"All in One SEO Pro (AIOSEO) 4.9.6.2\" \/>\n\t\t<meta property=\"og:locale\" content=\"es_ES\" \/>\n\t\t<meta property=\"og:site_name\" content=\"Cand\u00e1s 365\" \/>\n\t\t<meta property=\"og:type\" content=\"article\" \/>\n\t\t<meta property=\"og:title\" content=\"Cr\u00edtico literario alem\u00e1n, a favor de un lenguaje m\u00e1s simplificado | Cand\u00e1s 365\" \/>\n\t\t<meta property=\"og:description\" content=\"Fr\u00e1ncfort, 29 ago (dpa) - El autor y cr\u00edtico literario alem\u00e1n Hauke H\u00fcckst\u00e4dt opina que la literatura contempor\u00e1nea excluye a demasiadas personas y estima que las publicaciones en lenguaje simplificado abren un nuevo cap\u00edtulo en la historia de la literatura. H\u00fcckst\u00e4dt, quien dirige la Literaturhaus (Casa de la Literatura) de Fr\u00e1ncfort y es portavoz de\" \/>\n\t\t<meta property=\"og:url\" content=\"https:\/\/candas365.es\/noticias\/critico-literario-aleman-a-favor-de-un-lenguaje-mas-simplificado\/\" \/>\n\t\t<meta property=\"og:image\" content=\"https:\/\/candas365.es\/noticias\/wp-content\/uploads\/2020\/08\/old-books-436498_640.jpg\" \/>\n\t\t<meta property=\"og:image:secure_url\" content=\"https:\/\/candas365.es\/noticias\/wp-content\/uploads\/2020\/08\/old-books-436498_640.jpg\" \/>\n\t\t<meta property=\"og:image:width\" content=\"640\" \/>\n\t\t<meta property=\"og:image:height\" content=\"426\" \/>\n\t\t<meta property=\"article:published_time\" content=\"2020-08-30T11:57:59+00:00\" \/>\n\t\t<meta property=\"article:modified_time\" content=\"2020-08-30T11:57:59+00:00\" \/>\n\t\t<meta property=\"article:publisher\" content=\"https:\/\/www.facebook.com\/Nachofdezber\" \/>\n\t\t<meta property=\"article:author\" content=\"https:\/\/www.facebook.com\/carrenoactualidad\" \/>\n\t\t<meta name=\"twitter:card\" content=\"summary_large_image\" \/>\n\t\t<meta name=\"twitter:site\" content=\"@NabercoDigital\" \/>\n\t\t<meta name=\"twitter:title\" content=\"Cr\u00edtico literario alem\u00e1n, a favor de un lenguaje m\u00e1s simplificado | Cand\u00e1s 365\" \/>\n\t\t<meta name=\"twitter:description\" content=\"Fr\u00e1ncfort, 29 ago (dpa) - El autor y cr\u00edtico literario alem\u00e1n Hauke H\u00fcckst\u00e4dt opina que la literatura contempor\u00e1nea excluye a demasiadas personas y estima que las publicaciones en lenguaje simplificado abren un nuevo cap\u00edtulo en la historia de la literatura. H\u00fcckst\u00e4dt, quien dirige la Literaturhaus (Casa de la Literatura) de Fr\u00e1ncfort y es portavoz de\" \/>\n\t\t<meta name=\"twitter:creator\" content=\"@nbasturias\" \/>\n\t\t<meta name=\"twitter:image\" content=\"https:\/\/candas365.es\/noticias\/wp-content\/uploads\/2020\/08\/old-books-436498_640.jpg\" \/>\n\t\t<meta name=\"twitter:label1\" content=\"Escrito por\" \/>\n\t\t<meta name=\"twitter:data1\" content=\"Cand\u00e1s 365\" \/>\n\t\t<meta name=\"twitter:label2\" content=\"Tiempo de lectura estimado\" \/>\n\t\t<meta name=\"twitter:data2\" content=\"2 minutos\" \/>\n\t\t<script type=\"application\/ld+json\" class=\"aioseo-schema\">\n\t\t\t{\"@context\":\"https:\\\/\\\/schema.org\",\"@graph\":[{\"@type\":\"BreadcrumbList\",\"@id\":\"https:\\\/\\\/candas365.es\\\/noticias\\\/critico-literario-aleman-a-favor-de-un-lenguaje-mas-simplificado\\\/#breadcrumblist\",\"itemListElement\":[{\"@type\":\"ListItem\",\"@id\":\"https:\\\/\\\/candas365.es\\\/noticias#listItem\",\"position\":1,\"name\":\"Home\",\"item\":\"https:\\\/\\\/candas365.es\\\/noticias\",\"nextItem\":{\"@type\":\"ListItem\",\"@id\":\"https:\\\/\\\/candas365.es\\\/noticias\\\/category\\\/revista\\\/#listItem\",\"name\":\"Revista\"}},{\"@type\":\"ListItem\",\"@id\":\"https:\\\/\\\/candas365.es\\\/noticias\\\/category\\\/revista\\\/#listItem\",\"position\":2,\"name\":\"Revista\",\"item\":\"https:\\\/\\\/candas365.es\\\/noticias\\\/category\\\/revista\\\/\",\"nextItem\":{\"@type\":\"ListItem\",\"@id\":\"https:\\\/\\\/candas365.es\\\/noticias\\\/critico-literario-aleman-a-favor-de-un-lenguaje-mas-simplificado\\\/#listItem\",\"name\":\"Cr\\u00edtico literario alem\\u00e1n, a favor de un lenguaje m\\u00e1s simplificado\"},\"previousItem\":{\"@type\":\"ListItem\",\"@id\":\"https:\\\/\\\/candas365.es\\\/noticias#listItem\",\"name\":\"Home\"}},{\"@type\":\"ListItem\",\"@id\":\"https:\\\/\\\/candas365.es\\\/noticias\\\/critico-literario-aleman-a-favor-de-un-lenguaje-mas-simplificado\\\/#listItem\",\"position\":3,\"name\":\"Cr\\u00edtico literario alem\\u00e1n, a favor de un lenguaje m\\u00e1s simplificado\",\"previousItem\":{\"@type\":\"ListItem\",\"@id\":\"https:\\\/\\\/candas365.es\\\/noticias\\\/category\\\/revista\\\/#listItem\",\"name\":\"Revista\"}}]},{\"@type\":\"NewsArticle\",\"@id\":\"https:\\\/\\\/candas365.es\\\/noticias\\\/critico-literario-aleman-a-favor-de-un-lenguaje-mas-simplificado\\\/#newsarticle\",\"name\":\"Cr\\u00edtico literario alem\\u00e1n, a favor de un lenguaje m\\u00e1s simplificado | Cand\\u00e1s 365\",\"headline\":\"Cr\\u00edtico literario alem\\u00e1n, a favor de un lenguaje m\\u00e1s simplificado\",\"author\":{\"@id\":\"https:\\\/\\\/candas365.es\\\/noticias\\\/author\\\/admin\\\/#author\"},\"publisher\":{\"@id\":\"https:\\\/\\\/candas365.es\\\/noticias\\\/#organization\"},\"image\":{\"@type\":\"ImageObject\",\"url\":\"https:\\\/\\\/candas365.es\\\/noticias\\\/wp-content\\\/uploads\\\/2020\\\/08\\\/old-books-436498_640.jpg\",\"width\":640,\"height\":426},\"datePublished\":\"2020-08-30T11:57:59+02:00\",\"dateModified\":\"2020-08-30T11:57:59+02:00\",\"inLanguage\":\"es-ES\",\"mainEntityOfPage\":{\"@id\":\"https:\\\/\\\/candas365.es\\\/noticias\\\/critico-literario-aleman-a-favor-de-un-lenguaje-mas-simplificado\\\/#webpage\"},\"isPartOf\":{\"@id\":\"https:\\\/\\\/candas365.es\\\/noticias\\\/critico-literario-aleman-a-favor-de-un-lenguaje-mas-simplificado\\\/#webpage\"},\"articleSection\":\"Revista\",\"dateline\":\"Publicado el agosto 30, 2020.\"},{\"@type\":\"Organization\",\"@id\":\"https:\\\/\\\/candas365.es\\\/noticias\\\/#organization\",\"name\":\"Cand\\u00e1s 365\",\"description\":\"Cand\\u00e1s 365 es un diario digital independiente, fundado en 2012, con base en Asturias. Informamos con rigor sobre actualidad, sociedad, cultura y ocio, con una mirada local y global.\",\"url\":\"https:\\\/\\\/candas365.es\\\/noticias\\\/\",\"email\":\"info@candas365.es\",\"telephone\":\"+34652131393\",\"foundingDate\":\"2012-06-10\",\"logo\":{\"@type\":\"ImageObject\",\"url\":\"https:\\\/\\\/candas365.es\\\/noticias\\\/wp-content\\\/uploads\\\/2024\\\/09\\\/Candas-365-Redes.jpg\",\"@id\":\"https:\\\/\\\/candas365.es\\\/noticias\\\/critico-literario-aleman-a-favor-de-un-lenguaje-mas-simplificado\\\/#organizationLogo\",\"width\":1152,\"height\":864,\"caption\":\"Cand\\u00e1s 365 Redes\"},\"image\":{\"@id\":\"https:\\\/\\\/candas365.es\\\/noticias\\\/critico-literario-aleman-a-favor-de-un-lenguaje-mas-simplificado\\\/#organizationLogo\"},\"sameAs\":[\"https:\\\/\\\/www.facebook.com\\\/Nachofdezber\",\"https:\\\/\\\/x.com\\\/NabercoDigital\",\"https:\\\/\\\/www.instagram.com\\\/nachofdezber\\\/\",\"https:\\\/\\\/www.youtube.com\\\/channel\\\/UCZP-2wLEB9Rv6erhFmqVnvg\"],\"address\":{\"@id\":\"https:\\\/\\\/candas365.es\\\/noticias\\\/#postaladdress\",\"@type\":\"PostalAddress\",\"streetAddress\":\"san antonio 4, san antonio 4\",\"postalCode\":\"33430\",\"addressLocality\":\"Cand\\u00e1s\",\"addressRegion\":\"Asturias\",\"addressCountry\":\"ES\"}},{\"@type\":\"Person\",\"@id\":\"https:\\\/\\\/candas365.es\\\/noticias\\\/author\\\/admin\\\/#author\",\"url\":\"https:\\\/\\\/candas365.es\\\/noticias\\\/author\\\/admin\\\/\",\"name\":\"Cand\\u00e1s 365\",\"image\":{\"@type\":\"ImageObject\",\"@id\":\"https:\\\/\\\/candas365.es\\\/noticias\\\/critico-literario-aleman-a-favor-de-un-lenguaje-mas-simplificado\\\/#authorImage\",\"url\":\"https:\\\/\\\/secure.gravatar.com\\\/avatar\\\/496a8e03d0c493ede1718b7934145dbdf8d89be1036b0eec9544e1094c9de390?s=96&d=mm&r=g\",\"width\":96,\"height\":96,\"caption\":\"Cand\\u00e1s 365\"},\"sameAs\":[\"https:\\\/\\\/www.facebook.com\\\/carrenoactualidad\",\"https:\\\/\\\/twitter.com\\\/nbasturias\",\"https:\\\/\\\/www.instagram.com\\\/nachofdezber\\\/\",\"https:\\\/\\\/www.youtube.com\\\/channel\\\/UCZP-2wLEB9Rv6erhFmqVnvg\"]},{\"@type\":\"WebPage\",\"@id\":\"https:\\\/\\\/candas365.es\\\/noticias\\\/critico-literario-aleman-a-favor-de-un-lenguaje-mas-simplificado\\\/#webpage\",\"url\":\"https:\\\/\\\/candas365.es\\\/noticias\\\/critico-literario-aleman-a-favor-de-un-lenguaje-mas-simplificado\\\/\",\"name\":\"Cr\\u00edtico literario alem\\u00e1n, a favor de un lenguaje m\\u00e1s simplificado | Cand\\u00e1s 365\",\"description\":\"Fr\\u00e1ncfort, 29 ago (dpa) - El autor y cr\\u00edtico literario alem\\u00e1n Hauke H\\u00fcckst\\u00e4dt opina que la literatura contempor\\u00e1nea excluye a demasiadas personas y estima que las publicaciones en lenguaje simplificado abren un nuevo cap\\u00edtulo en la historia de la literatura. H\\u00fcckst\\u00e4dt, quien dirige la Literaturhaus (Casa de la Literatura) de Fr\\u00e1ncfort y es portavoz de\",\"inLanguage\":\"es-ES\",\"isPartOf\":{\"@id\":\"https:\\\/\\\/candas365.es\\\/noticias\\\/#website\"},\"breadcrumb\":{\"@id\":\"https:\\\/\\\/candas365.es\\\/noticias\\\/critico-literario-aleman-a-favor-de-un-lenguaje-mas-simplificado\\\/#breadcrumblist\"},\"author\":{\"@id\":\"https:\\\/\\\/candas365.es\\\/noticias\\\/author\\\/admin\\\/#author\"},\"creator\":{\"@id\":\"https:\\\/\\\/candas365.es\\\/noticias\\\/author\\\/admin\\\/#author\"},\"image\":{\"@type\":\"ImageObject\",\"url\":\"https:\\\/\\\/candas365.es\\\/noticias\\\/wp-content\\\/uploads\\\/2020\\\/08\\\/old-books-436498_640.jpg\",\"@id\":\"https:\\\/\\\/candas365.es\\\/noticias\\\/critico-literario-aleman-a-favor-de-un-lenguaje-mas-simplificado\\\/#mainImage\",\"width\":640,\"height\":426},\"primaryImageOfPage\":{\"@id\":\"https:\\\/\\\/candas365.es\\\/noticias\\\/critico-literario-aleman-a-favor-de-un-lenguaje-mas-simplificado\\\/#mainImage\"},\"datePublished\":\"2020-08-30T11:57:59+02:00\",\"dateModified\":\"2020-08-30T11:57:59+02:00\"},{\"@type\":\"WebSite\",\"@id\":\"https:\\\/\\\/candas365.es\\\/noticias\\\/#website\",\"url\":\"https:\\\/\\\/candas365.es\\\/noticias\\\/\",\"name\":\"Cand\\u00e1s 365\",\"alternateName\":\"Cand\\u00e1s 365 Noticias\",\"description\":\"Actualidad desde Carre\\u00f1o para el mundo\",\"inLanguage\":\"es-ES\",\"publisher\":{\"@id\":\"https:\\\/\\\/candas365.es\\\/noticias\\\/#organization\"}}]}\n\t\t<\/script>\n\t\t<!-- All in One SEO Pro -->\r\n\t\t<title>Cr\u00edtico literario alem\u00e1n, a favor de un lenguaje m\u00e1s simplificado | Cand\u00e1s 365<\/title>\n\n","aioseo_head_json":{"title":"Cr\u00edtico literario alem\u00e1n, a favor de un lenguaje m\u00e1s simplificado | Cand\u00e1s 365","description":"Fr\u00e1ncfort, 29 ago (dpa) - El autor y cr\u00edtico literario alem\u00e1n Hauke H\u00fcckst\u00e4dt opina que la literatura contempor\u00e1nea excluye a demasiadas personas y estima que las publicaciones en lenguaje simplificado abren un nuevo cap\u00edtulo en la historia de la literatura. H\u00fcckst\u00e4dt, quien dirige la Literaturhaus (Casa de la Literatura) de Fr\u00e1ncfort y es portavoz de","canonical_url":"https:\/\/candas365.es\/noticias\/critico-literario-aleman-a-favor-de-un-lenguaje-mas-simplificado\/","robots":"max-image-preview:large","keywords":"revista","webmasterTools":{"google-site-verification":"UA-32230408-1","msvalidate.01":"354F3CDFB2DA171B47FBE9ABF1F88D5","miscellaneous":""},"schema":{"@context":"https:\/\/schema.org","@graph":[{"@type":"BreadcrumbList","@id":"https:\/\/candas365.es\/noticias\/critico-literario-aleman-a-favor-de-un-lenguaje-mas-simplificado\/#breadcrumblist","itemListElement":[{"@type":"ListItem","@id":"https:\/\/candas365.es\/noticias#listItem","position":1,"name":"Home","item":"https:\/\/candas365.es\/noticias","nextItem":{"@type":"ListItem","@id":"https:\/\/candas365.es\/noticias\/category\/revista\/#listItem","name":"Revista"}},{"@type":"ListItem","@id":"https:\/\/candas365.es\/noticias\/category\/revista\/#listItem","position":2,"name":"Revista","item":"https:\/\/candas365.es\/noticias\/category\/revista\/","nextItem":{"@type":"ListItem","@id":"https:\/\/candas365.es\/noticias\/critico-literario-aleman-a-favor-de-un-lenguaje-mas-simplificado\/#listItem","name":"Cr\u00edtico literario alem\u00e1n, a favor de un lenguaje m\u00e1s simplificado"},"previousItem":{"@type":"ListItem","@id":"https:\/\/candas365.es\/noticias#listItem","name":"Home"}},{"@type":"ListItem","@id":"https:\/\/candas365.es\/noticias\/critico-literario-aleman-a-favor-de-un-lenguaje-mas-simplificado\/#listItem","position":3,"name":"Cr\u00edtico literario alem\u00e1n, a favor de un lenguaje m\u00e1s simplificado","previousItem":{"@type":"ListItem","@id":"https:\/\/candas365.es\/noticias\/category\/revista\/#listItem","name":"Revista"}}]},{"@type":"NewsArticle","@id":"https:\/\/candas365.es\/noticias\/critico-literario-aleman-a-favor-de-un-lenguaje-mas-simplificado\/#newsarticle","name":"Cr\u00edtico literario alem\u00e1n, a favor de un lenguaje m\u00e1s simplificado | Cand\u00e1s 365","headline":"Cr\u00edtico literario alem\u00e1n, a favor de un lenguaje m\u00e1s simplificado","author":{"@id":"https:\/\/candas365.es\/noticias\/author\/admin\/#author"},"publisher":{"@id":"https:\/\/candas365.es\/noticias\/#organization"},"image":{"@type":"ImageObject","url":"https:\/\/candas365.es\/noticias\/wp-content\/uploads\/2020\/08\/old-books-436498_640.jpg","width":640,"height":426},"datePublished":"2020-08-30T11:57:59+02:00","dateModified":"2020-08-30T11:57:59+02:00","inLanguage":"es-ES","mainEntityOfPage":{"@id":"https:\/\/candas365.es\/noticias\/critico-literario-aleman-a-favor-de-un-lenguaje-mas-simplificado\/#webpage"},"isPartOf":{"@id":"https:\/\/candas365.es\/noticias\/critico-literario-aleman-a-favor-de-un-lenguaje-mas-simplificado\/#webpage"},"articleSection":"Revista","dateline":"Publicado el agosto 30, 2020."},{"@type":"Organization","@id":"https:\/\/candas365.es\/noticias\/#organization","name":"Cand\u00e1s 365","description":"Cand\u00e1s 365 es un diario digital independiente, fundado en 2012, con base en Asturias. Informamos con rigor sobre actualidad, sociedad, cultura y ocio, con una mirada local y global.","url":"https:\/\/candas365.es\/noticias\/","email":"info@candas365.es","telephone":"+34652131393","foundingDate":"2012-06-10","logo":{"@type":"ImageObject","url":"https:\/\/candas365.es\/noticias\/wp-content\/uploads\/2024\/09\/Candas-365-Redes.jpg","@id":"https:\/\/candas365.es\/noticias\/critico-literario-aleman-a-favor-de-un-lenguaje-mas-simplificado\/#organizationLogo","width":1152,"height":864,"caption":"Cand\u00e1s 365 Redes"},"image":{"@id":"https:\/\/candas365.es\/noticias\/critico-literario-aleman-a-favor-de-un-lenguaje-mas-simplificado\/#organizationLogo"},"sameAs":["https:\/\/www.facebook.com\/Nachofdezber","https:\/\/x.com\/NabercoDigital","https:\/\/www.instagram.com\/nachofdezber\/","https:\/\/www.youtube.com\/channel\/UCZP-2wLEB9Rv6erhFmqVnvg"],"address":{"@id":"https:\/\/candas365.es\/noticias\/#postaladdress","@type":"PostalAddress","streetAddress":"san antonio 4, san antonio 4","postalCode":"33430","addressLocality":"Cand\u00e1s","addressRegion":"Asturias","addressCountry":"ES"}},{"@type":"Person","@id":"https:\/\/candas365.es\/noticias\/author\/admin\/#author","url":"https:\/\/candas365.es\/noticias\/author\/admin\/","name":"Cand\u00e1s 365","image":{"@type":"ImageObject","@id":"https:\/\/candas365.es\/noticias\/critico-literario-aleman-a-favor-de-un-lenguaje-mas-simplificado\/#authorImage","url":"https:\/\/secure.gravatar.com\/avatar\/496a8e03d0c493ede1718b7934145dbdf8d89be1036b0eec9544e1094c9de390?s=96&d=mm&r=g","width":96,"height":96,"caption":"Cand\u00e1s 365"},"sameAs":["https:\/\/www.facebook.com\/carrenoactualidad","https:\/\/twitter.com\/nbasturias","https:\/\/www.instagram.com\/nachofdezber\/","https:\/\/www.youtube.com\/channel\/UCZP-2wLEB9Rv6erhFmqVnvg"]},{"@type":"WebPage","@id":"https:\/\/candas365.es\/noticias\/critico-literario-aleman-a-favor-de-un-lenguaje-mas-simplificado\/#webpage","url":"https:\/\/candas365.es\/noticias\/critico-literario-aleman-a-favor-de-un-lenguaje-mas-simplificado\/","name":"Cr\u00edtico literario alem\u00e1n, a favor de un lenguaje m\u00e1s simplificado | Cand\u00e1s 365","description":"Fr\u00e1ncfort, 29 ago (dpa) - El autor y cr\u00edtico literario alem\u00e1n Hauke H\u00fcckst\u00e4dt opina que la literatura contempor\u00e1nea excluye a demasiadas personas y estima que las publicaciones en lenguaje simplificado abren un nuevo cap\u00edtulo en la historia de la literatura. H\u00fcckst\u00e4dt, quien dirige la Literaturhaus (Casa de la Literatura) de Fr\u00e1ncfort y es portavoz de","inLanguage":"es-ES","isPartOf":{"@id":"https:\/\/candas365.es\/noticias\/#website"},"breadcrumb":{"@id":"https:\/\/candas365.es\/noticias\/critico-literario-aleman-a-favor-de-un-lenguaje-mas-simplificado\/#breadcrumblist"},"author":{"@id":"https:\/\/candas365.es\/noticias\/author\/admin\/#author"},"creator":{"@id":"https:\/\/candas365.es\/noticias\/author\/admin\/#author"},"image":{"@type":"ImageObject","url":"https:\/\/candas365.es\/noticias\/wp-content\/uploads\/2020\/08\/old-books-436498_640.jpg","@id":"https:\/\/candas365.es\/noticias\/critico-literario-aleman-a-favor-de-un-lenguaje-mas-simplificado\/#mainImage","width":640,"height":426},"primaryImageOfPage":{"@id":"https:\/\/candas365.es\/noticias\/critico-literario-aleman-a-favor-de-un-lenguaje-mas-simplificado\/#mainImage"},"datePublished":"2020-08-30T11:57:59+02:00","dateModified":"2020-08-30T11:57:59+02:00"},{"@type":"WebSite","@id":"https:\/\/candas365.es\/noticias\/#website","url":"https:\/\/candas365.es\/noticias\/","name":"Cand\u00e1s 365","alternateName":"Cand\u00e1s 365 Noticias","description":"Actualidad desde Carre\u00f1o para el mundo","inLanguage":"es-ES","publisher":{"@id":"https:\/\/candas365.es\/noticias\/#organization"}}]},"og:locale":"es_ES","og:site_name":"Cand\u00e1s 365","og:type":"article","og:title":"Cr\u00edtico literario alem\u00e1n, a favor de un lenguaje m\u00e1s simplificado | Cand\u00e1s 365","og:description":"Fr\u00e1ncfort, 29 ago (dpa) - El autor y cr\u00edtico literario alem\u00e1n Hauke H\u00fcckst\u00e4dt opina que la literatura contempor\u00e1nea excluye a demasiadas personas y estima que las publicaciones en lenguaje simplificado abren un nuevo cap\u00edtulo en la historia de la literatura. H\u00fcckst\u00e4dt, quien dirige la Literaturhaus (Casa de la Literatura) de Fr\u00e1ncfort y es portavoz de","og:url":"https:\/\/candas365.es\/noticias\/critico-literario-aleman-a-favor-de-un-lenguaje-mas-simplificado\/","og:image":"https:\/\/candas365.es\/noticias\/wp-content\/uploads\/2020\/08\/old-books-436498_640.jpg","og:image:secure_url":"https:\/\/candas365.es\/noticias\/wp-content\/uploads\/2020\/08\/old-books-436498_640.jpg","og:image:width":640,"og:image:height":426,"article:published_time":"2020-08-30T11:57:59+00:00","article:modified_time":"2020-08-30T11:57:59+00:00","article:publisher":"https:\/\/www.facebook.com\/Nachofdezber","article:author":"https:\/\/www.facebook.com\/carrenoactualidad","twitter:card":"summary_large_image","twitter:site":"@NabercoDigital","twitter:title":"Cr\u00edtico literario alem\u00e1n, a favor de un lenguaje m\u00e1s simplificado | Cand\u00e1s 365","twitter:description":"Fr\u00e1ncfort, 29 ago (dpa) - El autor y cr\u00edtico literario alem\u00e1n Hauke H\u00fcckst\u00e4dt opina que la literatura contempor\u00e1nea excluye a demasiadas personas y estima que las publicaciones en lenguaje simplificado abren un nuevo cap\u00edtulo en la historia de la literatura. H\u00fcckst\u00e4dt, quien dirige la Literaturhaus (Casa de la Literatura) de Fr\u00e1ncfort y es portavoz de","twitter:creator":"@nbasturias","twitter:image":"https:\/\/candas365.es\/noticias\/wp-content\/uploads\/2020\/08\/old-books-436498_640.jpg","twitter:label1":"Escrito por","twitter:data1":"Cand\u00e1s 365","twitter:label2":"Tiempo de lectura estimado","twitter:data2":"2 minutos"},"aioseo_meta_data":{"post_id":"146424","title":null,"description":"","keywords":"","keyphrases":null,"primary_term":null,"canonical_url":"","og_title":null,"og_description":null,"og_object_type":"default","og_image_type":"default","og_image_url":null,"og_image_width":null,"og_image_height":null,"og_image_custom_url":null,"og_image_custom_fields":null,"og_video":null,"og_custom_url":null,"og_article_section":null,"og_article_tags":null,"twitter_use_og":false,"twitter_card":"default","twitter_image_type":"default","twitter_image_url":null,"twitter_image_custom_url":null,"twitter_image_custom_fields":null,"twitter_title":null,"twitter_description":null,"schema":{"blockGraphs":[],"customGraphs":[],"default":{"data":{"Article":[],"Course":[],"Dataset":[],"FAQPage":[],"Movie":[],"Person":[],"Product":[],"ProductReview":[],"Car":[],"Recipe":[],"Service":[],"SoftwareApplication":[],"WebPage":[]},"graphName":"","isEnabled":true},"graphs":[],"defaultGraph":"","defaultPostTypeGraph":""},"schema_type":null,"schema_type_options":null,"pillar_content":false,"robots_default":true,"robots_noindex":false,"robots_noarchive":false,"robots_nosnippet":false,"robots_nofollow":false,"robots_noimageindex":false,"robots_noodp":false,"robots_notranslate":false,"robots_max_snippet":null,"robots_max_videopreview":null,"robots_max_imagepreview":"large","priority":null,"frequency":null,"location":null,"local_seo":null,"seo_analyzer_scan_date":"2025-08-31 10:50:19","breadcrumb_settings":null,"limit_modified_date":false,"reviewed_by":null,"open_ai":null,"ai":null,"created":"2020-12-21 10:39:45","updated":"2025-08-31 10:50:19"},"aioseo_breadcrumb":"<div class=\"aioseo-breadcrumbs\"><span class=\"aioseo-breadcrumb\">\n\t<a href=\"https:\/\/candas365.es\/noticias\" title=\"Home\">Home<\/a>\n<\/span><span class=\"aioseo-breadcrumb-separator\">&ndash;<\/span><span class=\"aioseo-breadcrumb\">\n\t<a href=\"https:\/\/candas365.es\/noticias\/category\/revista\/\" title=\"Revista\">Revista<\/a>\n<\/span><span class=\"aioseo-breadcrumb-separator\">&ndash;<\/span><span class=\"aioseo-breadcrumb\">\n\tCr\u00edtico literario alem\u00e1n, a favor de un lenguaje m\u00e1s simplificado\n<\/span><\/div>","aioseo_breadcrumb_json":[{"label":"Home","link":"https:\/\/candas365.es\/noticias"},{"label":"Revista","link":"https:\/\/candas365.es\/noticias\/category\/revista\/"},{"label":"Cr\u00edtico literario alem\u00e1n, a favor de un lenguaje m\u00e1s simplificado","link":"https:\/\/candas365.es\/noticias\/critico-literario-aleman-a-favor-de-un-lenguaje-mas-simplificado\/"}],"_links":{"self":[{"href":"https:\/\/candas365.es\/noticias\/wp-json\/wp\/v2\/posts\/146424","targetHints":{"allow":["GET"]}}],"collection":[{"href":"https:\/\/candas365.es\/noticias\/wp-json\/wp\/v2\/posts"}],"about":[{"href":"https:\/\/candas365.es\/noticias\/wp-json\/wp\/v2\/types\/post"}],"author":[{"embeddable":true,"href":"https:\/\/candas365.es\/noticias\/wp-json\/wp\/v2\/users\/1"}],"replies":[{"embeddable":true,"href":"https:\/\/candas365.es\/noticias\/wp-json\/wp\/v2\/comments?post=146424"}],"version-history":[{"count":0,"href":"https:\/\/candas365.es\/noticias\/wp-json\/wp\/v2\/posts\/146424\/revisions"}],"wp:featuredmedia":[{"embeddable":true,"href":"https:\/\/candas365.es\/noticias\/wp-json\/wp\/v2\/media\/146425"}],"wp:attachment":[{"href":"https:\/\/candas365.es\/noticias\/wp-json\/wp\/v2\/media?parent=146424"}],"wp:term":[{"taxonomy":"category","embeddable":true,"href":"https:\/\/candas365.es\/noticias\/wp-json\/wp\/v2\/categories?post=146424"},{"taxonomy":"post_tag","embeddable":true,"href":"https:\/\/candas365.es\/noticias\/wp-json\/wp\/v2\/tags?post=146424"}],"curies":[{"name":"wp","href":"https:\/\/api.w.org\/{rel}","templated":true}]}}