{"id":146001,"date":"2020-08-19T10:32:16","date_gmt":"2020-08-19T10:32:16","guid":{"rendered":"http:\/\/candas365.es\/noticias\/?p=146001"},"modified":"2020-08-19T10:32:16","modified_gmt":"2020-08-19T10:32:16","slug":"trabajos-para-mejorar-la-accesibilidad-en-candas","status":"publish","type":"post","link":"https:\/\/candas365.es\/noticias\/trabajos-para-mejorar-la-accesibilidad-en-candas\/","title":{"rendered":"Trabajos para mejorar la accesibilidad en Cand\u00e1s"},"content":{"rendered":"<figure id=\"attachment_146002\" aria-describedby=\"caption-attachment-146002\" style=\"width: 360px\" class=\"wp-caption alignleft\"><img fetchpriority=\"high\" decoding=\"async\" class=\"size-medium wp-image-146002\" src=\"https:\/\/candas365.es\/noticias\/wp-content\/uploads\/2020\/08\/Obras-Candas-360x254.jpg\" alt=\"\" width=\"360\" height=\"254\" srcset=\"https:\/\/candas365.es\/noticias\/wp-content\/uploads\/2020\/08\/Obras-Candas-360x254.jpg 360w, https:\/\/candas365.es\/noticias\/wp-content\/uploads\/2020\/08\/Obras-Candas-655x462.jpg 655w, https:\/\/candas365.es\/noticias\/wp-content\/uploads\/2020\/08\/Obras-Candas-768x542.jpg 768w, https:\/\/candas365.es\/noticias\/wp-content\/uploads\/2020\/08\/Obras-Candas-696x491.jpg 696w, https:\/\/candas365.es\/noticias\/wp-content\/uploads\/2020\/08\/Obras-Candas-595x420.jpg 595w, https:\/\/candas365.es\/noticias\/wp-content\/uploads\/2020\/08\/Obras-Candas-100x70.jpg 100w, https:\/\/candas365.es\/noticias\/wp-content\/uploads\/2020\/08\/Obras-Candas.jpg 1003w\" sizes=\"(max-width: 360px) 100vw, 360px\" \/><figcaption id=\"caption-attachment-146002\" class=\"wp-caption-text\">FOTO CEDIDA POR AYTO CARRE\u00d1O<\/figcaption><\/figure>\n<p>El personal del Plan de Empleo, en el marco de los itinerarios integrados de activaci\u00f3n en el \u00e1mbito local, llevar\u00e1 a cabo mejoras de accesibilidad del entronque de la Calle Doctor Fleming con Alvarado. Previamente se actu\u00f3 en rebaje de acerca en el entorno del solar de Inocencio Rodr\u00edguez Sol\u00eds.<\/p>\n<p><strong>El Ayuntamiento de Carre\u00f1o dise\u00f1\u00f3 con ASPAYM el I Plan de Accesibilidad de Cand\u00e1s<\/strong>. En \u00e9l se puso de manifiesto los problemas de accesibilidad de la villa debido sobre todo a su orograf\u00eda y a su situaci\u00f3n geogr\u00e1fica. Partiendo de ese diagn\u00f3stico, a lo largo de estos a\u00f1os, se ha venido actuando en diversos puntos, con un doble objetivo, mejorar la calidad de vida de la ciudadan\u00eda y hacer de la capital de Carre\u00f1o un concejo accesible para todos y todas.<\/p>\n<p>Partiendo de estas premisas el consistorio planteo al Servicio P\u00fablico de Empleo un plan anual para dotar o mejorar la funcionalidad existente en aquellos espacios p\u00fablicos que necesitan una intervenci\u00f3n puntual, es decir, la eliminaci\u00f3n de barreras arquitect\u00f3nicas siguiendo las directrices del Plan de Accesibilidad Municipal.<\/p>\n<p>En la zona de la calle Doctor Fleming se ven\u00eda observando que las ra\u00edces de los \u00e1rboles ubicados en la acera estaban levantando no s\u00f3lo las baldosas, si no que el relleno del alcorque que le rodea. Lo que daba una sensaci\u00f3n de inseguridad a las personas que transitan por ella, adem\u00e1s de problemas de estabilidad, de accesibilidad y la posibilidad de ca\u00eddas. Para eliminar esos problemas se est\u00e1 interviniendo.<\/p>\n<p>Las obras de mejora consisten en la reparaci\u00f3n de los alcorques y el rebaje de la acera hasta la misma altura del bordillo, es decir, a 1,50 cent\u00edmetros. De esta forma la acera ser\u00e1 100% accesible, eliminando cualquier obst\u00e1culo que evite la movilidad de las personas viandantes. Adem\u00e1s, como complemento, se har\u00e1 una reestructuraci\u00f3n de las ra\u00edces de los \u00e1rboles.<\/p>\n<p>&nbsp;<\/p>\n","protected":false},"excerpt":{"rendered":"<p>El personal del Plan de Empleo, en el marco de los itinerarios integrados de activaci\u00f3n en el \u00e1mbito local, llevar\u00e1 a cabo mejoras de accesibilidad del entronque de la Calle Doctor Fleming con Alvarado. Previamente se actu\u00f3 en rebaje de acerca en el entorno del solar de Inocencio Rodr\u00edguez Sol\u00eds. El Ayuntamiento de Carre\u00f1o dise\u00f1\u00f3<\/p>\n","protected":false},"author":1,"featured_media":146002,"comment_status":"closed","ping_status":"closed","sticky":false,"template":"","format":"standard","meta":{"footnotes":""},"categories":[2],"tags":[],"class_list":{"0":"post-146001","1":"post","2":"type-post","3":"status-publish","4":"format-standard","5":"has-post-thumbnail","7":"category-noticias-carreno"},"aioseo_notices":[],"aioseo_head":"\n\t\t<!-- All in One SEO Pro 4.9.6.2 - aioseo.com -->\n\t<meta name=\"description\" content=\"El personal del Plan de Empleo, en el marco de los itinerarios integrados de activaci\u00f3n en el \u00e1mbito local, llevar\u00e1 a cabo mejoras de accesibilidad del entronque de la Calle Doctor Fleming con Alvarado. Previamente se actu\u00f3 en rebaje de acerca en el entorno del solar de Inocencio Rodr\u00edguez Sol\u00eds. El Ayuntamiento de Carre\u00f1o dise\u00f1\u00f3\" \/>\n\t<meta name=\"robots\" content=\"max-image-preview:large\" \/>\n\t<meta name=\"author\" content=\"Cand\u00e1s 365\"\/>\n\t<meta name=\"google-site-verification\" content=\"UA-32230408-1\" \/>\n\t<meta name=\"msvalidate.01\" content=\"354F3CDFB2DA171B47FBE9ABF1F88D5\" \/>\n\t<meta name=\"keywords\" content=\"noticias carre\u00f1o\" \/>\n\t<link rel=\"canonical\" href=\"https:\/\/candas365.es\/noticias\/trabajos-para-mejorar-la-accesibilidad-en-candas\/\" \/>\n\t<meta name=\"generator\" content=\"All in One SEO Pro (AIOSEO) 4.9.6.2\" \/>\n\t\t<meta property=\"og:locale\" content=\"es_ES\" \/>\n\t\t<meta property=\"og:site_name\" content=\"Cand\u00e1s 365\" \/>\n\t\t<meta property=\"og:type\" content=\"article\" \/>\n\t\t<meta property=\"og:title\" content=\"Trabajos para mejorar la accesibilidad en Cand\u00e1s | Cand\u00e1s 365\" \/>\n\t\t<meta property=\"og:description\" content=\"El personal del Plan de Empleo, en el marco de los itinerarios integrados de activaci\u00f3n en el \u00e1mbito local, llevar\u00e1 a cabo mejoras de accesibilidad del entronque de la Calle Doctor Fleming con Alvarado. Previamente se actu\u00f3 en rebaje de acerca en el entorno del solar de Inocencio Rodr\u00edguez Sol\u00eds. El Ayuntamiento de Carre\u00f1o dise\u00f1\u00f3\" \/>\n\t\t<meta property=\"og:url\" content=\"https:\/\/candas365.es\/noticias\/trabajos-para-mejorar-la-accesibilidad-en-candas\/\" \/>\n\t\t<meta property=\"og:image\" content=\"https:\/\/candas365.es\/noticias\/wp-content\/uploads\/2020\/08\/Obras-Candas.jpg\" \/>\n\t\t<meta property=\"og:image:secure_url\" content=\"https:\/\/candas365.es\/noticias\/wp-content\/uploads\/2020\/08\/Obras-Candas.jpg\" \/>\n\t\t<meta property=\"og:image:width\" content=\"1003\" \/>\n\t\t<meta property=\"og:image:height\" content=\"708\" \/>\n\t\t<meta property=\"article:published_time\" content=\"2020-08-19T10:32:16+00:00\" \/>\n\t\t<meta property=\"article:modified_time\" content=\"2020-08-19T10:32:16+00:00\" \/>\n\t\t<meta property=\"article:publisher\" content=\"https:\/\/www.facebook.com\/Nachofdezber\" \/>\n\t\t<meta property=\"article:author\" content=\"https:\/\/www.facebook.com\/carrenoactualidad\" \/>\n\t\t<meta name=\"twitter:card\" content=\"summary_large_image\" \/>\n\t\t<meta name=\"twitter:site\" content=\"@NabercoDigital\" \/>\n\t\t<meta name=\"twitter:title\" content=\"Trabajos para mejorar la accesibilidad en Cand\u00e1s | Cand\u00e1s 365\" \/>\n\t\t<meta name=\"twitter:description\" content=\"El personal del Plan de Empleo, en el marco de los itinerarios integrados de activaci\u00f3n en el \u00e1mbito local, llevar\u00e1 a cabo mejoras de accesibilidad del entronque de la Calle Doctor Fleming con Alvarado. Previamente se actu\u00f3 en rebaje de acerca en el entorno del solar de Inocencio Rodr\u00edguez Sol\u00eds. El Ayuntamiento de Carre\u00f1o dise\u00f1\u00f3\" \/>\n\t\t<meta name=\"twitter:creator\" content=\"@nbasturias\" \/>\n\t\t<meta name=\"twitter:image\" content=\"https:\/\/candas365.es\/noticias\/wp-content\/uploads\/2020\/08\/Obras-Candas.jpg\" \/>\n\t\t<meta name=\"twitter:label1\" content=\"Escrito por\" \/>\n\t\t<meta name=\"twitter:data1\" content=\"Cand\u00e1s 365\" \/>\n\t\t<meta name=\"twitter:label2\" content=\"Tiempo de lectura estimado\" \/>\n\t\t<meta name=\"twitter:data2\" content=\"2 minutos\" \/>\n\t\t<script type=\"application\/ld+json\" class=\"aioseo-schema\">\n\t\t\t{\"@context\":\"https:\\\/\\\/schema.org\",\"@graph\":[{\"@type\":\"BreadcrumbList\",\"@id\":\"https:\\\/\\\/candas365.es\\\/noticias\\\/trabajos-para-mejorar-la-accesibilidad-en-candas\\\/#breadcrumblist\",\"itemListElement\":[{\"@type\":\"ListItem\",\"@id\":\"https:\\\/\\\/candas365.es\\\/noticias#listItem\",\"position\":1,\"name\":\"Home\",\"item\":\"https:\\\/\\\/candas365.es\\\/noticias\",\"nextItem\":{\"@type\":\"ListItem\",\"@id\":\"https:\\\/\\\/candas365.es\\\/noticias\\\/category\\\/noticias-carreno\\\/#listItem\",\"name\":\"Noticias Carre\\u00f1o\"}},{\"@type\":\"ListItem\",\"@id\":\"https:\\\/\\\/candas365.es\\\/noticias\\\/category\\\/noticias-carreno\\\/#listItem\",\"position\":2,\"name\":\"Noticias Carre\\u00f1o\",\"item\":\"https:\\\/\\\/candas365.es\\\/noticias\\\/category\\\/noticias-carreno\\\/\",\"nextItem\":{\"@type\":\"ListItem\",\"@id\":\"https:\\\/\\\/candas365.es\\\/noticias\\\/trabajos-para-mejorar-la-accesibilidad-en-candas\\\/#listItem\",\"name\":\"Trabajos para mejorar la accesibilidad en Cand\\u00e1s\"},\"previousItem\":{\"@type\":\"ListItem\",\"@id\":\"https:\\\/\\\/candas365.es\\\/noticias#listItem\",\"name\":\"Home\"}},{\"@type\":\"ListItem\",\"@id\":\"https:\\\/\\\/candas365.es\\\/noticias\\\/trabajos-para-mejorar-la-accesibilidad-en-candas\\\/#listItem\",\"position\":3,\"name\":\"Trabajos para mejorar la accesibilidad en Cand\\u00e1s\",\"previousItem\":{\"@type\":\"ListItem\",\"@id\":\"https:\\\/\\\/candas365.es\\\/noticias\\\/category\\\/noticias-carreno\\\/#listItem\",\"name\":\"Noticias Carre\\u00f1o\"}}]},{\"@type\":\"NewsArticle\",\"@id\":\"https:\\\/\\\/candas365.es\\\/noticias\\\/trabajos-para-mejorar-la-accesibilidad-en-candas\\\/#newsarticle\",\"name\":\"Trabajos para mejorar la accesibilidad en Cand\\u00e1s | Cand\\u00e1s 365\",\"headline\":\"Trabajos para mejorar la accesibilidad en Cand\\u00e1s\",\"author\":{\"@id\":\"https:\\\/\\\/candas365.es\\\/noticias\\\/author\\\/admin\\\/#author\"},\"publisher\":{\"@id\":\"https:\\\/\\\/candas365.es\\\/noticias\\\/#organization\"},\"image\":{\"@type\":\"ImageObject\",\"url\":\"https:\\\/\\\/candas365.es\\\/noticias\\\/wp-content\\\/uploads\\\/2020\\\/08\\\/Obras-Candas.jpg\",\"width\":1003,\"height\":708,\"caption\":\"FOTO CEDIDA POR AYTO CARRE\\u00d1O\"},\"datePublished\":\"2020-08-19T10:32:16+02:00\",\"dateModified\":\"2020-08-19T10:32:16+02:00\",\"inLanguage\":\"es-ES\",\"mainEntityOfPage\":{\"@id\":\"https:\\\/\\\/candas365.es\\\/noticias\\\/trabajos-para-mejorar-la-accesibilidad-en-candas\\\/#webpage\"},\"isPartOf\":{\"@id\":\"https:\\\/\\\/candas365.es\\\/noticias\\\/trabajos-para-mejorar-la-accesibilidad-en-candas\\\/#webpage\"},\"articleSection\":\"Noticias Carre\\u00f1o\",\"dateline\":\"Publicado el agosto 19, 2020.\"},{\"@type\":\"Organization\",\"@id\":\"https:\\\/\\\/candas365.es\\\/noticias\\\/#organization\",\"name\":\"Cand\\u00e1s 365\",\"description\":\"Cand\\u00e1s 365 es un diario digital independiente, fundado en 2012, con base en Asturias. Informamos con rigor sobre actualidad, sociedad, cultura y ocio, con una mirada local y global.\",\"url\":\"https:\\\/\\\/candas365.es\\\/noticias\\\/\",\"email\":\"info@candas365.es\",\"telephone\":\"+34652131393\",\"foundingDate\":\"2012-06-10\",\"logo\":{\"@type\":\"ImageObject\",\"url\":\"https:\\\/\\\/candas365.es\\\/noticias\\\/wp-content\\\/uploads\\\/2024\\\/09\\\/Candas-365-Redes.jpg\",\"@id\":\"https:\\\/\\\/candas365.es\\\/noticias\\\/trabajos-para-mejorar-la-accesibilidad-en-candas\\\/#organizationLogo\",\"width\":1152,\"height\":864,\"caption\":\"Cand\\u00e1s 365 Redes\"},\"image\":{\"@id\":\"https:\\\/\\\/candas365.es\\\/noticias\\\/trabajos-para-mejorar-la-accesibilidad-en-candas\\\/#organizationLogo\"},\"sameAs\":[\"https:\\\/\\\/www.facebook.com\\\/Nachofdezber\",\"https:\\\/\\\/x.com\\\/NabercoDigital\",\"https:\\\/\\\/www.instagram.com\\\/nachofdezber\\\/\",\"https:\\\/\\\/www.youtube.com\\\/channel\\\/UCZP-2wLEB9Rv6erhFmqVnvg\"],\"address\":{\"@id\":\"https:\\\/\\\/candas365.es\\\/noticias\\\/#postaladdress\",\"@type\":\"PostalAddress\",\"streetAddress\":\"san antonio 4, san antonio 4\",\"postalCode\":\"33430\",\"addressLocality\":\"Cand\\u00e1s\",\"addressRegion\":\"Asturias\",\"addressCountry\":\"ES\"}},{\"@type\":\"Person\",\"@id\":\"https:\\\/\\\/candas365.es\\\/noticias\\\/author\\\/admin\\\/#author\",\"url\":\"https:\\\/\\\/candas365.es\\\/noticias\\\/author\\\/admin\\\/\",\"name\":\"Cand\\u00e1s 365\",\"image\":{\"@type\":\"ImageObject\",\"@id\":\"https:\\\/\\\/candas365.es\\\/noticias\\\/trabajos-para-mejorar-la-accesibilidad-en-candas\\\/#authorImage\",\"url\":\"https:\\\/\\\/secure.gravatar.com\\\/avatar\\\/496a8e03d0c493ede1718b7934145dbdf8d89be1036b0eec9544e1094c9de390?s=96&d=mm&r=g\",\"width\":96,\"height\":96,\"caption\":\"Cand\\u00e1s 365\"},\"sameAs\":[\"https:\\\/\\\/www.facebook.com\\\/carrenoactualidad\",\"https:\\\/\\\/twitter.com\\\/nbasturias\",\"https:\\\/\\\/www.instagram.com\\\/nachofdezber\\\/\",\"https:\\\/\\\/www.youtube.com\\\/channel\\\/UCZP-2wLEB9Rv6erhFmqVnvg\"]},{\"@type\":\"WebPage\",\"@id\":\"https:\\\/\\\/candas365.es\\\/noticias\\\/trabajos-para-mejorar-la-accesibilidad-en-candas\\\/#webpage\",\"url\":\"https:\\\/\\\/candas365.es\\\/noticias\\\/trabajos-para-mejorar-la-accesibilidad-en-candas\\\/\",\"name\":\"Trabajos para mejorar la accesibilidad en Cand\\u00e1s | Cand\\u00e1s 365\",\"description\":\"El personal del Plan de Empleo, en el marco de los itinerarios integrados de activaci\\u00f3n en el \\u00e1mbito local, llevar\\u00e1 a cabo mejoras de accesibilidad del entronque de la Calle Doctor Fleming con Alvarado. Previamente se actu\\u00f3 en rebaje de acerca en el entorno del solar de Inocencio Rodr\\u00edguez Sol\\u00eds. El Ayuntamiento de Carre\\u00f1o dise\\u00f1\\u00f3\",\"inLanguage\":\"es-ES\",\"isPartOf\":{\"@id\":\"https:\\\/\\\/candas365.es\\\/noticias\\\/#website\"},\"breadcrumb\":{\"@id\":\"https:\\\/\\\/candas365.es\\\/noticias\\\/trabajos-para-mejorar-la-accesibilidad-en-candas\\\/#breadcrumblist\"},\"author\":{\"@id\":\"https:\\\/\\\/candas365.es\\\/noticias\\\/author\\\/admin\\\/#author\"},\"creator\":{\"@id\":\"https:\\\/\\\/candas365.es\\\/noticias\\\/author\\\/admin\\\/#author\"},\"image\":{\"@type\":\"ImageObject\",\"url\":\"https:\\\/\\\/candas365.es\\\/noticias\\\/wp-content\\\/uploads\\\/2020\\\/08\\\/Obras-Candas.jpg\",\"@id\":\"https:\\\/\\\/candas365.es\\\/noticias\\\/trabajos-para-mejorar-la-accesibilidad-en-candas\\\/#mainImage\",\"width\":1003,\"height\":708,\"caption\":\"FOTO CEDIDA POR AYTO CARRE\\u00d1O\"},\"primaryImageOfPage\":{\"@id\":\"https:\\\/\\\/candas365.es\\\/noticias\\\/trabajos-para-mejorar-la-accesibilidad-en-candas\\\/#mainImage\"},\"datePublished\":\"2020-08-19T10:32:16+02:00\",\"dateModified\":\"2020-08-19T10:32:16+02:00\"},{\"@type\":\"WebSite\",\"@id\":\"https:\\\/\\\/candas365.es\\\/noticias\\\/#website\",\"url\":\"https:\\\/\\\/candas365.es\\\/noticias\\\/\",\"name\":\"Cand\\u00e1s 365\",\"alternateName\":\"Cand\\u00e1s 365 Noticias\",\"description\":\"Actualidad desde Carre\\u00f1o para el mundo\",\"inLanguage\":\"es-ES\",\"publisher\":{\"@id\":\"https:\\\/\\\/candas365.es\\\/noticias\\\/#organization\"}}]}\n\t\t<\/script>\n\t\t<!-- All in One SEO Pro -->\r\n\t\t<title>Trabajos para mejorar la accesibilidad en Cand\u00e1s | Cand\u00e1s 365<\/title>\n\n","aioseo_head_json":{"title":"Trabajos para mejorar la accesibilidad en Cand\u00e1s | Cand\u00e1s 365","description":"El personal del Plan de Empleo, en el marco de los itinerarios integrados de activaci\u00f3n en el \u00e1mbito local, llevar\u00e1 a cabo mejoras de accesibilidad del entronque de la Calle Doctor Fleming con Alvarado. Previamente se actu\u00f3 en rebaje de acerca en el entorno del solar de Inocencio Rodr\u00edguez Sol\u00eds. El Ayuntamiento de Carre\u00f1o dise\u00f1\u00f3","canonical_url":"https:\/\/candas365.es\/noticias\/trabajos-para-mejorar-la-accesibilidad-en-candas\/","robots":"max-image-preview:large","keywords":"noticias carre\u00f1o","webmasterTools":{"google-site-verification":"UA-32230408-1","msvalidate.01":"354F3CDFB2DA171B47FBE9ABF1F88D5","miscellaneous":""},"schema":{"@context":"https:\/\/schema.org","@graph":[{"@type":"BreadcrumbList","@id":"https:\/\/candas365.es\/noticias\/trabajos-para-mejorar-la-accesibilidad-en-candas\/#breadcrumblist","itemListElement":[{"@type":"ListItem","@id":"https:\/\/candas365.es\/noticias#listItem","position":1,"name":"Home","item":"https:\/\/candas365.es\/noticias","nextItem":{"@type":"ListItem","@id":"https:\/\/candas365.es\/noticias\/category\/noticias-carreno\/#listItem","name":"Noticias Carre\u00f1o"}},{"@type":"ListItem","@id":"https:\/\/candas365.es\/noticias\/category\/noticias-carreno\/#listItem","position":2,"name":"Noticias Carre\u00f1o","item":"https:\/\/candas365.es\/noticias\/category\/noticias-carreno\/","nextItem":{"@type":"ListItem","@id":"https:\/\/candas365.es\/noticias\/trabajos-para-mejorar-la-accesibilidad-en-candas\/#listItem","name":"Trabajos para mejorar la accesibilidad en Cand\u00e1s"},"previousItem":{"@type":"ListItem","@id":"https:\/\/candas365.es\/noticias#listItem","name":"Home"}},{"@type":"ListItem","@id":"https:\/\/candas365.es\/noticias\/trabajos-para-mejorar-la-accesibilidad-en-candas\/#listItem","position":3,"name":"Trabajos para mejorar la accesibilidad en Cand\u00e1s","previousItem":{"@type":"ListItem","@id":"https:\/\/candas365.es\/noticias\/category\/noticias-carreno\/#listItem","name":"Noticias Carre\u00f1o"}}]},{"@type":"NewsArticle","@id":"https:\/\/candas365.es\/noticias\/trabajos-para-mejorar-la-accesibilidad-en-candas\/#newsarticle","name":"Trabajos para mejorar la accesibilidad en Cand\u00e1s | Cand\u00e1s 365","headline":"Trabajos para mejorar la accesibilidad en Cand\u00e1s","author":{"@id":"https:\/\/candas365.es\/noticias\/author\/admin\/#author"},"publisher":{"@id":"https:\/\/candas365.es\/noticias\/#organization"},"image":{"@type":"ImageObject","url":"https:\/\/candas365.es\/noticias\/wp-content\/uploads\/2020\/08\/Obras-Candas.jpg","width":1003,"height":708,"caption":"FOTO CEDIDA POR AYTO CARRE\u00d1O"},"datePublished":"2020-08-19T10:32:16+02:00","dateModified":"2020-08-19T10:32:16+02:00","inLanguage":"es-ES","mainEntityOfPage":{"@id":"https:\/\/candas365.es\/noticias\/trabajos-para-mejorar-la-accesibilidad-en-candas\/#webpage"},"isPartOf":{"@id":"https:\/\/candas365.es\/noticias\/trabajos-para-mejorar-la-accesibilidad-en-candas\/#webpage"},"articleSection":"Noticias Carre\u00f1o","dateline":"Publicado el agosto 19, 2020."},{"@type":"Organization","@id":"https:\/\/candas365.es\/noticias\/#organization","name":"Cand\u00e1s 365","description":"Cand\u00e1s 365 es un diario digital independiente, fundado en 2012, con base en Asturias. Informamos con rigor sobre actualidad, sociedad, cultura y ocio, con una mirada local y global.","url":"https:\/\/candas365.es\/noticias\/","email":"info@candas365.es","telephone":"+34652131393","foundingDate":"2012-06-10","logo":{"@type":"ImageObject","url":"https:\/\/candas365.es\/noticias\/wp-content\/uploads\/2024\/09\/Candas-365-Redes.jpg","@id":"https:\/\/candas365.es\/noticias\/trabajos-para-mejorar-la-accesibilidad-en-candas\/#organizationLogo","width":1152,"height":864,"caption":"Cand\u00e1s 365 Redes"},"image":{"@id":"https:\/\/candas365.es\/noticias\/trabajos-para-mejorar-la-accesibilidad-en-candas\/#organizationLogo"},"sameAs":["https:\/\/www.facebook.com\/Nachofdezber","https:\/\/x.com\/NabercoDigital","https:\/\/www.instagram.com\/nachofdezber\/","https:\/\/www.youtube.com\/channel\/UCZP-2wLEB9Rv6erhFmqVnvg"],"address":{"@id":"https:\/\/candas365.es\/noticias\/#postaladdress","@type":"PostalAddress","streetAddress":"san antonio 4, san antonio 4","postalCode":"33430","addressLocality":"Cand\u00e1s","addressRegion":"Asturias","addressCountry":"ES"}},{"@type":"Person","@id":"https:\/\/candas365.es\/noticias\/author\/admin\/#author","url":"https:\/\/candas365.es\/noticias\/author\/admin\/","name":"Cand\u00e1s 365","image":{"@type":"ImageObject","@id":"https:\/\/candas365.es\/noticias\/trabajos-para-mejorar-la-accesibilidad-en-candas\/#authorImage","url":"https:\/\/secure.gravatar.com\/avatar\/496a8e03d0c493ede1718b7934145dbdf8d89be1036b0eec9544e1094c9de390?s=96&d=mm&r=g","width":96,"height":96,"caption":"Cand\u00e1s 365"},"sameAs":["https:\/\/www.facebook.com\/carrenoactualidad","https:\/\/twitter.com\/nbasturias","https:\/\/www.instagram.com\/nachofdezber\/","https:\/\/www.youtube.com\/channel\/UCZP-2wLEB9Rv6erhFmqVnvg"]},{"@type":"WebPage","@id":"https:\/\/candas365.es\/noticias\/trabajos-para-mejorar-la-accesibilidad-en-candas\/#webpage","url":"https:\/\/candas365.es\/noticias\/trabajos-para-mejorar-la-accesibilidad-en-candas\/","name":"Trabajos para mejorar la accesibilidad en Cand\u00e1s | Cand\u00e1s 365","description":"El personal del Plan de Empleo, en el marco de los itinerarios integrados de activaci\u00f3n en el \u00e1mbito local, llevar\u00e1 a cabo mejoras de accesibilidad del entronque de la Calle Doctor Fleming con Alvarado. Previamente se actu\u00f3 en rebaje de acerca en el entorno del solar de Inocencio Rodr\u00edguez Sol\u00eds. El Ayuntamiento de Carre\u00f1o dise\u00f1\u00f3","inLanguage":"es-ES","isPartOf":{"@id":"https:\/\/candas365.es\/noticias\/#website"},"breadcrumb":{"@id":"https:\/\/candas365.es\/noticias\/trabajos-para-mejorar-la-accesibilidad-en-candas\/#breadcrumblist"},"author":{"@id":"https:\/\/candas365.es\/noticias\/author\/admin\/#author"},"creator":{"@id":"https:\/\/candas365.es\/noticias\/author\/admin\/#author"},"image":{"@type":"ImageObject","url":"https:\/\/candas365.es\/noticias\/wp-content\/uploads\/2020\/08\/Obras-Candas.jpg","@id":"https:\/\/candas365.es\/noticias\/trabajos-para-mejorar-la-accesibilidad-en-candas\/#mainImage","width":1003,"height":708,"caption":"FOTO CEDIDA POR AYTO CARRE\u00d1O"},"primaryImageOfPage":{"@id":"https:\/\/candas365.es\/noticias\/trabajos-para-mejorar-la-accesibilidad-en-candas\/#mainImage"},"datePublished":"2020-08-19T10:32:16+02:00","dateModified":"2020-08-19T10:32:16+02:00"},{"@type":"WebSite","@id":"https:\/\/candas365.es\/noticias\/#website","url":"https:\/\/candas365.es\/noticias\/","name":"Cand\u00e1s 365","alternateName":"Cand\u00e1s 365 Noticias","description":"Actualidad desde Carre\u00f1o para el mundo","inLanguage":"es-ES","publisher":{"@id":"https:\/\/candas365.es\/noticias\/#organization"}}]},"og:locale":"es_ES","og:site_name":"Cand\u00e1s 365","og:type":"article","og:title":"Trabajos para mejorar la accesibilidad en Cand\u00e1s | Cand\u00e1s 365","og:description":"El personal del Plan de Empleo, en el marco de los itinerarios integrados de activaci\u00f3n en el \u00e1mbito local, llevar\u00e1 a cabo mejoras de accesibilidad del entronque de la Calle Doctor Fleming con Alvarado. Previamente se actu\u00f3 en rebaje de acerca en el entorno del solar de Inocencio Rodr\u00edguez Sol\u00eds. El Ayuntamiento de Carre\u00f1o dise\u00f1\u00f3","og:url":"https:\/\/candas365.es\/noticias\/trabajos-para-mejorar-la-accesibilidad-en-candas\/","og:image":"https:\/\/candas365.es\/noticias\/wp-content\/uploads\/2020\/08\/Obras-Candas.jpg","og:image:secure_url":"https:\/\/candas365.es\/noticias\/wp-content\/uploads\/2020\/08\/Obras-Candas.jpg","og:image:width":1003,"og:image:height":708,"article:published_time":"2020-08-19T10:32:16+00:00","article:modified_time":"2020-08-19T10:32:16+00:00","article:publisher":"https:\/\/www.facebook.com\/Nachofdezber","article:author":"https:\/\/www.facebook.com\/carrenoactualidad","twitter:card":"summary_large_image","twitter:site":"@NabercoDigital","twitter:title":"Trabajos para mejorar la accesibilidad en Cand\u00e1s | Cand\u00e1s 365","twitter:description":"El personal del Plan de Empleo, en el marco de los itinerarios integrados de activaci\u00f3n en el \u00e1mbito local, llevar\u00e1 a cabo mejoras de accesibilidad del entronque de la Calle Doctor Fleming con Alvarado. Previamente se actu\u00f3 en rebaje de acerca en el entorno del solar de Inocencio Rodr\u00edguez Sol\u00eds. El Ayuntamiento de Carre\u00f1o dise\u00f1\u00f3","twitter:creator":"@nbasturias","twitter:image":"https:\/\/candas365.es\/noticias\/wp-content\/uploads\/2020\/08\/Obras-Candas.jpg","twitter:label1":"Escrito por","twitter:data1":"Cand\u00e1s 365","twitter:label2":"Tiempo de lectura estimado","twitter:data2":"2 minutos"},"aioseo_meta_data":{"post_id":"146001","title":null,"description":"","keywords":"","keyphrases":null,"primary_term":null,"canonical_url":"","og_title":null,"og_description":null,"og_object_type":"default","og_image_type":"default","og_image_url":null,"og_image_width":null,"og_image_height":null,"og_image_custom_url":null,"og_image_custom_fields":null,"og_video":null,"og_custom_url":null,"og_article_section":null,"og_article_tags":null,"twitter_use_og":false,"twitter_card":"default","twitter_image_type":"default","twitter_image_url":null,"twitter_image_custom_url":null,"twitter_image_custom_fields":null,"twitter_title":null,"twitter_description":null,"schema":{"blockGraphs":[],"customGraphs":[],"default":{"data":{"Article":[],"Course":[],"Dataset":[],"FAQPage":[],"Movie":[],"Person":[],"Product":[],"ProductReview":[],"Car":[],"Recipe":[],"Service":[],"SoftwareApplication":[],"WebPage":[]},"graphName":"","isEnabled":true},"graphs":[],"defaultGraph":"","defaultPostTypeGraph":""},"schema_type":null,"schema_type_options":null,"pillar_content":false,"robots_default":true,"robots_noindex":false,"robots_noarchive":false,"robots_nosnippet":false,"robots_nofollow":false,"robots_noimageindex":false,"robots_noodp":false,"robots_notranslate":false,"robots_max_snippet":null,"robots_max_videopreview":null,"robots_max_imagepreview":"large","priority":null,"frequency":null,"location":null,"local_seo":null,"seo_analyzer_scan_date":"2025-08-31 10:14:13","breadcrumb_settings":null,"limit_modified_date":false,"reviewed_by":null,"open_ai":null,"ai":null,"created":"2020-12-21 10:40:01","updated":"2025-08-31 10:14:13"},"aioseo_breadcrumb":"<div class=\"aioseo-breadcrumbs\"><span class=\"aioseo-breadcrumb\">\n\t<a href=\"https:\/\/candas365.es\/noticias\" title=\"Home\">Home<\/a>\n<\/span><span class=\"aioseo-breadcrumb-separator\">&ndash;<\/span><span class=\"aioseo-breadcrumb\">\n\t<a href=\"https:\/\/candas365.es\/noticias\/category\/noticias-carreno\/\" title=\"Noticias Carre\u00f1o\">Noticias Carre\u00f1o<\/a>\n<\/span><span class=\"aioseo-breadcrumb-separator\">&ndash;<\/span><span class=\"aioseo-breadcrumb\">\n\tTrabajos para mejorar la accesibilidad en Cand\u00e1s\n<\/span><\/div>","aioseo_breadcrumb_json":[{"label":"Home","link":"https:\/\/candas365.es\/noticias"},{"label":"Noticias Carre\u00f1o","link":"https:\/\/candas365.es\/noticias\/category\/noticias-carreno\/"},{"label":"Trabajos para mejorar la accesibilidad en Cand\u00e1s","link":"https:\/\/candas365.es\/noticias\/trabajos-para-mejorar-la-accesibilidad-en-candas\/"}],"_links":{"self":[{"href":"https:\/\/candas365.es\/noticias\/wp-json\/wp\/v2\/posts\/146001","targetHints":{"allow":["GET"]}}],"collection":[{"href":"https:\/\/candas365.es\/noticias\/wp-json\/wp\/v2\/posts"}],"about":[{"href":"https:\/\/candas365.es\/noticias\/wp-json\/wp\/v2\/types\/post"}],"author":[{"embeddable":true,"href":"https:\/\/candas365.es\/noticias\/wp-json\/wp\/v2\/users\/1"}],"replies":[{"embeddable":true,"href":"https:\/\/candas365.es\/noticias\/wp-json\/wp\/v2\/comments?post=146001"}],"version-history":[{"count":0,"href":"https:\/\/candas365.es\/noticias\/wp-json\/wp\/v2\/posts\/146001\/revisions"}],"wp:featuredmedia":[{"embeddable":true,"href":"https:\/\/candas365.es\/noticias\/wp-json\/wp\/v2\/media\/146002"}],"wp:attachment":[{"href":"https:\/\/candas365.es\/noticias\/wp-json\/wp\/v2\/media?parent=146001"}],"wp:term":[{"taxonomy":"category","embeddable":true,"href":"https:\/\/candas365.es\/noticias\/wp-json\/wp\/v2\/categories?post=146001"},{"taxonomy":"post_tag","embeddable":true,"href":"https:\/\/candas365.es\/noticias\/wp-json\/wp\/v2\/tags?post=146001"}],"curies":[{"name":"wp","href":"https:\/\/api.w.org\/{rel}","templated":true}]}}