{"id":145904,"date":"2020-08-15T23:05:52","date_gmt":"2020-08-15T23:05:52","guid":{"rendered":"http:\/\/candas365.es\/noticias\/?p=145904"},"modified":"2020-08-15T23:05:52","modified_gmt":"2020-08-15T23:05:52","slug":"la-guerra-de-las-favelas-en-documentos-tv","status":"publish","type":"post","link":"https:\/\/candas365.es\/noticias\/la-guerra-de-las-favelas-en-documentos-tv\/","title":{"rendered":"\u201cLa guerra de las favelas\u201d en Documentos TV"},"content":{"rendered":"<p><strong><img fetchpriority=\"high\" decoding=\"async\" class=\"alignleft size-medium wp-image-145905\" src=\"https:\/\/candas365.es\/noticias\/wp-content\/uploads\/2020\/08\/brazilian-reality-641231_640-360x240.jpg\" alt=\"\" width=\"360\" height=\"240\" srcset=\"https:\/\/candas365.es\/noticias\/wp-content\/uploads\/2020\/08\/brazilian-reality-641231_640-360x240.jpg 360w, https:\/\/candas365.es\/noticias\/wp-content\/uploads\/2020\/08\/brazilian-reality-641231_640-631x420.jpg 631w, https:\/\/candas365.es\/noticias\/wp-content\/uploads\/2020\/08\/brazilian-reality-641231_640.jpg 640w\" sizes=\"(max-width: 360px) 100vw, 360px\" \/>\u2018Documentos TV\u2019 recupera \u2018La guerra de las favelas\u2019<\/strong>, un an\u00e1lisis de las circunstancias que convierten en Brasil en uno de los pa\u00edses m\u00e1s peligrosos del mundo, con m\u00e1s de 63.000 asesinatos al a\u00f1o. <strong>La mayor\u00eda de las v\u00edctimas de las operaciones policiales son hombres negros pobres de las favelas<\/strong> y, por t\u00e9rmino medio, cada dos d\u00edas muere un polic\u00eda.<\/p>\n<p>La desigualdad, el racismo y las pol\u00edticas de seguridad de las \u00faltimas d\u00e9cadas han generado una violencia permanente en los barrios marginales, donde los dos bandos acumulan cad\u00e1veres, mientras se cuestionan qui\u00e9n y qu\u00e9 se esconde detr\u00e1s de esta guerra de las favelas.<\/p>\n<p>La sociedad brasile\u00f1a comienza a cuestionarse qu\u00e9 y qui\u00e9n hay detr\u00e1s de tanta operaci\u00f3n policial. \u201c\u00bfDe qu\u00e9 valen? \u00bfQu\u00e9 cambios se han producido en la estructura local, en la ciudad o en el Estado?\u201d, se pregunta el activista Raull Santiago. \u201cAlguien est\u00e1 ganando\u201d, responde el polic\u00eda Betu Chaves.<\/p>\n<p>&nbsp;<\/p>\n","protected":false},"excerpt":{"rendered":"<p>\u2018Documentos TV\u2019 recupera \u2018La guerra de las favelas\u2019, un an\u00e1lisis de las circunstancias que convierten en Brasil en uno de los pa\u00edses m\u00e1s peligrosos del mundo, con m\u00e1s de 63.000 asesinatos al a\u00f1o. La mayor\u00eda de las v\u00edctimas de las operaciones policiales son hombres negros pobres de las favelas y, por t\u00e9rmino medio, cada dos<\/p>\n","protected":false},"author":1,"featured_media":145905,"comment_status":"closed","ping_status":"closed","sticky":false,"template":"","format":"standard","meta":{"footnotes":""},"categories":[1],"tags":[],"class_list":{"0":"post-145904","1":"post","2":"type-post","3":"status-publish","4":"format-standard","5":"has-post-thumbnail","7":"category-agenda"},"aioseo_notices":[],"aioseo_head":"\n\t\t<!-- All in One SEO Pro 4.9.6.2 - aioseo.com -->\n\t<meta name=\"description\" content=\"\u2018Documentos TV\u2019 recupera \u2018La guerra de las favelas\u2019, un an\u00e1lisis de las circunstancias que convierten en Brasil en uno de los pa\u00edses m\u00e1s peligrosos del mundo, con m\u00e1s de 63.000 asesinatos al a\u00f1o. La mayor\u00eda de las v\u00edctimas de las operaciones policiales son hombres negros pobres de las favelas y, por t\u00e9rmino medio, cada dos\" \/>\n\t<meta name=\"robots\" content=\"max-image-preview:large\" \/>\n\t<meta name=\"author\" content=\"Cand\u00e1s 365\"\/>\n\t<meta name=\"google-site-verification\" content=\"UA-32230408-1\" \/>\n\t<meta name=\"msvalidate.01\" content=\"354F3CDFB2DA171B47FBE9ABF1F88D5\" \/>\n\t<meta name=\"keywords\" content=\"agenda\" \/>\n\t<link rel=\"canonical\" href=\"https:\/\/candas365.es\/noticias\/la-guerra-de-las-favelas-en-documentos-tv\/\" \/>\n\t<meta name=\"generator\" content=\"All in One SEO Pro (AIOSEO) 4.9.6.2\" \/>\n\t\t<meta property=\"og:locale\" content=\"es_ES\" \/>\n\t\t<meta property=\"og:site_name\" content=\"Cand\u00e1s 365\" \/>\n\t\t<meta property=\"og:type\" content=\"article\" \/>\n\t\t<meta property=\"og:title\" content=\"\u201cLa guerra de las favelas\u201d en Documentos TV | Cand\u00e1s 365\" \/>\n\t\t<meta property=\"og:description\" content=\"\u2018Documentos TV\u2019 recupera \u2018La guerra de las favelas\u2019, un an\u00e1lisis de las circunstancias que convierten en Brasil en uno de los pa\u00edses m\u00e1s peligrosos del mundo, con m\u00e1s de 63.000 asesinatos al a\u00f1o. La mayor\u00eda de las v\u00edctimas de las operaciones policiales son hombres negros pobres de las favelas y, por t\u00e9rmino medio, cada dos\" \/>\n\t\t<meta property=\"og:url\" content=\"https:\/\/candas365.es\/noticias\/la-guerra-de-las-favelas-en-documentos-tv\/\" \/>\n\t\t<meta property=\"og:image\" content=\"https:\/\/candas365.es\/noticias\/wp-content\/uploads\/2020\/08\/brazilian-reality-641231_640.jpg\" \/>\n\t\t<meta property=\"og:image:secure_url\" content=\"https:\/\/candas365.es\/noticias\/wp-content\/uploads\/2020\/08\/brazilian-reality-641231_640.jpg\" \/>\n\t\t<meta property=\"og:image:width\" content=\"640\" \/>\n\t\t<meta property=\"og:image:height\" content=\"426\" \/>\n\t\t<meta property=\"article:published_time\" content=\"2020-08-15T23:05:52+00:00\" \/>\n\t\t<meta property=\"article:modified_time\" content=\"2020-08-15T23:05:52+00:00\" \/>\n\t\t<meta property=\"article:publisher\" content=\"https:\/\/www.facebook.com\/Nachofdezber\" \/>\n\t\t<meta property=\"article:author\" content=\"https:\/\/www.facebook.com\/carrenoactualidad\" \/>\n\t\t<meta name=\"twitter:card\" content=\"summary_large_image\" \/>\n\t\t<meta name=\"twitter:site\" content=\"@NabercoDigital\" \/>\n\t\t<meta name=\"twitter:title\" content=\"\u201cLa guerra de las favelas\u201d en Documentos TV | Cand\u00e1s 365\" \/>\n\t\t<meta name=\"twitter:description\" content=\"\u2018Documentos TV\u2019 recupera \u2018La guerra de las favelas\u2019, un an\u00e1lisis de las circunstancias que convierten en Brasil en uno de los pa\u00edses m\u00e1s peligrosos del mundo, con m\u00e1s de 63.000 asesinatos al a\u00f1o. La mayor\u00eda de las v\u00edctimas de las operaciones policiales son hombres negros pobres de las favelas y, por t\u00e9rmino medio, cada dos\" \/>\n\t\t<meta name=\"twitter:creator\" content=\"@nbasturias\" \/>\n\t\t<meta name=\"twitter:image\" content=\"https:\/\/candas365.es\/noticias\/wp-content\/uploads\/2020\/08\/brazilian-reality-641231_640.jpg\" \/>\n\t\t<meta name=\"twitter:label1\" content=\"Escrito por\" \/>\n\t\t<meta name=\"twitter:data1\" content=\"Cand\u00e1s 365\" \/>\n\t\t<meta name=\"twitter:label2\" content=\"Tiempo de lectura estimado\" \/>\n\t\t<meta name=\"twitter:data2\" content=\"1 minuto\" \/>\n\t\t<script type=\"application\/ld+json\" class=\"aioseo-schema\">\n\t\t\t{\"@context\":\"https:\\\/\\\/schema.org\",\"@graph\":[{\"@type\":\"BreadcrumbList\",\"@id\":\"https:\\\/\\\/candas365.es\\\/noticias\\\/la-guerra-de-las-favelas-en-documentos-tv\\\/#breadcrumblist\",\"itemListElement\":[{\"@type\":\"ListItem\",\"@id\":\"https:\\\/\\\/candas365.es\\\/noticias#listItem\",\"position\":1,\"name\":\"Home\",\"item\":\"https:\\\/\\\/candas365.es\\\/noticias\",\"nextItem\":{\"@type\":\"ListItem\",\"@id\":\"https:\\\/\\\/candas365.es\\\/noticias\\\/category\\\/agenda\\\/#listItem\",\"name\":\"Agenda\"}},{\"@type\":\"ListItem\",\"@id\":\"https:\\\/\\\/candas365.es\\\/noticias\\\/category\\\/agenda\\\/#listItem\",\"position\":2,\"name\":\"Agenda\",\"item\":\"https:\\\/\\\/candas365.es\\\/noticias\\\/category\\\/agenda\\\/\",\"nextItem\":{\"@type\":\"ListItem\",\"@id\":\"https:\\\/\\\/candas365.es\\\/noticias\\\/la-guerra-de-las-favelas-en-documentos-tv\\\/#listItem\",\"name\":\"\\u201cLa guerra de las favelas\\u201d en Documentos TV\"},\"previousItem\":{\"@type\":\"ListItem\",\"@id\":\"https:\\\/\\\/candas365.es\\\/noticias#listItem\",\"name\":\"Home\"}},{\"@type\":\"ListItem\",\"@id\":\"https:\\\/\\\/candas365.es\\\/noticias\\\/la-guerra-de-las-favelas-en-documentos-tv\\\/#listItem\",\"position\":3,\"name\":\"\\u201cLa guerra de las favelas\\u201d en Documentos TV\",\"previousItem\":{\"@type\":\"ListItem\",\"@id\":\"https:\\\/\\\/candas365.es\\\/noticias\\\/category\\\/agenda\\\/#listItem\",\"name\":\"Agenda\"}}]},{\"@type\":\"NewsArticle\",\"@id\":\"https:\\\/\\\/candas365.es\\\/noticias\\\/la-guerra-de-las-favelas-en-documentos-tv\\\/#newsarticle\",\"name\":\"\\u201cLa guerra de las favelas\\u201d en Documentos TV | Cand\\u00e1s 365\",\"headline\":\"\\u201cLa guerra de las favelas\\u201d en Documentos TV\",\"author\":{\"@id\":\"https:\\\/\\\/candas365.es\\\/noticias\\\/author\\\/admin\\\/#author\"},\"publisher\":{\"@id\":\"https:\\\/\\\/candas365.es\\\/noticias\\\/#organization\"},\"image\":{\"@type\":\"ImageObject\",\"url\":\"https:\\\/\\\/candas365.es\\\/noticias\\\/wp-content\\\/uploads\\\/2020\\\/08\\\/brazilian-reality-641231_640.jpg\",\"width\":640,\"height\":426},\"datePublished\":\"2020-08-15T23:05:52+02:00\",\"dateModified\":\"2020-08-15T23:05:52+02:00\",\"inLanguage\":\"es-ES\",\"mainEntityOfPage\":{\"@id\":\"https:\\\/\\\/candas365.es\\\/noticias\\\/la-guerra-de-las-favelas-en-documentos-tv\\\/#webpage\"},\"isPartOf\":{\"@id\":\"https:\\\/\\\/candas365.es\\\/noticias\\\/la-guerra-de-las-favelas-en-documentos-tv\\\/#webpage\"},\"articleSection\":\"Agenda\",\"dateline\":\"Publicado el agosto 15, 2020.\"},{\"@type\":\"Organization\",\"@id\":\"https:\\\/\\\/candas365.es\\\/noticias\\\/#organization\",\"name\":\"Cand\\u00e1s 365\",\"description\":\"Cand\\u00e1s 365 es un diario digital independiente, fundado en 2012, con base en Asturias. Informamos con rigor sobre actualidad, sociedad, cultura y ocio, con una mirada local y global.\",\"url\":\"https:\\\/\\\/candas365.es\\\/noticias\\\/\",\"email\":\"info@candas365.es\",\"telephone\":\"+34652131393\",\"foundingDate\":\"2012-06-10\",\"logo\":{\"@type\":\"ImageObject\",\"url\":\"https:\\\/\\\/candas365.es\\\/noticias\\\/wp-content\\\/uploads\\\/2024\\\/09\\\/Candas-365-Redes.jpg\",\"@id\":\"https:\\\/\\\/candas365.es\\\/noticias\\\/la-guerra-de-las-favelas-en-documentos-tv\\\/#organizationLogo\",\"width\":1152,\"height\":864,\"caption\":\"Cand\\u00e1s 365 Redes\"},\"image\":{\"@id\":\"https:\\\/\\\/candas365.es\\\/noticias\\\/la-guerra-de-las-favelas-en-documentos-tv\\\/#organizationLogo\"},\"sameAs\":[\"https:\\\/\\\/www.facebook.com\\\/Nachofdezber\",\"https:\\\/\\\/x.com\\\/NabercoDigital\",\"https:\\\/\\\/www.instagram.com\\\/nachofdezber\\\/\",\"https:\\\/\\\/www.youtube.com\\\/channel\\\/UCZP-2wLEB9Rv6erhFmqVnvg\"],\"address\":{\"@id\":\"https:\\\/\\\/candas365.es\\\/noticias\\\/#postaladdress\",\"@type\":\"PostalAddress\",\"streetAddress\":\"san antonio 4, san antonio 4\",\"postalCode\":\"33430\",\"addressLocality\":\"Cand\\u00e1s\",\"addressRegion\":\"Asturias\",\"addressCountry\":\"ES\"}},{\"@type\":\"Person\",\"@id\":\"https:\\\/\\\/candas365.es\\\/noticias\\\/author\\\/admin\\\/#author\",\"url\":\"https:\\\/\\\/candas365.es\\\/noticias\\\/author\\\/admin\\\/\",\"name\":\"Cand\\u00e1s 365\",\"image\":{\"@type\":\"ImageObject\",\"@id\":\"https:\\\/\\\/candas365.es\\\/noticias\\\/la-guerra-de-las-favelas-en-documentos-tv\\\/#authorImage\",\"url\":\"https:\\\/\\\/secure.gravatar.com\\\/avatar\\\/496a8e03d0c493ede1718b7934145dbdf8d89be1036b0eec9544e1094c9de390?s=96&d=mm&r=g\",\"width\":96,\"height\":96,\"caption\":\"Cand\\u00e1s 365\"},\"sameAs\":[\"https:\\\/\\\/www.facebook.com\\\/carrenoactualidad\",\"https:\\\/\\\/twitter.com\\\/nbasturias\",\"https:\\\/\\\/www.instagram.com\\\/nachofdezber\\\/\",\"https:\\\/\\\/www.youtube.com\\\/channel\\\/UCZP-2wLEB9Rv6erhFmqVnvg\"]},{\"@type\":\"WebPage\",\"@id\":\"https:\\\/\\\/candas365.es\\\/noticias\\\/la-guerra-de-las-favelas-en-documentos-tv\\\/#webpage\",\"url\":\"https:\\\/\\\/candas365.es\\\/noticias\\\/la-guerra-de-las-favelas-en-documentos-tv\\\/\",\"name\":\"\\u201cLa guerra de las favelas\\u201d en Documentos TV | Cand\\u00e1s 365\",\"description\":\"\\u2018Documentos TV\\u2019 recupera \\u2018La guerra de las favelas\\u2019, un an\\u00e1lisis de las circunstancias que convierten en Brasil en uno de los pa\\u00edses m\\u00e1s peligrosos del mundo, con m\\u00e1s de 63.000 asesinatos al a\\u00f1o. La mayor\\u00eda de las v\\u00edctimas de las operaciones policiales son hombres negros pobres de las favelas y, por t\\u00e9rmino medio, cada dos\",\"inLanguage\":\"es-ES\",\"isPartOf\":{\"@id\":\"https:\\\/\\\/candas365.es\\\/noticias\\\/#website\"},\"breadcrumb\":{\"@id\":\"https:\\\/\\\/candas365.es\\\/noticias\\\/la-guerra-de-las-favelas-en-documentos-tv\\\/#breadcrumblist\"},\"author\":{\"@id\":\"https:\\\/\\\/candas365.es\\\/noticias\\\/author\\\/admin\\\/#author\"},\"creator\":{\"@id\":\"https:\\\/\\\/candas365.es\\\/noticias\\\/author\\\/admin\\\/#author\"},\"image\":{\"@type\":\"ImageObject\",\"url\":\"https:\\\/\\\/candas365.es\\\/noticias\\\/wp-content\\\/uploads\\\/2020\\\/08\\\/brazilian-reality-641231_640.jpg\",\"@id\":\"https:\\\/\\\/candas365.es\\\/noticias\\\/la-guerra-de-las-favelas-en-documentos-tv\\\/#mainImage\",\"width\":640,\"height\":426},\"primaryImageOfPage\":{\"@id\":\"https:\\\/\\\/candas365.es\\\/noticias\\\/la-guerra-de-las-favelas-en-documentos-tv\\\/#mainImage\"},\"datePublished\":\"2020-08-15T23:05:52+02:00\",\"dateModified\":\"2020-08-15T23:05:52+02:00\"},{\"@type\":\"WebSite\",\"@id\":\"https:\\\/\\\/candas365.es\\\/noticias\\\/#website\",\"url\":\"https:\\\/\\\/candas365.es\\\/noticias\\\/\",\"name\":\"Cand\\u00e1s 365\",\"alternateName\":\"Cand\\u00e1s 365 Noticias\",\"description\":\"Actualidad desde Carre\\u00f1o para el mundo\",\"inLanguage\":\"es-ES\",\"publisher\":{\"@id\":\"https:\\\/\\\/candas365.es\\\/noticias\\\/#organization\"}}]}\n\t\t<\/script>\n\t\t<!-- All in One SEO Pro -->\r\n\t\t<title>\u201cLa guerra de las favelas\u201d en Documentos TV | Cand\u00e1s 365<\/title>\n\n","aioseo_head_json":{"title":"\u201cLa guerra de las favelas\u201d en Documentos TV | Cand\u00e1s 365","description":"\u2018Documentos TV\u2019 recupera \u2018La guerra de las favelas\u2019, un an\u00e1lisis de las circunstancias que convierten en Brasil en uno de los pa\u00edses m\u00e1s peligrosos del mundo, con m\u00e1s de 63.000 asesinatos al a\u00f1o. La mayor\u00eda de las v\u00edctimas de las operaciones policiales son hombres negros pobres de las favelas y, por t\u00e9rmino medio, cada dos","canonical_url":"https:\/\/candas365.es\/noticias\/la-guerra-de-las-favelas-en-documentos-tv\/","robots":"max-image-preview:large","keywords":"agenda","webmasterTools":{"google-site-verification":"UA-32230408-1","msvalidate.01":"354F3CDFB2DA171B47FBE9ABF1F88D5","miscellaneous":""},"schema":{"@context":"https:\/\/schema.org","@graph":[{"@type":"BreadcrumbList","@id":"https:\/\/candas365.es\/noticias\/la-guerra-de-las-favelas-en-documentos-tv\/#breadcrumblist","itemListElement":[{"@type":"ListItem","@id":"https:\/\/candas365.es\/noticias#listItem","position":1,"name":"Home","item":"https:\/\/candas365.es\/noticias","nextItem":{"@type":"ListItem","@id":"https:\/\/candas365.es\/noticias\/category\/agenda\/#listItem","name":"Agenda"}},{"@type":"ListItem","@id":"https:\/\/candas365.es\/noticias\/category\/agenda\/#listItem","position":2,"name":"Agenda","item":"https:\/\/candas365.es\/noticias\/category\/agenda\/","nextItem":{"@type":"ListItem","@id":"https:\/\/candas365.es\/noticias\/la-guerra-de-las-favelas-en-documentos-tv\/#listItem","name":"\u201cLa guerra de las favelas\u201d en Documentos TV"},"previousItem":{"@type":"ListItem","@id":"https:\/\/candas365.es\/noticias#listItem","name":"Home"}},{"@type":"ListItem","@id":"https:\/\/candas365.es\/noticias\/la-guerra-de-las-favelas-en-documentos-tv\/#listItem","position":3,"name":"\u201cLa guerra de las favelas\u201d en Documentos TV","previousItem":{"@type":"ListItem","@id":"https:\/\/candas365.es\/noticias\/category\/agenda\/#listItem","name":"Agenda"}}]},{"@type":"NewsArticle","@id":"https:\/\/candas365.es\/noticias\/la-guerra-de-las-favelas-en-documentos-tv\/#newsarticle","name":"\u201cLa guerra de las favelas\u201d en Documentos TV | Cand\u00e1s 365","headline":"\u201cLa guerra de las favelas\u201d en Documentos TV","author":{"@id":"https:\/\/candas365.es\/noticias\/author\/admin\/#author"},"publisher":{"@id":"https:\/\/candas365.es\/noticias\/#organization"},"image":{"@type":"ImageObject","url":"https:\/\/candas365.es\/noticias\/wp-content\/uploads\/2020\/08\/brazilian-reality-641231_640.jpg","width":640,"height":426},"datePublished":"2020-08-15T23:05:52+02:00","dateModified":"2020-08-15T23:05:52+02:00","inLanguage":"es-ES","mainEntityOfPage":{"@id":"https:\/\/candas365.es\/noticias\/la-guerra-de-las-favelas-en-documentos-tv\/#webpage"},"isPartOf":{"@id":"https:\/\/candas365.es\/noticias\/la-guerra-de-las-favelas-en-documentos-tv\/#webpage"},"articleSection":"Agenda","dateline":"Publicado el agosto 15, 2020."},{"@type":"Organization","@id":"https:\/\/candas365.es\/noticias\/#organization","name":"Cand\u00e1s 365","description":"Cand\u00e1s 365 es un diario digital independiente, fundado en 2012, con base en Asturias. Informamos con rigor sobre actualidad, sociedad, cultura y ocio, con una mirada local y global.","url":"https:\/\/candas365.es\/noticias\/","email":"info@candas365.es","telephone":"+34652131393","foundingDate":"2012-06-10","logo":{"@type":"ImageObject","url":"https:\/\/candas365.es\/noticias\/wp-content\/uploads\/2024\/09\/Candas-365-Redes.jpg","@id":"https:\/\/candas365.es\/noticias\/la-guerra-de-las-favelas-en-documentos-tv\/#organizationLogo","width":1152,"height":864,"caption":"Cand\u00e1s 365 Redes"},"image":{"@id":"https:\/\/candas365.es\/noticias\/la-guerra-de-las-favelas-en-documentos-tv\/#organizationLogo"},"sameAs":["https:\/\/www.facebook.com\/Nachofdezber","https:\/\/x.com\/NabercoDigital","https:\/\/www.instagram.com\/nachofdezber\/","https:\/\/www.youtube.com\/channel\/UCZP-2wLEB9Rv6erhFmqVnvg"],"address":{"@id":"https:\/\/candas365.es\/noticias\/#postaladdress","@type":"PostalAddress","streetAddress":"san antonio 4, san antonio 4","postalCode":"33430","addressLocality":"Cand\u00e1s","addressRegion":"Asturias","addressCountry":"ES"}},{"@type":"Person","@id":"https:\/\/candas365.es\/noticias\/author\/admin\/#author","url":"https:\/\/candas365.es\/noticias\/author\/admin\/","name":"Cand\u00e1s 365","image":{"@type":"ImageObject","@id":"https:\/\/candas365.es\/noticias\/la-guerra-de-las-favelas-en-documentos-tv\/#authorImage","url":"https:\/\/secure.gravatar.com\/avatar\/496a8e03d0c493ede1718b7934145dbdf8d89be1036b0eec9544e1094c9de390?s=96&d=mm&r=g","width":96,"height":96,"caption":"Cand\u00e1s 365"},"sameAs":["https:\/\/www.facebook.com\/carrenoactualidad","https:\/\/twitter.com\/nbasturias","https:\/\/www.instagram.com\/nachofdezber\/","https:\/\/www.youtube.com\/channel\/UCZP-2wLEB9Rv6erhFmqVnvg"]},{"@type":"WebPage","@id":"https:\/\/candas365.es\/noticias\/la-guerra-de-las-favelas-en-documentos-tv\/#webpage","url":"https:\/\/candas365.es\/noticias\/la-guerra-de-las-favelas-en-documentos-tv\/","name":"\u201cLa guerra de las favelas\u201d en Documentos TV | Cand\u00e1s 365","description":"\u2018Documentos TV\u2019 recupera \u2018La guerra de las favelas\u2019, un an\u00e1lisis de las circunstancias que convierten en Brasil en uno de los pa\u00edses m\u00e1s peligrosos del mundo, con m\u00e1s de 63.000 asesinatos al a\u00f1o. La mayor\u00eda de las v\u00edctimas de las operaciones policiales son hombres negros pobres de las favelas y, por t\u00e9rmino medio, cada dos","inLanguage":"es-ES","isPartOf":{"@id":"https:\/\/candas365.es\/noticias\/#website"},"breadcrumb":{"@id":"https:\/\/candas365.es\/noticias\/la-guerra-de-las-favelas-en-documentos-tv\/#breadcrumblist"},"author":{"@id":"https:\/\/candas365.es\/noticias\/author\/admin\/#author"},"creator":{"@id":"https:\/\/candas365.es\/noticias\/author\/admin\/#author"},"image":{"@type":"ImageObject","url":"https:\/\/candas365.es\/noticias\/wp-content\/uploads\/2020\/08\/brazilian-reality-641231_640.jpg","@id":"https:\/\/candas365.es\/noticias\/la-guerra-de-las-favelas-en-documentos-tv\/#mainImage","width":640,"height":426},"primaryImageOfPage":{"@id":"https:\/\/candas365.es\/noticias\/la-guerra-de-las-favelas-en-documentos-tv\/#mainImage"},"datePublished":"2020-08-15T23:05:52+02:00","dateModified":"2020-08-15T23:05:52+02:00"},{"@type":"WebSite","@id":"https:\/\/candas365.es\/noticias\/#website","url":"https:\/\/candas365.es\/noticias\/","name":"Cand\u00e1s 365","alternateName":"Cand\u00e1s 365 Noticias","description":"Actualidad desde Carre\u00f1o para el mundo","inLanguage":"es-ES","publisher":{"@id":"https:\/\/candas365.es\/noticias\/#organization"}}]},"og:locale":"es_ES","og:site_name":"Cand\u00e1s 365","og:type":"article","og:title":"\u201cLa guerra de las favelas\u201d en Documentos TV | Cand\u00e1s 365","og:description":"\u2018Documentos TV\u2019 recupera \u2018La guerra de las favelas\u2019, un an\u00e1lisis de las circunstancias que convierten en Brasil en uno de los pa\u00edses m\u00e1s peligrosos del mundo, con m\u00e1s de 63.000 asesinatos al a\u00f1o. La mayor\u00eda de las v\u00edctimas de las operaciones policiales son hombres negros pobres de las favelas y, por t\u00e9rmino medio, cada dos","og:url":"https:\/\/candas365.es\/noticias\/la-guerra-de-las-favelas-en-documentos-tv\/","og:image":"https:\/\/candas365.es\/noticias\/wp-content\/uploads\/2020\/08\/brazilian-reality-641231_640.jpg","og:image:secure_url":"https:\/\/candas365.es\/noticias\/wp-content\/uploads\/2020\/08\/brazilian-reality-641231_640.jpg","og:image:width":640,"og:image:height":426,"article:published_time":"2020-08-15T23:05:52+00:00","article:modified_time":"2020-08-15T23:05:52+00:00","article:publisher":"https:\/\/www.facebook.com\/Nachofdezber","article:author":"https:\/\/www.facebook.com\/carrenoactualidad","twitter:card":"summary_large_image","twitter:site":"@NabercoDigital","twitter:title":"\u201cLa guerra de las favelas\u201d en Documentos TV | Cand\u00e1s 365","twitter:description":"\u2018Documentos TV\u2019 recupera \u2018La guerra de las favelas\u2019, un an\u00e1lisis de las circunstancias que convierten en Brasil en uno de los pa\u00edses m\u00e1s peligrosos del mundo, con m\u00e1s de 63.000 asesinatos al a\u00f1o. La mayor\u00eda de las v\u00edctimas de las operaciones policiales son hombres negros pobres de las favelas y, por t\u00e9rmino medio, cada dos","twitter:creator":"@nbasturias","twitter:image":"https:\/\/candas365.es\/noticias\/wp-content\/uploads\/2020\/08\/brazilian-reality-641231_640.jpg","twitter:label1":"Escrito por","twitter:data1":"Cand\u00e1s 365","twitter:label2":"Tiempo de lectura estimado","twitter:data2":"1 minuto"},"aioseo_meta_data":{"post_id":"145904","title":null,"description":"","keywords":"","keyphrases":null,"primary_term":null,"canonical_url":"","og_title":null,"og_description":null,"og_object_type":"default","og_image_type":"default","og_image_url":null,"og_image_width":null,"og_image_height":null,"og_image_custom_url":null,"og_image_custom_fields":null,"og_video":null,"og_custom_url":null,"og_article_section":null,"og_article_tags":null,"twitter_use_og":false,"twitter_card":"default","twitter_image_type":"default","twitter_image_url":null,"twitter_image_custom_url":null,"twitter_image_custom_fields":null,"twitter_title":null,"twitter_description":null,"schema":{"blockGraphs":[],"customGraphs":[],"default":{"data":{"Article":[],"Course":[],"Dataset":[],"FAQPage":[],"Movie":[],"Person":[],"Product":[],"ProductReview":[],"Car":[],"Recipe":[],"Service":[],"SoftwareApplication":[],"WebPage":[]},"graphName":"","isEnabled":true},"graphs":[]},"schema_type":null,"schema_type_options":null,"pillar_content":false,"robots_default":true,"robots_noindex":false,"robots_noarchive":false,"robots_nosnippet":false,"robots_nofollow":false,"robots_noimageindex":false,"robots_noodp":false,"robots_notranslate":false,"robots_max_snippet":null,"robots_max_videopreview":null,"robots_max_imagepreview":"large","priority":null,"frequency":null,"location":null,"local_seo":null,"seo_analyzer_scan_date":"2025-08-31 10:05:17","breadcrumb_settings":null,"limit_modified_date":false,"reviewed_by":null,"open_ai":null,"ai":null,"created":"2020-12-21 10:40:02","updated":"2025-08-31 10:05:17"},"aioseo_breadcrumb":"<div class=\"aioseo-breadcrumbs\"><span class=\"aioseo-breadcrumb\">\n\t<a href=\"https:\/\/candas365.es\/noticias\" title=\"Home\">Home<\/a>\n<\/span><span class=\"aioseo-breadcrumb-separator\">&ndash;<\/span><span class=\"aioseo-breadcrumb\">\n\t<a href=\"https:\/\/candas365.es\/noticias\/category\/agenda\/\" title=\"Agenda\">Agenda<\/a>\n<\/span><span class=\"aioseo-breadcrumb-separator\">&ndash;<\/span><span class=\"aioseo-breadcrumb\">\n\t\u201cLa guerra de las favelas\u201d en Documentos TV\n<\/span><\/div>","aioseo_breadcrumb_json":[{"label":"Home","link":"https:\/\/candas365.es\/noticias"},{"label":"Agenda","link":"https:\/\/candas365.es\/noticias\/category\/agenda\/"},{"label":"\u201cLa guerra de las favelas\u201d en Documentos TV","link":"https:\/\/candas365.es\/noticias\/la-guerra-de-las-favelas-en-documentos-tv\/"}],"_links":{"self":[{"href":"https:\/\/candas365.es\/noticias\/wp-json\/wp\/v2\/posts\/145904","targetHints":{"allow":["GET"]}}],"collection":[{"href":"https:\/\/candas365.es\/noticias\/wp-json\/wp\/v2\/posts"}],"about":[{"href":"https:\/\/candas365.es\/noticias\/wp-json\/wp\/v2\/types\/post"}],"author":[{"embeddable":true,"href":"https:\/\/candas365.es\/noticias\/wp-json\/wp\/v2\/users\/1"}],"replies":[{"embeddable":true,"href":"https:\/\/candas365.es\/noticias\/wp-json\/wp\/v2\/comments?post=145904"}],"version-history":[{"count":0,"href":"https:\/\/candas365.es\/noticias\/wp-json\/wp\/v2\/posts\/145904\/revisions"}],"wp:featuredmedia":[{"embeddable":true,"href":"https:\/\/candas365.es\/noticias\/wp-json\/wp\/v2\/media\/145905"}],"wp:attachment":[{"href":"https:\/\/candas365.es\/noticias\/wp-json\/wp\/v2\/media?parent=145904"}],"wp:term":[{"taxonomy":"category","embeddable":true,"href":"https:\/\/candas365.es\/noticias\/wp-json\/wp\/v2\/categories?post=145904"},{"taxonomy":"post_tag","embeddable":true,"href":"https:\/\/candas365.es\/noticias\/wp-json\/wp\/v2\/tags?post=145904"}],"curies":[{"name":"wp","href":"https:\/\/api.w.org\/{rel}","templated":true}]}}