{"id":145898,"date":"2020-08-15T16:17:28","date_gmt":"2020-08-15T16:17:28","guid":{"rendered":"http:\/\/candas365.es\/noticias\/?p=145898"},"modified":"2020-08-15T16:17:28","modified_gmt":"2020-08-15T16:17:28","slug":"asi-sera-san-roque-2020-en-candas","status":"publish","type":"post","link":"https:\/\/candas365.es\/noticias\/asi-sera-san-roque-2020-en-candas\/","title":{"rendered":"As\u00ed ser\u00e1 San Roque 2020 en Cand\u00e1s"},"content":{"rendered":"<p><img fetchpriority=\"high\" decoding=\"async\" class=\"alignleft size-medium wp-image-145899\" src=\"https:\/\/candas365.es\/noticias\/wp-content\/uploads\/2020\/08\/San-Roque-360x247.jpg\" alt=\"\" width=\"360\" height=\"247\" srcset=\"https:\/\/candas365.es\/noticias\/wp-content\/uploads\/2020\/08\/San-Roque-360x247.jpg 360w, https:\/\/candas365.es\/noticias\/wp-content\/uploads\/2020\/08\/San-Roque-655x450.jpg 655w, https:\/\/candas365.es\/noticias\/wp-content\/uploads\/2020\/08\/San-Roque-768x528.jpg 768w, https:\/\/candas365.es\/noticias\/wp-content\/uploads\/2020\/08\/San-Roque-218x150.jpg 218w, https:\/\/candas365.es\/noticias\/wp-content\/uploads\/2020\/08\/San-Roque-696x478.jpg 696w, https:\/\/candas365.es\/noticias\/wp-content\/uploads\/2020\/08\/San-Roque-611x420.jpg 611w, https:\/\/candas365.es\/noticias\/wp-content\/uploads\/2020\/08\/San-Roque-100x70.jpg 100w, https:\/\/candas365.es\/noticias\/wp-content\/uploads\/2020\/08\/San-Roque.jpg 803w\" sizes=\"(max-width: 360px) 100vw, 360px\" \/>El 16 de agosto, Cand\u00e1s, celebra cada a\u00f1o la <strong>festividad de San Roque<\/strong>, est\u00e9 a\u00f1o habr\u00e1 sonido de gaita, para \u201cmantener de una forma segura, viva la cita festiva\u201d, han anunciado desde el Ayuntamiento.<\/p>\n<p><strong>La Banda Gaites Cand\u00e1s tocar\u00e1 a las seis de la tarde en La Plaza de La Baraga\u00f1a<\/strong>, para seguir en la subida de San Roque y finalizar con un concierto a las siete y media de la tarde en el Parque de Santar\u00faa.<\/p>\n<p><strong>Pir\u00f3tecnia Mor\u00eds<\/strong> se encargar\u00e1 de dar el pistoletazo de salida a la festividad con <strong>lanzamiento de voladores<\/strong>.<\/p>\n<p>Las actuaciones de la banda local ser\u00e1n siempre siguiendo las medidas sanitarias sin pasacalles.<\/p>\n<p>Las redes sociales, volver\u00e1n a tener su protagonismo,<em> ya que a trav\u00e9s del perfil de facebook \u00abLate Cand\u00e1s\u00bb se publicar\u00e1 un v\u00eddeo del Coro Nordeste de Cand\u00e1s<\/em>.<\/p>\n<p>El Coro, dirigido por el candas\u00edn Alfredo P\u00e9rez, \u00abRodada\u00bb, es un habitual de la romer\u00eda de San Roque, este a\u00f1o tocar\u00e1 seguir su actuaci\u00f3n en diferido.<\/p>\n<p>\u00abA trav\u00e9s del v\u00eddeo que se compartir\u00e1 en las redes sociales, deseamos que la gente -no s\u00f3lo de Carre\u00f1o, si no de fuera de nuestro municipio &#8211; sea part\u00edcipe de alguna manera de la esencia candasina que inunda nuestra tradicional romer\u00eda, e intentaremos con ello que sus voces suenen m\u00e1s que nunca a trav\u00e9s de las redes sociales\u00bb &#8211; se\u00f1al\u00f3 Paula Cuervo, edil de festejos.<\/p>\n<p>La parroquia de Cand\u00e1s, mantiene a la tradicional celebraci\u00f3n lit\u00fargica &#8211; a 19 horas- en la ermita de San Roque. En ella, se controlar\u00e1 el aforo as\u00ed como las medidas sanitarias de seguridad establecidas.<\/p>\n<p>&nbsp;<\/p>\n","protected":false},"excerpt":{"rendered":"<p>El 16 de agosto, Cand\u00e1s, celebra cada a\u00f1o la festividad de San Roque, est\u00e9 a\u00f1o habr\u00e1 sonido de gaita, para \u201cmantener de una forma segura, viva la cita festiva\u201d, han anunciado desde el Ayuntamiento. La Banda Gaites Cand\u00e1s tocar\u00e1 a las seis de la tarde en La Plaza de La Baraga\u00f1a, para seguir en la<\/p>\n","protected":false},"author":1,"featured_media":145899,"comment_status":"closed","ping_status":"closed","sticky":false,"template":"","format":"standard","meta":{"footnotes":""},"categories":[2],"tags":[],"class_list":{"0":"post-145898","1":"post","2":"type-post","3":"status-publish","4":"format-standard","5":"has-post-thumbnail","7":"category-noticias-carreno"},"aioseo_notices":[],"aioseo_head":"\n\t\t<!-- All in One SEO Pro 4.9.6.2 - aioseo.com -->\n\t<meta name=\"description\" content=\"El 16 de agosto, Cand\u00e1s, celebra cada a\u00f1o la festividad de San Roque, est\u00e9 a\u00f1o habr\u00e1 sonido de gaita, para \u201cmantener de una forma segura, viva la cita festiva\u201d, han anunciado desde el Ayuntamiento. La Banda Gaites Cand\u00e1s tocar\u00e1 a las seis de la tarde en La Plaza de La Baraga\u00f1a, para seguir en la\" \/>\n\t<meta name=\"robots\" content=\"max-image-preview:large\" \/>\n\t<meta name=\"author\" content=\"Cand\u00e1s 365\"\/>\n\t<meta name=\"google-site-verification\" content=\"UA-32230408-1\" \/>\n\t<meta name=\"msvalidate.01\" content=\"354F3CDFB2DA171B47FBE9ABF1F88D5\" \/>\n\t<meta name=\"keywords\" content=\"noticias carre\u00f1o\" \/>\n\t<link rel=\"canonical\" href=\"https:\/\/candas365.es\/noticias\/asi-sera-san-roque-2020-en-candas\/\" \/>\n\t<meta name=\"generator\" content=\"All in One SEO Pro (AIOSEO) 4.9.6.2\" \/>\n\t\t<meta property=\"og:locale\" content=\"es_ES\" \/>\n\t\t<meta property=\"og:site_name\" content=\"Cand\u00e1s 365\" \/>\n\t\t<meta property=\"og:type\" content=\"article\" \/>\n\t\t<meta property=\"og:title\" content=\"As\u00ed ser\u00e1 San Roque 2020 en Cand\u00e1s | Cand\u00e1s 365\" \/>\n\t\t<meta property=\"og:description\" content=\"El 16 de agosto, Cand\u00e1s, celebra cada a\u00f1o la festividad de San Roque, est\u00e9 a\u00f1o habr\u00e1 sonido de gaita, para \u201cmantener de una forma segura, viva la cita festiva\u201d, han anunciado desde el Ayuntamiento. La Banda Gaites Cand\u00e1s tocar\u00e1 a las seis de la tarde en La Plaza de La Baraga\u00f1a, para seguir en la\" \/>\n\t\t<meta property=\"og:url\" content=\"https:\/\/candas365.es\/noticias\/asi-sera-san-roque-2020-en-candas\/\" \/>\n\t\t<meta property=\"og:image\" content=\"https:\/\/candas365.es\/noticias\/wp-content\/uploads\/2020\/08\/San-Roque.jpg\" \/>\n\t\t<meta property=\"og:image:secure_url\" content=\"https:\/\/candas365.es\/noticias\/wp-content\/uploads\/2020\/08\/San-Roque.jpg\" \/>\n\t\t<meta property=\"og:image:width\" content=\"803\" \/>\n\t\t<meta property=\"og:image:height\" content=\"552\" \/>\n\t\t<meta property=\"article:published_time\" content=\"2020-08-15T16:17:28+00:00\" \/>\n\t\t<meta property=\"article:modified_time\" content=\"2020-08-15T16:17:28+00:00\" \/>\n\t\t<meta property=\"article:publisher\" content=\"https:\/\/www.facebook.com\/Nachofdezber\" \/>\n\t\t<meta property=\"article:author\" content=\"https:\/\/www.facebook.com\/carrenoactualidad\" \/>\n\t\t<meta name=\"twitter:card\" content=\"summary_large_image\" \/>\n\t\t<meta name=\"twitter:site\" content=\"@NabercoDigital\" \/>\n\t\t<meta name=\"twitter:title\" content=\"As\u00ed ser\u00e1 San Roque 2020 en Cand\u00e1s | Cand\u00e1s 365\" \/>\n\t\t<meta name=\"twitter:description\" content=\"El 16 de agosto, Cand\u00e1s, celebra cada a\u00f1o la festividad de San Roque, est\u00e9 a\u00f1o habr\u00e1 sonido de gaita, para \u201cmantener de una forma segura, viva la cita festiva\u201d, han anunciado desde el Ayuntamiento. La Banda Gaites Cand\u00e1s tocar\u00e1 a las seis de la tarde en La Plaza de La Baraga\u00f1a, para seguir en la\" \/>\n\t\t<meta name=\"twitter:creator\" content=\"@nbasturias\" \/>\n\t\t<meta name=\"twitter:image\" content=\"https:\/\/candas365.es\/noticias\/wp-content\/uploads\/2020\/08\/San-Roque.jpg\" \/>\n\t\t<meta name=\"twitter:label1\" content=\"Escrito por\" \/>\n\t\t<meta name=\"twitter:data1\" content=\"Cand\u00e1s 365\" \/>\n\t\t<meta name=\"twitter:label2\" content=\"Tiempo de lectura estimado\" \/>\n\t\t<meta name=\"twitter:data2\" content=\"1 minuto\" \/>\n\t\t<script type=\"application\/ld+json\" class=\"aioseo-schema\">\n\t\t\t{\"@context\":\"https:\\\/\\\/schema.org\",\"@graph\":[{\"@type\":\"BreadcrumbList\",\"@id\":\"https:\\\/\\\/candas365.es\\\/noticias\\\/asi-sera-san-roque-2020-en-candas\\\/#breadcrumblist\",\"itemListElement\":[{\"@type\":\"ListItem\",\"@id\":\"https:\\\/\\\/candas365.es\\\/noticias#listItem\",\"position\":1,\"name\":\"Home\",\"item\":\"https:\\\/\\\/candas365.es\\\/noticias\",\"nextItem\":{\"@type\":\"ListItem\",\"@id\":\"https:\\\/\\\/candas365.es\\\/noticias\\\/category\\\/noticias-carreno\\\/#listItem\",\"name\":\"Noticias Carre\\u00f1o\"}},{\"@type\":\"ListItem\",\"@id\":\"https:\\\/\\\/candas365.es\\\/noticias\\\/category\\\/noticias-carreno\\\/#listItem\",\"position\":2,\"name\":\"Noticias Carre\\u00f1o\",\"item\":\"https:\\\/\\\/candas365.es\\\/noticias\\\/category\\\/noticias-carreno\\\/\",\"nextItem\":{\"@type\":\"ListItem\",\"@id\":\"https:\\\/\\\/candas365.es\\\/noticias\\\/asi-sera-san-roque-2020-en-candas\\\/#listItem\",\"name\":\"As\\u00ed ser\\u00e1 San Roque 2020 en Cand\\u00e1s\"},\"previousItem\":{\"@type\":\"ListItem\",\"@id\":\"https:\\\/\\\/candas365.es\\\/noticias#listItem\",\"name\":\"Home\"}},{\"@type\":\"ListItem\",\"@id\":\"https:\\\/\\\/candas365.es\\\/noticias\\\/asi-sera-san-roque-2020-en-candas\\\/#listItem\",\"position\":3,\"name\":\"As\\u00ed ser\\u00e1 San Roque 2020 en Cand\\u00e1s\",\"previousItem\":{\"@type\":\"ListItem\",\"@id\":\"https:\\\/\\\/candas365.es\\\/noticias\\\/category\\\/noticias-carreno\\\/#listItem\",\"name\":\"Noticias Carre\\u00f1o\"}}]},{\"@type\":\"NewsArticle\",\"@id\":\"https:\\\/\\\/candas365.es\\\/noticias\\\/asi-sera-san-roque-2020-en-candas\\\/#newsarticle\",\"name\":\"As\\u00ed ser\\u00e1 San Roque 2020 en Cand\\u00e1s | Cand\\u00e1s 365\",\"headline\":\"As\\u00ed ser\\u00e1 San Roque 2020 en Cand\\u00e1s\",\"author\":{\"@id\":\"https:\\\/\\\/candas365.es\\\/noticias\\\/author\\\/admin\\\/#author\"},\"publisher\":{\"@id\":\"https:\\\/\\\/candas365.es\\\/noticias\\\/#organization\"},\"image\":{\"@type\":\"ImageObject\",\"url\":\"https:\\\/\\\/candas365.es\\\/noticias\\\/wp-content\\\/uploads\\\/2020\\\/08\\\/San-Roque.jpg\",\"width\":803,\"height\":552},\"datePublished\":\"2020-08-15T16:17:28+02:00\",\"dateModified\":\"2020-08-15T16:17:28+02:00\",\"inLanguage\":\"es-ES\",\"mainEntityOfPage\":{\"@id\":\"https:\\\/\\\/candas365.es\\\/noticias\\\/asi-sera-san-roque-2020-en-candas\\\/#webpage\"},\"isPartOf\":{\"@id\":\"https:\\\/\\\/candas365.es\\\/noticias\\\/asi-sera-san-roque-2020-en-candas\\\/#webpage\"},\"articleSection\":\"Noticias Carre\\u00f1o\",\"dateline\":\"Publicado el agosto 15, 2020.\"},{\"@type\":\"Organization\",\"@id\":\"https:\\\/\\\/candas365.es\\\/noticias\\\/#organization\",\"name\":\"Cand\\u00e1s 365\",\"description\":\"Cand\\u00e1s 365 es un diario digital independiente, fundado en 2012, con base en Asturias. Informamos con rigor sobre actualidad, sociedad, cultura y ocio, con una mirada local y global.\",\"url\":\"https:\\\/\\\/candas365.es\\\/noticias\\\/\",\"email\":\"info@candas365.es\",\"telephone\":\"+34652131393\",\"foundingDate\":\"2012-06-10\",\"logo\":{\"@type\":\"ImageObject\",\"url\":\"https:\\\/\\\/candas365.es\\\/noticias\\\/wp-content\\\/uploads\\\/2024\\\/09\\\/Candas-365-Redes.jpg\",\"@id\":\"https:\\\/\\\/candas365.es\\\/noticias\\\/asi-sera-san-roque-2020-en-candas\\\/#organizationLogo\",\"width\":1152,\"height\":864,\"caption\":\"Cand\\u00e1s 365 Redes\"},\"image\":{\"@id\":\"https:\\\/\\\/candas365.es\\\/noticias\\\/asi-sera-san-roque-2020-en-candas\\\/#organizationLogo\"},\"sameAs\":[\"https:\\\/\\\/www.facebook.com\\\/Nachofdezber\",\"https:\\\/\\\/x.com\\\/NabercoDigital\",\"https:\\\/\\\/www.instagram.com\\\/nachofdezber\\\/\",\"https:\\\/\\\/www.youtube.com\\\/channel\\\/UCZP-2wLEB9Rv6erhFmqVnvg\"],\"address\":{\"@id\":\"https:\\\/\\\/candas365.es\\\/noticias\\\/#postaladdress\",\"@type\":\"PostalAddress\",\"streetAddress\":\"san antonio 4, san antonio 4\",\"postalCode\":\"33430\",\"addressLocality\":\"Cand\\u00e1s\",\"addressRegion\":\"Asturias\",\"addressCountry\":\"ES\"}},{\"@type\":\"Person\",\"@id\":\"https:\\\/\\\/candas365.es\\\/noticias\\\/author\\\/admin\\\/#author\",\"url\":\"https:\\\/\\\/candas365.es\\\/noticias\\\/author\\\/admin\\\/\",\"name\":\"Cand\\u00e1s 365\",\"image\":{\"@type\":\"ImageObject\",\"@id\":\"https:\\\/\\\/candas365.es\\\/noticias\\\/asi-sera-san-roque-2020-en-candas\\\/#authorImage\",\"url\":\"https:\\\/\\\/secure.gravatar.com\\\/avatar\\\/496a8e03d0c493ede1718b7934145dbdf8d89be1036b0eec9544e1094c9de390?s=96&d=mm&r=g\",\"width\":96,\"height\":96,\"caption\":\"Cand\\u00e1s 365\"},\"sameAs\":[\"https:\\\/\\\/www.facebook.com\\\/carrenoactualidad\",\"https:\\\/\\\/twitter.com\\\/nbasturias\",\"https:\\\/\\\/www.instagram.com\\\/nachofdezber\\\/\",\"https:\\\/\\\/www.youtube.com\\\/channel\\\/UCZP-2wLEB9Rv6erhFmqVnvg\"]},{\"@type\":\"WebPage\",\"@id\":\"https:\\\/\\\/candas365.es\\\/noticias\\\/asi-sera-san-roque-2020-en-candas\\\/#webpage\",\"url\":\"https:\\\/\\\/candas365.es\\\/noticias\\\/asi-sera-san-roque-2020-en-candas\\\/\",\"name\":\"As\\u00ed ser\\u00e1 San Roque 2020 en Cand\\u00e1s | Cand\\u00e1s 365\",\"description\":\"El 16 de agosto, Cand\\u00e1s, celebra cada a\\u00f1o la festividad de San Roque, est\\u00e9 a\\u00f1o habr\\u00e1 sonido de gaita, para \\u201cmantener de una forma segura, viva la cita festiva\\u201d, han anunciado desde el Ayuntamiento. La Banda Gaites Cand\\u00e1s tocar\\u00e1 a las seis de la tarde en La Plaza de La Baraga\\u00f1a, para seguir en la\",\"inLanguage\":\"es-ES\",\"isPartOf\":{\"@id\":\"https:\\\/\\\/candas365.es\\\/noticias\\\/#website\"},\"breadcrumb\":{\"@id\":\"https:\\\/\\\/candas365.es\\\/noticias\\\/asi-sera-san-roque-2020-en-candas\\\/#breadcrumblist\"},\"author\":{\"@id\":\"https:\\\/\\\/candas365.es\\\/noticias\\\/author\\\/admin\\\/#author\"},\"creator\":{\"@id\":\"https:\\\/\\\/candas365.es\\\/noticias\\\/author\\\/admin\\\/#author\"},\"image\":{\"@type\":\"ImageObject\",\"url\":\"https:\\\/\\\/candas365.es\\\/noticias\\\/wp-content\\\/uploads\\\/2020\\\/08\\\/San-Roque.jpg\",\"@id\":\"https:\\\/\\\/candas365.es\\\/noticias\\\/asi-sera-san-roque-2020-en-candas\\\/#mainImage\",\"width\":803,\"height\":552},\"primaryImageOfPage\":{\"@id\":\"https:\\\/\\\/candas365.es\\\/noticias\\\/asi-sera-san-roque-2020-en-candas\\\/#mainImage\"},\"datePublished\":\"2020-08-15T16:17:28+02:00\",\"dateModified\":\"2020-08-15T16:17:28+02:00\"},{\"@type\":\"WebSite\",\"@id\":\"https:\\\/\\\/candas365.es\\\/noticias\\\/#website\",\"url\":\"https:\\\/\\\/candas365.es\\\/noticias\\\/\",\"name\":\"Cand\\u00e1s 365\",\"alternateName\":\"Cand\\u00e1s 365 Noticias\",\"description\":\"Actualidad desde Carre\\u00f1o para el mundo\",\"inLanguage\":\"es-ES\",\"publisher\":{\"@id\":\"https:\\\/\\\/candas365.es\\\/noticias\\\/#organization\"}}]}\n\t\t<\/script>\n\t\t<!-- All in One SEO Pro -->\r\n\t\t<title>As\u00ed ser\u00e1 San Roque 2020 en Cand\u00e1s | Cand\u00e1s 365<\/title>\n\n","aioseo_head_json":{"title":"As\u00ed ser\u00e1 San Roque 2020 en Cand\u00e1s | Cand\u00e1s 365","description":"El 16 de agosto, Cand\u00e1s, celebra cada a\u00f1o la festividad de San Roque, est\u00e9 a\u00f1o habr\u00e1 sonido de gaita, para \u201cmantener de una forma segura, viva la cita festiva\u201d, han anunciado desde el Ayuntamiento. La Banda Gaites Cand\u00e1s tocar\u00e1 a las seis de la tarde en La Plaza de La Baraga\u00f1a, para seguir en la","canonical_url":"https:\/\/candas365.es\/noticias\/asi-sera-san-roque-2020-en-candas\/","robots":"max-image-preview:large","keywords":"noticias carre\u00f1o","webmasterTools":{"google-site-verification":"UA-32230408-1","msvalidate.01":"354F3CDFB2DA171B47FBE9ABF1F88D5","miscellaneous":""},"schema":{"@context":"https:\/\/schema.org","@graph":[{"@type":"BreadcrumbList","@id":"https:\/\/candas365.es\/noticias\/asi-sera-san-roque-2020-en-candas\/#breadcrumblist","itemListElement":[{"@type":"ListItem","@id":"https:\/\/candas365.es\/noticias#listItem","position":1,"name":"Home","item":"https:\/\/candas365.es\/noticias","nextItem":{"@type":"ListItem","@id":"https:\/\/candas365.es\/noticias\/category\/noticias-carreno\/#listItem","name":"Noticias Carre\u00f1o"}},{"@type":"ListItem","@id":"https:\/\/candas365.es\/noticias\/category\/noticias-carreno\/#listItem","position":2,"name":"Noticias Carre\u00f1o","item":"https:\/\/candas365.es\/noticias\/category\/noticias-carreno\/","nextItem":{"@type":"ListItem","@id":"https:\/\/candas365.es\/noticias\/asi-sera-san-roque-2020-en-candas\/#listItem","name":"As\u00ed ser\u00e1 San Roque 2020 en Cand\u00e1s"},"previousItem":{"@type":"ListItem","@id":"https:\/\/candas365.es\/noticias#listItem","name":"Home"}},{"@type":"ListItem","@id":"https:\/\/candas365.es\/noticias\/asi-sera-san-roque-2020-en-candas\/#listItem","position":3,"name":"As\u00ed ser\u00e1 San Roque 2020 en Cand\u00e1s","previousItem":{"@type":"ListItem","@id":"https:\/\/candas365.es\/noticias\/category\/noticias-carreno\/#listItem","name":"Noticias Carre\u00f1o"}}]},{"@type":"NewsArticle","@id":"https:\/\/candas365.es\/noticias\/asi-sera-san-roque-2020-en-candas\/#newsarticle","name":"As\u00ed ser\u00e1 San Roque 2020 en Cand\u00e1s | Cand\u00e1s 365","headline":"As\u00ed ser\u00e1 San Roque 2020 en Cand\u00e1s","author":{"@id":"https:\/\/candas365.es\/noticias\/author\/admin\/#author"},"publisher":{"@id":"https:\/\/candas365.es\/noticias\/#organization"},"image":{"@type":"ImageObject","url":"https:\/\/candas365.es\/noticias\/wp-content\/uploads\/2020\/08\/San-Roque.jpg","width":803,"height":552},"datePublished":"2020-08-15T16:17:28+02:00","dateModified":"2020-08-15T16:17:28+02:00","inLanguage":"es-ES","mainEntityOfPage":{"@id":"https:\/\/candas365.es\/noticias\/asi-sera-san-roque-2020-en-candas\/#webpage"},"isPartOf":{"@id":"https:\/\/candas365.es\/noticias\/asi-sera-san-roque-2020-en-candas\/#webpage"},"articleSection":"Noticias Carre\u00f1o","dateline":"Publicado el agosto 15, 2020."},{"@type":"Organization","@id":"https:\/\/candas365.es\/noticias\/#organization","name":"Cand\u00e1s 365","description":"Cand\u00e1s 365 es un diario digital independiente, fundado en 2012, con base en Asturias. Informamos con rigor sobre actualidad, sociedad, cultura y ocio, con una mirada local y global.","url":"https:\/\/candas365.es\/noticias\/","email":"info@candas365.es","telephone":"+34652131393","foundingDate":"2012-06-10","logo":{"@type":"ImageObject","url":"https:\/\/candas365.es\/noticias\/wp-content\/uploads\/2024\/09\/Candas-365-Redes.jpg","@id":"https:\/\/candas365.es\/noticias\/asi-sera-san-roque-2020-en-candas\/#organizationLogo","width":1152,"height":864,"caption":"Cand\u00e1s 365 Redes"},"image":{"@id":"https:\/\/candas365.es\/noticias\/asi-sera-san-roque-2020-en-candas\/#organizationLogo"},"sameAs":["https:\/\/www.facebook.com\/Nachofdezber","https:\/\/x.com\/NabercoDigital","https:\/\/www.instagram.com\/nachofdezber\/","https:\/\/www.youtube.com\/channel\/UCZP-2wLEB9Rv6erhFmqVnvg"],"address":{"@id":"https:\/\/candas365.es\/noticias\/#postaladdress","@type":"PostalAddress","streetAddress":"san antonio 4, san antonio 4","postalCode":"33430","addressLocality":"Cand\u00e1s","addressRegion":"Asturias","addressCountry":"ES"}},{"@type":"Person","@id":"https:\/\/candas365.es\/noticias\/author\/admin\/#author","url":"https:\/\/candas365.es\/noticias\/author\/admin\/","name":"Cand\u00e1s 365","image":{"@type":"ImageObject","@id":"https:\/\/candas365.es\/noticias\/asi-sera-san-roque-2020-en-candas\/#authorImage","url":"https:\/\/secure.gravatar.com\/avatar\/496a8e03d0c493ede1718b7934145dbdf8d89be1036b0eec9544e1094c9de390?s=96&d=mm&r=g","width":96,"height":96,"caption":"Cand\u00e1s 365"},"sameAs":["https:\/\/www.facebook.com\/carrenoactualidad","https:\/\/twitter.com\/nbasturias","https:\/\/www.instagram.com\/nachofdezber\/","https:\/\/www.youtube.com\/channel\/UCZP-2wLEB9Rv6erhFmqVnvg"]},{"@type":"WebPage","@id":"https:\/\/candas365.es\/noticias\/asi-sera-san-roque-2020-en-candas\/#webpage","url":"https:\/\/candas365.es\/noticias\/asi-sera-san-roque-2020-en-candas\/","name":"As\u00ed ser\u00e1 San Roque 2020 en Cand\u00e1s | Cand\u00e1s 365","description":"El 16 de agosto, Cand\u00e1s, celebra cada a\u00f1o la festividad de San Roque, est\u00e9 a\u00f1o habr\u00e1 sonido de gaita, para \u201cmantener de una forma segura, viva la cita festiva\u201d, han anunciado desde el Ayuntamiento. La Banda Gaites Cand\u00e1s tocar\u00e1 a las seis de la tarde en La Plaza de La Baraga\u00f1a, para seguir en la","inLanguage":"es-ES","isPartOf":{"@id":"https:\/\/candas365.es\/noticias\/#website"},"breadcrumb":{"@id":"https:\/\/candas365.es\/noticias\/asi-sera-san-roque-2020-en-candas\/#breadcrumblist"},"author":{"@id":"https:\/\/candas365.es\/noticias\/author\/admin\/#author"},"creator":{"@id":"https:\/\/candas365.es\/noticias\/author\/admin\/#author"},"image":{"@type":"ImageObject","url":"https:\/\/candas365.es\/noticias\/wp-content\/uploads\/2020\/08\/San-Roque.jpg","@id":"https:\/\/candas365.es\/noticias\/asi-sera-san-roque-2020-en-candas\/#mainImage","width":803,"height":552},"primaryImageOfPage":{"@id":"https:\/\/candas365.es\/noticias\/asi-sera-san-roque-2020-en-candas\/#mainImage"},"datePublished":"2020-08-15T16:17:28+02:00","dateModified":"2020-08-15T16:17:28+02:00"},{"@type":"WebSite","@id":"https:\/\/candas365.es\/noticias\/#website","url":"https:\/\/candas365.es\/noticias\/","name":"Cand\u00e1s 365","alternateName":"Cand\u00e1s 365 Noticias","description":"Actualidad desde Carre\u00f1o para el mundo","inLanguage":"es-ES","publisher":{"@id":"https:\/\/candas365.es\/noticias\/#organization"}}]},"og:locale":"es_ES","og:site_name":"Cand\u00e1s 365","og:type":"article","og:title":"As\u00ed ser\u00e1 San Roque 2020 en Cand\u00e1s | Cand\u00e1s 365","og:description":"El 16 de agosto, Cand\u00e1s, celebra cada a\u00f1o la festividad de San Roque, est\u00e9 a\u00f1o habr\u00e1 sonido de gaita, para \u201cmantener de una forma segura, viva la cita festiva\u201d, han anunciado desde el Ayuntamiento. La Banda Gaites Cand\u00e1s tocar\u00e1 a las seis de la tarde en La Plaza de La Baraga\u00f1a, para seguir en la","og:url":"https:\/\/candas365.es\/noticias\/asi-sera-san-roque-2020-en-candas\/","og:image":"https:\/\/candas365.es\/noticias\/wp-content\/uploads\/2020\/08\/San-Roque.jpg","og:image:secure_url":"https:\/\/candas365.es\/noticias\/wp-content\/uploads\/2020\/08\/San-Roque.jpg","og:image:width":803,"og:image:height":552,"article:published_time":"2020-08-15T16:17:28+00:00","article:modified_time":"2020-08-15T16:17:28+00:00","article:publisher":"https:\/\/www.facebook.com\/Nachofdezber","article:author":"https:\/\/www.facebook.com\/carrenoactualidad","twitter:card":"summary_large_image","twitter:site":"@NabercoDigital","twitter:title":"As\u00ed ser\u00e1 San Roque 2020 en Cand\u00e1s | Cand\u00e1s 365","twitter:description":"El 16 de agosto, Cand\u00e1s, celebra cada a\u00f1o la festividad de San Roque, est\u00e9 a\u00f1o habr\u00e1 sonido de gaita, para \u201cmantener de una forma segura, viva la cita festiva\u201d, han anunciado desde el Ayuntamiento. La Banda Gaites Cand\u00e1s tocar\u00e1 a las seis de la tarde en La Plaza de La Baraga\u00f1a, para seguir en la","twitter:creator":"@nbasturias","twitter:image":"https:\/\/candas365.es\/noticias\/wp-content\/uploads\/2020\/08\/San-Roque.jpg","twitter:label1":"Escrito por","twitter:data1":"Cand\u00e1s 365","twitter:label2":"Tiempo de lectura estimado","twitter:data2":"1 minuto"},"aioseo_meta_data":{"post_id":"145898","title":null,"description":"","keywords":"","keyphrases":null,"primary_term":null,"canonical_url":"","og_title":null,"og_description":null,"og_object_type":"default","og_image_type":"default","og_image_url":null,"og_image_width":null,"og_image_height":null,"og_image_custom_url":null,"og_image_custom_fields":null,"og_video":null,"og_custom_url":null,"og_article_section":null,"og_article_tags":null,"twitter_use_og":false,"twitter_card":"default","twitter_image_type":"default","twitter_image_url":null,"twitter_image_custom_url":null,"twitter_image_custom_fields":null,"twitter_title":null,"twitter_description":null,"schema":{"blockGraphs":[],"customGraphs":[],"default":{"data":{"Article":[],"Course":[],"Dataset":[],"FAQPage":[],"Movie":[],"Person":[],"Product":[],"ProductReview":[],"Car":[],"Recipe":[],"Service":[],"SoftwareApplication":[],"WebPage":[]},"graphName":"","isEnabled":true},"graphs":[]},"schema_type":null,"schema_type_options":null,"pillar_content":false,"robots_default":true,"robots_noindex":false,"robots_noarchive":false,"robots_nosnippet":false,"robots_nofollow":false,"robots_noimageindex":false,"robots_noodp":false,"robots_notranslate":false,"robots_max_snippet":null,"robots_max_videopreview":null,"robots_max_imagepreview":"large","priority":null,"frequency":null,"location":null,"local_seo":null,"seo_analyzer_scan_date":"2025-08-31 10:05:15","breadcrumb_settings":null,"limit_modified_date":false,"reviewed_by":null,"open_ai":null,"ai":null,"created":"2020-12-21 10:40:02","updated":"2025-08-31 10:05:15"},"aioseo_breadcrumb":"<div class=\"aioseo-breadcrumbs\"><span class=\"aioseo-breadcrumb\">\n\t<a href=\"https:\/\/candas365.es\/noticias\" title=\"Home\">Home<\/a>\n<\/span><span class=\"aioseo-breadcrumb-separator\">&ndash;<\/span><span class=\"aioseo-breadcrumb\">\n\t<a href=\"https:\/\/candas365.es\/noticias\/category\/noticias-carreno\/\" title=\"Noticias Carre\u00f1o\">Noticias Carre\u00f1o<\/a>\n<\/span><span class=\"aioseo-breadcrumb-separator\">&ndash;<\/span><span class=\"aioseo-breadcrumb\">\n\tAs\u00ed ser\u00e1 San Roque 2020 en Cand\u00e1s\n<\/span><\/div>","aioseo_breadcrumb_json":[{"label":"Home","link":"https:\/\/candas365.es\/noticias"},{"label":"Noticias Carre\u00f1o","link":"https:\/\/candas365.es\/noticias\/category\/noticias-carreno\/"},{"label":"As\u00ed ser\u00e1 San Roque 2020 en Cand\u00e1s","link":"https:\/\/candas365.es\/noticias\/asi-sera-san-roque-2020-en-candas\/"}],"_links":{"self":[{"href":"https:\/\/candas365.es\/noticias\/wp-json\/wp\/v2\/posts\/145898","targetHints":{"allow":["GET"]}}],"collection":[{"href":"https:\/\/candas365.es\/noticias\/wp-json\/wp\/v2\/posts"}],"about":[{"href":"https:\/\/candas365.es\/noticias\/wp-json\/wp\/v2\/types\/post"}],"author":[{"embeddable":true,"href":"https:\/\/candas365.es\/noticias\/wp-json\/wp\/v2\/users\/1"}],"replies":[{"embeddable":true,"href":"https:\/\/candas365.es\/noticias\/wp-json\/wp\/v2\/comments?post=145898"}],"version-history":[{"count":0,"href":"https:\/\/candas365.es\/noticias\/wp-json\/wp\/v2\/posts\/145898\/revisions"}],"wp:featuredmedia":[{"embeddable":true,"href":"https:\/\/candas365.es\/noticias\/wp-json\/wp\/v2\/media\/145899"}],"wp:attachment":[{"href":"https:\/\/candas365.es\/noticias\/wp-json\/wp\/v2\/media?parent=145898"}],"wp:term":[{"taxonomy":"category","embeddable":true,"href":"https:\/\/candas365.es\/noticias\/wp-json\/wp\/v2\/categories?post=145898"},{"taxonomy":"post_tag","embeddable":true,"href":"https:\/\/candas365.es\/noticias\/wp-json\/wp\/v2\/tags?post=145898"}],"curies":[{"name":"wp","href":"https:\/\/api.w.org\/{rel}","templated":true}]}}