{"id":145893,"date":"2020-08-15T13:44:28","date_gmt":"2020-08-15T13:44:28","guid":{"rendered":"http:\/\/candas365.es\/noticias\/?p=145893"},"modified":"2020-08-15T13:44:28","modified_gmt":"2020-08-15T13:44:28","slug":"el-colegio-poeta-anton-de-candas-sera-mas-accesible","status":"publish","type":"post","link":"https:\/\/candas365.es\/noticias\/el-colegio-poeta-anton-de-candas-sera-mas-accesible\/","title":{"rendered":"El Colegio Poeta Ant\u00f3n de Cand\u00e1s ser\u00e1 m\u00e1s accesible"},"content":{"rendered":"<p><img fetchpriority=\"high\" decoding=\"async\" class=\"alignleft size-medium wp-image-15610\" src=\"https:\/\/candas365.es\/noticias\/wp-content\/uploads\/2015\/09\/aula-360x198.jpg\" alt=\"\" width=\"360\" height=\"198\" srcset=\"https:\/\/candas365.es\/noticias\/wp-content\/uploads\/2015\/09\/aula-360x198.jpg 360w, https:\/\/candas365.es\/noticias\/wp-content\/uploads\/2015\/09\/aula-650x357.jpg 650w, https:\/\/candas365.es\/noticias\/wp-content\/uploads\/2015\/09\/aula-150x82.jpg 150w, https:\/\/candas365.es\/noticias\/wp-content\/uploads\/2015\/09\/aula-450x247.jpg 450w, https:\/\/candas365.es\/noticias\/wp-content\/uploads\/2015\/09\/aula.jpg 655w\" sizes=\"(max-width: 360px) 100vw, 360px\" \/>Estos d\u00edas finalizan las obras de reforma de los <strong>aseos y de la rampa de acceso del Colegio Poeta Ant\u00f3n<\/strong>, lo que convertir\u00e1n al centro educativo en una <strong>instalaci\u00f3n al 100% accesible<\/strong> para toda la comunidad educativa.<\/p>\n<p>\u201cEn el a\u00f1o 2017 el Ayuntamiento de Carre\u00f1o contrat\u00f3 la elaboraci\u00f3n de un estudio para hacer del edificio que alberga al Colegio Poeta, un edificio eficiente desde el punto de vista energ\u00e9tico y accesible. Con el que mmejorar y modernizar su aspecto exterior y proporcionar a las personas usuarias un confort interior, garantizando las condiciones \u00f3ptimas de aprendizaje del alumnado, as\u00ed como hacerlo accesible. En las conclusiones del mismo se propon\u00edan la realizaci\u00f3n de una serie de medidas distribuidas en cuatro fases. Las obras de mejora que finalizan estos d\u00edas se encuentran en la fase0 \u201cMejora de la accesibilidad\u201d, que inclu\u00eda 3 tareas: la instalaci\u00f3n de un ascensor, sustituci\u00f3n de la rampa de acceso y adaptaci\u00f3n de los ba\u00f1os\u201d explic\u00f3 Cecilia Tasc\u00f3n-Concejala de Urbanismo y Accesibilidad.<\/p>\n<p>\u201cUna vez contamos con el diagn\u00f3stico t\u00e9cnico se lo presentamos a la Consejer\u00eda de Educaci\u00f3n del Principado de Asturias con el objetivo de que las dos administraciones trabaj\u00e1semos conjuntamente y dotar al centro de las mejoras necesarias. Llegamos a un acuerdo mediante el cual el Ayuntamiento de Carre\u00f1o fue la entidad encargada de la realizaci\u00f3n de los proyectos t\u00e9cnicos mientras que la Consejer\u00eda se encarg\u00f3 de la ejecuci\u00f3n de los mismos destinando una partida econ\u00f3mica cercana a los 90.000 \u20ac para la realizaci\u00f3n de las obras de accesibilidad\u201d se\u00f1al\u00f3 la Edil.<\/p>\n<p>El Colegio \u201cPoeta Ant\u00f3n\u201d se asienta sobre un edificio exento de forma rectangular situado en una parcela con un desnivel pronunciado entre la fachada principal, orientada al noreste y la fachada trasera, esta topograf\u00eda hace que el edificio cuente con una planta semis\u00f3tano que dota al edificio de cuatro plantas en su fachada posterior mientras que tiene solo tres alturas en la fachada principal. Cada una de las plantas se organiza alrededor de un patio central flanqueado por dos escaleras de tres tiros con un hueco central cada una de ellas de dimensiones 1,10 metros de ancho y 1,85 de fondo.<\/p>\n<p>\u201cEsta circunstancia plante\u00f3 importantes dificultades de integraci\u00f3n a las personas usuarias del Centro que, bien de forma transitoria, o bien permanentemente, cuentan con alg\u00fan tipo de discapacidad f\u00edsica. De ah\u00ed el compromiso de ambas administraciones para dotar al Centro de un ascensor que rompiese esa barrera arquitect\u00f3nica. Por lo que el verano del 2019 se llevaron a cabo las obras necesarias para la instalaci\u00f3n del mismo, destinando para ello 50.000\u20ac\u201d coment\u00f3 Tasc\u00f3n.<\/p>\n<p>\u201cA la vez que se dot\u00f3 al Colegio de esta infraestructura se sigui\u00f3 trabajando en el proyecto del ba\u00f1o adaptado, ya que el edificio carec\u00eda del mismo, y de la rampa exterior. Proyect\u00e1ndose la mejora de dos de los aseos existentes. Las obras actuales comprenden la reforma de los dos aseos de la planta baja para adaptar su uso a los ni\u00f1os y las ni\u00f1as de infantil, as\u00ed como ejecutar un aseo accesible en esta planta al que se accede directamente desde el espacio de circulaci\u00f3n general. De esta manera, el aseo podr\u00e1 ser utilizado por personas de ambos sexos\u201d prosigui\u00f3 la Concejala.<\/p>\n<p>\u201cComplementando esa obra se sustituy\u00f3 la actual rampa de acceso desde el exterior al espacio porticado por otra rampa que cumpla con las determinaciones del decreto de accesibilidad, as\u00ed como la ejecuci\u00f3n de un vado en la acera perimetral al edificio, que permita el acceso a esta nueva rampa desde la zona del aparcamiento, para hacerla accesible para todas aquellas personas con movilidad reducida\u201d finaliz\u00f3 la Responsable del \u00c1rea.<\/p>\n<p>El total de estas dos \u00faltimas intervenciones, reformas de los ba\u00f1os y sustituci\u00f3n de la rampa de acceso, dan por finalizado las obras incluidas en la fase 0 del proyecto para la \u201cEliminaci\u00f3n de Barreras Arquitect\u00f3nicas y Rehabilitaci\u00f3n Energ\u00e9tica\u201d. Cuyo importe ha ascendido a 37.000\u20ac.<\/p>\n<p>Pero esta no han sido la \u00fanica acci\u00f3n, incluida en el Proyecto, que a lo largo de este a\u00f1o se realiz\u00f3 en el Colegio Poeta. Llev\u00e1ndose a cabo las obras necesarias para acometer la Fase1 \u201cMejora de la Iluminaci\u00f3n\u201d. Desde el Servicio el\u00e9ctrico de Obras se sustituyeron los cerca de 500 fluorescentes de 36W por luminarias de tecnolog\u00eda led, de bajo consumo y se instalaron sensores de movimiento en los pasillos. Lo que supuso una inversi\u00f3n solo en material de 7.000\u20ac al hacerse el cambio con medios propios.<\/p>\n<p>&nbsp;<\/p>\n","protected":false},"excerpt":{"rendered":"<p>Estos d\u00edas finalizan las obras de reforma de los aseos y de la rampa de acceso del Colegio Poeta Ant\u00f3n, lo que convertir\u00e1n al centro educativo en una instalaci\u00f3n al 100% accesible para toda la comunidad educativa. \u201cEn el a\u00f1o 2017 el Ayuntamiento de Carre\u00f1o contrat\u00f3 la elaboraci\u00f3n de un estudio para hacer del edificio<\/p>\n","protected":false},"author":1,"featured_media":15610,"comment_status":"closed","ping_status":"closed","sticky":false,"template":"","format":"standard","meta":{"footnotes":""},"categories":[2],"tags":[],"class_list":{"0":"post-145893","1":"post","2":"type-post","3":"status-publish","4":"format-standard","5":"has-post-thumbnail","7":"category-noticias-carreno"},"aioseo_notices":[],"aioseo_head":"\n\t\t<!-- All in One SEO Pro 4.9.6.2 - aioseo.com -->\n\t<meta name=\"description\" content=\"Estos d\u00edas finalizan las obras de reforma de los aseos y de la rampa de acceso del Colegio Poeta Ant\u00f3n, lo que convertir\u00e1n al centro educativo en una instalaci\u00f3n al 100% accesible para toda la comunidad educativa. \u201cEn el a\u00f1o 2017 el Ayuntamiento de Carre\u00f1o contrat\u00f3 la elaboraci\u00f3n de un estudio para hacer del edificio\" \/>\n\t<meta name=\"robots\" content=\"max-image-preview:large\" \/>\n\t<meta name=\"author\" content=\"Cand\u00e1s 365\"\/>\n\t<meta name=\"google-site-verification\" content=\"UA-32230408-1\" \/>\n\t<meta name=\"msvalidate.01\" content=\"354F3CDFB2DA171B47FBE9ABF1F88D5\" \/>\n\t<meta name=\"keywords\" content=\"noticias carre\u00f1o\" \/>\n\t<link rel=\"canonical\" href=\"https:\/\/candas365.es\/noticias\/el-colegio-poeta-anton-de-candas-sera-mas-accesible\/\" \/>\n\t<meta name=\"generator\" content=\"All in One SEO Pro (AIOSEO) 4.9.6.2\" \/>\n\t\t<meta property=\"og:locale\" content=\"es_ES\" \/>\n\t\t<meta property=\"og:site_name\" content=\"Cand\u00e1s 365\" \/>\n\t\t<meta property=\"og:type\" content=\"article\" \/>\n\t\t<meta property=\"og:title\" content=\"El Colegio Poeta Ant\u00f3n de Cand\u00e1s ser\u00e1 m\u00e1s accesible | Cand\u00e1s 365\" \/>\n\t\t<meta property=\"og:description\" content=\"Estos d\u00edas finalizan las obras de reforma de los aseos y de la rampa de acceso del Colegio Poeta Ant\u00f3n, lo que convertir\u00e1n al centro educativo en una instalaci\u00f3n al 100% accesible para toda la comunidad educativa. \u201cEn el a\u00f1o 2017 el Ayuntamiento de Carre\u00f1o contrat\u00f3 la elaboraci\u00f3n de un estudio para hacer del edificio\" \/>\n\t\t<meta property=\"og:url\" content=\"https:\/\/candas365.es\/noticias\/el-colegio-poeta-anton-de-candas-sera-mas-accesible\/\" \/>\n\t\t<meta property=\"og:image\" content=\"https:\/\/candas365.es\/noticias\/wp-content\/uploads\/2015\/09\/aula.jpg\" \/>\n\t\t<meta property=\"og:image:secure_url\" content=\"https:\/\/candas365.es\/noticias\/wp-content\/uploads\/2015\/09\/aula.jpg\" \/>\n\t\t<meta property=\"og:image:width\" content=\"655\" \/>\n\t\t<meta property=\"og:image:height\" content=\"360\" \/>\n\t\t<meta property=\"article:published_time\" content=\"2020-08-15T13:44:28+00:00\" \/>\n\t\t<meta property=\"article:modified_time\" content=\"2020-08-15T13:44:28+00:00\" \/>\n\t\t<meta property=\"article:publisher\" content=\"https:\/\/www.facebook.com\/Nachofdezber\" \/>\n\t\t<meta property=\"article:author\" content=\"https:\/\/www.facebook.com\/carrenoactualidad\" \/>\n\t\t<meta name=\"twitter:card\" content=\"summary_large_image\" \/>\n\t\t<meta name=\"twitter:site\" content=\"@NabercoDigital\" \/>\n\t\t<meta name=\"twitter:title\" content=\"El Colegio Poeta Ant\u00f3n de Cand\u00e1s ser\u00e1 m\u00e1s accesible | Cand\u00e1s 365\" \/>\n\t\t<meta name=\"twitter:description\" content=\"Estos d\u00edas finalizan las obras de reforma de los aseos y de la rampa de acceso del Colegio Poeta Ant\u00f3n, lo que convertir\u00e1n al centro educativo en una instalaci\u00f3n al 100% accesible para toda la comunidad educativa. \u201cEn el a\u00f1o 2017 el Ayuntamiento de Carre\u00f1o contrat\u00f3 la elaboraci\u00f3n de un estudio para hacer del edificio\" \/>\n\t\t<meta name=\"twitter:creator\" content=\"@nbasturias\" \/>\n\t\t<meta name=\"twitter:image\" content=\"https:\/\/candas365.es\/noticias\/wp-content\/uploads\/2015\/09\/aula.jpg\" \/>\n\t\t<meta name=\"twitter:label1\" content=\"Escrito por\" \/>\n\t\t<meta name=\"twitter:data1\" content=\"Cand\u00e1s 365\" \/>\n\t\t<meta name=\"twitter:label2\" content=\"Tiempo de lectura estimado\" \/>\n\t\t<meta name=\"twitter:data2\" content=\"4 minutos\" \/>\n\t\t<script type=\"application\/ld+json\" class=\"aioseo-schema\">\n\t\t\t{\"@context\":\"https:\\\/\\\/schema.org\",\"@graph\":[{\"@type\":\"BreadcrumbList\",\"@id\":\"https:\\\/\\\/candas365.es\\\/noticias\\\/el-colegio-poeta-anton-de-candas-sera-mas-accesible\\\/#breadcrumblist\",\"itemListElement\":[{\"@type\":\"ListItem\",\"@id\":\"https:\\\/\\\/candas365.es\\\/noticias#listItem\",\"position\":1,\"name\":\"Home\",\"item\":\"https:\\\/\\\/candas365.es\\\/noticias\",\"nextItem\":{\"@type\":\"ListItem\",\"@id\":\"https:\\\/\\\/candas365.es\\\/noticias\\\/category\\\/noticias-carreno\\\/#listItem\",\"name\":\"Noticias Carre\\u00f1o\"}},{\"@type\":\"ListItem\",\"@id\":\"https:\\\/\\\/candas365.es\\\/noticias\\\/category\\\/noticias-carreno\\\/#listItem\",\"position\":2,\"name\":\"Noticias Carre\\u00f1o\",\"item\":\"https:\\\/\\\/candas365.es\\\/noticias\\\/category\\\/noticias-carreno\\\/\",\"nextItem\":{\"@type\":\"ListItem\",\"@id\":\"https:\\\/\\\/candas365.es\\\/noticias\\\/el-colegio-poeta-anton-de-candas-sera-mas-accesible\\\/#listItem\",\"name\":\"El Colegio Poeta Ant\\u00f3n de Cand\\u00e1s ser\\u00e1 m\\u00e1s accesible\"},\"previousItem\":{\"@type\":\"ListItem\",\"@id\":\"https:\\\/\\\/candas365.es\\\/noticias#listItem\",\"name\":\"Home\"}},{\"@type\":\"ListItem\",\"@id\":\"https:\\\/\\\/candas365.es\\\/noticias\\\/el-colegio-poeta-anton-de-candas-sera-mas-accesible\\\/#listItem\",\"position\":3,\"name\":\"El Colegio Poeta Ant\\u00f3n de Cand\\u00e1s ser\\u00e1 m\\u00e1s accesible\",\"previousItem\":{\"@type\":\"ListItem\",\"@id\":\"https:\\\/\\\/candas365.es\\\/noticias\\\/category\\\/noticias-carreno\\\/#listItem\",\"name\":\"Noticias Carre\\u00f1o\"}}]},{\"@type\":\"NewsArticle\",\"@id\":\"https:\\\/\\\/candas365.es\\\/noticias\\\/el-colegio-poeta-anton-de-candas-sera-mas-accesible\\\/#newsarticle\",\"name\":\"El Colegio Poeta Ant\\u00f3n de Cand\\u00e1s ser\\u00e1 m\\u00e1s accesible | Cand\\u00e1s 365\",\"headline\":\"El Colegio Poeta Ant\\u00f3n de Cand\\u00e1s ser\\u00e1 m\\u00e1s accesible\",\"author\":{\"@id\":\"https:\\\/\\\/candas365.es\\\/noticias\\\/author\\\/admin\\\/#author\"},\"publisher\":{\"@id\":\"https:\\\/\\\/candas365.es\\\/noticias\\\/#organization\"},\"image\":{\"@type\":\"ImageObject\",\"url\":\"https:\\\/\\\/candas365.es\\\/noticias\\\/wp-content\\\/uploads\\\/2015\\\/09\\\/aula.jpg\",\"width\":655,\"height\":360,\"caption\":\"aula\"},\"datePublished\":\"2020-08-15T13:44:28+02:00\",\"dateModified\":\"2020-08-15T13:44:28+02:00\",\"inLanguage\":\"es-ES\",\"mainEntityOfPage\":{\"@id\":\"https:\\\/\\\/candas365.es\\\/noticias\\\/el-colegio-poeta-anton-de-candas-sera-mas-accesible\\\/#webpage\"},\"isPartOf\":{\"@id\":\"https:\\\/\\\/candas365.es\\\/noticias\\\/el-colegio-poeta-anton-de-candas-sera-mas-accesible\\\/#webpage\"},\"articleSection\":\"Noticias Carre\\u00f1o\",\"dateline\":\"Publicado el agosto 15, 2020.\"},{\"@type\":\"Organization\",\"@id\":\"https:\\\/\\\/candas365.es\\\/noticias\\\/#organization\",\"name\":\"Cand\\u00e1s 365\",\"description\":\"Cand\\u00e1s 365 es un diario digital independiente, fundado en 2012, con base en Asturias. Informamos con rigor sobre actualidad, sociedad, cultura y ocio, con una mirada local y global.\",\"url\":\"https:\\\/\\\/candas365.es\\\/noticias\\\/\",\"email\":\"info@candas365.es\",\"telephone\":\"+34652131393\",\"foundingDate\":\"2012-06-10\",\"logo\":{\"@type\":\"ImageObject\",\"url\":\"https:\\\/\\\/candas365.es\\\/noticias\\\/wp-content\\\/uploads\\\/2024\\\/09\\\/Candas-365-Redes.jpg\",\"@id\":\"https:\\\/\\\/candas365.es\\\/noticias\\\/el-colegio-poeta-anton-de-candas-sera-mas-accesible\\\/#organizationLogo\",\"width\":1152,\"height\":864,\"caption\":\"Cand\\u00e1s 365 Redes\"},\"image\":{\"@id\":\"https:\\\/\\\/candas365.es\\\/noticias\\\/el-colegio-poeta-anton-de-candas-sera-mas-accesible\\\/#organizationLogo\"},\"sameAs\":[\"https:\\\/\\\/www.facebook.com\\\/Nachofdezber\",\"https:\\\/\\\/x.com\\\/NabercoDigital\",\"https:\\\/\\\/www.instagram.com\\\/nachofdezber\\\/\",\"https:\\\/\\\/www.youtube.com\\\/channel\\\/UCZP-2wLEB9Rv6erhFmqVnvg\"],\"address\":{\"@id\":\"https:\\\/\\\/candas365.es\\\/noticias\\\/#postaladdress\",\"@type\":\"PostalAddress\",\"streetAddress\":\"san antonio 4, san antonio 4\",\"postalCode\":\"33430\",\"addressLocality\":\"Cand\\u00e1s\",\"addressRegion\":\"Asturias\",\"addressCountry\":\"ES\"}},{\"@type\":\"Person\",\"@id\":\"https:\\\/\\\/candas365.es\\\/noticias\\\/author\\\/admin\\\/#author\",\"url\":\"https:\\\/\\\/candas365.es\\\/noticias\\\/author\\\/admin\\\/\",\"name\":\"Cand\\u00e1s 365\",\"image\":{\"@type\":\"ImageObject\",\"@id\":\"https:\\\/\\\/candas365.es\\\/noticias\\\/el-colegio-poeta-anton-de-candas-sera-mas-accesible\\\/#authorImage\",\"url\":\"https:\\\/\\\/secure.gravatar.com\\\/avatar\\\/496a8e03d0c493ede1718b7934145dbdf8d89be1036b0eec9544e1094c9de390?s=96&d=mm&r=g\",\"width\":96,\"height\":96,\"caption\":\"Cand\\u00e1s 365\"},\"sameAs\":[\"https:\\\/\\\/www.facebook.com\\\/carrenoactualidad\",\"https:\\\/\\\/twitter.com\\\/nbasturias\",\"https:\\\/\\\/www.instagram.com\\\/nachofdezber\\\/\",\"https:\\\/\\\/www.youtube.com\\\/channel\\\/UCZP-2wLEB9Rv6erhFmqVnvg\"]},{\"@type\":\"WebPage\",\"@id\":\"https:\\\/\\\/candas365.es\\\/noticias\\\/el-colegio-poeta-anton-de-candas-sera-mas-accesible\\\/#webpage\",\"url\":\"https:\\\/\\\/candas365.es\\\/noticias\\\/el-colegio-poeta-anton-de-candas-sera-mas-accesible\\\/\",\"name\":\"El Colegio Poeta Ant\\u00f3n de Cand\\u00e1s ser\\u00e1 m\\u00e1s accesible | Cand\\u00e1s 365\",\"description\":\"Estos d\\u00edas finalizan las obras de reforma de los aseos y de la rampa de acceso del Colegio Poeta Ant\\u00f3n, lo que convertir\\u00e1n al centro educativo en una instalaci\\u00f3n al 100% accesible para toda la comunidad educativa. \\u201cEn el a\\u00f1o 2017 el Ayuntamiento de Carre\\u00f1o contrat\\u00f3 la elaboraci\\u00f3n de un estudio para hacer del edificio\",\"inLanguage\":\"es-ES\",\"isPartOf\":{\"@id\":\"https:\\\/\\\/candas365.es\\\/noticias\\\/#website\"},\"breadcrumb\":{\"@id\":\"https:\\\/\\\/candas365.es\\\/noticias\\\/el-colegio-poeta-anton-de-candas-sera-mas-accesible\\\/#breadcrumblist\"},\"author\":{\"@id\":\"https:\\\/\\\/candas365.es\\\/noticias\\\/author\\\/admin\\\/#author\"},\"creator\":{\"@id\":\"https:\\\/\\\/candas365.es\\\/noticias\\\/author\\\/admin\\\/#author\"},\"image\":{\"@type\":\"ImageObject\",\"url\":\"https:\\\/\\\/candas365.es\\\/noticias\\\/wp-content\\\/uploads\\\/2015\\\/09\\\/aula.jpg\",\"@id\":\"https:\\\/\\\/candas365.es\\\/noticias\\\/el-colegio-poeta-anton-de-candas-sera-mas-accesible\\\/#mainImage\",\"width\":655,\"height\":360,\"caption\":\"aula\"},\"primaryImageOfPage\":{\"@id\":\"https:\\\/\\\/candas365.es\\\/noticias\\\/el-colegio-poeta-anton-de-candas-sera-mas-accesible\\\/#mainImage\"},\"datePublished\":\"2020-08-15T13:44:28+02:00\",\"dateModified\":\"2020-08-15T13:44:28+02:00\"},{\"@type\":\"WebSite\",\"@id\":\"https:\\\/\\\/candas365.es\\\/noticias\\\/#website\",\"url\":\"https:\\\/\\\/candas365.es\\\/noticias\\\/\",\"name\":\"Cand\\u00e1s 365\",\"alternateName\":\"Cand\\u00e1s 365 Noticias\",\"description\":\"Actualidad desde Carre\\u00f1o para el mundo\",\"inLanguage\":\"es-ES\",\"publisher\":{\"@id\":\"https:\\\/\\\/candas365.es\\\/noticias\\\/#organization\"}}]}\n\t\t<\/script>\n\t\t<!-- All in One SEO Pro -->\r\n\t\t<title>El Colegio Poeta Ant\u00f3n de Cand\u00e1s ser\u00e1 m\u00e1s accesible | Cand\u00e1s 365<\/title>\n\n","aioseo_head_json":{"title":"El Colegio Poeta Ant\u00f3n de Cand\u00e1s ser\u00e1 m\u00e1s accesible | Cand\u00e1s 365","description":"Estos d\u00edas finalizan las obras de reforma de los aseos y de la rampa de acceso del Colegio Poeta Ant\u00f3n, lo que convertir\u00e1n al centro educativo en una instalaci\u00f3n al 100% accesible para toda la comunidad educativa. \u201cEn el a\u00f1o 2017 el Ayuntamiento de Carre\u00f1o contrat\u00f3 la elaboraci\u00f3n de un estudio para hacer del edificio","canonical_url":"https:\/\/candas365.es\/noticias\/el-colegio-poeta-anton-de-candas-sera-mas-accesible\/","robots":"max-image-preview:large","keywords":"noticias carre\u00f1o","webmasterTools":{"google-site-verification":"UA-32230408-1","msvalidate.01":"354F3CDFB2DA171B47FBE9ABF1F88D5","miscellaneous":""},"schema":{"@context":"https:\/\/schema.org","@graph":[{"@type":"BreadcrumbList","@id":"https:\/\/candas365.es\/noticias\/el-colegio-poeta-anton-de-candas-sera-mas-accesible\/#breadcrumblist","itemListElement":[{"@type":"ListItem","@id":"https:\/\/candas365.es\/noticias#listItem","position":1,"name":"Home","item":"https:\/\/candas365.es\/noticias","nextItem":{"@type":"ListItem","@id":"https:\/\/candas365.es\/noticias\/category\/noticias-carreno\/#listItem","name":"Noticias Carre\u00f1o"}},{"@type":"ListItem","@id":"https:\/\/candas365.es\/noticias\/category\/noticias-carreno\/#listItem","position":2,"name":"Noticias Carre\u00f1o","item":"https:\/\/candas365.es\/noticias\/category\/noticias-carreno\/","nextItem":{"@type":"ListItem","@id":"https:\/\/candas365.es\/noticias\/el-colegio-poeta-anton-de-candas-sera-mas-accesible\/#listItem","name":"El Colegio Poeta Ant\u00f3n de Cand\u00e1s ser\u00e1 m\u00e1s accesible"},"previousItem":{"@type":"ListItem","@id":"https:\/\/candas365.es\/noticias#listItem","name":"Home"}},{"@type":"ListItem","@id":"https:\/\/candas365.es\/noticias\/el-colegio-poeta-anton-de-candas-sera-mas-accesible\/#listItem","position":3,"name":"El Colegio Poeta Ant\u00f3n de Cand\u00e1s ser\u00e1 m\u00e1s accesible","previousItem":{"@type":"ListItem","@id":"https:\/\/candas365.es\/noticias\/category\/noticias-carreno\/#listItem","name":"Noticias Carre\u00f1o"}}]},{"@type":"NewsArticle","@id":"https:\/\/candas365.es\/noticias\/el-colegio-poeta-anton-de-candas-sera-mas-accesible\/#newsarticle","name":"El Colegio Poeta Ant\u00f3n de Cand\u00e1s ser\u00e1 m\u00e1s accesible | Cand\u00e1s 365","headline":"El Colegio Poeta Ant\u00f3n de Cand\u00e1s ser\u00e1 m\u00e1s accesible","author":{"@id":"https:\/\/candas365.es\/noticias\/author\/admin\/#author"},"publisher":{"@id":"https:\/\/candas365.es\/noticias\/#organization"},"image":{"@type":"ImageObject","url":"https:\/\/candas365.es\/noticias\/wp-content\/uploads\/2015\/09\/aula.jpg","width":655,"height":360,"caption":"aula"},"datePublished":"2020-08-15T13:44:28+02:00","dateModified":"2020-08-15T13:44:28+02:00","inLanguage":"es-ES","mainEntityOfPage":{"@id":"https:\/\/candas365.es\/noticias\/el-colegio-poeta-anton-de-candas-sera-mas-accesible\/#webpage"},"isPartOf":{"@id":"https:\/\/candas365.es\/noticias\/el-colegio-poeta-anton-de-candas-sera-mas-accesible\/#webpage"},"articleSection":"Noticias Carre\u00f1o","dateline":"Publicado el agosto 15, 2020."},{"@type":"Organization","@id":"https:\/\/candas365.es\/noticias\/#organization","name":"Cand\u00e1s 365","description":"Cand\u00e1s 365 es un diario digital independiente, fundado en 2012, con base en Asturias. Informamos con rigor sobre actualidad, sociedad, cultura y ocio, con una mirada local y global.","url":"https:\/\/candas365.es\/noticias\/","email":"info@candas365.es","telephone":"+34652131393","foundingDate":"2012-06-10","logo":{"@type":"ImageObject","url":"https:\/\/candas365.es\/noticias\/wp-content\/uploads\/2024\/09\/Candas-365-Redes.jpg","@id":"https:\/\/candas365.es\/noticias\/el-colegio-poeta-anton-de-candas-sera-mas-accesible\/#organizationLogo","width":1152,"height":864,"caption":"Cand\u00e1s 365 Redes"},"image":{"@id":"https:\/\/candas365.es\/noticias\/el-colegio-poeta-anton-de-candas-sera-mas-accesible\/#organizationLogo"},"sameAs":["https:\/\/www.facebook.com\/Nachofdezber","https:\/\/x.com\/NabercoDigital","https:\/\/www.instagram.com\/nachofdezber\/","https:\/\/www.youtube.com\/channel\/UCZP-2wLEB9Rv6erhFmqVnvg"],"address":{"@id":"https:\/\/candas365.es\/noticias\/#postaladdress","@type":"PostalAddress","streetAddress":"san antonio 4, san antonio 4","postalCode":"33430","addressLocality":"Cand\u00e1s","addressRegion":"Asturias","addressCountry":"ES"}},{"@type":"Person","@id":"https:\/\/candas365.es\/noticias\/author\/admin\/#author","url":"https:\/\/candas365.es\/noticias\/author\/admin\/","name":"Cand\u00e1s 365","image":{"@type":"ImageObject","@id":"https:\/\/candas365.es\/noticias\/el-colegio-poeta-anton-de-candas-sera-mas-accesible\/#authorImage","url":"https:\/\/secure.gravatar.com\/avatar\/496a8e03d0c493ede1718b7934145dbdf8d89be1036b0eec9544e1094c9de390?s=96&d=mm&r=g","width":96,"height":96,"caption":"Cand\u00e1s 365"},"sameAs":["https:\/\/www.facebook.com\/carrenoactualidad","https:\/\/twitter.com\/nbasturias","https:\/\/www.instagram.com\/nachofdezber\/","https:\/\/www.youtube.com\/channel\/UCZP-2wLEB9Rv6erhFmqVnvg"]},{"@type":"WebPage","@id":"https:\/\/candas365.es\/noticias\/el-colegio-poeta-anton-de-candas-sera-mas-accesible\/#webpage","url":"https:\/\/candas365.es\/noticias\/el-colegio-poeta-anton-de-candas-sera-mas-accesible\/","name":"El Colegio Poeta Ant\u00f3n de Cand\u00e1s ser\u00e1 m\u00e1s accesible | Cand\u00e1s 365","description":"Estos d\u00edas finalizan las obras de reforma de los aseos y de la rampa de acceso del Colegio Poeta Ant\u00f3n, lo que convertir\u00e1n al centro educativo en una instalaci\u00f3n al 100% accesible para toda la comunidad educativa. \u201cEn el a\u00f1o 2017 el Ayuntamiento de Carre\u00f1o contrat\u00f3 la elaboraci\u00f3n de un estudio para hacer del edificio","inLanguage":"es-ES","isPartOf":{"@id":"https:\/\/candas365.es\/noticias\/#website"},"breadcrumb":{"@id":"https:\/\/candas365.es\/noticias\/el-colegio-poeta-anton-de-candas-sera-mas-accesible\/#breadcrumblist"},"author":{"@id":"https:\/\/candas365.es\/noticias\/author\/admin\/#author"},"creator":{"@id":"https:\/\/candas365.es\/noticias\/author\/admin\/#author"},"image":{"@type":"ImageObject","url":"https:\/\/candas365.es\/noticias\/wp-content\/uploads\/2015\/09\/aula.jpg","@id":"https:\/\/candas365.es\/noticias\/el-colegio-poeta-anton-de-candas-sera-mas-accesible\/#mainImage","width":655,"height":360,"caption":"aula"},"primaryImageOfPage":{"@id":"https:\/\/candas365.es\/noticias\/el-colegio-poeta-anton-de-candas-sera-mas-accesible\/#mainImage"},"datePublished":"2020-08-15T13:44:28+02:00","dateModified":"2020-08-15T13:44:28+02:00"},{"@type":"WebSite","@id":"https:\/\/candas365.es\/noticias\/#website","url":"https:\/\/candas365.es\/noticias\/","name":"Cand\u00e1s 365","alternateName":"Cand\u00e1s 365 Noticias","description":"Actualidad desde Carre\u00f1o para el mundo","inLanguage":"es-ES","publisher":{"@id":"https:\/\/candas365.es\/noticias\/#organization"}}]},"og:locale":"es_ES","og:site_name":"Cand\u00e1s 365","og:type":"article","og:title":"El Colegio Poeta Ant\u00f3n de Cand\u00e1s ser\u00e1 m\u00e1s accesible | Cand\u00e1s 365","og:description":"Estos d\u00edas finalizan las obras de reforma de los aseos y de la rampa de acceso del Colegio Poeta Ant\u00f3n, lo que convertir\u00e1n al centro educativo en una instalaci\u00f3n al 100% accesible para toda la comunidad educativa. \u201cEn el a\u00f1o 2017 el Ayuntamiento de Carre\u00f1o contrat\u00f3 la elaboraci\u00f3n de un estudio para hacer del edificio","og:url":"https:\/\/candas365.es\/noticias\/el-colegio-poeta-anton-de-candas-sera-mas-accesible\/","og:image":"https:\/\/candas365.es\/noticias\/wp-content\/uploads\/2015\/09\/aula.jpg","og:image:secure_url":"https:\/\/candas365.es\/noticias\/wp-content\/uploads\/2015\/09\/aula.jpg","og:image:width":655,"og:image:height":360,"article:published_time":"2020-08-15T13:44:28+00:00","article:modified_time":"2020-08-15T13:44:28+00:00","article:publisher":"https:\/\/www.facebook.com\/Nachofdezber","article:author":"https:\/\/www.facebook.com\/carrenoactualidad","twitter:card":"summary_large_image","twitter:site":"@NabercoDigital","twitter:title":"El Colegio Poeta Ant\u00f3n de Cand\u00e1s ser\u00e1 m\u00e1s accesible | Cand\u00e1s 365","twitter:description":"Estos d\u00edas finalizan las obras de reforma de los aseos y de la rampa de acceso del Colegio Poeta Ant\u00f3n, lo que convertir\u00e1n al centro educativo en una instalaci\u00f3n al 100% accesible para toda la comunidad educativa. \u201cEn el a\u00f1o 2017 el Ayuntamiento de Carre\u00f1o contrat\u00f3 la elaboraci\u00f3n de un estudio para hacer del edificio","twitter:creator":"@nbasturias","twitter:image":"https:\/\/candas365.es\/noticias\/wp-content\/uploads\/2015\/09\/aula.jpg","twitter:label1":"Escrito por","twitter:data1":"Cand\u00e1s 365","twitter:label2":"Tiempo de lectura estimado","twitter:data2":"4 minutos"},"aioseo_meta_data":{"post_id":"145893","title":null,"description":"","keywords":"","keyphrases":null,"primary_term":null,"canonical_url":"","og_title":null,"og_description":null,"og_object_type":"default","og_image_type":"default","og_image_url":null,"og_image_width":null,"og_image_height":null,"og_image_custom_url":null,"og_image_custom_fields":null,"og_video":null,"og_custom_url":null,"og_article_section":null,"og_article_tags":null,"twitter_use_og":false,"twitter_card":"default","twitter_image_type":"default","twitter_image_url":null,"twitter_image_custom_url":null,"twitter_image_custom_fields":null,"twitter_title":null,"twitter_description":null,"schema":{"blockGraphs":[],"customGraphs":[],"default":{"data":{"Article":[],"Course":[],"Dataset":[],"FAQPage":[],"Movie":[],"Person":[],"Product":[],"ProductReview":[],"Car":[],"Recipe":[],"Service":[],"SoftwareApplication":[],"WebPage":[]},"graphName":"","isEnabled":true},"graphs":[]},"schema_type":null,"schema_type_options":null,"pillar_content":false,"robots_default":true,"robots_noindex":false,"robots_noarchive":false,"robots_nosnippet":false,"robots_nofollow":false,"robots_noimageindex":false,"robots_noodp":false,"robots_notranslate":false,"robots_max_snippet":null,"robots_max_videopreview":null,"robots_max_imagepreview":"large","priority":null,"frequency":null,"location":null,"local_seo":null,"seo_analyzer_scan_date":"2025-08-31 10:04:42","breadcrumb_settings":null,"limit_modified_date":false,"reviewed_by":null,"open_ai":null,"ai":null,"created":"2020-12-21 10:40:02","updated":"2025-08-31 10:04:42"},"aioseo_breadcrumb":"<div class=\"aioseo-breadcrumbs\"><span class=\"aioseo-breadcrumb\">\n\t<a href=\"https:\/\/candas365.es\/noticias\" title=\"Home\">Home<\/a>\n<\/span><span class=\"aioseo-breadcrumb-separator\">&ndash;<\/span><span class=\"aioseo-breadcrumb\">\n\t<a href=\"https:\/\/candas365.es\/noticias\/category\/noticias-carreno\/\" title=\"Noticias Carre\u00f1o\">Noticias Carre\u00f1o<\/a>\n<\/span><span class=\"aioseo-breadcrumb-separator\">&ndash;<\/span><span class=\"aioseo-breadcrumb\">\n\tEl Colegio Poeta Ant\u00f3n de Cand\u00e1s ser\u00e1 m\u00e1s accesible\n<\/span><\/div>","aioseo_breadcrumb_json":[{"label":"Home","link":"https:\/\/candas365.es\/noticias"},{"label":"Noticias Carre\u00f1o","link":"https:\/\/candas365.es\/noticias\/category\/noticias-carreno\/"},{"label":"El Colegio Poeta Ant\u00f3n de Cand\u00e1s ser\u00e1 m\u00e1s accesible","link":"https:\/\/candas365.es\/noticias\/el-colegio-poeta-anton-de-candas-sera-mas-accesible\/"}],"_links":{"self":[{"href":"https:\/\/candas365.es\/noticias\/wp-json\/wp\/v2\/posts\/145893","targetHints":{"allow":["GET"]}}],"collection":[{"href":"https:\/\/candas365.es\/noticias\/wp-json\/wp\/v2\/posts"}],"about":[{"href":"https:\/\/candas365.es\/noticias\/wp-json\/wp\/v2\/types\/post"}],"author":[{"embeddable":true,"href":"https:\/\/candas365.es\/noticias\/wp-json\/wp\/v2\/users\/1"}],"replies":[{"embeddable":true,"href":"https:\/\/candas365.es\/noticias\/wp-json\/wp\/v2\/comments?post=145893"}],"version-history":[{"count":0,"href":"https:\/\/candas365.es\/noticias\/wp-json\/wp\/v2\/posts\/145893\/revisions"}],"wp:featuredmedia":[{"embeddable":true,"href":"https:\/\/candas365.es\/noticias\/wp-json\/wp\/v2\/media\/15610"}],"wp:attachment":[{"href":"https:\/\/candas365.es\/noticias\/wp-json\/wp\/v2\/media?parent=145893"}],"wp:term":[{"taxonomy":"category","embeddable":true,"href":"https:\/\/candas365.es\/noticias\/wp-json\/wp\/v2\/categories?post=145893"},{"taxonomy":"post_tag","embeddable":true,"href":"https:\/\/candas365.es\/noticias\/wp-json\/wp\/v2\/tags?post=145893"}],"curies":[{"name":"wp","href":"https:\/\/api.w.org\/{rel}","templated":true}]}}