{"id":145811,"date":"2020-08-13T10:51:52","date_gmt":"2020-08-13T10:51:52","guid":{"rendered":"http:\/\/candas365.es\/noticias\/?p=145811"},"modified":"2020-08-13T10:51:52","modified_gmt":"2020-08-13T10:51:52","slug":"natural-y-sostenible-asi-son-las-tendencias-mas-actuales-en-muebles-del-hogar","status":"publish","type":"post","link":"https:\/\/candas365.es\/noticias\/natural-y-sostenible-asi-son-las-tendencias-mas-actuales-en-muebles-del-hogar\/","title":{"rendered":"Natural y sostenible; as\u00ed son las tendencias m\u00e1s actuales en muebles del hogar"},"content":{"rendered":"<p><span style=\"font-weight: 400;\"><img fetchpriority=\"high\" decoding=\"async\" class=\"alignleft size-medium wp-image-145812\" src=\"https:\/\/candas365.es\/noticias\/wp-content\/uploads\/2020\/08\/hogar-360x258.jpg\" alt=\"\" width=\"360\" height=\"258\" srcset=\"https:\/\/candas365.es\/noticias\/wp-content\/uploads\/2020\/08\/hogar-360x258.jpg 360w, https:\/\/candas365.es\/noticias\/wp-content\/uploads\/2020\/08\/hogar-587x420.jpg 587w, https:\/\/candas365.es\/noticias\/wp-content\/uploads\/2020\/08\/hogar.jpg 629w\" sizes=\"(max-width: 360px) 100vw, 360px\" \/>A medida que entramos en una nueva d\u00e9cada, tambi\u00e9n estamos entrando en una nueva era de tendencias de dise\u00f1o sostenible, estilos de interiores y elecciones de mobiliario marcadas por la conciencia social; dise\u00f1os para crear un cambio universal y ayudar al medio ambiente que nos rodea.<\/span><\/p>\n<p><span style=\"font-weight: 400;\">Uno de los impulsores clave de las tendencias en dise\u00f1o de interiores de este a\u00f1o es la necesidad de sostenibilidad y, si bien esto no es algo nuevo, es un requisito que veremos m\u00e1s en los productos y servicios que usamos y compramos en el futuro. Grandes marcas del dise\u00f1o de mobiliario como <\/span><span style=\"color: #ff6600;\"><strong><a style=\"color: #ff6600;\" href=\"https:\/\/www.divinitymuebles.com\/gruposeys\" target=\"_blank\" rel=\"noopener noreferrer\">Grupo Seys<\/a><\/strong><\/span><span style=\"font-weight: 400;\"> apuestan por un estilo propio basado en la naturaleza y el ambiente r\u00fastico modernizado. Una muestra de su sensibilizaci\u00f3n con la sostenibilidad medioambiental que se refleja en los muebles que nos presentan para cualquier punto de la casa.<\/span><\/p>\n<h1><b>Tendencias sostenibles en interiorismo y mobiliario<\/b><span style=\"font-weight: 400;\">\u00a0<\/span><\/h1>\n<p><span style=\"font-weight: 400;\">Bas\u00e1ndonos en lo que vemos en los amplios cat\u00e1logos de este tipo de fabricantes experimentados vamos a revisar en este art\u00edculo algunas de las principales tendencias sostenibles de interiorismo y mobiliario para el hogar que est\u00e1n marcando lo que llevamos de 2020.<\/span><span style=\"font-weight: 400;\">\u00a0\u00a0<\/span><\/p>\n<h2><b>Materiales naturales<\/b><\/h2>\n<p><span style=\"font-weight: 400;\">Se trata de usar materiales de gran calidad con un enfoque sostenible. Tanto en los interiores como en la decoraci\u00f3n, vemos el uso de madera natural, textiles reciclados, hilos sin te\u00f1ir y telas suaves de felpa, junto con art\u00edculos para el hogar de terracota c\u00e1lida y cer\u00e1mica terrosa. En general, la gente siente una mayor necesidad de estar conectada con la naturaleza y, debido a esto, encontramos elementos venidos de nuestro concepto de aire libre que se infunden en el dise\u00f1o de interiores.<\/span><\/p>\n<p><span style=\"font-weight: 400;\">La influencia a lo acogedor, que se ha hecho popular a lo largo de los a\u00f1os, permanece con formas org\u00e1nicas y tonos naturales que seguir\u00e1n siendo elementos de dise\u00f1o clave en 2020.<\/span><span style=\"font-weight: 400;\">\u00a0\u00a0<\/span><\/p>\n<h2><b>Combinaci\u00f3n de org\u00e1nico y elegante\u00a0<\/b><\/h2>\n<p><span style=\"font-weight: 400;\">Esta es una tendencia de dise\u00f1o que se complementa especialmente bien con la anterior y que adem\u00e1s a\u00fana la influencia n\u00f3rdica, de aire r\u00fastico, con el siempre elegante estilo venido de Jap\u00f3n. Este a\u00f1o es el del surgimiento de una fusi\u00f3n de las l\u00edneas simples y limpias japonesas con el naturalista y acogedor estilo escandinavo. Una convergencia que se ha dado en llamar dentro de la industria del dise\u00f1o de interiores como \u201cJapandi\u00bb, y que mezcla con acierto lo mejor de ambas l\u00edneas de dise\u00f1o.<\/span><\/p>\n<p><span style=\"font-weight: 400;\">Para crear esta apariencia, se recurre a formas y l\u00edneas n\u00edtidas, perfectamente definidas, y elecciones de muebles elegantes combinadas en contraste con elementos y formas naturales, org\u00e1nicas e imperfectas.<\/span><\/p>\n<p><span style=\"font-weight: 400;\">En esta tendencia se enmarcar\u00eda tambi\u00e9n el uso de maderas macizas naturales resaltadas con un dise\u00f1o moderno. Un contraste poco com\u00fan que consigue dise\u00f1os cautivadores, de est\u00e9tica impecable sin perder a la vez la esencia t\u00edpica del mueble artesanal. <\/span><strong><span style=\"color: #ff6600;\"><a style=\"color: #ff6600;\" href=\"https:\/\/www.divinitymuebles.com\/divogue\" target=\"_blank\" rel=\"noopener noreferrer\">Divogue<\/a><\/span><\/strong><span style=\"font-weight: 400;\"> basa buena parte de su cat\u00e1logo en este contraste y cuenta con 3 colecciones, diferenciadas por sus estilos reconocibles y caracterizadas por su calidad: Estoril, Sajonia y Veneto.<\/span><\/p>\n<p><span style=\"font-weight: 400;\">El rat\u00e1n, el lino, el yute, la madera y los art\u00edculos de decoraci\u00f3n artesanales que son perfectamente imperfectos contribuyen en gran medida a darle un toque personal a nuestro espacio. Este es un aspecto en el que podemos colaborar, con la asesor\u00eda de los expertos, mediante algunos tesoros hechos a mano estrat\u00e9gicamente colocados en una estanter\u00eda.<\/span><span style=\"font-weight: 400;\">\u00a0\u00a0<\/span><\/p>\n<h2><b>Tonos calmantes inspirados en la naturaleza<\/b><\/h2>\n<p><span style=\"font-weight: 400;\">Los colores son algo muy personal, pero algunos simplemente rezuman calma. Los colores clave como tendencia para este a\u00f1o son tonos caracterizados por su capacidad restauradora y est\u00e1n tomados directamente de la naturaleza. Los tonos tierra seguir\u00e1n siendo una gran noticia en el futuro previsible, al igual que el naranja, el rosa y varios tonos de azul y verde en tonos c\u00e1lidos y fr\u00edos. El verde oliva maduro tambi\u00e9n se promociona como una opci\u00f3n s\u00faper chic para cualquier espacio de nuestro hogar. Podemos mantener la apariencia moderna y fresca al introducir un color de acento inesperado. Hablamos de maridajes como el \u00f3xido y el rosa o el lila, y el mostaza con el rosa polvoriento.<\/span><span style=\"font-weight: 400;\">\u00a0<\/span><\/p>\n<h2><b>Mantengamos el juego\u00a0<\/b><\/h2>\n<p><span style=\"font-weight: 400;\">\u00a1Jugar no es solo para ni\u00f1os! Podemos ver elementos de dise\u00f1o divertidos apareciendo en lugares espec\u00edficos de nuestro hogar, y que esto sea algo muy valorado en un a\u00f1o como este 2020. Algunas divertidas sorpresas de dise\u00f1o a\u00f1aden alegr\u00eda y calidez a nuestro espacio vital, especialmente si tenemos una familia joven. Las casas no solo son habitables, tambi\u00e9n son jugables y est\u00e1n esperando llenarse con nuestros mejores recuerdos. Los toques de color, las obras de arte que hacen referencia a la cultura pop y la decoraci\u00f3n de dise\u00f1o l\u00fadico son formas de abrazar el esp\u00edritu del juego en nuestro hogar. \u00a0La variedad de estilos y de tendencias es tambi\u00e9n parte de ese acogedor sentido de la sorpresa y la diversi\u00f3n. \u00a0<\/span><span style=\"color: #ff6600;\"><strong><a style=\"color: #ff6600;\" href=\"https:\/\/www.divinitymuebles.com\/fabricantes\" target=\"_blank\" rel=\"noopener noreferrer\">Ver m\u00e1s marcas de muebles<\/a><\/strong><\/span><span style=\"font-weight: 400;\">, explorar y ampliar nuestras sensaciones con sus amplios cat\u00e1logos nos puede llevar a encontrarnos con algo mucho mejor que las \u00faltimas tendencias de moda en interiorismo, puede llevarnos a descubrir nuestro propio estilo y el que nos hace sentirnos reflejados en el mobiliario elegido para nuestro hogar.<\/span><\/p>\n<p>&nbsp;<\/p>\n<p>&nbsp;<\/p>\n","protected":false},"excerpt":{"rendered":"<p>A medida que entramos en una nueva d\u00e9cada, tambi\u00e9n estamos entrando en una nueva era de tendencias de dise\u00f1o sostenible, estilos de interiores y elecciones de mobiliario marcadas por la conciencia social; dise\u00f1os para crear un cambio universal y ayudar al medio ambiente que nos rodea. Uno de los impulsores clave de las tendencias en<\/p>\n","protected":false},"author":1,"featured_media":145812,"comment_status":"closed","ping_status":"closed","sticky":false,"template":"","format":"standard","meta":{"footnotes":""},"categories":[142],"tags":[],"class_list":{"0":"post-145811","1":"post","2":"type-post","3":"status-publish","4":"format-standard","5":"has-post-thumbnail","7":"category-revista"},"aioseo_notices":[],"aioseo_head":"\n\t\t<!-- All in One SEO Pro 4.9.6.2 - aioseo.com -->\n\t<meta name=\"description\" content=\"A medida que entramos en una nueva d\u00e9cada, tambi\u00e9n estamos entrando en una nueva era de tendencias de dise\u00f1o sostenible, estilos de interiores y elecciones de mobiliario marcadas por la conciencia social; dise\u00f1os para crear un cambio universal y ayudar al medio ambiente que nos rodea. Uno de los impulsores clave de las tendencias en\" \/>\n\t<meta name=\"robots\" content=\"max-image-preview:large\" \/>\n\t<meta name=\"author\" content=\"Cand\u00e1s 365\"\/>\n\t<meta name=\"google-site-verification\" content=\"UA-32230408-1\" \/>\n\t<meta name=\"msvalidate.01\" content=\"354F3CDFB2DA171B47FBE9ABF1F88D5\" \/>\n\t<meta name=\"keywords\" content=\"revista\" \/>\n\t<link rel=\"canonical\" href=\"https:\/\/candas365.es\/noticias\/natural-y-sostenible-asi-son-las-tendencias-mas-actuales-en-muebles-del-hogar\/\" \/>\n\t<meta name=\"generator\" content=\"All in One SEO Pro (AIOSEO) 4.9.6.2\" \/>\n\t\t<meta property=\"og:locale\" content=\"es_ES\" \/>\n\t\t<meta property=\"og:site_name\" content=\"Cand\u00e1s 365\" \/>\n\t\t<meta property=\"og:type\" content=\"article\" \/>\n\t\t<meta property=\"og:title\" content=\"Natural y sostenible; as\u00ed son las tendencias m\u00e1s actuales en muebles del hogar | Cand\u00e1s 365\" \/>\n\t\t<meta property=\"og:description\" content=\"A medida que entramos en una nueva d\u00e9cada, tambi\u00e9n estamos entrando en una nueva era de tendencias de dise\u00f1o sostenible, estilos de interiores y elecciones de mobiliario marcadas por la conciencia social; dise\u00f1os para crear un cambio universal y ayudar al medio ambiente que nos rodea. Uno de los impulsores clave de las tendencias en\" \/>\n\t\t<meta property=\"og:url\" content=\"https:\/\/candas365.es\/noticias\/natural-y-sostenible-asi-son-las-tendencias-mas-actuales-en-muebles-del-hogar\/\" \/>\n\t\t<meta property=\"og:image\" content=\"https:\/\/candas365.es\/noticias\/wp-content\/uploads\/2020\/08\/hogar.jpg\" \/>\n\t\t<meta property=\"og:image:secure_url\" content=\"https:\/\/candas365.es\/noticias\/wp-content\/uploads\/2020\/08\/hogar.jpg\" \/>\n\t\t<meta property=\"og:image:width\" content=\"629\" \/>\n\t\t<meta property=\"og:image:height\" content=\"450\" \/>\n\t\t<meta property=\"article:published_time\" content=\"2020-08-13T10:51:52+00:00\" \/>\n\t\t<meta property=\"article:modified_time\" content=\"2020-08-13T10:51:52+00:00\" \/>\n\t\t<meta property=\"article:publisher\" content=\"https:\/\/www.facebook.com\/Nachofdezber\" \/>\n\t\t<meta property=\"article:author\" content=\"https:\/\/www.facebook.com\/carrenoactualidad\" \/>\n\t\t<meta name=\"twitter:card\" content=\"summary_large_image\" \/>\n\t\t<meta name=\"twitter:site\" content=\"@NabercoDigital\" \/>\n\t\t<meta name=\"twitter:title\" content=\"Natural y sostenible; as\u00ed son las tendencias m\u00e1s actuales en muebles del hogar | Cand\u00e1s 365\" \/>\n\t\t<meta name=\"twitter:description\" content=\"A medida que entramos en una nueva d\u00e9cada, tambi\u00e9n estamos entrando en una nueva era de tendencias de dise\u00f1o sostenible, estilos de interiores y elecciones de mobiliario marcadas por la conciencia social; dise\u00f1os para crear un cambio universal y ayudar al medio ambiente que nos rodea. Uno de los impulsores clave de las tendencias en\" \/>\n\t\t<meta name=\"twitter:creator\" content=\"@nbasturias\" \/>\n\t\t<meta name=\"twitter:image\" content=\"https:\/\/candas365.es\/noticias\/wp-content\/uploads\/2020\/08\/hogar.jpg\" \/>\n\t\t<meta name=\"twitter:label1\" content=\"Escrito por\" \/>\n\t\t<meta name=\"twitter:data1\" content=\"Cand\u00e1s 365\" \/>\n\t\t<meta name=\"twitter:label2\" content=\"Tiempo de lectura estimado\" \/>\n\t\t<meta name=\"twitter:data2\" content=\"5 minutos\" \/>\n\t\t<script type=\"application\/ld+json\" class=\"aioseo-schema\">\n\t\t\t{\"@context\":\"https:\\\/\\\/schema.org\",\"@graph\":[{\"@type\":\"BreadcrumbList\",\"@id\":\"https:\\\/\\\/candas365.es\\\/noticias\\\/natural-y-sostenible-asi-son-las-tendencias-mas-actuales-en-muebles-del-hogar\\\/#breadcrumblist\",\"itemListElement\":[{\"@type\":\"ListItem\",\"@id\":\"https:\\\/\\\/candas365.es\\\/noticias#listItem\",\"position\":1,\"name\":\"Home\",\"item\":\"https:\\\/\\\/candas365.es\\\/noticias\",\"nextItem\":{\"@type\":\"ListItem\",\"@id\":\"https:\\\/\\\/candas365.es\\\/noticias\\\/category\\\/revista\\\/#listItem\",\"name\":\"Revista\"}},{\"@type\":\"ListItem\",\"@id\":\"https:\\\/\\\/candas365.es\\\/noticias\\\/category\\\/revista\\\/#listItem\",\"position\":2,\"name\":\"Revista\",\"item\":\"https:\\\/\\\/candas365.es\\\/noticias\\\/category\\\/revista\\\/\",\"nextItem\":{\"@type\":\"ListItem\",\"@id\":\"https:\\\/\\\/candas365.es\\\/noticias\\\/natural-y-sostenible-asi-son-las-tendencias-mas-actuales-en-muebles-del-hogar\\\/#listItem\",\"name\":\"Natural y sostenible; as\\u00ed son las tendencias m\\u00e1s actuales en muebles del hogar\"},\"previousItem\":{\"@type\":\"ListItem\",\"@id\":\"https:\\\/\\\/candas365.es\\\/noticias#listItem\",\"name\":\"Home\"}},{\"@type\":\"ListItem\",\"@id\":\"https:\\\/\\\/candas365.es\\\/noticias\\\/natural-y-sostenible-asi-son-las-tendencias-mas-actuales-en-muebles-del-hogar\\\/#listItem\",\"position\":3,\"name\":\"Natural y sostenible; as\\u00ed son las tendencias m\\u00e1s actuales en muebles del hogar\",\"previousItem\":{\"@type\":\"ListItem\",\"@id\":\"https:\\\/\\\/candas365.es\\\/noticias\\\/category\\\/revista\\\/#listItem\",\"name\":\"Revista\"}}]},{\"@type\":\"NewsArticle\",\"@id\":\"https:\\\/\\\/candas365.es\\\/noticias\\\/natural-y-sostenible-asi-son-las-tendencias-mas-actuales-en-muebles-del-hogar\\\/#newsarticle\",\"name\":\"Natural y sostenible; as\\u00ed son las tendencias m\\u00e1s actuales en muebles del hogar | Cand\\u00e1s 365\",\"headline\":\"Natural y sostenible; as\\u00ed son las tendencias m\\u00e1s actuales en muebles del hogar\",\"author\":{\"@id\":\"https:\\\/\\\/candas365.es\\\/noticias\\\/author\\\/admin\\\/#author\"},\"publisher\":{\"@id\":\"https:\\\/\\\/candas365.es\\\/noticias\\\/#organization\"},\"image\":{\"@type\":\"ImageObject\",\"url\":\"https:\\\/\\\/candas365.es\\\/noticias\\\/wp-content\\\/uploads\\\/2020\\\/08\\\/hogar.jpg\",\"width\":629,\"height\":450},\"datePublished\":\"2020-08-13T10:51:52+02:00\",\"dateModified\":\"2020-08-13T10:51:52+02:00\",\"inLanguage\":\"es-ES\",\"mainEntityOfPage\":{\"@id\":\"https:\\\/\\\/candas365.es\\\/noticias\\\/natural-y-sostenible-asi-son-las-tendencias-mas-actuales-en-muebles-del-hogar\\\/#webpage\"},\"isPartOf\":{\"@id\":\"https:\\\/\\\/candas365.es\\\/noticias\\\/natural-y-sostenible-asi-son-las-tendencias-mas-actuales-en-muebles-del-hogar\\\/#webpage\"},\"articleSection\":\"Revista\",\"dateline\":\"Publicado el agosto 13, 2020.\"},{\"@type\":\"Organization\",\"@id\":\"https:\\\/\\\/candas365.es\\\/noticias\\\/#organization\",\"name\":\"Cand\\u00e1s 365\",\"description\":\"Cand\\u00e1s 365 es un diario digital independiente, fundado en 2012, con base en Asturias. Informamos con rigor sobre actualidad, sociedad, cultura y ocio, con una mirada local y global.\",\"url\":\"https:\\\/\\\/candas365.es\\\/noticias\\\/\",\"email\":\"info@candas365.es\",\"telephone\":\"+34652131393\",\"foundingDate\":\"2012-06-10\",\"logo\":{\"@type\":\"ImageObject\",\"url\":\"https:\\\/\\\/candas365.es\\\/noticias\\\/wp-content\\\/uploads\\\/2024\\\/09\\\/Candas-365-Redes.jpg\",\"@id\":\"https:\\\/\\\/candas365.es\\\/noticias\\\/natural-y-sostenible-asi-son-las-tendencias-mas-actuales-en-muebles-del-hogar\\\/#organizationLogo\",\"width\":1152,\"height\":864,\"caption\":\"Cand\\u00e1s 365 Redes\"},\"image\":{\"@id\":\"https:\\\/\\\/candas365.es\\\/noticias\\\/natural-y-sostenible-asi-son-las-tendencias-mas-actuales-en-muebles-del-hogar\\\/#organizationLogo\"},\"sameAs\":[\"https:\\\/\\\/www.facebook.com\\\/Nachofdezber\",\"https:\\\/\\\/x.com\\\/NabercoDigital\",\"https:\\\/\\\/www.instagram.com\\\/nachofdezber\\\/\",\"https:\\\/\\\/www.youtube.com\\\/channel\\\/UCZP-2wLEB9Rv6erhFmqVnvg\"],\"address\":{\"@id\":\"https:\\\/\\\/candas365.es\\\/noticias\\\/#postaladdress\",\"@type\":\"PostalAddress\",\"streetAddress\":\"san antonio 4, san antonio 4\",\"postalCode\":\"33430\",\"addressLocality\":\"Cand\\u00e1s\",\"addressRegion\":\"Asturias\",\"addressCountry\":\"ES\"}},{\"@type\":\"Person\",\"@id\":\"https:\\\/\\\/candas365.es\\\/noticias\\\/author\\\/admin\\\/#author\",\"url\":\"https:\\\/\\\/candas365.es\\\/noticias\\\/author\\\/admin\\\/\",\"name\":\"Cand\\u00e1s 365\",\"image\":{\"@type\":\"ImageObject\",\"@id\":\"https:\\\/\\\/candas365.es\\\/noticias\\\/natural-y-sostenible-asi-son-las-tendencias-mas-actuales-en-muebles-del-hogar\\\/#authorImage\",\"url\":\"https:\\\/\\\/secure.gravatar.com\\\/avatar\\\/496a8e03d0c493ede1718b7934145dbdf8d89be1036b0eec9544e1094c9de390?s=96&d=mm&r=g\",\"width\":96,\"height\":96,\"caption\":\"Cand\\u00e1s 365\"},\"sameAs\":[\"https:\\\/\\\/www.facebook.com\\\/carrenoactualidad\",\"https:\\\/\\\/twitter.com\\\/nbasturias\",\"https:\\\/\\\/www.instagram.com\\\/nachofdezber\\\/\",\"https:\\\/\\\/www.youtube.com\\\/channel\\\/UCZP-2wLEB9Rv6erhFmqVnvg\"]},{\"@type\":\"WebPage\",\"@id\":\"https:\\\/\\\/candas365.es\\\/noticias\\\/natural-y-sostenible-asi-son-las-tendencias-mas-actuales-en-muebles-del-hogar\\\/#webpage\",\"url\":\"https:\\\/\\\/candas365.es\\\/noticias\\\/natural-y-sostenible-asi-son-las-tendencias-mas-actuales-en-muebles-del-hogar\\\/\",\"name\":\"Natural y sostenible; as\\u00ed son las tendencias m\\u00e1s actuales en muebles del hogar | Cand\\u00e1s 365\",\"description\":\"A medida que entramos en una nueva d\\u00e9cada, tambi\\u00e9n estamos entrando en una nueva era de tendencias de dise\\u00f1o sostenible, estilos de interiores y elecciones de mobiliario marcadas por la conciencia social; dise\\u00f1os para crear un cambio universal y ayudar al medio ambiente que nos rodea. Uno de los impulsores clave de las tendencias en\",\"inLanguage\":\"es-ES\",\"isPartOf\":{\"@id\":\"https:\\\/\\\/candas365.es\\\/noticias\\\/#website\"},\"breadcrumb\":{\"@id\":\"https:\\\/\\\/candas365.es\\\/noticias\\\/natural-y-sostenible-asi-son-las-tendencias-mas-actuales-en-muebles-del-hogar\\\/#breadcrumblist\"},\"author\":{\"@id\":\"https:\\\/\\\/candas365.es\\\/noticias\\\/author\\\/admin\\\/#author\"},\"creator\":{\"@id\":\"https:\\\/\\\/candas365.es\\\/noticias\\\/author\\\/admin\\\/#author\"},\"image\":{\"@type\":\"ImageObject\",\"url\":\"https:\\\/\\\/candas365.es\\\/noticias\\\/wp-content\\\/uploads\\\/2020\\\/08\\\/hogar.jpg\",\"@id\":\"https:\\\/\\\/candas365.es\\\/noticias\\\/natural-y-sostenible-asi-son-las-tendencias-mas-actuales-en-muebles-del-hogar\\\/#mainImage\",\"width\":629,\"height\":450},\"primaryImageOfPage\":{\"@id\":\"https:\\\/\\\/candas365.es\\\/noticias\\\/natural-y-sostenible-asi-son-las-tendencias-mas-actuales-en-muebles-del-hogar\\\/#mainImage\"},\"datePublished\":\"2020-08-13T10:51:52+02:00\",\"dateModified\":\"2020-08-13T10:51:52+02:00\"},{\"@type\":\"WebSite\",\"@id\":\"https:\\\/\\\/candas365.es\\\/noticias\\\/#website\",\"url\":\"https:\\\/\\\/candas365.es\\\/noticias\\\/\",\"name\":\"Cand\\u00e1s 365\",\"alternateName\":\"Cand\\u00e1s 365 Noticias\",\"description\":\"Actualidad desde Carre\\u00f1o para el mundo\",\"inLanguage\":\"es-ES\",\"publisher\":{\"@id\":\"https:\\\/\\\/candas365.es\\\/noticias\\\/#organization\"}}]}\n\t\t<\/script>\n\t\t<!-- All in One SEO Pro -->\r\n\t\t<title>Natural y sostenible; as\u00ed son las tendencias m\u00e1s actuales en muebles del hogar | Cand\u00e1s 365<\/title>\n\n","aioseo_head_json":{"title":"Natural y sostenible; as\u00ed son las tendencias m\u00e1s actuales en muebles del hogar | Cand\u00e1s 365","description":"A medida que entramos en una nueva d\u00e9cada, tambi\u00e9n estamos entrando en una nueva era de tendencias de dise\u00f1o sostenible, estilos de interiores y elecciones de mobiliario marcadas por la conciencia social; dise\u00f1os para crear un cambio universal y ayudar al medio ambiente que nos rodea. Uno de los impulsores clave de las tendencias en","canonical_url":"https:\/\/candas365.es\/noticias\/natural-y-sostenible-asi-son-las-tendencias-mas-actuales-en-muebles-del-hogar\/","robots":"max-image-preview:large","keywords":"revista","webmasterTools":{"google-site-verification":"UA-32230408-1","msvalidate.01":"354F3CDFB2DA171B47FBE9ABF1F88D5","miscellaneous":""},"schema":{"@context":"https:\/\/schema.org","@graph":[{"@type":"BreadcrumbList","@id":"https:\/\/candas365.es\/noticias\/natural-y-sostenible-asi-son-las-tendencias-mas-actuales-en-muebles-del-hogar\/#breadcrumblist","itemListElement":[{"@type":"ListItem","@id":"https:\/\/candas365.es\/noticias#listItem","position":1,"name":"Home","item":"https:\/\/candas365.es\/noticias","nextItem":{"@type":"ListItem","@id":"https:\/\/candas365.es\/noticias\/category\/revista\/#listItem","name":"Revista"}},{"@type":"ListItem","@id":"https:\/\/candas365.es\/noticias\/category\/revista\/#listItem","position":2,"name":"Revista","item":"https:\/\/candas365.es\/noticias\/category\/revista\/","nextItem":{"@type":"ListItem","@id":"https:\/\/candas365.es\/noticias\/natural-y-sostenible-asi-son-las-tendencias-mas-actuales-en-muebles-del-hogar\/#listItem","name":"Natural y sostenible; as\u00ed son las tendencias m\u00e1s actuales en muebles del hogar"},"previousItem":{"@type":"ListItem","@id":"https:\/\/candas365.es\/noticias#listItem","name":"Home"}},{"@type":"ListItem","@id":"https:\/\/candas365.es\/noticias\/natural-y-sostenible-asi-son-las-tendencias-mas-actuales-en-muebles-del-hogar\/#listItem","position":3,"name":"Natural y sostenible; as\u00ed son las tendencias m\u00e1s actuales en muebles del hogar","previousItem":{"@type":"ListItem","@id":"https:\/\/candas365.es\/noticias\/category\/revista\/#listItem","name":"Revista"}}]},{"@type":"NewsArticle","@id":"https:\/\/candas365.es\/noticias\/natural-y-sostenible-asi-son-las-tendencias-mas-actuales-en-muebles-del-hogar\/#newsarticle","name":"Natural y sostenible; as\u00ed son las tendencias m\u00e1s actuales en muebles del hogar | Cand\u00e1s 365","headline":"Natural y sostenible; as\u00ed son las tendencias m\u00e1s actuales en muebles del hogar","author":{"@id":"https:\/\/candas365.es\/noticias\/author\/admin\/#author"},"publisher":{"@id":"https:\/\/candas365.es\/noticias\/#organization"},"image":{"@type":"ImageObject","url":"https:\/\/candas365.es\/noticias\/wp-content\/uploads\/2020\/08\/hogar.jpg","width":629,"height":450},"datePublished":"2020-08-13T10:51:52+02:00","dateModified":"2020-08-13T10:51:52+02:00","inLanguage":"es-ES","mainEntityOfPage":{"@id":"https:\/\/candas365.es\/noticias\/natural-y-sostenible-asi-son-las-tendencias-mas-actuales-en-muebles-del-hogar\/#webpage"},"isPartOf":{"@id":"https:\/\/candas365.es\/noticias\/natural-y-sostenible-asi-son-las-tendencias-mas-actuales-en-muebles-del-hogar\/#webpage"},"articleSection":"Revista","dateline":"Publicado el agosto 13, 2020."},{"@type":"Organization","@id":"https:\/\/candas365.es\/noticias\/#organization","name":"Cand\u00e1s 365","description":"Cand\u00e1s 365 es un diario digital independiente, fundado en 2012, con base en Asturias. Informamos con rigor sobre actualidad, sociedad, cultura y ocio, con una mirada local y global.","url":"https:\/\/candas365.es\/noticias\/","email":"info@candas365.es","telephone":"+34652131393","foundingDate":"2012-06-10","logo":{"@type":"ImageObject","url":"https:\/\/candas365.es\/noticias\/wp-content\/uploads\/2024\/09\/Candas-365-Redes.jpg","@id":"https:\/\/candas365.es\/noticias\/natural-y-sostenible-asi-son-las-tendencias-mas-actuales-en-muebles-del-hogar\/#organizationLogo","width":1152,"height":864,"caption":"Cand\u00e1s 365 Redes"},"image":{"@id":"https:\/\/candas365.es\/noticias\/natural-y-sostenible-asi-son-las-tendencias-mas-actuales-en-muebles-del-hogar\/#organizationLogo"},"sameAs":["https:\/\/www.facebook.com\/Nachofdezber","https:\/\/x.com\/NabercoDigital","https:\/\/www.instagram.com\/nachofdezber\/","https:\/\/www.youtube.com\/channel\/UCZP-2wLEB9Rv6erhFmqVnvg"],"address":{"@id":"https:\/\/candas365.es\/noticias\/#postaladdress","@type":"PostalAddress","streetAddress":"san antonio 4, san antonio 4","postalCode":"33430","addressLocality":"Cand\u00e1s","addressRegion":"Asturias","addressCountry":"ES"}},{"@type":"Person","@id":"https:\/\/candas365.es\/noticias\/author\/admin\/#author","url":"https:\/\/candas365.es\/noticias\/author\/admin\/","name":"Cand\u00e1s 365","image":{"@type":"ImageObject","@id":"https:\/\/candas365.es\/noticias\/natural-y-sostenible-asi-son-las-tendencias-mas-actuales-en-muebles-del-hogar\/#authorImage","url":"https:\/\/secure.gravatar.com\/avatar\/496a8e03d0c493ede1718b7934145dbdf8d89be1036b0eec9544e1094c9de390?s=96&d=mm&r=g","width":96,"height":96,"caption":"Cand\u00e1s 365"},"sameAs":["https:\/\/www.facebook.com\/carrenoactualidad","https:\/\/twitter.com\/nbasturias","https:\/\/www.instagram.com\/nachofdezber\/","https:\/\/www.youtube.com\/channel\/UCZP-2wLEB9Rv6erhFmqVnvg"]},{"@type":"WebPage","@id":"https:\/\/candas365.es\/noticias\/natural-y-sostenible-asi-son-las-tendencias-mas-actuales-en-muebles-del-hogar\/#webpage","url":"https:\/\/candas365.es\/noticias\/natural-y-sostenible-asi-son-las-tendencias-mas-actuales-en-muebles-del-hogar\/","name":"Natural y sostenible; as\u00ed son las tendencias m\u00e1s actuales en muebles del hogar | Cand\u00e1s 365","description":"A medida que entramos en una nueva d\u00e9cada, tambi\u00e9n estamos entrando en una nueva era de tendencias de dise\u00f1o sostenible, estilos de interiores y elecciones de mobiliario marcadas por la conciencia social; dise\u00f1os para crear un cambio universal y ayudar al medio ambiente que nos rodea. Uno de los impulsores clave de las tendencias en","inLanguage":"es-ES","isPartOf":{"@id":"https:\/\/candas365.es\/noticias\/#website"},"breadcrumb":{"@id":"https:\/\/candas365.es\/noticias\/natural-y-sostenible-asi-son-las-tendencias-mas-actuales-en-muebles-del-hogar\/#breadcrumblist"},"author":{"@id":"https:\/\/candas365.es\/noticias\/author\/admin\/#author"},"creator":{"@id":"https:\/\/candas365.es\/noticias\/author\/admin\/#author"},"image":{"@type":"ImageObject","url":"https:\/\/candas365.es\/noticias\/wp-content\/uploads\/2020\/08\/hogar.jpg","@id":"https:\/\/candas365.es\/noticias\/natural-y-sostenible-asi-son-las-tendencias-mas-actuales-en-muebles-del-hogar\/#mainImage","width":629,"height":450},"primaryImageOfPage":{"@id":"https:\/\/candas365.es\/noticias\/natural-y-sostenible-asi-son-las-tendencias-mas-actuales-en-muebles-del-hogar\/#mainImage"},"datePublished":"2020-08-13T10:51:52+02:00","dateModified":"2020-08-13T10:51:52+02:00"},{"@type":"WebSite","@id":"https:\/\/candas365.es\/noticias\/#website","url":"https:\/\/candas365.es\/noticias\/","name":"Cand\u00e1s 365","alternateName":"Cand\u00e1s 365 Noticias","description":"Actualidad desde Carre\u00f1o para el mundo","inLanguage":"es-ES","publisher":{"@id":"https:\/\/candas365.es\/noticias\/#organization"}}]},"og:locale":"es_ES","og:site_name":"Cand\u00e1s 365","og:type":"article","og:title":"Natural y sostenible; as\u00ed son las tendencias m\u00e1s actuales en muebles del hogar | Cand\u00e1s 365","og:description":"A medida que entramos en una nueva d\u00e9cada, tambi\u00e9n estamos entrando en una nueva era de tendencias de dise\u00f1o sostenible, estilos de interiores y elecciones de mobiliario marcadas por la conciencia social; dise\u00f1os para crear un cambio universal y ayudar al medio ambiente que nos rodea. Uno de los impulsores clave de las tendencias en","og:url":"https:\/\/candas365.es\/noticias\/natural-y-sostenible-asi-son-las-tendencias-mas-actuales-en-muebles-del-hogar\/","og:image":"https:\/\/candas365.es\/noticias\/wp-content\/uploads\/2020\/08\/hogar.jpg","og:image:secure_url":"https:\/\/candas365.es\/noticias\/wp-content\/uploads\/2020\/08\/hogar.jpg","og:image:width":629,"og:image:height":450,"article:published_time":"2020-08-13T10:51:52+00:00","article:modified_time":"2020-08-13T10:51:52+00:00","article:publisher":"https:\/\/www.facebook.com\/Nachofdezber","article:author":"https:\/\/www.facebook.com\/carrenoactualidad","twitter:card":"summary_large_image","twitter:site":"@NabercoDigital","twitter:title":"Natural y sostenible; as\u00ed son las tendencias m\u00e1s actuales en muebles del hogar | Cand\u00e1s 365","twitter:description":"A medida que entramos en una nueva d\u00e9cada, tambi\u00e9n estamos entrando en una nueva era de tendencias de dise\u00f1o sostenible, estilos de interiores y elecciones de mobiliario marcadas por la conciencia social; dise\u00f1os para crear un cambio universal y ayudar al medio ambiente que nos rodea. Uno de los impulsores clave de las tendencias en","twitter:creator":"@nbasturias","twitter:image":"https:\/\/candas365.es\/noticias\/wp-content\/uploads\/2020\/08\/hogar.jpg","twitter:label1":"Escrito por","twitter:data1":"Cand\u00e1s 365","twitter:label2":"Tiempo de lectura estimado","twitter:data2":"5 minutos"},"aioseo_meta_data":{"post_id":"145811","title":null,"description":"","keywords":"","keyphrases":null,"primary_term":null,"canonical_url":"","og_title":null,"og_description":null,"og_object_type":"default","og_image_type":"default","og_image_url":null,"og_image_width":null,"og_image_height":null,"og_image_custom_url":null,"og_image_custom_fields":null,"og_video":null,"og_custom_url":null,"og_article_section":null,"og_article_tags":null,"twitter_use_og":false,"twitter_card":"default","twitter_image_type":"default","twitter_image_url":null,"twitter_image_custom_url":null,"twitter_image_custom_fields":null,"twitter_title":null,"twitter_description":null,"schema":{"blockGraphs":[],"customGraphs":[],"default":{"data":{"Article":[],"Course":[],"Dataset":[],"FAQPage":[],"Movie":[],"Person":[],"Product":[],"ProductReview":[],"Car":[],"Recipe":[],"Service":[],"SoftwareApplication":[],"WebPage":[]},"graphName":"","isEnabled":true},"graphs":[]},"schema_type":null,"schema_type_options":null,"pillar_content":false,"robots_default":true,"robots_noindex":false,"robots_noarchive":false,"robots_nosnippet":false,"robots_nofollow":false,"robots_noimageindex":false,"robots_noodp":false,"robots_notranslate":false,"robots_max_snippet":null,"robots_max_videopreview":null,"robots_max_imagepreview":"large","priority":null,"frequency":null,"location":null,"local_seo":null,"seo_analyzer_scan_date":"2025-08-31 09:58:12","breadcrumb_settings":null,"limit_modified_date":false,"reviewed_by":null,"open_ai":null,"ai":null,"created":"2020-12-21 10:40:10","updated":"2025-08-31 09:58:12"},"aioseo_breadcrumb":"<div class=\"aioseo-breadcrumbs\"><span class=\"aioseo-breadcrumb\">\n\t<a href=\"https:\/\/candas365.es\/noticias\" title=\"Home\">Home<\/a>\n<\/span><span class=\"aioseo-breadcrumb-separator\">&ndash;<\/span><span class=\"aioseo-breadcrumb\">\n\t<a href=\"https:\/\/candas365.es\/noticias\/category\/revista\/\" title=\"Revista\">Revista<\/a>\n<\/span><span class=\"aioseo-breadcrumb-separator\">&ndash;<\/span><span class=\"aioseo-breadcrumb\">\n\tNatural y sostenible; as\u00ed son las tendencias m\u00e1s actuales en muebles del hogar\n<\/span><\/div>","aioseo_breadcrumb_json":[{"label":"Home","link":"https:\/\/candas365.es\/noticias"},{"label":"Revista","link":"https:\/\/candas365.es\/noticias\/category\/revista\/"},{"label":"Natural y sostenible; as\u00ed son las tendencias m\u00e1s actuales en muebles del hogar","link":"https:\/\/candas365.es\/noticias\/natural-y-sostenible-asi-son-las-tendencias-mas-actuales-en-muebles-del-hogar\/"}],"_links":{"self":[{"href":"https:\/\/candas365.es\/noticias\/wp-json\/wp\/v2\/posts\/145811","targetHints":{"allow":["GET"]}}],"collection":[{"href":"https:\/\/candas365.es\/noticias\/wp-json\/wp\/v2\/posts"}],"about":[{"href":"https:\/\/candas365.es\/noticias\/wp-json\/wp\/v2\/types\/post"}],"author":[{"embeddable":true,"href":"https:\/\/candas365.es\/noticias\/wp-json\/wp\/v2\/users\/1"}],"replies":[{"embeddable":true,"href":"https:\/\/candas365.es\/noticias\/wp-json\/wp\/v2\/comments?post=145811"}],"version-history":[{"count":0,"href":"https:\/\/candas365.es\/noticias\/wp-json\/wp\/v2\/posts\/145811\/revisions"}],"wp:featuredmedia":[{"embeddable":true,"href":"https:\/\/candas365.es\/noticias\/wp-json\/wp\/v2\/media\/145812"}],"wp:attachment":[{"href":"https:\/\/candas365.es\/noticias\/wp-json\/wp\/v2\/media?parent=145811"}],"wp:term":[{"taxonomy":"category","embeddable":true,"href":"https:\/\/candas365.es\/noticias\/wp-json\/wp\/v2\/categories?post=145811"},{"taxonomy":"post_tag","embeddable":true,"href":"https:\/\/candas365.es\/noticias\/wp-json\/wp\/v2\/tags?post=145811"}],"curies":[{"name":"wp","href":"https:\/\/api.w.org\/{rel}","templated":true}]}}