{"id":145721,"date":"2020-08-10T20:15:45","date_gmt":"2020-08-10T20:15:45","guid":{"rendered":"http:\/\/candas365.es\/noticias\/?p=145721"},"modified":"2020-08-10T20:15:45","modified_gmt":"2020-08-10T20:15:45","slug":"jadon-sancho-entrena-con-borussia-dortmund-y-aleja-rumores-de-salida","status":"publish","type":"post","link":"https:\/\/candas365.es\/noticias\/jadon-sancho-entrena-con-borussia-dortmund-y-aleja-rumores-de-salida\/","title":{"rendered":"Jadon Sancho entrena con Borussia Dortmund y aleja rumores de salida"},"content":{"rendered":"<p><img fetchpriority=\"high\" decoding=\"async\" class=\"alignleft size-medium wp-image-98026\" src=\"https:\/\/candas365.es\/noticias\/wp-content\/uploads\/2018\/06\/football-1406106_960_720-1-360x241.jpg\" alt=\"\" width=\"360\" height=\"241\" srcset=\"https:\/\/candas365.es\/noticias\/wp-content\/uploads\/2018\/06\/football-1406106_960_720-1-360x241.jpg 360w, https:\/\/candas365.es\/noticias\/wp-content\/uploads\/2018\/06\/football-1406106_960_720-1-768x514.jpg 768w, https:\/\/candas365.es\/noticias\/wp-content\/uploads\/2018\/06\/football-1406106_960_720-1-655x439.jpg 655w, https:\/\/candas365.es\/noticias\/wp-content\/uploads\/2018\/06\/football-1406106_960_720-1-696x466.jpg 696w, https:\/\/candas365.es\/noticias\/wp-content\/uploads\/2018\/06\/football-1406106_960_720-1-627x420.jpg 627w, https:\/\/candas365.es\/noticias\/wp-content\/uploads\/2018\/06\/football-1406106_960_720-1.jpg 960w\" sizes=\"(max-width: 360px) 100vw, 360px\" \/>Dortmund (Alemania), 10 ago (dpa) &#8211; El Borussia Dortmund comenz\u00f3 hoy los entrenamientos de la presente temporada con el ingl\u00e9s Jadon Sancho entre los jugadores participantes, lo que aleja los rumores de su traspaso al Manchester United.<\/p>\n<p>Seg\u00fan informaciones period\u00edsticas, el club alem\u00e1n hab\u00eda fijado el inicio de los entrenamientos en el balneario suizo de Bad Ragaz, donde el equipo estar\u00e1 hasta el 17 de agosto para preparar la Bundesliga, como fecha l\u00edmite para la posible salida de Sancho.<\/p>\n<p>Varios medios de comunicaci\u00f3n hab\u00edan informado del inter\u00e9s del United para fichar a Sancho, pero parece que el club ingl\u00e9s tiene dificultades para desembolsar los 120 millones de euros (141 millones de d\u00f3lares) que costar\u00eda el traspaso.<\/p>\n<p>Los lesionados Marco Reus y Marcel Schmelzer no viajaron hasta Suiza, mientras que est\u00e1 previsto que los convalecientes Mats Hummels y Mahmoud Dahoud comiencen a participar la semana que viene en los entrenamientos.<\/p>\n<p>Un total de 31 jugadores viajaron a la concentraci\u00f3n suiza, tal y como anunci\u00f3 en propio club en su cuenta de Twitter, donde tambi\u00e9n comparti\u00f3 un v\u00eddeo del equipo saliendo desde el aeropuerto de Dortmund.<\/p>\n","protected":false},"excerpt":{"rendered":"<p>Dortmund (Alemania), 10 ago (dpa) &#8211; El Borussia Dortmund comenz\u00f3 hoy los entrenamientos de la presente temporada con el ingl\u00e9s Jadon Sancho entre los jugadores participantes, lo que aleja los rumores de su traspaso al Manchester United. Seg\u00fan informaciones period\u00edsticas, el club alem\u00e1n hab\u00eda fijado el inicio de los entrenamientos en el balneario suizo de<\/p>\n","protected":false},"author":1,"featured_media":98026,"comment_status":"closed","ping_status":"closed","sticky":false,"template":"","format":"standard","meta":{"footnotes":""},"categories":[319],"tags":[],"class_list":{"0":"post-145721","1":"post","2":"type-post","3":"status-publish","4":"format-standard","5":"has-post-thumbnail","7":"category-deporte"},"aioseo_notices":[],"aioseo_head":"\n\t\t<!-- All in One SEO Pro 4.9.6.2 - aioseo.com -->\n\t<meta name=\"description\" content=\"Dortmund (Alemania), 10 ago (dpa) - El Borussia Dortmund comenz\u00f3 hoy los entrenamientos de la presente temporada con el ingl\u00e9s Jadon Sancho entre los jugadores participantes, lo que aleja los rumores de su traspaso al Manchester United. Seg\u00fan informaciones period\u00edsticas, el club alem\u00e1n hab\u00eda fijado el inicio de los entrenamientos en el balneario suizo de\" \/>\n\t<meta name=\"robots\" content=\"max-image-preview:large\" \/>\n\t<meta name=\"author\" content=\"Cand\u00e1s 365\"\/>\n\t<meta name=\"google-site-verification\" content=\"UA-32230408-1\" \/>\n\t<meta name=\"msvalidate.01\" content=\"354F3CDFB2DA171B47FBE9ABF1F88D5\" \/>\n\t<meta name=\"keywords\" content=\"deporte\" \/>\n\t<link rel=\"canonical\" href=\"https:\/\/candas365.es\/noticias\/jadon-sancho-entrena-con-borussia-dortmund-y-aleja-rumores-de-salida\/\" \/>\n\t<meta name=\"generator\" content=\"All in One SEO Pro (AIOSEO) 4.9.6.2\" \/>\n\t\t<meta property=\"og:locale\" content=\"es_ES\" \/>\n\t\t<meta property=\"og:site_name\" content=\"Cand\u00e1s 365\" \/>\n\t\t<meta property=\"og:type\" content=\"article\" \/>\n\t\t<meta property=\"og:title\" content=\"Jadon Sancho entrena con Borussia Dortmund y aleja rumores de salida | Cand\u00e1s 365\" \/>\n\t\t<meta property=\"og:description\" content=\"Dortmund (Alemania), 10 ago (dpa) - El Borussia Dortmund comenz\u00f3 hoy los entrenamientos de la presente temporada con el ingl\u00e9s Jadon Sancho entre los jugadores participantes, lo que aleja los rumores de su traspaso al Manchester United. Seg\u00fan informaciones period\u00edsticas, el club alem\u00e1n hab\u00eda fijado el inicio de los entrenamientos en el balneario suizo de\" \/>\n\t\t<meta property=\"og:url\" content=\"https:\/\/candas365.es\/noticias\/jadon-sancho-entrena-con-borussia-dortmund-y-aleja-rumores-de-salida\/\" \/>\n\t\t<meta property=\"og:image\" content=\"https:\/\/candas365.es\/noticias\/wp-content\/uploads\/2018\/06\/football-1406106_960_720-1.jpg\" \/>\n\t\t<meta property=\"og:image:secure_url\" content=\"https:\/\/candas365.es\/noticias\/wp-content\/uploads\/2018\/06\/football-1406106_960_720-1.jpg\" \/>\n\t\t<meta property=\"og:image:width\" content=\"960\" \/>\n\t\t<meta property=\"og:image:height\" content=\"643\" \/>\n\t\t<meta property=\"article:published_time\" content=\"2020-08-10T20:15:45+00:00\" \/>\n\t\t<meta property=\"article:modified_time\" content=\"2020-08-10T20:15:45+00:00\" \/>\n\t\t<meta property=\"article:publisher\" content=\"https:\/\/www.facebook.com\/Nachofdezber\" \/>\n\t\t<meta property=\"article:author\" content=\"https:\/\/www.facebook.com\/carrenoactualidad\" \/>\n\t\t<meta name=\"twitter:card\" content=\"summary_large_image\" \/>\n\t\t<meta name=\"twitter:site\" content=\"@NabercoDigital\" \/>\n\t\t<meta name=\"twitter:title\" content=\"Jadon Sancho entrena con Borussia Dortmund y aleja rumores de salida | Cand\u00e1s 365\" \/>\n\t\t<meta name=\"twitter:description\" content=\"Dortmund (Alemania), 10 ago (dpa) - El Borussia Dortmund comenz\u00f3 hoy los entrenamientos de la presente temporada con el ingl\u00e9s Jadon Sancho entre los jugadores participantes, lo que aleja los rumores de su traspaso al Manchester United. Seg\u00fan informaciones period\u00edsticas, el club alem\u00e1n hab\u00eda fijado el inicio de los entrenamientos en el balneario suizo de\" \/>\n\t\t<meta name=\"twitter:creator\" content=\"@nbasturias\" \/>\n\t\t<meta name=\"twitter:image\" content=\"https:\/\/candas365.es\/noticias\/wp-content\/uploads\/2018\/06\/football-1406106_960_720-1.jpg\" \/>\n\t\t<meta name=\"twitter:label1\" content=\"Escrito por\" \/>\n\t\t<meta name=\"twitter:data1\" content=\"Cand\u00e1s 365\" \/>\n\t\t<meta name=\"twitter:label2\" content=\"Tiempo de lectura estimado\" \/>\n\t\t<meta name=\"twitter:data2\" content=\"1 minuto\" \/>\n\t\t<script type=\"application\/ld+json\" class=\"aioseo-schema\">\n\t\t\t{\"@context\":\"https:\\\/\\\/schema.org\",\"@graph\":[{\"@type\":\"BreadcrumbList\",\"@id\":\"https:\\\/\\\/candas365.es\\\/noticias\\\/jadon-sancho-entrena-con-borussia-dortmund-y-aleja-rumores-de-salida\\\/#breadcrumblist\",\"itemListElement\":[{\"@type\":\"ListItem\",\"@id\":\"https:\\\/\\\/candas365.es\\\/noticias#listItem\",\"position\":1,\"name\":\"Home\",\"item\":\"https:\\\/\\\/candas365.es\\\/noticias\",\"nextItem\":{\"@type\":\"ListItem\",\"@id\":\"https:\\\/\\\/candas365.es\\\/noticias\\\/category\\\/deporte\\\/#listItem\",\"name\":\"Deporte\"}},{\"@type\":\"ListItem\",\"@id\":\"https:\\\/\\\/candas365.es\\\/noticias\\\/category\\\/deporte\\\/#listItem\",\"position\":2,\"name\":\"Deporte\",\"item\":\"https:\\\/\\\/candas365.es\\\/noticias\\\/category\\\/deporte\\\/\",\"nextItem\":{\"@type\":\"ListItem\",\"@id\":\"https:\\\/\\\/candas365.es\\\/noticias\\\/jadon-sancho-entrena-con-borussia-dortmund-y-aleja-rumores-de-salida\\\/#listItem\",\"name\":\"Jadon Sancho entrena con Borussia Dortmund y aleja rumores de salida\"},\"previousItem\":{\"@type\":\"ListItem\",\"@id\":\"https:\\\/\\\/candas365.es\\\/noticias#listItem\",\"name\":\"Home\"}},{\"@type\":\"ListItem\",\"@id\":\"https:\\\/\\\/candas365.es\\\/noticias\\\/jadon-sancho-entrena-con-borussia-dortmund-y-aleja-rumores-de-salida\\\/#listItem\",\"position\":3,\"name\":\"Jadon Sancho entrena con Borussia Dortmund y aleja rumores de salida\",\"previousItem\":{\"@type\":\"ListItem\",\"@id\":\"https:\\\/\\\/candas365.es\\\/noticias\\\/category\\\/deporte\\\/#listItem\",\"name\":\"Deporte\"}}]},{\"@type\":\"NewsArticle\",\"@id\":\"https:\\\/\\\/candas365.es\\\/noticias\\\/jadon-sancho-entrena-con-borussia-dortmund-y-aleja-rumores-de-salida\\\/#newsarticle\",\"name\":\"Jadon Sancho entrena con Borussia Dortmund y aleja rumores de salida | Cand\\u00e1s 365\",\"headline\":\"Jadon Sancho entrena con Borussia Dortmund y aleja rumores de salida\",\"author\":{\"@id\":\"https:\\\/\\\/candas365.es\\\/noticias\\\/author\\\/admin\\\/#author\"},\"publisher\":{\"@id\":\"https:\\\/\\\/candas365.es\\\/noticias\\\/#organization\"},\"image\":{\"@type\":\"ImageObject\",\"url\":\"https:\\\/\\\/candas365.es\\\/noticias\\\/wp-content\\\/uploads\\\/2018\\\/06\\\/football-1406106_960_720-1.jpg\",\"width\":960,\"height\":643},\"datePublished\":\"2020-08-10T20:15:45+02:00\",\"dateModified\":\"2020-08-10T20:15:45+02:00\",\"inLanguage\":\"es-ES\",\"mainEntityOfPage\":{\"@id\":\"https:\\\/\\\/candas365.es\\\/noticias\\\/jadon-sancho-entrena-con-borussia-dortmund-y-aleja-rumores-de-salida\\\/#webpage\"},\"isPartOf\":{\"@id\":\"https:\\\/\\\/candas365.es\\\/noticias\\\/jadon-sancho-entrena-con-borussia-dortmund-y-aleja-rumores-de-salida\\\/#webpage\"},\"articleSection\":\"Deporte\",\"dateline\":\"Publicado el agosto 10, 2020.\"},{\"@type\":\"Organization\",\"@id\":\"https:\\\/\\\/candas365.es\\\/noticias\\\/#organization\",\"name\":\"Cand\\u00e1s 365\",\"description\":\"Cand\\u00e1s 365 es un diario digital independiente, fundado en 2012, con base en Asturias. Informamos con rigor sobre actualidad, sociedad, cultura y ocio, con una mirada local y global.\",\"url\":\"https:\\\/\\\/candas365.es\\\/noticias\\\/\",\"email\":\"info@candas365.es\",\"telephone\":\"+34652131393\",\"foundingDate\":\"2012-06-10\",\"logo\":{\"@type\":\"ImageObject\",\"url\":\"https:\\\/\\\/candas365.es\\\/noticias\\\/wp-content\\\/uploads\\\/2024\\\/09\\\/Candas-365-Redes.jpg\",\"@id\":\"https:\\\/\\\/candas365.es\\\/noticias\\\/jadon-sancho-entrena-con-borussia-dortmund-y-aleja-rumores-de-salida\\\/#organizationLogo\",\"width\":1152,\"height\":864,\"caption\":\"Cand\\u00e1s 365 Redes\"},\"image\":{\"@id\":\"https:\\\/\\\/candas365.es\\\/noticias\\\/jadon-sancho-entrena-con-borussia-dortmund-y-aleja-rumores-de-salida\\\/#organizationLogo\"},\"sameAs\":[\"https:\\\/\\\/www.facebook.com\\\/Nachofdezber\",\"https:\\\/\\\/x.com\\\/NabercoDigital\",\"https:\\\/\\\/www.instagram.com\\\/nachofdezber\\\/\",\"https:\\\/\\\/www.youtube.com\\\/channel\\\/UCZP-2wLEB9Rv6erhFmqVnvg\"],\"address\":{\"@id\":\"https:\\\/\\\/candas365.es\\\/noticias\\\/#postaladdress\",\"@type\":\"PostalAddress\",\"streetAddress\":\"san antonio 4, san antonio 4\",\"postalCode\":\"33430\",\"addressLocality\":\"Cand\\u00e1s\",\"addressRegion\":\"Asturias\",\"addressCountry\":\"ES\"}},{\"@type\":\"Person\",\"@id\":\"https:\\\/\\\/candas365.es\\\/noticias\\\/author\\\/admin\\\/#author\",\"url\":\"https:\\\/\\\/candas365.es\\\/noticias\\\/author\\\/admin\\\/\",\"name\":\"Cand\\u00e1s 365\",\"image\":{\"@type\":\"ImageObject\",\"@id\":\"https:\\\/\\\/candas365.es\\\/noticias\\\/jadon-sancho-entrena-con-borussia-dortmund-y-aleja-rumores-de-salida\\\/#authorImage\",\"url\":\"https:\\\/\\\/secure.gravatar.com\\\/avatar\\\/496a8e03d0c493ede1718b7934145dbdf8d89be1036b0eec9544e1094c9de390?s=96&d=mm&r=g\",\"width\":96,\"height\":96,\"caption\":\"Cand\\u00e1s 365\"},\"sameAs\":[\"https:\\\/\\\/www.facebook.com\\\/carrenoactualidad\",\"https:\\\/\\\/twitter.com\\\/nbasturias\",\"https:\\\/\\\/www.instagram.com\\\/nachofdezber\\\/\",\"https:\\\/\\\/www.youtube.com\\\/channel\\\/UCZP-2wLEB9Rv6erhFmqVnvg\"]},{\"@type\":\"WebPage\",\"@id\":\"https:\\\/\\\/candas365.es\\\/noticias\\\/jadon-sancho-entrena-con-borussia-dortmund-y-aleja-rumores-de-salida\\\/#webpage\",\"url\":\"https:\\\/\\\/candas365.es\\\/noticias\\\/jadon-sancho-entrena-con-borussia-dortmund-y-aleja-rumores-de-salida\\\/\",\"name\":\"Jadon Sancho entrena con Borussia Dortmund y aleja rumores de salida | Cand\\u00e1s 365\",\"description\":\"Dortmund (Alemania), 10 ago (dpa) - El Borussia Dortmund comenz\\u00f3 hoy los entrenamientos de la presente temporada con el ingl\\u00e9s Jadon Sancho entre los jugadores participantes, lo que aleja los rumores de su traspaso al Manchester United. Seg\\u00fan informaciones period\\u00edsticas, el club alem\\u00e1n hab\\u00eda fijado el inicio de los entrenamientos en el balneario suizo de\",\"inLanguage\":\"es-ES\",\"isPartOf\":{\"@id\":\"https:\\\/\\\/candas365.es\\\/noticias\\\/#website\"},\"breadcrumb\":{\"@id\":\"https:\\\/\\\/candas365.es\\\/noticias\\\/jadon-sancho-entrena-con-borussia-dortmund-y-aleja-rumores-de-salida\\\/#breadcrumblist\"},\"author\":{\"@id\":\"https:\\\/\\\/candas365.es\\\/noticias\\\/author\\\/admin\\\/#author\"},\"creator\":{\"@id\":\"https:\\\/\\\/candas365.es\\\/noticias\\\/author\\\/admin\\\/#author\"},\"image\":{\"@type\":\"ImageObject\",\"url\":\"https:\\\/\\\/candas365.es\\\/noticias\\\/wp-content\\\/uploads\\\/2018\\\/06\\\/football-1406106_960_720-1.jpg\",\"@id\":\"https:\\\/\\\/candas365.es\\\/noticias\\\/jadon-sancho-entrena-con-borussia-dortmund-y-aleja-rumores-de-salida\\\/#mainImage\",\"width\":960,\"height\":643},\"primaryImageOfPage\":{\"@id\":\"https:\\\/\\\/candas365.es\\\/noticias\\\/jadon-sancho-entrena-con-borussia-dortmund-y-aleja-rumores-de-salida\\\/#mainImage\"},\"datePublished\":\"2020-08-10T20:15:45+02:00\",\"dateModified\":\"2020-08-10T20:15:45+02:00\"},{\"@type\":\"WebSite\",\"@id\":\"https:\\\/\\\/candas365.es\\\/noticias\\\/#website\",\"url\":\"https:\\\/\\\/candas365.es\\\/noticias\\\/\",\"name\":\"Cand\\u00e1s 365\",\"alternateName\":\"Cand\\u00e1s 365 Noticias\",\"description\":\"Actualidad desde Carre\\u00f1o para el mundo\",\"inLanguage\":\"es-ES\",\"publisher\":{\"@id\":\"https:\\\/\\\/candas365.es\\\/noticias\\\/#organization\"}}]}\n\t\t<\/script>\n\t\t<!-- All in One SEO Pro -->\r\n\t\t<title>Jadon Sancho entrena con Borussia Dortmund y aleja rumores de salida | Cand\u00e1s 365<\/title>\n\n","aioseo_head_json":{"title":"Jadon Sancho entrena con Borussia Dortmund y aleja rumores de salida | Cand\u00e1s 365","description":"Dortmund (Alemania), 10 ago (dpa) - El Borussia Dortmund comenz\u00f3 hoy los entrenamientos de la presente temporada con el ingl\u00e9s Jadon Sancho entre los jugadores participantes, lo que aleja los rumores de su traspaso al Manchester United. Seg\u00fan informaciones period\u00edsticas, el club alem\u00e1n hab\u00eda fijado el inicio de los entrenamientos en el balneario suizo de","canonical_url":"https:\/\/candas365.es\/noticias\/jadon-sancho-entrena-con-borussia-dortmund-y-aleja-rumores-de-salida\/","robots":"max-image-preview:large","keywords":"deporte","webmasterTools":{"google-site-verification":"UA-32230408-1","msvalidate.01":"354F3CDFB2DA171B47FBE9ABF1F88D5","miscellaneous":""},"schema":{"@context":"https:\/\/schema.org","@graph":[{"@type":"BreadcrumbList","@id":"https:\/\/candas365.es\/noticias\/jadon-sancho-entrena-con-borussia-dortmund-y-aleja-rumores-de-salida\/#breadcrumblist","itemListElement":[{"@type":"ListItem","@id":"https:\/\/candas365.es\/noticias#listItem","position":1,"name":"Home","item":"https:\/\/candas365.es\/noticias","nextItem":{"@type":"ListItem","@id":"https:\/\/candas365.es\/noticias\/category\/deporte\/#listItem","name":"Deporte"}},{"@type":"ListItem","@id":"https:\/\/candas365.es\/noticias\/category\/deporte\/#listItem","position":2,"name":"Deporte","item":"https:\/\/candas365.es\/noticias\/category\/deporte\/","nextItem":{"@type":"ListItem","@id":"https:\/\/candas365.es\/noticias\/jadon-sancho-entrena-con-borussia-dortmund-y-aleja-rumores-de-salida\/#listItem","name":"Jadon Sancho entrena con Borussia Dortmund y aleja rumores de salida"},"previousItem":{"@type":"ListItem","@id":"https:\/\/candas365.es\/noticias#listItem","name":"Home"}},{"@type":"ListItem","@id":"https:\/\/candas365.es\/noticias\/jadon-sancho-entrena-con-borussia-dortmund-y-aleja-rumores-de-salida\/#listItem","position":3,"name":"Jadon Sancho entrena con Borussia Dortmund y aleja rumores de salida","previousItem":{"@type":"ListItem","@id":"https:\/\/candas365.es\/noticias\/category\/deporte\/#listItem","name":"Deporte"}}]},{"@type":"NewsArticle","@id":"https:\/\/candas365.es\/noticias\/jadon-sancho-entrena-con-borussia-dortmund-y-aleja-rumores-de-salida\/#newsarticle","name":"Jadon Sancho entrena con Borussia Dortmund y aleja rumores de salida | Cand\u00e1s 365","headline":"Jadon Sancho entrena con Borussia Dortmund y aleja rumores de salida","author":{"@id":"https:\/\/candas365.es\/noticias\/author\/admin\/#author"},"publisher":{"@id":"https:\/\/candas365.es\/noticias\/#organization"},"image":{"@type":"ImageObject","url":"https:\/\/candas365.es\/noticias\/wp-content\/uploads\/2018\/06\/football-1406106_960_720-1.jpg","width":960,"height":643},"datePublished":"2020-08-10T20:15:45+02:00","dateModified":"2020-08-10T20:15:45+02:00","inLanguage":"es-ES","mainEntityOfPage":{"@id":"https:\/\/candas365.es\/noticias\/jadon-sancho-entrena-con-borussia-dortmund-y-aleja-rumores-de-salida\/#webpage"},"isPartOf":{"@id":"https:\/\/candas365.es\/noticias\/jadon-sancho-entrena-con-borussia-dortmund-y-aleja-rumores-de-salida\/#webpage"},"articleSection":"Deporte","dateline":"Publicado el agosto 10, 2020."},{"@type":"Organization","@id":"https:\/\/candas365.es\/noticias\/#organization","name":"Cand\u00e1s 365","description":"Cand\u00e1s 365 es un diario digital independiente, fundado en 2012, con base en Asturias. Informamos con rigor sobre actualidad, sociedad, cultura y ocio, con una mirada local y global.","url":"https:\/\/candas365.es\/noticias\/","email":"info@candas365.es","telephone":"+34652131393","foundingDate":"2012-06-10","logo":{"@type":"ImageObject","url":"https:\/\/candas365.es\/noticias\/wp-content\/uploads\/2024\/09\/Candas-365-Redes.jpg","@id":"https:\/\/candas365.es\/noticias\/jadon-sancho-entrena-con-borussia-dortmund-y-aleja-rumores-de-salida\/#organizationLogo","width":1152,"height":864,"caption":"Cand\u00e1s 365 Redes"},"image":{"@id":"https:\/\/candas365.es\/noticias\/jadon-sancho-entrena-con-borussia-dortmund-y-aleja-rumores-de-salida\/#organizationLogo"},"sameAs":["https:\/\/www.facebook.com\/Nachofdezber","https:\/\/x.com\/NabercoDigital","https:\/\/www.instagram.com\/nachofdezber\/","https:\/\/www.youtube.com\/channel\/UCZP-2wLEB9Rv6erhFmqVnvg"],"address":{"@id":"https:\/\/candas365.es\/noticias\/#postaladdress","@type":"PostalAddress","streetAddress":"san antonio 4, san antonio 4","postalCode":"33430","addressLocality":"Cand\u00e1s","addressRegion":"Asturias","addressCountry":"ES"}},{"@type":"Person","@id":"https:\/\/candas365.es\/noticias\/author\/admin\/#author","url":"https:\/\/candas365.es\/noticias\/author\/admin\/","name":"Cand\u00e1s 365","image":{"@type":"ImageObject","@id":"https:\/\/candas365.es\/noticias\/jadon-sancho-entrena-con-borussia-dortmund-y-aleja-rumores-de-salida\/#authorImage","url":"https:\/\/secure.gravatar.com\/avatar\/496a8e03d0c493ede1718b7934145dbdf8d89be1036b0eec9544e1094c9de390?s=96&d=mm&r=g","width":96,"height":96,"caption":"Cand\u00e1s 365"},"sameAs":["https:\/\/www.facebook.com\/carrenoactualidad","https:\/\/twitter.com\/nbasturias","https:\/\/www.instagram.com\/nachofdezber\/","https:\/\/www.youtube.com\/channel\/UCZP-2wLEB9Rv6erhFmqVnvg"]},{"@type":"WebPage","@id":"https:\/\/candas365.es\/noticias\/jadon-sancho-entrena-con-borussia-dortmund-y-aleja-rumores-de-salida\/#webpage","url":"https:\/\/candas365.es\/noticias\/jadon-sancho-entrena-con-borussia-dortmund-y-aleja-rumores-de-salida\/","name":"Jadon Sancho entrena con Borussia Dortmund y aleja rumores de salida | Cand\u00e1s 365","description":"Dortmund (Alemania), 10 ago (dpa) - El Borussia Dortmund comenz\u00f3 hoy los entrenamientos de la presente temporada con el ingl\u00e9s Jadon Sancho entre los jugadores participantes, lo que aleja los rumores de su traspaso al Manchester United. Seg\u00fan informaciones period\u00edsticas, el club alem\u00e1n hab\u00eda fijado el inicio de los entrenamientos en el balneario suizo de","inLanguage":"es-ES","isPartOf":{"@id":"https:\/\/candas365.es\/noticias\/#website"},"breadcrumb":{"@id":"https:\/\/candas365.es\/noticias\/jadon-sancho-entrena-con-borussia-dortmund-y-aleja-rumores-de-salida\/#breadcrumblist"},"author":{"@id":"https:\/\/candas365.es\/noticias\/author\/admin\/#author"},"creator":{"@id":"https:\/\/candas365.es\/noticias\/author\/admin\/#author"},"image":{"@type":"ImageObject","url":"https:\/\/candas365.es\/noticias\/wp-content\/uploads\/2018\/06\/football-1406106_960_720-1.jpg","@id":"https:\/\/candas365.es\/noticias\/jadon-sancho-entrena-con-borussia-dortmund-y-aleja-rumores-de-salida\/#mainImage","width":960,"height":643},"primaryImageOfPage":{"@id":"https:\/\/candas365.es\/noticias\/jadon-sancho-entrena-con-borussia-dortmund-y-aleja-rumores-de-salida\/#mainImage"},"datePublished":"2020-08-10T20:15:45+02:00","dateModified":"2020-08-10T20:15:45+02:00"},{"@type":"WebSite","@id":"https:\/\/candas365.es\/noticias\/#website","url":"https:\/\/candas365.es\/noticias\/","name":"Cand\u00e1s 365","alternateName":"Cand\u00e1s 365 Noticias","description":"Actualidad desde Carre\u00f1o para el mundo","inLanguage":"es-ES","publisher":{"@id":"https:\/\/candas365.es\/noticias\/#organization"}}]},"og:locale":"es_ES","og:site_name":"Cand\u00e1s 365","og:type":"article","og:title":"Jadon Sancho entrena con Borussia Dortmund y aleja rumores de salida | Cand\u00e1s 365","og:description":"Dortmund (Alemania), 10 ago (dpa) - El Borussia Dortmund comenz\u00f3 hoy los entrenamientos de la presente temporada con el ingl\u00e9s Jadon Sancho entre los jugadores participantes, lo que aleja los rumores de su traspaso al Manchester United. Seg\u00fan informaciones period\u00edsticas, el club alem\u00e1n hab\u00eda fijado el inicio de los entrenamientos en el balneario suizo de","og:url":"https:\/\/candas365.es\/noticias\/jadon-sancho-entrena-con-borussia-dortmund-y-aleja-rumores-de-salida\/","og:image":"https:\/\/candas365.es\/noticias\/wp-content\/uploads\/2018\/06\/football-1406106_960_720-1.jpg","og:image:secure_url":"https:\/\/candas365.es\/noticias\/wp-content\/uploads\/2018\/06\/football-1406106_960_720-1.jpg","og:image:width":960,"og:image:height":643,"article:published_time":"2020-08-10T20:15:45+00:00","article:modified_time":"2020-08-10T20:15:45+00:00","article:publisher":"https:\/\/www.facebook.com\/Nachofdezber","article:author":"https:\/\/www.facebook.com\/carrenoactualidad","twitter:card":"summary_large_image","twitter:site":"@NabercoDigital","twitter:title":"Jadon Sancho entrena con Borussia Dortmund y aleja rumores de salida | Cand\u00e1s 365","twitter:description":"Dortmund (Alemania), 10 ago (dpa) - El Borussia Dortmund comenz\u00f3 hoy los entrenamientos de la presente temporada con el ingl\u00e9s Jadon Sancho entre los jugadores participantes, lo que aleja los rumores de su traspaso al Manchester United. Seg\u00fan informaciones period\u00edsticas, el club alem\u00e1n hab\u00eda fijado el inicio de los entrenamientos en el balneario suizo de","twitter:creator":"@nbasturias","twitter:image":"https:\/\/candas365.es\/noticias\/wp-content\/uploads\/2018\/06\/football-1406106_960_720-1.jpg","twitter:label1":"Escrito por","twitter:data1":"Cand\u00e1s 365","twitter:label2":"Tiempo de lectura estimado","twitter:data2":"1 minuto"},"aioseo_meta_data":{"post_id":"145721","title":null,"description":"","keywords":"","keyphrases":null,"primary_term":null,"canonical_url":"","og_title":null,"og_description":null,"og_object_type":"default","og_image_type":"default","og_image_url":null,"og_image_width":null,"og_image_height":null,"og_image_custom_url":null,"og_image_custom_fields":null,"og_video":null,"og_custom_url":null,"og_article_section":null,"og_article_tags":null,"twitter_use_og":false,"twitter_card":"default","twitter_image_type":"default","twitter_image_url":null,"twitter_image_custom_url":null,"twitter_image_custom_fields":null,"twitter_title":null,"twitter_description":null,"schema":{"blockGraphs":[],"customGraphs":[],"default":{"data":{"Article":[],"Course":[],"Dataset":[],"FAQPage":[],"Movie":[],"Person":[],"Product":[],"ProductReview":[],"Car":[],"Recipe":[],"Service":[],"SoftwareApplication":[],"WebPage":[]},"graphName":"","isEnabled":true},"graphs":[]},"schema_type":null,"schema_type_options":null,"pillar_content":false,"robots_default":true,"robots_noindex":false,"robots_noarchive":false,"robots_nosnippet":false,"robots_nofollow":false,"robots_noimageindex":false,"robots_noodp":false,"robots_notranslate":false,"robots_max_snippet":null,"robots_max_videopreview":null,"robots_max_imagepreview":"large","priority":null,"frequency":null,"location":null,"local_seo":null,"seo_analyzer_scan_date":"2025-08-31 09:50:16","breadcrumb_settings":null,"limit_modified_date":false,"reviewed_by":null,"open_ai":null,"ai":null,"created":"2020-12-21 10:40:11","updated":"2025-08-31 09:50:16"},"aioseo_breadcrumb":"<div class=\"aioseo-breadcrumbs\"><span class=\"aioseo-breadcrumb\">\n\t<a href=\"https:\/\/candas365.es\/noticias\" title=\"Home\">Home<\/a>\n<\/span><span class=\"aioseo-breadcrumb-separator\">&ndash;<\/span><span class=\"aioseo-breadcrumb\">\n\t<a href=\"https:\/\/candas365.es\/noticias\/category\/deporte\/\" title=\"Deporte\">Deporte<\/a>\n<\/span><span class=\"aioseo-breadcrumb-separator\">&ndash;<\/span><span class=\"aioseo-breadcrumb\">\n\tJadon Sancho entrena con Borussia Dortmund y aleja rumores de salida\n<\/span><\/div>","aioseo_breadcrumb_json":[{"label":"Home","link":"https:\/\/candas365.es\/noticias"},{"label":"Deporte","link":"https:\/\/candas365.es\/noticias\/category\/deporte\/"},{"label":"Jadon Sancho entrena con Borussia Dortmund y aleja rumores de salida","link":"https:\/\/candas365.es\/noticias\/jadon-sancho-entrena-con-borussia-dortmund-y-aleja-rumores-de-salida\/"}],"_links":{"self":[{"href":"https:\/\/candas365.es\/noticias\/wp-json\/wp\/v2\/posts\/145721","targetHints":{"allow":["GET"]}}],"collection":[{"href":"https:\/\/candas365.es\/noticias\/wp-json\/wp\/v2\/posts"}],"about":[{"href":"https:\/\/candas365.es\/noticias\/wp-json\/wp\/v2\/types\/post"}],"author":[{"embeddable":true,"href":"https:\/\/candas365.es\/noticias\/wp-json\/wp\/v2\/users\/1"}],"replies":[{"embeddable":true,"href":"https:\/\/candas365.es\/noticias\/wp-json\/wp\/v2\/comments?post=145721"}],"version-history":[{"count":0,"href":"https:\/\/candas365.es\/noticias\/wp-json\/wp\/v2\/posts\/145721\/revisions"}],"wp:featuredmedia":[{"embeddable":true,"href":"https:\/\/candas365.es\/noticias\/wp-json\/wp\/v2\/media\/98026"}],"wp:attachment":[{"href":"https:\/\/candas365.es\/noticias\/wp-json\/wp\/v2\/media?parent=145721"}],"wp:term":[{"taxonomy":"category","embeddable":true,"href":"https:\/\/candas365.es\/noticias\/wp-json\/wp\/v2\/categories?post=145721"},{"taxonomy":"post_tag","embeddable":true,"href":"https:\/\/candas365.es\/noticias\/wp-json\/wp\/v2\/tags?post=145721"}],"curies":[{"name":"wp","href":"https:\/\/api.w.org\/{rel}","templated":true}]}}