{"id":145667,"date":"2020-08-09T18:52:03","date_gmt":"2020-08-09T18:52:03","guid":{"rendered":"http:\/\/candas365.es\/noticias\/?p=145667"},"modified":"2020-08-09T18:52:03","modified_gmt":"2020-08-09T18:52:03","slug":"el-bayern-espera-con-ansias-partido-con-el-barca-por-la-champions","status":"publish","type":"post","link":"https:\/\/candas365.es\/noticias\/el-bayern-espera-con-ansias-partido-con-el-barca-por-la-champions\/","title":{"rendered":"El Bayern espera con ansias partido con el Bar\u00e7a por la Champions"},"content":{"rendered":"<figure id=\"attachment_145668\" aria-describedby=\"caption-attachment-145668\" style=\"width: 360px\" class=\"wp-caption alignleft\"><img fetchpriority=\"high\" decoding=\"async\" class=\"size-medium wp-image-145668\" src=\"https:\/\/candas365.es\/noticias\/wp-content\/uploads\/2020\/08\/Willy-Caballero-360x225.jpg\" alt=\"\" width=\"360\" height=\"225\" srcset=\"https:\/\/candas365.es\/noticias\/wp-content\/uploads\/2020\/08\/Willy-Caballero-360x225.jpg 360w, https:\/\/candas365.es\/noticias\/wp-content\/uploads\/2020\/08\/Willy-Caballero-655x409.jpg 655w, https:\/\/candas365.es\/noticias\/wp-content\/uploads\/2020\/08\/Willy-Caballero-768x479.jpg 768w, https:\/\/candas365.es\/noticias\/wp-content\/uploads\/2020\/08\/Willy-Caballero-696x434.jpg 696w, https:\/\/candas365.es\/noticias\/wp-content\/uploads\/2020\/08\/Willy-Caballero-673x420.jpg 673w, https:\/\/candas365.es\/noticias\/wp-content\/uploads\/2020\/08\/Willy-Caballero.jpg 1067w\" sizes=\"(max-width: 360px) 100vw, 360px\" \/><figcaption id=\"caption-attachment-145668\" class=\"wp-caption-text\">Foto: Sven Hoppe\/dpa<\/figcaption><\/figure>\n<p>M\u00fanich, 9 ago (dpa) &#8211; Luego de que el Bayern M\u00fanich eliminara al Chelsea de la Champions League, el jugador del equipo alem\u00e1n Thomas M\u00fcller manifest\u00f3 su alegr\u00eda ante el pr\u00f3ximo enfrentamiento con el Barcelona del argentino Lionel Messi.<\/p>\n<p>\u00abL\u00f3gicamente estamos entusiasmados con ese partido\u00bb, dijo el vicecapit\u00e1n del Bayern tras pasar a cuartos de final del torneo europeo con un convincente 4-1 sobre el Chelsea.<\/p>\n<p>\u00abAhora nos centramos en avanzar\u00bb, dijo. El pase a la fase final del torneo, que se jugar\u00e1 entre el 12 y el 23 de agosto en Lisboa, ya s\u00f3lo era cuesti\u00f3n de forma tras la victoria por 3-0 en el partido de ida. Tras ganar el campeonato alem\u00e1n y la Copa, el triplete para el equipo liderado por Robert Lewandowski est\u00e1 a solo tres victorias.<\/p>\n<p>Ni bien terminado el encuentro de ayer, en el vac\u00edo Allianz Arena comenz\u00f3 el programa de regeneraci\u00f3n para el equipo de Lewandowski, quien particip\u00f3 en los cuatro goles del Bayern.<\/p>\n<p>El satisfecho entrenador Hansi Flick regal\u00f3 a sus jugadores tiempo para un desayuno en familia este domingo, antes de que por la tarde el equipo viajara a Portugal. \u00abQuer\u00edamos ganar y retomar all\u00ed donde hab\u00edamos dejado. Eso el equipo lo hizo muy bien\u00bb, dijo Flick.<\/p>\n<p>En Lagos, a unos 300 kil\u00f3metros de Lisboa, el Bayern se prepara ahora para enfrentar a Messi y compa\u00f1\u00eda. El momento decisivo de los cuartos de final tendr\u00e1 lugar el pr\u00f3ximo viernes en el Estadio da Luz del Benfica en Lisboa.<\/p>\n<p>\u00abActualmente vamos de r\u00e9cord en r\u00e9cord\u00bb, dijo M\u00fcller. \u00abPero en un partido de ese nivel, aun cuando el Bar\u00e7a tuvo sus problemas recientemente, puede pasar de todo. Puede perderse todo si en alg\u00fan momento no llegas a donde tienes que llegar\u00bb.<\/p>\n<p>Gracias a una genialidad del superastro Messi, el Barcelona se impuso el s\u00e1bado por 3-1 a N\u00e1poli. Ese resultado alcanz\u00f3 a los catalanes para clasificarse tras empatar 1-1 en el partido de ida.<\/p>\n<p>El doble campe\u00f3n alem\u00e1n por su parte se impuso -casi medio a\u00f1o despu\u00e9s del 3-0 de la ida- con goles de Lewandowski (minuto 10\/penal\/84&#8242;) e Ivan Perisic (24&#8242;) y Corentin Tolisso (76&#8242;), en ambos casos preparados por Lewandowski.<\/p>\n<p>\u00abSab\u00edamos que ten\u00edamos que entrar en nuestro ritmo directamente y eso lo hicimos bien\u00bb, dijo Lewandowski. \u00abPero el Barcelona siempre es peligroso. Tenemos que mostrar nuestra calidad\u00bb.<\/p>\n<p>Lewandowski contra Messi o Marc-Andr\u00e9 ter Stegen contra Manuel Neuer: son duelos especiales. \u00abQueremos seguir prepar\u00e1ndonos bien en Portugal, para estar listos la siguiente semana\u00bb, dijo el defensor David Alaba. \u00abLa alegr\u00eda previa es grande. Estamos muy concentrados y viajamos con mucha confianza en nosotros mismos a Portugal. No tenemos que escondernos\u00bb.<\/p>\n<p>Hasta el 23 de agosto, junto al equipo catal\u00e1n y el b\u00e1varo, tambi\u00e9n compiten por la Champions League el Leipzig, el Atl\u00e9tico de Madrid, el Paris Saint-Germain, el Olympique Lyon, el Manchester City y el Atalanta Bergamo. \u00abComo sea, el Bayern forma parte de los favoritos\u00bb, dijo el entrenador del Chelsea Frank Lampard.<\/p>\n<p>Flick a\u00fan no abandon\u00f3 la esperanza de poder contar con el campe\u00f3n mundial Benjamin Pavard en esta fase final. Sin embargo, el defensor lesionado en un pie no participar\u00e1 en el breve entrenamiento del club alem\u00e1n en el Algarve, seg\u00fan confirm\u00f3 Flick hoy a dpa.<\/p>\n<p>De todas maneras, a\u00f1adi\u00f3 el entrenador pocas horas antes de que su equipo partiera rumbo a Portugal, no descarta que Pavard vuele pronto a Lisboa. \u00abD\u00eda a d\u00eda esperamos a Benji\u00bb, dijo. \u00abSomos optimistas, est\u00e1 haciendo progresos\u00bb, dijo Flick la noche del s\u00e1bado.<\/p>\n<p>Pavard sufri\u00f3 una lesi\u00f3n de ligamentos en el pie izquierdo hace dos semanas durante un entrenamiento. El franc\u00e9s de 24 a\u00f1os fue reemplazado a la derecha atr\u00e1s por Joshua Kimmich ante el Chelsea. Por \u00e9ste, a su vez entr\u00f3 Thiago al centro del campo.<\/p>\n<p>Pavard acudi\u00f3 el s\u00e1bado con muletas y calzado especial al estadio. \u00abTenemos que esperar si esto mejora de cara a los cuartos de final o la semifinal. Estamos intentando de todo. Benji es de hierro\u00bb, dijo Flick. \u00abEsperamos que a\u00fan haya alguna posibilidad de que pueda intervenir en el torneo\u00bb.<\/p>\n<p>El extremo Kingsley Coman, quien tampoco jug\u00f3 contra el Chelsea, podr\u00eda tener una oportunidad contra el Barcelona. \u00abNo queremos correr ning\u00fan riesgo\u00bb, dijo Flick sobre su ausencia ante el Chelsea.<\/p>\n<p>Coman viajar\u00eda hoy a Portugal, al igual que J\u00e9r\u00f4me Boateng. El defensor interno se lesion\u00f3 levemente en el partido ante el Chelsea y fue reemplazado por Niklas S\u00fcle. \u00abCreo que en su caso no es tan grave\u00bb, dijo Flick el fin de semana.<\/p>\n","protected":false},"excerpt":{"rendered":"<p>M\u00fanich, 9 ago (dpa) &#8211; Luego de que el Bayern M\u00fanich eliminara al Chelsea de la Champions League, el jugador del equipo alem\u00e1n Thomas M\u00fcller manifest\u00f3 su alegr\u00eda ante el pr\u00f3ximo enfrentamiento con el Barcelona del argentino Lionel Messi. \u00abL\u00f3gicamente estamos entusiasmados con ese partido\u00bb, dijo el vicecapit\u00e1n del Bayern tras pasar a cuartos de<\/p>\n","protected":false},"author":1,"featured_media":145668,"comment_status":"closed","ping_status":"closed","sticky":false,"template":"","format":"standard","meta":{"footnotes":""},"categories":[319],"tags":[],"class_list":{"0":"post-145667","1":"post","2":"type-post","3":"status-publish","4":"format-standard","5":"has-post-thumbnail","7":"category-deporte"},"aioseo_notices":[],"aioseo_head":"\n\t\t<!-- All in One SEO Pro 4.9.6.2 - aioseo.com -->\n\t<meta name=\"description\" content=\"M\u00fanich, 9 ago (dpa) - Luego de que el Bayern M\u00fanich eliminara al Chelsea de la Champions League, el jugador del equipo alem\u00e1n Thomas M\u00fcller manifest\u00f3 su alegr\u00eda ante el pr\u00f3ximo enfrentamiento con el Barcelona del argentino Lionel Messi. &quot;L\u00f3gicamente estamos entusiasmados con ese partido&quot;, dijo el vicecapit\u00e1n del Bayern tras pasar a cuartos de\" \/>\n\t<meta name=\"robots\" content=\"max-image-preview:large\" \/>\n\t<meta name=\"author\" content=\"Cand\u00e1s 365\"\/>\n\t<meta name=\"google-site-verification\" content=\"UA-32230408-1\" \/>\n\t<meta name=\"msvalidate.01\" content=\"354F3CDFB2DA171B47FBE9ABF1F88D5\" \/>\n\t<meta name=\"keywords\" content=\"deporte\" \/>\n\t<link rel=\"canonical\" href=\"https:\/\/candas365.es\/noticias\/el-bayern-espera-con-ansias-partido-con-el-barca-por-la-champions\/\" \/>\n\t<meta name=\"generator\" content=\"All in One SEO Pro (AIOSEO) 4.9.6.2\" \/>\n\t\t<meta property=\"og:locale\" content=\"es_ES\" \/>\n\t\t<meta property=\"og:site_name\" content=\"Cand\u00e1s 365\" \/>\n\t\t<meta property=\"og:type\" content=\"article\" \/>\n\t\t<meta property=\"og:title\" content=\"El Bayern espera con ansias partido con el Bar\u00e7a por la Champions | Cand\u00e1s 365\" \/>\n\t\t<meta property=\"og:description\" content=\"M\u00fanich, 9 ago (dpa) - Luego de que el Bayern M\u00fanich eliminara al Chelsea de la Champions League, el jugador del equipo alem\u00e1n Thomas M\u00fcller manifest\u00f3 su alegr\u00eda ante el pr\u00f3ximo enfrentamiento con el Barcelona del argentino Lionel Messi. &quot;L\u00f3gicamente estamos entusiasmados con ese partido&quot;, dijo el vicecapit\u00e1n del Bayern tras pasar a cuartos de\" \/>\n\t\t<meta property=\"og:url\" content=\"https:\/\/candas365.es\/noticias\/el-bayern-espera-con-ansias-partido-con-el-barca-por-la-champions\/\" \/>\n\t\t<meta property=\"og:image\" content=\"https:\/\/candas365.es\/noticias\/wp-content\/uploads\/2020\/08\/Willy-Caballero.jpg\" \/>\n\t\t<meta property=\"og:image:secure_url\" content=\"https:\/\/candas365.es\/noticias\/wp-content\/uploads\/2020\/08\/Willy-Caballero.jpg\" \/>\n\t\t<meta property=\"og:image:width\" content=\"1067\" \/>\n\t\t<meta property=\"og:image:height\" content=\"666\" \/>\n\t\t<meta property=\"article:published_time\" content=\"2020-08-09T18:52:03+00:00\" \/>\n\t\t<meta property=\"article:modified_time\" content=\"2020-08-09T18:52:03+00:00\" \/>\n\t\t<meta property=\"article:publisher\" content=\"https:\/\/www.facebook.com\/Nachofdezber\" \/>\n\t\t<meta property=\"article:author\" content=\"https:\/\/www.facebook.com\/carrenoactualidad\" \/>\n\t\t<meta name=\"twitter:card\" content=\"summary_large_image\" \/>\n\t\t<meta name=\"twitter:site\" content=\"@NabercoDigital\" \/>\n\t\t<meta name=\"twitter:title\" content=\"El Bayern espera con ansias partido con el Bar\u00e7a por la Champions | Cand\u00e1s 365\" \/>\n\t\t<meta name=\"twitter:description\" content=\"M\u00fanich, 9 ago (dpa) - Luego de que el Bayern M\u00fanich eliminara al Chelsea de la Champions League, el jugador del equipo alem\u00e1n Thomas M\u00fcller manifest\u00f3 su alegr\u00eda ante el pr\u00f3ximo enfrentamiento con el Barcelona del argentino Lionel Messi. &quot;L\u00f3gicamente estamos entusiasmados con ese partido&quot;, dijo el vicecapit\u00e1n del Bayern tras pasar a cuartos de\" \/>\n\t\t<meta name=\"twitter:creator\" content=\"@nbasturias\" \/>\n\t\t<meta name=\"twitter:image\" content=\"https:\/\/candas365.es\/noticias\/wp-content\/uploads\/2020\/08\/Willy-Caballero.jpg\" \/>\n\t\t<meta name=\"twitter:label1\" content=\"Escrito por\" \/>\n\t\t<meta name=\"twitter:data1\" content=\"Cand\u00e1s 365\" \/>\n\t\t<meta name=\"twitter:label2\" content=\"Tiempo de lectura estimado\" \/>\n\t\t<meta name=\"twitter:data2\" content=\"4 minutos\" \/>\n\t\t<script type=\"application\/ld+json\" class=\"aioseo-schema\">\n\t\t\t{\"@context\":\"https:\\\/\\\/schema.org\",\"@graph\":[{\"@type\":\"BreadcrumbList\",\"@id\":\"https:\\\/\\\/candas365.es\\\/noticias\\\/el-bayern-espera-con-ansias-partido-con-el-barca-por-la-champions\\\/#breadcrumblist\",\"itemListElement\":[{\"@type\":\"ListItem\",\"@id\":\"https:\\\/\\\/candas365.es\\\/noticias#listItem\",\"position\":1,\"name\":\"Home\",\"item\":\"https:\\\/\\\/candas365.es\\\/noticias\",\"nextItem\":{\"@type\":\"ListItem\",\"@id\":\"https:\\\/\\\/candas365.es\\\/noticias\\\/category\\\/deporte\\\/#listItem\",\"name\":\"Deporte\"}},{\"@type\":\"ListItem\",\"@id\":\"https:\\\/\\\/candas365.es\\\/noticias\\\/category\\\/deporte\\\/#listItem\",\"position\":2,\"name\":\"Deporte\",\"item\":\"https:\\\/\\\/candas365.es\\\/noticias\\\/category\\\/deporte\\\/\",\"nextItem\":{\"@type\":\"ListItem\",\"@id\":\"https:\\\/\\\/candas365.es\\\/noticias\\\/el-bayern-espera-con-ansias-partido-con-el-barca-por-la-champions\\\/#listItem\",\"name\":\"El Bayern espera con ansias partido con el Bar\\u00e7a por la Champions\"},\"previousItem\":{\"@type\":\"ListItem\",\"@id\":\"https:\\\/\\\/candas365.es\\\/noticias#listItem\",\"name\":\"Home\"}},{\"@type\":\"ListItem\",\"@id\":\"https:\\\/\\\/candas365.es\\\/noticias\\\/el-bayern-espera-con-ansias-partido-con-el-barca-por-la-champions\\\/#listItem\",\"position\":3,\"name\":\"El Bayern espera con ansias partido con el Bar\\u00e7a por la Champions\",\"previousItem\":{\"@type\":\"ListItem\",\"@id\":\"https:\\\/\\\/candas365.es\\\/noticias\\\/category\\\/deporte\\\/#listItem\",\"name\":\"Deporte\"}}]},{\"@type\":\"NewsArticle\",\"@id\":\"https:\\\/\\\/candas365.es\\\/noticias\\\/el-bayern-espera-con-ansias-partido-con-el-barca-por-la-champions\\\/#newsarticle\",\"name\":\"El Bayern espera con ansias partido con el Bar\\u00e7a por la Champions | Cand\\u00e1s 365\",\"headline\":\"El Bayern espera con ansias partido con el Bar\\u00e7a por la Champions\",\"author\":{\"@id\":\"https:\\\/\\\/candas365.es\\\/noticias\\\/author\\\/admin\\\/#author\"},\"publisher\":{\"@id\":\"https:\\\/\\\/candas365.es\\\/noticias\\\/#organization\"},\"image\":{\"@type\":\"ImageObject\",\"url\":\"https:\\\/\\\/candas365.es\\\/noticias\\\/wp-content\\\/uploads\\\/2020\\\/08\\\/Willy-Caballero.jpg\",\"width\":1067,\"height\":666,\"caption\":\"Foto: Sven Hoppe\\\/dpa\"},\"datePublished\":\"2020-08-09T18:52:03+02:00\",\"dateModified\":\"2020-08-09T18:52:03+02:00\",\"inLanguage\":\"es-ES\",\"mainEntityOfPage\":{\"@id\":\"https:\\\/\\\/candas365.es\\\/noticias\\\/el-bayern-espera-con-ansias-partido-con-el-barca-por-la-champions\\\/#webpage\"},\"isPartOf\":{\"@id\":\"https:\\\/\\\/candas365.es\\\/noticias\\\/el-bayern-espera-con-ansias-partido-con-el-barca-por-la-champions\\\/#webpage\"},\"articleSection\":\"Deporte\",\"dateline\":\"Publicado el agosto 9, 2020.\"},{\"@type\":\"Organization\",\"@id\":\"https:\\\/\\\/candas365.es\\\/noticias\\\/#organization\",\"name\":\"Cand\\u00e1s 365\",\"description\":\"Cand\\u00e1s 365 es un diario digital independiente, fundado en 2012, con base en Asturias. Informamos con rigor sobre actualidad, sociedad, cultura y ocio, con una mirada local y global.\",\"url\":\"https:\\\/\\\/candas365.es\\\/noticias\\\/\",\"email\":\"info@candas365.es\",\"telephone\":\"+34652131393\",\"foundingDate\":\"2012-06-10\",\"logo\":{\"@type\":\"ImageObject\",\"url\":\"https:\\\/\\\/candas365.es\\\/noticias\\\/wp-content\\\/uploads\\\/2024\\\/09\\\/Candas-365-Redes.jpg\",\"@id\":\"https:\\\/\\\/candas365.es\\\/noticias\\\/el-bayern-espera-con-ansias-partido-con-el-barca-por-la-champions\\\/#organizationLogo\",\"width\":1152,\"height\":864,\"caption\":\"Cand\\u00e1s 365 Redes\"},\"image\":{\"@id\":\"https:\\\/\\\/candas365.es\\\/noticias\\\/el-bayern-espera-con-ansias-partido-con-el-barca-por-la-champions\\\/#organizationLogo\"},\"sameAs\":[\"https:\\\/\\\/www.facebook.com\\\/Nachofdezber\",\"https:\\\/\\\/x.com\\\/NabercoDigital\",\"https:\\\/\\\/www.instagram.com\\\/nachofdezber\\\/\",\"https:\\\/\\\/www.youtube.com\\\/channel\\\/UCZP-2wLEB9Rv6erhFmqVnvg\"],\"address\":{\"@id\":\"https:\\\/\\\/candas365.es\\\/noticias\\\/#postaladdress\",\"@type\":\"PostalAddress\",\"streetAddress\":\"san antonio 4, san antonio 4\",\"postalCode\":\"33430\",\"addressLocality\":\"Cand\\u00e1s\",\"addressRegion\":\"Asturias\",\"addressCountry\":\"ES\"}},{\"@type\":\"Person\",\"@id\":\"https:\\\/\\\/candas365.es\\\/noticias\\\/author\\\/admin\\\/#author\",\"url\":\"https:\\\/\\\/candas365.es\\\/noticias\\\/author\\\/admin\\\/\",\"name\":\"Cand\\u00e1s 365\",\"image\":{\"@type\":\"ImageObject\",\"@id\":\"https:\\\/\\\/candas365.es\\\/noticias\\\/el-bayern-espera-con-ansias-partido-con-el-barca-por-la-champions\\\/#authorImage\",\"url\":\"https:\\\/\\\/secure.gravatar.com\\\/avatar\\\/496a8e03d0c493ede1718b7934145dbdf8d89be1036b0eec9544e1094c9de390?s=96&d=mm&r=g\",\"width\":96,\"height\":96,\"caption\":\"Cand\\u00e1s 365\"},\"sameAs\":[\"https:\\\/\\\/www.facebook.com\\\/carrenoactualidad\",\"https:\\\/\\\/twitter.com\\\/nbasturias\",\"https:\\\/\\\/www.instagram.com\\\/nachofdezber\\\/\",\"https:\\\/\\\/www.youtube.com\\\/channel\\\/UCZP-2wLEB9Rv6erhFmqVnvg\"]},{\"@type\":\"WebPage\",\"@id\":\"https:\\\/\\\/candas365.es\\\/noticias\\\/el-bayern-espera-con-ansias-partido-con-el-barca-por-la-champions\\\/#webpage\",\"url\":\"https:\\\/\\\/candas365.es\\\/noticias\\\/el-bayern-espera-con-ansias-partido-con-el-barca-por-la-champions\\\/\",\"name\":\"El Bayern espera con ansias partido con el Bar\\u00e7a por la Champions | Cand\\u00e1s 365\",\"description\":\"M\\u00fanich, 9 ago (dpa) - Luego de que el Bayern M\\u00fanich eliminara al Chelsea de la Champions League, el jugador del equipo alem\\u00e1n Thomas M\\u00fcller manifest\\u00f3 su alegr\\u00eda ante el pr\\u00f3ximo enfrentamiento con el Barcelona del argentino Lionel Messi. \\\"L\\u00f3gicamente estamos entusiasmados con ese partido\\\", dijo el vicecapit\\u00e1n del Bayern tras pasar a cuartos de\",\"inLanguage\":\"es-ES\",\"isPartOf\":{\"@id\":\"https:\\\/\\\/candas365.es\\\/noticias\\\/#website\"},\"breadcrumb\":{\"@id\":\"https:\\\/\\\/candas365.es\\\/noticias\\\/el-bayern-espera-con-ansias-partido-con-el-barca-por-la-champions\\\/#breadcrumblist\"},\"author\":{\"@id\":\"https:\\\/\\\/candas365.es\\\/noticias\\\/author\\\/admin\\\/#author\"},\"creator\":{\"@id\":\"https:\\\/\\\/candas365.es\\\/noticias\\\/author\\\/admin\\\/#author\"},\"image\":{\"@type\":\"ImageObject\",\"url\":\"https:\\\/\\\/candas365.es\\\/noticias\\\/wp-content\\\/uploads\\\/2020\\\/08\\\/Willy-Caballero.jpg\",\"@id\":\"https:\\\/\\\/candas365.es\\\/noticias\\\/el-bayern-espera-con-ansias-partido-con-el-barca-por-la-champions\\\/#mainImage\",\"width\":1067,\"height\":666,\"caption\":\"Foto: Sven Hoppe\\\/dpa\"},\"primaryImageOfPage\":{\"@id\":\"https:\\\/\\\/candas365.es\\\/noticias\\\/el-bayern-espera-con-ansias-partido-con-el-barca-por-la-champions\\\/#mainImage\"},\"datePublished\":\"2020-08-09T18:52:03+02:00\",\"dateModified\":\"2020-08-09T18:52:03+02:00\"},{\"@type\":\"WebSite\",\"@id\":\"https:\\\/\\\/candas365.es\\\/noticias\\\/#website\",\"url\":\"https:\\\/\\\/candas365.es\\\/noticias\\\/\",\"name\":\"Cand\\u00e1s 365\",\"alternateName\":\"Cand\\u00e1s 365 Noticias\",\"description\":\"Actualidad desde Carre\\u00f1o para el mundo\",\"inLanguage\":\"es-ES\",\"publisher\":{\"@id\":\"https:\\\/\\\/candas365.es\\\/noticias\\\/#organization\"}}]}\n\t\t<\/script>\n\t\t<!-- All in One SEO Pro -->\r\n\t\t<title>El Bayern espera con ansias partido con el Bar\u00e7a por la Champions | Cand\u00e1s 365<\/title>\n\n","aioseo_head_json":{"title":"El Bayern espera con ansias partido con el Bar\u00e7a por la Champions | Cand\u00e1s 365","description":"M\u00fanich, 9 ago (dpa) - Luego de que el Bayern M\u00fanich eliminara al Chelsea de la Champions League, el jugador del equipo alem\u00e1n Thomas M\u00fcller manifest\u00f3 su alegr\u00eda ante el pr\u00f3ximo enfrentamiento con el Barcelona del argentino Lionel Messi. \"L\u00f3gicamente estamos entusiasmados con ese partido\", dijo el vicecapit\u00e1n del Bayern tras pasar a cuartos de","canonical_url":"https:\/\/candas365.es\/noticias\/el-bayern-espera-con-ansias-partido-con-el-barca-por-la-champions\/","robots":"max-image-preview:large","keywords":"deporte","webmasterTools":{"google-site-verification":"UA-32230408-1","msvalidate.01":"354F3CDFB2DA171B47FBE9ABF1F88D5","miscellaneous":""},"schema":{"@context":"https:\/\/schema.org","@graph":[{"@type":"BreadcrumbList","@id":"https:\/\/candas365.es\/noticias\/el-bayern-espera-con-ansias-partido-con-el-barca-por-la-champions\/#breadcrumblist","itemListElement":[{"@type":"ListItem","@id":"https:\/\/candas365.es\/noticias#listItem","position":1,"name":"Home","item":"https:\/\/candas365.es\/noticias","nextItem":{"@type":"ListItem","@id":"https:\/\/candas365.es\/noticias\/category\/deporte\/#listItem","name":"Deporte"}},{"@type":"ListItem","@id":"https:\/\/candas365.es\/noticias\/category\/deporte\/#listItem","position":2,"name":"Deporte","item":"https:\/\/candas365.es\/noticias\/category\/deporte\/","nextItem":{"@type":"ListItem","@id":"https:\/\/candas365.es\/noticias\/el-bayern-espera-con-ansias-partido-con-el-barca-por-la-champions\/#listItem","name":"El Bayern espera con ansias partido con el Bar\u00e7a por la Champions"},"previousItem":{"@type":"ListItem","@id":"https:\/\/candas365.es\/noticias#listItem","name":"Home"}},{"@type":"ListItem","@id":"https:\/\/candas365.es\/noticias\/el-bayern-espera-con-ansias-partido-con-el-barca-por-la-champions\/#listItem","position":3,"name":"El Bayern espera con ansias partido con el Bar\u00e7a por la Champions","previousItem":{"@type":"ListItem","@id":"https:\/\/candas365.es\/noticias\/category\/deporte\/#listItem","name":"Deporte"}}]},{"@type":"NewsArticle","@id":"https:\/\/candas365.es\/noticias\/el-bayern-espera-con-ansias-partido-con-el-barca-por-la-champions\/#newsarticle","name":"El Bayern espera con ansias partido con el Bar\u00e7a por la Champions | Cand\u00e1s 365","headline":"El Bayern espera con ansias partido con el Bar\u00e7a por la Champions","author":{"@id":"https:\/\/candas365.es\/noticias\/author\/admin\/#author"},"publisher":{"@id":"https:\/\/candas365.es\/noticias\/#organization"},"image":{"@type":"ImageObject","url":"https:\/\/candas365.es\/noticias\/wp-content\/uploads\/2020\/08\/Willy-Caballero.jpg","width":1067,"height":666,"caption":"Foto: Sven Hoppe\/dpa"},"datePublished":"2020-08-09T18:52:03+02:00","dateModified":"2020-08-09T18:52:03+02:00","inLanguage":"es-ES","mainEntityOfPage":{"@id":"https:\/\/candas365.es\/noticias\/el-bayern-espera-con-ansias-partido-con-el-barca-por-la-champions\/#webpage"},"isPartOf":{"@id":"https:\/\/candas365.es\/noticias\/el-bayern-espera-con-ansias-partido-con-el-barca-por-la-champions\/#webpage"},"articleSection":"Deporte","dateline":"Publicado el agosto 9, 2020."},{"@type":"Organization","@id":"https:\/\/candas365.es\/noticias\/#organization","name":"Cand\u00e1s 365","description":"Cand\u00e1s 365 es un diario digital independiente, fundado en 2012, con base en Asturias. Informamos con rigor sobre actualidad, sociedad, cultura y ocio, con una mirada local y global.","url":"https:\/\/candas365.es\/noticias\/","email":"info@candas365.es","telephone":"+34652131393","foundingDate":"2012-06-10","logo":{"@type":"ImageObject","url":"https:\/\/candas365.es\/noticias\/wp-content\/uploads\/2024\/09\/Candas-365-Redes.jpg","@id":"https:\/\/candas365.es\/noticias\/el-bayern-espera-con-ansias-partido-con-el-barca-por-la-champions\/#organizationLogo","width":1152,"height":864,"caption":"Cand\u00e1s 365 Redes"},"image":{"@id":"https:\/\/candas365.es\/noticias\/el-bayern-espera-con-ansias-partido-con-el-barca-por-la-champions\/#organizationLogo"},"sameAs":["https:\/\/www.facebook.com\/Nachofdezber","https:\/\/x.com\/NabercoDigital","https:\/\/www.instagram.com\/nachofdezber\/","https:\/\/www.youtube.com\/channel\/UCZP-2wLEB9Rv6erhFmqVnvg"],"address":{"@id":"https:\/\/candas365.es\/noticias\/#postaladdress","@type":"PostalAddress","streetAddress":"san antonio 4, san antonio 4","postalCode":"33430","addressLocality":"Cand\u00e1s","addressRegion":"Asturias","addressCountry":"ES"}},{"@type":"Person","@id":"https:\/\/candas365.es\/noticias\/author\/admin\/#author","url":"https:\/\/candas365.es\/noticias\/author\/admin\/","name":"Cand\u00e1s 365","image":{"@type":"ImageObject","@id":"https:\/\/candas365.es\/noticias\/el-bayern-espera-con-ansias-partido-con-el-barca-por-la-champions\/#authorImage","url":"https:\/\/secure.gravatar.com\/avatar\/496a8e03d0c493ede1718b7934145dbdf8d89be1036b0eec9544e1094c9de390?s=96&d=mm&r=g","width":96,"height":96,"caption":"Cand\u00e1s 365"},"sameAs":["https:\/\/www.facebook.com\/carrenoactualidad","https:\/\/twitter.com\/nbasturias","https:\/\/www.instagram.com\/nachofdezber\/","https:\/\/www.youtube.com\/channel\/UCZP-2wLEB9Rv6erhFmqVnvg"]},{"@type":"WebPage","@id":"https:\/\/candas365.es\/noticias\/el-bayern-espera-con-ansias-partido-con-el-barca-por-la-champions\/#webpage","url":"https:\/\/candas365.es\/noticias\/el-bayern-espera-con-ansias-partido-con-el-barca-por-la-champions\/","name":"El Bayern espera con ansias partido con el Bar\u00e7a por la Champions | Cand\u00e1s 365","description":"M\u00fanich, 9 ago (dpa) - Luego de que el Bayern M\u00fanich eliminara al Chelsea de la Champions League, el jugador del equipo alem\u00e1n Thomas M\u00fcller manifest\u00f3 su alegr\u00eda ante el pr\u00f3ximo enfrentamiento con el Barcelona del argentino Lionel Messi. \"L\u00f3gicamente estamos entusiasmados con ese partido\", dijo el vicecapit\u00e1n del Bayern tras pasar a cuartos de","inLanguage":"es-ES","isPartOf":{"@id":"https:\/\/candas365.es\/noticias\/#website"},"breadcrumb":{"@id":"https:\/\/candas365.es\/noticias\/el-bayern-espera-con-ansias-partido-con-el-barca-por-la-champions\/#breadcrumblist"},"author":{"@id":"https:\/\/candas365.es\/noticias\/author\/admin\/#author"},"creator":{"@id":"https:\/\/candas365.es\/noticias\/author\/admin\/#author"},"image":{"@type":"ImageObject","url":"https:\/\/candas365.es\/noticias\/wp-content\/uploads\/2020\/08\/Willy-Caballero.jpg","@id":"https:\/\/candas365.es\/noticias\/el-bayern-espera-con-ansias-partido-con-el-barca-por-la-champions\/#mainImage","width":1067,"height":666,"caption":"Foto: Sven Hoppe\/dpa"},"primaryImageOfPage":{"@id":"https:\/\/candas365.es\/noticias\/el-bayern-espera-con-ansias-partido-con-el-barca-por-la-champions\/#mainImage"},"datePublished":"2020-08-09T18:52:03+02:00","dateModified":"2020-08-09T18:52:03+02:00"},{"@type":"WebSite","@id":"https:\/\/candas365.es\/noticias\/#website","url":"https:\/\/candas365.es\/noticias\/","name":"Cand\u00e1s 365","alternateName":"Cand\u00e1s 365 Noticias","description":"Actualidad desde Carre\u00f1o para el mundo","inLanguage":"es-ES","publisher":{"@id":"https:\/\/candas365.es\/noticias\/#organization"}}]},"og:locale":"es_ES","og:site_name":"Cand\u00e1s 365","og:type":"article","og:title":"El Bayern espera con ansias partido con el Bar\u00e7a por la Champions | Cand\u00e1s 365","og:description":"M\u00fanich, 9 ago (dpa) - Luego de que el Bayern M\u00fanich eliminara al Chelsea de la Champions League, el jugador del equipo alem\u00e1n Thomas M\u00fcller manifest\u00f3 su alegr\u00eda ante el pr\u00f3ximo enfrentamiento con el Barcelona del argentino Lionel Messi. &quot;L\u00f3gicamente estamos entusiasmados con ese partido&quot;, dijo el vicecapit\u00e1n del Bayern tras pasar a cuartos de","og:url":"https:\/\/candas365.es\/noticias\/el-bayern-espera-con-ansias-partido-con-el-barca-por-la-champions\/","og:image":"https:\/\/candas365.es\/noticias\/wp-content\/uploads\/2020\/08\/Willy-Caballero.jpg","og:image:secure_url":"https:\/\/candas365.es\/noticias\/wp-content\/uploads\/2020\/08\/Willy-Caballero.jpg","og:image:width":1067,"og:image:height":666,"article:published_time":"2020-08-09T18:52:03+00:00","article:modified_time":"2020-08-09T18:52:03+00:00","article:publisher":"https:\/\/www.facebook.com\/Nachofdezber","article:author":"https:\/\/www.facebook.com\/carrenoactualidad","twitter:card":"summary_large_image","twitter:site":"@NabercoDigital","twitter:title":"El Bayern espera con ansias partido con el Bar\u00e7a por la Champions | Cand\u00e1s 365","twitter:description":"M\u00fanich, 9 ago (dpa) - Luego de que el Bayern M\u00fanich eliminara al Chelsea de la Champions League, el jugador del equipo alem\u00e1n Thomas M\u00fcller manifest\u00f3 su alegr\u00eda ante el pr\u00f3ximo enfrentamiento con el Barcelona del argentino Lionel Messi. &quot;L\u00f3gicamente estamos entusiasmados con ese partido&quot;, dijo el vicecapit\u00e1n del Bayern tras pasar a cuartos de","twitter:creator":"@nbasturias","twitter:image":"https:\/\/candas365.es\/noticias\/wp-content\/uploads\/2020\/08\/Willy-Caballero.jpg","twitter:label1":"Escrito por","twitter:data1":"Cand\u00e1s 365","twitter:label2":"Tiempo de lectura estimado","twitter:data2":"4 minutos"},"aioseo_meta_data":{"post_id":"145667","title":null,"description":"","keywords":"","keyphrases":null,"primary_term":null,"canonical_url":"","og_title":null,"og_description":null,"og_object_type":"default","og_image_type":"default","og_image_url":null,"og_image_width":null,"og_image_height":null,"og_image_custom_url":null,"og_image_custom_fields":null,"og_video":null,"og_custom_url":null,"og_article_section":null,"og_article_tags":null,"twitter_use_og":false,"twitter_card":"default","twitter_image_type":"default","twitter_image_url":null,"twitter_image_custom_url":null,"twitter_image_custom_fields":null,"twitter_title":null,"twitter_description":null,"schema":{"blockGraphs":[],"customGraphs":[],"default":{"data":{"Article":[],"Course":[],"Dataset":[],"FAQPage":[],"Movie":[],"Person":[],"Product":[],"ProductReview":[],"Car":[],"Recipe":[],"Service":[],"SoftwareApplication":[],"WebPage":[]},"graphName":"","isEnabled":true},"graphs":[]},"schema_type":null,"schema_type_options":null,"pillar_content":false,"robots_default":true,"robots_noindex":false,"robots_noarchive":false,"robots_nosnippet":false,"robots_nofollow":false,"robots_noimageindex":false,"robots_noodp":false,"robots_notranslate":false,"robots_max_snippet":null,"robots_max_videopreview":null,"robots_max_imagepreview":"large","priority":null,"frequency":null,"location":null,"local_seo":null,"seo_analyzer_scan_date":"2025-08-31 09:46:11","breadcrumb_settings":null,"limit_modified_date":false,"reviewed_by":null,"open_ai":null,"ai":null,"created":"2020-12-21 10:40:16","updated":"2025-08-31 09:46:11"},"aioseo_breadcrumb":"<div class=\"aioseo-breadcrumbs\"><span class=\"aioseo-breadcrumb\">\n\t<a href=\"https:\/\/candas365.es\/noticias\" title=\"Home\">Home<\/a>\n<\/span><span class=\"aioseo-breadcrumb-separator\">&ndash;<\/span><span class=\"aioseo-breadcrumb\">\n\t<a href=\"https:\/\/candas365.es\/noticias\/category\/deporte\/\" title=\"Deporte\">Deporte<\/a>\n<\/span><span class=\"aioseo-breadcrumb-separator\">&ndash;<\/span><span class=\"aioseo-breadcrumb\">\n\tEl Bayern espera con ansias partido con el Bar\u00e7a por la Champions\n<\/span><\/div>","aioseo_breadcrumb_json":[{"label":"Home","link":"https:\/\/candas365.es\/noticias"},{"label":"Deporte","link":"https:\/\/candas365.es\/noticias\/category\/deporte\/"},{"label":"El Bayern espera con ansias partido con el Bar\u00e7a por la Champions","link":"https:\/\/candas365.es\/noticias\/el-bayern-espera-con-ansias-partido-con-el-barca-por-la-champions\/"}],"_links":{"self":[{"href":"https:\/\/candas365.es\/noticias\/wp-json\/wp\/v2\/posts\/145667","targetHints":{"allow":["GET"]}}],"collection":[{"href":"https:\/\/candas365.es\/noticias\/wp-json\/wp\/v2\/posts"}],"about":[{"href":"https:\/\/candas365.es\/noticias\/wp-json\/wp\/v2\/types\/post"}],"author":[{"embeddable":true,"href":"https:\/\/candas365.es\/noticias\/wp-json\/wp\/v2\/users\/1"}],"replies":[{"embeddable":true,"href":"https:\/\/candas365.es\/noticias\/wp-json\/wp\/v2\/comments?post=145667"}],"version-history":[{"count":0,"href":"https:\/\/candas365.es\/noticias\/wp-json\/wp\/v2\/posts\/145667\/revisions"}],"wp:featuredmedia":[{"embeddable":true,"href":"https:\/\/candas365.es\/noticias\/wp-json\/wp\/v2\/media\/145668"}],"wp:attachment":[{"href":"https:\/\/candas365.es\/noticias\/wp-json\/wp\/v2\/media?parent=145667"}],"wp:term":[{"taxonomy":"category","embeddable":true,"href":"https:\/\/candas365.es\/noticias\/wp-json\/wp\/v2\/categories?post=145667"},{"taxonomy":"post_tag","embeddable":true,"href":"https:\/\/candas365.es\/noticias\/wp-json\/wp\/v2\/tags?post=145667"}],"curies":[{"name":"wp","href":"https:\/\/api.w.org\/{rel}","templated":true}]}}